{"id":7234,"date":"2020-10-20T07:44:12","date_gmt":"2020-10-20T05:44:12","guid":{"rendered":"https:\/\/www.organisator.ch\/?p=7234"},"modified":"2020-10-20T07:44:12","modified_gmt":"2020-10-20T05:44:12","slug":"fuehrungskraefte-fuerchten-dass-wertvolle-mitarbeiter-verloren-gehen","status":"publish","type":"post","link":"https:\/\/www.organisator.ch\/fr\/human-resources\/hrm\/2020-10-20\/fuehrungskraefte-fuerchten-dass-wertvolle-mitarbeiter-verloren-gehen\/","title":{"rendered":"Les cadres craignent de perdre des collaborateurs pr\u00e9cieux"},"content":{"rendered":"<figure id=\"attachment_7235\" aria-describedby=\"caption-attachment-7235\" style=\"width: 680px\" class=\"wp-caption alignnone\"><img loading=\"lazy\" decoding=\"async\" class=\"size-medium wp-image-7235\" src=\"https:\/\/www.organisator.ch\/wp-content\/uploads\/2020\/10\/Fuehrungskraefte-fuerchten-dass-wertvolle-Mitarbeiter-verloren-gehen_Organisator.jpg\" alt=\"\" width=\"680\" height=\"511\" srcset=\"https:\/\/www.organisator.ch\/wp-content\/uploads\/2020\/10\/Fuehrungskraefte-fuerchten-dass-wertvolle-Mitarbeiter-verloren-gehen_Organisator.jpg 680w, https:\/\/www.organisator.ch\/wp-content\/uploads\/2020\/10\/Fuehrungskraefte-fuerchten-dass-wertvolle-Mitarbeiter-verloren-gehen_Organisator-16x12.jpg 16w, https:\/\/www.organisator.ch\/wp-content\/uploads\/2020\/10\/Fuehrungskraefte-fuerchten-dass-wertvolle-Mitarbeiter-verloren-gehen_Organisator-233x175.jpg 233w, https:\/\/www.organisator.ch\/wp-content\/uploads\/2020\/10\/Fuehrungskraefte-fuerchten-dass-wertvolle-Mitarbeiter-verloren-gehen_Organisator-466x350.jpg 466w, https:\/\/www.organisator.ch\/wp-content\/uploads\/2020\/10\/Fuehrungskraefte-fuerchten-dass-wertvolle-Mitarbeiter-verloren-gehen_Organisator-300x225.jpg 300w\" sizes=\"auto, (max-width: 680px) 100vw, 680px\" \/><figcaption id=\"caption-attachment-7235\" class=\"wp-caption-text\">Les collaborateurs de valeur sont-ils de plus en plus nombreux \u00e0 partir parce qu'on \u00e9conomise sur les avantages et le d\u00e9veloppement de carri\u00e8re en raison de la crise de Corona ? (Image : Pixabay.com)<\/figcaption><\/figure>\n<p>Avec la crise de la Corona, les entreprises s'inqui\u00e8tent de plus en plus de perdre des collaborateurs poss\u00e9dant des comp\u00e9tences cl\u00e9s pr\u00e9cieuses. 86 % des cadres du monde entier s'inqui\u00e8tent de ne pas pouvoir retenir \u00e0 long terme des collaborateurs qualifi\u00e9s et pr\u00e9cieux. Pour plus d'un tiers des employeurs inquiets (36 %), les r\u00e9centes r\u00e9ductions de salaire ou du moins l'absence de perspective d'augmentation prochaine en sont la cause. C'est ce que r\u00e9v\u00e8le la derni\u00e8re \u00e9tude sur le march\u00e9 de l'emploi r\u00e9alis\u00e9e par le prestataire de services en ressources humaines Robert Half.<\/p>\n<h2><strong>Salaires stables pour la plupart, mais les primes suppl\u00e9mentaires diminuent<\/strong><\/h2>\n<p>\"L'incertitude est grande sur le march\u00e9 du travail. Pourtant, il y a aussi de bonnes nouvelles\", d\u00e9clare Zerrin Azeri, Associate Director chez Robert Half. \"Les salaires restent largement stables malgr\u00e9 Corona. De nombreuses entreprises ont en outre introduit de nouveaux avantages destin\u00e9s \u00e0 soutenir leurs employ\u00e9s, principalement dans le cadre du travail \u00e0 distance\".<\/p>\n<p>Selon la nouvelle <a href=\"https:\/\/u7061146.ct.sendgrid.net\/ls\/click?upn=4tNED-2FM8iDZJQyQ53jATURF-2BeyawLRZfSBUQQY1L39Z8roKlwWTleMm087PySNR7xaJI_cGe9W5K-2FCqFb2N07halzpMHUUfPBCEQpnPtMccoXAU149YFoXzNQr1JSyM49unTnbE3vdHZn-2BHA-2Fjo8HNeWW6eH052Yl8LKciJEXAaTJr-2FAdl0f6dUk3nkdbfmLPO7CJYx3HAu0qn2DdCLKU1NsxTjJ0r7Qjjz5rYBls1P8VjD-2FTdpgUI75Sv-2BVit0-2FFfECYPBcQnMD-2FE6W-2FFk38q-2F3PPoQb7pMxdujrbHnEYJstI21HrvEBWWvVF0-2FKxO1W19I1IpEAELArzwl8uOiOPcnOg0lIijpCl9WR6hXdIHm2UNDDvX41zNtCk1CrYHxuK1kvUsLRe02b4RRu0U-2BkeyVgOGpLRycWvMl-2BFsJ-2FGWmRz6I-3D\">Tableau des salaires 2021<\/a> du service de l'emploi pour la Suisse, aucun changement ne sera apport\u00e9 au salaire cette ann\u00e9e. Malgr\u00e9 la crise \u00e9conomique, des primes seront vers\u00e9es cette ann\u00e9e encore. Selon l'\u00e9tude, pour une personne sur deux (52 %), il n'y aura pas de changement dans les paiements suppl\u00e9mentaires. 38 % des personnes interrog\u00e9es annoncent toutefois que les bonus vers\u00e9s en 2020 seront inf\u00e9rieurs \u00e0 ceux de l'ann\u00e9e pr\u00e9c\u00e9dente.<\/p>\n<h2><strong>Les collaborateurs de valeur doivent \u00eatre conserv\u00e9s gr\u00e2ce \u00e0 des prestations suppl\u00e9mentaires<\/strong><\/h2>\n<p>Ces mesures d'\u00e9conomie induites par la pand\u00e9mie inqui\u00e8tent autant les employeurs que les employ\u00e9s. Pr\u00e8s de la moiti\u00e9 (41 %) des entreprises interrog\u00e9es craignent que les employ\u00e9s occupant des postes cl\u00e9s soient d\u00e9bauch\u00e9s par d'autres entreprises. \"Les collaborateurs sont le capital le plus pr\u00e9cieux des entreprises suisses, aussi bien pour faire face \u00e0 la crise \u00e0 court terme que pour assurer la croissance \u00e0 long terme de l'entreprise\", souligne Azeri. \"De nombreux travailleurs ont atteint leurs limites pendant la pand\u00e9mie en raison des heures suppl\u00e9mentaires et de la prise de plus de responsabilit\u00e9s. Ils en ont pris conscience au cours des derniers mois, si bien qu'ils commencent \u00e0 reconsid\u00e9rer leurs priorit\u00e9s de carri\u00e8re personnelles\".<\/p>\n<p>De nombreuses entreprises r\u00e9agissent d\u00e9j\u00e0 \u00e0 cette \u00e9volution en proposant des avantages suppl\u00e9mentaires depuis le d\u00e9but de la crise de la Corona. Il s'agit notamment de subventions pour l'\u00e9quipement de bureau, d'un soutien dans le domaine de la sant\u00e9 mentale, de cong\u00e9s suppl\u00e9mentaires ou d'un soutien dans le domaine de la garde d'enfants externe.<\/p>\n<h2><strong>Le travail \u00e0 distance a un impact sur le niveau de salaire<\/strong><\/h2>\n<p>Le t\u00e9l\u00e9travail et le travail \u00e0 domicile ont \u00e9galement un impact sur le niveau de salaire. Comme de plus en plus de salari\u00e9s travaillent \u00e0 domicile, leur lieu de travail influence de plus en plus le niveau de salaire. Selon l'\u00e9tude du march\u00e9 de l'emploi de Robert Half, le salaire de d\u00e9part s'oriente en premier lieu vers le lieu o\u00f9 se trouve le nouveau collaborateur (32 %) et, pour 28 %, vers celui de l'entreprise. Pour 37 % des personnes interrog\u00e9es, il s'agit d'un m\u00e9lange des deux lieux. Ce ph\u00e9nom\u00e8ne est \u00e9galement visible en Suisse.<\/p>\n<p>\"Malgr\u00e9 les pertes d'emplois actuelles, les entreprises suisses continueront \u00e0 embaucher en 2021, car les effets ne se font pas sentir de la m\u00eame mani\u00e8re dans tous les secteurs. Il existe une forte demande de nouveaux talents, surtout dans les domaines de la finance, de l'informatique et de la bureautique\", explique Azeri. \"Il reste difficile pour de nombreuses entreprises de trouver les collaborateurs ad\u00e9quats dont elles ont besoin pour soutenir leurs sp\u00e9cialistes commerciaux. Il s'agit notamment de collaborateurs dans le domaine de la comptabilit\u00e9, d'analystes informatiques ou de repr\u00e9sentants du service client\u00e8le. Les professionnels poss\u00e9dant des comp\u00e9tences tr\u00e8s demand\u00e9es savent que vous avez encore de bonnes chances sur le march\u00e9 du travail. Les employeurs doivent donc continuer \u00e0 proposer des salaires et des avantages comp\u00e9titifs. Ce n'est qu'ainsi qu'ils pourront fid\u00e9liser les meilleurs candidats et continuer \u00e0 les trouver \u00e0 l'avenir\".<\/p>\n<p>\"En outre, on observe un net d\u00e9placement des soft skills. L'agilit\u00e9, la cr\u00e9ativit\u00e9 et la communication ont gagn\u00e9 en importance, car elles d\u00e9montrent la r\u00e9sistance et la flexibilit\u00e9 des collaborateurs. Ces comp\u00e9tences sont particuli\u00e8rement pr\u00e9cieuses en ces temps de d\u00e9fis\", poursuit Azeri.<\/p>\n<p><em>Source et informations compl\u00e9mentaires : <a href=\"http:\/\/www.roberthalf.ch\">Robert Half<\/a><\/em><\/p>\n<p>&nbsp;<\/p>","protected":false},"excerpt":{"rendered":"<p>Durch die Coronakrise sorgen sich Unternehmen vermehrt davor, Mitarbeiter mit wertvollen Schl\u00fcsselqualifikationen zu verlieren. 86 % der F\u00fchrungskr\u00e4fte weltweit sind besorgt, qualifizierte und wertvolle Mitarbeiter nicht langfristig binden zu k\u00f6nnen. F\u00fcr mehr als ein Drittel der besorgten Arbeitgeber (36 %) sind j\u00fcngste Gehaltsk\u00fcrzungen oder zumindest die fehlende Aussicht auf eine baldige Gehaltserh\u00f6hung die Ursache. Dies [&hellip;]<\/p>\n","protected":false},"author":4,"featured_media":7235,"comment_status":"closed","ping_status":"closed","sticky":false,"template":"","format":"standard","meta":{"_acf_changed":false,"_yoast_wpseo_focuskw":"wertvolle Mitarbeiter","_yoast_wpseo_metadesc":"Seit Beginn der Coronakrise steigt die Sorge von F\u00fchrungskr\u00e4ften, hoch qualifizierte und damit wertvolle Mitarbeiter nicht ans Unternehmen binden zu k\u00f6nnen.","articlekey":"","footnotes":""},"categories":[26],"tags":[47,51,254,294],"class_list":["post-7234","post","type-post","status-publish","format-standard","has-post-thumbnail","hentry","category-hrm","tag-arbeitsmarkt","tag-arbeitsplatzgestaltung","tag-hrm","tag-karriere"],"acf":[],"yoast_head":"<!-- This site is optimized with the Yoast SEO plugin v27.4 - https:\/\/yoast.com\/product\/yoast-seo-wordpress\/ -->\n<title>F\u00fchrungskr\u00e4fte f\u00fcrchten, dass wertvolle Mitarbeiter verloren gehen - Organisator<\/title>\n<meta name=\"description\" content=\"Seit Beginn der Coronakrise steigt die Sorge von F\u00fchrungskr\u00e4ften, hoch qualifizierte und damit wertvolle Mitarbeiter nicht ans Unternehmen binden zu k\u00f6nnen.\" \/>\n<meta name=\"robots\" content=\"index, follow, max-snippet:-1, max-image-preview:large, max-video-preview:-1\" \/>\n<link rel=\"canonical\" href=\"https:\/\/www.organisator.ch\/fr\/ressources-humaines\/hrm\/2020-10-20\/fuehrungskraefte-fuerchten-dass-wertvolle-mitarbeiter-verloren-gehen\/\" \/>\n<meta property=\"og:locale\" content=\"fr_FR\" \/>\n<meta property=\"og:type\" content=\"article\" \/>\n<meta property=\"og:title\" content=\"F\u00fchrungskr\u00e4fte f\u00fcrchten, dass wertvolle Mitarbeiter verloren gehen\" \/>\n<meta property=\"og:description\" content=\"Seit Beginn der Coronakrise steigt die Sorge von F\u00fchrungskr\u00e4ften, hoch qualifizierte und damit wertvolle Mitarbeiter nicht ans Unternehmen binden zu k\u00f6nnen.\" \/>\n<meta property=\"og:url\" content=\"https:\/\/www.organisator.ch\/fr\/ressources-humaines\/hrm\/2020-10-20\/fuehrungskraefte-fuerchten-dass-wertvolle-mitarbeiter-verloren-gehen\/\" \/>\n<meta property=\"og:site_name\" content=\"Organisator\" \/>\n<meta property=\"article:publisher\" content=\"https:\/\/www.facebook.com\/OrganisatorFachmagazin\" \/>\n<meta property=\"article:published_time\" content=\"2020-10-20T05:44:12+00:00\" \/>\n<meta property=\"og:image\" content=\"https:\/\/www.organisator.ch\/wp-content\/uploads\/2020\/10\/Fuehrungskraefte-fuerchten-dass-wertvolle-Mitarbeiter-verloren-gehen_Organisator.jpg\" \/>\n\t<meta property=\"og:image:width\" content=\"680\" \/>\n\t<meta property=\"og:image:height\" content=\"511\" \/>\n\t<meta property=\"og:image:type\" content=\"image\/jpeg\" \/>\n<meta name=\"author\" content=\"thomas.berner\" \/>\n<meta name=\"twitter:card\" content=\"summary_large_image\" \/>\n<meta name=\"twitter:title\" content=\"#F\u00fchrungskr\u00e4fte f\u00fcrchten, dass wertvolle #Mitarbeiter verloren gehen\" \/>\n<meta name=\"twitter:description\" content=\"Seit Beginn der #Coronakrise steigt die Sorge von #F\u00fchrungskr\u00e4ften, hoch qualifizierte und damit wertvolle #Mitarbeiter nicht ans Unternehmen binden zu k\u00f6nnen.\" \/>\n<meta name=\"twitter:image\" content=\"https:\/\/www.organisator.ch\/wp-content\/uploads\/2020\/10\/Fuehrungskraefte-fuerchten-dass-wertvolle-Mitarbeiter-verloren-gehen_Organisator.jpg\" \/>\n<script type=\"application\/ld+json\" class=\"yoast-schema-graph\">{\"@context\":\"https:\\\/\\\/schema.org\",\"@graph\":[{\"@type\":\"Article\",\"@id\":\"https:\\\/\\\/www.organisator.ch\\\/human-resources\\\/hrm\\\/2020-10-20\\\/fuehrungskraefte-fuerchten-dass-wertvolle-mitarbeiter-verloren-gehen\\\/#article\",\"isPartOf\":{\"@id\":\"https:\\\/\\\/www.organisator.ch\\\/human-resources\\\/hrm\\\/2020-10-20\\\/fuehrungskraefte-fuerchten-dass-wertvolle-mitarbeiter-verloren-gehen\\\/\"},\"author\":{\"name\":\"thomas.berner\",\"@id\":\"https:\\\/\\\/www.organisator.ch\\\/#\\\/schema\\\/person\\\/6f650f90b2842cd4c0cc334b4e36f67e\"},\"headline\":\"F\u00fchrungskr\u00e4fte f\u00fcrchten, dass wertvolle Mitarbeiter verloren gehen\",\"datePublished\":\"2020-10-20T05:44:12+00:00\",\"mainEntityOfPage\":{\"@id\":\"https:\\\/\\\/www.organisator.ch\\\/human-resources\\\/hrm\\\/2020-10-20\\\/fuehrungskraefte-fuerchten-dass-wertvolle-mitarbeiter-verloren-gehen\\\/\"},\"wordCount\":611,\"publisher\":{\"@id\":\"https:\\\/\\\/www.organisator.ch\\\/#organization\"},\"image\":{\"@id\":\"https:\\\/\\\/www.organisator.ch\\\/human-resources\\\/hrm\\\/2020-10-20\\\/fuehrungskraefte-fuerchten-dass-wertvolle-mitarbeiter-verloren-gehen\\\/#primaryimage\"},\"thumbnailUrl\":\"https:\\\/\\\/www.organisator.ch\\\/wp-content\\\/uploads\\\/2020\\\/10\\\/Fuehrungskraefte-fuerchten-dass-wertvolle-Mitarbeiter-verloren-gehen_Organisator.jpg\",\"keywords\":[\"Arbeitsmarkt\",\"Arbeitsplatzgestaltung\",\"HRM\",\"Karriere\"],\"articleSection\":[\"HRM\"],\"inLanguage\":\"fr-FR\"},{\"@type\":\"WebPage\",\"@id\":\"https:\\\/\\\/www.organisator.ch\\\/human-resources\\\/hrm\\\/2020-10-20\\\/fuehrungskraefte-fuerchten-dass-wertvolle-mitarbeiter-verloren-gehen\\\/\",\"url\":\"https:\\\/\\\/www.organisator.ch\\\/human-resources\\\/hrm\\\/2020-10-20\\\/fuehrungskraefte-fuerchten-dass-wertvolle-mitarbeiter-verloren-gehen\\\/\",\"name\":\"F\u00fchrungskr\u00e4fte f\u00fcrchten, dass wertvolle Mitarbeiter verloren gehen - Organisator\",\"isPartOf\":{\"@id\":\"https:\\\/\\\/www.organisator.ch\\\/#website\"},\"primaryImageOfPage\":{\"@id\":\"https:\\\/\\\/www.organisator.ch\\\/human-resources\\\/hrm\\\/2020-10-20\\\/fuehrungskraefte-fuerchten-dass-wertvolle-mitarbeiter-verloren-gehen\\\/#primaryimage\"},\"image\":{\"@id\":\"https:\\\/\\\/www.organisator.ch\\\/human-resources\\\/hrm\\\/2020-10-20\\\/fuehrungskraefte-fuerchten-dass-wertvolle-mitarbeiter-verloren-gehen\\\/#primaryimage\"},\"thumbnailUrl\":\"https:\\\/\\\/www.organisator.ch\\\/wp-content\\\/uploads\\\/2020\\\/10\\\/Fuehrungskraefte-fuerchten-dass-wertvolle-Mitarbeiter-verloren-gehen_Organisator.jpg\",\"datePublished\":\"2020-10-20T05:44:12+00:00\",\"description\":\"Seit Beginn der Coronakrise steigt die Sorge von F\u00fchrungskr\u00e4ften, hoch qualifizierte und damit wertvolle Mitarbeiter nicht ans Unternehmen binden zu k\u00f6nnen.\",\"breadcrumb\":{\"@id\":\"https:\\\/\\\/www.organisator.ch\\\/human-resources\\\/hrm\\\/2020-10-20\\\/fuehrungskraefte-fuerchten-dass-wertvolle-mitarbeiter-verloren-gehen\\\/#breadcrumb\"},\"inLanguage\":\"fr-FR\",\"potentialAction\":[{\"@type\":\"ReadAction\",\"target\":[\"https:\\\/\\\/www.organisator.ch\\\/human-resources\\\/hrm\\\/2020-10-20\\\/fuehrungskraefte-fuerchten-dass-wertvolle-mitarbeiter-verloren-gehen\\\/\"]}]},{\"@type\":\"ImageObject\",\"inLanguage\":\"fr-FR\",\"@id\":\"https:\\\/\\\/www.organisator.ch\\\/human-resources\\\/hrm\\\/2020-10-20\\\/fuehrungskraefte-fuerchten-dass-wertvolle-mitarbeiter-verloren-gehen\\\/#primaryimage\",\"url\":\"https:\\\/\\\/www.organisator.ch\\\/wp-content\\\/uploads\\\/2020\\\/10\\\/Fuehrungskraefte-fuerchten-dass-wertvolle-Mitarbeiter-verloren-gehen_Organisator.jpg\",\"contentUrl\":\"https:\\\/\\\/www.organisator.ch\\\/wp-content\\\/uploads\\\/2020\\\/10\\\/Fuehrungskraefte-fuerchten-dass-wertvolle-Mitarbeiter-verloren-gehen_Organisator.jpg\",\"width\":680,\"height\":511,\"caption\":\"Springen wertvolle Mitarbeiter nun vermehrt ab, weil wegen der Coronakrise bei Benefits und Karriereentwicklung gespart wird? (Bild: Pixabay.com)\"},{\"@type\":\"BreadcrumbList\",\"@id\":\"https:\\\/\\\/www.organisator.ch\\\/human-resources\\\/hrm\\\/2020-10-20\\\/fuehrungskraefte-fuerchten-dass-wertvolle-mitarbeiter-verloren-gehen\\\/#breadcrumb\",\"itemListElement\":[{\"@type\":\"ListItem\",\"position\":1,\"name\":\"Home\",\"item\":\"https:\\\/\\\/www.organisator.ch\\\/\"},{\"@type\":\"ListItem\",\"position\":2,\"name\":\"F\u00fchrungskr\u00e4fte f\u00fcrchten, dass wertvolle Mitarbeiter verloren gehen\"}]},{\"@type\":\"WebSite\",\"@id\":\"https:\\\/\\\/www.organisator.ch\\\/#website\",\"url\":\"https:\\\/\\\/www.organisator.ch\\\/\",\"name\":\"Organisator\",\"description\":\"Kompetent. Praxisnah. Der ORGANISATOR bereitet in 10 Ausgaben pro Jahr die wesentlichen Themen f\u00fcr F\u00fchrungskr\u00e4fte von KMU auf.\",\"publisher\":{\"@id\":\"https:\\\/\\\/www.organisator.ch\\\/#organization\"},\"potentialAction\":[{\"@type\":\"SearchAction\",\"target\":{\"@type\":\"EntryPoint\",\"urlTemplate\":\"https:\\\/\\\/www.organisator.ch\\\/?s={search_term_string}\"},\"query-input\":{\"@type\":\"PropertyValueSpecification\",\"valueRequired\":true,\"valueName\":\"search_term_string\"}}],\"inLanguage\":\"fr-FR\"},{\"@type\":\"Organization\",\"@id\":\"https:\\\/\\\/www.organisator.ch\\\/#organization\",\"name\":\"Organisator\",\"url\":\"https:\\\/\\\/www.organisator.ch\\\/\",\"logo\":{\"@type\":\"ImageObject\",\"inLanguage\":\"fr-FR\",\"@id\":\"https:\\\/\\\/www.organisator.ch\\\/#\\\/schema\\\/logo\\\/image\\\/\",\"url\":\"https:\\\/\\\/www.organisator.ch\\\/wp-content\\\/uploads\\\/2022\\\/01\\\/Logo_Organisator_Website.png\",\"contentUrl\":\"https:\\\/\\\/www.organisator.ch\\\/wp-content\\\/uploads\\\/2022\\\/01\\\/Logo_Organisator_Website.png\",\"width\":800,\"height\":77,\"caption\":\"Organisator\"},\"image\":{\"@id\":\"https:\\\/\\\/www.organisator.ch\\\/#\\\/schema\\\/logo\\\/image\\\/\"},\"sameAs\":[\"https:\\\/\\\/www.facebook.com\\\/OrganisatorFachmagazin\",\"https:\\\/\\\/www.linkedin.com\\\/showcase\\\/organisator-das-magazin-fr-kmu\",\"https:\\\/\\\/www.xing.com\\\/news\\\/pages\\\/organisator-ch-695\",\"https:\\\/\\\/www.youtube.com\\\/channel\\\/UCGP2Sq0iWaZwT3BdIAQFYpw\"]},{\"@type\":\"Person\",\"@id\":\"https:\\\/\\\/www.organisator.ch\\\/#\\\/schema\\\/person\\\/6f650f90b2842cd4c0cc334b4e36f67e\",\"name\":\"thomas.berner\",\"image\":{\"@type\":\"ImageObject\",\"inLanguage\":\"fr-FR\",\"@id\":\"https:\\\/\\\/secure.gravatar.com\\\/avatar\\\/ac5001d2a36cb6c6cd3e50789007ffca834b477b74a2144564522e944eabff61?s=96&d=mm&r=g\",\"url\":\"https:\\\/\\\/secure.gravatar.com\\\/avatar\\\/ac5001d2a36cb6c6cd3e50789007ffca834b477b74a2144564522e944eabff61?s=96&d=mm&r=g\",\"contentUrl\":\"https:\\\/\\\/secure.gravatar.com\\\/avatar\\\/ac5001d2a36cb6c6cd3e50789007ffca834b477b74a2144564522e944eabff61?s=96&d=mm&r=g\",\"caption\":\"thomas.berner\"},\"url\":\"https:\\\/\\\/www.organisator.ch\\\/fr\\\/author\\\/thomas-berner\\\/\"}]}<\/script>\n<!-- \/ Yoast SEO plugin. -->","yoast_head_json":{"title":"Les cadres craignent de perdre des collaborateurs pr\u00e9cieux - Organisateur","description":"Depuis le d\u00e9but de la crise de la Corona, les cadres s'inqui\u00e8tent de ne pas pouvoir fid\u00e9liser des collaborateurs hautement qualifi\u00e9s et donc pr\u00e9cieux.","robots":{"index":"index","follow":"follow","max-snippet":"max-snippet:-1","max-image-preview":"max-image-preview:large","max-video-preview":"max-video-preview:-1"},"canonical":"https:\/\/www.organisator.ch\/fr\/ressources-humaines\/hrm\/2020-10-20\/fuehrungskraefte-fuerchten-dass-wertvolle-mitarbeiter-verloren-gehen\/","og_locale":"fr_FR","og_type":"article","og_title":"F\u00fchrungskr\u00e4fte f\u00fcrchten, dass wertvolle Mitarbeiter verloren gehen","og_description":"Seit Beginn der Coronakrise steigt die Sorge von F\u00fchrungskr\u00e4ften, hoch qualifizierte und damit wertvolle Mitarbeiter nicht ans Unternehmen binden zu k\u00f6nnen.","og_url":"https:\/\/www.organisator.ch\/fr\/ressources-humaines\/hrm\/2020-10-20\/fuehrungskraefte-fuerchten-dass-wertvolle-mitarbeiter-verloren-gehen\/","og_site_name":"Organisator","article_publisher":"https:\/\/www.facebook.com\/OrganisatorFachmagazin","article_published_time":"2020-10-20T05:44:12+00:00","og_image":[{"width":680,"height":511,"url":"https:\/\/www.organisator.ch\/wp-content\/uploads\/2020\/10\/Fuehrungskraefte-fuerchten-dass-wertvolle-Mitarbeiter-verloren-gehen_Organisator.jpg","type":"image\/jpeg"}],"author":"thomas.berner","twitter_card":"summary_large_image","twitter_title":"#F\u00fchrungskr\u00e4fte f\u00fcrchten, dass wertvolle #Mitarbeiter verloren gehen","twitter_description":"Seit Beginn der #Coronakrise steigt die Sorge von #F\u00fchrungskr\u00e4ften, hoch qualifizierte und damit wertvolle #Mitarbeiter nicht ans Unternehmen binden zu k\u00f6nnen.","twitter_image":"https:\/\/www.organisator.ch\/wp-content\/uploads\/2020\/10\/Fuehrungskraefte-fuerchten-dass-wertvolle-Mitarbeiter-verloren-gehen_Organisator.jpg","schema":{"@context":"https:\/\/schema.org","@graph":[{"@type":"Article","@id":"https:\/\/www.organisator.ch\/human-resources\/hrm\/2020-10-20\/fuehrungskraefte-fuerchten-dass-wertvolle-mitarbeiter-verloren-gehen\/#article","isPartOf":{"@id":"https:\/\/www.organisator.ch\/human-resources\/hrm\/2020-10-20\/fuehrungskraefte-fuerchten-dass-wertvolle-mitarbeiter-verloren-gehen\/"},"author":{"name":"thomas.berner","@id":"https:\/\/www.organisator.ch\/#\/schema\/person\/6f650f90b2842cd4c0cc334b4e36f67e"},"headline":"F\u00fchrungskr\u00e4fte f\u00fcrchten, dass wertvolle Mitarbeiter verloren gehen","datePublished":"2020-10-20T05:44:12+00:00","mainEntityOfPage":{"@id":"https:\/\/www.organisator.ch\/human-resources\/hrm\/2020-10-20\/fuehrungskraefte-fuerchten-dass-wertvolle-mitarbeiter-verloren-gehen\/"},"wordCount":611,"publisher":{"@id":"https:\/\/www.organisator.ch\/#organization"},"image":{"@id":"https:\/\/www.organisator.ch\/human-resources\/hrm\/2020-10-20\/fuehrungskraefte-fuerchten-dass-wertvolle-mitarbeiter-verloren-gehen\/#primaryimage"},"thumbnailUrl":"https:\/\/www.organisator.ch\/wp-content\/uploads\/2020\/10\/Fuehrungskraefte-fuerchten-dass-wertvolle-Mitarbeiter-verloren-gehen_Organisator.jpg","keywords":["Arbeitsmarkt","Arbeitsplatzgestaltung","HRM","Karriere"],"articleSection":["HRM"],"inLanguage":"fr-FR"},{"@type":"WebPage","@id":"https:\/\/www.organisator.ch\/human-resources\/hrm\/2020-10-20\/fuehrungskraefte-fuerchten-dass-wertvolle-mitarbeiter-verloren-gehen\/","url":"https:\/\/www.organisator.ch\/human-resources\/hrm\/2020-10-20\/fuehrungskraefte-fuerchten-dass-wertvolle-mitarbeiter-verloren-gehen\/","name":"Les cadres craignent de perdre des collaborateurs pr\u00e9cieux - Organisateur","isPartOf":{"@id":"https:\/\/www.organisator.ch\/#website"},"primaryImageOfPage":{"@id":"https:\/\/www.organisator.ch\/human-resources\/hrm\/2020-10-20\/fuehrungskraefte-fuerchten-dass-wertvolle-mitarbeiter-verloren-gehen\/#primaryimage"},"image":{"@id":"https:\/\/www.organisator.ch\/human-resources\/hrm\/2020-10-20\/fuehrungskraefte-fuerchten-dass-wertvolle-mitarbeiter-verloren-gehen\/#primaryimage"},"thumbnailUrl":"https:\/\/www.organisator.ch\/wp-content\/uploads\/2020\/10\/Fuehrungskraefte-fuerchten-dass-wertvolle-Mitarbeiter-verloren-gehen_Organisator.jpg","datePublished":"2020-10-20T05:44:12+00:00","description":"Depuis le d\u00e9but de la crise de la Corona, les cadres s'inqui\u00e8tent de ne pas pouvoir fid\u00e9liser des collaborateurs hautement qualifi\u00e9s et donc pr\u00e9cieux.","breadcrumb":{"@id":"https:\/\/www.organisator.ch\/human-resources\/hrm\/2020-10-20\/fuehrungskraefte-fuerchten-dass-wertvolle-mitarbeiter-verloren-gehen\/#breadcrumb"},"inLanguage":"fr-FR","potentialAction":[{"@type":"ReadAction","target":["https:\/\/www.organisator.ch\/human-resources\/hrm\/2020-10-20\/fuehrungskraefte-fuerchten-dass-wertvolle-mitarbeiter-verloren-gehen\/"]}]},{"@type":"ImageObject","inLanguage":"fr-FR","@id":"https:\/\/www.organisator.ch\/human-resources\/hrm\/2020-10-20\/fuehrungskraefte-fuerchten-dass-wertvolle-mitarbeiter-verloren-gehen\/#primaryimage","url":"https:\/\/www.organisator.ch\/wp-content\/uploads\/2020\/10\/Fuehrungskraefte-fuerchten-dass-wertvolle-Mitarbeiter-verloren-gehen_Organisator.jpg","contentUrl":"https:\/\/www.organisator.ch\/wp-content\/uploads\/2020\/10\/Fuehrungskraefte-fuerchten-dass-wertvolle-Mitarbeiter-verloren-gehen_Organisator.jpg","width":680,"height":511,"caption":"Springen wertvolle Mitarbeiter nun vermehrt ab, weil wegen der Coronakrise bei Benefits und Karriereentwicklung gespart wird? (Bild: Pixabay.com)"},{"@type":"BreadcrumbList","@id":"https:\/\/www.organisator.ch\/human-resources\/hrm\/2020-10-20\/fuehrungskraefte-fuerchten-dass-wertvolle-mitarbeiter-verloren-gehen\/#breadcrumb","itemListElement":[{"@type":"ListItem","position":1,"name":"Home","item":"https:\/\/www.organisator.ch\/"},{"@type":"ListItem","position":2,"name":"F\u00fchrungskr\u00e4fte f\u00fcrchten, dass wertvolle Mitarbeiter verloren gehen"}]},{"@type":"WebSite","@id":"https:\/\/www.organisator.ch\/#website","url":"https:\/\/www.organisator.ch\/","name":"Organisateur","description":"Comp\u00e9tence et comp\u00e9tence. Proches de la pratique. L'ORGANISATEUR pr\u00e9pare 10 num\u00e9ros par an sur les th\u00e8mes essentiels pour les dirigeants de PME.","publisher":{"@id":"https:\/\/www.organisator.ch\/#organization"},"potentialAction":[{"@type":"SearchAction","target":{"@type":"EntryPoint","urlTemplate":"https:\/\/www.organisator.ch\/?s={search_term_string}"},"query-input":{"@type":"PropertyValueSpecification","valueRequired":true,"valueName":"search_term_string"}}],"inLanguage":"fr-FR"},{"@type":"Organization","@id":"https:\/\/www.organisator.ch\/#organization","name":"Organisateur","url":"https:\/\/www.organisator.ch\/","logo":{"@type":"ImageObject","inLanguage":"fr-FR","@id":"https:\/\/www.organisator.ch\/#\/schema\/logo\/image\/","url":"https:\/\/www.organisator.ch\/wp-content\/uploads\/2022\/01\/Logo_Organisator_Website.png","contentUrl":"https:\/\/www.organisator.ch\/wp-content\/uploads\/2022\/01\/Logo_Organisator_Website.png","width":800,"height":77,"caption":"Organisator"},"image":{"@id":"https:\/\/www.organisator.ch\/#\/schema\/logo\/image\/"},"sameAs":["https:\/\/www.facebook.com\/OrganisatorFachmagazin","https:\/\/www.linkedin.com\/showcase\/organisator-das-magazin-fr-kmu","https:\/\/www.xing.com\/news\/pages\/organisator-ch-695","https:\/\/www.youtube.com\/channel\/UCGP2Sq0iWaZwT3BdIAQFYpw"]},{"@type":"Person","@id":"https:\/\/www.organisator.ch\/#\/schema\/person\/6f650f90b2842cd4c0cc334b4e36f67e","name":"thomas.berner","image":{"@type":"ImageObject","inLanguage":"fr-FR","@id":"https:\/\/secure.gravatar.com\/avatar\/ac5001d2a36cb6c6cd3e50789007ffca834b477b74a2144564522e944eabff61?s=96&d=mm&r=g","url":"https:\/\/secure.gravatar.com\/avatar\/ac5001d2a36cb6c6cd3e50789007ffca834b477b74a2144564522e944eabff61?s=96&d=mm&r=g","contentUrl":"https:\/\/secure.gravatar.com\/avatar\/ac5001d2a36cb6c6cd3e50789007ffca834b477b74a2144564522e944eabff61?s=96&d=mm&r=g","caption":"thomas.berner"},"url":"https:\/\/www.organisator.ch\/fr\/author\/thomas-berner\/"}]}},"_links":{"self":[{"href":"https:\/\/www.organisator.ch\/fr\/wp-json\/wp\/v2\/posts\/7234","targetHints":{"allow":["GET"]}}],"collection":[{"href":"https:\/\/www.organisator.ch\/fr\/wp-json\/wp\/v2\/posts"}],"about":[{"href":"https:\/\/www.organisator.ch\/fr\/wp-json\/wp\/v2\/types\/post"}],"author":[{"embeddable":true,"href":"https:\/\/www.organisator.ch\/fr\/wp-json\/wp\/v2\/users\/4"}],"replies":[{"embeddable":true,"href":"https:\/\/www.organisator.ch\/fr\/wp-json\/wp\/v2\/comments?post=7234"}],"version-history":[{"count":0,"href":"https:\/\/www.organisator.ch\/fr\/wp-json\/wp\/v2\/posts\/7234\/revisions"}],"wp:featuredmedia":[{"embeddable":true,"href":"https:\/\/www.organisator.ch\/fr\/wp-json\/wp\/v2\/media\/7235"}],"wp:attachment":[{"href":"https:\/\/www.organisator.ch\/fr\/wp-json\/wp\/v2\/media?parent=7234"}],"wp:term":[{"taxonomy":"category","embeddable":true,"href":"https:\/\/www.organisator.ch\/fr\/wp-json\/wp\/v2\/categories?post=7234"},{"taxonomy":"post_tag","embeddable":true,"href":"https:\/\/www.organisator.ch\/fr\/wp-json\/wp\/v2\/tags?post=7234"}],"curies":[{"name":"wp","href":"https:\/\/api.w.org\/{rel}","templated":true}]}}