{"id":7237,"date":"2020-10-21T13:31:55","date_gmt":"2020-10-21T11:31:55","guid":{"rendered":"https:\/\/www.organisator.ch\/?p=7237"},"modified":"2020-10-21T13:31:55","modified_gmt":"2020-10-21T11:31:55","slug":"digital-workspace-wie-werden-wir-in-15-jahren-arbeiten","status":"publish","type":"post","link":"https:\/\/www.organisator.ch\/fr\/management\/2020-10-21\/digital-workspace-wie-werden-wir-in-15-jahren-arbeiten\/","title":{"rendered":"Digital Workspace : comment travaillerons-nous dans 15 ans ?"},"content":{"rendered":"<figure id=\"attachment_7238\" aria-describedby=\"caption-attachment-7238\" style=\"width: 680px\" class=\"wp-caption alignnone\"><img loading=\"lazy\" decoding=\"async\" class=\"size-medium wp-image-7238\" src=\"https:\/\/www.organisator.ch\/wp-content\/uploads\/2020\/10\/Digital-Workspace-Wie-werden-wir-in-15-Jahren-arbeiten_Organisator.jpg\" alt=\"\" width=\"680\" height=\"454\" srcset=\"https:\/\/www.organisator.ch\/wp-content\/uploads\/2020\/10\/Digital-Workspace-Wie-werden-wir-in-15-Jahren-arbeiten_Organisator.jpg 680w, https:\/\/www.organisator.ch\/wp-content\/uploads\/2020\/10\/Digital-Workspace-Wie-werden-wir-in-15-Jahren-arbeiten_Organisator-16x12.jpg 16w, https:\/\/www.organisator.ch\/wp-content\/uploads\/2020\/10\/Digital-Workspace-Wie-werden-wir-in-15-Jahren-arbeiten_Organisator-262x175.jpg 262w, https:\/\/www.organisator.ch\/wp-content\/uploads\/2020\/10\/Digital-Workspace-Wie-werden-wir-in-15-Jahren-arbeiten_Organisator-524x350.jpg 524w, https:\/\/www.organisator.ch\/wp-content\/uploads\/2020\/10\/Digital-Workspace-Wie-werden-wir-in-15-Jahren-arbeiten_Organisator-300x200.jpg 300w\" sizes=\"auto, (max-width: 680px) 100vw, 680px\" \/><figcaption id=\"caption-attachment-7238\" class=\"wp-caption-text\">Est-ce \u00e0 cela que ressemble l'espace de travail num\u00e9rique ? Une \u00e9tude pr\u00e9dit que dans 15 ans, nous utiliserons beaucoup plus l'IA sur nos lieux de travail. (Image : Pixabay.com)<\/figcaption><\/figure>\n<p>L'entreprise Citrix, sp\u00e9cialis\u00e9e dans les solutions pour l'espace de travail num\u00e9rique, a men\u00e9 une vaste enqu\u00eate sur l'avenir du travail. <a href=\"https:\/\/www.citrix.com\/fieldwork\/employee-experience\/new-ways-of-working-2035.html\">\u00c9tudes<\/a> qui s'est d\u00e9roul\u00e9e sur une ann\u00e9e. Pour ce faire, l'entreprise a collabor\u00e9 avec la soci\u00e9t\u00e9 de conseil Oxford Analytica et les chercheurs en \u00e9conomie de Coleman Parkes. Plus de 500 cadres et 1.000 employ\u00e9s de grandes et moyennes entreprises aux \u00c9tats-Unis, en Grande-Bretagne, en Allemagne, en France et aux Pays-Bas ont \u00e9t\u00e9 interrog\u00e9s sur leurs strat\u00e9gies actuelles et futures en mati\u00e8re de personnel ainsi que sur leurs mod\u00e8les de travail. Les auteurs de l'\u00e9tude en ont d\u00e9duit les quatre tendances suivantes pour l'ann\u00e9e 2035 :<\/p>\n<h2>Assistance par des robots et l'IA - le Digital Workspace<\/h2>\n<p>Les robots jouent depuis longtemps un r\u00f4le important dans l'\u00e9conomie, ils assemblent par exemple des pi\u00e8ces dans l'industrie automobile - plus rapidement et plus efficacement qu'un \u00eatre humain ne pourrait jamais le faire. Toutefois, ils suivent un processus bien pr\u00e9cis. C'est l'homme qui d\u00e9cide en amont de la mani\u00e8re dont cela doit se d\u00e9rouler et le robot est programm\u00e9 en cons\u00e9quence. Cela pourrait changer \u00e0 l'avenir : Gr\u00e2ce \u00e0 l'intelligence artificielle, les robots ou les assistants num\u00e9riques seront en mesure d'assister les hommes dans la prise de d\u00e9cision. 77 % des personnes interrog\u00e9es par Citrix pensent que l'IA soutiendra les processus d\u00e9cisionnels dans 15 ans et entra\u00eenera ainsi une augmentation de la productivit\u00e9. 83% pensent en outre que d'ici 2035, les t\u00e2ches simples mais longues pourront \u00eatre enti\u00e8rement automatis\u00e9es. Pour 79% des participants \u00e0 l'enqu\u00eate, il s'agit l\u00e0 d'une condition importante pour permettre aux collaborateurs de se d\u00e9velopper davantage.<\/p>\n<h2>\u00c9mergence de nouveaux profils professionnels<\/h2>\n<p>Dans le cadre de la transformation num\u00e9rique et surtout en ce qui concerne l'IA, la crainte de voir des pertes d'emploi \u00e0 grande \u00e9chelle est largement r\u00e9pandue. On oublie souvent que toute \u00e9volution technique g\u00e9n\u00e8re \u00e9galement de nouveaux emplois. Selon les estimations des personnes interrog\u00e9es dans le cadre de l'\u00e9tude, les nouveaux m\u00e9tiers suivants appara\u00eetront au cours de la transformation num\u00e9rique :<\/p>\n<ul>\n<li>Formateurs en robotique\/IA (82% des cadres\/ 44% des employ\u00e9s)<\/li>\n<li>Responsables de la r\u00e9alit\u00e9 virtuelle (79% des cadres\/ 36% des employ\u00e9s)<\/li>\n<li>Scientifique de donn\u00e9es avanc\u00e9 (76% des cadres\/ 35% des employ\u00e9s)<\/li>\n<li>Gestionnaires de la vie priv\u00e9e et de la confiance (68% des cadres\/30% des employ\u00e9s)<\/li>\n<li>Design thinkers (56% des cadres\/ 27% des employ\u00e9s)<\/li>\n<\/ul>\n<h2>Flexibilisation du travail<\/h2>\n<p>L'automatisation toujours plus pouss\u00e9e des processus de production permet de r\u00e9duire le travail manuel des hommes. Les collaborateurs qui n'ont besoin que d'un ordinateur portable pour effectuer leur travail peuvent en principe le faire partout o\u00f9 ils disposent d'une connexion Internet. Les entreprises qui reconnaissent cela et organisent leur culture de travail en cons\u00e9quence peuvent avoir acc\u00e8s \u00e0 un pool de talents beaucoup plus important. De nouveaux mod\u00e8les de travail plus flexibles deviennent ainsi possibles : 67 % des personnes interrog\u00e9es pensent qu'un mod\u00e8le dit de \"plate-forme\" s'imposera, dans lequel les collaborateurs et les entreprises collaborent de mani\u00e8re flexible et en fonction des projets. L'intelligence artificielle pourrait \u00e9galement jouer un r\u00f4le important dans le travail distribu\u00e9. Des assistants intelligents pourraient par exemple veiller \u00e0 mieux coordonner les r\u00e9unions avec des participants de diff\u00e9rents fuseaux horaires et m\u00eame \u00e0 les adapter au biorythme de chacun.<\/p>\n<h2>Augmentation de la productivit\u00e9 et de la croissance gr\u00e2ce \u00e0 l'IA<\/h2>\n<p>51 % des cadres interrog\u00e9s pensent que les nouvelles technologies rendront les collaborateurs au moins deux fois plus productifs qu'auparavant. Selon les personnes interrog\u00e9es, l'IA jouera un r\u00f4le d\u00e9cisif dans ce domaine. Les assistants personnels pourraient aider les collaborateurs au quotidien en apprenant d'abord les habitudes et les processus, puis en prenant en charge eux-m\u00eames les t\u00e2ches r\u00e9p\u00e9titives. L'IA pourrait en outre jeter un regard \"critique\" sur la charge de travail des collaborateurs et les avertir \u00e0 temps, par exemple d\u00e8s les premiers signes de burnout. Mais l'IA peut contribuer au succ\u00e8s de l'entreprise non seulement indirectement, par l'augmentation de la productivit\u00e9 des collaborateurs, mais aussi directement, par sa propre cr\u00e9ation de valeur. 90% des cadres interrog\u00e9s pensent m\u00eame que les investissements dans les technologies d'IA seront \u00e0 l'avenir les principaux responsables de la croissance des entreprises.<\/p>\n<p><em>Source : <a href=\"http:\/\/www.citrix.com\">Citrix<\/a><\/em><\/p>\n<p>&nbsp;<\/p>","protected":false},"excerpt":{"rendered":"<p>Das auf L\u00f6sungen f\u00fcr den Digital Workspace spezialisierte Unternehmen Citrix f\u00fchrte zur Zukunft der Arbeit umfassende Studien durch, die sich \u00fcber ein Jahr erstreckten. Daf\u00fcr arbeitete das Unternehmen mit dem Beratungsunternehmen Oxford Analytica und den Wirtschaftsforschern bei Coleman Parkes zusammen. Dabei wurden \u00fcber 500 F\u00fchrungskr\u00e4fte und 1.000 Mitarbeiter in gro\u00dfen und mittelst\u00e4ndischen Unternehmen in den [&hellip;]<\/p>\n","protected":false},"author":4,"featured_media":7238,"comment_status":"closed","ping_status":"closed","sticky":false,"template":"","format":"standard","meta":{"_acf_changed":false,"_yoast_wpseo_focuskw":"Digital Workspace","_yoast_wpseo_metadesc":"Die Digital-Workspace-Experten von Citrix haben in Zusammenarbeit mit Beratungsunternehmen die Zukunft der Arbeit untersucht. 4 Trends wurden identifiziert.","articlekey":"","footnotes":""},"categories":[28],"tags":[51,156,286,459],"class_list":["post-7237","post","type-post","status-publish","format-standard","has-post-thumbnail","hentry","category-management","tag-arbeitsplatzgestaltung","tag-digitalisierung","tag-it","tag-studie"],"acf":[],"yoast_head":"<!-- This site is optimized with the Yoast SEO plugin v27.4 - https:\/\/yoast.com\/product\/yoast-seo-wordpress\/ -->\n<title>Digital Workspace: Wie werden wir in 15 Jahren arbeiten? - Organisator<\/title>\n<meta name=\"description\" content=\"Die Digital-Workspace-Experten von Citrix haben in Zusammenarbeit mit Beratungsunternehmen die Zukunft der Arbeit untersucht. 4 Trends wurden identifiziert.\" \/>\n<meta name=\"robots\" content=\"index, follow, max-snippet:-1, max-image-preview:large, max-video-preview:-1\" \/>\n<link rel=\"canonical\" href=\"https:\/\/www.organisator.ch\/fr\/gestion-2\/2020-10-21\/digital-workspace-wie-werden-wir-in-15-jahren-arbeiten\/\" \/>\n<meta property=\"og:locale\" content=\"fr_FR\" \/>\n<meta property=\"og:type\" content=\"article\" \/>\n<meta property=\"og:title\" content=\"Digital Workspace: Wie werden wir in 15 Jahren arbeiten?\" \/>\n<meta property=\"og:description\" content=\"Die Digital-Workspace-Experten von Citrix haben in Zusammenarbeit mit Beratungsunternehmen die Zukunft der Arbeit untersucht. 4 Trends wurden identifiziert.\" \/>\n<meta property=\"og:url\" content=\"https:\/\/www.organisator.ch\/fr\/gestion-2\/2020-10-21\/digital-workspace-wie-werden-wir-in-15-jahren-arbeiten\/\" \/>\n<meta property=\"og:site_name\" content=\"Organisator\" \/>\n<meta property=\"article:publisher\" content=\"https:\/\/www.facebook.com\/OrganisatorFachmagazin\" \/>\n<meta property=\"article:published_time\" content=\"2020-10-21T11:31:55+00:00\" \/>\n<meta property=\"og:image\" content=\"https:\/\/www.organisator.ch\/wp-content\/uploads\/2020\/10\/Digital-Workspace-Wie-werden-wir-in-15-Jahren-arbeiten_Organisator.jpg\" \/>\n\t<meta property=\"og:image:width\" content=\"680\" \/>\n\t<meta property=\"og:image:height\" content=\"454\" \/>\n\t<meta property=\"og:image:type\" content=\"image\/jpeg\" \/>\n<meta name=\"author\" content=\"thomas.berner\" \/>\n<meta name=\"twitter:card\" content=\"summary_large_image\" \/>\n<meta name=\"twitter:title\" content=\"Digital #Workspace: Wie werden wir in 15 Jahren arbeiten?\" \/>\n<meta name=\"twitter:description\" content=\"Die #Digital-Workspace-Experten von #Citrix haben in Zusammenarbeit mit Beratungsunternehmen die Zukunft der Arbeit untersucht. 4 Trends wurden identifiziert.\" \/>\n<meta name=\"twitter:image\" content=\"https:\/\/www.organisator.ch\/wp-content\/uploads\/2020\/10\/Digital-Workspace-Wie-werden-wir-in-15-Jahren-arbeiten_Organisator.jpg\" \/>\n<script type=\"application\/ld+json\" class=\"yoast-schema-graph\">{\"@context\":\"https:\\\/\\\/schema.org\",\"@graph\":[{\"@type\":\"Article\",\"@id\":\"https:\\\/\\\/www.organisator.ch\\\/management\\\/2020-10-21\\\/digital-workspace-wie-werden-wir-in-15-jahren-arbeiten\\\/#article\",\"isPartOf\":{\"@id\":\"https:\\\/\\\/www.organisator.ch\\\/management\\\/2020-10-21\\\/digital-workspace-wie-werden-wir-in-15-jahren-arbeiten\\\/\"},\"author\":{\"name\":\"thomas.berner\",\"@id\":\"https:\\\/\\\/www.organisator.ch\\\/#\\\/schema\\\/person\\\/6f650f90b2842cd4c0cc334b4e36f67e\"},\"headline\":\"Digital Workspace: Wie werden wir in 15 Jahren arbeiten?\",\"datePublished\":\"2020-10-21T11:31:55+00:00\",\"mainEntityOfPage\":{\"@id\":\"https:\\\/\\\/www.organisator.ch\\\/management\\\/2020-10-21\\\/digital-workspace-wie-werden-wir-in-15-jahren-arbeiten\\\/\"},\"wordCount\":658,\"publisher\":{\"@id\":\"https:\\\/\\\/www.organisator.ch\\\/#organization\"},\"image\":{\"@id\":\"https:\\\/\\\/www.organisator.ch\\\/management\\\/2020-10-21\\\/digital-workspace-wie-werden-wir-in-15-jahren-arbeiten\\\/#primaryimage\"},\"thumbnailUrl\":\"https:\\\/\\\/www.organisator.ch\\\/wp-content\\\/uploads\\\/2020\\\/10\\\/Digital-Workspace-Wie-werden-wir-in-15-Jahren-arbeiten_Organisator.jpg\",\"keywords\":[\"Arbeitsplatzgestaltung\",\"Digitalisierung\",\"IT\",\"Studie\"],\"articleSection\":[\"MANAGEMENT\"],\"inLanguage\":\"fr-FR\"},{\"@type\":\"WebPage\",\"@id\":\"https:\\\/\\\/www.organisator.ch\\\/management\\\/2020-10-21\\\/digital-workspace-wie-werden-wir-in-15-jahren-arbeiten\\\/\",\"url\":\"https:\\\/\\\/www.organisator.ch\\\/management\\\/2020-10-21\\\/digital-workspace-wie-werden-wir-in-15-jahren-arbeiten\\\/\",\"name\":\"Digital Workspace: Wie werden wir in 15 Jahren arbeiten? - Organisator\",\"isPartOf\":{\"@id\":\"https:\\\/\\\/www.organisator.ch\\\/#website\"},\"primaryImageOfPage\":{\"@id\":\"https:\\\/\\\/www.organisator.ch\\\/management\\\/2020-10-21\\\/digital-workspace-wie-werden-wir-in-15-jahren-arbeiten\\\/#primaryimage\"},\"image\":{\"@id\":\"https:\\\/\\\/www.organisator.ch\\\/management\\\/2020-10-21\\\/digital-workspace-wie-werden-wir-in-15-jahren-arbeiten\\\/#primaryimage\"},\"thumbnailUrl\":\"https:\\\/\\\/www.organisator.ch\\\/wp-content\\\/uploads\\\/2020\\\/10\\\/Digital-Workspace-Wie-werden-wir-in-15-Jahren-arbeiten_Organisator.jpg\",\"datePublished\":\"2020-10-21T11:31:55+00:00\",\"description\":\"Die Digital-Workspace-Experten von Citrix haben in Zusammenarbeit mit Beratungsunternehmen die Zukunft der Arbeit untersucht. 4 Trends wurden identifiziert.\",\"breadcrumb\":{\"@id\":\"https:\\\/\\\/www.organisator.ch\\\/management\\\/2020-10-21\\\/digital-workspace-wie-werden-wir-in-15-jahren-arbeiten\\\/#breadcrumb\"},\"inLanguage\":\"fr-FR\",\"potentialAction\":[{\"@type\":\"ReadAction\",\"target\":[\"https:\\\/\\\/www.organisator.ch\\\/management\\\/2020-10-21\\\/digital-workspace-wie-werden-wir-in-15-jahren-arbeiten\\\/\"]}]},{\"@type\":\"ImageObject\",\"inLanguage\":\"fr-FR\",\"@id\":\"https:\\\/\\\/www.organisator.ch\\\/management\\\/2020-10-21\\\/digital-workspace-wie-werden-wir-in-15-jahren-arbeiten\\\/#primaryimage\",\"url\":\"https:\\\/\\\/www.organisator.ch\\\/wp-content\\\/uploads\\\/2020\\\/10\\\/Digital-Workspace-Wie-werden-wir-in-15-Jahren-arbeiten_Organisator.jpg\",\"contentUrl\":\"https:\\\/\\\/www.organisator.ch\\\/wp-content\\\/uploads\\\/2020\\\/10\\\/Digital-Workspace-Wie-werden-wir-in-15-Jahren-arbeiten_Organisator.jpg\",\"width\":680,\"height\":454,\"caption\":\"Sieht so der Digital Workspace aus? Eine Studie sagt voraus, dass wir in 15 Jahren sehr viel mehr KI an unseren Arbeitspl\u00e4tzen nutzen werden. (Bild: Pixabay.com)\"},{\"@type\":\"BreadcrumbList\",\"@id\":\"https:\\\/\\\/www.organisator.ch\\\/management\\\/2020-10-21\\\/digital-workspace-wie-werden-wir-in-15-jahren-arbeiten\\\/#breadcrumb\",\"itemListElement\":[{\"@type\":\"ListItem\",\"position\":1,\"name\":\"Home\",\"item\":\"https:\\\/\\\/www.organisator.ch\\\/\"},{\"@type\":\"ListItem\",\"position\":2,\"name\":\"Digital Workspace: Wie werden wir in 15 Jahren arbeiten?\"}]},{\"@type\":\"WebSite\",\"@id\":\"https:\\\/\\\/www.organisator.ch\\\/#website\",\"url\":\"https:\\\/\\\/www.organisator.ch\\\/\",\"name\":\"Organisator\",\"description\":\"Kompetent. Praxisnah. Der ORGANISATOR bereitet in 10 Ausgaben pro Jahr die wesentlichen Themen f\u00fcr F\u00fchrungskr\u00e4fte von KMU auf.\",\"publisher\":{\"@id\":\"https:\\\/\\\/www.organisator.ch\\\/#organization\"},\"potentialAction\":[{\"@type\":\"SearchAction\",\"target\":{\"@type\":\"EntryPoint\",\"urlTemplate\":\"https:\\\/\\\/www.organisator.ch\\\/?s={search_term_string}\"},\"query-input\":{\"@type\":\"PropertyValueSpecification\",\"valueRequired\":true,\"valueName\":\"search_term_string\"}}],\"inLanguage\":\"fr-FR\"},{\"@type\":\"Organization\",\"@id\":\"https:\\\/\\\/www.organisator.ch\\\/#organization\",\"name\":\"Organisator\",\"url\":\"https:\\\/\\\/www.organisator.ch\\\/\",\"logo\":{\"@type\":\"ImageObject\",\"inLanguage\":\"fr-FR\",\"@id\":\"https:\\\/\\\/www.organisator.ch\\\/#\\\/schema\\\/logo\\\/image\\\/\",\"url\":\"https:\\\/\\\/www.organisator.ch\\\/wp-content\\\/uploads\\\/2022\\\/01\\\/Logo_Organisator_Website.png\",\"contentUrl\":\"https:\\\/\\\/www.organisator.ch\\\/wp-content\\\/uploads\\\/2022\\\/01\\\/Logo_Organisator_Website.png\",\"width\":800,\"height\":77,\"caption\":\"Organisator\"},\"image\":{\"@id\":\"https:\\\/\\\/www.organisator.ch\\\/#\\\/schema\\\/logo\\\/image\\\/\"},\"sameAs\":[\"https:\\\/\\\/www.facebook.com\\\/OrganisatorFachmagazin\",\"https:\\\/\\\/www.linkedin.com\\\/showcase\\\/organisator-das-magazin-fr-kmu\",\"https:\\\/\\\/www.xing.com\\\/news\\\/pages\\\/organisator-ch-695\",\"https:\\\/\\\/www.youtube.com\\\/channel\\\/UCGP2Sq0iWaZwT3BdIAQFYpw\"]},{\"@type\":\"Person\",\"@id\":\"https:\\\/\\\/www.organisator.ch\\\/#\\\/schema\\\/person\\\/6f650f90b2842cd4c0cc334b4e36f67e\",\"name\":\"thomas.berner\",\"image\":{\"@type\":\"ImageObject\",\"inLanguage\":\"fr-FR\",\"@id\":\"https:\\\/\\\/secure.gravatar.com\\\/avatar\\\/ac5001d2a36cb6c6cd3e50789007ffca834b477b74a2144564522e944eabff61?s=96&d=mm&r=g\",\"url\":\"https:\\\/\\\/secure.gravatar.com\\\/avatar\\\/ac5001d2a36cb6c6cd3e50789007ffca834b477b74a2144564522e944eabff61?s=96&d=mm&r=g\",\"contentUrl\":\"https:\\\/\\\/secure.gravatar.com\\\/avatar\\\/ac5001d2a36cb6c6cd3e50789007ffca834b477b74a2144564522e944eabff61?s=96&d=mm&r=g\",\"caption\":\"thomas.berner\"},\"url\":\"https:\\\/\\\/www.organisator.ch\\\/fr\\\/author\\\/thomas-berner\\\/\"}]}<\/script>\n<!-- \/ Yoast SEO plugin. -->","yoast_head_json":{"title":"Digital Workspace : comment travaillerons-nous dans 15 ans ? - Organisateur","description":"Les experts en espaces de travail num\u00e9riques de Citrix ont \u00e9tudi\u00e9 l'avenir du travail en collaboration avec des soci\u00e9t\u00e9s de conseil. Quatre tendances ont \u00e9t\u00e9 identifi\u00e9es.","robots":{"index":"index","follow":"follow","max-snippet":"max-snippet:-1","max-image-preview":"max-image-preview:large","max-video-preview":"max-video-preview:-1"},"canonical":"https:\/\/www.organisator.ch\/fr\/gestion-2\/2020-10-21\/digital-workspace-wie-werden-wir-in-15-jahren-arbeiten\/","og_locale":"fr_FR","og_type":"article","og_title":"Digital Workspace: Wie werden wir in 15 Jahren arbeiten?","og_description":"Die Digital-Workspace-Experten von Citrix haben in Zusammenarbeit mit Beratungsunternehmen die Zukunft der Arbeit untersucht. 4 Trends wurden identifiziert.","og_url":"https:\/\/www.organisator.ch\/fr\/gestion-2\/2020-10-21\/digital-workspace-wie-werden-wir-in-15-jahren-arbeiten\/","og_site_name":"Organisator","article_publisher":"https:\/\/www.facebook.com\/OrganisatorFachmagazin","article_published_time":"2020-10-21T11:31:55+00:00","og_image":[{"width":680,"height":454,"url":"https:\/\/www.organisator.ch\/wp-content\/uploads\/2020\/10\/Digital-Workspace-Wie-werden-wir-in-15-Jahren-arbeiten_Organisator.jpg","type":"image\/jpeg"}],"author":"thomas.berner","twitter_card":"summary_large_image","twitter_title":"Digital #Workspace: Wie werden wir in 15 Jahren arbeiten?","twitter_description":"Die #Digital-Workspace-Experten von #Citrix haben in Zusammenarbeit mit Beratungsunternehmen die Zukunft der Arbeit untersucht. 4 Trends wurden identifiziert.","twitter_image":"https:\/\/www.organisator.ch\/wp-content\/uploads\/2020\/10\/Digital-Workspace-Wie-werden-wir-in-15-Jahren-arbeiten_Organisator.jpg","schema":{"@context":"https:\/\/schema.org","@graph":[{"@type":"Article","@id":"https:\/\/www.organisator.ch\/management\/2020-10-21\/digital-workspace-wie-werden-wir-in-15-jahren-arbeiten\/#article","isPartOf":{"@id":"https:\/\/www.organisator.ch\/management\/2020-10-21\/digital-workspace-wie-werden-wir-in-15-jahren-arbeiten\/"},"author":{"name":"thomas.berner","@id":"https:\/\/www.organisator.ch\/#\/schema\/person\/6f650f90b2842cd4c0cc334b4e36f67e"},"headline":"Digital Workspace: Wie werden wir in 15 Jahren arbeiten?","datePublished":"2020-10-21T11:31:55+00:00","mainEntityOfPage":{"@id":"https:\/\/www.organisator.ch\/management\/2020-10-21\/digital-workspace-wie-werden-wir-in-15-jahren-arbeiten\/"},"wordCount":658,"publisher":{"@id":"https:\/\/www.organisator.ch\/#organization"},"image":{"@id":"https:\/\/www.organisator.ch\/management\/2020-10-21\/digital-workspace-wie-werden-wir-in-15-jahren-arbeiten\/#primaryimage"},"thumbnailUrl":"https:\/\/www.organisator.ch\/wp-content\/uploads\/2020\/10\/Digital-Workspace-Wie-werden-wir-in-15-Jahren-arbeiten_Organisator.jpg","keywords":["Arbeitsplatzgestaltung","Digitalisierung","IT","Studie"],"articleSection":["MANAGEMENT"],"inLanguage":"fr-FR"},{"@type":"WebPage","@id":"https:\/\/www.organisator.ch\/management\/2020-10-21\/digital-workspace-wie-werden-wir-in-15-jahren-arbeiten\/","url":"https:\/\/www.organisator.ch\/management\/2020-10-21\/digital-workspace-wie-werden-wir-in-15-jahren-arbeiten\/","name":"Digital Workspace : comment travaillerons-nous dans 15 ans ? - Organisateur","isPartOf":{"@id":"https:\/\/www.organisator.ch\/#website"},"primaryImageOfPage":{"@id":"https:\/\/www.organisator.ch\/management\/2020-10-21\/digital-workspace-wie-werden-wir-in-15-jahren-arbeiten\/#primaryimage"},"image":{"@id":"https:\/\/www.organisator.ch\/management\/2020-10-21\/digital-workspace-wie-werden-wir-in-15-jahren-arbeiten\/#primaryimage"},"thumbnailUrl":"https:\/\/www.organisator.ch\/wp-content\/uploads\/2020\/10\/Digital-Workspace-Wie-werden-wir-in-15-Jahren-arbeiten_Organisator.jpg","datePublished":"2020-10-21T11:31:55+00:00","description":"Les experts en espaces de travail num\u00e9riques de Citrix ont \u00e9tudi\u00e9 l'avenir du travail en collaboration avec des soci\u00e9t\u00e9s de conseil. Quatre tendances ont \u00e9t\u00e9 identifi\u00e9es.","breadcrumb":{"@id":"https:\/\/www.organisator.ch\/management\/2020-10-21\/digital-workspace-wie-werden-wir-in-15-jahren-arbeiten\/#breadcrumb"},"inLanguage":"fr-FR","potentialAction":[{"@type":"ReadAction","target":["https:\/\/www.organisator.ch\/management\/2020-10-21\/digital-workspace-wie-werden-wir-in-15-jahren-arbeiten\/"]}]},{"@type":"ImageObject","inLanguage":"fr-FR","@id":"https:\/\/www.organisator.ch\/management\/2020-10-21\/digital-workspace-wie-werden-wir-in-15-jahren-arbeiten\/#primaryimage","url":"https:\/\/www.organisator.ch\/wp-content\/uploads\/2020\/10\/Digital-Workspace-Wie-werden-wir-in-15-Jahren-arbeiten_Organisator.jpg","contentUrl":"https:\/\/www.organisator.ch\/wp-content\/uploads\/2020\/10\/Digital-Workspace-Wie-werden-wir-in-15-Jahren-arbeiten_Organisator.jpg","width":680,"height":454,"caption":"Sieht so der Digital Workspace aus? Eine Studie sagt voraus, dass wir in 15 Jahren sehr viel mehr KI an unseren Arbeitspl\u00e4tzen nutzen werden. (Bild: Pixabay.com)"},{"@type":"BreadcrumbList","@id":"https:\/\/www.organisator.ch\/management\/2020-10-21\/digital-workspace-wie-werden-wir-in-15-jahren-arbeiten\/#breadcrumb","itemListElement":[{"@type":"ListItem","position":1,"name":"Home","item":"https:\/\/www.organisator.ch\/"},{"@type":"ListItem","position":2,"name":"Digital Workspace: Wie werden wir in 15 Jahren arbeiten?"}]},{"@type":"WebSite","@id":"https:\/\/www.organisator.ch\/#website","url":"https:\/\/www.organisator.ch\/","name":"Organisateur","description":"Comp\u00e9tence et comp\u00e9tence. Proches de la pratique. L'ORGANISATEUR pr\u00e9pare 10 num\u00e9ros par an sur les th\u00e8mes essentiels pour les dirigeants de PME.","publisher":{"@id":"https:\/\/www.organisator.ch\/#organization"},"potentialAction":[{"@type":"SearchAction","target":{"@type":"EntryPoint","urlTemplate":"https:\/\/www.organisator.ch\/?s={search_term_string}"},"query-input":{"@type":"PropertyValueSpecification","valueRequired":true,"valueName":"search_term_string"}}],"inLanguage":"fr-FR"},{"@type":"Organization","@id":"https:\/\/www.organisator.ch\/#organization","name":"Organisateur","url":"https:\/\/www.organisator.ch\/","logo":{"@type":"ImageObject","inLanguage":"fr-FR","@id":"https:\/\/www.organisator.ch\/#\/schema\/logo\/image\/","url":"https:\/\/www.organisator.ch\/wp-content\/uploads\/2022\/01\/Logo_Organisator_Website.png","contentUrl":"https:\/\/www.organisator.ch\/wp-content\/uploads\/2022\/01\/Logo_Organisator_Website.png","width":800,"height":77,"caption":"Organisator"},"image":{"@id":"https:\/\/www.organisator.ch\/#\/schema\/logo\/image\/"},"sameAs":["https:\/\/www.facebook.com\/OrganisatorFachmagazin","https:\/\/www.linkedin.com\/showcase\/organisator-das-magazin-fr-kmu","https:\/\/www.xing.com\/news\/pages\/organisator-ch-695","https:\/\/www.youtube.com\/channel\/UCGP2Sq0iWaZwT3BdIAQFYpw"]},{"@type":"Person","@id":"https:\/\/www.organisator.ch\/#\/schema\/person\/6f650f90b2842cd4c0cc334b4e36f67e","name":"thomas.berner","image":{"@type":"ImageObject","inLanguage":"fr-FR","@id":"https:\/\/secure.gravatar.com\/avatar\/ac5001d2a36cb6c6cd3e50789007ffca834b477b74a2144564522e944eabff61?s=96&d=mm&r=g","url":"https:\/\/secure.gravatar.com\/avatar\/ac5001d2a36cb6c6cd3e50789007ffca834b477b74a2144564522e944eabff61?s=96&d=mm&r=g","contentUrl":"https:\/\/secure.gravatar.com\/avatar\/ac5001d2a36cb6c6cd3e50789007ffca834b477b74a2144564522e944eabff61?s=96&d=mm&r=g","caption":"thomas.berner"},"url":"https:\/\/www.organisator.ch\/fr\/author\/thomas-berner\/"}]}},"_links":{"self":[{"href":"https:\/\/www.organisator.ch\/fr\/wp-json\/wp\/v2\/posts\/7237","targetHints":{"allow":["GET"]}}],"collection":[{"href":"https:\/\/www.organisator.ch\/fr\/wp-json\/wp\/v2\/posts"}],"about":[{"href":"https:\/\/www.organisator.ch\/fr\/wp-json\/wp\/v2\/types\/post"}],"author":[{"embeddable":true,"href":"https:\/\/www.organisator.ch\/fr\/wp-json\/wp\/v2\/users\/4"}],"replies":[{"embeddable":true,"href":"https:\/\/www.organisator.ch\/fr\/wp-json\/wp\/v2\/comments?post=7237"}],"version-history":[{"count":0,"href":"https:\/\/www.organisator.ch\/fr\/wp-json\/wp\/v2\/posts\/7237\/revisions"}],"wp:featuredmedia":[{"embeddable":true,"href":"https:\/\/www.organisator.ch\/fr\/wp-json\/wp\/v2\/media\/7238"}],"wp:attachment":[{"href":"https:\/\/www.organisator.ch\/fr\/wp-json\/wp\/v2\/media?parent=7237"}],"wp:term":[{"taxonomy":"category","embeddable":true,"href":"https:\/\/www.organisator.ch\/fr\/wp-json\/wp\/v2\/categories?post=7237"},{"taxonomy":"post_tag","embeddable":true,"href":"https:\/\/www.organisator.ch\/fr\/wp-json\/wp\/v2\/tags?post=7237"}],"curies":[{"name":"wp","href":"https:\/\/api.w.org\/{rel}","templated":true}]}}