{"id":7241,"date":"2020-10-22T08:24:19","date_gmt":"2020-10-22T06:24:19","guid":{"rendered":"https:\/\/www.organisator.ch\/?p=7241"},"modified":"2020-10-22T08:24:19","modified_gmt":"2020-10-22T06:24:19","slug":"defaut-de-payement-et-de-credit-ces-risques-de-boucher-cfos-particulierement-haut-un","status":"publish","type":"post","link":"https:\/\/www.organisator.ch\/fr\/management\/finanzen_recht\/2020-10-22\/zahlungs-und-kreditausfaelle-diese-risiken-schaetzen-cfos-besonders-hoch-ein\/","title":{"rendered":"les d\u00e9fauts de paiement et de cr\u00e9dit : Les CFO estiment que ces risques sont particuli\u00e8rement \u00e9lev\u00e9s"},"content":{"rendered":"<figure id=\"attachment_7243\" aria-describedby=\"caption-attachment-7243\" style=\"width: 680px\" class=\"wp-caption alignnone\"><img loading=\"lazy\" decoding=\"async\" class=\"size-medium wp-image-7243\" src=\"https:\/\/www.organisator.ch\/wp-content\/uploads\/2020\/10\/Zahlungs-und-Kreditausfaelle-Diese-Risiken-schaetzen-CFOs-besonders-hoch-ein-1_Organisator.jpg\" alt=\"\" width=\"680\" height=\"357\" srcset=\"https:\/\/www.organisator.ch\/wp-content\/uploads\/2020\/10\/Zahlungs-und-Kreditausfaelle-Diese-Risiken-schaetzen-CFOs-besonders-hoch-ein-1_Organisator.jpg 680w, https:\/\/www.organisator.ch\/wp-content\/uploads\/2020\/10\/Zahlungs-und-Kreditausfaelle-Diese-Risiken-schaetzen-CFOs-besonders-hoch-ein-1_Organisator-16x8.jpg 16w, https:\/\/www.organisator.ch\/wp-content\/uploads\/2020\/10\/Zahlungs-und-Kreditausfaelle-Diese-Risiken-schaetzen-CFOs-besonders-hoch-ein-1_Organisator-333x175.jpg 333w, https:\/\/www.organisator.ch\/wp-content\/uploads\/2020\/10\/Zahlungs-und-Kreditausfaelle-Diese-Risiken-schaetzen-CFOs-besonders-hoch-ein-1_Organisator-667x350.jpg 667w, https:\/\/www.organisator.ch\/wp-content\/uploads\/2020\/10\/Zahlungs-und-Kreditausfaelle-Diese-Risiken-schaetzen-CFOs-besonders-hoch-ein-1_Organisator-300x158.jpg 300w\" sizes=\"auto, (max-width: 680px) 100vw, 680px\" \/><figcaption id=\"caption-attachment-7243\" class=\"wp-caption-text\">Des poches vides partout : les directeurs financiers craignent que les d\u00e9fauts de paiement et de cr\u00e9dit se multiplient. (Image : Pixabay.com)<\/figcaption><\/figure>\n<p>La pand\u00e9mie continue de donner le rythme. Que ce soit pour les perspectives \u00e9conomiques ou les risques d'entreprise, les CFO suisses semblent toujours consid\u00e9rer l'\u00e9volution de la pand\u00e9mie \u00e0 court et \u00e0 long terme comme le principal facteur de leur planification. En ce qui concerne la conjoncture, ils s'attendent certes \u00e0 une reprise rapide par rapport au printemps. N\u00e9anmoins, une majorit\u00e9 relative de 42% juge n\u00e9gativement les perspectives conjoncturelles pour la Suisse au cours des douze prochains mois. Seuls 28% ont des attentes positives et 30% sont neutres. L'enqu\u00eate a \u00e9t\u00e9 r\u00e9alis\u00e9e en septembre, donc avant que le nombre actuel de cas ne s'envole \u00e0 nouveau.<\/p>\n<h2>Les d\u00e9fauts de paiement et de cr\u00e9dit comme risque<\/h2>\n<p>Les attentes conjoncturelles se sont toutefois clairement am\u00e9lior\u00e9es. <a href=\"https:\/\/www2.deloitte.com\/content\/dam\/Deloitte\/ch\/Documents\/finance\/deloitte-de-cfo-survey-h1-2020.pdf\" target=\"_blank\" rel=\"noopener noreferrer\">Au printemps, 96% des directeurs financiers interrog\u00e9s apr\u00e8s l'introduction des mesures Corona s'attendaient encore \u00e0 ce que<\/a> une \u00e9volution n\u00e9gative de l'\u00e9conomie pour les douze prochains mois. \"Notre enqu\u00eate montre que la situation pr\u00e9caire du printemps s'est att\u00e9nu\u00e9e pour de nombreuses entreprises\", explique Michael Grampp, \u00e9conomiste en chef de Deloitte Suisse. \"La situation reste toutefois instable, comme on peut le voir dans l'\u00e9volution r\u00e9cente de la pand\u00e9mie. La forte augmentation du nombre d'infections en Europe inqui\u00e8te de nombreuses personnes. Beaucoup d\u00e9pend maintenant des r\u00e9actions politiques ult\u00e9rieures - cela vaut autant pour la Suisse que pour nos grands march\u00e9s de vente\".<\/p>\n<p>Les mesures d'aide de l'\u00c9tat f\u00e9d\u00e9ral ont permis de stabiliser la situation \u00e9conomique en Suisse. Le ch\u00f4mage partiel et les cr\u00e9dits Corona vers\u00e9s rapidement ont notamment permis aux entreprises de naviguer quelque peu \u00e0 travers la crise. \"Il est clair que les mesures d'aide de l'\u00c9tat \u00e9taient absolument n\u00e9cessaires au d\u00e9but de la crise\", explique Michael Grampp. \"Mais plus ces mesures restent en vigueur, plus le risque d'effets secondaires n\u00e9gatifs augmente. Les entreprises qui ne g\u00e9n\u00e8rent pas de profit ou ne cr\u00e9ent pas de valeur ne devraient pas \u00eatre maintenues artificiellement en vie de mani\u00e8re durable, sinon l'\u00e9conomie risque d'\u00eatre zombifi\u00e9e\", explique encore Michael Grampp.<\/p>\n<h2>Le retour au niveau d'avant la crise se fait encore attendre<\/h2>\n<p>Plus de la moiti\u00e9 (54%) des directeurs financiers interrog\u00e9s indiquent que la situation financi\u00e8re de leur entreprise s'est clairement am\u00e9lior\u00e9e par rapport \u00e0 il y a trois mois. En juin dernier, deux bons tiers (67%) s'attendaient encore \u00e0 de mauvaises perspectives et seuls 9% pensaient que leur situation allait s'am\u00e9liorer. \"Ce net revirement est tr\u00e8s r\u00e9jouissant\", explique Alessandro Miolo, Managing Partner pour Audit &amp; Assurance chez Deloitte Suisse. \"L'\u00e9conomie suisse se stabilise manifestement beaucoup plus rapidement qu'apr\u00e8s la crise de l'euro ou le choc du franc\".<\/p>\n<p>En ce qui concerne les perspectives de croissance pour les douze prochains mois, les CFO interrog\u00e9s se montrent plus r\u00e9serv\u00e9s : seuls 36% pr\u00e9voient une croissance et 29% s'attendent plut\u00f4t \u00e0 un recul. De grandes diff\u00e9rences apparaissent dans les d\u00e9tails. Alors que le chiffre d'affaires se redresse le plus fortement avec une augmentation de 51%, les marges (augmentation de 21%) et les effectifs (augmentation de 1%) ne connaissent qu'une l\u00e9g\u00e8re augmentation et les chiffres restent clairement dans la zone n\u00e9gative.<\/p>\n<p>Les CFO sont moins optimistes qu'il y a trois mois lorsqu'il s'agit de leurs chiffres d'affaires : \"Cet \u00e9t\u00e9, les CFO \u00e9taient encore plus optimistes et pensaient que leurs entreprises g\u00e9n\u00e9reraient pour la plupart \u00e0 nouveau des chiffres d'affaires au niveau d'avant la crise d\u00e8s le premier trimestre 2021\", explique Alessandro Miolo. \"Maintenant, la plupart des CFO s'attendent \u00e0 ce que les chiffres d'affaires ne se r\u00e9tablissent compl\u00e8tement qu'au troisi\u00e8me trimestre 2021, soit six mois entiers plus tard\".<\/p>\n<h2>La pouss\u00e9e de la num\u00e9risation propulse la cybers\u00e9curit\u00e9 vers le haut<\/h2>\n<p>Pour la premi\u00e8re fois depuis le d\u00e9but de l'enqu\u00eate aupr\u00e8s des CFO il y a plus de dix ans, les CFO suisses citent les d\u00e9fauts de paiement et de cr\u00e9dit comme un risque important pour leur entreprise et le classent parmi les trois principaux risques. \"Le fait que les d\u00e9fauts de paiement et de cr\u00e9dit soient consid\u00e9r\u00e9s comme l'un des risques les plus importants montre clairement que les CFO prennent ce risque tr\u00e8s au s\u00e9rieux. Il y a un risque que les d\u00e9fauts de cr\u00e9dit aient \u00e9galement des r\u00e9percussions sur les banques\", explique Alessandro Miolo. \"Pour l'instant, les difficult\u00e9s de paiement peuvent encore passer inaper\u00e7ues, car les mesures d'aide de l'Etat aident \u00e0 les surmonter\", poursuit Miolo.<\/p>\n<figure id=\"attachment_7242\" aria-describedby=\"caption-attachment-7242\" style=\"width: 680px\" class=\"wp-caption alignnone\"><img loading=\"lazy\" decoding=\"async\" class=\"size-medium wp-image-7242\" src=\"https:\/\/www.organisator.ch\/wp-content\/uploads\/2020\/10\/Zahlungs-und-Kreditausfaelle-Diese-Risiken-schaetzen-CFOs-besonders-hoch-ein-2_Organisator.jpg\" alt=\"\" width=\"680\" height=\"352\" srcset=\"https:\/\/www.organisator.ch\/wp-content\/uploads\/2020\/10\/Zahlungs-und-Kreditausfaelle-Diese-Risiken-schaetzen-CFOs-besonders-hoch-ein-2_Organisator.jpg 680w, https:\/\/www.organisator.ch\/wp-content\/uploads\/2020\/10\/Zahlungs-und-Kreditausfaelle-Diese-Risiken-schaetzen-CFOs-besonders-hoch-ein-2_Organisator-16x8.jpg 16w, https:\/\/www.organisator.ch\/wp-content\/uploads\/2020\/10\/Zahlungs-und-Kreditausfaelle-Diese-Risiken-schaetzen-CFOs-besonders-hoch-ein-2_Organisator-338x175.jpg 338w, https:\/\/www.organisator.ch\/wp-content\/uploads\/2020\/10\/Zahlungs-und-Kreditausfaelle-Diese-Risiken-schaetzen-CFOs-besonders-hoch-ein-2_Organisator-676x350.jpg 676w, https:\/\/www.organisator.ch\/wp-content\/uploads\/2020\/10\/Zahlungs-und-Kreditausfaelle-Diese-Risiken-schaetzen-CFOs-besonders-hoch-ein-2_Organisator-300x155.jpg 300w\" sizes=\"auto, (max-width: 680px) 100vw, 680px\" \/><figcaption id=\"caption-attachment-7242\" class=\"wp-caption-text\">Ce sont les principaux risques auxquels sont confront\u00e9s les CFO suisses. Les d\u00e9fauts de paiement et de cr\u00e9dit sont venus s'ajouter \u00e0 la liste. (Graphique : Deloitte)<\/figcaption><\/figure>\n<p>La pand\u00e9mie occupe toujours la premi\u00e8re place des risques les plus importants, suivie par la faiblesse de la demande, \u00e9galement li\u00e9e \u00e0 la pand\u00e9mie. Le plus grand saut dans la liste est visible sur le th\u00e8me de la cybers\u00e9curit\u00e9. Le chiffre indiqu\u00e9 dans la <a href=\"https:\/\/www2.deloitte.com\/content\/dam\/Deloitte\/ch\/Documents\/finance\/deloitte-de-cfo-survey-h1-2020.pdf\" target=\"_blank\" rel=\"noopener noreferrer\">Enqu\u00eate de printemps du CFO<\/a> La pouss\u00e9e de la num\u00e9risation pendant la pand\u00e9mie a conduit \u00e0 ce que davantage de personnes travaillent \u00e0 domicile, ce qui n'est cependant pas le cas de tous les travailleurs. <a href=\"https:\/\/www2.deloitte.com\/ch\/de\/pages\/risk\/articles\/covid-19-cyber-crime-working-from-home.html\" target=\"_blank\" rel=\"noopener noreferrer\">a augment\u00e9 le risque de cyberattaques<\/a>. \"Les directeurs financiers ont compris que le flux de donn\u00e9es vers le bureau \u00e0 domicile doit \u00eatre mieux s\u00e9curis\u00e9\", explique Alessandro Miolo. \"Les entreprises sont d\u00e9sormais appel\u00e9es \u00e0 prendre des mesures cibl\u00e9es pour que le bureau \u00e0 domicile ne devienne pas une porte d'entr\u00e9e pour les cybercriminels. Cela implique notamment une meilleure formation des collaborateurs et des investissements cibl\u00e9s dans des solutions informatiques plus s\u00fbres\", ajoute Miolo.<\/p>\n<h2>R\u00e9duction du nombre de collaborateurs et des surfaces de bureau<\/h2>\n<p>Comme pr\u00e9vu, de nombreuses entreprises ont pris de nouvelles mesures d'\u00e9conomie. Celles-ci sont d\u00e9j\u00e0 tr\u00e8s avanc\u00e9es pour la plupart des entreprises. La plupart des entreprises (85%) ont avant tout r\u00e9duit leurs d\u00e9penses en mati\u00e8re de voyages d'affaires ou de marketing, suivies par une r\u00e9duction des heures suppl\u00e9mentaires et des soldes de vacances (70%). Comme c'est tr\u00e8s souvent le cas en p\u00e9riode de crise, de nombreuses entreprises interrog\u00e9es pr\u00e9voient de r\u00e9duire leurs effectifs - 33% des r\u00e9pondants ont d\u00e9j\u00e0 mis en \u0153uvre cette mesure.<\/p>\n<p>La situation a \u00e9galement \u00e9t\u00e9 \u00e9valu\u00e9e en ce qui concerne les espaces de bureaux. 31% des personnes interrog\u00e9es examinent de quels espaces de bureaux elles auront besoin \u00e0 l'avenir et 17% ont d\u00e9j\u00e0 proc\u00e9d\u00e9 \u00e0 des changements. \"De plus en plus de collaborateurs travaillent en home-office et cela va continuer \u00e0 l'avenir\", explique Alessandro Miolo. \"Les entreprises peuvent ainsi r\u00e9aliser d'une part des \u00e9conomies sur les surfaces de bureau. D'autre part, elles auront besoin de plus de surface pour garantir les distances et utiliser diff\u00e9remment l'espace disponible. Par exemple, il y aura plus d'espace pour les \u00e9changes et les rencontres et moins d'espace pour les bureaux classiques\".<\/p>\n<p><em>Source : <a href=\"http:\/\/www.deloitte.com\/ch\/de\/about\">Deloitte<\/a><\/em><\/p>","protected":false},"excerpt":{"rendered":"<p>Die Pandemie gibt weiterhin den Takt an. Sei es bei den Wirtschaftsaussichten oder den Unternehmensrisiken, die Schweizer CFOs scheinen nach wie vor die kurz- und l\u00e4ngerfristige Entwicklung der Pandemie als den Hauptfaktor f\u00fcr ihre Planung zu sehen. Bei der Konjunktur rechnen sie zwar mit einer raschen Erholung im Vergleich zum Fr\u00fchjahr. Dennoch beurteilt eine relative [&hellip;]<\/p>\n","protected":false},"author":4,"featured_media":7243,"comment_status":"closed","ping_status":"closed","sticky":false,"template":"","format":"standard","meta":{"_acf_changed":false,"_yoast_wpseo_focuskw":"Zahlungs- und Kreditausf\u00e4lle","_yoast_wpseo_metadesc":"Erstmals nennen Schweizer CFOs Zahlungs- und Kreditausf\u00e4lle als ein ernstzunehmendes Risiko f\u00fcr ihre Unternehmen. Dies zeigt eine Umfrage von Deloitte.","articlekey":"","footnotes":""},"categories":[24],"tags":[202,272,418,487],"class_list":["post-7241","post","type-post","status-publish","format-standard","has-post-thumbnail","hentry","category-finanzen_recht","tag-finanzenrecht","tag-inkasso","tag-risikomanagement","tag-umfrage"],"acf":[],"yoast_head":"<!-- This site is optimized with the Yoast SEO plugin v27.5 - https:\/\/yoast.com\/product\/yoast-seo-wordpress\/ -->\n<title>Zahlungs- und Kreditausf\u00e4lle: Diese Risiken sch\u00e4tzen CFOs besonders hoch ein - Organisator<\/title>\n<meta name=\"description\" content=\"Erstmals nennen Schweizer CFOs Zahlungs- und Kreditausf\u00e4lle als ein ernstzunehmendes Risiko f\u00fcr ihre Unternehmen. Dies zeigt eine Umfrage von Deloitte.\" \/>\n<meta name=\"robots\" content=\"index, follow, max-snippet:-1, max-image-preview:large, max-video-preview:-1\" \/>\n<link rel=\"canonical\" href=\"https:\/\/www.organisator.ch\/fr\/gestion-2\/finanzen_recht\/2020-10-22\/defaut-de-payement-et-de-credit-ces-risques-de-boucher-cfos-particulierement-haut-un\/\" \/>\n<meta property=\"og:locale\" content=\"fr_FR\" \/>\n<meta property=\"og:type\" content=\"article\" \/>\n<meta property=\"og:title\" content=\"Zahlungs- und Kreditausf\u00e4lle: Diese Risiken sch\u00e4tzen CFOs besonders hoch ein\" \/>\n<meta property=\"og:description\" content=\"Erstmals nennen Schweizer CFOs Zahlungs- und Kreditausf\u00e4lle als ein ernstzunehmendes Risiko f\u00fcr ihre Unternehmen. Dies zeigt eine Umfrage von Deloitte.\" \/>\n<meta property=\"og:url\" content=\"https:\/\/www.organisator.ch\/fr\/gestion-2\/finanzen_recht\/2020-10-22\/defaut-de-payement-et-de-credit-ces-risques-de-boucher-cfos-particulierement-haut-un\/\" \/>\n<meta property=\"og:site_name\" content=\"Organisator\" \/>\n<meta property=\"article:publisher\" content=\"https:\/\/www.facebook.com\/OrganisatorFachmagazin\" \/>\n<meta property=\"article:published_time\" content=\"2020-10-22T06:24:19+00:00\" \/>\n<meta property=\"og:image\" content=\"https:\/\/www.organisator.ch\/wp-content\/uploads\/2020\/10\/Zahlungs-und-Kreditausfaelle-Diese-Risiken-schaetzen-CFOs-besonders-hoch-ein-1_Organisator.jpg\" \/>\n\t<meta property=\"og:image:width\" content=\"680\" \/>\n\t<meta property=\"og:image:height\" content=\"357\" \/>\n\t<meta property=\"og:image:type\" content=\"image\/jpeg\" \/>\n<meta name=\"author\" content=\"thomas.berner\" \/>\n<meta name=\"twitter:card\" content=\"summary_large_image\" \/>\n<meta name=\"twitter:title\" content=\"Zahlungs- und #Kreditausf\u00e4lle: Diese #Risiken sch\u00e4tzen #CFOs besonders hoch ein\" \/>\n<meta name=\"twitter:description\" content=\"Erstmals nennen Schweizer #CFOs Zahlungs- und #Kreditausf\u00e4lle als ein ernstzunehmendes Risiko f\u00fcr ihre Unternehmen. Dies zeigt eine Umfrage von #Deloitte.\" \/>\n<meta name=\"twitter:image\" content=\"https:\/\/www.organisator.ch\/wp-content\/uploads\/2020\/10\/Zahlungs-und-Kreditausfaelle-Diese-Risiken-schaetzen-CFOs-besonders-hoch-ein-1_Organisator.jpg\" \/>\n<script type=\"application\/ld+json\" class=\"yoast-schema-graph\">{\"@context\":\"https:\\\/\\\/schema.org\",\"@graph\":[{\"@type\":\"Article\",\"@id\":\"https:\\\/\\\/www.organisator.ch\\\/management\\\/finanzen_recht\\\/2020-10-22\\\/zahlungs-und-kreditausfaelle-diese-risiken-schaetzen-cfos-besonders-hoch-ein\\\/#article\",\"isPartOf\":{\"@id\":\"https:\\\/\\\/www.organisator.ch\\\/management\\\/finanzen_recht\\\/2020-10-22\\\/zahlungs-und-kreditausfaelle-diese-risiken-schaetzen-cfos-besonders-hoch-ein\\\/\"},\"author\":{\"name\":\"thomas.berner\",\"@id\":\"https:\\\/\\\/www.organisator.ch\\\/#\\\/schema\\\/person\\\/6f650f90b2842cd4c0cc334b4e36f67e\"},\"headline\":\"Zahlungs- und Kreditausf\u00e4lle: Diese Risiken sch\u00e4tzen CFOs besonders hoch ein\",\"datePublished\":\"2020-10-22T06:24:19+00:00\",\"mainEntityOfPage\":{\"@id\":\"https:\\\/\\\/www.organisator.ch\\\/management\\\/finanzen_recht\\\/2020-10-22\\\/zahlungs-und-kreditausfaelle-diese-risiken-schaetzen-cfos-besonders-hoch-ein\\\/\"},\"wordCount\":1004,\"publisher\":{\"@id\":\"https:\\\/\\\/www.organisator.ch\\\/#organization\"},\"image\":{\"@id\":\"https:\\\/\\\/www.organisator.ch\\\/management\\\/finanzen_recht\\\/2020-10-22\\\/zahlungs-und-kreditausfaelle-diese-risiken-schaetzen-cfos-besonders-hoch-ein\\\/#primaryimage\"},\"thumbnailUrl\":\"https:\\\/\\\/www.organisator.ch\\\/wp-content\\\/uploads\\\/2020\\\/10\\\/Zahlungs-und-Kreditausfaelle-Diese-Risiken-schaetzen-CFOs-besonders-hoch-ein-1_Organisator.jpg\",\"keywords\":[\"Finanzen\\\/Recht\",\"Inkasso\",\"Risikomanagement\",\"Umfrage\"],\"articleSection\":[\"FINANZEN\\\/RECHT\"],\"inLanguage\":\"fr-FR\"},{\"@type\":\"WebPage\",\"@id\":\"https:\\\/\\\/www.organisator.ch\\\/management\\\/finanzen_recht\\\/2020-10-22\\\/zahlungs-und-kreditausfaelle-diese-risiken-schaetzen-cfos-besonders-hoch-ein\\\/\",\"url\":\"https:\\\/\\\/www.organisator.ch\\\/management\\\/finanzen_recht\\\/2020-10-22\\\/zahlungs-und-kreditausfaelle-diese-risiken-schaetzen-cfos-besonders-hoch-ein\\\/\",\"name\":\"Zahlungs- und Kreditausf\u00e4lle: Diese Risiken sch\u00e4tzen CFOs besonders hoch ein - Organisator\",\"isPartOf\":{\"@id\":\"https:\\\/\\\/www.organisator.ch\\\/#website\"},\"primaryImageOfPage\":{\"@id\":\"https:\\\/\\\/www.organisator.ch\\\/management\\\/finanzen_recht\\\/2020-10-22\\\/zahlungs-und-kreditausfaelle-diese-risiken-schaetzen-cfos-besonders-hoch-ein\\\/#primaryimage\"},\"image\":{\"@id\":\"https:\\\/\\\/www.organisator.ch\\\/management\\\/finanzen_recht\\\/2020-10-22\\\/zahlungs-und-kreditausfaelle-diese-risiken-schaetzen-cfos-besonders-hoch-ein\\\/#primaryimage\"},\"thumbnailUrl\":\"https:\\\/\\\/www.organisator.ch\\\/wp-content\\\/uploads\\\/2020\\\/10\\\/Zahlungs-und-Kreditausfaelle-Diese-Risiken-schaetzen-CFOs-besonders-hoch-ein-1_Organisator.jpg\",\"datePublished\":\"2020-10-22T06:24:19+00:00\",\"description\":\"Erstmals nennen Schweizer CFOs Zahlungs- und Kreditausf\u00e4lle als ein ernstzunehmendes Risiko f\u00fcr ihre Unternehmen. Dies zeigt eine Umfrage von Deloitte.\",\"breadcrumb\":{\"@id\":\"https:\\\/\\\/www.organisator.ch\\\/management\\\/finanzen_recht\\\/2020-10-22\\\/zahlungs-und-kreditausfaelle-diese-risiken-schaetzen-cfos-besonders-hoch-ein\\\/#breadcrumb\"},\"inLanguage\":\"fr-FR\",\"potentialAction\":[{\"@type\":\"ReadAction\",\"target\":[\"https:\\\/\\\/www.organisator.ch\\\/management\\\/finanzen_recht\\\/2020-10-22\\\/zahlungs-und-kreditausfaelle-diese-risiken-schaetzen-cfos-besonders-hoch-ein\\\/\"]}]},{\"@type\":\"ImageObject\",\"inLanguage\":\"fr-FR\",\"@id\":\"https:\\\/\\\/www.organisator.ch\\\/management\\\/finanzen_recht\\\/2020-10-22\\\/zahlungs-und-kreditausfaelle-diese-risiken-schaetzen-cfos-besonders-hoch-ein\\\/#primaryimage\",\"url\":\"https:\\\/\\\/www.organisator.ch\\\/wp-content\\\/uploads\\\/2020\\\/10\\\/Zahlungs-und-Kreditausfaelle-Diese-Risiken-schaetzen-CFOs-besonders-hoch-ein-1_Organisator.jpg\",\"contentUrl\":\"https:\\\/\\\/www.organisator.ch\\\/wp-content\\\/uploads\\\/2020\\\/10\\\/Zahlungs-und-Kreditausfaelle-Diese-Risiken-schaetzen-CFOs-besonders-hoch-ein-1_Organisator.jpg\",\"width\":680,\"height\":357,\"caption\":\"Leere Taschen all\u00fcberall: CFOs f\u00fcrchten eine Zunahme von Zahlungs- und Kreditausf\u00e4llen. (Bild: Pixabay.com)\"},{\"@type\":\"BreadcrumbList\",\"@id\":\"https:\\\/\\\/www.organisator.ch\\\/management\\\/finanzen_recht\\\/2020-10-22\\\/zahlungs-und-kreditausfaelle-diese-risiken-schaetzen-cfos-besonders-hoch-ein\\\/#breadcrumb\",\"itemListElement\":[{\"@type\":\"ListItem\",\"position\":1,\"name\":\"Home\",\"item\":\"https:\\\/\\\/www.organisator.ch\\\/\"},{\"@type\":\"ListItem\",\"position\":2,\"name\":\"Zahlungs- und Kreditausf\u00e4lle: Diese Risiken sch\u00e4tzen CFOs besonders hoch ein\"}]},{\"@type\":\"WebSite\",\"@id\":\"https:\\\/\\\/www.organisator.ch\\\/#website\",\"url\":\"https:\\\/\\\/www.organisator.ch\\\/\",\"name\":\"Organisator\",\"description\":\"Kompetent. Praxisnah. Der ORGANISATOR bereitet in 10 Ausgaben pro Jahr die wesentlichen Themen f\u00fcr F\u00fchrungskr\u00e4fte von KMU auf.\",\"publisher\":{\"@id\":\"https:\\\/\\\/www.organisator.ch\\\/#organization\"},\"potentialAction\":[{\"@type\":\"SearchAction\",\"target\":{\"@type\":\"EntryPoint\",\"urlTemplate\":\"https:\\\/\\\/www.organisator.ch\\\/?s={search_term_string}\"},\"query-input\":{\"@type\":\"PropertyValueSpecification\",\"valueRequired\":true,\"valueName\":\"search_term_string\"}}],\"inLanguage\":\"fr-FR\"},{\"@type\":\"Organization\",\"@id\":\"https:\\\/\\\/www.organisator.ch\\\/#organization\",\"name\":\"Organisator\",\"url\":\"https:\\\/\\\/www.organisator.ch\\\/\",\"logo\":{\"@type\":\"ImageObject\",\"inLanguage\":\"fr-FR\",\"@id\":\"https:\\\/\\\/www.organisator.ch\\\/#\\\/schema\\\/logo\\\/image\\\/\",\"url\":\"https:\\\/\\\/www.organisator.ch\\\/wp-content\\\/uploads\\\/2022\\\/01\\\/Logo_Organisator_Website.png\",\"contentUrl\":\"https:\\\/\\\/www.organisator.ch\\\/wp-content\\\/uploads\\\/2022\\\/01\\\/Logo_Organisator_Website.png\",\"width\":800,\"height\":77,\"caption\":\"Organisator\"},\"image\":{\"@id\":\"https:\\\/\\\/www.organisator.ch\\\/#\\\/schema\\\/logo\\\/image\\\/\"},\"sameAs\":[\"https:\\\/\\\/www.facebook.com\\\/OrganisatorFachmagazin\",\"https:\\\/\\\/www.linkedin.com\\\/showcase\\\/organisator-das-magazin-fr-kmu\",\"https:\\\/\\\/www.xing.com\\\/news\\\/pages\\\/organisator-ch-695\",\"https:\\\/\\\/www.youtube.com\\\/channel\\\/UCGP2Sq0iWaZwT3BdIAQFYpw\"]},{\"@type\":\"Person\",\"@id\":\"https:\\\/\\\/www.organisator.ch\\\/#\\\/schema\\\/person\\\/6f650f90b2842cd4c0cc334b4e36f67e\",\"name\":\"thomas.berner\",\"image\":{\"@type\":\"ImageObject\",\"inLanguage\":\"fr-FR\",\"@id\":\"https:\\\/\\\/secure.gravatar.com\\\/avatar\\\/ac5001d2a36cb6c6cd3e50789007ffca834b477b74a2144564522e944eabff61?s=96&d=mm&r=g\",\"url\":\"https:\\\/\\\/secure.gravatar.com\\\/avatar\\\/ac5001d2a36cb6c6cd3e50789007ffca834b477b74a2144564522e944eabff61?s=96&d=mm&r=g\",\"contentUrl\":\"https:\\\/\\\/secure.gravatar.com\\\/avatar\\\/ac5001d2a36cb6c6cd3e50789007ffca834b477b74a2144564522e944eabff61?s=96&d=mm&r=g\",\"caption\":\"thomas.berner\"},\"url\":\"https:\\\/\\\/www.organisator.ch\\\/fr\\\/author\\\/thomas-berner\\\/\"}]}<\/script>\n<!-- \/ Yoast SEO plugin. -->","yoast_head_json":{"title":"D\u00e9fauts de paiement et de cr\u00e9dit : Les CFO estiment que ces risques sont particuli\u00e8rement \u00e9lev\u00e9s - Organisateur","description":"Pour la premi\u00e8re fois, les directeurs financiers suisses citent les d\u00e9fauts de paiement et de cr\u00e9dit comme un risque s\u00e9rieux pour leur entreprise. C'est ce que r\u00e9v\u00e8le une enqu\u00eate de Deloitte.","robots":{"index":"index","follow":"follow","max-snippet":"max-snippet:-1","max-image-preview":"max-image-preview:large","max-video-preview":"max-video-preview:-1"},"canonical":"https:\/\/www.organisator.ch\/fr\/gestion-2\/finanzen_recht\/2020-10-22\/defaut-de-payement-et-de-credit-ces-risques-de-boucher-cfos-particulierement-haut-un\/","og_locale":"fr_FR","og_type":"article","og_title":"Zahlungs- und Kreditausf\u00e4lle: Diese Risiken sch\u00e4tzen CFOs besonders hoch ein","og_description":"Erstmals nennen Schweizer CFOs Zahlungs- und Kreditausf\u00e4lle als ein ernstzunehmendes Risiko f\u00fcr ihre Unternehmen. Dies zeigt eine Umfrage von Deloitte.","og_url":"https:\/\/www.organisator.ch\/fr\/gestion-2\/finanzen_recht\/2020-10-22\/defaut-de-payement-et-de-credit-ces-risques-de-boucher-cfos-particulierement-haut-un\/","og_site_name":"Organisator","article_publisher":"https:\/\/www.facebook.com\/OrganisatorFachmagazin","article_published_time":"2020-10-22T06:24:19+00:00","og_image":[{"width":680,"height":357,"url":"https:\/\/www.organisator.ch\/wp-content\/uploads\/2020\/10\/Zahlungs-und-Kreditausfaelle-Diese-Risiken-schaetzen-CFOs-besonders-hoch-ein-1_Organisator.jpg","type":"image\/jpeg"}],"author":"thomas.berner","twitter_card":"summary_large_image","twitter_title":"Zahlungs- und #Kreditausf\u00e4lle: Diese #Risiken sch\u00e4tzen #CFOs besonders hoch ein","twitter_description":"Erstmals nennen Schweizer #CFOs Zahlungs- und #Kreditausf\u00e4lle als ein ernstzunehmendes Risiko f\u00fcr ihre Unternehmen. Dies zeigt eine Umfrage von #Deloitte.","twitter_image":"https:\/\/www.organisator.ch\/wp-content\/uploads\/2020\/10\/Zahlungs-und-Kreditausfaelle-Diese-Risiken-schaetzen-CFOs-besonders-hoch-ein-1_Organisator.jpg","schema":{"@context":"https:\/\/schema.org","@graph":[{"@type":"Article","@id":"https:\/\/www.organisator.ch\/management\/finanzen_recht\/2020-10-22\/zahlungs-und-kreditausfaelle-diese-risiken-schaetzen-cfos-besonders-hoch-ein\/#article","isPartOf":{"@id":"https:\/\/www.organisator.ch\/management\/finanzen_recht\/2020-10-22\/zahlungs-und-kreditausfaelle-diese-risiken-schaetzen-cfos-besonders-hoch-ein\/"},"author":{"name":"thomas.berner","@id":"https:\/\/www.organisator.ch\/#\/schema\/person\/6f650f90b2842cd4c0cc334b4e36f67e"},"headline":"Zahlungs- und Kreditausf\u00e4lle: Diese Risiken sch\u00e4tzen CFOs besonders hoch ein","datePublished":"2020-10-22T06:24:19+00:00","mainEntityOfPage":{"@id":"https:\/\/www.organisator.ch\/management\/finanzen_recht\/2020-10-22\/zahlungs-und-kreditausfaelle-diese-risiken-schaetzen-cfos-besonders-hoch-ein\/"},"wordCount":1004,"publisher":{"@id":"https:\/\/www.organisator.ch\/#organization"},"image":{"@id":"https:\/\/www.organisator.ch\/management\/finanzen_recht\/2020-10-22\/zahlungs-und-kreditausfaelle-diese-risiken-schaetzen-cfos-besonders-hoch-ein\/#primaryimage"},"thumbnailUrl":"https:\/\/www.organisator.ch\/wp-content\/uploads\/2020\/10\/Zahlungs-und-Kreditausfaelle-Diese-Risiken-schaetzen-CFOs-besonders-hoch-ein-1_Organisator.jpg","keywords":["Finanzen\/Recht","Inkasso","Risikomanagement","Umfrage"],"articleSection":["FINANZEN\/RECHT"],"inLanguage":"fr-FR"},{"@type":"WebPage","@id":"https:\/\/www.organisator.ch\/management\/finanzen_recht\/2020-10-22\/zahlungs-und-kreditausfaelle-diese-risiken-schaetzen-cfos-besonders-hoch-ein\/","url":"https:\/\/www.organisator.ch\/management\/finanzen_recht\/2020-10-22\/zahlungs-und-kreditausfaelle-diese-risiken-schaetzen-cfos-besonders-hoch-ein\/","name":"D\u00e9fauts de paiement et de cr\u00e9dit : Les CFO estiment que ces risques sont particuli\u00e8rement \u00e9lev\u00e9s - Organisateur","isPartOf":{"@id":"https:\/\/www.organisator.ch\/#website"},"primaryImageOfPage":{"@id":"https:\/\/www.organisator.ch\/management\/finanzen_recht\/2020-10-22\/zahlungs-und-kreditausfaelle-diese-risiken-schaetzen-cfos-besonders-hoch-ein\/#primaryimage"},"image":{"@id":"https:\/\/www.organisator.ch\/management\/finanzen_recht\/2020-10-22\/zahlungs-und-kreditausfaelle-diese-risiken-schaetzen-cfos-besonders-hoch-ein\/#primaryimage"},"thumbnailUrl":"https:\/\/www.organisator.ch\/wp-content\/uploads\/2020\/10\/Zahlungs-und-Kreditausfaelle-Diese-Risiken-schaetzen-CFOs-besonders-hoch-ein-1_Organisator.jpg","datePublished":"2020-10-22T06:24:19+00:00","description":"Pour la premi\u00e8re fois, les directeurs financiers suisses citent les d\u00e9fauts de paiement et de cr\u00e9dit comme un risque s\u00e9rieux pour leur entreprise. C'est ce que r\u00e9v\u00e8le une enqu\u00eate de Deloitte.","breadcrumb":{"@id":"https:\/\/www.organisator.ch\/management\/finanzen_recht\/2020-10-22\/zahlungs-und-kreditausfaelle-diese-risiken-schaetzen-cfos-besonders-hoch-ein\/#breadcrumb"},"inLanguage":"fr-FR","potentialAction":[{"@type":"ReadAction","target":["https:\/\/www.organisator.ch\/management\/finanzen_recht\/2020-10-22\/zahlungs-und-kreditausfaelle-diese-risiken-schaetzen-cfos-besonders-hoch-ein\/"]}]},{"@type":"ImageObject","inLanguage":"fr-FR","@id":"https:\/\/www.organisator.ch\/management\/finanzen_recht\/2020-10-22\/zahlungs-und-kreditausfaelle-diese-risiken-schaetzen-cfos-besonders-hoch-ein\/#primaryimage","url":"https:\/\/www.organisator.ch\/wp-content\/uploads\/2020\/10\/Zahlungs-und-Kreditausfaelle-Diese-Risiken-schaetzen-CFOs-besonders-hoch-ein-1_Organisator.jpg","contentUrl":"https:\/\/www.organisator.ch\/wp-content\/uploads\/2020\/10\/Zahlungs-und-Kreditausfaelle-Diese-Risiken-schaetzen-CFOs-besonders-hoch-ein-1_Organisator.jpg","width":680,"height":357,"caption":"Leere Taschen all\u00fcberall: CFOs f\u00fcrchten eine Zunahme von Zahlungs- und Kreditausf\u00e4llen. (Bild: Pixabay.com)"},{"@type":"BreadcrumbList","@id":"https:\/\/www.organisator.ch\/management\/finanzen_recht\/2020-10-22\/zahlungs-und-kreditausfaelle-diese-risiken-schaetzen-cfos-besonders-hoch-ein\/#breadcrumb","itemListElement":[{"@type":"ListItem","position":1,"name":"Home","item":"https:\/\/www.organisator.ch\/"},{"@type":"ListItem","position":2,"name":"Zahlungs- und Kreditausf\u00e4lle: Diese Risiken sch\u00e4tzen CFOs besonders hoch ein"}]},{"@type":"WebSite","@id":"https:\/\/www.organisator.ch\/#website","url":"https:\/\/www.organisator.ch\/","name":"Organisateur","description":"Comp\u00e9tence et comp\u00e9tence. Proches de la pratique. L'ORGANISATEUR pr\u00e9pare 10 num\u00e9ros par an sur les th\u00e8mes essentiels pour les dirigeants de PME.","publisher":{"@id":"https:\/\/www.organisator.ch\/#organization"},"potentialAction":[{"@type":"SearchAction","target":{"@type":"EntryPoint","urlTemplate":"https:\/\/www.organisator.ch\/?s={search_term_string}"},"query-input":{"@type":"PropertyValueSpecification","valueRequired":true,"valueName":"search_term_string"}}],"inLanguage":"fr-FR"},{"@type":"Organization","@id":"https:\/\/www.organisator.ch\/#organization","name":"Organisateur","url":"https:\/\/www.organisator.ch\/","logo":{"@type":"ImageObject","inLanguage":"fr-FR","@id":"https:\/\/www.organisator.ch\/#\/schema\/logo\/image\/","url":"https:\/\/www.organisator.ch\/wp-content\/uploads\/2022\/01\/Logo_Organisator_Website.png","contentUrl":"https:\/\/www.organisator.ch\/wp-content\/uploads\/2022\/01\/Logo_Organisator_Website.png","width":800,"height":77,"caption":"Organisator"},"image":{"@id":"https:\/\/www.organisator.ch\/#\/schema\/logo\/image\/"},"sameAs":["https:\/\/www.facebook.com\/OrganisatorFachmagazin","https:\/\/www.linkedin.com\/showcase\/organisator-das-magazin-fr-kmu","https:\/\/www.xing.com\/news\/pages\/organisator-ch-695","https:\/\/www.youtube.com\/channel\/UCGP2Sq0iWaZwT3BdIAQFYpw"]},{"@type":"Person","@id":"https:\/\/www.organisator.ch\/#\/schema\/person\/6f650f90b2842cd4c0cc334b4e36f67e","name":"thomas.berner","image":{"@type":"ImageObject","inLanguage":"fr-FR","@id":"https:\/\/secure.gravatar.com\/avatar\/ac5001d2a36cb6c6cd3e50789007ffca834b477b74a2144564522e944eabff61?s=96&d=mm&r=g","url":"https:\/\/secure.gravatar.com\/avatar\/ac5001d2a36cb6c6cd3e50789007ffca834b477b74a2144564522e944eabff61?s=96&d=mm&r=g","contentUrl":"https:\/\/secure.gravatar.com\/avatar\/ac5001d2a36cb6c6cd3e50789007ffca834b477b74a2144564522e944eabff61?s=96&d=mm&r=g","caption":"thomas.berner"},"url":"https:\/\/www.organisator.ch\/fr\/author\/thomas-berner\/"}]}},"_links":{"self":[{"href":"https:\/\/www.organisator.ch\/fr\/wp-json\/wp\/v2\/posts\/7241","targetHints":{"allow":["GET"]}}],"collection":[{"href":"https:\/\/www.organisator.ch\/fr\/wp-json\/wp\/v2\/posts"}],"about":[{"href":"https:\/\/www.organisator.ch\/fr\/wp-json\/wp\/v2\/types\/post"}],"author":[{"embeddable":true,"href":"https:\/\/www.organisator.ch\/fr\/wp-json\/wp\/v2\/users\/4"}],"replies":[{"embeddable":true,"href":"https:\/\/www.organisator.ch\/fr\/wp-json\/wp\/v2\/comments?post=7241"}],"version-history":[{"count":0,"href":"https:\/\/www.organisator.ch\/fr\/wp-json\/wp\/v2\/posts\/7241\/revisions"}],"wp:featuredmedia":[{"embeddable":true,"href":"https:\/\/www.organisator.ch\/fr\/wp-json\/wp\/v2\/media\/7243"}],"wp:attachment":[{"href":"https:\/\/www.organisator.ch\/fr\/wp-json\/wp\/v2\/media?parent=7241"}],"wp:term":[{"taxonomy":"category","embeddable":true,"href":"https:\/\/www.organisator.ch\/fr\/wp-json\/wp\/v2\/categories?post=7241"},{"taxonomy":"post_tag","embeddable":true,"href":"https:\/\/www.organisator.ch\/fr\/wp-json\/wp\/v2\/tags?post=7241"}],"curies":[{"name":"wp","href":"https:\/\/api.w.org\/{rel}","templated":true}]}}