{"id":7297,"date":"2020-11-06T09:00:49","date_gmt":"2020-11-06T08:00:49","guid":{"rendered":"https:\/\/www.organisator.ch\/?p=7297"},"modified":"2020-11-06T09:00:49","modified_gmt":"2020-11-06T08:00:49","slug":"anwenderzufriedenheit-wie-steht-es-um-den-erp-einsatz-in-der-praxis","status":"publish","type":"post","link":"https:\/\/www.organisator.ch\/fr\/management\/it\/2020-11-06\/anwenderzufriedenheit-wie-steht-es-um-den-erp-einsatz-in-der-praxis\/","title":{"rendered":"Satisfaction des utilisateurs : qu'en est-il de l'utilisation de l'ERP dans la pratique ?"},"content":{"rendered":"<figure id=\"attachment_7298\" aria-describedby=\"caption-attachment-7298\" style=\"width: 680px\" class=\"wp-caption alignnone\"><img loading=\"lazy\" decoding=\"async\" class=\"size-medium wp-image-7298\" src=\"https:\/\/www.organisator.ch\/wp-content\/uploads\/2020\/11\/Anwenderzufriedenheit-Wie-steht-es-um-den-ERP-Einsatz-in-der-Praxis-1_Organisator.jpg\" alt=\"\" width=\"680\" height=\"454\" srcset=\"https:\/\/www.organisator.ch\/wp-content\/uploads\/2020\/11\/Anwenderzufriedenheit-Wie-steht-es-um-den-ERP-Einsatz-in-der-Praxis-1_Organisator.jpg 680w, https:\/\/www.organisator.ch\/wp-content\/uploads\/2020\/11\/Anwenderzufriedenheit-Wie-steht-es-um-den-ERP-Einsatz-in-der-Praxis-1_Organisator-16x12.jpg 16w, https:\/\/www.organisator.ch\/wp-content\/uploads\/2020\/11\/Anwenderzufriedenheit-Wie-steht-es-um-den-ERP-Einsatz-in-der-Praxis-1_Organisator-262x175.jpg 262w, https:\/\/www.organisator.ch\/wp-content\/uploads\/2020\/11\/Anwenderzufriedenheit-Wie-steht-es-um-den-ERP-Einsatz-in-der-Praxis-1_Organisator-524x350.jpg 524w, https:\/\/www.organisator.ch\/wp-content\/uploads\/2020\/11\/Anwenderzufriedenheit-Wie-steht-es-um-den-ERP-Einsatz-in-der-Praxis-1_Organisator-300x200.jpg 300w\" sizes=\"auto, (max-width: 680px) 100vw, 680px\" \/><figcaption id=\"caption-attachment-7298\" class=\"wp-caption-text\">La satisfaction des utilisateurs lors de l'utilisation de syst\u00e8mes ERP est en principe \u00e9lev\u00e9e, mais il y a tout de m\u00eame une \"marge de progression\". (Image : depositphotos.com)<\/figcaption><\/figure>\n<p>Pour la dixi\u00e8me fois depuis 2004, Trovarit AG \u00e0 Aix-la-Chapelle, en collaboration avec des partenaires d'Allemagne, d'Autriche et de Suisse, a analys\u00e9 la satisfaction des utilisateurs de logiciels ERP. La base est une collecte de donn\u00e9es de mi-mars \u00e0 d\u00e9but juillet 2020. 2089 questionnaires ont \u00e9t\u00e9 admis pour l'\u00e9valuation apr\u00e8s un contr\u00f4le de qualit\u00e9 intensif. 41 syst\u00e8mes disposent d'une part significative de la base install\u00e9e. L'\u00e9tude Trovarit est la plus grande \u00e9tude ind\u00e9pendante sur l'utilisation des ERP en Europe.<\/p>\n<h2>Les syst\u00e8mes sont remplac\u00e9s un peu plus t\u00f4t<\/h2>\n<p>L'\u00e9tude a notamment port\u00e9 sur l'\u00e2ge des syst\u00e8mes ERP utilis\u00e9s. Alors que la dur\u00e9e d'utilisation moyenne n'a cess\u00e9 d'augmenter au cours des derni\u00e8res \u00e9tudes, on a enregistr\u00e9 cette ann\u00e9e pour la premi\u00e8re fois un l\u00e9ger recul, passant de 11,7 ann\u00e9es d'exploitation (2018) \u00e0 11,3 ans. Cela indique des investissements de remplacement croissants au cours des deux derni\u00e8res ann\u00e9es. La plupart des utilisateurs respectent les cycles de version des fournisseurs et veillent \u00e0 ce que les logiciels qu'ils utilisent soient \u00e0 jour. D'autre part, 30 % des installations utilisent une version datant de trois ans ou plus.<\/p>\n<h2>Satisfaction des utilisateurs : une question d'utilit\u00e9 et de rentabilit\u00e9<\/h2>\n<p>Il existe un lien significatif entre la satisfaction des utilisateurs et l'utilit\u00e9 ou la rentabilit\u00e9 du syst\u00e8me ERP utilis\u00e9. La majorit\u00e9 des participants \u00e0 l'\u00e9tude attestent que leurs syst\u00e8mes contribuent concr\u00e8tement \u00e0 la simplification et \u00e0 l'acc\u00e9l\u00e9ration des processus (59 %) et \u00e0 la mise \u00e0 disposition rapide et simple des informations (56 %). Toutefois, les personnes interrog\u00e9es sont nettement moins nombreuses \u00e0 consid\u00e9rer le r\u00f4le souvent colport\u00e9 du syst\u00e8me ERP comme \"\u00e9pine dorsale du paysage logiciel\". Il convient de souligner ici que les aspects utilitaires d\u00e9pendent de la taille de l'entreprise. Pour les petites entreprises, l'efficacit\u00e9 des processus et la transparence sont plus importantes que pour les grandes entreprises, qui jugent leur ERP plut\u00f4t \u00e0 l'aune de sa capacit\u00e9 \u00e0 automatiser les processus et \u00e0 r\u00e9duire les co\u00fbts de ces derniers.<\/p>\n<h2>Les relations avec les clients sont payantes<\/h2>\n<p>Les meilleurs classements de l'\u00e9tude de satisfaction 2020\/21 sont attribu\u00e9s aux fournisseurs qui pr\u00e9sentent une utilit\u00e9 sup\u00e9rieure \u00e0 la moyenne, qui disposent d'une faible complexit\u00e9 ou qui entretiennent une relation \u00e9troite avec les clients. Une communication ouverte et intensive avec les clients leur assure de nombreux points positifs. Un fournisseur qui peut proposer le d\u00e9veloppement, l'introduction et le suivi d'une seule main s'assure d'importants avantages aupr\u00e8s des utilisateurs. C'est ce que montrent par exemple des fournisseurs comme Opacc ou oxaion dans la \"cat\u00e9gorie de poids moyenne\". Les installations ERP exigeantes ont tendance \u00e0 avoir plus de mal en raison de la grande complexit\u00e9 des projets. Par exemple, Microsoft \"Dynamics 365 Finance &amp; SCM\" (anciennement Dynamics AX\/Axapta) et SAP S\/4 HANA se situent nettement derri\u00e8re Infor ERP LN en termes de note globale.<\/p>\n<h2>Peu de changements dans le classement<\/h2>\n<p>Par rapport \u00e0 2018, la plupart des syst\u00e8mes ont confirm\u00e9 leurs r\u00e9sultats. Toutefois, il y a aussi quelques gagnants et perdants. Le fournisseur suisse TOSCA (dynasoft AG), par exemple, affiche une hausse significative dans la cat\u00e9gorie Satisfaction logicielle. D'un autre c\u00f4t\u00e9, Canias, entre autres, subit des pertes en termes de satisfaction vis-\u00e0-vis de son fournisseur. L'\u00e9valuation d'IFS Applications semble \u00e9tonnamment n\u00e9gative, alors que la solution avait obtenu d'assez bons r\u00e9sultats les ann\u00e9es pr\u00e9c\u00e9dentes. Les clients critiquent la satisfaction vis-\u00e0-vis du partenaire de maintenance et du prestataire de services autour de l'offre cloud ; dans la plupart des cas, il s'agit du fabricant IFS lui-m\u00eame. Cela a entra\u00een\u00e9 une v\u00e9ritable chute d'une demi-note d'\u00e9cole. L'\u00e9tude montre globalement que la taille et la complexit\u00e9 d'une installation ERP sont directement li\u00e9es \u00e0 la satisfaction des utilisateurs. Plus le niveau d'exigence est \u00e9lev\u00e9, plus les clients sont critiques.<\/p>\n<figure id=\"attachment_7299\" aria-describedby=\"caption-attachment-7299\" style=\"width: 680px\" class=\"wp-caption alignnone\"><img loading=\"lazy\" decoding=\"async\" class=\"size-medium wp-image-7299\" src=\"https:\/\/www.organisator.ch\/wp-content\/uploads\/2020\/11\/Anwenderzufriedenheit-Wie-steht-es-um-den-ERP-Einsatz-in-der-Praxis-2_Organisator.jpg\" alt=\"\" width=\"680\" height=\"657\" srcset=\"https:\/\/www.organisator.ch\/wp-content\/uploads\/2020\/11\/Anwenderzufriedenheit-Wie-steht-es-um-den-ERP-Einsatz-in-der-Praxis-2_Organisator.jpg 680w, https:\/\/www.organisator.ch\/wp-content\/uploads\/2020\/11\/Anwenderzufriedenheit-Wie-steht-es-um-den-ERP-Einsatz-in-der-Praxis-2_Organisator-12x12.jpg 12w, https:\/\/www.organisator.ch\/wp-content\/uploads\/2020\/11\/Anwenderzufriedenheit-Wie-steht-es-um-den-ERP-Einsatz-in-der-Praxis-2_Organisator-181x175.jpg 181w, https:\/\/www.organisator.ch\/wp-content\/uploads\/2020\/11\/Anwenderzufriedenheit-Wie-steht-es-um-den-ERP-Einsatz-in-der-Praxis-2_Organisator-362x350.jpg 362w, https:\/\/www.organisator.ch\/wp-content\/uploads\/2020\/11\/Anwenderzufriedenheit-Wie-steht-es-um-den-ERP-Einsatz-in-der-Praxis-2_Organisator-300x290.jpg 300w\" sizes=\"auto, (max-width: 680px) 100vw, 680px\" \/><figcaption id=\"caption-attachment-7299\" class=\"wp-caption-text\">La satisfaction des utilisateurs des syst\u00e8mes ERP suisses. (Image : Trovarit \/ 2bcs)<\/figcaption><\/figure>\n<h2>Utilisation de l'ERP : voici les principaux domaines probl\u00e9matiques<\/h2>\n<p>Les utilisateurs voient le plus grand d\u00e9fi dans les temps de r\u00e9action trop longs de l'assistance du fournisseur (16 % des entreprises), suivis par les co\u00fbts d'exploitation de l'ERP (13,4%) et les charges de maintenance des donn\u00e9es (13,1 1 %). Mais il y a aussi de bonnes nouvelles : Une entreprise sur cinq d\u00e9clare ne rencontrer aucun probl\u00e8me dans l'exploitation de l'ERP. Cette d\u00e9claration est \u00e0 nouveau une question de taille. Seules 10 % des moyennes entreprises peuvent le souligner, contre 24 % pour les petites entreprises. Il existe \u00e9galement diff\u00e9rents probl\u00e8mes entre les grandes et les moyennes entreprises. Il s'agit notamment de l'adaptabilit\u00e9 du logiciel, de l'ergonomie, des d\u00e9penses li\u00e9es aux mises \u00e0 jour ainsi que des interfaces ou de l'int\u00e9gration des applications logicielles.<\/p>\n<h2>Outre la satisfaction des utilisateurs, ces th\u00e8mes sont au centre des pr\u00e9occupations<\/h2>\n<p>Il n'est pas \u00e9tonnant que 60 % des entreprises interrog\u00e9es consid\u00e8rent la s\u00e9curit\u00e9 des donn\u00e9es et de l'information comme tr\u00e8s importante. Cela correspond \u00e0 la deuxi\u00e8me place, au respect des directives l\u00e9gales et \u00e0 la conformit\u00e9 avec les r\u00e9glementations du secteur. Dans ce domaine, les fournisseurs ERP seront encore plus sollicit\u00e9s \u00e0 l'avenir pour r\u00e9pondre aux exigences. Que ce soit par une gestion claire de l'identit\u00e9, l'archivage juridiquement s\u00fbr des documents, l'utilisation des donn\u00e9es personnelles ou la gestion des informations sur les produits (GTIN\/NTIN\/PPN), les dates de p\u00e9remption et les num\u00e9ros de lot. Si l'on regarde de plus pr\u00e8s les syst\u00e8mes ERP \u00e9valu\u00e9s, il n'est pas \u00e9tonnant que 45 % des utilisateurs fassent de la convivialit\u00e9 et de l'ergonomie du logiciel un sujet de pr\u00e9occupation. Le th\u00e8me de la mobilit\u00e9 fait \u00e9galement partie du top 5. L'utilisation mobile joue un r\u00f4le de plus en plus important dans les mod\u00e8les commerciaux, les structures organisationnelles et les formes de travail.<\/p>\n<h2>Malgr\u00e9 tout, la plupart des syst\u00e8mes sont tr\u00e8s satisfaisants pour les utilisateurs<\/h2>\n<p>L'\u00e9tude actuelle de Trovarit montre que la plupart des utilisateurs sont largement satisfaits des logiciels ERP qu'ils utilisent. Tout ce qui est actuellement consid\u00e9r\u00e9 comme hype dans les m\u00e9dias n'a pas encore d'\u00e9cho dans la pratique de l'entreprise. L'Internet des objets, l'intelligence artificielle, la Robotic Process Automation ou la r\u00e9alit\u00e9 augment\u00e9e\/virtuelle ne sont pas encore vraiment \u00e0 l'ordre du jour. La relation et la communication avec les clients sont et restent actuellement, outre la technologie utilis\u00e9e, des facteurs de succ\u00e8s d\u00e9cisifs en mati\u00e8re de satisfaction des utilisateurs.<\/p>\n<p><em>Source : <a href=\"http:\/\/www.2bcs.ch\">2BCS SA<\/a><\/em><\/p>","protected":false},"excerpt":{"rendered":"<p>Bereits zum zehnten Mal seit 2004 hat die Trovarit AG in Aachen zusammen mit Partnern aus Deutschland, \u00d6sterreich und der Schweiz die Anwenderzufriedenheit mit ERP-Software untersucht. Basis bildet eine Datenerhebung von Mitte M\u00e4rz bis Anfang Juli 2020. Nach intensiver Qualit\u00e4tspr\u00fcfung wurden 2089 Frageb\u00f6gen f\u00fcr die Auswertung zugelassen. 41 Systeme verf\u00fcgen \u00fcber einen relevanten Anteil der [&hellip;]<\/p>\n","protected":false},"author":4,"featured_media":7298,"comment_status":"closed","ping_status":"closed","sticky":false,"template":"","format":"standard","meta":{"_acf_changed":false,"_yoast_wpseo_focuskw":"Anwenderzufriedenheit","_yoast_wpseo_metadesc":"Die aktuelle Studie \u00abERP in der Praxis 2020\/21 \u2013 Anwenderzufriedenheit, Nutzen & Perspektiven\u00bb zeigt, wo den Kunden der Schuh dr\u00fcckt.","articlekey":"","footnotes":""},"categories":[27],"tags":[286,288,459],"class_list":["post-7297","post","type-post","status-publish","format-standard","has-post-thumbnail","hentry","category-it","tag-it","tag-it-business-software","tag-studie"],"acf":[],"yoast_head":"<!-- This site is optimized with the Yoast SEO plugin v27.4 - https:\/\/yoast.com\/product\/yoast-seo-wordpress\/ -->\n<title>Anwenderzufriedenheit: Wie steht es um den ERP-Einsatz in der Praxis? - Organisator<\/title>\n<meta name=\"description\" content=\"Die aktuelle Studie \u00abERP in der Praxis 2020\/21 \u2013 Anwenderzufriedenheit, Nutzen &amp; Perspektiven\u00bb zeigt, wo den Kunden der Schuh dr\u00fcckt.\" \/>\n<meta name=\"robots\" content=\"index, follow, max-snippet:-1, max-image-preview:large, max-video-preview:-1\" \/>\n<link rel=\"canonical\" href=\"https:\/\/www.organisator.ch\/fr\/gestion-2\/it\/2020-11-06\/anwenderzufriedenheit-wie-steht-es-um-den-erp-einsatz-in-der-praxis\/\" \/>\n<meta property=\"og:locale\" content=\"fr_FR\" \/>\n<meta property=\"og:type\" content=\"article\" \/>\n<meta property=\"og:title\" content=\"Anwenderzufriedenheit: Wie steht es um den ERP-Einsatz in der Praxis?\" \/>\n<meta property=\"og:description\" content=\"Die aktuelle Studie \u00abERP in der Praxis 2020\/21 \u2013 Anwenderzufriedenheit, Nutzen &amp; Perspektiven\u00bb zeigt, wo den Kunden der Schuh dr\u00fcckt.\" \/>\n<meta property=\"og:url\" content=\"https:\/\/www.organisator.ch\/fr\/gestion-2\/it\/2020-11-06\/anwenderzufriedenheit-wie-steht-es-um-den-erp-einsatz-in-der-praxis\/\" \/>\n<meta property=\"og:site_name\" content=\"Organisator\" \/>\n<meta property=\"article:publisher\" content=\"https:\/\/www.facebook.com\/OrganisatorFachmagazin\" \/>\n<meta property=\"article:published_time\" content=\"2020-11-06T08:00:49+00:00\" \/>\n<meta property=\"og:image\" content=\"https:\/\/www.organisator.ch\/wp-content\/uploads\/2020\/11\/Anwenderzufriedenheit-Wie-steht-es-um-den-ERP-Einsatz-in-der-Praxis-1_Organisator.jpg\" \/>\n\t<meta property=\"og:image:width\" content=\"680\" \/>\n\t<meta property=\"og:image:height\" content=\"454\" \/>\n\t<meta property=\"og:image:type\" content=\"image\/jpeg\" \/>\n<meta name=\"author\" content=\"thomas.berner\" \/>\n<meta name=\"twitter:card\" content=\"summary_large_image\" \/>\n<meta name=\"twitter:title\" content=\"#Anwenderzufriedenheit: Wie steht es um den #ERP-Einsatz in der Praxis?\" \/>\n<meta name=\"twitter:description\" content=\"Die aktuelle Studie \u00ab#ERP in der Praxis 2020\/21 \u2013 #Anwenderzufriedenheit, Nutzen &amp; Perspektiven\u00bb zeigt, wo den Kunden der Schuh dr\u00fcckt.\" \/>\n<meta name=\"twitter:image\" content=\"https:\/\/www.organisator.ch\/wp-content\/uploads\/2020\/11\/Anwenderzufriedenheit-Wie-steht-es-um-den-ERP-Einsatz-in-der-Praxis-1_Organisator.jpg\" \/>\n<script type=\"application\/ld+json\" class=\"yoast-schema-graph\">{\"@context\":\"https:\\\/\\\/schema.org\",\"@graph\":[{\"@type\":\"Article\",\"@id\":\"https:\\\/\\\/www.organisator.ch\\\/management\\\/it\\\/2020-11-06\\\/anwenderzufriedenheit-wie-steht-es-um-den-erp-einsatz-in-der-praxis\\\/#article\",\"isPartOf\":{\"@id\":\"https:\\\/\\\/www.organisator.ch\\\/management\\\/it\\\/2020-11-06\\\/anwenderzufriedenheit-wie-steht-es-um-den-erp-einsatz-in-der-praxis\\\/\"},\"author\":{\"name\":\"thomas.berner\",\"@id\":\"https:\\\/\\\/www.organisator.ch\\\/#\\\/schema\\\/person\\\/6f650f90b2842cd4c0cc334b4e36f67e\"},\"headline\":\"Anwenderzufriedenheit: Wie steht es um den ERP-Einsatz in der Praxis?\",\"datePublished\":\"2020-11-06T08:00:49+00:00\",\"mainEntityOfPage\":{\"@id\":\"https:\\\/\\\/www.organisator.ch\\\/management\\\/it\\\/2020-11-06\\\/anwenderzufriedenheit-wie-steht-es-um-den-erp-einsatz-in-der-praxis\\\/\"},\"wordCount\":901,\"publisher\":{\"@id\":\"https:\\\/\\\/www.organisator.ch\\\/#organization\"},\"image\":{\"@id\":\"https:\\\/\\\/www.organisator.ch\\\/management\\\/it\\\/2020-11-06\\\/anwenderzufriedenheit-wie-steht-es-um-den-erp-einsatz-in-der-praxis\\\/#primaryimage\"},\"thumbnailUrl\":\"https:\\\/\\\/www.organisator.ch\\\/wp-content\\\/uploads\\\/2020\\\/11\\\/Anwenderzufriedenheit-Wie-steht-es-um-den-ERP-Einsatz-in-der-Praxis-1_Organisator.jpg\",\"keywords\":[\"IT\",\"IT &amp; Business Software\",\"Studie\"],\"articleSection\":[\"IT\"],\"inLanguage\":\"fr-FR\"},{\"@type\":\"WebPage\",\"@id\":\"https:\\\/\\\/www.organisator.ch\\\/management\\\/it\\\/2020-11-06\\\/anwenderzufriedenheit-wie-steht-es-um-den-erp-einsatz-in-der-praxis\\\/\",\"url\":\"https:\\\/\\\/www.organisator.ch\\\/management\\\/it\\\/2020-11-06\\\/anwenderzufriedenheit-wie-steht-es-um-den-erp-einsatz-in-der-praxis\\\/\",\"name\":\"Anwenderzufriedenheit: Wie steht es um den ERP-Einsatz in der Praxis? - Organisator\",\"isPartOf\":{\"@id\":\"https:\\\/\\\/www.organisator.ch\\\/#website\"},\"primaryImageOfPage\":{\"@id\":\"https:\\\/\\\/www.organisator.ch\\\/management\\\/it\\\/2020-11-06\\\/anwenderzufriedenheit-wie-steht-es-um-den-erp-einsatz-in-der-praxis\\\/#primaryimage\"},\"image\":{\"@id\":\"https:\\\/\\\/www.organisator.ch\\\/management\\\/it\\\/2020-11-06\\\/anwenderzufriedenheit-wie-steht-es-um-den-erp-einsatz-in-der-praxis\\\/#primaryimage\"},\"thumbnailUrl\":\"https:\\\/\\\/www.organisator.ch\\\/wp-content\\\/uploads\\\/2020\\\/11\\\/Anwenderzufriedenheit-Wie-steht-es-um-den-ERP-Einsatz-in-der-Praxis-1_Organisator.jpg\",\"datePublished\":\"2020-11-06T08:00:49+00:00\",\"description\":\"Die aktuelle Studie \u00abERP in der Praxis 2020\\\/21 \u2013 Anwenderzufriedenheit, Nutzen & Perspektiven\u00bb zeigt, wo den Kunden der Schuh dr\u00fcckt.\",\"breadcrumb\":{\"@id\":\"https:\\\/\\\/www.organisator.ch\\\/management\\\/it\\\/2020-11-06\\\/anwenderzufriedenheit-wie-steht-es-um-den-erp-einsatz-in-der-praxis\\\/#breadcrumb\"},\"inLanguage\":\"fr-FR\",\"potentialAction\":[{\"@type\":\"ReadAction\",\"target\":[\"https:\\\/\\\/www.organisator.ch\\\/management\\\/it\\\/2020-11-06\\\/anwenderzufriedenheit-wie-steht-es-um-den-erp-einsatz-in-der-praxis\\\/\"]}]},{\"@type\":\"ImageObject\",\"inLanguage\":\"fr-FR\",\"@id\":\"https:\\\/\\\/www.organisator.ch\\\/management\\\/it\\\/2020-11-06\\\/anwenderzufriedenheit-wie-steht-es-um-den-erp-einsatz-in-der-praxis\\\/#primaryimage\",\"url\":\"https:\\\/\\\/www.organisator.ch\\\/wp-content\\\/uploads\\\/2020\\\/11\\\/Anwenderzufriedenheit-Wie-steht-es-um-den-ERP-Einsatz-in-der-Praxis-1_Organisator.jpg\",\"contentUrl\":\"https:\\\/\\\/www.organisator.ch\\\/wp-content\\\/uploads\\\/2020\\\/11\\\/Anwenderzufriedenheit-Wie-steht-es-um-den-ERP-Einsatz-in-der-Praxis-1_Organisator.jpg\",\"width\":680,\"height\":454,\"caption\":\"Die Anwenderzufriedenheit beim Einsatz von ERP-Systemen ist grunds\u00e4tzlich hoch, es gibt aber durchaus \\\"Luft nach oben\\\". (Bild: depositphotos.com)\"},{\"@type\":\"BreadcrumbList\",\"@id\":\"https:\\\/\\\/www.organisator.ch\\\/management\\\/it\\\/2020-11-06\\\/anwenderzufriedenheit-wie-steht-es-um-den-erp-einsatz-in-der-praxis\\\/#breadcrumb\",\"itemListElement\":[{\"@type\":\"ListItem\",\"position\":1,\"name\":\"Home\",\"item\":\"https:\\\/\\\/www.organisator.ch\\\/\"},{\"@type\":\"ListItem\",\"position\":2,\"name\":\"Anwenderzufriedenheit: Wie steht es um den ERP-Einsatz in der Praxis?\"}]},{\"@type\":\"WebSite\",\"@id\":\"https:\\\/\\\/www.organisator.ch\\\/#website\",\"url\":\"https:\\\/\\\/www.organisator.ch\\\/\",\"name\":\"Organisator\",\"description\":\"Kompetent. Praxisnah. Der ORGANISATOR bereitet in 10 Ausgaben pro Jahr die wesentlichen Themen f\u00fcr F\u00fchrungskr\u00e4fte von KMU auf.\",\"publisher\":{\"@id\":\"https:\\\/\\\/www.organisator.ch\\\/#organization\"},\"potentialAction\":[{\"@type\":\"SearchAction\",\"target\":{\"@type\":\"EntryPoint\",\"urlTemplate\":\"https:\\\/\\\/www.organisator.ch\\\/?s={search_term_string}\"},\"query-input\":{\"@type\":\"PropertyValueSpecification\",\"valueRequired\":true,\"valueName\":\"search_term_string\"}}],\"inLanguage\":\"fr-FR\"},{\"@type\":\"Organization\",\"@id\":\"https:\\\/\\\/www.organisator.ch\\\/#organization\",\"name\":\"Organisator\",\"url\":\"https:\\\/\\\/www.organisator.ch\\\/\",\"logo\":{\"@type\":\"ImageObject\",\"inLanguage\":\"fr-FR\",\"@id\":\"https:\\\/\\\/www.organisator.ch\\\/#\\\/schema\\\/logo\\\/image\\\/\",\"url\":\"https:\\\/\\\/www.organisator.ch\\\/wp-content\\\/uploads\\\/2022\\\/01\\\/Logo_Organisator_Website.png\",\"contentUrl\":\"https:\\\/\\\/www.organisator.ch\\\/wp-content\\\/uploads\\\/2022\\\/01\\\/Logo_Organisator_Website.png\",\"width\":800,\"height\":77,\"caption\":\"Organisator\"},\"image\":{\"@id\":\"https:\\\/\\\/www.organisator.ch\\\/#\\\/schema\\\/logo\\\/image\\\/\"},\"sameAs\":[\"https:\\\/\\\/www.facebook.com\\\/OrganisatorFachmagazin\",\"https:\\\/\\\/www.linkedin.com\\\/showcase\\\/organisator-das-magazin-fr-kmu\",\"https:\\\/\\\/www.xing.com\\\/news\\\/pages\\\/organisator-ch-695\",\"https:\\\/\\\/www.youtube.com\\\/channel\\\/UCGP2Sq0iWaZwT3BdIAQFYpw\"]},{\"@type\":\"Person\",\"@id\":\"https:\\\/\\\/www.organisator.ch\\\/#\\\/schema\\\/person\\\/6f650f90b2842cd4c0cc334b4e36f67e\",\"name\":\"thomas.berner\",\"image\":{\"@type\":\"ImageObject\",\"inLanguage\":\"fr-FR\",\"@id\":\"https:\\\/\\\/secure.gravatar.com\\\/avatar\\\/ac5001d2a36cb6c6cd3e50789007ffca834b477b74a2144564522e944eabff61?s=96&d=mm&r=g\",\"url\":\"https:\\\/\\\/secure.gravatar.com\\\/avatar\\\/ac5001d2a36cb6c6cd3e50789007ffca834b477b74a2144564522e944eabff61?s=96&d=mm&r=g\",\"contentUrl\":\"https:\\\/\\\/secure.gravatar.com\\\/avatar\\\/ac5001d2a36cb6c6cd3e50789007ffca834b477b74a2144564522e944eabff61?s=96&d=mm&r=g\",\"caption\":\"thomas.berner\"},\"url\":\"https:\\\/\\\/www.organisator.ch\\\/fr\\\/author\\\/thomas-berner\\\/\"}]}<\/script>\n<!-- \/ Yoast SEO plugin. -->","yoast_head_json":{"title":"Satisfaction des utilisateurs : qu'en est-il de l'utilisation de l'ERP dans la pratique ? - Organisateur","description":"L'\u00e9tude actuelle \"ERP in der Praxis 2020\/21 - satisfaction des utilisateurs, utilit\u00e9 &amp; perspectives\" montre o\u00f9 le b\u00e2t blesse pour les clients.","robots":{"index":"index","follow":"follow","max-snippet":"max-snippet:-1","max-image-preview":"max-image-preview:large","max-video-preview":"max-video-preview:-1"},"canonical":"https:\/\/www.organisator.ch\/fr\/gestion-2\/it\/2020-11-06\/anwenderzufriedenheit-wie-steht-es-um-den-erp-einsatz-in-der-praxis\/","og_locale":"fr_FR","og_type":"article","og_title":"Anwenderzufriedenheit: Wie steht es um den ERP-Einsatz in der Praxis?","og_description":"Die aktuelle Studie \u00abERP in der Praxis 2020\/21 \u2013 Anwenderzufriedenheit, Nutzen & Perspektiven\u00bb zeigt, wo den Kunden der Schuh dr\u00fcckt.","og_url":"https:\/\/www.organisator.ch\/fr\/gestion-2\/it\/2020-11-06\/anwenderzufriedenheit-wie-steht-es-um-den-erp-einsatz-in-der-praxis\/","og_site_name":"Organisator","article_publisher":"https:\/\/www.facebook.com\/OrganisatorFachmagazin","article_published_time":"2020-11-06T08:00:49+00:00","og_image":[{"width":680,"height":454,"url":"https:\/\/www.organisator.ch\/wp-content\/uploads\/2020\/11\/Anwenderzufriedenheit-Wie-steht-es-um-den-ERP-Einsatz-in-der-Praxis-1_Organisator.jpg","type":"image\/jpeg"}],"author":"thomas.berner","twitter_card":"summary_large_image","twitter_title":"#Anwenderzufriedenheit: Wie steht es um den #ERP-Einsatz in der Praxis?","twitter_description":"Die aktuelle Studie \u00ab#ERP in der Praxis 2020\/21 \u2013 #Anwenderzufriedenheit, Nutzen & Perspektiven\u00bb zeigt, wo den Kunden der Schuh dr\u00fcckt.","twitter_image":"https:\/\/www.organisator.ch\/wp-content\/uploads\/2020\/11\/Anwenderzufriedenheit-Wie-steht-es-um-den-ERP-Einsatz-in-der-Praxis-1_Organisator.jpg","schema":{"@context":"https:\/\/schema.org","@graph":[{"@type":"Article","@id":"https:\/\/www.organisator.ch\/management\/it\/2020-11-06\/anwenderzufriedenheit-wie-steht-es-um-den-erp-einsatz-in-der-praxis\/#article","isPartOf":{"@id":"https:\/\/www.organisator.ch\/management\/it\/2020-11-06\/anwenderzufriedenheit-wie-steht-es-um-den-erp-einsatz-in-der-praxis\/"},"author":{"name":"thomas.berner","@id":"https:\/\/www.organisator.ch\/#\/schema\/person\/6f650f90b2842cd4c0cc334b4e36f67e"},"headline":"Anwenderzufriedenheit: Wie steht es um den ERP-Einsatz in der Praxis?","datePublished":"2020-11-06T08:00:49+00:00","mainEntityOfPage":{"@id":"https:\/\/www.organisator.ch\/management\/it\/2020-11-06\/anwenderzufriedenheit-wie-steht-es-um-den-erp-einsatz-in-der-praxis\/"},"wordCount":901,"publisher":{"@id":"https:\/\/www.organisator.ch\/#organization"},"image":{"@id":"https:\/\/www.organisator.ch\/management\/it\/2020-11-06\/anwenderzufriedenheit-wie-steht-es-um-den-erp-einsatz-in-der-praxis\/#primaryimage"},"thumbnailUrl":"https:\/\/www.organisator.ch\/wp-content\/uploads\/2020\/11\/Anwenderzufriedenheit-Wie-steht-es-um-den-ERP-Einsatz-in-der-Praxis-1_Organisator.jpg","keywords":["IT","IT &amp; Business Software","Studie"],"articleSection":["IT"],"inLanguage":"fr-FR"},{"@type":"WebPage","@id":"https:\/\/www.organisator.ch\/management\/it\/2020-11-06\/anwenderzufriedenheit-wie-steht-es-um-den-erp-einsatz-in-der-praxis\/","url":"https:\/\/www.organisator.ch\/management\/it\/2020-11-06\/anwenderzufriedenheit-wie-steht-es-um-den-erp-einsatz-in-der-praxis\/","name":"Satisfaction des utilisateurs : qu'en est-il de l'utilisation de l'ERP dans la pratique ? - Organisateur","isPartOf":{"@id":"https:\/\/www.organisator.ch\/#website"},"primaryImageOfPage":{"@id":"https:\/\/www.organisator.ch\/management\/it\/2020-11-06\/anwenderzufriedenheit-wie-steht-es-um-den-erp-einsatz-in-der-praxis\/#primaryimage"},"image":{"@id":"https:\/\/www.organisator.ch\/management\/it\/2020-11-06\/anwenderzufriedenheit-wie-steht-es-um-den-erp-einsatz-in-der-praxis\/#primaryimage"},"thumbnailUrl":"https:\/\/www.organisator.ch\/wp-content\/uploads\/2020\/11\/Anwenderzufriedenheit-Wie-steht-es-um-den-ERP-Einsatz-in-der-Praxis-1_Organisator.jpg","datePublished":"2020-11-06T08:00:49+00:00","description":"L'\u00e9tude actuelle \"ERP in der Praxis 2020\/21 - satisfaction des utilisateurs, utilit\u00e9 &amp; perspectives\" montre o\u00f9 le b\u00e2t blesse pour les clients.","breadcrumb":{"@id":"https:\/\/www.organisator.ch\/management\/it\/2020-11-06\/anwenderzufriedenheit-wie-steht-es-um-den-erp-einsatz-in-der-praxis\/#breadcrumb"},"inLanguage":"fr-FR","potentialAction":[{"@type":"ReadAction","target":["https:\/\/www.organisator.ch\/management\/it\/2020-11-06\/anwenderzufriedenheit-wie-steht-es-um-den-erp-einsatz-in-der-praxis\/"]}]},{"@type":"ImageObject","inLanguage":"fr-FR","@id":"https:\/\/www.organisator.ch\/management\/it\/2020-11-06\/anwenderzufriedenheit-wie-steht-es-um-den-erp-einsatz-in-der-praxis\/#primaryimage","url":"https:\/\/www.organisator.ch\/wp-content\/uploads\/2020\/11\/Anwenderzufriedenheit-Wie-steht-es-um-den-ERP-Einsatz-in-der-Praxis-1_Organisator.jpg","contentUrl":"https:\/\/www.organisator.ch\/wp-content\/uploads\/2020\/11\/Anwenderzufriedenheit-Wie-steht-es-um-den-ERP-Einsatz-in-der-Praxis-1_Organisator.jpg","width":680,"height":454,"caption":"Die Anwenderzufriedenheit beim Einsatz von ERP-Systemen ist grunds\u00e4tzlich hoch, es gibt aber durchaus \"Luft nach oben\". (Bild: depositphotos.com)"},{"@type":"BreadcrumbList","@id":"https:\/\/www.organisator.ch\/management\/it\/2020-11-06\/anwenderzufriedenheit-wie-steht-es-um-den-erp-einsatz-in-der-praxis\/#breadcrumb","itemListElement":[{"@type":"ListItem","position":1,"name":"Home","item":"https:\/\/www.organisator.ch\/"},{"@type":"ListItem","position":2,"name":"Anwenderzufriedenheit: Wie steht es um den ERP-Einsatz in der Praxis?"}]},{"@type":"WebSite","@id":"https:\/\/www.organisator.ch\/#website","url":"https:\/\/www.organisator.ch\/","name":"Organisateur","description":"Comp\u00e9tence et comp\u00e9tence. Proches de la pratique. L'ORGANISATEUR pr\u00e9pare 10 num\u00e9ros par an sur les th\u00e8mes essentiels pour les dirigeants de PME.","publisher":{"@id":"https:\/\/www.organisator.ch\/#organization"},"potentialAction":[{"@type":"SearchAction","target":{"@type":"EntryPoint","urlTemplate":"https:\/\/www.organisator.ch\/?s={search_term_string}"},"query-input":{"@type":"PropertyValueSpecification","valueRequired":true,"valueName":"search_term_string"}}],"inLanguage":"fr-FR"},{"@type":"Organization","@id":"https:\/\/www.organisator.ch\/#organization","name":"Organisateur","url":"https:\/\/www.organisator.ch\/","logo":{"@type":"ImageObject","inLanguage":"fr-FR","@id":"https:\/\/www.organisator.ch\/#\/schema\/logo\/image\/","url":"https:\/\/www.organisator.ch\/wp-content\/uploads\/2022\/01\/Logo_Organisator_Website.png","contentUrl":"https:\/\/www.organisator.ch\/wp-content\/uploads\/2022\/01\/Logo_Organisator_Website.png","width":800,"height":77,"caption":"Organisator"},"image":{"@id":"https:\/\/www.organisator.ch\/#\/schema\/logo\/image\/"},"sameAs":["https:\/\/www.facebook.com\/OrganisatorFachmagazin","https:\/\/www.linkedin.com\/showcase\/organisator-das-magazin-fr-kmu","https:\/\/www.xing.com\/news\/pages\/organisator-ch-695","https:\/\/www.youtube.com\/channel\/UCGP2Sq0iWaZwT3BdIAQFYpw"]},{"@type":"Person","@id":"https:\/\/www.organisator.ch\/#\/schema\/person\/6f650f90b2842cd4c0cc334b4e36f67e","name":"thomas.berner","image":{"@type":"ImageObject","inLanguage":"fr-FR","@id":"https:\/\/secure.gravatar.com\/avatar\/ac5001d2a36cb6c6cd3e50789007ffca834b477b74a2144564522e944eabff61?s=96&d=mm&r=g","url":"https:\/\/secure.gravatar.com\/avatar\/ac5001d2a36cb6c6cd3e50789007ffca834b477b74a2144564522e944eabff61?s=96&d=mm&r=g","contentUrl":"https:\/\/secure.gravatar.com\/avatar\/ac5001d2a36cb6c6cd3e50789007ffca834b477b74a2144564522e944eabff61?s=96&d=mm&r=g","caption":"thomas.berner"},"url":"https:\/\/www.organisator.ch\/fr\/author\/thomas-berner\/"}]}},"_links":{"self":[{"href":"https:\/\/www.organisator.ch\/fr\/wp-json\/wp\/v2\/posts\/7297","targetHints":{"allow":["GET"]}}],"collection":[{"href":"https:\/\/www.organisator.ch\/fr\/wp-json\/wp\/v2\/posts"}],"about":[{"href":"https:\/\/www.organisator.ch\/fr\/wp-json\/wp\/v2\/types\/post"}],"author":[{"embeddable":true,"href":"https:\/\/www.organisator.ch\/fr\/wp-json\/wp\/v2\/users\/4"}],"replies":[{"embeddable":true,"href":"https:\/\/www.organisator.ch\/fr\/wp-json\/wp\/v2\/comments?post=7297"}],"version-history":[{"count":0,"href":"https:\/\/www.organisator.ch\/fr\/wp-json\/wp\/v2\/posts\/7297\/revisions"}],"wp:featuredmedia":[{"embeddable":true,"href":"https:\/\/www.organisator.ch\/fr\/wp-json\/wp\/v2\/media\/7298"}],"wp:attachment":[{"href":"https:\/\/www.organisator.ch\/fr\/wp-json\/wp\/v2\/media?parent=7297"}],"wp:term":[{"taxonomy":"category","embeddable":true,"href":"https:\/\/www.organisator.ch\/fr\/wp-json\/wp\/v2\/categories?post=7297"},{"taxonomy":"post_tag","embeddable":true,"href":"https:\/\/www.organisator.ch\/fr\/wp-json\/wp\/v2\/tags?post=7297"}],"curies":[{"name":"wp","href":"https:\/\/api.w.org\/{rel}","templated":true}]}}