{"id":7335,"date":"2020-11-16T16:46:46","date_gmt":"2020-11-16T15:46:46","guid":{"rendered":"https:\/\/www.organisator.ch\/?p=7335"},"modified":"2020-11-16T16:46:46","modified_gmt":"2020-11-16T15:46:46","slug":"notwendigkeit-der-digitalisierung-corona-raeumt-zweifel-daran-aus","status":"publish","type":"post","link":"https:\/\/www.organisator.ch\/fr\/management\/it\/2020-11-16\/notwendigkeit-der-digitalisierung-corona-raeumt-zweifel-daran-aus\/","title":{"rendered":"N\u00e9cessit\u00e9 de la num\u00e9risation : Corona l\u00e8ve les doutes \u00e0 ce sujet"},"content":{"rendered":"<figure id=\"attachment_7336\" aria-describedby=\"caption-attachment-7336\" style=\"width: 680px\" class=\"wp-caption alignnone\"><img loading=\"lazy\" decoding=\"async\" class=\"size-medium wp-image-7336\" src=\"https:\/\/www.organisator.ch\/wp-content\/uploads\/2020\/11\/Notwendigkeit-der-Digitalisierung-Corona-raeumt-Zweifel-daran-aus_Organisator.jpg\" alt=\"\" width=\"680\" height=\"444\" srcset=\"https:\/\/www.organisator.ch\/wp-content\/uploads\/2020\/11\/Notwendigkeit-der-Digitalisierung-Corona-raeumt-Zweifel-daran-aus_Organisator.jpg 680w, https:\/\/www.organisator.ch\/wp-content\/uploads\/2020\/11\/Notwendigkeit-der-Digitalisierung-Corona-raeumt-Zweifel-daran-aus_Organisator-16x10.jpg 16w, https:\/\/www.organisator.ch\/wp-content\/uploads\/2020\/11\/Notwendigkeit-der-Digitalisierung-Corona-raeumt-Zweifel-daran-aus_Organisator-268x175.jpg 268w, https:\/\/www.organisator.ch\/wp-content\/uploads\/2020\/11\/Notwendigkeit-der-Digitalisierung-Corona-raeumt-Zweifel-daran-aus_Organisator-536x350.jpg 536w, https:\/\/www.organisator.ch\/wp-content\/uploads\/2020\/11\/Notwendigkeit-der-Digitalisierung-Corona-raeumt-Zweifel-daran-aus_Organisator-300x196.jpg 300w\" sizes=\"auto, (max-width: 680px) 100vw, 680px\" \/><figcaption id=\"caption-attachment-7336\" class=\"wp-caption-text\">Reconna\u00eetre la n\u00e9cessit\u00e9 de la num\u00e9risation : Une \u00e9tude de la Technische Hochschule Mittelhessen souligne la n\u00e9cessit\u00e9 d'agir dans les PME pour les processus et les mod\u00e8les commerciaux num\u00e9riques. (Graphique : THM)<\/figcaption><\/figure>\n<p>La pand\u00e9mie Corona montre que le degr\u00e9 de num\u00e9risation est encore trop faible dans de nombreuses entreprises, quelle que soit leur taille. La n\u00e9cessit\u00e9 de la num\u00e9risation et donc le besoin imp\u00e9ratif de processus commerciaux num\u00e9riques sont certes reconnus, mais les preuves de concept \u00e9tablies en partie depuis longtemps sont encore trop peu mises en \u0153uvre. La directrice de l'association \"SEF Smart Electronic Factory e.V.\" (<a href=\"http:\/\/www.SmartElectronicFactory.de\">www.SmartElectronicFactory.de<\/a>) Maria Christina Bienek dans une conf\u00e9rence au European Big Data Value Forum \"Market uptake : Bringing AI and Data Science to Practice\". Le SEF Smart Electronic Factory e.V. exploite, avec ses membres issus de l'\u00e9conomie, de la recherche et de la science, des environnements de recherche et de d\u00e9veloppement complets pour des applications industrielles 4.0 dans des usines r\u00e9elles. Toutes les solutions d\u00e9velopp\u00e9es dans ce cadre ont pour objectif de mettre en pratique l'Industrie 4.0 de mani\u00e8re rentable et utile, en particulier pour les PME.<\/p>\n<h2>Reconna\u00eetre la n\u00e9cessit\u00e9 de la num\u00e9risation<\/h2>\n<p>Une \u00e9tude r\u00e9cente de la Technische Hochschule Mittelhessen (THM), membre de l'association SEF, d\u00e9montre une certaine inertie en ce qui concerne la num\u00e9risation. Gerrit Sames de la Technische Hochschule Mittelhessen \u00e0 Giessen.<\/p>\n<p>Maria Christina Bienek, directrice g\u00e9n\u00e9rale de SEF Smart Electronic Factory e.V., ajoute : \"De nombreuses entreprises sont d\u00e9sormais sensibilis\u00e9es. Elles sont conscientes de la n\u00e9cessit\u00e9, mais ont besoin d'exemples pratiques de la mani\u00e8re dont la num\u00e9risation peut fonctionner. Les tests et les \u00e9valuations correspondants sont tr\u00e8s importants pour elles, afin que les PME passent rapidement de la th\u00e9orie \u00e0 la mise en \u0153uvre adapt\u00e9e \u00e0 leurs besoins\".<\/p>\n<h2><strong>Des normes pour l'industrie 4.0 sont n\u00e9cessaires en Allemagne et en Europe<\/strong><\/h2>\n<p>Repr\u00e9sentant le SEF, Maria Christina Bienek a pr\u00e9sent\u00e9 l'\u00e9tat et le d\u00e9veloppement de la num\u00e9risation dans les PME allemandes lors du forum europ\u00e9en Big Data Value \"Market uptake : Bringing AI and Data Science to Practice\". Elle a notamment mis en lumi\u00e8re trois aspects essentiels : L'importance des tests et des exemples pour l'acceptation par le march\u00e9, les sp\u00e9cificit\u00e9s de l'industrie manufacturi\u00e8re et la condition pr\u00e9alable d'un espace de donn\u00e9es europ\u00e9en commun pour la fabrication (\u00e9change de donn\u00e9es et interop\u00e9rabilit\u00e9).<\/p>\n<p>\"Avec la cr\u00e9ation de l'\"Industrial Digital Twin Association\" et de la coop\u00e9rative europ\u00e9enne Gaia X, deux bases ont maintenant \u00e9t\u00e9 pos\u00e9es pour cr\u00e9er un environnement transparent, s\u00fbr et applicable pour les id\u00e9es commerciales ax\u00e9es sur les donn\u00e9es. Pour la fabrication, un espace de donn\u00e9es europ\u00e9en commun est une pierre angulaire importante pour une cr\u00e9ation de valeur num\u00e9rique fonctionnelle et aura un impact positif sur l'\u00e9cosyst\u00e8me allemand et europ\u00e9en\", explique Maria Christina Bienek. Elle ajoute : \"Les d\u00e9fis pour l'industrie de production sont importants : cha\u00eenes d'approvisionnement interconnect\u00e9es \u00e0 l'\u00e9chelle mondiale, protection du climat, s\u00e9curit\u00e9 ... tout cela va modifier massivement les domaines de la technique, de la production, de la logistique, de la mobilit\u00e9, des services et de l'administration. Pour cela, l'Europe doit cr\u00e9er des infrastructures num\u00e9riques qui garantissent la souverainet\u00e9 num\u00e9rique des utilisateurs, faute de quoi les PME continueront \u00e0 ne pas profiter des avantages de la num\u00e9risation et \u00e0 ne pas saisir les opportunit\u00e9s\".<\/p>\n<h2><strong>Une \u00e9tude de la THM souligne que les entreprises devraient repenser leurs priorit\u00e9s<\/strong><\/h2>\n<p>L'\u00e9tude mentionn\u00e9e de la Technische Hochschule Mittelhessen a \u00e9t\u00e9 men\u00e9e aupr\u00e8s de moyennes entreprises en Allemagne. 107 entreprises y ont particip\u00e9. Elle a mis en lumi\u00e8re le statu quo de la num\u00e9risation des processus et des mod\u00e8les commerciaux. \"On peut r\u00e9sumer en disant que le produit physique reste au centre des mod\u00e8les commerciaux et que peu de possibilit\u00e9s, telles que les offres de service, sont utilis\u00e9es pour les \u00e9tendre. Ce qui est remarquable, ce sont les raisons qui emp\u00eachent de faire si peu de progr\u00e8s dans la num\u00e9risation des mod\u00e8les commerciaux. La r\u00e9ponse est le manque de capacit\u00e9 et de personnel form\u00e9, ce qui r\u00e9sulte probablement de la d\u00e9finition des priorit\u00e9s. Ce sont les affaires courantes qui dominent actuellement. Nous recommandons de mettre en pratique le plus rapidement possible les nouvelles connaissances d\u00e9clench\u00e9es par la pand\u00e9mie Corona sur la n\u00e9cessit\u00e9 de la num\u00e9risation\", explique le professeur Gerrit Sames. Une recommandation qui ne s'applique certainement pas qu'aux PME allemandes...<\/p>\n<p><em>Source : <a href=\"http:\/\/www.SmartElectronicFactory.de\">Usine \u00e9lectronique intelligente (Smart Electronic Factory e.V.)<\/a><\/em><\/p>","protected":false},"excerpt":{"rendered":"<p>Die Corona-Pandemie f\u00fchrt vor Augen, dass der Digitalisierungsgrad in vielen Unternehmen unabh\u00e4ngig von ihrer Gr\u00f6sse noch zu niedrig ist. Die Notwendigkeit der Digitalisierung und damit der zwingende Bedarf nach digitalen Gesch\u00e4ftsprozessen werde zwar erkannt, die teilweise l\u00e4ngst erstellten Proof of Concepts w\u00fcrden aber noch viel zu wenig umgesetzt. Diesen Status-quo untermauerte die Gesch\u00e4f\u00adts\u00adf\u00fchrerin des \u201eSEF [&hellip;]<\/p>\n","protected":false},"author":4,"featured_media":7336,"comment_status":"closed","ping_status":"closed","sticky":false,"template":"","format":"standard","meta":{"_acf_changed":false,"_yoast_wpseo_focuskw":"Notwendigkeit der Digitalisierung","_yoast_wpseo_metadesc":"Wer bis anhin an der Notwendigkeit der Digitalisierung gezweifelt hat, d\u00fcrfte wegen Corona nun zu einem anderen Schluss kommen, wie eine neue Studie zeigt.","articlekey":"","footnotes":""},"categories":[27],"tags":[132,156,267,437,459],"class_list":["post-7335","post","type-post","status-publish","format-standard","has-post-thumbnail","hentry","category-it","tag-coronavirus","tag-digitalisierung","tag-industrie-4-0","tag-smart-factory","tag-studie"],"acf":[],"yoast_head":"<!-- This site is optimized with the Yoast SEO plugin v27.5 - https:\/\/yoast.com\/product\/yoast-seo-wordpress\/ -->\n<title>Notwendigkeit der Digitalisierung: Corona r\u00e4umt Zweifel daran aus - Organisator<\/title>\n<meta name=\"description\" content=\"Wer bis anhin an der Notwendigkeit der Digitalisierung gezweifelt hat, d\u00fcrfte wegen Corona nun zu einem anderen Schluss kommen, wie eine neue Studie zeigt.\" \/>\n<meta name=\"robots\" content=\"index, follow, max-snippet:-1, max-image-preview:large, max-video-preview:-1\" \/>\n<link rel=\"canonical\" href=\"https:\/\/www.organisator.ch\/fr\/gestion-2\/it\/2020-11-16\/notwendigkeit-der-digitalisierung-corona-raeumt-zweifel-daran-aus\/\" \/>\n<meta property=\"og:locale\" content=\"fr_FR\" \/>\n<meta property=\"og:type\" content=\"article\" \/>\n<meta property=\"og:title\" content=\"Notwendigkeit der Digitalisierung: Corona r\u00e4umt Zweifel daran aus\" \/>\n<meta property=\"og:description\" content=\"Wer bis anhin an der Notwendigkeit der Digitalisierung gezweifelt hat, d\u00fcrfte wegen Corona nun zu einem anderen Schluss kommen, wie eine neue Studie zeigt.\" \/>\n<meta property=\"og:url\" content=\"https:\/\/www.organisator.ch\/fr\/gestion-2\/it\/2020-11-16\/notwendigkeit-der-digitalisierung-corona-raeumt-zweifel-daran-aus\/\" \/>\n<meta property=\"og:site_name\" content=\"Organisator\" \/>\n<meta property=\"article:publisher\" content=\"https:\/\/www.facebook.com\/OrganisatorFachmagazin\" \/>\n<meta property=\"article:published_time\" content=\"2020-11-16T15:46:46+00:00\" \/>\n<meta property=\"og:image\" content=\"https:\/\/www.organisator.ch\/wp-content\/uploads\/2020\/11\/Notwendigkeit-der-Digitalisierung-Corona-raeumt-Zweifel-daran-aus_Organisator.jpg\" \/>\n\t<meta property=\"og:image:width\" content=\"680\" \/>\n\t<meta property=\"og:image:height\" content=\"444\" \/>\n\t<meta property=\"og:image:type\" content=\"image\/jpeg\" \/>\n<meta name=\"author\" content=\"thomas.berner\" \/>\n<meta name=\"twitter:card\" content=\"summary_large_image\" \/>\n<meta name=\"twitter:title\" content=\"#Notwendigkeit der #Digitalisierung: #Corona r\u00e4umt Zweifel daran aus\" \/>\n<meta name=\"twitter:description\" content=\"Wer bis anhin an der Notwendigkeit der #Digitalisierung gezweifelt hat, d\u00fcrfte wegen #Corona nun zu einem anderen Schluss kommen, wie eine neue Studie zeigt.\" \/>\n<meta name=\"twitter:image\" content=\"https:\/\/www.organisator.ch\/wp-content\/uploads\/2020\/11\/Notwendigkeit-der-Digitalisierung-Corona-raeumt-Zweifel-daran-aus_Organisator.jpg\" \/>\n<script type=\"application\/ld+json\" class=\"yoast-schema-graph\">{\"@context\":\"https:\\\/\\\/schema.org\",\"@graph\":[{\"@type\":\"Article\",\"@id\":\"https:\\\/\\\/www.organisator.ch\\\/management\\\/it\\\/2020-11-16\\\/notwendigkeit-der-digitalisierung-corona-raeumt-zweifel-daran-aus\\\/#article\",\"isPartOf\":{\"@id\":\"https:\\\/\\\/www.organisator.ch\\\/management\\\/it\\\/2020-11-16\\\/notwendigkeit-der-digitalisierung-corona-raeumt-zweifel-daran-aus\\\/\"},\"author\":{\"name\":\"thomas.berner\",\"@id\":\"https:\\\/\\\/www.organisator.ch\\\/#\\\/schema\\\/person\\\/6f650f90b2842cd4c0cc334b4e36f67e\"},\"headline\":\"Notwendigkeit der Digitalisierung: Corona r\u00e4umt Zweifel daran aus\",\"datePublished\":\"2020-11-16T15:46:46+00:00\",\"mainEntityOfPage\":{\"@id\":\"https:\\\/\\\/www.organisator.ch\\\/management\\\/it\\\/2020-11-16\\\/notwendigkeit-der-digitalisierung-corona-raeumt-zweifel-daran-aus\\\/\"},\"wordCount\":684,\"publisher\":{\"@id\":\"https:\\\/\\\/www.organisator.ch\\\/#organization\"},\"image\":{\"@id\":\"https:\\\/\\\/www.organisator.ch\\\/management\\\/it\\\/2020-11-16\\\/notwendigkeit-der-digitalisierung-corona-raeumt-zweifel-daran-aus\\\/#primaryimage\"},\"thumbnailUrl\":\"https:\\\/\\\/www.organisator.ch\\\/wp-content\\\/uploads\\\/2020\\\/11\\\/Notwendigkeit-der-Digitalisierung-Corona-raeumt-Zweifel-daran-aus_Organisator.jpg\",\"keywords\":[\"Coronavirus\",\"Digitalisierung\",\"Industrie 4.0\",\"Smart Factory\",\"Studie\"],\"articleSection\":[\"IT\"],\"inLanguage\":\"fr-FR\"},{\"@type\":\"WebPage\",\"@id\":\"https:\\\/\\\/www.organisator.ch\\\/management\\\/it\\\/2020-11-16\\\/notwendigkeit-der-digitalisierung-corona-raeumt-zweifel-daran-aus\\\/\",\"url\":\"https:\\\/\\\/www.organisator.ch\\\/management\\\/it\\\/2020-11-16\\\/notwendigkeit-der-digitalisierung-corona-raeumt-zweifel-daran-aus\\\/\",\"name\":\"Notwendigkeit der Digitalisierung: Corona r\u00e4umt Zweifel daran aus - Organisator\",\"isPartOf\":{\"@id\":\"https:\\\/\\\/www.organisator.ch\\\/#website\"},\"primaryImageOfPage\":{\"@id\":\"https:\\\/\\\/www.organisator.ch\\\/management\\\/it\\\/2020-11-16\\\/notwendigkeit-der-digitalisierung-corona-raeumt-zweifel-daran-aus\\\/#primaryimage\"},\"image\":{\"@id\":\"https:\\\/\\\/www.organisator.ch\\\/management\\\/it\\\/2020-11-16\\\/notwendigkeit-der-digitalisierung-corona-raeumt-zweifel-daran-aus\\\/#primaryimage\"},\"thumbnailUrl\":\"https:\\\/\\\/www.organisator.ch\\\/wp-content\\\/uploads\\\/2020\\\/11\\\/Notwendigkeit-der-Digitalisierung-Corona-raeumt-Zweifel-daran-aus_Organisator.jpg\",\"datePublished\":\"2020-11-16T15:46:46+00:00\",\"description\":\"Wer bis anhin an der Notwendigkeit der Digitalisierung gezweifelt hat, d\u00fcrfte wegen Corona nun zu einem anderen Schluss kommen, wie eine neue Studie zeigt.\",\"breadcrumb\":{\"@id\":\"https:\\\/\\\/www.organisator.ch\\\/management\\\/it\\\/2020-11-16\\\/notwendigkeit-der-digitalisierung-corona-raeumt-zweifel-daran-aus\\\/#breadcrumb\"},\"inLanguage\":\"fr-FR\",\"potentialAction\":[{\"@type\":\"ReadAction\",\"target\":[\"https:\\\/\\\/www.organisator.ch\\\/management\\\/it\\\/2020-11-16\\\/notwendigkeit-der-digitalisierung-corona-raeumt-zweifel-daran-aus\\\/\"]}]},{\"@type\":\"ImageObject\",\"inLanguage\":\"fr-FR\",\"@id\":\"https:\\\/\\\/www.organisator.ch\\\/management\\\/it\\\/2020-11-16\\\/notwendigkeit-der-digitalisierung-corona-raeumt-zweifel-daran-aus\\\/#primaryimage\",\"url\":\"https:\\\/\\\/www.organisator.ch\\\/wp-content\\\/uploads\\\/2020\\\/11\\\/Notwendigkeit-der-Digitalisierung-Corona-raeumt-Zweifel-daran-aus_Organisator.jpg\",\"contentUrl\":\"https:\\\/\\\/www.organisator.ch\\\/wp-content\\\/uploads\\\/2020\\\/11\\\/Notwendigkeit-der-Digitalisierung-Corona-raeumt-Zweifel-daran-aus_Organisator.jpg\",\"width\":680,\"height\":444,\"caption\":\"Studie der Technische Hochschule Mittelhessen unterstreicht Handlungsbedarf im Mittelstand f\u00fcr digitale Gesch\u00e4ftsprozesse und -modelle. (Grafik: THM)\"},{\"@type\":\"BreadcrumbList\",\"@id\":\"https:\\\/\\\/www.organisator.ch\\\/management\\\/it\\\/2020-11-16\\\/notwendigkeit-der-digitalisierung-corona-raeumt-zweifel-daran-aus\\\/#breadcrumb\",\"itemListElement\":[{\"@type\":\"ListItem\",\"position\":1,\"name\":\"Home\",\"item\":\"https:\\\/\\\/www.organisator.ch\\\/\"},{\"@type\":\"ListItem\",\"position\":2,\"name\":\"Notwendigkeit der Digitalisierung: Corona r\u00e4umt Zweifel daran aus\"}]},{\"@type\":\"WebSite\",\"@id\":\"https:\\\/\\\/www.organisator.ch\\\/#website\",\"url\":\"https:\\\/\\\/www.organisator.ch\\\/\",\"name\":\"Organisator\",\"description\":\"Kompetent. Praxisnah. Der ORGANISATOR bereitet in 10 Ausgaben pro Jahr die wesentlichen Themen f\u00fcr F\u00fchrungskr\u00e4fte von KMU auf.\",\"publisher\":{\"@id\":\"https:\\\/\\\/www.organisator.ch\\\/#organization\"},\"potentialAction\":[{\"@type\":\"SearchAction\",\"target\":{\"@type\":\"EntryPoint\",\"urlTemplate\":\"https:\\\/\\\/www.organisator.ch\\\/?s={search_term_string}\"},\"query-input\":{\"@type\":\"PropertyValueSpecification\",\"valueRequired\":true,\"valueName\":\"search_term_string\"}}],\"inLanguage\":\"fr-FR\"},{\"@type\":\"Organization\",\"@id\":\"https:\\\/\\\/www.organisator.ch\\\/#organization\",\"name\":\"Organisator\",\"url\":\"https:\\\/\\\/www.organisator.ch\\\/\",\"logo\":{\"@type\":\"ImageObject\",\"inLanguage\":\"fr-FR\",\"@id\":\"https:\\\/\\\/www.organisator.ch\\\/#\\\/schema\\\/logo\\\/image\\\/\",\"url\":\"https:\\\/\\\/www.organisator.ch\\\/wp-content\\\/uploads\\\/2022\\\/01\\\/Logo_Organisator_Website.png\",\"contentUrl\":\"https:\\\/\\\/www.organisator.ch\\\/wp-content\\\/uploads\\\/2022\\\/01\\\/Logo_Organisator_Website.png\",\"width\":800,\"height\":77,\"caption\":\"Organisator\"},\"image\":{\"@id\":\"https:\\\/\\\/www.organisator.ch\\\/#\\\/schema\\\/logo\\\/image\\\/\"},\"sameAs\":[\"https:\\\/\\\/www.facebook.com\\\/OrganisatorFachmagazin\",\"https:\\\/\\\/www.linkedin.com\\\/showcase\\\/organisator-das-magazin-fr-kmu\",\"https:\\\/\\\/www.xing.com\\\/news\\\/pages\\\/organisator-ch-695\",\"https:\\\/\\\/www.youtube.com\\\/channel\\\/UCGP2Sq0iWaZwT3BdIAQFYpw\"]},{\"@type\":\"Person\",\"@id\":\"https:\\\/\\\/www.organisator.ch\\\/#\\\/schema\\\/person\\\/6f650f90b2842cd4c0cc334b4e36f67e\",\"name\":\"thomas.berner\",\"image\":{\"@type\":\"ImageObject\",\"inLanguage\":\"fr-FR\",\"@id\":\"https:\\\/\\\/secure.gravatar.com\\\/avatar\\\/ac5001d2a36cb6c6cd3e50789007ffca834b477b74a2144564522e944eabff61?s=96&d=mm&r=g\",\"url\":\"https:\\\/\\\/secure.gravatar.com\\\/avatar\\\/ac5001d2a36cb6c6cd3e50789007ffca834b477b74a2144564522e944eabff61?s=96&d=mm&r=g\",\"contentUrl\":\"https:\\\/\\\/secure.gravatar.com\\\/avatar\\\/ac5001d2a36cb6c6cd3e50789007ffca834b477b74a2144564522e944eabff61?s=96&d=mm&r=g\",\"caption\":\"thomas.berner\"},\"url\":\"https:\\\/\\\/www.organisator.ch\\\/fr\\\/author\\\/thomas-berner\\\/\"}]}<\/script>\n<!-- \/ Yoast SEO plugin. -->","yoast_head_json":{"title":"N\u00e9cessit\u00e9 de la num\u00e9risation : Corona l\u00e8ve les doutes \u00e0 ce sujet - Organisateur","description":"Ceux qui doutaient jusqu'\u00e0 pr\u00e9sent de la n\u00e9cessit\u00e9 de la num\u00e9risation devraient parvenir \u00e0 une autre conclusion gr\u00e2ce \u00e0 Corona, comme le montre une nouvelle \u00e9tude.","robots":{"index":"index","follow":"follow","max-snippet":"max-snippet:-1","max-image-preview":"max-image-preview:large","max-video-preview":"max-video-preview:-1"},"canonical":"https:\/\/www.organisator.ch\/fr\/gestion-2\/it\/2020-11-16\/notwendigkeit-der-digitalisierung-corona-raeumt-zweifel-daran-aus\/","og_locale":"fr_FR","og_type":"article","og_title":"Notwendigkeit der Digitalisierung: Corona r\u00e4umt Zweifel daran aus","og_description":"Wer bis anhin an der Notwendigkeit der Digitalisierung gezweifelt hat, d\u00fcrfte wegen Corona nun zu einem anderen Schluss kommen, wie eine neue Studie zeigt.","og_url":"https:\/\/www.organisator.ch\/fr\/gestion-2\/it\/2020-11-16\/notwendigkeit-der-digitalisierung-corona-raeumt-zweifel-daran-aus\/","og_site_name":"Organisator","article_publisher":"https:\/\/www.facebook.com\/OrganisatorFachmagazin","article_published_time":"2020-11-16T15:46:46+00:00","og_image":[{"width":680,"height":444,"url":"https:\/\/www.organisator.ch\/wp-content\/uploads\/2020\/11\/Notwendigkeit-der-Digitalisierung-Corona-raeumt-Zweifel-daran-aus_Organisator.jpg","type":"image\/jpeg"}],"author":"thomas.berner","twitter_card":"summary_large_image","twitter_title":"#Notwendigkeit der #Digitalisierung: #Corona r\u00e4umt Zweifel daran aus","twitter_description":"Wer bis anhin an der Notwendigkeit der #Digitalisierung gezweifelt hat, d\u00fcrfte wegen #Corona nun zu einem anderen Schluss kommen, wie eine neue Studie zeigt.","twitter_image":"https:\/\/www.organisator.ch\/wp-content\/uploads\/2020\/11\/Notwendigkeit-der-Digitalisierung-Corona-raeumt-Zweifel-daran-aus_Organisator.jpg","schema":{"@context":"https:\/\/schema.org","@graph":[{"@type":"Article","@id":"https:\/\/www.organisator.ch\/management\/it\/2020-11-16\/notwendigkeit-der-digitalisierung-corona-raeumt-zweifel-daran-aus\/#article","isPartOf":{"@id":"https:\/\/www.organisator.ch\/management\/it\/2020-11-16\/notwendigkeit-der-digitalisierung-corona-raeumt-zweifel-daran-aus\/"},"author":{"name":"thomas.berner","@id":"https:\/\/www.organisator.ch\/#\/schema\/person\/6f650f90b2842cd4c0cc334b4e36f67e"},"headline":"Notwendigkeit der Digitalisierung: Corona r\u00e4umt Zweifel daran aus","datePublished":"2020-11-16T15:46:46+00:00","mainEntityOfPage":{"@id":"https:\/\/www.organisator.ch\/management\/it\/2020-11-16\/notwendigkeit-der-digitalisierung-corona-raeumt-zweifel-daran-aus\/"},"wordCount":684,"publisher":{"@id":"https:\/\/www.organisator.ch\/#organization"},"image":{"@id":"https:\/\/www.organisator.ch\/management\/it\/2020-11-16\/notwendigkeit-der-digitalisierung-corona-raeumt-zweifel-daran-aus\/#primaryimage"},"thumbnailUrl":"https:\/\/www.organisator.ch\/wp-content\/uploads\/2020\/11\/Notwendigkeit-der-Digitalisierung-Corona-raeumt-Zweifel-daran-aus_Organisator.jpg","keywords":["Coronavirus","Digitalisierung","Industrie 4.0","Smart Factory","Studie"],"articleSection":["IT"],"inLanguage":"fr-FR"},{"@type":"WebPage","@id":"https:\/\/www.organisator.ch\/management\/it\/2020-11-16\/notwendigkeit-der-digitalisierung-corona-raeumt-zweifel-daran-aus\/","url":"https:\/\/www.organisator.ch\/management\/it\/2020-11-16\/notwendigkeit-der-digitalisierung-corona-raeumt-zweifel-daran-aus\/","name":"N\u00e9cessit\u00e9 de la num\u00e9risation : Corona l\u00e8ve les doutes \u00e0 ce sujet - Organisateur","isPartOf":{"@id":"https:\/\/www.organisator.ch\/#website"},"primaryImageOfPage":{"@id":"https:\/\/www.organisator.ch\/management\/it\/2020-11-16\/notwendigkeit-der-digitalisierung-corona-raeumt-zweifel-daran-aus\/#primaryimage"},"image":{"@id":"https:\/\/www.organisator.ch\/management\/it\/2020-11-16\/notwendigkeit-der-digitalisierung-corona-raeumt-zweifel-daran-aus\/#primaryimage"},"thumbnailUrl":"https:\/\/www.organisator.ch\/wp-content\/uploads\/2020\/11\/Notwendigkeit-der-Digitalisierung-Corona-raeumt-Zweifel-daran-aus_Organisator.jpg","datePublished":"2020-11-16T15:46:46+00:00","description":"Ceux qui doutaient jusqu'\u00e0 pr\u00e9sent de la n\u00e9cessit\u00e9 de la num\u00e9risation devraient parvenir \u00e0 une autre conclusion gr\u00e2ce \u00e0 Corona, comme le montre une nouvelle \u00e9tude.","breadcrumb":{"@id":"https:\/\/www.organisator.ch\/management\/it\/2020-11-16\/notwendigkeit-der-digitalisierung-corona-raeumt-zweifel-daran-aus\/#breadcrumb"},"inLanguage":"fr-FR","potentialAction":[{"@type":"ReadAction","target":["https:\/\/www.organisator.ch\/management\/it\/2020-11-16\/notwendigkeit-der-digitalisierung-corona-raeumt-zweifel-daran-aus\/"]}]},{"@type":"ImageObject","inLanguage":"fr-FR","@id":"https:\/\/www.organisator.ch\/management\/it\/2020-11-16\/notwendigkeit-der-digitalisierung-corona-raeumt-zweifel-daran-aus\/#primaryimage","url":"https:\/\/www.organisator.ch\/wp-content\/uploads\/2020\/11\/Notwendigkeit-der-Digitalisierung-Corona-raeumt-Zweifel-daran-aus_Organisator.jpg","contentUrl":"https:\/\/www.organisator.ch\/wp-content\/uploads\/2020\/11\/Notwendigkeit-der-Digitalisierung-Corona-raeumt-Zweifel-daran-aus_Organisator.jpg","width":680,"height":444,"caption":"Studie der Technische Hochschule Mittelhessen unterstreicht Handlungsbedarf im Mittelstand f\u00fcr digitale Gesch\u00e4ftsprozesse und -modelle. (Grafik: THM)"},{"@type":"BreadcrumbList","@id":"https:\/\/www.organisator.ch\/management\/it\/2020-11-16\/notwendigkeit-der-digitalisierung-corona-raeumt-zweifel-daran-aus\/#breadcrumb","itemListElement":[{"@type":"ListItem","position":1,"name":"Home","item":"https:\/\/www.organisator.ch\/"},{"@type":"ListItem","position":2,"name":"Notwendigkeit der Digitalisierung: Corona r\u00e4umt Zweifel daran aus"}]},{"@type":"WebSite","@id":"https:\/\/www.organisator.ch\/#website","url":"https:\/\/www.organisator.ch\/","name":"Organisateur","description":"Comp\u00e9tence et comp\u00e9tence. Proches de la pratique. L'ORGANISATEUR pr\u00e9pare 10 num\u00e9ros par an sur les th\u00e8mes essentiels pour les dirigeants de PME.","publisher":{"@id":"https:\/\/www.organisator.ch\/#organization"},"potentialAction":[{"@type":"SearchAction","target":{"@type":"EntryPoint","urlTemplate":"https:\/\/www.organisator.ch\/?s={search_term_string}"},"query-input":{"@type":"PropertyValueSpecification","valueRequired":true,"valueName":"search_term_string"}}],"inLanguage":"fr-FR"},{"@type":"Organization","@id":"https:\/\/www.organisator.ch\/#organization","name":"Organisateur","url":"https:\/\/www.organisator.ch\/","logo":{"@type":"ImageObject","inLanguage":"fr-FR","@id":"https:\/\/www.organisator.ch\/#\/schema\/logo\/image\/","url":"https:\/\/www.organisator.ch\/wp-content\/uploads\/2022\/01\/Logo_Organisator_Website.png","contentUrl":"https:\/\/www.organisator.ch\/wp-content\/uploads\/2022\/01\/Logo_Organisator_Website.png","width":800,"height":77,"caption":"Organisator"},"image":{"@id":"https:\/\/www.organisator.ch\/#\/schema\/logo\/image\/"},"sameAs":["https:\/\/www.facebook.com\/OrganisatorFachmagazin","https:\/\/www.linkedin.com\/showcase\/organisator-das-magazin-fr-kmu","https:\/\/www.xing.com\/news\/pages\/organisator-ch-695","https:\/\/www.youtube.com\/channel\/UCGP2Sq0iWaZwT3BdIAQFYpw"]},{"@type":"Person","@id":"https:\/\/www.organisator.ch\/#\/schema\/person\/6f650f90b2842cd4c0cc334b4e36f67e","name":"thomas.berner","image":{"@type":"ImageObject","inLanguage":"fr-FR","@id":"https:\/\/secure.gravatar.com\/avatar\/ac5001d2a36cb6c6cd3e50789007ffca834b477b74a2144564522e944eabff61?s=96&d=mm&r=g","url":"https:\/\/secure.gravatar.com\/avatar\/ac5001d2a36cb6c6cd3e50789007ffca834b477b74a2144564522e944eabff61?s=96&d=mm&r=g","contentUrl":"https:\/\/secure.gravatar.com\/avatar\/ac5001d2a36cb6c6cd3e50789007ffca834b477b74a2144564522e944eabff61?s=96&d=mm&r=g","caption":"thomas.berner"},"url":"https:\/\/www.organisator.ch\/fr\/author\/thomas-berner\/"}]}},"_links":{"self":[{"href":"https:\/\/www.organisator.ch\/fr\/wp-json\/wp\/v2\/posts\/7335","targetHints":{"allow":["GET"]}}],"collection":[{"href":"https:\/\/www.organisator.ch\/fr\/wp-json\/wp\/v2\/posts"}],"about":[{"href":"https:\/\/www.organisator.ch\/fr\/wp-json\/wp\/v2\/types\/post"}],"author":[{"embeddable":true,"href":"https:\/\/www.organisator.ch\/fr\/wp-json\/wp\/v2\/users\/4"}],"replies":[{"embeddable":true,"href":"https:\/\/www.organisator.ch\/fr\/wp-json\/wp\/v2\/comments?post=7335"}],"version-history":[{"count":0,"href":"https:\/\/www.organisator.ch\/fr\/wp-json\/wp\/v2\/posts\/7335\/revisions"}],"wp:featuredmedia":[{"embeddable":true,"href":"https:\/\/www.organisator.ch\/fr\/wp-json\/wp\/v2\/media\/7336"}],"wp:attachment":[{"href":"https:\/\/www.organisator.ch\/fr\/wp-json\/wp\/v2\/media?parent=7335"}],"wp:term":[{"taxonomy":"category","embeddable":true,"href":"https:\/\/www.organisator.ch\/fr\/wp-json\/wp\/v2\/categories?post=7335"},{"taxonomy":"post_tag","embeddable":true,"href":"https:\/\/www.organisator.ch\/fr\/wp-json\/wp\/v2\/tags?post=7335"}],"curies":[{"name":"wp","href":"https:\/\/api.w.org\/{rel}","templated":true}]}}