{"id":7342,"date":"2020-11-17T13:49:14","date_gmt":"2020-11-17T12:49:14","guid":{"rendered":"https:\/\/www.organisator.ch\/?p=7342"},"modified":"2020-11-17T13:49:14","modified_gmt":"2020-11-17T12:49:14","slug":"swiss-cyber-security-days-2021-werden-globaler-und-lancieren-kmu-tag","status":"publish","type":"post","link":"https:\/\/www.organisator.ch\/fr\/management\/it\/2020-11-17\/swiss-cyber-security-days-2021-werden-globaler-und-lancieren-kmu-tag\/","title":{"rendered":"Les Swiss Cyber Security Days 2021 se mondialisent - et lancent la \"Journ\u00e9e des PME"},"content":{"rendered":"<figure id=\"attachment_7343\" aria-describedby=\"caption-attachment-7343\" style=\"width: 680px\" class=\"wp-caption alignnone\"><img loading=\"lazy\" decoding=\"async\" class=\"size-medium wp-image-7343\" src=\"https:\/\/www.organisator.ch\/wp-content\/uploads\/2020\/11\/Swiss-Cyber-Security-Days-2021-werden-globaler-und-lancieren-KMU-Tag_Organisator.jpg\" alt=\"\" width=\"680\" height=\"231\" srcset=\"https:\/\/www.organisator.ch\/wp-content\/uploads\/2020\/11\/Swiss-Cyber-Security-Days-2021-werden-globaler-und-lancieren-KMU-Tag_Organisator.jpg 680w, https:\/\/www.organisator.ch\/wp-content\/uploads\/2020\/11\/Swiss-Cyber-Security-Days-2021-werden-globaler-und-lancieren-KMU-Tag_Organisator-16x5.jpg 16w, https:\/\/www.organisator.ch\/wp-content\/uploads\/2020\/11\/Swiss-Cyber-Security-Days-2021-werden-globaler-und-lancieren-KMU-Tag_Organisator-375x127.jpg 375w, https:\/\/www.organisator.ch\/wp-content\/uploads\/2020\/11\/Swiss-Cyber-Security-Days-2021-werden-globaler-und-lancieren-KMU-Tag_Organisator-300x102.jpg 300w\" sizes=\"auto, (max-width: 680px) 100vw, 680px\" \/><figcaption id=\"caption-attachment-7343\" class=\"wp-caption-text\">Interviennent lors des Swiss Cyber Security Days 2021 : le chef de l'arm\u00e9e Thomas S\u00fcssli et Florian Sch\u00fctz, d\u00e9l\u00e9gu\u00e9 de la Conf\u00e9d\u00e9ration \u00e0 la cybers\u00e9curit\u00e9. (Images : VBS_DDPS \/ Keystone - Gaetan Bally).<\/figcaption><\/figure>\n<p>Les Swiss Cyber Security Days sont devenus l'\u00e9v\u00e9nement le plus important de Suisse dans le domaine de la cybers\u00e9curit\u00e9. L'\u00e9v\u00e9nement de deux jours se d\u00e9roulera les 10 et 11 mars 2021 sous une forme adapt\u00e9e aux exigences de protection actuellement en vigueur, avec conf\u00e9rence et r\u00e9seautage au Forum Fribourg. Parall\u00e8lement, toutes les personnes int\u00e9ress\u00e9es pourront participer via la nouvelle plateforme en ligne \"SCSD 365\", qui sera mise en ligne en janvier 2021. Les keynotes seront soit tenues sur place, soit diffus\u00e9es via des technologies audiovisuelles. Des salles virtuelles de breakout seront utilis\u00e9es pour le streaming des Expert Tracks et des pr\u00e9sentations de Best Practice.<\/p>\n<h2>\"SCSD 365\" Cyber s\u00e9curit\u00e9 pour tous<\/h2>\n<p>Selon sa propre pr\u00e9sentation, la plate-forme \"SCSD 365\" veut offrir une \"symbiose impressionnante entre les conf\u00e9rences classiques et la communication en direct et la diversit\u00e9 des possibilit\u00e9s d'information et d'interaction num\u00e9riques\". Elle propose toute l'ann\u00e9e \u00e0 toutes les personnes int\u00e9ress\u00e9es de d\u00e9battre de th\u00e8mes pertinents en mati\u00e8re de cybers\u00e9curit\u00e9. Le concept pr\u00e9voit des moyens de communication semblables \u00e0 ceux d'un salon, comme par exemple des stands virtuels, une place de march\u00e9 avec pr\u00e9sentation de produits ou des canaux de communication pour g\u00e9n\u00e9rer des contacts et des leads. Les partenaires et les entreprises int\u00e9ress\u00e9es ont la possibilit\u00e9 de se pr\u00e9senter sur \"SCSD 365\" tout au long de l'ann\u00e9e et d'\u00e9changer des informations avec des clients, des sp\u00e9cialistes de l'\u00e9conomie, de la politique, des administrations f\u00e9d\u00e9rales et cantonales ainsi que de la recherche \u00e0 tous les niveaux. La plateforme annuelle \"SCSD 365\" et les manifestations hybrides feront d\u00e9sormais partie int\u00e9grante des Swiss Cyber Security Days.<\/p>\n<h2>Point fort du programme : la s\u00e9curit\u00e9 nationale<\/h2>\n<p>Dans la partie principale de la conf\u00e9rence des Swiss Cyber Security Days 2021, outre les actualit\u00e9s courantes, l'accent sera mis sur les th\u00e8mes qui redonnent un sens et un but au cyberespace ainsi que sur l'influence de la num\u00e9risation, actuellement ax\u00e9e principalement sur le profit, sur la soci\u00e9t\u00e9, la sant\u00e9, la politique, l'\u00e9conomie et les individus. Des personnalit\u00e9s de premier plan, telles que le chef de l'arm\u00e9e, le commandant de corps Thomas S\u00fcssli, le pr\u00e9sident de l'EPFL, Martin Vetterli, ainsi que le d\u00e9l\u00e9gu\u00e9 de la Conf\u00e9d\u00e9ration \u00e0 la cybers\u00e9curit\u00e9, Florian Sch\u00fctz, ont d'ores et d\u00e9j\u00e0 confirm\u00e9 leur participation au th\u00e8me de base \"Cybers\u00e9curit\u00e9 nationale\". Michael Hengartner, pr\u00e9sident du Conseil des EPF, est notamment invit\u00e9 \u00e0 participer \u00e0 un deuxi\u00e8me th\u00e8me de base \"Identit\u00e9 et sph\u00e8re priv\u00e9e\". D'autres th\u00e8mes cl\u00e9s sont la cyberadministration, l'Hyper Connected Society, la protection des donn\u00e9es, l'IoT, l'Intelligence Artificielle ou la 5G.<\/p>\n<h2>Les PME au c\u0153ur des Swiss Cyber Security Days 2021<\/h2>\n<p>En tant que \"Journ\u00e9e des PME\" nationale, le 11 mars est ax\u00e9 sur les PME et leurs besoins sp\u00e9cifiques en mati\u00e8re de cybers\u00e9curit\u00e9 gr\u00e2ce \u00e0 un programme sp\u00e9cial int\u00e9gr\u00e9. Une sensibilisation ax\u00e9e sur les petites et moyennes entreprises doit permettre de prendre conscience des cyberrisques. Des cas concrets d'attaques contre des entreprises suisses et leurs cons\u00e9quences seront \u00e9galement discut\u00e9s. Les SCSD misent ici aussi sur les valeurs cl\u00e9s que sont la transparence, le transfert de connaissances, la communication ouverte et la discussion.<\/p>\n<p><em>Plus d'informations : <a href=\"http:\/\/www.swisscybersecuritydays.ch\">Journ\u00e9es suisses de la cybers\u00e9curit\u00e9<\/a><\/em><\/p>","protected":false},"excerpt":{"rendered":"<p>Die Swiss Cyber Security Days sind die inzwischen wohl bedeutendste Veranstaltung der Schweiz im Bereich Cybersicherheit. Der zweit\u00e4gige Anlass wird am 10. und 11. M\u00e4rz 2021 in einer auf die zur Zeit geltenden Schutzanforderungen angepassten Form mit Konferenz und Networking im Forum Fribourg stattfinden. Gleichzeitig k\u00f6nnen alle Interessierten \u00fcber die neue online Plattform \u00abSCSD 365\u00bb [&hellip;]<\/p>\n","protected":false},"author":4,"featured_media":7343,"comment_status":"closed","ping_status":"closed","sticky":false,"template":"","format":"standard","meta":{"_acf_changed":false,"_yoast_wpseo_focuskw":"Swiss Cyber Security Days 2021","_yoast_wpseo_metadesc":"Die Swiss Cyber Security Days 2021 (SCSD) werden im kommenden M\u00e4rz vor Ort und online in hybrider Form stattfinden. Ein Tag ist ganz den KMU gewidmet.","articlekey":"","footnotes":""},"categories":[27],"tags":[142,193,260,286],"class_list":["post-7342","post","type-post","status-publish","format-standard","has-post-thumbnail","hentry","category-it","tag-cyber-crime","tag-fachkongressfachmesse","tag-ict-sicherheit","tag-it"],"acf":[],"yoast_head":"<!-- This site is optimized with the Yoast SEO plugin v27.4 - https:\/\/yoast.com\/product\/yoast-seo-wordpress\/ -->\n<title>Swiss Cyber Security Days 2021 werden globaler - und lancieren \u00abKMU-Tag\u00bb - Organisator<\/title>\n<meta name=\"description\" content=\"Die Swiss Cyber Security Days 2021 (SCSD) werden im kommenden M\u00e4rz vor Ort und online in hybrider Form stattfinden. Ein Tag ist ganz den KMU gewidmet.\" \/>\n<meta name=\"robots\" content=\"index, follow, max-snippet:-1, max-image-preview:large, max-video-preview:-1\" \/>\n<link rel=\"canonical\" href=\"https:\/\/www.organisator.ch\/fr\/gestion-2\/it\/2020-11-17\/swiss-cyber-security-days-2021-werden-globaler-und-lancieren-kmu-tag\/\" \/>\n<meta property=\"og:locale\" content=\"fr_FR\" \/>\n<meta property=\"og:type\" content=\"article\" \/>\n<meta property=\"og:title\" content=\"Swiss Cyber Security Days 2021 werden globaler - und lancieren \u00abKMU-Tag\u00bb\" \/>\n<meta property=\"og:description\" content=\"Die Swiss Cyber Security Days 2021 (SCSD) werden im kommenden M\u00e4rz vor Ort und online in hybrider Form stattfinden. Ein Tag ist ganz den KMU gewidmet.\" \/>\n<meta property=\"og:url\" content=\"https:\/\/www.organisator.ch\/fr\/gestion-2\/it\/2020-11-17\/swiss-cyber-security-days-2021-werden-globaler-und-lancieren-kmu-tag\/\" \/>\n<meta property=\"og:site_name\" content=\"Organisator\" \/>\n<meta property=\"article:publisher\" content=\"https:\/\/www.facebook.com\/OrganisatorFachmagazin\" \/>\n<meta property=\"article:published_time\" content=\"2020-11-17T12:49:14+00:00\" \/>\n<meta property=\"og:image\" content=\"https:\/\/www.organisator.ch\/wp-content\/uploads\/2020\/11\/Swiss-Cyber-Security-Days-2021-werden-globaler-und-lancieren-KMU-Tag_Organisator.jpg\" \/>\n\t<meta property=\"og:image:width\" content=\"680\" \/>\n\t<meta property=\"og:image:height\" content=\"231\" \/>\n\t<meta property=\"og:image:type\" content=\"image\/jpeg\" \/>\n<meta name=\"author\" content=\"thomas.berner\" \/>\n<meta name=\"twitter:card\" content=\"summary_large_image\" \/>\n<meta name=\"twitter:title\" content=\"#SwissCyberSecurityDays 2021 werden globaler - und lancieren \u00abKMU-Tag\u00bb\" \/>\n<meta name=\"twitter:description\" content=\"Die Swiss Cyber Security Days 2021 (#SCSD) werden im kommenden M\u00e4rz vor Ort und online in hybrider Form stattfinden. Ein Tag ist ganz den #KMU gewidmet.\" \/>\n<meta name=\"twitter:image\" content=\"https:\/\/www.organisator.ch\/wp-content\/uploads\/2020\/11\/Swiss-Cyber-Security-Days-2021-werden-globaler-und-lancieren-KMU-Tag_Organisator.jpg\" \/>\n<script type=\"application\/ld+json\" class=\"yoast-schema-graph\">{\"@context\":\"https:\\\/\\\/schema.org\",\"@graph\":[{\"@type\":\"Article\",\"@id\":\"https:\\\/\\\/www.organisator.ch\\\/management\\\/it\\\/2020-11-17\\\/swiss-cyber-security-days-2021-werden-globaler-und-lancieren-kmu-tag\\\/#article\",\"isPartOf\":{\"@id\":\"https:\\\/\\\/www.organisator.ch\\\/management\\\/it\\\/2020-11-17\\\/swiss-cyber-security-days-2021-werden-globaler-und-lancieren-kmu-tag\\\/\"},\"author\":{\"name\":\"thomas.berner\",\"@id\":\"https:\\\/\\\/www.organisator.ch\\\/#\\\/schema\\\/person\\\/6f650f90b2842cd4c0cc334b4e36f67e\"},\"headline\":\"Swiss Cyber Security Days 2021 werden globaler &#8211; und lancieren \u00abKMU-Tag\u00bb\",\"datePublished\":\"2020-11-17T12:49:14+00:00\",\"mainEntityOfPage\":{\"@id\":\"https:\\\/\\\/www.organisator.ch\\\/management\\\/it\\\/2020-11-17\\\/swiss-cyber-security-days-2021-werden-globaler-und-lancieren-kmu-tag\\\/\"},\"wordCount\":457,\"publisher\":{\"@id\":\"https:\\\/\\\/www.organisator.ch\\\/#organization\"},\"image\":{\"@id\":\"https:\\\/\\\/www.organisator.ch\\\/management\\\/it\\\/2020-11-17\\\/swiss-cyber-security-days-2021-werden-globaler-und-lancieren-kmu-tag\\\/#primaryimage\"},\"thumbnailUrl\":\"https:\\\/\\\/www.organisator.ch\\\/wp-content\\\/uploads\\\/2020\\\/11\\\/Swiss-Cyber-Security-Days-2021-werden-globaler-und-lancieren-KMU-Tag_Organisator.jpg\",\"keywords\":[\"Cyber-Crime\",\"Fachkongress\\\/Fachmesse\",\"ICT-Sicherheit\",\"IT\"],\"articleSection\":[\"IT\"],\"inLanguage\":\"fr-FR\"},{\"@type\":\"WebPage\",\"@id\":\"https:\\\/\\\/www.organisator.ch\\\/management\\\/it\\\/2020-11-17\\\/swiss-cyber-security-days-2021-werden-globaler-und-lancieren-kmu-tag\\\/\",\"url\":\"https:\\\/\\\/www.organisator.ch\\\/management\\\/it\\\/2020-11-17\\\/swiss-cyber-security-days-2021-werden-globaler-und-lancieren-kmu-tag\\\/\",\"name\":\"Swiss Cyber Security Days 2021 werden globaler - und lancieren \u00abKMU-Tag\u00bb - Organisator\",\"isPartOf\":{\"@id\":\"https:\\\/\\\/www.organisator.ch\\\/#website\"},\"primaryImageOfPage\":{\"@id\":\"https:\\\/\\\/www.organisator.ch\\\/management\\\/it\\\/2020-11-17\\\/swiss-cyber-security-days-2021-werden-globaler-und-lancieren-kmu-tag\\\/#primaryimage\"},\"image\":{\"@id\":\"https:\\\/\\\/www.organisator.ch\\\/management\\\/it\\\/2020-11-17\\\/swiss-cyber-security-days-2021-werden-globaler-und-lancieren-kmu-tag\\\/#primaryimage\"},\"thumbnailUrl\":\"https:\\\/\\\/www.organisator.ch\\\/wp-content\\\/uploads\\\/2020\\\/11\\\/Swiss-Cyber-Security-Days-2021-werden-globaler-und-lancieren-KMU-Tag_Organisator.jpg\",\"datePublished\":\"2020-11-17T12:49:14+00:00\",\"description\":\"Die Swiss Cyber Security Days 2021 (SCSD) werden im kommenden M\u00e4rz vor Ort und online in hybrider Form stattfinden. Ein Tag ist ganz den KMU gewidmet.\",\"breadcrumb\":{\"@id\":\"https:\\\/\\\/www.organisator.ch\\\/management\\\/it\\\/2020-11-17\\\/swiss-cyber-security-days-2021-werden-globaler-und-lancieren-kmu-tag\\\/#breadcrumb\"},\"inLanguage\":\"fr-FR\",\"potentialAction\":[{\"@type\":\"ReadAction\",\"target\":[\"https:\\\/\\\/www.organisator.ch\\\/management\\\/it\\\/2020-11-17\\\/swiss-cyber-security-days-2021-werden-globaler-und-lancieren-kmu-tag\\\/\"]}]},{\"@type\":\"ImageObject\",\"inLanguage\":\"fr-FR\",\"@id\":\"https:\\\/\\\/www.organisator.ch\\\/management\\\/it\\\/2020-11-17\\\/swiss-cyber-security-days-2021-werden-globaler-und-lancieren-kmu-tag\\\/#primaryimage\",\"url\":\"https:\\\/\\\/www.organisator.ch\\\/wp-content\\\/uploads\\\/2020\\\/11\\\/Swiss-Cyber-Security-Days-2021-werden-globaler-und-lancieren-KMU-Tag_Organisator.jpg\",\"contentUrl\":\"https:\\\/\\\/www.organisator.ch\\\/wp-content\\\/uploads\\\/2020\\\/11\\\/Swiss-Cyber-Security-Days-2021-werden-globaler-und-lancieren-KMU-Tag_Organisator.jpg\",\"width\":680,\"height\":231,\"caption\":\"Sprechen an den Swiss Cyber Security Days 2021: Armeechef Thomas S\u00fcssli und Florian Sch\u00fctz, Delegierter des Bundes f\u00fcr Cybersicherheit. (Bilder: VBS_DDPS \\\/ Keystone - Gaetan Bally).\"},{\"@type\":\"BreadcrumbList\",\"@id\":\"https:\\\/\\\/www.organisator.ch\\\/management\\\/it\\\/2020-11-17\\\/swiss-cyber-security-days-2021-werden-globaler-und-lancieren-kmu-tag\\\/#breadcrumb\",\"itemListElement\":[{\"@type\":\"ListItem\",\"position\":1,\"name\":\"Home\",\"item\":\"https:\\\/\\\/www.organisator.ch\\\/\"},{\"@type\":\"ListItem\",\"position\":2,\"name\":\"Swiss Cyber Security Days 2021 werden globaler &#8211; und lancieren \u00abKMU-Tag\u00bb\"}]},{\"@type\":\"WebSite\",\"@id\":\"https:\\\/\\\/www.organisator.ch\\\/#website\",\"url\":\"https:\\\/\\\/www.organisator.ch\\\/\",\"name\":\"Organisator\",\"description\":\"Kompetent. Praxisnah. Der ORGANISATOR bereitet in 10 Ausgaben pro Jahr die wesentlichen Themen f\u00fcr F\u00fchrungskr\u00e4fte von KMU auf.\",\"publisher\":{\"@id\":\"https:\\\/\\\/www.organisator.ch\\\/#organization\"},\"potentialAction\":[{\"@type\":\"SearchAction\",\"target\":{\"@type\":\"EntryPoint\",\"urlTemplate\":\"https:\\\/\\\/www.organisator.ch\\\/?s={search_term_string}\"},\"query-input\":{\"@type\":\"PropertyValueSpecification\",\"valueRequired\":true,\"valueName\":\"search_term_string\"}}],\"inLanguage\":\"fr-FR\"},{\"@type\":\"Organization\",\"@id\":\"https:\\\/\\\/www.organisator.ch\\\/#organization\",\"name\":\"Organisator\",\"url\":\"https:\\\/\\\/www.organisator.ch\\\/\",\"logo\":{\"@type\":\"ImageObject\",\"inLanguage\":\"fr-FR\",\"@id\":\"https:\\\/\\\/www.organisator.ch\\\/#\\\/schema\\\/logo\\\/image\\\/\",\"url\":\"https:\\\/\\\/www.organisator.ch\\\/wp-content\\\/uploads\\\/2022\\\/01\\\/Logo_Organisator_Website.png\",\"contentUrl\":\"https:\\\/\\\/www.organisator.ch\\\/wp-content\\\/uploads\\\/2022\\\/01\\\/Logo_Organisator_Website.png\",\"width\":800,\"height\":77,\"caption\":\"Organisator\"},\"image\":{\"@id\":\"https:\\\/\\\/www.organisator.ch\\\/#\\\/schema\\\/logo\\\/image\\\/\"},\"sameAs\":[\"https:\\\/\\\/www.facebook.com\\\/OrganisatorFachmagazin\",\"https:\\\/\\\/www.linkedin.com\\\/showcase\\\/organisator-das-magazin-fr-kmu\",\"https:\\\/\\\/www.xing.com\\\/news\\\/pages\\\/organisator-ch-695\",\"https:\\\/\\\/www.youtube.com\\\/channel\\\/UCGP2Sq0iWaZwT3BdIAQFYpw\"]},{\"@type\":\"Person\",\"@id\":\"https:\\\/\\\/www.organisator.ch\\\/#\\\/schema\\\/person\\\/6f650f90b2842cd4c0cc334b4e36f67e\",\"name\":\"thomas.berner\",\"image\":{\"@type\":\"ImageObject\",\"inLanguage\":\"fr-FR\",\"@id\":\"https:\\\/\\\/secure.gravatar.com\\\/avatar\\\/ac5001d2a36cb6c6cd3e50789007ffca834b477b74a2144564522e944eabff61?s=96&d=mm&r=g\",\"url\":\"https:\\\/\\\/secure.gravatar.com\\\/avatar\\\/ac5001d2a36cb6c6cd3e50789007ffca834b477b74a2144564522e944eabff61?s=96&d=mm&r=g\",\"contentUrl\":\"https:\\\/\\\/secure.gravatar.com\\\/avatar\\\/ac5001d2a36cb6c6cd3e50789007ffca834b477b74a2144564522e944eabff61?s=96&d=mm&r=g\",\"caption\":\"thomas.berner\"},\"url\":\"https:\\\/\\\/www.organisator.ch\\\/fr\\\/author\\\/thomas-berner\\\/\"}]}<\/script>\n<!-- \/ Yoast SEO plugin. -->","yoast_head_json":{"title":"Les Swiss Cyber Security Days 2021 se mondialisent - et lancent la \"Journ\u00e9e PME\" - Organisateur","description":"Les Swiss Cyber Security Days 2021 (SCSD) se d\u00e9rouleront en mars prochain sur place et en ligne sous une forme hybride. Une journ\u00e9e sera enti\u00e8rement consacr\u00e9e aux PME.","robots":{"index":"index","follow":"follow","max-snippet":"max-snippet:-1","max-image-preview":"max-image-preview:large","max-video-preview":"max-video-preview:-1"},"canonical":"https:\/\/www.organisator.ch\/fr\/gestion-2\/it\/2020-11-17\/swiss-cyber-security-days-2021-werden-globaler-und-lancieren-kmu-tag\/","og_locale":"fr_FR","og_type":"article","og_title":"Swiss Cyber Security Days 2021 werden globaler - und lancieren \u00abKMU-Tag\u00bb","og_description":"Die Swiss Cyber Security Days 2021 (SCSD) werden im kommenden M\u00e4rz vor Ort und online in hybrider Form stattfinden. Ein Tag ist ganz den KMU gewidmet.","og_url":"https:\/\/www.organisator.ch\/fr\/gestion-2\/it\/2020-11-17\/swiss-cyber-security-days-2021-werden-globaler-und-lancieren-kmu-tag\/","og_site_name":"Organisator","article_publisher":"https:\/\/www.facebook.com\/OrganisatorFachmagazin","article_published_time":"2020-11-17T12:49:14+00:00","og_image":[{"width":680,"height":231,"url":"https:\/\/www.organisator.ch\/wp-content\/uploads\/2020\/11\/Swiss-Cyber-Security-Days-2021-werden-globaler-und-lancieren-KMU-Tag_Organisator.jpg","type":"image\/jpeg"}],"author":"thomas.berner","twitter_card":"summary_large_image","twitter_title":"#SwissCyberSecurityDays 2021 werden globaler - und lancieren \u00abKMU-Tag\u00bb","twitter_description":"Die Swiss Cyber Security Days 2021 (#SCSD) werden im kommenden M\u00e4rz vor Ort und online in hybrider Form stattfinden. Ein Tag ist ganz den #KMU gewidmet.","twitter_image":"https:\/\/www.organisator.ch\/wp-content\/uploads\/2020\/11\/Swiss-Cyber-Security-Days-2021-werden-globaler-und-lancieren-KMU-Tag_Organisator.jpg","schema":{"@context":"https:\/\/schema.org","@graph":[{"@type":"Article","@id":"https:\/\/www.organisator.ch\/management\/it\/2020-11-17\/swiss-cyber-security-days-2021-werden-globaler-und-lancieren-kmu-tag\/#article","isPartOf":{"@id":"https:\/\/www.organisator.ch\/management\/it\/2020-11-17\/swiss-cyber-security-days-2021-werden-globaler-und-lancieren-kmu-tag\/"},"author":{"name":"thomas.berner","@id":"https:\/\/www.organisator.ch\/#\/schema\/person\/6f650f90b2842cd4c0cc334b4e36f67e"},"headline":"Swiss Cyber Security Days 2021 werden globaler &#8211; und lancieren \u00abKMU-Tag\u00bb","datePublished":"2020-11-17T12:49:14+00:00","mainEntityOfPage":{"@id":"https:\/\/www.organisator.ch\/management\/it\/2020-11-17\/swiss-cyber-security-days-2021-werden-globaler-und-lancieren-kmu-tag\/"},"wordCount":457,"publisher":{"@id":"https:\/\/www.organisator.ch\/#organization"},"image":{"@id":"https:\/\/www.organisator.ch\/management\/it\/2020-11-17\/swiss-cyber-security-days-2021-werden-globaler-und-lancieren-kmu-tag\/#primaryimage"},"thumbnailUrl":"https:\/\/www.organisator.ch\/wp-content\/uploads\/2020\/11\/Swiss-Cyber-Security-Days-2021-werden-globaler-und-lancieren-KMU-Tag_Organisator.jpg","keywords":["Cyber-Crime","Fachkongress\/Fachmesse","ICT-Sicherheit","IT"],"articleSection":["IT"],"inLanguage":"fr-FR"},{"@type":"WebPage","@id":"https:\/\/www.organisator.ch\/management\/it\/2020-11-17\/swiss-cyber-security-days-2021-werden-globaler-und-lancieren-kmu-tag\/","url":"https:\/\/www.organisator.ch\/management\/it\/2020-11-17\/swiss-cyber-security-days-2021-werden-globaler-und-lancieren-kmu-tag\/","name":"Les Swiss Cyber Security Days 2021 se mondialisent - et lancent la \"Journ\u00e9e PME\" - Organisateur","isPartOf":{"@id":"https:\/\/www.organisator.ch\/#website"},"primaryImageOfPage":{"@id":"https:\/\/www.organisator.ch\/management\/it\/2020-11-17\/swiss-cyber-security-days-2021-werden-globaler-und-lancieren-kmu-tag\/#primaryimage"},"image":{"@id":"https:\/\/www.organisator.ch\/management\/it\/2020-11-17\/swiss-cyber-security-days-2021-werden-globaler-und-lancieren-kmu-tag\/#primaryimage"},"thumbnailUrl":"https:\/\/www.organisator.ch\/wp-content\/uploads\/2020\/11\/Swiss-Cyber-Security-Days-2021-werden-globaler-und-lancieren-KMU-Tag_Organisator.jpg","datePublished":"2020-11-17T12:49:14+00:00","description":"Les Swiss Cyber Security Days 2021 (SCSD) se d\u00e9rouleront en mars prochain sur place et en ligne sous une forme hybride. Une journ\u00e9e sera enti\u00e8rement consacr\u00e9e aux PME.","breadcrumb":{"@id":"https:\/\/www.organisator.ch\/management\/it\/2020-11-17\/swiss-cyber-security-days-2021-werden-globaler-und-lancieren-kmu-tag\/#breadcrumb"},"inLanguage":"fr-FR","potentialAction":[{"@type":"ReadAction","target":["https:\/\/www.organisator.ch\/management\/it\/2020-11-17\/swiss-cyber-security-days-2021-werden-globaler-und-lancieren-kmu-tag\/"]}]},{"@type":"ImageObject","inLanguage":"fr-FR","@id":"https:\/\/www.organisator.ch\/management\/it\/2020-11-17\/swiss-cyber-security-days-2021-werden-globaler-und-lancieren-kmu-tag\/#primaryimage","url":"https:\/\/www.organisator.ch\/wp-content\/uploads\/2020\/11\/Swiss-Cyber-Security-Days-2021-werden-globaler-und-lancieren-KMU-Tag_Organisator.jpg","contentUrl":"https:\/\/www.organisator.ch\/wp-content\/uploads\/2020\/11\/Swiss-Cyber-Security-Days-2021-werden-globaler-und-lancieren-KMU-Tag_Organisator.jpg","width":680,"height":231,"caption":"Sprechen an den Swiss Cyber Security Days 2021: Armeechef Thomas S\u00fcssli und Florian Sch\u00fctz, Delegierter des Bundes f\u00fcr Cybersicherheit. (Bilder: VBS_DDPS \/ Keystone - Gaetan Bally)."},{"@type":"BreadcrumbList","@id":"https:\/\/www.organisator.ch\/management\/it\/2020-11-17\/swiss-cyber-security-days-2021-werden-globaler-und-lancieren-kmu-tag\/#breadcrumb","itemListElement":[{"@type":"ListItem","position":1,"name":"Home","item":"https:\/\/www.organisator.ch\/"},{"@type":"ListItem","position":2,"name":"Swiss Cyber Security Days 2021 werden globaler &#8211; und lancieren \u00abKMU-Tag\u00bb"}]},{"@type":"WebSite","@id":"https:\/\/www.organisator.ch\/#website","url":"https:\/\/www.organisator.ch\/","name":"Organisateur","description":"Comp\u00e9tence et comp\u00e9tence. Proches de la pratique. L'ORGANISATEUR pr\u00e9pare 10 num\u00e9ros par an sur les th\u00e8mes essentiels pour les dirigeants de PME.","publisher":{"@id":"https:\/\/www.organisator.ch\/#organization"},"potentialAction":[{"@type":"SearchAction","target":{"@type":"EntryPoint","urlTemplate":"https:\/\/www.organisator.ch\/?s={search_term_string}"},"query-input":{"@type":"PropertyValueSpecification","valueRequired":true,"valueName":"search_term_string"}}],"inLanguage":"fr-FR"},{"@type":"Organization","@id":"https:\/\/www.organisator.ch\/#organization","name":"Organisateur","url":"https:\/\/www.organisator.ch\/","logo":{"@type":"ImageObject","inLanguage":"fr-FR","@id":"https:\/\/www.organisator.ch\/#\/schema\/logo\/image\/","url":"https:\/\/www.organisator.ch\/wp-content\/uploads\/2022\/01\/Logo_Organisator_Website.png","contentUrl":"https:\/\/www.organisator.ch\/wp-content\/uploads\/2022\/01\/Logo_Organisator_Website.png","width":800,"height":77,"caption":"Organisator"},"image":{"@id":"https:\/\/www.organisator.ch\/#\/schema\/logo\/image\/"},"sameAs":["https:\/\/www.facebook.com\/OrganisatorFachmagazin","https:\/\/www.linkedin.com\/showcase\/organisator-das-magazin-fr-kmu","https:\/\/www.xing.com\/news\/pages\/organisator-ch-695","https:\/\/www.youtube.com\/channel\/UCGP2Sq0iWaZwT3BdIAQFYpw"]},{"@type":"Person","@id":"https:\/\/www.organisator.ch\/#\/schema\/person\/6f650f90b2842cd4c0cc334b4e36f67e","name":"thomas.berner","image":{"@type":"ImageObject","inLanguage":"fr-FR","@id":"https:\/\/secure.gravatar.com\/avatar\/ac5001d2a36cb6c6cd3e50789007ffca834b477b74a2144564522e944eabff61?s=96&d=mm&r=g","url":"https:\/\/secure.gravatar.com\/avatar\/ac5001d2a36cb6c6cd3e50789007ffca834b477b74a2144564522e944eabff61?s=96&d=mm&r=g","contentUrl":"https:\/\/secure.gravatar.com\/avatar\/ac5001d2a36cb6c6cd3e50789007ffca834b477b74a2144564522e944eabff61?s=96&d=mm&r=g","caption":"thomas.berner"},"url":"https:\/\/www.organisator.ch\/fr\/author\/thomas-berner\/"}]}},"_links":{"self":[{"href":"https:\/\/www.organisator.ch\/fr\/wp-json\/wp\/v2\/posts\/7342","targetHints":{"allow":["GET"]}}],"collection":[{"href":"https:\/\/www.organisator.ch\/fr\/wp-json\/wp\/v2\/posts"}],"about":[{"href":"https:\/\/www.organisator.ch\/fr\/wp-json\/wp\/v2\/types\/post"}],"author":[{"embeddable":true,"href":"https:\/\/www.organisator.ch\/fr\/wp-json\/wp\/v2\/users\/4"}],"replies":[{"embeddable":true,"href":"https:\/\/www.organisator.ch\/fr\/wp-json\/wp\/v2\/comments?post=7342"}],"version-history":[{"count":0,"href":"https:\/\/www.organisator.ch\/fr\/wp-json\/wp\/v2\/posts\/7342\/revisions"}],"wp:featuredmedia":[{"embeddable":true,"href":"https:\/\/www.organisator.ch\/fr\/wp-json\/wp\/v2\/media\/7343"}],"wp:attachment":[{"href":"https:\/\/www.organisator.ch\/fr\/wp-json\/wp\/v2\/media?parent=7342"}],"wp:term":[{"taxonomy":"category","embeddable":true,"href":"https:\/\/www.organisator.ch\/fr\/wp-json\/wp\/v2\/categories?post=7342"},{"taxonomy":"post_tag","embeddable":true,"href":"https:\/\/www.organisator.ch\/fr\/wp-json\/wp\/v2\/tags?post=7342"}],"curies":[{"name":"wp","href":"https:\/\/api.w.org\/{rel}","templated":true}]}}