{"id":7345,"date":"2020-11-19T14:07:12","date_gmt":"2020-11-19T13:07:12","guid":{"rendered":"https:\/\/www.organisator.ch\/?p=7345"},"modified":"2020-11-19T14:07:12","modified_gmt":"2020-11-19T13:07:12","slug":"outplacement-beratung-fuer-fach-und-fuehrungskraefte-wird-2021-zunehmen","status":"publish","type":"post","link":"https:\/\/www.organisator.ch\/fr\/human-resources\/hrm\/2020-11-19\/outplacement-beratung-fuer-fach-und-fuehrungskraefte-wird-2021-zunehmen\/","title":{"rendered":"Le conseil en outplacement pour les professionnels et les cadres augmentera en 2021"},"content":{"rendered":"<figure id=\"attachment_7346\" aria-describedby=\"caption-attachment-7346\" style=\"width: 680px\" class=\"wp-caption alignnone\"><img loading=\"lazy\" decoding=\"async\" class=\"size-medium wp-image-7346\" src=\"https:\/\/www.organisator.ch\/wp-content\/uploads\/2020\/11\/Outplacement-Beratung-fuer-Fach-und-Fuehrungskraefte-wird-2021-zunehmen_Organisator.jpg\" alt=\"\" width=\"680\" height=\"452\" srcset=\"https:\/\/www.organisator.ch\/wp-content\/uploads\/2020\/11\/Outplacement-Beratung-fuer-Fach-und-Fuehrungskraefte-wird-2021-zunehmen_Organisator.jpg 680w, https:\/\/www.organisator.ch\/wp-content\/uploads\/2020\/11\/Outplacement-Beratung-fuer-Fach-und-Fuehrungskraefte-wird-2021-zunehmen_Organisator-16x12.jpg 16w, https:\/\/www.organisator.ch\/wp-content\/uploads\/2020\/11\/Outplacement-Beratung-fuer-Fach-und-Fuehrungskraefte-wird-2021-zunehmen_Organisator-263x175.jpg 263w, https:\/\/www.organisator.ch\/wp-content\/uploads\/2020\/11\/Outplacement-Beratung-fuer-Fach-und-Fuehrungskraefte-wird-2021-zunehmen_Organisator-527x350.jpg 527w, https:\/\/www.organisator.ch\/wp-content\/uploads\/2020\/11\/Outplacement-Beratung-fuer-Fach-und-Fuehrungskraefte-wird-2021-zunehmen_Organisator-300x199.jpg 300w\" sizes=\"auto, (max-width: 680px) 100vw, 680px\" \/><figcaption id=\"caption-attachment-7346\" class=\"wp-caption-text\">Soudain \u00e0 la rue \u00e0 cause de Corona ? La demande de conseils en outplacement devrait augmenter de mani\u00e8re significative en 2021. (Image : Unsplash.com)<\/figcaption><\/figure>\n<p>Alors que lors de la premi\u00e8re vague Corona au printemps, les licenciements ont \u00e9t\u00e9 plut\u00f4t frein\u00e9s, en partie gr\u00e2ce au ch\u00f4mage partiel, et que les entreprises se sont encore montr\u00e9es r\u00e9ticentes \u00e0 licencier, l'association professionnelle suisse pour l'outplacement ACF (Association suisse des entreprises pour le changement personnel et organisationnel) observe \u00e0 nouveau une nette augmentation depuis septembre. Il semble qu'une certaine correction du march\u00e9 et du secteur se soit acc\u00e9l\u00e9r\u00e9e. L'ACF voit d'autres raisons dans le fait que certaines entreprises ont anticip\u00e9 des r\u00e9organisations pr\u00e9vues, mais que certaines ont aussi mis en veilleuse leurs plans de restructuration justement \u00e0 cause de Corona, tout en investissant un peu moins dans les collaborateurs existants.<\/p>\n<h2>Le conseil en outplacement va se d\u00e9velopper<\/h2>\n<p>L'association professionnelle suisse pour l'outplacement s'attend donc \u00e0 une deuxi\u00e8me vague de licenciements au cours du semestre d'hiver, dont l'ampleur est encore incertaine. En fonction de l'\u00e9volution et d'un \u00e9ventuel renforcement des mesures actuelles de la Conf\u00e9d\u00e9ration et des cantons, le march\u00e9 du travail ne se r\u00e9tablira qu'avec un certain retard. Selon l'ACF, la demande de conseils professionnels et de services personnalis\u00e9s dans le domaine de l'outplacement et du newplacement, de l'assessment et du coaching, notamment pour \u00e9viter de prendre de mauvaises d\u00e9cisions lors du recrutement ou de la promotion, va donc continuer \u00e0 augmenter.<\/p>\n<h2>La num\u00e9risation acc\u00e9l\u00e8re la suppression d'emplois ou le passage \u00e0 de nouveaux profils d'emploi<\/h2>\n<p>Selon les r\u00e9sultats de l'enqu\u00eate men\u00e9e aupr\u00e8s des membres de l'ACF, outre la capacit\u00e9 \u00e0 aborder le march\u00e9 du travail de mani\u00e8re professionnelle, les aspects psychologiques du travail prendront de plus en plus d'importance. Le changement brutal du monde du travail a acc\u00e9l\u00e9r\u00e9 des tendances telles que le travail flexible, le leadership accompagn\u00e9 de comp\u00e9tences \u00e9motionnelles \u00e9lev\u00e9es ainsi que la formation continue en comp\u00e9tences num\u00e9riques.<br \/>\nComme on le sait, les secteurs du voyage, de l'\u00e9v\u00e9nementiel ou de la restauration sont actuellement particuli\u00e8rement concern\u00e9s. Or, selon les experts d'ACF, ce ne sont pas les secteurs qui peuvent soutenir sp\u00e9cialement leurs collaborateurs en cas de s\u00e9paration. L'association d'outplacement s'attend donc \u00e0 ce que la situation s'aggrave encore et qu'en 2021, lorsque la Conf\u00e9d\u00e9ration ne pourra plus soutenir de la m\u00eame mani\u00e8re par des mesures telles que le ch\u00f4mage partiel, presque aucun secteur ne sera \u00e9pargn\u00e9.<\/p>\n<p>Mais cela ne se fait pas toujours par n\u00e9cessit\u00e9, mais aussi en raison de l'acc\u00e9l\u00e9ration de la num\u00e9risation, qui entra\u00eenera \u00e9galement des changements et des suppressions d'emplois ou des changements vers de nouveaux profils de postes. Les secteurs et les entreprises qui n'ont pas encore beaucoup restructur\u00e9 dans ce sens ou qui ont encore beaucoup \u00e0 faire devraient donc \u00eatre touch\u00e9s, par exemple dans les banques, le commerce de d\u00e9tail et les services administratifs, mais aussi dans l'industrie chimique ou m\u00e9canique.<\/p>\n<h2>Des processus de candidature plus longs pour les managers en recherche d'emploi ?<\/h2>\n<p>Selon l'enqu\u00eate men\u00e9e aupr\u00e8s des membres de l'association professionnelle pour l'outplacement, les managers qui ont perdu leur emploi expriment les m\u00eames incertitudes et les m\u00eames craintes que par le pass\u00e9, mais de mani\u00e8re un peu plus prononc\u00e9e actuellement : le changement brutal du march\u00e9 du travail suite \u00e0 la crise de Corona entra\u00eene des processus de candidature plus longs, moins d'offres d'emploi, plus de concurrents. Dans de nombreux cas, on attend d'abord, la r\u00e9insertion devient plus difficile, surtout pour les demandeurs d'emploi de plus de 50 ans. C'est pourquoi l'Outplacement-Verband enregistre actuellement une augmentation des consultations d'outplacement, notamment pour les cadres et les sp\u00e9cialistes. Jusqu'\u00e0 pr\u00e9sent, il n'y a certes pas de risque de ne pas trouver rapidement une solution durable. La dur\u00e9e de recherche s'allonge toutefois d'environ 1 \u00e0 2 mois par rapport aux valeurs moyennes des derni\u00e8res ann\u00e9es dans toutes les cat\u00e9gories d'\u00e2ge.<\/p>\n<h2>Beaucoup de patience et une grande activit\u00e9 de r\u00e9seau sont n\u00e9cessaires<\/h2>\n<p>Quelle strat\u00e9gie de candidature faut-il maintenant pour les sp\u00e9cialistes et les cadres dans la crise de Corona actuelle ? Pour les experts de l'association professionnelle suisse pour l'outplacement, une chose est claire : le march\u00e9 du travail est solide, mais ralenti. C'est pourquoi il faut beaucoup de patience, et pour une recherche active, la compr\u00e9hension de l'environnement social, la cr\u00e9ativit\u00e9, la force d'initiative et la flexibilit\u00e9, et surtout une grande activit\u00e9 de r\u00e9seau. Il faut utiliser de mani\u00e8re professionnelle et active tous les canaux du march\u00e9 de l'emploi tels que les m\u00e9dias sociaux, les annonces, les r\u00e9seaux personnels, les chasseurs de t\u00eates, les agences de recrutement et les candidatures spontan\u00e9es.<\/p>\n<p>Un conseil professionnel en outplacement peut aider \u00e0 acc\u00e9der au march\u00e9 du travail dit \"cach\u00e9\", en plus de la candidature directe ou accompagn\u00e9e, car chaque outplacer dispose \u00e9galement d'un grand r\u00e9seau personnel d'employeurs potentiels. Mais selon les experts d'ACF, il est plus important que la personne concern\u00e9e apprenne \u00e0 activer son propre r\u00e9seau et \u00e0 obtenir ainsi des informations pertinentes. La plupart des personnes concern\u00e9es sont trop timides et trop r\u00e9serv\u00e9es \u00e0 cet \u00e9gard.<\/p>\n<h2>Le conseil en outplacement comme soutien aux ORP ?<\/h2>\n<p>Dans le cadre du programme d'impulsion 2020-2022 de la Conf\u00e9d\u00e9ration avec des mesures de promotion de la r\u00e9insertion, l'offre de conseil des offices r\u00e9gionaux de placement (ORP) pour les personnes \u00e2g\u00e9es et les demandeurs d'emploi dont la r\u00e9insertion sur le march\u00e9 du travail est difficile doit \u00eatre d\u00e9velopp\u00e9e et am\u00e9lior\u00e9e. Selon l'Association suisse pour l'outplacement ACF, l'aide et le soutien professionnels des entreprises d'outplacement pourraient \u00e9galement apporter une contribution pr\u00e9cieuse \u00e0 cet \u00e9gard, en compl\u00e9ment des projets des cantons et des ORP.<\/p>\n<p>Les mesures dans le domaine du bilan de comp\u00e9tences pour les adultes et du conseil en int\u00e9gration pour les demandeurs d'emploi plus \u00e2g\u00e9s pourraient \u00eatre mises en \u0153uvre et soutenues de mani\u00e8re id\u00e9ale par les comp\u00e9tences des entreprises de conseil sp\u00e9cialis\u00e9es dans l'outplacement et le newplacement. Outre les contr\u00f4les d'aptitude au march\u00e9 du travail, l'analyse de potentiel et le conseil en mati\u00e8re de carri\u00e8re, un deuxi\u00e8me avis ou un conseil plus intensif en vue d'une future activit\u00e9 ind\u00e9pendante, coupl\u00e9 \u00e0 une cr\u00e9ation d'entreprise, pourraient constituer des offres de soutien judicieuses et adapt\u00e9es aux besoins individuels pour une r\u00e9insertion durable.<\/p>\n<p><em>Source : <a href=\"http:\/\/acfswitzerland.ch\/\">ACF<\/a><\/em><\/p>","protected":false},"excerpt":{"rendered":"<p>W\u00e4hrend in der ersten Corona-Welle im Fr\u00fchling Entlassungen teilweise auch dank Kurzarbeit noch eher gebremst wurden und sich Firmen mit K\u00fcndigungen noch zur\u00fcckhielten, beobachtet der Schweizer Branchenverband f\u00fcr Outplacement ACF (Schweizerischer Verband der Unternehmen f\u00fcr pers\u00f6nliche und organisatorische Ver\u00e4nderung) seit September wieder eine deutliche Zunahme. Es scheint, dass eine gewisse Markt- und Branchenkorrektur sich beschleunigt [&hellip;]<\/p>\n","protected":false},"author":4,"featured_media":7346,"comment_status":"closed","ping_status":"closed","sticky":false,"template":"","format":"standard","meta":{"_acf_changed":false,"_yoast_wpseo_focuskw":"Outplacement-Beratung","_yoast_wpseo_metadesc":"Corona-bedingt verlieren auch viele Fach- und F\u00fchrungskr\u00e4fte ihre Positionen. Entsprechend nehmen die Mandate f\u00fcr Outplacement-Beratung markant zu.","articlekey":"","footnotes":""},"categories":[26],"tags":[47,254,371,407],"class_list":["post-7345","post","type-post","status-publish","format-standard","has-post-thumbnail","hentry","category-hrm","tag-arbeitsmarkt","tag-hrm","tag-outplacement","tag-recruiting"],"acf":[],"yoast_head":"<!-- This site is optimized with the Yoast SEO plugin v27.4 - https:\/\/yoast.com\/product\/yoast-seo-wordpress\/ -->\n<title>Outplacement-Beratung f\u00fcr Fach- und F\u00fchrungskr\u00e4fte wird 2021 zunehmen - Organisator<\/title>\n<meta name=\"description\" content=\"Corona-bedingt verlieren auch viele Fach- und F\u00fchrungskr\u00e4fte ihre Positionen. Entsprechend nehmen die Mandate f\u00fcr Outplacement-Beratung markant zu.\" \/>\n<meta name=\"robots\" content=\"index, follow, max-snippet:-1, max-image-preview:large, max-video-preview:-1\" \/>\n<link rel=\"canonical\" href=\"https:\/\/www.organisator.ch\/fr\/ressources-humaines\/hrm\/2020-11-19\/outplacement-beratung-fuer-fach-und-fuehrungskraefte-wird-2021-zunehmen\/\" \/>\n<meta property=\"og:locale\" content=\"fr_FR\" \/>\n<meta property=\"og:type\" content=\"article\" \/>\n<meta property=\"og:title\" content=\"Outplacement-Beratung f\u00fcr Fach- und F\u00fchrungskr\u00e4fte wird 2021 zunehmen\" \/>\n<meta property=\"og:description\" content=\"Corona-bedingt verlieren auch viele Fach- und F\u00fchrungskr\u00e4fte ihre Positionen. Entsprechend nehmen die Mandate f\u00fcr Outplacement-Beratung markant zu.\" \/>\n<meta property=\"og:url\" content=\"https:\/\/www.organisator.ch\/fr\/ressources-humaines\/hrm\/2020-11-19\/outplacement-beratung-fuer-fach-und-fuehrungskraefte-wird-2021-zunehmen\/\" \/>\n<meta property=\"og:site_name\" content=\"Organisator\" \/>\n<meta property=\"article:publisher\" content=\"https:\/\/www.facebook.com\/OrganisatorFachmagazin\" \/>\n<meta property=\"article:published_time\" content=\"2020-11-19T13:07:12+00:00\" \/>\n<meta property=\"og:image\" content=\"https:\/\/www.organisator.ch\/wp-content\/uploads\/2020\/11\/Outplacement-Beratung-fuer-Fach-und-Fuehrungskraefte-wird-2021-zunehmen_Organisator.jpg\" \/>\n\t<meta property=\"og:image:width\" content=\"680\" \/>\n\t<meta property=\"og:image:height\" content=\"452\" \/>\n\t<meta property=\"og:image:type\" content=\"image\/jpeg\" \/>\n<meta name=\"author\" content=\"thomas.berner\" \/>\n<meta name=\"twitter:card\" content=\"summary_large_image\" \/>\n<meta name=\"twitter:title\" content=\"#Outplacement-Beratung f\u00fcr Fach- und F\u00fchrungskr\u00e4fte wird 2021 zunehmen\" \/>\n<meta name=\"twitter:description\" content=\"Corona-bedingt verlieren auch viele Fach- und #F\u00fchrungskr\u00e4fte ihre Positionen. Entsprechend nehmen die Mandate f\u00fcr #Outplacement-Beratung markant zu.\" \/>\n<meta name=\"twitter:image\" content=\"https:\/\/www.organisator.ch\/wp-content\/uploads\/2020\/11\/Outplacement-Beratung-fuer-Fach-und-Fuehrungskraefte-wird-2021-zunehmen_Organisator.jpg\" \/>\n<script type=\"application\/ld+json\" class=\"yoast-schema-graph\">{\"@context\":\"https:\\\/\\\/schema.org\",\"@graph\":[{\"@type\":\"Article\",\"@id\":\"https:\\\/\\\/www.organisator.ch\\\/human-resources\\\/hrm\\\/2020-11-19\\\/outplacement-beratung-fuer-fach-und-fuehrungskraefte-wird-2021-zunehmen\\\/#article\",\"isPartOf\":{\"@id\":\"https:\\\/\\\/www.organisator.ch\\\/human-resources\\\/hrm\\\/2020-11-19\\\/outplacement-beratung-fuer-fach-und-fuehrungskraefte-wird-2021-zunehmen\\\/\"},\"author\":{\"name\":\"thomas.berner\",\"@id\":\"https:\\\/\\\/www.organisator.ch\\\/#\\\/schema\\\/person\\\/6f650f90b2842cd4c0cc334b4e36f67e\"},\"headline\":\"Outplacement-Beratung f\u00fcr Fach- und F\u00fchrungskr\u00e4fte wird 2021 zunehmen\",\"datePublished\":\"2020-11-19T13:07:12+00:00\",\"mainEntityOfPage\":{\"@id\":\"https:\\\/\\\/www.organisator.ch\\\/human-resources\\\/hrm\\\/2020-11-19\\\/outplacement-beratung-fuer-fach-und-fuehrungskraefte-wird-2021-zunehmen\\\/\"},\"wordCount\":891,\"publisher\":{\"@id\":\"https:\\\/\\\/www.organisator.ch\\\/#organization\"},\"image\":{\"@id\":\"https:\\\/\\\/www.organisator.ch\\\/human-resources\\\/hrm\\\/2020-11-19\\\/outplacement-beratung-fuer-fach-und-fuehrungskraefte-wird-2021-zunehmen\\\/#primaryimage\"},\"thumbnailUrl\":\"https:\\\/\\\/www.organisator.ch\\\/wp-content\\\/uploads\\\/2020\\\/11\\\/Outplacement-Beratung-fuer-Fach-und-Fuehrungskraefte-wird-2021-zunehmen_Organisator.jpg\",\"keywords\":[\"Arbeitsmarkt\",\"HRM\",\"Outplacement\",\"Recruiting\"],\"articleSection\":[\"HRM\"],\"inLanguage\":\"fr-FR\"},{\"@type\":\"WebPage\",\"@id\":\"https:\\\/\\\/www.organisator.ch\\\/human-resources\\\/hrm\\\/2020-11-19\\\/outplacement-beratung-fuer-fach-und-fuehrungskraefte-wird-2021-zunehmen\\\/\",\"url\":\"https:\\\/\\\/www.organisator.ch\\\/human-resources\\\/hrm\\\/2020-11-19\\\/outplacement-beratung-fuer-fach-und-fuehrungskraefte-wird-2021-zunehmen\\\/\",\"name\":\"Outplacement-Beratung f\u00fcr Fach- und F\u00fchrungskr\u00e4fte wird 2021 zunehmen - Organisator\",\"isPartOf\":{\"@id\":\"https:\\\/\\\/www.organisator.ch\\\/#website\"},\"primaryImageOfPage\":{\"@id\":\"https:\\\/\\\/www.organisator.ch\\\/human-resources\\\/hrm\\\/2020-11-19\\\/outplacement-beratung-fuer-fach-und-fuehrungskraefte-wird-2021-zunehmen\\\/#primaryimage\"},\"image\":{\"@id\":\"https:\\\/\\\/www.organisator.ch\\\/human-resources\\\/hrm\\\/2020-11-19\\\/outplacement-beratung-fuer-fach-und-fuehrungskraefte-wird-2021-zunehmen\\\/#primaryimage\"},\"thumbnailUrl\":\"https:\\\/\\\/www.organisator.ch\\\/wp-content\\\/uploads\\\/2020\\\/11\\\/Outplacement-Beratung-fuer-Fach-und-Fuehrungskraefte-wird-2021-zunehmen_Organisator.jpg\",\"datePublished\":\"2020-11-19T13:07:12+00:00\",\"description\":\"Corona-bedingt verlieren auch viele Fach- und F\u00fchrungskr\u00e4fte ihre Positionen. Entsprechend nehmen die Mandate f\u00fcr Outplacement-Beratung markant zu.\",\"breadcrumb\":{\"@id\":\"https:\\\/\\\/www.organisator.ch\\\/human-resources\\\/hrm\\\/2020-11-19\\\/outplacement-beratung-fuer-fach-und-fuehrungskraefte-wird-2021-zunehmen\\\/#breadcrumb\"},\"inLanguage\":\"fr-FR\",\"potentialAction\":[{\"@type\":\"ReadAction\",\"target\":[\"https:\\\/\\\/www.organisator.ch\\\/human-resources\\\/hrm\\\/2020-11-19\\\/outplacement-beratung-fuer-fach-und-fuehrungskraefte-wird-2021-zunehmen\\\/\"]}]},{\"@type\":\"ImageObject\",\"inLanguage\":\"fr-FR\",\"@id\":\"https:\\\/\\\/www.organisator.ch\\\/human-resources\\\/hrm\\\/2020-11-19\\\/outplacement-beratung-fuer-fach-und-fuehrungskraefte-wird-2021-zunehmen\\\/#primaryimage\",\"url\":\"https:\\\/\\\/www.organisator.ch\\\/wp-content\\\/uploads\\\/2020\\\/11\\\/Outplacement-Beratung-fuer-Fach-und-Fuehrungskraefte-wird-2021-zunehmen_Organisator.jpg\",\"contentUrl\":\"https:\\\/\\\/www.organisator.ch\\\/wp-content\\\/uploads\\\/2020\\\/11\\\/Outplacement-Beratung-fuer-Fach-und-Fuehrungskraefte-wird-2021-zunehmen_Organisator.jpg\",\"width\":680,\"height\":452,\"caption\":\"Wegen Corona pl\u00f6tzlich auf der Strasse? Der Bedarf an Outplacement-Beratung d\u00fcrfte 2021 markant zunehmen. (Bild: Unsplash.com)\"},{\"@type\":\"BreadcrumbList\",\"@id\":\"https:\\\/\\\/www.organisator.ch\\\/human-resources\\\/hrm\\\/2020-11-19\\\/outplacement-beratung-fuer-fach-und-fuehrungskraefte-wird-2021-zunehmen\\\/#breadcrumb\",\"itemListElement\":[{\"@type\":\"ListItem\",\"position\":1,\"name\":\"Home\",\"item\":\"https:\\\/\\\/www.organisator.ch\\\/\"},{\"@type\":\"ListItem\",\"position\":2,\"name\":\"Outplacement-Beratung f\u00fcr Fach- und F\u00fchrungskr\u00e4fte wird 2021 zunehmen\"}]},{\"@type\":\"WebSite\",\"@id\":\"https:\\\/\\\/www.organisator.ch\\\/#website\",\"url\":\"https:\\\/\\\/www.organisator.ch\\\/\",\"name\":\"Organisator\",\"description\":\"Kompetent. Praxisnah. Der ORGANISATOR bereitet in 10 Ausgaben pro Jahr die wesentlichen Themen f\u00fcr F\u00fchrungskr\u00e4fte von KMU auf.\",\"publisher\":{\"@id\":\"https:\\\/\\\/www.organisator.ch\\\/#organization\"},\"potentialAction\":[{\"@type\":\"SearchAction\",\"target\":{\"@type\":\"EntryPoint\",\"urlTemplate\":\"https:\\\/\\\/www.organisator.ch\\\/?s={search_term_string}\"},\"query-input\":{\"@type\":\"PropertyValueSpecification\",\"valueRequired\":true,\"valueName\":\"search_term_string\"}}],\"inLanguage\":\"fr-FR\"},{\"@type\":\"Organization\",\"@id\":\"https:\\\/\\\/www.organisator.ch\\\/#organization\",\"name\":\"Organisator\",\"url\":\"https:\\\/\\\/www.organisator.ch\\\/\",\"logo\":{\"@type\":\"ImageObject\",\"inLanguage\":\"fr-FR\",\"@id\":\"https:\\\/\\\/www.organisator.ch\\\/#\\\/schema\\\/logo\\\/image\\\/\",\"url\":\"https:\\\/\\\/www.organisator.ch\\\/wp-content\\\/uploads\\\/2022\\\/01\\\/Logo_Organisator_Website.png\",\"contentUrl\":\"https:\\\/\\\/www.organisator.ch\\\/wp-content\\\/uploads\\\/2022\\\/01\\\/Logo_Organisator_Website.png\",\"width\":800,\"height\":77,\"caption\":\"Organisator\"},\"image\":{\"@id\":\"https:\\\/\\\/www.organisator.ch\\\/#\\\/schema\\\/logo\\\/image\\\/\"},\"sameAs\":[\"https:\\\/\\\/www.facebook.com\\\/OrganisatorFachmagazin\",\"https:\\\/\\\/www.linkedin.com\\\/showcase\\\/organisator-das-magazin-fr-kmu\",\"https:\\\/\\\/www.xing.com\\\/news\\\/pages\\\/organisator-ch-695\",\"https:\\\/\\\/www.youtube.com\\\/channel\\\/UCGP2Sq0iWaZwT3BdIAQFYpw\"]},{\"@type\":\"Person\",\"@id\":\"https:\\\/\\\/www.organisator.ch\\\/#\\\/schema\\\/person\\\/6f650f90b2842cd4c0cc334b4e36f67e\",\"name\":\"thomas.berner\",\"image\":{\"@type\":\"ImageObject\",\"inLanguage\":\"fr-FR\",\"@id\":\"https:\\\/\\\/secure.gravatar.com\\\/avatar\\\/ac5001d2a36cb6c6cd3e50789007ffca834b477b74a2144564522e944eabff61?s=96&d=mm&r=g\",\"url\":\"https:\\\/\\\/secure.gravatar.com\\\/avatar\\\/ac5001d2a36cb6c6cd3e50789007ffca834b477b74a2144564522e944eabff61?s=96&d=mm&r=g\",\"contentUrl\":\"https:\\\/\\\/secure.gravatar.com\\\/avatar\\\/ac5001d2a36cb6c6cd3e50789007ffca834b477b74a2144564522e944eabff61?s=96&d=mm&r=g\",\"caption\":\"thomas.berner\"},\"url\":\"https:\\\/\\\/www.organisator.ch\\\/fr\\\/author\\\/thomas-berner\\\/\"}]}<\/script>\n<!-- \/ Yoast SEO plugin. -->","yoast_head_json":{"title":"Le conseil en outplacement pour les professionnels et les cadres augmentera en 2021 - Organisator","description":"En raison du ph\u00e9nom\u00e8ne Corona, de nombreux sp\u00e9cialistes et cadres perdent \u00e9galement leur poste. Par cons\u00e9quent, les mandats de conseil en outplacement augmentent de mani\u00e8re significative.","robots":{"index":"index","follow":"follow","max-snippet":"max-snippet:-1","max-image-preview":"max-image-preview:large","max-video-preview":"max-video-preview:-1"},"canonical":"https:\/\/www.organisator.ch\/fr\/ressources-humaines\/hrm\/2020-11-19\/outplacement-beratung-fuer-fach-und-fuehrungskraefte-wird-2021-zunehmen\/","og_locale":"fr_FR","og_type":"article","og_title":"Outplacement-Beratung f\u00fcr Fach- und F\u00fchrungskr\u00e4fte wird 2021 zunehmen","og_description":"Corona-bedingt verlieren auch viele Fach- und F\u00fchrungskr\u00e4fte ihre Positionen. Entsprechend nehmen die Mandate f\u00fcr Outplacement-Beratung markant zu.","og_url":"https:\/\/www.organisator.ch\/fr\/ressources-humaines\/hrm\/2020-11-19\/outplacement-beratung-fuer-fach-und-fuehrungskraefte-wird-2021-zunehmen\/","og_site_name":"Organisator","article_publisher":"https:\/\/www.facebook.com\/OrganisatorFachmagazin","article_published_time":"2020-11-19T13:07:12+00:00","og_image":[{"width":680,"height":452,"url":"https:\/\/www.organisator.ch\/wp-content\/uploads\/2020\/11\/Outplacement-Beratung-fuer-Fach-und-Fuehrungskraefte-wird-2021-zunehmen_Organisator.jpg","type":"image\/jpeg"}],"author":"thomas.berner","twitter_card":"summary_large_image","twitter_title":"#Outplacement-Beratung f\u00fcr Fach- und F\u00fchrungskr\u00e4fte wird 2021 zunehmen","twitter_description":"Corona-bedingt verlieren auch viele Fach- und #F\u00fchrungskr\u00e4fte ihre Positionen. Entsprechend nehmen die Mandate f\u00fcr #Outplacement-Beratung markant zu.","twitter_image":"https:\/\/www.organisator.ch\/wp-content\/uploads\/2020\/11\/Outplacement-Beratung-fuer-Fach-und-Fuehrungskraefte-wird-2021-zunehmen_Organisator.jpg","schema":{"@context":"https:\/\/schema.org","@graph":[{"@type":"Article","@id":"https:\/\/www.organisator.ch\/human-resources\/hrm\/2020-11-19\/outplacement-beratung-fuer-fach-und-fuehrungskraefte-wird-2021-zunehmen\/#article","isPartOf":{"@id":"https:\/\/www.organisator.ch\/human-resources\/hrm\/2020-11-19\/outplacement-beratung-fuer-fach-und-fuehrungskraefte-wird-2021-zunehmen\/"},"author":{"name":"thomas.berner","@id":"https:\/\/www.organisator.ch\/#\/schema\/person\/6f650f90b2842cd4c0cc334b4e36f67e"},"headline":"Outplacement-Beratung f\u00fcr Fach- und F\u00fchrungskr\u00e4fte wird 2021 zunehmen","datePublished":"2020-11-19T13:07:12+00:00","mainEntityOfPage":{"@id":"https:\/\/www.organisator.ch\/human-resources\/hrm\/2020-11-19\/outplacement-beratung-fuer-fach-und-fuehrungskraefte-wird-2021-zunehmen\/"},"wordCount":891,"publisher":{"@id":"https:\/\/www.organisator.ch\/#organization"},"image":{"@id":"https:\/\/www.organisator.ch\/human-resources\/hrm\/2020-11-19\/outplacement-beratung-fuer-fach-und-fuehrungskraefte-wird-2021-zunehmen\/#primaryimage"},"thumbnailUrl":"https:\/\/www.organisator.ch\/wp-content\/uploads\/2020\/11\/Outplacement-Beratung-fuer-Fach-und-Fuehrungskraefte-wird-2021-zunehmen_Organisator.jpg","keywords":["Arbeitsmarkt","HRM","Outplacement","Recruiting"],"articleSection":["HRM"],"inLanguage":"fr-FR"},{"@type":"WebPage","@id":"https:\/\/www.organisator.ch\/human-resources\/hrm\/2020-11-19\/outplacement-beratung-fuer-fach-und-fuehrungskraefte-wird-2021-zunehmen\/","url":"https:\/\/www.organisator.ch\/human-resources\/hrm\/2020-11-19\/outplacement-beratung-fuer-fach-und-fuehrungskraefte-wird-2021-zunehmen\/","name":"Le conseil en outplacement pour les professionnels et les cadres augmentera en 2021 - Organisator","isPartOf":{"@id":"https:\/\/www.organisator.ch\/#website"},"primaryImageOfPage":{"@id":"https:\/\/www.organisator.ch\/human-resources\/hrm\/2020-11-19\/outplacement-beratung-fuer-fach-und-fuehrungskraefte-wird-2021-zunehmen\/#primaryimage"},"image":{"@id":"https:\/\/www.organisator.ch\/human-resources\/hrm\/2020-11-19\/outplacement-beratung-fuer-fach-und-fuehrungskraefte-wird-2021-zunehmen\/#primaryimage"},"thumbnailUrl":"https:\/\/www.organisator.ch\/wp-content\/uploads\/2020\/11\/Outplacement-Beratung-fuer-Fach-und-Fuehrungskraefte-wird-2021-zunehmen_Organisator.jpg","datePublished":"2020-11-19T13:07:12+00:00","description":"En raison du ph\u00e9nom\u00e8ne Corona, de nombreux sp\u00e9cialistes et cadres perdent \u00e9galement leur poste. Par cons\u00e9quent, les mandats de conseil en outplacement augmentent de mani\u00e8re significative.","breadcrumb":{"@id":"https:\/\/www.organisator.ch\/human-resources\/hrm\/2020-11-19\/outplacement-beratung-fuer-fach-und-fuehrungskraefte-wird-2021-zunehmen\/#breadcrumb"},"inLanguage":"fr-FR","potentialAction":[{"@type":"ReadAction","target":["https:\/\/www.organisator.ch\/human-resources\/hrm\/2020-11-19\/outplacement-beratung-fuer-fach-und-fuehrungskraefte-wird-2021-zunehmen\/"]}]},{"@type":"ImageObject","inLanguage":"fr-FR","@id":"https:\/\/www.organisator.ch\/human-resources\/hrm\/2020-11-19\/outplacement-beratung-fuer-fach-und-fuehrungskraefte-wird-2021-zunehmen\/#primaryimage","url":"https:\/\/www.organisator.ch\/wp-content\/uploads\/2020\/11\/Outplacement-Beratung-fuer-Fach-und-Fuehrungskraefte-wird-2021-zunehmen_Organisator.jpg","contentUrl":"https:\/\/www.organisator.ch\/wp-content\/uploads\/2020\/11\/Outplacement-Beratung-fuer-Fach-und-Fuehrungskraefte-wird-2021-zunehmen_Organisator.jpg","width":680,"height":452,"caption":"Wegen Corona pl\u00f6tzlich auf der Strasse? Der Bedarf an Outplacement-Beratung d\u00fcrfte 2021 markant zunehmen. (Bild: Unsplash.com)"},{"@type":"BreadcrumbList","@id":"https:\/\/www.organisator.ch\/human-resources\/hrm\/2020-11-19\/outplacement-beratung-fuer-fach-und-fuehrungskraefte-wird-2021-zunehmen\/#breadcrumb","itemListElement":[{"@type":"ListItem","position":1,"name":"Home","item":"https:\/\/www.organisator.ch\/"},{"@type":"ListItem","position":2,"name":"Outplacement-Beratung f\u00fcr Fach- und F\u00fchrungskr\u00e4fte wird 2021 zunehmen"}]},{"@type":"WebSite","@id":"https:\/\/www.organisator.ch\/#website","url":"https:\/\/www.organisator.ch\/","name":"Organisateur","description":"Comp\u00e9tence et comp\u00e9tence. Proches de la pratique. L'ORGANISATEUR pr\u00e9pare 10 num\u00e9ros par an sur les th\u00e8mes essentiels pour les dirigeants de PME.","publisher":{"@id":"https:\/\/www.organisator.ch\/#organization"},"potentialAction":[{"@type":"SearchAction","target":{"@type":"EntryPoint","urlTemplate":"https:\/\/www.organisator.ch\/?s={search_term_string}"},"query-input":{"@type":"PropertyValueSpecification","valueRequired":true,"valueName":"search_term_string"}}],"inLanguage":"fr-FR"},{"@type":"Organization","@id":"https:\/\/www.organisator.ch\/#organization","name":"Organisateur","url":"https:\/\/www.organisator.ch\/","logo":{"@type":"ImageObject","inLanguage":"fr-FR","@id":"https:\/\/www.organisator.ch\/#\/schema\/logo\/image\/","url":"https:\/\/www.organisator.ch\/wp-content\/uploads\/2022\/01\/Logo_Organisator_Website.png","contentUrl":"https:\/\/www.organisator.ch\/wp-content\/uploads\/2022\/01\/Logo_Organisator_Website.png","width":800,"height":77,"caption":"Organisator"},"image":{"@id":"https:\/\/www.organisator.ch\/#\/schema\/logo\/image\/"},"sameAs":["https:\/\/www.facebook.com\/OrganisatorFachmagazin","https:\/\/www.linkedin.com\/showcase\/organisator-das-magazin-fr-kmu","https:\/\/www.xing.com\/news\/pages\/organisator-ch-695","https:\/\/www.youtube.com\/channel\/UCGP2Sq0iWaZwT3BdIAQFYpw"]},{"@type":"Person","@id":"https:\/\/www.organisator.ch\/#\/schema\/person\/6f650f90b2842cd4c0cc334b4e36f67e","name":"thomas.berner","image":{"@type":"ImageObject","inLanguage":"fr-FR","@id":"https:\/\/secure.gravatar.com\/avatar\/ac5001d2a36cb6c6cd3e50789007ffca834b477b74a2144564522e944eabff61?s=96&d=mm&r=g","url":"https:\/\/secure.gravatar.com\/avatar\/ac5001d2a36cb6c6cd3e50789007ffca834b477b74a2144564522e944eabff61?s=96&d=mm&r=g","contentUrl":"https:\/\/secure.gravatar.com\/avatar\/ac5001d2a36cb6c6cd3e50789007ffca834b477b74a2144564522e944eabff61?s=96&d=mm&r=g","caption":"thomas.berner"},"url":"https:\/\/www.organisator.ch\/fr\/author\/thomas-berner\/"}]}},"_links":{"self":[{"href":"https:\/\/www.organisator.ch\/fr\/wp-json\/wp\/v2\/posts\/7345","targetHints":{"allow":["GET"]}}],"collection":[{"href":"https:\/\/www.organisator.ch\/fr\/wp-json\/wp\/v2\/posts"}],"about":[{"href":"https:\/\/www.organisator.ch\/fr\/wp-json\/wp\/v2\/types\/post"}],"author":[{"embeddable":true,"href":"https:\/\/www.organisator.ch\/fr\/wp-json\/wp\/v2\/users\/4"}],"replies":[{"embeddable":true,"href":"https:\/\/www.organisator.ch\/fr\/wp-json\/wp\/v2\/comments?post=7345"}],"version-history":[{"count":0,"href":"https:\/\/www.organisator.ch\/fr\/wp-json\/wp\/v2\/posts\/7345\/revisions"}],"wp:featuredmedia":[{"embeddable":true,"href":"https:\/\/www.organisator.ch\/fr\/wp-json\/wp\/v2\/media\/7346"}],"wp:attachment":[{"href":"https:\/\/www.organisator.ch\/fr\/wp-json\/wp\/v2\/media?parent=7345"}],"wp:term":[{"taxonomy":"category","embeddable":true,"href":"https:\/\/www.organisator.ch\/fr\/wp-json\/wp\/v2\/categories?post=7345"},{"taxonomy":"post_tag","embeddable":true,"href":"https:\/\/www.organisator.ch\/fr\/wp-json\/wp\/v2\/tags?post=7345"}],"curies":[{"name":"wp","href":"https:\/\/api.w.org\/{rel}","templated":true}]}}