{"id":7366,"date":"2020-11-25T11:42:06","date_gmt":"2020-11-25T10:42:06","guid":{"rendered":"https:\/\/www.organisator.ch\/?p=7366"},"modified":"2020-11-25T11:42:06","modified_gmt":"2020-11-25T10:42:06","slug":"situation-des-exportations-entre-espoir-et-peur","status":"publish","type":"post","link":"https:\/\/www.organisator.ch\/fr\/allgemein\/2020-11-25\/exportsituation-zwischen-hoffen-und-bangen\/","title":{"rendered":"La situation des exportations entre espoir et inqui\u00e9tude"},"content":{"rendered":"<figure id=\"attachment_7367\" aria-describedby=\"caption-attachment-7367\" style=\"width: 680px\" class=\"wp-caption alignnone\"><img loading=\"lazy\" decoding=\"async\" class=\"size-medium wp-image-7367\" src=\"https:\/\/www.organisator.ch\/wp-content\/uploads\/2020\/11\/Exportsituation-zwischen-Hoffen-und-Bangen_Organisator.jpg\" alt=\"\" width=\"680\" height=\"423\" srcset=\"https:\/\/www.organisator.ch\/wp-content\/uploads\/2020\/11\/Exportsituation-zwischen-Hoffen-und-Bangen_Organisator.jpg 680w, https:\/\/www.organisator.ch\/wp-content\/uploads\/2020\/11\/Exportsituation-zwischen-Hoffen-und-Bangen_Organisator-16x10.jpg 16w, https:\/\/www.organisator.ch\/wp-content\/uploads\/2020\/11\/Exportsituation-zwischen-Hoffen-und-Bangen_Organisator-281x175.jpg 281w, https:\/\/www.organisator.ch\/wp-content\/uploads\/2020\/11\/Exportsituation-zwischen-Hoffen-und-Bangen_Organisator-563x350.jpg 563w, https:\/\/www.organisator.ch\/wp-content\/uploads\/2020\/11\/Exportsituation-zwischen-Hoffen-und-Bangen_Organisator-300x187.jpg 300w\" sizes=\"auto, (max-width: 680px) 100vw, 680px\" \/><figcaption id=\"caption-attachment-7367\" class=\"wp-caption-text\">La situation des exportations reste difficile, mais en raison de la reprise du commerce mondial, les signes sont bons pour 2021. (Image : Pixabay.com)<\/figcaption><\/figure>\n<p>Tout d'abord, il y a des nouvelles positives concernant la situation des exportations suisses : selon les Export Forecast de l'assureur risque cr\u00e9dit Euler Hermes, l'indice des exportations est actuellement de 0,71 point. Cette valeur est sup\u00e9rieure \u00e0 la croissance moyenne \u00e0 long terme de l'industrie exportatrice suisse. Au cours des trois derniers mois, les pr\u00e9visions ont nettement progress\u00e9, mais restent inf\u00e9rieures \u00e0 celles de l'ann\u00e9e pr\u00e9c\u00e9dente, indique Euler Hermes. Apr\u00e8s la profonde r\u00e9cession due \u00e0 la pand\u00e9mie de Corona au printemps, un mouvement inverse s'est amorc\u00e9 \u00e0 partir du mois de mai. Comme le montre l'\u00e9volution du forecasts, celle-ci s'est poursuivie jusqu'\u00e0 fin septembre, mais la tendance s'est affaiblie. En octobre, l'indicateur avanc\u00e9 a ensuite enregistr\u00e9 un l\u00e9ger recul. En supposant que le retournement de tendance observ\u00e9 en octobre ne s'accentue pas, l'indicateur Euler Hermes des exportations indique donc actuellement que l'\u00e9conomie exportatrice conna\u00eetra une croissance sup\u00e9rieure \u00e0 la moyenne au cours des prochains mois.<\/p>\n<h2><strong>Inversion de tendance en raison de mauvais indicateurs de confiance <\/strong><\/h2>\n<p>Selon Stefan Ruf, CEO d'Euler Hermes Suisse, c'est la d\u00e9t\u00e9rioration du moral des investisseurs et des consommateurs qui est responsable du renversement de tendance des pr\u00e9visions d'octobre. La hausse des infections \u00e0 Covid-19 p\u00e8se \u00e0 nouveau sur la confiance des consommateurs, ce qui a des r\u00e9percussions directes sur le secteur des services. La volatilit\u00e9 sur les march\u00e9s financiers a \u00e9galement augment\u00e9. Ruf poursuit : \"L'\u00e9conomie europ\u00e9enne a particuli\u00e8rement souffert de la pand\u00e9mie au cours du dernier semestre. Aujourd'hui, la deuxi\u00e8me vague de Covid 19 menace d'apporter de nouveaux d\u00e9sagr\u00e9ments. L'industrie d'exportation suisse en subira \u00e9galement les cons\u00e9quences. La probabilit\u00e9 d'un nouveau d\u00e9rapage de l'\u00e9volution conjoncturelle augmente\".<\/p>\n<h2><strong>Une baisse de la croissance est attendue au quatri\u00e8me trimestre <\/strong><\/h2>\n<p>Apr\u00e8s la baisse record du deuxi\u00e8me trimestre 2020, le commerce ext\u00e9rieur suisse s'est nettement redress\u00e9 au trimestre suivant. Corrig\u00e9es des variations saisonni\u00e8res, les exportations ont augment\u00e9 de 6,5 pour cent (r\u00e9el : +9,9 pour cent), ce qui correspond, en termes de chiffre d'affaires, au niveau trimestriel d'il y a trois ans. Les importations ont \u00e9galement augment\u00e9 de 11,5 pour cent (r\u00e9el : +9,0 pour cent). Apr\u00e8s la forte reprise conjoncturelle des mois de mai \u00e0 septembre, Euler Hermes s'attend toutefois \u00e0 ce que les exportations subissent \u00e0 nouveau un net recul au cours du dernier trimestre 2020. Au total, l'\u00e9conomie suisse devrait se contracter de 4,7 % en 2020 (+2,6 % en 2021) et les exportations suisses devraient reculer de 7 % (+5,6 % en 2021). \"M\u00eame si la Suisse r\u00e9siste encore \u00e0 un deuxi\u00e8me lockdown national, un nouveau revers conjoncturel devrait \u00eatre in\u00e9vitable compte tenu des craintes accrues de contagion et de la d\u00e9pendance de l'\u00e9conomie vis-\u00e0-vis des exportations\", explique Katharina Uterm\u00f6hl, \u00e9conomiste Europe chez Euler Hermes. \"Il ne faut pas s'attendre \u00e0 une reprise durable de la dynamique conjoncturelle avant le second semestre 2021 - \u00e0 condition qu'un vaccin contre le virus puisse \u00eatre distribu\u00e9 \u00e0 grande \u00e9chelle d'ici l\u00e0\".<\/p>\n<h2><strong>La situation des exportations allemandes se r\u00e9tablit rapidement<\/strong><\/h2>\n<p>Ce qui vaut pour la Suisse s'applique en grande partie \u00e0 notre partenaire commercial probablement le plus important, l'Allemagne. Selon les perspectives conjoncturelles de la Deutsche Industriebank IKB, le moral des entreprises de notre voisin du nord s'est assombri - sans surprise. M\u00eame si l'\u00e9volution de l'industrie manufacturi\u00e8re en Allemagne s'est r\u00e9v\u00e9l\u00e9e stable ces derniers temps, le lockdown actuel et surtout les impond\u00e9rables conjoncturels p\u00e8sent sur les attentes. Toutefois, selon IKB, ces pressions sont plut\u00f4t de courte dur\u00e9e. Certes, il faut s'attendre \u00e0 un nouveau recul du PIB au quatri\u00e8me trimestre de l'ann\u00e9e 2020, mais les perspectives pour l'ann\u00e9e 2021 sont souvent consid\u00e9r\u00e9es comme trop n\u00e9gatives. L'augmentation des taux de vaccination et la croissance \u00e9conomique mondiale initi\u00e9e par la Chine et d'autres pays asiatiques devraient assurer une \u00e9volution dynamique de la conjoncture, surtout dans la deuxi\u00e8me moiti\u00e9 de l'ann\u00e9e 2021, et remplacer de plus en plus les effets de rattrapage comme moteur de croissance. Apr\u00e8s le lockdown du printemps, l'industrie allemande a pu rapidement relancer la production. L'ann\u00e9e prochaine, IKB s'attend \u00e0 une croissance du PIB en Allemagne d'environ 5 %. Les principaux moteurs devraient \u00eatre moins les investissements que les exportations et la consommation priv\u00e9e. Ces perspectives sont ambigu\u00ebs pour les entreprises exportatrices suisses : Selon les secteurs - biens de consommation ou biens d'investissement - dans lesquels elles \u00e9voluent, soit elles pourraient rapidement repartir \u00e0 la hausse, soit la p\u00e9riode de vaches maigres se prolongerait.<strong>.<\/strong><\/p>\n<h2><strong>Les indicateurs du commerce mondial \u00e9voluent plus positivement que pr\u00e9vu <\/strong><\/h2>\n<p>Jusqu'\u00e0 r\u00e9cemment, l'\u00e9volution du commerce mondial \u00e9tait encourageante. Alors qu'au premier semestre, l'OMC pr\u00e9voyait encore un recul de plus de 20 pour cent du volume des \u00e9changes mondiaux, on s'attend actuellement \u00e0 une chute de moins de 10 pour cent. Les prix du fret ont r\u00e9cemment atteint un nouveau record et le transbordement de conteneurs d\u00e9passe m\u00eame le niveau qu'il atteignait avant la crise de Corona. Le d\u00e9veloppement dynamique du commerce mondial est \u00e9troitement li\u00e9 \u00e0 la reprise des march\u00e9s des mati\u00e8res premi\u00e8res et de l'industrie en g\u00e9n\u00e9ral. Ainsi, l'indice mondial des directeurs d'achat de J.P. Morgan a atteint fin octobre un nouveau sommet pluriannuel de 53 points. Par ailleurs, la plupart des march\u00e9s du travail dans le monde se sont redress\u00e9s en ao\u00fbt et en septembre, mais aucune nouvelle am\u00e9lioration n'a \u00e9t\u00e9 observ\u00e9e en octobre.<\/p>\n<p><em>Sources : <a href=\"http:\/\/www.eulerhermes.ch\">Euler Hermes<\/a>, <a href=\"http:\/\/www.ikb.de\">IKB Deutsche Industriebank AG<\/a><\/em><\/p>","protected":false},"excerpt":{"rendered":"<p>Zun\u00e4chst gibt es positive Nachrichten zur Schweizer Exportsituation: Gem\u00e4ss dem Export Forecast des Kreditrisikoversicherers Euler Hermes liegt der Export-Index derzeit bei 0,71 Punkten. Dieser Wert liegt \u00fcber dem langj\u00e4hrigen mittleren Wachstumskurs der Schweizer Exportindustrie. Innerhalb der letzten drei Monate habe der Forecast markant zugelegt, liege jedoch weiterhin unter dem Vorjahresniveau, vermeldet Euler Hermes. Nach dem [&hellip;]<\/p>\n","protected":false},"author":4,"featured_media":7367,"comment_status":"closed","ping_status":"closed","sticky":false,"template":"","format":"standard","meta":{"_acf_changed":false,"_yoast_wpseo_focuskw":"Exportsituation","_yoast_wpseo_metadesc":"Im Dritten Quartal haben die Exporte wieder angezogen. Doch f\u00fcr die letzten drei Monate des Jahres 2020 sieht die Exportsituation wieder d\u00fcsterer aus.","articlekey":"","footnotes":""},"categories":[1],"tags":[63,189,340,531],"class_list":["post-7366","post","type-post","status-publish","format-standard","has-post-thumbnail","hentry","category-allgemein","tag-aussenwirtschaft","tag-export","tag-maerkte","tag-wirtschaftspolitik"],"acf":[],"yoast_head":"<!-- This site is optimized with the Yoast SEO plugin v27.5 - https:\/\/yoast.com\/product\/yoast-seo-wordpress\/ -->\n<title>Exportsituation zwischen Hoffen und Bangen - Organisator<\/title>\n<meta name=\"description\" content=\"Im Dritten Quartal haben die Exporte wieder angezogen. Doch f\u00fcr die letzten drei Monate des Jahres 2020 sieht die Exportsituation wieder d\u00fcsterer aus.\" \/>\n<meta name=\"robots\" content=\"index, follow, max-snippet:-1, max-image-preview:large, max-video-preview:-1\" \/>\n<link rel=\"canonical\" href=\"https:\/\/www.organisator.ch\/fr\/general\/2020-11-25\/situation-des-exportations-entre-espoir-et-peur\/\" \/>\n<meta property=\"og:locale\" content=\"fr_FR\" \/>\n<meta property=\"og:type\" content=\"article\" \/>\n<meta property=\"og:title\" content=\"Exportsituation zwischen Hoffen und Bangen\" \/>\n<meta property=\"og:description\" content=\"Im Dritten Quartal haben die Exporte wieder angezogen. Doch f\u00fcr die letzten drei Monate des Jahres 2020 sieht die Exportsituation wieder d\u00fcsterer aus.\" \/>\n<meta property=\"og:url\" content=\"https:\/\/www.organisator.ch\/fr\/general\/2020-11-25\/situation-des-exportations-entre-espoir-et-peur\/\" \/>\n<meta property=\"og:site_name\" content=\"Organisator\" \/>\n<meta property=\"article:publisher\" content=\"https:\/\/www.facebook.com\/OrganisatorFachmagazin\" \/>\n<meta property=\"article:published_time\" content=\"2020-11-25T10:42:06+00:00\" \/>\n<meta property=\"og:image\" content=\"https:\/\/www.organisator.ch\/wp-content\/uploads\/2020\/11\/Exportsituation-zwischen-Hoffen-und-Bangen_Organisator.jpg\" \/>\n\t<meta property=\"og:image:width\" content=\"680\" \/>\n\t<meta property=\"og:image:height\" content=\"423\" \/>\n\t<meta property=\"og:image:type\" content=\"image\/jpeg\" \/>\n<meta name=\"author\" content=\"thomas.berner\" \/>\n<meta name=\"twitter:card\" content=\"summary_large_image\" \/>\n<meta name=\"twitter:title\" content=\"#Exportsituation zwischen Hoffen und Bangen\" \/>\n<meta name=\"twitter:description\" content=\"Im Dritten Quartal haben die #Exporte wieder angezogen. Doch f\u00fcr die letzten drei Monate des Jahres 2020 sieht die #Exportsituation wieder d\u00fcsterer aus.\" \/>\n<meta name=\"twitter:image\" content=\"https:\/\/www.organisator.ch\/wp-content\/uploads\/2020\/11\/Exportsituation-zwischen-Hoffen-und-Bangen_Organisator.jpg\" \/>\n<script type=\"application\/ld+json\" class=\"yoast-schema-graph\">{\"@context\":\"https:\\\/\\\/schema.org\",\"@graph\":[{\"@type\":\"Article\",\"@id\":\"https:\\\/\\\/www.organisator.ch\\\/it\\\/generale\\\/2020-11-25\\\/esportazione-situazione-tra-speranza-e-paura\\\/#article\",\"isPartOf\":{\"@id\":\"https:\\\/\\\/www.organisator.ch\\\/it\\\/generale\\\/2020-11-25\\\/esportazione-situazione-tra-speranza-e-paura\\\/\"},\"author\":{\"name\":\"thomas.berner\",\"@id\":\"https:\\\/\\\/www.organisator.ch\\\/#\\\/schema\\\/person\\\/6f650f90b2842cd4c0cc334b4e36f67e\"},\"headline\":\"Exportsituation zwischen Hoffen und Bangen\",\"datePublished\":\"2020-11-25T10:42:06+00:00\",\"mainEntityOfPage\":{\"@id\":\"https:\\\/\\\/www.organisator.ch\\\/it\\\/generale\\\/2020-11-25\\\/esportazione-situazione-tra-speranza-e-paura\\\/\"},\"wordCount\":791,\"publisher\":{\"@id\":\"https:\\\/\\\/www.organisator.ch\\\/#organization\"},\"image\":{\"@id\":\"https:\\\/\\\/www.organisator.ch\\\/it\\\/generale\\\/2020-11-25\\\/esportazione-situazione-tra-speranza-e-paura\\\/#primaryimage\"},\"thumbnailUrl\":\"https:\\\/\\\/www.organisator.ch\\\/wp-content\\\/uploads\\\/2020\\\/11\\\/Exportsituation-zwischen-Hoffen-und-Bangen_Organisator.jpg\",\"keywords\":[\"Aussenwirtschaft\",\"Export\",\"M\u00e4rkte\",\"Wirtschaftspolitik\"],\"articleSection\":[\"Allgemein\"],\"inLanguage\":\"fr-FR\"},{\"@type\":\"WebPage\",\"@id\":\"https:\\\/\\\/www.organisator.ch\\\/it\\\/generale\\\/2020-11-25\\\/esportazione-situazione-tra-speranza-e-paura\\\/\",\"url\":\"https:\\\/\\\/www.organisator.ch\\\/it\\\/generale\\\/2020-11-25\\\/esportazione-situazione-tra-speranza-e-paura\\\/\",\"name\":\"Exportsituation zwischen Hoffen und Bangen - Organisator\",\"isPartOf\":{\"@id\":\"https:\\\/\\\/www.organisator.ch\\\/#website\"},\"primaryImageOfPage\":{\"@id\":\"https:\\\/\\\/www.organisator.ch\\\/it\\\/generale\\\/2020-11-25\\\/esportazione-situazione-tra-speranza-e-paura\\\/#primaryimage\"},\"image\":{\"@id\":\"https:\\\/\\\/www.organisator.ch\\\/it\\\/generale\\\/2020-11-25\\\/esportazione-situazione-tra-speranza-e-paura\\\/#primaryimage\"},\"thumbnailUrl\":\"https:\\\/\\\/www.organisator.ch\\\/wp-content\\\/uploads\\\/2020\\\/11\\\/Exportsituation-zwischen-Hoffen-und-Bangen_Organisator.jpg\",\"datePublished\":\"2020-11-25T10:42:06+00:00\",\"description\":\"Im Dritten Quartal haben die Exporte wieder angezogen. Doch f\u00fcr die letzten drei Monate des Jahres 2020 sieht die Exportsituation wieder d\u00fcsterer aus.\",\"breadcrumb\":{\"@id\":\"https:\\\/\\\/www.organisator.ch\\\/it\\\/generale\\\/2020-11-25\\\/esportazione-situazione-tra-speranza-e-paura\\\/#breadcrumb\"},\"inLanguage\":\"fr-FR\",\"potentialAction\":[{\"@type\":\"ReadAction\",\"target\":[\"https:\\\/\\\/www.organisator.ch\\\/it\\\/generale\\\/2020-11-25\\\/esportazione-situazione-tra-speranza-e-paura\\\/\"]}]},{\"@type\":\"ImageObject\",\"inLanguage\":\"fr-FR\",\"@id\":\"https:\\\/\\\/www.organisator.ch\\\/it\\\/generale\\\/2020-11-25\\\/esportazione-situazione-tra-speranza-e-paura\\\/#primaryimage\",\"url\":\"https:\\\/\\\/www.organisator.ch\\\/wp-content\\\/uploads\\\/2020\\\/11\\\/Exportsituation-zwischen-Hoffen-und-Bangen_Organisator.jpg\",\"contentUrl\":\"https:\\\/\\\/www.organisator.ch\\\/wp-content\\\/uploads\\\/2020\\\/11\\\/Exportsituation-zwischen-Hoffen-und-Bangen_Organisator.jpg\",\"width\":680,\"height\":423,\"caption\":\"Die Exportsituation ist nach wie vor schwierig, doch aufgrund der Erholung des Welthandels stehen die Zeichen f\u00fcr 2021 gut. (Bild: Pixabay.com)\"},{\"@type\":\"BreadcrumbList\",\"@id\":\"https:\\\/\\\/www.organisator.ch\\\/it\\\/generale\\\/2020-11-25\\\/esportazione-situazione-tra-speranza-e-paura\\\/#breadcrumb\",\"itemListElement\":[{\"@type\":\"ListItem\",\"position\":1,\"name\":\"Home\",\"item\":\"https:\\\/\\\/www.organisator.ch\\\/\"},{\"@type\":\"ListItem\",\"position\":2,\"name\":\"Exportsituation zwischen Hoffen und Bangen\"}]},{\"@type\":\"WebSite\",\"@id\":\"https:\\\/\\\/www.organisator.ch\\\/#website\",\"url\":\"https:\\\/\\\/www.organisator.ch\\\/\",\"name\":\"Organisator\",\"description\":\"Kompetent. Praxisnah. Der ORGANISATOR bereitet in 10 Ausgaben pro Jahr die wesentlichen Themen f\u00fcr F\u00fchrungskr\u00e4fte von KMU auf.\",\"publisher\":{\"@id\":\"https:\\\/\\\/www.organisator.ch\\\/#organization\"},\"potentialAction\":[{\"@type\":\"SearchAction\",\"target\":{\"@type\":\"EntryPoint\",\"urlTemplate\":\"https:\\\/\\\/www.organisator.ch\\\/?s={search_term_string}\"},\"query-input\":{\"@type\":\"PropertyValueSpecification\",\"valueRequired\":true,\"valueName\":\"search_term_string\"}}],\"inLanguage\":\"fr-FR\"},{\"@type\":\"Organization\",\"@id\":\"https:\\\/\\\/www.organisator.ch\\\/#organization\",\"name\":\"Organisator\",\"url\":\"https:\\\/\\\/www.organisator.ch\\\/\",\"logo\":{\"@type\":\"ImageObject\",\"inLanguage\":\"fr-FR\",\"@id\":\"https:\\\/\\\/www.organisator.ch\\\/#\\\/schema\\\/logo\\\/image\\\/\",\"url\":\"https:\\\/\\\/www.organisator.ch\\\/wp-content\\\/uploads\\\/2022\\\/01\\\/Logo_Organisator_Website.png\",\"contentUrl\":\"https:\\\/\\\/www.organisator.ch\\\/wp-content\\\/uploads\\\/2022\\\/01\\\/Logo_Organisator_Website.png\",\"width\":800,\"height\":77,\"caption\":\"Organisator\"},\"image\":{\"@id\":\"https:\\\/\\\/www.organisator.ch\\\/#\\\/schema\\\/logo\\\/image\\\/\"},\"sameAs\":[\"https:\\\/\\\/www.facebook.com\\\/OrganisatorFachmagazin\",\"https:\\\/\\\/www.linkedin.com\\\/showcase\\\/organisator-das-magazin-fr-kmu\",\"https:\\\/\\\/www.xing.com\\\/news\\\/pages\\\/organisator-ch-695\",\"https:\\\/\\\/www.youtube.com\\\/channel\\\/UCGP2Sq0iWaZwT3BdIAQFYpw\"]},{\"@type\":\"Person\",\"@id\":\"https:\\\/\\\/www.organisator.ch\\\/#\\\/schema\\\/person\\\/6f650f90b2842cd4c0cc334b4e36f67e\",\"name\":\"thomas.berner\",\"image\":{\"@type\":\"ImageObject\",\"inLanguage\":\"fr-FR\",\"@id\":\"https:\\\/\\\/secure.gravatar.com\\\/avatar\\\/ac5001d2a36cb6c6cd3e50789007ffca834b477b74a2144564522e944eabff61?s=96&d=mm&r=g\",\"url\":\"https:\\\/\\\/secure.gravatar.com\\\/avatar\\\/ac5001d2a36cb6c6cd3e50789007ffca834b477b74a2144564522e944eabff61?s=96&d=mm&r=g\",\"contentUrl\":\"https:\\\/\\\/secure.gravatar.com\\\/avatar\\\/ac5001d2a36cb6c6cd3e50789007ffca834b477b74a2144564522e944eabff61?s=96&d=mm&r=g\",\"caption\":\"thomas.berner\"},\"url\":\"https:\\\/\\\/www.organisator.ch\\\/fr\\\/author\\\/thomas-berner\\\/\"}]}<\/script>\n<!-- \/ Yoast SEO plugin. -->","yoast_head_json":{"title":"La situation \u00e0 l'exportation entre espoir et inqui\u00e9tude - Organisateur","description":"Au troisi\u00e8me trimestre, les exportations sont reparties \u00e0 la hausse. Mais pour les trois derniers mois de l'ann\u00e9e 2020, la situation des exportations s'annonce \u00e0 nouveau plus sombre.","robots":{"index":"index","follow":"follow","max-snippet":"max-snippet:-1","max-image-preview":"max-image-preview:large","max-video-preview":"max-video-preview:-1"},"canonical":"https:\/\/www.organisator.ch\/fr\/general\/2020-11-25\/situation-des-exportations-entre-espoir-et-peur\/","og_locale":"fr_FR","og_type":"article","og_title":"Exportsituation zwischen Hoffen und Bangen","og_description":"Im Dritten Quartal haben die Exporte wieder angezogen. Doch f\u00fcr die letzten drei Monate des Jahres 2020 sieht die Exportsituation wieder d\u00fcsterer aus.","og_url":"https:\/\/www.organisator.ch\/fr\/general\/2020-11-25\/situation-des-exportations-entre-espoir-et-peur\/","og_site_name":"Organisator","article_publisher":"https:\/\/www.facebook.com\/OrganisatorFachmagazin","article_published_time":"2020-11-25T10:42:06+00:00","og_image":[{"width":680,"height":423,"url":"https:\/\/www.organisator.ch\/wp-content\/uploads\/2020\/11\/Exportsituation-zwischen-Hoffen-und-Bangen_Organisator.jpg","type":"image\/jpeg"}],"author":"thomas.berner","twitter_card":"summary_large_image","twitter_title":"#Exportsituation zwischen Hoffen und Bangen","twitter_description":"Im Dritten Quartal haben die #Exporte wieder angezogen. Doch f\u00fcr die letzten drei Monate des Jahres 2020 sieht die #Exportsituation wieder d\u00fcsterer aus.","twitter_image":"https:\/\/www.organisator.ch\/wp-content\/uploads\/2020\/11\/Exportsituation-zwischen-Hoffen-und-Bangen_Organisator.jpg","schema":{"@context":"https:\/\/schema.org","@graph":[{"@type":"Article","@id":"https:\/\/www.organisator.ch\/it\/generale\/2020-11-25\/esportazione-situazione-tra-speranza-e-paura\/#article","isPartOf":{"@id":"https:\/\/www.organisator.ch\/it\/generale\/2020-11-25\/esportazione-situazione-tra-speranza-e-paura\/"},"author":{"name":"thomas.berner","@id":"https:\/\/www.organisator.ch\/#\/schema\/person\/6f650f90b2842cd4c0cc334b4e36f67e"},"headline":"Exportsituation zwischen Hoffen und Bangen","datePublished":"2020-11-25T10:42:06+00:00","mainEntityOfPage":{"@id":"https:\/\/www.organisator.ch\/it\/generale\/2020-11-25\/esportazione-situazione-tra-speranza-e-paura\/"},"wordCount":791,"publisher":{"@id":"https:\/\/www.organisator.ch\/#organization"},"image":{"@id":"https:\/\/www.organisator.ch\/it\/generale\/2020-11-25\/esportazione-situazione-tra-speranza-e-paura\/#primaryimage"},"thumbnailUrl":"https:\/\/www.organisator.ch\/wp-content\/uploads\/2020\/11\/Exportsituation-zwischen-Hoffen-und-Bangen_Organisator.jpg","keywords":["Aussenwirtschaft","Export","M\u00e4rkte","Wirtschaftspolitik"],"articleSection":["Allgemein"],"inLanguage":"fr-FR"},{"@type":"WebPage","@id":"https:\/\/www.organisator.ch\/it\/generale\/2020-11-25\/esportazione-situazione-tra-speranza-e-paura\/","url":"https:\/\/www.organisator.ch\/it\/generale\/2020-11-25\/esportazione-situazione-tra-speranza-e-paura\/","name":"La situation \u00e0 l'exportation entre espoir et inqui\u00e9tude - Organisateur","isPartOf":{"@id":"https:\/\/www.organisator.ch\/#website"},"primaryImageOfPage":{"@id":"https:\/\/www.organisator.ch\/it\/generale\/2020-11-25\/esportazione-situazione-tra-speranza-e-paura\/#primaryimage"},"image":{"@id":"https:\/\/www.organisator.ch\/it\/generale\/2020-11-25\/esportazione-situazione-tra-speranza-e-paura\/#primaryimage"},"thumbnailUrl":"https:\/\/www.organisator.ch\/wp-content\/uploads\/2020\/11\/Exportsituation-zwischen-Hoffen-und-Bangen_Organisator.jpg","datePublished":"2020-11-25T10:42:06+00:00","description":"Au troisi\u00e8me trimestre, les exportations sont reparties \u00e0 la hausse. Mais pour les trois derniers mois de l'ann\u00e9e 2020, la situation des exportations s'annonce \u00e0 nouveau plus sombre.","breadcrumb":{"@id":"https:\/\/www.organisator.ch\/it\/generale\/2020-11-25\/esportazione-situazione-tra-speranza-e-paura\/#breadcrumb"},"inLanguage":"fr-FR","potentialAction":[{"@type":"ReadAction","target":["https:\/\/www.organisator.ch\/it\/generale\/2020-11-25\/esportazione-situazione-tra-speranza-e-paura\/"]}]},{"@type":"ImageObject","inLanguage":"fr-FR","@id":"https:\/\/www.organisator.ch\/it\/generale\/2020-11-25\/esportazione-situazione-tra-speranza-e-paura\/#primaryimage","url":"https:\/\/www.organisator.ch\/wp-content\/uploads\/2020\/11\/Exportsituation-zwischen-Hoffen-und-Bangen_Organisator.jpg","contentUrl":"https:\/\/www.organisator.ch\/wp-content\/uploads\/2020\/11\/Exportsituation-zwischen-Hoffen-und-Bangen_Organisator.jpg","width":680,"height":423,"caption":"Die Exportsituation ist nach wie vor schwierig, doch aufgrund der Erholung des Welthandels stehen die Zeichen f\u00fcr 2021 gut. (Bild: Pixabay.com)"},{"@type":"BreadcrumbList","@id":"https:\/\/www.organisator.ch\/it\/generale\/2020-11-25\/esportazione-situazione-tra-speranza-e-paura\/#breadcrumb","itemListElement":[{"@type":"ListItem","position":1,"name":"Home","item":"https:\/\/www.organisator.ch\/"},{"@type":"ListItem","position":2,"name":"Exportsituation zwischen Hoffen und Bangen"}]},{"@type":"WebSite","@id":"https:\/\/www.organisator.ch\/#website","url":"https:\/\/www.organisator.ch\/","name":"Organisateur","description":"Comp\u00e9tence et comp\u00e9tence. Proches de la pratique. L'ORGANISATEUR pr\u00e9pare 10 num\u00e9ros par an sur les th\u00e8mes essentiels pour les dirigeants de PME.","publisher":{"@id":"https:\/\/www.organisator.ch\/#organization"},"potentialAction":[{"@type":"SearchAction","target":{"@type":"EntryPoint","urlTemplate":"https:\/\/www.organisator.ch\/?s={search_term_string}"},"query-input":{"@type":"PropertyValueSpecification","valueRequired":true,"valueName":"search_term_string"}}],"inLanguage":"fr-FR"},{"@type":"Organization","@id":"https:\/\/www.organisator.ch\/#organization","name":"Organisateur","url":"https:\/\/www.organisator.ch\/","logo":{"@type":"ImageObject","inLanguage":"fr-FR","@id":"https:\/\/www.organisator.ch\/#\/schema\/logo\/image\/","url":"https:\/\/www.organisator.ch\/wp-content\/uploads\/2022\/01\/Logo_Organisator_Website.png","contentUrl":"https:\/\/www.organisator.ch\/wp-content\/uploads\/2022\/01\/Logo_Organisator_Website.png","width":800,"height":77,"caption":"Organisator"},"image":{"@id":"https:\/\/www.organisator.ch\/#\/schema\/logo\/image\/"},"sameAs":["https:\/\/www.facebook.com\/OrganisatorFachmagazin","https:\/\/www.linkedin.com\/showcase\/organisator-das-magazin-fr-kmu","https:\/\/www.xing.com\/news\/pages\/organisator-ch-695","https:\/\/www.youtube.com\/channel\/UCGP2Sq0iWaZwT3BdIAQFYpw"]},{"@type":"Person","@id":"https:\/\/www.organisator.ch\/#\/schema\/person\/6f650f90b2842cd4c0cc334b4e36f67e","name":"thomas.berner","image":{"@type":"ImageObject","inLanguage":"fr-FR","@id":"https:\/\/secure.gravatar.com\/avatar\/ac5001d2a36cb6c6cd3e50789007ffca834b477b74a2144564522e944eabff61?s=96&d=mm&r=g","url":"https:\/\/secure.gravatar.com\/avatar\/ac5001d2a36cb6c6cd3e50789007ffca834b477b74a2144564522e944eabff61?s=96&d=mm&r=g","contentUrl":"https:\/\/secure.gravatar.com\/avatar\/ac5001d2a36cb6c6cd3e50789007ffca834b477b74a2144564522e944eabff61?s=96&d=mm&r=g","caption":"thomas.berner"},"url":"https:\/\/www.organisator.ch\/fr\/author\/thomas-berner\/"}]}},"_links":{"self":[{"href":"https:\/\/www.organisator.ch\/fr\/wp-json\/wp\/v2\/posts\/7366","targetHints":{"allow":["GET"]}}],"collection":[{"href":"https:\/\/www.organisator.ch\/fr\/wp-json\/wp\/v2\/posts"}],"about":[{"href":"https:\/\/www.organisator.ch\/fr\/wp-json\/wp\/v2\/types\/post"}],"author":[{"embeddable":true,"href":"https:\/\/www.organisator.ch\/fr\/wp-json\/wp\/v2\/users\/4"}],"replies":[{"embeddable":true,"href":"https:\/\/www.organisator.ch\/fr\/wp-json\/wp\/v2\/comments?post=7366"}],"version-history":[{"count":0,"href":"https:\/\/www.organisator.ch\/fr\/wp-json\/wp\/v2\/posts\/7366\/revisions"}],"wp:featuredmedia":[{"embeddable":true,"href":"https:\/\/www.organisator.ch\/fr\/wp-json\/wp\/v2\/media\/7367"}],"wp:attachment":[{"href":"https:\/\/www.organisator.ch\/fr\/wp-json\/wp\/v2\/media?parent=7366"}],"wp:term":[{"taxonomy":"category","embeddable":true,"href":"https:\/\/www.organisator.ch\/fr\/wp-json\/wp\/v2\/categories?post=7366"},{"taxonomy":"post_tag","embeddable":true,"href":"https:\/\/www.organisator.ch\/fr\/wp-json\/wp\/v2\/tags?post=7366"}],"curies":[{"name":"wp","href":"https:\/\/api.w.org\/{rel}","templated":true}]}}