{"id":7376,"date":"2020-11-26T14:03:43","date_gmt":"2020-11-26T13:03:43","guid":{"rendered":"https:\/\/www.organisator.ch\/?p=7376"},"modified":"2020-11-26T14:03:43","modified_gmt":"2020-11-26T13:03:43","slug":"joerg-eugster-erhaelt-den-digital-lifetime-award-2020","status":"publish","type":"post","link":"https:\/\/www.organisator.ch\/fr\/marketing\/2020-11-26\/joerg-eugster-erhaelt-den-digital-lifetime-award-2020\/","title":{"rendered":"J\u00f6rg Eugster re\u00e7oit le Digital Lifetime Award 2020"},"content":{"rendered":"<figure id=\"attachment_7378\" aria-describedby=\"caption-attachment-7378\" style=\"width: 680px\" class=\"wp-caption alignnone\"><img loading=\"lazy\" decoding=\"async\" class=\"size-medium wp-image-7378\" src=\"https:\/\/www.organisator.ch\/wp-content\/uploads\/2020\/11\/Joerg-Eugster-erhaelt-den-Digital-Lifetime-Award-2020_Organisator.jpg\" alt=\"\" width=\"680\" height=\"453\" srcset=\"https:\/\/www.organisator.ch\/wp-content\/uploads\/2020\/11\/Joerg-Eugster-erhaelt-den-Digital-Lifetime-Award-2020_Organisator.jpg 680w, https:\/\/www.organisator.ch\/wp-content\/uploads\/2020\/11\/Joerg-Eugster-erhaelt-den-Digital-Lifetime-Award-2020_Organisator-16x12.jpg 16w, https:\/\/www.organisator.ch\/wp-content\/uploads\/2020\/11\/Joerg-Eugster-erhaelt-den-Digital-Lifetime-Award-2020_Organisator-263x175.jpg 263w, https:\/\/www.organisator.ch\/wp-content\/uploads\/2020\/11\/Joerg-Eugster-erhaelt-den-Digital-Lifetime-Award-2020_Organisator-525x350.jpg 525w, https:\/\/www.organisator.ch\/wp-content\/uploads\/2020\/11\/Joerg-Eugster-erhaelt-den-Digital-Lifetime-Award-2020_Organisator-300x200.jpg 300w\" sizes=\"auto, (max-width: 680px) 100vw, 680px\" \/><figcaption id=\"caption-attachment-7378\" class=\"wp-caption-text\">J\u00f6rg Eugster, laur\u00e9at du Digital Lifetime Award 2020 de l'IAB Switzerland. (Image : zVg \/ IAB Switzerland)<\/figcaption><\/figure>\n<p>Le laur\u00e9at de l'Award J\u00f6rg Eugster (60 ans) est le fondateur de plusieurs start-ups Internet, un sp\u00e9cialiste international de l'Internet et un expert dans le domaine des m\u00e9dias. <a href=\"https:\/\/www.organisator.ch\/cno-panel-2018-die-schweiz-ist-noch-zu-stark-back-fuer-die-zukunft\/\">Conf\u00e9rencier<\/a> et auteur de best-sellers. Il est fier d'avoir re\u00e7u une lettre de remerciement de la chanceli\u00e8re allemande Angela Merkel. Il l'a re\u00e7ue pour son livre de fond <a href=\"https:\/\/www.organisator.ch\/buchtipp-uebermorgen-eine-zeitreise-in-unsere-digitale-zukunft\/\">\"Apr\u00e8s-demain - un voyage dans le temps vers notre avenir num\u00e9rique\"<\/a> a re\u00e7u. J\u00f6rg Eugster - connu pour la couleur turquoise comme marque de fabrique ext\u00e9rieure (jusqu'aux chaussettes...) - vient d'\u00eatre r\u00e9compens\u00e9 par l'association sectorielle <a href=\"https:\/\/www.iab-switzerland.ch\/\">IAB Suisse<\/a> pour l'ensemble de son \u0153uvre.<\/p>\n<h2>J\u00f6rg Eugster, ambassadeur de l'avenir<\/h2>\n<p>Dans son best-seller publi\u00e9 en 2017, l'auteur transporte le lecteur en 2030. Il est \u00e9vident que dans cet avenir num\u00e9ris\u00e9, une pand\u00e9mie serait bien mieux g\u00e9r\u00e9e qu'au printemps 2020. Facile \u00e0 lire, le livre pr\u00e9sente des sujets tels que l'Internet des objets, l'intelligence artificielle et la r\u00e9alit\u00e9 virtuelle, et bien d'autres encore. L'accent est mis sur le monde des affaires de demain et sur la mani\u00e8re dont les entreprises peuvent s'y pr\u00e9parer. Le livre se termine par un aper\u00e7u de l'ann\u00e9e 2050, qui sera au centre de son prochain ouvrage.<\/p>\n<h2>ADN num\u00e9rique<\/h2>\n<p>\"Notre gagnant est une personne avec un ADN num\u00e9rique\". C'est ce qu'a d\u00e9clar\u00e9 Ueli Weber, repr\u00e9sentant de l'IAB Switzerland, dans son \u00e9loge du laur\u00e9at du Digital Lifetime Award 2020, dont la remise, corona oblige, a eu lieu en ligne le 25 novembre 2020. Weber, CEO de l'entreprise d'\u00e9tudes de march\u00e9 Media Focus Suisse, a notamment fait r\u00e9f\u00e9rence \u00e0 la performance entrepreneuriale de J\u00f6rg Eugster. L'Appenzellois avait fond\u00e9 et vendu avec succ\u00e8s les plateformes en ligne Jobwinner, Swissfriends et Webcams.travel. Il est aujourd'hui membre du conseil d'administration de plusieurs entreprises.<\/p>\n<h2>Connaissances gratuites<\/h2>\n<p>En 2005, J\u00f6rg Eugster avait pour la premi\u00e8re fois couch\u00e9 ses connaissances num\u00e9riques sur papier avec la publication \"Wie fischt man Kunden aus dem Internet\". Apr\u00e8s trois \u00e9ditions \u00e0 32 000 exemplaires au total, Eugster a d\u00e9cid\u00e9 de continuer \u00e0 faire vivre le produit imprim\u00e9 sous forme de plateforme en ligne. Et ce sous le nom de \"wifimaku\". En 2018, Eugster a mis cette plateforme, \u00e0 laquelle 20 autres auteurs ont collabor\u00e9 gratuitement, \u00e0 la disposition de l'association professionnelle IAB Switzerland. \"Je l'ai fait gratuitement. Je voulais juste que les connaissances en marketing en ligne atteignent le plus grand nombre de personnes possible\", explique J\u00f6rg Eugster.<\/p>\n<h2>Keynote Speaker, qui voit particuli\u00e8rement les chances de la num\u00e9risation<\/h2>\n<p>D'expert en marketing en ligne tr\u00e8s demand\u00e9, il est devenu de plus en plus un ambassadeur enthousiaste de l'avenir num\u00e9rique, parlant de ses exp\u00e9riences pratiques devant un large public lors de congr\u00e8s et de sommets. Contrairement \u00e0 beaucoup de personnes r\u00e9ticentes, J\u00f6rg Eugster, optimiste passionn\u00e9 par la num\u00e9risation, n'attise pas la peur des robots et de l'intelligence artificielle, bien au contraire. En tant que publiciste et conf\u00e9rencier, il aime faire conna\u00eetre au monde l'\u00e9norme potentiel de la r\u00e9volution num\u00e9rique et contaminer les gens avec son \u00e9norme enthousiasme pour le num\u00e9rique.<\/p>\n<p>En tant qu'observateur attentif, il continue \u00e0 suivre les \u00e9volutions num\u00e9riques int\u00e9ressantes dans le monde entier et en rend compte r\u00e9guli\u00e8rement sur son blog.\u00a0<a href=\"https:\/\/eugster.info\/blog\/\">https:\/\/eugster.info\/blog\/<\/a>.<\/p>","protected":false},"excerpt":{"rendered":"<p>Award-Gewinner J\u00f6rg Eugster (60) ist Gr\u00fcnder diverser Internet Start-ups, international gefragter Referent und Bestseller-Autor. Er ist stolz auf ein Dankesschreiben von Bundeskanzlerin Angela Merkel. Er hat es f\u00fcr sein Sachbuch \u00ab\u00dcbermorgen \u2013 Eine Zeitreise in unsere digitale Zukunft\u00bb erhalten. J\u00f6rg Eugster &#8211; bekannt f\u00fcr die Farbe T\u00fcrkis als \u00e4usseres Markenzeichen (bis hinunter zu den Socken&#8230;) [&hellip;]<\/p>\n","protected":false},"author":4,"featured_media":7378,"comment_status":"closed","ping_status":"closed","sticky":false,"template":"","format":"standard","meta":{"_acf_changed":false,"_yoast_wpseo_focuskw":"J\u00f6rg Eugster","_yoast_wpseo_metadesc":"Der Bestseller-Autor, Internet- und Online-Marketing-Pionier J\u00f6rg Eugster ist der Gewinner des Digital Lifetime Awards 2020 von IAB Switzerland.","articlekey":"","footnotes":""},"categories":[29],"tags":[66,156,339,381],"class_list":["post-7376","post","type-post","status-publish","format-standard","has-post-thumbnail","hentry","category-marketing","tag-awards","tag-digitalisierung","tag-marketing","tag-personalia"],"acf":[],"yoast_head":"<!-- This site is optimized with the Yoast SEO plugin v27.5 - https:\/\/yoast.com\/product\/yoast-seo-wordpress\/ -->\n<title>J\u00f6rg Eugster erh\u00e4lt den Digital Lifetime Award 2020 - Organisator<\/title>\n<meta name=\"description\" content=\"Der Bestseller-Autor, Internet- und Online-Marketing-Pionier J\u00f6rg Eugster ist der Gewinner des Digital Lifetime Awards 2020 von IAB Switzerland.\" \/>\n<meta name=\"robots\" content=\"index, follow, max-snippet:-1, max-image-preview:large, max-video-preview:-1\" \/>\n<link rel=\"canonical\" href=\"https:\/\/www.organisator.ch\/fr\/marketing\/2020-11-26\/joerg-eugster-erhaelt-den-digital-lifetime-award-2020\/\" \/>\n<meta property=\"og:locale\" content=\"fr_FR\" \/>\n<meta property=\"og:type\" content=\"article\" \/>\n<meta property=\"og:title\" content=\"J\u00f6rg Eugster erh\u00e4lt den Digital Lifetime Award 2020\" \/>\n<meta property=\"og:description\" content=\"Der Bestseller-Autor, Internet- und Online-Marketing-Pionier J\u00f6rg Eugster ist der Gewinner des Digital Lifetime Awards 2020 von IAB Switzerland.\" \/>\n<meta property=\"og:url\" content=\"https:\/\/www.organisator.ch\/fr\/marketing\/2020-11-26\/joerg-eugster-erhaelt-den-digital-lifetime-award-2020\/\" \/>\n<meta property=\"og:site_name\" content=\"Organisator\" \/>\n<meta property=\"article:publisher\" content=\"https:\/\/www.facebook.com\/OrganisatorFachmagazin\" \/>\n<meta property=\"article:published_time\" content=\"2020-11-26T13:03:43+00:00\" \/>\n<meta property=\"og:image\" content=\"https:\/\/www.organisator.ch\/wp-content\/uploads\/2020\/11\/Joerg-Eugster-erhaelt-den-Digital-Lifetime-Award-2020_Organisator.jpg\" \/>\n\t<meta property=\"og:image:width\" content=\"680\" \/>\n\t<meta property=\"og:image:height\" content=\"453\" \/>\n\t<meta property=\"og:image:type\" content=\"image\/jpeg\" \/>\n<meta name=\"author\" content=\"thomas.berner\" \/>\n<meta name=\"twitter:card\" content=\"summary_large_image\" \/>\n<meta name=\"twitter:title\" content=\"J\u00f6rg #Eugster erh\u00e4lt den Digital Lifetime Award 2020\" \/>\n<meta name=\"twitter:description\" content=\"Der #Bestseller-Autor, Internet- und Online-Marketing-Pionier J\u00f6rg #Eugster ist der Gewinner des Digital Lifetime Awards 2020 von #IAB Switzerland.\" \/>\n<meta name=\"twitter:image\" content=\"https:\/\/www.organisator.ch\/wp-content\/uploads\/2020\/11\/Joerg-Eugster-erhaelt-den-Digital-Lifetime-Award-2020_Organisator.jpg\" \/>\n<script type=\"application\/ld+json\" class=\"yoast-schema-graph\">{\"@context\":\"https:\\\/\\\/schema.org\",\"@graph\":[{\"@type\":\"Article\",\"@id\":\"https:\\\/\\\/www.organisator.ch\\\/marketing\\\/2020-11-26\\\/joerg-eugster-erhaelt-den-digital-lifetime-award-2020\\\/#article\",\"isPartOf\":{\"@id\":\"https:\\\/\\\/www.organisator.ch\\\/marketing\\\/2020-11-26\\\/joerg-eugster-erhaelt-den-digital-lifetime-award-2020\\\/\"},\"author\":{\"name\":\"thomas.berner\",\"@id\":\"https:\\\/\\\/www.organisator.ch\\\/#\\\/schema\\\/person\\\/6f650f90b2842cd4c0cc334b4e36f67e\"},\"headline\":\"J\u00f6rg Eugster erh\u00e4lt den Digital Lifetime Award 2020\",\"datePublished\":\"2020-11-26T13:03:43+00:00\",\"mainEntityOfPage\":{\"@id\":\"https:\\\/\\\/www.organisator.ch\\\/marketing\\\/2020-11-26\\\/joerg-eugster-erhaelt-den-digital-lifetime-award-2020\\\/\"},\"wordCount\":475,\"publisher\":{\"@id\":\"https:\\\/\\\/www.organisator.ch\\\/#organization\"},\"image\":{\"@id\":\"https:\\\/\\\/www.organisator.ch\\\/marketing\\\/2020-11-26\\\/joerg-eugster-erhaelt-den-digital-lifetime-award-2020\\\/#primaryimage\"},\"thumbnailUrl\":\"https:\\\/\\\/www.organisator.ch\\\/wp-content\\\/uploads\\\/2020\\\/11\\\/Joerg-Eugster-erhaelt-den-Digital-Lifetime-Award-2020_Organisator.jpg\",\"keywords\":[\"Awards\",\"Digitalisierung\",\"Marketing\",\"Personalia\"],\"articleSection\":[\"MARKETING\"],\"inLanguage\":\"fr-FR\"},{\"@type\":\"WebPage\",\"@id\":\"https:\\\/\\\/www.organisator.ch\\\/marketing\\\/2020-11-26\\\/joerg-eugster-erhaelt-den-digital-lifetime-award-2020\\\/\",\"url\":\"https:\\\/\\\/www.organisator.ch\\\/marketing\\\/2020-11-26\\\/joerg-eugster-erhaelt-den-digital-lifetime-award-2020\\\/\",\"name\":\"J\u00f6rg Eugster erh\u00e4lt den Digital Lifetime Award 2020 - Organisator\",\"isPartOf\":{\"@id\":\"https:\\\/\\\/www.organisator.ch\\\/#website\"},\"primaryImageOfPage\":{\"@id\":\"https:\\\/\\\/www.organisator.ch\\\/marketing\\\/2020-11-26\\\/joerg-eugster-erhaelt-den-digital-lifetime-award-2020\\\/#primaryimage\"},\"image\":{\"@id\":\"https:\\\/\\\/www.organisator.ch\\\/marketing\\\/2020-11-26\\\/joerg-eugster-erhaelt-den-digital-lifetime-award-2020\\\/#primaryimage\"},\"thumbnailUrl\":\"https:\\\/\\\/www.organisator.ch\\\/wp-content\\\/uploads\\\/2020\\\/11\\\/Joerg-Eugster-erhaelt-den-Digital-Lifetime-Award-2020_Organisator.jpg\",\"datePublished\":\"2020-11-26T13:03:43+00:00\",\"description\":\"Der Bestseller-Autor, Internet- und Online-Marketing-Pionier J\u00f6rg Eugster ist der Gewinner des Digital Lifetime Awards 2020 von IAB Switzerland.\",\"breadcrumb\":{\"@id\":\"https:\\\/\\\/www.organisator.ch\\\/marketing\\\/2020-11-26\\\/joerg-eugster-erhaelt-den-digital-lifetime-award-2020\\\/#breadcrumb\"},\"inLanguage\":\"fr-FR\",\"potentialAction\":[{\"@type\":\"ReadAction\",\"target\":[\"https:\\\/\\\/www.organisator.ch\\\/marketing\\\/2020-11-26\\\/joerg-eugster-erhaelt-den-digital-lifetime-award-2020\\\/\"]}]},{\"@type\":\"ImageObject\",\"inLanguage\":\"fr-FR\",\"@id\":\"https:\\\/\\\/www.organisator.ch\\\/marketing\\\/2020-11-26\\\/joerg-eugster-erhaelt-den-digital-lifetime-award-2020\\\/#primaryimage\",\"url\":\"https:\\\/\\\/www.organisator.ch\\\/wp-content\\\/uploads\\\/2020\\\/11\\\/Joerg-Eugster-erhaelt-den-Digital-Lifetime-Award-2020_Organisator.jpg\",\"contentUrl\":\"https:\\\/\\\/www.organisator.ch\\\/wp-content\\\/uploads\\\/2020\\\/11\\\/Joerg-Eugster-erhaelt-den-Digital-Lifetime-Award-2020_Organisator.jpg\",\"width\":680,\"height\":453,\"caption\":\"J\u00f6rg Eugster, Gewinner des Digital Lifetime Award 2020 von IAB Switzerland. (Bild: zVg \\\/ IAB Switzerland)\"},{\"@type\":\"BreadcrumbList\",\"@id\":\"https:\\\/\\\/www.organisator.ch\\\/marketing\\\/2020-11-26\\\/joerg-eugster-erhaelt-den-digital-lifetime-award-2020\\\/#breadcrumb\",\"itemListElement\":[{\"@type\":\"ListItem\",\"position\":1,\"name\":\"Home\",\"item\":\"https:\\\/\\\/www.organisator.ch\\\/\"},{\"@type\":\"ListItem\",\"position\":2,\"name\":\"J\u00f6rg Eugster erh\u00e4lt den Digital Lifetime Award 2020\"}]},{\"@type\":\"WebSite\",\"@id\":\"https:\\\/\\\/www.organisator.ch\\\/#website\",\"url\":\"https:\\\/\\\/www.organisator.ch\\\/\",\"name\":\"Organisator\",\"description\":\"Kompetent. Praxisnah. Der ORGANISATOR bereitet in 10 Ausgaben pro Jahr die wesentlichen Themen f\u00fcr F\u00fchrungskr\u00e4fte von KMU auf.\",\"publisher\":{\"@id\":\"https:\\\/\\\/www.organisator.ch\\\/#organization\"},\"potentialAction\":[{\"@type\":\"SearchAction\",\"target\":{\"@type\":\"EntryPoint\",\"urlTemplate\":\"https:\\\/\\\/www.organisator.ch\\\/?s={search_term_string}\"},\"query-input\":{\"@type\":\"PropertyValueSpecification\",\"valueRequired\":true,\"valueName\":\"search_term_string\"}}],\"inLanguage\":\"fr-FR\"},{\"@type\":\"Organization\",\"@id\":\"https:\\\/\\\/www.organisator.ch\\\/#organization\",\"name\":\"Organisator\",\"url\":\"https:\\\/\\\/www.organisator.ch\\\/\",\"logo\":{\"@type\":\"ImageObject\",\"inLanguage\":\"fr-FR\",\"@id\":\"https:\\\/\\\/www.organisator.ch\\\/#\\\/schema\\\/logo\\\/image\\\/\",\"url\":\"https:\\\/\\\/www.organisator.ch\\\/wp-content\\\/uploads\\\/2022\\\/01\\\/Logo_Organisator_Website.png\",\"contentUrl\":\"https:\\\/\\\/www.organisator.ch\\\/wp-content\\\/uploads\\\/2022\\\/01\\\/Logo_Organisator_Website.png\",\"width\":800,\"height\":77,\"caption\":\"Organisator\"},\"image\":{\"@id\":\"https:\\\/\\\/www.organisator.ch\\\/#\\\/schema\\\/logo\\\/image\\\/\"},\"sameAs\":[\"https:\\\/\\\/www.facebook.com\\\/OrganisatorFachmagazin\",\"https:\\\/\\\/www.linkedin.com\\\/showcase\\\/organisator-das-magazin-fr-kmu\",\"https:\\\/\\\/www.xing.com\\\/news\\\/pages\\\/organisator-ch-695\",\"https:\\\/\\\/www.youtube.com\\\/channel\\\/UCGP2Sq0iWaZwT3BdIAQFYpw\"]},{\"@type\":\"Person\",\"@id\":\"https:\\\/\\\/www.organisator.ch\\\/#\\\/schema\\\/person\\\/6f650f90b2842cd4c0cc334b4e36f67e\",\"name\":\"thomas.berner\",\"image\":{\"@type\":\"ImageObject\",\"inLanguage\":\"fr-FR\",\"@id\":\"https:\\\/\\\/secure.gravatar.com\\\/avatar\\\/ac5001d2a36cb6c6cd3e50789007ffca834b477b74a2144564522e944eabff61?s=96&d=mm&r=g\",\"url\":\"https:\\\/\\\/secure.gravatar.com\\\/avatar\\\/ac5001d2a36cb6c6cd3e50789007ffca834b477b74a2144564522e944eabff61?s=96&d=mm&r=g\",\"contentUrl\":\"https:\\\/\\\/secure.gravatar.com\\\/avatar\\\/ac5001d2a36cb6c6cd3e50789007ffca834b477b74a2144564522e944eabff61?s=96&d=mm&r=g\",\"caption\":\"thomas.berner\"},\"url\":\"https:\\\/\\\/www.organisator.ch\\\/fr\\\/author\\\/thomas-berner\\\/\"}]}<\/script>\n<!-- \/ Yoast SEO plugin. -->","yoast_head_json":{"title":"J\u00f6rg Eugster re\u00e7oit le Digital Lifetime Award 2020 - Organisateur","description":"L'auteur de best-sellers, pionnier de l'Internet et du marketing en ligne, J\u00f6rg Eugster, est le laur\u00e9at du Digital Lifetime Award 2020 de l'IAB Switzerland.","robots":{"index":"index","follow":"follow","max-snippet":"max-snippet:-1","max-image-preview":"max-image-preview:large","max-video-preview":"max-video-preview:-1"},"canonical":"https:\/\/www.organisator.ch\/fr\/marketing\/2020-11-26\/joerg-eugster-erhaelt-den-digital-lifetime-award-2020\/","og_locale":"fr_FR","og_type":"article","og_title":"J\u00f6rg Eugster erh\u00e4lt den Digital Lifetime Award 2020","og_description":"Der Bestseller-Autor, Internet- und Online-Marketing-Pionier J\u00f6rg Eugster ist der Gewinner des Digital Lifetime Awards 2020 von IAB Switzerland.","og_url":"https:\/\/www.organisator.ch\/fr\/marketing\/2020-11-26\/joerg-eugster-erhaelt-den-digital-lifetime-award-2020\/","og_site_name":"Organisator","article_publisher":"https:\/\/www.facebook.com\/OrganisatorFachmagazin","article_published_time":"2020-11-26T13:03:43+00:00","og_image":[{"width":680,"height":453,"url":"https:\/\/www.organisator.ch\/wp-content\/uploads\/2020\/11\/Joerg-Eugster-erhaelt-den-Digital-Lifetime-Award-2020_Organisator.jpg","type":"image\/jpeg"}],"author":"thomas.berner","twitter_card":"summary_large_image","twitter_title":"J\u00f6rg #Eugster erh\u00e4lt den Digital Lifetime Award 2020","twitter_description":"Der #Bestseller-Autor, Internet- und Online-Marketing-Pionier J\u00f6rg #Eugster ist der Gewinner des Digital Lifetime Awards 2020 von #IAB Switzerland.","twitter_image":"https:\/\/www.organisator.ch\/wp-content\/uploads\/2020\/11\/Joerg-Eugster-erhaelt-den-Digital-Lifetime-Award-2020_Organisator.jpg","schema":{"@context":"https:\/\/schema.org","@graph":[{"@type":"Article","@id":"https:\/\/www.organisator.ch\/marketing\/2020-11-26\/joerg-eugster-erhaelt-den-digital-lifetime-award-2020\/#article","isPartOf":{"@id":"https:\/\/www.organisator.ch\/marketing\/2020-11-26\/joerg-eugster-erhaelt-den-digital-lifetime-award-2020\/"},"author":{"name":"thomas.berner","@id":"https:\/\/www.organisator.ch\/#\/schema\/person\/6f650f90b2842cd4c0cc334b4e36f67e"},"headline":"J\u00f6rg Eugster erh\u00e4lt den Digital Lifetime Award 2020","datePublished":"2020-11-26T13:03:43+00:00","mainEntityOfPage":{"@id":"https:\/\/www.organisator.ch\/marketing\/2020-11-26\/joerg-eugster-erhaelt-den-digital-lifetime-award-2020\/"},"wordCount":475,"publisher":{"@id":"https:\/\/www.organisator.ch\/#organization"},"image":{"@id":"https:\/\/www.organisator.ch\/marketing\/2020-11-26\/joerg-eugster-erhaelt-den-digital-lifetime-award-2020\/#primaryimage"},"thumbnailUrl":"https:\/\/www.organisator.ch\/wp-content\/uploads\/2020\/11\/Joerg-Eugster-erhaelt-den-Digital-Lifetime-Award-2020_Organisator.jpg","keywords":["Awards","Digitalisierung","Marketing","Personalia"],"articleSection":["MARKETING"],"inLanguage":"fr-FR"},{"@type":"WebPage","@id":"https:\/\/www.organisator.ch\/marketing\/2020-11-26\/joerg-eugster-erhaelt-den-digital-lifetime-award-2020\/","url":"https:\/\/www.organisator.ch\/marketing\/2020-11-26\/joerg-eugster-erhaelt-den-digital-lifetime-award-2020\/","name":"J\u00f6rg Eugster re\u00e7oit le Digital Lifetime Award 2020 - Organisateur","isPartOf":{"@id":"https:\/\/www.organisator.ch\/#website"},"primaryImageOfPage":{"@id":"https:\/\/www.organisator.ch\/marketing\/2020-11-26\/joerg-eugster-erhaelt-den-digital-lifetime-award-2020\/#primaryimage"},"image":{"@id":"https:\/\/www.organisator.ch\/marketing\/2020-11-26\/joerg-eugster-erhaelt-den-digital-lifetime-award-2020\/#primaryimage"},"thumbnailUrl":"https:\/\/www.organisator.ch\/wp-content\/uploads\/2020\/11\/Joerg-Eugster-erhaelt-den-Digital-Lifetime-Award-2020_Organisator.jpg","datePublished":"2020-11-26T13:03:43+00:00","description":"L'auteur de best-sellers, pionnier de l'Internet et du marketing en ligne, J\u00f6rg Eugster, est le laur\u00e9at du Digital Lifetime Award 2020 de l'IAB Switzerland.","breadcrumb":{"@id":"https:\/\/www.organisator.ch\/marketing\/2020-11-26\/joerg-eugster-erhaelt-den-digital-lifetime-award-2020\/#breadcrumb"},"inLanguage":"fr-FR","potentialAction":[{"@type":"ReadAction","target":["https:\/\/www.organisator.ch\/marketing\/2020-11-26\/joerg-eugster-erhaelt-den-digital-lifetime-award-2020\/"]}]},{"@type":"ImageObject","inLanguage":"fr-FR","@id":"https:\/\/www.organisator.ch\/marketing\/2020-11-26\/joerg-eugster-erhaelt-den-digital-lifetime-award-2020\/#primaryimage","url":"https:\/\/www.organisator.ch\/wp-content\/uploads\/2020\/11\/Joerg-Eugster-erhaelt-den-Digital-Lifetime-Award-2020_Organisator.jpg","contentUrl":"https:\/\/www.organisator.ch\/wp-content\/uploads\/2020\/11\/Joerg-Eugster-erhaelt-den-Digital-Lifetime-Award-2020_Organisator.jpg","width":680,"height":453,"caption":"J\u00f6rg Eugster, Gewinner des Digital Lifetime Award 2020 von IAB Switzerland. (Bild: zVg \/ IAB Switzerland)"},{"@type":"BreadcrumbList","@id":"https:\/\/www.organisator.ch\/marketing\/2020-11-26\/joerg-eugster-erhaelt-den-digital-lifetime-award-2020\/#breadcrumb","itemListElement":[{"@type":"ListItem","position":1,"name":"Home","item":"https:\/\/www.organisator.ch\/"},{"@type":"ListItem","position":2,"name":"J\u00f6rg Eugster erh\u00e4lt den Digital Lifetime Award 2020"}]},{"@type":"WebSite","@id":"https:\/\/www.organisator.ch\/#website","url":"https:\/\/www.organisator.ch\/","name":"Organisateur","description":"Comp\u00e9tence et comp\u00e9tence. Proches de la pratique. L'ORGANISATEUR pr\u00e9pare 10 num\u00e9ros par an sur les th\u00e8mes essentiels pour les dirigeants de PME.","publisher":{"@id":"https:\/\/www.organisator.ch\/#organization"},"potentialAction":[{"@type":"SearchAction","target":{"@type":"EntryPoint","urlTemplate":"https:\/\/www.organisator.ch\/?s={search_term_string}"},"query-input":{"@type":"PropertyValueSpecification","valueRequired":true,"valueName":"search_term_string"}}],"inLanguage":"fr-FR"},{"@type":"Organization","@id":"https:\/\/www.organisator.ch\/#organization","name":"Organisateur","url":"https:\/\/www.organisator.ch\/","logo":{"@type":"ImageObject","inLanguage":"fr-FR","@id":"https:\/\/www.organisator.ch\/#\/schema\/logo\/image\/","url":"https:\/\/www.organisator.ch\/wp-content\/uploads\/2022\/01\/Logo_Organisator_Website.png","contentUrl":"https:\/\/www.organisator.ch\/wp-content\/uploads\/2022\/01\/Logo_Organisator_Website.png","width":800,"height":77,"caption":"Organisator"},"image":{"@id":"https:\/\/www.organisator.ch\/#\/schema\/logo\/image\/"},"sameAs":["https:\/\/www.facebook.com\/OrganisatorFachmagazin","https:\/\/www.linkedin.com\/showcase\/organisator-das-magazin-fr-kmu","https:\/\/www.xing.com\/news\/pages\/organisator-ch-695","https:\/\/www.youtube.com\/channel\/UCGP2Sq0iWaZwT3BdIAQFYpw"]},{"@type":"Person","@id":"https:\/\/www.organisator.ch\/#\/schema\/person\/6f650f90b2842cd4c0cc334b4e36f67e","name":"thomas.berner","image":{"@type":"ImageObject","inLanguage":"fr-FR","@id":"https:\/\/secure.gravatar.com\/avatar\/ac5001d2a36cb6c6cd3e50789007ffca834b477b74a2144564522e944eabff61?s=96&d=mm&r=g","url":"https:\/\/secure.gravatar.com\/avatar\/ac5001d2a36cb6c6cd3e50789007ffca834b477b74a2144564522e944eabff61?s=96&d=mm&r=g","contentUrl":"https:\/\/secure.gravatar.com\/avatar\/ac5001d2a36cb6c6cd3e50789007ffca834b477b74a2144564522e944eabff61?s=96&d=mm&r=g","caption":"thomas.berner"},"url":"https:\/\/www.organisator.ch\/fr\/author\/thomas-berner\/"}]}},"_links":{"self":[{"href":"https:\/\/www.organisator.ch\/fr\/wp-json\/wp\/v2\/posts\/7376","targetHints":{"allow":["GET"]}}],"collection":[{"href":"https:\/\/www.organisator.ch\/fr\/wp-json\/wp\/v2\/posts"}],"about":[{"href":"https:\/\/www.organisator.ch\/fr\/wp-json\/wp\/v2\/types\/post"}],"author":[{"embeddable":true,"href":"https:\/\/www.organisator.ch\/fr\/wp-json\/wp\/v2\/users\/4"}],"replies":[{"embeddable":true,"href":"https:\/\/www.organisator.ch\/fr\/wp-json\/wp\/v2\/comments?post=7376"}],"version-history":[{"count":0,"href":"https:\/\/www.organisator.ch\/fr\/wp-json\/wp\/v2\/posts\/7376\/revisions"}],"wp:featuredmedia":[{"embeddable":true,"href":"https:\/\/www.organisator.ch\/fr\/wp-json\/wp\/v2\/media\/7378"}],"wp:attachment":[{"href":"https:\/\/www.organisator.ch\/fr\/wp-json\/wp\/v2\/media?parent=7376"}],"wp:term":[{"taxonomy":"category","embeddable":true,"href":"https:\/\/www.organisator.ch\/fr\/wp-json\/wp\/v2\/categories?post=7376"},{"taxonomy":"post_tag","embeddable":true,"href":"https:\/\/www.organisator.ch\/fr\/wp-json\/wp\/v2\/tags?post=7376"}],"curies":[{"name":"wp","href":"https:\/\/api.w.org\/{rel}","templated":true}]}}