{"id":7380,"date":"2020-11-26T16:54:57","date_gmt":"2020-11-26T15:54:57","guid":{"rendered":"https:\/\/www.organisator.ch\/?p=7380"},"modified":"2020-11-26T16:54:57","modified_gmt":"2020-11-26T15:54:57","slug":"die-ffhs-organisiert-ihre-fuehrung-neu","status":"publish","type":"post","link":"https:\/\/www.organisator.ch\/fr\/weiterbildung\/2020-11-26\/die-ffhs-organisiert-ihre-fuehrung-neu\/","title":{"rendered":"La FFHS r\u00e9organise sa direction"},"content":{"rendered":"<figure id=\"attachment_7381\" aria-describedby=\"caption-attachment-7381\" style=\"width: 680px\" class=\"wp-caption alignnone\"><img loading=\"lazy\" decoding=\"async\" class=\"size-medium wp-image-7381\" src=\"https:\/\/www.organisator.ch\/wp-content\/uploads\/2020\/11\/Die-FFHS-organisiert-ihre-Fuehrung-neu_Organisator.jpg\" alt=\"\" width=\"680\" height=\"403\" srcset=\"https:\/\/www.organisator.ch\/wp-content\/uploads\/2020\/11\/Die-FFHS-organisiert-ihre-Fuehrung-neu_Organisator.jpg 680w, https:\/\/www.organisator.ch\/wp-content\/uploads\/2020\/11\/Die-FFHS-organisiert-ihre-Fuehrung-neu_Organisator-16x9.jpg 16w, https:\/\/www.organisator.ch\/wp-content\/uploads\/2020\/11\/Die-FFHS-organisiert-ihre-Fuehrung-neu_Organisator-295x175.jpg 295w, https:\/\/www.organisator.ch\/wp-content\/uploads\/2020\/11\/Die-FFHS-organisiert-ihre-Fuehrung-neu_Organisator-591x350.jpg 591w, https:\/\/www.organisator.ch\/wp-content\/uploads\/2020\/11\/Die-FFHS-organisiert-ihre-Fuehrung-neu_Organisator-300x178.jpg 300w\" sizes=\"auto, (max-width: 680px) 100vw, 680px\" \/><figcaption id=\"caption-attachment-7381\" class=\"wp-caption-text\">La FFHS a cr\u00e9\u00e9 un nouveau d\u00e9partement pour la construction, l'immobilier et le Facility Management. Sa direction est assur\u00e9e par Yvonne Ganz. (Image : zVg \/ Haute \u00e9cole sp\u00e9cialis\u00e9e \u00e0 distance Suisse)<\/figcaption><\/figure>\n<p>La Haute \u00e9cole sp\u00e9cialis\u00e9e \u00e0 distance Suisse fait passer sa direction de cinq \u00e0 six membres. Le 1er novembre 2020, le professeur Markus Dormann a pris ses nouvelles fonctions de directeur de la formation continue. Dormann travaille depuis 2019 \u00e0 la FFHS en tant que responsable du d\u00e9partement E-Didactique. Il a \u00e9tudi\u00e9 la sociologie et la p\u00e9dagogie \u00e9conomique \u00e0 Bamberg et a ensuite effectu\u00e9 des recherches, notamment sur l'utilisation des m\u00e9dias num\u00e9riques dans la formation initiale et continue. En tant que conseiller et formateur ind\u00e9pendant, il a en outre travaill\u00e9 pour de nombreuses entreprises nationales et internationales, pour lesquelles il a apport\u00e9 les r\u00e9sultats de ses recherches dans le cadre de conf\u00e9rences et d'ateliers.<\/p>\n<h2>Nouveau directeur administratif de la FFHS<\/h2>\n<p>Le 1er f\u00e9vrier 2021, Ars\u00e8ne Jossen rejoindra la FFHS en tant que directeur administratif. Il remplacera Johannes B\u00fchler, qui se retire de la direction et continuera \u00e0 diriger le domaine des finances et du controlling \u00e0 la Haute \u00e9cole sp\u00e9cialis\u00e9e \u00e0 distance. Ars\u00e8ne Jossen a travaill\u00e9 pour l'UBS et la Banque Cantonale du Valais o\u00f9 il a occup\u00e9 diff\u00e9rentes fonctions. A la BCVs, il a dirig\u00e9 pendant plusieurs ann\u00e9es le d\u00e9partement Recovery pour la r\u00e9gion du Haut-Valais et est actuellement responsable de la succursale r\u00e9gionale de Brigue. Jossen est titulaire d'un Executive Master of Business Administration en gestion d'entreprise et a enseign\u00e9 \u00e0 la FFHS dans le domaine de la comptabilit\u00e9, du contr\u00f4le de gestion et de la finance.<\/p>\n<h2>Nouveau d\u00e9partement pour la construction, l'immobilier et le facility management<\/h2>\n<p>Depuis le 1er novembre 2020, la FFHS dispose d'un nouveau d\u00e9partement pour la construction, le Real Estate et le Facility Management. La direction du d\u00e9partement sera assur\u00e9e par Yvonne Ganz, qui travaille depuis 2017 comme responsable de l'immobilier \u00e0 la Fernfachhochschule Schweiz. Ganz est architecte EPF et dispose d'une longue exp\u00e9rience en tant que charg\u00e9e de cours dans le domaine de la gestion immobili\u00e8re et de l'\u00e9conomie d'entreprise ax\u00e9e sur le management. Dans le cadre de son activit\u00e9 de responsable immobilier, elle a d\u00e9velopp\u00e9 la strat\u00e9gie immobili\u00e8re de la FFHS, est chef de projet du campus de Zurich (Gleisarena) et conseill\u00e8re technique de la FFHS pour le projet de campus \u00e0 Brigue. Les deux projets de construction de campus seront inaugur\u00e9s l'ann\u00e9e prochaine.<\/p>\n<p><em>Source : <a href=\"http:\/\/www.ffhs.ch\">Haute \u00e9cole sp\u00e9cialis\u00e9e \u00e0 distance Suisse<\/a><\/em><\/p>","protected":false},"excerpt":{"rendered":"<p>Die Fernfachhochschule Schweiz baut ihre Direktion von f\u00fcnf auf sechs Mitglieder aus. Per 1. November 2020 hat Prof. Dr. Markus Dormann die neue Funktion als Direktor Weiterbildung aufgenommen. Dormann ist seit 2019 an der FFHS als Departementsleiter E-Didaktik t\u00e4tig. Er studierte Soziologie und Wirtschaftsp\u00e4dagogik in Bamberg und forschte anschliessend insbesondere zum Einsatz von digitalen Medien [&hellip;]<\/p>\n","protected":false},"author":4,"featured_media":7381,"comment_status":"closed","ping_status":"closed","sticky":false,"template":"","format":"standard","meta":{"_acf_changed":false,"_yoast_wpseo_focuskw":"FFHS","_yoast_wpseo_metadesc":"Die Fernfachhochschule Schweiz (FFHS) reorganisiert ihre F\u00fchrungsebene. Hinzu kommt auch ein neues Departement f\u00fcr Bau, Real Estate und Facility Management.","articlekey":"","footnotes":""},"categories":[30],"tags":[62,381],"class_list":["post-7380","post","type-post","status-publish","format-standard","has-post-thumbnail","hentry","category-weiterbildung","tag-aus-weiterbildung","tag-personalia"],"acf":[],"yoast_head":"<!-- This site is optimized with the Yoast SEO plugin v27.5 - https:\/\/yoast.com\/product\/yoast-seo-wordpress\/ -->\n<title>Die FFHS organisiert ihre F\u00fchrung neu - Organisator<\/title>\n<meta name=\"description\" content=\"Die Fernfachhochschule Schweiz (FFHS) reorganisiert ihre F\u00fchrungsebene. Hinzu kommt auch ein neues Departement f\u00fcr Bau, Real Estate und Facility Management.\" \/>\n<meta name=\"robots\" content=\"index, follow, max-snippet:-1, max-image-preview:large, max-video-preview:-1\" \/>\n<link rel=\"canonical\" href=\"https:\/\/www.organisator.ch\/fr\/formation-continue-2\/2020-11-26\/die-ffhs-organisiert-ihre-fuehrung-neu\/\" \/>\n<meta property=\"og:locale\" content=\"fr_FR\" \/>\n<meta property=\"og:type\" content=\"article\" \/>\n<meta property=\"og:title\" content=\"Die FFHS organisiert ihre F\u00fchrung neu\" \/>\n<meta property=\"og:description\" content=\"Die Fernfachhochschule Schweiz (FFHS) reorganisiert ihre F\u00fchrungsebene. Hinzu kommt auch ein neues Departement f\u00fcr Bau, Real Estate und Facility Management.\" \/>\n<meta property=\"og:url\" content=\"https:\/\/www.organisator.ch\/fr\/formation-continue-2\/2020-11-26\/die-ffhs-organisiert-ihre-fuehrung-neu\/\" \/>\n<meta property=\"og:site_name\" content=\"Organisator\" \/>\n<meta property=\"article:publisher\" content=\"https:\/\/www.facebook.com\/OrganisatorFachmagazin\" \/>\n<meta property=\"article:published_time\" content=\"2020-11-26T15:54:57+00:00\" \/>\n<meta property=\"og:image\" content=\"https:\/\/www.organisator.ch\/wp-content\/uploads\/2020\/11\/Die-FFHS-organisiert-ihre-Fuehrung-neu_Organisator.jpg\" \/>\n\t<meta property=\"og:image:width\" content=\"680\" \/>\n\t<meta property=\"og:image:height\" content=\"403\" \/>\n\t<meta property=\"og:image:type\" content=\"image\/jpeg\" \/>\n<meta name=\"author\" content=\"thomas.berner\" \/>\n<meta name=\"twitter:card\" content=\"summary_large_image\" \/>\n<meta name=\"twitter:title\" content=\"Die #FFHS organisiert ihre F\u00fchrung neu\" \/>\n<meta name=\"twitter:description\" content=\"Die Fernfachhochschule Schweiz (#FFHS) reorganisiert ihre F\u00fchrungsebene. Hinzu kommt auch ein neues Departement f\u00fcr Bau, Real Estate und Facility Management.\" \/>\n<meta name=\"twitter:image\" content=\"https:\/\/www.organisator.ch\/wp-content\/uploads\/2020\/11\/Die-FFHS-organisiert-ihre-Fuehrung-neu_Organisator.jpg\" \/>\n<script type=\"application\/ld+json\" class=\"yoast-schema-graph\">{\"@context\":\"https:\\\/\\\/schema.org\",\"@graph\":[{\"@type\":\"Article\",\"@id\":\"https:\\\/\\\/www.organisator.ch\\\/weiterbildung\\\/2020-11-26\\\/die-ffhs-organisiert-ihre-fuehrung-neu\\\/#article\",\"isPartOf\":{\"@id\":\"https:\\\/\\\/www.organisator.ch\\\/weiterbildung\\\/2020-11-26\\\/die-ffhs-organisiert-ihre-fuehrung-neu\\\/\"},\"author\":{\"name\":\"thomas.berner\",\"@id\":\"https:\\\/\\\/www.organisator.ch\\\/#\\\/schema\\\/person\\\/6f650f90b2842cd4c0cc334b4e36f67e\"},\"headline\":\"Die FFHS organisiert ihre F\u00fchrung neu\",\"datePublished\":\"2020-11-26T15:54:57+00:00\",\"mainEntityOfPage\":{\"@id\":\"https:\\\/\\\/www.organisator.ch\\\/weiterbildung\\\/2020-11-26\\\/die-ffhs-organisiert-ihre-fuehrung-neu\\\/\"},\"wordCount\":338,\"publisher\":{\"@id\":\"https:\\\/\\\/www.organisator.ch\\\/#organization\"},\"image\":{\"@id\":\"https:\\\/\\\/www.organisator.ch\\\/weiterbildung\\\/2020-11-26\\\/die-ffhs-organisiert-ihre-fuehrung-neu\\\/#primaryimage\"},\"thumbnailUrl\":\"https:\\\/\\\/www.organisator.ch\\\/wp-content\\\/uploads\\\/2020\\\/11\\\/Die-FFHS-organisiert-ihre-Fuehrung-neu_Organisator.jpg\",\"keywords\":[\"Aus-\\\/Weiterbildung\",\"Personalia\"],\"articleSection\":[\"WEITERBILDUNG\"],\"inLanguage\":\"fr-FR\"},{\"@type\":\"WebPage\",\"@id\":\"https:\\\/\\\/www.organisator.ch\\\/weiterbildung\\\/2020-11-26\\\/die-ffhs-organisiert-ihre-fuehrung-neu\\\/\",\"url\":\"https:\\\/\\\/www.organisator.ch\\\/weiterbildung\\\/2020-11-26\\\/die-ffhs-organisiert-ihre-fuehrung-neu\\\/\",\"name\":\"Die FFHS organisiert ihre F\u00fchrung neu - Organisator\",\"isPartOf\":{\"@id\":\"https:\\\/\\\/www.organisator.ch\\\/#website\"},\"primaryImageOfPage\":{\"@id\":\"https:\\\/\\\/www.organisator.ch\\\/weiterbildung\\\/2020-11-26\\\/die-ffhs-organisiert-ihre-fuehrung-neu\\\/#primaryimage\"},\"image\":{\"@id\":\"https:\\\/\\\/www.organisator.ch\\\/weiterbildung\\\/2020-11-26\\\/die-ffhs-organisiert-ihre-fuehrung-neu\\\/#primaryimage\"},\"thumbnailUrl\":\"https:\\\/\\\/www.organisator.ch\\\/wp-content\\\/uploads\\\/2020\\\/11\\\/Die-FFHS-organisiert-ihre-Fuehrung-neu_Organisator.jpg\",\"datePublished\":\"2020-11-26T15:54:57+00:00\",\"description\":\"Die Fernfachhochschule Schweiz (FFHS) reorganisiert ihre F\u00fchrungsebene. Hinzu kommt auch ein neues Departement f\u00fcr Bau, Real Estate und Facility Management.\",\"breadcrumb\":{\"@id\":\"https:\\\/\\\/www.organisator.ch\\\/weiterbildung\\\/2020-11-26\\\/die-ffhs-organisiert-ihre-fuehrung-neu\\\/#breadcrumb\"},\"inLanguage\":\"fr-FR\",\"potentialAction\":[{\"@type\":\"ReadAction\",\"target\":[\"https:\\\/\\\/www.organisator.ch\\\/weiterbildung\\\/2020-11-26\\\/die-ffhs-organisiert-ihre-fuehrung-neu\\\/\"]}]},{\"@type\":\"ImageObject\",\"inLanguage\":\"fr-FR\",\"@id\":\"https:\\\/\\\/www.organisator.ch\\\/weiterbildung\\\/2020-11-26\\\/die-ffhs-organisiert-ihre-fuehrung-neu\\\/#primaryimage\",\"url\":\"https:\\\/\\\/www.organisator.ch\\\/wp-content\\\/uploads\\\/2020\\\/11\\\/Die-FFHS-organisiert-ihre-Fuehrung-neu_Organisator.jpg\",\"contentUrl\":\"https:\\\/\\\/www.organisator.ch\\\/wp-content\\\/uploads\\\/2020\\\/11\\\/Die-FFHS-organisiert-ihre-Fuehrung-neu_Organisator.jpg\",\"width\":680,\"height\":403,\"caption\":\"Die FFHS hat ein neues Departement f\u00fcr Bau, Real Estate und Facility Management aufgebaut. Dessen Leitung \u00fcbernimmt Yvonne Ganz. (Bild: zVg \\\/ Fernfachhochschule Schweiz)\"},{\"@type\":\"BreadcrumbList\",\"@id\":\"https:\\\/\\\/www.organisator.ch\\\/weiterbildung\\\/2020-11-26\\\/die-ffhs-organisiert-ihre-fuehrung-neu\\\/#breadcrumb\",\"itemListElement\":[{\"@type\":\"ListItem\",\"position\":1,\"name\":\"Home\",\"item\":\"https:\\\/\\\/www.organisator.ch\\\/\"},{\"@type\":\"ListItem\",\"position\":2,\"name\":\"Die FFHS organisiert ihre F\u00fchrung neu\"}]},{\"@type\":\"WebSite\",\"@id\":\"https:\\\/\\\/www.organisator.ch\\\/#website\",\"url\":\"https:\\\/\\\/www.organisator.ch\\\/\",\"name\":\"Organisator\",\"description\":\"Kompetent. Praxisnah. Der ORGANISATOR bereitet in 10 Ausgaben pro Jahr die wesentlichen Themen f\u00fcr F\u00fchrungskr\u00e4fte von KMU auf.\",\"publisher\":{\"@id\":\"https:\\\/\\\/www.organisator.ch\\\/#organization\"},\"potentialAction\":[{\"@type\":\"SearchAction\",\"target\":{\"@type\":\"EntryPoint\",\"urlTemplate\":\"https:\\\/\\\/www.organisator.ch\\\/?s={search_term_string}\"},\"query-input\":{\"@type\":\"PropertyValueSpecification\",\"valueRequired\":true,\"valueName\":\"search_term_string\"}}],\"inLanguage\":\"fr-FR\"},{\"@type\":\"Organization\",\"@id\":\"https:\\\/\\\/www.organisator.ch\\\/#organization\",\"name\":\"Organisator\",\"url\":\"https:\\\/\\\/www.organisator.ch\\\/\",\"logo\":{\"@type\":\"ImageObject\",\"inLanguage\":\"fr-FR\",\"@id\":\"https:\\\/\\\/www.organisator.ch\\\/#\\\/schema\\\/logo\\\/image\\\/\",\"url\":\"https:\\\/\\\/www.organisator.ch\\\/wp-content\\\/uploads\\\/2022\\\/01\\\/Logo_Organisator_Website.png\",\"contentUrl\":\"https:\\\/\\\/www.organisator.ch\\\/wp-content\\\/uploads\\\/2022\\\/01\\\/Logo_Organisator_Website.png\",\"width\":800,\"height\":77,\"caption\":\"Organisator\"},\"image\":{\"@id\":\"https:\\\/\\\/www.organisator.ch\\\/#\\\/schema\\\/logo\\\/image\\\/\"},\"sameAs\":[\"https:\\\/\\\/www.facebook.com\\\/OrganisatorFachmagazin\",\"https:\\\/\\\/www.linkedin.com\\\/showcase\\\/organisator-das-magazin-fr-kmu\",\"https:\\\/\\\/www.xing.com\\\/news\\\/pages\\\/organisator-ch-695\",\"https:\\\/\\\/www.youtube.com\\\/channel\\\/UCGP2Sq0iWaZwT3BdIAQFYpw\"]},{\"@type\":\"Person\",\"@id\":\"https:\\\/\\\/www.organisator.ch\\\/#\\\/schema\\\/person\\\/6f650f90b2842cd4c0cc334b4e36f67e\",\"name\":\"thomas.berner\",\"image\":{\"@type\":\"ImageObject\",\"inLanguage\":\"fr-FR\",\"@id\":\"https:\\\/\\\/secure.gravatar.com\\\/avatar\\\/ac5001d2a36cb6c6cd3e50789007ffca834b477b74a2144564522e944eabff61?s=96&d=mm&r=g\",\"url\":\"https:\\\/\\\/secure.gravatar.com\\\/avatar\\\/ac5001d2a36cb6c6cd3e50789007ffca834b477b74a2144564522e944eabff61?s=96&d=mm&r=g\",\"contentUrl\":\"https:\\\/\\\/secure.gravatar.com\\\/avatar\\\/ac5001d2a36cb6c6cd3e50789007ffca834b477b74a2144564522e944eabff61?s=96&d=mm&r=g\",\"caption\":\"thomas.berner\"},\"url\":\"https:\\\/\\\/www.organisator.ch\\\/fr\\\/author\\\/thomas-berner\\\/\"}]}<\/script>\n<!-- \/ Yoast SEO plugin. -->","yoast_head_json":{"title":"La FFHS r\u00e9organise sa direction - Organisateur","description":"La Haute \u00e9cole sp\u00e9cialis\u00e9e \u00e0 distance Suisse (FFHS) r\u00e9organise sa direction. Un nouveau d\u00e9partement pour la construction, le Real Estate et le Facility Management s'y ajoute.","robots":{"index":"index","follow":"follow","max-snippet":"max-snippet:-1","max-image-preview":"max-image-preview:large","max-video-preview":"max-video-preview:-1"},"canonical":"https:\/\/www.organisator.ch\/fr\/formation-continue-2\/2020-11-26\/die-ffhs-organisiert-ihre-fuehrung-neu\/","og_locale":"fr_FR","og_type":"article","og_title":"Die FFHS organisiert ihre F\u00fchrung neu","og_description":"Die Fernfachhochschule Schweiz (FFHS) reorganisiert ihre F\u00fchrungsebene. Hinzu kommt auch ein neues Departement f\u00fcr Bau, Real Estate und Facility Management.","og_url":"https:\/\/www.organisator.ch\/fr\/formation-continue-2\/2020-11-26\/die-ffhs-organisiert-ihre-fuehrung-neu\/","og_site_name":"Organisator","article_publisher":"https:\/\/www.facebook.com\/OrganisatorFachmagazin","article_published_time":"2020-11-26T15:54:57+00:00","og_image":[{"width":680,"height":403,"url":"https:\/\/www.organisator.ch\/wp-content\/uploads\/2020\/11\/Die-FFHS-organisiert-ihre-Fuehrung-neu_Organisator.jpg","type":"image\/jpeg"}],"author":"thomas.berner","twitter_card":"summary_large_image","twitter_title":"Die #FFHS organisiert ihre F\u00fchrung neu","twitter_description":"Die Fernfachhochschule Schweiz (#FFHS) reorganisiert ihre F\u00fchrungsebene. Hinzu kommt auch ein neues Departement f\u00fcr Bau, Real Estate und Facility Management.","twitter_image":"https:\/\/www.organisator.ch\/wp-content\/uploads\/2020\/11\/Die-FFHS-organisiert-ihre-Fuehrung-neu_Organisator.jpg","schema":{"@context":"https:\/\/schema.org","@graph":[{"@type":"Article","@id":"https:\/\/www.organisator.ch\/weiterbildung\/2020-11-26\/die-ffhs-organisiert-ihre-fuehrung-neu\/#article","isPartOf":{"@id":"https:\/\/www.organisator.ch\/weiterbildung\/2020-11-26\/die-ffhs-organisiert-ihre-fuehrung-neu\/"},"author":{"name":"thomas.berner","@id":"https:\/\/www.organisator.ch\/#\/schema\/person\/6f650f90b2842cd4c0cc334b4e36f67e"},"headline":"Die FFHS organisiert ihre F\u00fchrung neu","datePublished":"2020-11-26T15:54:57+00:00","mainEntityOfPage":{"@id":"https:\/\/www.organisator.ch\/weiterbildung\/2020-11-26\/die-ffhs-organisiert-ihre-fuehrung-neu\/"},"wordCount":338,"publisher":{"@id":"https:\/\/www.organisator.ch\/#organization"},"image":{"@id":"https:\/\/www.organisator.ch\/weiterbildung\/2020-11-26\/die-ffhs-organisiert-ihre-fuehrung-neu\/#primaryimage"},"thumbnailUrl":"https:\/\/www.organisator.ch\/wp-content\/uploads\/2020\/11\/Die-FFHS-organisiert-ihre-Fuehrung-neu_Organisator.jpg","keywords":["Aus-\/Weiterbildung","Personalia"],"articleSection":["WEITERBILDUNG"],"inLanguage":"fr-FR"},{"@type":"WebPage","@id":"https:\/\/www.organisator.ch\/weiterbildung\/2020-11-26\/die-ffhs-organisiert-ihre-fuehrung-neu\/","url":"https:\/\/www.organisator.ch\/weiterbildung\/2020-11-26\/die-ffhs-organisiert-ihre-fuehrung-neu\/","name":"La FFHS r\u00e9organise sa direction - Organisateur","isPartOf":{"@id":"https:\/\/www.organisator.ch\/#website"},"primaryImageOfPage":{"@id":"https:\/\/www.organisator.ch\/weiterbildung\/2020-11-26\/die-ffhs-organisiert-ihre-fuehrung-neu\/#primaryimage"},"image":{"@id":"https:\/\/www.organisator.ch\/weiterbildung\/2020-11-26\/die-ffhs-organisiert-ihre-fuehrung-neu\/#primaryimage"},"thumbnailUrl":"https:\/\/www.organisator.ch\/wp-content\/uploads\/2020\/11\/Die-FFHS-organisiert-ihre-Fuehrung-neu_Organisator.jpg","datePublished":"2020-11-26T15:54:57+00:00","description":"La Haute \u00e9cole sp\u00e9cialis\u00e9e \u00e0 distance Suisse (FFHS) r\u00e9organise sa direction. Un nouveau d\u00e9partement pour la construction, le Real Estate et le Facility Management s'y ajoute.","breadcrumb":{"@id":"https:\/\/www.organisator.ch\/weiterbildung\/2020-11-26\/die-ffhs-organisiert-ihre-fuehrung-neu\/#breadcrumb"},"inLanguage":"fr-FR","potentialAction":[{"@type":"ReadAction","target":["https:\/\/www.organisator.ch\/weiterbildung\/2020-11-26\/die-ffhs-organisiert-ihre-fuehrung-neu\/"]}]},{"@type":"ImageObject","inLanguage":"fr-FR","@id":"https:\/\/www.organisator.ch\/weiterbildung\/2020-11-26\/die-ffhs-organisiert-ihre-fuehrung-neu\/#primaryimage","url":"https:\/\/www.organisator.ch\/wp-content\/uploads\/2020\/11\/Die-FFHS-organisiert-ihre-Fuehrung-neu_Organisator.jpg","contentUrl":"https:\/\/www.organisator.ch\/wp-content\/uploads\/2020\/11\/Die-FFHS-organisiert-ihre-Fuehrung-neu_Organisator.jpg","width":680,"height":403,"caption":"Die FFHS hat ein neues Departement f\u00fcr Bau, Real Estate und Facility Management aufgebaut. Dessen Leitung \u00fcbernimmt Yvonne Ganz. (Bild: zVg \/ Fernfachhochschule Schweiz)"},{"@type":"BreadcrumbList","@id":"https:\/\/www.organisator.ch\/weiterbildung\/2020-11-26\/die-ffhs-organisiert-ihre-fuehrung-neu\/#breadcrumb","itemListElement":[{"@type":"ListItem","position":1,"name":"Home","item":"https:\/\/www.organisator.ch\/"},{"@type":"ListItem","position":2,"name":"Die FFHS organisiert ihre F\u00fchrung neu"}]},{"@type":"WebSite","@id":"https:\/\/www.organisator.ch\/#website","url":"https:\/\/www.organisator.ch\/","name":"Organisateur","description":"Comp\u00e9tence et comp\u00e9tence. Proches de la pratique. L'ORGANISATEUR pr\u00e9pare 10 num\u00e9ros par an sur les th\u00e8mes essentiels pour les dirigeants de PME.","publisher":{"@id":"https:\/\/www.organisator.ch\/#organization"},"potentialAction":[{"@type":"SearchAction","target":{"@type":"EntryPoint","urlTemplate":"https:\/\/www.organisator.ch\/?s={search_term_string}"},"query-input":{"@type":"PropertyValueSpecification","valueRequired":true,"valueName":"search_term_string"}}],"inLanguage":"fr-FR"},{"@type":"Organization","@id":"https:\/\/www.organisator.ch\/#organization","name":"Organisateur","url":"https:\/\/www.organisator.ch\/","logo":{"@type":"ImageObject","inLanguage":"fr-FR","@id":"https:\/\/www.organisator.ch\/#\/schema\/logo\/image\/","url":"https:\/\/www.organisator.ch\/wp-content\/uploads\/2022\/01\/Logo_Organisator_Website.png","contentUrl":"https:\/\/www.organisator.ch\/wp-content\/uploads\/2022\/01\/Logo_Organisator_Website.png","width":800,"height":77,"caption":"Organisator"},"image":{"@id":"https:\/\/www.organisator.ch\/#\/schema\/logo\/image\/"},"sameAs":["https:\/\/www.facebook.com\/OrganisatorFachmagazin","https:\/\/www.linkedin.com\/showcase\/organisator-das-magazin-fr-kmu","https:\/\/www.xing.com\/news\/pages\/organisator-ch-695","https:\/\/www.youtube.com\/channel\/UCGP2Sq0iWaZwT3BdIAQFYpw"]},{"@type":"Person","@id":"https:\/\/www.organisator.ch\/#\/schema\/person\/6f650f90b2842cd4c0cc334b4e36f67e","name":"thomas.berner","image":{"@type":"ImageObject","inLanguage":"fr-FR","@id":"https:\/\/secure.gravatar.com\/avatar\/ac5001d2a36cb6c6cd3e50789007ffca834b477b74a2144564522e944eabff61?s=96&d=mm&r=g","url":"https:\/\/secure.gravatar.com\/avatar\/ac5001d2a36cb6c6cd3e50789007ffca834b477b74a2144564522e944eabff61?s=96&d=mm&r=g","contentUrl":"https:\/\/secure.gravatar.com\/avatar\/ac5001d2a36cb6c6cd3e50789007ffca834b477b74a2144564522e944eabff61?s=96&d=mm&r=g","caption":"thomas.berner"},"url":"https:\/\/www.organisator.ch\/fr\/author\/thomas-berner\/"}]}},"_links":{"self":[{"href":"https:\/\/www.organisator.ch\/fr\/wp-json\/wp\/v2\/posts\/7380","targetHints":{"allow":["GET"]}}],"collection":[{"href":"https:\/\/www.organisator.ch\/fr\/wp-json\/wp\/v2\/posts"}],"about":[{"href":"https:\/\/www.organisator.ch\/fr\/wp-json\/wp\/v2\/types\/post"}],"author":[{"embeddable":true,"href":"https:\/\/www.organisator.ch\/fr\/wp-json\/wp\/v2\/users\/4"}],"replies":[{"embeddable":true,"href":"https:\/\/www.organisator.ch\/fr\/wp-json\/wp\/v2\/comments?post=7380"}],"version-history":[{"count":0,"href":"https:\/\/www.organisator.ch\/fr\/wp-json\/wp\/v2\/posts\/7380\/revisions"}],"wp:featuredmedia":[{"embeddable":true,"href":"https:\/\/www.organisator.ch\/fr\/wp-json\/wp\/v2\/media\/7381"}],"wp:attachment":[{"href":"https:\/\/www.organisator.ch\/fr\/wp-json\/wp\/v2\/media?parent=7380"}],"wp:term":[{"taxonomy":"category","embeddable":true,"href":"https:\/\/www.organisator.ch\/fr\/wp-json\/wp\/v2\/categories?post=7380"},{"taxonomy":"post_tag","embeddable":true,"href":"https:\/\/www.organisator.ch\/fr\/wp-json\/wp\/v2\/tags?post=7380"}],"curies":[{"name":"wp","href":"https:\/\/api.w.org\/{rel}","templated":true}]}}