{"id":7383,"date":"2020-11-30T11:03:11","date_gmt":"2020-11-30T10:03:11","guid":{"rendered":"https:\/\/www.organisator.ch\/?p=7383"},"modified":"2020-11-30T11:03:11","modified_gmt":"2020-11-30T10:03:11","slug":"kugellager-von-skf-seit-100-jahren-in-der-schweiz","status":"publish","type":"post","link":"https:\/\/www.organisator.ch\/fr\/management\/2020-11-30\/kugellager-von-skf-seit-100-jahren-in-der-schweiz\/","title":{"rendered":"Roulements \u00e0 billes de SKF : depuis 100 ans en Suisse"},"content":{"rendered":"<figure id=\"attachment_7384\" aria-describedby=\"caption-attachment-7384\" style=\"width: 680px\" class=\"wp-caption alignnone\"><img loading=\"lazy\" decoding=\"async\" class=\"size-medium wp-image-7384\" src=\"https:\/\/www.organisator.ch\/wp-content\/uploads\/2020\/11\/Kugellager-von-SKF-Seit-100-Jahren-in-der-Schweiz_Organisator.jpg\" alt=\"\" width=\"680\" height=\"510\" srcset=\"https:\/\/www.organisator.ch\/wp-content\/uploads\/2020\/11\/Kugellager-von-SKF-Seit-100-Jahren-in-der-Schweiz_Organisator.jpg 680w, https:\/\/www.organisator.ch\/wp-content\/uploads\/2020\/11\/Kugellager-von-SKF-Seit-100-Jahren-in-der-Schweiz_Organisator-16x12.jpg 16w, https:\/\/www.organisator.ch\/wp-content\/uploads\/2020\/11\/Kugellager-von-SKF-Seit-100-Jahren-in-der-Schweiz_Organisator-233x175.jpg 233w, https:\/\/www.organisator.ch\/wp-content\/uploads\/2020\/11\/Kugellager-von-SKF-Seit-100-Jahren-in-der-Schweiz_Organisator-467x350.jpg 467w, https:\/\/www.organisator.ch\/wp-content\/uploads\/2020\/11\/Kugellager-von-SKF-Seit-100-Jahren-in-der-Schweiz_Organisator-300x225.jpg 300w\" sizes=\"auto, (max-width: 680px) 100vw, 680px\" \/><figcaption id=\"caption-attachment-7384\" class=\"wp-caption-text\">Depuis 100 ans, les roulements \u00e0 billes de SKF sont \u00e9galement disponibles en Suisse. Ici, le si\u00e8ge de la filiale suisse \u00e0 Schwerzenbach ZH. (Photo : SKF)<\/figcaption><\/figure>\n<p><span style=\"color: black;\">L'entreprise SKF a \u00e9t\u00e9 fond\u00e9e en Su\u00e8de en 1907. D\u00e8s 1920, l'entreprise a ouvert sa succursale suisse dans la Bahnhofstrasse de Zurich pour y distribuer des roulements \u00e0 billes et \u00e0 rouleaux ainsi que d'autres \u00e9l\u00e9ments de machines pour le march\u00e9 suisse. Mais entre-temps, il n'y a pas que des roulements \u00e0 billes de SKF en Suisse : par exemple, l'entreprise a repris en 1987 Jacob AG, un sp\u00e9cialiste des entra\u00eenements lin\u00e9aires, et a int\u00e9gr\u00e9 en 2008 dans sa structure de distribution un fabricant leader d'actionneurs \u00e9lectrom\u00e9caniques avec la distribution suisse d'Actuation Systems Liestal, anciennement Magnetic. Ainsi, les activit\u00e9s commerciales de SKF Suisse ont \u00e9t\u00e9 consid\u00e9rablement \u00e9tendues.<\/span><\/p>\n<h2>Si\u00e8ge suisse \u00e0 Schwerzenbach<\/h2>\n<p><span style=\"color: black;\">La soci\u00e9t\u00e9 suisse SKF est dirig\u00e9e depuis plus de trois d\u00e9cennies depuis les bureaux et l'ancien entrep\u00f4t de Schwerzenbach, qui a \u00e9t\u00e9 enti\u00e8rement r\u00e9nov\u00e9, transform\u00e9 et modernis\u00e9 en 2019. Les 40 collaborateurs travaillent principalement dans la distribution nationale et dans le conseil technique aux clients. \"Au cours des 100 derni\u00e8res ann\u00e9es, SKF Suisse et ses collaborateurs ont toujours su gagner la confiance des clients gr\u00e2ce \u00e0 leurs comp\u00e9tences techniques et \u00e0 leur grand engagement\", souligne Erik Nelander, pr\u00e9sident des ventes industrielles pour l'Europe et le Moyen-Orient et l'Afrique au sein de la direction du groupe SKF. \"Ils ont ainsi apport\u00e9 une contribution importante au succ\u00e8s de l'ensemble de l'entreprise. Nous les en remercions vivement\".<\/span><\/p>\n<h2>Les 100 ans des roulements \u00e0 billes de SKF Suisse : un don plut\u00f4t qu'une c\u00e9l\u00e9bration<\/h2>\n<p><span style=\"color: black;\">Jochen Diehm, Country Manager de SKF Suisse, est heureux de pouvoir c\u00e9l\u00e9brer les 100 ans de SKF en Suisse. \"Je voudrais profiter de l'occasion pour remercier tous nos clients, actionnaires et soutiens. Ils ont fait et font toujours partie int\u00e9grante de notre succ\u00e8s. Nous nous r\u00e9jouissons de nombreuses autres ann\u00e9es de collaboration positive\". Il ajoute : \"Comme il n'est pas possible d'organiser une c\u00e9r\u00e9monie officielle avec les clients et les repr\u00e9sentants des autorit\u00e9s et associations locales, nous allons faire un don pour soutenir le personnel soignant et les mesures d'aide li\u00e9es \u00e0 la pand\u00e9mie de Corona. Nous pensons ainsi \u00e0 tous ceux qui sont directement ou indirectement touch\u00e9s par COVID en cette p\u00e9riode difficile\".<\/span><\/p>\n<p><em>Source : <a href=\"http:\/\/www.skf.com\">SKF<\/a><\/em><\/p>","protected":false},"excerpt":{"rendered":"<p>Das Unternehmen SKF wurde 1907 in Schweden gegr\u00fcndet. Bereits 1920 er\u00f6ffnete das Unternehmen seine Schweizer Niederlassung in der Z\u00fcrcher Bahnhofstra\u00dfe, um von hier aus Kugel- und Rollenlager sowie andere Maschinenelemente f\u00fcr den Schweizer Markt zu vertreiben. Doch inzwischen gibt es mehr als nur Kugellager von SKF in der Schweiz: Beispielsweise \u00fcbernahm das Unternehmen 1987 mit [&hellip;]<\/p>\n","protected":false},"author":4,"featured_media":7384,"comment_status":"closed","ping_status":"closed","sticky":false,"template":"","format":"standard","meta":{"_acf_changed":false,"_yoast_wpseo_focuskw":"Kugellager von SKF","_yoast_wpseo_metadesc":"Kugellager von SKF: Die schwedische SKF Gruppe feiert am 8. Dezember das 100j\u00e4hrige Bestehen ihrer Schweizer Tochtergesellschaft.","articlekey":"","footnotes":""},"categories":[28],"tags":[206,335,492],"class_list":["post-7383","post","type-post","status-publish","format-standard","has-post-thumbnail","hentry","category-management","tag-firmenjubilaeum","tag-management-und-unternehmensfuehrung","tag-unternehmen"],"acf":[],"yoast_head":"<!-- This site is optimized with the Yoast SEO plugin v27.5 - https:\/\/yoast.com\/product\/yoast-seo-wordpress\/ -->\n<title>Kugellager von SKF: Seit 100 Jahren in der Schweiz - Organisator<\/title>\n<meta name=\"description\" content=\"Kugellager von SKF: Die schwedische SKF Gruppe feiert am 8. Dezember das 100j\u00e4hrige Bestehen ihrer Schweizer Tochtergesellschaft.\" \/>\n<meta name=\"robots\" content=\"index, follow, max-snippet:-1, max-image-preview:large, max-video-preview:-1\" \/>\n<link rel=\"canonical\" href=\"https:\/\/www.organisator.ch\/fr\/gestion-2\/2020-11-30\/kugellager-von-skf-seit-100-jahren-in-der-schweiz\/\" \/>\n<meta property=\"og:locale\" content=\"fr_FR\" \/>\n<meta property=\"og:type\" content=\"article\" \/>\n<meta property=\"og:title\" content=\"Kugellager von SKF: Seit 100 Jahren in der Schweiz\" \/>\n<meta property=\"og:description\" content=\"Kugellager von SKF: Die schwedische SKF Gruppe feiert am 8. Dezember das 100j\u00e4hrige Bestehen ihrer Schweizer Tochtergesellschaft.\" \/>\n<meta property=\"og:url\" content=\"https:\/\/www.organisator.ch\/fr\/gestion-2\/2020-11-30\/kugellager-von-skf-seit-100-jahren-in-der-schweiz\/\" \/>\n<meta property=\"og:site_name\" content=\"Organisator\" \/>\n<meta property=\"article:publisher\" content=\"https:\/\/www.facebook.com\/OrganisatorFachmagazin\" \/>\n<meta property=\"article:published_time\" content=\"2020-11-30T10:03:11+00:00\" \/>\n<meta property=\"og:image\" content=\"https:\/\/www.organisator.ch\/wp-content\/uploads\/2020\/11\/Kugellager-von-SKF-Seit-100-Jahren-in-der-Schweiz_Organisator.jpg\" \/>\n\t<meta property=\"og:image:width\" content=\"680\" \/>\n\t<meta property=\"og:image:height\" content=\"510\" \/>\n\t<meta property=\"og:image:type\" content=\"image\/jpeg\" \/>\n<meta name=\"author\" content=\"thomas.berner\" \/>\n<meta name=\"twitter:card\" content=\"summary_large_image\" \/>\n<meta name=\"twitter:title\" content=\"#Kugellager von #SKF: Seit 100 Jahren in der Schweiz\" \/>\n<meta name=\"twitter:description\" content=\"Kugellager von #SKF: Die schwedische SKF Gruppe feiert am 8. Dezember das 100j\u00e4hrige Bestehen ihrer #Schweizer #Tochtergesellschaft.\" \/>\n<meta name=\"twitter:image\" content=\"https:\/\/www.organisator.ch\/wp-content\/uploads\/2020\/11\/Kugellager-von-SKF-Seit-100-Jahren-in-der-Schweiz_Organisator.jpg\" \/>\n<script type=\"application\/ld+json\" class=\"yoast-schema-graph\">{\"@context\":\"https:\\\/\\\/schema.org\",\"@graph\":[{\"@type\":\"Article\",\"@id\":\"https:\\\/\\\/www.organisator.ch\\\/management\\\/2020-11-30\\\/kugellager-von-skf-seit-100-jahren-in-der-schweiz\\\/#article\",\"isPartOf\":{\"@id\":\"https:\\\/\\\/www.organisator.ch\\\/management\\\/2020-11-30\\\/kugellager-von-skf-seit-100-jahren-in-der-schweiz\\\/\"},\"author\":{\"name\":\"thomas.berner\",\"@id\":\"https:\\\/\\\/www.organisator.ch\\\/#\\\/schema\\\/person\\\/6f650f90b2842cd4c0cc334b4e36f67e\"},\"headline\":\"Kugellager von SKF: Seit 100 Jahren in der Schweiz\",\"datePublished\":\"2020-11-30T10:03:11+00:00\",\"mainEntityOfPage\":{\"@id\":\"https:\\\/\\\/www.organisator.ch\\\/management\\\/2020-11-30\\\/kugellager-von-skf-seit-100-jahren-in-der-schweiz\\\/\"},\"wordCount\":367,\"publisher\":{\"@id\":\"https:\\\/\\\/www.organisator.ch\\\/#organization\"},\"image\":{\"@id\":\"https:\\\/\\\/www.organisator.ch\\\/management\\\/2020-11-30\\\/kugellager-von-skf-seit-100-jahren-in-der-schweiz\\\/#primaryimage\"},\"thumbnailUrl\":\"https:\\\/\\\/www.organisator.ch\\\/wp-content\\\/uploads\\\/2020\\\/11\\\/Kugellager-von-SKF-Seit-100-Jahren-in-der-Schweiz_Organisator.jpg\",\"keywords\":[\"Firmenjubil\u00e4um\",\"Management und Unternehmensf\u00fchrung\",\"Unternehmen\"],\"articleSection\":[\"MANAGEMENT\"],\"inLanguage\":\"fr-FR\"},{\"@type\":\"WebPage\",\"@id\":\"https:\\\/\\\/www.organisator.ch\\\/management\\\/2020-11-30\\\/kugellager-von-skf-seit-100-jahren-in-der-schweiz\\\/\",\"url\":\"https:\\\/\\\/www.organisator.ch\\\/management\\\/2020-11-30\\\/kugellager-von-skf-seit-100-jahren-in-der-schweiz\\\/\",\"name\":\"Kugellager von SKF: Seit 100 Jahren in der Schweiz - Organisator\",\"isPartOf\":{\"@id\":\"https:\\\/\\\/www.organisator.ch\\\/#website\"},\"primaryImageOfPage\":{\"@id\":\"https:\\\/\\\/www.organisator.ch\\\/management\\\/2020-11-30\\\/kugellager-von-skf-seit-100-jahren-in-der-schweiz\\\/#primaryimage\"},\"image\":{\"@id\":\"https:\\\/\\\/www.organisator.ch\\\/management\\\/2020-11-30\\\/kugellager-von-skf-seit-100-jahren-in-der-schweiz\\\/#primaryimage\"},\"thumbnailUrl\":\"https:\\\/\\\/www.organisator.ch\\\/wp-content\\\/uploads\\\/2020\\\/11\\\/Kugellager-von-SKF-Seit-100-Jahren-in-der-Schweiz_Organisator.jpg\",\"datePublished\":\"2020-11-30T10:03:11+00:00\",\"description\":\"Kugellager von SKF: Die schwedische SKF Gruppe feiert am 8. Dezember das 100j\u00e4hrige Bestehen ihrer Schweizer Tochtergesellschaft.\",\"breadcrumb\":{\"@id\":\"https:\\\/\\\/www.organisator.ch\\\/management\\\/2020-11-30\\\/kugellager-von-skf-seit-100-jahren-in-der-schweiz\\\/#breadcrumb\"},\"inLanguage\":\"fr-FR\",\"potentialAction\":[{\"@type\":\"ReadAction\",\"target\":[\"https:\\\/\\\/www.organisator.ch\\\/management\\\/2020-11-30\\\/kugellager-von-skf-seit-100-jahren-in-der-schweiz\\\/\"]}]},{\"@type\":\"ImageObject\",\"inLanguage\":\"fr-FR\",\"@id\":\"https:\\\/\\\/www.organisator.ch\\\/management\\\/2020-11-30\\\/kugellager-von-skf-seit-100-jahren-in-der-schweiz\\\/#primaryimage\",\"url\":\"https:\\\/\\\/www.organisator.ch\\\/wp-content\\\/uploads\\\/2020\\\/11\\\/Kugellager-von-SKF-Seit-100-Jahren-in-der-Schweiz_Organisator.jpg\",\"contentUrl\":\"https:\\\/\\\/www.organisator.ch\\\/wp-content\\\/uploads\\\/2020\\\/11\\\/Kugellager-von-SKF-Seit-100-Jahren-in-der-Schweiz_Organisator.jpg\",\"width\":680,\"height\":510,\"caption\":\"Seit 100 Jahren gibt es die Kugellager von SKF auch in der Schweiz. Hier der Sitz der Schweizer Niederlassung in Schwerzenbach ZH. (Bild: SKF)\"},{\"@type\":\"BreadcrumbList\",\"@id\":\"https:\\\/\\\/www.organisator.ch\\\/management\\\/2020-11-30\\\/kugellager-von-skf-seit-100-jahren-in-der-schweiz\\\/#breadcrumb\",\"itemListElement\":[{\"@type\":\"ListItem\",\"position\":1,\"name\":\"Home\",\"item\":\"https:\\\/\\\/www.organisator.ch\\\/\"},{\"@type\":\"ListItem\",\"position\":2,\"name\":\"Kugellager von SKF: Seit 100 Jahren in der Schweiz\"}]},{\"@type\":\"WebSite\",\"@id\":\"https:\\\/\\\/www.organisator.ch\\\/#website\",\"url\":\"https:\\\/\\\/www.organisator.ch\\\/\",\"name\":\"Organisator\",\"description\":\"Kompetent. Praxisnah. Der ORGANISATOR bereitet in 10 Ausgaben pro Jahr die wesentlichen Themen f\u00fcr F\u00fchrungskr\u00e4fte von KMU auf.\",\"publisher\":{\"@id\":\"https:\\\/\\\/www.organisator.ch\\\/#organization\"},\"potentialAction\":[{\"@type\":\"SearchAction\",\"target\":{\"@type\":\"EntryPoint\",\"urlTemplate\":\"https:\\\/\\\/www.organisator.ch\\\/?s={search_term_string}\"},\"query-input\":{\"@type\":\"PropertyValueSpecification\",\"valueRequired\":true,\"valueName\":\"search_term_string\"}}],\"inLanguage\":\"fr-FR\"},{\"@type\":\"Organization\",\"@id\":\"https:\\\/\\\/www.organisator.ch\\\/#organization\",\"name\":\"Organisator\",\"url\":\"https:\\\/\\\/www.organisator.ch\\\/\",\"logo\":{\"@type\":\"ImageObject\",\"inLanguage\":\"fr-FR\",\"@id\":\"https:\\\/\\\/www.organisator.ch\\\/#\\\/schema\\\/logo\\\/image\\\/\",\"url\":\"https:\\\/\\\/www.organisator.ch\\\/wp-content\\\/uploads\\\/2022\\\/01\\\/Logo_Organisator_Website.png\",\"contentUrl\":\"https:\\\/\\\/www.organisator.ch\\\/wp-content\\\/uploads\\\/2022\\\/01\\\/Logo_Organisator_Website.png\",\"width\":800,\"height\":77,\"caption\":\"Organisator\"},\"image\":{\"@id\":\"https:\\\/\\\/www.organisator.ch\\\/#\\\/schema\\\/logo\\\/image\\\/\"},\"sameAs\":[\"https:\\\/\\\/www.facebook.com\\\/OrganisatorFachmagazin\",\"https:\\\/\\\/www.linkedin.com\\\/showcase\\\/organisator-das-magazin-fr-kmu\",\"https:\\\/\\\/www.xing.com\\\/news\\\/pages\\\/organisator-ch-695\",\"https:\\\/\\\/www.youtube.com\\\/channel\\\/UCGP2Sq0iWaZwT3BdIAQFYpw\"]},{\"@type\":\"Person\",\"@id\":\"https:\\\/\\\/www.organisator.ch\\\/#\\\/schema\\\/person\\\/6f650f90b2842cd4c0cc334b4e36f67e\",\"name\":\"thomas.berner\",\"image\":{\"@type\":\"ImageObject\",\"inLanguage\":\"fr-FR\",\"@id\":\"https:\\\/\\\/secure.gravatar.com\\\/avatar\\\/ac5001d2a36cb6c6cd3e50789007ffca834b477b74a2144564522e944eabff61?s=96&d=mm&r=g\",\"url\":\"https:\\\/\\\/secure.gravatar.com\\\/avatar\\\/ac5001d2a36cb6c6cd3e50789007ffca834b477b74a2144564522e944eabff61?s=96&d=mm&r=g\",\"contentUrl\":\"https:\\\/\\\/secure.gravatar.com\\\/avatar\\\/ac5001d2a36cb6c6cd3e50789007ffca834b477b74a2144564522e944eabff61?s=96&d=mm&r=g\",\"caption\":\"thomas.berner\"},\"url\":\"https:\\\/\\\/www.organisator.ch\\\/fr\\\/author\\\/thomas-berner\\\/\"}]}<\/script>\n<!-- \/ Yoast SEO plugin. -->","yoast_head_json":{"title":"Roulements \u00e0 billes de SKF : depuis 100 ans en Suisse - Organisateur","description":"Roulements \u00e0 billes de SKF : le groupe su\u00e9dois SKF f\u00eate le 8 d\u00e9cembre le centenaire de sa filiale suisse.","robots":{"index":"index","follow":"follow","max-snippet":"max-snippet:-1","max-image-preview":"max-image-preview:large","max-video-preview":"max-video-preview:-1"},"canonical":"https:\/\/www.organisator.ch\/fr\/gestion-2\/2020-11-30\/kugellager-von-skf-seit-100-jahren-in-der-schweiz\/","og_locale":"fr_FR","og_type":"article","og_title":"Kugellager von SKF: Seit 100 Jahren in der Schweiz","og_description":"Kugellager von SKF: Die schwedische SKF Gruppe feiert am 8. Dezember das 100j\u00e4hrige Bestehen ihrer Schweizer Tochtergesellschaft.","og_url":"https:\/\/www.organisator.ch\/fr\/gestion-2\/2020-11-30\/kugellager-von-skf-seit-100-jahren-in-der-schweiz\/","og_site_name":"Organisator","article_publisher":"https:\/\/www.facebook.com\/OrganisatorFachmagazin","article_published_time":"2020-11-30T10:03:11+00:00","og_image":[{"width":680,"height":510,"url":"https:\/\/www.organisator.ch\/wp-content\/uploads\/2020\/11\/Kugellager-von-SKF-Seit-100-Jahren-in-der-Schweiz_Organisator.jpg","type":"image\/jpeg"}],"author":"thomas.berner","twitter_card":"summary_large_image","twitter_title":"#Kugellager von #SKF: Seit 100 Jahren in der Schweiz","twitter_description":"Kugellager von #SKF: Die schwedische SKF Gruppe feiert am 8. Dezember das 100j\u00e4hrige Bestehen ihrer #Schweizer #Tochtergesellschaft.","twitter_image":"https:\/\/www.organisator.ch\/wp-content\/uploads\/2020\/11\/Kugellager-von-SKF-Seit-100-Jahren-in-der-Schweiz_Organisator.jpg","schema":{"@context":"https:\/\/schema.org","@graph":[{"@type":"Article","@id":"https:\/\/www.organisator.ch\/management\/2020-11-30\/kugellager-von-skf-seit-100-jahren-in-der-schweiz\/#article","isPartOf":{"@id":"https:\/\/www.organisator.ch\/management\/2020-11-30\/kugellager-von-skf-seit-100-jahren-in-der-schweiz\/"},"author":{"name":"thomas.berner","@id":"https:\/\/www.organisator.ch\/#\/schema\/person\/6f650f90b2842cd4c0cc334b4e36f67e"},"headline":"Kugellager von SKF: Seit 100 Jahren in der Schweiz","datePublished":"2020-11-30T10:03:11+00:00","mainEntityOfPage":{"@id":"https:\/\/www.organisator.ch\/management\/2020-11-30\/kugellager-von-skf-seit-100-jahren-in-der-schweiz\/"},"wordCount":367,"publisher":{"@id":"https:\/\/www.organisator.ch\/#organization"},"image":{"@id":"https:\/\/www.organisator.ch\/management\/2020-11-30\/kugellager-von-skf-seit-100-jahren-in-der-schweiz\/#primaryimage"},"thumbnailUrl":"https:\/\/www.organisator.ch\/wp-content\/uploads\/2020\/11\/Kugellager-von-SKF-Seit-100-Jahren-in-der-Schweiz_Organisator.jpg","keywords":["Firmenjubil\u00e4um","Management und Unternehmensf\u00fchrung","Unternehmen"],"articleSection":["MANAGEMENT"],"inLanguage":"fr-FR"},{"@type":"WebPage","@id":"https:\/\/www.organisator.ch\/management\/2020-11-30\/kugellager-von-skf-seit-100-jahren-in-der-schweiz\/","url":"https:\/\/www.organisator.ch\/management\/2020-11-30\/kugellager-von-skf-seit-100-jahren-in-der-schweiz\/","name":"Roulements \u00e0 billes de SKF : depuis 100 ans en Suisse - Organisateur","isPartOf":{"@id":"https:\/\/www.organisator.ch\/#website"},"primaryImageOfPage":{"@id":"https:\/\/www.organisator.ch\/management\/2020-11-30\/kugellager-von-skf-seit-100-jahren-in-der-schweiz\/#primaryimage"},"image":{"@id":"https:\/\/www.organisator.ch\/management\/2020-11-30\/kugellager-von-skf-seit-100-jahren-in-der-schweiz\/#primaryimage"},"thumbnailUrl":"https:\/\/www.organisator.ch\/wp-content\/uploads\/2020\/11\/Kugellager-von-SKF-Seit-100-Jahren-in-der-Schweiz_Organisator.jpg","datePublished":"2020-11-30T10:03:11+00:00","description":"Roulements \u00e0 billes de SKF : le groupe su\u00e9dois SKF f\u00eate le 8 d\u00e9cembre le centenaire de sa filiale suisse.","breadcrumb":{"@id":"https:\/\/www.organisator.ch\/management\/2020-11-30\/kugellager-von-skf-seit-100-jahren-in-der-schweiz\/#breadcrumb"},"inLanguage":"fr-FR","potentialAction":[{"@type":"ReadAction","target":["https:\/\/www.organisator.ch\/management\/2020-11-30\/kugellager-von-skf-seit-100-jahren-in-der-schweiz\/"]}]},{"@type":"ImageObject","inLanguage":"fr-FR","@id":"https:\/\/www.organisator.ch\/management\/2020-11-30\/kugellager-von-skf-seit-100-jahren-in-der-schweiz\/#primaryimage","url":"https:\/\/www.organisator.ch\/wp-content\/uploads\/2020\/11\/Kugellager-von-SKF-Seit-100-Jahren-in-der-Schweiz_Organisator.jpg","contentUrl":"https:\/\/www.organisator.ch\/wp-content\/uploads\/2020\/11\/Kugellager-von-SKF-Seit-100-Jahren-in-der-Schweiz_Organisator.jpg","width":680,"height":510,"caption":"Seit 100 Jahren gibt es die Kugellager von SKF auch in der Schweiz. Hier der Sitz der Schweizer Niederlassung in Schwerzenbach ZH. (Bild: SKF)"},{"@type":"BreadcrumbList","@id":"https:\/\/www.organisator.ch\/management\/2020-11-30\/kugellager-von-skf-seit-100-jahren-in-der-schweiz\/#breadcrumb","itemListElement":[{"@type":"ListItem","position":1,"name":"Home","item":"https:\/\/www.organisator.ch\/"},{"@type":"ListItem","position":2,"name":"Kugellager von SKF: Seit 100 Jahren in der Schweiz"}]},{"@type":"WebSite","@id":"https:\/\/www.organisator.ch\/#website","url":"https:\/\/www.organisator.ch\/","name":"Organisateur","description":"Comp\u00e9tence et comp\u00e9tence. Proches de la pratique. L'ORGANISATEUR pr\u00e9pare 10 num\u00e9ros par an sur les th\u00e8mes essentiels pour les dirigeants de PME.","publisher":{"@id":"https:\/\/www.organisator.ch\/#organization"},"potentialAction":[{"@type":"SearchAction","target":{"@type":"EntryPoint","urlTemplate":"https:\/\/www.organisator.ch\/?s={search_term_string}"},"query-input":{"@type":"PropertyValueSpecification","valueRequired":true,"valueName":"search_term_string"}}],"inLanguage":"fr-FR"},{"@type":"Organization","@id":"https:\/\/www.organisator.ch\/#organization","name":"Organisateur","url":"https:\/\/www.organisator.ch\/","logo":{"@type":"ImageObject","inLanguage":"fr-FR","@id":"https:\/\/www.organisator.ch\/#\/schema\/logo\/image\/","url":"https:\/\/www.organisator.ch\/wp-content\/uploads\/2022\/01\/Logo_Organisator_Website.png","contentUrl":"https:\/\/www.organisator.ch\/wp-content\/uploads\/2022\/01\/Logo_Organisator_Website.png","width":800,"height":77,"caption":"Organisator"},"image":{"@id":"https:\/\/www.organisator.ch\/#\/schema\/logo\/image\/"},"sameAs":["https:\/\/www.facebook.com\/OrganisatorFachmagazin","https:\/\/www.linkedin.com\/showcase\/organisator-das-magazin-fr-kmu","https:\/\/www.xing.com\/news\/pages\/organisator-ch-695","https:\/\/www.youtube.com\/channel\/UCGP2Sq0iWaZwT3BdIAQFYpw"]},{"@type":"Person","@id":"https:\/\/www.organisator.ch\/#\/schema\/person\/6f650f90b2842cd4c0cc334b4e36f67e","name":"thomas.berner","image":{"@type":"ImageObject","inLanguage":"fr-FR","@id":"https:\/\/secure.gravatar.com\/avatar\/ac5001d2a36cb6c6cd3e50789007ffca834b477b74a2144564522e944eabff61?s=96&d=mm&r=g","url":"https:\/\/secure.gravatar.com\/avatar\/ac5001d2a36cb6c6cd3e50789007ffca834b477b74a2144564522e944eabff61?s=96&d=mm&r=g","contentUrl":"https:\/\/secure.gravatar.com\/avatar\/ac5001d2a36cb6c6cd3e50789007ffca834b477b74a2144564522e944eabff61?s=96&d=mm&r=g","caption":"thomas.berner"},"url":"https:\/\/www.organisator.ch\/fr\/author\/thomas-berner\/"}]}},"_links":{"self":[{"href":"https:\/\/www.organisator.ch\/fr\/wp-json\/wp\/v2\/posts\/7383","targetHints":{"allow":["GET"]}}],"collection":[{"href":"https:\/\/www.organisator.ch\/fr\/wp-json\/wp\/v2\/posts"}],"about":[{"href":"https:\/\/www.organisator.ch\/fr\/wp-json\/wp\/v2\/types\/post"}],"author":[{"embeddable":true,"href":"https:\/\/www.organisator.ch\/fr\/wp-json\/wp\/v2\/users\/4"}],"replies":[{"embeddable":true,"href":"https:\/\/www.organisator.ch\/fr\/wp-json\/wp\/v2\/comments?post=7383"}],"version-history":[{"count":0,"href":"https:\/\/www.organisator.ch\/fr\/wp-json\/wp\/v2\/posts\/7383\/revisions"}],"wp:featuredmedia":[{"embeddable":true,"href":"https:\/\/www.organisator.ch\/fr\/wp-json\/wp\/v2\/media\/7384"}],"wp:attachment":[{"href":"https:\/\/www.organisator.ch\/fr\/wp-json\/wp\/v2\/media?parent=7383"}],"wp:term":[{"taxonomy":"category","embeddable":true,"href":"https:\/\/www.organisator.ch\/fr\/wp-json\/wp\/v2\/categories?post=7383"},{"taxonomy":"post_tag","embeddable":true,"href":"https:\/\/www.organisator.ch\/fr\/wp-json\/wp\/v2\/tags?post=7383"}],"curies":[{"name":"wp","href":"https:\/\/api.w.org\/{rel}","templated":true}]}}