{"id":7390,"date":"2020-12-01T17:05:44","date_gmt":"2020-12-01T16:05:44","guid":{"rendered":"https:\/\/www.organisator.ch\/?p=7390"},"modified":"2020-12-01T17:05:44","modified_gmt":"2020-12-01T16:05:44","slug":"swiss21-org-neu-auch-mit-lohnbuchhaltung","status":"publish","type":"post","link":"https:\/\/www.organisator.ch\/fr\/human-resources\/hrm\/2020-12-01\/swiss21-org-neu-auch-mit-lohnbuchhaltung\/","title":{"rendered":"Swiss21.org d\u00e9sormais aussi avec la comptabilit\u00e9 salariale"},"content":{"rendered":"<figure id=\"attachment_7391\" aria-describedby=\"caption-attachment-7391\" style=\"width: 680px\" class=\"wp-caption alignnone\"><img loading=\"lazy\" decoding=\"async\" class=\"size-medium wp-image-7391\" src=\"https:\/\/www.organisator.ch\/wp-content\/uploads\/2020\/12\/Swiss21org-neu-auch-mit-Lohnbuchhaltung_Organisator.jpg\" alt=\"\" width=\"680\" height=\"301\" srcset=\"https:\/\/www.organisator.ch\/wp-content\/uploads\/2020\/12\/Swiss21org-neu-auch-mit-Lohnbuchhaltung_Organisator.jpg 680w, https:\/\/www.organisator.ch\/wp-content\/uploads\/2020\/12\/Swiss21org-neu-auch-mit-Lohnbuchhaltung_Organisator-16x7.jpg 16w, https:\/\/www.organisator.ch\/wp-content\/uploads\/2020\/12\/Swiss21org-neu-auch-mit-Lohnbuchhaltung_Organisator-375x166.jpg 375w, https:\/\/www.organisator.ch\/wp-content\/uploads\/2020\/12\/Swiss21org-neu-auch-mit-Lohnbuchhaltung_Organisator-300x133.jpg 300w\" sizes=\"auto, (max-width: 680px) 100vw, 680px\" \/><figcaption id=\"caption-attachment-7391\" class=\"wp-caption-text\">Un outil pour la comptabilit\u00e9 salariale compl\u00e8te d\u00e9sormais l'\u00e9cosyst\u00e8me de Swiss21. (Image : swiss21.org)<\/figcaption><\/figure>\n<p>Apr\u00e8s 21.AbaNinja, l'outil d\u00e9j\u00e0 bien connu pour les offres, les factures, les paiements, la comptabilit\u00e9, la saisie des temps et des prestations et bien d'autres choses encore, le logiciel pour la comptabilit\u00e9 salariale dans Swiss21 provient \u00e9galement de la maison Abacus. Le module 21.AbaSalary comprend toutes les fonctionnalit\u00e9s pour le d\u00e9compte, le paiement, l'\u00e9valuation et la comptabilisation des salaires. L'ouverture se fait rapidement et simplement depuis Swiss21. De plus, l'acc\u00e8s de la fiduciaire est \u00e9galement possible. Le 21.AbaSalary est gratuit jusqu'au d\u00e9compte de sept collaborateurs. Avec le tableau de bord de 21.AbaSalary, les entreprises ont \u00e0 tout moment une vue d'ensemble et les donn\u00e9es sont disponibles en temps r\u00e9el, fait savoir Swiss21. Les d\u00e9comptes de salaire et les certificats de salaire sont automatiquement class\u00e9s par le syst\u00e8me dans des dossiers num\u00e9riques du personnel.<\/p>\n<h2>R\u00e9gler rapidement la comptabilit\u00e9 salariale<\/h2>\n<p>Comme toutes les applications de Swiss21, 21.AbaSalary est con\u00e7u pour permettre aux petites entreprises d'effectuer leurs t\u00e2ches administratives de mani\u00e8re simple et rapide. De mani\u00e8re g\u00e9n\u00e9rale, les logiciels des entreprises doivent toujours \u00eatre \u00e0 jour pour des raisons de s\u00e9curit\u00e9. Cela vaut en particulier pour la comptabilit\u00e9 salariale : elle est soumise \u00e0 des modifications constantes en raison de la r\u00e9glementation croissante par des lois et des directives des autorit\u00e9s ainsi que des exigences \u00e9lev\u00e9es des assurances. Avec la solution cloud h\u00e9berg\u00e9e en Suisse, le logiciel de paie est toujours \u00e0 jour, quel que soit l'appareil utilis\u00e9. Swiss21 contribue ainsi \u00e0 soulager les petites entreprises dans le domaine des ressources humaines. La comptabilit\u00e9 salariale devient ainsi efficace et fiable, explique-t-on.<\/p>\n<p>Avec 21.AbaSalary, il ne s'\u00e9coule id\u00e9alement que quelques minutes entre l'ouverture et le premier d\u00e9compte de salaire. Gr\u00e2ce \u00e0 l'int\u00e9gration avec 21.AbaNinja, la comptabilit\u00e9 dans Swiss21 est \u00e9galement toujours \u00e0 jour et permet de voir \u00e0 tout moment l'\u00e9volution financi\u00e8re.<\/p>\n<h2>Durable et gratuit<\/h2>\n<p>Jusqu'\u00e0 2'100 documents\/an, 2'100 articles dans la boutique et 2'100 contacts, l'offre est gratuite pour l'entreprise. Cela garantit qu'il n'y aura pas de frais dans une phase de d\u00e9marrage et, pour les petites organisations, \u00e0 plus long terme. Les entreprises de logiciels participantes se sont engag\u00e9es \u00e0 maintenir la gratuit\u00e9 \u00e0 long terme. Si un utilisateur d\u00e9passe ces limites, jusqu'\u00e0 5'000 documents\/an, 5'000 articles ou 5'000 contacts, il sera factur\u00e9 21 CHF\/mois. Il est possible de passer \u00e0 un autre syst\u00e8me et d'exporter les donn\u00e9es. Une extension modulaire des applications est \u00e9galement possible et permet ainsi d'obtenir un syst\u00e8me global \u00e9volutif et personnalisable \u00e0 des co\u00fbts raisonnables.<\/p>\n<p>L'objectif principal de Swiss21 est de faire avancer la num\u00e9risation et de maintenir les co\u00fbts \u00e0 un niveau bas, en particulier pour les PME. L'organisation a \u00e9t\u00e9 fond\u00e9e en 2017. Walter Regli, son directeur, se r\u00e9jouit de cette nouvelle extension : \"Gr\u00e2ce \u00e0 l'ajout de la comptabilit\u00e9 salariale, Swiss21 est la solution globale la plus compl\u00e8te du march\u00e9 pour l'administration de bureau. Nous pouvons ainsi proposer aux PME un ensemble complet de logiciels de gestion. Et en plus, c'est gratuit ! L'offre est bien accueillie, nous comptons depuis peu plus de 30'000 utilisateurs sur Swiss21\".<\/p>\n<p><em>Source : <a href=\"http:\/\/www.swiss21.org\">Swiss21<\/a>\u00a0<\/em><\/p>","protected":false},"excerpt":{"rendered":"<p>Nach 21.AbaNinja, dem bereits bekannten Tool f\u00fcr Offerten, Rechnungen, Zahlungen, Buchhaltung, Zeit- und Leistungserfassung und vielem mehr, stammt auch die Software f\u00fcr die Lohnbuchhaltung in Swiss21 aus dem Hause Abacus. Das Modul 21.AbaSalary beinhaltet alle Funktionalit\u00e4ten zur Abrechnung, Bezahlung, Auswertung und Verbuchung der L\u00f6hne. Die Er\u00f6ffnung erfolgt schnell und unkompliziert aus Swiss21. Zus\u00e4tzlich ist auch [&hellip;]<\/p>\n","protected":false},"author":4,"featured_media":7391,"comment_status":"closed","ping_status":"closed","sticky":false,"template":"","format":"standard","meta":{"_acf_changed":false,"_yoast_wpseo_focuskw":"Lohnbuchhaltung","_yoast_wpseo_metadesc":"Bereits nutzen 30'000 User das kostenlose Paket von Swiss21 an Business Software. Ab sofort ist auch eine bew\u00e4hrte Lohnbuchhaltung in Swiss21 integriert.","articlekey":"","footnotes":""},"categories":[26],"tags":[156,254,288,393],"class_list":["post-7390","post","type-post","status-publish","format-standard","has-post-thumbnail","hentry","category-hrm","tag-digitalisierung","tag-hrm","tag-it-business-software","tag-produkte"],"acf":[],"yoast_head":"<!-- This site is optimized with the Yoast SEO plugin v27.4 - https:\/\/yoast.com\/product\/yoast-seo-wordpress\/ -->\n<title>Swiss21.org neu auch mit Lohnbuchhaltung - Organisator<\/title>\n<meta name=\"description\" content=\"Bereits nutzen 30&#039;000 User das kostenlose Paket von Swiss21 an Business Software. Ab sofort ist auch eine bew\u00e4hrte Lohnbuchhaltung in Swiss21 integriert.\" \/>\n<meta name=\"robots\" content=\"index, follow, max-snippet:-1, max-image-preview:large, max-video-preview:-1\" \/>\n<link rel=\"canonical\" href=\"https:\/\/www.organisator.ch\/fr\/ressources-humaines\/hrm\/2020-12-01\/swiss21-org-neu-auch-mit-lohnbuchhaltung\/\" \/>\n<meta property=\"og:locale\" content=\"fr_FR\" \/>\n<meta property=\"og:type\" content=\"article\" \/>\n<meta property=\"og:title\" content=\"Swiss21.org neu auch mit Lohnbuchhaltung\" \/>\n<meta property=\"og:description\" content=\"Bereits nutzen 30&#039;000 User das kostenlose Paket von Swiss21 an Business Software. Ab sofort ist auch eine bew\u00e4hrte Lohnbuchhaltung in Swiss21 integriert.\" \/>\n<meta property=\"og:url\" content=\"https:\/\/www.organisator.ch\/fr\/ressources-humaines\/hrm\/2020-12-01\/swiss21-org-neu-auch-mit-lohnbuchhaltung\/\" \/>\n<meta property=\"og:site_name\" content=\"Organisator\" \/>\n<meta property=\"article:publisher\" content=\"https:\/\/www.facebook.com\/OrganisatorFachmagazin\" \/>\n<meta property=\"article:published_time\" content=\"2020-12-01T16:05:44+00:00\" \/>\n<meta property=\"og:image\" content=\"https:\/\/www.organisator.ch\/wp-content\/uploads\/2020\/12\/Swiss21org-neu-auch-mit-Lohnbuchhaltung_Organisator.jpg\" \/>\n\t<meta property=\"og:image:width\" content=\"680\" \/>\n\t<meta property=\"og:image:height\" content=\"301\" \/>\n\t<meta property=\"og:image:type\" content=\"image\/jpeg\" \/>\n<meta name=\"author\" content=\"thomas.berner\" \/>\n<meta name=\"twitter:card\" content=\"summary_large_image\" \/>\n<meta name=\"twitter:title\" content=\"#Swiss21.org neu auch mit #Lohnbuchhaltung\" \/>\n<meta name=\"twitter:description\" content=\"Bereits nutzen 30&#039;000 User das kostenlose Paket von #Swiss21 an Business Software. Ab sofort ist auch eine bew\u00e4hrte #Lohnbuchhaltung in Swiss21 integriert.\" \/>\n<meta name=\"twitter:image\" content=\"https:\/\/www.organisator.ch\/wp-content\/uploads\/2020\/12\/Swiss21org-neu-auch-mit-Lohnbuchhaltung_Organisator.jpg\" \/>\n<script type=\"application\/ld+json\" class=\"yoast-schema-graph\">{\"@context\":\"https:\\\/\\\/schema.org\",\"@graph\":[{\"@type\":\"Article\",\"@id\":\"https:\\\/\\\/www.organisator.ch\\\/human-resources\\\/hrm\\\/2020-12-01\\\/swiss21-org-neu-auch-mit-lohnbuchhaltung\\\/#article\",\"isPartOf\":{\"@id\":\"https:\\\/\\\/www.organisator.ch\\\/human-resources\\\/hrm\\\/2020-12-01\\\/swiss21-org-neu-auch-mit-lohnbuchhaltung\\\/\"},\"author\":{\"name\":\"thomas.berner\",\"@id\":\"https:\\\/\\\/www.organisator.ch\\\/#\\\/schema\\\/person\\\/6f650f90b2842cd4c0cc334b4e36f67e\"},\"headline\":\"Swiss21.org neu auch mit Lohnbuchhaltung\",\"datePublished\":\"2020-12-01T16:05:44+00:00\",\"mainEntityOfPage\":{\"@id\":\"https:\\\/\\\/www.organisator.ch\\\/human-resources\\\/hrm\\\/2020-12-01\\\/swiss21-org-neu-auch-mit-lohnbuchhaltung\\\/\"},\"wordCount\":478,\"publisher\":{\"@id\":\"https:\\\/\\\/www.organisator.ch\\\/#organization\"},\"image\":{\"@id\":\"https:\\\/\\\/www.organisator.ch\\\/human-resources\\\/hrm\\\/2020-12-01\\\/swiss21-org-neu-auch-mit-lohnbuchhaltung\\\/#primaryimage\"},\"thumbnailUrl\":\"https:\\\/\\\/www.organisator.ch\\\/wp-content\\\/uploads\\\/2020\\\/12\\\/Swiss21org-neu-auch-mit-Lohnbuchhaltung_Organisator.jpg\",\"keywords\":[\"Digitalisierung\",\"HRM\",\"IT &amp; Business Software\",\"Produkte\"],\"articleSection\":[\"HRM\"],\"inLanguage\":\"fr-FR\"},{\"@type\":\"WebPage\",\"@id\":\"https:\\\/\\\/www.organisator.ch\\\/human-resources\\\/hrm\\\/2020-12-01\\\/swiss21-org-neu-auch-mit-lohnbuchhaltung\\\/\",\"url\":\"https:\\\/\\\/www.organisator.ch\\\/human-resources\\\/hrm\\\/2020-12-01\\\/swiss21-org-neu-auch-mit-lohnbuchhaltung\\\/\",\"name\":\"Swiss21.org neu auch mit Lohnbuchhaltung - Organisator\",\"isPartOf\":{\"@id\":\"https:\\\/\\\/www.organisator.ch\\\/#website\"},\"primaryImageOfPage\":{\"@id\":\"https:\\\/\\\/www.organisator.ch\\\/human-resources\\\/hrm\\\/2020-12-01\\\/swiss21-org-neu-auch-mit-lohnbuchhaltung\\\/#primaryimage\"},\"image\":{\"@id\":\"https:\\\/\\\/www.organisator.ch\\\/human-resources\\\/hrm\\\/2020-12-01\\\/swiss21-org-neu-auch-mit-lohnbuchhaltung\\\/#primaryimage\"},\"thumbnailUrl\":\"https:\\\/\\\/www.organisator.ch\\\/wp-content\\\/uploads\\\/2020\\\/12\\\/Swiss21org-neu-auch-mit-Lohnbuchhaltung_Organisator.jpg\",\"datePublished\":\"2020-12-01T16:05:44+00:00\",\"description\":\"Bereits nutzen 30'000 User das kostenlose Paket von Swiss21 an Business Software. Ab sofort ist auch eine bew\u00e4hrte Lohnbuchhaltung in Swiss21 integriert.\",\"breadcrumb\":{\"@id\":\"https:\\\/\\\/www.organisator.ch\\\/human-resources\\\/hrm\\\/2020-12-01\\\/swiss21-org-neu-auch-mit-lohnbuchhaltung\\\/#breadcrumb\"},\"inLanguage\":\"fr-FR\",\"potentialAction\":[{\"@type\":\"ReadAction\",\"target\":[\"https:\\\/\\\/www.organisator.ch\\\/human-resources\\\/hrm\\\/2020-12-01\\\/swiss21-org-neu-auch-mit-lohnbuchhaltung\\\/\"]}]},{\"@type\":\"ImageObject\",\"inLanguage\":\"fr-FR\",\"@id\":\"https:\\\/\\\/www.organisator.ch\\\/human-resources\\\/hrm\\\/2020-12-01\\\/swiss21-org-neu-auch-mit-lohnbuchhaltung\\\/#primaryimage\",\"url\":\"https:\\\/\\\/www.organisator.ch\\\/wp-content\\\/uploads\\\/2020\\\/12\\\/Swiss21org-neu-auch-mit-Lohnbuchhaltung_Organisator.jpg\",\"contentUrl\":\"https:\\\/\\\/www.organisator.ch\\\/wp-content\\\/uploads\\\/2020\\\/12\\\/Swiss21org-neu-auch-mit-Lohnbuchhaltung_Organisator.jpg\",\"width\":680,\"height\":301,\"caption\":\"Neu erg\u00e4nzt auch ein Tool f\u00fcr Lohnbuchhaltung das \u00d6kosystem von Swiss21. (Bild: swiss21.org)\"},{\"@type\":\"BreadcrumbList\",\"@id\":\"https:\\\/\\\/www.organisator.ch\\\/human-resources\\\/hrm\\\/2020-12-01\\\/swiss21-org-neu-auch-mit-lohnbuchhaltung\\\/#breadcrumb\",\"itemListElement\":[{\"@type\":\"ListItem\",\"position\":1,\"name\":\"Home\",\"item\":\"https:\\\/\\\/www.organisator.ch\\\/\"},{\"@type\":\"ListItem\",\"position\":2,\"name\":\"Swiss21.org neu auch mit Lohnbuchhaltung\"}]},{\"@type\":\"WebSite\",\"@id\":\"https:\\\/\\\/www.organisator.ch\\\/#website\",\"url\":\"https:\\\/\\\/www.organisator.ch\\\/\",\"name\":\"Organisator\",\"description\":\"Kompetent. Praxisnah. Der ORGANISATOR bereitet in 10 Ausgaben pro Jahr die wesentlichen Themen f\u00fcr F\u00fchrungskr\u00e4fte von KMU auf.\",\"publisher\":{\"@id\":\"https:\\\/\\\/www.organisator.ch\\\/#organization\"},\"potentialAction\":[{\"@type\":\"SearchAction\",\"target\":{\"@type\":\"EntryPoint\",\"urlTemplate\":\"https:\\\/\\\/www.organisator.ch\\\/?s={search_term_string}\"},\"query-input\":{\"@type\":\"PropertyValueSpecification\",\"valueRequired\":true,\"valueName\":\"search_term_string\"}}],\"inLanguage\":\"fr-FR\"},{\"@type\":\"Organization\",\"@id\":\"https:\\\/\\\/www.organisator.ch\\\/#organization\",\"name\":\"Organisator\",\"url\":\"https:\\\/\\\/www.organisator.ch\\\/\",\"logo\":{\"@type\":\"ImageObject\",\"inLanguage\":\"fr-FR\",\"@id\":\"https:\\\/\\\/www.organisator.ch\\\/#\\\/schema\\\/logo\\\/image\\\/\",\"url\":\"https:\\\/\\\/www.organisator.ch\\\/wp-content\\\/uploads\\\/2022\\\/01\\\/Logo_Organisator_Website.png\",\"contentUrl\":\"https:\\\/\\\/www.organisator.ch\\\/wp-content\\\/uploads\\\/2022\\\/01\\\/Logo_Organisator_Website.png\",\"width\":800,\"height\":77,\"caption\":\"Organisator\"},\"image\":{\"@id\":\"https:\\\/\\\/www.organisator.ch\\\/#\\\/schema\\\/logo\\\/image\\\/\"},\"sameAs\":[\"https:\\\/\\\/www.facebook.com\\\/OrganisatorFachmagazin\",\"https:\\\/\\\/www.linkedin.com\\\/showcase\\\/organisator-das-magazin-fr-kmu\",\"https:\\\/\\\/www.xing.com\\\/news\\\/pages\\\/organisator-ch-695\",\"https:\\\/\\\/www.youtube.com\\\/channel\\\/UCGP2Sq0iWaZwT3BdIAQFYpw\"]},{\"@type\":\"Person\",\"@id\":\"https:\\\/\\\/www.organisator.ch\\\/#\\\/schema\\\/person\\\/6f650f90b2842cd4c0cc334b4e36f67e\",\"name\":\"thomas.berner\",\"image\":{\"@type\":\"ImageObject\",\"inLanguage\":\"fr-FR\",\"@id\":\"https:\\\/\\\/secure.gravatar.com\\\/avatar\\\/ac5001d2a36cb6c6cd3e50789007ffca834b477b74a2144564522e944eabff61?s=96&d=mm&r=g\",\"url\":\"https:\\\/\\\/secure.gravatar.com\\\/avatar\\\/ac5001d2a36cb6c6cd3e50789007ffca834b477b74a2144564522e944eabff61?s=96&d=mm&r=g\",\"contentUrl\":\"https:\\\/\\\/secure.gravatar.com\\\/avatar\\\/ac5001d2a36cb6c6cd3e50789007ffca834b477b74a2144564522e944eabff61?s=96&d=mm&r=g\",\"caption\":\"thomas.berner\"},\"url\":\"https:\\\/\\\/www.organisator.ch\\\/fr\\\/author\\\/thomas-berner\\\/\"}]}<\/script>\n<!-- \/ Yoast SEO plugin. -->","yoast_head_json":{"title":"Swiss21.org d\u00e9sormais aussi avec la comptabilit\u00e9 salariale - Organisateur","description":"30'000 utilisateurs utilisent d\u00e9j\u00e0 le package gratuit de logiciels de gestion de Swiss21. D\u00e8s maintenant, une comptabilit\u00e9 salariale \u00e9prouv\u00e9e est \u00e9galement int\u00e9gr\u00e9e dans Swiss21.","robots":{"index":"index","follow":"follow","max-snippet":"max-snippet:-1","max-image-preview":"max-image-preview:large","max-video-preview":"max-video-preview:-1"},"canonical":"https:\/\/www.organisator.ch\/fr\/ressources-humaines\/hrm\/2020-12-01\/swiss21-org-neu-auch-mit-lohnbuchhaltung\/","og_locale":"fr_FR","og_type":"article","og_title":"Swiss21.org neu auch mit Lohnbuchhaltung","og_description":"Bereits nutzen 30'000 User das kostenlose Paket von Swiss21 an Business Software. Ab sofort ist auch eine bew\u00e4hrte Lohnbuchhaltung in Swiss21 integriert.","og_url":"https:\/\/www.organisator.ch\/fr\/ressources-humaines\/hrm\/2020-12-01\/swiss21-org-neu-auch-mit-lohnbuchhaltung\/","og_site_name":"Organisator","article_publisher":"https:\/\/www.facebook.com\/OrganisatorFachmagazin","article_published_time":"2020-12-01T16:05:44+00:00","og_image":[{"width":680,"height":301,"url":"https:\/\/www.organisator.ch\/wp-content\/uploads\/2020\/12\/Swiss21org-neu-auch-mit-Lohnbuchhaltung_Organisator.jpg","type":"image\/jpeg"}],"author":"thomas.berner","twitter_card":"summary_large_image","twitter_title":"#Swiss21.org neu auch mit #Lohnbuchhaltung","twitter_description":"Bereits nutzen 30'000 User das kostenlose Paket von #Swiss21 an Business Software. Ab sofort ist auch eine bew\u00e4hrte #Lohnbuchhaltung in Swiss21 integriert.","twitter_image":"https:\/\/www.organisator.ch\/wp-content\/uploads\/2020\/12\/Swiss21org-neu-auch-mit-Lohnbuchhaltung_Organisator.jpg","schema":{"@context":"https:\/\/schema.org","@graph":[{"@type":"Article","@id":"https:\/\/www.organisator.ch\/human-resources\/hrm\/2020-12-01\/swiss21-org-neu-auch-mit-lohnbuchhaltung\/#article","isPartOf":{"@id":"https:\/\/www.organisator.ch\/human-resources\/hrm\/2020-12-01\/swiss21-org-neu-auch-mit-lohnbuchhaltung\/"},"author":{"name":"thomas.berner","@id":"https:\/\/www.organisator.ch\/#\/schema\/person\/6f650f90b2842cd4c0cc334b4e36f67e"},"headline":"Swiss21.org neu auch mit Lohnbuchhaltung","datePublished":"2020-12-01T16:05:44+00:00","mainEntityOfPage":{"@id":"https:\/\/www.organisator.ch\/human-resources\/hrm\/2020-12-01\/swiss21-org-neu-auch-mit-lohnbuchhaltung\/"},"wordCount":478,"publisher":{"@id":"https:\/\/www.organisator.ch\/#organization"},"image":{"@id":"https:\/\/www.organisator.ch\/human-resources\/hrm\/2020-12-01\/swiss21-org-neu-auch-mit-lohnbuchhaltung\/#primaryimage"},"thumbnailUrl":"https:\/\/www.organisator.ch\/wp-content\/uploads\/2020\/12\/Swiss21org-neu-auch-mit-Lohnbuchhaltung_Organisator.jpg","keywords":["Digitalisierung","HRM","IT &amp; Business Software","Produkte"],"articleSection":["HRM"],"inLanguage":"fr-FR"},{"@type":"WebPage","@id":"https:\/\/www.organisator.ch\/human-resources\/hrm\/2020-12-01\/swiss21-org-neu-auch-mit-lohnbuchhaltung\/","url":"https:\/\/www.organisator.ch\/human-resources\/hrm\/2020-12-01\/swiss21-org-neu-auch-mit-lohnbuchhaltung\/","name":"Swiss21.org d\u00e9sormais aussi avec la comptabilit\u00e9 salariale - Organisateur","isPartOf":{"@id":"https:\/\/www.organisator.ch\/#website"},"primaryImageOfPage":{"@id":"https:\/\/www.organisator.ch\/human-resources\/hrm\/2020-12-01\/swiss21-org-neu-auch-mit-lohnbuchhaltung\/#primaryimage"},"image":{"@id":"https:\/\/www.organisator.ch\/human-resources\/hrm\/2020-12-01\/swiss21-org-neu-auch-mit-lohnbuchhaltung\/#primaryimage"},"thumbnailUrl":"https:\/\/www.organisator.ch\/wp-content\/uploads\/2020\/12\/Swiss21org-neu-auch-mit-Lohnbuchhaltung_Organisator.jpg","datePublished":"2020-12-01T16:05:44+00:00","description":"30'000 utilisateurs utilisent d\u00e9j\u00e0 le package gratuit de logiciels de gestion de Swiss21. D\u00e8s maintenant, une comptabilit\u00e9 salariale \u00e9prouv\u00e9e est \u00e9galement int\u00e9gr\u00e9e dans Swiss21.","breadcrumb":{"@id":"https:\/\/www.organisator.ch\/human-resources\/hrm\/2020-12-01\/swiss21-org-neu-auch-mit-lohnbuchhaltung\/#breadcrumb"},"inLanguage":"fr-FR","potentialAction":[{"@type":"ReadAction","target":["https:\/\/www.organisator.ch\/human-resources\/hrm\/2020-12-01\/swiss21-org-neu-auch-mit-lohnbuchhaltung\/"]}]},{"@type":"ImageObject","inLanguage":"fr-FR","@id":"https:\/\/www.organisator.ch\/human-resources\/hrm\/2020-12-01\/swiss21-org-neu-auch-mit-lohnbuchhaltung\/#primaryimage","url":"https:\/\/www.organisator.ch\/wp-content\/uploads\/2020\/12\/Swiss21org-neu-auch-mit-Lohnbuchhaltung_Organisator.jpg","contentUrl":"https:\/\/www.organisator.ch\/wp-content\/uploads\/2020\/12\/Swiss21org-neu-auch-mit-Lohnbuchhaltung_Organisator.jpg","width":680,"height":301,"caption":"Neu erg\u00e4nzt auch ein Tool f\u00fcr Lohnbuchhaltung das \u00d6kosystem von Swiss21. (Bild: swiss21.org)"},{"@type":"BreadcrumbList","@id":"https:\/\/www.organisator.ch\/human-resources\/hrm\/2020-12-01\/swiss21-org-neu-auch-mit-lohnbuchhaltung\/#breadcrumb","itemListElement":[{"@type":"ListItem","position":1,"name":"Home","item":"https:\/\/www.organisator.ch\/"},{"@type":"ListItem","position":2,"name":"Swiss21.org neu auch mit Lohnbuchhaltung"}]},{"@type":"WebSite","@id":"https:\/\/www.organisator.ch\/#website","url":"https:\/\/www.organisator.ch\/","name":"Organisateur","description":"Comp\u00e9tence et comp\u00e9tence. Proches de la pratique. L'ORGANISATEUR pr\u00e9pare 10 num\u00e9ros par an sur les th\u00e8mes essentiels pour les dirigeants de PME.","publisher":{"@id":"https:\/\/www.organisator.ch\/#organization"},"potentialAction":[{"@type":"SearchAction","target":{"@type":"EntryPoint","urlTemplate":"https:\/\/www.organisator.ch\/?s={search_term_string}"},"query-input":{"@type":"PropertyValueSpecification","valueRequired":true,"valueName":"search_term_string"}}],"inLanguage":"fr-FR"},{"@type":"Organization","@id":"https:\/\/www.organisator.ch\/#organization","name":"Organisateur","url":"https:\/\/www.organisator.ch\/","logo":{"@type":"ImageObject","inLanguage":"fr-FR","@id":"https:\/\/www.organisator.ch\/#\/schema\/logo\/image\/","url":"https:\/\/www.organisator.ch\/wp-content\/uploads\/2022\/01\/Logo_Organisator_Website.png","contentUrl":"https:\/\/www.organisator.ch\/wp-content\/uploads\/2022\/01\/Logo_Organisator_Website.png","width":800,"height":77,"caption":"Organisator"},"image":{"@id":"https:\/\/www.organisator.ch\/#\/schema\/logo\/image\/"},"sameAs":["https:\/\/www.facebook.com\/OrganisatorFachmagazin","https:\/\/www.linkedin.com\/showcase\/organisator-das-magazin-fr-kmu","https:\/\/www.xing.com\/news\/pages\/organisator-ch-695","https:\/\/www.youtube.com\/channel\/UCGP2Sq0iWaZwT3BdIAQFYpw"]},{"@type":"Person","@id":"https:\/\/www.organisator.ch\/#\/schema\/person\/6f650f90b2842cd4c0cc334b4e36f67e","name":"thomas.berner","image":{"@type":"ImageObject","inLanguage":"fr-FR","@id":"https:\/\/secure.gravatar.com\/avatar\/ac5001d2a36cb6c6cd3e50789007ffca834b477b74a2144564522e944eabff61?s=96&d=mm&r=g","url":"https:\/\/secure.gravatar.com\/avatar\/ac5001d2a36cb6c6cd3e50789007ffca834b477b74a2144564522e944eabff61?s=96&d=mm&r=g","contentUrl":"https:\/\/secure.gravatar.com\/avatar\/ac5001d2a36cb6c6cd3e50789007ffca834b477b74a2144564522e944eabff61?s=96&d=mm&r=g","caption":"thomas.berner"},"url":"https:\/\/www.organisator.ch\/fr\/author\/thomas-berner\/"}]}},"_links":{"self":[{"href":"https:\/\/www.organisator.ch\/fr\/wp-json\/wp\/v2\/posts\/7390","targetHints":{"allow":["GET"]}}],"collection":[{"href":"https:\/\/www.organisator.ch\/fr\/wp-json\/wp\/v2\/posts"}],"about":[{"href":"https:\/\/www.organisator.ch\/fr\/wp-json\/wp\/v2\/types\/post"}],"author":[{"embeddable":true,"href":"https:\/\/www.organisator.ch\/fr\/wp-json\/wp\/v2\/users\/4"}],"replies":[{"embeddable":true,"href":"https:\/\/www.organisator.ch\/fr\/wp-json\/wp\/v2\/comments?post=7390"}],"version-history":[{"count":0,"href":"https:\/\/www.organisator.ch\/fr\/wp-json\/wp\/v2\/posts\/7390\/revisions"}],"wp:featuredmedia":[{"embeddable":true,"href":"https:\/\/www.organisator.ch\/fr\/wp-json\/wp\/v2\/media\/7391"}],"wp:attachment":[{"href":"https:\/\/www.organisator.ch\/fr\/wp-json\/wp\/v2\/media?parent=7390"}],"wp:term":[{"taxonomy":"category","embeddable":true,"href":"https:\/\/www.organisator.ch\/fr\/wp-json\/wp\/v2\/categories?post=7390"},{"taxonomy":"post_tag","embeddable":true,"href":"https:\/\/www.organisator.ch\/fr\/wp-json\/wp\/v2\/tags?post=7390"}],"curies":[{"name":"wp","href":"https:\/\/api.w.org\/{rel}","templated":true}]}}