{"id":7393,"date":"2020-12-02T09:16:35","date_gmt":"2020-12-02T08:16:35","guid":{"rendered":"https:\/\/www.organisator.ch\/?p=7393"},"modified":"2020-12-02T09:16:35","modified_gmt":"2020-12-02T08:16:35","slug":"risiken-fuer-arbeitnehmer-erreichen-fuenfjahreshoch","status":"publish","type":"post","link":"https:\/\/www.organisator.ch\/fr\/management\/2020-12-02\/risiken-fuer-arbeitnehmer-erreichen-fuenfjahreshoch\/","title":{"rendered":"Les risques pour les travailleurs atteignent leur plus haut niveau depuis cinq ans"},"content":{"rendered":"<figure id=\"attachment_7395\" aria-describedby=\"caption-attachment-7395\" style=\"width: 680px\" class=\"wp-caption alignnone\"><img loading=\"lazy\" decoding=\"async\" class=\"size-medium wp-image-7395\" src=\"https:\/\/www.organisator.ch\/wp-content\/uploads\/2020\/12\/Risiken-fuer-Arbeitnehmer-erreichen-Fuenfjahreshoch_Organisator.jpg\" alt=\"\" width=\"680\" height=\"453\" srcset=\"https:\/\/www.organisator.ch\/wp-content\/uploads\/2020\/12\/Risiken-fuer-Arbeitnehmer-erreichen-Fuenfjahreshoch_Organisator.jpg 680w, https:\/\/www.organisator.ch\/wp-content\/uploads\/2020\/12\/Risiken-fuer-Arbeitnehmer-erreichen-Fuenfjahreshoch_Organisator-16x12.jpg 16w, https:\/\/www.organisator.ch\/wp-content\/uploads\/2020\/12\/Risiken-fuer-Arbeitnehmer-erreichen-Fuenfjahreshoch_Organisator-263x175.jpg 263w, https:\/\/www.organisator.ch\/wp-content\/uploads\/2020\/12\/Risiken-fuer-Arbeitnehmer-erreichen-Fuenfjahreshoch_Organisator-525x350.jpg 525w, https:\/\/www.organisator.ch\/wp-content\/uploads\/2020\/12\/Risiken-fuer-Arbeitnehmer-erreichen-Fuenfjahreshoch_Organisator-300x200.jpg 300w\" sizes=\"auto, (max-width: 680px) 100vw, 680px\" \/><figcaption id=\"caption-attachment-7395\" class=\"wp-caption-text\">Les risques pour les travailleurs augmentent - \u00e9clips\u00e9s par Covid-19. (Image : Pixabay.com)<\/figcaption><\/figure>\n<p>Chaque ann\u00e9e, l'\u00e9tude International SOS Risk Outlook examine les risques encourus par les travailleurs et met en \u00e9vidence les lacunes en mati\u00e8re de protection de la sant\u00e9 et de la s\u00e9curit\u00e9 des employ\u00e9s. Il s'agit notamment de la perception des risques, de la sant\u00e9 mentale, des effets sur la productivit\u00e9 et des d\u00e9fis op\u00e9rationnels. Les conclusions du Workforce Resilience Council (un groupe d'experts repr\u00e9sentatifs de tous les domaines de la sant\u00e9, de la s\u00e9curit\u00e9 et de l'hygi\u00e8ne au travail) et les nombreuses donn\u00e9es consolid\u00e9es d'International SOS avec le soutien de ses clients ont \u00e9galement \u00e9t\u00e9 prises en compte dans cette \u00e9tude. Les principaux r\u00e9sultats de l'\u00e9tude montrent une chose : Covid-19 \u00e9clipse tout.<\/p>\n<h2>Les risques pour les travailleurs devraient encore augmenter en 2021<\/h2>\n<p>Environ huit participants \u00e0 l'enqu\u00eate sur dix indiquent que les risques pour la sant\u00e9 et la s\u00e9curit\u00e9 des collaborateurs ont augment\u00e9 en 2020. Cela concerne les collaborateurs locaux sur le site de l'entreprise (85 pour cent d'accord), les travailleurs d\u00e9tach\u00e9s\/expatri\u00e9s (81 pour cent), les voyageurs d'affaires (79 pour cent) et les collaborateurs sur les sites de projets et chantiers isol\u00e9s (77 pour cent). Plus de la moiti\u00e9 des personnes interrog\u00e9es s'attendent \u00e0 ce que cela augmente encore en 2021.<\/p>\n<p>L'estimation que les risques ont augment\u00e9 va de pair avec une baisse de confiance dans les gouvernements locaux et les autorit\u00e9s sanitaires. Un tiers (31 %) des professionnels interrog\u00e9s consid\u00e8rent cela comme un d\u00e9fi majeur - surtout en Am\u00e9rique du Nord et du Sud (40 %). Ce n'est que pour les voyageurs d'affaires que l'estimation que les risques ont augment\u00e9 a d\u00e9j\u00e0 atteint une valeur \u00e9lev\u00e9e par le pass\u00e9 (72 pour cent en 2016). A l'\u00e9poque, l'accent avait peut-\u00eatre \u00e9t\u00e9 mis sur les attentats terroristes dans des lieux consid\u00e9r\u00e9s auparavant comme s\u00fbrs. En 2018, l'opinion selon laquelle les risques ont augment\u00e9 a de nouveau re\u00e7u moins d'approbation (47 pour cent) avant d'atteindre la valeur actuelle de 79 pour cent. \"La pand\u00e9mie Covid-19 a d\u00e9clench\u00e9 une triple crise : de sant\u00e9 publique, g\u00e9opolitique et \u00e9conomique. Toutes trois affectent les effectifs et les affaires au niveau mondial\", explique le Dr Stefan Esser, directeur m\u00e9dical pour l'Europe centrale chez International SOS. La situation est aggrav\u00e9e par une infod\u00e9pendance dans un monde de plus en plus complexe, poursuit Stefan Esser. Les entreprises devraient en outre travailler davantage \u00e0 remplir leur devoir d'assistance. \"De la m\u00eame mani\u00e8re que le 11 septembre 2001 a chang\u00e9 le regard des employeurs sur le devoir d'assistance et les questions de s\u00e9curit\u00e9, la<br \/>\nUne pand\u00e9mie peut changer durablement la mani\u00e8re dont les employeurs consid\u00e8rent les risques pour la sant\u00e9 de leur personnel\", estime Stefan Esser.<\/p>\n<h2>Les lunettes Covid-19 font passer les autres risques au second plan<\/h2>\n<p>La majorit\u00e9 des professionnels interrog\u00e9s pensent que les maladies infectieuses (comme le Covid-19, la malaria, la dengue, Ebola, Zika, etc.) entra\u00eeneront une baisse de la productivit\u00e9 des employ\u00e9s l'ann\u00e9e prochaine. Une personne interrog\u00e9e sur trois s'attend \u00e0 ce que les atteintes \u00e0 la sant\u00e9 mentale y contribuent \u00e9galement. Les experts du Workforce Resilience Council pr\u00e9voient m\u00eame que les probl\u00e8mes de sant\u00e9 mentale d\u00e9passeront Covid-19 l'ann\u00e9e prochaine.<\/p>\n<p>D'autres risques perdent \u00e9galement de l'importance pour bon nombre des personnes interrog\u00e9es, par exemple les \u00e9valuations des risques par pays dans le monde, les questions de s\u00e9curit\u00e9 routi\u00e8re et les menaces de s\u00e9curit\u00e9. Les personnes interrog\u00e9es ayant des responsabilit\u00e9s en mati\u00e8re de voyages d'affaires ont cit\u00e9 les \"menaces g\u00e9opolitiques\" (30 %), les \"troubles\" (25 %) et les \"menaces de s\u00e9curit\u00e9\" (32 %) bien moins souvent que l'ann\u00e9e pr\u00e9c\u00e9dente (respectivement 52, 52 et 68 %). \"Les r\u00e9sultats montrent que le Covid-19 est tr\u00e8s fortement mis en avant et que les autres risques sont rel\u00e9gu\u00e9s au second plan, dans des proportions potentiellement dangereuses pour les affaires\", explique Gautier Porot, Security Director Suisse et Italie chez International SOS. \"En effet, la pand\u00e9mie a exacerb\u00e9 les questions de s\u00e9curit\u00e9, notamment en ce qui concerne les troubles et les protestations politiques. De la m\u00eame mani\u00e8re, la criminalit\u00e9 a augment\u00e9 dans certains endroits, et nous n'en sommes qu'au d\u00e9but de la crise socio-\u00e9conomique et sanitaire.<br \/>\ncons\u00e9quences psychologiques de la crise Covid-19. Parall\u00e8lement, la gestion des grandes menaces telles que les catastrophes naturelles devient de plus en plus complexe, car il faut tenir compte du Covid-19 et des restrictions de voyage en constante \u00e9volution\".<\/p>\n<h2>Les cinq principaux d\u00e9fis pour les entreprises<\/h2>\n<p>En garantissant la sant\u00e9 et la s\u00e9curit\u00e9 de leurs collaborateurs, les entreprises sont confront\u00e9es \u00e0 diff\u00e9rents d\u00e9fis. L'enqu\u00eate a r\u00e9v\u00e9l\u00e9 les difficult\u00e9s suivantes :<\/p>\n<ol>\n<li>Ressources suffisantes pour g\u00e9rer le Covid-19 : 54 %,<\/li>\n<li>Acc\u00e8s \u00e0 des informations fiables et actualis\u00e9es sur les questions de sant\u00e9 et de s\u00e9curit\u00e9 : 40 %,<\/li>\n<li>Information des collaborateurs sur les risques actuels : 35 %,<\/li>\n<li>G\u00e9rer le stress pour la sant\u00e9 mentale : 33 %,<\/li>\n<li>Communiquer pendant une crise : 33 %.<\/li>\n<\/ol>\n<p>Dans ces cinq domaines, les organisations sont appel\u00e9es \u00e0 d\u00e9velopper des strat\u00e9gies appropri\u00e9es afin de garantir la meilleure protection possible \u00e0 leurs collaborateurs.<\/p>\n<p><em>Source : <a href=\"http:\/\/www.internationalsos.com\">SOS international<\/a><\/em><\/p>","protected":false},"excerpt":{"rendered":"<p>J\u00e4hrlich untersucht die Studie International SOS Risk Outlook die Risiken f\u00fcr Arbeitnehmer und zeigt dabei L\u00fccken im Schutz der Gesundheit und Sicherheit von Mitarbeitern auf. Dazu z\u00e4hlen etwa die Risikowahrnehmung, psychische Gesundheit, Auswirkungen auf die Produktivit\u00e4t und betriebliche Herausforderungen. Ebenso fliessen Erkenntnisse des Workforce Resilience Council (einem Gremium von repr\u00e4sentativen Experten aller Gesundheits-, Sicherheits- und [&hellip;]<\/p>\n","protected":false},"author":4,"featured_media":7395,"comment_status":"closed","ping_status":"closed","sticky":false,"template":"","format":"standard","meta":{"_acf_changed":false,"_yoast_wpseo_focuskw":"Risiken f\u00fcr Arbeitnehmer","_yoast_wpseo_metadesc":"Die Risiken f\u00fcr Arbeitnehmer auf der ganzen Welt haben das h\u00f6chste Niveau seit 2016 erreicht, so der International SOS Risk Outlook 2021.","articlekey":"","footnotes":""},"categories":[28],"tags":[77,132,418,459],"class_list":["post-7393","post","type-post","status-publish","format-standard","has-post-thumbnail","hentry","category-management","tag-betriebliches-gesundheitsmanagement","tag-coronavirus","tag-risikomanagement","tag-studie"],"acf":[],"yoast_head":"<!-- This site is optimized with the Yoast SEO plugin v27.4 - https:\/\/yoast.com\/product\/yoast-seo-wordpress\/ -->\n<title>Risiken f\u00fcr Arbeitnehmer erreichen F\u00fcnfjahreshoch - Organisator<\/title>\n<meta name=\"description\" content=\"Die Risiken f\u00fcr Arbeitnehmer auf der ganzen Welt haben das h\u00f6chste Niveau seit 2016 erreicht, so der International SOS Risk Outlook 2021.\" \/>\n<meta name=\"robots\" content=\"index, follow, max-snippet:-1, max-image-preview:large, max-video-preview:-1\" \/>\n<link rel=\"canonical\" href=\"https:\/\/www.organisator.ch\/fr\/gestion-2\/2020-12-02\/risiken-fuer-arbeitnehmer-erreichen-fuenfjahreshoch\/\" \/>\n<meta property=\"og:locale\" content=\"fr_FR\" \/>\n<meta property=\"og:type\" content=\"article\" \/>\n<meta property=\"og:title\" content=\"Risiken f\u00fcr Arbeitnehmer erreichen F\u00fcnfjahreshoch\" \/>\n<meta property=\"og:description\" content=\"Die Risiken f\u00fcr Arbeitnehmer auf der ganzen Welt haben das h\u00f6chste Niveau seit 2016 erreicht, so der International SOS Risk Outlook 2021.\" \/>\n<meta property=\"og:url\" content=\"https:\/\/www.organisator.ch\/fr\/gestion-2\/2020-12-02\/risiken-fuer-arbeitnehmer-erreichen-fuenfjahreshoch\/\" \/>\n<meta property=\"og:site_name\" content=\"Organisator\" \/>\n<meta property=\"article:publisher\" content=\"https:\/\/www.facebook.com\/OrganisatorFachmagazin\" \/>\n<meta property=\"article:published_time\" content=\"2020-12-02T08:16:35+00:00\" \/>\n<meta property=\"og:image\" content=\"https:\/\/www.organisator.ch\/wp-content\/uploads\/2020\/12\/Risiken-fuer-Arbeitnehmer-erreichen-Fuenfjahreshoch_Organisator.jpg\" \/>\n\t<meta property=\"og:image:width\" content=\"680\" \/>\n\t<meta property=\"og:image:height\" content=\"453\" \/>\n\t<meta property=\"og:image:type\" content=\"image\/jpeg\" \/>\n<meta name=\"author\" content=\"thomas.berner\" \/>\n<meta name=\"twitter:card\" content=\"summary_large_image\" \/>\n<meta name=\"twitter:title\" content=\"#Risiken f\u00fcr Arbeitnehmer erreichen #F\u00fcnfjahreshoch\" \/>\n<meta name=\"twitter:description\" content=\"Die #Risiken f\u00fcr Arbeitnehmer auf der ganzen Welt haben das h\u00f6chste Niveau seit 2016 erreicht, so der International #SOS Risk Outlook 2021.\" \/>\n<meta name=\"twitter:image\" content=\"https:\/\/www.organisator.ch\/wp-content\/uploads\/2020\/12\/Risiken-fuer-Arbeitnehmer-erreichen-Fuenfjahreshoch_Organisator.jpg\" \/>\n<script type=\"application\/ld+json\" class=\"yoast-schema-graph\">{\"@context\":\"https:\\\/\\\/schema.org\",\"@graph\":[{\"@type\":\"Article\",\"@id\":\"https:\\\/\\\/www.organisator.ch\\\/management\\\/2020-12-02\\\/risiken-fuer-arbeitnehmer-erreichen-fuenfjahreshoch\\\/#article\",\"isPartOf\":{\"@id\":\"https:\\\/\\\/www.organisator.ch\\\/management\\\/2020-12-02\\\/risiken-fuer-arbeitnehmer-erreichen-fuenfjahreshoch\\\/\"},\"author\":{\"name\":\"thomas.berner\",\"@id\":\"https:\\\/\\\/www.organisator.ch\\\/#\\\/schema\\\/person\\\/6f650f90b2842cd4c0cc334b4e36f67e\"},\"headline\":\"Risiken f\u00fcr Arbeitnehmer erreichen F\u00fcnfjahreshoch\",\"datePublished\":\"2020-12-02T08:16:35+00:00\",\"mainEntityOfPage\":{\"@id\":\"https:\\\/\\\/www.organisator.ch\\\/management\\\/2020-12-02\\\/risiken-fuer-arbeitnehmer-erreichen-fuenfjahreshoch\\\/\"},\"wordCount\":711,\"publisher\":{\"@id\":\"https:\\\/\\\/www.organisator.ch\\\/#organization\"},\"image\":{\"@id\":\"https:\\\/\\\/www.organisator.ch\\\/management\\\/2020-12-02\\\/risiken-fuer-arbeitnehmer-erreichen-fuenfjahreshoch\\\/#primaryimage\"},\"thumbnailUrl\":\"https:\\\/\\\/www.organisator.ch\\\/wp-content\\\/uploads\\\/2020\\\/12\\\/Risiken-fuer-Arbeitnehmer-erreichen-Fuenfjahreshoch_Organisator.jpg\",\"keywords\":[\"Betriebliches Gesundheitsmanagement\",\"Coronavirus\",\"Risikomanagement\",\"Studie\"],\"articleSection\":[\"MANAGEMENT\"],\"inLanguage\":\"fr-FR\"},{\"@type\":\"WebPage\",\"@id\":\"https:\\\/\\\/www.organisator.ch\\\/management\\\/2020-12-02\\\/risiken-fuer-arbeitnehmer-erreichen-fuenfjahreshoch\\\/\",\"url\":\"https:\\\/\\\/www.organisator.ch\\\/management\\\/2020-12-02\\\/risiken-fuer-arbeitnehmer-erreichen-fuenfjahreshoch\\\/\",\"name\":\"Risiken f\u00fcr Arbeitnehmer erreichen F\u00fcnfjahreshoch - Organisator\",\"isPartOf\":{\"@id\":\"https:\\\/\\\/www.organisator.ch\\\/#website\"},\"primaryImageOfPage\":{\"@id\":\"https:\\\/\\\/www.organisator.ch\\\/management\\\/2020-12-02\\\/risiken-fuer-arbeitnehmer-erreichen-fuenfjahreshoch\\\/#primaryimage\"},\"image\":{\"@id\":\"https:\\\/\\\/www.organisator.ch\\\/management\\\/2020-12-02\\\/risiken-fuer-arbeitnehmer-erreichen-fuenfjahreshoch\\\/#primaryimage\"},\"thumbnailUrl\":\"https:\\\/\\\/www.organisator.ch\\\/wp-content\\\/uploads\\\/2020\\\/12\\\/Risiken-fuer-Arbeitnehmer-erreichen-Fuenfjahreshoch_Organisator.jpg\",\"datePublished\":\"2020-12-02T08:16:35+00:00\",\"description\":\"Die Risiken f\u00fcr Arbeitnehmer auf der ganzen Welt haben das h\u00f6chste Niveau seit 2016 erreicht, so der International SOS Risk Outlook 2021.\",\"breadcrumb\":{\"@id\":\"https:\\\/\\\/www.organisator.ch\\\/management\\\/2020-12-02\\\/risiken-fuer-arbeitnehmer-erreichen-fuenfjahreshoch\\\/#breadcrumb\"},\"inLanguage\":\"fr-FR\",\"potentialAction\":[{\"@type\":\"ReadAction\",\"target\":[\"https:\\\/\\\/www.organisator.ch\\\/management\\\/2020-12-02\\\/risiken-fuer-arbeitnehmer-erreichen-fuenfjahreshoch\\\/\"]}]},{\"@type\":\"ImageObject\",\"inLanguage\":\"fr-FR\",\"@id\":\"https:\\\/\\\/www.organisator.ch\\\/management\\\/2020-12-02\\\/risiken-fuer-arbeitnehmer-erreichen-fuenfjahreshoch\\\/#primaryimage\",\"url\":\"https:\\\/\\\/www.organisator.ch\\\/wp-content\\\/uploads\\\/2020\\\/12\\\/Risiken-fuer-Arbeitnehmer-erreichen-Fuenfjahreshoch_Organisator.jpg\",\"contentUrl\":\"https:\\\/\\\/www.organisator.ch\\\/wp-content\\\/uploads\\\/2020\\\/12\\\/Risiken-fuer-Arbeitnehmer-erreichen-Fuenfjahreshoch_Organisator.jpg\",\"width\":680,\"height\":453,\"caption\":\"Die Risiken f\u00fcr Arbeitnehmer nehmen zu - \u00fcberschattet von Covid-19. (Bild: Pixabay.com)\"},{\"@type\":\"BreadcrumbList\",\"@id\":\"https:\\\/\\\/www.organisator.ch\\\/management\\\/2020-12-02\\\/risiken-fuer-arbeitnehmer-erreichen-fuenfjahreshoch\\\/#breadcrumb\",\"itemListElement\":[{\"@type\":\"ListItem\",\"position\":1,\"name\":\"Home\",\"item\":\"https:\\\/\\\/www.organisator.ch\\\/\"},{\"@type\":\"ListItem\",\"position\":2,\"name\":\"Risiken f\u00fcr Arbeitnehmer erreichen F\u00fcnfjahreshoch\"}]},{\"@type\":\"WebSite\",\"@id\":\"https:\\\/\\\/www.organisator.ch\\\/#website\",\"url\":\"https:\\\/\\\/www.organisator.ch\\\/\",\"name\":\"Organisator\",\"description\":\"Kompetent. Praxisnah. Der ORGANISATOR bereitet in 10 Ausgaben pro Jahr die wesentlichen Themen f\u00fcr F\u00fchrungskr\u00e4fte von KMU auf.\",\"publisher\":{\"@id\":\"https:\\\/\\\/www.organisator.ch\\\/#organization\"},\"potentialAction\":[{\"@type\":\"SearchAction\",\"target\":{\"@type\":\"EntryPoint\",\"urlTemplate\":\"https:\\\/\\\/www.organisator.ch\\\/?s={search_term_string}\"},\"query-input\":{\"@type\":\"PropertyValueSpecification\",\"valueRequired\":true,\"valueName\":\"search_term_string\"}}],\"inLanguage\":\"fr-FR\"},{\"@type\":\"Organization\",\"@id\":\"https:\\\/\\\/www.organisator.ch\\\/#organization\",\"name\":\"Organisator\",\"url\":\"https:\\\/\\\/www.organisator.ch\\\/\",\"logo\":{\"@type\":\"ImageObject\",\"inLanguage\":\"fr-FR\",\"@id\":\"https:\\\/\\\/www.organisator.ch\\\/#\\\/schema\\\/logo\\\/image\\\/\",\"url\":\"https:\\\/\\\/www.organisator.ch\\\/wp-content\\\/uploads\\\/2022\\\/01\\\/Logo_Organisator_Website.png\",\"contentUrl\":\"https:\\\/\\\/www.organisator.ch\\\/wp-content\\\/uploads\\\/2022\\\/01\\\/Logo_Organisator_Website.png\",\"width\":800,\"height\":77,\"caption\":\"Organisator\"},\"image\":{\"@id\":\"https:\\\/\\\/www.organisator.ch\\\/#\\\/schema\\\/logo\\\/image\\\/\"},\"sameAs\":[\"https:\\\/\\\/www.facebook.com\\\/OrganisatorFachmagazin\",\"https:\\\/\\\/www.linkedin.com\\\/showcase\\\/organisator-das-magazin-fr-kmu\",\"https:\\\/\\\/www.xing.com\\\/news\\\/pages\\\/organisator-ch-695\",\"https:\\\/\\\/www.youtube.com\\\/channel\\\/UCGP2Sq0iWaZwT3BdIAQFYpw\"]},{\"@type\":\"Person\",\"@id\":\"https:\\\/\\\/www.organisator.ch\\\/#\\\/schema\\\/person\\\/6f650f90b2842cd4c0cc334b4e36f67e\",\"name\":\"thomas.berner\",\"image\":{\"@type\":\"ImageObject\",\"inLanguage\":\"fr-FR\",\"@id\":\"https:\\\/\\\/secure.gravatar.com\\\/avatar\\\/ac5001d2a36cb6c6cd3e50789007ffca834b477b74a2144564522e944eabff61?s=96&d=mm&r=g\",\"url\":\"https:\\\/\\\/secure.gravatar.com\\\/avatar\\\/ac5001d2a36cb6c6cd3e50789007ffca834b477b74a2144564522e944eabff61?s=96&d=mm&r=g\",\"contentUrl\":\"https:\\\/\\\/secure.gravatar.com\\\/avatar\\\/ac5001d2a36cb6c6cd3e50789007ffca834b477b74a2144564522e944eabff61?s=96&d=mm&r=g\",\"caption\":\"thomas.berner\"},\"url\":\"https:\\\/\\\/www.organisator.ch\\\/fr\\\/author\\\/thomas-berner\\\/\"}]}<\/script>\n<!-- \/ Yoast SEO plugin. -->","yoast_head_json":{"title":"Les risques pour les travailleurs atteignent leur plus haut niveau depuis cinq ans - Organisateur","description":"Les risques pour les travailleurs du monde entier ont atteint leur plus haut niveau depuis 2016, selon l'International SOS Risk Outlook 2021.","robots":{"index":"index","follow":"follow","max-snippet":"max-snippet:-1","max-image-preview":"max-image-preview:large","max-video-preview":"max-video-preview:-1"},"canonical":"https:\/\/www.organisator.ch\/fr\/gestion-2\/2020-12-02\/risiken-fuer-arbeitnehmer-erreichen-fuenfjahreshoch\/","og_locale":"fr_FR","og_type":"article","og_title":"Risiken f\u00fcr Arbeitnehmer erreichen F\u00fcnfjahreshoch","og_description":"Die Risiken f\u00fcr Arbeitnehmer auf der ganzen Welt haben das h\u00f6chste Niveau seit 2016 erreicht, so der International SOS Risk Outlook 2021.","og_url":"https:\/\/www.organisator.ch\/fr\/gestion-2\/2020-12-02\/risiken-fuer-arbeitnehmer-erreichen-fuenfjahreshoch\/","og_site_name":"Organisator","article_publisher":"https:\/\/www.facebook.com\/OrganisatorFachmagazin","article_published_time":"2020-12-02T08:16:35+00:00","og_image":[{"width":680,"height":453,"url":"https:\/\/www.organisator.ch\/wp-content\/uploads\/2020\/12\/Risiken-fuer-Arbeitnehmer-erreichen-Fuenfjahreshoch_Organisator.jpg","type":"image\/jpeg"}],"author":"thomas.berner","twitter_card":"summary_large_image","twitter_title":"#Risiken f\u00fcr Arbeitnehmer erreichen #F\u00fcnfjahreshoch","twitter_description":"Die #Risiken f\u00fcr Arbeitnehmer auf der ganzen Welt haben das h\u00f6chste Niveau seit 2016 erreicht, so der International #SOS Risk Outlook 2021.","twitter_image":"https:\/\/www.organisator.ch\/wp-content\/uploads\/2020\/12\/Risiken-fuer-Arbeitnehmer-erreichen-Fuenfjahreshoch_Organisator.jpg","schema":{"@context":"https:\/\/schema.org","@graph":[{"@type":"Article","@id":"https:\/\/www.organisator.ch\/management\/2020-12-02\/risiken-fuer-arbeitnehmer-erreichen-fuenfjahreshoch\/#article","isPartOf":{"@id":"https:\/\/www.organisator.ch\/management\/2020-12-02\/risiken-fuer-arbeitnehmer-erreichen-fuenfjahreshoch\/"},"author":{"name":"thomas.berner","@id":"https:\/\/www.organisator.ch\/#\/schema\/person\/6f650f90b2842cd4c0cc334b4e36f67e"},"headline":"Risiken f\u00fcr Arbeitnehmer erreichen F\u00fcnfjahreshoch","datePublished":"2020-12-02T08:16:35+00:00","mainEntityOfPage":{"@id":"https:\/\/www.organisator.ch\/management\/2020-12-02\/risiken-fuer-arbeitnehmer-erreichen-fuenfjahreshoch\/"},"wordCount":711,"publisher":{"@id":"https:\/\/www.organisator.ch\/#organization"},"image":{"@id":"https:\/\/www.organisator.ch\/management\/2020-12-02\/risiken-fuer-arbeitnehmer-erreichen-fuenfjahreshoch\/#primaryimage"},"thumbnailUrl":"https:\/\/www.organisator.ch\/wp-content\/uploads\/2020\/12\/Risiken-fuer-Arbeitnehmer-erreichen-Fuenfjahreshoch_Organisator.jpg","keywords":["Betriebliches Gesundheitsmanagement","Coronavirus","Risikomanagement","Studie"],"articleSection":["MANAGEMENT"],"inLanguage":"fr-FR"},{"@type":"WebPage","@id":"https:\/\/www.organisator.ch\/management\/2020-12-02\/risiken-fuer-arbeitnehmer-erreichen-fuenfjahreshoch\/","url":"https:\/\/www.organisator.ch\/management\/2020-12-02\/risiken-fuer-arbeitnehmer-erreichen-fuenfjahreshoch\/","name":"Les risques pour les travailleurs atteignent leur plus haut niveau depuis cinq ans - Organisateur","isPartOf":{"@id":"https:\/\/www.organisator.ch\/#website"},"primaryImageOfPage":{"@id":"https:\/\/www.organisator.ch\/management\/2020-12-02\/risiken-fuer-arbeitnehmer-erreichen-fuenfjahreshoch\/#primaryimage"},"image":{"@id":"https:\/\/www.organisator.ch\/management\/2020-12-02\/risiken-fuer-arbeitnehmer-erreichen-fuenfjahreshoch\/#primaryimage"},"thumbnailUrl":"https:\/\/www.organisator.ch\/wp-content\/uploads\/2020\/12\/Risiken-fuer-Arbeitnehmer-erreichen-Fuenfjahreshoch_Organisator.jpg","datePublished":"2020-12-02T08:16:35+00:00","description":"Les risques pour les travailleurs du monde entier ont atteint leur plus haut niveau depuis 2016, selon l'International SOS Risk Outlook 2021.","breadcrumb":{"@id":"https:\/\/www.organisator.ch\/management\/2020-12-02\/risiken-fuer-arbeitnehmer-erreichen-fuenfjahreshoch\/#breadcrumb"},"inLanguage":"fr-FR","potentialAction":[{"@type":"ReadAction","target":["https:\/\/www.organisator.ch\/management\/2020-12-02\/risiken-fuer-arbeitnehmer-erreichen-fuenfjahreshoch\/"]}]},{"@type":"ImageObject","inLanguage":"fr-FR","@id":"https:\/\/www.organisator.ch\/management\/2020-12-02\/risiken-fuer-arbeitnehmer-erreichen-fuenfjahreshoch\/#primaryimage","url":"https:\/\/www.organisator.ch\/wp-content\/uploads\/2020\/12\/Risiken-fuer-Arbeitnehmer-erreichen-Fuenfjahreshoch_Organisator.jpg","contentUrl":"https:\/\/www.organisator.ch\/wp-content\/uploads\/2020\/12\/Risiken-fuer-Arbeitnehmer-erreichen-Fuenfjahreshoch_Organisator.jpg","width":680,"height":453,"caption":"Die Risiken f\u00fcr Arbeitnehmer nehmen zu - \u00fcberschattet von Covid-19. (Bild: Pixabay.com)"},{"@type":"BreadcrumbList","@id":"https:\/\/www.organisator.ch\/management\/2020-12-02\/risiken-fuer-arbeitnehmer-erreichen-fuenfjahreshoch\/#breadcrumb","itemListElement":[{"@type":"ListItem","position":1,"name":"Home","item":"https:\/\/www.organisator.ch\/"},{"@type":"ListItem","position":2,"name":"Risiken f\u00fcr Arbeitnehmer erreichen F\u00fcnfjahreshoch"}]},{"@type":"WebSite","@id":"https:\/\/www.organisator.ch\/#website","url":"https:\/\/www.organisator.ch\/","name":"Organisateur","description":"Comp\u00e9tence et comp\u00e9tence. Proches de la pratique. L'ORGANISATEUR pr\u00e9pare 10 num\u00e9ros par an sur les th\u00e8mes essentiels pour les dirigeants de PME.","publisher":{"@id":"https:\/\/www.organisator.ch\/#organization"},"potentialAction":[{"@type":"SearchAction","target":{"@type":"EntryPoint","urlTemplate":"https:\/\/www.organisator.ch\/?s={search_term_string}"},"query-input":{"@type":"PropertyValueSpecification","valueRequired":true,"valueName":"search_term_string"}}],"inLanguage":"fr-FR"},{"@type":"Organization","@id":"https:\/\/www.organisator.ch\/#organization","name":"Organisateur","url":"https:\/\/www.organisator.ch\/","logo":{"@type":"ImageObject","inLanguage":"fr-FR","@id":"https:\/\/www.organisator.ch\/#\/schema\/logo\/image\/","url":"https:\/\/www.organisator.ch\/wp-content\/uploads\/2022\/01\/Logo_Organisator_Website.png","contentUrl":"https:\/\/www.organisator.ch\/wp-content\/uploads\/2022\/01\/Logo_Organisator_Website.png","width":800,"height":77,"caption":"Organisator"},"image":{"@id":"https:\/\/www.organisator.ch\/#\/schema\/logo\/image\/"},"sameAs":["https:\/\/www.facebook.com\/OrganisatorFachmagazin","https:\/\/www.linkedin.com\/showcase\/organisator-das-magazin-fr-kmu","https:\/\/www.xing.com\/news\/pages\/organisator-ch-695","https:\/\/www.youtube.com\/channel\/UCGP2Sq0iWaZwT3BdIAQFYpw"]},{"@type":"Person","@id":"https:\/\/www.organisator.ch\/#\/schema\/person\/6f650f90b2842cd4c0cc334b4e36f67e","name":"thomas.berner","image":{"@type":"ImageObject","inLanguage":"fr-FR","@id":"https:\/\/secure.gravatar.com\/avatar\/ac5001d2a36cb6c6cd3e50789007ffca834b477b74a2144564522e944eabff61?s=96&d=mm&r=g","url":"https:\/\/secure.gravatar.com\/avatar\/ac5001d2a36cb6c6cd3e50789007ffca834b477b74a2144564522e944eabff61?s=96&d=mm&r=g","contentUrl":"https:\/\/secure.gravatar.com\/avatar\/ac5001d2a36cb6c6cd3e50789007ffca834b477b74a2144564522e944eabff61?s=96&d=mm&r=g","caption":"thomas.berner"},"url":"https:\/\/www.organisator.ch\/fr\/author\/thomas-berner\/"}]}},"_links":{"self":[{"href":"https:\/\/www.organisator.ch\/fr\/wp-json\/wp\/v2\/posts\/7393","targetHints":{"allow":["GET"]}}],"collection":[{"href":"https:\/\/www.organisator.ch\/fr\/wp-json\/wp\/v2\/posts"}],"about":[{"href":"https:\/\/www.organisator.ch\/fr\/wp-json\/wp\/v2\/types\/post"}],"author":[{"embeddable":true,"href":"https:\/\/www.organisator.ch\/fr\/wp-json\/wp\/v2\/users\/4"}],"replies":[{"embeddable":true,"href":"https:\/\/www.organisator.ch\/fr\/wp-json\/wp\/v2\/comments?post=7393"}],"version-history":[{"count":0,"href":"https:\/\/www.organisator.ch\/fr\/wp-json\/wp\/v2\/posts\/7393\/revisions"}],"wp:featuredmedia":[{"embeddable":true,"href":"https:\/\/www.organisator.ch\/fr\/wp-json\/wp\/v2\/media\/7395"}],"wp:attachment":[{"href":"https:\/\/www.organisator.ch\/fr\/wp-json\/wp\/v2\/media?parent=7393"}],"wp:term":[{"taxonomy":"category","embeddable":true,"href":"https:\/\/www.organisator.ch\/fr\/wp-json\/wp\/v2\/categories?post=7393"},{"taxonomy":"post_tag","embeddable":true,"href":"https:\/\/www.organisator.ch\/fr\/wp-json\/wp\/v2\/tags?post=7393"}],"curies":[{"name":"wp","href":"https:\/\/api.w.org\/{rel}","templated":true}]}}