{"id":7405,"date":"2020-12-04T13:27:37","date_gmt":"2020-12-04T12:27:37","guid":{"rendered":"https:\/\/www.organisator.ch\/?p=7405"},"modified":"2020-12-04T13:27:37","modified_gmt":"2020-12-04T12:27:37","slug":"entrepreneur-award-2020-ausgezeichnete-kleinstunternehmen","status":"publish","type":"post","link":"https:\/\/www.organisator.ch\/fr\/management\/2020-12-04\/entrepreneur-award-2020-ausgezeichnete-kleinstunternehmen\/","title":{"rendered":"Entrepreneur Award 2020 : les microentreprises r\u00e9compens\u00e9es"},"content":{"rendered":"<figure id=\"attachment_7406\" aria-describedby=\"caption-attachment-7406\" style=\"width: 680px\" class=\"wp-caption alignnone\"><img loading=\"lazy\" decoding=\"async\" class=\"size-medium wp-image-7406\" src=\"https:\/\/www.organisator.ch\/wp-content\/uploads\/2020\/12\/Entrepreneur-Award-2020-Ausgezeichnete-Kleinstunternehmen-1_Organisator.jpg\" alt=\"\" width=\"680\" height=\"432\" srcset=\"https:\/\/www.organisator.ch\/wp-content\/uploads\/2020\/12\/Entrepreneur-Award-2020-Ausgezeichnete-Kleinstunternehmen-1_Organisator.jpg 680w, https:\/\/www.organisator.ch\/wp-content\/uploads\/2020\/12\/Entrepreneur-Award-2020-Ausgezeichnete-Kleinstunternehmen-1_Organisator-16x10.jpg 16w, https:\/\/www.organisator.ch\/wp-content\/uploads\/2020\/12\/Entrepreneur-Award-2020-Ausgezeichnete-Kleinstunternehmen-1_Organisator-275x175.jpg 275w, https:\/\/www.organisator.ch\/wp-content\/uploads\/2020\/12\/Entrepreneur-Award-2020-Ausgezeichnete-Kleinstunternehmen-1_Organisator-551x350.jpg 551w, https:\/\/www.organisator.ch\/wp-content\/uploads\/2020\/12\/Entrepreneur-Award-2020-Ausgezeichnete-Kleinstunternehmen-1_Organisator-300x191.jpg 300w\" sizes=\"auto, (max-width: 680px) 100vw, 680px\" \/><figcaption id=\"caption-attachment-7406\" class=\"wp-caption-text\">Gagne l'Entrepreneur Award 2020 dans la cat\u00e9gorie \"Petites entreprises de 2 \u00e0 49 collaborateurs\" : Karin Patton (au centre), flanqu\u00e9e de Kay Keusen (\u00e0 droite) et Michi Keel (\u00e0 gauche). Malheureusement, le mot d'ordre \u00e9tait partout le m\u00eame : mettre le masque... (photo : Thomas Berner)<\/figcaption><\/figure>\n<p>Malgr\u00e9 les circonstances actuelles, la Business Expo 2020 a \u00e9t\u00e9 organis\u00e9e avec l'Entrepreneur Award, et ce en ligne. Divers ateliers ont \u00e9t\u00e9 propos\u00e9s sur des th\u00e8mes pratiques et actuels qui pr\u00e9occupent les petites entreprises, comme la gestion de crise, le marketing via les m\u00e9dias sociaux, les placements financiers, le marketing en ligne et bien d'autres. Ces ateliers pouvaient \u00eatre r\u00e9serv\u00e9s \u00e0 l'avance et \u00e9taient organis\u00e9s sous forme de webinaires.<\/p>\n<h2><strong>Deux nouvelles cat\u00e9gories pour l'Entrepreneur Award 2020<\/strong><\/h2>\n<p>La remise de l'Entrepreneur Award doit \u00eatre un moment fort. Ce prix r\u00e9compense les performances et l'engagement des innombrables micro et petites entreprises, qui ne comptent souvent qu'une seule personne. Dans le cadre d'un processus de nomination en plusieurs \u00e9tapes, une short-list de trois finalistes a \u00e9t\u00e9 \u00e9tablie dans chacune des cat\u00e9gories \"petites entreprises\" (2 \u00e0 49 collaborateurs) et \"entreprises individuelles sans employ\u00e9s\". Ceux-ci ont pu pr\u00e9senter leur mod\u00e8le d'entreprise lors d'un pitch de trois minutes devant un jury d'experts. Ce jury compos\u00e9 de quatre personnes, Lukas Nauer (CEO netpulse AG), Riccarda Mecklenburg (fondatrice de CrowdConsul.ch), Rolf Kummli (fondateur de KUMMLI Netzwerk GmbH) et Sandra Ischi (copropri\u00e9taire de Permashop AG), repr\u00e9sente un lien tr\u00e8s fort avec les micro-entreprises. Tous les membres du jury ont eux-m\u00eames commenc\u00e9 \"petit\" ou sont eux-m\u00eames des micro-entreprises.<\/p>\n<h2><strong>Petite entreprise avec des ambitions et un sens de la durabilit\u00e9<\/strong><\/h2>\n<p>Les finalistes de l'Entrepreneur Award 2020 dans la cat\u00e9gorie \"Petites entreprises de 2 \u00e0 49 salari\u00e9s\" \u00e9taient.. :<\/p>\n<ul>\n<li>Kay Keusen avec son <a href=\"https:\/\/www.taucherli.com\/\">Premium Swiss Chocolate GmbH<\/a> d'Adliswil : le mod\u00e8le commercial repose sur le concept \"bean-to-bar\". Cela signifie que toute la cha\u00eene d'approvisionnement, depuis la f\u00e8ve de cacao jusqu'au produit fini, peut \u00eatre suivie sans faille. Et la fabrication compl\u00e8te des tablettes de chocolat se fait \u00e9galement sans produits interm\u00e9diaires. Cela signifie que tout est cass\u00e9, torr\u00e9fi\u00e9, conch\u00e9, broy\u00e9, tamis\u00e9, temp\u00e9r\u00e9 et moul\u00e9 par l'entreprise. Il en r\u00e9sulte des produits haut de gamme aux go\u00fbts tr\u00e8s vari\u00e9s.<\/li>\n<li>Michi Keel avec <a href=\"https:\/\/www.simplee-energy.ch\/\">Simplee AG<\/a>Les comp\u00e9tences cl\u00e9s de cette petite entreprise de D\u00fcbendorf r\u00e9sident dans la mise en place d'infrastructures de recharge pour les voitures \u00e9lectriques. L'entreprise installe par exemple des chargeurs dans des parkings souterrains nouveaux ou existants et se charge \u00e9galement de la facturation de l'\u00e9lectricit\u00e9 achet\u00e9e. simplee AG a d\u00e9j\u00e0 remport\u00e9 des projets pour des clients de renom.<\/li>\n<li>Karin Patton avec la <a href=\"https:\/\/barfuss-brauerei.ch\/de\/\">Barfuss Brauerei GmbH<\/a> de Wuppenau TG : depuis 2014, la brasserie amateur install\u00e9e dans la buanderie s'est transform\u00e9e en une production cr\u00e9ative de bi\u00e8res gourmandes combin\u00e9es \u00e0 des \"amuse-bouches\" r\u00e9gionaux. La brasserie Barfuss s'est \u00e9galement fait un nom en organisant des \u00e9v\u00e9nements de d\u00e9gustation et ses produits ont d\u00e9j\u00e0 obtenu les premi\u00e8res places de quelques prix renomm\u00e9s dans le milieu des brasseurs de bi\u00e8re.<\/li>\n<\/ul>\n<p>Parmi ces trois finalistes, c'est finalement la Barfuss Brauerei GmbH, avec Karin Patton, qui a le plus convaincu le jury. L'accent mis sur la sensorialit\u00e9 a \u00e9t\u00e9 particuli\u00e8rement appr\u00e9ci\u00e9 : \"Le c\u00f4t\u00e9 sensuel prend une nouvelle importance, justement \u00e0 cause de la pand\u00e9mie de Corona\", a d\u00e9clar\u00e9 Riccarda Mecklenburg, membre du jury. L'int\u00e9gration de la famille - le mari de Karin Patton, Bryan, est originaire de Grand Rapids aux Etats-Unis, la v\u00e9ritable \"capitale de la bi\u00e8re\" des Etats-Unis, et a donn\u00e9 la v\u00e9ritable impulsion pour la bi\u00e8re brass\u00e9e \u00e0 la maison - ainsi que l'agilit\u00e9 de l'entreprise ont \u00e9galement \u00e9t\u00e9 jug\u00e9es positives par le jury. En effet, la boutique en ligne de la brasserie Barfuss a \u00e9t\u00e9 rapidement d\u00e9velopp\u00e9e et le concept de distribution adapt\u00e9 en cons\u00e9quence. Le jury a \u00e9galement \u00e9t\u00e9 convaincu par le \"concept de la rel\u00e8ve\" de la microbrasserie : au lieu de former des apprentis, elle offre un poste de stagiaire \u00e0 des jeunes du Tessin ou de Suisse romande ayant termin\u00e9 leur apprentissage. Karin Patton s'est visiblement r\u00e9jouie de cette distinction : \"Je suis enfin en t\u00eate de liste. J'ai souvent \u00e9t\u00e9 deuxi\u00e8me\", a-t-elle r\u00e9agi.<\/p>\n<figure id=\"attachment_7407\" aria-describedby=\"caption-attachment-7407\" style=\"width: 680px\" class=\"wp-caption alignnone\"><img loading=\"lazy\" decoding=\"async\" class=\"size-medium wp-image-7407\" src=\"https:\/\/www.organisator.ch\/wp-content\/uploads\/2020\/12\/Entrepreneur-Award-2020-Ausgezeichnete-Kleinstunternehmen-2_Organisator.jpg\" alt=\"\" width=\"680\" height=\"311\" srcset=\"https:\/\/www.organisator.ch\/wp-content\/uploads\/2020\/12\/Entrepreneur-Award-2020-Ausgezeichnete-Kleinstunternehmen-2_Organisator.jpg 680w, https:\/\/www.organisator.ch\/wp-content\/uploads\/2020\/12\/Entrepreneur-Award-2020-Ausgezeichnete-Kleinstunternehmen-2_Organisator-16x7.jpg 16w, https:\/\/www.organisator.ch\/wp-content\/uploads\/2020\/12\/Entrepreneur-Award-2020-Ausgezeichnete-Kleinstunternehmen-2_Organisator-375x172.jpg 375w, https:\/\/www.organisator.ch\/wp-content\/uploads\/2020\/12\/Entrepreneur-Award-2020-Ausgezeichnete-Kleinstunternehmen-2_Organisator-300x137.jpg 300w\" sizes=\"auto, (max-width: 680px) 100vw, 680px\" \/><figcaption id=\"caption-attachment-7407\" class=\"wp-caption-text\">C\u00e9r\u00e9monie de remise des prix dans des conditions de couronne : Les finalistes et le jury lors de la remise de l'Entrepreneur Award 2020 dans la cat\u00e9gorie \"Entreprise individuelle sans employ\u00e9s\". De g. \u00e0 d. : Riccarda Mecklenburg, Lukas Nauer, Angelika Eggmann (finaliste), Karin Jost (gagnante), Tanja Kunz (finaliste), Rolf Kummli, Sandra Ischi. (Photo : Thomas Berner)<\/figcaption><\/figure>\n<h2><strong>Des entrepreneuses individuelles qui ont le sens de l'artisanat<\/strong><\/h2>\n<p>En ce qui concerne les entreprises individuelles, les trois entrepreneurs suivants se sont retrouv\u00e9s en finale :<\/p>\n<ul>\n<li>Angelika Eggmann de Frauenfeld : avec les \"Thurgauerli\", elle a fait revivre une sp\u00e9cialit\u00e9 locale. Angelika Eggmann fabrique elle-m\u00eame cette confiserie \u00e0 base de p\u00e2te d'amandes enrob\u00e9e de chocolat et la vend dans son magasin. <a href=\"https:\/\/www.herzmanufaktur.ch\/\">Herzmanufaktur GmbH<\/a> sous forme de paquets cadeaux. Angelika Eggmann accorde une attention particuli\u00e8re aux fournisseurs locaux et aux produits issus du commerce \u00e9quitable.<\/li>\n<li>Tanja Kunz, Baar ZG, a cr\u00e9\u00e9 un \"<a href=\"https:\/\/www.female-power.com\/\">Coaching de la puissance f\u00e9minine<\/a>\"pour les femmes ambitieuses. En tant que \"guide de montagne mentale\", elle incite les femmes \u00e0 exploiter leur potentiel et \u00e0 l'utiliser pour une carri\u00e8re professionnelle r\u00e9ussie. Depuis mars 2020, Tanja Kunz est \u00e0 son compte et a d\u00e9j\u00e0 pu proposer son programme avec succ\u00e8s \u00e0 plusieurs reprises. Gr\u00e2ce \u00e0 une forte activit\u00e9 dans les m\u00e9dias sociaux, elle attire l'attention sur la th\u00e9matique de \"l'\u00e9galit\u00e9 des sexes\" et aspire \u00e0 pouvoir accompagner ses propres programmes de promotion des femmes dans les entreprises.<\/li>\n<li>Karin Jost, M\u00f6hlin AG : Cette laborantine en biologie de formation fabrique des savons naturels qu'elle vend dans son \"<a href=\"https:\/\/www.seifengarten.ch\/\">Jardin des savons<\/a>\"\u00e0 la vente par les entreprises mentionn\u00e9es dans le texte. Ces savons n'utilisent pas de parfums ou de colorants synth\u00e9tiques, mais uniquement des mati\u00e8res premi\u00e8res v\u00e9g\u00e9tales. Les produits sont donc particuli\u00e8rement bien tol\u00e9r\u00e9s par les personnes souffrant de maladies de la peau comme la dermatite atopique, dont Karin Jost est \u00e9galement atteinte. Les produits sont vendus en ligne, mais un magasin sera ouvert \u00e0 partir de janvier 2021.<\/li>\n<\/ul>\n<p>Dans cette cat\u00e9gorie \u00e9galement, c'est finalement le c\u00f4t\u00e9 \"artisanal\" qui a remport\u00e9 la course : Karin Jost remporte l'Entrepreneur Award 2020. Le jury a particuli\u00e8rement appr\u00e9ci\u00e9 la continuit\u00e9 du d\u00e9veloppement commercial et la motivation de Karin Jost \u00e0 poursuivre un mod\u00e8le commercial durable et \u00e0 diversifier sa gamme de produits malgr\u00e9 des charges de production \u00e9lev\u00e9es et des marges r\u00e9duites. \"Sa vision de l'avenir qu'elle souhaite donner \u00e0 son jardin de savon nous a convaincus\", r\u00e9sume Sandra Ischi, membre du jury.<\/p>\n<h2><strong>L'Entrepreneur Award r\u00e9compense des exemples impressionnants de (petite) entreprise v\u00e9cue<\/strong><\/h2>\n<p>Dans l'ensemble, toutes les entreprises nomin\u00e9es mentionn\u00e9es ici se sont distingu\u00e9es par un degr\u00e9 \u00e9lev\u00e9 de motivation intrins\u00e8que pour leur esprit d'entreprise : Elles vivent pour leur petite entreprise. Tous les entrepreneurs ne peuvent pas encore vivre \u00e0 100 % de leur entreprise, mais ils sont n\u00e9anmoins tr\u00e8s satisfaits de l'\u00e9quilibre actuel entre vie professionnelle et vie priv\u00e9e. La conviction d'\u00eatre responsable de quelque chose et de pouvoir prendre des d\u00e9cisions en tant qu'entrepreneur est la plus importante.<\/p>\n<p><em>Les pitchs et la remise des prix peuvent \u00eatre visionn\u00e9s en vid\u00e9o ici : <a href=\"https:\/\/entrepreneur-award.ch\/pitching-siegerehrung\">https:\/\/entrepreneur-award.ch\/pitching-siegerehrung<\/a><\/em><\/p>","protected":false},"excerpt":{"rendered":"<p>Trotz den aktuellen Umst\u00e4nden wurde die Business-Expo 2020 mit dem Entrepreneur Award durchgef\u00fchrt, und zwar online. Angeboten wurden diverse Workshops zu praxisrelevanten und aktuellen Themen, die Kleinunternehmen besch\u00e4ftigen, etwa Krisenbew\u00e4ltigung, Marketing per Social Media, Geldanlagen, Online-Marketing und vieles mehr. Diese Workshops konnten im Voraus gebucht werden und wurden als Webinare durchgef\u00fchrt. Entrepreneur Award 2020 neu [&hellip;]<\/p>\n","protected":false},"author":4,"featured_media":7406,"comment_status":"closed","ping_status":"closed","sticky":false,"template":"","format":"standard","meta":{"_acf_changed":false,"_yoast_wpseo_focuskw":"Entrepreneur Award 2020","_yoast_wpseo_metadesc":"Die Business-Expo gab am 4. Dezember 2020 mit dem Entrepreneur Award 2020 den Klein- und Kleinstunternehmen ein Gesicht. Es wurden zwei Preise vergeben.","articlekey":"","footnotes":""},"categories":[28],"tags":[66,335,492,508],"class_list":["post-7405","post","type-post","status-publish","format-standard","has-post-thumbnail","hentry","category-management","tag-awards","tag-management-und-unternehmensfuehrung","tag-unternehmen","tag-vermischtes"],"acf":[],"yoast_head":"<!-- This site is optimized with the Yoast SEO plugin v27.5 - https:\/\/yoast.com\/product\/yoast-seo-wordpress\/ -->\n<title>Entrepreneur Award 2020: Ausgezeichnete Kleinstunternehmen - Organisator<\/title>\n<meta name=\"description\" content=\"Die Business-Expo gab am 4. Dezember 2020 mit dem Entrepreneur Award 2020 den Klein- und Kleinstunternehmen ein Gesicht. Es wurden zwei Preise vergeben.\" \/>\n<meta name=\"robots\" content=\"index, follow, max-snippet:-1, max-image-preview:large, max-video-preview:-1\" \/>\n<link rel=\"canonical\" href=\"https:\/\/www.organisator.ch\/fr\/gestion-2\/2020-12-04\/entrepreneur-award-2020-ausgezeichnete-kleinstunternehmen\/\" \/>\n<meta property=\"og:locale\" content=\"fr_FR\" \/>\n<meta property=\"og:type\" content=\"article\" \/>\n<meta property=\"og:title\" content=\"Entrepreneur Award 2020: Ausgezeichnete Kleinstunternehmen\" \/>\n<meta property=\"og:description\" content=\"Die Business-Expo gab am 4. Dezember 2020 mit dem Entrepreneur Award 2020 den Klein- und Kleinstunternehmen ein Gesicht. Es wurden zwei Preise vergeben.\" \/>\n<meta property=\"og:url\" content=\"https:\/\/www.organisator.ch\/fr\/gestion-2\/2020-12-04\/entrepreneur-award-2020-ausgezeichnete-kleinstunternehmen\/\" \/>\n<meta property=\"og:site_name\" content=\"Organisator\" \/>\n<meta property=\"article:publisher\" content=\"https:\/\/www.facebook.com\/OrganisatorFachmagazin\" \/>\n<meta property=\"article:published_time\" content=\"2020-12-04T12:27:37+00:00\" \/>\n<meta property=\"og:image\" content=\"https:\/\/www.organisator.ch\/wp-content\/uploads\/2020\/12\/Entrepreneur-Award-2020-Ausgezeichnete-Kleinstunternehmen-1_Organisator.jpg\" \/>\n\t<meta property=\"og:image:width\" content=\"680\" \/>\n\t<meta property=\"og:image:height\" content=\"432\" \/>\n\t<meta property=\"og:image:type\" content=\"image\/jpeg\" \/>\n<meta name=\"author\" content=\"thomas.berner\" \/>\n<meta name=\"twitter:card\" content=\"summary_large_image\" \/>\n<meta name=\"twitter:title\" content=\"Entrepreneur Award 2020: Ausgezeichnete #Kleinstunternehmen\" \/>\n<meta name=\"twitter:description\" content=\"Die #Business-Expo gab am 4. Dezember 2020 mit dem Entrepreneur Award 2020 den Klein- und #Kleinstunternehmen ein Gesicht. Es wurden zwei Preise vergeben.\" \/>\n<meta name=\"twitter:image\" content=\"https:\/\/www.organisator.ch\/wp-content\/uploads\/2020\/12\/Entrepreneur-Award-2020-Ausgezeichnete-Kleinstunternehmen-1_Organisator.jpg\" \/>\n<script type=\"application\/ld+json\" class=\"yoast-schema-graph\">{\"@context\":\"https:\\\/\\\/schema.org\",\"@graph\":[{\"@type\":\"Article\",\"@id\":\"https:\\\/\\\/www.organisator.ch\\\/management\\\/2020-12-04\\\/entrepreneur-award-2020-ausgezeichnete-kleinstunternehmen\\\/#article\",\"isPartOf\":{\"@id\":\"https:\\\/\\\/www.organisator.ch\\\/management\\\/2020-12-04\\\/entrepreneur-award-2020-ausgezeichnete-kleinstunternehmen\\\/\"},\"author\":{\"name\":\"thomas.berner\",\"@id\":\"https:\\\/\\\/www.organisator.ch\\\/#\\\/schema\\\/person\\\/6f650f90b2842cd4c0cc334b4e36f67e\"},\"headline\":\"Entrepreneur Award 2020: Ausgezeichnete Kleinstunternehmen\",\"datePublished\":\"2020-12-04T12:27:37+00:00\",\"mainEntityOfPage\":{\"@id\":\"https:\\\/\\\/www.organisator.ch\\\/management\\\/2020-12-04\\\/entrepreneur-award-2020-ausgezeichnete-kleinstunternehmen\\\/\"},\"wordCount\":1028,\"publisher\":{\"@id\":\"https:\\\/\\\/www.organisator.ch\\\/#organization\"},\"image\":{\"@id\":\"https:\\\/\\\/www.organisator.ch\\\/management\\\/2020-12-04\\\/entrepreneur-award-2020-ausgezeichnete-kleinstunternehmen\\\/#primaryimage\"},\"thumbnailUrl\":\"https:\\\/\\\/www.organisator.ch\\\/wp-content\\\/uploads\\\/2020\\\/12\\\/Entrepreneur-Award-2020-Ausgezeichnete-Kleinstunternehmen-1_Organisator.jpg\",\"keywords\":[\"Awards\",\"Management und Unternehmensf\u00fchrung\",\"Unternehmen\",\"Vermischtes\"],\"articleSection\":[\"MANAGEMENT\"],\"inLanguage\":\"fr-FR\"},{\"@type\":\"WebPage\",\"@id\":\"https:\\\/\\\/www.organisator.ch\\\/management\\\/2020-12-04\\\/entrepreneur-award-2020-ausgezeichnete-kleinstunternehmen\\\/\",\"url\":\"https:\\\/\\\/www.organisator.ch\\\/management\\\/2020-12-04\\\/entrepreneur-award-2020-ausgezeichnete-kleinstunternehmen\\\/\",\"name\":\"Entrepreneur Award 2020: Ausgezeichnete Kleinstunternehmen - Organisator\",\"isPartOf\":{\"@id\":\"https:\\\/\\\/www.organisator.ch\\\/#website\"},\"primaryImageOfPage\":{\"@id\":\"https:\\\/\\\/www.organisator.ch\\\/management\\\/2020-12-04\\\/entrepreneur-award-2020-ausgezeichnete-kleinstunternehmen\\\/#primaryimage\"},\"image\":{\"@id\":\"https:\\\/\\\/www.organisator.ch\\\/management\\\/2020-12-04\\\/entrepreneur-award-2020-ausgezeichnete-kleinstunternehmen\\\/#primaryimage\"},\"thumbnailUrl\":\"https:\\\/\\\/www.organisator.ch\\\/wp-content\\\/uploads\\\/2020\\\/12\\\/Entrepreneur-Award-2020-Ausgezeichnete-Kleinstunternehmen-1_Organisator.jpg\",\"datePublished\":\"2020-12-04T12:27:37+00:00\",\"description\":\"Die Business-Expo gab am 4. Dezember 2020 mit dem Entrepreneur Award 2020 den Klein- und Kleinstunternehmen ein Gesicht. Es wurden zwei Preise vergeben.\",\"breadcrumb\":{\"@id\":\"https:\\\/\\\/www.organisator.ch\\\/management\\\/2020-12-04\\\/entrepreneur-award-2020-ausgezeichnete-kleinstunternehmen\\\/#breadcrumb\"},\"inLanguage\":\"fr-FR\",\"potentialAction\":[{\"@type\":\"ReadAction\",\"target\":[\"https:\\\/\\\/www.organisator.ch\\\/management\\\/2020-12-04\\\/entrepreneur-award-2020-ausgezeichnete-kleinstunternehmen\\\/\"]}]},{\"@type\":\"ImageObject\",\"inLanguage\":\"fr-FR\",\"@id\":\"https:\\\/\\\/www.organisator.ch\\\/management\\\/2020-12-04\\\/entrepreneur-award-2020-ausgezeichnete-kleinstunternehmen\\\/#primaryimage\",\"url\":\"https:\\\/\\\/www.organisator.ch\\\/wp-content\\\/uploads\\\/2020\\\/12\\\/Entrepreneur-Award-2020-Ausgezeichnete-Kleinstunternehmen-1_Organisator.jpg\",\"contentUrl\":\"https:\\\/\\\/www.organisator.ch\\\/wp-content\\\/uploads\\\/2020\\\/12\\\/Entrepreneur-Award-2020-Ausgezeichnete-Kleinstunternehmen-1_Organisator.jpg\",\"width\":680,\"height\":432,\"caption\":\"Gewinnt den Entrepreneur Award 2020 in der Kategorie \\\"Kleinunternehmen mit 2 bis 49 Mitarbeitenden\\\": Karin Patton (Mitte), flankiert von Kay Keusen (rechts) und Michi Keel (links). Leider hiess es auch hier \u00fcberall: Maske auf... (Bild: Thomas Berner)\"},{\"@type\":\"BreadcrumbList\",\"@id\":\"https:\\\/\\\/www.organisator.ch\\\/management\\\/2020-12-04\\\/entrepreneur-award-2020-ausgezeichnete-kleinstunternehmen\\\/#breadcrumb\",\"itemListElement\":[{\"@type\":\"ListItem\",\"position\":1,\"name\":\"Home\",\"item\":\"https:\\\/\\\/www.organisator.ch\\\/\"},{\"@type\":\"ListItem\",\"position\":2,\"name\":\"Entrepreneur Award 2020: Ausgezeichnete Kleinstunternehmen\"}]},{\"@type\":\"WebSite\",\"@id\":\"https:\\\/\\\/www.organisator.ch\\\/#website\",\"url\":\"https:\\\/\\\/www.organisator.ch\\\/\",\"name\":\"Organisator\",\"description\":\"Kompetent. Praxisnah. Der ORGANISATOR bereitet in 10 Ausgaben pro Jahr die wesentlichen Themen f\u00fcr F\u00fchrungskr\u00e4fte von KMU auf.\",\"publisher\":{\"@id\":\"https:\\\/\\\/www.organisator.ch\\\/#organization\"},\"potentialAction\":[{\"@type\":\"SearchAction\",\"target\":{\"@type\":\"EntryPoint\",\"urlTemplate\":\"https:\\\/\\\/www.organisator.ch\\\/?s={search_term_string}\"},\"query-input\":{\"@type\":\"PropertyValueSpecification\",\"valueRequired\":true,\"valueName\":\"search_term_string\"}}],\"inLanguage\":\"fr-FR\"},{\"@type\":\"Organization\",\"@id\":\"https:\\\/\\\/www.organisator.ch\\\/#organization\",\"name\":\"Organisator\",\"url\":\"https:\\\/\\\/www.organisator.ch\\\/\",\"logo\":{\"@type\":\"ImageObject\",\"inLanguage\":\"fr-FR\",\"@id\":\"https:\\\/\\\/www.organisator.ch\\\/#\\\/schema\\\/logo\\\/image\\\/\",\"url\":\"https:\\\/\\\/www.organisator.ch\\\/wp-content\\\/uploads\\\/2022\\\/01\\\/Logo_Organisator_Website.png\",\"contentUrl\":\"https:\\\/\\\/www.organisator.ch\\\/wp-content\\\/uploads\\\/2022\\\/01\\\/Logo_Organisator_Website.png\",\"width\":800,\"height\":77,\"caption\":\"Organisator\"},\"image\":{\"@id\":\"https:\\\/\\\/www.organisator.ch\\\/#\\\/schema\\\/logo\\\/image\\\/\"},\"sameAs\":[\"https:\\\/\\\/www.facebook.com\\\/OrganisatorFachmagazin\",\"https:\\\/\\\/www.linkedin.com\\\/showcase\\\/organisator-das-magazin-fr-kmu\",\"https:\\\/\\\/www.xing.com\\\/news\\\/pages\\\/organisator-ch-695\",\"https:\\\/\\\/www.youtube.com\\\/channel\\\/UCGP2Sq0iWaZwT3BdIAQFYpw\"]},{\"@type\":\"Person\",\"@id\":\"https:\\\/\\\/www.organisator.ch\\\/#\\\/schema\\\/person\\\/6f650f90b2842cd4c0cc334b4e36f67e\",\"name\":\"thomas.berner\",\"image\":{\"@type\":\"ImageObject\",\"inLanguage\":\"fr-FR\",\"@id\":\"https:\\\/\\\/secure.gravatar.com\\\/avatar\\\/ac5001d2a36cb6c6cd3e50789007ffca834b477b74a2144564522e944eabff61?s=96&d=mm&r=g\",\"url\":\"https:\\\/\\\/secure.gravatar.com\\\/avatar\\\/ac5001d2a36cb6c6cd3e50789007ffca834b477b74a2144564522e944eabff61?s=96&d=mm&r=g\",\"contentUrl\":\"https:\\\/\\\/secure.gravatar.com\\\/avatar\\\/ac5001d2a36cb6c6cd3e50789007ffca834b477b74a2144564522e944eabff61?s=96&d=mm&r=g\",\"caption\":\"thomas.berner\"},\"url\":\"https:\\\/\\\/www.organisator.ch\\\/fr\\\/author\\\/thomas-berner\\\/\"}]}<\/script>\n<!-- \/ Yoast SEO plugin. -->","yoast_head_json":{"title":"Entrepreneur Award 2020 : Micro-entreprises r\u00e9compens\u00e9es - Organisateur","description":"Le 4 d\u00e9cembre 2020, Business-Expo a donn\u00e9 un visage aux petites et micro-entreprises en d\u00e9cernant le prix Entrepreneur 2020. Deux prix ont \u00e9t\u00e9 d\u00e9cern\u00e9s.","robots":{"index":"index","follow":"follow","max-snippet":"max-snippet:-1","max-image-preview":"max-image-preview:large","max-video-preview":"max-video-preview:-1"},"canonical":"https:\/\/www.organisator.ch\/fr\/gestion-2\/2020-12-04\/entrepreneur-award-2020-ausgezeichnete-kleinstunternehmen\/","og_locale":"fr_FR","og_type":"article","og_title":"Entrepreneur Award 2020: Ausgezeichnete Kleinstunternehmen","og_description":"Die Business-Expo gab am 4. Dezember 2020 mit dem Entrepreneur Award 2020 den Klein- und Kleinstunternehmen ein Gesicht. Es wurden zwei Preise vergeben.","og_url":"https:\/\/www.organisator.ch\/fr\/gestion-2\/2020-12-04\/entrepreneur-award-2020-ausgezeichnete-kleinstunternehmen\/","og_site_name":"Organisator","article_publisher":"https:\/\/www.facebook.com\/OrganisatorFachmagazin","article_published_time":"2020-12-04T12:27:37+00:00","og_image":[{"width":680,"height":432,"url":"https:\/\/www.organisator.ch\/wp-content\/uploads\/2020\/12\/Entrepreneur-Award-2020-Ausgezeichnete-Kleinstunternehmen-1_Organisator.jpg","type":"image\/jpeg"}],"author":"thomas.berner","twitter_card":"summary_large_image","twitter_title":"Entrepreneur Award 2020: Ausgezeichnete #Kleinstunternehmen","twitter_description":"Die #Business-Expo gab am 4. Dezember 2020 mit dem Entrepreneur Award 2020 den Klein- und #Kleinstunternehmen ein Gesicht. Es wurden zwei Preise vergeben.","twitter_image":"https:\/\/www.organisator.ch\/wp-content\/uploads\/2020\/12\/Entrepreneur-Award-2020-Ausgezeichnete-Kleinstunternehmen-1_Organisator.jpg","schema":{"@context":"https:\/\/schema.org","@graph":[{"@type":"Article","@id":"https:\/\/www.organisator.ch\/management\/2020-12-04\/entrepreneur-award-2020-ausgezeichnete-kleinstunternehmen\/#article","isPartOf":{"@id":"https:\/\/www.organisator.ch\/management\/2020-12-04\/entrepreneur-award-2020-ausgezeichnete-kleinstunternehmen\/"},"author":{"name":"thomas.berner","@id":"https:\/\/www.organisator.ch\/#\/schema\/person\/6f650f90b2842cd4c0cc334b4e36f67e"},"headline":"Entrepreneur Award 2020: Ausgezeichnete Kleinstunternehmen","datePublished":"2020-12-04T12:27:37+00:00","mainEntityOfPage":{"@id":"https:\/\/www.organisator.ch\/management\/2020-12-04\/entrepreneur-award-2020-ausgezeichnete-kleinstunternehmen\/"},"wordCount":1028,"publisher":{"@id":"https:\/\/www.organisator.ch\/#organization"},"image":{"@id":"https:\/\/www.organisator.ch\/management\/2020-12-04\/entrepreneur-award-2020-ausgezeichnete-kleinstunternehmen\/#primaryimage"},"thumbnailUrl":"https:\/\/www.organisator.ch\/wp-content\/uploads\/2020\/12\/Entrepreneur-Award-2020-Ausgezeichnete-Kleinstunternehmen-1_Organisator.jpg","keywords":["Awards","Management und Unternehmensf\u00fchrung","Unternehmen","Vermischtes"],"articleSection":["MANAGEMENT"],"inLanguage":"fr-FR"},{"@type":"WebPage","@id":"https:\/\/www.organisator.ch\/management\/2020-12-04\/entrepreneur-award-2020-ausgezeichnete-kleinstunternehmen\/","url":"https:\/\/www.organisator.ch\/management\/2020-12-04\/entrepreneur-award-2020-ausgezeichnete-kleinstunternehmen\/","name":"Entrepreneur Award 2020 : Micro-entreprises r\u00e9compens\u00e9es - Organisateur","isPartOf":{"@id":"https:\/\/www.organisator.ch\/#website"},"primaryImageOfPage":{"@id":"https:\/\/www.organisator.ch\/management\/2020-12-04\/entrepreneur-award-2020-ausgezeichnete-kleinstunternehmen\/#primaryimage"},"image":{"@id":"https:\/\/www.organisator.ch\/management\/2020-12-04\/entrepreneur-award-2020-ausgezeichnete-kleinstunternehmen\/#primaryimage"},"thumbnailUrl":"https:\/\/www.organisator.ch\/wp-content\/uploads\/2020\/12\/Entrepreneur-Award-2020-Ausgezeichnete-Kleinstunternehmen-1_Organisator.jpg","datePublished":"2020-12-04T12:27:37+00:00","description":"Le 4 d\u00e9cembre 2020, Business-Expo a donn\u00e9 un visage aux petites et micro-entreprises en d\u00e9cernant le prix Entrepreneur 2020. Deux prix ont \u00e9t\u00e9 d\u00e9cern\u00e9s.","breadcrumb":{"@id":"https:\/\/www.organisator.ch\/management\/2020-12-04\/entrepreneur-award-2020-ausgezeichnete-kleinstunternehmen\/#breadcrumb"},"inLanguage":"fr-FR","potentialAction":[{"@type":"ReadAction","target":["https:\/\/www.organisator.ch\/management\/2020-12-04\/entrepreneur-award-2020-ausgezeichnete-kleinstunternehmen\/"]}]},{"@type":"ImageObject","inLanguage":"fr-FR","@id":"https:\/\/www.organisator.ch\/management\/2020-12-04\/entrepreneur-award-2020-ausgezeichnete-kleinstunternehmen\/#primaryimage","url":"https:\/\/www.organisator.ch\/wp-content\/uploads\/2020\/12\/Entrepreneur-Award-2020-Ausgezeichnete-Kleinstunternehmen-1_Organisator.jpg","contentUrl":"https:\/\/www.organisator.ch\/wp-content\/uploads\/2020\/12\/Entrepreneur-Award-2020-Ausgezeichnete-Kleinstunternehmen-1_Organisator.jpg","width":680,"height":432,"caption":"Gewinnt den Entrepreneur Award 2020 in der Kategorie \"Kleinunternehmen mit 2 bis 49 Mitarbeitenden\": Karin Patton (Mitte), flankiert von Kay Keusen (rechts) und Michi Keel (links). Leider hiess es auch hier \u00fcberall: Maske auf... (Bild: Thomas Berner)"},{"@type":"BreadcrumbList","@id":"https:\/\/www.organisator.ch\/management\/2020-12-04\/entrepreneur-award-2020-ausgezeichnete-kleinstunternehmen\/#breadcrumb","itemListElement":[{"@type":"ListItem","position":1,"name":"Home","item":"https:\/\/www.organisator.ch\/"},{"@type":"ListItem","position":2,"name":"Entrepreneur Award 2020: Ausgezeichnete Kleinstunternehmen"}]},{"@type":"WebSite","@id":"https:\/\/www.organisator.ch\/#website","url":"https:\/\/www.organisator.ch\/","name":"Organisateur","description":"Comp\u00e9tence et comp\u00e9tence. Proches de la pratique. L'ORGANISATEUR pr\u00e9pare 10 num\u00e9ros par an sur les th\u00e8mes essentiels pour les dirigeants de PME.","publisher":{"@id":"https:\/\/www.organisator.ch\/#organization"},"potentialAction":[{"@type":"SearchAction","target":{"@type":"EntryPoint","urlTemplate":"https:\/\/www.organisator.ch\/?s={search_term_string}"},"query-input":{"@type":"PropertyValueSpecification","valueRequired":true,"valueName":"search_term_string"}}],"inLanguage":"fr-FR"},{"@type":"Organization","@id":"https:\/\/www.organisator.ch\/#organization","name":"Organisateur","url":"https:\/\/www.organisator.ch\/","logo":{"@type":"ImageObject","inLanguage":"fr-FR","@id":"https:\/\/www.organisator.ch\/#\/schema\/logo\/image\/","url":"https:\/\/www.organisator.ch\/wp-content\/uploads\/2022\/01\/Logo_Organisator_Website.png","contentUrl":"https:\/\/www.organisator.ch\/wp-content\/uploads\/2022\/01\/Logo_Organisator_Website.png","width":800,"height":77,"caption":"Organisator"},"image":{"@id":"https:\/\/www.organisator.ch\/#\/schema\/logo\/image\/"},"sameAs":["https:\/\/www.facebook.com\/OrganisatorFachmagazin","https:\/\/www.linkedin.com\/showcase\/organisator-das-magazin-fr-kmu","https:\/\/www.xing.com\/news\/pages\/organisator-ch-695","https:\/\/www.youtube.com\/channel\/UCGP2Sq0iWaZwT3BdIAQFYpw"]},{"@type":"Person","@id":"https:\/\/www.organisator.ch\/#\/schema\/person\/6f650f90b2842cd4c0cc334b4e36f67e","name":"thomas.berner","image":{"@type":"ImageObject","inLanguage":"fr-FR","@id":"https:\/\/secure.gravatar.com\/avatar\/ac5001d2a36cb6c6cd3e50789007ffca834b477b74a2144564522e944eabff61?s=96&d=mm&r=g","url":"https:\/\/secure.gravatar.com\/avatar\/ac5001d2a36cb6c6cd3e50789007ffca834b477b74a2144564522e944eabff61?s=96&d=mm&r=g","contentUrl":"https:\/\/secure.gravatar.com\/avatar\/ac5001d2a36cb6c6cd3e50789007ffca834b477b74a2144564522e944eabff61?s=96&d=mm&r=g","caption":"thomas.berner"},"url":"https:\/\/www.organisator.ch\/fr\/author\/thomas-berner\/"}]}},"_links":{"self":[{"href":"https:\/\/www.organisator.ch\/fr\/wp-json\/wp\/v2\/posts\/7405","targetHints":{"allow":["GET"]}}],"collection":[{"href":"https:\/\/www.organisator.ch\/fr\/wp-json\/wp\/v2\/posts"}],"about":[{"href":"https:\/\/www.organisator.ch\/fr\/wp-json\/wp\/v2\/types\/post"}],"author":[{"embeddable":true,"href":"https:\/\/www.organisator.ch\/fr\/wp-json\/wp\/v2\/users\/4"}],"replies":[{"embeddable":true,"href":"https:\/\/www.organisator.ch\/fr\/wp-json\/wp\/v2\/comments?post=7405"}],"version-history":[{"count":0,"href":"https:\/\/www.organisator.ch\/fr\/wp-json\/wp\/v2\/posts\/7405\/revisions"}],"wp:featuredmedia":[{"embeddable":true,"href":"https:\/\/www.organisator.ch\/fr\/wp-json\/wp\/v2\/media\/7406"}],"wp:attachment":[{"href":"https:\/\/www.organisator.ch\/fr\/wp-json\/wp\/v2\/media?parent=7405"}],"wp:term":[{"taxonomy":"category","embeddable":true,"href":"https:\/\/www.organisator.ch\/fr\/wp-json\/wp\/v2\/categories?post=7405"},{"taxonomy":"post_tag","embeddable":true,"href":"https:\/\/www.organisator.ch\/fr\/wp-json\/wp\/v2\/tags?post=7405"}],"curies":[{"name":"wp","href":"https:\/\/api.w.org\/{rel}","templated":true}]}}