{"id":742,"date":"2017-02-20T17:01:35","date_gmt":"2017-02-20T16:01:35","guid":{"rendered":"https:\/\/www.umweltperspektiven.ch\/?p=742"},"modified":"2022-02-09T11:10:12","modified_gmt":"2022-02-09T10:10:12","slug":"rohstoffnachfrage-soll-bald-sinken","status":"publish","type":"post","link":"https:\/\/www.organisator.ch\/fr\/sustainability\/2017-02-20\/rohstoffnachfrage-soll-bald-sinken\/","title":{"rendered":"La demande de mati\u00e8res premi\u00e8res devrait bient\u00f4t baisser"},"content":{"rendered":"<figure id=\"attachment_743\" aria-describedby=\"caption-attachment-743\" style=\"width: 680px\" class=\"wp-caption alignnone\"><img loading=\"lazy\" decoding=\"async\" class=\"size-medium wp-image-743\" src=\"\/\/www.umweltperspektiven.ch\/wp-content\/uploads\/2017\/02\/Depositphotos_7651298_l-2015.jpg\" alt=\"\" width=\"680\" height=\"366\" srcset=\"https:\/\/www.organisator.ch\/wp-content\/uploads\/2017\/02\/Depositphotos_7651298_l-2015.jpg 2000w, https:\/\/www.organisator.ch\/wp-content\/uploads\/2017\/02\/Depositphotos_7651298_l-2015-680x366.jpg 680w, https:\/\/www.organisator.ch\/wp-content\/uploads\/2017\/02\/Depositphotos_7651298_l-2015-1024x550.jpg 1024w, https:\/\/www.organisator.ch\/wp-content\/uploads\/2017\/02\/Depositphotos_7651298_l-2015-768x413.jpg 768w, https:\/\/www.organisator.ch\/wp-content\/uploads\/2017\/02\/Depositphotos_7651298_l-2015-1536x826.jpg 1536w, https:\/\/www.organisator.ch\/wp-content\/uploads\/2017\/02\/Depositphotos_7651298_l-2015-18x10.jpg 18w, https:\/\/www.organisator.ch\/wp-content\/uploads\/2017\/02\/Depositphotos_7651298_l-2015-326x175.jpg 326w, https:\/\/www.organisator.ch\/wp-content\/uploads\/2017\/02\/Depositphotos_7651298_l-2015-651x350.jpg 651w, https:\/\/www.organisator.ch\/wp-content\/uploads\/2017\/02\/Depositphotos_7651298_l-2015-1488x800.jpg 1488w, https:\/\/www.organisator.ch\/wp-content\/uploads\/2017\/02\/Depositphotos_7651298_l-2015-920x495.jpg 920w, https:\/\/www.organisator.ch\/wp-content\/uploads\/2017\/02\/Depositphotos_7651298_l-2015-1400x753.jpg 1400w, https:\/\/www.organisator.ch\/wp-content\/uploads\/2017\/02\/Depositphotos_7651298_l-2015-300x161.jpg 300w\" sizes=\"auto, (max-width: 680px) 100vw, 680px\" \/><figcaption id=\"caption-attachment-743\" class=\"wp-caption-text\">La num\u00e9risation, la mobilit\u00e9 \u00e9lectrique et les \u00e9nergies renouvelables de moins en moins ch\u00e8res freinent l'app\u00e9tit pour les mati\u00e8res premi\u00e8res comme le p\u00e9trole et le minerai de fer.<\/figcaption><\/figure>\n<p>Dans les ann\u00e9es \u00e0 venir, les nouvelles technologies auront une influence consid\u00e9rable sur la demande mondiale de mati\u00e8res premi\u00e8res et la feront baisser \u00e0 long terme. D\u00e8s 2035, la demande de p\u00e9trole, de charbon et de minerai de fer devrait avoir atteint son point culminant. Les raisons en sont l'automatisation et la mise en r\u00e9seau croissantes des processus dans les m\u00e9nages priv\u00e9s et l'industrie, la tendance \u00e0 la mobilit\u00e9 \u00e9lectrique ainsi que la part croissante des \u00e9nergies renouvelables dans la production d'\u00e9lectricit\u00e9. Tels sont les principaux r\u00e9sultats d'une nouvelle \u00e9tude du McKinsey Global Institute (MGI) intitul\u00e9e \"<a href=\"\/\/www.mckinsey.com\/~\/media\/McKinsey\/Business%20Functions\/Sustainability%20and%20Resource%20Productivity\/Our%20Insights\/How%20technology%20is%20reshaping%20supply%20and%20demand%20for%20natural%20resources\/MGI-Beyond-the-Supercycle-Full-report.ashx\">Au-del\u00e0 du supercycle : comment la technologie remod\u00e8le les ressources<\/a>\", publi\u00e9 jeudi.<\/p>\n<p>L'\u00e9tude montre que ce sont surtout les m\u00e9nages priv\u00e9s qui profiteront des nouvelles technologies. En utilisant l'\u00e9lectricit\u00e9, le chauffage et l'\u00e9clairage de mani\u00e8re efficace et contr\u00f4l\u00e9e, les consommateurs du monde entier peuvent r\u00e9duire leurs co\u00fbts de consommation d'\u00e9nergie jusqu'\u00e0 20 %.<\/p>\n<p>Dans le m\u00eame temps, la productivit\u00e9 \u00e9nerg\u00e9tique dans l'industrie et l'\u00e9conomie pourrait augmenter jusqu'\u00e0 70%. Les cons\u00e9quences pour l'\u00e9conomie mondiale sont positives : selon le MGI, il est possible d'\u00e9conomiser jusqu'\u00e0 1,6 billion de dollars d'ici 2035, en fonction du type et de l'ampleur des nouvelles technologies mises en \u0153uvre.<\/p>\n<h3>Le d\u00e9veloppement des \u00e9nergies renouvelables fait baisser la demande de p\u00e9trole<\/h3>\n<p>Selon le MGI, la demande de p\u00e9trole diminuera principalement en raison du d\u00e9veloppement de moteurs plus efficaces sur le plan \u00e9nerg\u00e9tique, de la tendance \u00e0 la mobilit\u00e9 \u00e9lectrique et \u00e0 la conduite autonome, ainsi que de l'utilisation croissante des offres de covoiturage. Parall\u00e8lement, les am\u00e9liorations technologiques feront baisser les co\u00fbts de l'\u00e9nergie \u00e9olienne et solaire et rendront leur utilisation de plus en plus comp\u00e9titive. Ainsi, d'ici 2035, la part des \u00e9nergies renouvelables dans le monde passera de 4 % aujourd'hui \u00e0 environ 36 %, tandis que la demande et l'utilisation des \u00e9nergies fossiles diminueront en cons\u00e9quence. Pendant des d\u00e9cennies, seule la demande de cuivre continuera \u00e0 augmenter en raison de son utilisation dans les appareils \u00e9lectroniques et dans l'industrie du b\u00e2timent.<\/p>\n<p>McKinsey a publi\u00e9 un rapport sur cette \u00e9tude.\u00a0<a href=\"\/\/www.mckinsey.com\/business-functions\/sustainability-and-resource-productivity\/our-insights\/discover-technologys-impact-on-natural-resources\">Graphique interactif<\/a>\u00a0qui explique en d\u00e9tail le contexte.<\/p>","protected":false},"excerpt":{"rendered":"<p>Neue Technologien werden in den n\u00e4chsten Jahren die weltweite Nachfrage nach Rohstoffen erheblich beeinflussen und langfristig sinken lassen. Bereits 2035 d\u00fcrfte die Nachfrage nach Erd\u00f6l, Kohle und Eisenerz ihren H\u00f6hepunkt erreicht haben. Gr\u00fcnde daf\u00fcr sind die zunehmende Automatisierung und Vernetzung von Prozessen in Privathaushalten und der Industrie, der Trend zur Elektromobilit\u00e4t sowie der wachsende Anteil [&hellip;]<\/p>\n","protected":false},"author":1,"featured_media":743,"comment_status":"open","ping_status":"open","sticky":false,"template":"","format":"standard","meta":{"_acf_changed":false,"_yoast_wpseo_focuskw":"Erd\u00f6l","_yoast_wpseo_metadesc":"Dank neuen Technologien als Treiber soll die Nachfrage nach Erd\u00f6l, Kohle und Eisenerz sp\u00e4testens ab dem Jahr 2035 nachlassen, so eine neue McKinsey-Studie.","articlekey":"","footnotes":""},"categories":[580],"tags":[1674,2008,2026,460],"class_list":["post-742","post","type-post","status-publish","format-standard","has-post-thumbnail","hentry","category-sustainability","tag-mckinsey","tag-ressourcen","tag-rohstoff","tag-studien"],"acf":[],"yoast_head":"<!-- This site is optimized with the Yoast SEO plugin v27.5 - https:\/\/yoast.com\/product\/yoast-seo-wordpress\/ -->\n<title>Rohstoffnachfrage soll bald sinken - Organisator<\/title>\n<meta name=\"description\" content=\"Dank neuen Technologien als Treiber soll die Nachfrage nach Erd\u00f6l, Kohle und Eisenerz sp\u00e4testens ab dem Jahr 2035 nachlassen, so eine neue McKinsey-Studie.\" \/>\n<meta name=\"robots\" content=\"index, follow, max-snippet:-1, max-image-preview:large, max-video-preview:-1\" \/>\n<link rel=\"canonical\" href=\"https:\/\/www.organisator.ch\/fr\/sustainability\/2017-02-20\/rohstoffnachfrage-soll-bald-sinken\/\" \/>\n<meta property=\"og:locale\" content=\"fr_FR\" \/>\n<meta property=\"og:type\" content=\"article\" \/>\n<meta property=\"og:title\" content=\"Rohstoffnachfrage soll bald sinken - Organisator\" \/>\n<meta property=\"og:description\" content=\"Dank neuen Technologien als Treiber soll die Nachfrage nach Erd\u00f6l, Kohle und Eisenerz sp\u00e4testens ab dem Jahr 2035 nachlassen, so eine neue McKinsey-Studie.\" \/>\n<meta property=\"og:url\" content=\"https:\/\/www.organisator.ch\/fr\/sustainability\/2017-02-20\/rohstoffnachfrage-soll-bald-sinken\/\" \/>\n<meta property=\"og:site_name\" content=\"Organisator\" \/>\n<meta property=\"article:publisher\" content=\"https:\/\/www.facebook.com\/OrganisatorFachmagazin\" \/>\n<meta property=\"article:published_time\" content=\"2017-02-20T16:01:35+00:00\" \/>\n<meta property=\"article:modified_time\" content=\"2022-02-09T10:10:12+00:00\" \/>\n<meta property=\"og:image\" content=\"https:\/\/www.organisator.ch\/wp-content\/uploads\/2017\/02\/Depositphotos_7651298_l-2015.jpg\" \/>\n\t<meta property=\"og:image:width\" content=\"2000\" \/>\n\t<meta property=\"og:image:height\" content=\"1075\" \/>\n\t<meta property=\"og:image:type\" content=\"image\/jpeg\" \/>\n<meta name=\"author\" content=\"admin\" \/>\n<meta name=\"twitter:card\" content=\"summary_large_image\" \/>\n<script type=\"application\/ld+json\" class=\"yoast-schema-graph\">{\"@context\":\"https:\\\/\\\/schema.org\",\"@graph\":[{\"@type\":\"Article\",\"@id\":\"https:\\\/\\\/www.organisator.ch\\\/sustainability\\\/2017-02-20\\\/rohstoffnachfrage-soll-bald-sinken\\\/#article\",\"isPartOf\":{\"@id\":\"https:\\\/\\\/www.organisator.ch\\\/sustainability\\\/2017-02-20\\\/rohstoffnachfrage-soll-bald-sinken\\\/\"},\"author\":{\"name\":\"admin\",\"@id\":\"https:\\\/\\\/www.organisator.ch\\\/#\\\/schema\\\/person\\\/aa2bace6c5c5aad60102004a50c4eb1c\"},\"headline\":\"Rohstoffnachfrage soll bald sinken\",\"datePublished\":\"2017-02-20T16:01:35+00:00\",\"dateModified\":\"2022-02-09T10:10:12+00:00\",\"mainEntityOfPage\":{\"@id\":\"https:\\\/\\\/www.organisator.ch\\\/sustainability\\\/2017-02-20\\\/rohstoffnachfrage-soll-bald-sinken\\\/\"},\"wordCount\":329,\"commentCount\":0,\"publisher\":{\"@id\":\"https:\\\/\\\/www.organisator.ch\\\/#organization\"},\"image\":{\"@id\":\"https:\\\/\\\/www.organisator.ch\\\/sustainability\\\/2017-02-20\\\/rohstoffnachfrage-soll-bald-sinken\\\/#primaryimage\"},\"thumbnailUrl\":\"https:\\\/\\\/www.organisator.ch\\\/wp-content\\\/uploads\\\/2017\\\/02\\\/Depositphotos_7651298_l-2015.jpg\",\"keywords\":[\"McKinsey\",\"Ressourcen\",\"Rohstoff\",\"Studien\"],\"articleSection\":[\"SUSTAINABILITY\"],\"inLanguage\":\"fr-FR\"},{\"@type\":\"WebPage\",\"@id\":\"https:\\\/\\\/www.organisator.ch\\\/sustainability\\\/2017-02-20\\\/rohstoffnachfrage-soll-bald-sinken\\\/\",\"url\":\"https:\\\/\\\/www.organisator.ch\\\/sustainability\\\/2017-02-20\\\/rohstoffnachfrage-soll-bald-sinken\\\/\",\"name\":\"Rohstoffnachfrage soll bald sinken - Organisator\",\"isPartOf\":{\"@id\":\"https:\\\/\\\/www.organisator.ch\\\/#website\"},\"primaryImageOfPage\":{\"@id\":\"https:\\\/\\\/www.organisator.ch\\\/sustainability\\\/2017-02-20\\\/rohstoffnachfrage-soll-bald-sinken\\\/#primaryimage\"},\"image\":{\"@id\":\"https:\\\/\\\/www.organisator.ch\\\/sustainability\\\/2017-02-20\\\/rohstoffnachfrage-soll-bald-sinken\\\/#primaryimage\"},\"thumbnailUrl\":\"https:\\\/\\\/www.organisator.ch\\\/wp-content\\\/uploads\\\/2017\\\/02\\\/Depositphotos_7651298_l-2015.jpg\",\"datePublished\":\"2017-02-20T16:01:35+00:00\",\"dateModified\":\"2022-02-09T10:10:12+00:00\",\"description\":\"Dank neuen Technologien als Treiber soll die Nachfrage nach Erd\u00f6l, Kohle und Eisenerz sp\u00e4testens ab dem Jahr 2035 nachlassen, so eine neue McKinsey-Studie.\",\"breadcrumb\":{\"@id\":\"https:\\\/\\\/www.organisator.ch\\\/sustainability\\\/2017-02-20\\\/rohstoffnachfrage-soll-bald-sinken\\\/#breadcrumb\"},\"inLanguage\":\"fr-FR\",\"potentialAction\":[{\"@type\":\"ReadAction\",\"target\":[\"https:\\\/\\\/www.organisator.ch\\\/sustainability\\\/2017-02-20\\\/rohstoffnachfrage-soll-bald-sinken\\\/\"]}]},{\"@type\":\"ImageObject\",\"inLanguage\":\"fr-FR\",\"@id\":\"https:\\\/\\\/www.organisator.ch\\\/sustainability\\\/2017-02-20\\\/rohstoffnachfrage-soll-bald-sinken\\\/#primaryimage\",\"url\":\"https:\\\/\\\/www.organisator.ch\\\/wp-content\\\/uploads\\\/2017\\\/02\\\/Depositphotos_7651298_l-2015.jpg\",\"contentUrl\":\"https:\\\/\\\/www.organisator.ch\\\/wp-content\\\/uploads\\\/2017\\\/02\\\/Depositphotos_7651298_l-2015.jpg\",\"width\":2000,\"height\":1075,\"caption\":\"Digitalisierung, Elektromobilit\u00e4t und immer g\u00fcnstigere erneuerbare Energien bremsen den Hunger nach Rohstoffen wie \u00d6l und Eisenerz.\"},{\"@type\":\"BreadcrumbList\",\"@id\":\"https:\\\/\\\/www.organisator.ch\\\/sustainability\\\/2017-02-20\\\/rohstoffnachfrage-soll-bald-sinken\\\/#breadcrumb\",\"itemListElement\":[{\"@type\":\"ListItem\",\"position\":1,\"name\":\"Home\",\"item\":\"https:\\\/\\\/www.organisator.ch\\\/\"},{\"@type\":\"ListItem\",\"position\":2,\"name\":\"Rohstoffnachfrage soll bald sinken\"}]},{\"@type\":\"WebSite\",\"@id\":\"https:\\\/\\\/www.organisator.ch\\\/#website\",\"url\":\"https:\\\/\\\/www.organisator.ch\\\/\",\"name\":\"Organisator\",\"description\":\"Kompetent. Praxisnah. Der ORGANISATOR bereitet in 10 Ausgaben pro Jahr die wesentlichen Themen f\u00fcr F\u00fchrungskr\u00e4fte von KMU auf.\",\"publisher\":{\"@id\":\"https:\\\/\\\/www.organisator.ch\\\/#organization\"},\"potentialAction\":[{\"@type\":\"SearchAction\",\"target\":{\"@type\":\"EntryPoint\",\"urlTemplate\":\"https:\\\/\\\/www.organisator.ch\\\/?s={search_term_string}\"},\"query-input\":{\"@type\":\"PropertyValueSpecification\",\"valueRequired\":true,\"valueName\":\"search_term_string\"}}],\"inLanguage\":\"fr-FR\"},{\"@type\":\"Organization\",\"@id\":\"https:\\\/\\\/www.organisator.ch\\\/#organization\",\"name\":\"Organisator\",\"url\":\"https:\\\/\\\/www.organisator.ch\\\/\",\"logo\":{\"@type\":\"ImageObject\",\"inLanguage\":\"fr-FR\",\"@id\":\"https:\\\/\\\/www.organisator.ch\\\/#\\\/schema\\\/logo\\\/image\\\/\",\"url\":\"https:\\\/\\\/www.organisator.ch\\\/wp-content\\\/uploads\\\/2022\\\/01\\\/Logo_Organisator_Website.png\",\"contentUrl\":\"https:\\\/\\\/www.organisator.ch\\\/wp-content\\\/uploads\\\/2022\\\/01\\\/Logo_Organisator_Website.png\",\"width\":800,\"height\":77,\"caption\":\"Organisator\"},\"image\":{\"@id\":\"https:\\\/\\\/www.organisator.ch\\\/#\\\/schema\\\/logo\\\/image\\\/\"},\"sameAs\":[\"https:\\\/\\\/www.facebook.com\\\/OrganisatorFachmagazin\",\"https:\\\/\\\/www.linkedin.com\\\/showcase\\\/organisator-das-magazin-fr-kmu\",\"https:\\\/\\\/www.xing.com\\\/news\\\/pages\\\/organisator-ch-695\",\"https:\\\/\\\/www.youtube.com\\\/channel\\\/UCGP2Sq0iWaZwT3BdIAQFYpw\"]},{\"@type\":\"Person\",\"@id\":\"https:\\\/\\\/www.organisator.ch\\\/#\\\/schema\\\/person\\\/aa2bace6c5c5aad60102004a50c4eb1c\",\"name\":\"admin\",\"image\":{\"@type\":\"ImageObject\",\"inLanguage\":\"fr-FR\",\"@id\":\"https:\\\/\\\/secure.gravatar.com\\\/avatar\\\/ae2f4d718e6c49043e314ce431e7e645d646302a24a5ef5a8bc8e3f5a032e319?s=96&d=mm&r=g\",\"url\":\"https:\\\/\\\/secure.gravatar.com\\\/avatar\\\/ae2f4d718e6c49043e314ce431e7e645d646302a24a5ef5a8bc8e3f5a032e319?s=96&d=mm&r=g\",\"contentUrl\":\"https:\\\/\\\/secure.gravatar.com\\\/avatar\\\/ae2f4d718e6c49043e314ce431e7e645d646302a24a5ef5a8bc8e3f5a032e319?s=96&d=mm&r=g\",\"caption\":\"admin\"},\"sameAs\":[\"https:\\\/\\\/www.organisator.ch\"],\"url\":\"https:\\\/\\\/www.organisator.ch\\\/fr\\\/author\\\/admin\\\/\"}]}<\/script>\n<!-- \/ Yoast SEO plugin. -->","yoast_head_json":{"title":"La demande en mati\u00e8res premi\u00e8res devrait bient\u00f4t baisser - Organisateur","description":"Gr\u00e2ce aux nouvelles technologies comme moteur, la demande de p\u00e9trole, de charbon et de minerai de fer devrait diminuer au plus tard \u00e0 partir de 2035, selon une nouvelle \u00e9tude de McKinsey.","robots":{"index":"index","follow":"follow","max-snippet":"max-snippet:-1","max-image-preview":"max-image-preview:large","max-video-preview":"max-video-preview:-1"},"canonical":"https:\/\/www.organisator.ch\/fr\/sustainability\/2017-02-20\/rohstoffnachfrage-soll-bald-sinken\/","og_locale":"fr_FR","og_type":"article","og_title":"Rohstoffnachfrage soll bald sinken - Organisator","og_description":"Dank neuen Technologien als Treiber soll die Nachfrage nach Erd\u00f6l, Kohle und Eisenerz sp\u00e4testens ab dem Jahr 2035 nachlassen, so eine neue McKinsey-Studie.","og_url":"https:\/\/www.organisator.ch\/fr\/sustainability\/2017-02-20\/rohstoffnachfrage-soll-bald-sinken\/","og_site_name":"Organisator","article_publisher":"https:\/\/www.facebook.com\/OrganisatorFachmagazin","article_published_time":"2017-02-20T16:01:35+00:00","article_modified_time":"2022-02-09T10:10:12+00:00","og_image":[{"width":2000,"height":1075,"url":"https:\/\/www.organisator.ch\/wp-content\/uploads\/2017\/02\/Depositphotos_7651298_l-2015.jpg","type":"image\/jpeg"}],"author":"admin","twitter_card":"summary_large_image","schema":{"@context":"https:\/\/schema.org","@graph":[{"@type":"Article","@id":"https:\/\/www.organisator.ch\/sustainability\/2017-02-20\/rohstoffnachfrage-soll-bald-sinken\/#article","isPartOf":{"@id":"https:\/\/www.organisator.ch\/sustainability\/2017-02-20\/rohstoffnachfrage-soll-bald-sinken\/"},"author":{"name":"admin","@id":"https:\/\/www.organisator.ch\/#\/schema\/person\/aa2bace6c5c5aad60102004a50c4eb1c"},"headline":"Rohstoffnachfrage soll bald sinken","datePublished":"2017-02-20T16:01:35+00:00","dateModified":"2022-02-09T10:10:12+00:00","mainEntityOfPage":{"@id":"https:\/\/www.organisator.ch\/sustainability\/2017-02-20\/rohstoffnachfrage-soll-bald-sinken\/"},"wordCount":329,"commentCount":0,"publisher":{"@id":"https:\/\/www.organisator.ch\/#organization"},"image":{"@id":"https:\/\/www.organisator.ch\/sustainability\/2017-02-20\/rohstoffnachfrage-soll-bald-sinken\/#primaryimage"},"thumbnailUrl":"https:\/\/www.organisator.ch\/wp-content\/uploads\/2017\/02\/Depositphotos_7651298_l-2015.jpg","keywords":["McKinsey","Ressourcen","Rohstoff","Studien"],"articleSection":["SUSTAINABILITY"],"inLanguage":"fr-FR"},{"@type":"WebPage","@id":"https:\/\/www.organisator.ch\/sustainability\/2017-02-20\/rohstoffnachfrage-soll-bald-sinken\/","url":"https:\/\/www.organisator.ch\/sustainability\/2017-02-20\/rohstoffnachfrage-soll-bald-sinken\/","name":"La demande en mati\u00e8res premi\u00e8res devrait bient\u00f4t baisser - Organisateur","isPartOf":{"@id":"https:\/\/www.organisator.ch\/#website"},"primaryImageOfPage":{"@id":"https:\/\/www.organisator.ch\/sustainability\/2017-02-20\/rohstoffnachfrage-soll-bald-sinken\/#primaryimage"},"image":{"@id":"https:\/\/www.organisator.ch\/sustainability\/2017-02-20\/rohstoffnachfrage-soll-bald-sinken\/#primaryimage"},"thumbnailUrl":"https:\/\/www.organisator.ch\/wp-content\/uploads\/2017\/02\/Depositphotos_7651298_l-2015.jpg","datePublished":"2017-02-20T16:01:35+00:00","dateModified":"2022-02-09T10:10:12+00:00","description":"Gr\u00e2ce aux nouvelles technologies comme moteur, la demande de p\u00e9trole, de charbon et de minerai de fer devrait diminuer au plus tard \u00e0 partir de 2035, selon une nouvelle \u00e9tude de McKinsey.","breadcrumb":{"@id":"https:\/\/www.organisator.ch\/sustainability\/2017-02-20\/rohstoffnachfrage-soll-bald-sinken\/#breadcrumb"},"inLanguage":"fr-FR","potentialAction":[{"@type":"ReadAction","target":["https:\/\/www.organisator.ch\/sustainability\/2017-02-20\/rohstoffnachfrage-soll-bald-sinken\/"]}]},{"@type":"ImageObject","inLanguage":"fr-FR","@id":"https:\/\/www.organisator.ch\/sustainability\/2017-02-20\/rohstoffnachfrage-soll-bald-sinken\/#primaryimage","url":"https:\/\/www.organisator.ch\/wp-content\/uploads\/2017\/02\/Depositphotos_7651298_l-2015.jpg","contentUrl":"https:\/\/www.organisator.ch\/wp-content\/uploads\/2017\/02\/Depositphotos_7651298_l-2015.jpg","width":2000,"height":1075,"caption":"Digitalisierung, Elektromobilit\u00e4t und immer g\u00fcnstigere erneuerbare Energien bremsen den Hunger nach Rohstoffen wie \u00d6l und Eisenerz."},{"@type":"BreadcrumbList","@id":"https:\/\/www.organisator.ch\/sustainability\/2017-02-20\/rohstoffnachfrage-soll-bald-sinken\/#breadcrumb","itemListElement":[{"@type":"ListItem","position":1,"name":"Home","item":"https:\/\/www.organisator.ch\/"},{"@type":"ListItem","position":2,"name":"Rohstoffnachfrage soll bald sinken"}]},{"@type":"WebSite","@id":"https:\/\/www.organisator.ch\/#website","url":"https:\/\/www.organisator.ch\/","name":"Organisateur","description":"Comp\u00e9tence et comp\u00e9tence. Proches de la pratique. L'ORGANISATEUR pr\u00e9pare 10 num\u00e9ros par an sur les th\u00e8mes essentiels pour les dirigeants de PME.","publisher":{"@id":"https:\/\/www.organisator.ch\/#organization"},"potentialAction":[{"@type":"SearchAction","target":{"@type":"EntryPoint","urlTemplate":"https:\/\/www.organisator.ch\/?s={search_term_string}"},"query-input":{"@type":"PropertyValueSpecification","valueRequired":true,"valueName":"search_term_string"}}],"inLanguage":"fr-FR"},{"@type":"Organization","@id":"https:\/\/www.organisator.ch\/#organization","name":"Organisateur","url":"https:\/\/www.organisator.ch\/","logo":{"@type":"ImageObject","inLanguage":"fr-FR","@id":"https:\/\/www.organisator.ch\/#\/schema\/logo\/image\/","url":"https:\/\/www.organisator.ch\/wp-content\/uploads\/2022\/01\/Logo_Organisator_Website.png","contentUrl":"https:\/\/www.organisator.ch\/wp-content\/uploads\/2022\/01\/Logo_Organisator_Website.png","width":800,"height":77,"caption":"Organisator"},"image":{"@id":"https:\/\/www.organisator.ch\/#\/schema\/logo\/image\/"},"sameAs":["https:\/\/www.facebook.com\/OrganisatorFachmagazin","https:\/\/www.linkedin.com\/showcase\/organisator-das-magazin-fr-kmu","https:\/\/www.xing.com\/news\/pages\/organisator-ch-695","https:\/\/www.youtube.com\/channel\/UCGP2Sq0iWaZwT3BdIAQFYpw"]},{"@type":"Person","@id":"https:\/\/www.organisator.ch\/#\/schema\/person\/aa2bace6c5c5aad60102004a50c4eb1c","name":"admin","image":{"@type":"ImageObject","inLanguage":"fr-FR","@id":"https:\/\/secure.gravatar.com\/avatar\/ae2f4d718e6c49043e314ce431e7e645d646302a24a5ef5a8bc8e3f5a032e319?s=96&d=mm&r=g","url":"https:\/\/secure.gravatar.com\/avatar\/ae2f4d718e6c49043e314ce431e7e645d646302a24a5ef5a8bc8e3f5a032e319?s=96&d=mm&r=g","contentUrl":"https:\/\/secure.gravatar.com\/avatar\/ae2f4d718e6c49043e314ce431e7e645d646302a24a5ef5a8bc8e3f5a032e319?s=96&d=mm&r=g","caption":"admin"},"sameAs":["https:\/\/www.organisator.ch"],"url":"https:\/\/www.organisator.ch\/fr\/author\/admin\/"}]}},"_links":{"self":[{"href":"https:\/\/www.organisator.ch\/fr\/wp-json\/wp\/v2\/posts\/742","targetHints":{"allow":["GET"]}}],"collection":[{"href":"https:\/\/www.organisator.ch\/fr\/wp-json\/wp\/v2\/posts"}],"about":[{"href":"https:\/\/www.organisator.ch\/fr\/wp-json\/wp\/v2\/types\/post"}],"author":[{"embeddable":true,"href":"https:\/\/www.organisator.ch\/fr\/wp-json\/wp\/v2\/users\/1"}],"replies":[{"embeddable":true,"href":"https:\/\/www.organisator.ch\/fr\/wp-json\/wp\/v2\/comments?post=742"}],"version-history":[{"count":1,"href":"https:\/\/www.organisator.ch\/fr\/wp-json\/wp\/v2\/posts\/742\/revisions"}],"predecessor-version":[{"id":10949,"href":"https:\/\/www.organisator.ch\/fr\/wp-json\/wp\/v2\/posts\/742\/revisions\/10949"}],"wp:featuredmedia":[{"embeddable":true,"href":"https:\/\/www.organisator.ch\/fr\/wp-json\/wp\/v2\/media\/743"}],"wp:attachment":[{"href":"https:\/\/www.organisator.ch\/fr\/wp-json\/wp\/v2\/media?parent=742"}],"wp:term":[{"taxonomy":"category","embeddable":true,"href":"https:\/\/www.organisator.ch\/fr\/wp-json\/wp\/v2\/categories?post=742"},{"taxonomy":"post_tag","embeddable":true,"href":"https:\/\/www.organisator.ch\/fr\/wp-json\/wp\/v2\/tags?post=742"}],"curies":[{"name":"wp","href":"https:\/\/api.w.org\/{rel}","templated":true}]}}