{"id":7420,"date":"2020-12-08T11:55:46","date_gmt":"2020-12-08T10:55:46","guid":{"rendered":"https:\/\/www.organisator.ch\/?p=7420"},"modified":"2020-12-08T11:55:46","modified_gmt":"2020-12-08T10:55:46","slug":"it-budgets-steigen-trotz-corona-pandemie","status":"publish","type":"post","link":"https:\/\/www.organisator.ch\/fr\/management\/it\/2020-12-08\/it-budgets-steigen-trotz-corona-pandemie\/","title":{"rendered":"Les budgets informatiques augmentent malgr\u00e9 la pand\u00e9mie de Corona"},"content":{"rendered":"<figure id=\"attachment_7424\" aria-describedby=\"caption-attachment-7424\" style=\"width: 680px\" class=\"wp-caption alignnone\"><img loading=\"lazy\" decoding=\"async\" class=\"size-medium wp-image-7424\" src=\"https:\/\/www.organisator.ch\/wp-content\/uploads\/2020\/12\/IT-Budgets-steigen-trotz-Corona-Pandemie_Organisator.jpg\" alt=\"\" width=\"680\" height=\"508\" srcset=\"https:\/\/www.organisator.ch\/wp-content\/uploads\/2020\/12\/IT-Budgets-steigen-trotz-Corona-Pandemie_Organisator.jpg 680w, https:\/\/www.organisator.ch\/wp-content\/uploads\/2020\/12\/IT-Budgets-steigen-trotz-Corona-Pandemie_Organisator-16x12.jpg 16w, https:\/\/www.organisator.ch\/wp-content\/uploads\/2020\/12\/IT-Budgets-steigen-trotz-Corona-Pandemie_Organisator-234x175.jpg 234w, https:\/\/www.organisator.ch\/wp-content\/uploads\/2020\/12\/IT-Budgets-steigen-trotz-Corona-Pandemie_Organisator-469x350.jpg 469w, https:\/\/www.organisator.ch\/wp-content\/uploads\/2020\/12\/IT-Budgets-steigen-trotz-Corona-Pandemie_Organisator-300x224.jpg 300w\" sizes=\"auto, (max-width: 680px) 100vw, 680px\" \/><figcaption id=\"caption-attachment-7424\" class=\"wp-caption-text\">Les budgets informatiques continuent d'augmenter : Malgr\u00e9 ou \u00e0 cause de Corona ? (Image : Pixabay.com)<\/figcaption><\/figure>\n<p>La grande majorit\u00e9 des entreprises et des administrations poursuivent la num\u00e9risation pendant la pand\u00e9mie : elle reste la priorit\u00e9 absolue pour 2021. C'est \u00e0 peu pr\u00e8s ainsi que l'on peut r\u00e9sumer l'\u00e9tude IT Trends 2021 de Capgemini. Pr\u00e8s de la moiti\u00e9 des personnes interrog\u00e9es (48,4 %) ont indiqu\u00e9 que leur entreprise pr\u00e9voyait d'augmenter son budget informatique en 2021 ; douze mois plus t\u00f4t, 63,1 % avaient l'intention de d\u00e9penser plus d'argent. Pour environ 27% des entreprises, le budget informatique pour 2021 reste au niveau de l'ann\u00e9e pr\u00e9c\u00e9dente. C'est plus de 5 % de plus qu'il y a un an. Seuls 15 % des personnes interrog\u00e9es vont r\u00e9duire leurs d\u00e9penses informatiques. Cette proportion reste inchang\u00e9e, mais les r\u00e9ductions sont plus drastiques qu'auparavant. Les secteurs les plus touch\u00e9s sont ceux qui sont actuellement soumis \u00e0 des restrictions ou qui doivent faire face \u00e0 des d\u00e9fis fondamentaux. 9,4 % des participants \u00e0 l'\u00e9tude se sont abstenus de r\u00e9pondre.<\/p>\n<figure id=\"attachment_7421\" aria-describedby=\"caption-attachment-7421\" style=\"width: 680px\" class=\"wp-caption alignnone\"><img loading=\"lazy\" decoding=\"async\" class=\"size-medium wp-image-7421\" src=\"https:\/\/www.organisator.ch\/wp-content\/uploads\/2020\/12\/IT-Budgets-steigen-trotz-Corona-Pandemie-1_Organisator.jpg\" alt=\"\" width=\"680\" height=\"243\" srcset=\"https:\/\/www.organisator.ch\/wp-content\/uploads\/2020\/12\/IT-Budgets-steigen-trotz-Corona-Pandemie-1_Organisator.jpg 680w, https:\/\/www.organisator.ch\/wp-content\/uploads\/2020\/12\/IT-Budgets-steigen-trotz-Corona-Pandemie-1_Organisator-16x6.jpg 16w, https:\/\/www.organisator.ch\/wp-content\/uploads\/2020\/12\/IT-Budgets-steigen-trotz-Corona-Pandemie-1_Organisator-375x134.jpg 375w, https:\/\/www.organisator.ch\/wp-content\/uploads\/2020\/12\/IT-Budgets-steigen-trotz-Corona-Pandemie-1_Organisator-300x107.jpg 300w\" sizes=\"auto, (max-width: 680px) 100vw, 680px\" \/><figcaption id=\"caption-attachment-7421\" class=\"wp-caption-text\">Graphique 1 : \u00c9volution des budgets informatiques en 2021. (Source : Capgemini)<\/figcaption><\/figure>\n<p>La pand\u00e9mie de Corona n'a donc qu'un effet n\u00e9gatif limit\u00e9 sur les d\u00e9penses informatiques. En effet, 87% des entreprises et des administrations en profitent pour d\u00e9velopper la num\u00e9risation. Apr\u00e8s le ralentissement de l'int\u00e9r\u00eat l'ann\u00e9e derni\u00e8re, elle figure \u00e0 nouveau en t\u00eate de la liste des priorit\u00e9s pour 2021, suivie par l'augmentation de l'efficacit\u00e9, la r\u00e9duction des co\u00fbts et le d\u00e9veloppement de nouveaux produits et services informatiques. L'orientation vers les besoins des utilisateurs finaux est devenue plus importante pour de nombreuses organisations et occupe d\u00e9sormais la cinqui\u00e8me place.<\/p>\n<h2>Projets stopp\u00e9s ou report\u00e9s<\/h2>\n<p>Pr\u00e8s de 55 % des personnes interrog\u00e9es ont r\u00e9agi \u00e0 la situation \u00e9conomique incertaine en r\u00e9organisant leur budget. Environ 25 % ont stopp\u00e9 des projets informatiques et 42 % ont report\u00e9 le lancement de projets \u00e0 plus tard. Pr\u00e8s des trois quarts des projets report\u00e9s devraient d\u00e9marrer l'ann\u00e9e prochaine. Parmi les projets stopp\u00e9s, pr\u00e8s de la moiti\u00e9 devraient \u00eatre poursuivis l'ann\u00e9e prochaine. 18% des participants \u00e0 l'\u00e9tude ont avanc\u00e9 des projets informatiques. Toutefois, pr\u00e8s d'un tiers d'entre eux ne devraient pas \u00eatre termin\u00e9s.<\/p>\n<figure id=\"attachment_7422\" aria-describedby=\"caption-attachment-7422\" style=\"width: 680px\" class=\"wp-caption alignnone\"><img loading=\"lazy\" decoding=\"async\" class=\"size-medium wp-image-7422\" src=\"https:\/\/www.organisator.ch\/wp-content\/uploads\/2020\/12\/IT-Budgets-steigen-trotz-Corona-Pandemie-2_Organisator.jpg\" alt=\"\" width=\"680\" height=\"166\" srcset=\"https:\/\/www.organisator.ch\/wp-content\/uploads\/2020\/12\/IT-Budgets-steigen-trotz-Corona-Pandemie-2_Organisator.jpg 680w, https:\/\/www.organisator.ch\/wp-content\/uploads\/2020\/12\/IT-Budgets-steigen-trotz-Corona-Pandemie-2_Organisator-16x4.jpg 16w, https:\/\/www.organisator.ch\/wp-content\/uploads\/2020\/12\/IT-Budgets-steigen-trotz-Corona-Pandemie-2_Organisator-375x92.jpg 375w, https:\/\/www.organisator.ch\/wp-content\/uploads\/2020\/12\/IT-Budgets-steigen-trotz-Corona-Pandemie-2_Organisator-300x73.jpg 300w\" sizes=\"auto, (max-width: 680px) 100vw, 680px\" \/><figcaption id=\"caption-attachment-7422\" class=\"wp-caption-text\">Graphique 2 : Impact de Corona sur les projets informatiques. (Source : Capgemini)<\/figcaption><\/figure>\n<p>Guido Kamann, directeur de Capgemini en Suisse, explique : \"Depuis le d\u00e9but de la pand\u00e9mie, les entreprises et les autorit\u00e9s font de plus en plus avancer la num\u00e9risation afin de pouvoir maintenir leurs activit\u00e9s dans la nouvelle situation de lockdown et de restrictions \u00e0 long terme. Il s'agissait de permettre ou d'\u00e9tendre rapidement le travail \u00e0 domicile ainsi que le service sans contact et la distribution en ligne. Dans la foul\u00e9e, l'exploitation et l'utilisation des informations, les cycles de version plus courts et les r\u00e9seaux de partenaires ont pris de l'importance, tandis que l'accent \u00e9tait moins mis sur la flexibilit\u00e9 et l'efficacit\u00e9\".<\/p>\n<h2><strong>Les d\u00e9penses pour la maintenance du syst\u00e8me restent \u00e9lev\u00e9es<\/strong><\/h2>\n<p>En moyenne, les DSI investissent 27 pour cent de leur budget dans des modernisations et environ 26 pour cent dans de nouvelles applications et de nouveaux syst\u00e8mes. Les d\u00e9penses pour le maintien de l'existant restent \u00e9lev\u00e9es avec pr\u00e8s de 47 pour cent. Les grands groupes ont les co\u00fbts les plus bas dans ce domaine, les entreprises de taille moyenne les plus \u00e9lev\u00e9s. Les PME ach\u00e8tent proportionnellement moins de services \u00e0 partir de clouds de fournisseurs, ce qui entra\u00eene peut-\u00eatre des co\u00fbts fixes plus \u00e9lev\u00e9s. Un autre facteur pourrait \u00eatre le volume plus faible d'automatisation au cours des 12 derniers mois par rapport aux grands groupes. En conclusion, les PME peuvent actuellement consacrer moins d'argent, en pourcentage, \u00e0 la modernisation et aux nouveaux d\u00e9veloppements que les grands groupes.<\/p>\n<figure id=\"attachment_7423\" aria-describedby=\"caption-attachment-7423\" style=\"width: 680px\" class=\"wp-caption alignnone\"><img loading=\"lazy\" decoding=\"async\" class=\"size-medium wp-image-7423\" src=\"https:\/\/www.organisator.ch\/wp-content\/uploads\/2020\/12\/IT-Budgets-steigen-trotz-Corona-Pandemie-3_Organisator.jpg\" alt=\"\" width=\"680\" height=\"145\" srcset=\"https:\/\/www.organisator.ch\/wp-content\/uploads\/2020\/12\/IT-Budgets-steigen-trotz-Corona-Pandemie-3_Organisator.jpg 680w, https:\/\/www.organisator.ch\/wp-content\/uploads\/2020\/12\/IT-Budgets-steigen-trotz-Corona-Pandemie-3_Organisator-16x3.jpg 16w, https:\/\/www.organisator.ch\/wp-content\/uploads\/2020\/12\/IT-Budgets-steigen-trotz-Corona-Pandemie-3_Organisator-375x80.jpg 375w, https:\/\/www.organisator.ch\/wp-content\/uploads\/2020\/12\/IT-Budgets-steigen-trotz-Corona-Pandemie-3_Organisator-300x64.jpg 300w\" sizes=\"auto, (max-width: 680px) 100vw, 680px\" \/><figcaption id=\"caption-attachment-7423\" class=\"wp-caption-text\">Graphique 3 : Les domaines de d\u00e9penses pour les budgets informatiques en 2021. (Source : Capgemini)<\/figcaption><\/figure>\n<h2>Budgets informatiques : r\u00e9duire les co\u00fbts de l'existant<\/h2>\n<p>\"Les budgets informatiques ont augment\u00e9 de mani\u00e8re quasi permanente ces derni\u00e8res ann\u00e9es, mais la part des d\u00e9penses consacr\u00e9es \u00e0 l'informatique existante et \u00e0 la nouveaut\u00e9 n'a gu\u00e8re \u00e9volu\u00e9. Pour gagner une marge de man\u0153uvre financi\u00e8re, les entreprises et les pouvoirs publics devraient r\u00e9duire les co\u00fbts li\u00e9s \u00e0 l'existant - par exemple par l'automatisation et d'autres innovations. Ils pourront alors r\u00e9agir plus facilement aux changements du march\u00e9 et d\u00e9velopper leurs mod\u00e8les commerciaux de mani\u00e8re plus visionnaire\", commente Guido Kamann. Mais actuellement, seules certaines organisations ou branches parviennent \u00e0 mettre en \u0153uvre le principe de la r\u00e9duction des co\u00fbts par l'innovation.<\/p>\n<p><em>Source : <\/em><em><a href=\"http:\/\/www.capgemini.com\/ch-en\/\">www.capgemini.com\/ch-en\/<\/a>.<\/em><\/p>","protected":false},"excerpt":{"rendered":"<p>Die grosse Mehrheit der Unternehmen und Beh\u00f6rden treibt w\u00e4hrend der Pandemie die Digitalisierung voran: Sie bleibt die Top-Priori\u00e4t auch f\u00fcr 2021. So in etwa l\u00e4sst sich die IT-Trends-Studie 2021 von Capgemini zusammenfassen. Fast die H\u00e4lfte der Befragten (48,4 Prozent) gab an, dass ihr Unternehmen eine Erh\u00f6hung des IT-Budgets f\u00fcr 2021 plant; zw\u00f6lf Monate zuvor beabsichtigten [&hellip;]<\/p>\n","protected":false},"author":4,"featured_media":7424,"comment_status":"closed","ping_status":"closed","sticky":false,"template":"","format":"standard","meta":{"_acf_changed":false,"_yoast_wpseo_focuskw":"IT-Budgets","_yoast_wpseo_metadesc":"Trotz Corona-Pandemie und ungewisser Konjunkturaussichten steigen die IT-Budgets im kommenden Jahr weiter an, wenn auch weniger stark als im Vorjahr.","articlekey":"","footnotes":""},"categories":[27],"tags":[132,156,203,286],"class_list":["post-7420","post","type-post","status-publish","format-standard","has-post-thumbnail","hentry","category-it","tag-coronavirus","tag-digitalisierung","tag-finanzierung","tag-it"],"acf":[],"yoast_head":"<!-- This site is optimized with the Yoast SEO plugin v27.5 - https:\/\/yoast.com\/product\/yoast-seo-wordpress\/ -->\n<title>IT-Budgets steigen trotz Corona-Pandemie - Organisator<\/title>\n<meta name=\"description\" content=\"Trotz Corona-Pandemie und ungewisser Konjunkturaussichten steigen die IT-Budgets im kommenden Jahr weiter an, wenn auch weniger stark als im Vorjahr.\" \/>\n<meta name=\"robots\" content=\"index, follow, max-snippet:-1, max-image-preview:large, max-video-preview:-1\" \/>\n<link rel=\"canonical\" href=\"https:\/\/www.organisator.ch\/fr\/gestion-2\/it\/2020-12-08\/it-budgets-steigen-trotz-corona-pandemie\/\" \/>\n<meta property=\"og:locale\" content=\"fr_FR\" \/>\n<meta property=\"og:type\" content=\"article\" \/>\n<meta property=\"og:title\" content=\"IT-Budgets steigen trotz Corona-Pandemie\" \/>\n<meta property=\"og:description\" content=\"Trotz Corona-Pandemie und ungewisser Konjunkturaussichten steigen die IT-Budgets im kommenden Jahr weiter an, wenn auch weniger stark als im Vorjahr.\" \/>\n<meta property=\"og:url\" content=\"https:\/\/www.organisator.ch\/fr\/gestion-2\/it\/2020-12-08\/it-budgets-steigen-trotz-corona-pandemie\/\" \/>\n<meta property=\"og:site_name\" content=\"Organisator\" \/>\n<meta property=\"article:publisher\" content=\"https:\/\/www.facebook.com\/OrganisatorFachmagazin\" \/>\n<meta property=\"article:published_time\" content=\"2020-12-08T10:55:46+00:00\" \/>\n<meta property=\"og:image\" content=\"https:\/\/www.organisator.ch\/wp-content\/uploads\/2020\/12\/IT-Budgets-steigen-trotz-Corona-Pandemie_Organisator.jpg\" \/>\n\t<meta property=\"og:image:width\" content=\"680\" \/>\n\t<meta property=\"og:image:height\" content=\"508\" \/>\n\t<meta property=\"og:image:type\" content=\"image\/jpeg\" \/>\n<meta name=\"author\" content=\"thomas.berner\" \/>\n<meta name=\"twitter:card\" content=\"summary_large_image\" \/>\n<meta name=\"twitter:title\" content=\"#IT-Budgets steigen trotz #Corona-Pandemie\" \/>\n<meta name=\"twitter:description\" content=\"Trotz #Corona-Pandemie und ungewisser #Konjunkturaussichten steigen die #IT-Budgets im kommenden Jahr weiter an, wenn auch weniger stark als im Vorjahr.\" \/>\n<meta name=\"twitter:image\" content=\"https:\/\/www.organisator.ch\/wp-content\/uploads\/2020\/12\/IT-Budgets-steigen-trotz-Corona-Pandemie_Organisator.jpg\" \/>\n<script type=\"application\/ld+json\" class=\"yoast-schema-graph\">{\"@context\":\"https:\\\/\\\/schema.org\",\"@graph\":[{\"@type\":\"Article\",\"@id\":\"https:\\\/\\\/www.organisator.ch\\\/management\\\/it\\\/2020-12-08\\\/it-budgets-steigen-trotz-corona-pandemie\\\/#article\",\"isPartOf\":{\"@id\":\"https:\\\/\\\/www.organisator.ch\\\/management\\\/it\\\/2020-12-08\\\/it-budgets-steigen-trotz-corona-pandemie\\\/\"},\"author\":{\"name\":\"thomas.berner\",\"@id\":\"https:\\\/\\\/www.organisator.ch\\\/#\\\/schema\\\/person\\\/6f650f90b2842cd4c0cc334b4e36f67e\"},\"headline\":\"IT-Budgets steigen trotz Corona-Pandemie\",\"datePublished\":\"2020-12-08T10:55:46+00:00\",\"mainEntityOfPage\":{\"@id\":\"https:\\\/\\\/www.organisator.ch\\\/management\\\/it\\\/2020-12-08\\\/it-budgets-steigen-trotz-corona-pandemie\\\/\"},\"wordCount\":627,\"publisher\":{\"@id\":\"https:\\\/\\\/www.organisator.ch\\\/#organization\"},\"image\":{\"@id\":\"https:\\\/\\\/www.organisator.ch\\\/management\\\/it\\\/2020-12-08\\\/it-budgets-steigen-trotz-corona-pandemie\\\/#primaryimage\"},\"thumbnailUrl\":\"https:\\\/\\\/www.organisator.ch\\\/wp-content\\\/uploads\\\/2020\\\/12\\\/IT-Budgets-steigen-trotz-Corona-Pandemie_Organisator.jpg\",\"keywords\":[\"Coronavirus\",\"Digitalisierung\",\"Finanzierung\",\"IT\"],\"articleSection\":[\"IT\"],\"inLanguage\":\"fr-FR\"},{\"@type\":\"WebPage\",\"@id\":\"https:\\\/\\\/www.organisator.ch\\\/management\\\/it\\\/2020-12-08\\\/it-budgets-steigen-trotz-corona-pandemie\\\/\",\"url\":\"https:\\\/\\\/www.organisator.ch\\\/management\\\/it\\\/2020-12-08\\\/it-budgets-steigen-trotz-corona-pandemie\\\/\",\"name\":\"IT-Budgets steigen trotz Corona-Pandemie - Organisator\",\"isPartOf\":{\"@id\":\"https:\\\/\\\/www.organisator.ch\\\/#website\"},\"primaryImageOfPage\":{\"@id\":\"https:\\\/\\\/www.organisator.ch\\\/management\\\/it\\\/2020-12-08\\\/it-budgets-steigen-trotz-corona-pandemie\\\/#primaryimage\"},\"image\":{\"@id\":\"https:\\\/\\\/www.organisator.ch\\\/management\\\/it\\\/2020-12-08\\\/it-budgets-steigen-trotz-corona-pandemie\\\/#primaryimage\"},\"thumbnailUrl\":\"https:\\\/\\\/www.organisator.ch\\\/wp-content\\\/uploads\\\/2020\\\/12\\\/IT-Budgets-steigen-trotz-Corona-Pandemie_Organisator.jpg\",\"datePublished\":\"2020-12-08T10:55:46+00:00\",\"description\":\"Trotz Corona-Pandemie und ungewisser Konjunkturaussichten steigen die IT-Budgets im kommenden Jahr weiter an, wenn auch weniger stark als im Vorjahr.\",\"breadcrumb\":{\"@id\":\"https:\\\/\\\/www.organisator.ch\\\/management\\\/it\\\/2020-12-08\\\/it-budgets-steigen-trotz-corona-pandemie\\\/#breadcrumb\"},\"inLanguage\":\"fr-FR\",\"potentialAction\":[{\"@type\":\"ReadAction\",\"target\":[\"https:\\\/\\\/www.organisator.ch\\\/management\\\/it\\\/2020-12-08\\\/it-budgets-steigen-trotz-corona-pandemie\\\/\"]}]},{\"@type\":\"ImageObject\",\"inLanguage\":\"fr-FR\",\"@id\":\"https:\\\/\\\/www.organisator.ch\\\/management\\\/it\\\/2020-12-08\\\/it-budgets-steigen-trotz-corona-pandemie\\\/#primaryimage\",\"url\":\"https:\\\/\\\/www.organisator.ch\\\/wp-content\\\/uploads\\\/2020\\\/12\\\/IT-Budgets-steigen-trotz-Corona-Pandemie_Organisator.jpg\",\"contentUrl\":\"https:\\\/\\\/www.organisator.ch\\\/wp-content\\\/uploads\\\/2020\\\/12\\\/IT-Budgets-steigen-trotz-Corona-Pandemie_Organisator.jpg\",\"width\":680,\"height\":508,\"caption\":\"Die IT-Budgets steigen weiter an: Trotz oder wegen Corona? (Bild: Pixabay.com)\"},{\"@type\":\"BreadcrumbList\",\"@id\":\"https:\\\/\\\/www.organisator.ch\\\/management\\\/it\\\/2020-12-08\\\/it-budgets-steigen-trotz-corona-pandemie\\\/#breadcrumb\",\"itemListElement\":[{\"@type\":\"ListItem\",\"position\":1,\"name\":\"Home\",\"item\":\"https:\\\/\\\/www.organisator.ch\\\/\"},{\"@type\":\"ListItem\",\"position\":2,\"name\":\"IT-Budgets steigen trotz Corona-Pandemie\"}]},{\"@type\":\"WebSite\",\"@id\":\"https:\\\/\\\/www.organisator.ch\\\/#website\",\"url\":\"https:\\\/\\\/www.organisator.ch\\\/\",\"name\":\"Organisator\",\"description\":\"Kompetent. Praxisnah. Der ORGANISATOR bereitet in 10 Ausgaben pro Jahr die wesentlichen Themen f\u00fcr F\u00fchrungskr\u00e4fte von KMU auf.\",\"publisher\":{\"@id\":\"https:\\\/\\\/www.organisator.ch\\\/#organization\"},\"potentialAction\":[{\"@type\":\"SearchAction\",\"target\":{\"@type\":\"EntryPoint\",\"urlTemplate\":\"https:\\\/\\\/www.organisator.ch\\\/?s={search_term_string}\"},\"query-input\":{\"@type\":\"PropertyValueSpecification\",\"valueRequired\":true,\"valueName\":\"search_term_string\"}}],\"inLanguage\":\"fr-FR\"},{\"@type\":\"Organization\",\"@id\":\"https:\\\/\\\/www.organisator.ch\\\/#organization\",\"name\":\"Organisator\",\"url\":\"https:\\\/\\\/www.organisator.ch\\\/\",\"logo\":{\"@type\":\"ImageObject\",\"inLanguage\":\"fr-FR\",\"@id\":\"https:\\\/\\\/www.organisator.ch\\\/#\\\/schema\\\/logo\\\/image\\\/\",\"url\":\"https:\\\/\\\/www.organisator.ch\\\/wp-content\\\/uploads\\\/2022\\\/01\\\/Logo_Organisator_Website.png\",\"contentUrl\":\"https:\\\/\\\/www.organisator.ch\\\/wp-content\\\/uploads\\\/2022\\\/01\\\/Logo_Organisator_Website.png\",\"width\":800,\"height\":77,\"caption\":\"Organisator\"},\"image\":{\"@id\":\"https:\\\/\\\/www.organisator.ch\\\/#\\\/schema\\\/logo\\\/image\\\/\"},\"sameAs\":[\"https:\\\/\\\/www.facebook.com\\\/OrganisatorFachmagazin\",\"https:\\\/\\\/www.linkedin.com\\\/showcase\\\/organisator-das-magazin-fr-kmu\",\"https:\\\/\\\/www.xing.com\\\/news\\\/pages\\\/organisator-ch-695\",\"https:\\\/\\\/www.youtube.com\\\/channel\\\/UCGP2Sq0iWaZwT3BdIAQFYpw\"]},{\"@type\":\"Person\",\"@id\":\"https:\\\/\\\/www.organisator.ch\\\/#\\\/schema\\\/person\\\/6f650f90b2842cd4c0cc334b4e36f67e\",\"name\":\"thomas.berner\",\"image\":{\"@type\":\"ImageObject\",\"inLanguage\":\"fr-FR\",\"@id\":\"https:\\\/\\\/secure.gravatar.com\\\/avatar\\\/ac5001d2a36cb6c6cd3e50789007ffca834b477b74a2144564522e944eabff61?s=96&d=mm&r=g\",\"url\":\"https:\\\/\\\/secure.gravatar.com\\\/avatar\\\/ac5001d2a36cb6c6cd3e50789007ffca834b477b74a2144564522e944eabff61?s=96&d=mm&r=g\",\"contentUrl\":\"https:\\\/\\\/secure.gravatar.com\\\/avatar\\\/ac5001d2a36cb6c6cd3e50789007ffca834b477b74a2144564522e944eabff61?s=96&d=mm&r=g\",\"caption\":\"thomas.berner\"},\"url\":\"https:\\\/\\\/www.organisator.ch\\\/fr\\\/author\\\/thomas-berner\\\/\"}]}<\/script>\n<!-- \/ Yoast SEO plugin. -->","yoast_head_json":{"title":"Les budgets IT augmentent malgr\u00e9 la pand\u00e9mie de Corona - Organisateur","description":"Malgr\u00e9 la pand\u00e9mie de Corona et les perspectives \u00e9conomiques incertaines, les budgets informatiques continueront d'augmenter l'ann\u00e9e prochaine, m\u00eame si c'est moins que l'ann\u00e9e pr\u00e9c\u00e9dente.","robots":{"index":"index","follow":"follow","max-snippet":"max-snippet:-1","max-image-preview":"max-image-preview:large","max-video-preview":"max-video-preview:-1"},"canonical":"https:\/\/www.organisator.ch\/fr\/gestion-2\/it\/2020-12-08\/it-budgets-steigen-trotz-corona-pandemie\/","og_locale":"fr_FR","og_type":"article","og_title":"IT-Budgets steigen trotz Corona-Pandemie","og_description":"Trotz Corona-Pandemie und ungewisser Konjunkturaussichten steigen die IT-Budgets im kommenden Jahr weiter an, wenn auch weniger stark als im Vorjahr.","og_url":"https:\/\/www.organisator.ch\/fr\/gestion-2\/it\/2020-12-08\/it-budgets-steigen-trotz-corona-pandemie\/","og_site_name":"Organisator","article_publisher":"https:\/\/www.facebook.com\/OrganisatorFachmagazin","article_published_time":"2020-12-08T10:55:46+00:00","og_image":[{"width":680,"height":508,"url":"https:\/\/www.organisator.ch\/wp-content\/uploads\/2020\/12\/IT-Budgets-steigen-trotz-Corona-Pandemie_Organisator.jpg","type":"image\/jpeg"}],"author":"thomas.berner","twitter_card":"summary_large_image","twitter_title":"#IT-Budgets steigen trotz #Corona-Pandemie","twitter_description":"Trotz #Corona-Pandemie und ungewisser #Konjunkturaussichten steigen die #IT-Budgets im kommenden Jahr weiter an, wenn auch weniger stark als im Vorjahr.","twitter_image":"https:\/\/www.organisator.ch\/wp-content\/uploads\/2020\/12\/IT-Budgets-steigen-trotz-Corona-Pandemie_Organisator.jpg","schema":{"@context":"https:\/\/schema.org","@graph":[{"@type":"Article","@id":"https:\/\/www.organisator.ch\/management\/it\/2020-12-08\/it-budgets-steigen-trotz-corona-pandemie\/#article","isPartOf":{"@id":"https:\/\/www.organisator.ch\/management\/it\/2020-12-08\/it-budgets-steigen-trotz-corona-pandemie\/"},"author":{"name":"thomas.berner","@id":"https:\/\/www.organisator.ch\/#\/schema\/person\/6f650f90b2842cd4c0cc334b4e36f67e"},"headline":"IT-Budgets steigen trotz Corona-Pandemie","datePublished":"2020-12-08T10:55:46+00:00","mainEntityOfPage":{"@id":"https:\/\/www.organisator.ch\/management\/it\/2020-12-08\/it-budgets-steigen-trotz-corona-pandemie\/"},"wordCount":627,"publisher":{"@id":"https:\/\/www.organisator.ch\/#organization"},"image":{"@id":"https:\/\/www.organisator.ch\/management\/it\/2020-12-08\/it-budgets-steigen-trotz-corona-pandemie\/#primaryimage"},"thumbnailUrl":"https:\/\/www.organisator.ch\/wp-content\/uploads\/2020\/12\/IT-Budgets-steigen-trotz-Corona-Pandemie_Organisator.jpg","keywords":["Coronavirus","Digitalisierung","Finanzierung","IT"],"articleSection":["IT"],"inLanguage":"fr-FR"},{"@type":"WebPage","@id":"https:\/\/www.organisator.ch\/management\/it\/2020-12-08\/it-budgets-steigen-trotz-corona-pandemie\/","url":"https:\/\/www.organisator.ch\/management\/it\/2020-12-08\/it-budgets-steigen-trotz-corona-pandemie\/","name":"Les budgets IT augmentent malgr\u00e9 la pand\u00e9mie de Corona - Organisateur","isPartOf":{"@id":"https:\/\/www.organisator.ch\/#website"},"primaryImageOfPage":{"@id":"https:\/\/www.organisator.ch\/management\/it\/2020-12-08\/it-budgets-steigen-trotz-corona-pandemie\/#primaryimage"},"image":{"@id":"https:\/\/www.organisator.ch\/management\/it\/2020-12-08\/it-budgets-steigen-trotz-corona-pandemie\/#primaryimage"},"thumbnailUrl":"https:\/\/www.organisator.ch\/wp-content\/uploads\/2020\/12\/IT-Budgets-steigen-trotz-Corona-Pandemie_Organisator.jpg","datePublished":"2020-12-08T10:55:46+00:00","description":"Malgr\u00e9 la pand\u00e9mie de Corona et les perspectives \u00e9conomiques incertaines, les budgets informatiques continueront d'augmenter l'ann\u00e9e prochaine, m\u00eame si c'est moins que l'ann\u00e9e pr\u00e9c\u00e9dente.","breadcrumb":{"@id":"https:\/\/www.organisator.ch\/management\/it\/2020-12-08\/it-budgets-steigen-trotz-corona-pandemie\/#breadcrumb"},"inLanguage":"fr-FR","potentialAction":[{"@type":"ReadAction","target":["https:\/\/www.organisator.ch\/management\/it\/2020-12-08\/it-budgets-steigen-trotz-corona-pandemie\/"]}]},{"@type":"ImageObject","inLanguage":"fr-FR","@id":"https:\/\/www.organisator.ch\/management\/it\/2020-12-08\/it-budgets-steigen-trotz-corona-pandemie\/#primaryimage","url":"https:\/\/www.organisator.ch\/wp-content\/uploads\/2020\/12\/IT-Budgets-steigen-trotz-Corona-Pandemie_Organisator.jpg","contentUrl":"https:\/\/www.organisator.ch\/wp-content\/uploads\/2020\/12\/IT-Budgets-steigen-trotz-Corona-Pandemie_Organisator.jpg","width":680,"height":508,"caption":"Die IT-Budgets steigen weiter an: Trotz oder wegen Corona? (Bild: Pixabay.com)"},{"@type":"BreadcrumbList","@id":"https:\/\/www.organisator.ch\/management\/it\/2020-12-08\/it-budgets-steigen-trotz-corona-pandemie\/#breadcrumb","itemListElement":[{"@type":"ListItem","position":1,"name":"Home","item":"https:\/\/www.organisator.ch\/"},{"@type":"ListItem","position":2,"name":"IT-Budgets steigen trotz Corona-Pandemie"}]},{"@type":"WebSite","@id":"https:\/\/www.organisator.ch\/#website","url":"https:\/\/www.organisator.ch\/","name":"Organisateur","description":"Comp\u00e9tence et comp\u00e9tence. Proches de la pratique. L'ORGANISATEUR pr\u00e9pare 10 num\u00e9ros par an sur les th\u00e8mes essentiels pour les dirigeants de PME.","publisher":{"@id":"https:\/\/www.organisator.ch\/#organization"},"potentialAction":[{"@type":"SearchAction","target":{"@type":"EntryPoint","urlTemplate":"https:\/\/www.organisator.ch\/?s={search_term_string}"},"query-input":{"@type":"PropertyValueSpecification","valueRequired":true,"valueName":"search_term_string"}}],"inLanguage":"fr-FR"},{"@type":"Organization","@id":"https:\/\/www.organisator.ch\/#organization","name":"Organisateur","url":"https:\/\/www.organisator.ch\/","logo":{"@type":"ImageObject","inLanguage":"fr-FR","@id":"https:\/\/www.organisator.ch\/#\/schema\/logo\/image\/","url":"https:\/\/www.organisator.ch\/wp-content\/uploads\/2022\/01\/Logo_Organisator_Website.png","contentUrl":"https:\/\/www.organisator.ch\/wp-content\/uploads\/2022\/01\/Logo_Organisator_Website.png","width":800,"height":77,"caption":"Organisator"},"image":{"@id":"https:\/\/www.organisator.ch\/#\/schema\/logo\/image\/"},"sameAs":["https:\/\/www.facebook.com\/OrganisatorFachmagazin","https:\/\/www.linkedin.com\/showcase\/organisator-das-magazin-fr-kmu","https:\/\/www.xing.com\/news\/pages\/organisator-ch-695","https:\/\/www.youtube.com\/channel\/UCGP2Sq0iWaZwT3BdIAQFYpw"]},{"@type":"Person","@id":"https:\/\/www.organisator.ch\/#\/schema\/person\/6f650f90b2842cd4c0cc334b4e36f67e","name":"thomas.berner","image":{"@type":"ImageObject","inLanguage":"fr-FR","@id":"https:\/\/secure.gravatar.com\/avatar\/ac5001d2a36cb6c6cd3e50789007ffca834b477b74a2144564522e944eabff61?s=96&d=mm&r=g","url":"https:\/\/secure.gravatar.com\/avatar\/ac5001d2a36cb6c6cd3e50789007ffca834b477b74a2144564522e944eabff61?s=96&d=mm&r=g","contentUrl":"https:\/\/secure.gravatar.com\/avatar\/ac5001d2a36cb6c6cd3e50789007ffca834b477b74a2144564522e944eabff61?s=96&d=mm&r=g","caption":"thomas.berner"},"url":"https:\/\/www.organisator.ch\/fr\/author\/thomas-berner\/"}]}},"_links":{"self":[{"href":"https:\/\/www.organisator.ch\/fr\/wp-json\/wp\/v2\/posts\/7420","targetHints":{"allow":["GET"]}}],"collection":[{"href":"https:\/\/www.organisator.ch\/fr\/wp-json\/wp\/v2\/posts"}],"about":[{"href":"https:\/\/www.organisator.ch\/fr\/wp-json\/wp\/v2\/types\/post"}],"author":[{"embeddable":true,"href":"https:\/\/www.organisator.ch\/fr\/wp-json\/wp\/v2\/users\/4"}],"replies":[{"embeddable":true,"href":"https:\/\/www.organisator.ch\/fr\/wp-json\/wp\/v2\/comments?post=7420"}],"version-history":[{"count":0,"href":"https:\/\/www.organisator.ch\/fr\/wp-json\/wp\/v2\/posts\/7420\/revisions"}],"wp:featuredmedia":[{"embeddable":true,"href":"https:\/\/www.organisator.ch\/fr\/wp-json\/wp\/v2\/media\/7424"}],"wp:attachment":[{"href":"https:\/\/www.organisator.ch\/fr\/wp-json\/wp\/v2\/media?parent=7420"}],"wp:term":[{"taxonomy":"category","embeddable":true,"href":"https:\/\/www.organisator.ch\/fr\/wp-json\/wp\/v2\/categories?post=7420"},{"taxonomy":"post_tag","embeddable":true,"href":"https:\/\/www.organisator.ch\/fr\/wp-json\/wp\/v2\/tags?post=7420"}],"curies":[{"name":"wp","href":"https:\/\/api.w.org\/{rel}","templated":true}]}}