{"id":7455,"date":"2020-12-17T08:52:22","date_gmt":"2020-12-17T07:52:22","guid":{"rendered":"https:\/\/www.organisator.ch\/?p=7455"},"modified":"2020-12-17T08:52:22","modified_gmt":"2020-12-17T07:52:22","slug":"erfolgs-impuls-haben-sie-probleme-mit-ihrem-gefuehl","status":"publish","type":"post","link":"https:\/\/www.organisator.ch\/fr\/management\/2020-12-17\/erfolgs-impuls-haben-sie-probleme-mit-ihrem-gefuehl\/","title":{"rendered":"Impulsion de r\u00e9ussite : avez-vous des probl\u00e8mes avec votre sentiment ?"},"content":{"rendered":"<figure id=\"attachment_7456\" aria-describedby=\"caption-attachment-7456\" style=\"width: 680px\" class=\"wp-caption alignnone\"><img loading=\"lazy\" decoding=\"async\" class=\"size-medium wp-image-7456\" src=\"https:\/\/www.organisator.ch\/wp-content\/uploads\/2020\/12\/Erfolgs-Impuls-Haben-Sie-Probleme-mit-Ihrem-Gefuehl_Organisator.jpg\" alt=\"\" width=\"680\" height=\"453\" srcset=\"https:\/\/www.organisator.ch\/wp-content\/uploads\/2020\/12\/Erfolgs-Impuls-Haben-Sie-Probleme-mit-Ihrem-Gefuehl_Organisator.jpg 680w, https:\/\/www.organisator.ch\/wp-content\/uploads\/2020\/12\/Erfolgs-Impuls-Haben-Sie-Probleme-mit-Ihrem-Gefuehl_Organisator-16x12.jpg 16w, https:\/\/www.organisator.ch\/wp-content\/uploads\/2020\/12\/Erfolgs-Impuls-Haben-Sie-Probleme-mit-Ihrem-Gefuehl_Organisator-263x175.jpg 263w, https:\/\/www.organisator.ch\/wp-content\/uploads\/2020\/12\/Erfolgs-Impuls-Haben-Sie-Probleme-mit-Ihrem-Gefuehl_Organisator-525x350.jpg 525w, https:\/\/www.organisator.ch\/wp-content\/uploads\/2020\/12\/Erfolgs-Impuls-Haben-Sie-Probleme-mit-Ihrem-Gefuehl_Organisator-300x200.jpg 300w\" sizes=\"auto, (max-width: 680px) 100vw, 680px\" \/><figcaption id=\"caption-attachment-7456\" class=\"wp-caption-text\">La joie est un sentiment agr\u00e9able... La force des sentiments peut \u00eatre utilis\u00e9e de mani\u00e8re positive pour le leadership personnel. (Image : Pixabay.com)<\/figcaption><\/figure>\n<p>\"Les gens oublieront ce que tu dis et oublieront ce que tu fais... mais ils n'oublieront jamais le sentiment que tu leur as donn\u00e9\" : cela est toujours pertinent lorsque tu veux faire agir les autres ou les influencer. Et c'est l'une de vos t\u00e2ches principales en tant que leader.<\/p>\n<h2>D\u00e9clencher le bon sentiment<\/h2>\n<p>Vous pouvez parler autant que vous voulez, et m\u00eame faire des choses justes et importantes, l'influence sur les autres sera toujours limit\u00e9e par rapport \u00e0 celle que vous aurez en provoquant certains sentiments chez les autres.<\/p>\n<p>Prenons un exemple : Si les autres se sentent en s\u00e9curit\u00e9 avec vous pour dire ce qu'ils pensent et oser de nouvelles choses sans craindre les commentaires sarcastiques, ils essaieront davantage. Si les gens sentent un renouveau avec la perspective de nouvelles exp\u00e9riences fascinantes, ils s'engageront dans la voie.<\/p>\n<p>Le plus gros probl\u00e8me est souvent que les gens ont peur que leurs sentiments soient bless\u00e9s, que la s\u00e9curit\u00e9 n'\u00e9tait qu'apparente, que la vision n'\u00e9tait pas s\u00e9rieuse. En d'autres termes, que leurs sentiments soient d\u00e9\u00e7us.<\/p>\n<h2>Utiliser le pouvoir des \u00e9motions<\/h2>\n<p>Si cela vous semble trop \"soft\" pour le leadership, je peux vous assurer que ce sont pr\u00e9cis\u00e9ment les \"faits durs\" qui font \u00e9chouer les projets et les strat\u00e9gies. Voici trois br\u00e8ves id\u00e9es sur la mani\u00e8re dont vous pouvez utiliser de mani\u00e8re cibl\u00e9e la force des sentiments pour votre leadership :<\/p>\n<ol>\n<li>Le pourquoi . Pour chaque changement, clarifiez avec votre \u00e9quipe pourquoi nous nous sentons mieux lorsque nous avons atteint nos objectifs ou notre vision. Qu'est-ce qui y est diff\u00e9rent pour chacun ? Pourquoi est-ce bon et important ?<\/li>\n<li>Les revendications. Comment voulez-vous penser et vous comporter ? Quelles exigences vous imposez-vous ? Les exigences sont toujours li\u00e9es \u00e0 des sentiments. Exemples : les exigences : Nous voulons avoir du plaisir dans ce que nous faisons. Chacun de nous assume l'enti\u00e8re responsabilit\u00e9 des cons\u00e9quences de nos actions. Chacun essaie de comprendre les autres.<\/li>\n<li>Les r\u00e9ussites. La plupart des gens ne valorisent pas assez les r\u00e9ussites. Pourquoi est-ce important ? Les succ\u00e8s et les \u00e9checs d\u00e9clenchent des \u00e9motions. C'est pourquoi la reconnaissance syst\u00e9matique (m\u00eame \u00e0 petit feu) est un levier tr\u00e8s simple pour obtenir de bons sentiments.<\/li>\n<\/ol>\n<p>Les \u00e9motions jouent un r\u00f4le important non seulement en cette p\u00e9riode de l'ann\u00e9e, mais aussi \u00e0 tout moment de notre vie. Avec la logique, vous faites r\u00e9fl\u00e9chir les gens, avec les \u00e9motions, vous les faites agir. Profitez-en en cette nouvelle ann\u00e9e !<\/p>\n<p><i><strong>Vers l'auteur :<\/strong><br \/>\n<\/i><em>Volkmar V\u00f6lzke est un maximisateur de succ\u00e8s. Auteur de livres. Conseiller et consultant. Coach de formation. Orateur. <a href=\"http:\/\/www.volkmarvoelzke.ch\/\">www.volkmarvoelzke.ch<\/a><\/em><\/p>","protected":false},"excerpt":{"rendered":"<p>\u201cMenschen werden vergessen, was Du sagst und vergessen, was Du tust \u2026 aber sie werden nie vergessen, welches Gef\u00fchl Du ihnen gegeben hast\u201d: Das ist immer dann relevant, wenn Sie andere zu Aktionen bringen oder sie beeinflussen wollen. Und das ist eine Ihrer Haupt-Aufgaben als F\u00fchrungsperson. Das richtige Gef\u00fchl ausl\u00f6sen Sie k\u00f6nnen reden, wieviel Sie [&hellip;]<\/p>\n","protected":false},"author":4,"featured_media":7456,"comment_status":"closed","ping_status":"closed","sticky":false,"template":"","format":"standard","meta":{"_acf_changed":false,"_yoast_wpseo_focuskw":"Gef\u00fchl","_yoast_wpseo_metadesc":"Erfolgs-Impuls: \u201cMenschen werden vergessen, was Du sagst und vergessen, was Du tust \u2026 aber sie werden nie vergessen, welches Gef\u00fchl Du ihnen gegeben hast.\u201d","articlekey":"","footnotes":""},"categories":[28],"tags":[115,177,320],"class_list":["post-7455","post","type-post","status-publish","format-standard","has-post-thumbnail","hentry","category-management","tag-checklisten","tag-erfolgs-impuls","tag-leadership"],"acf":[],"yoast_head":"<!-- This site is optimized with the Yoast SEO plugin v27.5 - https:\/\/yoast.com\/product\/yoast-seo-wordpress\/ -->\n<title>Erfolgs-Impuls: Haben Sie Probleme mit Ihrem Gef\u00fchl? - Organisator<\/title>\n<meta name=\"description\" content=\"Erfolgs-Impuls: \u201cMenschen werden vergessen, was Du sagst und vergessen, was Du tust \u2026 aber sie werden nie vergessen, welches Gef\u00fchl Du ihnen gegeben hast.\u201d\" \/>\n<meta name=\"robots\" content=\"index, follow, max-snippet:-1, max-image-preview:large, max-video-preview:-1\" \/>\n<link rel=\"canonical\" href=\"https:\/\/www.organisator.ch\/fr\/gestion-2\/2020-12-17\/erfolgs-impuls-haben-sie-probleme-mit-ihrem-gefuehl\/\" \/>\n<meta property=\"og:locale\" content=\"fr_FR\" \/>\n<meta property=\"og:type\" content=\"article\" \/>\n<meta property=\"og:title\" content=\"Erfolgs-Impuls: Haben Sie Probleme mit Ihrem Gef\u00fchl?\" \/>\n<meta property=\"og:description\" content=\"Erfolgs-Impuls: \u201cMenschen werden vergessen, was Du sagst und vergessen, was Du tust \u2026 aber sie werden nie vergessen, welches Gef\u00fchl Du ihnen gegeben hast.\u201d\" \/>\n<meta property=\"og:url\" content=\"https:\/\/www.organisator.ch\/fr\/gestion-2\/2020-12-17\/erfolgs-impuls-haben-sie-probleme-mit-ihrem-gefuehl\/\" \/>\n<meta property=\"og:site_name\" content=\"Organisator\" \/>\n<meta property=\"article:publisher\" content=\"https:\/\/www.facebook.com\/OrganisatorFachmagazin\" \/>\n<meta property=\"article:published_time\" content=\"2020-12-17T07:52:22+00:00\" \/>\n<meta property=\"og:image\" content=\"https:\/\/www.organisator.ch\/wp-content\/uploads\/2020\/12\/Erfolgs-Impuls-Haben-Sie-Probleme-mit-Ihrem-Gefuehl_Organisator.jpg\" \/>\n\t<meta property=\"og:image:width\" content=\"680\" \/>\n\t<meta property=\"og:image:height\" content=\"453\" \/>\n\t<meta property=\"og:image:type\" content=\"image\/jpeg\" \/>\n<meta name=\"author\" content=\"thomas.berner\" \/>\n<meta name=\"twitter:card\" content=\"summary_large_image\" \/>\n<meta name=\"twitter:title\" content=\"#Erfolgs-Impuls: Haben Sie Probleme mit Ihrem #Gef\u00fchl?\" \/>\n<meta name=\"twitter:description\" content=\"#Erfolgs-Impuls: \u201cMenschen werden vergessen, was Du sagst und vergessen, was Du tust \u2026 aber sie werden nie vergessen, welches Gef\u00fchl Du ihnen gegeben hast.\u201d\" \/>\n<meta name=\"twitter:image\" content=\"https:\/\/www.organisator.ch\/wp-content\/uploads\/2020\/12\/Erfolgs-Impuls-Haben-Sie-Probleme-mit-Ihrem-Gefuehl_Organisator.jpg\" \/>\n<script type=\"application\/ld+json\" class=\"yoast-schema-graph\">{\"@context\":\"https:\\\/\\\/schema.org\",\"@graph\":[{\"@type\":\"Article\",\"@id\":\"https:\\\/\\\/www.organisator.ch\\\/management\\\/2020-12-17\\\/erfolgs-impuls-haben-sie-probleme-mit-ihrem-gefuehl\\\/#article\",\"isPartOf\":{\"@id\":\"https:\\\/\\\/www.organisator.ch\\\/management\\\/2020-12-17\\\/erfolgs-impuls-haben-sie-probleme-mit-ihrem-gefuehl\\\/\"},\"author\":{\"name\":\"thomas.berner\",\"@id\":\"https:\\\/\\\/www.organisator.ch\\\/#\\\/schema\\\/person\\\/6f650f90b2842cd4c0cc334b4e36f67e\"},\"headline\":\"Erfolgs-Impuls: Haben Sie Probleme mit Ihrem Gef\u00fchl?\",\"datePublished\":\"2020-12-17T07:52:22+00:00\",\"mainEntityOfPage\":{\"@id\":\"https:\\\/\\\/www.organisator.ch\\\/management\\\/2020-12-17\\\/erfolgs-impuls-haben-sie-probleme-mit-ihrem-gefuehl\\\/\"},\"wordCount\":455,\"publisher\":{\"@id\":\"https:\\\/\\\/www.organisator.ch\\\/#organization\"},\"image\":{\"@id\":\"https:\\\/\\\/www.organisator.ch\\\/management\\\/2020-12-17\\\/erfolgs-impuls-haben-sie-probleme-mit-ihrem-gefuehl\\\/#primaryimage\"},\"thumbnailUrl\":\"https:\\\/\\\/www.organisator.ch\\\/wp-content\\\/uploads\\\/2020\\\/12\\\/Erfolgs-Impuls-Haben-Sie-Probleme-mit-Ihrem-Gefuehl_Organisator.jpg\",\"keywords\":[\"Checklisten\",\"Erfolgs-Impuls\",\"Leadership\"],\"articleSection\":[\"MANAGEMENT\"],\"inLanguage\":\"fr-FR\"},{\"@type\":\"WebPage\",\"@id\":\"https:\\\/\\\/www.organisator.ch\\\/management\\\/2020-12-17\\\/erfolgs-impuls-haben-sie-probleme-mit-ihrem-gefuehl\\\/\",\"url\":\"https:\\\/\\\/www.organisator.ch\\\/management\\\/2020-12-17\\\/erfolgs-impuls-haben-sie-probleme-mit-ihrem-gefuehl\\\/\",\"name\":\"Erfolgs-Impuls: Haben Sie Probleme mit Ihrem Gef\u00fchl? - Organisator\",\"isPartOf\":{\"@id\":\"https:\\\/\\\/www.organisator.ch\\\/#website\"},\"primaryImageOfPage\":{\"@id\":\"https:\\\/\\\/www.organisator.ch\\\/management\\\/2020-12-17\\\/erfolgs-impuls-haben-sie-probleme-mit-ihrem-gefuehl\\\/#primaryimage\"},\"image\":{\"@id\":\"https:\\\/\\\/www.organisator.ch\\\/management\\\/2020-12-17\\\/erfolgs-impuls-haben-sie-probleme-mit-ihrem-gefuehl\\\/#primaryimage\"},\"thumbnailUrl\":\"https:\\\/\\\/www.organisator.ch\\\/wp-content\\\/uploads\\\/2020\\\/12\\\/Erfolgs-Impuls-Haben-Sie-Probleme-mit-Ihrem-Gefuehl_Organisator.jpg\",\"datePublished\":\"2020-12-17T07:52:22+00:00\",\"description\":\"Erfolgs-Impuls: \u201cMenschen werden vergessen, was Du sagst und vergessen, was Du tust \u2026 aber sie werden nie vergessen, welches Gef\u00fchl Du ihnen gegeben hast.\u201d\",\"breadcrumb\":{\"@id\":\"https:\\\/\\\/www.organisator.ch\\\/management\\\/2020-12-17\\\/erfolgs-impuls-haben-sie-probleme-mit-ihrem-gefuehl\\\/#breadcrumb\"},\"inLanguage\":\"fr-FR\",\"potentialAction\":[{\"@type\":\"ReadAction\",\"target\":[\"https:\\\/\\\/www.organisator.ch\\\/management\\\/2020-12-17\\\/erfolgs-impuls-haben-sie-probleme-mit-ihrem-gefuehl\\\/\"]}]},{\"@type\":\"ImageObject\",\"inLanguage\":\"fr-FR\",\"@id\":\"https:\\\/\\\/www.organisator.ch\\\/management\\\/2020-12-17\\\/erfolgs-impuls-haben-sie-probleme-mit-ihrem-gefuehl\\\/#primaryimage\",\"url\":\"https:\\\/\\\/www.organisator.ch\\\/wp-content\\\/uploads\\\/2020\\\/12\\\/Erfolgs-Impuls-Haben-Sie-Probleme-mit-Ihrem-Gefuehl_Organisator.jpg\",\"contentUrl\":\"https:\\\/\\\/www.organisator.ch\\\/wp-content\\\/uploads\\\/2020\\\/12\\\/Erfolgs-Impuls-Haben-Sie-Probleme-mit-Ihrem-Gefuehl_Organisator.jpg\",\"width\":680,\"height\":453,\"caption\":\"Freude ist ein sch\u00f6nes Gef\u00fchl... Die Kraft von Gef\u00fchlen l\u00e4sst sich auf f\u00fcr die pers\u00f6nliche Leadership positiv nutzen. (Bild: Pixabay.com)\"},{\"@type\":\"BreadcrumbList\",\"@id\":\"https:\\\/\\\/www.organisator.ch\\\/management\\\/2020-12-17\\\/erfolgs-impuls-haben-sie-probleme-mit-ihrem-gefuehl\\\/#breadcrumb\",\"itemListElement\":[{\"@type\":\"ListItem\",\"position\":1,\"name\":\"Home\",\"item\":\"https:\\\/\\\/www.organisator.ch\\\/\"},{\"@type\":\"ListItem\",\"position\":2,\"name\":\"Erfolgs-Impuls: Haben Sie Probleme mit Ihrem Gef\u00fchl?\"}]},{\"@type\":\"WebSite\",\"@id\":\"https:\\\/\\\/www.organisator.ch\\\/#website\",\"url\":\"https:\\\/\\\/www.organisator.ch\\\/\",\"name\":\"Organisator\",\"description\":\"Kompetent. Praxisnah. Der ORGANISATOR bereitet in 10 Ausgaben pro Jahr die wesentlichen Themen f\u00fcr F\u00fchrungskr\u00e4fte von KMU auf.\",\"publisher\":{\"@id\":\"https:\\\/\\\/www.organisator.ch\\\/#organization\"},\"potentialAction\":[{\"@type\":\"SearchAction\",\"target\":{\"@type\":\"EntryPoint\",\"urlTemplate\":\"https:\\\/\\\/www.organisator.ch\\\/?s={search_term_string}\"},\"query-input\":{\"@type\":\"PropertyValueSpecification\",\"valueRequired\":true,\"valueName\":\"search_term_string\"}}],\"inLanguage\":\"fr-FR\"},{\"@type\":\"Organization\",\"@id\":\"https:\\\/\\\/www.organisator.ch\\\/#organization\",\"name\":\"Organisator\",\"url\":\"https:\\\/\\\/www.organisator.ch\\\/\",\"logo\":{\"@type\":\"ImageObject\",\"inLanguage\":\"fr-FR\",\"@id\":\"https:\\\/\\\/www.organisator.ch\\\/#\\\/schema\\\/logo\\\/image\\\/\",\"url\":\"https:\\\/\\\/www.organisator.ch\\\/wp-content\\\/uploads\\\/2022\\\/01\\\/Logo_Organisator_Website.png\",\"contentUrl\":\"https:\\\/\\\/www.organisator.ch\\\/wp-content\\\/uploads\\\/2022\\\/01\\\/Logo_Organisator_Website.png\",\"width\":800,\"height\":77,\"caption\":\"Organisator\"},\"image\":{\"@id\":\"https:\\\/\\\/www.organisator.ch\\\/#\\\/schema\\\/logo\\\/image\\\/\"},\"sameAs\":[\"https:\\\/\\\/www.facebook.com\\\/OrganisatorFachmagazin\",\"https:\\\/\\\/www.linkedin.com\\\/showcase\\\/organisator-das-magazin-fr-kmu\",\"https:\\\/\\\/www.xing.com\\\/news\\\/pages\\\/organisator-ch-695\",\"https:\\\/\\\/www.youtube.com\\\/channel\\\/UCGP2Sq0iWaZwT3BdIAQFYpw\"]},{\"@type\":\"Person\",\"@id\":\"https:\\\/\\\/www.organisator.ch\\\/#\\\/schema\\\/person\\\/6f650f90b2842cd4c0cc334b4e36f67e\",\"name\":\"thomas.berner\",\"image\":{\"@type\":\"ImageObject\",\"inLanguage\":\"fr-FR\",\"@id\":\"https:\\\/\\\/secure.gravatar.com\\\/avatar\\\/ac5001d2a36cb6c6cd3e50789007ffca834b477b74a2144564522e944eabff61?s=96&d=mm&r=g\",\"url\":\"https:\\\/\\\/secure.gravatar.com\\\/avatar\\\/ac5001d2a36cb6c6cd3e50789007ffca834b477b74a2144564522e944eabff61?s=96&d=mm&r=g\",\"contentUrl\":\"https:\\\/\\\/secure.gravatar.com\\\/avatar\\\/ac5001d2a36cb6c6cd3e50789007ffca834b477b74a2144564522e944eabff61?s=96&d=mm&r=g\",\"caption\":\"thomas.berner\"},\"url\":\"https:\\\/\\\/www.organisator.ch\\\/fr\\\/author\\\/thomas-berner\\\/\"}]}<\/script>\n<!-- \/ Yoast SEO plugin. -->","yoast_head_json":{"title":"Impulsion de r\u00e9ussite : avez-vous des probl\u00e8mes avec votre sentiment ? - Organisateur","description":"Impulsion du succ\u00e8s : \"Les gens oublieront ce que tu dis et oublieront ce que tu fais ... mais ils n'oublieront jamais le sentiment que tu leur as donn\u00e9\".","robots":{"index":"index","follow":"follow","max-snippet":"max-snippet:-1","max-image-preview":"max-image-preview:large","max-video-preview":"max-video-preview:-1"},"canonical":"https:\/\/www.organisator.ch\/fr\/gestion-2\/2020-12-17\/erfolgs-impuls-haben-sie-probleme-mit-ihrem-gefuehl\/","og_locale":"fr_FR","og_type":"article","og_title":"Erfolgs-Impuls: Haben Sie Probleme mit Ihrem Gef\u00fchl?","og_description":"Erfolgs-Impuls: \u201cMenschen werden vergessen, was Du sagst und vergessen, was Du tust \u2026 aber sie werden nie vergessen, welches Gef\u00fchl Du ihnen gegeben hast.\u201d","og_url":"https:\/\/www.organisator.ch\/fr\/gestion-2\/2020-12-17\/erfolgs-impuls-haben-sie-probleme-mit-ihrem-gefuehl\/","og_site_name":"Organisator","article_publisher":"https:\/\/www.facebook.com\/OrganisatorFachmagazin","article_published_time":"2020-12-17T07:52:22+00:00","og_image":[{"width":680,"height":453,"url":"https:\/\/www.organisator.ch\/wp-content\/uploads\/2020\/12\/Erfolgs-Impuls-Haben-Sie-Probleme-mit-Ihrem-Gefuehl_Organisator.jpg","type":"image\/jpeg"}],"author":"thomas.berner","twitter_card":"summary_large_image","twitter_title":"#Erfolgs-Impuls: Haben Sie Probleme mit Ihrem #Gef\u00fchl?","twitter_description":"#Erfolgs-Impuls: \u201cMenschen werden vergessen, was Du sagst und vergessen, was Du tust \u2026 aber sie werden nie vergessen, welches Gef\u00fchl Du ihnen gegeben hast.\u201d","twitter_image":"https:\/\/www.organisator.ch\/wp-content\/uploads\/2020\/12\/Erfolgs-Impuls-Haben-Sie-Probleme-mit-Ihrem-Gefuehl_Organisator.jpg","schema":{"@context":"https:\/\/schema.org","@graph":[{"@type":"Article","@id":"https:\/\/www.organisator.ch\/management\/2020-12-17\/erfolgs-impuls-haben-sie-probleme-mit-ihrem-gefuehl\/#article","isPartOf":{"@id":"https:\/\/www.organisator.ch\/management\/2020-12-17\/erfolgs-impuls-haben-sie-probleme-mit-ihrem-gefuehl\/"},"author":{"name":"thomas.berner","@id":"https:\/\/www.organisator.ch\/#\/schema\/person\/6f650f90b2842cd4c0cc334b4e36f67e"},"headline":"Erfolgs-Impuls: Haben Sie Probleme mit Ihrem Gef\u00fchl?","datePublished":"2020-12-17T07:52:22+00:00","mainEntityOfPage":{"@id":"https:\/\/www.organisator.ch\/management\/2020-12-17\/erfolgs-impuls-haben-sie-probleme-mit-ihrem-gefuehl\/"},"wordCount":455,"publisher":{"@id":"https:\/\/www.organisator.ch\/#organization"},"image":{"@id":"https:\/\/www.organisator.ch\/management\/2020-12-17\/erfolgs-impuls-haben-sie-probleme-mit-ihrem-gefuehl\/#primaryimage"},"thumbnailUrl":"https:\/\/www.organisator.ch\/wp-content\/uploads\/2020\/12\/Erfolgs-Impuls-Haben-Sie-Probleme-mit-Ihrem-Gefuehl_Organisator.jpg","keywords":["Checklisten","Erfolgs-Impuls","Leadership"],"articleSection":["MANAGEMENT"],"inLanguage":"fr-FR"},{"@type":"WebPage","@id":"https:\/\/www.organisator.ch\/management\/2020-12-17\/erfolgs-impuls-haben-sie-probleme-mit-ihrem-gefuehl\/","url":"https:\/\/www.organisator.ch\/management\/2020-12-17\/erfolgs-impuls-haben-sie-probleme-mit-ihrem-gefuehl\/","name":"Impulsion de r\u00e9ussite : avez-vous des probl\u00e8mes avec votre sentiment ? - Organisateur","isPartOf":{"@id":"https:\/\/www.organisator.ch\/#website"},"primaryImageOfPage":{"@id":"https:\/\/www.organisator.ch\/management\/2020-12-17\/erfolgs-impuls-haben-sie-probleme-mit-ihrem-gefuehl\/#primaryimage"},"image":{"@id":"https:\/\/www.organisator.ch\/management\/2020-12-17\/erfolgs-impuls-haben-sie-probleme-mit-ihrem-gefuehl\/#primaryimage"},"thumbnailUrl":"https:\/\/www.organisator.ch\/wp-content\/uploads\/2020\/12\/Erfolgs-Impuls-Haben-Sie-Probleme-mit-Ihrem-Gefuehl_Organisator.jpg","datePublished":"2020-12-17T07:52:22+00:00","description":"Impulsion du succ\u00e8s : \"Les gens oublieront ce que tu dis et oublieront ce que tu fais ... mais ils n'oublieront jamais le sentiment que tu leur as donn\u00e9\".","breadcrumb":{"@id":"https:\/\/www.organisator.ch\/management\/2020-12-17\/erfolgs-impuls-haben-sie-probleme-mit-ihrem-gefuehl\/#breadcrumb"},"inLanguage":"fr-FR","potentialAction":[{"@type":"ReadAction","target":["https:\/\/www.organisator.ch\/management\/2020-12-17\/erfolgs-impuls-haben-sie-probleme-mit-ihrem-gefuehl\/"]}]},{"@type":"ImageObject","inLanguage":"fr-FR","@id":"https:\/\/www.organisator.ch\/management\/2020-12-17\/erfolgs-impuls-haben-sie-probleme-mit-ihrem-gefuehl\/#primaryimage","url":"https:\/\/www.organisator.ch\/wp-content\/uploads\/2020\/12\/Erfolgs-Impuls-Haben-Sie-Probleme-mit-Ihrem-Gefuehl_Organisator.jpg","contentUrl":"https:\/\/www.organisator.ch\/wp-content\/uploads\/2020\/12\/Erfolgs-Impuls-Haben-Sie-Probleme-mit-Ihrem-Gefuehl_Organisator.jpg","width":680,"height":453,"caption":"Freude ist ein sch\u00f6nes Gef\u00fchl... Die Kraft von Gef\u00fchlen l\u00e4sst sich auf f\u00fcr die pers\u00f6nliche Leadership positiv nutzen. (Bild: Pixabay.com)"},{"@type":"BreadcrumbList","@id":"https:\/\/www.organisator.ch\/management\/2020-12-17\/erfolgs-impuls-haben-sie-probleme-mit-ihrem-gefuehl\/#breadcrumb","itemListElement":[{"@type":"ListItem","position":1,"name":"Home","item":"https:\/\/www.organisator.ch\/"},{"@type":"ListItem","position":2,"name":"Erfolgs-Impuls: Haben Sie Probleme mit Ihrem Gef\u00fchl?"}]},{"@type":"WebSite","@id":"https:\/\/www.organisator.ch\/#website","url":"https:\/\/www.organisator.ch\/","name":"Organisateur","description":"Comp\u00e9tence et comp\u00e9tence. Proches de la pratique. L'ORGANISATEUR pr\u00e9pare 10 num\u00e9ros par an sur les th\u00e8mes essentiels pour les dirigeants de PME.","publisher":{"@id":"https:\/\/www.organisator.ch\/#organization"},"potentialAction":[{"@type":"SearchAction","target":{"@type":"EntryPoint","urlTemplate":"https:\/\/www.organisator.ch\/?s={search_term_string}"},"query-input":{"@type":"PropertyValueSpecification","valueRequired":true,"valueName":"search_term_string"}}],"inLanguage":"fr-FR"},{"@type":"Organization","@id":"https:\/\/www.organisator.ch\/#organization","name":"Organisateur","url":"https:\/\/www.organisator.ch\/","logo":{"@type":"ImageObject","inLanguage":"fr-FR","@id":"https:\/\/www.organisator.ch\/#\/schema\/logo\/image\/","url":"https:\/\/www.organisator.ch\/wp-content\/uploads\/2022\/01\/Logo_Organisator_Website.png","contentUrl":"https:\/\/www.organisator.ch\/wp-content\/uploads\/2022\/01\/Logo_Organisator_Website.png","width":800,"height":77,"caption":"Organisator"},"image":{"@id":"https:\/\/www.organisator.ch\/#\/schema\/logo\/image\/"},"sameAs":["https:\/\/www.facebook.com\/OrganisatorFachmagazin","https:\/\/www.linkedin.com\/showcase\/organisator-das-magazin-fr-kmu","https:\/\/www.xing.com\/news\/pages\/organisator-ch-695","https:\/\/www.youtube.com\/channel\/UCGP2Sq0iWaZwT3BdIAQFYpw"]},{"@type":"Person","@id":"https:\/\/www.organisator.ch\/#\/schema\/person\/6f650f90b2842cd4c0cc334b4e36f67e","name":"thomas.berner","image":{"@type":"ImageObject","inLanguage":"fr-FR","@id":"https:\/\/secure.gravatar.com\/avatar\/ac5001d2a36cb6c6cd3e50789007ffca834b477b74a2144564522e944eabff61?s=96&d=mm&r=g","url":"https:\/\/secure.gravatar.com\/avatar\/ac5001d2a36cb6c6cd3e50789007ffca834b477b74a2144564522e944eabff61?s=96&d=mm&r=g","contentUrl":"https:\/\/secure.gravatar.com\/avatar\/ac5001d2a36cb6c6cd3e50789007ffca834b477b74a2144564522e944eabff61?s=96&d=mm&r=g","caption":"thomas.berner"},"url":"https:\/\/www.organisator.ch\/fr\/author\/thomas-berner\/"}]}},"_links":{"self":[{"href":"https:\/\/www.organisator.ch\/fr\/wp-json\/wp\/v2\/posts\/7455","targetHints":{"allow":["GET"]}}],"collection":[{"href":"https:\/\/www.organisator.ch\/fr\/wp-json\/wp\/v2\/posts"}],"about":[{"href":"https:\/\/www.organisator.ch\/fr\/wp-json\/wp\/v2\/types\/post"}],"author":[{"embeddable":true,"href":"https:\/\/www.organisator.ch\/fr\/wp-json\/wp\/v2\/users\/4"}],"replies":[{"embeddable":true,"href":"https:\/\/www.organisator.ch\/fr\/wp-json\/wp\/v2\/comments?post=7455"}],"version-history":[{"count":0,"href":"https:\/\/www.organisator.ch\/fr\/wp-json\/wp\/v2\/posts\/7455\/revisions"}],"wp:featuredmedia":[{"embeddable":true,"href":"https:\/\/www.organisator.ch\/fr\/wp-json\/wp\/v2\/media\/7456"}],"wp:attachment":[{"href":"https:\/\/www.organisator.ch\/fr\/wp-json\/wp\/v2\/media?parent=7455"}],"wp:term":[{"taxonomy":"category","embeddable":true,"href":"https:\/\/www.organisator.ch\/fr\/wp-json\/wp\/v2\/categories?post=7455"},{"taxonomy":"post_tag","embeddable":true,"href":"https:\/\/www.organisator.ch\/fr\/wp-json\/wp\/v2\/tags?post=7455"}],"curies":[{"name":"wp","href":"https:\/\/api.w.org\/{rel}","templated":true}]}}