{"id":7459,"date":"2020-12-17T09:13:22","date_gmt":"2020-12-17T08:13:22","guid":{"rendered":"https:\/\/www.organisator.ch\/?p=7459"},"modified":"2020-12-17T09:13:22","modified_gmt":"2020-12-17T08:13:22","slug":"wie-das-jahr-2021-unsere-zukunft-langfristig-entscheidend-praegen-wird","status":"publish","type":"post","link":"https:\/\/www.organisator.ch\/fr\/management\/2020-12-17\/wie-das-jahr-2021-unsere-zukunft-langfristig-entscheidend-praegen-wird\/","title":{"rendered":"Comment l'ann\u00e9e 2021 marquera notre avenir de mani\u00e8re d\u00e9cisive \u00e0 long terme"},"content":{"rendered":"<figure id=\"attachment_7460\" aria-describedby=\"caption-attachment-7460\" style=\"width: 680px\" class=\"wp-caption alignnone\"><img loading=\"lazy\" decoding=\"async\" class=\"size-medium wp-image-7460\" src=\"https:\/\/www.organisator.ch\/wp-content\/uploads\/2020\/12\/Wie-das-Jahr-2021-unsere-Zukunft-langfristig-entscheidend-praegen-wird_Organisator.jpg\" alt=\"\" width=\"680\" height=\"272\" srcset=\"https:\/\/www.organisator.ch\/wp-content\/uploads\/2020\/12\/Wie-das-Jahr-2021-unsere-Zukunft-langfristig-entscheidend-praegen-wird_Organisator.jpg 680w, https:\/\/www.organisator.ch\/wp-content\/uploads\/2020\/12\/Wie-das-Jahr-2021-unsere-Zukunft-langfristig-entscheidend-praegen-wird_Organisator-16x6.jpg 16w, https:\/\/www.organisator.ch\/wp-content\/uploads\/2020\/12\/Wie-das-Jahr-2021-unsere-Zukunft-langfristig-entscheidend-praegen-wird_Organisator-375x150.jpg 375w, https:\/\/www.organisator.ch\/wp-content\/uploads\/2020\/12\/Wie-das-Jahr-2021-unsere-Zukunft-langfristig-entscheidend-praegen-wird_Organisator-300x120.jpg 300w\" sizes=\"auto, (max-width: 680px) 100vw, 680px\" \/><figcaption id=\"caption-attachment-7460\" class=\"wp-caption-text\">L'ann\u00e9e 2021 devrait \u00eatre d\u00e9cisive \u00e0 bien des \u00e9gards. L'\u00e9conomie et la soci\u00e9t\u00e9 devront pour ainsi dire \u00eatre red\u00e9finies. (Image : Pixabay.com)<\/figcaption><\/figure>\n<p>\"Fjord Trends 2021\" est d\u00e9j\u00e0 le quatorzi\u00e8me rapport sur les tendances \u00e9tabli par le r\u00e9seau mondial de designers et de cr\u00e9atifs d'Accenture Interactive. Le r\u00e9sultat de cette ann\u00e9e montre que les entreprises ont d\u00e9sormais la possibilit\u00e9 de s'ouvrir \u00e0 de nouveaux domaines - si elles introduisent de nouvelles strat\u00e9gies, de nouveaux services et de nouvelles exp\u00e9riences pour r\u00e9pondre aux besoins humains en constante \u00e9volution.<\/p>\n<h2>La pand\u00e9mie montre ce qui est vraiment important<\/h2>\n<p>Le rapport annuel constate que la pand\u00e9mie a apport\u00e9, outre le chaos et la trag\u00e9die, de la clart\u00e9 et des surprises. Elle nous a montr\u00e9 ce qui est vraiment important, a renforc\u00e9 l'esprit communautaire et a inspir\u00e9 des esprits novateurs chez nous. Il en r\u00e9sulte de tout nouveaux d\u00e9fis pour les entreprises : Comment peuvent-elles r\u00e9agir correctement sur le plan op\u00e9rationnel mais aussi sur le plan de la communication, comment r\u00e9pondre aux attentes en constante \u00e9volution des consommateurs et agir de mani\u00e8re plus empathique - tout cela alors qu'elles luttent pour survivre dans une situation \u00e9conomique incertaine ? Les tendances Fjord pour l'ann\u00e9e 2021 sont des recommandations sur la mani\u00e8re dont les entreprises peuvent contribuer \u00e0 la renaissance du 21e si\u00e8cle.<\/p>\n<h2>Les tendances qui marqueront l'ann\u00e9e 2021 et les suivantes<\/h2>\n<p>Il s'agit de sept tendances qui marqueront l'\u00e9conomie, le comportement des clients et la soci\u00e9t\u00e9 de demain :<\/p>\n<ol>\n<li><strong>D\u00e9placement collectif de site :<\/strong> La mani\u00e8re dont nous vivons les choses et l'endroit o\u00f9 nous les vivons ont chang\u00e9 en 2020. Nous partageons tous un sentiment de d\u00e9calage et cherchons de nouvelles fa\u00e7ons et de nouveaux endroits pour accomplir nos devoirs et vivre nos passions. Travailler, acheter, \u00e9tudier, rencontrer des amis, \u00e9lever des enfants et s'occuper de notre bien-\u00eatre - tout cela et plus encore a fondamentalement chang\u00e9 pour beaucoup d'entre nous. Les entreprises doivent donc trouver de nouvelles fa\u00e7ons d'entrer en contact avec leurs clients.<\/li>\n<li><strong>L'innovation \"do it yourself\" :<\/strong> De plus en plus, ce sont des personnes talentueuses qui font avancer l'innovation en d\u00e9veloppant de nouveaux \"hacks\" pour relever de nouveaux d\u00e9fis - du travailleur \u00e0 distance qui utilise sa planche \u00e0 repasser comme pupitre au parent qui se transforme en enseignant. La technologie joue ici un nouveau r\u00f4le : elle ne pousse pas l'innovation, mais soutient la cr\u00e9ativit\u00e9 humaine et la laisse transpara\u00eetre partout. Les individus, des hommes politiques aux entra\u00eeneurs personnels, utilisent des sites web comme TikTok ou des plateformes de jeux vid\u00e9o pour diffuser des messages importants ou organiser des concerts. Tous veulent de meilleures solutions, mais les attentes vis-\u00e0-vis des entreprises ont chang\u00e9 : Au lieu de fournir des solutions pr\u00eates \u00e0 l'emploi, elles doivent cr\u00e9er les conditions cadres pour les innovations priv\u00e9es.<\/li>\n<li><strong>Des \u00e9quipes de r\u00eave :<\/strong> Les employ\u00e9s qui travaillent \u00e0 distance vivent d\u00e9sormais dans une certaine mesure au bureau. Cela a d'\u00e9normes cons\u00e9quences sur les accords r\u00e9ciproques entre l'employeur et l'employ\u00e9 et sur les nombreuses hypoth\u00e8ses qui y sont li\u00e9es - qui d\u00e9cide par exemple du code vestimentaire lors d'appels vid\u00e9o \u00e0 domicile, qui est responsable du droit \u00e0 la vie priv\u00e9e des employ\u00e9s \u00e0 distance ? M\u00eame si une vaccination g\u00e9n\u00e9ralis\u00e9e se profile d\u00e9j\u00e0 \u00e0 l'horizon : La relation des personnes avec leur travail et entre les employeurs et leurs \u00e9quipes a durablement chang\u00e9. L'avenir ne fournira pas de solution unique - le monde du travail restera un terrain d'exp\u00e9rimentation pendant un certain temps encore.<\/li>\n<li><strong>Infrastructure liquide :<\/strong> La mani\u00e8re dont nous achetons des produits et utilisons des services a chang\u00e9. C'est pourquoi les entreprises doivent repenser leur cha\u00eene d'approvisionnement et l'ensemble de leur infrastructure physique et se concentrer sur les \"points de plaisir\" dans les derniers m\u00e8tres avant l'achat - par exemple le plaisir imm\u00e9diat de l'achat lui-m\u00eame, qui \u00e9tait pour beaucoup une \u00e9vidence dans le magasin. Les entreprises doivent donc d\u00e9velopper une plus grande agilit\u00e9 et une plus grande r\u00e9sistance dans l'ensemble de leur organisation afin de pouvoir s'adapter rapidement aux changements. Cela vaut \u00e9galement pour les changements attendus li\u00e9s \u00e0 la n\u00e9cessit\u00e9 d'une gestion plus durable.<\/li>\n<li><strong>Interaction Wanderlust :<\/strong> Nous passons beaucoup plus de temps \u00e0 entrer en contact avec nos semblables via des \u00e9crans. Ce faisant, une certaine monotonie s'est install\u00e9e, car de nombreux outils ont une apparence presque identique avec leurs designs sch\u00e9matis\u00e9s. Les entreprises doivent repenser le design, le contenu, les groupes cibles et les interactions avec leurs services afin de rendre l'exp\u00e9rience devant les \u00e9crans plus captivante et de l'enrichir d'un \u00e9l\u00e9ment al\u00e9atoire.<\/li>\n<li><strong>Le d\u00e9fi de l'empathie :<\/strong> La plupart des clients veulent savoir ce que les marques repr\u00e9sentent et comment elles expriment leurs valeurs. La pand\u00e9mie a r\u00e9v\u00e9l\u00e9 de nombreuses structures dysfonctionnelles et injustes dans le monde entier, de l'acc\u00e8s aux soins de sant\u00e9 aux questions d'\u00e9galit\u00e9. En cons\u00e9quence, les entreprises doivent travailler dur pour g\u00e9rer les r\u00e9cits qui fa\u00e7onnent leurs marques. Pour ce faire, elles doivent donner la priorit\u00e9 \u00e0 des th\u00e8mes importants et construire leur action autour de ces th\u00e8mes prioritaires.<\/li>\n<li><strong>Nouveaux rituels :<\/strong> De nombreux rituels - de la c\u00e9l\u00e9bration d'une naissance aux adieux lors d'un enterrement - n'ont pas \u00e9t\u00e9 possibles cette ann\u00e9e. Cela a un impact consid\u00e9rable sur le bien-\u00eatre de toute la soci\u00e9t\u00e9. Cette tendance donne aux entreprises l'occasion d'accompagner leurs clients dans leur qu\u00eate de sens. De nouveaux rituels sont demand\u00e9s, qui apportent de la joie ou du r\u00e9confort. La condition pr\u00e9alable est de reconna\u00eetre d'abord le vide laiss\u00e9 par une habitude abandonn\u00e9e. Ce n'est qu'ensuite qu'il sera possible de le combler de mani\u00e8re ad\u00e9quate.<\/li>\n<\/ol>\n<h2>L'ann\u00e9e 2021 doit \u00eatre marqu\u00e9e par l'espoir<\/h2>\n<p>\"L'innovation ne commence pas avec la technologie, mais comme nous l'avons vu l'ann\u00e9e derni\u00e8re, elle peut \u00eatre un outil puissant pour donner plus d'espace \u00e0 la cr\u00e9ativit\u00e9 humaine, m\u00eame au milieu du chaos\", a d\u00e9clar\u00e9 Brian Whipple, Group Chief Executive d'Accenture Interactive. \"L'ann\u00e9e prochaine devrait \u00eatre marqu\u00e9e par l'espoir. Nous avons assist\u00e9 \u00e0 de grands changements dans notre soci\u00e9t\u00e9 - nous en avons m\u00eame fait partie. Ces tendances sont un plan directeur de la mani\u00e8re dont nous pensons aujourd'hui et de ce que nous ferons ensuite, de ce que nous emporterons et de ce que nous laisserons derri\u00e8re nous. Nous pouvons nous am\u00e9liorer et les gens le m\u00e9ritent aussi\".<\/p>\n<p><em>Source : <a href=\"http:\/\/www.accentureinteractive.com\">Accenture Interactive<\/a><\/em><\/p>","protected":false},"excerpt":{"rendered":"<p>\u201eFjord Trends 2021\u201c ist bereits der vierzehnte Trendreport, den das globale Netzwerk aus Designern und Kreativen von Accenture Interactive erstellt hat. Das diesj\u00e4hrige Ergebnis zeigt auf, dass sich Unternehmen jetzt die M\u00f6glichkeit er\u00f6ffnet, neue Bereiche zu erschliessen \u2013 wenn sie neue Strategien, Dienstleistungen und Erlebnisse einf\u00fchren, um die sich entwickelnden menschlichen Bed\u00fcrfnisse zu erf\u00fcllen. Die [&hellip;]<\/p>\n","protected":false},"author":4,"featured_media":7460,"comment_status":"closed","ping_status":"closed","sticky":false,"template":"","format":"standard","meta":{"_acf_changed":false,"_yoast_wpseo_focuskw":"Jahr 2021","_yoast_wpseo_metadesc":"Die COVID-19-Krise definiert neu, wie Wirtschaft und Gesellschaft funktionieren. Dies soll als Grundger\u00fcst f\u00fcr das Jahr 2021 und dar\u00fcber hinaus dienen.","articlekey":"","footnotes":""},"categories":[28],"tags":[132,335,459,485,531],"class_list":["post-7459","post","type-post","status-publish","format-standard","has-post-thumbnail","hentry","category-management","tag-coronavirus","tag-management-und-unternehmensfuehrung","tag-studie","tag-trends","tag-wirtschaftspolitik"],"acf":[],"yoast_head":"<!-- This site is optimized with the Yoast SEO plugin v27.5 - https:\/\/yoast.com\/product\/yoast-seo-wordpress\/ -->\n<title>Wie das Jahr 2021 unsere Zukunft langfristig entscheidend pr\u00e4gen wird - Organisator<\/title>\n<meta name=\"description\" content=\"Die COVID-19-Krise definiert neu, wie Wirtschaft und Gesellschaft funktionieren. Dies soll als Grundger\u00fcst f\u00fcr das Jahr 2021 und dar\u00fcber hinaus dienen.\" \/>\n<meta name=\"robots\" content=\"index, follow, max-snippet:-1, max-image-preview:large, max-video-preview:-1\" \/>\n<link rel=\"canonical\" href=\"https:\/\/www.organisator.ch\/fr\/gestion-2\/2020-12-17\/wie-das-jahr-2021-unsere-zukunft-langfristig-entscheidend-praegen-wird\/\" \/>\n<meta property=\"og:locale\" content=\"fr_FR\" \/>\n<meta property=\"og:type\" content=\"article\" \/>\n<meta property=\"og:title\" content=\"Wie das Jahr 2021 unsere Zukunft langfristig entscheidend pr\u00e4gen wird\" \/>\n<meta property=\"og:description\" content=\"Die COVID-19-Krise definiert neu, wie Wirtschaft und Gesellschaft funktionieren. Dies soll als Grundger\u00fcst f\u00fcr das Jahr 2021 und dar\u00fcber hinaus dienen.\" \/>\n<meta property=\"og:url\" content=\"https:\/\/www.organisator.ch\/fr\/gestion-2\/2020-12-17\/wie-das-jahr-2021-unsere-zukunft-langfristig-entscheidend-praegen-wird\/\" \/>\n<meta property=\"og:site_name\" content=\"Organisator\" \/>\n<meta property=\"article:publisher\" content=\"https:\/\/www.facebook.com\/OrganisatorFachmagazin\" \/>\n<meta property=\"article:published_time\" content=\"2020-12-17T08:13:22+00:00\" \/>\n<meta property=\"og:image\" content=\"https:\/\/www.organisator.ch\/wp-content\/uploads\/2020\/12\/Wie-das-Jahr-2021-unsere-Zukunft-langfristig-entscheidend-praegen-wird_Organisator.jpg\" \/>\n\t<meta property=\"og:image:width\" content=\"680\" \/>\n\t<meta property=\"og:image:height\" content=\"272\" \/>\n\t<meta property=\"og:image:type\" content=\"image\/jpeg\" \/>\n<meta name=\"author\" content=\"thomas.berner\" \/>\n<meta name=\"twitter:card\" content=\"summary_large_image\" \/>\n<meta name=\"twitter:title\" content=\"Wie das Jahr 2021 unsere #Zukunft langfristig entscheidend pr\u00e4gen wird\" \/>\n<meta name=\"twitter:description\" content=\"Die #COVID-19-Krise definiert neu, wie Wirtschaft und Gesellschaft funktionieren. Dies soll als Grundger\u00fcst f\u00fcr das Jahr #2021 und dar\u00fcber hinaus dienen.\" \/>\n<meta name=\"twitter:image\" content=\"https:\/\/www.organisator.ch\/wp-content\/uploads\/2020\/12\/Wie-das-Jahr-2021-unsere-Zukunft-langfristig-entscheidend-praegen-wird_Organisator.jpg\" \/>\n<script type=\"application\/ld+json\" class=\"yoast-schema-graph\">{\"@context\":\"https:\\\/\\\/schema.org\",\"@graph\":[{\"@type\":\"Article\",\"@id\":\"https:\\\/\\\/www.organisator.ch\\\/management\\\/2020-12-17\\\/wie-das-jahr-2021-unsere-zukunft-langfristig-entscheidend-praegen-wird\\\/#article\",\"isPartOf\":{\"@id\":\"https:\\\/\\\/www.organisator.ch\\\/management\\\/2020-12-17\\\/wie-das-jahr-2021-unsere-zukunft-langfristig-entscheidend-praegen-wird\\\/\"},\"author\":{\"name\":\"thomas.berner\",\"@id\":\"https:\\\/\\\/www.organisator.ch\\\/#\\\/schema\\\/person\\\/6f650f90b2842cd4c0cc334b4e36f67e\"},\"headline\":\"Wie das Jahr 2021 unsere Zukunft langfristig entscheidend pr\u00e4gen wird\",\"datePublished\":\"2020-12-17T08:13:22+00:00\",\"mainEntityOfPage\":{\"@id\":\"https:\\\/\\\/www.organisator.ch\\\/management\\\/2020-12-17\\\/wie-das-jahr-2021-unsere-zukunft-langfristig-entscheidend-praegen-wird\\\/\"},\"wordCount\":970,\"publisher\":{\"@id\":\"https:\\\/\\\/www.organisator.ch\\\/#organization\"},\"image\":{\"@id\":\"https:\\\/\\\/www.organisator.ch\\\/management\\\/2020-12-17\\\/wie-das-jahr-2021-unsere-zukunft-langfristig-entscheidend-praegen-wird\\\/#primaryimage\"},\"thumbnailUrl\":\"https:\\\/\\\/www.organisator.ch\\\/wp-content\\\/uploads\\\/2020\\\/12\\\/Wie-das-Jahr-2021-unsere-Zukunft-langfristig-entscheidend-praegen-wird_Organisator.jpg\",\"keywords\":[\"Coronavirus\",\"Management und Unternehmensf\u00fchrung\",\"Studie\",\"Trends\",\"Wirtschaftspolitik\"],\"articleSection\":[\"MANAGEMENT\"],\"inLanguage\":\"fr-FR\"},{\"@type\":\"WebPage\",\"@id\":\"https:\\\/\\\/www.organisator.ch\\\/management\\\/2020-12-17\\\/wie-das-jahr-2021-unsere-zukunft-langfristig-entscheidend-praegen-wird\\\/\",\"url\":\"https:\\\/\\\/www.organisator.ch\\\/management\\\/2020-12-17\\\/wie-das-jahr-2021-unsere-zukunft-langfristig-entscheidend-praegen-wird\\\/\",\"name\":\"Wie das Jahr 2021 unsere Zukunft langfristig entscheidend pr\u00e4gen wird - Organisator\",\"isPartOf\":{\"@id\":\"https:\\\/\\\/www.organisator.ch\\\/#website\"},\"primaryImageOfPage\":{\"@id\":\"https:\\\/\\\/www.organisator.ch\\\/management\\\/2020-12-17\\\/wie-das-jahr-2021-unsere-zukunft-langfristig-entscheidend-praegen-wird\\\/#primaryimage\"},\"image\":{\"@id\":\"https:\\\/\\\/www.organisator.ch\\\/management\\\/2020-12-17\\\/wie-das-jahr-2021-unsere-zukunft-langfristig-entscheidend-praegen-wird\\\/#primaryimage\"},\"thumbnailUrl\":\"https:\\\/\\\/www.organisator.ch\\\/wp-content\\\/uploads\\\/2020\\\/12\\\/Wie-das-Jahr-2021-unsere-Zukunft-langfristig-entscheidend-praegen-wird_Organisator.jpg\",\"datePublished\":\"2020-12-17T08:13:22+00:00\",\"description\":\"Die COVID-19-Krise definiert neu, wie Wirtschaft und Gesellschaft funktionieren. Dies soll als Grundger\u00fcst f\u00fcr das Jahr 2021 und dar\u00fcber hinaus dienen.\",\"breadcrumb\":{\"@id\":\"https:\\\/\\\/www.organisator.ch\\\/management\\\/2020-12-17\\\/wie-das-jahr-2021-unsere-zukunft-langfristig-entscheidend-praegen-wird\\\/#breadcrumb\"},\"inLanguage\":\"fr-FR\",\"potentialAction\":[{\"@type\":\"ReadAction\",\"target\":[\"https:\\\/\\\/www.organisator.ch\\\/management\\\/2020-12-17\\\/wie-das-jahr-2021-unsere-zukunft-langfristig-entscheidend-praegen-wird\\\/\"]}]},{\"@type\":\"ImageObject\",\"inLanguage\":\"fr-FR\",\"@id\":\"https:\\\/\\\/www.organisator.ch\\\/management\\\/2020-12-17\\\/wie-das-jahr-2021-unsere-zukunft-langfristig-entscheidend-praegen-wird\\\/#primaryimage\",\"url\":\"https:\\\/\\\/www.organisator.ch\\\/wp-content\\\/uploads\\\/2020\\\/12\\\/Wie-das-Jahr-2021-unsere-Zukunft-langfristig-entscheidend-praegen-wird_Organisator.jpg\",\"contentUrl\":\"https:\\\/\\\/www.organisator.ch\\\/wp-content\\\/uploads\\\/2020\\\/12\\\/Wie-das-Jahr-2021-unsere-Zukunft-langfristig-entscheidend-praegen-wird_Organisator.jpg\",\"width\":680,\"height\":272,\"caption\":\"Das Jahr 2021 d\u00fcrfte in vielerlei Hinsicht entscheidend werden. Wirtschaft und Gesellschaft werden quasi neu definiert werden m\u00fcssen. (Bild: Pixabay.com)\"},{\"@type\":\"BreadcrumbList\",\"@id\":\"https:\\\/\\\/www.organisator.ch\\\/management\\\/2020-12-17\\\/wie-das-jahr-2021-unsere-zukunft-langfristig-entscheidend-praegen-wird\\\/#breadcrumb\",\"itemListElement\":[{\"@type\":\"ListItem\",\"position\":1,\"name\":\"Home\",\"item\":\"https:\\\/\\\/www.organisator.ch\\\/\"},{\"@type\":\"ListItem\",\"position\":2,\"name\":\"Wie das Jahr 2021 unsere Zukunft langfristig entscheidend pr\u00e4gen wird\"}]},{\"@type\":\"WebSite\",\"@id\":\"https:\\\/\\\/www.organisator.ch\\\/#website\",\"url\":\"https:\\\/\\\/www.organisator.ch\\\/\",\"name\":\"Organisator\",\"description\":\"Kompetent. Praxisnah. Der ORGANISATOR bereitet in 10 Ausgaben pro Jahr die wesentlichen Themen f\u00fcr F\u00fchrungskr\u00e4fte von KMU auf.\",\"publisher\":{\"@id\":\"https:\\\/\\\/www.organisator.ch\\\/#organization\"},\"potentialAction\":[{\"@type\":\"SearchAction\",\"target\":{\"@type\":\"EntryPoint\",\"urlTemplate\":\"https:\\\/\\\/www.organisator.ch\\\/?s={search_term_string}\"},\"query-input\":{\"@type\":\"PropertyValueSpecification\",\"valueRequired\":true,\"valueName\":\"search_term_string\"}}],\"inLanguage\":\"fr-FR\"},{\"@type\":\"Organization\",\"@id\":\"https:\\\/\\\/www.organisator.ch\\\/#organization\",\"name\":\"Organisator\",\"url\":\"https:\\\/\\\/www.organisator.ch\\\/\",\"logo\":{\"@type\":\"ImageObject\",\"inLanguage\":\"fr-FR\",\"@id\":\"https:\\\/\\\/www.organisator.ch\\\/#\\\/schema\\\/logo\\\/image\\\/\",\"url\":\"https:\\\/\\\/www.organisator.ch\\\/wp-content\\\/uploads\\\/2022\\\/01\\\/Logo_Organisator_Website.png\",\"contentUrl\":\"https:\\\/\\\/www.organisator.ch\\\/wp-content\\\/uploads\\\/2022\\\/01\\\/Logo_Organisator_Website.png\",\"width\":800,\"height\":77,\"caption\":\"Organisator\"},\"image\":{\"@id\":\"https:\\\/\\\/www.organisator.ch\\\/#\\\/schema\\\/logo\\\/image\\\/\"},\"sameAs\":[\"https:\\\/\\\/www.facebook.com\\\/OrganisatorFachmagazin\",\"https:\\\/\\\/www.linkedin.com\\\/showcase\\\/organisator-das-magazin-fr-kmu\",\"https:\\\/\\\/www.xing.com\\\/news\\\/pages\\\/organisator-ch-695\",\"https:\\\/\\\/www.youtube.com\\\/channel\\\/UCGP2Sq0iWaZwT3BdIAQFYpw\"]},{\"@type\":\"Person\",\"@id\":\"https:\\\/\\\/www.organisator.ch\\\/#\\\/schema\\\/person\\\/6f650f90b2842cd4c0cc334b4e36f67e\",\"name\":\"thomas.berner\",\"image\":{\"@type\":\"ImageObject\",\"inLanguage\":\"fr-FR\",\"@id\":\"https:\\\/\\\/secure.gravatar.com\\\/avatar\\\/ac5001d2a36cb6c6cd3e50789007ffca834b477b74a2144564522e944eabff61?s=96&d=mm&r=g\",\"url\":\"https:\\\/\\\/secure.gravatar.com\\\/avatar\\\/ac5001d2a36cb6c6cd3e50789007ffca834b477b74a2144564522e944eabff61?s=96&d=mm&r=g\",\"contentUrl\":\"https:\\\/\\\/secure.gravatar.com\\\/avatar\\\/ac5001d2a36cb6c6cd3e50789007ffca834b477b74a2144564522e944eabff61?s=96&d=mm&r=g\",\"caption\":\"thomas.berner\"},\"url\":\"https:\\\/\\\/www.organisator.ch\\\/fr\\\/author\\\/thomas-berner\\\/\"}]}<\/script>\n<!-- \/ Yoast SEO plugin. -->","yoast_head_json":{"title":"Comment l'ann\u00e9e 2021 marquera notre avenir de mani\u00e8re d\u00e9cisive \u00e0 long terme - Organisateur","description":"La crise COVID-19 red\u00e9finit la mani\u00e8re dont l'\u00e9conomie et la soci\u00e9t\u00e9 fonctionnent. Cela doit servir de cadre de base pour l'ann\u00e9e 2021 et au-del\u00e0.","robots":{"index":"index","follow":"follow","max-snippet":"max-snippet:-1","max-image-preview":"max-image-preview:large","max-video-preview":"max-video-preview:-1"},"canonical":"https:\/\/www.organisator.ch\/fr\/gestion-2\/2020-12-17\/wie-das-jahr-2021-unsere-zukunft-langfristig-entscheidend-praegen-wird\/","og_locale":"fr_FR","og_type":"article","og_title":"Wie das Jahr 2021 unsere Zukunft langfristig entscheidend pr\u00e4gen wird","og_description":"Die COVID-19-Krise definiert neu, wie Wirtschaft und Gesellschaft funktionieren. Dies soll als Grundger\u00fcst f\u00fcr das Jahr 2021 und dar\u00fcber hinaus dienen.","og_url":"https:\/\/www.organisator.ch\/fr\/gestion-2\/2020-12-17\/wie-das-jahr-2021-unsere-zukunft-langfristig-entscheidend-praegen-wird\/","og_site_name":"Organisator","article_publisher":"https:\/\/www.facebook.com\/OrganisatorFachmagazin","article_published_time":"2020-12-17T08:13:22+00:00","og_image":[{"width":680,"height":272,"url":"https:\/\/www.organisator.ch\/wp-content\/uploads\/2020\/12\/Wie-das-Jahr-2021-unsere-Zukunft-langfristig-entscheidend-praegen-wird_Organisator.jpg","type":"image\/jpeg"}],"author":"thomas.berner","twitter_card":"summary_large_image","twitter_title":"Wie das Jahr 2021 unsere #Zukunft langfristig entscheidend pr\u00e4gen wird","twitter_description":"Die #COVID-19-Krise definiert neu, wie Wirtschaft und Gesellschaft funktionieren. Dies soll als Grundger\u00fcst f\u00fcr das Jahr #2021 und dar\u00fcber hinaus dienen.","twitter_image":"https:\/\/www.organisator.ch\/wp-content\/uploads\/2020\/12\/Wie-das-Jahr-2021-unsere-Zukunft-langfristig-entscheidend-praegen-wird_Organisator.jpg","schema":{"@context":"https:\/\/schema.org","@graph":[{"@type":"Article","@id":"https:\/\/www.organisator.ch\/management\/2020-12-17\/wie-das-jahr-2021-unsere-zukunft-langfristig-entscheidend-praegen-wird\/#article","isPartOf":{"@id":"https:\/\/www.organisator.ch\/management\/2020-12-17\/wie-das-jahr-2021-unsere-zukunft-langfristig-entscheidend-praegen-wird\/"},"author":{"name":"thomas.berner","@id":"https:\/\/www.organisator.ch\/#\/schema\/person\/6f650f90b2842cd4c0cc334b4e36f67e"},"headline":"Wie das Jahr 2021 unsere Zukunft langfristig entscheidend pr\u00e4gen wird","datePublished":"2020-12-17T08:13:22+00:00","mainEntityOfPage":{"@id":"https:\/\/www.organisator.ch\/management\/2020-12-17\/wie-das-jahr-2021-unsere-zukunft-langfristig-entscheidend-praegen-wird\/"},"wordCount":970,"publisher":{"@id":"https:\/\/www.organisator.ch\/#organization"},"image":{"@id":"https:\/\/www.organisator.ch\/management\/2020-12-17\/wie-das-jahr-2021-unsere-zukunft-langfristig-entscheidend-praegen-wird\/#primaryimage"},"thumbnailUrl":"https:\/\/www.organisator.ch\/wp-content\/uploads\/2020\/12\/Wie-das-Jahr-2021-unsere-Zukunft-langfristig-entscheidend-praegen-wird_Organisator.jpg","keywords":["Coronavirus","Management und Unternehmensf\u00fchrung","Studie","Trends","Wirtschaftspolitik"],"articleSection":["MANAGEMENT"],"inLanguage":"fr-FR"},{"@type":"WebPage","@id":"https:\/\/www.organisator.ch\/management\/2020-12-17\/wie-das-jahr-2021-unsere-zukunft-langfristig-entscheidend-praegen-wird\/","url":"https:\/\/www.organisator.ch\/management\/2020-12-17\/wie-das-jahr-2021-unsere-zukunft-langfristig-entscheidend-praegen-wird\/","name":"Comment l'ann\u00e9e 2021 marquera notre avenir de mani\u00e8re d\u00e9cisive \u00e0 long terme - Organisateur","isPartOf":{"@id":"https:\/\/www.organisator.ch\/#website"},"primaryImageOfPage":{"@id":"https:\/\/www.organisator.ch\/management\/2020-12-17\/wie-das-jahr-2021-unsere-zukunft-langfristig-entscheidend-praegen-wird\/#primaryimage"},"image":{"@id":"https:\/\/www.organisator.ch\/management\/2020-12-17\/wie-das-jahr-2021-unsere-zukunft-langfristig-entscheidend-praegen-wird\/#primaryimage"},"thumbnailUrl":"https:\/\/www.organisator.ch\/wp-content\/uploads\/2020\/12\/Wie-das-Jahr-2021-unsere-Zukunft-langfristig-entscheidend-praegen-wird_Organisator.jpg","datePublished":"2020-12-17T08:13:22+00:00","description":"La crise COVID-19 red\u00e9finit la mani\u00e8re dont l'\u00e9conomie et la soci\u00e9t\u00e9 fonctionnent. Cela doit servir de cadre de base pour l'ann\u00e9e 2021 et au-del\u00e0.","breadcrumb":{"@id":"https:\/\/www.organisator.ch\/management\/2020-12-17\/wie-das-jahr-2021-unsere-zukunft-langfristig-entscheidend-praegen-wird\/#breadcrumb"},"inLanguage":"fr-FR","potentialAction":[{"@type":"ReadAction","target":["https:\/\/www.organisator.ch\/management\/2020-12-17\/wie-das-jahr-2021-unsere-zukunft-langfristig-entscheidend-praegen-wird\/"]}]},{"@type":"ImageObject","inLanguage":"fr-FR","@id":"https:\/\/www.organisator.ch\/management\/2020-12-17\/wie-das-jahr-2021-unsere-zukunft-langfristig-entscheidend-praegen-wird\/#primaryimage","url":"https:\/\/www.organisator.ch\/wp-content\/uploads\/2020\/12\/Wie-das-Jahr-2021-unsere-Zukunft-langfristig-entscheidend-praegen-wird_Organisator.jpg","contentUrl":"https:\/\/www.organisator.ch\/wp-content\/uploads\/2020\/12\/Wie-das-Jahr-2021-unsere-Zukunft-langfristig-entscheidend-praegen-wird_Organisator.jpg","width":680,"height":272,"caption":"Das Jahr 2021 d\u00fcrfte in vielerlei Hinsicht entscheidend werden. Wirtschaft und Gesellschaft werden quasi neu definiert werden m\u00fcssen. (Bild: Pixabay.com)"},{"@type":"BreadcrumbList","@id":"https:\/\/www.organisator.ch\/management\/2020-12-17\/wie-das-jahr-2021-unsere-zukunft-langfristig-entscheidend-praegen-wird\/#breadcrumb","itemListElement":[{"@type":"ListItem","position":1,"name":"Home","item":"https:\/\/www.organisator.ch\/"},{"@type":"ListItem","position":2,"name":"Wie das Jahr 2021 unsere Zukunft langfristig entscheidend pr\u00e4gen wird"}]},{"@type":"WebSite","@id":"https:\/\/www.organisator.ch\/#website","url":"https:\/\/www.organisator.ch\/","name":"Organisateur","description":"Comp\u00e9tence et comp\u00e9tence. Proches de la pratique. L'ORGANISATEUR pr\u00e9pare 10 num\u00e9ros par an sur les th\u00e8mes essentiels pour les dirigeants de PME.","publisher":{"@id":"https:\/\/www.organisator.ch\/#organization"},"potentialAction":[{"@type":"SearchAction","target":{"@type":"EntryPoint","urlTemplate":"https:\/\/www.organisator.ch\/?s={search_term_string}"},"query-input":{"@type":"PropertyValueSpecification","valueRequired":true,"valueName":"search_term_string"}}],"inLanguage":"fr-FR"},{"@type":"Organization","@id":"https:\/\/www.organisator.ch\/#organization","name":"Organisateur","url":"https:\/\/www.organisator.ch\/","logo":{"@type":"ImageObject","inLanguage":"fr-FR","@id":"https:\/\/www.organisator.ch\/#\/schema\/logo\/image\/","url":"https:\/\/www.organisator.ch\/wp-content\/uploads\/2022\/01\/Logo_Organisator_Website.png","contentUrl":"https:\/\/www.organisator.ch\/wp-content\/uploads\/2022\/01\/Logo_Organisator_Website.png","width":800,"height":77,"caption":"Organisator"},"image":{"@id":"https:\/\/www.organisator.ch\/#\/schema\/logo\/image\/"},"sameAs":["https:\/\/www.facebook.com\/OrganisatorFachmagazin","https:\/\/www.linkedin.com\/showcase\/organisator-das-magazin-fr-kmu","https:\/\/www.xing.com\/news\/pages\/organisator-ch-695","https:\/\/www.youtube.com\/channel\/UCGP2Sq0iWaZwT3BdIAQFYpw"]},{"@type":"Person","@id":"https:\/\/www.organisator.ch\/#\/schema\/person\/6f650f90b2842cd4c0cc334b4e36f67e","name":"thomas.berner","image":{"@type":"ImageObject","inLanguage":"fr-FR","@id":"https:\/\/secure.gravatar.com\/avatar\/ac5001d2a36cb6c6cd3e50789007ffca834b477b74a2144564522e944eabff61?s=96&d=mm&r=g","url":"https:\/\/secure.gravatar.com\/avatar\/ac5001d2a36cb6c6cd3e50789007ffca834b477b74a2144564522e944eabff61?s=96&d=mm&r=g","contentUrl":"https:\/\/secure.gravatar.com\/avatar\/ac5001d2a36cb6c6cd3e50789007ffca834b477b74a2144564522e944eabff61?s=96&d=mm&r=g","caption":"thomas.berner"},"url":"https:\/\/www.organisator.ch\/fr\/author\/thomas-berner\/"}]}},"_links":{"self":[{"href":"https:\/\/www.organisator.ch\/fr\/wp-json\/wp\/v2\/posts\/7459","targetHints":{"allow":["GET"]}}],"collection":[{"href":"https:\/\/www.organisator.ch\/fr\/wp-json\/wp\/v2\/posts"}],"about":[{"href":"https:\/\/www.organisator.ch\/fr\/wp-json\/wp\/v2\/types\/post"}],"author":[{"embeddable":true,"href":"https:\/\/www.organisator.ch\/fr\/wp-json\/wp\/v2\/users\/4"}],"replies":[{"embeddable":true,"href":"https:\/\/www.organisator.ch\/fr\/wp-json\/wp\/v2\/comments?post=7459"}],"version-history":[{"count":0,"href":"https:\/\/www.organisator.ch\/fr\/wp-json\/wp\/v2\/posts\/7459\/revisions"}],"wp:featuredmedia":[{"embeddable":true,"href":"https:\/\/www.organisator.ch\/fr\/wp-json\/wp\/v2\/media\/7460"}],"wp:attachment":[{"href":"https:\/\/www.organisator.ch\/fr\/wp-json\/wp\/v2\/media?parent=7459"}],"wp:term":[{"taxonomy":"category","embeddable":true,"href":"https:\/\/www.organisator.ch\/fr\/wp-json\/wp\/v2\/categories?post=7459"},{"taxonomy":"post_tag","embeddable":true,"href":"https:\/\/www.organisator.ch\/fr\/wp-json\/wp\/v2\/tags?post=7459"}],"curies":[{"name":"wp","href":"https:\/\/api.w.org\/{rel}","templated":true}]}}