{"id":7468,"date":"2020-12-18T09:13:42","date_gmt":"2020-12-18T08:13:42","guid":{"rendered":"https:\/\/www.organisator.ch\/?p=7468"},"modified":"2020-12-18T09:13:42","modified_gmt":"2020-12-18T08:13:42","slug":"geschaeftliche-agilitaet-durch-eine-unternehmensweite-planung-erhoehen","status":"publish","type":"post","link":"https:\/\/www.organisator.ch\/fr\/management\/2020-12-18\/geschaeftliche-agilitaet-durch-eine-unternehmensweite-planung-erhoehen\/","title":{"rendered":"Augmenter l'agilit\u00e9 commerciale gr\u00e2ce \u00e0 une planification \u00e0 l'\u00e9chelle de l'entreprise"},"content":{"rendered":"<figure id=\"attachment_7469\" aria-describedby=\"caption-attachment-7469\" style=\"width: 680px\" class=\"wp-caption alignnone\"><img loading=\"lazy\" decoding=\"async\" class=\"size-medium wp-image-7469\" src=\"https:\/\/www.organisator.ch\/wp-content\/uploads\/2020\/12\/Geschaeftliche-Agilitaet-durch-eine-unternehmensweite-Planung-erhoehen_Organisator.jpg\" alt=\"\" width=\"680\" height=\"460\" srcset=\"https:\/\/www.organisator.ch\/wp-content\/uploads\/2020\/12\/Geschaeftliche-Agilitaet-durch-eine-unternehmensweite-Planung-erhoehen_Organisator.jpg 680w, https:\/\/www.organisator.ch\/wp-content\/uploads\/2020\/12\/Geschaeftliche-Agilitaet-durch-eine-unternehmensweite-Planung-erhoehen_Organisator-16x12.jpg 16w, https:\/\/www.organisator.ch\/wp-content\/uploads\/2020\/12\/Geschaeftliche-Agilitaet-durch-eine-unternehmensweite-Planung-erhoehen_Organisator-259x175.jpg 259w, https:\/\/www.organisator.ch\/wp-content\/uploads\/2020\/12\/Geschaeftliche-Agilitaet-durch-eine-unternehmensweite-Planung-erhoehen_Organisator-517x350.jpg 517w, https:\/\/www.organisator.ch\/wp-content\/uploads\/2020\/12\/Geschaeftliche-Agilitaet-durch-eine-unternehmensweite-Planung-erhoehen_Organisator-300x203.jpg 300w\" sizes=\"auto, (max-width: 680px) 100vw, 680px\" \/><figcaption id=\"caption-attachment-7469\" class=\"wp-caption-text\">Frank Mens de Workday explique comment l'agilit\u00e9 commerciale peut \u00eatre augment\u00e9e par une planification \u00e0 l'\u00e9chelle de l'entreprise. (Image : zVg \/ Workday)<\/figcaption><\/figure>\n<p>Le succ\u00e8s d'une entreprise d\u00e9pend de plus en plus de sa capacit\u00e9 \u00e0 r\u00e9agir rapidement aux changements du march\u00e9. Ce n'est \u00e9videmment pas facile si l'entreprise est prisonni\u00e8re d'une planification statique et que celle-ci implique de longs cycles de planification ainsi que des plans qui ne s'appuient pas sur des donn\u00e9es actuelles.<\/p>\n<p>Mais qu'est-ce qui caract\u00e9rise une entreprise agile ? L'agilit\u00e9 est la capacit\u00e9 \u00e0 r\u00e9pondre efficacement aux nouvelles tendances en peu de temps, tout en encourageant continuellement l'innovation dans toute l'entreprise. Pour travailler de mani\u00e8re plus agile, les mesures suivantes devraient \u00eatre prises dans l'entreprise : r\u00e9duire la friction des syst\u00e8mes, renforcer la confiance dans les donn\u00e9es et mieux int\u00e9grer le d\u00e9partement financier avec les autres secteurs d'activit\u00e9. Pour cela, il faut une technologie de pointe qui relie le back-office et le front-office.<\/p>\n<h2><strong>Planification \u00e0 l'\u00e9chelle de l'entreprise : la base d'une plus grande agilit\u00e9 <\/strong><\/h2>\n<p>L'agilit\u00e9 est importante pour le succ\u00e8s de l'entreprise - et une approche de planification active en est la cl\u00e9. Pour que les entreprises puissent r\u00e9agir plus rapidement aux changements du march\u00e9, le front-office et le back-office doivent travailler avec des donn\u00e9es en temps r\u00e9el. Pour cela, les d\u00e9partements financiers, par exemple, ont besoin de syst\u00e8mes modernes, faciles \u00e0 utiliser et rapidement adaptables - c'est \u00e9galement le cas pour la planification. Une planification moderne doit \u00eatre collaborative, compl\u00e8te et continue. Ce n'est qu'ainsi que les entreprises peuvent minimiser les risques, maximiser les performances et se cr\u00e9er des avantages concurrentiels. Les mod\u00e8les de planification active permettent aux \u00e9quipes d'\u00e9largir la base de donn\u00e9es pour la planification au-del\u00e0 de la finance et d'utiliser des donn\u00e9es op\u00e9rationnelles et transactionnelles en temps r\u00e9el provenant des syst\u00e8mes de l'entreprise afin de prendre de meilleures d\u00e9cisions guid\u00e9es par les donn\u00e9es. Les trois \u00e9tapes suivantes sont importantes pour une planification \u00e0 l'\u00e9chelle de l'entreprise :<\/p>\n<h2><strong>1. saisir le statu quo<\/strong><\/h2>\n<p>Qu'est-ce qui emp\u00eache votre entreprise de mettre en \u0153uvre une planification d'entreprise moderne et efficace ? Si vous souhaitez effectuer une analyse d\u00e9taill\u00e9e, r\u00e9pondez aux questions suivantes :<\/p>\n<ul>\n<li>Comment se pr\u00e9sente actuellement le processus de planification dans l'entreprise ?<\/li>\n<li>Quelles technologies sont utilis\u00e9es et dans quelle mesure soutiennent-elles une planification active ?<\/li>\n<li>Avez-vous acc\u00e8s \u00e0 toutes les donn\u00e9es dont vous avez besoin ?<\/li>\n<li>Une int\u00e9gration automatis\u00e9e des donn\u00e9es est-elle possible ?<\/li>\n<li>Une planification globale des ressources humaines est-elle r\u00e9alisable d\u00e8s aujourd'hui ?<\/li>\n<\/ul>\n<p>Dans un premier temps, il est important d'avoir une id\u00e9e de l'endroit o\u00f9 il faut commencer pour optimiser les processus de planification.<\/p>\n<h2><strong>2. cr\u00e9er un consensus au sein de l'organisation<\/strong><\/h2>\n<p>Initier des changements au sein d'une entreprise n'est parfois pas une t\u00e2che facile. Pour cela, il faut un porte-parole exp\u00e9riment\u00e9 au plus haut niveau, qui s'engage pour une planification active.  En outre, il faut une \u00e9quipe de projet qui repr\u00e9sente les diff\u00e9rents d\u00e9partements de mani\u00e8re transversale ; parmi eux, les op\u00e9rations, le service commercial, le service du personnel, mais aussi le service informatique. Elle peut aider \u00e0 clarifier les exigences technologiques.<\/p>\n<p>Il convient ensuite d'\u00e9tablir un business case. Combien de temps et d'argent co\u00fbtent les processus manuels ? Quelles opportunit\u00e9s n'ont pas \u00e9t\u00e9 saisies par le pass\u00e9 ? On peut mettre en parall\u00e8le les nouvelles possibilit\u00e9s qu'une planification active apporterait. Par exemple, si le temps consacr\u00e9 \u00e0 la budg\u00e9tisation diminue de 50 %, les employ\u00e9s peuvent consacrer leurs capacit\u00e9s \u00e0 des t\u00e2ches critiques pour l'entreprise, telles que les analyses \"what-if\".<\/p>\n<p>Une fois l'\u00e9quipe constitu\u00e9e et l'objectif clairement d\u00e9fini, la planification du projet pilote peut \u00eatre esquiss\u00e9e. Il est conseill\u00e9 de choisir une fonction au sein du service financier pour que la mise en \u0153uvre soit soumise \u00e0 son propre contr\u00f4le. Un plan de mise en \u0153uvre et la d\u00e9finition des principaux indicateurs de performance cl\u00e9s fournissent une orientation suppl\u00e9mentaire et des arguments de poids pour obtenir le soutien de la direction pour le projet.<\/p>\n<h2><strong>3. mettre en place une planification \u00e0 l'\u00e9chelle de l'entreprise<\/strong><\/h2>\n<p>Il est bien s\u00fbr rapidement rentable de mettre en \u0153uvre le mod\u00e8le de planification moderne d'abord dans le service financier. Mais d\u00e8s qu'une certaine routine s'est install\u00e9e, il faut l'\u00e9tendre aux autres services de l'entreprise. Avec l'\u00e9quipe de projet, les projets de planification peuvent \u00eatre port\u00e9s dans les services du personnel, des ventes et du marketing - c'est un premier pas vers une planification active dans toute l'entreprise.<\/p>\n<p>L'objectif de cette phase est de promouvoir la communication et la coop\u00e9ration entre les diff\u00e9rents services. Des discussions r\u00e9guli\u00e8res avec les parties prenantes permettent de r\u00e9capituler les r\u00e9sultats obtenus jusqu'\u00e0 pr\u00e9sent ou d'identifier les domaines \u00e0 am\u00e9liorer.<\/p>\n<p>Parall\u00e8lement, le processus contribuera \u00e0 positionner le directeur financier comme un partenaire strat\u00e9gique orchestrant la planification dans toute l'entreprise. En premier lieu, le service financier ne sera plus charg\u00e9 de collecter des chiffres budg\u00e9taires et de r\u00e9diger des rapports. L'\u00e9quipe financi\u00e8re devient plut\u00f4t une \"t\u00eate strat\u00e9gique\" aux c\u00f4t\u00e9s du CEO, qui conduit les changements et les innovations n\u00e9cessaires non seulement pour survivre aux p\u00e9riodes d'incertitude, mais aussi pour se d\u00e9velopper en leur sein.<\/p>\n<p><em><strong>Vers l'auteur :<\/strong><\/em><br \/>\n<em>Frank Mens est directeur r\u00e9gional des ventes pour la gestion financi\u00e8re DACH &amp; CE chez <a href=\"https:\/\/www.workday.com\/\">Workday<\/a>. Il est responsable du d\u00e9veloppement et de la mise en \u0153uvre de la strat\u00e9gie de lancement de Workday Financial Management en Allemagne et en Europe continentale.<\/em><\/p>","protected":false},"excerpt":{"rendered":"<p>Der Erfolg eines Unternehmens h\u00e4ngt immer st\u00e4rker von der F\u00e4higkeit ab, schnell auf Ver\u00e4nderungen im Markt reagieren zu k\u00f6nnen. Das ist nat\u00fcrlich nicht einfach, wenn das Unternehmen einer statischen Planung verhaftet und diese mit langen Planungszyklen sowie Pl\u00e4nen, die nicht auf aktuelle Daten zur\u00fcckgreifen, verbunden ist. Aber was macht ein agiles Unternehmen aus? Agilit\u00e4t ist [&hellip;]<\/p>\n","protected":false},"author":4,"featured_media":7469,"comment_status":"closed","ping_status":"closed","sticky":false,"template":"","format":"standard","meta":{"_acf_changed":false,"_yoast_wpseo_focuskw":"unternehmensweite Planung","_yoast_wpseo_metadesc":"Um intelligente, datengesteuerte Entscheidungen in einem dynamischen Marktumfeld treffen zu k\u00f6nnen, braucht es eine unternehmensweite Planung.","articlekey":"","footnotes":""},"categories":[28],"tags":[33,156,335,496],"class_list":["post-7468","post","type-post","status-publish","format-standard","has-post-thumbnail","hentry","category-management","tag-agilitaet","tag-digitalisierung","tag-management-und-unternehmensfuehrung","tag-unternehmensfuehrung"],"acf":[],"yoast_head":"<!-- This site is optimized with the Yoast SEO plugin v27.4 - https:\/\/yoast.com\/product\/yoast-seo-wordpress\/ -->\n<title>Gesch\u00e4ftliche Agilit\u00e4t durch eine unternehmensweite Planung erh\u00f6hen - Organisator<\/title>\n<meta name=\"description\" content=\"Um intelligente, datengesteuerte Entscheidungen in einem dynamischen Marktumfeld treffen zu k\u00f6nnen, braucht es eine unternehmensweite Planung.\" \/>\n<meta name=\"robots\" content=\"index, follow, max-snippet:-1, max-image-preview:large, max-video-preview:-1\" \/>\n<link rel=\"canonical\" href=\"https:\/\/www.organisator.ch\/fr\/gestion-2\/2020-12-18\/geschaeftliche-agilitaet-durch-eine-unternehmensweite-planung-erhoehen\/\" \/>\n<meta property=\"og:locale\" content=\"fr_FR\" \/>\n<meta property=\"og:type\" content=\"article\" \/>\n<meta property=\"og:title\" content=\"Gesch\u00e4ftliche Agilit\u00e4t durch eine unternehmensweite Planung erh\u00f6hen\" \/>\n<meta property=\"og:description\" content=\"Um intelligente, datengesteuerte Entscheidungen in einem dynamischen Marktumfeld treffen zu k\u00f6nnen, braucht es eine unternehmensweite Planung.\" \/>\n<meta property=\"og:url\" content=\"https:\/\/www.organisator.ch\/fr\/gestion-2\/2020-12-18\/geschaeftliche-agilitaet-durch-eine-unternehmensweite-planung-erhoehen\/\" \/>\n<meta property=\"og:site_name\" content=\"Organisator\" \/>\n<meta property=\"article:publisher\" content=\"https:\/\/www.facebook.com\/OrganisatorFachmagazin\" \/>\n<meta property=\"article:published_time\" content=\"2020-12-18T08:13:42+00:00\" \/>\n<meta property=\"og:image\" content=\"https:\/\/www.organisator.ch\/wp-content\/uploads\/2020\/12\/Geschaeftliche-Agilitaet-durch-eine-unternehmensweite-Planung-erhoehen_Organisator.jpg\" \/>\n\t<meta property=\"og:image:width\" content=\"680\" \/>\n\t<meta property=\"og:image:height\" content=\"460\" \/>\n\t<meta property=\"og:image:type\" content=\"image\/jpeg\" \/>\n<meta name=\"author\" content=\"thomas.berner\" \/>\n<meta name=\"twitter:card\" content=\"summary_large_image\" \/>\n<meta name=\"twitter:title\" content=\"Gesch\u00e4ftliche #Agilit\u00e4t durch eine unternehmensweite #Planung erh\u00f6hen\" \/>\n<meta name=\"twitter:description\" content=\"Um intelligente, datengesteuerte Entscheidungen in einem dynamischen #Marktumfeld treffen zu k\u00f6nnen, braucht es eine unternehmensweite #Planung.\" \/>\n<meta name=\"twitter:image\" content=\"https:\/\/www.organisator.ch\/wp-content\/uploads\/2020\/12\/Geschaeftliche-Agilitaet-durch-eine-unternehmensweite-Planung-erhoehen_Organisator.jpg\" \/>\n<script type=\"application\/ld+json\" class=\"yoast-schema-graph\">{\"@context\":\"https:\\\/\\\/schema.org\",\"@graph\":[{\"@type\":\"Article\",\"@id\":\"https:\\\/\\\/www.organisator.ch\\\/management\\\/2020-12-18\\\/geschaeftliche-agilitaet-durch-eine-unternehmensweite-planung-erhoehen\\\/#article\",\"isPartOf\":{\"@id\":\"https:\\\/\\\/www.organisator.ch\\\/management\\\/2020-12-18\\\/geschaeftliche-agilitaet-durch-eine-unternehmensweite-planung-erhoehen\\\/\"},\"author\":{\"name\":\"thomas.berner\",\"@id\":\"https:\\\/\\\/www.organisator.ch\\\/#\\\/schema\\\/person\\\/6f650f90b2842cd4c0cc334b4e36f67e\"},\"headline\":\"Gesch\u00e4ftliche Agilit\u00e4t durch eine unternehmensweite Planung erh\u00f6hen\",\"datePublished\":\"2020-12-18T08:13:42+00:00\",\"mainEntityOfPage\":{\"@id\":\"https:\\\/\\\/www.organisator.ch\\\/management\\\/2020-12-18\\\/geschaeftliche-agilitaet-durch-eine-unternehmensweite-planung-erhoehen\\\/\"},\"wordCount\":821,\"publisher\":{\"@id\":\"https:\\\/\\\/www.organisator.ch\\\/#organization\"},\"image\":{\"@id\":\"https:\\\/\\\/www.organisator.ch\\\/management\\\/2020-12-18\\\/geschaeftliche-agilitaet-durch-eine-unternehmensweite-planung-erhoehen\\\/#primaryimage\"},\"thumbnailUrl\":\"https:\\\/\\\/www.organisator.ch\\\/wp-content\\\/uploads\\\/2020\\\/12\\\/Geschaeftliche-Agilitaet-durch-eine-unternehmensweite-Planung-erhoehen_Organisator.jpg\",\"keywords\":[\"Agilit\u00e4t\",\"Digitalisierung\",\"Management und Unternehmensf\u00fchrung\",\"Unternehmensf\u00fchrung\"],\"articleSection\":[\"MANAGEMENT\"],\"inLanguage\":\"fr-FR\"},{\"@type\":\"WebPage\",\"@id\":\"https:\\\/\\\/www.organisator.ch\\\/management\\\/2020-12-18\\\/geschaeftliche-agilitaet-durch-eine-unternehmensweite-planung-erhoehen\\\/\",\"url\":\"https:\\\/\\\/www.organisator.ch\\\/management\\\/2020-12-18\\\/geschaeftliche-agilitaet-durch-eine-unternehmensweite-planung-erhoehen\\\/\",\"name\":\"Gesch\u00e4ftliche Agilit\u00e4t durch eine unternehmensweite Planung erh\u00f6hen - Organisator\",\"isPartOf\":{\"@id\":\"https:\\\/\\\/www.organisator.ch\\\/#website\"},\"primaryImageOfPage\":{\"@id\":\"https:\\\/\\\/www.organisator.ch\\\/management\\\/2020-12-18\\\/geschaeftliche-agilitaet-durch-eine-unternehmensweite-planung-erhoehen\\\/#primaryimage\"},\"image\":{\"@id\":\"https:\\\/\\\/www.organisator.ch\\\/management\\\/2020-12-18\\\/geschaeftliche-agilitaet-durch-eine-unternehmensweite-planung-erhoehen\\\/#primaryimage\"},\"thumbnailUrl\":\"https:\\\/\\\/www.organisator.ch\\\/wp-content\\\/uploads\\\/2020\\\/12\\\/Geschaeftliche-Agilitaet-durch-eine-unternehmensweite-Planung-erhoehen_Organisator.jpg\",\"datePublished\":\"2020-12-18T08:13:42+00:00\",\"description\":\"Um intelligente, datengesteuerte Entscheidungen in einem dynamischen Marktumfeld treffen zu k\u00f6nnen, braucht es eine unternehmensweite Planung.\",\"breadcrumb\":{\"@id\":\"https:\\\/\\\/www.organisator.ch\\\/management\\\/2020-12-18\\\/geschaeftliche-agilitaet-durch-eine-unternehmensweite-planung-erhoehen\\\/#breadcrumb\"},\"inLanguage\":\"fr-FR\",\"potentialAction\":[{\"@type\":\"ReadAction\",\"target\":[\"https:\\\/\\\/www.organisator.ch\\\/management\\\/2020-12-18\\\/geschaeftliche-agilitaet-durch-eine-unternehmensweite-planung-erhoehen\\\/\"]}]},{\"@type\":\"ImageObject\",\"inLanguage\":\"fr-FR\",\"@id\":\"https:\\\/\\\/www.organisator.ch\\\/management\\\/2020-12-18\\\/geschaeftliche-agilitaet-durch-eine-unternehmensweite-planung-erhoehen\\\/#primaryimage\",\"url\":\"https:\\\/\\\/www.organisator.ch\\\/wp-content\\\/uploads\\\/2020\\\/12\\\/Geschaeftliche-Agilitaet-durch-eine-unternehmensweite-Planung-erhoehen_Organisator.jpg\",\"contentUrl\":\"https:\\\/\\\/www.organisator.ch\\\/wp-content\\\/uploads\\\/2020\\\/12\\\/Geschaeftliche-Agilitaet-durch-eine-unternehmensweite-Planung-erhoehen_Organisator.jpg\",\"width\":680,\"height\":460,\"caption\":\"Frank Mens von Workday erl\u00e4utert, wie sich die gesch\u00e4ftliche Agilit\u00e4t durch eine unternehmensweite Planung erh\u00f6hen l\u00e4sst. (Bild: zVg \\\/ Workday)\"},{\"@type\":\"BreadcrumbList\",\"@id\":\"https:\\\/\\\/www.organisator.ch\\\/management\\\/2020-12-18\\\/geschaeftliche-agilitaet-durch-eine-unternehmensweite-planung-erhoehen\\\/#breadcrumb\",\"itemListElement\":[{\"@type\":\"ListItem\",\"position\":1,\"name\":\"Home\",\"item\":\"https:\\\/\\\/www.organisator.ch\\\/\"},{\"@type\":\"ListItem\",\"position\":2,\"name\":\"Gesch\u00e4ftliche Agilit\u00e4t durch eine unternehmensweite Planung erh\u00f6hen\"}]},{\"@type\":\"WebSite\",\"@id\":\"https:\\\/\\\/www.organisator.ch\\\/#website\",\"url\":\"https:\\\/\\\/www.organisator.ch\\\/\",\"name\":\"Organisator\",\"description\":\"Kompetent. Praxisnah. Der ORGANISATOR bereitet in 10 Ausgaben pro Jahr die wesentlichen Themen f\u00fcr F\u00fchrungskr\u00e4fte von KMU auf.\",\"publisher\":{\"@id\":\"https:\\\/\\\/www.organisator.ch\\\/#organization\"},\"potentialAction\":[{\"@type\":\"SearchAction\",\"target\":{\"@type\":\"EntryPoint\",\"urlTemplate\":\"https:\\\/\\\/www.organisator.ch\\\/?s={search_term_string}\"},\"query-input\":{\"@type\":\"PropertyValueSpecification\",\"valueRequired\":true,\"valueName\":\"search_term_string\"}}],\"inLanguage\":\"fr-FR\"},{\"@type\":\"Organization\",\"@id\":\"https:\\\/\\\/www.organisator.ch\\\/#organization\",\"name\":\"Organisator\",\"url\":\"https:\\\/\\\/www.organisator.ch\\\/\",\"logo\":{\"@type\":\"ImageObject\",\"inLanguage\":\"fr-FR\",\"@id\":\"https:\\\/\\\/www.organisator.ch\\\/#\\\/schema\\\/logo\\\/image\\\/\",\"url\":\"https:\\\/\\\/www.organisator.ch\\\/wp-content\\\/uploads\\\/2022\\\/01\\\/Logo_Organisator_Website.png\",\"contentUrl\":\"https:\\\/\\\/www.organisator.ch\\\/wp-content\\\/uploads\\\/2022\\\/01\\\/Logo_Organisator_Website.png\",\"width\":800,\"height\":77,\"caption\":\"Organisator\"},\"image\":{\"@id\":\"https:\\\/\\\/www.organisator.ch\\\/#\\\/schema\\\/logo\\\/image\\\/\"},\"sameAs\":[\"https:\\\/\\\/www.facebook.com\\\/OrganisatorFachmagazin\",\"https:\\\/\\\/www.linkedin.com\\\/showcase\\\/organisator-das-magazin-fr-kmu\",\"https:\\\/\\\/www.xing.com\\\/news\\\/pages\\\/organisator-ch-695\",\"https:\\\/\\\/www.youtube.com\\\/channel\\\/UCGP2Sq0iWaZwT3BdIAQFYpw\"]},{\"@type\":\"Person\",\"@id\":\"https:\\\/\\\/www.organisator.ch\\\/#\\\/schema\\\/person\\\/6f650f90b2842cd4c0cc334b4e36f67e\",\"name\":\"thomas.berner\",\"image\":{\"@type\":\"ImageObject\",\"inLanguage\":\"fr-FR\",\"@id\":\"https:\\\/\\\/secure.gravatar.com\\\/avatar\\\/ac5001d2a36cb6c6cd3e50789007ffca834b477b74a2144564522e944eabff61?s=96&d=mm&r=g\",\"url\":\"https:\\\/\\\/secure.gravatar.com\\\/avatar\\\/ac5001d2a36cb6c6cd3e50789007ffca834b477b74a2144564522e944eabff61?s=96&d=mm&r=g\",\"contentUrl\":\"https:\\\/\\\/secure.gravatar.com\\\/avatar\\\/ac5001d2a36cb6c6cd3e50789007ffca834b477b74a2144564522e944eabff61?s=96&d=mm&r=g\",\"caption\":\"thomas.berner\"},\"url\":\"https:\\\/\\\/www.organisator.ch\\\/fr\\\/author\\\/thomas-berner\\\/\"}]}<\/script>\n<!-- \/ Yoast SEO plugin. -->","yoast_head_json":{"title":"Augmenter l'agilit\u00e9 commerciale gr\u00e2ce \u00e0 une planification \u00e0 l'\u00e9chelle de l'entreprise - Organisateur","description":"Pour pouvoir prendre des d\u00e9cisions intelligentes, bas\u00e9es sur des donn\u00e9es, dans un environnement de march\u00e9 dynamique, il faut une planification \u00e0 l'\u00e9chelle de l'entreprise.","robots":{"index":"index","follow":"follow","max-snippet":"max-snippet:-1","max-image-preview":"max-image-preview:large","max-video-preview":"max-video-preview:-1"},"canonical":"https:\/\/www.organisator.ch\/fr\/gestion-2\/2020-12-18\/geschaeftliche-agilitaet-durch-eine-unternehmensweite-planung-erhoehen\/","og_locale":"fr_FR","og_type":"article","og_title":"Gesch\u00e4ftliche Agilit\u00e4t durch eine unternehmensweite Planung erh\u00f6hen","og_description":"Um intelligente, datengesteuerte Entscheidungen in einem dynamischen Marktumfeld treffen zu k\u00f6nnen, braucht es eine unternehmensweite Planung.","og_url":"https:\/\/www.organisator.ch\/fr\/gestion-2\/2020-12-18\/geschaeftliche-agilitaet-durch-eine-unternehmensweite-planung-erhoehen\/","og_site_name":"Organisator","article_publisher":"https:\/\/www.facebook.com\/OrganisatorFachmagazin","article_published_time":"2020-12-18T08:13:42+00:00","og_image":[{"width":680,"height":460,"url":"https:\/\/www.organisator.ch\/wp-content\/uploads\/2020\/12\/Geschaeftliche-Agilitaet-durch-eine-unternehmensweite-Planung-erhoehen_Organisator.jpg","type":"image\/jpeg"}],"author":"thomas.berner","twitter_card":"summary_large_image","twitter_title":"Gesch\u00e4ftliche #Agilit\u00e4t durch eine unternehmensweite #Planung erh\u00f6hen","twitter_description":"Um intelligente, datengesteuerte Entscheidungen in einem dynamischen #Marktumfeld treffen zu k\u00f6nnen, braucht es eine unternehmensweite #Planung.","twitter_image":"https:\/\/www.organisator.ch\/wp-content\/uploads\/2020\/12\/Geschaeftliche-Agilitaet-durch-eine-unternehmensweite-Planung-erhoehen_Organisator.jpg","schema":{"@context":"https:\/\/schema.org","@graph":[{"@type":"Article","@id":"https:\/\/www.organisator.ch\/management\/2020-12-18\/geschaeftliche-agilitaet-durch-eine-unternehmensweite-planung-erhoehen\/#article","isPartOf":{"@id":"https:\/\/www.organisator.ch\/management\/2020-12-18\/geschaeftliche-agilitaet-durch-eine-unternehmensweite-planung-erhoehen\/"},"author":{"name":"thomas.berner","@id":"https:\/\/www.organisator.ch\/#\/schema\/person\/6f650f90b2842cd4c0cc334b4e36f67e"},"headline":"Gesch\u00e4ftliche Agilit\u00e4t durch eine unternehmensweite Planung erh\u00f6hen","datePublished":"2020-12-18T08:13:42+00:00","mainEntityOfPage":{"@id":"https:\/\/www.organisator.ch\/management\/2020-12-18\/geschaeftliche-agilitaet-durch-eine-unternehmensweite-planung-erhoehen\/"},"wordCount":821,"publisher":{"@id":"https:\/\/www.organisator.ch\/#organization"},"image":{"@id":"https:\/\/www.organisator.ch\/management\/2020-12-18\/geschaeftliche-agilitaet-durch-eine-unternehmensweite-planung-erhoehen\/#primaryimage"},"thumbnailUrl":"https:\/\/www.organisator.ch\/wp-content\/uploads\/2020\/12\/Geschaeftliche-Agilitaet-durch-eine-unternehmensweite-Planung-erhoehen_Organisator.jpg","keywords":["Agilit\u00e4t","Digitalisierung","Management und Unternehmensf\u00fchrung","Unternehmensf\u00fchrung"],"articleSection":["MANAGEMENT"],"inLanguage":"fr-FR"},{"@type":"WebPage","@id":"https:\/\/www.organisator.ch\/management\/2020-12-18\/geschaeftliche-agilitaet-durch-eine-unternehmensweite-planung-erhoehen\/","url":"https:\/\/www.organisator.ch\/management\/2020-12-18\/geschaeftliche-agilitaet-durch-eine-unternehmensweite-planung-erhoehen\/","name":"Augmenter l'agilit\u00e9 commerciale gr\u00e2ce \u00e0 une planification \u00e0 l'\u00e9chelle de l'entreprise - Organisateur","isPartOf":{"@id":"https:\/\/www.organisator.ch\/#website"},"primaryImageOfPage":{"@id":"https:\/\/www.organisator.ch\/management\/2020-12-18\/geschaeftliche-agilitaet-durch-eine-unternehmensweite-planung-erhoehen\/#primaryimage"},"image":{"@id":"https:\/\/www.organisator.ch\/management\/2020-12-18\/geschaeftliche-agilitaet-durch-eine-unternehmensweite-planung-erhoehen\/#primaryimage"},"thumbnailUrl":"https:\/\/www.organisator.ch\/wp-content\/uploads\/2020\/12\/Geschaeftliche-Agilitaet-durch-eine-unternehmensweite-Planung-erhoehen_Organisator.jpg","datePublished":"2020-12-18T08:13:42+00:00","description":"Pour pouvoir prendre des d\u00e9cisions intelligentes, bas\u00e9es sur des donn\u00e9es, dans un environnement de march\u00e9 dynamique, il faut une planification \u00e0 l'\u00e9chelle de l'entreprise.","breadcrumb":{"@id":"https:\/\/www.organisator.ch\/management\/2020-12-18\/geschaeftliche-agilitaet-durch-eine-unternehmensweite-planung-erhoehen\/#breadcrumb"},"inLanguage":"fr-FR","potentialAction":[{"@type":"ReadAction","target":["https:\/\/www.organisator.ch\/management\/2020-12-18\/geschaeftliche-agilitaet-durch-eine-unternehmensweite-planung-erhoehen\/"]}]},{"@type":"ImageObject","inLanguage":"fr-FR","@id":"https:\/\/www.organisator.ch\/management\/2020-12-18\/geschaeftliche-agilitaet-durch-eine-unternehmensweite-planung-erhoehen\/#primaryimage","url":"https:\/\/www.organisator.ch\/wp-content\/uploads\/2020\/12\/Geschaeftliche-Agilitaet-durch-eine-unternehmensweite-Planung-erhoehen_Organisator.jpg","contentUrl":"https:\/\/www.organisator.ch\/wp-content\/uploads\/2020\/12\/Geschaeftliche-Agilitaet-durch-eine-unternehmensweite-Planung-erhoehen_Organisator.jpg","width":680,"height":460,"caption":"Frank Mens von Workday erl\u00e4utert, wie sich die gesch\u00e4ftliche Agilit\u00e4t durch eine unternehmensweite Planung erh\u00f6hen l\u00e4sst. (Bild: zVg \/ Workday)"},{"@type":"BreadcrumbList","@id":"https:\/\/www.organisator.ch\/management\/2020-12-18\/geschaeftliche-agilitaet-durch-eine-unternehmensweite-planung-erhoehen\/#breadcrumb","itemListElement":[{"@type":"ListItem","position":1,"name":"Home","item":"https:\/\/www.organisator.ch\/"},{"@type":"ListItem","position":2,"name":"Gesch\u00e4ftliche Agilit\u00e4t durch eine unternehmensweite Planung erh\u00f6hen"}]},{"@type":"WebSite","@id":"https:\/\/www.organisator.ch\/#website","url":"https:\/\/www.organisator.ch\/","name":"Organisateur","description":"Comp\u00e9tence et comp\u00e9tence. Proches de la pratique. L'ORGANISATEUR pr\u00e9pare 10 num\u00e9ros par an sur les th\u00e8mes essentiels pour les dirigeants de PME.","publisher":{"@id":"https:\/\/www.organisator.ch\/#organization"},"potentialAction":[{"@type":"SearchAction","target":{"@type":"EntryPoint","urlTemplate":"https:\/\/www.organisator.ch\/?s={search_term_string}"},"query-input":{"@type":"PropertyValueSpecification","valueRequired":true,"valueName":"search_term_string"}}],"inLanguage":"fr-FR"},{"@type":"Organization","@id":"https:\/\/www.organisator.ch\/#organization","name":"Organisateur","url":"https:\/\/www.organisator.ch\/","logo":{"@type":"ImageObject","inLanguage":"fr-FR","@id":"https:\/\/www.organisator.ch\/#\/schema\/logo\/image\/","url":"https:\/\/www.organisator.ch\/wp-content\/uploads\/2022\/01\/Logo_Organisator_Website.png","contentUrl":"https:\/\/www.organisator.ch\/wp-content\/uploads\/2022\/01\/Logo_Organisator_Website.png","width":800,"height":77,"caption":"Organisator"},"image":{"@id":"https:\/\/www.organisator.ch\/#\/schema\/logo\/image\/"},"sameAs":["https:\/\/www.facebook.com\/OrganisatorFachmagazin","https:\/\/www.linkedin.com\/showcase\/organisator-das-magazin-fr-kmu","https:\/\/www.xing.com\/news\/pages\/organisator-ch-695","https:\/\/www.youtube.com\/channel\/UCGP2Sq0iWaZwT3BdIAQFYpw"]},{"@type":"Person","@id":"https:\/\/www.organisator.ch\/#\/schema\/person\/6f650f90b2842cd4c0cc334b4e36f67e","name":"thomas.berner","image":{"@type":"ImageObject","inLanguage":"fr-FR","@id":"https:\/\/secure.gravatar.com\/avatar\/ac5001d2a36cb6c6cd3e50789007ffca834b477b74a2144564522e944eabff61?s=96&d=mm&r=g","url":"https:\/\/secure.gravatar.com\/avatar\/ac5001d2a36cb6c6cd3e50789007ffca834b477b74a2144564522e944eabff61?s=96&d=mm&r=g","contentUrl":"https:\/\/secure.gravatar.com\/avatar\/ac5001d2a36cb6c6cd3e50789007ffca834b477b74a2144564522e944eabff61?s=96&d=mm&r=g","caption":"thomas.berner"},"url":"https:\/\/www.organisator.ch\/fr\/author\/thomas-berner\/"}]}},"_links":{"self":[{"href":"https:\/\/www.organisator.ch\/fr\/wp-json\/wp\/v2\/posts\/7468","targetHints":{"allow":["GET"]}}],"collection":[{"href":"https:\/\/www.organisator.ch\/fr\/wp-json\/wp\/v2\/posts"}],"about":[{"href":"https:\/\/www.organisator.ch\/fr\/wp-json\/wp\/v2\/types\/post"}],"author":[{"embeddable":true,"href":"https:\/\/www.organisator.ch\/fr\/wp-json\/wp\/v2\/users\/4"}],"replies":[{"embeddable":true,"href":"https:\/\/www.organisator.ch\/fr\/wp-json\/wp\/v2\/comments?post=7468"}],"version-history":[{"count":0,"href":"https:\/\/www.organisator.ch\/fr\/wp-json\/wp\/v2\/posts\/7468\/revisions"}],"wp:featuredmedia":[{"embeddable":true,"href":"https:\/\/www.organisator.ch\/fr\/wp-json\/wp\/v2\/media\/7469"}],"wp:attachment":[{"href":"https:\/\/www.organisator.ch\/fr\/wp-json\/wp\/v2\/media?parent=7468"}],"wp:term":[{"taxonomy":"category","embeddable":true,"href":"https:\/\/www.organisator.ch\/fr\/wp-json\/wp\/v2\/categories?post=7468"},{"taxonomy":"post_tag","embeddable":true,"href":"https:\/\/www.organisator.ch\/fr\/wp-json\/wp\/v2\/tags?post=7468"}],"curies":[{"name":"wp","href":"https:\/\/api.w.org\/{rel}","templated":true}]}}