{"id":7482,"date":"2021-01-04T08:15:21","date_gmt":"2021-01-04T07:15:21","guid":{"rendered":"https:\/\/www.organisator.ch\/?p=7482"},"modified":"2021-01-04T08:15:21","modified_gmt":"2021-01-04T07:15:21","slug":"trotz-corona-pandemie-2020-mit-so-vielen-firmengruendungen-wie-nie-zuvor","status":"publish","type":"post","link":"https:\/\/www.organisator.ch\/fr\/management\/2021-01-04\/trotz-corona-pandemie-2020-mit-so-vielen-firmengruendungen-wie-nie-zuvor\/","title":{"rendered":"Malgr\u00e9 la pand\u00e9mie de Corona : 2020 avec plus de cr\u00e9ations d'entreprises que jamais auparavant"},"content":{"rendered":"<figure id=\"attachment_7484\" aria-describedby=\"caption-attachment-7484\" style=\"width: 680px\" class=\"wp-caption alignnone\"><img loading=\"lazy\" decoding=\"async\" class=\"size-medium wp-image-7484\" src=\"https:\/\/www.organisator.ch\/wp-content\/uploads\/2021\/01\/Trotz-Corona-Pandemie-2020-mit-so-vielen-Firmengruendungen-wie-nie-zuvor-1_Organisator.jpg\" alt=\"\" width=\"680\" height=\"247\" srcset=\"https:\/\/www.organisator.ch\/wp-content\/uploads\/2021\/01\/Trotz-Corona-Pandemie-2020-mit-so-vielen-Firmengruendungen-wie-nie-zuvor-1_Organisator.jpg 680w, https:\/\/www.organisator.ch\/wp-content\/uploads\/2021\/01\/Trotz-Corona-Pandemie-2020-mit-so-vielen-Firmengruendungen-wie-nie-zuvor-1_Organisator-16x6.jpg 16w, https:\/\/www.organisator.ch\/wp-content\/uploads\/2021\/01\/Trotz-Corona-Pandemie-2020-mit-so-vielen-Firmengruendungen-wie-nie-zuvor-1_Organisator-375x136.jpg 375w, https:\/\/www.organisator.ch\/wp-content\/uploads\/2021\/01\/Trotz-Corona-Pandemie-2020-mit-so-vielen-Firmengruendungen-wie-nie-zuvor-1_Organisator-300x109.jpg 300w\" sizes=\"auto, (max-width: 680px) 100vw, 680px\" \/><figcaption id=\"caption-attachment-7484\" class=\"wp-caption-text\">Pouce en l'air pour les cr\u00e9ations d'entreprises : L'ann\u00e9e 2020 a \u00e9t\u00e9 une ann\u00e9e record pour les start-ups. (Image : Pixabay.com)<\/figcaption><\/figure>\n<p>Au total, 46 842 nouvelles entreprises ont \u00e9t\u00e9 inscrites au registre du commerce suisse, ce qui correspond \u00e0 une augmentation de +5,3% par rapport \u00e0 l'ann\u00e9e pr\u00e9c\u00e9dente record de 2019. Alors que les mois de \"lockdown\" de mars, avril et mai ont frein\u00e9 le boom des cr\u00e9ations d'entreprises, le nombre de nouvelles entreprises a augment\u00e9 de <a href=\"https:\/\/www.organisator.ch\/wiederanstieg-der-firmengruendungen-im-juni\/\">\u00e0 partir de juin<\/a> a de nouveau augment\u00e9. Ainsi, au troisi\u00e8me trimestre, 11'682 nouvelles entreprises ont \u00e9t\u00e9 cr\u00e9\u00e9es au total, ce qui correspond \u00e0 une augmentation de +15.5%. Le dernier trimestre 2020 a \u00e9galement enregistr\u00e9 une hausse de +13.0% avec 13'208 entreprises.<\/p>\n<h2>Un nombre particuli\u00e8rement \u00e9lev\u00e9 de cr\u00e9ations d'entreprises en Suisse al\u00e9manique<\/h2>\n<p>Les grandes r\u00e9gions Suisse du Nord-Ouest +10.5%, Suisse centrale +10.1%, Suisse orientale +8.4%, Zurich +7.5% et Escape Mittelland +6.0% se r\u00e9jouissent en 2020 de nouveaux records en ce qui concerne le nombre de cr\u00e9ateurs d'entreprise. Tout comme le Tessin a \u00e9t\u00e9 durement touch\u00e9 par la pand\u00e9mie Corona, le recul des cr\u00e9ations d'entreprises au Tessin par rapport \u00e0 l'ann\u00e9e pr\u00e9c\u00e9dente (-10,6%) est \u00e9galement significatif. La Suisse du Sud-Ouest a pu se r\u00e9tablir au cours de l'ann\u00e9e et n'enregistre plus qu'un l\u00e9ger recul de -0,2% de cr\u00e9ations d'entreprises.<\/p>\n<p>En moyenne nationale, 5,61 cr\u00e9ations d'entreprises ont eu lieu l'an dernier en 2020 pour 1 000 habitants. Au total, 10 cantons se situent au-dessus de la moyenne nationale. En t\u00eate, le canton de Zoug (19,91) tr\u00f4ne avec un \u00e9cart remarquable devant Schwyz (8,85), Appenzell Rhodes-Int\u00e9rieures (8,61) et Gen\u00e8ve (7,75). Les cantons suisses les plus frileux en mati\u00e8re de cr\u00e9ation d'entreprises sont Uri (3,18), Berne (3,82) et Schaffhouse (3,92), qui cr\u00e9ent le moins de nouvelles entreprises pour 1 000 habitants.<\/p>\n<h2>Comparaison des 10 derni\u00e8res ann\u00e9es<\/h2>\n<p>Depuis le l\u00e9ger recul enregistr\u00e9 en 2015, l'Office du registre du commerce enregistre une augmentation constante des nouvelles inscriptions. Au cours des dix derni\u00e8res ann\u00e9es, les cr\u00e9ations d'entreprises ont augment\u00e9 de +18%. L'ann\u00e9e 2020 se distingue par un nombre de cr\u00e9ations d'entreprises plus \u00e9lev\u00e9 que jamais et s'av\u00e8re \u00eatre la plus forte ann\u00e9e de cr\u00e9ation depuis l'existence du registre du commerce suisse (FOSC). La FOSC a \u00e9t\u00e9 publi\u00e9e pour la premi\u00e8re fois le 6 janvier 1883.<\/p>\n<figure id=\"attachment_7483\" aria-describedby=\"caption-attachment-7483\" style=\"width: 680px\" class=\"wp-caption alignnone\"><img loading=\"lazy\" decoding=\"async\" class=\"size-medium wp-image-7483\" src=\"https:\/\/www.organisator.ch\/wp-content\/uploads\/2021\/01\/Trotz-Corona-Pandemie-2020-mit-so-vielen-Firmengruendungen-wie-nie-zuvor-2_Organisator.jpg\" alt=\"\" width=\"680\" height=\"408\" srcset=\"https:\/\/www.organisator.ch\/wp-content\/uploads\/2021\/01\/Trotz-Corona-Pandemie-2020-mit-so-vielen-Firmengruendungen-wie-nie-zuvor-2_Organisator.jpg 680w, https:\/\/www.organisator.ch\/wp-content\/uploads\/2021\/01\/Trotz-Corona-Pandemie-2020-mit-so-vielen-Firmengruendungen-wie-nie-zuvor-2_Organisator-16x10.jpg 16w, https:\/\/www.organisator.ch\/wp-content\/uploads\/2021\/01\/Trotz-Corona-Pandemie-2020-mit-so-vielen-Firmengruendungen-wie-nie-zuvor-2_Organisator-292x175.jpg 292w, https:\/\/www.organisator.ch\/wp-content\/uploads\/2021\/01\/Trotz-Corona-Pandemie-2020-mit-so-vielen-Firmengruendungen-wie-nie-zuvor-2_Organisator-583x350.jpg 583w, https:\/\/www.organisator.ch\/wp-content\/uploads\/2021\/01\/Trotz-Corona-Pandemie-2020-mit-so-vielen-Firmengruendungen-wie-nie-zuvor-2_Organisator-300x180.jpg 300w\" sizes=\"auto, (max-width: 680px) 100vw, 680px\" \/><figcaption id=\"caption-attachment-7483\" class=\"wp-caption-text\">(Source : Feuille officielle suisse du commerce FOSC ; analyse : IFJ Institut f\u00fcr Jungunternehmen AG)<\/figcaption><\/figure>\n<h2>Cinq secteurs repr\u00e9sentent 50% de toutes les cr\u00e9ations d'entreprises<\/h2>\n<p>Environ 50% de toutes les nouvelles entreprises sont cr\u00e9\u00e9es dans les secteurs de l'artisanat (16.7%), du conseil (10.2%), du commerce de d\u00e9tail (8.6%), de l'immobilier (8.1%) et des finances et assurances (6.8%). Les domaines d'activit\u00e9 qui cr\u00e9ent le moins d'entreprises sont l'impression et l'\u00e9dition (0.3%), la haute technologie (0.6%), l'agriculture et la sylviculture (1.1%) et la formation (1.8%).<\/p>\n<p>En ce qui concerne l'\u00e9volution des branches par rapport \u00e0 l'ann\u00e9e pr\u00e9c\u00e9dente, il appara\u00eet que les secteurs Marketing et communication de +26.0%, Coiffure et esth\u00e9tique de +21.0%, Commerce de d\u00e9tail de +18.6% et Conseil de +14.1X%, ont connu les plus fortes croissances en pourcentage. Les branches des autres services (agences de voyage, professions lib\u00e9rales) -22.4%, du transport et de la logistique -4.9%, de l'imprimerie et de l'\u00e9dition avec -2.5%, des finances et des assurances -2.1% et de la restauration et de l'h\u00e9bergement -0.9% ont enregistr\u00e9 des baisses.<\/p>\n<h2>Raisons de la forte augmentation des cr\u00e9ations d'entreprises en 2020<\/h2>\n<p>Simon May, directeur de l'IFJ Institut f\u00fcr Jungunternehmen, estime que le nombre \u00e9lev\u00e9 de nouvelles entreprises est un signal positif pour le bon fonctionnement durable de l'\u00e9conomie suisse. L'ann\u00e9e derni\u00e8re, certains secteurs ont profit\u00e9 de l'\u00e9volution de la vie \u00e9conomique et sociale, poursuit May. On n'a jamais d\u00e9pens\u00e9 autant d'argent pour les articles de sport et de loisirs, les gens ont investi dans leur espace de vie personnel, y compris dans l'infrastructure informatique pour le bureau \u00e0 domicile. Les producteurs et les commer\u00e7ants de jouets ainsi que de techniques m\u00e9dicales et de s\u00e9curit\u00e9, les magasins \u00e0 la ferme, les services de streaming, les fournisseurs de livres audio, les services de livraison et, de mani\u00e8re g\u00e9n\u00e9rale, le commerce en ligne ont connu un \u00e9norme boom. Malgr\u00e9 des mesures \u00e9conomiques restrictives, les cr\u00e9ateurs d'entreprise \u00e9taient confiants, comme en t\u00e9moigne la croissance dans la plupart des secteurs. De plus, on assiste actuellement \u00e0 une sorte de \"nettoyage\" des entreprises en mauvaise posture \u00e9conomique, ce qui favorise la cr\u00e9ation de nouvelles entreprises.<\/p>\n<p>Le nombre annuel de nouvelles entreprises repr\u00e9sente environ 7% \u00e0 8% de toutes les entreprises actives en Suisse, estime l'Institut pour les jeunes entreprises. Ces cr\u00e9ations cr\u00e9ent environ 55 000 nouveaux emplois par an, ce qui correspond \u00e0 plus de 1% de tous les salari\u00e9s. Il est donc d'une importance syst\u00e9mique pour la Suisse que de nombreuses nouvelles entreprises soient cr\u00e9\u00e9es chaque ann\u00e9e.<\/p>\n<h2>Le boom des cr\u00e9ations d'entreprises se poursuivra-t-il en 2021 ?<\/h2>\n<p>Selon les estimations de Simon May, la num\u00e9risation va continuer \u00e0 recevoir une \u00e9norme impulsion. \"La voie est ouverte pour des disruptions nationales et mondiales. Car attention : les effets de ce choc \u00e9conomique et soci\u00e9tal mondial ne suivront qu'en cette toute jeune ann\u00e9e 2021 et les ann\u00e9es suivantes\", explique Simon May. Les shutdowns, les aides \u00e9conomiques et les restrictions agiraient encore dans un premier temps comme une digue. Il faut s'attendre \u00e0 ce que cette \"p\u00e9riode d'incubation\" prenne fin lorsque les vaccins seront efficaces, que les contagions resteront durablement r\u00e9duites et que le retour \u00e0 une nouvelle normalit\u00e9 sera un fait. \"La digue c\u00e9dera alors et de nombreuses nouvelles solutions issues de cette p\u00e9riode de pand\u00e9mie trouveront leur chemin vers le march\u00e9. 2021 sera vraiment disruptif et, en m\u00eame temps, un d\u00e9fi pour nous tous\", affirme Simon May avec conviction.<\/p>\n<p><em>Source : <a href=\"http:\/\/www.ifj.ch\">Institut pour jeunes entreprises IFJ<\/a><\/em><\/p>","protected":false},"excerpt":{"rendered":"<p>Insgesamt 46\u2019842 neue Firmeneintr\u00e4ge wurden ins Schweizerische Handelsregister eingetragen, was einem Anstieg von +5,3% im Vergleich zum Rekord-Vorjahr 2019 entspricht. W\u00e4hrend die &#8222;Lockdown&#8220;-Monate M\u00e4rz, April und Mai verst\u00e4ndlicherweise den Gr\u00fcndungsboom bremsten, stieg die Zahl neuer Firmen aber ab Juni wieder an. So wurden im dritten Quartal insgesamt 11&#8217;682 neue Firmen gegr\u00fcndet, was einem Anstieg von [&hellip;]<\/p>\n","protected":false},"author":4,"featured_media":7484,"comment_status":"closed","ping_status":"closed","sticky":false,"template":"","format":"standard","meta":{"_acf_changed":false,"_yoast_wpseo_focuskw":"Firmengr\u00fcndungen","_yoast_wpseo_metadesc":"Das von der COVID-19-Pandemie gepr\u00e4gte Jahr 2020 geht als Rekordjahr an Anzahl Firmengr\u00fcndungen in die Geschichte ein. Dies zeigt die Statistik des IFJ.","articlekey":"","footnotes":""},"categories":[28],"tags":[205,335,451,492],"class_list":["post-7482","post","type-post","status-publish","format-standard","has-post-thumbnail","hentry","category-management","tag-firmengruendungen","tag-management-und-unternehmensfuehrung","tag-startups","tag-unternehmen"],"acf":[],"yoast_head":"<!-- This site is optimized with the Yoast SEO plugin v27.5 - https:\/\/yoast.com\/product\/yoast-seo-wordpress\/ -->\n<title>Trotz Corona-Pandemie: 2020 mit so vielen Firmengr\u00fcndungen wie nie zuvor - Organisator<\/title>\n<meta name=\"description\" content=\"Das von der COVID-19-Pandemie gepr\u00e4gte Jahr 2020 geht als Rekordjahr an Anzahl Firmengr\u00fcndungen in die Geschichte ein. Dies zeigt die Statistik des IFJ.\" \/>\n<meta name=\"robots\" content=\"index, follow, max-snippet:-1, max-image-preview:large, max-video-preview:-1\" \/>\n<link rel=\"canonical\" href=\"https:\/\/www.organisator.ch\/fr\/gestion-2\/2021-01-04\/trotz-corona-pandemie-2020-mit-so-vielen-firmengruendungen-wie-nie-zuvor\/\" \/>\n<meta property=\"og:locale\" content=\"fr_FR\" \/>\n<meta property=\"og:type\" content=\"article\" \/>\n<meta property=\"og:title\" content=\"Trotz Corona-Pandemie: 2020 mit so vielen Firmengr\u00fcndungen wie nie zuvor\" \/>\n<meta property=\"og:description\" content=\"Das von der COVID-19-Pandemie gepr\u00e4gte Jahr 2020 geht als Rekordjahr an Anzahl Firmengr\u00fcndungen in die Geschichte ein. Dies zeigt die Statistik des IFJ.\" \/>\n<meta property=\"og:url\" content=\"https:\/\/www.organisator.ch\/fr\/gestion-2\/2021-01-04\/trotz-corona-pandemie-2020-mit-so-vielen-firmengruendungen-wie-nie-zuvor\/\" \/>\n<meta property=\"og:site_name\" content=\"Organisator\" \/>\n<meta property=\"article:publisher\" content=\"https:\/\/www.facebook.com\/OrganisatorFachmagazin\" \/>\n<meta property=\"article:published_time\" content=\"2021-01-04T07:15:21+00:00\" \/>\n<meta property=\"og:image\" content=\"https:\/\/www.organisator.ch\/wp-content\/uploads\/2021\/01\/Trotz-Corona-Pandemie-2020-mit-so-vielen-Firmengruendungen-wie-nie-zuvor-1_Organisator.jpg\" \/>\n\t<meta property=\"og:image:width\" content=\"680\" \/>\n\t<meta property=\"og:image:height\" content=\"247\" \/>\n\t<meta property=\"og:image:type\" content=\"image\/jpeg\" \/>\n<meta name=\"author\" content=\"thomas.berner\" \/>\n<meta name=\"twitter:card\" content=\"summary_large_image\" \/>\n<meta name=\"twitter:title\" content=\"Trotz Corona-Pandemie: 2020 mit so vielen #Firmengr\u00fcndungen wie nie zuvor\" \/>\n<meta name=\"twitter:description\" content=\"Das von der #COVID-19-Pandemie gepr\u00e4gte Jahr 2020 geht als Rekordjahr an Anzahl #Firmengr\u00fcndungen in die Geschichte ein. Dies zeigt die Statistik des #IFJ.\" \/>\n<meta name=\"twitter:image\" content=\"https:\/\/www.organisator.ch\/wp-content\/uploads\/2021\/01\/Trotz-Corona-Pandemie-2020-mit-so-vielen-Firmengruendungen-wie-nie-zuvor-1_Organisator.jpg\" \/>\n<script type=\"application\/ld+json\" class=\"yoast-schema-graph\">{\"@context\":\"https:\\\/\\\/schema.org\",\"@graph\":[{\"@type\":\"Article\",\"@id\":\"https:\\\/\\\/www.organisator.ch\\\/management\\\/2021-01-04\\\/trotz-corona-pandemie-2020-mit-so-vielen-firmengruendungen-wie-nie-zuvor\\\/#article\",\"isPartOf\":{\"@id\":\"https:\\\/\\\/www.organisator.ch\\\/management\\\/2021-01-04\\\/trotz-corona-pandemie-2020-mit-so-vielen-firmengruendungen-wie-nie-zuvor\\\/\"},\"author\":{\"name\":\"thomas.berner\",\"@id\":\"https:\\\/\\\/www.organisator.ch\\\/#\\\/schema\\\/person\\\/6f650f90b2842cd4c0cc334b4e36f67e\"},\"headline\":\"Trotz Corona-Pandemie: 2020 mit so vielen Firmengr\u00fcndungen wie nie zuvor\",\"datePublished\":\"2021-01-04T07:15:21+00:00\",\"mainEntityOfPage\":{\"@id\":\"https:\\\/\\\/www.organisator.ch\\\/management\\\/2021-01-04\\\/trotz-corona-pandemie-2020-mit-so-vielen-firmengruendungen-wie-nie-zuvor\\\/\"},\"wordCount\":768,\"publisher\":{\"@id\":\"https:\\\/\\\/www.organisator.ch\\\/#organization\"},\"image\":{\"@id\":\"https:\\\/\\\/www.organisator.ch\\\/management\\\/2021-01-04\\\/trotz-corona-pandemie-2020-mit-so-vielen-firmengruendungen-wie-nie-zuvor\\\/#primaryimage\"},\"thumbnailUrl\":\"https:\\\/\\\/www.organisator.ch\\\/wp-content\\\/uploads\\\/2021\\\/01\\\/Trotz-Corona-Pandemie-2020-mit-so-vielen-Firmengruendungen-wie-nie-zuvor-1_Organisator.jpg\",\"keywords\":[\"Firmengr\u00fcndungen\",\"Management und Unternehmensf\u00fchrung\",\"Startups\",\"Unternehmen\"],\"articleSection\":[\"MANAGEMENT\"],\"inLanguage\":\"fr-FR\"},{\"@type\":\"WebPage\",\"@id\":\"https:\\\/\\\/www.organisator.ch\\\/management\\\/2021-01-04\\\/trotz-corona-pandemie-2020-mit-so-vielen-firmengruendungen-wie-nie-zuvor\\\/\",\"url\":\"https:\\\/\\\/www.organisator.ch\\\/management\\\/2021-01-04\\\/trotz-corona-pandemie-2020-mit-so-vielen-firmengruendungen-wie-nie-zuvor\\\/\",\"name\":\"Trotz Corona-Pandemie: 2020 mit so vielen Firmengr\u00fcndungen wie nie zuvor - Organisator\",\"isPartOf\":{\"@id\":\"https:\\\/\\\/www.organisator.ch\\\/#website\"},\"primaryImageOfPage\":{\"@id\":\"https:\\\/\\\/www.organisator.ch\\\/management\\\/2021-01-04\\\/trotz-corona-pandemie-2020-mit-so-vielen-firmengruendungen-wie-nie-zuvor\\\/#primaryimage\"},\"image\":{\"@id\":\"https:\\\/\\\/www.organisator.ch\\\/management\\\/2021-01-04\\\/trotz-corona-pandemie-2020-mit-so-vielen-firmengruendungen-wie-nie-zuvor\\\/#primaryimage\"},\"thumbnailUrl\":\"https:\\\/\\\/www.organisator.ch\\\/wp-content\\\/uploads\\\/2021\\\/01\\\/Trotz-Corona-Pandemie-2020-mit-so-vielen-Firmengruendungen-wie-nie-zuvor-1_Organisator.jpg\",\"datePublished\":\"2021-01-04T07:15:21+00:00\",\"description\":\"Das von der COVID-19-Pandemie gepr\u00e4gte Jahr 2020 geht als Rekordjahr an Anzahl Firmengr\u00fcndungen in die Geschichte ein. Dies zeigt die Statistik des IFJ.\",\"breadcrumb\":{\"@id\":\"https:\\\/\\\/www.organisator.ch\\\/management\\\/2021-01-04\\\/trotz-corona-pandemie-2020-mit-so-vielen-firmengruendungen-wie-nie-zuvor\\\/#breadcrumb\"},\"inLanguage\":\"fr-FR\",\"potentialAction\":[{\"@type\":\"ReadAction\",\"target\":[\"https:\\\/\\\/www.organisator.ch\\\/management\\\/2021-01-04\\\/trotz-corona-pandemie-2020-mit-so-vielen-firmengruendungen-wie-nie-zuvor\\\/\"]}]},{\"@type\":\"ImageObject\",\"inLanguage\":\"fr-FR\",\"@id\":\"https:\\\/\\\/www.organisator.ch\\\/management\\\/2021-01-04\\\/trotz-corona-pandemie-2020-mit-so-vielen-firmengruendungen-wie-nie-zuvor\\\/#primaryimage\",\"url\":\"https:\\\/\\\/www.organisator.ch\\\/wp-content\\\/uploads\\\/2021\\\/01\\\/Trotz-Corona-Pandemie-2020-mit-so-vielen-Firmengruendungen-wie-nie-zuvor-1_Organisator.jpg\",\"contentUrl\":\"https:\\\/\\\/www.organisator.ch\\\/wp-content\\\/uploads\\\/2021\\\/01\\\/Trotz-Corona-Pandemie-2020-mit-so-vielen-Firmengruendungen-wie-nie-zuvor-1_Organisator.jpg\",\"width\":680,\"height\":247,\"caption\":\"Daumen hoch f\u00fcr Firmengr\u00fcndungen: Das Jahr 2020 war ein Rekordjahr f\u00fcr Startups. (Bild: Pixabay.com)\"},{\"@type\":\"BreadcrumbList\",\"@id\":\"https:\\\/\\\/www.organisator.ch\\\/management\\\/2021-01-04\\\/trotz-corona-pandemie-2020-mit-so-vielen-firmengruendungen-wie-nie-zuvor\\\/#breadcrumb\",\"itemListElement\":[{\"@type\":\"ListItem\",\"position\":1,\"name\":\"Home\",\"item\":\"https:\\\/\\\/www.organisator.ch\\\/\"},{\"@type\":\"ListItem\",\"position\":2,\"name\":\"Trotz Corona-Pandemie: 2020 mit so vielen Firmengr\u00fcndungen wie nie zuvor\"}]},{\"@type\":\"WebSite\",\"@id\":\"https:\\\/\\\/www.organisator.ch\\\/#website\",\"url\":\"https:\\\/\\\/www.organisator.ch\\\/\",\"name\":\"Organisator\",\"description\":\"Kompetent. Praxisnah. Der ORGANISATOR bereitet in 10 Ausgaben pro Jahr die wesentlichen Themen f\u00fcr F\u00fchrungskr\u00e4fte von KMU auf.\",\"publisher\":{\"@id\":\"https:\\\/\\\/www.organisator.ch\\\/#organization\"},\"potentialAction\":[{\"@type\":\"SearchAction\",\"target\":{\"@type\":\"EntryPoint\",\"urlTemplate\":\"https:\\\/\\\/www.organisator.ch\\\/?s={search_term_string}\"},\"query-input\":{\"@type\":\"PropertyValueSpecification\",\"valueRequired\":true,\"valueName\":\"search_term_string\"}}],\"inLanguage\":\"fr-FR\"},{\"@type\":\"Organization\",\"@id\":\"https:\\\/\\\/www.organisator.ch\\\/#organization\",\"name\":\"Organisator\",\"url\":\"https:\\\/\\\/www.organisator.ch\\\/\",\"logo\":{\"@type\":\"ImageObject\",\"inLanguage\":\"fr-FR\",\"@id\":\"https:\\\/\\\/www.organisator.ch\\\/#\\\/schema\\\/logo\\\/image\\\/\",\"url\":\"https:\\\/\\\/www.organisator.ch\\\/wp-content\\\/uploads\\\/2022\\\/01\\\/Logo_Organisator_Website.png\",\"contentUrl\":\"https:\\\/\\\/www.organisator.ch\\\/wp-content\\\/uploads\\\/2022\\\/01\\\/Logo_Organisator_Website.png\",\"width\":800,\"height\":77,\"caption\":\"Organisator\"},\"image\":{\"@id\":\"https:\\\/\\\/www.organisator.ch\\\/#\\\/schema\\\/logo\\\/image\\\/\"},\"sameAs\":[\"https:\\\/\\\/www.facebook.com\\\/OrganisatorFachmagazin\",\"https:\\\/\\\/www.linkedin.com\\\/showcase\\\/organisator-das-magazin-fr-kmu\",\"https:\\\/\\\/www.xing.com\\\/news\\\/pages\\\/organisator-ch-695\",\"https:\\\/\\\/www.youtube.com\\\/channel\\\/UCGP2Sq0iWaZwT3BdIAQFYpw\"]},{\"@type\":\"Person\",\"@id\":\"https:\\\/\\\/www.organisator.ch\\\/#\\\/schema\\\/person\\\/6f650f90b2842cd4c0cc334b4e36f67e\",\"name\":\"thomas.berner\",\"image\":{\"@type\":\"ImageObject\",\"inLanguage\":\"fr-FR\",\"@id\":\"https:\\\/\\\/secure.gravatar.com\\\/avatar\\\/ac5001d2a36cb6c6cd3e50789007ffca834b477b74a2144564522e944eabff61?s=96&d=mm&r=g\",\"url\":\"https:\\\/\\\/secure.gravatar.com\\\/avatar\\\/ac5001d2a36cb6c6cd3e50789007ffca834b477b74a2144564522e944eabff61?s=96&d=mm&r=g\",\"contentUrl\":\"https:\\\/\\\/secure.gravatar.com\\\/avatar\\\/ac5001d2a36cb6c6cd3e50789007ffca834b477b74a2144564522e944eabff61?s=96&d=mm&r=g\",\"caption\":\"thomas.berner\"},\"url\":\"https:\\\/\\\/www.organisator.ch\\\/fr\\\/author\\\/thomas-berner\\\/\"}]}<\/script>\n<!-- \/ Yoast SEO plugin. -->","yoast_head_json":{"title":"Malgr\u00e9 la pand\u00e9mie de Corona : 2020 avec plus de cr\u00e9ations d'entreprises que jamais - Organisateur","description":"L'ann\u00e9e 2020, marqu\u00e9e par la pand\u00e9mie COVID-19, entrera dans l'histoire comme une ann\u00e9e record en termes de nombre de cr\u00e9ations d'entreprises. C'est ce que r\u00e9v\u00e8lent les statistiques de l'IFJ.","robots":{"index":"index","follow":"follow","max-snippet":"max-snippet:-1","max-image-preview":"max-image-preview:large","max-video-preview":"max-video-preview:-1"},"canonical":"https:\/\/www.organisator.ch\/fr\/gestion-2\/2021-01-04\/trotz-corona-pandemie-2020-mit-so-vielen-firmengruendungen-wie-nie-zuvor\/","og_locale":"fr_FR","og_type":"article","og_title":"Trotz Corona-Pandemie: 2020 mit so vielen Firmengr\u00fcndungen wie nie zuvor","og_description":"Das von der COVID-19-Pandemie gepr\u00e4gte Jahr 2020 geht als Rekordjahr an Anzahl Firmengr\u00fcndungen in die Geschichte ein. Dies zeigt die Statistik des IFJ.","og_url":"https:\/\/www.organisator.ch\/fr\/gestion-2\/2021-01-04\/trotz-corona-pandemie-2020-mit-so-vielen-firmengruendungen-wie-nie-zuvor\/","og_site_name":"Organisator","article_publisher":"https:\/\/www.facebook.com\/OrganisatorFachmagazin","article_published_time":"2021-01-04T07:15:21+00:00","og_image":[{"width":680,"height":247,"url":"https:\/\/www.organisator.ch\/wp-content\/uploads\/2021\/01\/Trotz-Corona-Pandemie-2020-mit-so-vielen-Firmengruendungen-wie-nie-zuvor-1_Organisator.jpg","type":"image\/jpeg"}],"author":"thomas.berner","twitter_card":"summary_large_image","twitter_title":"Trotz Corona-Pandemie: 2020 mit so vielen #Firmengr\u00fcndungen wie nie zuvor","twitter_description":"Das von der #COVID-19-Pandemie gepr\u00e4gte Jahr 2020 geht als Rekordjahr an Anzahl #Firmengr\u00fcndungen in die Geschichte ein. Dies zeigt die Statistik des #IFJ.","twitter_image":"https:\/\/www.organisator.ch\/wp-content\/uploads\/2021\/01\/Trotz-Corona-Pandemie-2020-mit-so-vielen-Firmengruendungen-wie-nie-zuvor-1_Organisator.jpg","schema":{"@context":"https:\/\/schema.org","@graph":[{"@type":"Article","@id":"https:\/\/www.organisator.ch\/management\/2021-01-04\/trotz-corona-pandemie-2020-mit-so-vielen-firmengruendungen-wie-nie-zuvor\/#article","isPartOf":{"@id":"https:\/\/www.organisator.ch\/management\/2021-01-04\/trotz-corona-pandemie-2020-mit-so-vielen-firmengruendungen-wie-nie-zuvor\/"},"author":{"name":"thomas.berner","@id":"https:\/\/www.organisator.ch\/#\/schema\/person\/6f650f90b2842cd4c0cc334b4e36f67e"},"headline":"Trotz Corona-Pandemie: 2020 mit so vielen Firmengr\u00fcndungen wie nie zuvor","datePublished":"2021-01-04T07:15:21+00:00","mainEntityOfPage":{"@id":"https:\/\/www.organisator.ch\/management\/2021-01-04\/trotz-corona-pandemie-2020-mit-so-vielen-firmengruendungen-wie-nie-zuvor\/"},"wordCount":768,"publisher":{"@id":"https:\/\/www.organisator.ch\/#organization"},"image":{"@id":"https:\/\/www.organisator.ch\/management\/2021-01-04\/trotz-corona-pandemie-2020-mit-so-vielen-firmengruendungen-wie-nie-zuvor\/#primaryimage"},"thumbnailUrl":"https:\/\/www.organisator.ch\/wp-content\/uploads\/2021\/01\/Trotz-Corona-Pandemie-2020-mit-so-vielen-Firmengruendungen-wie-nie-zuvor-1_Organisator.jpg","keywords":["Firmengr\u00fcndungen","Management und Unternehmensf\u00fchrung","Startups","Unternehmen"],"articleSection":["MANAGEMENT"],"inLanguage":"fr-FR"},{"@type":"WebPage","@id":"https:\/\/www.organisator.ch\/management\/2021-01-04\/trotz-corona-pandemie-2020-mit-so-vielen-firmengruendungen-wie-nie-zuvor\/","url":"https:\/\/www.organisator.ch\/management\/2021-01-04\/trotz-corona-pandemie-2020-mit-so-vielen-firmengruendungen-wie-nie-zuvor\/","name":"Malgr\u00e9 la pand\u00e9mie de Corona : 2020 avec plus de cr\u00e9ations d'entreprises que jamais - Organisateur","isPartOf":{"@id":"https:\/\/www.organisator.ch\/#website"},"primaryImageOfPage":{"@id":"https:\/\/www.organisator.ch\/management\/2021-01-04\/trotz-corona-pandemie-2020-mit-so-vielen-firmengruendungen-wie-nie-zuvor\/#primaryimage"},"image":{"@id":"https:\/\/www.organisator.ch\/management\/2021-01-04\/trotz-corona-pandemie-2020-mit-so-vielen-firmengruendungen-wie-nie-zuvor\/#primaryimage"},"thumbnailUrl":"https:\/\/www.organisator.ch\/wp-content\/uploads\/2021\/01\/Trotz-Corona-Pandemie-2020-mit-so-vielen-Firmengruendungen-wie-nie-zuvor-1_Organisator.jpg","datePublished":"2021-01-04T07:15:21+00:00","description":"L'ann\u00e9e 2020, marqu\u00e9e par la pand\u00e9mie COVID-19, entrera dans l'histoire comme une ann\u00e9e record en termes de nombre de cr\u00e9ations d'entreprises. C'est ce que r\u00e9v\u00e8lent les statistiques de l'IFJ.","breadcrumb":{"@id":"https:\/\/www.organisator.ch\/management\/2021-01-04\/trotz-corona-pandemie-2020-mit-so-vielen-firmengruendungen-wie-nie-zuvor\/#breadcrumb"},"inLanguage":"fr-FR","potentialAction":[{"@type":"ReadAction","target":["https:\/\/www.organisator.ch\/management\/2021-01-04\/trotz-corona-pandemie-2020-mit-so-vielen-firmengruendungen-wie-nie-zuvor\/"]}]},{"@type":"ImageObject","inLanguage":"fr-FR","@id":"https:\/\/www.organisator.ch\/management\/2021-01-04\/trotz-corona-pandemie-2020-mit-so-vielen-firmengruendungen-wie-nie-zuvor\/#primaryimage","url":"https:\/\/www.organisator.ch\/wp-content\/uploads\/2021\/01\/Trotz-Corona-Pandemie-2020-mit-so-vielen-Firmengruendungen-wie-nie-zuvor-1_Organisator.jpg","contentUrl":"https:\/\/www.organisator.ch\/wp-content\/uploads\/2021\/01\/Trotz-Corona-Pandemie-2020-mit-so-vielen-Firmengruendungen-wie-nie-zuvor-1_Organisator.jpg","width":680,"height":247,"caption":"Daumen hoch f\u00fcr Firmengr\u00fcndungen: Das Jahr 2020 war ein Rekordjahr f\u00fcr Startups. (Bild: Pixabay.com)"},{"@type":"BreadcrumbList","@id":"https:\/\/www.organisator.ch\/management\/2021-01-04\/trotz-corona-pandemie-2020-mit-so-vielen-firmengruendungen-wie-nie-zuvor\/#breadcrumb","itemListElement":[{"@type":"ListItem","position":1,"name":"Home","item":"https:\/\/www.organisator.ch\/"},{"@type":"ListItem","position":2,"name":"Trotz Corona-Pandemie: 2020 mit so vielen Firmengr\u00fcndungen wie nie zuvor"}]},{"@type":"WebSite","@id":"https:\/\/www.organisator.ch\/#website","url":"https:\/\/www.organisator.ch\/","name":"Organisateur","description":"Comp\u00e9tence et comp\u00e9tence. Proches de la pratique. L'ORGANISATEUR pr\u00e9pare 10 num\u00e9ros par an sur les th\u00e8mes essentiels pour les dirigeants de PME.","publisher":{"@id":"https:\/\/www.organisator.ch\/#organization"},"potentialAction":[{"@type":"SearchAction","target":{"@type":"EntryPoint","urlTemplate":"https:\/\/www.organisator.ch\/?s={search_term_string}"},"query-input":{"@type":"PropertyValueSpecification","valueRequired":true,"valueName":"search_term_string"}}],"inLanguage":"fr-FR"},{"@type":"Organization","@id":"https:\/\/www.organisator.ch\/#organization","name":"Organisateur","url":"https:\/\/www.organisator.ch\/","logo":{"@type":"ImageObject","inLanguage":"fr-FR","@id":"https:\/\/www.organisator.ch\/#\/schema\/logo\/image\/","url":"https:\/\/www.organisator.ch\/wp-content\/uploads\/2022\/01\/Logo_Organisator_Website.png","contentUrl":"https:\/\/www.organisator.ch\/wp-content\/uploads\/2022\/01\/Logo_Organisator_Website.png","width":800,"height":77,"caption":"Organisator"},"image":{"@id":"https:\/\/www.organisator.ch\/#\/schema\/logo\/image\/"},"sameAs":["https:\/\/www.facebook.com\/OrganisatorFachmagazin","https:\/\/www.linkedin.com\/showcase\/organisator-das-magazin-fr-kmu","https:\/\/www.xing.com\/news\/pages\/organisator-ch-695","https:\/\/www.youtube.com\/channel\/UCGP2Sq0iWaZwT3BdIAQFYpw"]},{"@type":"Person","@id":"https:\/\/www.organisator.ch\/#\/schema\/person\/6f650f90b2842cd4c0cc334b4e36f67e","name":"thomas.berner","image":{"@type":"ImageObject","inLanguage":"fr-FR","@id":"https:\/\/secure.gravatar.com\/avatar\/ac5001d2a36cb6c6cd3e50789007ffca834b477b74a2144564522e944eabff61?s=96&d=mm&r=g","url":"https:\/\/secure.gravatar.com\/avatar\/ac5001d2a36cb6c6cd3e50789007ffca834b477b74a2144564522e944eabff61?s=96&d=mm&r=g","contentUrl":"https:\/\/secure.gravatar.com\/avatar\/ac5001d2a36cb6c6cd3e50789007ffca834b477b74a2144564522e944eabff61?s=96&d=mm&r=g","caption":"thomas.berner"},"url":"https:\/\/www.organisator.ch\/fr\/author\/thomas-berner\/"}]}},"_links":{"self":[{"href":"https:\/\/www.organisator.ch\/fr\/wp-json\/wp\/v2\/posts\/7482","targetHints":{"allow":["GET"]}}],"collection":[{"href":"https:\/\/www.organisator.ch\/fr\/wp-json\/wp\/v2\/posts"}],"about":[{"href":"https:\/\/www.organisator.ch\/fr\/wp-json\/wp\/v2\/types\/post"}],"author":[{"embeddable":true,"href":"https:\/\/www.organisator.ch\/fr\/wp-json\/wp\/v2\/users\/4"}],"replies":[{"embeddable":true,"href":"https:\/\/www.organisator.ch\/fr\/wp-json\/wp\/v2\/comments?post=7482"}],"version-history":[{"count":0,"href":"https:\/\/www.organisator.ch\/fr\/wp-json\/wp\/v2\/posts\/7482\/revisions"}],"wp:featuredmedia":[{"embeddable":true,"href":"https:\/\/www.organisator.ch\/fr\/wp-json\/wp\/v2\/media\/7484"}],"wp:attachment":[{"href":"https:\/\/www.organisator.ch\/fr\/wp-json\/wp\/v2\/media?parent=7482"}],"wp:term":[{"taxonomy":"category","embeddable":true,"href":"https:\/\/www.organisator.ch\/fr\/wp-json\/wp\/v2\/categories?post=7482"},{"taxonomy":"post_tag","embeddable":true,"href":"https:\/\/www.organisator.ch\/fr\/wp-json\/wp\/v2\/tags?post=7482"}],"curies":[{"name":"wp","href":"https:\/\/api.w.org\/{rel}","templated":true}]}}