{"id":7506,"date":"2021-01-12T07:36:50","date_gmt":"2021-01-12T06:36:50","guid":{"rendered":"https:\/\/www.organisator.ch\/?p=7506"},"modified":"2021-01-12T07:36:50","modified_gmt":"2021-01-12T06:36:50","slug":"saeule-3a-im-corona-jahr-jeder-fuenfte-hat-weniger-investiert","status":"publish","type":"post","link":"https:\/\/www.organisator.ch\/fr\/management\/finanzen_recht\/2021-01-12\/saeule-3a-im-corona-jahr-jeder-fuenfte-hat-weniger-investiert\/","title":{"rendered":"Pilier 3a en ann\u00e9e Corona : une personne sur cinq a moins investi"},"content":{"rendered":"<figure id=\"attachment_7507\" aria-describedby=\"caption-attachment-7507\" style=\"width: 680px\" class=\"wp-caption alignnone\"><img loading=\"lazy\" decoding=\"async\" class=\"size-medium wp-image-7507\" src=\"https:\/\/www.organisator.ch\/wp-content\/uploads\/2021\/01\/Saeule-3a-im-Corona-Jahr-Jeder-Fuenfte-hat-weniger-investiert-2_Organisator.jpg\" alt=\"\" width=\"680\" height=\"447\" srcset=\"https:\/\/www.organisator.ch\/wp-content\/uploads\/2021\/01\/Saeule-3a-im-Corona-Jahr-Jeder-Fuenfte-hat-weniger-investiert-2_Organisator.jpg 680w, https:\/\/www.organisator.ch\/wp-content\/uploads\/2021\/01\/Saeule-3a-im-Corona-Jahr-Jeder-Fuenfte-hat-weniger-investiert-2_Organisator-16x12.jpg 16w, https:\/\/www.organisator.ch\/wp-content\/uploads\/2021\/01\/Saeule-3a-im-Corona-Jahr-Jeder-Fuenfte-hat-weniger-investiert-2_Organisator-266x175.jpg 266w, https:\/\/www.organisator.ch\/wp-content\/uploads\/2021\/01\/Saeule-3a-im-Corona-Jahr-Jeder-Fuenfte-hat-weniger-investiert-2_Organisator-532x350.jpg 532w, https:\/\/www.organisator.ch\/wp-content\/uploads\/2021\/01\/Saeule-3a-im-Corona-Jahr-Jeder-Fuenfte-hat-weniger-investiert-2_Organisator-300x197.jpg 300w\" sizes=\"auto, (max-width: 680px) 100vw, 680px\" \/><figcaption id=\"caption-attachment-7507\" class=\"wp-caption-text\">C'est le montant que les Suisses versent dans le pilier 3a. (Source : comparis.ch)<\/figcaption><\/figure>\n<p>Dans une enqu\u00eate repr\u00e9sentative men\u00e9e fin novembre par le service de comparaison en ligne Comparis, 53 % des participants au sondage ont indiqu\u00e9 avoir une solution de pr\u00e9voyance 3a. Parmi eux, pr\u00e8s d'une personne sur cinq (21 %) a moins ou pas du tout cotis\u00e9 au troisi\u00e8me pilier l'ann\u00e9e derni\u00e8re. \"Cela refl\u00e8te entre autres les pertes de salaire dues au ch\u00f4mage partiel ainsi que les licenciements li\u00e9s \u00e0 Corona\", explique Leo Hug, expert en pr\u00e9voyance chez Comparis. En effet, interrog\u00e9s sur les raisons de leur renoncement \u00e0 un versement, 43 % des personnes concern\u00e9es ont fait valoir un revenu inf\u00e9rieur \u00e0 celui de l'ann\u00e9e pr\u00e9c\u00e9dente.<\/p>\n<h2><strong>36 % ont investi leur part d'\u00e9pargne ailleurs en 2020<\/strong><\/h2>\n<p>Si la baisse des revenus est l'argument le plus souvent cit\u00e9, il n'est pas le seul \u00e0 expliquer le recul des versements dans le pilier 3a. 19 pour cent des \u00e9pargnants 3a qui ont vers\u00e9 moins ou rien sur leur compte de pr\u00e9voyance indiquent avoir utilis\u00e9 leur part d'\u00e9pargne pour d'autres v\u00e9hicules de placement, par exemple pour des investissements directs en actions sur un d\u00e9p\u00f4t bancaire. 17 pour cent des personnes interrog\u00e9es ont d\u00e9clar\u00e9 qu'il ne leur restait pas d'argent pour le troisi\u00e8me pilier en raison d'un achat important.<\/p>\n<p>En 2020, les trois quarts des personnes qui cotisent normalement au pilier 3a ont investi autant ou plus d'argent que l'ann\u00e9e pr\u00e9c\u00e9dente dans la pr\u00e9voyance priv\u00e9e fiscalement privil\u00e9gi\u00e9e. Parmi elles, un peu plus de la moiti\u00e9 (59 %) a vers\u00e9 le montant maximal (6 826 francs pour les personnes affili\u00e9es \u00e0 une caisse de pension) - nettement plus d'hommes que de femmes (64 % contre 52 %).<\/p>\n<h2><strong>Les retraites anticip\u00e9es ont un impact sur le pilier 3a<\/strong><\/h2>\n<p>80 pour cent des \u00e9pargnants 3a \u00e2g\u00e9s de moins de 55 ans ont investi l'ann\u00e9e derni\u00e8re plus ou autant que l'ann\u00e9e pr\u00e9c\u00e9dente dans le pilier 3a. Chez les plus de 56 ans, ils n'\u00e9taient en revanche que 56 pour cent. Un quart (25 pour cent) des plus de 56 ans ont m\u00eame compl\u00e8tement renonc\u00e9 \u00e0 alimenter leur compte 3a.<\/p>\n<p>\"Les versements significativement plus faibles des personnes \u00e2g\u00e9es ne sont gu\u00e8re li\u00e9s aux cons\u00e9quences \u00e9conomiques de la pand\u00e9mie de Corona\", explique Hug. \"Dans ce groupe d'\u00e2ge, il y a beaucoup de pr\u00e9retrait\u00e9s sans revenu professionnel soumis \u00e0 l'AVS qui n'ont pas encore fait verser leur pilier 3a\".<\/p>\n<p><em>Source : <a href=\"http:\/\/www.comparis.ch\">Comparis<\/a><\/em><\/p>","protected":false},"excerpt":{"rendered":"<p>In einer Ende November durchgef\u00fchrten repr\u00e4sentativen Befragung des Online-Vergleichsdienstes Comparis geben 53 Prozent der Umfrageteilnehmenden an, eine 3a-Vorsorgel\u00f6sung zu haben. Davon hat fast jede f\u00fcnfte Person (21 Prozent) im vergangenen Jahr weniger oder gar nicht in die Dritte S\u00e4ule eingezahlt. \u00abDarin spiegeln sich unter anderem die Lohnausf\u00e4lle wegen Kurzarbeit sowie Corona-bedingte Entlassungen\u00bb, sagt Leo Hug, [&hellip;]<\/p>\n","protected":false},"author":4,"featured_media":7507,"comment_status":"closed","ping_status":"closed","sticky":false,"template":"","format":"standard","meta":{"_acf_changed":false,"_yoast_wpseo_focuskw":"S\u00e4ule 3a","_yoast_wpseo_metadesc":"Gem\u00e4ss einer Umfrage von Comparis haben \u00fcber 20 Prozent der Sparer 2020 weniger oder gar nicht in die freiwillige S\u00e4ule 3a investiert.","articlekey":"","footnotes":""},"categories":[24],"tags":[202,487,516],"class_list":["post-7506","post","type-post","status-publish","format-standard","has-post-thumbnail","hentry","category-finanzen_recht","tag-finanzenrecht","tag-umfrage","tag-vorsorge"],"acf":[],"yoast_head":"<!-- This site is optimized with the Yoast SEO plugin v27.4 - https:\/\/yoast.com\/product\/yoast-seo-wordpress\/ -->\n<title>S\u00e4ule 3a im Corona-Jahr: Jeder F\u00fcnfte hat weniger investiert - Organisator<\/title>\n<meta name=\"description\" content=\"Gem\u00e4ss einer Umfrage von Comparis haben \u00fcber 20 Prozent der Sparer 2020 weniger oder gar nicht in die freiwillige S\u00e4ule 3a investiert.\" \/>\n<meta name=\"robots\" content=\"index, follow, max-snippet:-1, max-image-preview:large, max-video-preview:-1\" \/>\n<link rel=\"canonical\" href=\"https:\/\/www.organisator.ch\/fr\/gestion-2\/finanzen_recht\/2021-01-12\/saeule-3a-im-corona-jahr-jeder-fuenfte-hat-weniger-investiert\/\" \/>\n<meta property=\"og:locale\" content=\"fr_FR\" \/>\n<meta property=\"og:type\" content=\"article\" \/>\n<meta property=\"og:title\" content=\"S\u00e4ule 3a im Corona-Jahr: Jeder F\u00fcnfte hat weniger investiert\" \/>\n<meta property=\"og:description\" content=\"Gem\u00e4ss einer Umfrage von Comparis haben \u00fcber 20 Prozent der Sparer 2020 weniger oder gar nicht in die freiwillige S\u00e4ule 3a investiert.\" \/>\n<meta property=\"og:url\" content=\"https:\/\/www.organisator.ch\/fr\/gestion-2\/finanzen_recht\/2021-01-12\/saeule-3a-im-corona-jahr-jeder-fuenfte-hat-weniger-investiert\/\" \/>\n<meta property=\"og:site_name\" content=\"Organisator\" \/>\n<meta property=\"article:publisher\" content=\"https:\/\/www.facebook.com\/OrganisatorFachmagazin\" \/>\n<meta property=\"article:published_time\" content=\"2021-01-12T06:36:50+00:00\" \/>\n<meta property=\"og:image\" content=\"https:\/\/www.organisator.ch\/wp-content\/uploads\/2021\/01\/Saeule-3a-im-Corona-Jahr-Jeder-Fuenfte-hat-weniger-investiert-2_Organisator.jpg\" \/>\n\t<meta property=\"og:image:width\" content=\"680\" \/>\n\t<meta property=\"og:image:height\" content=\"447\" \/>\n\t<meta property=\"og:image:type\" content=\"image\/jpeg\" \/>\n<meta name=\"author\" content=\"thomas.berner\" \/>\n<meta name=\"twitter:card\" content=\"summary_large_image\" \/>\n<meta name=\"twitter:title\" content=\"S\u00e4ule 3a im Corona-Jahr: Jeder F\u00fcnfte hat weniger investiert\" \/>\n<meta name=\"twitter:description\" content=\"Gem\u00e4ss einer Umfrage von Comparis haben \u00fcber 20 Prozent der Sparer 2020 weniger oder gar nicht in die freiwillige S\u00e4ule 3a investiert.\" \/>\n<meta name=\"twitter:image\" content=\"https:\/\/www.organisator.ch\/wp-content\/uploads\/2021\/01\/Saeule-3a-im-Corona-Jahr-Jeder-Fuenfte-hat-weniger-investiert-2_Organisator.jpg\" \/>\n<script type=\"application\/ld+json\" class=\"yoast-schema-graph\">{\"@context\":\"https:\\\/\\\/schema.org\",\"@graph\":[{\"@type\":\"Article\",\"@id\":\"https:\\\/\\\/www.organisator.ch\\\/management\\\/finanzen_recht\\\/2021-01-12\\\/saeule-3a-im-corona-jahr-jeder-fuenfte-hat-weniger-investiert\\\/#article\",\"isPartOf\":{\"@id\":\"https:\\\/\\\/www.organisator.ch\\\/management\\\/finanzen_recht\\\/2021-01-12\\\/saeule-3a-im-corona-jahr-jeder-fuenfte-hat-weniger-investiert\\\/\"},\"author\":{\"name\":\"thomas.berner\",\"@id\":\"https:\\\/\\\/www.organisator.ch\\\/#\\\/schema\\\/person\\\/6f650f90b2842cd4c0cc334b4e36f67e\"},\"headline\":\"S\u00e4ule 3a im Corona-Jahr: Jeder F\u00fcnfte hat weniger investiert\",\"datePublished\":\"2021-01-12T06:36:50+00:00\",\"mainEntityOfPage\":{\"@id\":\"https:\\\/\\\/www.organisator.ch\\\/management\\\/finanzen_recht\\\/2021-01-12\\\/saeule-3a-im-corona-jahr-jeder-fuenfte-hat-weniger-investiert\\\/\"},\"wordCount\":366,\"publisher\":{\"@id\":\"https:\\\/\\\/www.organisator.ch\\\/#organization\"},\"image\":{\"@id\":\"https:\\\/\\\/www.organisator.ch\\\/management\\\/finanzen_recht\\\/2021-01-12\\\/saeule-3a-im-corona-jahr-jeder-fuenfte-hat-weniger-investiert\\\/#primaryimage\"},\"thumbnailUrl\":\"https:\\\/\\\/www.organisator.ch\\\/wp-content\\\/uploads\\\/2021\\\/01\\\/Saeule-3a-im-Corona-Jahr-Jeder-Fuenfte-hat-weniger-investiert-2_Organisator.jpg\",\"keywords\":[\"Finanzen\\\/Recht\",\"Umfrage\",\"Vorsorge\"],\"articleSection\":[\"FINANZEN\\\/RECHT\"],\"inLanguage\":\"fr-FR\"},{\"@type\":\"WebPage\",\"@id\":\"https:\\\/\\\/www.organisator.ch\\\/management\\\/finanzen_recht\\\/2021-01-12\\\/saeule-3a-im-corona-jahr-jeder-fuenfte-hat-weniger-investiert\\\/\",\"url\":\"https:\\\/\\\/www.organisator.ch\\\/management\\\/finanzen_recht\\\/2021-01-12\\\/saeule-3a-im-corona-jahr-jeder-fuenfte-hat-weniger-investiert\\\/\",\"name\":\"S\u00e4ule 3a im Corona-Jahr: Jeder F\u00fcnfte hat weniger investiert - Organisator\",\"isPartOf\":{\"@id\":\"https:\\\/\\\/www.organisator.ch\\\/#website\"},\"primaryImageOfPage\":{\"@id\":\"https:\\\/\\\/www.organisator.ch\\\/management\\\/finanzen_recht\\\/2021-01-12\\\/saeule-3a-im-corona-jahr-jeder-fuenfte-hat-weniger-investiert\\\/#primaryimage\"},\"image\":{\"@id\":\"https:\\\/\\\/www.organisator.ch\\\/management\\\/finanzen_recht\\\/2021-01-12\\\/saeule-3a-im-corona-jahr-jeder-fuenfte-hat-weniger-investiert\\\/#primaryimage\"},\"thumbnailUrl\":\"https:\\\/\\\/www.organisator.ch\\\/wp-content\\\/uploads\\\/2021\\\/01\\\/Saeule-3a-im-Corona-Jahr-Jeder-Fuenfte-hat-weniger-investiert-2_Organisator.jpg\",\"datePublished\":\"2021-01-12T06:36:50+00:00\",\"description\":\"Gem\u00e4ss einer Umfrage von Comparis haben \u00fcber 20 Prozent der Sparer 2020 weniger oder gar nicht in die freiwillige S\u00e4ule 3a investiert.\",\"breadcrumb\":{\"@id\":\"https:\\\/\\\/www.organisator.ch\\\/management\\\/finanzen_recht\\\/2021-01-12\\\/saeule-3a-im-corona-jahr-jeder-fuenfte-hat-weniger-investiert\\\/#breadcrumb\"},\"inLanguage\":\"fr-FR\",\"potentialAction\":[{\"@type\":\"ReadAction\",\"target\":[\"https:\\\/\\\/www.organisator.ch\\\/management\\\/finanzen_recht\\\/2021-01-12\\\/saeule-3a-im-corona-jahr-jeder-fuenfte-hat-weniger-investiert\\\/\"]}]},{\"@type\":\"ImageObject\",\"inLanguage\":\"fr-FR\",\"@id\":\"https:\\\/\\\/www.organisator.ch\\\/management\\\/finanzen_recht\\\/2021-01-12\\\/saeule-3a-im-corona-jahr-jeder-fuenfte-hat-weniger-investiert\\\/#primaryimage\",\"url\":\"https:\\\/\\\/www.organisator.ch\\\/wp-content\\\/uploads\\\/2021\\\/01\\\/Saeule-3a-im-Corona-Jahr-Jeder-Fuenfte-hat-weniger-investiert-2_Organisator.jpg\",\"contentUrl\":\"https:\\\/\\\/www.organisator.ch\\\/wp-content\\\/uploads\\\/2021\\\/01\\\/Saeule-3a-im-Corona-Jahr-Jeder-Fuenfte-hat-weniger-investiert-2_Organisator.jpg\",\"width\":680,\"height\":447,\"caption\":\"So viel zahlen Schweizer in die S\u00e4ule 3a ein. (Quelle: comparis.ch)\"},{\"@type\":\"BreadcrumbList\",\"@id\":\"https:\\\/\\\/www.organisator.ch\\\/management\\\/finanzen_recht\\\/2021-01-12\\\/saeule-3a-im-corona-jahr-jeder-fuenfte-hat-weniger-investiert\\\/#breadcrumb\",\"itemListElement\":[{\"@type\":\"ListItem\",\"position\":1,\"name\":\"Home\",\"item\":\"https:\\\/\\\/www.organisator.ch\\\/\"},{\"@type\":\"ListItem\",\"position\":2,\"name\":\"S\u00e4ule 3a im Corona-Jahr: Jeder F\u00fcnfte hat weniger investiert\"}]},{\"@type\":\"WebSite\",\"@id\":\"https:\\\/\\\/www.organisator.ch\\\/#website\",\"url\":\"https:\\\/\\\/www.organisator.ch\\\/\",\"name\":\"Organisator\",\"description\":\"Kompetent. Praxisnah. Der ORGANISATOR bereitet in 10 Ausgaben pro Jahr die wesentlichen Themen f\u00fcr F\u00fchrungskr\u00e4fte von KMU auf.\",\"publisher\":{\"@id\":\"https:\\\/\\\/www.organisator.ch\\\/#organization\"},\"potentialAction\":[{\"@type\":\"SearchAction\",\"target\":{\"@type\":\"EntryPoint\",\"urlTemplate\":\"https:\\\/\\\/www.organisator.ch\\\/?s={search_term_string}\"},\"query-input\":{\"@type\":\"PropertyValueSpecification\",\"valueRequired\":true,\"valueName\":\"search_term_string\"}}],\"inLanguage\":\"fr-FR\"},{\"@type\":\"Organization\",\"@id\":\"https:\\\/\\\/www.organisator.ch\\\/#organization\",\"name\":\"Organisator\",\"url\":\"https:\\\/\\\/www.organisator.ch\\\/\",\"logo\":{\"@type\":\"ImageObject\",\"inLanguage\":\"fr-FR\",\"@id\":\"https:\\\/\\\/www.organisator.ch\\\/#\\\/schema\\\/logo\\\/image\\\/\",\"url\":\"https:\\\/\\\/www.organisator.ch\\\/wp-content\\\/uploads\\\/2022\\\/01\\\/Logo_Organisator_Website.png\",\"contentUrl\":\"https:\\\/\\\/www.organisator.ch\\\/wp-content\\\/uploads\\\/2022\\\/01\\\/Logo_Organisator_Website.png\",\"width\":800,\"height\":77,\"caption\":\"Organisator\"},\"image\":{\"@id\":\"https:\\\/\\\/www.organisator.ch\\\/#\\\/schema\\\/logo\\\/image\\\/\"},\"sameAs\":[\"https:\\\/\\\/www.facebook.com\\\/OrganisatorFachmagazin\",\"https:\\\/\\\/www.linkedin.com\\\/showcase\\\/organisator-das-magazin-fr-kmu\",\"https:\\\/\\\/www.xing.com\\\/news\\\/pages\\\/organisator-ch-695\",\"https:\\\/\\\/www.youtube.com\\\/channel\\\/UCGP2Sq0iWaZwT3BdIAQFYpw\"]},{\"@type\":\"Person\",\"@id\":\"https:\\\/\\\/www.organisator.ch\\\/#\\\/schema\\\/person\\\/6f650f90b2842cd4c0cc334b4e36f67e\",\"name\":\"thomas.berner\",\"image\":{\"@type\":\"ImageObject\",\"inLanguage\":\"fr-FR\",\"@id\":\"https:\\\/\\\/secure.gravatar.com\\\/avatar\\\/ac5001d2a36cb6c6cd3e50789007ffca834b477b74a2144564522e944eabff61?s=96&d=mm&r=g\",\"url\":\"https:\\\/\\\/secure.gravatar.com\\\/avatar\\\/ac5001d2a36cb6c6cd3e50789007ffca834b477b74a2144564522e944eabff61?s=96&d=mm&r=g\",\"contentUrl\":\"https:\\\/\\\/secure.gravatar.com\\\/avatar\\\/ac5001d2a36cb6c6cd3e50789007ffca834b477b74a2144564522e944eabff61?s=96&d=mm&r=g\",\"caption\":\"thomas.berner\"},\"url\":\"https:\\\/\\\/www.organisator.ch\\\/fr\\\/author\\\/thomas-berner\\\/\"}]}<\/script>\n<!-- \/ Yoast SEO plugin. -->","yoast_head_json":{"title":"Le pilier 3a en ann\u00e9e Corona : une personne sur cinq a moins investi - Organisateur","description":"Selon une enqu\u00eate de Comparis, plus de 20 % des \u00e9pargnants ont moins ou pas du tout investi dans le pilier 3a facultatif en 2020.","robots":{"index":"index","follow":"follow","max-snippet":"max-snippet:-1","max-image-preview":"max-image-preview:large","max-video-preview":"max-video-preview:-1"},"canonical":"https:\/\/www.organisator.ch\/fr\/gestion-2\/finanzen_recht\/2021-01-12\/saeule-3a-im-corona-jahr-jeder-fuenfte-hat-weniger-investiert\/","og_locale":"fr_FR","og_type":"article","og_title":"S\u00e4ule 3a im Corona-Jahr: Jeder F\u00fcnfte hat weniger investiert","og_description":"Gem\u00e4ss einer Umfrage von Comparis haben \u00fcber 20 Prozent der Sparer 2020 weniger oder gar nicht in die freiwillige S\u00e4ule 3a investiert.","og_url":"https:\/\/www.organisator.ch\/fr\/gestion-2\/finanzen_recht\/2021-01-12\/saeule-3a-im-corona-jahr-jeder-fuenfte-hat-weniger-investiert\/","og_site_name":"Organisator","article_publisher":"https:\/\/www.facebook.com\/OrganisatorFachmagazin","article_published_time":"2021-01-12T06:36:50+00:00","og_image":[{"width":680,"height":447,"url":"https:\/\/www.organisator.ch\/wp-content\/uploads\/2021\/01\/Saeule-3a-im-Corona-Jahr-Jeder-Fuenfte-hat-weniger-investiert-2_Organisator.jpg","type":"image\/jpeg"}],"author":"thomas.berner","twitter_card":"summary_large_image","twitter_title":"S\u00e4ule 3a im Corona-Jahr: Jeder F\u00fcnfte hat weniger investiert","twitter_description":"Gem\u00e4ss einer Umfrage von Comparis haben \u00fcber 20 Prozent der Sparer 2020 weniger oder gar nicht in die freiwillige S\u00e4ule 3a investiert.","twitter_image":"https:\/\/www.organisator.ch\/wp-content\/uploads\/2021\/01\/Saeule-3a-im-Corona-Jahr-Jeder-Fuenfte-hat-weniger-investiert-2_Organisator.jpg","schema":{"@context":"https:\/\/schema.org","@graph":[{"@type":"Article","@id":"https:\/\/www.organisator.ch\/management\/finanzen_recht\/2021-01-12\/saeule-3a-im-corona-jahr-jeder-fuenfte-hat-weniger-investiert\/#article","isPartOf":{"@id":"https:\/\/www.organisator.ch\/management\/finanzen_recht\/2021-01-12\/saeule-3a-im-corona-jahr-jeder-fuenfte-hat-weniger-investiert\/"},"author":{"name":"thomas.berner","@id":"https:\/\/www.organisator.ch\/#\/schema\/person\/6f650f90b2842cd4c0cc334b4e36f67e"},"headline":"S\u00e4ule 3a im Corona-Jahr: Jeder F\u00fcnfte hat weniger investiert","datePublished":"2021-01-12T06:36:50+00:00","mainEntityOfPage":{"@id":"https:\/\/www.organisator.ch\/management\/finanzen_recht\/2021-01-12\/saeule-3a-im-corona-jahr-jeder-fuenfte-hat-weniger-investiert\/"},"wordCount":366,"publisher":{"@id":"https:\/\/www.organisator.ch\/#organization"},"image":{"@id":"https:\/\/www.organisator.ch\/management\/finanzen_recht\/2021-01-12\/saeule-3a-im-corona-jahr-jeder-fuenfte-hat-weniger-investiert\/#primaryimage"},"thumbnailUrl":"https:\/\/www.organisator.ch\/wp-content\/uploads\/2021\/01\/Saeule-3a-im-Corona-Jahr-Jeder-Fuenfte-hat-weniger-investiert-2_Organisator.jpg","keywords":["Finanzen\/Recht","Umfrage","Vorsorge"],"articleSection":["FINANZEN\/RECHT"],"inLanguage":"fr-FR"},{"@type":"WebPage","@id":"https:\/\/www.organisator.ch\/management\/finanzen_recht\/2021-01-12\/saeule-3a-im-corona-jahr-jeder-fuenfte-hat-weniger-investiert\/","url":"https:\/\/www.organisator.ch\/management\/finanzen_recht\/2021-01-12\/saeule-3a-im-corona-jahr-jeder-fuenfte-hat-weniger-investiert\/","name":"Le pilier 3a en ann\u00e9e Corona : une personne sur cinq a moins investi - Organisateur","isPartOf":{"@id":"https:\/\/www.organisator.ch\/#website"},"primaryImageOfPage":{"@id":"https:\/\/www.organisator.ch\/management\/finanzen_recht\/2021-01-12\/saeule-3a-im-corona-jahr-jeder-fuenfte-hat-weniger-investiert\/#primaryimage"},"image":{"@id":"https:\/\/www.organisator.ch\/management\/finanzen_recht\/2021-01-12\/saeule-3a-im-corona-jahr-jeder-fuenfte-hat-weniger-investiert\/#primaryimage"},"thumbnailUrl":"https:\/\/www.organisator.ch\/wp-content\/uploads\/2021\/01\/Saeule-3a-im-Corona-Jahr-Jeder-Fuenfte-hat-weniger-investiert-2_Organisator.jpg","datePublished":"2021-01-12T06:36:50+00:00","description":"Selon une enqu\u00eate de Comparis, plus de 20 % des \u00e9pargnants ont moins ou pas du tout investi dans le pilier 3a facultatif en 2020.","breadcrumb":{"@id":"https:\/\/www.organisator.ch\/management\/finanzen_recht\/2021-01-12\/saeule-3a-im-corona-jahr-jeder-fuenfte-hat-weniger-investiert\/#breadcrumb"},"inLanguage":"fr-FR","potentialAction":[{"@type":"ReadAction","target":["https:\/\/www.organisator.ch\/management\/finanzen_recht\/2021-01-12\/saeule-3a-im-corona-jahr-jeder-fuenfte-hat-weniger-investiert\/"]}]},{"@type":"ImageObject","inLanguage":"fr-FR","@id":"https:\/\/www.organisator.ch\/management\/finanzen_recht\/2021-01-12\/saeule-3a-im-corona-jahr-jeder-fuenfte-hat-weniger-investiert\/#primaryimage","url":"https:\/\/www.organisator.ch\/wp-content\/uploads\/2021\/01\/Saeule-3a-im-Corona-Jahr-Jeder-Fuenfte-hat-weniger-investiert-2_Organisator.jpg","contentUrl":"https:\/\/www.organisator.ch\/wp-content\/uploads\/2021\/01\/Saeule-3a-im-Corona-Jahr-Jeder-Fuenfte-hat-weniger-investiert-2_Organisator.jpg","width":680,"height":447,"caption":"So viel zahlen Schweizer in die S\u00e4ule 3a ein. (Quelle: comparis.ch)"},{"@type":"BreadcrumbList","@id":"https:\/\/www.organisator.ch\/management\/finanzen_recht\/2021-01-12\/saeule-3a-im-corona-jahr-jeder-fuenfte-hat-weniger-investiert\/#breadcrumb","itemListElement":[{"@type":"ListItem","position":1,"name":"Home","item":"https:\/\/www.organisator.ch\/"},{"@type":"ListItem","position":2,"name":"S\u00e4ule 3a im Corona-Jahr: Jeder F\u00fcnfte hat weniger investiert"}]},{"@type":"WebSite","@id":"https:\/\/www.organisator.ch\/#website","url":"https:\/\/www.organisator.ch\/","name":"Organisateur","description":"Comp\u00e9tence et comp\u00e9tence. Proches de la pratique. L'ORGANISATEUR pr\u00e9pare 10 num\u00e9ros par an sur les th\u00e8mes essentiels pour les dirigeants de PME.","publisher":{"@id":"https:\/\/www.organisator.ch\/#organization"},"potentialAction":[{"@type":"SearchAction","target":{"@type":"EntryPoint","urlTemplate":"https:\/\/www.organisator.ch\/?s={search_term_string}"},"query-input":{"@type":"PropertyValueSpecification","valueRequired":true,"valueName":"search_term_string"}}],"inLanguage":"fr-FR"},{"@type":"Organization","@id":"https:\/\/www.organisator.ch\/#organization","name":"Organisateur","url":"https:\/\/www.organisator.ch\/","logo":{"@type":"ImageObject","inLanguage":"fr-FR","@id":"https:\/\/www.organisator.ch\/#\/schema\/logo\/image\/","url":"https:\/\/www.organisator.ch\/wp-content\/uploads\/2022\/01\/Logo_Organisator_Website.png","contentUrl":"https:\/\/www.organisator.ch\/wp-content\/uploads\/2022\/01\/Logo_Organisator_Website.png","width":800,"height":77,"caption":"Organisator"},"image":{"@id":"https:\/\/www.organisator.ch\/#\/schema\/logo\/image\/"},"sameAs":["https:\/\/www.facebook.com\/OrganisatorFachmagazin","https:\/\/www.linkedin.com\/showcase\/organisator-das-magazin-fr-kmu","https:\/\/www.xing.com\/news\/pages\/organisator-ch-695","https:\/\/www.youtube.com\/channel\/UCGP2Sq0iWaZwT3BdIAQFYpw"]},{"@type":"Person","@id":"https:\/\/www.organisator.ch\/#\/schema\/person\/6f650f90b2842cd4c0cc334b4e36f67e","name":"thomas.berner","image":{"@type":"ImageObject","inLanguage":"fr-FR","@id":"https:\/\/secure.gravatar.com\/avatar\/ac5001d2a36cb6c6cd3e50789007ffca834b477b74a2144564522e944eabff61?s=96&d=mm&r=g","url":"https:\/\/secure.gravatar.com\/avatar\/ac5001d2a36cb6c6cd3e50789007ffca834b477b74a2144564522e944eabff61?s=96&d=mm&r=g","contentUrl":"https:\/\/secure.gravatar.com\/avatar\/ac5001d2a36cb6c6cd3e50789007ffca834b477b74a2144564522e944eabff61?s=96&d=mm&r=g","caption":"thomas.berner"},"url":"https:\/\/www.organisator.ch\/fr\/author\/thomas-berner\/"}]}},"_links":{"self":[{"href":"https:\/\/www.organisator.ch\/fr\/wp-json\/wp\/v2\/posts\/7506","targetHints":{"allow":["GET"]}}],"collection":[{"href":"https:\/\/www.organisator.ch\/fr\/wp-json\/wp\/v2\/posts"}],"about":[{"href":"https:\/\/www.organisator.ch\/fr\/wp-json\/wp\/v2\/types\/post"}],"author":[{"embeddable":true,"href":"https:\/\/www.organisator.ch\/fr\/wp-json\/wp\/v2\/users\/4"}],"replies":[{"embeddable":true,"href":"https:\/\/www.organisator.ch\/fr\/wp-json\/wp\/v2\/comments?post=7506"}],"version-history":[{"count":0,"href":"https:\/\/www.organisator.ch\/fr\/wp-json\/wp\/v2\/posts\/7506\/revisions"}],"wp:featuredmedia":[{"embeddable":true,"href":"https:\/\/www.organisator.ch\/fr\/wp-json\/wp\/v2\/media\/7507"}],"wp:attachment":[{"href":"https:\/\/www.organisator.ch\/fr\/wp-json\/wp\/v2\/media?parent=7506"}],"wp:term":[{"taxonomy":"category","embeddable":true,"href":"https:\/\/www.organisator.ch\/fr\/wp-json\/wp\/v2\/categories?post=7506"},{"taxonomy":"post_tag","embeddable":true,"href":"https:\/\/www.organisator.ch\/fr\/wp-json\/wp\/v2\/tags?post=7506"}],"curies":[{"name":"wp","href":"https:\/\/api.w.org\/{rel}","templated":true}]}}