{"id":7525,"date":"2021-01-14T14:02:00","date_gmt":"2021-01-14T13:02:00","guid":{"rendered":"https:\/\/www.organisator.ch\/?p=7525"},"modified":"2021-01-14T14:02:00","modified_gmt":"2021-01-14T13:02:00","slug":"cloud-trends-2021-wo-stehen-schweizer-unternehmen","status":"publish","type":"post","link":"https:\/\/www.organisator.ch\/fr\/management\/it\/2021-01-14\/cloud-trends-2021-wo-stehen-schweizer-unternehmen\/","title":{"rendered":"Tendances du cloud en 2021 : o\u00f9 en sont les entreprises suisses ?"},"content":{"rendered":"<figure id=\"attachment_7526\" aria-describedby=\"caption-attachment-7526\" style=\"width: 680px\" class=\"wp-caption alignnone\"><img loading=\"lazy\" decoding=\"async\" class=\"size-medium wp-image-7526\" src=\"https:\/\/www.organisator.ch\/wp-content\/uploads\/2021\/01\/Cloud-Trends-2021-Wo-stehen-Schweizer-Unternehmen_Organisator.jpg\" alt=\"\" width=\"680\" height=\"453\" srcset=\"https:\/\/www.organisator.ch\/wp-content\/uploads\/2021\/01\/Cloud-Trends-2021-Wo-stehen-Schweizer-Unternehmen_Organisator.jpg 680w, https:\/\/www.organisator.ch\/wp-content\/uploads\/2021\/01\/Cloud-Trends-2021-Wo-stehen-Schweizer-Unternehmen_Organisator-16x12.jpg 16w, https:\/\/www.organisator.ch\/wp-content\/uploads\/2021\/01\/Cloud-Trends-2021-Wo-stehen-Schweizer-Unternehmen_Organisator-263x175.jpg 263w, https:\/\/www.organisator.ch\/wp-content\/uploads\/2021\/01\/Cloud-Trends-2021-Wo-stehen-Schweizer-Unternehmen_Organisator-525x350.jpg 525w, https:\/\/www.organisator.ch\/wp-content\/uploads\/2021\/01\/Cloud-Trends-2021-Wo-stehen-Schweizer-Unternehmen_Organisator-300x200.jpg 300w\" sizes=\"auto, (max-width: 680px) 100vw, 680px\" \/><figcaption id=\"caption-attachment-7526\" class=\"wp-caption-text\">O\u00f9 aller avec toutes les donn\u00e9es ? Et dans quel cloud ? L'\u00e9tude \"Cloud Trends 2021\" d'Interxion a interrog\u00e9 \u00e0 ce sujet 150 d\u00e9cideurs informatiques en Suisse. (Image : Pixabay.com)<\/figcaption><\/figure>\n<p>L'\u00e9tude \"Cloud Trends 2021\" a \u00e9t\u00e9 r\u00e9alis\u00e9e pour la deuxi\u00e8me fois en 2020 aupr\u00e8s de 150 d\u00e9cideurs informatiques suisses au total. Leurs r\u00e9ponses ne confirment que partiellement les pr\u00e9visions qu'ils avaient faites en 2018 : de la priorit\u00e9 on-premise en 2018 (47,7 % des personnes interrog\u00e9es en Suisse stockent leurs donn\u00e9es dans des solutions on-premise - soit dans leur propre centre de donn\u00e9es, soit dans un cloud priv\u00e9), les donn\u00e9es ont effectivement migr\u00e9 vers le cloud public jusqu'en 2020, m\u00eame si c'est \u00e0 un rythme deux fois moins \u00e9lev\u00e9 que pr\u00e9vu.<\/p>\n<h2>Tendances du cloud en 2021 : la part du cloud public va continuer \u00e0 cro\u00eetre<\/h2>\n<p>D'ici fin 2020, plus de la moiti\u00e9 des d\u00e9cideurs informatiques suisses souhaitaient en 2018 externaliser 51,4 % de leurs donn\u00e9es dans le cloud public ; en r\u00e9alit\u00e9, le centre de donn\u00e9es propre repr\u00e9sente toujours 39,4 % et les clouds publics seulement une part de 45%. La part de la colocation a augment\u00e9 depuis 2018, passant de 12 % \u00e0 13,2 % pour cent. Dans l'ensemble, on observe que la migration des donn\u00e9es vers le cloud est deux fois moins rapide.<br \/>\nLes d\u00e9cideurs suisses s'attendent \u00e0 ce que l'ann\u00e9e 2018 se d\u00e9roule comme pr\u00e9vu.<\/p>\n<p>Pour 2022, les personnes interrog\u00e9es s'attendent \u00e0 la situation suivante en ce qui concerne la localisation des applications : clouds publics 55,4 % (+16 %), colocation 12,9 % (-0,3 % et propre centre de calcul 27,4 % (-12 %)x - le grand push vers les clouds a donc \u00e9t\u00e9 repouss\u00e9 de 2 ans.<\/p>\n<h2>Des applications qui restent \u00e0 proximit\u00e9<\/h2>\n<p>Cependant, toutes les donn\u00e9es ne migrent pas vers la m\u00eame infrastructure. On peut distinguer quatre groupes. Le premier groupe comprend les applications qui restent \u00e0 proximit\u00e9 : Pour l'ERP, le CRM, la gestion de la cha\u00eene d'approvisionnement et le stockage, on constate un mouvement migratoire vers le cloud. En 2018, jusqu'\u00e0 trois quarts de la charge de donn\u00e9es se trouvent encore dans le propre centre de calcul. D'ici fin 2020, elles se seront d\u00e9j\u00e0 nettement plus r\u00e9parties sur des solutions de colocation et de cloud public, m\u00eame si c'est nettement moins que pr\u00e9vu. La part du cloud est actuellement de 26,4 % en moyenne. Les donn\u00e9es importantes pour l'entreprise ne doivent pas \u00eatre mises \u00e0 l'\u00e9chelle rapidement, de plus la s\u00e9curit\u00e9 et l'acc\u00e8s direct sont importants. Pour<br \/>\nMais en 2022, on s'attend \u00e0 ce que plus de 50 % de ces applications critiques proviennent du cloud public.<\/p>\n<h2>Les localistes<\/h2>\n<p>Le deuxi\u00e8me groupe peut \u00eatre appel\u00e9 les localistes : HR, Marketing Automation et Backup \u00e9taient d\u00e9j\u00e0 fortement repr\u00e9sent\u00e9s dans le cloud public en 2018. Pour les applications RH, 56,7 % des personnes interrog\u00e9es utiliseront le cloud public fin 2020 (+ 15 %), Marketing Automation 73,3 % (+ 9,2 %) et Backup 44,2 % (+2,3 %). La raison : il s'agit ici d'un acc\u00e8s flexible et d'une performance assur\u00e9e. Dans le domaine du marketing automation, les donn\u00e9es doivent en outre \u00eatre facilement accessibles aux partenaires et prestataires de services externes. Pour les RH et le marketing automation, on s'attend \u00e0 une stagnation d'ici 2022, pour la sauvegarde \u00e0 une croissance de la part du cloud de 20 %.<\/p>\n<h2>Les mod\u00e8les mixtes de cloud<\/h2>\n<p>En ce qui concerne les applications de base de donn\u00e9es, on s'attendait en 2018 \u00e0 une large r\u00e9partition entre les mod\u00e8les de mise \u00e0 disposition. Cela ne s'est pas r\u00e9alis\u00e9 d'ici fin 2020 et les centres de donn\u00e9es propres continuent de dominer ici. Du cloud priv\u00e9 dans le propre centre de calcul \u00e0 l'hyperscaler, tout est utilis\u00e9 ici. Dans ce groupe d'applications, c'est le secteur et les donn\u00e9es concr\u00e8tement manipul\u00e9es qui d\u00e9terminent quelle infrastructure offre le plus d'avantages.<\/p>\n<h2>Votre propre centre de donn\u00e9es se d\u00e9sertifie ? Pas aussi vite que pr\u00e9vu !<\/h2>\n<p>En 2018, les d\u00e9cideurs suisses s'attendaient \u00e0 une grande migration vers le cloud. Mais au lieu de seulement 26,3 % de toutes les applications, ce sont encore 39,4 % qui seront exploit\u00e9es fin 2020 en tant qu'application monolithique ou dans un cloud priv\u00e9 dans leur propre centre de calcul. La r\u00e9silience du propre centre de donn\u00e9es est particuli\u00e8rement bien illustr\u00e9e par le domaine D\u00e9veloppement\/Test, pour lequel on attendait 85 % de cloud public en 2018. Au lieu de cela, les parts r\u00e9elles fin 2020 montrent qu'il n'y a plus eu de transfert significatif vers le cloud public. Le domaine recule m\u00eame l\u00e9g\u00e8rement, passant de 72 % \u00e0 71 %.<\/p>\n<h2>2020 : le monde du multi-cloud<\/h2>\n<p>L'\u00e9tude montre que la tendance au multi-cloud se poursuit ou s'est renforc\u00e9e. D\u00e9j\u00e0 en 2018, 60 % des d\u00e9cideurs interrog\u00e9s ont indiqu\u00e9 qu'ils utilisaient jusqu'\u00e0 cinq prestataires de services pour l'Infrastructure-as-a-Service et la Platform-as-a-Service. Fin 2020, 64,7 % indiquent qu'ils utilisent d\u00e9j\u00e0 jusqu'\u00e0 10 fournisseurs de cloud. Ici, l'accent s'est clairement d\u00e9plac\u00e9 vers la diversit\u00e9.<\/p>\n<h2>Les Cloud Connectivity Hubs sont l'interface avec toutes les infrastructures<\/h2>\n<p>Les d\u00e9cideurs informatiques qui cherchent la bonne infrastructure pour le succ\u00e8s futur de leur entreprise trouvent le meilleur emplacement dans les \"cloud connectivity hubs\". Ils peuvent y exploiter leurs propres clouds priv\u00e9s de mani\u00e8re s\u00fbre et efficace, tout en ayant un acc\u00e8s s\u00fbr et performant aux hyperscalers et aux clouds publics locaux gr\u00e2ce au site de colocation. Il est ainsi possible de mettre en place des clouds hybrides de mani\u00e8re efficace. La croissance de la colocation en tant que mod\u00e8le de mise \u00e0 disposition de 12 % \u00e0 13,6 % le montre \u00e9galement.<\/p>\n<p><em>Source : <a href=\"http:\/\/www.interxion.com\">Interxion<\/a><\/em><\/p>","protected":false},"excerpt":{"rendered":"<p>Die Studie \u00abCloud Trends 2021\u00bb wurde 2020 zum zweiten Mal mit insgesamt 150 Schweizer IT-Entscheidern durchgef\u00fchrt. Ihre Antworten best\u00e4tigen die Prognosen, die sie 2018 gemacht hatten, nur zum Teil: Vom On-Premise-Schwerpunkt in 2018 (47,7 % der Schweizer Befragten lagern ihre Daten in On-Premise- L\u00f6sungen \u2013 entweder im eigenen Rechenzentrum oder in einer Private Cloud) wanderten [&hellip;]<\/p>\n","protected":false},"author":4,"featured_media":7526,"comment_status":"closed","ping_status":"closed","sticky":false,"template":"","format":"standard","meta":{"_acf_changed":false,"_yoast_wpseo_focuskw":"Cloud Trends","_yoast_wpseo_metadesc":"Wo stehen Schweizer Unternehmen auf dem Weg in die Cloud? Eine neue Studie vermittelt Einsicht in die Cloud Trends f\u00fcr das Jahr 2021 und dar\u00fcber hinaus.","articlekey":"","footnotes":""},"categories":[27],"tags":[123,286,459],"class_list":["post-7525","post","type-post","status-publish","format-standard","has-post-thumbnail","hentry","category-it","tag-cloud-computing","tag-it","tag-studie"],"acf":[],"yoast_head":"<!-- This site is optimized with the Yoast SEO plugin v27.5 - https:\/\/yoast.com\/product\/yoast-seo-wordpress\/ -->\n<title>Cloud Trends 2021: Wo stehen Schweizer Unternehmen? - Organisator<\/title>\n<meta name=\"description\" content=\"Wo stehen Schweizer Unternehmen auf dem Weg in die Cloud? Eine neue Studie vermittelt Einsicht in die Cloud Trends f\u00fcr das Jahr 2021 und dar\u00fcber hinaus.\" \/>\n<meta name=\"robots\" content=\"index, follow, max-snippet:-1, max-image-preview:large, max-video-preview:-1\" \/>\n<link rel=\"canonical\" href=\"https:\/\/www.organisator.ch\/fr\/gestion-2\/it\/2021-01-14\/cloud-trends-2021-wo-stehen-schweizer-unternehmen\/\" \/>\n<meta property=\"og:locale\" content=\"fr_FR\" \/>\n<meta property=\"og:type\" content=\"article\" \/>\n<meta property=\"og:title\" content=\"Cloud Trends 2021: Wo stehen Schweizer Unternehmen?\" \/>\n<meta property=\"og:description\" content=\"Wo stehen Schweizer Unternehmen auf dem Weg in die Cloud? Eine neue Studie vermittelt Einsicht in die Cloud Trends f\u00fcr das Jahr 2021 und dar\u00fcber hinaus.\" \/>\n<meta property=\"og:url\" content=\"https:\/\/www.organisator.ch\/fr\/gestion-2\/it\/2021-01-14\/cloud-trends-2021-wo-stehen-schweizer-unternehmen\/\" \/>\n<meta property=\"og:site_name\" content=\"Organisator\" \/>\n<meta property=\"article:publisher\" content=\"https:\/\/www.facebook.com\/OrganisatorFachmagazin\" \/>\n<meta property=\"article:published_time\" content=\"2021-01-14T13:02:00+00:00\" \/>\n<meta property=\"og:image\" content=\"https:\/\/www.organisator.ch\/wp-content\/uploads\/2021\/01\/Cloud-Trends-2021-Wo-stehen-Schweizer-Unternehmen_Organisator.jpg\" \/>\n\t<meta property=\"og:image:width\" content=\"680\" \/>\n\t<meta property=\"og:image:height\" content=\"453\" \/>\n\t<meta property=\"og:image:type\" content=\"image\/jpeg\" \/>\n<meta name=\"author\" content=\"thomas.berner\" \/>\n<meta name=\"twitter:card\" content=\"summary_large_image\" \/>\n<meta name=\"twitter:title\" content=\"#CloudTrends 2021: Wo stehen Schweizer Unternehmen?\" \/>\n<meta name=\"twitter:description\" content=\"Wo stehen Schweizer Unternehmen auf dem Weg in die #Cloud? Eine neue Studie vermittelt Einsicht in die Cloud Trends f\u00fcr das Jahr 2021 und dar\u00fcber hinaus.\" \/>\n<meta name=\"twitter:image\" content=\"https:\/\/www.organisator.ch\/wp-content\/uploads\/2021\/01\/Cloud-Trends-2021-Wo-stehen-Schweizer-Unternehmen_Organisator.jpg\" \/>\n<script type=\"application\/ld+json\" class=\"yoast-schema-graph\">{\"@context\":\"https:\\\/\\\/schema.org\",\"@graph\":[{\"@type\":\"Article\",\"@id\":\"https:\\\/\\\/www.organisator.ch\\\/management\\\/it\\\/2021-01-14\\\/cloud-trends-2021-wo-stehen-schweizer-unternehmen\\\/#article\",\"isPartOf\":{\"@id\":\"https:\\\/\\\/www.organisator.ch\\\/management\\\/it\\\/2021-01-14\\\/cloud-trends-2021-wo-stehen-schweizer-unternehmen\\\/\"},\"author\":{\"name\":\"thomas.berner\",\"@id\":\"https:\\\/\\\/www.organisator.ch\\\/#\\\/schema\\\/person\\\/6f650f90b2842cd4c0cc334b4e36f67e\"},\"headline\":\"Cloud Trends 2021: Wo stehen Schweizer Unternehmen?\",\"datePublished\":\"2021-01-14T13:02:00+00:00\",\"mainEntityOfPage\":{\"@id\":\"https:\\\/\\\/www.organisator.ch\\\/management\\\/it\\\/2021-01-14\\\/cloud-trends-2021-wo-stehen-schweizer-unternehmen\\\/\"},\"wordCount\":704,\"publisher\":{\"@id\":\"https:\\\/\\\/www.organisator.ch\\\/#organization\"},\"image\":{\"@id\":\"https:\\\/\\\/www.organisator.ch\\\/management\\\/it\\\/2021-01-14\\\/cloud-trends-2021-wo-stehen-schweizer-unternehmen\\\/#primaryimage\"},\"thumbnailUrl\":\"https:\\\/\\\/www.organisator.ch\\\/wp-content\\\/uploads\\\/2021\\\/01\\\/Cloud-Trends-2021-Wo-stehen-Schweizer-Unternehmen_Organisator.jpg\",\"keywords\":[\"Cloud Computing\",\"IT\",\"Studie\"],\"articleSection\":[\"IT\"],\"inLanguage\":\"fr-FR\"},{\"@type\":\"WebPage\",\"@id\":\"https:\\\/\\\/www.organisator.ch\\\/management\\\/it\\\/2021-01-14\\\/cloud-trends-2021-wo-stehen-schweizer-unternehmen\\\/\",\"url\":\"https:\\\/\\\/www.organisator.ch\\\/management\\\/it\\\/2021-01-14\\\/cloud-trends-2021-wo-stehen-schweizer-unternehmen\\\/\",\"name\":\"Cloud Trends 2021: Wo stehen Schweizer Unternehmen? - Organisator\",\"isPartOf\":{\"@id\":\"https:\\\/\\\/www.organisator.ch\\\/#website\"},\"primaryImageOfPage\":{\"@id\":\"https:\\\/\\\/www.organisator.ch\\\/management\\\/it\\\/2021-01-14\\\/cloud-trends-2021-wo-stehen-schweizer-unternehmen\\\/#primaryimage\"},\"image\":{\"@id\":\"https:\\\/\\\/www.organisator.ch\\\/management\\\/it\\\/2021-01-14\\\/cloud-trends-2021-wo-stehen-schweizer-unternehmen\\\/#primaryimage\"},\"thumbnailUrl\":\"https:\\\/\\\/www.organisator.ch\\\/wp-content\\\/uploads\\\/2021\\\/01\\\/Cloud-Trends-2021-Wo-stehen-Schweizer-Unternehmen_Organisator.jpg\",\"datePublished\":\"2021-01-14T13:02:00+00:00\",\"description\":\"Wo stehen Schweizer Unternehmen auf dem Weg in die Cloud? Eine neue Studie vermittelt Einsicht in die Cloud Trends f\u00fcr das Jahr 2021 und dar\u00fcber hinaus.\",\"breadcrumb\":{\"@id\":\"https:\\\/\\\/www.organisator.ch\\\/management\\\/it\\\/2021-01-14\\\/cloud-trends-2021-wo-stehen-schweizer-unternehmen\\\/#breadcrumb\"},\"inLanguage\":\"fr-FR\",\"potentialAction\":[{\"@type\":\"ReadAction\",\"target\":[\"https:\\\/\\\/www.organisator.ch\\\/management\\\/it\\\/2021-01-14\\\/cloud-trends-2021-wo-stehen-schweizer-unternehmen\\\/\"]}]},{\"@type\":\"ImageObject\",\"inLanguage\":\"fr-FR\",\"@id\":\"https:\\\/\\\/www.organisator.ch\\\/management\\\/it\\\/2021-01-14\\\/cloud-trends-2021-wo-stehen-schweizer-unternehmen\\\/#primaryimage\",\"url\":\"https:\\\/\\\/www.organisator.ch\\\/wp-content\\\/uploads\\\/2021\\\/01\\\/Cloud-Trends-2021-Wo-stehen-Schweizer-Unternehmen_Organisator.jpg\",\"contentUrl\":\"https:\\\/\\\/www.organisator.ch\\\/wp-content\\\/uploads\\\/2021\\\/01\\\/Cloud-Trends-2021-Wo-stehen-Schweizer-Unternehmen_Organisator.jpg\",\"width\":680,\"height\":453,\"caption\":\"Wohin mit allen Daten? Und in welche Cloud? Die Studie \\\"Cloud Trends 2021\\\" von Interxion hat dazu 150 IT-Entscheider in der Schweiz befragt. (Bild: Pixabay.com)\"},{\"@type\":\"BreadcrumbList\",\"@id\":\"https:\\\/\\\/www.organisator.ch\\\/management\\\/it\\\/2021-01-14\\\/cloud-trends-2021-wo-stehen-schweizer-unternehmen\\\/#breadcrumb\",\"itemListElement\":[{\"@type\":\"ListItem\",\"position\":1,\"name\":\"Home\",\"item\":\"https:\\\/\\\/www.organisator.ch\\\/\"},{\"@type\":\"ListItem\",\"position\":2,\"name\":\"Cloud Trends 2021: Wo stehen Schweizer Unternehmen?\"}]},{\"@type\":\"WebSite\",\"@id\":\"https:\\\/\\\/www.organisator.ch\\\/#website\",\"url\":\"https:\\\/\\\/www.organisator.ch\\\/\",\"name\":\"Organisator\",\"description\":\"Kompetent. Praxisnah. Der ORGANISATOR bereitet in 10 Ausgaben pro Jahr die wesentlichen Themen f\u00fcr F\u00fchrungskr\u00e4fte von KMU auf.\",\"publisher\":{\"@id\":\"https:\\\/\\\/www.organisator.ch\\\/#organization\"},\"potentialAction\":[{\"@type\":\"SearchAction\",\"target\":{\"@type\":\"EntryPoint\",\"urlTemplate\":\"https:\\\/\\\/www.organisator.ch\\\/?s={search_term_string}\"},\"query-input\":{\"@type\":\"PropertyValueSpecification\",\"valueRequired\":true,\"valueName\":\"search_term_string\"}}],\"inLanguage\":\"fr-FR\"},{\"@type\":\"Organization\",\"@id\":\"https:\\\/\\\/www.organisator.ch\\\/#organization\",\"name\":\"Organisator\",\"url\":\"https:\\\/\\\/www.organisator.ch\\\/\",\"logo\":{\"@type\":\"ImageObject\",\"inLanguage\":\"fr-FR\",\"@id\":\"https:\\\/\\\/www.organisator.ch\\\/#\\\/schema\\\/logo\\\/image\\\/\",\"url\":\"https:\\\/\\\/www.organisator.ch\\\/wp-content\\\/uploads\\\/2022\\\/01\\\/Logo_Organisator_Website.png\",\"contentUrl\":\"https:\\\/\\\/www.organisator.ch\\\/wp-content\\\/uploads\\\/2022\\\/01\\\/Logo_Organisator_Website.png\",\"width\":800,\"height\":77,\"caption\":\"Organisator\"},\"image\":{\"@id\":\"https:\\\/\\\/www.organisator.ch\\\/#\\\/schema\\\/logo\\\/image\\\/\"},\"sameAs\":[\"https:\\\/\\\/www.facebook.com\\\/OrganisatorFachmagazin\",\"https:\\\/\\\/www.linkedin.com\\\/showcase\\\/organisator-das-magazin-fr-kmu\",\"https:\\\/\\\/www.xing.com\\\/news\\\/pages\\\/organisator-ch-695\",\"https:\\\/\\\/www.youtube.com\\\/channel\\\/UCGP2Sq0iWaZwT3BdIAQFYpw\"]},{\"@type\":\"Person\",\"@id\":\"https:\\\/\\\/www.organisator.ch\\\/#\\\/schema\\\/person\\\/6f650f90b2842cd4c0cc334b4e36f67e\",\"name\":\"thomas.berner\",\"image\":{\"@type\":\"ImageObject\",\"inLanguage\":\"fr-FR\",\"@id\":\"https:\\\/\\\/secure.gravatar.com\\\/avatar\\\/ac5001d2a36cb6c6cd3e50789007ffca834b477b74a2144564522e944eabff61?s=96&d=mm&r=g\",\"url\":\"https:\\\/\\\/secure.gravatar.com\\\/avatar\\\/ac5001d2a36cb6c6cd3e50789007ffca834b477b74a2144564522e944eabff61?s=96&d=mm&r=g\",\"contentUrl\":\"https:\\\/\\\/secure.gravatar.com\\\/avatar\\\/ac5001d2a36cb6c6cd3e50789007ffca834b477b74a2144564522e944eabff61?s=96&d=mm&r=g\",\"caption\":\"thomas.berner\"},\"url\":\"https:\\\/\\\/www.organisator.ch\\\/fr\\\/author\\\/thomas-berner\\\/\"}]}<\/script>\n<!-- \/ Yoast SEO plugin. -->","yoast_head_json":{"title":"Tendances du cloud en 2021 : o\u00f9 en sont les entreprises suisses ? - Organisateur","description":"O\u00f9 se situent les entreprises suisses sur la voie du cloud ? Une nouvelle \u00e9tude donne un aper\u00e7u des tendances en mati\u00e8re de cloud pour l'ann\u00e9e 2021 et au-del\u00e0.","robots":{"index":"index","follow":"follow","max-snippet":"max-snippet:-1","max-image-preview":"max-image-preview:large","max-video-preview":"max-video-preview:-1"},"canonical":"https:\/\/www.organisator.ch\/fr\/gestion-2\/it\/2021-01-14\/cloud-trends-2021-wo-stehen-schweizer-unternehmen\/","og_locale":"fr_FR","og_type":"article","og_title":"Cloud Trends 2021: Wo stehen Schweizer Unternehmen?","og_description":"Wo stehen Schweizer Unternehmen auf dem Weg in die Cloud? Eine neue Studie vermittelt Einsicht in die Cloud Trends f\u00fcr das Jahr 2021 und dar\u00fcber hinaus.","og_url":"https:\/\/www.organisator.ch\/fr\/gestion-2\/it\/2021-01-14\/cloud-trends-2021-wo-stehen-schweizer-unternehmen\/","og_site_name":"Organisator","article_publisher":"https:\/\/www.facebook.com\/OrganisatorFachmagazin","article_published_time":"2021-01-14T13:02:00+00:00","og_image":[{"width":680,"height":453,"url":"https:\/\/www.organisator.ch\/wp-content\/uploads\/2021\/01\/Cloud-Trends-2021-Wo-stehen-Schweizer-Unternehmen_Organisator.jpg","type":"image\/jpeg"}],"author":"thomas.berner","twitter_card":"summary_large_image","twitter_title":"#CloudTrends 2021: Wo stehen Schweizer Unternehmen?","twitter_description":"Wo stehen Schweizer Unternehmen auf dem Weg in die #Cloud? Eine neue Studie vermittelt Einsicht in die Cloud Trends f\u00fcr das Jahr 2021 und dar\u00fcber hinaus.","twitter_image":"https:\/\/www.organisator.ch\/wp-content\/uploads\/2021\/01\/Cloud-Trends-2021-Wo-stehen-Schweizer-Unternehmen_Organisator.jpg","schema":{"@context":"https:\/\/schema.org","@graph":[{"@type":"Article","@id":"https:\/\/www.organisator.ch\/management\/it\/2021-01-14\/cloud-trends-2021-wo-stehen-schweizer-unternehmen\/#article","isPartOf":{"@id":"https:\/\/www.organisator.ch\/management\/it\/2021-01-14\/cloud-trends-2021-wo-stehen-schweizer-unternehmen\/"},"author":{"name":"thomas.berner","@id":"https:\/\/www.organisator.ch\/#\/schema\/person\/6f650f90b2842cd4c0cc334b4e36f67e"},"headline":"Cloud Trends 2021: Wo stehen Schweizer Unternehmen?","datePublished":"2021-01-14T13:02:00+00:00","mainEntityOfPage":{"@id":"https:\/\/www.organisator.ch\/management\/it\/2021-01-14\/cloud-trends-2021-wo-stehen-schweizer-unternehmen\/"},"wordCount":704,"publisher":{"@id":"https:\/\/www.organisator.ch\/#organization"},"image":{"@id":"https:\/\/www.organisator.ch\/management\/it\/2021-01-14\/cloud-trends-2021-wo-stehen-schweizer-unternehmen\/#primaryimage"},"thumbnailUrl":"https:\/\/www.organisator.ch\/wp-content\/uploads\/2021\/01\/Cloud-Trends-2021-Wo-stehen-Schweizer-Unternehmen_Organisator.jpg","keywords":["Cloud Computing","IT","Studie"],"articleSection":["IT"],"inLanguage":"fr-FR"},{"@type":"WebPage","@id":"https:\/\/www.organisator.ch\/management\/it\/2021-01-14\/cloud-trends-2021-wo-stehen-schweizer-unternehmen\/","url":"https:\/\/www.organisator.ch\/management\/it\/2021-01-14\/cloud-trends-2021-wo-stehen-schweizer-unternehmen\/","name":"Tendances du cloud en 2021 : o\u00f9 en sont les entreprises suisses ? - Organisateur","isPartOf":{"@id":"https:\/\/www.organisator.ch\/#website"},"primaryImageOfPage":{"@id":"https:\/\/www.organisator.ch\/management\/it\/2021-01-14\/cloud-trends-2021-wo-stehen-schweizer-unternehmen\/#primaryimage"},"image":{"@id":"https:\/\/www.organisator.ch\/management\/it\/2021-01-14\/cloud-trends-2021-wo-stehen-schweizer-unternehmen\/#primaryimage"},"thumbnailUrl":"https:\/\/www.organisator.ch\/wp-content\/uploads\/2021\/01\/Cloud-Trends-2021-Wo-stehen-Schweizer-Unternehmen_Organisator.jpg","datePublished":"2021-01-14T13:02:00+00:00","description":"O\u00f9 se situent les entreprises suisses sur la voie du cloud ? Une nouvelle \u00e9tude donne un aper\u00e7u des tendances en mati\u00e8re de cloud pour l'ann\u00e9e 2021 et au-del\u00e0.","breadcrumb":{"@id":"https:\/\/www.organisator.ch\/management\/it\/2021-01-14\/cloud-trends-2021-wo-stehen-schweizer-unternehmen\/#breadcrumb"},"inLanguage":"fr-FR","potentialAction":[{"@type":"ReadAction","target":["https:\/\/www.organisator.ch\/management\/it\/2021-01-14\/cloud-trends-2021-wo-stehen-schweizer-unternehmen\/"]}]},{"@type":"ImageObject","inLanguage":"fr-FR","@id":"https:\/\/www.organisator.ch\/management\/it\/2021-01-14\/cloud-trends-2021-wo-stehen-schweizer-unternehmen\/#primaryimage","url":"https:\/\/www.organisator.ch\/wp-content\/uploads\/2021\/01\/Cloud-Trends-2021-Wo-stehen-Schweizer-Unternehmen_Organisator.jpg","contentUrl":"https:\/\/www.organisator.ch\/wp-content\/uploads\/2021\/01\/Cloud-Trends-2021-Wo-stehen-Schweizer-Unternehmen_Organisator.jpg","width":680,"height":453,"caption":"Wohin mit allen Daten? Und in welche Cloud? Die Studie \"Cloud Trends 2021\" von Interxion hat dazu 150 IT-Entscheider in der Schweiz befragt. (Bild: Pixabay.com)"},{"@type":"BreadcrumbList","@id":"https:\/\/www.organisator.ch\/management\/it\/2021-01-14\/cloud-trends-2021-wo-stehen-schweizer-unternehmen\/#breadcrumb","itemListElement":[{"@type":"ListItem","position":1,"name":"Home","item":"https:\/\/www.organisator.ch\/"},{"@type":"ListItem","position":2,"name":"Cloud Trends 2021: Wo stehen Schweizer Unternehmen?"}]},{"@type":"WebSite","@id":"https:\/\/www.organisator.ch\/#website","url":"https:\/\/www.organisator.ch\/","name":"Organisateur","description":"Comp\u00e9tence et comp\u00e9tence. Proches de la pratique. L'ORGANISATEUR pr\u00e9pare 10 num\u00e9ros par an sur les th\u00e8mes essentiels pour les dirigeants de PME.","publisher":{"@id":"https:\/\/www.organisator.ch\/#organization"},"potentialAction":[{"@type":"SearchAction","target":{"@type":"EntryPoint","urlTemplate":"https:\/\/www.organisator.ch\/?s={search_term_string}"},"query-input":{"@type":"PropertyValueSpecification","valueRequired":true,"valueName":"search_term_string"}}],"inLanguage":"fr-FR"},{"@type":"Organization","@id":"https:\/\/www.organisator.ch\/#organization","name":"Organisateur","url":"https:\/\/www.organisator.ch\/","logo":{"@type":"ImageObject","inLanguage":"fr-FR","@id":"https:\/\/www.organisator.ch\/#\/schema\/logo\/image\/","url":"https:\/\/www.organisator.ch\/wp-content\/uploads\/2022\/01\/Logo_Organisator_Website.png","contentUrl":"https:\/\/www.organisator.ch\/wp-content\/uploads\/2022\/01\/Logo_Organisator_Website.png","width":800,"height":77,"caption":"Organisator"},"image":{"@id":"https:\/\/www.organisator.ch\/#\/schema\/logo\/image\/"},"sameAs":["https:\/\/www.facebook.com\/OrganisatorFachmagazin","https:\/\/www.linkedin.com\/showcase\/organisator-das-magazin-fr-kmu","https:\/\/www.xing.com\/news\/pages\/organisator-ch-695","https:\/\/www.youtube.com\/channel\/UCGP2Sq0iWaZwT3BdIAQFYpw"]},{"@type":"Person","@id":"https:\/\/www.organisator.ch\/#\/schema\/person\/6f650f90b2842cd4c0cc334b4e36f67e","name":"thomas.berner","image":{"@type":"ImageObject","inLanguage":"fr-FR","@id":"https:\/\/secure.gravatar.com\/avatar\/ac5001d2a36cb6c6cd3e50789007ffca834b477b74a2144564522e944eabff61?s=96&d=mm&r=g","url":"https:\/\/secure.gravatar.com\/avatar\/ac5001d2a36cb6c6cd3e50789007ffca834b477b74a2144564522e944eabff61?s=96&d=mm&r=g","contentUrl":"https:\/\/secure.gravatar.com\/avatar\/ac5001d2a36cb6c6cd3e50789007ffca834b477b74a2144564522e944eabff61?s=96&d=mm&r=g","caption":"thomas.berner"},"url":"https:\/\/www.organisator.ch\/fr\/author\/thomas-berner\/"}]}},"_links":{"self":[{"href":"https:\/\/www.organisator.ch\/fr\/wp-json\/wp\/v2\/posts\/7525","targetHints":{"allow":["GET"]}}],"collection":[{"href":"https:\/\/www.organisator.ch\/fr\/wp-json\/wp\/v2\/posts"}],"about":[{"href":"https:\/\/www.organisator.ch\/fr\/wp-json\/wp\/v2\/types\/post"}],"author":[{"embeddable":true,"href":"https:\/\/www.organisator.ch\/fr\/wp-json\/wp\/v2\/users\/4"}],"replies":[{"embeddable":true,"href":"https:\/\/www.organisator.ch\/fr\/wp-json\/wp\/v2\/comments?post=7525"}],"version-history":[{"count":0,"href":"https:\/\/www.organisator.ch\/fr\/wp-json\/wp\/v2\/posts\/7525\/revisions"}],"wp:featuredmedia":[{"embeddable":true,"href":"https:\/\/www.organisator.ch\/fr\/wp-json\/wp\/v2\/media\/7526"}],"wp:attachment":[{"href":"https:\/\/www.organisator.ch\/fr\/wp-json\/wp\/v2\/media?parent=7525"}],"wp:term":[{"taxonomy":"category","embeddable":true,"href":"https:\/\/www.organisator.ch\/fr\/wp-json\/wp\/v2\/categories?post=7525"},{"taxonomy":"post_tag","embeddable":true,"href":"https:\/\/www.organisator.ch\/fr\/wp-json\/wp\/v2\/tags?post=7525"}],"curies":[{"name":"wp","href":"https:\/\/api.w.org\/{rel}","templated":true}]}}