{"id":7541,"date":"2021-01-21T07:39:07","date_gmt":"2021-01-21T06:39:07","guid":{"rendered":"https:\/\/www.organisator.ch\/?p=7541"},"modified":"2021-01-21T07:39:07","modified_gmt":"2021-01-21T06:39:07","slug":"einsatz-von-e-vans-lyreco-liefert-elektrisch","status":"publish","type":"post","link":"https:\/\/www.organisator.ch\/fr\/allgemein\/2021-01-21\/einsatz-von-e-vans-lyreco-liefert-elektrisch\/","title":{"rendered":"Utilisation de fourgonnettes \u00e9lectriques : Lyreco livre \u00e9lectriquement"},"content":{"rendered":"<figure id=\"attachment_7542\" aria-describedby=\"caption-attachment-7542\" style=\"width: 680px\" class=\"wp-caption alignnone\"><img loading=\"lazy\" decoding=\"async\" class=\"size-medium wp-image-7542\" src=\"https:\/\/www.organisator.ch\/wp-content\/uploads\/2021\/01\/Einsatz-von-E-Vans-Lyreco-liefert-elektrisch_Organisator.jpg\" alt=\"\" width=\"680\" height=\"453\" srcset=\"https:\/\/www.organisator.ch\/wp-content\/uploads\/2021\/01\/Einsatz-von-E-Vans-Lyreco-liefert-elektrisch_Organisator.jpg 680w, https:\/\/www.organisator.ch\/wp-content\/uploads\/2021\/01\/Einsatz-von-E-Vans-Lyreco-liefert-elektrisch_Organisator-16x12.jpg 16w, https:\/\/www.organisator.ch\/wp-content\/uploads\/2021\/01\/Einsatz-von-E-Vans-Lyreco-liefert-elektrisch_Organisator-263x175.jpg 263w, https:\/\/www.organisator.ch\/wp-content\/uploads\/2021\/01\/Einsatz-von-E-Vans-Lyreco-liefert-elektrisch_Organisator-525x350.jpg 525w, https:\/\/www.organisator.ch\/wp-content\/uploads\/2021\/01\/Einsatz-von-E-Vans-Lyreco-liefert-elektrisch_Organisator-300x200.jpg 300w\" sizes=\"auto, (max-width: 680px) 100vw, 680px\" \/><figcaption id=\"caption-attachment-7542\" class=\"wp-caption-text\">C'est avec de tels e-vans que Lyreco circule depuis d\u00e9but janvier 2021 \u00e0 Saint-Gall et \u00e0 B\u00e2le. (Photo : Selina Meier)<\/figcaption><\/figure>\n<p>Depuis d\u00e9but janvier, Lyreco \u00e9largit sa strat\u00e9gie en mati\u00e8re de durabilit\u00e9 et de protection de l'environnement et se d\u00e9place exclusivement en camionnette de livraison \u00e9lectrique dans deux villes suisses. Les clients de Saint-Gall et de B\u00e2le-Ville re\u00e7oivent d\u00e9sormais leurs commandes par un moyen de transport respectueux de l'environnement. Avec son autonomie, la variante \u00e9lectrique est particuli\u00e8rement adapt\u00e9e aux trajets urbains. Les v\u00e9hicules \u00e9lectriques pr\u00e9sentent de nombreux avantages. Les \u00e9missions de polluants atmosph\u00e9riques et de bruit sont particuli\u00e8rement faibles.<\/p>\n<p>Lyreco mise depuis des ann\u00e9es sur la durabilit\u00e9 et la protection de l'environnement. Depuis 2012, les \u00e9missions de CO2 ont pu \u00eatre r\u00e9duites de 30%. La mise en service des e-rickspaces en 2017 dans le centre-ville de Berne, B\u00e2le et la ville de Zurich a marqu\u00e9 le d\u00e9but de la focalisation sur une solution de livraison \u00e0 faibles \u00e9missions. Avec les e-vans, Lyreco Switzerland \u00e9tend, selon sa propre pr\u00e9sentation, son engagement en faveur de l'environnement. L'objectif est de proposer d'ici 2023 une livraison de colis \u00e0 faibles \u00e9missions dans toutes les grandes villes suisses, \u00e9crit l'entreprise. Pour ce faire, dix nouvelles tourn\u00e9es urbaines seront \u00e9quip\u00e9es de fourgonnettes \u00e9lectriques au cours des dix-huit prochains mois. Le prochain v\u00e9hicule de livraison \u00e9lectrique sera utilis\u00e9 dans la ville de Zurich, indique l'entreprise. En Suisse, 60 chauffeurs livrent chaque jour 6500 commandes de clients dans des camionnettes appartenant \u00e0 l'entreprise.<\/p>\n<p><em>Source : <a href=\"http:\/\/www.lyreco.ch\">Lyreco<\/a><\/em><\/p>","protected":false},"excerpt":{"rendered":"<p>Seit Anfang Januar erweitert Lyreco ihre Strategie im Bereich Nachhaltigkeit und Umweltschutz und f\u00e4hrt in zwei Schweizer St\u00e4dten ausschliesslich mit elektrischen Lieferwagen. Kunden in St. Gallen und Basel Stadt erhalten ihre Bestellungen seitdem mittels umweltschonendem Transportmittel. Bei seiner Reichweite eignet sich die elektrische Variante besonders f\u00fcr Stadttouren. E-Fahrzeuge bergen viele Vorteile. Insbesondere der tiefe Luftschadstoff- [&hellip;]<\/p>\n","protected":false},"author":4,"featured_media":7542,"comment_status":"closed","ping_status":"closed","sticky":false,"template":"","format":"standard","meta":{"_acf_changed":false,"_yoast_wpseo_focuskw":"E-Vans","_yoast_wpseo_metadesc":"Lyreco investiert in die Mobilit\u00e4t der Zukunft und beliefert seit Anfang Januar seine Kunden in Basel Stadt sowie in der Stadt St. Gallen neu mit E-Vans.","articlekey":"","footnotes":""},"categories":[1],"tags":[354,358,492],"class_list":["post-7541","post","type-post","status-publish","format-standard","has-post-thumbnail","hentry","category-allgemein","tag-mobilitaet","tag-nachhaltige-wirtschaft","tag-unternehmen"],"acf":[],"yoast_head":"<!-- This site is optimized with the Yoast SEO plugin v27.5 - https:\/\/yoast.com\/product\/yoast-seo-wordpress\/ -->\n<title>Einsatz von E-Vans: Lyreco liefert elektrisch - Organisator<\/title>\n<meta name=\"description\" content=\"Lyreco investiert in die Mobilit\u00e4t der Zukunft und beliefert seit Anfang Januar seine Kunden in Basel Stadt sowie in der Stadt St. Gallen neu mit E-Vans.\" \/>\n<meta name=\"robots\" content=\"index, follow, max-snippet:-1, max-image-preview:large, max-video-preview:-1\" \/>\n<link rel=\"canonical\" href=\"https:\/\/www.organisator.ch\/fr\/general\/2021-01-21\/einsatz-von-e-vans-lyreco-liefert-elektrisch\/\" \/>\n<meta property=\"og:locale\" content=\"fr_FR\" \/>\n<meta property=\"og:type\" content=\"article\" \/>\n<meta property=\"og:title\" content=\"Einsatz von E-Vans: Lyreco liefert elektrisch\" \/>\n<meta property=\"og:description\" content=\"Lyreco investiert in die Mobilit\u00e4t der Zukunft und beliefert seit Anfang Januar seine Kunden in Basel Stadt sowie in der Stadt St. Gallen neu mit E-Vans.\" \/>\n<meta property=\"og:url\" content=\"https:\/\/www.organisator.ch\/fr\/general\/2021-01-21\/einsatz-von-e-vans-lyreco-liefert-elektrisch\/\" \/>\n<meta property=\"og:site_name\" content=\"Organisator\" \/>\n<meta property=\"article:publisher\" content=\"https:\/\/www.facebook.com\/OrganisatorFachmagazin\" \/>\n<meta property=\"article:published_time\" content=\"2021-01-21T06:39:07+00:00\" \/>\n<meta property=\"og:image\" content=\"https:\/\/www.organisator.ch\/wp-content\/uploads\/2021\/01\/Einsatz-von-E-Vans-Lyreco-liefert-elektrisch_Organisator.jpg\" \/>\n\t<meta property=\"og:image:width\" content=\"680\" \/>\n\t<meta property=\"og:image:height\" content=\"453\" \/>\n\t<meta property=\"og:image:type\" content=\"image\/jpeg\" \/>\n<meta name=\"author\" content=\"thomas.berner\" \/>\n<meta name=\"twitter:card\" content=\"summary_large_image\" \/>\n<meta name=\"twitter:title\" content=\"Einsatz von #E-Vans: #Lyreco liefert elektrisch\" \/>\n<meta name=\"twitter:description\" content=\"#Lyreco investiert in die Mobilit\u00e4t der Zukunft und beliefert seit Anfang Januar seine Kunden in Basel Stadt sowie in der Stadt St. Gallen neu mit #E-Vans.\" \/>\n<meta name=\"twitter:image\" content=\"https:\/\/www.organisator.ch\/wp-content\/uploads\/2021\/01\/Einsatz-von-E-Vans-Lyreco-liefert-elektrisch_Organisator.jpg\" \/>\n<script type=\"application\/ld+json\" class=\"yoast-schema-graph\">{\"@context\":\"https:\\\/\\\/schema.org\",\"@graph\":[{\"@type\":\"Article\",\"@id\":\"https:\\\/\\\/www.organisator.ch\\\/de\\\/allgemein\\\/2021-01-21\\\/einsatz-von-e-vans-lyreco-liefert-elektrisch\\\/#article\",\"isPartOf\":{\"@id\":\"https:\\\/\\\/www.organisator.ch\\\/de\\\/allgemein\\\/2021-01-21\\\/einsatz-von-e-vans-lyreco-liefert-elektrisch\\\/\"},\"author\":{\"name\":\"thomas.berner\",\"@id\":\"https:\\\/\\\/www.organisator.ch\\\/#\\\/schema\\\/person\\\/6f650f90b2842cd4c0cc334b4e36f67e\"},\"headline\":\"Einsatz von E-Vans: Lyreco liefert elektrisch\",\"datePublished\":\"2021-01-21T06:39:07+00:00\",\"mainEntityOfPage\":{\"@id\":\"https:\\\/\\\/www.organisator.ch\\\/de\\\/allgemein\\\/2021-01-21\\\/einsatz-von-e-vans-lyreco-liefert-elektrisch\\\/\"},\"wordCount\":215,\"publisher\":{\"@id\":\"https:\\\/\\\/www.organisator.ch\\\/#organization\"},\"image\":{\"@id\":\"https:\\\/\\\/www.organisator.ch\\\/de\\\/allgemein\\\/2021-01-21\\\/einsatz-von-e-vans-lyreco-liefert-elektrisch\\\/#primaryimage\"},\"thumbnailUrl\":\"https:\\\/\\\/www.organisator.ch\\\/wp-content\\\/uploads\\\/2021\\\/01\\\/Einsatz-von-E-Vans-Lyreco-liefert-elektrisch_Organisator.jpg\",\"keywords\":[\"Mobilit\u00e4t\",\"Nachhaltige Wirtschaft\",\"Unternehmen\"],\"articleSection\":[\"Allgemein\"],\"inLanguage\":\"fr-FR\"},{\"@type\":\"WebPage\",\"@id\":\"https:\\\/\\\/www.organisator.ch\\\/de\\\/allgemein\\\/2021-01-21\\\/einsatz-von-e-vans-lyreco-liefert-elektrisch\\\/\",\"url\":\"https:\\\/\\\/www.organisator.ch\\\/de\\\/allgemein\\\/2021-01-21\\\/einsatz-von-e-vans-lyreco-liefert-elektrisch\\\/\",\"name\":\"Einsatz von E-Vans: Lyreco liefert elektrisch - Organisator\",\"isPartOf\":{\"@id\":\"https:\\\/\\\/www.organisator.ch\\\/#website\"},\"primaryImageOfPage\":{\"@id\":\"https:\\\/\\\/www.organisator.ch\\\/de\\\/allgemein\\\/2021-01-21\\\/einsatz-von-e-vans-lyreco-liefert-elektrisch\\\/#primaryimage\"},\"image\":{\"@id\":\"https:\\\/\\\/www.organisator.ch\\\/de\\\/allgemein\\\/2021-01-21\\\/einsatz-von-e-vans-lyreco-liefert-elektrisch\\\/#primaryimage\"},\"thumbnailUrl\":\"https:\\\/\\\/www.organisator.ch\\\/wp-content\\\/uploads\\\/2021\\\/01\\\/Einsatz-von-E-Vans-Lyreco-liefert-elektrisch_Organisator.jpg\",\"datePublished\":\"2021-01-21T06:39:07+00:00\",\"description\":\"Lyreco investiert in die Mobilit\u00e4t der Zukunft und beliefert seit Anfang Januar seine Kunden in Basel Stadt sowie in der Stadt St. Gallen neu mit E-Vans.\",\"breadcrumb\":{\"@id\":\"https:\\\/\\\/www.organisator.ch\\\/de\\\/allgemein\\\/2021-01-21\\\/einsatz-von-e-vans-lyreco-liefert-elektrisch\\\/#breadcrumb\"},\"inLanguage\":\"fr-FR\",\"potentialAction\":[{\"@type\":\"ReadAction\",\"target\":[\"https:\\\/\\\/www.organisator.ch\\\/de\\\/allgemein\\\/2021-01-21\\\/einsatz-von-e-vans-lyreco-liefert-elektrisch\\\/\"]}]},{\"@type\":\"ImageObject\",\"inLanguage\":\"fr-FR\",\"@id\":\"https:\\\/\\\/www.organisator.ch\\\/de\\\/allgemein\\\/2021-01-21\\\/einsatz-von-e-vans-lyreco-liefert-elektrisch\\\/#primaryimage\",\"url\":\"https:\\\/\\\/www.organisator.ch\\\/wp-content\\\/uploads\\\/2021\\\/01\\\/Einsatz-von-E-Vans-Lyreco-liefert-elektrisch_Organisator.jpg\",\"contentUrl\":\"https:\\\/\\\/www.organisator.ch\\\/wp-content\\\/uploads\\\/2021\\\/01\\\/Einsatz-von-E-Vans-Lyreco-liefert-elektrisch_Organisator.jpg\",\"width\":680,\"height\":453,\"caption\":\"Mit solchen E-Vans ist Lyreco seit Anfang Januar 2021 in St.Gallen und Basel unterwegs. (Foto: Selina Meier)\"},{\"@type\":\"BreadcrumbList\",\"@id\":\"https:\\\/\\\/www.organisator.ch\\\/de\\\/allgemein\\\/2021-01-21\\\/einsatz-von-e-vans-lyreco-liefert-elektrisch\\\/#breadcrumb\",\"itemListElement\":[{\"@type\":\"ListItem\",\"position\":1,\"name\":\"Home\",\"item\":\"https:\\\/\\\/www.organisator.ch\\\/\"},{\"@type\":\"ListItem\",\"position\":2,\"name\":\"Einsatz von E-Vans: Lyreco liefert elektrisch\"}]},{\"@type\":\"WebSite\",\"@id\":\"https:\\\/\\\/www.organisator.ch\\\/#website\",\"url\":\"https:\\\/\\\/www.organisator.ch\\\/\",\"name\":\"Organisator\",\"description\":\"Kompetent. Praxisnah. Der ORGANISATOR bereitet in 10 Ausgaben pro Jahr die wesentlichen Themen f\u00fcr F\u00fchrungskr\u00e4fte von KMU auf.\",\"publisher\":{\"@id\":\"https:\\\/\\\/www.organisator.ch\\\/#organization\"},\"potentialAction\":[{\"@type\":\"SearchAction\",\"target\":{\"@type\":\"EntryPoint\",\"urlTemplate\":\"https:\\\/\\\/www.organisator.ch\\\/?s={search_term_string}\"},\"query-input\":{\"@type\":\"PropertyValueSpecification\",\"valueRequired\":true,\"valueName\":\"search_term_string\"}}],\"inLanguage\":\"fr-FR\"},{\"@type\":\"Organization\",\"@id\":\"https:\\\/\\\/www.organisator.ch\\\/#organization\",\"name\":\"Organisator\",\"url\":\"https:\\\/\\\/www.organisator.ch\\\/\",\"logo\":{\"@type\":\"ImageObject\",\"inLanguage\":\"fr-FR\",\"@id\":\"https:\\\/\\\/www.organisator.ch\\\/#\\\/schema\\\/logo\\\/image\\\/\",\"url\":\"https:\\\/\\\/www.organisator.ch\\\/wp-content\\\/uploads\\\/2022\\\/01\\\/Logo_Organisator_Website.png\",\"contentUrl\":\"https:\\\/\\\/www.organisator.ch\\\/wp-content\\\/uploads\\\/2022\\\/01\\\/Logo_Organisator_Website.png\",\"width\":800,\"height\":77,\"caption\":\"Organisator\"},\"image\":{\"@id\":\"https:\\\/\\\/www.organisator.ch\\\/#\\\/schema\\\/logo\\\/image\\\/\"},\"sameAs\":[\"https:\\\/\\\/www.facebook.com\\\/OrganisatorFachmagazin\",\"https:\\\/\\\/www.linkedin.com\\\/showcase\\\/organisator-das-magazin-fr-kmu\",\"https:\\\/\\\/www.xing.com\\\/news\\\/pages\\\/organisator-ch-695\",\"https:\\\/\\\/www.youtube.com\\\/channel\\\/UCGP2Sq0iWaZwT3BdIAQFYpw\"]},{\"@type\":\"Person\",\"@id\":\"https:\\\/\\\/www.organisator.ch\\\/#\\\/schema\\\/person\\\/6f650f90b2842cd4c0cc334b4e36f67e\",\"name\":\"thomas.berner\",\"image\":{\"@type\":\"ImageObject\",\"inLanguage\":\"fr-FR\",\"@id\":\"https:\\\/\\\/secure.gravatar.com\\\/avatar\\\/ac5001d2a36cb6c6cd3e50789007ffca834b477b74a2144564522e944eabff61?s=96&d=mm&r=g\",\"url\":\"https:\\\/\\\/secure.gravatar.com\\\/avatar\\\/ac5001d2a36cb6c6cd3e50789007ffca834b477b74a2144564522e944eabff61?s=96&d=mm&r=g\",\"contentUrl\":\"https:\\\/\\\/secure.gravatar.com\\\/avatar\\\/ac5001d2a36cb6c6cd3e50789007ffca834b477b74a2144564522e944eabff61?s=96&d=mm&r=g\",\"caption\":\"thomas.berner\"},\"url\":\"https:\\\/\\\/www.organisator.ch\\\/fr\\\/author\\\/thomas-berner\\\/\"}]}<\/script>\n<!-- \/ Yoast SEO plugin. -->","yoast_head_json":{"title":"Utilisation de fourgonnettes \u00e9lectriques : Lyreco livre \u00e9lectriquement - Organisateur","description":"Lyreco investit dans la mobilit\u00e9 du futur et livre depuis d\u00e9but janvier ses clients de B\u00e2le-Ville ainsi que de la ville de Saint-Gall avec de nouveaux e-vans.","robots":{"index":"index","follow":"follow","max-snippet":"max-snippet:-1","max-image-preview":"max-image-preview:large","max-video-preview":"max-video-preview:-1"},"canonical":"https:\/\/www.organisator.ch\/fr\/general\/2021-01-21\/einsatz-von-e-vans-lyreco-liefert-elektrisch\/","og_locale":"fr_FR","og_type":"article","og_title":"Einsatz von E-Vans: Lyreco liefert elektrisch","og_description":"Lyreco investiert in die Mobilit\u00e4t der Zukunft und beliefert seit Anfang Januar seine Kunden in Basel Stadt sowie in der Stadt St. Gallen neu mit E-Vans.","og_url":"https:\/\/www.organisator.ch\/fr\/general\/2021-01-21\/einsatz-von-e-vans-lyreco-liefert-elektrisch\/","og_site_name":"Organisator","article_publisher":"https:\/\/www.facebook.com\/OrganisatorFachmagazin","article_published_time":"2021-01-21T06:39:07+00:00","og_image":[{"width":680,"height":453,"url":"https:\/\/www.organisator.ch\/wp-content\/uploads\/2021\/01\/Einsatz-von-E-Vans-Lyreco-liefert-elektrisch_Organisator.jpg","type":"image\/jpeg"}],"author":"thomas.berner","twitter_card":"summary_large_image","twitter_title":"Einsatz von #E-Vans: #Lyreco liefert elektrisch","twitter_description":"#Lyreco investiert in die Mobilit\u00e4t der Zukunft und beliefert seit Anfang Januar seine Kunden in Basel Stadt sowie in der Stadt St. Gallen neu mit #E-Vans.","twitter_image":"https:\/\/www.organisator.ch\/wp-content\/uploads\/2021\/01\/Einsatz-von-E-Vans-Lyreco-liefert-elektrisch_Organisator.jpg","schema":{"@context":"https:\/\/schema.org","@graph":[{"@type":"Article","@id":"https:\/\/www.organisator.ch\/de\/allgemein\/2021-01-21\/einsatz-von-e-vans-lyreco-liefert-elektrisch\/#article","isPartOf":{"@id":"https:\/\/www.organisator.ch\/de\/allgemein\/2021-01-21\/einsatz-von-e-vans-lyreco-liefert-elektrisch\/"},"author":{"name":"thomas.berner","@id":"https:\/\/www.organisator.ch\/#\/schema\/person\/6f650f90b2842cd4c0cc334b4e36f67e"},"headline":"Einsatz von E-Vans: Lyreco liefert elektrisch","datePublished":"2021-01-21T06:39:07+00:00","mainEntityOfPage":{"@id":"https:\/\/www.organisator.ch\/de\/allgemein\/2021-01-21\/einsatz-von-e-vans-lyreco-liefert-elektrisch\/"},"wordCount":215,"publisher":{"@id":"https:\/\/www.organisator.ch\/#organization"},"image":{"@id":"https:\/\/www.organisator.ch\/de\/allgemein\/2021-01-21\/einsatz-von-e-vans-lyreco-liefert-elektrisch\/#primaryimage"},"thumbnailUrl":"https:\/\/www.organisator.ch\/wp-content\/uploads\/2021\/01\/Einsatz-von-E-Vans-Lyreco-liefert-elektrisch_Organisator.jpg","keywords":["Mobilit\u00e4t","Nachhaltige Wirtschaft","Unternehmen"],"articleSection":["Allgemein"],"inLanguage":"fr-FR"},{"@type":"WebPage","@id":"https:\/\/www.organisator.ch\/de\/allgemein\/2021-01-21\/einsatz-von-e-vans-lyreco-liefert-elektrisch\/","url":"https:\/\/www.organisator.ch\/de\/allgemein\/2021-01-21\/einsatz-von-e-vans-lyreco-liefert-elektrisch\/","name":"Utilisation de fourgonnettes \u00e9lectriques : Lyreco livre \u00e9lectriquement - Organisateur","isPartOf":{"@id":"https:\/\/www.organisator.ch\/#website"},"primaryImageOfPage":{"@id":"https:\/\/www.organisator.ch\/de\/allgemein\/2021-01-21\/einsatz-von-e-vans-lyreco-liefert-elektrisch\/#primaryimage"},"image":{"@id":"https:\/\/www.organisator.ch\/de\/allgemein\/2021-01-21\/einsatz-von-e-vans-lyreco-liefert-elektrisch\/#primaryimage"},"thumbnailUrl":"https:\/\/www.organisator.ch\/wp-content\/uploads\/2021\/01\/Einsatz-von-E-Vans-Lyreco-liefert-elektrisch_Organisator.jpg","datePublished":"2021-01-21T06:39:07+00:00","description":"Lyreco investit dans la mobilit\u00e9 du futur et livre depuis d\u00e9but janvier ses clients de B\u00e2le-Ville ainsi que de la ville de Saint-Gall avec de nouveaux e-vans.","breadcrumb":{"@id":"https:\/\/www.organisator.ch\/de\/allgemein\/2021-01-21\/einsatz-von-e-vans-lyreco-liefert-elektrisch\/#breadcrumb"},"inLanguage":"fr-FR","potentialAction":[{"@type":"ReadAction","target":["https:\/\/www.organisator.ch\/de\/allgemein\/2021-01-21\/einsatz-von-e-vans-lyreco-liefert-elektrisch\/"]}]},{"@type":"ImageObject","inLanguage":"fr-FR","@id":"https:\/\/www.organisator.ch\/de\/allgemein\/2021-01-21\/einsatz-von-e-vans-lyreco-liefert-elektrisch\/#primaryimage","url":"https:\/\/www.organisator.ch\/wp-content\/uploads\/2021\/01\/Einsatz-von-E-Vans-Lyreco-liefert-elektrisch_Organisator.jpg","contentUrl":"https:\/\/www.organisator.ch\/wp-content\/uploads\/2021\/01\/Einsatz-von-E-Vans-Lyreco-liefert-elektrisch_Organisator.jpg","width":680,"height":453,"caption":"Mit solchen E-Vans ist Lyreco seit Anfang Januar 2021 in St.Gallen und Basel unterwegs. (Foto: Selina Meier)"},{"@type":"BreadcrumbList","@id":"https:\/\/www.organisator.ch\/de\/allgemein\/2021-01-21\/einsatz-von-e-vans-lyreco-liefert-elektrisch\/#breadcrumb","itemListElement":[{"@type":"ListItem","position":1,"name":"Home","item":"https:\/\/www.organisator.ch\/"},{"@type":"ListItem","position":2,"name":"Einsatz von E-Vans: Lyreco liefert elektrisch"}]},{"@type":"WebSite","@id":"https:\/\/www.organisator.ch\/#website","url":"https:\/\/www.organisator.ch\/","name":"Organisateur","description":"Comp\u00e9tence et comp\u00e9tence. Proches de la pratique. L'ORGANISATEUR pr\u00e9pare 10 num\u00e9ros par an sur les th\u00e8mes essentiels pour les dirigeants de PME.","publisher":{"@id":"https:\/\/www.organisator.ch\/#organization"},"potentialAction":[{"@type":"SearchAction","target":{"@type":"EntryPoint","urlTemplate":"https:\/\/www.organisator.ch\/?s={search_term_string}"},"query-input":{"@type":"PropertyValueSpecification","valueRequired":true,"valueName":"search_term_string"}}],"inLanguage":"fr-FR"},{"@type":"Organization","@id":"https:\/\/www.organisator.ch\/#organization","name":"Organisateur","url":"https:\/\/www.organisator.ch\/","logo":{"@type":"ImageObject","inLanguage":"fr-FR","@id":"https:\/\/www.organisator.ch\/#\/schema\/logo\/image\/","url":"https:\/\/www.organisator.ch\/wp-content\/uploads\/2022\/01\/Logo_Organisator_Website.png","contentUrl":"https:\/\/www.organisator.ch\/wp-content\/uploads\/2022\/01\/Logo_Organisator_Website.png","width":800,"height":77,"caption":"Organisator"},"image":{"@id":"https:\/\/www.organisator.ch\/#\/schema\/logo\/image\/"},"sameAs":["https:\/\/www.facebook.com\/OrganisatorFachmagazin","https:\/\/www.linkedin.com\/showcase\/organisator-das-magazin-fr-kmu","https:\/\/www.xing.com\/news\/pages\/organisator-ch-695","https:\/\/www.youtube.com\/channel\/UCGP2Sq0iWaZwT3BdIAQFYpw"]},{"@type":"Person","@id":"https:\/\/www.organisator.ch\/#\/schema\/person\/6f650f90b2842cd4c0cc334b4e36f67e","name":"thomas.berner","image":{"@type":"ImageObject","inLanguage":"fr-FR","@id":"https:\/\/secure.gravatar.com\/avatar\/ac5001d2a36cb6c6cd3e50789007ffca834b477b74a2144564522e944eabff61?s=96&d=mm&r=g","url":"https:\/\/secure.gravatar.com\/avatar\/ac5001d2a36cb6c6cd3e50789007ffca834b477b74a2144564522e944eabff61?s=96&d=mm&r=g","contentUrl":"https:\/\/secure.gravatar.com\/avatar\/ac5001d2a36cb6c6cd3e50789007ffca834b477b74a2144564522e944eabff61?s=96&d=mm&r=g","caption":"thomas.berner"},"url":"https:\/\/www.organisator.ch\/fr\/author\/thomas-berner\/"}]}},"_links":{"self":[{"href":"https:\/\/www.organisator.ch\/fr\/wp-json\/wp\/v2\/posts\/7541","targetHints":{"allow":["GET"]}}],"collection":[{"href":"https:\/\/www.organisator.ch\/fr\/wp-json\/wp\/v2\/posts"}],"about":[{"href":"https:\/\/www.organisator.ch\/fr\/wp-json\/wp\/v2\/types\/post"}],"author":[{"embeddable":true,"href":"https:\/\/www.organisator.ch\/fr\/wp-json\/wp\/v2\/users\/4"}],"replies":[{"embeddable":true,"href":"https:\/\/www.organisator.ch\/fr\/wp-json\/wp\/v2\/comments?post=7541"}],"version-history":[{"count":0,"href":"https:\/\/www.organisator.ch\/fr\/wp-json\/wp\/v2\/posts\/7541\/revisions"}],"wp:featuredmedia":[{"embeddable":true,"href":"https:\/\/www.organisator.ch\/fr\/wp-json\/wp\/v2\/media\/7542"}],"wp:attachment":[{"href":"https:\/\/www.organisator.ch\/fr\/wp-json\/wp\/v2\/media?parent=7541"}],"wp:term":[{"taxonomy":"category","embeddable":true,"href":"https:\/\/www.organisator.ch\/fr\/wp-json\/wp\/v2\/categories?post=7541"},{"taxonomy":"post_tag","embeddable":true,"href":"https:\/\/www.organisator.ch\/fr\/wp-json\/wp\/v2\/tags?post=7541"}],"curies":[{"name":"wp","href":"https:\/\/api.w.org\/{rel}","templated":true}]}}