{"id":7560,"date":"2021-01-26T08:31:23","date_gmt":"2021-01-26T07:31:23","guid":{"rendered":"https:\/\/www.organisator.ch\/?p=7560"},"modified":"2021-01-26T08:31:23","modified_gmt":"2021-01-26T07:31:23","slug":"virtual-reality-ist-salonfaehig-und-durchdringt-alles-new-normal-in-familienunternehmen-in-2022","status":"publish","type":"post","link":"https:\/\/www.organisator.ch\/fr\/management\/2021-01-26\/virtual-reality-ist-salonfaehig-und-durchdringt-alles-new-normal-in-familienunternehmen-in-2022\/","title":{"rendered":"La r\u00e9alit\u00e9 virtuelle est acceptable et envahit tout : \"New Normal\" dans les entreprises familiales en 2022"},"content":{"rendered":"<figure id=\"attachment_7561\" aria-describedby=\"caption-attachment-7561\" style=\"width: 680px\" class=\"wp-caption alignnone\"><img loading=\"lazy\" decoding=\"async\" class=\"size-medium wp-image-7561\" src=\"https:\/\/www.organisator.ch\/wp-content\/uploads\/2021\/01\/Virtual-Reality-ist-salonfaehig-und-durchdringt-alles_Organisator.jpg\" alt=\"\" width=\"680\" height=\"422\" srcset=\"https:\/\/www.organisator.ch\/wp-content\/uploads\/2021\/01\/Virtual-Reality-ist-salonfaehig-und-durchdringt-alles_Organisator.jpg 680w, https:\/\/www.organisator.ch\/wp-content\/uploads\/2021\/01\/Virtual-Reality-ist-salonfaehig-und-durchdringt-alles_Organisator-16x10.jpg 16w, https:\/\/www.organisator.ch\/wp-content\/uploads\/2021\/01\/Virtual-Reality-ist-salonfaehig-und-durchdringt-alles_Organisator-282x175.jpg 282w, https:\/\/www.organisator.ch\/wp-content\/uploads\/2021\/01\/Virtual-Reality-ist-salonfaehig-und-durchdringt-alles_Organisator-564x350.jpg 564w, https:\/\/www.organisator.ch\/wp-content\/uploads\/2021\/01\/Virtual-Reality-ist-salonfaehig-und-durchdringt-alles_Organisator-300x186.jpg 300w\" sizes=\"auto, (max-width: 680px) 100vw, 680px\" \/><figcaption id=\"caption-attachment-7561\" class=\"wp-caption-text\">Le \"New Normal\" dans les entreprises familiales en 2022 : \"Je v\u00e9rifie les lunettes VR et l'instant d'apr\u00e8s, j'entre dans notre salle de r\u00e9union prot\u00e9g\u00e9e en r\u00e9alit\u00e9 virtuelle\". (Image : Pixabay.com)<\/figcaption><\/figure>\n<p>Dans une exp\u00e9rience de pens\u00e9e, imaginons une situation future en \u00e9t\u00e9 2022. Disons le jeudi 11 ao\u00fbt. C'est l'apr\u00e8s-midi. Il fait beau. Et nous jetons un regard en arri\u00e8re sur les deux ans et demi pass\u00e9s, au cours desquels le coronavirus a boulevers\u00e9 tant de choses dans notre vie.<\/p>\n<h2><strong>En l'an 1 apr\u00e8s la crise de Corona<\/strong><\/h2>\n<p>Nous nous demandons : qu'en est-il aujourd'hui par rapport \u00e0 l'\u00e9poque o\u00f9 nous ne savions rien de Covid-19 ? Qu'est-ce qui a chang\u00e9 ? Quelles terres nouvelles avons-nous explor\u00e9es ? O\u00f9 avons-nous \u00e9volu\u00e9 ? Quelles sont les pratiques que nous consid\u00e9rions autrefois comme impossibles et que nous avons pu int\u00e9grer sans peine dans notre quotidien ?<\/p>\n<p>Nous r\u00e9alisons que beaucoup de choses se sont pass\u00e9es. Chacun de nous a p\u00e9n\u00e9tr\u00e9 un nouveau territoire. Dans la famille, dans le cercle d'amis et au travail. L'obligation de changer a r\u00e9v\u00e9l\u00e9 de nombreuses opportunit\u00e9s op\u00e9rationnelles. Nous pouvons \u00eatre plus rapides, plus cr\u00e9atifs et plus efficaces que nous ne le pensions. Il s'agit maintenant de saisir \u00e9galement les opportunit\u00e9s strat\u00e9giques.<\/p>\n<h2><strong>Partie 1 - Social Distancing : la r\u00e9alit\u00e9 virtuelle est de bon ton et s'immisce partout<\/strong><\/h2>\n<p>Il est 15h23. Je suis assis \u00e0 l'ombre sur notre balcon, chez moi, et je clique sur mon smartphone dans le masque VR pour la r\u00e9union \u00e0 venir. En tant que porte-parole du comit\u00e9 des actionnaires, j'ai - comme toujours - invit\u00e9 le conseil de surveillance et le CEO \u00e0 examiner ensemble nos chiffres cl\u00e9s et nos hypoth\u00e8ses de planification. Apr\u00e8s six mois de pratique, ma nervosit\u00e9 \u00e0 l'\u00e9gard des r\u00e9unions VR s'est largement dissip\u00e9e.<\/p>\n<p>Je v\u00e9rifie les lunettes VR et, l'instant d'apr\u00e8s, j'entre dans notre salle de r\u00e9union prot\u00e9g\u00e9e en r\u00e9alit\u00e9 virtuelle. Je suis le premier \u00e0 entrer dans la vieille salle confortable d'une ferme de montagne du Vorarlberg. Je souris encore en pensant qu'avec toute la num\u00e9risation, c'est justement ce motif r\u00e9tro et romantique qui a remport\u00e9 le dernier concours d'id\u00e9es parmi nos collaborateurs. Mais il nous convient parfaitement, ainsi qu'\u00e0 notre attachement \u00e0 la tradition et au terroir.<\/p>\n<p>Je m'\u00e9tonne de ma courbe d'apprentissage rapide. Tout a commenc\u00e9 par une improvisation sauvage. Lorsque nous nous sommes organis\u00e9s d'un coup en r\u00e9unions web et en groupes WhatsApp - depuis la maison et en partie sans bonne connexion Internet. Sans ce saut, je ne serais pas en train de manipuler des lunettes VR aujourd'hui, comme si c'\u00e9tait la chose la plus normale du monde.<\/p>\n<p>Je me r\u00e9jouis que notre initiative VR, lanc\u00e9e d\u00e9but 2021, nous ait permis non seulement de renforcer notre conformit\u00e9 aux r\u00e8gles de distanciation sociale, mais aussi d'am\u00e9liorer notre capacit\u00e9 op\u00e9rationnelle en cas de crise. Au passage, nous avons m\u00eame pu am\u00e9liorer sensiblement et durablement notre bilan carbone. Entre-temps, m\u00eame les \"collectionneurs de miles\" chez nous appr\u00e9cient de perdre moins de temps de vie et de travail en voyage. Comme moi, beaucoup ont pris l'habitude de passer plus de temps \u00e0 la maison et avec leur famille.<\/p>\n<p>Le craquement d'une vieille planche de bois sur la v\u00e9randa annonce l'arriv\u00e9e d'un nouveau participant. Il s'agit de notre PDG et pr\u00e9sident du conseil d'administration, qui se trouve actuellement dans un voyage \u00e9puisant \u00e0 l'\u00e9tranger et qui est d\u00e9sormais un pro pour se faufiler de zone de quarantaine en zone de quarantaine. Lors des salutations, nous nous serrons chaleureusement la main. Le gant sensoriel que nous utilisons depuis quelques semaines en tant que pilote transmet un \u00e0 un le caract\u00e8re agrippant de mon interlocuteur. Nous sommes pleins d'\u00e9nergie. Au cours des prochains jours et demi, nous voulons discuter beaucoup et travailler intensivement ensemble dans notre \"cabane panoramique strat\u00e9gique\". Nous revoyons ensemble notre agenda, qui est stock\u00e9 dans notre \"nuage de gouvernance\".<\/p>\n<p>Les six membres du conseil de surveillance entrent maintenant dans le salon, le pr\u00e9sident en premier \u00e9galement. Certaines choses ne changent pas. Je ne peux m'emp\u00eacher de sourire. Apr\u00e8s un accueil personnel et d\u00e9contract\u00e9, j'ouvre notre r\u00e9union.<\/p>\n<p><a href=\"https:\/\/www.organisator.ch\/das-new-normal-in-familienunternehmen-teil-2-krise-als-chance\/\"><em>Cliquez ici pour acc\u00e9der \u00e0 la deuxi\u00e8me partie<\/em><\/a><\/p>\n<p><a href=\"https:\/\/www.organisator.ch\/das-new-normal-in-familienunternehmen-teil-3-paradigmenwechsel\/\"><em>Cliquez ici pour acc\u00e9der \u00e0 la partie 3<\/em><\/a><\/p>\n<p><a href=\"https:\/\/www.organisator.ch\/das-new-normal-in-familienunternehmen-teil-4-widerstandsfaehigkeit\/\"><em>Cliquez ici pour acc\u00e9der \u00e0 la partie 4<\/em><\/a><\/p>\n<p><a href=\"https:\/\/www.organisator.ch\/das-new-normal-in-familienunternehmen-teil-5-drive-und-spirit\/\"><em>Cliquez ici pour acc\u00e9der \u00e0 la partie 5<\/em><\/a><\/p>\n<p><strong><em>Auteurs :<\/em><\/strong><\/p>\n<p><strong><img loading=\"lazy\" decoding=\"async\" class=\"alignnone size-full wp-image-7562\" src=\"https:\/\/www.organisator.ch\/wp-content\/uploads\/2021\/01\/Christian-Schiede_Organisator.jpg\" alt=\"\" width=\"340\" height=\"421\" srcset=\"https:\/\/www.organisator.ch\/wp-content\/uploads\/2021\/01\/Christian-Schiede_Organisator.jpg 340w, https:\/\/www.organisator.ch\/wp-content\/uploads\/2021\/01\/Christian-Schiede_Organisator-10x12.jpg 10w, https:\/\/www.organisator.ch\/wp-content\/uploads\/2021\/01\/Christian-Schiede_Organisator-141x175.jpg 141w, https:\/\/www.organisator.ch\/wp-content\/uploads\/2021\/01\/Christian-Schiede_Organisator-283x350.jpg 283w, https:\/\/www.organisator.ch\/wp-content\/uploads\/2021\/01\/Christian-Schiede_Organisator-300x371.jpg 300w\" sizes=\"auto, (max-width: 340px) 100vw, 340px\" \/><\/strong><\/p>\n<p><strong>Christian Schiede <\/strong>conseille et accompagne depuis 2003 les familles d'entrepreneurs et les entreprises familiales afin de renforcer la coh\u00e9sion, d'augmenter la comp\u00e9titivit\u00e9 et de garantir les valeurs. Contact : <a href=\"http:\/\/www.schiede.com\">www.schiede.com<\/a>; <a href=\"mailto:schiede@shpadvisors.com\">schiede@shpadvisors.com<\/a><\/p>\n<p><img loading=\"lazy\" decoding=\"async\" class=\"alignnone size-full wp-image-7564\" src=\"https:\/\/www.organisator.ch\/wp-content\/uploads\/2021\/01\/Bastian-Schneider_Organisator.jpg\" alt=\"\" width=\"340\" height=\"340\" srcset=\"https:\/\/www.organisator.ch\/wp-content\/uploads\/2021\/01\/Bastian-Schneider_Organisator.jpg 340w, https:\/\/www.organisator.ch\/wp-content\/uploads\/2021\/01\/Bastian-Schneider_Organisator-150x150.jpg 150w, https:\/\/www.organisator.ch\/wp-content\/uploads\/2021\/01\/Bastian-Schneider_Organisator-12x12.jpg 12w, https:\/\/www.organisator.ch\/wp-content\/uploads\/2021\/01\/Bastian-Schneider_Organisator-175x175.jpg 175w, https:\/\/www.organisator.ch\/wp-content\/uploads\/2021\/01\/Bastian-Schneider_Organisator-250x250.jpg 250w, https:\/\/www.organisator.ch\/wp-content\/uploads\/2021\/01\/Bastian-Schneider_Organisator-300x300.jpg 300w, https:\/\/www.organisator.ch\/wp-content\/uploads\/2021\/01\/Bastian-Schneider_Organisator-100x100.jpg 100w\" sizes=\"auto, (max-width: 340px) 100vw, 340px\" \/><\/p>\n<p><strong>Bastian Schneider <\/strong>aide depuis 2000 les entrepreneurs et les \u00e9quipes de direction \u00e0 renforcer leurs marques de l'int\u00e9rieur et, dans cette perspective, \u00e0 conduire leurs organisations et leurs entreprises vers l'avenir. Dans plus de 30 secteurs. En Allemagne, en Autriche et en Suisse. Contact : <a href=\"http:\/\/www.brandleadership.ch\">www.brandleadership.ch<\/a>; <a href=\"mailto:bastian.schneider@brandleadership.ch\">bastian.schneider@brandleadership.ch<\/a><\/p>\n<p>&nbsp;<\/p>","protected":false},"excerpt":{"rendered":"<p>Im Gedankenexperiment stellen wir uns eine zuk\u00fcnftige Situation im Sommer 2022 vor. Sagen wir am Donnerstag, den 11. August. Es ist Nachmittag. Das Wetter ist sch\u00f6n. Und wir schauen zur\u00fcck auf die letzten 2.5 Jahre, in denen das Coronavirus so vieles in unserem Leben durcheinandergewirbelt hat. Im Jahr 1 nach der Corona-Krise Wir fragen uns: [&hellip;]<\/p>\n","protected":false},"author":4,"featured_media":7561,"comment_status":"closed","ping_status":"closed","sticky":false,"template":"","format":"standard","meta":{"_acf_changed":false,"_yoast_wpseo_focuskw":"Virtual Reality","_yoast_wpseo_metadesc":"Wie ver\u00e4ndert die Corona-Pandemie unsere Unternehmens- und Arbeitswelt? In einer \u00abR\u00fcckw\u00e4rts-Prognose\u00bb suchen wir erste Antworten. Teil 1: Virtual Reality.","articlekey":"","footnotes":""},"categories":[28],"tags":[335,363,508],"class_list":["post-7560","post","type-post","status-publish","format-standard","has-post-thumbnail","hentry","category-management","tag-management-und-unternehmensfuehrung","tag-new-work","tag-vermischtes"],"acf":[],"yoast_head":"<!-- This site is optimized with the Yoast SEO plugin v27.4 - https:\/\/yoast.com\/product\/yoast-seo-wordpress\/ -->\n<title>Virtual Reality ist salonf\u00e4hig und durchdringt alles: \u00abNew Normal\u00bb in Familienunternehmen in 2022 - Organisator<\/title>\n<meta name=\"description\" content=\"Wie ver\u00e4ndert die Corona-Pandemie unsere Unternehmens- und Arbeitswelt? In einer \u00abR\u00fcckw\u00e4rts-Prognose\u00bb suchen wir erste Antworten. Teil 1: Virtual Reality.\" \/>\n<meta name=\"robots\" content=\"index, follow, max-snippet:-1, max-image-preview:large, max-video-preview:-1\" \/>\n<link rel=\"canonical\" href=\"https:\/\/www.organisator.ch\/fr\/gestion-2\/2021-01-26\/virtual-reality-ist-salonfaehig-und-durchdringt-alles-new-normal-in-familienunternehmen-in-2022\/\" \/>\n<meta property=\"og:locale\" content=\"fr_FR\" \/>\n<meta property=\"og:type\" content=\"article\" \/>\n<meta property=\"og:title\" content=\"Virtual Reality ist salonf\u00e4hig und durchdringt alles: \u00abNew Normal\u00bb in Familienunternehmen in 2022\" \/>\n<meta property=\"og:description\" content=\"Wie ver\u00e4ndert die Corona-Pandemie unsere Unternehmens- und Arbeitswelt? In einer \u00abR\u00fcckw\u00e4rts-Prognose\u00bb suchen wir erste Antworten. Teil 1: Virtual Reality.\" \/>\n<meta property=\"og:url\" content=\"https:\/\/www.organisator.ch\/fr\/gestion-2\/2021-01-26\/virtual-reality-ist-salonfaehig-und-durchdringt-alles-new-normal-in-familienunternehmen-in-2022\/\" \/>\n<meta property=\"og:site_name\" content=\"Organisator\" \/>\n<meta property=\"article:publisher\" content=\"https:\/\/www.facebook.com\/OrganisatorFachmagazin\" \/>\n<meta property=\"article:published_time\" content=\"2021-01-26T07:31:23+00:00\" \/>\n<meta property=\"og:image\" content=\"https:\/\/www.organisator.ch\/wp-content\/uploads\/2021\/01\/Virtual-Reality-ist-salonfaehig-und-durchdringt-alles_Organisator.jpg\" \/>\n\t<meta property=\"og:image:width\" content=\"680\" \/>\n\t<meta property=\"og:image:height\" content=\"422\" \/>\n\t<meta property=\"og:image:type\" content=\"image\/jpeg\" \/>\n<meta name=\"author\" content=\"thomas.berner\" \/>\n<meta name=\"twitter:card\" content=\"summary_large_image\" \/>\n<meta name=\"twitter:title\" content=\"#VirtualReality ist salonf\u00e4hig und durchdringt alles: \u00ab#NewNormal\u00bb in #Familienunternehmen in 2022\" \/>\n<meta name=\"twitter:description\" content=\"Wie ver\u00e4ndert die Corona-Pandemie unsere Unternehmens- und Arbeitswelt? In einer \u00ab#R\u00fcckw\u00e4rts-Prognose\u00bb suchen wir erste Antworten. Teil 1: #VirtualReality.\" \/>\n<meta name=\"twitter:image\" content=\"https:\/\/www.organisator.ch\/wp-content\/uploads\/2021\/01\/Virtual-Reality-ist-salonfaehig-und-durchdringt-alles_Organisator.jpg\" \/>\n<script type=\"application\/ld+json\" class=\"yoast-schema-graph\">{\"@context\":\"https:\\\/\\\/schema.org\",\"@graph\":[{\"@type\":\"Article\",\"@id\":\"https:\\\/\\\/www.organisator.ch\\\/management\\\/2021-01-26\\\/virtual-reality-ist-salonfaehig-und-durchdringt-alles-new-normal-in-familienunternehmen-in-2022\\\/#article\",\"isPartOf\":{\"@id\":\"https:\\\/\\\/www.organisator.ch\\\/management\\\/2021-01-26\\\/virtual-reality-ist-salonfaehig-und-durchdringt-alles-new-normal-in-familienunternehmen-in-2022\\\/\"},\"author\":{\"name\":\"thomas.berner\",\"@id\":\"https:\\\/\\\/www.organisator.ch\\\/#\\\/schema\\\/person\\\/6f650f90b2842cd4c0cc334b4e36f67e\"},\"headline\":\"Virtual Reality ist salonf\u00e4hig und durchdringt alles: \u00abNew Normal\u00bb in Familienunternehmen in 2022\",\"datePublished\":\"2021-01-26T07:31:23+00:00\",\"mainEntityOfPage\":{\"@id\":\"https:\\\/\\\/www.organisator.ch\\\/management\\\/2021-01-26\\\/virtual-reality-ist-salonfaehig-und-durchdringt-alles-new-normal-in-familienunternehmen-in-2022\\\/\"},\"wordCount\":734,\"publisher\":{\"@id\":\"https:\\\/\\\/www.organisator.ch\\\/#organization\"},\"image\":{\"@id\":\"https:\\\/\\\/www.organisator.ch\\\/management\\\/2021-01-26\\\/virtual-reality-ist-salonfaehig-und-durchdringt-alles-new-normal-in-familienunternehmen-in-2022\\\/#primaryimage\"},\"thumbnailUrl\":\"https:\\\/\\\/www.organisator.ch\\\/wp-content\\\/uploads\\\/2021\\\/01\\\/Virtual-Reality-ist-salonfaehig-und-durchdringt-alles_Organisator.jpg\",\"keywords\":[\"Management und Unternehmensf\u00fchrung\",\"New Work\",\"Vermischtes\"],\"articleSection\":[\"MANAGEMENT\"],\"inLanguage\":\"fr-FR\"},{\"@type\":\"WebPage\",\"@id\":\"https:\\\/\\\/www.organisator.ch\\\/management\\\/2021-01-26\\\/virtual-reality-ist-salonfaehig-und-durchdringt-alles-new-normal-in-familienunternehmen-in-2022\\\/\",\"url\":\"https:\\\/\\\/www.organisator.ch\\\/management\\\/2021-01-26\\\/virtual-reality-ist-salonfaehig-und-durchdringt-alles-new-normal-in-familienunternehmen-in-2022\\\/\",\"name\":\"Virtual Reality ist salonf\u00e4hig und durchdringt alles: \u00abNew Normal\u00bb in Familienunternehmen in 2022 - Organisator\",\"isPartOf\":{\"@id\":\"https:\\\/\\\/www.organisator.ch\\\/#website\"},\"primaryImageOfPage\":{\"@id\":\"https:\\\/\\\/www.organisator.ch\\\/management\\\/2021-01-26\\\/virtual-reality-ist-salonfaehig-und-durchdringt-alles-new-normal-in-familienunternehmen-in-2022\\\/#primaryimage\"},\"image\":{\"@id\":\"https:\\\/\\\/www.organisator.ch\\\/management\\\/2021-01-26\\\/virtual-reality-ist-salonfaehig-und-durchdringt-alles-new-normal-in-familienunternehmen-in-2022\\\/#primaryimage\"},\"thumbnailUrl\":\"https:\\\/\\\/www.organisator.ch\\\/wp-content\\\/uploads\\\/2021\\\/01\\\/Virtual-Reality-ist-salonfaehig-und-durchdringt-alles_Organisator.jpg\",\"datePublished\":\"2021-01-26T07:31:23+00:00\",\"description\":\"Wie ver\u00e4ndert die Corona-Pandemie unsere Unternehmens- und Arbeitswelt? In einer \u00abR\u00fcckw\u00e4rts-Prognose\u00bb suchen wir erste Antworten. Teil 1: Virtual Reality.\",\"breadcrumb\":{\"@id\":\"https:\\\/\\\/www.organisator.ch\\\/management\\\/2021-01-26\\\/virtual-reality-ist-salonfaehig-und-durchdringt-alles-new-normal-in-familienunternehmen-in-2022\\\/#breadcrumb\"},\"inLanguage\":\"fr-FR\",\"potentialAction\":[{\"@type\":\"ReadAction\",\"target\":[\"https:\\\/\\\/www.organisator.ch\\\/management\\\/2021-01-26\\\/virtual-reality-ist-salonfaehig-und-durchdringt-alles-new-normal-in-familienunternehmen-in-2022\\\/\"]}]},{\"@type\":\"ImageObject\",\"inLanguage\":\"fr-FR\",\"@id\":\"https:\\\/\\\/www.organisator.ch\\\/management\\\/2021-01-26\\\/virtual-reality-ist-salonfaehig-und-durchdringt-alles-new-normal-in-familienunternehmen-in-2022\\\/#primaryimage\",\"url\":\"https:\\\/\\\/www.organisator.ch\\\/wp-content\\\/uploads\\\/2021\\\/01\\\/Virtual-Reality-ist-salonfaehig-und-durchdringt-alles_Organisator.jpg\",\"contentUrl\":\"https:\\\/\\\/www.organisator.ch\\\/wp-content\\\/uploads\\\/2021\\\/01\\\/Virtual-Reality-ist-salonfaehig-und-durchdringt-alles_Organisator.jpg\",\"width\":680,\"height\":422,\"caption\":\"\u00abIch pr\u00fcfe die VR-Brille und betrete im n\u00e4chsten Augenblick unseren gesch\u00fctzten Virtual Reality Meetingraum.\u00bb (Bild: Pixabay.com)\"},{\"@type\":\"BreadcrumbList\",\"@id\":\"https:\\\/\\\/www.organisator.ch\\\/management\\\/2021-01-26\\\/virtual-reality-ist-salonfaehig-und-durchdringt-alles-new-normal-in-familienunternehmen-in-2022\\\/#breadcrumb\",\"itemListElement\":[{\"@type\":\"ListItem\",\"position\":1,\"name\":\"Home\",\"item\":\"https:\\\/\\\/www.organisator.ch\\\/\"},{\"@type\":\"ListItem\",\"position\":2,\"name\":\"Virtual Reality ist salonf\u00e4hig und durchdringt alles: \u00abNew Normal\u00bb in Familienunternehmen in 2022\"}]},{\"@type\":\"WebSite\",\"@id\":\"https:\\\/\\\/www.organisator.ch\\\/#website\",\"url\":\"https:\\\/\\\/www.organisator.ch\\\/\",\"name\":\"Organisator\",\"description\":\"Kompetent. Praxisnah. Der ORGANISATOR bereitet in 10 Ausgaben pro Jahr die wesentlichen Themen f\u00fcr F\u00fchrungskr\u00e4fte von KMU auf.\",\"publisher\":{\"@id\":\"https:\\\/\\\/www.organisator.ch\\\/#organization\"},\"potentialAction\":[{\"@type\":\"SearchAction\",\"target\":{\"@type\":\"EntryPoint\",\"urlTemplate\":\"https:\\\/\\\/www.organisator.ch\\\/?s={search_term_string}\"},\"query-input\":{\"@type\":\"PropertyValueSpecification\",\"valueRequired\":true,\"valueName\":\"search_term_string\"}}],\"inLanguage\":\"fr-FR\"},{\"@type\":\"Organization\",\"@id\":\"https:\\\/\\\/www.organisator.ch\\\/#organization\",\"name\":\"Organisator\",\"url\":\"https:\\\/\\\/www.organisator.ch\\\/\",\"logo\":{\"@type\":\"ImageObject\",\"inLanguage\":\"fr-FR\",\"@id\":\"https:\\\/\\\/www.organisator.ch\\\/#\\\/schema\\\/logo\\\/image\\\/\",\"url\":\"https:\\\/\\\/www.organisator.ch\\\/wp-content\\\/uploads\\\/2022\\\/01\\\/Logo_Organisator_Website.png\",\"contentUrl\":\"https:\\\/\\\/www.organisator.ch\\\/wp-content\\\/uploads\\\/2022\\\/01\\\/Logo_Organisator_Website.png\",\"width\":800,\"height\":77,\"caption\":\"Organisator\"},\"image\":{\"@id\":\"https:\\\/\\\/www.organisator.ch\\\/#\\\/schema\\\/logo\\\/image\\\/\"},\"sameAs\":[\"https:\\\/\\\/www.facebook.com\\\/OrganisatorFachmagazin\",\"https:\\\/\\\/www.linkedin.com\\\/showcase\\\/organisator-das-magazin-fr-kmu\",\"https:\\\/\\\/www.xing.com\\\/news\\\/pages\\\/organisator-ch-695\",\"https:\\\/\\\/www.youtube.com\\\/channel\\\/UCGP2Sq0iWaZwT3BdIAQFYpw\"]},{\"@type\":\"Person\",\"@id\":\"https:\\\/\\\/www.organisator.ch\\\/#\\\/schema\\\/person\\\/6f650f90b2842cd4c0cc334b4e36f67e\",\"name\":\"thomas.berner\",\"image\":{\"@type\":\"ImageObject\",\"inLanguage\":\"fr-FR\",\"@id\":\"https:\\\/\\\/secure.gravatar.com\\\/avatar\\\/ac5001d2a36cb6c6cd3e50789007ffca834b477b74a2144564522e944eabff61?s=96&d=mm&r=g\",\"url\":\"https:\\\/\\\/secure.gravatar.com\\\/avatar\\\/ac5001d2a36cb6c6cd3e50789007ffca834b477b74a2144564522e944eabff61?s=96&d=mm&r=g\",\"contentUrl\":\"https:\\\/\\\/secure.gravatar.com\\\/avatar\\\/ac5001d2a36cb6c6cd3e50789007ffca834b477b74a2144564522e944eabff61?s=96&d=mm&r=g\",\"caption\":\"thomas.berner\"},\"url\":\"https:\\\/\\\/www.organisator.ch\\\/fr\\\/author\\\/thomas-berner\\\/\"}]}<\/script>\n<!-- \/ Yoast SEO plugin. -->","yoast_head_json":{"title":"La r\u00e9alit\u00e9 virtuelle est acceptable et envahit tout : \"New Normal\" dans les entreprises familiales en 2022 - Organisateur","description":"Comment la pand\u00e9mie de Corona change-t-elle notre monde de l'entreprise et du travail ? Nous cherchons les premi\u00e8res r\u00e9ponses dans un \"pronostic \u00e0 rebours\". Partie 1 : R\u00e9alit\u00e9 virtuelle.","robots":{"index":"index","follow":"follow","max-snippet":"max-snippet:-1","max-image-preview":"max-image-preview:large","max-video-preview":"max-video-preview:-1"},"canonical":"https:\/\/www.organisator.ch\/fr\/gestion-2\/2021-01-26\/virtual-reality-ist-salonfaehig-und-durchdringt-alles-new-normal-in-familienunternehmen-in-2022\/","og_locale":"fr_FR","og_type":"article","og_title":"Virtual Reality ist salonf\u00e4hig und durchdringt alles: \u00abNew Normal\u00bb in Familienunternehmen in 2022","og_description":"Wie ver\u00e4ndert die Corona-Pandemie unsere Unternehmens- und Arbeitswelt? In einer \u00abR\u00fcckw\u00e4rts-Prognose\u00bb suchen wir erste Antworten. Teil 1: Virtual Reality.","og_url":"https:\/\/www.organisator.ch\/fr\/gestion-2\/2021-01-26\/virtual-reality-ist-salonfaehig-und-durchdringt-alles-new-normal-in-familienunternehmen-in-2022\/","og_site_name":"Organisator","article_publisher":"https:\/\/www.facebook.com\/OrganisatorFachmagazin","article_published_time":"2021-01-26T07:31:23+00:00","og_image":[{"width":680,"height":422,"url":"https:\/\/www.organisator.ch\/wp-content\/uploads\/2021\/01\/Virtual-Reality-ist-salonfaehig-und-durchdringt-alles_Organisator.jpg","type":"image\/jpeg"}],"author":"thomas.berner","twitter_card":"summary_large_image","twitter_title":"#VirtualReality ist salonf\u00e4hig und durchdringt alles: \u00ab#NewNormal\u00bb in #Familienunternehmen in 2022","twitter_description":"Wie ver\u00e4ndert die Corona-Pandemie unsere Unternehmens- und Arbeitswelt? In einer \u00ab#R\u00fcckw\u00e4rts-Prognose\u00bb suchen wir erste Antworten. Teil 1: #VirtualReality.","twitter_image":"https:\/\/www.organisator.ch\/wp-content\/uploads\/2021\/01\/Virtual-Reality-ist-salonfaehig-und-durchdringt-alles_Organisator.jpg","schema":{"@context":"https:\/\/schema.org","@graph":[{"@type":"Article","@id":"https:\/\/www.organisator.ch\/management\/2021-01-26\/virtual-reality-ist-salonfaehig-und-durchdringt-alles-new-normal-in-familienunternehmen-in-2022\/#article","isPartOf":{"@id":"https:\/\/www.organisator.ch\/management\/2021-01-26\/virtual-reality-ist-salonfaehig-und-durchdringt-alles-new-normal-in-familienunternehmen-in-2022\/"},"author":{"name":"thomas.berner","@id":"https:\/\/www.organisator.ch\/#\/schema\/person\/6f650f90b2842cd4c0cc334b4e36f67e"},"headline":"Virtual Reality ist salonf\u00e4hig und durchdringt alles: \u00abNew Normal\u00bb in Familienunternehmen in 2022","datePublished":"2021-01-26T07:31:23+00:00","mainEntityOfPage":{"@id":"https:\/\/www.organisator.ch\/management\/2021-01-26\/virtual-reality-ist-salonfaehig-und-durchdringt-alles-new-normal-in-familienunternehmen-in-2022\/"},"wordCount":734,"publisher":{"@id":"https:\/\/www.organisator.ch\/#organization"},"image":{"@id":"https:\/\/www.organisator.ch\/management\/2021-01-26\/virtual-reality-ist-salonfaehig-und-durchdringt-alles-new-normal-in-familienunternehmen-in-2022\/#primaryimage"},"thumbnailUrl":"https:\/\/www.organisator.ch\/wp-content\/uploads\/2021\/01\/Virtual-Reality-ist-salonfaehig-und-durchdringt-alles_Organisator.jpg","keywords":["Management und Unternehmensf\u00fchrung","New Work","Vermischtes"],"articleSection":["MANAGEMENT"],"inLanguage":"fr-FR"},{"@type":"WebPage","@id":"https:\/\/www.organisator.ch\/management\/2021-01-26\/virtual-reality-ist-salonfaehig-und-durchdringt-alles-new-normal-in-familienunternehmen-in-2022\/","url":"https:\/\/www.organisator.ch\/management\/2021-01-26\/virtual-reality-ist-salonfaehig-und-durchdringt-alles-new-normal-in-familienunternehmen-in-2022\/","name":"La r\u00e9alit\u00e9 virtuelle est acceptable et envahit tout : \"New Normal\" dans les entreprises familiales en 2022 - Organisateur","isPartOf":{"@id":"https:\/\/www.organisator.ch\/#website"},"primaryImageOfPage":{"@id":"https:\/\/www.organisator.ch\/management\/2021-01-26\/virtual-reality-ist-salonfaehig-und-durchdringt-alles-new-normal-in-familienunternehmen-in-2022\/#primaryimage"},"image":{"@id":"https:\/\/www.organisator.ch\/management\/2021-01-26\/virtual-reality-ist-salonfaehig-und-durchdringt-alles-new-normal-in-familienunternehmen-in-2022\/#primaryimage"},"thumbnailUrl":"https:\/\/www.organisator.ch\/wp-content\/uploads\/2021\/01\/Virtual-Reality-ist-salonfaehig-und-durchdringt-alles_Organisator.jpg","datePublished":"2021-01-26T07:31:23+00:00","description":"Comment la pand\u00e9mie de Corona change-t-elle notre monde de l'entreprise et du travail ? Nous cherchons les premi\u00e8res r\u00e9ponses dans un \"pronostic \u00e0 rebours\". Partie 1 : R\u00e9alit\u00e9 virtuelle.","breadcrumb":{"@id":"https:\/\/www.organisator.ch\/management\/2021-01-26\/virtual-reality-ist-salonfaehig-und-durchdringt-alles-new-normal-in-familienunternehmen-in-2022\/#breadcrumb"},"inLanguage":"fr-FR","potentialAction":[{"@type":"ReadAction","target":["https:\/\/www.organisator.ch\/management\/2021-01-26\/virtual-reality-ist-salonfaehig-und-durchdringt-alles-new-normal-in-familienunternehmen-in-2022\/"]}]},{"@type":"ImageObject","inLanguage":"fr-FR","@id":"https:\/\/www.organisator.ch\/management\/2021-01-26\/virtual-reality-ist-salonfaehig-und-durchdringt-alles-new-normal-in-familienunternehmen-in-2022\/#primaryimage","url":"https:\/\/www.organisator.ch\/wp-content\/uploads\/2021\/01\/Virtual-Reality-ist-salonfaehig-und-durchdringt-alles_Organisator.jpg","contentUrl":"https:\/\/www.organisator.ch\/wp-content\/uploads\/2021\/01\/Virtual-Reality-ist-salonfaehig-und-durchdringt-alles_Organisator.jpg","width":680,"height":422,"caption":"\u00abIch pr\u00fcfe die VR-Brille und betrete im n\u00e4chsten Augenblick unseren gesch\u00fctzten Virtual Reality Meetingraum.\u00bb (Bild: Pixabay.com)"},{"@type":"BreadcrumbList","@id":"https:\/\/www.organisator.ch\/management\/2021-01-26\/virtual-reality-ist-salonfaehig-und-durchdringt-alles-new-normal-in-familienunternehmen-in-2022\/#breadcrumb","itemListElement":[{"@type":"ListItem","position":1,"name":"Home","item":"https:\/\/www.organisator.ch\/"},{"@type":"ListItem","position":2,"name":"Virtual Reality ist salonf\u00e4hig und durchdringt alles: \u00abNew Normal\u00bb in Familienunternehmen in 2022"}]},{"@type":"WebSite","@id":"https:\/\/www.organisator.ch\/#website","url":"https:\/\/www.organisator.ch\/","name":"Organisateur","description":"Comp\u00e9tence et comp\u00e9tence. Proches de la pratique. L'ORGANISATEUR pr\u00e9pare 10 num\u00e9ros par an sur les th\u00e8mes essentiels pour les dirigeants de PME.","publisher":{"@id":"https:\/\/www.organisator.ch\/#organization"},"potentialAction":[{"@type":"SearchAction","target":{"@type":"EntryPoint","urlTemplate":"https:\/\/www.organisator.ch\/?s={search_term_string}"},"query-input":{"@type":"PropertyValueSpecification","valueRequired":true,"valueName":"search_term_string"}}],"inLanguage":"fr-FR"},{"@type":"Organization","@id":"https:\/\/www.organisator.ch\/#organization","name":"Organisateur","url":"https:\/\/www.organisator.ch\/","logo":{"@type":"ImageObject","inLanguage":"fr-FR","@id":"https:\/\/www.organisator.ch\/#\/schema\/logo\/image\/","url":"https:\/\/www.organisator.ch\/wp-content\/uploads\/2022\/01\/Logo_Organisator_Website.png","contentUrl":"https:\/\/www.organisator.ch\/wp-content\/uploads\/2022\/01\/Logo_Organisator_Website.png","width":800,"height":77,"caption":"Organisator"},"image":{"@id":"https:\/\/www.organisator.ch\/#\/schema\/logo\/image\/"},"sameAs":["https:\/\/www.facebook.com\/OrganisatorFachmagazin","https:\/\/www.linkedin.com\/showcase\/organisator-das-magazin-fr-kmu","https:\/\/www.xing.com\/news\/pages\/organisator-ch-695","https:\/\/www.youtube.com\/channel\/UCGP2Sq0iWaZwT3BdIAQFYpw"]},{"@type":"Person","@id":"https:\/\/www.organisator.ch\/#\/schema\/person\/6f650f90b2842cd4c0cc334b4e36f67e","name":"thomas.berner","image":{"@type":"ImageObject","inLanguage":"fr-FR","@id":"https:\/\/secure.gravatar.com\/avatar\/ac5001d2a36cb6c6cd3e50789007ffca834b477b74a2144564522e944eabff61?s=96&d=mm&r=g","url":"https:\/\/secure.gravatar.com\/avatar\/ac5001d2a36cb6c6cd3e50789007ffca834b477b74a2144564522e944eabff61?s=96&d=mm&r=g","contentUrl":"https:\/\/secure.gravatar.com\/avatar\/ac5001d2a36cb6c6cd3e50789007ffca834b477b74a2144564522e944eabff61?s=96&d=mm&r=g","caption":"thomas.berner"},"url":"https:\/\/www.organisator.ch\/fr\/author\/thomas-berner\/"}]}},"_links":{"self":[{"href":"https:\/\/www.organisator.ch\/fr\/wp-json\/wp\/v2\/posts\/7560","targetHints":{"allow":["GET"]}}],"collection":[{"href":"https:\/\/www.organisator.ch\/fr\/wp-json\/wp\/v2\/posts"}],"about":[{"href":"https:\/\/www.organisator.ch\/fr\/wp-json\/wp\/v2\/types\/post"}],"author":[{"embeddable":true,"href":"https:\/\/www.organisator.ch\/fr\/wp-json\/wp\/v2\/users\/4"}],"replies":[{"embeddable":true,"href":"https:\/\/www.organisator.ch\/fr\/wp-json\/wp\/v2\/comments?post=7560"}],"version-history":[{"count":0,"href":"https:\/\/www.organisator.ch\/fr\/wp-json\/wp\/v2\/posts\/7560\/revisions"}],"wp:featuredmedia":[{"embeddable":true,"href":"https:\/\/www.organisator.ch\/fr\/wp-json\/wp\/v2\/media\/7561"}],"wp:attachment":[{"href":"https:\/\/www.organisator.ch\/fr\/wp-json\/wp\/v2\/media?parent=7560"}],"wp:term":[{"taxonomy":"category","embeddable":true,"href":"https:\/\/www.organisator.ch\/fr\/wp-json\/wp\/v2\/categories?post=7560"},{"taxonomy":"post_tag","embeddable":true,"href":"https:\/\/www.organisator.ch\/fr\/wp-json\/wp\/v2\/tags?post=7560"}],"curies":[{"name":"wp","href":"https:\/\/api.w.org\/{rel}","templated":true}]}}