{"id":7572,"date":"2021-01-27T10:17:08","date_gmt":"2021-01-27T09:17:08","guid":{"rendered":"https:\/\/www.organisator.ch\/?p=7572"},"modified":"2021-01-27T10:17:08","modified_gmt":"2021-01-27T09:17:08","slug":"corona-macht-veraenderungen-bei-lieferketten-noetig","status":"publish","type":"post","link":"https:\/\/www.organisator.ch\/fr\/management\/2021-01-27\/corona-macht-veraenderungen-bei-lieferketten-noetig\/","title":{"rendered":"Corona rend n\u00e9cessaire des changements dans les cha\u00eenes d'approvisionnement"},"content":{"rendered":"<figure id=\"attachment_7573\" aria-describedby=\"caption-attachment-7573\" style=\"width: 680px\" class=\"wp-caption alignnone\"><img loading=\"lazy\" decoding=\"async\" class=\"size-medium wp-image-7573\" src=\"https:\/\/www.organisator.ch\/wp-content\/uploads\/2021\/01\/Corona-macht-Veraenderungen-bei-Lieferketten-noetig_Organisator.jpg\" alt=\"\" width=\"680\" height=\"342\" srcset=\"https:\/\/www.organisator.ch\/wp-content\/uploads\/2021\/01\/Corona-macht-Veraenderungen-bei-Lieferketten-noetig_Organisator.jpg 680w, https:\/\/www.organisator.ch\/wp-content\/uploads\/2021\/01\/Corona-macht-Veraenderungen-bei-Lieferketten-noetig_Organisator-16x8.jpg 16w, https:\/\/www.organisator.ch\/wp-content\/uploads\/2021\/01\/Corona-macht-Veraenderungen-bei-Lieferketten-noetig_Organisator-348x175.jpg 348w, https:\/\/www.organisator.ch\/wp-content\/uploads\/2021\/01\/Corona-macht-Veraenderungen-bei-Lieferketten-noetig_Organisator-300x151.jpg 300w\" sizes=\"auto, (max-width: 680px) 100vw, 680px\" \/><figcaption id=\"caption-attachment-7573\" class=\"wp-caption-text\">70 pour cent des entreprises consid\u00e8rent la pand\u00e9mie mondiale comme le plus grand risque pour les cha\u00eenes d'approvisionnement. C'est ce que montre une \u00e9tude r\u00e9cente. (Image : Pixabay.com)<\/figcaption><\/figure>\n<p>L'\u00e9tude mondiale sur la cha\u00eene d'approvisionnement d'Orange Business Services le montre : La pand\u00e9mie mondiale r\u00e9v\u00e8le des changements n\u00e9cessaires pour des cha\u00eenes d'approvisionnement s\u00fbres pour l'avenir. Environ 83 % des entreprises interrog\u00e9es dans le cadre de cette \u00e9tude ont d\u00e9clar\u00e9 \u00eatre plus conscientes qu'il y a un an des risques li\u00e9s \u00e0 la cha\u00eene d'approvisionnement, tels que les p\u00e9nuries de mati\u00e8res premi\u00e8res, les arr\u00eats de production ou les blocages de transport. La pand\u00e9mie est donc une sorte de rappel \u00e0 l'ordre pour les entreprises. La rapidit\u00e9, l'agilit\u00e9 et l'innovation sont consid\u00e9r\u00e9es comme indispensables pour ma\u00eetriser les d\u00e9fis \u00e0 venir. Pour assurer leur p\u00e9rennit\u00e9, de nombreuses entreprises consid\u00e8rent en outre que la construction de la r\u00e9silience et de la durabilit\u00e9 dans les cha\u00eenes d'approvisionnement par le biais de la num\u00e9risation et de l'aper\u00e7u des donn\u00e9es en temps r\u00e9el est une priorit\u00e9 dans le cadre des strat\u00e9gies de transformation. Par exemple, 44 % des entreprises pr\u00e9voient de lancer des initiatives de donn\u00e9es en temps r\u00e9el au cours des deux prochaines ann\u00e9es.<\/p>\n<h2>Renforcement des cha\u00eenes d'approvisionnement<\/h2>\n<p>Selon l'enqu\u00eate, pr\u00e8s de huit entreprises sur dix ont acc\u00e9l\u00e9r\u00e9 la num\u00e9risation de leur cha\u00eene d'approvisionnement. En outre, pr\u00e8s de 50 % des personnes interrog\u00e9es envisagent de revoir leurs strat\u00e9gies de gestion des risques au cours des deux prochaines ann\u00e9es. L'automatisation gagne \u00e9galement en importance pour faire face \u00e0 l'\u00e9volution rapide de la demande. Ainsi, 42 pour cent des entreprises indiquent qu'elles utilisent l'automatisation pour la gestion des risques. La m\u00eame proportion (42 pour cent) a l'intention de le faire au cours des deux prochaines ann\u00e9es.<\/p>\n<p>Les r\u00e9sultats suivants mettent \u00e9galement en \u00e9vidence l'impact de la pand\u00e9mie sur les cha\u00eenes d'approvisionnement : deux participants \u00e0 l'\u00e9tude sur cinq affirment que leur cha\u00eene d'approvisionnement n'a pas pu suivre le rythme lors du premier pic de la pand\u00e9mie. C'est l\u00e0 que les facilitateurs technologiques tels que l'intelligence artificielle (IA), le cloud, la 5G et l'analyse des donn\u00e9es volumineuses joueront un grand r\u00f4le \u00e0 l'avenir, car ils am\u00e9liorent les cha\u00eenes d'approvisionnement gr\u00e2ce \u00e0 une meilleure planification et ex\u00e9cution. La collecte et le partage de donn\u00e9es en temps r\u00e9el augmentent l'efficacit\u00e9 et la transparence tout au long de la cha\u00eene d'approvisionnement. Dans le m\u00eame temps, cela permet de soutenir les relations entre les fournisseurs et les fabricants afin de prendre des d\u00e9cisions intelligentes.<\/p>\n<p>\"L'urgence sanitaire mondiale a pouss\u00e9 les organisations \u00e0 accepter la fragilit\u00e9 de leurs \u00e9cosyst\u00e8mes. Les failles critiques doivent maintenant \u00eatre combl\u00e9es pour garantir une transparence de bout en bout au niveau mondial et minimiser les risques pour les entreprises et les organisations. Les technologies et les comp\u00e9tences num\u00e9riques sont la cl\u00e9 pour permettre aux entreprises et \u00e0 leurs partenaires de s\u00e9curiser la cha\u00eene d'approvisionnement. La num\u00e9risation et la collecte de donn\u00e9es seront \u00e9galement des conditions essentielles pour devenir plus durable et pr\u00e9server \u00e0 la fois les co\u00fbts et les ressources de la plan\u00e8te\", a d\u00e9clar\u00e9 Kristof Symons, vice-pr\u00e9sident ex\u00e9cutif, International, Orange Business Services.<\/p>\n<h2>Nouvel \u00e9lan pour les programmes de durabilit\u00e9<\/h2>\n<p>Bien que la pand\u00e9mie ait fait descendre la question de la durabilit\u00e9 dans l'agenda des entreprises, 59 pour cent des personnes interrog\u00e9es ont d\u00e9clar\u00e9 qu'une entreprise qui n'est pas g\u00e9r\u00e9e de mani\u00e8re \u00e9thique et durable repr\u00e9sente un risque commercial important qui se r\u00e9percute sur le r\u00e9sultat final. Les usines intelligentes, par exemple, sont en mesure d'\u00e9conomiser environ 30 pour cent des co\u00fbts \u00e9nerg\u00e9tiques.<\/p>\n<p>\u00c0 l'avenir, 85 % des entreprises interrog\u00e9es pr\u00e9voient d'investir pour devenir plus durables. Il s'agit notamment de nouvelles technologies de collecte de donn\u00e9es afin d'obtenir un meilleur aper\u00e7u des mesures de durabilit\u00e9, ainsi que de la gestion et du contr\u00f4le de facteurs tels que la consommation d'\u00e9nergie. 78 % des entreprises voient dans la durabilit\u00e9 une opportunit\u00e9 de promouvoir l'innovation en mati\u00e8re de produits et de services, un avantage d\u00e9cisif pour le maintien de la comp\u00e9titivit\u00e9.<\/p>\n<p>\"La pand\u00e9mie prendra fin un jour et d'une mani\u00e8re ou d'une autre. Mais le changement climatique, la durabilit\u00e9 - ces d\u00e9veloppements et ces risques resteront pr\u00e9sents pour les prochaines d\u00e9cennies\", explique Erwin Verstraelen, CDO et CIO au port d'Anvers. \"Par exemple, le Green Deal europ\u00e9en exercera une plus grande pression sur toutes les parties concern\u00e9es pour qu'elles identifient l'origine des \u00e9missions et minimisent leur empreinte \u00e9cologique. La cha\u00eene d'approvisionnement est un \u00e9l\u00e9ment important \u00e0 cet \u00e9gard\". Si les entreprises se montrent \u00e0 la hauteur de leurs ambitions, les programmes de gestion durable pilot\u00e9s par le num\u00e9rique devraient \u00eatre quasiment g\u00e9n\u00e9ralis\u00e9s dans les deux ann\u00e9es \u00e0 venir.<\/p>\n<p><em>Source : <a href=\"http:\/\/www.orange-business.com\">Orange Business Services<\/a><\/em><\/p>","protected":false},"excerpt":{"rendered":"<p>Die globale Supply Chain Studie von Orange Business Services zeigt: Die weltweite Pandemie offenbart notwendige Ver\u00e4nderungen f\u00fcr zukunftssichere Lieferketten. Rund 83 Prozent der in dieser Studie befragten Unternehmen gaben an, dass sie sich der Risiken in der Lieferkette wie Rohstoffengp\u00e4ssen, Produktionsstillst\u00e4nden oder Transportblockaden st\u00e4rker bewusst sind als noch vor einem Jahr. Die Pandemie ist demzufolge [&hellip;]<\/p>\n","protected":false},"author":4,"featured_media":7573,"comment_status":"closed","ping_status":"closed","sticky":false,"template":"","format":"standard","meta":{"_acf_changed":false,"_yoast_wpseo_focuskw":"Lieferketten","_yoast_wpseo_metadesc":"Eine Studie im Auftrag von Orange Business Services unter internationalen Unternehmen zeigt: 40 Prozent der Lieferketten hielten der Pandemie nicht Stand.","articlekey":"","footnotes":""},"categories":[28],"tags":[132,328,334,459,462],"class_list":["post-7572","post","type-post","status-publish","format-standard","has-post-thumbnail","hentry","category-management","tag-coronavirus","tag-logistik","tag-management","tag-studie","tag-supply-chain-management"],"acf":[],"yoast_head":"<!-- This site is optimized with the Yoast SEO plugin v27.4 - https:\/\/yoast.com\/product\/yoast-seo-wordpress\/ -->\n<title>Corona macht Ver\u00e4nderungen bei Lieferketten n\u00f6tig - Organisator<\/title>\n<meta name=\"description\" content=\"Eine Studie im Auftrag von Orange Business Services unter internationalen Unternehmen zeigt: 40 Prozent der Lieferketten hielten der Pandemie nicht Stand.\" \/>\n<meta name=\"robots\" content=\"index, follow, max-snippet:-1, max-image-preview:large, max-video-preview:-1\" \/>\n<link rel=\"canonical\" href=\"https:\/\/www.organisator.ch\/fr\/gestion-2\/2021-01-27\/corona-macht-veraenderungen-bei-lieferketten-noetig\/\" \/>\n<meta property=\"og:locale\" content=\"fr_FR\" \/>\n<meta property=\"og:type\" content=\"article\" \/>\n<meta property=\"og:title\" content=\"Corona macht Ver\u00e4nderungen bei Lieferketten n\u00f6tig\" \/>\n<meta property=\"og:description\" content=\"Eine Studie im Auftrag von Orange Business Services unter internationalen Unternehmen zeigt: 40 Prozent der Lieferketten hielten der Pandemie nicht Stand.\" \/>\n<meta property=\"og:url\" content=\"https:\/\/www.organisator.ch\/fr\/gestion-2\/2021-01-27\/corona-macht-veraenderungen-bei-lieferketten-noetig\/\" \/>\n<meta property=\"og:site_name\" content=\"Organisator\" \/>\n<meta property=\"article:publisher\" content=\"https:\/\/www.facebook.com\/OrganisatorFachmagazin\" \/>\n<meta property=\"article:published_time\" content=\"2021-01-27T09:17:08+00:00\" \/>\n<meta property=\"og:image\" content=\"https:\/\/www.organisator.ch\/wp-content\/uploads\/2021\/01\/Corona-macht-Veraenderungen-bei-Lieferketten-noetig_Organisator.jpg\" \/>\n\t<meta property=\"og:image:width\" content=\"680\" \/>\n\t<meta property=\"og:image:height\" content=\"342\" \/>\n\t<meta property=\"og:image:type\" content=\"image\/jpeg\" \/>\n<meta name=\"author\" content=\"thomas.berner\" \/>\n<meta name=\"twitter:card\" content=\"summary_large_image\" \/>\n<meta name=\"twitter:title\" content=\"#Corona macht Ver\u00e4nderungen bei #Lieferketten n\u00f6tig\" \/>\n<meta name=\"twitter:description\" content=\"Eine Studie im Auftrag von #OrangeBusinessServices unter internationalen Unternehmen zeigt: 40 Prozent der #Lieferketten hielten der Pandemie nicht Stand.\" \/>\n<meta name=\"twitter:image\" content=\"https:\/\/www.organisator.ch\/wp-content\/uploads\/2021\/01\/Corona-macht-Veraenderungen-bei-Lieferketten-noetig_Organisator.jpg\" \/>\n<script type=\"application\/ld+json\" class=\"yoast-schema-graph\">{\"@context\":\"https:\\\/\\\/schema.org\",\"@graph\":[{\"@type\":\"Article\",\"@id\":\"https:\\\/\\\/www.organisator.ch\\\/management\\\/2021-01-27\\\/corona-macht-veraenderungen-bei-lieferketten-noetig\\\/#article\",\"isPartOf\":{\"@id\":\"https:\\\/\\\/www.organisator.ch\\\/management\\\/2021-01-27\\\/corona-macht-veraenderungen-bei-lieferketten-noetig\\\/\"},\"author\":{\"name\":\"thomas.berner\",\"@id\":\"https:\\\/\\\/www.organisator.ch\\\/#\\\/schema\\\/person\\\/6f650f90b2842cd4c0cc334b4e36f67e\"},\"headline\":\"Corona macht Ver\u00e4nderungen bei Lieferketten n\u00f6tig\",\"datePublished\":\"2021-01-27T09:17:08+00:00\",\"mainEntityOfPage\":{\"@id\":\"https:\\\/\\\/www.organisator.ch\\\/management\\\/2021-01-27\\\/corona-macht-veraenderungen-bei-lieferketten-noetig\\\/\"},\"wordCount\":657,\"publisher\":{\"@id\":\"https:\\\/\\\/www.organisator.ch\\\/#organization\"},\"image\":{\"@id\":\"https:\\\/\\\/www.organisator.ch\\\/management\\\/2021-01-27\\\/corona-macht-veraenderungen-bei-lieferketten-noetig\\\/#primaryimage\"},\"thumbnailUrl\":\"https:\\\/\\\/www.organisator.ch\\\/wp-content\\\/uploads\\\/2021\\\/01\\\/Corona-macht-Veraenderungen-bei-Lieferketten-noetig_Organisator.jpg\",\"keywords\":[\"Coronavirus\",\"Logistik\",\"Management\",\"Studie\",\"Supply Chain Management\"],\"articleSection\":[\"MANAGEMENT\"],\"inLanguage\":\"fr-FR\"},{\"@type\":\"WebPage\",\"@id\":\"https:\\\/\\\/www.organisator.ch\\\/management\\\/2021-01-27\\\/corona-macht-veraenderungen-bei-lieferketten-noetig\\\/\",\"url\":\"https:\\\/\\\/www.organisator.ch\\\/management\\\/2021-01-27\\\/corona-macht-veraenderungen-bei-lieferketten-noetig\\\/\",\"name\":\"Corona macht Ver\u00e4nderungen bei Lieferketten n\u00f6tig - Organisator\",\"isPartOf\":{\"@id\":\"https:\\\/\\\/www.organisator.ch\\\/#website\"},\"primaryImageOfPage\":{\"@id\":\"https:\\\/\\\/www.organisator.ch\\\/management\\\/2021-01-27\\\/corona-macht-veraenderungen-bei-lieferketten-noetig\\\/#primaryimage\"},\"image\":{\"@id\":\"https:\\\/\\\/www.organisator.ch\\\/management\\\/2021-01-27\\\/corona-macht-veraenderungen-bei-lieferketten-noetig\\\/#primaryimage\"},\"thumbnailUrl\":\"https:\\\/\\\/www.organisator.ch\\\/wp-content\\\/uploads\\\/2021\\\/01\\\/Corona-macht-Veraenderungen-bei-Lieferketten-noetig_Organisator.jpg\",\"datePublished\":\"2021-01-27T09:17:08+00:00\",\"description\":\"Eine Studie im Auftrag von Orange Business Services unter internationalen Unternehmen zeigt: 40 Prozent der Lieferketten hielten der Pandemie nicht Stand.\",\"breadcrumb\":{\"@id\":\"https:\\\/\\\/www.organisator.ch\\\/management\\\/2021-01-27\\\/corona-macht-veraenderungen-bei-lieferketten-noetig\\\/#breadcrumb\"},\"inLanguage\":\"fr-FR\",\"potentialAction\":[{\"@type\":\"ReadAction\",\"target\":[\"https:\\\/\\\/www.organisator.ch\\\/management\\\/2021-01-27\\\/corona-macht-veraenderungen-bei-lieferketten-noetig\\\/\"]}]},{\"@type\":\"ImageObject\",\"inLanguage\":\"fr-FR\",\"@id\":\"https:\\\/\\\/www.organisator.ch\\\/management\\\/2021-01-27\\\/corona-macht-veraenderungen-bei-lieferketten-noetig\\\/#primaryimage\",\"url\":\"https:\\\/\\\/www.organisator.ch\\\/wp-content\\\/uploads\\\/2021\\\/01\\\/Corona-macht-Veraenderungen-bei-Lieferketten-noetig_Organisator.jpg\",\"contentUrl\":\"https:\\\/\\\/www.organisator.ch\\\/wp-content\\\/uploads\\\/2021\\\/01\\\/Corona-macht-Veraenderungen-bei-Lieferketten-noetig_Organisator.jpg\",\"width\":680,\"height\":342,\"caption\":\"\uf06e 70 Prozent der Unternehmen sehen globale Pandemie als gr\u00f6sstes Risiko f\u00fcr Lieferketten. Dies zeigt eine aktuelle Studie. (Bild: Pixabay.com)\"},{\"@type\":\"BreadcrumbList\",\"@id\":\"https:\\\/\\\/www.organisator.ch\\\/management\\\/2021-01-27\\\/corona-macht-veraenderungen-bei-lieferketten-noetig\\\/#breadcrumb\",\"itemListElement\":[{\"@type\":\"ListItem\",\"position\":1,\"name\":\"Home\",\"item\":\"https:\\\/\\\/www.organisator.ch\\\/\"},{\"@type\":\"ListItem\",\"position\":2,\"name\":\"Corona macht Ver\u00e4nderungen bei Lieferketten n\u00f6tig\"}]},{\"@type\":\"WebSite\",\"@id\":\"https:\\\/\\\/www.organisator.ch\\\/#website\",\"url\":\"https:\\\/\\\/www.organisator.ch\\\/\",\"name\":\"Organisator\",\"description\":\"Kompetent. Praxisnah. Der ORGANISATOR bereitet in 10 Ausgaben pro Jahr die wesentlichen Themen f\u00fcr F\u00fchrungskr\u00e4fte von KMU auf.\",\"publisher\":{\"@id\":\"https:\\\/\\\/www.organisator.ch\\\/#organization\"},\"potentialAction\":[{\"@type\":\"SearchAction\",\"target\":{\"@type\":\"EntryPoint\",\"urlTemplate\":\"https:\\\/\\\/www.organisator.ch\\\/?s={search_term_string}\"},\"query-input\":{\"@type\":\"PropertyValueSpecification\",\"valueRequired\":true,\"valueName\":\"search_term_string\"}}],\"inLanguage\":\"fr-FR\"},{\"@type\":\"Organization\",\"@id\":\"https:\\\/\\\/www.organisator.ch\\\/#organization\",\"name\":\"Organisator\",\"url\":\"https:\\\/\\\/www.organisator.ch\\\/\",\"logo\":{\"@type\":\"ImageObject\",\"inLanguage\":\"fr-FR\",\"@id\":\"https:\\\/\\\/www.organisator.ch\\\/#\\\/schema\\\/logo\\\/image\\\/\",\"url\":\"https:\\\/\\\/www.organisator.ch\\\/wp-content\\\/uploads\\\/2022\\\/01\\\/Logo_Organisator_Website.png\",\"contentUrl\":\"https:\\\/\\\/www.organisator.ch\\\/wp-content\\\/uploads\\\/2022\\\/01\\\/Logo_Organisator_Website.png\",\"width\":800,\"height\":77,\"caption\":\"Organisator\"},\"image\":{\"@id\":\"https:\\\/\\\/www.organisator.ch\\\/#\\\/schema\\\/logo\\\/image\\\/\"},\"sameAs\":[\"https:\\\/\\\/www.facebook.com\\\/OrganisatorFachmagazin\",\"https:\\\/\\\/www.linkedin.com\\\/showcase\\\/organisator-das-magazin-fr-kmu\",\"https:\\\/\\\/www.xing.com\\\/news\\\/pages\\\/organisator-ch-695\",\"https:\\\/\\\/www.youtube.com\\\/channel\\\/UCGP2Sq0iWaZwT3BdIAQFYpw\"]},{\"@type\":\"Person\",\"@id\":\"https:\\\/\\\/www.organisator.ch\\\/#\\\/schema\\\/person\\\/6f650f90b2842cd4c0cc334b4e36f67e\",\"name\":\"thomas.berner\",\"image\":{\"@type\":\"ImageObject\",\"inLanguage\":\"fr-FR\",\"@id\":\"https:\\\/\\\/secure.gravatar.com\\\/avatar\\\/ac5001d2a36cb6c6cd3e50789007ffca834b477b74a2144564522e944eabff61?s=96&d=mm&r=g\",\"url\":\"https:\\\/\\\/secure.gravatar.com\\\/avatar\\\/ac5001d2a36cb6c6cd3e50789007ffca834b477b74a2144564522e944eabff61?s=96&d=mm&r=g\",\"contentUrl\":\"https:\\\/\\\/secure.gravatar.com\\\/avatar\\\/ac5001d2a36cb6c6cd3e50789007ffca834b477b74a2144564522e944eabff61?s=96&d=mm&r=g\",\"caption\":\"thomas.berner\"},\"url\":\"https:\\\/\\\/www.organisator.ch\\\/fr\\\/author\\\/thomas-berner\\\/\"}]}<\/script>\n<!-- \/ Yoast SEO plugin. -->","yoast_head_json":{"title":"Corona rend n\u00e9cessaire des changements dans les cha\u00eenes d'approvisionnement - Organisateur","description":"Une \u00e9tude command\u00e9e par Orange Business Services aupr\u00e8s d'entreprises internationales montre que 40 % des cha\u00eenes d'approvisionnement n'ont pas r\u00e9sist\u00e9 \u00e0 la pand\u00e9mie.","robots":{"index":"index","follow":"follow","max-snippet":"max-snippet:-1","max-image-preview":"max-image-preview:large","max-video-preview":"max-video-preview:-1"},"canonical":"https:\/\/www.organisator.ch\/fr\/gestion-2\/2021-01-27\/corona-macht-veraenderungen-bei-lieferketten-noetig\/","og_locale":"fr_FR","og_type":"article","og_title":"Corona macht Ver\u00e4nderungen bei Lieferketten n\u00f6tig","og_description":"Eine Studie im Auftrag von Orange Business Services unter internationalen Unternehmen zeigt: 40 Prozent der Lieferketten hielten der Pandemie nicht Stand.","og_url":"https:\/\/www.organisator.ch\/fr\/gestion-2\/2021-01-27\/corona-macht-veraenderungen-bei-lieferketten-noetig\/","og_site_name":"Organisator","article_publisher":"https:\/\/www.facebook.com\/OrganisatorFachmagazin","article_published_time":"2021-01-27T09:17:08+00:00","og_image":[{"width":680,"height":342,"url":"https:\/\/www.organisator.ch\/wp-content\/uploads\/2021\/01\/Corona-macht-Veraenderungen-bei-Lieferketten-noetig_Organisator.jpg","type":"image\/jpeg"}],"author":"thomas.berner","twitter_card":"summary_large_image","twitter_title":"#Corona macht Ver\u00e4nderungen bei #Lieferketten n\u00f6tig","twitter_description":"Eine Studie im Auftrag von #OrangeBusinessServices unter internationalen Unternehmen zeigt: 40 Prozent der #Lieferketten hielten der Pandemie nicht Stand.","twitter_image":"https:\/\/www.organisator.ch\/wp-content\/uploads\/2021\/01\/Corona-macht-Veraenderungen-bei-Lieferketten-noetig_Organisator.jpg","schema":{"@context":"https:\/\/schema.org","@graph":[{"@type":"Article","@id":"https:\/\/www.organisator.ch\/management\/2021-01-27\/corona-macht-veraenderungen-bei-lieferketten-noetig\/#article","isPartOf":{"@id":"https:\/\/www.organisator.ch\/management\/2021-01-27\/corona-macht-veraenderungen-bei-lieferketten-noetig\/"},"author":{"name":"thomas.berner","@id":"https:\/\/www.organisator.ch\/#\/schema\/person\/6f650f90b2842cd4c0cc334b4e36f67e"},"headline":"Corona macht Ver\u00e4nderungen bei Lieferketten n\u00f6tig","datePublished":"2021-01-27T09:17:08+00:00","mainEntityOfPage":{"@id":"https:\/\/www.organisator.ch\/management\/2021-01-27\/corona-macht-veraenderungen-bei-lieferketten-noetig\/"},"wordCount":657,"publisher":{"@id":"https:\/\/www.organisator.ch\/#organization"},"image":{"@id":"https:\/\/www.organisator.ch\/management\/2021-01-27\/corona-macht-veraenderungen-bei-lieferketten-noetig\/#primaryimage"},"thumbnailUrl":"https:\/\/www.organisator.ch\/wp-content\/uploads\/2021\/01\/Corona-macht-Veraenderungen-bei-Lieferketten-noetig_Organisator.jpg","keywords":["Coronavirus","Logistik","Management","Studie","Supply Chain Management"],"articleSection":["MANAGEMENT"],"inLanguage":"fr-FR"},{"@type":"WebPage","@id":"https:\/\/www.organisator.ch\/management\/2021-01-27\/corona-macht-veraenderungen-bei-lieferketten-noetig\/","url":"https:\/\/www.organisator.ch\/management\/2021-01-27\/corona-macht-veraenderungen-bei-lieferketten-noetig\/","name":"Corona rend n\u00e9cessaire des changements dans les cha\u00eenes d'approvisionnement - Organisateur","isPartOf":{"@id":"https:\/\/www.organisator.ch\/#website"},"primaryImageOfPage":{"@id":"https:\/\/www.organisator.ch\/management\/2021-01-27\/corona-macht-veraenderungen-bei-lieferketten-noetig\/#primaryimage"},"image":{"@id":"https:\/\/www.organisator.ch\/management\/2021-01-27\/corona-macht-veraenderungen-bei-lieferketten-noetig\/#primaryimage"},"thumbnailUrl":"https:\/\/www.organisator.ch\/wp-content\/uploads\/2021\/01\/Corona-macht-Veraenderungen-bei-Lieferketten-noetig_Organisator.jpg","datePublished":"2021-01-27T09:17:08+00:00","description":"Une \u00e9tude command\u00e9e par Orange Business Services aupr\u00e8s d'entreprises internationales montre que 40 % des cha\u00eenes d'approvisionnement n'ont pas r\u00e9sist\u00e9 \u00e0 la pand\u00e9mie.","breadcrumb":{"@id":"https:\/\/www.organisator.ch\/management\/2021-01-27\/corona-macht-veraenderungen-bei-lieferketten-noetig\/#breadcrumb"},"inLanguage":"fr-FR","potentialAction":[{"@type":"ReadAction","target":["https:\/\/www.organisator.ch\/management\/2021-01-27\/corona-macht-veraenderungen-bei-lieferketten-noetig\/"]}]},{"@type":"ImageObject","inLanguage":"fr-FR","@id":"https:\/\/www.organisator.ch\/management\/2021-01-27\/corona-macht-veraenderungen-bei-lieferketten-noetig\/#primaryimage","url":"https:\/\/www.organisator.ch\/wp-content\/uploads\/2021\/01\/Corona-macht-Veraenderungen-bei-Lieferketten-noetig_Organisator.jpg","contentUrl":"https:\/\/www.organisator.ch\/wp-content\/uploads\/2021\/01\/Corona-macht-Veraenderungen-bei-Lieferketten-noetig_Organisator.jpg","width":680,"height":342,"caption":"\uf06e 70 Prozent der Unternehmen sehen globale Pandemie als gr\u00f6sstes Risiko f\u00fcr Lieferketten. Dies zeigt eine aktuelle Studie. (Bild: Pixabay.com)"},{"@type":"BreadcrumbList","@id":"https:\/\/www.organisator.ch\/management\/2021-01-27\/corona-macht-veraenderungen-bei-lieferketten-noetig\/#breadcrumb","itemListElement":[{"@type":"ListItem","position":1,"name":"Home","item":"https:\/\/www.organisator.ch\/"},{"@type":"ListItem","position":2,"name":"Corona macht Ver\u00e4nderungen bei Lieferketten n\u00f6tig"}]},{"@type":"WebSite","@id":"https:\/\/www.organisator.ch\/#website","url":"https:\/\/www.organisator.ch\/","name":"Organisateur","description":"Comp\u00e9tence et comp\u00e9tence. Proches de la pratique. L'ORGANISATEUR pr\u00e9pare 10 num\u00e9ros par an sur les th\u00e8mes essentiels pour les dirigeants de PME.","publisher":{"@id":"https:\/\/www.organisator.ch\/#organization"},"potentialAction":[{"@type":"SearchAction","target":{"@type":"EntryPoint","urlTemplate":"https:\/\/www.organisator.ch\/?s={search_term_string}"},"query-input":{"@type":"PropertyValueSpecification","valueRequired":true,"valueName":"search_term_string"}}],"inLanguage":"fr-FR"},{"@type":"Organization","@id":"https:\/\/www.organisator.ch\/#organization","name":"Organisateur","url":"https:\/\/www.organisator.ch\/","logo":{"@type":"ImageObject","inLanguage":"fr-FR","@id":"https:\/\/www.organisator.ch\/#\/schema\/logo\/image\/","url":"https:\/\/www.organisator.ch\/wp-content\/uploads\/2022\/01\/Logo_Organisator_Website.png","contentUrl":"https:\/\/www.organisator.ch\/wp-content\/uploads\/2022\/01\/Logo_Organisator_Website.png","width":800,"height":77,"caption":"Organisator"},"image":{"@id":"https:\/\/www.organisator.ch\/#\/schema\/logo\/image\/"},"sameAs":["https:\/\/www.facebook.com\/OrganisatorFachmagazin","https:\/\/www.linkedin.com\/showcase\/organisator-das-magazin-fr-kmu","https:\/\/www.xing.com\/news\/pages\/organisator-ch-695","https:\/\/www.youtube.com\/channel\/UCGP2Sq0iWaZwT3BdIAQFYpw"]},{"@type":"Person","@id":"https:\/\/www.organisator.ch\/#\/schema\/person\/6f650f90b2842cd4c0cc334b4e36f67e","name":"thomas.berner","image":{"@type":"ImageObject","inLanguage":"fr-FR","@id":"https:\/\/secure.gravatar.com\/avatar\/ac5001d2a36cb6c6cd3e50789007ffca834b477b74a2144564522e944eabff61?s=96&d=mm&r=g","url":"https:\/\/secure.gravatar.com\/avatar\/ac5001d2a36cb6c6cd3e50789007ffca834b477b74a2144564522e944eabff61?s=96&d=mm&r=g","contentUrl":"https:\/\/secure.gravatar.com\/avatar\/ac5001d2a36cb6c6cd3e50789007ffca834b477b74a2144564522e944eabff61?s=96&d=mm&r=g","caption":"thomas.berner"},"url":"https:\/\/www.organisator.ch\/fr\/author\/thomas-berner\/"}]}},"_links":{"self":[{"href":"https:\/\/www.organisator.ch\/fr\/wp-json\/wp\/v2\/posts\/7572","targetHints":{"allow":["GET"]}}],"collection":[{"href":"https:\/\/www.organisator.ch\/fr\/wp-json\/wp\/v2\/posts"}],"about":[{"href":"https:\/\/www.organisator.ch\/fr\/wp-json\/wp\/v2\/types\/post"}],"author":[{"embeddable":true,"href":"https:\/\/www.organisator.ch\/fr\/wp-json\/wp\/v2\/users\/4"}],"replies":[{"embeddable":true,"href":"https:\/\/www.organisator.ch\/fr\/wp-json\/wp\/v2\/comments?post=7572"}],"version-history":[{"count":0,"href":"https:\/\/www.organisator.ch\/fr\/wp-json\/wp\/v2\/posts\/7572\/revisions"}],"wp:featuredmedia":[{"embeddable":true,"href":"https:\/\/www.organisator.ch\/fr\/wp-json\/wp\/v2\/media\/7573"}],"wp:attachment":[{"href":"https:\/\/www.organisator.ch\/fr\/wp-json\/wp\/v2\/media?parent=7572"}],"wp:term":[{"taxonomy":"category","embeddable":true,"href":"https:\/\/www.organisator.ch\/fr\/wp-json\/wp\/v2\/categories?post=7572"},{"taxonomy":"post_tag","embeddable":true,"href":"https:\/\/www.organisator.ch\/fr\/wp-json\/wp\/v2\/tags?post=7572"}],"curies":[{"name":"wp","href":"https:\/\/api.w.org\/{rel}","templated":true}]}}