{"id":7575,"date":"2021-01-27T11:56:49","date_gmt":"2021-01-27T10:56:49","guid":{"rendered":"https:\/\/www.organisator.ch\/?p=7575"},"modified":"2021-01-27T11:56:49","modified_gmt":"2021-01-27T10:56:49","slug":"ams-erp-solution-ag-stellt-sich-neu-auf","status":"publish","type":"post","link":"https:\/\/www.organisator.ch\/fr\/management\/it\/2021-01-27\/ams-erp-solution-ag-stellt-sich-neu-auf\/","title":{"rendered":"ams.erp Solution AG se pr\u00e9sente sous un nouveau jour"},"content":{"rendered":"<figure id=\"attachment_7576\" aria-describedby=\"caption-attachment-7576\" style=\"width: 680px\" class=\"wp-caption alignnone\"><img loading=\"lazy\" decoding=\"async\" class=\"size-medium wp-image-7576\" src=\"https:\/\/www.organisator.ch\/wp-content\/uploads\/2021\/01\/ams.erp-Solution-AG-stellt-sich-neu-auf_Organisator.jpg\" alt=\"\" width=\"680\" height=\"465\" srcset=\"https:\/\/www.organisator.ch\/wp-content\/uploads\/2021\/01\/ams.erp-Solution-AG-stellt-sich-neu-auf_Organisator.jpg 680w, https:\/\/www.organisator.ch\/wp-content\/uploads\/2021\/01\/ams.erp-Solution-AG-stellt-sich-neu-auf_Organisator-16x12.jpg 16w, https:\/\/www.organisator.ch\/wp-content\/uploads\/2021\/01\/ams.erp-Solution-AG-stellt-sich-neu-auf_Organisator-256x175.jpg 256w, https:\/\/www.organisator.ch\/wp-content\/uploads\/2021\/01\/ams.erp-Solution-AG-stellt-sich-neu-auf_Organisator-512x350.jpg 512w, https:\/\/www.organisator.ch\/wp-content\/uploads\/2021\/01\/ams.erp-Solution-AG-stellt-sich-neu-auf_Organisator-300x205.jpg 300w\" sizes=\"auto, (max-width: 680px) 100vw, 680px\" \/><figcaption id=\"caption-attachment-7576\" class=\"wp-caption-text\">Nouveau trio de direction chez ams.erp Solutions AG : Guido Tobler, Giordano Di Fronzo, Thomas Frehsonke (de g. \u00e0 dr.). (Image : zVg)<\/figcaption><\/figure>\n<p>Chez ams.erp Solution AG, Giordano Di Fronzo prend la succession de l'ancien directeur Richard D\u00f6rig, qui a quitt\u00e9 l'entreprise fin 2020 pour prendre sa retraite. Au niveau de la direction, Di Fronzo sera soutenu par Guido Tobler, collaborateur de longue date d'ams, qui continuera d'assurer la direction du conseil, et par Thomas Frehsonke, qui est responsable depuis d\u00e9but janvier 2021 des ventes aux nouveaux clients et du secteur avant-vente. L'ambition commune de la nouvelle direction est d'augmenter encore la satisfaction des clients existants et d'\u00e9tablir ainsi plus profond\u00e9ment le produit sur le march\u00e9 suisse.<\/p>\n<p>Gr\u00e2ce \u00e0 l'\u00e9largissement de la direction \u00e0 trois membres, qui participent dans la m\u00eame mesure \u00e0 l'entreprise en tant qu'actionnaires partiels, Giordano Di Fronzo estime que le site suisse d'ams est plus s\u00fbr et mieux positionn\u00e9 : \"La nouvelle situation de d\u00e9part offre une plus grande s\u00e9curit\u00e9 aux clients existants ainsi qu'\u00e0 tous les nouveaux clients \u00e0 venir. Gr\u00e2ce \u00e0 des capacit\u00e9s de personnel suppl\u00e9mentaires dans le domaine du conseil technique, nous sommes d\u00e9sormais beaucoup plus flexibles, ce qui nous permet de r\u00e9pondre plus finement aux demandes exigeantes du march\u00e9 cible\".<\/p>\n<h2>ams.erp Solution AG met l'accent sur les clients existants<\/h2>\n<p>Le nouveau trio de direction, qui a pu acqu\u00e9rir auparavant une vaste exp\u00e9rience dans les PME du march\u00e9 cible, mettra \u00e0 profit cette expertise afin de pouvoir garantir aux clients existants une plus grande valeur ajout\u00e9e avec l'utilisation d'ams.erp dans la pratique. Des innovations et des extensions de produits permanentes doivent leur ouvrir la voie vers une num\u00e9risation adapt\u00e9e aux moyennes entreprises.<\/p>\n<p>En raison de la nouvelle situation de d\u00e9part, Thomas Frehsonke souhaite utiliser ce facteur d\u00e9cisif pour la prospection commerciale de nouveaux clients : \" Nous voulons donner, par le biais de clients de r\u00e9f\u00e9rence satisfaits, les impulsions dont nous avons besoin pour augmenter la notori\u00e9t\u00e9 de la marque ams.erp en Suisse. Il s'agit de cr\u00e9er autant d'effets de synergie que possible \", confirme le chef des ventes, qui vient du secteur de la construction d'installations et qui, par le pass\u00e9, a lui-m\u00eame introduit la solution ERP en tant que chef de projet d'un client existant d'ams et qui conna\u00eet donc le r\u00f4le du client par la pratique.<\/p>\n<h2>Potentiel de clients dans le domaine des lots de taille 1<\/h2>\n<p>Interrog\u00e9 sur les secteurs et les domaines qui pourraient offrir le plus de potentiel aux nouveaux clients d'ams, Guido Tobler cite, outre les entreprises de l'environnement de la taille de lot 1+, dans lequel ams.erp a ses points forts, surtout celles du second \u0153uvre, comme par exemple la construction m\u00e9tallique, en acier et compl\u00e8te. Ruch Metallbau, un nouveau client, a \u00e9t\u00e9 r\u00e9cemment acquis dans ce secteur, dont les demandes sont de plus en plus nombreuses ces derniers temps. Outre les strat\u00e9gies g\u00e9n\u00e9rales d'automatisation et de num\u00e9risation, Guido Tobler place l'int\u00e9gration des processus mobiles avec ams.mobile au centre de ses conseils. Le tout nouveau module ams.project dote la solution ERP d'un outil de planification de projet sp\u00e9cifique au secteur et enti\u00e8rement int\u00e9gr\u00e9, qui peut \u00eatre combin\u00e9 en option avec la planification des ressources humaines du partenaire logiciel Innosoft. \" Il faut ajouter ici que la gestion des pi\u00e8ces de rechange dans ams.erp offre depuis toujours de nombreuses fonctionnalit\u00e9s pour le secteur de l'apr\u00e8s-vente. Avec Innosoft, nous disposons maintenant en plus d'un produit parfaitement int\u00e9gr\u00e9 pour la planification des interventions des monteurs et des collaborateurs du service apr\u00e8s-vente ainsi que pour la facturation de leurs prestations\", explique le responsable du service de conseil.<\/p>\n<h2>Montrer l'utilit\u00e9 du logiciel de gestion de projet<\/h2>\n<p>Giordano Di Fronzo, Guido Tobler et Thomas Frehsonke s'accordent \u00e0 dire que l'exercice 2021 leur posera quelques d\u00e9fis en raison de l'\u00e9volution de la pand\u00e9mie de Corona, encore impr\u00e9visible en d\u00e9but d'ann\u00e9e. Ils sont toutefois certains d'\u00eatre \u00e0 la hauteur de ces d\u00e9fis. Tous trois disposent d'une longue exp\u00e9rience personnelle dans des entreprises de taille moyenne et connaissent donc tr\u00e8s bien leurs exigences pratiques. \"Nous sommes tr\u00e8s confiants, car m\u00eame si la Suisse est un march\u00e9 plus petit, elle offre un \u00e9norme potentiel, car beaucoup d'entreprises se situent dans le segment de la haute technologie. C'est \u00e0 nous de montrer aux PME suisses les avantages de notre logiciel de gestion de projet de bout en bout ams.erp\", conclut Giordano Di Fronzo avec un regard optimiste sur l'avenir.<\/p>\n<p><em>Plus d'informations<\/em><\/p>","protected":false},"excerpt":{"rendered":"<p>Bei ams.erp Solution AG \u00fcbernimmt Giordano Di Fronzo die Nachfolge des bisherigen Gesch\u00e4ftsf\u00fchrers Richard D\u00f6rig, der Ende 2020 ruhestandsbedingt aus dem Unternehmen ausgeschieden ist. Unterst\u00fctzt wird Di Fronzo auf Gesch\u00e4ftsleitungsebene von dem langj\u00e4hrigen ams-Mitarbeiter Guido Tobler, der weiterhin die Beratungsleitung innehat, und von Thomas Frehsonke, welcher seit Anfang Januar 2021 f\u00fcr den Neukundenvertrieb und den [&hellip;]<\/p>\n","protected":false},"author":4,"featured_media":7576,"comment_status":"closed","ping_status":"closed","sticky":false,"template":"","format":"standard","meta":{"_acf_changed":false,"_yoast_wpseo_focuskw":"ams.erp","_yoast_wpseo_metadesc":"Die ams.erp Solution AG stellt sich zum Jahresbeginn 2021 grundlegend neu auf und r\u00fcckt die Bestandskundenbetreuung verst\u00e4rkt in den Fokus.","articlekey":"","footnotes":""},"categories":[27],"tags":[182,286,335,492],"class_list":["post-7575","post","type-post","status-publish","format-standard","has-post-thumbnail","hentry","category-it","tag-erp","tag-it","tag-management-und-unternehmensfuehrung","tag-unternehmen"],"acf":[],"yoast_head":"<!-- This site is optimized with the Yoast SEO plugin v27.5 - https:\/\/yoast.com\/product\/yoast-seo-wordpress\/ -->\n<title>ams.erp Solution AG stellt sich neu auf - Organisator<\/title>\n<meta name=\"description\" content=\"Die ams.erp Solution AG stellt sich zum Jahresbeginn 2021 grundlegend neu auf und r\u00fcckt die Bestandskundenbetreuung verst\u00e4rkt in den Fokus.\" \/>\n<meta name=\"robots\" content=\"index, follow, max-snippet:-1, max-image-preview:large, max-video-preview:-1\" \/>\n<link rel=\"canonical\" href=\"https:\/\/www.organisator.ch\/fr\/gestion-2\/it\/2021-01-27\/ams-erp-solution-ag-stellt-sich-neu-auf\/\" \/>\n<meta property=\"og:locale\" content=\"fr_FR\" \/>\n<meta property=\"og:type\" content=\"article\" \/>\n<meta property=\"og:title\" content=\"ams.erp Solution AG stellt sich neu auf - Organisator\" \/>\n<meta property=\"og:description\" content=\"Die ams.erp Solution AG stellt sich zum Jahresbeginn 2021 grundlegend neu auf und r\u00fcckt die Bestandskundenbetreuung verst\u00e4rkt in den Fokus.\" \/>\n<meta property=\"og:url\" content=\"https:\/\/www.organisator.ch\/fr\/gestion-2\/it\/2021-01-27\/ams-erp-solution-ag-stellt-sich-neu-auf\/\" \/>\n<meta property=\"og:site_name\" content=\"Organisator\" \/>\n<meta property=\"article:publisher\" content=\"https:\/\/www.facebook.com\/OrganisatorFachmagazin\" \/>\n<meta property=\"article:published_time\" content=\"2021-01-27T10:56:49+00:00\" \/>\n<meta property=\"og:image\" content=\"https:\/\/www.organisator.ch\/wp-content\/uploads\/2021\/01\/ams.erp-Solution-AG-stellt-sich-neu-auf_Organisator.jpg\" \/>\n\t<meta property=\"og:image:width\" content=\"680\" \/>\n\t<meta property=\"og:image:height\" content=\"465\" \/>\n\t<meta property=\"og:image:type\" content=\"image\/jpeg\" \/>\n<meta name=\"author\" content=\"thomas.berner\" \/>\n<meta name=\"twitter:card\" content=\"summary_large_image\" \/>\n<meta name=\"twitter:title\" content=\"#ams.erp Solution AG stellt sich neu auf\" \/>\n<meta name=\"twitter:description\" content=\"Die #ams.erp Solution AG stellt sich zum Jahresbeginn 2021 grundlegend neu auf und r\u00fcckt die #Bestandskundenbetreuung verst\u00e4rkt in den Fokus.\" \/>\n<meta name=\"twitter:image\" content=\"https:\/\/www.organisator.ch\/wp-content\/uploads\/2021\/01\/ams.erp-Solution-AG-stellt-sich-neu-auf_Organisator.jpg\" \/>\n<script type=\"application\/ld+json\" class=\"yoast-schema-graph\">{\"@context\":\"https:\\\/\\\/schema.org\",\"@graph\":[{\"@type\":\"Article\",\"@id\":\"https:\\\/\\\/www.organisator.ch\\\/management\\\/it\\\/2021-01-27\\\/ams-erp-solution-ag-stellt-sich-neu-auf\\\/#article\",\"isPartOf\":{\"@id\":\"https:\\\/\\\/www.organisator.ch\\\/management\\\/it\\\/2021-01-27\\\/ams-erp-solution-ag-stellt-sich-neu-auf\\\/\"},\"author\":{\"name\":\"thomas.berner\",\"@id\":\"https:\\\/\\\/www.organisator.ch\\\/#\\\/schema\\\/person\\\/6f650f90b2842cd4c0cc334b4e36f67e\"},\"headline\":\"ams.erp Solution AG stellt sich neu auf\",\"datePublished\":\"2021-01-27T10:56:49+00:00\",\"mainEntityOfPage\":{\"@id\":\"https:\\\/\\\/www.organisator.ch\\\/management\\\/it\\\/2021-01-27\\\/ams-erp-solution-ag-stellt-sich-neu-auf\\\/\"},\"wordCount\":658,\"publisher\":{\"@id\":\"https:\\\/\\\/www.organisator.ch\\\/#organization\"},\"image\":{\"@id\":\"https:\\\/\\\/www.organisator.ch\\\/management\\\/it\\\/2021-01-27\\\/ams-erp-solution-ag-stellt-sich-neu-auf\\\/#primaryimage\"},\"thumbnailUrl\":\"https:\\\/\\\/www.organisator.ch\\\/wp-content\\\/uploads\\\/2021\\\/01\\\/ams.erp-Solution-AG-stellt-sich-neu-auf_Organisator.jpg\",\"keywords\":[\"ERP\",\"IT\",\"Management und Unternehmensf\u00fchrung\",\"Unternehmen\"],\"articleSection\":[\"IT\"],\"inLanguage\":\"fr-FR\"},{\"@type\":\"WebPage\",\"@id\":\"https:\\\/\\\/www.organisator.ch\\\/management\\\/it\\\/2021-01-27\\\/ams-erp-solution-ag-stellt-sich-neu-auf\\\/\",\"url\":\"https:\\\/\\\/www.organisator.ch\\\/management\\\/it\\\/2021-01-27\\\/ams-erp-solution-ag-stellt-sich-neu-auf\\\/\",\"name\":\"ams.erp Solution AG stellt sich neu auf - Organisator\",\"isPartOf\":{\"@id\":\"https:\\\/\\\/www.organisator.ch\\\/#website\"},\"primaryImageOfPage\":{\"@id\":\"https:\\\/\\\/www.organisator.ch\\\/management\\\/it\\\/2021-01-27\\\/ams-erp-solution-ag-stellt-sich-neu-auf\\\/#primaryimage\"},\"image\":{\"@id\":\"https:\\\/\\\/www.organisator.ch\\\/management\\\/it\\\/2021-01-27\\\/ams-erp-solution-ag-stellt-sich-neu-auf\\\/#primaryimage\"},\"thumbnailUrl\":\"https:\\\/\\\/www.organisator.ch\\\/wp-content\\\/uploads\\\/2021\\\/01\\\/ams.erp-Solution-AG-stellt-sich-neu-auf_Organisator.jpg\",\"datePublished\":\"2021-01-27T10:56:49+00:00\",\"description\":\"Die ams.erp Solution AG stellt sich zum Jahresbeginn 2021 grundlegend neu auf und r\u00fcckt die Bestandskundenbetreuung verst\u00e4rkt in den Fokus.\",\"breadcrumb\":{\"@id\":\"https:\\\/\\\/www.organisator.ch\\\/management\\\/it\\\/2021-01-27\\\/ams-erp-solution-ag-stellt-sich-neu-auf\\\/#breadcrumb\"},\"inLanguage\":\"fr-FR\",\"potentialAction\":[{\"@type\":\"ReadAction\",\"target\":[\"https:\\\/\\\/www.organisator.ch\\\/management\\\/it\\\/2021-01-27\\\/ams-erp-solution-ag-stellt-sich-neu-auf\\\/\"]}]},{\"@type\":\"ImageObject\",\"inLanguage\":\"fr-FR\",\"@id\":\"https:\\\/\\\/www.organisator.ch\\\/management\\\/it\\\/2021-01-27\\\/ams-erp-solution-ag-stellt-sich-neu-auf\\\/#primaryimage\",\"url\":\"https:\\\/\\\/www.organisator.ch\\\/wp-content\\\/uploads\\\/2021\\\/01\\\/ams.erp-Solution-AG-stellt-sich-neu-auf_Organisator.jpg\",\"contentUrl\":\"https:\\\/\\\/www.organisator.ch\\\/wp-content\\\/uploads\\\/2021\\\/01\\\/ams.erp-Solution-AG-stellt-sich-neu-auf_Organisator.jpg\",\"width\":680,\"height\":465,\"caption\":\"Neues F\u00fchrungs-Trio bei ams.erp Solutions AG: Guido Tobler, Giordano Di Fronzo, Thomas Frehsonke (v.l.n.r.). (Bild: zVg)\"},{\"@type\":\"BreadcrumbList\",\"@id\":\"https:\\\/\\\/www.organisator.ch\\\/management\\\/it\\\/2021-01-27\\\/ams-erp-solution-ag-stellt-sich-neu-auf\\\/#breadcrumb\",\"itemListElement\":[{\"@type\":\"ListItem\",\"position\":1,\"name\":\"Home\",\"item\":\"https:\\\/\\\/www.organisator.ch\\\/\"},{\"@type\":\"ListItem\",\"position\":2,\"name\":\"ams.erp Solution AG stellt sich neu auf\"}]},{\"@type\":\"WebSite\",\"@id\":\"https:\\\/\\\/www.organisator.ch\\\/#website\",\"url\":\"https:\\\/\\\/www.organisator.ch\\\/\",\"name\":\"Organisator\",\"description\":\"Kompetent. Praxisnah. Der ORGANISATOR bereitet in 10 Ausgaben pro Jahr die wesentlichen Themen f\u00fcr F\u00fchrungskr\u00e4fte von KMU auf.\",\"publisher\":{\"@id\":\"https:\\\/\\\/www.organisator.ch\\\/#organization\"},\"potentialAction\":[{\"@type\":\"SearchAction\",\"target\":{\"@type\":\"EntryPoint\",\"urlTemplate\":\"https:\\\/\\\/www.organisator.ch\\\/?s={search_term_string}\"},\"query-input\":{\"@type\":\"PropertyValueSpecification\",\"valueRequired\":true,\"valueName\":\"search_term_string\"}}],\"inLanguage\":\"fr-FR\"},{\"@type\":\"Organization\",\"@id\":\"https:\\\/\\\/www.organisator.ch\\\/#organization\",\"name\":\"Organisator\",\"url\":\"https:\\\/\\\/www.organisator.ch\\\/\",\"logo\":{\"@type\":\"ImageObject\",\"inLanguage\":\"fr-FR\",\"@id\":\"https:\\\/\\\/www.organisator.ch\\\/#\\\/schema\\\/logo\\\/image\\\/\",\"url\":\"https:\\\/\\\/www.organisator.ch\\\/wp-content\\\/uploads\\\/2022\\\/01\\\/Logo_Organisator_Website.png\",\"contentUrl\":\"https:\\\/\\\/www.organisator.ch\\\/wp-content\\\/uploads\\\/2022\\\/01\\\/Logo_Organisator_Website.png\",\"width\":800,\"height\":77,\"caption\":\"Organisator\"},\"image\":{\"@id\":\"https:\\\/\\\/www.organisator.ch\\\/#\\\/schema\\\/logo\\\/image\\\/\"},\"sameAs\":[\"https:\\\/\\\/www.facebook.com\\\/OrganisatorFachmagazin\",\"https:\\\/\\\/www.linkedin.com\\\/showcase\\\/organisator-das-magazin-fr-kmu\",\"https:\\\/\\\/www.xing.com\\\/news\\\/pages\\\/organisator-ch-695\",\"https:\\\/\\\/www.youtube.com\\\/channel\\\/UCGP2Sq0iWaZwT3BdIAQFYpw\"]},{\"@type\":\"Person\",\"@id\":\"https:\\\/\\\/www.organisator.ch\\\/#\\\/schema\\\/person\\\/6f650f90b2842cd4c0cc334b4e36f67e\",\"name\":\"thomas.berner\",\"image\":{\"@type\":\"ImageObject\",\"inLanguage\":\"fr-FR\",\"@id\":\"https:\\\/\\\/secure.gravatar.com\\\/avatar\\\/ac5001d2a36cb6c6cd3e50789007ffca834b477b74a2144564522e944eabff61?s=96&d=mm&r=g\",\"url\":\"https:\\\/\\\/secure.gravatar.com\\\/avatar\\\/ac5001d2a36cb6c6cd3e50789007ffca834b477b74a2144564522e944eabff61?s=96&d=mm&r=g\",\"contentUrl\":\"https:\\\/\\\/secure.gravatar.com\\\/avatar\\\/ac5001d2a36cb6c6cd3e50789007ffca834b477b74a2144564522e944eabff61?s=96&d=mm&r=g\",\"caption\":\"thomas.berner\"},\"url\":\"https:\\\/\\\/www.organisator.ch\\\/fr\\\/author\\\/thomas-berner\\\/\"}]}<\/script>\n<!-- \/ Yoast SEO plugin. -->","yoast_head_json":{"title":"ams.erp Solution AG se r\u00e9organise - Organisateur","description":"ams.erp Solution AG se r\u00e9organise fondamentalement au d\u00e9but de l'ann\u00e9e 2021 et met davantage l'accent sur le suivi des clients existants.","robots":{"index":"index","follow":"follow","max-snippet":"max-snippet:-1","max-image-preview":"max-image-preview:large","max-video-preview":"max-video-preview:-1"},"canonical":"https:\/\/www.organisator.ch\/fr\/gestion-2\/it\/2021-01-27\/ams-erp-solution-ag-stellt-sich-neu-auf\/","og_locale":"fr_FR","og_type":"article","og_title":"ams.erp Solution AG stellt sich neu auf - Organisator","og_description":"Die ams.erp Solution AG stellt sich zum Jahresbeginn 2021 grundlegend neu auf und r\u00fcckt die Bestandskundenbetreuung verst\u00e4rkt in den Fokus.","og_url":"https:\/\/www.organisator.ch\/fr\/gestion-2\/it\/2021-01-27\/ams-erp-solution-ag-stellt-sich-neu-auf\/","og_site_name":"Organisator","article_publisher":"https:\/\/www.facebook.com\/OrganisatorFachmagazin","article_published_time":"2021-01-27T10:56:49+00:00","og_image":[{"width":680,"height":465,"url":"https:\/\/www.organisator.ch\/wp-content\/uploads\/2021\/01\/ams.erp-Solution-AG-stellt-sich-neu-auf_Organisator.jpg","type":"image\/jpeg"}],"author":"thomas.berner","twitter_card":"summary_large_image","twitter_title":"#ams.erp Solution AG stellt sich neu auf","twitter_description":"Die #ams.erp Solution AG stellt sich zum Jahresbeginn 2021 grundlegend neu auf und r\u00fcckt die #Bestandskundenbetreuung verst\u00e4rkt in den Fokus.","twitter_image":"https:\/\/www.organisator.ch\/wp-content\/uploads\/2021\/01\/ams.erp-Solution-AG-stellt-sich-neu-auf_Organisator.jpg","schema":{"@context":"https:\/\/schema.org","@graph":[{"@type":"Article","@id":"https:\/\/www.organisator.ch\/management\/it\/2021-01-27\/ams-erp-solution-ag-stellt-sich-neu-auf\/#article","isPartOf":{"@id":"https:\/\/www.organisator.ch\/management\/it\/2021-01-27\/ams-erp-solution-ag-stellt-sich-neu-auf\/"},"author":{"name":"thomas.berner","@id":"https:\/\/www.organisator.ch\/#\/schema\/person\/6f650f90b2842cd4c0cc334b4e36f67e"},"headline":"ams.erp Solution AG stellt sich neu auf","datePublished":"2021-01-27T10:56:49+00:00","mainEntityOfPage":{"@id":"https:\/\/www.organisator.ch\/management\/it\/2021-01-27\/ams-erp-solution-ag-stellt-sich-neu-auf\/"},"wordCount":658,"publisher":{"@id":"https:\/\/www.organisator.ch\/#organization"},"image":{"@id":"https:\/\/www.organisator.ch\/management\/it\/2021-01-27\/ams-erp-solution-ag-stellt-sich-neu-auf\/#primaryimage"},"thumbnailUrl":"https:\/\/www.organisator.ch\/wp-content\/uploads\/2021\/01\/ams.erp-Solution-AG-stellt-sich-neu-auf_Organisator.jpg","keywords":["ERP","IT","Management und Unternehmensf\u00fchrung","Unternehmen"],"articleSection":["IT"],"inLanguage":"fr-FR"},{"@type":"WebPage","@id":"https:\/\/www.organisator.ch\/management\/it\/2021-01-27\/ams-erp-solution-ag-stellt-sich-neu-auf\/","url":"https:\/\/www.organisator.ch\/management\/it\/2021-01-27\/ams-erp-solution-ag-stellt-sich-neu-auf\/","name":"ams.erp Solution AG se r\u00e9organise - Organisateur","isPartOf":{"@id":"https:\/\/www.organisator.ch\/#website"},"primaryImageOfPage":{"@id":"https:\/\/www.organisator.ch\/management\/it\/2021-01-27\/ams-erp-solution-ag-stellt-sich-neu-auf\/#primaryimage"},"image":{"@id":"https:\/\/www.organisator.ch\/management\/it\/2021-01-27\/ams-erp-solution-ag-stellt-sich-neu-auf\/#primaryimage"},"thumbnailUrl":"https:\/\/www.organisator.ch\/wp-content\/uploads\/2021\/01\/ams.erp-Solution-AG-stellt-sich-neu-auf_Organisator.jpg","datePublished":"2021-01-27T10:56:49+00:00","description":"ams.erp Solution AG se r\u00e9organise fondamentalement au d\u00e9but de l'ann\u00e9e 2021 et met davantage l'accent sur le suivi des clients existants.","breadcrumb":{"@id":"https:\/\/www.organisator.ch\/management\/it\/2021-01-27\/ams-erp-solution-ag-stellt-sich-neu-auf\/#breadcrumb"},"inLanguage":"fr-FR","potentialAction":[{"@type":"ReadAction","target":["https:\/\/www.organisator.ch\/management\/it\/2021-01-27\/ams-erp-solution-ag-stellt-sich-neu-auf\/"]}]},{"@type":"ImageObject","inLanguage":"fr-FR","@id":"https:\/\/www.organisator.ch\/management\/it\/2021-01-27\/ams-erp-solution-ag-stellt-sich-neu-auf\/#primaryimage","url":"https:\/\/www.organisator.ch\/wp-content\/uploads\/2021\/01\/ams.erp-Solution-AG-stellt-sich-neu-auf_Organisator.jpg","contentUrl":"https:\/\/www.organisator.ch\/wp-content\/uploads\/2021\/01\/ams.erp-Solution-AG-stellt-sich-neu-auf_Organisator.jpg","width":680,"height":465,"caption":"Neues F\u00fchrungs-Trio bei ams.erp Solutions AG: Guido Tobler, Giordano Di Fronzo, Thomas Frehsonke (v.l.n.r.). (Bild: zVg)"},{"@type":"BreadcrumbList","@id":"https:\/\/www.organisator.ch\/management\/it\/2021-01-27\/ams-erp-solution-ag-stellt-sich-neu-auf\/#breadcrumb","itemListElement":[{"@type":"ListItem","position":1,"name":"Home","item":"https:\/\/www.organisator.ch\/"},{"@type":"ListItem","position":2,"name":"ams.erp Solution AG stellt sich neu auf"}]},{"@type":"WebSite","@id":"https:\/\/www.organisator.ch\/#website","url":"https:\/\/www.organisator.ch\/","name":"Organisateur","description":"Comp\u00e9tence et comp\u00e9tence. Proches de la pratique. L'ORGANISATEUR pr\u00e9pare 10 num\u00e9ros par an sur les th\u00e8mes essentiels pour les dirigeants de PME.","publisher":{"@id":"https:\/\/www.organisator.ch\/#organization"},"potentialAction":[{"@type":"SearchAction","target":{"@type":"EntryPoint","urlTemplate":"https:\/\/www.organisator.ch\/?s={search_term_string}"},"query-input":{"@type":"PropertyValueSpecification","valueRequired":true,"valueName":"search_term_string"}}],"inLanguage":"fr-FR"},{"@type":"Organization","@id":"https:\/\/www.organisator.ch\/#organization","name":"Organisateur","url":"https:\/\/www.organisator.ch\/","logo":{"@type":"ImageObject","inLanguage":"fr-FR","@id":"https:\/\/www.organisator.ch\/#\/schema\/logo\/image\/","url":"https:\/\/www.organisator.ch\/wp-content\/uploads\/2022\/01\/Logo_Organisator_Website.png","contentUrl":"https:\/\/www.organisator.ch\/wp-content\/uploads\/2022\/01\/Logo_Organisator_Website.png","width":800,"height":77,"caption":"Organisator"},"image":{"@id":"https:\/\/www.organisator.ch\/#\/schema\/logo\/image\/"},"sameAs":["https:\/\/www.facebook.com\/OrganisatorFachmagazin","https:\/\/www.linkedin.com\/showcase\/organisator-das-magazin-fr-kmu","https:\/\/www.xing.com\/news\/pages\/organisator-ch-695","https:\/\/www.youtube.com\/channel\/UCGP2Sq0iWaZwT3BdIAQFYpw"]},{"@type":"Person","@id":"https:\/\/www.organisator.ch\/#\/schema\/person\/6f650f90b2842cd4c0cc334b4e36f67e","name":"thomas.berner","image":{"@type":"ImageObject","inLanguage":"fr-FR","@id":"https:\/\/secure.gravatar.com\/avatar\/ac5001d2a36cb6c6cd3e50789007ffca834b477b74a2144564522e944eabff61?s=96&d=mm&r=g","url":"https:\/\/secure.gravatar.com\/avatar\/ac5001d2a36cb6c6cd3e50789007ffca834b477b74a2144564522e944eabff61?s=96&d=mm&r=g","contentUrl":"https:\/\/secure.gravatar.com\/avatar\/ac5001d2a36cb6c6cd3e50789007ffca834b477b74a2144564522e944eabff61?s=96&d=mm&r=g","caption":"thomas.berner"},"url":"https:\/\/www.organisator.ch\/fr\/author\/thomas-berner\/"}]}},"_links":{"self":[{"href":"https:\/\/www.organisator.ch\/fr\/wp-json\/wp\/v2\/posts\/7575","targetHints":{"allow":["GET"]}}],"collection":[{"href":"https:\/\/www.organisator.ch\/fr\/wp-json\/wp\/v2\/posts"}],"about":[{"href":"https:\/\/www.organisator.ch\/fr\/wp-json\/wp\/v2\/types\/post"}],"author":[{"embeddable":true,"href":"https:\/\/www.organisator.ch\/fr\/wp-json\/wp\/v2\/users\/4"}],"replies":[{"embeddable":true,"href":"https:\/\/www.organisator.ch\/fr\/wp-json\/wp\/v2\/comments?post=7575"}],"version-history":[{"count":0,"href":"https:\/\/www.organisator.ch\/fr\/wp-json\/wp\/v2\/posts\/7575\/revisions"}],"wp:featuredmedia":[{"embeddable":true,"href":"https:\/\/www.organisator.ch\/fr\/wp-json\/wp\/v2\/media\/7576"}],"wp:attachment":[{"href":"https:\/\/www.organisator.ch\/fr\/wp-json\/wp\/v2\/media?parent=7575"}],"wp:term":[{"taxonomy":"category","embeddable":true,"href":"https:\/\/www.organisator.ch\/fr\/wp-json\/wp\/v2\/categories?post=7575"},{"taxonomy":"post_tag","embeddable":true,"href":"https:\/\/www.organisator.ch\/fr\/wp-json\/wp\/v2\/tags?post=7575"}],"curies":[{"name":"wp","href":"https:\/\/api.w.org\/{rel}","templated":true}]}}