{"id":7589,"date":"2021-02-04T11:13:05","date_gmt":"2021-02-04T10:13:05","guid":{"rendered":"https:\/\/www.organisator.ch\/?p=7589"},"modified":"2021-02-04T11:13:05","modified_gmt":"2021-02-04T10:13:05","slug":"bgm-in-kmu-das-geht","status":"publish","type":"post","link":"https:\/\/www.organisator.ch\/fr\/human-resources\/fit_im_job\/2021-02-04\/bgm-in-kmu-das-geht\/","title":{"rendered":"La GSE dans les PME : c'est possible !"},"content":{"rendered":"<figure id=\"attachment_7590\" aria-describedby=\"caption-attachment-7590\" style=\"width: 680px\" class=\"wp-caption alignnone\"><img loading=\"lazy\" decoding=\"async\" class=\"size-medium wp-image-7590\" src=\"https:\/\/www.organisator.ch\/wp-content\/uploads\/2021\/02\/BGM-in-KMU-Das-geht_Organisator.jpg\" alt=\"\" width=\"680\" height=\"571\" srcset=\"https:\/\/www.organisator.ch\/wp-content\/uploads\/2021\/02\/BGM-in-KMU-Das-geht_Organisator.jpg 680w, https:\/\/www.organisator.ch\/wp-content\/uploads\/2021\/02\/BGM-in-KMU-Das-geht_Organisator-14x12.jpg 14w, https:\/\/www.organisator.ch\/wp-content\/uploads\/2021\/02\/BGM-in-KMU-Das-geht_Organisator-208x175.jpg 208w, https:\/\/www.organisator.ch\/wp-content\/uploads\/2021\/02\/BGM-in-KMU-Das-geht_Organisator-417x350.jpg 417w, https:\/\/www.organisator.ch\/wp-content\/uploads\/2021\/02\/BGM-in-KMU-Das-geht_Organisator-300x252.jpg 300w\" sizes=\"auto, (max-width: 680px) 100vw, 680px\" \/><figcaption id=\"caption-attachment-7590\" class=\"wp-caption-text\">GSE dans les PME : Mathias Fr\u00f6hlich montre qu'il vaut la peine d'investir dans la gestion de la sant\u00e9 en entreprise, m\u00eame pour les petites entreprises. (Image : zVg)<\/figcaption><\/figure>\n<p>Depuis ao\u00fbt 2017, le bureau d'architecture a obtenu le label \"Friendly Work Space\" de Promotion Sant\u00e9 Suisse. \"Nous sommes le premier bureau d'architectes du canton de Schwyz et actuellement la plus petite entreprise de Suisse \u00e0 avoir obtenu cette distinction\", raconte le propri\u00e9taire Mathias Fr\u00f6hlich. Quel a \u00e9t\u00e9 l'\u00e9l\u00e9ment d\u00e9clencheur de cet engagement global en faveur de la GSE ?<\/p>\n<h2>Un d\u00e9part pragmatique<\/h2>\n<p>En 2014, Mathias Fr\u00f6hlich a \u00e9t\u00e9 confront\u00e9 \u00e0 l'absence compl\u00e8te d'un chef de projet et d'une assistante de direction pour cause de maladie. Une perte difficilement compensable, avec le risque d'autres absences dues \u00e0 une surcharge permanente des collaborateurs restants. Pour l'entrepreneur, il \u00e9tait clair qu'il fallait faire quelque chose de pr\u00e9ventif pour la sant\u00e9 de son \u00e9quipe. Il a trouv\u00e9 le soutien ad\u00e9quat en la personne de sa nouvelle assistante de direction et responsable de la GSE, Nadine Martig. Mathias Fr\u00f6hlich \u00e0 propos des d\u00e9buts : \"Nous avons abord\u00e9 le sujet de mani\u00e8re tr\u00e8s pragmatique avec des mesures plausibles pour tous les participants. Il s'agissait notamment d'un conseil en nutrition et en ergonomie ainsi que d'ateliers en \u00e9quipe. Ces mesures ont si bien fait leurs preuves qu'elles font depuis partie int\u00e9grante de notre GSE\".<\/p>\n<h2>Un impact mesurable<\/h2>\n<p>Pour la mise en place professionnelle de sa GSE syst\u00e9matique, Fr\u00f6hlich Architektur mise depuis 2014 sur les outils valid\u00e9s et les comp\u00e9tences de Promotion Sant\u00e9 Suisse. Un partenariat qui a fait ses preuves. La d\u00e9cision de se faire certifier comme \"Friendly Work Space\" y est li\u00e9e. Mathias Fr\u00f6hlich a ainsi donn\u00e9 un signal clair qu'en tant que chef de PME, la sant\u00e9 de ses collaborateurs lui tient \u00e0 c\u0153ur.<br \/>\ncollaborateurs est une pr\u00e9occupation durable. Cela implique aussi un contr\u00f4le annuel de l'efficacit\u00e9 de la GSE au moyen de Friendly Work Space (FWS) Job-Stress-Analysis, l'enqu\u00eate num\u00e9rique aupr\u00e8s des collaborateurs de Promotion Sant\u00e9 Suisse. \"C'est aussi une premi\u00e8re orientation parfaite pour se lancer dans la GSE, raison pour laquelle je la recommande \u00e0 toute PME\", souligne Fr\u00f6hlich.<\/p>\n<h2>Mieux traverser la crise gr\u00e2ce \u00e0 la GSE<\/h2>\n<p>En 2018, Fr\u00f6hlich Architektur a \u00e9t\u00e9 confront\u00e9e \u00e0 une grave crise \u00e9conomique. \"Gr\u00e2ce \u00e0 nos mesures de GSE, nous \u00e9tions d\u00e9j\u00e0 tr\u00e8s sensibilis\u00e9s \u00e0 ce moment-l\u00e0 \u00e0 la n\u00e9cessit\u00e9 de veiller \u00e0 notre propre sant\u00e9 et \u00e0 celle de nos coll\u00e8gues dans cette phase de stress extr\u00eame. Les peurs, les soucis, les critiques, etc. ont \u00e9t\u00e9 et sont toujours abord\u00e9s ouvertement. La coh\u00e9sion d'\u00e9quipe ainsi renforc\u00e9e et la grande loyaut\u00e9 des collaborateurs ont contribu\u00e9 de mani\u00e8re d\u00e9cisive \u00e0 surmonter cette crise. Forts de ces exp\u00e9riences, nous avons r\u00e9ussi \u00e0 ma\u00eetriser l'ann\u00e9e Corona 2020. C'est pourquoi il ne fait aucun doute pour moi qu'une GSE syst\u00e9matique en vaut la peine - et tout particuli\u00e8rement pour les PME\", conclut Mathias Fr\u00f6hlich.<\/p>\n<p>&nbsp;<\/p>\n<p><strong><em>Contexte : la GSE dans les PME<\/em><\/strong><\/p>\n<p><em>La soci\u00e9t\u00e9 Fr\u00f6hlich Architektur AG (<a href=\"http:\/\/www.froehlicharchitektur.ch\">www.froehlicharchitektur.ch<\/a>) a son si\u00e8ge \u00e0 B\u00e4ch (SZ) et \u00e0 Zurich. Le propri\u00e9taire Mathias Fr\u00f6hlich et son \u00e9quipe hautement qualifi\u00e9e d'une bonne vingtaine de personnes se consacrent avec une large exp\u00e9rience professionnelle et beaucoup d'enthousiasme \u00e0 la cr\u00e9ation d'un espace de vie pr\u00e9cieux. Fond\u00e9e en 2015 par Mathias Fr\u00f6hlich, la soci\u00e9t\u00e9 Fr\u00f6hlich Generalunternehmung AG offre, en plus des prestations d'architecture, les services suivants <\/em><em>\u00e9galement tous les services GU\/TU et immobiliers.<\/em><\/p>\n<p><em>Promotion Sant\u00e9 Suisse est une fondation de droit priv\u00e9, soutenue par les cantons et les assureurs. Elle est charg\u00e9e par la loi de lancer, de coordonner et d'\u00e9valuer des mesures de promotion de la sant\u00e9. Elle soutient notamment les entreprises dans la mise en place d'une GSE. Jusqu'au 31 mars 2021, Promotion Sant\u00e9 Suisse permet aux PME qui souhaitent en profiter de se lancer dans la GSE de mani\u00e8re simple et avantageuse gr\u00e2ce \u00e0 un financement partiel.<\/em><br \/>\n<em>&gt; Plus de d\u00e9tails sous <a href=\"http:\/\/www.friendlyworkspace.ch\/anteilsfinanzierung\">www.friendlyworkspace.ch\/anteilsfinanzierung<\/a><\/em><\/p>","protected":false},"excerpt":{"rendered":"<p>Das Architekturb\u00fcro ist seit August 2017 mit dem Label \u00abFriendly Work Space\u00bb von Gesundheitsf\u00f6rderung Schweiz ausgezeichnet. \u00abWir sind das erste Architekturb\u00fcro im Kanton Schwyz und momentan der kleinste Betrieb in der Schweiz, der diese Auszeichnung erhalten hat\u00bb, erz\u00e4hlt Inhaber Mathias Fr\u00f6hlich. Was war der Ausl\u00f6ser f\u00fcr dieses umfassende BGM-Engagement? Pragmatischer Start 2014 war Mathias Fr\u00f6hlich [&hellip;]<\/p>\n","protected":false},"author":4,"featured_media":7590,"comment_status":"closed","ping_status":"closed","sticky":false,"template":"","format":"standard","meta":{"_acf_changed":false,"_yoast_wpseo_focuskw":"BGM in KMU","_yoast_wpseo_metadesc":"Der Vorbehalt, dass BGM in KMU viel Aufwand verursache und zu wenig Nutzen bringe, h\u00e4lt sich hartn\u00e4ckig. Die Fr\u00f6hlich Architektur AG beweist das Gegenteil.","articlekey":"","footnotes":""},"categories":[25],"tags":[77,208,492],"class_list":["post-7589","post","type-post","status-publish","format-standard","has-post-thumbnail","hentry","category-fit_im_job","tag-betriebliches-gesundheitsmanagement","tag-fit-im-job","tag-unternehmen"],"acf":[],"yoast_head":"<!-- This site is optimized with the Yoast SEO plugin v27.5 - https:\/\/yoast.com\/product\/yoast-seo-wordpress\/ -->\n<title>BGM in KMU: Das geht! - Organisator<\/title>\n<meta name=\"description\" content=\"Der Vorbehalt, dass BGM in KMU viel Aufwand verursache und zu wenig Nutzen bringe, h\u00e4lt sich hartn\u00e4ckig. Die Fr\u00f6hlich Architektur AG beweist das Gegenteil.\" \/>\n<meta name=\"robots\" content=\"index, follow, max-snippet:-1, max-image-preview:large, max-video-preview:-1\" \/>\n<link rel=\"canonical\" href=\"https:\/\/www.organisator.ch\/fr\/ressources-humaines\/fit_im_job\/2021-02-04\/bgm-in-kmu-das-geht\/\" \/>\n<meta property=\"og:locale\" content=\"fr_FR\" \/>\n<meta property=\"og:type\" content=\"article\" \/>\n<meta property=\"og:title\" content=\"BGM in KMU: Das geht!\" \/>\n<meta property=\"og:description\" content=\"Der Vorbehalt, dass BGM in KMU viel Aufwand verursache und zu wenig Nutzen bringe, h\u00e4lt sich hartn\u00e4ckig. Die Fr\u00f6hlich Architektur AG beweist das Gegenteil.\" \/>\n<meta property=\"og:url\" content=\"https:\/\/www.organisator.ch\/fr\/ressources-humaines\/fit_im_job\/2021-02-04\/bgm-in-kmu-das-geht\/\" \/>\n<meta property=\"og:site_name\" content=\"Organisator\" \/>\n<meta property=\"article:publisher\" content=\"https:\/\/www.facebook.com\/OrganisatorFachmagazin\" \/>\n<meta property=\"article:published_time\" content=\"2021-02-04T10:13:05+00:00\" \/>\n<meta property=\"og:image\" content=\"https:\/\/www.organisator.ch\/wp-content\/uploads\/2021\/02\/BGM-in-KMU-Das-geht_Organisator.jpg\" \/>\n\t<meta property=\"og:image:width\" content=\"680\" \/>\n\t<meta property=\"og:image:height\" content=\"571\" \/>\n\t<meta property=\"og:image:type\" content=\"image\/jpeg\" \/>\n<meta name=\"author\" content=\"thomas.berner\" \/>\n<meta name=\"twitter:card\" content=\"summary_large_image\" \/>\n<meta name=\"twitter:title\" content=\"#BGM in KMU: Das geht!\" \/>\n<meta name=\"twitter:description\" content=\"Der Vorbehalt, dass #BGM in KMU viel Aufwand verursache und zu wenig Nutzen bringe, h\u00e4lt sich hartn\u00e4ckig. Die #Fr\u00f6hlich Architektur AG beweist das Gegenteil.\" \/>\n<meta name=\"twitter:image\" content=\"https:\/\/www.organisator.ch\/wp-content\/uploads\/2021\/02\/BGM-in-KMU-Das-geht_Organisator.jpg\" \/>\n<script type=\"application\/ld+json\" class=\"yoast-schema-graph\">{\"@context\":\"https:\\\/\\\/schema.org\",\"@graph\":[{\"@type\":\"Article\",\"@id\":\"https:\\\/\\\/www.organisator.ch\\\/human-resources\\\/fit_im_job\\\/2021-02-04\\\/bgm-in-kmu-das-geht\\\/#article\",\"isPartOf\":{\"@id\":\"https:\\\/\\\/www.organisator.ch\\\/human-resources\\\/fit_im_job\\\/2021-02-04\\\/bgm-in-kmu-das-geht\\\/\"},\"author\":{\"name\":\"thomas.berner\",\"@id\":\"https:\\\/\\\/www.organisator.ch\\\/#\\\/schema\\\/person\\\/6f650f90b2842cd4c0cc334b4e36f67e\"},\"headline\":\"BGM in KMU: Das geht!\",\"datePublished\":\"2021-02-04T10:13:05+00:00\",\"mainEntityOfPage\":{\"@id\":\"https:\\\/\\\/www.organisator.ch\\\/human-resources\\\/fit_im_job\\\/2021-02-04\\\/bgm-in-kmu-das-geht\\\/\"},\"wordCount\":567,\"publisher\":{\"@id\":\"https:\\\/\\\/www.organisator.ch\\\/#organization\"},\"image\":{\"@id\":\"https:\\\/\\\/www.organisator.ch\\\/human-resources\\\/fit_im_job\\\/2021-02-04\\\/bgm-in-kmu-das-geht\\\/#primaryimage\"},\"thumbnailUrl\":\"https:\\\/\\\/www.organisator.ch\\\/wp-content\\\/uploads\\\/2021\\\/02\\\/BGM-in-KMU-Das-geht_Organisator.jpg\",\"keywords\":[\"Betriebliches Gesundheitsmanagement\",\"Fit im Job\",\"Unternehmen\"],\"articleSection\":[\"FIT IM JOB\"],\"inLanguage\":\"fr-FR\"},{\"@type\":\"WebPage\",\"@id\":\"https:\\\/\\\/www.organisator.ch\\\/human-resources\\\/fit_im_job\\\/2021-02-04\\\/bgm-in-kmu-das-geht\\\/\",\"url\":\"https:\\\/\\\/www.organisator.ch\\\/human-resources\\\/fit_im_job\\\/2021-02-04\\\/bgm-in-kmu-das-geht\\\/\",\"name\":\"BGM in KMU: Das geht! - Organisator\",\"isPartOf\":{\"@id\":\"https:\\\/\\\/www.organisator.ch\\\/#website\"},\"primaryImageOfPage\":{\"@id\":\"https:\\\/\\\/www.organisator.ch\\\/human-resources\\\/fit_im_job\\\/2021-02-04\\\/bgm-in-kmu-das-geht\\\/#primaryimage\"},\"image\":{\"@id\":\"https:\\\/\\\/www.organisator.ch\\\/human-resources\\\/fit_im_job\\\/2021-02-04\\\/bgm-in-kmu-das-geht\\\/#primaryimage\"},\"thumbnailUrl\":\"https:\\\/\\\/www.organisator.ch\\\/wp-content\\\/uploads\\\/2021\\\/02\\\/BGM-in-KMU-Das-geht_Organisator.jpg\",\"datePublished\":\"2021-02-04T10:13:05+00:00\",\"description\":\"Der Vorbehalt, dass BGM in KMU viel Aufwand verursache und zu wenig Nutzen bringe, h\u00e4lt sich hartn\u00e4ckig. Die Fr\u00f6hlich Architektur AG beweist das Gegenteil.\",\"breadcrumb\":{\"@id\":\"https:\\\/\\\/www.organisator.ch\\\/human-resources\\\/fit_im_job\\\/2021-02-04\\\/bgm-in-kmu-das-geht\\\/#breadcrumb\"},\"inLanguage\":\"fr-FR\",\"potentialAction\":[{\"@type\":\"ReadAction\",\"target\":[\"https:\\\/\\\/www.organisator.ch\\\/human-resources\\\/fit_im_job\\\/2021-02-04\\\/bgm-in-kmu-das-geht\\\/\"]}]},{\"@type\":\"ImageObject\",\"inLanguage\":\"fr-FR\",\"@id\":\"https:\\\/\\\/www.organisator.ch\\\/human-resources\\\/fit_im_job\\\/2021-02-04\\\/bgm-in-kmu-das-geht\\\/#primaryimage\",\"url\":\"https:\\\/\\\/www.organisator.ch\\\/wp-content\\\/uploads\\\/2021\\\/02\\\/BGM-in-KMU-Das-geht_Organisator.jpg\",\"contentUrl\":\"https:\\\/\\\/www.organisator.ch\\\/wp-content\\\/uploads\\\/2021\\\/02\\\/BGM-in-KMU-Das-geht_Organisator.jpg\",\"width\":680,\"height\":571,\"caption\":\"BGM in KMU: Mathias Fr\u00f6hlich zeigt, dass es sich auch f\u00fcr kleine Unternehmen lohnt, in betriebliches Gesundheitsmanagement zu investieren. (Bild: zVg)\"},{\"@type\":\"BreadcrumbList\",\"@id\":\"https:\\\/\\\/www.organisator.ch\\\/human-resources\\\/fit_im_job\\\/2021-02-04\\\/bgm-in-kmu-das-geht\\\/#breadcrumb\",\"itemListElement\":[{\"@type\":\"ListItem\",\"position\":1,\"name\":\"Home\",\"item\":\"https:\\\/\\\/www.organisator.ch\\\/\"},{\"@type\":\"ListItem\",\"position\":2,\"name\":\"BGM in KMU: Das geht!\"}]},{\"@type\":\"WebSite\",\"@id\":\"https:\\\/\\\/www.organisator.ch\\\/#website\",\"url\":\"https:\\\/\\\/www.organisator.ch\\\/\",\"name\":\"Organisator\",\"description\":\"Kompetent. Praxisnah. Der ORGANISATOR bereitet in 10 Ausgaben pro Jahr die wesentlichen Themen f\u00fcr F\u00fchrungskr\u00e4fte von KMU auf.\",\"publisher\":{\"@id\":\"https:\\\/\\\/www.organisator.ch\\\/#organization\"},\"potentialAction\":[{\"@type\":\"SearchAction\",\"target\":{\"@type\":\"EntryPoint\",\"urlTemplate\":\"https:\\\/\\\/www.organisator.ch\\\/?s={search_term_string}\"},\"query-input\":{\"@type\":\"PropertyValueSpecification\",\"valueRequired\":true,\"valueName\":\"search_term_string\"}}],\"inLanguage\":\"fr-FR\"},{\"@type\":\"Organization\",\"@id\":\"https:\\\/\\\/www.organisator.ch\\\/#organization\",\"name\":\"Organisator\",\"url\":\"https:\\\/\\\/www.organisator.ch\\\/\",\"logo\":{\"@type\":\"ImageObject\",\"inLanguage\":\"fr-FR\",\"@id\":\"https:\\\/\\\/www.organisator.ch\\\/#\\\/schema\\\/logo\\\/image\\\/\",\"url\":\"https:\\\/\\\/www.organisator.ch\\\/wp-content\\\/uploads\\\/2022\\\/01\\\/Logo_Organisator_Website.png\",\"contentUrl\":\"https:\\\/\\\/www.organisator.ch\\\/wp-content\\\/uploads\\\/2022\\\/01\\\/Logo_Organisator_Website.png\",\"width\":800,\"height\":77,\"caption\":\"Organisator\"},\"image\":{\"@id\":\"https:\\\/\\\/www.organisator.ch\\\/#\\\/schema\\\/logo\\\/image\\\/\"},\"sameAs\":[\"https:\\\/\\\/www.facebook.com\\\/OrganisatorFachmagazin\",\"https:\\\/\\\/www.linkedin.com\\\/showcase\\\/organisator-das-magazin-fr-kmu\",\"https:\\\/\\\/www.xing.com\\\/news\\\/pages\\\/organisator-ch-695\",\"https:\\\/\\\/www.youtube.com\\\/channel\\\/UCGP2Sq0iWaZwT3BdIAQFYpw\"]},{\"@type\":\"Person\",\"@id\":\"https:\\\/\\\/www.organisator.ch\\\/#\\\/schema\\\/person\\\/6f650f90b2842cd4c0cc334b4e36f67e\",\"name\":\"thomas.berner\",\"image\":{\"@type\":\"ImageObject\",\"inLanguage\":\"fr-FR\",\"@id\":\"https:\\\/\\\/secure.gravatar.com\\\/avatar\\\/ac5001d2a36cb6c6cd3e50789007ffca834b477b74a2144564522e944eabff61?s=96&d=mm&r=g\",\"url\":\"https:\\\/\\\/secure.gravatar.com\\\/avatar\\\/ac5001d2a36cb6c6cd3e50789007ffca834b477b74a2144564522e944eabff61?s=96&d=mm&r=g\",\"contentUrl\":\"https:\\\/\\\/secure.gravatar.com\\\/avatar\\\/ac5001d2a36cb6c6cd3e50789007ffca834b477b74a2144564522e944eabff61?s=96&d=mm&r=g\",\"caption\":\"thomas.berner\"},\"url\":\"https:\\\/\\\/www.organisator.ch\\\/fr\\\/author\\\/thomas-berner\\\/\"}]}<\/script>\n<!-- \/ Yoast SEO plugin. -->","yoast_head_json":{"title":"GSE dans les PME : c'est possible ! - Organisateur","description":"La r\u00e9serve selon laquelle la GSE dans les PME engendre beaucoup de d\u00e9penses et n'apporte pas assez de b\u00e9n\u00e9fices est tenace. L'entreprise Fr\u00f6hlich Architektur AG prouve le contraire.","robots":{"index":"index","follow":"follow","max-snippet":"max-snippet:-1","max-image-preview":"max-image-preview:large","max-video-preview":"max-video-preview:-1"},"canonical":"https:\/\/www.organisator.ch\/fr\/ressources-humaines\/fit_im_job\/2021-02-04\/bgm-in-kmu-das-geht\/","og_locale":"fr_FR","og_type":"article","og_title":"BGM in KMU: Das geht!","og_description":"Der Vorbehalt, dass BGM in KMU viel Aufwand verursache und zu wenig Nutzen bringe, h\u00e4lt sich hartn\u00e4ckig. Die Fr\u00f6hlich Architektur AG beweist das Gegenteil.","og_url":"https:\/\/www.organisator.ch\/fr\/ressources-humaines\/fit_im_job\/2021-02-04\/bgm-in-kmu-das-geht\/","og_site_name":"Organisator","article_publisher":"https:\/\/www.facebook.com\/OrganisatorFachmagazin","article_published_time":"2021-02-04T10:13:05+00:00","og_image":[{"width":680,"height":571,"url":"https:\/\/www.organisator.ch\/wp-content\/uploads\/2021\/02\/BGM-in-KMU-Das-geht_Organisator.jpg","type":"image\/jpeg"}],"author":"thomas.berner","twitter_card":"summary_large_image","twitter_title":"#BGM in KMU: Das geht!","twitter_description":"Der Vorbehalt, dass #BGM in KMU viel Aufwand verursache und zu wenig Nutzen bringe, h\u00e4lt sich hartn\u00e4ckig. Die #Fr\u00f6hlich Architektur AG beweist das Gegenteil.","twitter_image":"https:\/\/www.organisator.ch\/wp-content\/uploads\/2021\/02\/BGM-in-KMU-Das-geht_Organisator.jpg","schema":{"@context":"https:\/\/schema.org","@graph":[{"@type":"Article","@id":"https:\/\/www.organisator.ch\/human-resources\/fit_im_job\/2021-02-04\/bgm-in-kmu-das-geht\/#article","isPartOf":{"@id":"https:\/\/www.organisator.ch\/human-resources\/fit_im_job\/2021-02-04\/bgm-in-kmu-das-geht\/"},"author":{"name":"thomas.berner","@id":"https:\/\/www.organisator.ch\/#\/schema\/person\/6f650f90b2842cd4c0cc334b4e36f67e"},"headline":"BGM in KMU: Das geht!","datePublished":"2021-02-04T10:13:05+00:00","mainEntityOfPage":{"@id":"https:\/\/www.organisator.ch\/human-resources\/fit_im_job\/2021-02-04\/bgm-in-kmu-das-geht\/"},"wordCount":567,"publisher":{"@id":"https:\/\/www.organisator.ch\/#organization"},"image":{"@id":"https:\/\/www.organisator.ch\/human-resources\/fit_im_job\/2021-02-04\/bgm-in-kmu-das-geht\/#primaryimage"},"thumbnailUrl":"https:\/\/www.organisator.ch\/wp-content\/uploads\/2021\/02\/BGM-in-KMU-Das-geht_Organisator.jpg","keywords":["Betriebliches Gesundheitsmanagement","Fit im Job","Unternehmen"],"articleSection":["FIT IM JOB"],"inLanguage":"fr-FR"},{"@type":"WebPage","@id":"https:\/\/www.organisator.ch\/human-resources\/fit_im_job\/2021-02-04\/bgm-in-kmu-das-geht\/","url":"https:\/\/www.organisator.ch\/human-resources\/fit_im_job\/2021-02-04\/bgm-in-kmu-das-geht\/","name":"GSE dans les PME : c'est possible ! - Organisateur","isPartOf":{"@id":"https:\/\/www.organisator.ch\/#website"},"primaryImageOfPage":{"@id":"https:\/\/www.organisator.ch\/human-resources\/fit_im_job\/2021-02-04\/bgm-in-kmu-das-geht\/#primaryimage"},"image":{"@id":"https:\/\/www.organisator.ch\/human-resources\/fit_im_job\/2021-02-04\/bgm-in-kmu-das-geht\/#primaryimage"},"thumbnailUrl":"https:\/\/www.organisator.ch\/wp-content\/uploads\/2021\/02\/BGM-in-KMU-Das-geht_Organisator.jpg","datePublished":"2021-02-04T10:13:05+00:00","description":"La r\u00e9serve selon laquelle la GSE dans les PME engendre beaucoup de d\u00e9penses et n'apporte pas assez de b\u00e9n\u00e9fices est tenace. L'entreprise Fr\u00f6hlich Architektur AG prouve le contraire.","breadcrumb":{"@id":"https:\/\/www.organisator.ch\/human-resources\/fit_im_job\/2021-02-04\/bgm-in-kmu-das-geht\/#breadcrumb"},"inLanguage":"fr-FR","potentialAction":[{"@type":"ReadAction","target":["https:\/\/www.organisator.ch\/human-resources\/fit_im_job\/2021-02-04\/bgm-in-kmu-das-geht\/"]}]},{"@type":"ImageObject","inLanguage":"fr-FR","@id":"https:\/\/www.organisator.ch\/human-resources\/fit_im_job\/2021-02-04\/bgm-in-kmu-das-geht\/#primaryimage","url":"https:\/\/www.organisator.ch\/wp-content\/uploads\/2021\/02\/BGM-in-KMU-Das-geht_Organisator.jpg","contentUrl":"https:\/\/www.organisator.ch\/wp-content\/uploads\/2021\/02\/BGM-in-KMU-Das-geht_Organisator.jpg","width":680,"height":571,"caption":"BGM in KMU: Mathias Fr\u00f6hlich zeigt, dass es sich auch f\u00fcr kleine Unternehmen lohnt, in betriebliches Gesundheitsmanagement zu investieren. (Bild: zVg)"},{"@type":"BreadcrumbList","@id":"https:\/\/www.organisator.ch\/human-resources\/fit_im_job\/2021-02-04\/bgm-in-kmu-das-geht\/#breadcrumb","itemListElement":[{"@type":"ListItem","position":1,"name":"Home","item":"https:\/\/www.organisator.ch\/"},{"@type":"ListItem","position":2,"name":"BGM in KMU: Das geht!"}]},{"@type":"WebSite","@id":"https:\/\/www.organisator.ch\/#website","url":"https:\/\/www.organisator.ch\/","name":"Organisateur","description":"Comp\u00e9tence et comp\u00e9tence. Proches de la pratique. L'ORGANISATEUR pr\u00e9pare 10 num\u00e9ros par an sur les th\u00e8mes essentiels pour les dirigeants de PME.","publisher":{"@id":"https:\/\/www.organisator.ch\/#organization"},"potentialAction":[{"@type":"SearchAction","target":{"@type":"EntryPoint","urlTemplate":"https:\/\/www.organisator.ch\/?s={search_term_string}"},"query-input":{"@type":"PropertyValueSpecification","valueRequired":true,"valueName":"search_term_string"}}],"inLanguage":"fr-FR"},{"@type":"Organization","@id":"https:\/\/www.organisator.ch\/#organization","name":"Organisateur","url":"https:\/\/www.organisator.ch\/","logo":{"@type":"ImageObject","inLanguage":"fr-FR","@id":"https:\/\/www.organisator.ch\/#\/schema\/logo\/image\/","url":"https:\/\/www.organisator.ch\/wp-content\/uploads\/2022\/01\/Logo_Organisator_Website.png","contentUrl":"https:\/\/www.organisator.ch\/wp-content\/uploads\/2022\/01\/Logo_Organisator_Website.png","width":800,"height":77,"caption":"Organisator"},"image":{"@id":"https:\/\/www.organisator.ch\/#\/schema\/logo\/image\/"},"sameAs":["https:\/\/www.facebook.com\/OrganisatorFachmagazin","https:\/\/www.linkedin.com\/showcase\/organisator-das-magazin-fr-kmu","https:\/\/www.xing.com\/news\/pages\/organisator-ch-695","https:\/\/www.youtube.com\/channel\/UCGP2Sq0iWaZwT3BdIAQFYpw"]},{"@type":"Person","@id":"https:\/\/www.organisator.ch\/#\/schema\/person\/6f650f90b2842cd4c0cc334b4e36f67e","name":"thomas.berner","image":{"@type":"ImageObject","inLanguage":"fr-FR","@id":"https:\/\/secure.gravatar.com\/avatar\/ac5001d2a36cb6c6cd3e50789007ffca834b477b74a2144564522e944eabff61?s=96&d=mm&r=g","url":"https:\/\/secure.gravatar.com\/avatar\/ac5001d2a36cb6c6cd3e50789007ffca834b477b74a2144564522e944eabff61?s=96&d=mm&r=g","contentUrl":"https:\/\/secure.gravatar.com\/avatar\/ac5001d2a36cb6c6cd3e50789007ffca834b477b74a2144564522e944eabff61?s=96&d=mm&r=g","caption":"thomas.berner"},"url":"https:\/\/www.organisator.ch\/fr\/author\/thomas-berner\/"}]}},"_links":{"self":[{"href":"https:\/\/www.organisator.ch\/fr\/wp-json\/wp\/v2\/posts\/7589","targetHints":{"allow":["GET"]}}],"collection":[{"href":"https:\/\/www.organisator.ch\/fr\/wp-json\/wp\/v2\/posts"}],"about":[{"href":"https:\/\/www.organisator.ch\/fr\/wp-json\/wp\/v2\/types\/post"}],"author":[{"embeddable":true,"href":"https:\/\/www.organisator.ch\/fr\/wp-json\/wp\/v2\/users\/4"}],"replies":[{"embeddable":true,"href":"https:\/\/www.organisator.ch\/fr\/wp-json\/wp\/v2\/comments?post=7589"}],"version-history":[{"count":0,"href":"https:\/\/www.organisator.ch\/fr\/wp-json\/wp\/v2\/posts\/7589\/revisions"}],"wp:featuredmedia":[{"embeddable":true,"href":"https:\/\/www.organisator.ch\/fr\/wp-json\/wp\/v2\/media\/7590"}],"wp:attachment":[{"href":"https:\/\/www.organisator.ch\/fr\/wp-json\/wp\/v2\/media?parent=7589"}],"wp:term":[{"taxonomy":"category","embeddable":true,"href":"https:\/\/www.organisator.ch\/fr\/wp-json\/wp\/v2\/categories?post=7589"},{"taxonomy":"post_tag","embeddable":true,"href":"https:\/\/www.organisator.ch\/fr\/wp-json\/wp\/v2\/tags?post=7589"}],"curies":[{"name":"wp","href":"https:\/\/api.w.org\/{rel}","templated":true}]}}