{"id":7592,"date":"2021-02-01T15:10:06","date_gmt":"2021-02-01T14:10:06","guid":{"rendered":"https:\/\/www.organisator.ch\/?p=7592"},"modified":"2021-02-01T15:10:06","modified_gmt":"2021-02-01T14:10:06","slug":"schweizer-hochseeschiffe-trudy-und-helvetia-unter-neuer-flagge","status":"publish","type":"post","link":"https:\/\/www.organisator.ch\/fr\/allgemein\/2021-02-01\/schweizer-hochseeschiffe-trudy-und-helvetia-unter-neuer-flagge\/","title":{"rendered":"Les navires suisses de haute mer \"Trudy\" et \"Helvetia\" sous un nouveau pavillon"},"content":{"rendered":"<figure id=\"attachment_7593\" aria-describedby=\"caption-attachment-7593\" style=\"width: 680px\" class=\"wp-caption alignnone\"><img loading=\"lazy\" decoding=\"async\" class=\"size-medium wp-image-7593\" src=\"https:\/\/www.organisator.ch\/wp-content\/uploads\/2021\/02\/Schweizer-Hochseeschiffe-Trudy-und-Helvetia-unter-neuer-Flagge_Organisator.jpg\" alt=\"\" width=\"680\" height=\"426\" srcset=\"https:\/\/www.organisator.ch\/wp-content\/uploads\/2021\/02\/Schweizer-Hochseeschiffe-Trudy-und-Helvetia-unter-neuer-Flagge_Organisator.jpg 680w, https:\/\/www.organisator.ch\/wp-content\/uploads\/2021\/02\/Schweizer-Hochseeschiffe-Trudy-und-Helvetia-unter-neuer-Flagge_Organisator-16x10.jpg 16w, https:\/\/www.organisator.ch\/wp-content\/uploads\/2021\/02\/Schweizer-Hochseeschiffe-Trudy-und-Helvetia-unter-neuer-Flagge_Organisator-279x175.jpg 279w, https:\/\/www.organisator.ch\/wp-content\/uploads\/2021\/02\/Schweizer-Hochseeschiffe-Trudy-und-Helvetia-unter-neuer-Flagge_Organisator-559x350.jpg 559w, https:\/\/www.organisator.ch\/wp-content\/uploads\/2021\/02\/Schweizer-Hochseeschiffe-Trudy-und-Helvetia-unter-neuer-Flagge_Organisator-300x188.jpg 300w\" sizes=\"auto, (max-width: 680px) 100vw, 680px\" \/><figcaption id=\"caption-attachment-7593\" class=\"wp-caption-text\">Les navires suisses de haute mer \"Trudy\" et \"Helvetia\" trouvent de nouveaux propri\u00e9taires suisses et naviguent d\u00e9sormais sous un nouveau nom et un nouveau pavillon. Sur la photo : \"BBC Rheiderland\". (Image : Briese Schiffahrt)<\/figcaption><\/figure>\n<p>M\u00eame en tant que pays enclav\u00e9, la Suisse dispose d'une flotte de haute mer, exploit\u00e9e par des armateurs et garantie par des cautionnements f\u00e9d\u00e9raux. Ces derni\u00e8res n'ont toutefois pas eu beaucoup de succ\u00e8s ces derniers temps et de nouvelles solutions ont d\u00fb \u00eatre trouv\u00e9es. Dans ce contexte, plusieurs investisseurs domicili\u00e9s en Suisse ont pris une participation directe dans deux navires polyvalents et leur valeur ajout\u00e9e. Apr\u00e8s le remplacement des cautionnements de la Conf\u00e9d\u00e9ration et l'assainissement financier qui en d\u00e9coule, les deux navires \"Trudy\" et \"Helvetia\" reposent sur une base \u00e9conomique solide et g\u00e9n\u00e9reront des revenus durables.<\/p>\n<h2>Se retirer des gros titres n\u00e9gatifs<\/h2>\n<p>Philipp Leibundgut, pr\u00e9sident du conseil d'administration de Briese Schiffahrt (Schweiz) AG, explique pourquoi les participations dans des navires polyvalents sont int\u00e9ressantes : \"Ces derni\u00e8res ann\u00e9es, la flotte suisse de haute mer a fait la une des journaux de mani\u00e8re n\u00e9gative. Cela n'\u00e9tait pas d\u00fb aux navires de haute mer de la Conf\u00e9d\u00e9ration, mais au fait que de petites compagnies maritimes les exploitaient. L'int\u00e9gration des navires dans la flotte de haute mer de Briese Schiffahrt, leader du march\u00e9, permet de r\u00e9aliser des \u00e9conomies d'\u00e9chelle importantes en termes de revenus et de co\u00fbts. De plus, \"Trudy\" et \"Helvetia\" sont de jeunes navires qui se pr\u00eatent au transport d'\u00e9oliennes, un march\u00e9 en pleine croissance. Ils fournissent ainsi d\u00e8s aujourd'hui une contribution directe au \"New Green Deal\"\".<\/p>\n<h2>Les navires de haute mer arborent d\u00e9sormais un nouveau pavillon et un nouveau nom<\/h2>\n<p>Le suivi local des investisseurs est assur\u00e9 par Briese Schiffahrt (Schweiz) AG, Zurich. Des investisseurs participent d\u00e9j\u00e0 directement \u00e0 des navires polyvalents d'une valeur de construction neuve de plus de 150 millions d'euros. D'autres projets de participation sont en pr\u00e9paration pour l'ann\u00e9e en cours. La soci\u00e9t\u00e9 Briese Schiffahrts GmbH &amp; Co. KG, une entreprise familiale dirig\u00e9e par la deuxi\u00e8me g\u00e9n\u00e9ration dont le si\u00e8ge social se trouve \u00e0 Leer, en Allemagne, est leader sur le march\u00e9 avec environ 150 navires de haute mer dans le secteur des cargaisons polyvalentes et de projet. Dans le monde entier, Briese Schiffahrt est repr\u00e9sent\u00e9e par 31 succursales et emploie plus de 3'000 personnes.<\/p>\n<p>Les navires ne peuvent plus naviguer sous le pavillon neutre suisse, car le cadre l\u00e9gal ne le permet pas actuellement. Inscrits au registre allemand des navires de mer, les bateaux circulent d\u00e9sormais sous les noms de \"BBC Vall\u00e9e du Rh\u00f4ne\" et \"BBC Rheiderland\". Le sigle \"BBC\" d\u00e9signe la filiale BBC Chartering. Celle-ci est, selon ses propres dires, leader mondial dans le domaine du transport maritime de marchandises lourdes et partenaire de comp\u00e9tence dans le transport d'\u00e9oliennes.<\/p>\n<p><em>Source et informations compl\u00e9mentaires : <a href=\"http:\/\/www.briese.ch\">www.briese.ch<\/a><\/em><\/p>","protected":false},"excerpt":{"rendered":"<p>Auch als Binnenland verf\u00fcgt(e) die Schweiz \u00fcber eine Hochsee-Flotte, betrieben durch Reedereien und abgesichert durch Bundesb\u00fcrgschaften. Diesen war in der j\u00fcngsten Vergangenheit allerdings wenig Erfolg beschieden, und es mussten neue L\u00f6sungen gefunden werden. In diesem Zusammenhang haben sich mehrere in der Schweiz ans\u00e4ssige Investoren an zwei Mehrzweckschiffen und ihrer Wertsch\u00f6pfung direkt beteiligt. Nach der Abl\u00f6sung [&hellip;]<\/p>\n","protected":false},"author":4,"featured_media":7593,"comment_status":"closed","ping_status":"closed","sticky":false,"template":"","format":"standard","meta":{"_acf_changed":false,"_yoast_wpseo_focuskw":"Hochseeschiffe","_yoast_wpseo_metadesc":"Die Hochseeschiffe der Schweizer Eidgenossenschaft, \u00abTrudy\u00bb und \u00abHelvetia\u00bb, wurden von der Briese Schiffahrt Gruppe zu rund CHF 15 Mio. \u00fcbernommen.","articlekey":"","footnotes":""},"categories":[1],"tags":[328,492,508],"class_list":["post-7592","post","type-post","status-publish","format-standard","has-post-thumbnail","hentry","category-allgemein","tag-logistik","tag-unternehmen","tag-vermischtes"],"acf":[],"yoast_head":"<!-- This site is optimized with the Yoast SEO plugin v27.4 - https:\/\/yoast.com\/product\/yoast-seo-wordpress\/ -->\n<title>Schweizer Hochseeschiffe \u00abTrudy\u00bb und \u00abHelvetia\u00bb unter neuer Flagge - Organisator<\/title>\n<meta name=\"description\" content=\"Die Hochseeschiffe der Schweizer Eidgenossenschaft, \u00abTrudy\u00bb und \u00abHelvetia\u00bb, wurden von der Briese Schiffahrt Gruppe zu rund CHF 15 Mio. \u00fcbernommen.\" \/>\n<meta name=\"robots\" content=\"index, follow, max-snippet:-1, max-image-preview:large, max-video-preview:-1\" \/>\n<link rel=\"canonical\" href=\"https:\/\/www.organisator.ch\/fr\/general\/2021-02-01\/schweizer-hochseeschiffe-trudy-und-helvetia-unter-neuer-flagge\/\" \/>\n<meta property=\"og:locale\" content=\"fr_FR\" \/>\n<meta property=\"og:type\" content=\"article\" \/>\n<meta property=\"og:title\" content=\"Schweizer Hochseeschiffe \u00abTrudy\u00bb und \u00abHelvetia\u00bb unter neuer Flagge\" \/>\n<meta property=\"og:description\" content=\"Die Hochseeschiffe der Schweizer Eidgenossenschaft, \u00abTrudy\u00bb und \u00abHelvetia\u00bb, wurden von der Briese Schiffahrt Gruppe zu rund CHF 15 Mio. \u00fcbernommen.\" \/>\n<meta property=\"og:url\" content=\"https:\/\/www.organisator.ch\/fr\/general\/2021-02-01\/schweizer-hochseeschiffe-trudy-und-helvetia-unter-neuer-flagge\/\" \/>\n<meta property=\"og:site_name\" content=\"Organisator\" \/>\n<meta property=\"article:publisher\" content=\"https:\/\/www.facebook.com\/OrganisatorFachmagazin\" \/>\n<meta property=\"article:published_time\" content=\"2021-02-01T14:10:06+00:00\" \/>\n<meta property=\"og:image\" content=\"https:\/\/www.organisator.ch\/wp-content\/uploads\/2021\/02\/Schweizer-Hochseeschiffe-Trudy-und-Helvetia-unter-neuer-Flagge_Organisator.jpg\" \/>\n\t<meta property=\"og:image:width\" content=\"680\" \/>\n\t<meta property=\"og:image:height\" content=\"426\" \/>\n\t<meta property=\"og:image:type\" content=\"image\/jpeg\" \/>\n<meta name=\"author\" content=\"thomas.berner\" \/>\n<meta name=\"twitter:card\" content=\"summary_large_image\" \/>\n<meta name=\"twitter:title\" content=\"Schweizer #Hochseeschiffe \u00abTrudy\u00bb und \u00abHelvetia\u00bb unter neuer Flagge\" \/>\n<meta name=\"twitter:description\" content=\"Die #Hochseeschiffe der Schweizer #Eidgenossenschaft, \u00abTrudy\u00bb und \u00abHelvetia\u00bb, wurden von der #Briese Schiffahrt Gruppe zu rund CHF 15 Mio. \u00fcbernommen.\" \/>\n<meta name=\"twitter:image\" content=\"https:\/\/www.organisator.ch\/wp-content\/uploads\/2021\/02\/Schweizer-Hochseeschiffe-Trudy-und-Helvetia-unter-neuer-Flagge_Organisator.jpg\" \/>\n<script type=\"application\/ld+json\" class=\"yoast-schema-graph\">{\"@context\":\"https:\\\/\\\/schema.org\",\"@graph\":[{\"@type\":\"Article\",\"@id\":\"https:\\\/\\\/www.organisator.ch\\\/it\\\/generale\\\/2021-02-01\\\/schweizer-hochseeschiffe-trudy-und-helvetia-unter-neuer-flagge\\\/#article\",\"isPartOf\":{\"@id\":\"https:\\\/\\\/www.organisator.ch\\\/it\\\/generale\\\/2021-02-01\\\/schweizer-hochseeschiffe-trudy-und-helvetia-unter-neuer-flagge\\\/\"},\"author\":{\"name\":\"thomas.berner\",\"@id\":\"https:\\\/\\\/www.organisator.ch\\\/#\\\/schema\\\/person\\\/6f650f90b2842cd4c0cc334b4e36f67e\"},\"headline\":\"Schweizer Hochseeschiffe \u00abTrudy\u00bb und \u00abHelvetia\u00bb unter neuer Flagge\",\"datePublished\":\"2021-02-01T14:10:06+00:00\",\"mainEntityOfPage\":{\"@id\":\"https:\\\/\\\/www.organisator.ch\\\/it\\\/generale\\\/2021-02-01\\\/schweizer-hochseeschiffe-trudy-und-helvetia-unter-neuer-flagge\\\/\"},\"wordCount\":401,\"publisher\":{\"@id\":\"https:\\\/\\\/www.organisator.ch\\\/#organization\"},\"image\":{\"@id\":\"https:\\\/\\\/www.organisator.ch\\\/it\\\/generale\\\/2021-02-01\\\/schweizer-hochseeschiffe-trudy-und-helvetia-unter-neuer-flagge\\\/#primaryimage\"},\"thumbnailUrl\":\"https:\\\/\\\/www.organisator.ch\\\/wp-content\\\/uploads\\\/2021\\\/02\\\/Schweizer-Hochseeschiffe-Trudy-und-Helvetia-unter-neuer-Flagge_Organisator.jpg\",\"keywords\":[\"Logistik\",\"Unternehmen\",\"Vermischtes\"],\"articleSection\":[\"Allgemein\"],\"inLanguage\":\"fr-FR\"},{\"@type\":\"WebPage\",\"@id\":\"https:\\\/\\\/www.organisator.ch\\\/it\\\/generale\\\/2021-02-01\\\/schweizer-hochseeschiffe-trudy-und-helvetia-unter-neuer-flagge\\\/\",\"url\":\"https:\\\/\\\/www.organisator.ch\\\/it\\\/generale\\\/2021-02-01\\\/schweizer-hochseeschiffe-trudy-und-helvetia-unter-neuer-flagge\\\/\",\"name\":\"Schweizer Hochseeschiffe \u00abTrudy\u00bb und \u00abHelvetia\u00bb unter neuer Flagge - Organisator\",\"isPartOf\":{\"@id\":\"https:\\\/\\\/www.organisator.ch\\\/#website\"},\"primaryImageOfPage\":{\"@id\":\"https:\\\/\\\/www.organisator.ch\\\/it\\\/generale\\\/2021-02-01\\\/schweizer-hochseeschiffe-trudy-und-helvetia-unter-neuer-flagge\\\/#primaryimage\"},\"image\":{\"@id\":\"https:\\\/\\\/www.organisator.ch\\\/it\\\/generale\\\/2021-02-01\\\/schweizer-hochseeschiffe-trudy-und-helvetia-unter-neuer-flagge\\\/#primaryimage\"},\"thumbnailUrl\":\"https:\\\/\\\/www.organisator.ch\\\/wp-content\\\/uploads\\\/2021\\\/02\\\/Schweizer-Hochseeschiffe-Trudy-und-Helvetia-unter-neuer-Flagge_Organisator.jpg\",\"datePublished\":\"2021-02-01T14:10:06+00:00\",\"description\":\"Die Hochseeschiffe der Schweizer Eidgenossenschaft, \u00abTrudy\u00bb und \u00abHelvetia\u00bb, wurden von der Briese Schiffahrt Gruppe zu rund CHF 15 Mio. \u00fcbernommen.\",\"breadcrumb\":{\"@id\":\"https:\\\/\\\/www.organisator.ch\\\/it\\\/generale\\\/2021-02-01\\\/schweizer-hochseeschiffe-trudy-und-helvetia-unter-neuer-flagge\\\/#breadcrumb\"},\"inLanguage\":\"fr-FR\",\"potentialAction\":[{\"@type\":\"ReadAction\",\"target\":[\"https:\\\/\\\/www.organisator.ch\\\/it\\\/generale\\\/2021-02-01\\\/schweizer-hochseeschiffe-trudy-und-helvetia-unter-neuer-flagge\\\/\"]}]},{\"@type\":\"ImageObject\",\"inLanguage\":\"fr-FR\",\"@id\":\"https:\\\/\\\/www.organisator.ch\\\/it\\\/generale\\\/2021-02-01\\\/schweizer-hochseeschiffe-trudy-und-helvetia-unter-neuer-flagge\\\/#primaryimage\",\"url\":\"https:\\\/\\\/www.organisator.ch\\\/wp-content\\\/uploads\\\/2021\\\/02\\\/Schweizer-Hochseeschiffe-Trudy-und-Helvetia-unter-neuer-Flagge_Organisator.jpg\",\"contentUrl\":\"https:\\\/\\\/www.organisator.ch\\\/wp-content\\\/uploads\\\/2021\\\/02\\\/Schweizer-Hochseeschiffe-Trudy-und-Helvetia-unter-neuer-Flagge_Organisator.jpg\",\"width\":680,\"height\":426,\"caption\":\"Die Schweizer Hochseeschiffe \u00abTrudy\u00bb und \u00abHelvetia\u00bb finden neue Schweizer Eigent\u00fcmer und sind nun mit neuem Namen und unter neuer Flagge unterwegs. Im Bild: \\\"BBC Rheiderland\\\". (Bild: Briese\"},{\"@type\":\"BreadcrumbList\",\"@id\":\"https:\\\/\\\/www.organisator.ch\\\/it\\\/generale\\\/2021-02-01\\\/schweizer-hochseeschiffe-trudy-und-helvetia-unter-neuer-flagge\\\/#breadcrumb\",\"itemListElement\":[{\"@type\":\"ListItem\",\"position\":1,\"name\":\"Home\",\"item\":\"https:\\\/\\\/www.organisator.ch\\\/\"},{\"@type\":\"ListItem\",\"position\":2,\"name\":\"Schweizer Hochseeschiffe \u00abTrudy\u00bb und \u00abHelvetia\u00bb unter neuer Flagge\"}]},{\"@type\":\"WebSite\",\"@id\":\"https:\\\/\\\/www.organisator.ch\\\/#website\",\"url\":\"https:\\\/\\\/www.organisator.ch\\\/\",\"name\":\"Organisator\",\"description\":\"Kompetent. Praxisnah. Der ORGANISATOR bereitet in 10 Ausgaben pro Jahr die wesentlichen Themen f\u00fcr F\u00fchrungskr\u00e4fte von KMU auf.\",\"publisher\":{\"@id\":\"https:\\\/\\\/www.organisator.ch\\\/#organization\"},\"potentialAction\":[{\"@type\":\"SearchAction\",\"target\":{\"@type\":\"EntryPoint\",\"urlTemplate\":\"https:\\\/\\\/www.organisator.ch\\\/?s={search_term_string}\"},\"query-input\":{\"@type\":\"PropertyValueSpecification\",\"valueRequired\":true,\"valueName\":\"search_term_string\"}}],\"inLanguage\":\"fr-FR\"},{\"@type\":\"Organization\",\"@id\":\"https:\\\/\\\/www.organisator.ch\\\/#organization\",\"name\":\"Organisator\",\"url\":\"https:\\\/\\\/www.organisator.ch\\\/\",\"logo\":{\"@type\":\"ImageObject\",\"inLanguage\":\"fr-FR\",\"@id\":\"https:\\\/\\\/www.organisator.ch\\\/#\\\/schema\\\/logo\\\/image\\\/\",\"url\":\"https:\\\/\\\/www.organisator.ch\\\/wp-content\\\/uploads\\\/2022\\\/01\\\/Logo_Organisator_Website.png\",\"contentUrl\":\"https:\\\/\\\/www.organisator.ch\\\/wp-content\\\/uploads\\\/2022\\\/01\\\/Logo_Organisator_Website.png\",\"width\":800,\"height\":77,\"caption\":\"Organisator\"},\"image\":{\"@id\":\"https:\\\/\\\/www.organisator.ch\\\/#\\\/schema\\\/logo\\\/image\\\/\"},\"sameAs\":[\"https:\\\/\\\/www.facebook.com\\\/OrganisatorFachmagazin\",\"https:\\\/\\\/www.linkedin.com\\\/showcase\\\/organisator-das-magazin-fr-kmu\",\"https:\\\/\\\/www.xing.com\\\/news\\\/pages\\\/organisator-ch-695\",\"https:\\\/\\\/www.youtube.com\\\/channel\\\/UCGP2Sq0iWaZwT3BdIAQFYpw\"]},{\"@type\":\"Person\",\"@id\":\"https:\\\/\\\/www.organisator.ch\\\/#\\\/schema\\\/person\\\/6f650f90b2842cd4c0cc334b4e36f67e\",\"name\":\"thomas.berner\",\"image\":{\"@type\":\"ImageObject\",\"inLanguage\":\"fr-FR\",\"@id\":\"https:\\\/\\\/secure.gravatar.com\\\/avatar\\\/ac5001d2a36cb6c6cd3e50789007ffca834b477b74a2144564522e944eabff61?s=96&d=mm&r=g\",\"url\":\"https:\\\/\\\/secure.gravatar.com\\\/avatar\\\/ac5001d2a36cb6c6cd3e50789007ffca834b477b74a2144564522e944eabff61?s=96&d=mm&r=g\",\"contentUrl\":\"https:\\\/\\\/secure.gravatar.com\\\/avatar\\\/ac5001d2a36cb6c6cd3e50789007ffca834b477b74a2144564522e944eabff61?s=96&d=mm&r=g\",\"caption\":\"thomas.berner\"},\"url\":\"https:\\\/\\\/www.organisator.ch\\\/fr\\\/author\\\/thomas-berner\\\/\"}]}<\/script>\n<!-- \/ Yoast SEO plugin. -->","yoast_head_json":{"title":"Les navires suisses de haute mer \"Trudy\" et \"Helvetia\" sous un nouveau pavillon - Organisateur","description":"Les navires de haute mer de la Conf\u00e9d\u00e9ration suisse, \"Trudy\" et \"Helvetia\", ont \u00e9t\u00e9 repris par le groupe Briese Schiffahrt pour environ 15 millions de CHF.","robots":{"index":"index","follow":"follow","max-snippet":"max-snippet:-1","max-image-preview":"max-image-preview:large","max-video-preview":"max-video-preview:-1"},"canonical":"https:\/\/www.organisator.ch\/fr\/general\/2021-02-01\/schweizer-hochseeschiffe-trudy-und-helvetia-unter-neuer-flagge\/","og_locale":"fr_FR","og_type":"article","og_title":"Schweizer Hochseeschiffe \u00abTrudy\u00bb und \u00abHelvetia\u00bb unter neuer Flagge","og_description":"Die Hochseeschiffe der Schweizer Eidgenossenschaft, \u00abTrudy\u00bb und \u00abHelvetia\u00bb, wurden von der Briese Schiffahrt Gruppe zu rund CHF 15 Mio. \u00fcbernommen.","og_url":"https:\/\/www.organisator.ch\/fr\/general\/2021-02-01\/schweizer-hochseeschiffe-trudy-und-helvetia-unter-neuer-flagge\/","og_site_name":"Organisator","article_publisher":"https:\/\/www.facebook.com\/OrganisatorFachmagazin","article_published_time":"2021-02-01T14:10:06+00:00","og_image":[{"width":680,"height":426,"url":"https:\/\/www.organisator.ch\/wp-content\/uploads\/2021\/02\/Schweizer-Hochseeschiffe-Trudy-und-Helvetia-unter-neuer-Flagge_Organisator.jpg","type":"image\/jpeg"}],"author":"thomas.berner","twitter_card":"summary_large_image","twitter_title":"Schweizer #Hochseeschiffe \u00abTrudy\u00bb und \u00abHelvetia\u00bb unter neuer Flagge","twitter_description":"Die #Hochseeschiffe der Schweizer #Eidgenossenschaft, \u00abTrudy\u00bb und \u00abHelvetia\u00bb, wurden von der #Briese Schiffahrt Gruppe zu rund CHF 15 Mio. \u00fcbernommen.","twitter_image":"https:\/\/www.organisator.ch\/wp-content\/uploads\/2021\/02\/Schweizer-Hochseeschiffe-Trudy-und-Helvetia-unter-neuer-Flagge_Organisator.jpg","schema":{"@context":"https:\/\/schema.org","@graph":[{"@type":"Article","@id":"https:\/\/www.organisator.ch\/it\/generale\/2021-02-01\/schweizer-hochseeschiffe-trudy-und-helvetia-unter-neuer-flagge\/#article","isPartOf":{"@id":"https:\/\/www.organisator.ch\/it\/generale\/2021-02-01\/schweizer-hochseeschiffe-trudy-und-helvetia-unter-neuer-flagge\/"},"author":{"name":"thomas.berner","@id":"https:\/\/www.organisator.ch\/#\/schema\/person\/6f650f90b2842cd4c0cc334b4e36f67e"},"headline":"Schweizer Hochseeschiffe \u00abTrudy\u00bb und \u00abHelvetia\u00bb unter neuer Flagge","datePublished":"2021-02-01T14:10:06+00:00","mainEntityOfPage":{"@id":"https:\/\/www.organisator.ch\/it\/generale\/2021-02-01\/schweizer-hochseeschiffe-trudy-und-helvetia-unter-neuer-flagge\/"},"wordCount":401,"publisher":{"@id":"https:\/\/www.organisator.ch\/#organization"},"image":{"@id":"https:\/\/www.organisator.ch\/it\/generale\/2021-02-01\/schweizer-hochseeschiffe-trudy-und-helvetia-unter-neuer-flagge\/#primaryimage"},"thumbnailUrl":"https:\/\/www.organisator.ch\/wp-content\/uploads\/2021\/02\/Schweizer-Hochseeschiffe-Trudy-und-Helvetia-unter-neuer-Flagge_Organisator.jpg","keywords":["Logistik","Unternehmen","Vermischtes"],"articleSection":["Allgemein"],"inLanguage":"fr-FR"},{"@type":"WebPage","@id":"https:\/\/www.organisator.ch\/it\/generale\/2021-02-01\/schweizer-hochseeschiffe-trudy-und-helvetia-unter-neuer-flagge\/","url":"https:\/\/www.organisator.ch\/it\/generale\/2021-02-01\/schweizer-hochseeschiffe-trudy-und-helvetia-unter-neuer-flagge\/","name":"Les navires suisses de haute mer \"Trudy\" et \"Helvetia\" sous un nouveau pavillon - Organisateur","isPartOf":{"@id":"https:\/\/www.organisator.ch\/#website"},"primaryImageOfPage":{"@id":"https:\/\/www.organisator.ch\/it\/generale\/2021-02-01\/schweizer-hochseeschiffe-trudy-und-helvetia-unter-neuer-flagge\/#primaryimage"},"image":{"@id":"https:\/\/www.organisator.ch\/it\/generale\/2021-02-01\/schweizer-hochseeschiffe-trudy-und-helvetia-unter-neuer-flagge\/#primaryimage"},"thumbnailUrl":"https:\/\/www.organisator.ch\/wp-content\/uploads\/2021\/02\/Schweizer-Hochseeschiffe-Trudy-und-Helvetia-unter-neuer-Flagge_Organisator.jpg","datePublished":"2021-02-01T14:10:06+00:00","description":"Les navires de haute mer de la Conf\u00e9d\u00e9ration suisse, \"Trudy\" et \"Helvetia\", ont \u00e9t\u00e9 repris par le groupe Briese Schiffahrt pour environ 15 millions de CHF.","breadcrumb":{"@id":"https:\/\/www.organisator.ch\/it\/generale\/2021-02-01\/schweizer-hochseeschiffe-trudy-und-helvetia-unter-neuer-flagge\/#breadcrumb"},"inLanguage":"fr-FR","potentialAction":[{"@type":"ReadAction","target":["https:\/\/www.organisator.ch\/it\/generale\/2021-02-01\/schweizer-hochseeschiffe-trudy-und-helvetia-unter-neuer-flagge\/"]}]},{"@type":"ImageObject","inLanguage":"fr-FR","@id":"https:\/\/www.organisator.ch\/it\/generale\/2021-02-01\/schweizer-hochseeschiffe-trudy-und-helvetia-unter-neuer-flagge\/#primaryimage","url":"https:\/\/www.organisator.ch\/wp-content\/uploads\/2021\/02\/Schweizer-Hochseeschiffe-Trudy-und-Helvetia-unter-neuer-Flagge_Organisator.jpg","contentUrl":"https:\/\/www.organisator.ch\/wp-content\/uploads\/2021\/02\/Schweizer-Hochseeschiffe-Trudy-und-Helvetia-unter-neuer-Flagge_Organisator.jpg","width":680,"height":426,"caption":"Die Schweizer Hochseeschiffe \u00abTrudy\u00bb und \u00abHelvetia\u00bb finden neue Schweizer Eigent\u00fcmer und sind nun mit neuem Namen und unter neuer Flagge unterwegs. Im Bild: \"BBC Rheiderland\". (Bild: Briese"},{"@type":"BreadcrumbList","@id":"https:\/\/www.organisator.ch\/it\/generale\/2021-02-01\/schweizer-hochseeschiffe-trudy-und-helvetia-unter-neuer-flagge\/#breadcrumb","itemListElement":[{"@type":"ListItem","position":1,"name":"Home","item":"https:\/\/www.organisator.ch\/"},{"@type":"ListItem","position":2,"name":"Schweizer Hochseeschiffe \u00abTrudy\u00bb und \u00abHelvetia\u00bb unter neuer Flagge"}]},{"@type":"WebSite","@id":"https:\/\/www.organisator.ch\/#website","url":"https:\/\/www.organisator.ch\/","name":"Organisateur","description":"Comp\u00e9tence et comp\u00e9tence. Proches de la pratique. L'ORGANISATEUR pr\u00e9pare 10 num\u00e9ros par an sur les th\u00e8mes essentiels pour les dirigeants de PME.","publisher":{"@id":"https:\/\/www.organisator.ch\/#organization"},"potentialAction":[{"@type":"SearchAction","target":{"@type":"EntryPoint","urlTemplate":"https:\/\/www.organisator.ch\/?s={search_term_string}"},"query-input":{"@type":"PropertyValueSpecification","valueRequired":true,"valueName":"search_term_string"}}],"inLanguage":"fr-FR"},{"@type":"Organization","@id":"https:\/\/www.organisator.ch\/#organization","name":"Organisateur","url":"https:\/\/www.organisator.ch\/","logo":{"@type":"ImageObject","inLanguage":"fr-FR","@id":"https:\/\/www.organisator.ch\/#\/schema\/logo\/image\/","url":"https:\/\/www.organisator.ch\/wp-content\/uploads\/2022\/01\/Logo_Organisator_Website.png","contentUrl":"https:\/\/www.organisator.ch\/wp-content\/uploads\/2022\/01\/Logo_Organisator_Website.png","width":800,"height":77,"caption":"Organisator"},"image":{"@id":"https:\/\/www.organisator.ch\/#\/schema\/logo\/image\/"},"sameAs":["https:\/\/www.facebook.com\/OrganisatorFachmagazin","https:\/\/www.linkedin.com\/showcase\/organisator-das-magazin-fr-kmu","https:\/\/www.xing.com\/news\/pages\/organisator-ch-695","https:\/\/www.youtube.com\/channel\/UCGP2Sq0iWaZwT3BdIAQFYpw"]},{"@type":"Person","@id":"https:\/\/www.organisator.ch\/#\/schema\/person\/6f650f90b2842cd4c0cc334b4e36f67e","name":"thomas.berner","image":{"@type":"ImageObject","inLanguage":"fr-FR","@id":"https:\/\/secure.gravatar.com\/avatar\/ac5001d2a36cb6c6cd3e50789007ffca834b477b74a2144564522e944eabff61?s=96&d=mm&r=g","url":"https:\/\/secure.gravatar.com\/avatar\/ac5001d2a36cb6c6cd3e50789007ffca834b477b74a2144564522e944eabff61?s=96&d=mm&r=g","contentUrl":"https:\/\/secure.gravatar.com\/avatar\/ac5001d2a36cb6c6cd3e50789007ffca834b477b74a2144564522e944eabff61?s=96&d=mm&r=g","caption":"thomas.berner"},"url":"https:\/\/www.organisator.ch\/fr\/author\/thomas-berner\/"}]}},"_links":{"self":[{"href":"https:\/\/www.organisator.ch\/fr\/wp-json\/wp\/v2\/posts\/7592","targetHints":{"allow":["GET"]}}],"collection":[{"href":"https:\/\/www.organisator.ch\/fr\/wp-json\/wp\/v2\/posts"}],"about":[{"href":"https:\/\/www.organisator.ch\/fr\/wp-json\/wp\/v2\/types\/post"}],"author":[{"embeddable":true,"href":"https:\/\/www.organisator.ch\/fr\/wp-json\/wp\/v2\/users\/4"}],"replies":[{"embeddable":true,"href":"https:\/\/www.organisator.ch\/fr\/wp-json\/wp\/v2\/comments?post=7592"}],"version-history":[{"count":0,"href":"https:\/\/www.organisator.ch\/fr\/wp-json\/wp\/v2\/posts\/7592\/revisions"}],"wp:featuredmedia":[{"embeddable":true,"href":"https:\/\/www.organisator.ch\/fr\/wp-json\/wp\/v2\/media\/7593"}],"wp:attachment":[{"href":"https:\/\/www.organisator.ch\/fr\/wp-json\/wp\/v2\/media?parent=7592"}],"wp:term":[{"taxonomy":"category","embeddable":true,"href":"https:\/\/www.organisator.ch\/fr\/wp-json\/wp\/v2\/categories?post=7592"},{"taxonomy":"post_tag","embeddable":true,"href":"https:\/\/www.organisator.ch\/fr\/wp-json\/wp\/v2\/tags?post=7592"}],"curies":[{"name":"wp","href":"https:\/\/api.w.org\/{rel}","templated":true}]}}