{"id":7603,"date":"2021-02-03T09:58:12","date_gmt":"2021-02-03T08:58:12","guid":{"rendered":"https:\/\/www.organisator.ch\/?p=7603"},"modified":"2021-02-03T09:58:12","modified_gmt":"2021-02-03T08:58:12","slug":"das-new-normal-in-familienunternehmen-teil-2-krise-als-chance","status":"publish","type":"post","link":"https:\/\/www.organisator.ch\/fr\/management\/2021-02-03\/das-new-normal-in-familienunternehmen-teil-2-krise-als-chance\/","title":{"rendered":"La \"nouvelle norme\" dans les entreprises familiales, partie 2 : la crise comme opportunit\u00e9"},"content":{"rendered":"<figure id=\"attachment_7605\" aria-describedby=\"caption-attachment-7605\" style=\"width: 680px\" class=\"wp-caption alignnone\"><img loading=\"lazy\" decoding=\"async\" class=\"size-medium wp-image-7605\" src=\"https:\/\/www.organisator.ch\/wp-content\/uploads\/2021\/02\/Das-New-Normal-in-Familienunternehmen-Teil-2-Krise-als-Chance_Organisator.jpg\" alt=\"\" width=\"680\" height=\"235\" srcset=\"https:\/\/www.organisator.ch\/wp-content\/uploads\/2021\/02\/Das-New-Normal-in-Familienunternehmen-Teil-2-Krise-als-Chance_Organisator.jpg 680w, https:\/\/www.organisator.ch\/wp-content\/uploads\/2021\/02\/Das-New-Normal-in-Familienunternehmen-Teil-2-Krise-als-Chance_Organisator-16x6.jpg 16w, https:\/\/www.organisator.ch\/wp-content\/uploads\/2021\/02\/Das-New-Normal-in-Familienunternehmen-Teil-2-Krise-als-Chance_Organisator-375x130.jpg 375w, https:\/\/www.organisator.ch\/wp-content\/uploads\/2021\/02\/Das-New-Normal-in-Familienunternehmen-Teil-2-Krise-als-Chance_Organisator-300x104.jpg 300w\" sizes=\"auto, (max-width: 680px) 100vw, 680px\" \/><figcaption id=\"caption-attachment-7605\" class=\"wp-caption-text\">Pas de voie \u00e0 sens unique : utiliser la crise comme une opportunit\u00e9 ouvre de nouvelles voies. (Image : Pixabay.com)<\/figcaption><\/figure>\n<p>En avril 2020, nous avons \u00e9t\u00e9 positivement surpris par le consensus qui s'est d\u00e9gag\u00e9 d\u00e8s le d\u00e9part au sein de la famille et parmi les associ\u00e9s : Covid-19 n'est pas un Armageddon pour notre entreprise et donc pour notre patrimoine familial entrepreneurial. Cette attitude positive nous a permis d'apprendre plus facilement des autres entreprises familiales.<\/p>\n<h2><strong>La crise, une opportunit\u00e9 \u00e0 saisir<\/strong><\/h2>\n<p>Nous avons examin\u00e9 de pr\u00e8s les mesures op\u00e9rationnelles de lutte contre les crises et de pr\u00e9vention des crises, comme par exemple le passage aux respirateurs chez Viessmann, un fabricant de chauffage riche en traditions. Ici, on pouvait clairement lire la signature de la g\u00e9n\u00e9ration qui a repris le flambeau. De nombreux membres de la Next-Generation ont pu utiliser la crise comme une opportunit\u00e9 d'assumer davantage de responsabilit\u00e9s entrepreneuriales.<\/p>\n<p>En ce qui concerne les strat\u00e9gies de crise \u00e0 long terme, nous avons regard\u00e9 les entreprises familiales qui, au cours de leur longue histoire, ont d\u00fb surmonter plusieurs fois des crises mondiales tout en saisissant des opportunit\u00e9s entrepreneuriales. Cultiver cette attitude optimiste et cette conviction reste l'une de nos principales t\u00e2ches de direction au sein du cercle des associ\u00e9s, du conseil de surveillance et du directoire.<\/p>\n<p>Nous avons appris que plus l'\u00e9quipe partage nos valeurs et nos convictions, plus les p\u00e9riodes difficiles sont faciles et faciles \u00e0 surmonter. C'est dans cette direction que s'est d\u00e9plac\u00e9e notre image de direction : Nous sommes pass\u00e9s d'un timonier stationnaire sur place \u00e0 un \"Jedi\" flexible qui s'engage de mani\u00e8re positive pour notre culture d'entreprise, m\u00eame dans le cadre d'une collaboration virtuelle.<\/p>\n<h2><strong>Ratio de fonds propres et responsabilit\u00e9<\/strong><\/h2>\n<p>Notre ratio de fonds propres, que notre banque habituelle nous avait toujours reproch\u00e9 d'\u00eatre \"beaucoup trop \u00e9lev\u00e9\" pendant de nombreuses ann\u00e9es, nous a permis l'ann\u00e9e derni\u00e8re, pr\u00e9cis\u00e9ment aupr\u00e8s de cette banque, de ren\u00e9gocier plus facilement nos besoins financiers et de liquidit\u00e9s \u00e0 de bonnes conditions. Cela nous a \u00e9galement confort\u00e9s dans notre volont\u00e9 de toujours suivre notre propre voie. Au final, personne d'autre que nous ne peut dire ce qui est bon pour nous et notre entreprise. Et nous assumons volontiers cette responsabilit\u00e9. Lors de l'AG de l'\u00e9t\u00e9 2020, nous avons approuv\u00e9 \u00e0 l'unanimit\u00e9, en tant qu'associ\u00e9s, une renonciation \u00e0 la distribution de dividendes pour les sept prochaines ann\u00e9es, accord\u00e9 un pr\u00eat important aux associ\u00e9s et \"gel\u00e9\" les comptes des associ\u00e9s pour les trois prochaines ann\u00e9es.<\/p>\n<p>Je n'ai pas \u00e9t\u00e9 le seul \u00e0 \u00eatre surpris que, face \u00e0 la pand\u00e9mie, un dialogue constructif sur les avantages et les inconv\u00e9nients d'une participation ext\u00e9rieure au capital soit devenu possible. Aujourd'hui, nous discutons beaucoup plus ouvertement qu'auparavant des mod\u00e8les de participation avec d'autres familles d'entrepreneurs. Il est tr\u00e8s r\u00e9jouissant de constater qu'en tant qu'associ\u00e9s, nous nous rapprochons ainsi de notre objectif, qui est de pouvoir retirer davantage de patrimoine du risque entrepreneurial tout en contribuant activement au d\u00e9veloppement positif de notre entreprise familiale.<\/p>\n<h2><strong>Professionnalisme financier<\/strong><\/h2>\n<p>La capacit\u00e9 de risque financi\u00e8re et les chiffres cl\u00e9s qui y sont li\u00e9s ont aujourd'hui une toute nouvelle pertinence et qualit\u00e9 pour les associ\u00e9s, la surveillance de l'entreprise et le conseil d'administration. Nous voyons \u00e9galement dans le professionnalisme financier l'un des principaux avantages d'une participation externe. Cet accroissement des connaissances renforcerait, entre autres, par une meilleure gestion des liquidit\u00e9s et des flux de tr\u00e9sorerie, un point tout \u00e0 fait critique de la capacit\u00e9 de survie de notre entreprise familiale - une id\u00e9e impensable avant la crise.<\/p>\n<p>R\u00e9trospectivement, nous avons beaucoup profit\u00e9 de notre r\u00e9glementation dans la constitution familiale pour la gestion de la crise, car en tant qu'associ\u00e9s, nous \u00e9tions d\u00e9j\u00e0 relativement ind\u00e9pendants du patrimoine familial \"fiduciaire\" pour la constitution de notre patrimoine.<\/p>\n<p><em>Cliquez ici pour <a href=\"https:\/\/www.organisator.ch\/virtual-reality-ist-salonfaehig-und-durchdringt-alles-new-normal-in-familienunternehmen-in-2022\/\">1\u00e8re partie<\/a><\/em><\/p>\n<p><a href=\"https:\/\/www.organisator.ch\/das-new-normal-in-familienunternehmen-teil-3-paradigmenwechsel\/\"><em>Cliquez ici pour acc\u00e9der \u00e0 la partie 3<\/em><\/a><\/p>\n<p><a href=\"https:\/\/www.organisator.ch\/das-new-normal-in-familienunternehmen-teil-4-widerstandsfaehigkeit\/\"><em>Cliquez ici pour acc\u00e9der \u00e0 la partie 4<\/em><\/a><\/p>\n<p><a href=\"https:\/\/www.organisator.ch\/das-new-normal-in-familienunternehmen-teil-5-drive-und-spirit\/\"><em>Cliquez ici pour acc\u00e9der \u00e0 la partie 5<\/em><\/a><\/p>\n<p><strong><em>Auteurs :<\/em><\/strong><\/p>\n<p><strong><img loading=\"lazy\" decoding=\"async\" class=\"alignnone size-full wp-image-7562\" src=\"https:\/\/www.organisator.ch\/wp-content\/uploads\/2021\/01\/Christian-Schiede_Organisator.jpg\" alt=\"\" width=\"340\" height=\"421\" srcset=\"https:\/\/www.organisator.ch\/wp-content\/uploads\/2021\/01\/Christian-Schiede_Organisator.jpg 340w, https:\/\/www.organisator.ch\/wp-content\/uploads\/2021\/01\/Christian-Schiede_Organisator-10x12.jpg 10w, https:\/\/www.organisator.ch\/wp-content\/uploads\/2021\/01\/Christian-Schiede_Organisator-141x175.jpg 141w, https:\/\/www.organisator.ch\/wp-content\/uploads\/2021\/01\/Christian-Schiede_Organisator-283x350.jpg 283w, https:\/\/www.organisator.ch\/wp-content\/uploads\/2021\/01\/Christian-Schiede_Organisator-300x371.jpg 300w\" sizes=\"auto, (max-width: 340px) 100vw, 340px\" \/><\/strong><\/p>\n<p><em><strong>Christian Schiede\u00a0<\/strong>conseille et accompagne depuis 2003 les familles d'entrepreneurs et les entreprises familiales afin de renforcer la coh\u00e9sion, d'augmenter la comp\u00e9titivit\u00e9 et de garantir les valeurs. Contact :\u00a0<a href=\"http:\/\/www.schiede.com\/\">www.schiede.com<\/a>;\u00a0<a href=\"mailto:schiede@shpadvisors.com\">schiede@shpadvisors.com<\/a><\/em><\/p>\n<p><img loading=\"lazy\" decoding=\"async\" class=\"alignnone size-full wp-image-7564\" src=\"https:\/\/www.organisator.ch\/wp-content\/uploads\/2021\/01\/Bastian-Schneider_Organisator.jpg\" sizes=\"auto, (max-width: 340px) 100vw, 340px\" srcset=\"https:\/\/www.organisator.ch\/wp-content\/uploads\/2021\/01\/Bastian-Schneider_Organisator.jpg 340w, https:\/\/www.organisator.ch\/wp-content\/uploads\/2021\/01\/Bastian-Schneider_Organisator.jpg 220w\" alt=\"\" width=\"340\" height=\"340\" \/><\/p>\n<p><em><strong>Bastian Schneider\u00a0<\/strong>aide depuis 2000 les entrepreneurs et les \u00e9quipes de direction \u00e0 renforcer leurs marques de l'int\u00e9rieur et, dans cette perspective, \u00e0 conduire leurs organisations et leurs entreprises vers l'avenir. Dans plus de 30 secteurs. En Allemagne, en Autriche et en Suisse. Contact :\u00a0<a href=\"http:\/\/www.brandleadership.ch\/\">www.brandleadership.ch<\/a>;\u00a0<a href=\"mailto:bastian.schneider@brandleadership.ch\">bastian.schneider@brandleadership.ch<\/a><\/em><\/p>","protected":false},"excerpt":{"rendered":"<p>Wir waren im April 2020 positiv \u00fcberrascht, dass wir als Familie und unter den Gesellschaftern von Anfang Konsens hatten: Covid-19 ist kein Armageddon f\u00fcr unser Unternehmen und damit auch nicht f\u00fcr unser unternehmerisches Familienverm\u00f6gen. Diese positive Grundhaltung hat es uns erleichtert, von anderen Familienunternehmen zu lernen. Krise als Chance genutzt Wir haben uns operative Ma\u00dfnahmen [&hellip;]<\/p>\n","protected":false},"author":4,"featured_media":7605,"comment_status":"closed","ping_status":"closed","sticky":false,"template":"","format":"standard","meta":{"_acf_changed":false,"_yoast_wpseo_focuskw":"Krise als Chance","_yoast_wpseo_metadesc":"Krise als Chance nutzen: Verm\u00f6genssicherung und Wertentwicklung unter g\u00e4nzlich neuen Pr\u00e4missen. Teil 2 von \"New Normal\" in Familienunternehmen.","articlekey":"","footnotes":""},"categories":[28],"tags":[132,315,335],"class_list":["post-7603","post","type-post","status-publish","format-standard","has-post-thumbnail","hentry","category-management","tag-coronavirus","tag-krisenmanagement","tag-management-und-unternehmensfuehrung"],"acf":[],"yoast_head":"<!-- This site is optimized with the Yoast SEO plugin v27.4 - https:\/\/yoast.com\/product\/yoast-seo-wordpress\/ -->\n<title>Das \u00abNew Normal\u00bb in Familienunternehmen, Teil 2: Krise als Chance - Organisator<\/title>\n<meta name=\"description\" content=\"Krise als Chance nutzen: Verm\u00f6genssicherung und Wertentwicklung unter g\u00e4nzlich neuen Pr\u00e4missen. Teil 2 von &quot;New Normal&quot; in Familienunternehmen.\" \/>\n<meta name=\"robots\" content=\"index, follow, max-snippet:-1, max-image-preview:large, max-video-preview:-1\" \/>\n<link rel=\"canonical\" href=\"https:\/\/www.organisator.ch\/fr\/gestion-2\/2021-02-03\/das-new-normal-in-familienunternehmen-teil-2-krise-als-chance\/\" \/>\n<meta property=\"og:locale\" content=\"fr_FR\" \/>\n<meta property=\"og:type\" content=\"article\" \/>\n<meta property=\"og:title\" content=\"Das \u00abNew Normal\u00bb in Familienunternehmen, Teil 2: Krise als Chance\" \/>\n<meta property=\"og:description\" content=\"Krise als Chance nutzen: Verm\u00f6genssicherung und Wertentwicklung unter g\u00e4nzlich neuen Pr\u00e4missen. Teil 2 von &quot;New Normal&quot; in Familienunternehmen.\" \/>\n<meta property=\"og:url\" content=\"https:\/\/www.organisator.ch\/fr\/gestion-2\/2021-02-03\/das-new-normal-in-familienunternehmen-teil-2-krise-als-chance\/\" \/>\n<meta property=\"og:site_name\" content=\"Organisator\" \/>\n<meta property=\"article:publisher\" content=\"https:\/\/www.facebook.com\/OrganisatorFachmagazin\" \/>\n<meta property=\"article:published_time\" content=\"2021-02-03T08:58:12+00:00\" \/>\n<meta property=\"og:image\" content=\"https:\/\/www.organisator.ch\/wp-content\/uploads\/2021\/02\/Das-New-Normal-in-Familienunternehmen-Teil-2-Krise-als-Chance_Organisator.jpg\" \/>\n\t<meta property=\"og:image:width\" content=\"680\" \/>\n\t<meta property=\"og:image:height\" content=\"235\" \/>\n\t<meta property=\"og:image:type\" content=\"image\/jpeg\" \/>\n<meta name=\"author\" content=\"thomas.berner\" \/>\n<meta name=\"twitter:card\" content=\"summary_large_image\" \/>\n<meta name=\"twitter:title\" content=\"Das \u00abNew Normal\u00bb in #Familienunternehmen, Teil 2: #KrisealsChance\" \/>\n<meta name=\"twitter:description\" content=\"#KrisealsChance nutzen: #Verm\u00f6genssicherung und #Wertentwicklung unter g\u00e4nzlich neuen Pr\u00e4missen. Teil 2 von &quot;New Normal&quot; in #Familienunternehmen.\" \/>\n<meta name=\"twitter:image\" content=\"https:\/\/www.organisator.ch\/wp-content\/uploads\/2021\/02\/Das-New-Normal-in-Familienunternehmen-Teil-2-Krise-als-Chance_Organisator.jpg\" \/>\n<script type=\"application\/ld+json\" class=\"yoast-schema-graph\">{\"@context\":\"https:\\\/\\\/schema.org\",\"@graph\":[{\"@type\":\"Article\",\"@id\":\"https:\\\/\\\/www.organisator.ch\\\/management\\\/2021-02-03\\\/das-new-normal-in-familienunternehmen-teil-2-krise-als-chance\\\/#article\",\"isPartOf\":{\"@id\":\"https:\\\/\\\/www.organisator.ch\\\/management\\\/2021-02-03\\\/das-new-normal-in-familienunternehmen-teil-2-krise-als-chance\\\/\"},\"author\":{\"name\":\"thomas.berner\",\"@id\":\"https:\\\/\\\/www.organisator.ch\\\/#\\\/schema\\\/person\\\/6f650f90b2842cd4c0cc334b4e36f67e\"},\"headline\":\"Das \u00abNew Normal\u00bb in Familienunternehmen, Teil 2: Krise als Chance\",\"datePublished\":\"2021-02-03T08:58:12+00:00\",\"mainEntityOfPage\":{\"@id\":\"https:\\\/\\\/www.organisator.ch\\\/management\\\/2021-02-03\\\/das-new-normal-in-familienunternehmen-teil-2-krise-als-chance\\\/\"},\"wordCount\":649,\"publisher\":{\"@id\":\"https:\\\/\\\/www.organisator.ch\\\/#organization\"},\"image\":{\"@id\":\"https:\\\/\\\/www.organisator.ch\\\/management\\\/2021-02-03\\\/das-new-normal-in-familienunternehmen-teil-2-krise-als-chance\\\/#primaryimage\"},\"thumbnailUrl\":\"https:\\\/\\\/www.organisator.ch\\\/wp-content\\\/uploads\\\/2021\\\/02\\\/Das-New-Normal-in-Familienunternehmen-Teil-2-Krise-als-Chance_Organisator.jpg\",\"keywords\":[\"Coronavirus\",\"Krisenmanagement\",\"Management und Unternehmensf\u00fchrung\"],\"articleSection\":[\"MANAGEMENT\"],\"inLanguage\":\"fr-FR\"},{\"@type\":\"WebPage\",\"@id\":\"https:\\\/\\\/www.organisator.ch\\\/management\\\/2021-02-03\\\/das-new-normal-in-familienunternehmen-teil-2-krise-als-chance\\\/\",\"url\":\"https:\\\/\\\/www.organisator.ch\\\/management\\\/2021-02-03\\\/das-new-normal-in-familienunternehmen-teil-2-krise-als-chance\\\/\",\"name\":\"Das \u00abNew Normal\u00bb in Familienunternehmen, Teil 2: Krise als Chance - Organisator\",\"isPartOf\":{\"@id\":\"https:\\\/\\\/www.organisator.ch\\\/#website\"},\"primaryImageOfPage\":{\"@id\":\"https:\\\/\\\/www.organisator.ch\\\/management\\\/2021-02-03\\\/das-new-normal-in-familienunternehmen-teil-2-krise-als-chance\\\/#primaryimage\"},\"image\":{\"@id\":\"https:\\\/\\\/www.organisator.ch\\\/management\\\/2021-02-03\\\/das-new-normal-in-familienunternehmen-teil-2-krise-als-chance\\\/#primaryimage\"},\"thumbnailUrl\":\"https:\\\/\\\/www.organisator.ch\\\/wp-content\\\/uploads\\\/2021\\\/02\\\/Das-New-Normal-in-Familienunternehmen-Teil-2-Krise-als-Chance_Organisator.jpg\",\"datePublished\":\"2021-02-03T08:58:12+00:00\",\"description\":\"Krise als Chance nutzen: Verm\u00f6genssicherung und Wertentwicklung unter g\u00e4nzlich neuen Pr\u00e4missen. Teil 2 von \\\"New Normal\\\" in Familienunternehmen.\",\"breadcrumb\":{\"@id\":\"https:\\\/\\\/www.organisator.ch\\\/management\\\/2021-02-03\\\/das-new-normal-in-familienunternehmen-teil-2-krise-als-chance\\\/#breadcrumb\"},\"inLanguage\":\"fr-FR\",\"potentialAction\":[{\"@type\":\"ReadAction\",\"target\":[\"https:\\\/\\\/www.organisator.ch\\\/management\\\/2021-02-03\\\/das-new-normal-in-familienunternehmen-teil-2-krise-als-chance\\\/\"]}]},{\"@type\":\"ImageObject\",\"inLanguage\":\"fr-FR\",\"@id\":\"https:\\\/\\\/www.organisator.ch\\\/management\\\/2021-02-03\\\/das-new-normal-in-familienunternehmen-teil-2-krise-als-chance\\\/#primaryimage\",\"url\":\"https:\\\/\\\/www.organisator.ch\\\/wp-content\\\/uploads\\\/2021\\\/02\\\/Das-New-Normal-in-Familienunternehmen-Teil-2-Krise-als-Chance_Organisator.jpg\",\"contentUrl\":\"https:\\\/\\\/www.organisator.ch\\\/wp-content\\\/uploads\\\/2021\\\/02\\\/Das-New-Normal-in-Familienunternehmen-Teil-2-Krise-als-Chance_Organisator.jpg\",\"width\":680,\"height\":235,\"caption\":\"Keine Einbahnstrasse: Die Krise als Chance nutzen er\u00f6ffnet neue Wege. (Bild: Pixabay.com)\"},{\"@type\":\"BreadcrumbList\",\"@id\":\"https:\\\/\\\/www.organisator.ch\\\/management\\\/2021-02-03\\\/das-new-normal-in-familienunternehmen-teil-2-krise-als-chance\\\/#breadcrumb\",\"itemListElement\":[{\"@type\":\"ListItem\",\"position\":1,\"name\":\"Home\",\"item\":\"https:\\\/\\\/www.organisator.ch\\\/\"},{\"@type\":\"ListItem\",\"position\":2,\"name\":\"Das \u00abNew Normal\u00bb in Familienunternehmen, Teil 2: Krise als Chance\"}]},{\"@type\":\"WebSite\",\"@id\":\"https:\\\/\\\/www.organisator.ch\\\/#website\",\"url\":\"https:\\\/\\\/www.organisator.ch\\\/\",\"name\":\"Organisator\",\"description\":\"Kompetent. Praxisnah. Der ORGANISATOR bereitet in 10 Ausgaben pro Jahr die wesentlichen Themen f\u00fcr F\u00fchrungskr\u00e4fte von KMU auf.\",\"publisher\":{\"@id\":\"https:\\\/\\\/www.organisator.ch\\\/#organization\"},\"potentialAction\":[{\"@type\":\"SearchAction\",\"target\":{\"@type\":\"EntryPoint\",\"urlTemplate\":\"https:\\\/\\\/www.organisator.ch\\\/?s={search_term_string}\"},\"query-input\":{\"@type\":\"PropertyValueSpecification\",\"valueRequired\":true,\"valueName\":\"search_term_string\"}}],\"inLanguage\":\"fr-FR\"},{\"@type\":\"Organization\",\"@id\":\"https:\\\/\\\/www.organisator.ch\\\/#organization\",\"name\":\"Organisator\",\"url\":\"https:\\\/\\\/www.organisator.ch\\\/\",\"logo\":{\"@type\":\"ImageObject\",\"inLanguage\":\"fr-FR\",\"@id\":\"https:\\\/\\\/www.organisator.ch\\\/#\\\/schema\\\/logo\\\/image\\\/\",\"url\":\"https:\\\/\\\/www.organisator.ch\\\/wp-content\\\/uploads\\\/2022\\\/01\\\/Logo_Organisator_Website.png\",\"contentUrl\":\"https:\\\/\\\/www.organisator.ch\\\/wp-content\\\/uploads\\\/2022\\\/01\\\/Logo_Organisator_Website.png\",\"width\":800,\"height\":77,\"caption\":\"Organisator\"},\"image\":{\"@id\":\"https:\\\/\\\/www.organisator.ch\\\/#\\\/schema\\\/logo\\\/image\\\/\"},\"sameAs\":[\"https:\\\/\\\/www.facebook.com\\\/OrganisatorFachmagazin\",\"https:\\\/\\\/www.linkedin.com\\\/showcase\\\/organisator-das-magazin-fr-kmu\",\"https:\\\/\\\/www.xing.com\\\/news\\\/pages\\\/organisator-ch-695\",\"https:\\\/\\\/www.youtube.com\\\/channel\\\/UCGP2Sq0iWaZwT3BdIAQFYpw\"]},{\"@type\":\"Person\",\"@id\":\"https:\\\/\\\/www.organisator.ch\\\/#\\\/schema\\\/person\\\/6f650f90b2842cd4c0cc334b4e36f67e\",\"name\":\"thomas.berner\",\"image\":{\"@type\":\"ImageObject\",\"inLanguage\":\"fr-FR\",\"@id\":\"https:\\\/\\\/secure.gravatar.com\\\/avatar\\\/ac5001d2a36cb6c6cd3e50789007ffca834b477b74a2144564522e944eabff61?s=96&d=mm&r=g\",\"url\":\"https:\\\/\\\/secure.gravatar.com\\\/avatar\\\/ac5001d2a36cb6c6cd3e50789007ffca834b477b74a2144564522e944eabff61?s=96&d=mm&r=g\",\"contentUrl\":\"https:\\\/\\\/secure.gravatar.com\\\/avatar\\\/ac5001d2a36cb6c6cd3e50789007ffca834b477b74a2144564522e944eabff61?s=96&d=mm&r=g\",\"caption\":\"thomas.berner\"},\"url\":\"https:\\\/\\\/www.organisator.ch\\\/fr\\\/author\\\/thomas-berner\\\/\"}]}<\/script>\n<!-- \/ Yoast SEO plugin. -->","yoast_head_json":{"title":"La \"nouvelle norme\" dans les entreprises familiales, partie 2 : la crise comme opportunit\u00e9 - Organisateur","description":"Utiliser la crise comme une opportunit\u00e9 : Pr\u00e9servation du patrimoine et d\u00e9veloppement de la valeur dans des conditions enti\u00e8rement nouvelles. Deuxi\u00e8me partie de \"New Normal\" dans les entreprises familiales.","robots":{"index":"index","follow":"follow","max-snippet":"max-snippet:-1","max-image-preview":"max-image-preview:large","max-video-preview":"max-video-preview:-1"},"canonical":"https:\/\/www.organisator.ch\/fr\/gestion-2\/2021-02-03\/das-new-normal-in-familienunternehmen-teil-2-krise-als-chance\/","og_locale":"fr_FR","og_type":"article","og_title":"Das \u00abNew Normal\u00bb in Familienunternehmen, Teil 2: Krise als Chance","og_description":"Krise als Chance nutzen: Verm\u00f6genssicherung und Wertentwicklung unter g\u00e4nzlich neuen Pr\u00e4missen. Teil 2 von \"New Normal\" in Familienunternehmen.","og_url":"https:\/\/www.organisator.ch\/fr\/gestion-2\/2021-02-03\/das-new-normal-in-familienunternehmen-teil-2-krise-als-chance\/","og_site_name":"Organisator","article_publisher":"https:\/\/www.facebook.com\/OrganisatorFachmagazin","article_published_time":"2021-02-03T08:58:12+00:00","og_image":[{"width":680,"height":235,"url":"https:\/\/www.organisator.ch\/wp-content\/uploads\/2021\/02\/Das-New-Normal-in-Familienunternehmen-Teil-2-Krise-als-Chance_Organisator.jpg","type":"image\/jpeg"}],"author":"thomas.berner","twitter_card":"summary_large_image","twitter_title":"Das \u00abNew Normal\u00bb in #Familienunternehmen, Teil 2: #KrisealsChance","twitter_description":"#KrisealsChance nutzen: #Verm\u00f6genssicherung und #Wertentwicklung unter g\u00e4nzlich neuen Pr\u00e4missen. Teil 2 von \"New Normal\" in #Familienunternehmen.","twitter_image":"https:\/\/www.organisator.ch\/wp-content\/uploads\/2021\/02\/Das-New-Normal-in-Familienunternehmen-Teil-2-Krise-als-Chance_Organisator.jpg","schema":{"@context":"https:\/\/schema.org","@graph":[{"@type":"Article","@id":"https:\/\/www.organisator.ch\/management\/2021-02-03\/das-new-normal-in-familienunternehmen-teil-2-krise-als-chance\/#article","isPartOf":{"@id":"https:\/\/www.organisator.ch\/management\/2021-02-03\/das-new-normal-in-familienunternehmen-teil-2-krise-als-chance\/"},"author":{"name":"thomas.berner","@id":"https:\/\/www.organisator.ch\/#\/schema\/person\/6f650f90b2842cd4c0cc334b4e36f67e"},"headline":"Das \u00abNew Normal\u00bb in Familienunternehmen, Teil 2: Krise als Chance","datePublished":"2021-02-03T08:58:12+00:00","mainEntityOfPage":{"@id":"https:\/\/www.organisator.ch\/management\/2021-02-03\/das-new-normal-in-familienunternehmen-teil-2-krise-als-chance\/"},"wordCount":649,"publisher":{"@id":"https:\/\/www.organisator.ch\/#organization"},"image":{"@id":"https:\/\/www.organisator.ch\/management\/2021-02-03\/das-new-normal-in-familienunternehmen-teil-2-krise-als-chance\/#primaryimage"},"thumbnailUrl":"https:\/\/www.organisator.ch\/wp-content\/uploads\/2021\/02\/Das-New-Normal-in-Familienunternehmen-Teil-2-Krise-als-Chance_Organisator.jpg","keywords":["Coronavirus","Krisenmanagement","Management und Unternehmensf\u00fchrung"],"articleSection":["MANAGEMENT"],"inLanguage":"fr-FR"},{"@type":"WebPage","@id":"https:\/\/www.organisator.ch\/management\/2021-02-03\/das-new-normal-in-familienunternehmen-teil-2-krise-als-chance\/","url":"https:\/\/www.organisator.ch\/management\/2021-02-03\/das-new-normal-in-familienunternehmen-teil-2-krise-als-chance\/","name":"La \"nouvelle norme\" dans les entreprises familiales, partie 2 : la crise comme opportunit\u00e9 - Organisateur","isPartOf":{"@id":"https:\/\/www.organisator.ch\/#website"},"primaryImageOfPage":{"@id":"https:\/\/www.organisator.ch\/management\/2021-02-03\/das-new-normal-in-familienunternehmen-teil-2-krise-als-chance\/#primaryimage"},"image":{"@id":"https:\/\/www.organisator.ch\/management\/2021-02-03\/das-new-normal-in-familienunternehmen-teil-2-krise-als-chance\/#primaryimage"},"thumbnailUrl":"https:\/\/www.organisator.ch\/wp-content\/uploads\/2021\/02\/Das-New-Normal-in-Familienunternehmen-Teil-2-Krise-als-Chance_Organisator.jpg","datePublished":"2021-02-03T08:58:12+00:00","description":"Utiliser la crise comme une opportunit\u00e9 : Pr\u00e9servation du patrimoine et d\u00e9veloppement de la valeur dans des conditions enti\u00e8rement nouvelles. Deuxi\u00e8me partie de \"New Normal\" dans les entreprises familiales.","breadcrumb":{"@id":"https:\/\/www.organisator.ch\/management\/2021-02-03\/das-new-normal-in-familienunternehmen-teil-2-krise-als-chance\/#breadcrumb"},"inLanguage":"fr-FR","potentialAction":[{"@type":"ReadAction","target":["https:\/\/www.organisator.ch\/management\/2021-02-03\/das-new-normal-in-familienunternehmen-teil-2-krise-als-chance\/"]}]},{"@type":"ImageObject","inLanguage":"fr-FR","@id":"https:\/\/www.organisator.ch\/management\/2021-02-03\/das-new-normal-in-familienunternehmen-teil-2-krise-als-chance\/#primaryimage","url":"https:\/\/www.organisator.ch\/wp-content\/uploads\/2021\/02\/Das-New-Normal-in-Familienunternehmen-Teil-2-Krise-als-Chance_Organisator.jpg","contentUrl":"https:\/\/www.organisator.ch\/wp-content\/uploads\/2021\/02\/Das-New-Normal-in-Familienunternehmen-Teil-2-Krise-als-Chance_Organisator.jpg","width":680,"height":235,"caption":"Keine Einbahnstrasse: Die Krise als Chance nutzen er\u00f6ffnet neue Wege. (Bild: Pixabay.com)"},{"@type":"BreadcrumbList","@id":"https:\/\/www.organisator.ch\/management\/2021-02-03\/das-new-normal-in-familienunternehmen-teil-2-krise-als-chance\/#breadcrumb","itemListElement":[{"@type":"ListItem","position":1,"name":"Home","item":"https:\/\/www.organisator.ch\/"},{"@type":"ListItem","position":2,"name":"Das \u00abNew Normal\u00bb in Familienunternehmen, Teil 2: Krise als Chance"}]},{"@type":"WebSite","@id":"https:\/\/www.organisator.ch\/#website","url":"https:\/\/www.organisator.ch\/","name":"Organisateur","description":"Comp\u00e9tence et comp\u00e9tence. Proches de la pratique. L'ORGANISATEUR pr\u00e9pare 10 num\u00e9ros par an sur les th\u00e8mes essentiels pour les dirigeants de PME.","publisher":{"@id":"https:\/\/www.organisator.ch\/#organization"},"potentialAction":[{"@type":"SearchAction","target":{"@type":"EntryPoint","urlTemplate":"https:\/\/www.organisator.ch\/?s={search_term_string}"},"query-input":{"@type":"PropertyValueSpecification","valueRequired":true,"valueName":"search_term_string"}}],"inLanguage":"fr-FR"},{"@type":"Organization","@id":"https:\/\/www.organisator.ch\/#organization","name":"Organisateur","url":"https:\/\/www.organisator.ch\/","logo":{"@type":"ImageObject","inLanguage":"fr-FR","@id":"https:\/\/www.organisator.ch\/#\/schema\/logo\/image\/","url":"https:\/\/www.organisator.ch\/wp-content\/uploads\/2022\/01\/Logo_Organisator_Website.png","contentUrl":"https:\/\/www.organisator.ch\/wp-content\/uploads\/2022\/01\/Logo_Organisator_Website.png","width":800,"height":77,"caption":"Organisator"},"image":{"@id":"https:\/\/www.organisator.ch\/#\/schema\/logo\/image\/"},"sameAs":["https:\/\/www.facebook.com\/OrganisatorFachmagazin","https:\/\/www.linkedin.com\/showcase\/organisator-das-magazin-fr-kmu","https:\/\/www.xing.com\/news\/pages\/organisator-ch-695","https:\/\/www.youtube.com\/channel\/UCGP2Sq0iWaZwT3BdIAQFYpw"]},{"@type":"Person","@id":"https:\/\/www.organisator.ch\/#\/schema\/person\/6f650f90b2842cd4c0cc334b4e36f67e","name":"thomas.berner","image":{"@type":"ImageObject","inLanguage":"fr-FR","@id":"https:\/\/secure.gravatar.com\/avatar\/ac5001d2a36cb6c6cd3e50789007ffca834b477b74a2144564522e944eabff61?s=96&d=mm&r=g","url":"https:\/\/secure.gravatar.com\/avatar\/ac5001d2a36cb6c6cd3e50789007ffca834b477b74a2144564522e944eabff61?s=96&d=mm&r=g","contentUrl":"https:\/\/secure.gravatar.com\/avatar\/ac5001d2a36cb6c6cd3e50789007ffca834b477b74a2144564522e944eabff61?s=96&d=mm&r=g","caption":"thomas.berner"},"url":"https:\/\/www.organisator.ch\/fr\/author\/thomas-berner\/"}]}},"_links":{"self":[{"href":"https:\/\/www.organisator.ch\/fr\/wp-json\/wp\/v2\/posts\/7603","targetHints":{"allow":["GET"]}}],"collection":[{"href":"https:\/\/www.organisator.ch\/fr\/wp-json\/wp\/v2\/posts"}],"about":[{"href":"https:\/\/www.organisator.ch\/fr\/wp-json\/wp\/v2\/types\/post"}],"author":[{"embeddable":true,"href":"https:\/\/www.organisator.ch\/fr\/wp-json\/wp\/v2\/users\/4"}],"replies":[{"embeddable":true,"href":"https:\/\/www.organisator.ch\/fr\/wp-json\/wp\/v2\/comments?post=7603"}],"version-history":[{"count":0,"href":"https:\/\/www.organisator.ch\/fr\/wp-json\/wp\/v2\/posts\/7603\/revisions"}],"wp:featuredmedia":[{"embeddable":true,"href":"https:\/\/www.organisator.ch\/fr\/wp-json\/wp\/v2\/media\/7605"}],"wp:attachment":[{"href":"https:\/\/www.organisator.ch\/fr\/wp-json\/wp\/v2\/media?parent=7603"}],"wp:term":[{"taxonomy":"category","embeddable":true,"href":"https:\/\/www.organisator.ch\/fr\/wp-json\/wp\/v2\/categories?post=7603"},{"taxonomy":"post_tag","embeddable":true,"href":"https:\/\/www.organisator.ch\/fr\/wp-json\/wp\/v2\/tags?post=7603"}],"curies":[{"name":"wp","href":"https:\/\/api.w.org\/{rel}","templated":true}]}}