{"id":7637,"date":"2021-02-08T10:50:34","date_gmt":"2021-02-08T09:50:34","guid":{"rendered":"https:\/\/www.organisator.ch\/?p=7637"},"modified":"2021-02-08T10:50:34","modified_gmt":"2021-02-08T09:50:34","slug":"prof-dr-rene-huesler-neu-im-verwaltungsrat-von-graphax","status":"publish","type":"post","link":"https:\/\/www.organisator.ch\/fr\/management\/it\/2021-02-08\/prof-dr-rene-huesler-neu-im-verwaltungsrat-von-graphax\/","title":{"rendered":"Le professeur Ren\u00e9 H\u00fcsler entre au conseil d'administration de Graphax"},"content":{"rendered":"<figure id=\"attachment_7638\" aria-describedby=\"caption-attachment-7638\" style=\"width: 680px\" class=\"wp-caption alignnone\"><img loading=\"lazy\" decoding=\"async\" class=\"size-medium wp-image-7638\" src=\"https:\/\/www.organisator.ch\/wp-content\/uploads\/2021\/02\/Prof.-Dr.-Rene-Huesler-neu-im-Verwaltungsrat-von-Graphax_Organisator.jpg\" alt=\"\" width=\"680\" height=\"498\" srcset=\"https:\/\/www.organisator.ch\/wp-content\/uploads\/2021\/02\/Prof.-Dr.-Rene-Huesler-neu-im-Verwaltungsrat-von-Graphax_Organisator.jpg 680w, https:\/\/www.organisator.ch\/wp-content\/uploads\/2021\/02\/Prof.-Dr.-Rene-Huesler-neu-im-Verwaltungsrat-von-Graphax_Organisator-16x12.jpg 16w, https:\/\/www.organisator.ch\/wp-content\/uploads\/2021\/02\/Prof.-Dr.-Rene-Huesler-neu-im-Verwaltungsrat-von-Graphax_Organisator-239x175.jpg 239w, https:\/\/www.organisator.ch\/wp-content\/uploads\/2021\/02\/Prof.-Dr.-Rene-Huesler-neu-im-Verwaltungsrat-von-Graphax_Organisator-478x350.jpg 478w, https:\/\/www.organisator.ch\/wp-content\/uploads\/2021\/02\/Prof.-Dr.-Rene-Huesler-neu-im-Verwaltungsrat-von-Graphax_Organisator-300x220.jpg 300w\" sizes=\"auto, (max-width: 680px) 100vw, 680px\" \/><figcaption id=\"caption-attachment-7638\" class=\"wp-caption-text\">Nouveau membre du conseil d'administration de Graphax SA : le professeur Ren\u00e9 H\u00fcsler. (Image : zVg)<\/figcaption><\/figure>\n<p>Le professeur Ren\u00e9 H\u00fcsler est le nouveau membre du conseil d'administration de Graphax SA, avec effet r\u00e9troactif au 1er janvier 2021. Le directeur en exercice de la Haute \u00e9cole de Lucerne - Informatique \u00e0 Rotkreuz et vice-recteur \u00e0 la Haute \u00e9cole de Lucerne dispose de comp\u00e9tences professionnelles av\u00e9r\u00e9es et d'une longue exp\u00e9rience dans le domaine de l'informatique et de la direction strat\u00e9gique d'unit\u00e9s organisationnelles.<\/p>\n<h2>Ren\u00e9 H\u00fcsler : \"La num\u00e9risation exige une adaptation continue des orientations de l'entreprise\".<\/h2>\n<p>\"Nous sommes fiers d'avoir pu recruter le Dr H\u00fcsler comme nouveau membre du conseil d'administration\", explique Philippe Oberson, pr\u00e9sident du conseil d'administration de Graphax SA. \"Monsieur H\u00fcsler poss\u00e8de une expertise scientifique impressionnante. Gr\u00e2ce \u00e0 sa vaste exp\u00e9rience en mati\u00e8re de gestion, M. H\u00fcsler peut nous donner de pr\u00e9cieuses impulsions pour le d\u00e9veloppement de notre mod\u00e8le d'entreprise\".<\/p>\n<p>Ren\u00e9 H\u00fcsler a d\u00e9clar\u00e9 \u00e0 propos de sa nomination : \"Je me r\u00e9jouis de pouvoir \u00eatre \u00e0 la disposition de Graphax SA \u00e0 une \u00e9poque marqu\u00e9e par une grande dynamique concurrentielle due \u00e0 l'\u00e9volution des besoins des clients. L'acc\u00e9l\u00e9ration de la num\u00e9risation exige une adaptation continue des orientations de l'entreprise. Pour pouvoir s'imposer \u00e0 long terme sur le march\u00e9 en tant qu'entreprise, il faut disposer des points de vue les plus divers - c'est l\u00e0 que j'apporte volontiers ma contribution\".<\/p>\n<h2>Fournisseur leader de syst\u00e8mes de gestion de contenu d'entreprise<\/h2>\n<p>Graphax SA, dont le si\u00e8ge principal est \u00e0 Dietikon pr\u00e8s de Zurich et qui compte huit filiales en Suisse al\u00e9manique et en Suisse romande, emploie environ 190 personnes. Gr\u00e2ce \u00e0 son large \u00e9ventail de prestations, l'entreprise fait partie, selon ses propres dires, des principaux fournisseurs de technologies innovantes dans les domaines de la gestion de contenu d'entreprise, des services informatiques, de la gestion de parcs d'imprimantes et de solutions compl\u00e8tes. pour le flux de documents num\u00e9riques et papier dans un environnement B2B en Suisse.<\/p>\n<p><em>Source : <a href=\"http:\/\/www.graphax.ch\">Graphax SA<\/a><\/em><\/p>","protected":false},"excerpt":{"rendered":"<p>Prof. Dr. Ren\u00e9 H\u00fcsler ist r\u00fcckwirkend seit 1. Januar 2021 neues Mitglied im Verwaltungsrat der Graphax AG. Der amtierende Direktor der Hochschule Luzern &#8211; Informatik in Rotkreuz und stellvertretende Rektor an der Hochschule Luzern verf\u00fcgt \u00fcber ausgewiesene Fachkompetenz und langj\u00e4hrige Erfahrung in der IT und der strategischen F\u00fchrung von Organisationseinheiten. Ren\u00e9 H\u00fcsler: &#8222;Digitalisierung erfordert fortw\u00e4hrende [&hellip;]<\/p>\n","protected":false},"author":4,"featured_media":7638,"comment_status":"closed","ping_status":"closed","sticky":false,"template":"","format":"standard","meta":{"_acf_changed":false,"_yoast_wpseo_focuskw":"Ren\u00e9 H\u00fcsler","_yoast_wpseo_metadesc":"Die Graphax AG mit Sitz in Dietikon ernannte Professor Dr. Ren\u00e9 H\u00fcsler mit Wirkung vom 1. Januar 2021 zum neuen Mitglied ihres Verwaltungsrates.","articlekey":"","footnotes":""},"categories":[27],"tags":[335,381,492,513],"class_list":["post-7637","post","type-post","status-publish","format-standard","has-post-thumbnail","hentry","category-it","tag-management-und-unternehmensfuehrung","tag-personalia","tag-unternehmen","tag-verwaltungsraete"],"acf":[],"yoast_head":"<!-- This site is optimized with the Yoast SEO plugin v27.5 - https:\/\/yoast.com\/product\/yoast-seo-wordpress\/ -->\n<title>Prof. Dr. Ren\u00e9 H\u00fcsler neu im Verwaltungsrat von Graphax - Organisator<\/title>\n<meta name=\"description\" content=\"Die Graphax AG mit Sitz in Dietikon ernannte Professor Dr. Ren\u00e9 H\u00fcsler mit Wirkung vom 1. Januar 2021 zum neuen Mitglied ihres Verwaltungsrates.\" \/>\n<meta name=\"robots\" content=\"index, follow, max-snippet:-1, max-image-preview:large, max-video-preview:-1\" \/>\n<link rel=\"canonical\" href=\"https:\/\/www.organisator.ch\/fr\/gestion-2\/it\/2021-02-08\/prof-dr-rene-huesler-neu-im-verwaltungsrat-von-graphax\/\" \/>\n<meta property=\"og:locale\" content=\"fr_FR\" \/>\n<meta property=\"og:type\" content=\"article\" \/>\n<meta property=\"og:title\" content=\"Prof. Dr. Ren\u00e9 H\u00fcsler neu im Verwaltungsrat von Graphax\" \/>\n<meta property=\"og:description\" content=\"Die Graphax AG mit Sitz in Dietikon ernannte Professor Dr. Ren\u00e9 H\u00fcsler mit Wirkung vom 1. Januar 2021 zum neuen Mitglied ihres Verwaltungsrates.\" \/>\n<meta property=\"og:url\" content=\"https:\/\/www.organisator.ch\/fr\/gestion-2\/it\/2021-02-08\/prof-dr-rene-huesler-neu-im-verwaltungsrat-von-graphax\/\" \/>\n<meta property=\"og:site_name\" content=\"Organisator\" \/>\n<meta property=\"article:publisher\" content=\"https:\/\/www.facebook.com\/OrganisatorFachmagazin\" \/>\n<meta property=\"article:published_time\" content=\"2021-02-08T09:50:34+00:00\" \/>\n<meta property=\"og:image\" content=\"https:\/\/www.organisator.ch\/wp-content\/uploads\/2021\/02\/Prof.-Dr.-Rene-Huesler-neu-im-Verwaltungsrat-von-Graphax_Organisator.jpg\" \/>\n\t<meta property=\"og:image:width\" content=\"680\" \/>\n\t<meta property=\"og:image:height\" content=\"498\" \/>\n\t<meta property=\"og:image:type\" content=\"image\/jpeg\" \/>\n<meta name=\"author\" content=\"thomas.berner\" \/>\n<meta name=\"twitter:card\" content=\"summary_large_image\" \/>\n<meta name=\"twitter:title\" content=\"Prof. Dr. Ren\u00e9 #H\u00fcsler neu im Verwaltungsrat von #Graphax\" \/>\n<meta name=\"twitter:description\" content=\"Die #Graphax AG mit Sitz in Dietikon ernannte Professor Dr. Ren\u00e9 #H\u00fcsler mit Wirkung vom 1. Januar 2021 zum neuen Mitglied ihres Verwaltungsrates.\" \/>\n<meta name=\"twitter:image\" content=\"https:\/\/www.organisator.ch\/wp-content\/uploads\/2021\/02\/Prof.-Dr.-Rene-Huesler-neu-im-Verwaltungsrat-von-Graphax_Organisator.jpg\" \/>\n<script type=\"application\/ld+json\" class=\"yoast-schema-graph\">{\"@context\":\"https:\\\/\\\/schema.org\",\"@graph\":[{\"@type\":\"Article\",\"@id\":\"https:\\\/\\\/www.organisator.ch\\\/management\\\/it\\\/2021-02-08\\\/prof-dr-rene-huesler-neu-im-verwaltungsrat-von-graphax\\\/#article\",\"isPartOf\":{\"@id\":\"https:\\\/\\\/www.organisator.ch\\\/management\\\/it\\\/2021-02-08\\\/prof-dr-rene-huesler-neu-im-verwaltungsrat-von-graphax\\\/\"},\"author\":{\"name\":\"thomas.berner\",\"@id\":\"https:\\\/\\\/www.organisator.ch\\\/#\\\/schema\\\/person\\\/6f650f90b2842cd4c0cc334b4e36f67e\"},\"headline\":\"Prof. Dr. Ren\u00e9 H\u00fcsler neu im Verwaltungsrat von Graphax\",\"datePublished\":\"2021-02-08T09:50:34+00:00\",\"mainEntityOfPage\":{\"@id\":\"https:\\\/\\\/www.organisator.ch\\\/management\\\/it\\\/2021-02-08\\\/prof-dr-rene-huesler-neu-im-verwaltungsrat-von-graphax\\\/\"},\"wordCount\":288,\"publisher\":{\"@id\":\"https:\\\/\\\/www.organisator.ch\\\/#organization\"},\"image\":{\"@id\":\"https:\\\/\\\/www.organisator.ch\\\/management\\\/it\\\/2021-02-08\\\/prof-dr-rene-huesler-neu-im-verwaltungsrat-von-graphax\\\/#primaryimage\"},\"thumbnailUrl\":\"https:\\\/\\\/www.organisator.ch\\\/wp-content\\\/uploads\\\/2021\\\/02\\\/Prof.-Dr.-Rene-Huesler-neu-im-Verwaltungsrat-von-Graphax_Organisator.jpg\",\"keywords\":[\"Management und Unternehmensf\u00fchrung\",\"Personalia\",\"Unternehmen\",\"Verwaltungsr\u00e4te\"],\"articleSection\":[\"IT\"],\"inLanguage\":\"fr-FR\"},{\"@type\":\"WebPage\",\"@id\":\"https:\\\/\\\/www.organisator.ch\\\/management\\\/it\\\/2021-02-08\\\/prof-dr-rene-huesler-neu-im-verwaltungsrat-von-graphax\\\/\",\"url\":\"https:\\\/\\\/www.organisator.ch\\\/management\\\/it\\\/2021-02-08\\\/prof-dr-rene-huesler-neu-im-verwaltungsrat-von-graphax\\\/\",\"name\":\"Prof. Dr. Ren\u00e9 H\u00fcsler neu im Verwaltungsrat von Graphax - Organisator\",\"isPartOf\":{\"@id\":\"https:\\\/\\\/www.organisator.ch\\\/#website\"},\"primaryImageOfPage\":{\"@id\":\"https:\\\/\\\/www.organisator.ch\\\/management\\\/it\\\/2021-02-08\\\/prof-dr-rene-huesler-neu-im-verwaltungsrat-von-graphax\\\/#primaryimage\"},\"image\":{\"@id\":\"https:\\\/\\\/www.organisator.ch\\\/management\\\/it\\\/2021-02-08\\\/prof-dr-rene-huesler-neu-im-verwaltungsrat-von-graphax\\\/#primaryimage\"},\"thumbnailUrl\":\"https:\\\/\\\/www.organisator.ch\\\/wp-content\\\/uploads\\\/2021\\\/02\\\/Prof.-Dr.-Rene-Huesler-neu-im-Verwaltungsrat-von-Graphax_Organisator.jpg\",\"datePublished\":\"2021-02-08T09:50:34+00:00\",\"description\":\"Die Graphax AG mit Sitz in Dietikon ernannte Professor Dr. Ren\u00e9 H\u00fcsler mit Wirkung vom 1. Januar 2021 zum neuen Mitglied ihres Verwaltungsrates.\",\"breadcrumb\":{\"@id\":\"https:\\\/\\\/www.organisator.ch\\\/management\\\/it\\\/2021-02-08\\\/prof-dr-rene-huesler-neu-im-verwaltungsrat-von-graphax\\\/#breadcrumb\"},\"inLanguage\":\"fr-FR\",\"potentialAction\":[{\"@type\":\"ReadAction\",\"target\":[\"https:\\\/\\\/www.organisator.ch\\\/management\\\/it\\\/2021-02-08\\\/prof-dr-rene-huesler-neu-im-verwaltungsrat-von-graphax\\\/\"]}]},{\"@type\":\"ImageObject\",\"inLanguage\":\"fr-FR\",\"@id\":\"https:\\\/\\\/www.organisator.ch\\\/management\\\/it\\\/2021-02-08\\\/prof-dr-rene-huesler-neu-im-verwaltungsrat-von-graphax\\\/#primaryimage\",\"url\":\"https:\\\/\\\/www.organisator.ch\\\/wp-content\\\/uploads\\\/2021\\\/02\\\/Prof.-Dr.-Rene-Huesler-neu-im-Verwaltungsrat-von-Graphax_Organisator.jpg\",\"contentUrl\":\"https:\\\/\\\/www.organisator.ch\\\/wp-content\\\/uploads\\\/2021\\\/02\\\/Prof.-Dr.-Rene-Huesler-neu-im-Verwaltungsrat-von-Graphax_Organisator.jpg\",\"width\":680,\"height\":498,\"caption\":\"Neues Verwaltungsrats-Mitglied bei Graphax AG: Prof. Dr. Ren\u00e9 H\u00fcsler. (Bild: zVg)\"},{\"@type\":\"BreadcrumbList\",\"@id\":\"https:\\\/\\\/www.organisator.ch\\\/management\\\/it\\\/2021-02-08\\\/prof-dr-rene-huesler-neu-im-verwaltungsrat-von-graphax\\\/#breadcrumb\",\"itemListElement\":[{\"@type\":\"ListItem\",\"position\":1,\"name\":\"Home\",\"item\":\"https:\\\/\\\/www.organisator.ch\\\/\"},{\"@type\":\"ListItem\",\"position\":2,\"name\":\"Prof. Dr. Ren\u00e9 H\u00fcsler neu im Verwaltungsrat von Graphax\"}]},{\"@type\":\"WebSite\",\"@id\":\"https:\\\/\\\/www.organisator.ch\\\/#website\",\"url\":\"https:\\\/\\\/www.organisator.ch\\\/\",\"name\":\"Organisator\",\"description\":\"Kompetent. Praxisnah. Der ORGANISATOR bereitet in 10 Ausgaben pro Jahr die wesentlichen Themen f\u00fcr F\u00fchrungskr\u00e4fte von KMU auf.\",\"publisher\":{\"@id\":\"https:\\\/\\\/www.organisator.ch\\\/#organization\"},\"potentialAction\":[{\"@type\":\"SearchAction\",\"target\":{\"@type\":\"EntryPoint\",\"urlTemplate\":\"https:\\\/\\\/www.organisator.ch\\\/?s={search_term_string}\"},\"query-input\":{\"@type\":\"PropertyValueSpecification\",\"valueRequired\":true,\"valueName\":\"search_term_string\"}}],\"inLanguage\":\"fr-FR\"},{\"@type\":\"Organization\",\"@id\":\"https:\\\/\\\/www.organisator.ch\\\/#organization\",\"name\":\"Organisator\",\"url\":\"https:\\\/\\\/www.organisator.ch\\\/\",\"logo\":{\"@type\":\"ImageObject\",\"inLanguage\":\"fr-FR\",\"@id\":\"https:\\\/\\\/www.organisator.ch\\\/#\\\/schema\\\/logo\\\/image\\\/\",\"url\":\"https:\\\/\\\/www.organisator.ch\\\/wp-content\\\/uploads\\\/2022\\\/01\\\/Logo_Organisator_Website.png\",\"contentUrl\":\"https:\\\/\\\/www.organisator.ch\\\/wp-content\\\/uploads\\\/2022\\\/01\\\/Logo_Organisator_Website.png\",\"width\":800,\"height\":77,\"caption\":\"Organisator\"},\"image\":{\"@id\":\"https:\\\/\\\/www.organisator.ch\\\/#\\\/schema\\\/logo\\\/image\\\/\"},\"sameAs\":[\"https:\\\/\\\/www.facebook.com\\\/OrganisatorFachmagazin\",\"https:\\\/\\\/www.linkedin.com\\\/showcase\\\/organisator-das-magazin-fr-kmu\",\"https:\\\/\\\/www.xing.com\\\/news\\\/pages\\\/organisator-ch-695\",\"https:\\\/\\\/www.youtube.com\\\/channel\\\/UCGP2Sq0iWaZwT3BdIAQFYpw\"]},{\"@type\":\"Person\",\"@id\":\"https:\\\/\\\/www.organisator.ch\\\/#\\\/schema\\\/person\\\/6f650f90b2842cd4c0cc334b4e36f67e\",\"name\":\"thomas.berner\",\"image\":{\"@type\":\"ImageObject\",\"inLanguage\":\"fr-FR\",\"@id\":\"https:\\\/\\\/secure.gravatar.com\\\/avatar\\\/ac5001d2a36cb6c6cd3e50789007ffca834b477b74a2144564522e944eabff61?s=96&d=mm&r=g\",\"url\":\"https:\\\/\\\/secure.gravatar.com\\\/avatar\\\/ac5001d2a36cb6c6cd3e50789007ffca834b477b74a2144564522e944eabff61?s=96&d=mm&r=g\",\"contentUrl\":\"https:\\\/\\\/secure.gravatar.com\\\/avatar\\\/ac5001d2a36cb6c6cd3e50789007ffca834b477b74a2144564522e944eabff61?s=96&d=mm&r=g\",\"caption\":\"thomas.berner\"},\"url\":\"https:\\\/\\\/www.organisator.ch\\\/fr\\\/author\\\/thomas-berner\\\/\"}]}<\/script>\n<!-- \/ Yoast SEO plugin. -->","yoast_head_json":{"title":"Le professeur Ren\u00e9 H\u00fcsler entre au conseil d'administration de Graphax - Organisateur","description":"La soci\u00e9t\u00e9 Graphax SA, dont le si\u00e8ge est \u00e0 Dietikon, a nomm\u00e9 le professeur Dr Ren\u00e9 H\u00fcsler nouveau membre de son conseil d'administration, avec effet au 1er janvier 2021.","robots":{"index":"index","follow":"follow","max-snippet":"max-snippet:-1","max-image-preview":"max-image-preview:large","max-video-preview":"max-video-preview:-1"},"canonical":"https:\/\/www.organisator.ch\/fr\/gestion-2\/it\/2021-02-08\/prof-dr-rene-huesler-neu-im-verwaltungsrat-von-graphax\/","og_locale":"fr_FR","og_type":"article","og_title":"Prof. Dr. Ren\u00e9 H\u00fcsler neu im Verwaltungsrat von Graphax","og_description":"Die Graphax AG mit Sitz in Dietikon ernannte Professor Dr. Ren\u00e9 H\u00fcsler mit Wirkung vom 1. Januar 2021 zum neuen Mitglied ihres Verwaltungsrates.","og_url":"https:\/\/www.organisator.ch\/fr\/gestion-2\/it\/2021-02-08\/prof-dr-rene-huesler-neu-im-verwaltungsrat-von-graphax\/","og_site_name":"Organisator","article_publisher":"https:\/\/www.facebook.com\/OrganisatorFachmagazin","article_published_time":"2021-02-08T09:50:34+00:00","og_image":[{"width":680,"height":498,"url":"https:\/\/www.organisator.ch\/wp-content\/uploads\/2021\/02\/Prof.-Dr.-Rene-Huesler-neu-im-Verwaltungsrat-von-Graphax_Organisator.jpg","type":"image\/jpeg"}],"author":"thomas.berner","twitter_card":"summary_large_image","twitter_title":"Prof. Dr. Ren\u00e9 #H\u00fcsler neu im Verwaltungsrat von #Graphax","twitter_description":"Die #Graphax AG mit Sitz in Dietikon ernannte Professor Dr. Ren\u00e9 #H\u00fcsler mit Wirkung vom 1. Januar 2021 zum neuen Mitglied ihres Verwaltungsrates.","twitter_image":"https:\/\/www.organisator.ch\/wp-content\/uploads\/2021\/02\/Prof.-Dr.-Rene-Huesler-neu-im-Verwaltungsrat-von-Graphax_Organisator.jpg","schema":{"@context":"https:\/\/schema.org","@graph":[{"@type":"Article","@id":"https:\/\/www.organisator.ch\/management\/it\/2021-02-08\/prof-dr-rene-huesler-neu-im-verwaltungsrat-von-graphax\/#article","isPartOf":{"@id":"https:\/\/www.organisator.ch\/management\/it\/2021-02-08\/prof-dr-rene-huesler-neu-im-verwaltungsrat-von-graphax\/"},"author":{"name":"thomas.berner","@id":"https:\/\/www.organisator.ch\/#\/schema\/person\/6f650f90b2842cd4c0cc334b4e36f67e"},"headline":"Prof. Dr. Ren\u00e9 H\u00fcsler neu im Verwaltungsrat von Graphax","datePublished":"2021-02-08T09:50:34+00:00","mainEntityOfPage":{"@id":"https:\/\/www.organisator.ch\/management\/it\/2021-02-08\/prof-dr-rene-huesler-neu-im-verwaltungsrat-von-graphax\/"},"wordCount":288,"publisher":{"@id":"https:\/\/www.organisator.ch\/#organization"},"image":{"@id":"https:\/\/www.organisator.ch\/management\/it\/2021-02-08\/prof-dr-rene-huesler-neu-im-verwaltungsrat-von-graphax\/#primaryimage"},"thumbnailUrl":"https:\/\/www.organisator.ch\/wp-content\/uploads\/2021\/02\/Prof.-Dr.-Rene-Huesler-neu-im-Verwaltungsrat-von-Graphax_Organisator.jpg","keywords":["Management und Unternehmensf\u00fchrung","Personalia","Unternehmen","Verwaltungsr\u00e4te"],"articleSection":["IT"],"inLanguage":"fr-FR"},{"@type":"WebPage","@id":"https:\/\/www.organisator.ch\/management\/it\/2021-02-08\/prof-dr-rene-huesler-neu-im-verwaltungsrat-von-graphax\/","url":"https:\/\/www.organisator.ch\/management\/it\/2021-02-08\/prof-dr-rene-huesler-neu-im-verwaltungsrat-von-graphax\/","name":"Le professeur Ren\u00e9 H\u00fcsler entre au conseil d'administration de Graphax - Organisateur","isPartOf":{"@id":"https:\/\/www.organisator.ch\/#website"},"primaryImageOfPage":{"@id":"https:\/\/www.organisator.ch\/management\/it\/2021-02-08\/prof-dr-rene-huesler-neu-im-verwaltungsrat-von-graphax\/#primaryimage"},"image":{"@id":"https:\/\/www.organisator.ch\/management\/it\/2021-02-08\/prof-dr-rene-huesler-neu-im-verwaltungsrat-von-graphax\/#primaryimage"},"thumbnailUrl":"https:\/\/www.organisator.ch\/wp-content\/uploads\/2021\/02\/Prof.-Dr.-Rene-Huesler-neu-im-Verwaltungsrat-von-Graphax_Organisator.jpg","datePublished":"2021-02-08T09:50:34+00:00","description":"La soci\u00e9t\u00e9 Graphax SA, dont le si\u00e8ge est \u00e0 Dietikon, a nomm\u00e9 le professeur Dr Ren\u00e9 H\u00fcsler nouveau membre de son conseil d'administration, avec effet au 1er janvier 2021.","breadcrumb":{"@id":"https:\/\/www.organisator.ch\/management\/it\/2021-02-08\/prof-dr-rene-huesler-neu-im-verwaltungsrat-von-graphax\/#breadcrumb"},"inLanguage":"fr-FR","potentialAction":[{"@type":"ReadAction","target":["https:\/\/www.organisator.ch\/management\/it\/2021-02-08\/prof-dr-rene-huesler-neu-im-verwaltungsrat-von-graphax\/"]}]},{"@type":"ImageObject","inLanguage":"fr-FR","@id":"https:\/\/www.organisator.ch\/management\/it\/2021-02-08\/prof-dr-rene-huesler-neu-im-verwaltungsrat-von-graphax\/#primaryimage","url":"https:\/\/www.organisator.ch\/wp-content\/uploads\/2021\/02\/Prof.-Dr.-Rene-Huesler-neu-im-Verwaltungsrat-von-Graphax_Organisator.jpg","contentUrl":"https:\/\/www.organisator.ch\/wp-content\/uploads\/2021\/02\/Prof.-Dr.-Rene-Huesler-neu-im-Verwaltungsrat-von-Graphax_Organisator.jpg","width":680,"height":498,"caption":"Neues Verwaltungsrats-Mitglied bei Graphax AG: Prof. Dr. Ren\u00e9 H\u00fcsler. (Bild: zVg)"},{"@type":"BreadcrumbList","@id":"https:\/\/www.organisator.ch\/management\/it\/2021-02-08\/prof-dr-rene-huesler-neu-im-verwaltungsrat-von-graphax\/#breadcrumb","itemListElement":[{"@type":"ListItem","position":1,"name":"Home","item":"https:\/\/www.organisator.ch\/"},{"@type":"ListItem","position":2,"name":"Prof. Dr. Ren\u00e9 H\u00fcsler neu im Verwaltungsrat von Graphax"}]},{"@type":"WebSite","@id":"https:\/\/www.organisator.ch\/#website","url":"https:\/\/www.organisator.ch\/","name":"Organisateur","description":"Comp\u00e9tence et comp\u00e9tence. Proches de la pratique. L'ORGANISATEUR pr\u00e9pare 10 num\u00e9ros par an sur les th\u00e8mes essentiels pour les dirigeants de PME.","publisher":{"@id":"https:\/\/www.organisator.ch\/#organization"},"potentialAction":[{"@type":"SearchAction","target":{"@type":"EntryPoint","urlTemplate":"https:\/\/www.organisator.ch\/?s={search_term_string}"},"query-input":{"@type":"PropertyValueSpecification","valueRequired":true,"valueName":"search_term_string"}}],"inLanguage":"fr-FR"},{"@type":"Organization","@id":"https:\/\/www.organisator.ch\/#organization","name":"Organisateur","url":"https:\/\/www.organisator.ch\/","logo":{"@type":"ImageObject","inLanguage":"fr-FR","@id":"https:\/\/www.organisator.ch\/#\/schema\/logo\/image\/","url":"https:\/\/www.organisator.ch\/wp-content\/uploads\/2022\/01\/Logo_Organisator_Website.png","contentUrl":"https:\/\/www.organisator.ch\/wp-content\/uploads\/2022\/01\/Logo_Organisator_Website.png","width":800,"height":77,"caption":"Organisator"},"image":{"@id":"https:\/\/www.organisator.ch\/#\/schema\/logo\/image\/"},"sameAs":["https:\/\/www.facebook.com\/OrganisatorFachmagazin","https:\/\/www.linkedin.com\/showcase\/organisator-das-magazin-fr-kmu","https:\/\/www.xing.com\/news\/pages\/organisator-ch-695","https:\/\/www.youtube.com\/channel\/UCGP2Sq0iWaZwT3BdIAQFYpw"]},{"@type":"Person","@id":"https:\/\/www.organisator.ch\/#\/schema\/person\/6f650f90b2842cd4c0cc334b4e36f67e","name":"thomas.berner","image":{"@type":"ImageObject","inLanguage":"fr-FR","@id":"https:\/\/secure.gravatar.com\/avatar\/ac5001d2a36cb6c6cd3e50789007ffca834b477b74a2144564522e944eabff61?s=96&d=mm&r=g","url":"https:\/\/secure.gravatar.com\/avatar\/ac5001d2a36cb6c6cd3e50789007ffca834b477b74a2144564522e944eabff61?s=96&d=mm&r=g","contentUrl":"https:\/\/secure.gravatar.com\/avatar\/ac5001d2a36cb6c6cd3e50789007ffca834b477b74a2144564522e944eabff61?s=96&d=mm&r=g","caption":"thomas.berner"},"url":"https:\/\/www.organisator.ch\/fr\/author\/thomas-berner\/"}]}},"_links":{"self":[{"href":"https:\/\/www.organisator.ch\/fr\/wp-json\/wp\/v2\/posts\/7637","targetHints":{"allow":["GET"]}}],"collection":[{"href":"https:\/\/www.organisator.ch\/fr\/wp-json\/wp\/v2\/posts"}],"about":[{"href":"https:\/\/www.organisator.ch\/fr\/wp-json\/wp\/v2\/types\/post"}],"author":[{"embeddable":true,"href":"https:\/\/www.organisator.ch\/fr\/wp-json\/wp\/v2\/users\/4"}],"replies":[{"embeddable":true,"href":"https:\/\/www.organisator.ch\/fr\/wp-json\/wp\/v2\/comments?post=7637"}],"version-history":[{"count":0,"href":"https:\/\/www.organisator.ch\/fr\/wp-json\/wp\/v2\/posts\/7637\/revisions"}],"wp:featuredmedia":[{"embeddable":true,"href":"https:\/\/www.organisator.ch\/fr\/wp-json\/wp\/v2\/media\/7638"}],"wp:attachment":[{"href":"https:\/\/www.organisator.ch\/fr\/wp-json\/wp\/v2\/media?parent=7637"}],"wp:term":[{"taxonomy":"category","embeddable":true,"href":"https:\/\/www.organisator.ch\/fr\/wp-json\/wp\/v2\/categories?post=7637"},{"taxonomy":"post_tag","embeddable":true,"href":"https:\/\/www.organisator.ch\/fr\/wp-json\/wp\/v2\/tags?post=7637"}],"curies":[{"name":"wp","href":"https:\/\/api.w.org\/{rel}","templated":true}]}}