{"id":764,"date":"2016-06-17T16:43:53","date_gmt":"2016-06-17T14:43:53","guid":{"rendered":"http:\/\/dev.organisator.ch\/?p=764"},"modified":"2016-06-17T16:43:53","modified_gmt":"2016-06-17T14:43:53","slug":"buchtipp-touch-point-sieg","status":"publish","type":"post","link":"https:\/\/www.organisator.ch\/fr\/management\/2016-06-17\/buchtipp-touch-point-sieg\/","title":{"rendered":"Conseil de lecture : Touch. Point. Victoire."},"content":{"rendered":"<figure id=\"attachment_766\" aria-describedby=\"caption-attachment-766\" style=\"width: 680px\" class=\"wp-caption alignnone\"><img loading=\"lazy\" decoding=\"async\" class=\"size-medium wp-image-766\" src=\"https:\/\/organisator.ch\/wp-content\/uploads\/2016\/12\/Buchtipp-Touch.-Point.-Sieg.-organisator.jpg\" alt=\"\" width=\"680\" height=\"931\" srcset=\"https:\/\/www.organisator.ch\/wp-content\/uploads\/2016\/12\/Buchtipp-Touch.-Point.-Sieg.-organisator.jpg 1180w, https:\/\/www.organisator.ch\/wp-content\/uploads\/2016\/12\/Buchtipp-Touch.-Point.-Sieg.-organisator-680x931.jpg 680w, https:\/\/www.organisator.ch\/wp-content\/uploads\/2016\/12\/Buchtipp-Touch.-Point.-Sieg.-organisator-748x1024.jpg 748w, https:\/\/www.organisator.ch\/wp-content\/uploads\/2016\/12\/Buchtipp-Touch.-Point.-Sieg.-organisator-768x1052.jpg 768w, https:\/\/www.organisator.ch\/wp-content\/uploads\/2016\/12\/Buchtipp-Touch.-Point.-Sieg.-organisator-1122x1536.jpg 1122w, https:\/\/www.organisator.ch\/wp-content\/uploads\/2016\/12\/Buchtipp-Touch.-Point.-Sieg.-organisator-9x12.jpg 9w, https:\/\/www.organisator.ch\/wp-content\/uploads\/2016\/12\/Buchtipp-Touch.-Point.-Sieg.-organisator-128x175.jpg 128w, https:\/\/www.organisator.ch\/wp-content\/uploads\/2016\/12\/Buchtipp-Touch.-Point.-Sieg.-organisator-256x350.jpg 256w, https:\/\/www.organisator.ch\/wp-content\/uploads\/2016\/12\/Buchtipp-Touch.-Point.-Sieg.-organisator-584x800.jpg 584w, https:\/\/www.organisator.ch\/wp-content\/uploads\/2016\/12\/Buchtipp-Touch.-Point.-Sieg.-organisator-920x1260.jpg 920w, https:\/\/www.organisator.ch\/wp-content\/uploads\/2016\/12\/Buchtipp-Touch.-Point.-Sieg.-organisator-1022x1400.jpg 1022w, https:\/\/www.organisator.ch\/wp-content\/uploads\/2016\/12\/Buchtipp-Touch.-Point.-Sieg.-organisator-300x411.jpg 300w\" sizes=\"auto, (max-width: 680px) 100vw, 680px\" \/><figcaption id=\"caption-attachment-766\" class=\"wp-caption-text\">Le dernier livre d'Anne M. Sch\u00fcller : Touch. Point. Victoire. La communication \u00e0 l'\u00e8re de la transformation num\u00e9rique.<\/figcaption><\/figure>\n<p>Ah oui - avant, tout \u00e9tait si simple. Nous nous parlions encore normalement, de personne \u00e0 personne. Puis nous avons commenc\u00e9 \u00e0 parler avec des personnes d'un monde num\u00e9rique parall\u00e8le : avec des amis sur des \u00e9crans ou avec des partenaires commerciaux par vid\u00e9oconf\u00e9rence \u00e0 l'autre bout du monde. C'est ainsi que les conversations sont devenues tridimensionnelles. Et maintenant ? Nous sommes \u00e0 l'aube d'une toute nouvelle \u00e8re de communication : nous parlons avec des assistants num\u00e9riques, des robots et des machines num\u00e9ris\u00e9es qui nous donnent non seulement des informations, mais aussi des ordres. Bient\u00f4t, nous ferons plus confiance aux ordinateurs qu'aux humains. Autrefois, c'\u00e9tait la mauvaise conscience qui se manifestait, aujourd'hui ce sont les bracelets de self-tracking et les applications qui nous permettent non seulement de nous observer, mais aussi de nous mesurer.<\/p>\n<p><strong>Connaissance des personnes plut\u00f4t que Big Data<\/strong><\/p>\n<p>La transformation num\u00e9rique, qui nous envahit \u00e0 une vitesse folle, va compl\u00e8tement changer notre fa\u00e7on de vivre et de travailler. Cela concerne bien s\u00fbr aussi la communication entre les entreprises et les clients. Anne M. Sch\u00fcller, auteur de best-sellers plusieurs fois r\u00e9compens\u00e9, montre dans son nouveau livre quelles sont les strat\u00e9gies \u00e0 succ\u00e8s qui permettent aux fournisseurs de se pr\u00e9parer \u00e0 ce monde des affaires en mutation. <em>Touch.Point.Sieg : la communication \u00e0 l'\u00e8re de la transformation num\u00e9rique<\/em>. Sa conclusion la plus importante est que les v\u00e9ritables succ\u00e8s en mati\u00e8re de communication se situent au-del\u00e0 des big data et des algorithmes. Ce ne sont pas les analyses et les math\u00e9matiques qui m\u00e8nent au but, mais la connaissance des personnes et l'empathie, surtout \u00e0 l'\u00e9poque de la num\u00e9risation.<\/p>\n<p><strong>Toucher les clients \u00e9motionnellement<\/strong><\/p>\n<p>Le contenu du livre, toujours dans l'optique de la num\u00e9risation croissante, est d'une part strat\u00e9gique et d'autre part tr\u00e8s op\u00e9rationnel, c'est-\u00e0-dire qu'il regorge de conseils pratiques et de strat\u00e9gies de r\u00e9ussite. La premi\u00e8re partie, intitul\u00e9e \"Touch\", r\u00e9v\u00e8le comment \"toucher\" \u00e9motionnellement les clients et donner une charge multisensorielle \u00e0 la communication en utilisant les derni\u00e8res d\u00e9couvertes de la recherche sur le cerveau et le comportement. La deuxi\u00e8me partie, intitul\u00e9e \"Point\", montre comment susciter le \"d\u00e9sir d'avoir\" chez le client en analysant et en optimisant les \"touchpoints\" communicatifs qui se pr\u00e9sentent entre le fournisseur et le client au cours d'un parcours client. La troisi\u00e8me partie, intitul\u00e9e \"Victoire\", pr\u00e9sente une multitude de moyens de communication prometteurs pour l'avenir num\u00e9rique. R\u00e9dig\u00e9 de mani\u00e8re pointue, divertissante et compr\u00e9hensible, ce livre est une v\u00e9ritable invitation \u00e0 l'action. <em>Touch.Point.Victoire<\/em> pour tous les entrepreneurs et chaque collaborateur en contact avec la client\u00e8le, un guide utile pour relever les d\u00e9fis des prochaines ann\u00e9es.<\/p>\n<p><em><strong>Anne M. Sch\u00fcller : Touch. Point. Victoire. La communication \u00e0 l'\u00e8re de la transformation num\u00e9rique.<\/strong> 380 pages, reli\u00e9. ISBN 978-3-86936-694-4. \u20ac 29,90 (D) | \u20ac 30,80 (A). \u00c9ditions GABAL, Offenbach 2016<\/em><\/p>","protected":false},"excerpt":{"rendered":"<p>Ach ja \u2013 fr\u00fcher war alles so einfach. Da haben wir noch ganz normal \u2013 von Mensch zu Mensch \u2013 miteinander gesprochen. Dann begannen wir mit Leuten aus einer digitalen Parallelwelt zu reden: mit Freunden auf Displays oder mit Gesch\u00e4ftspartnern per Videokonferenz am anderen Ende der Welt. So wurden Gespr\u00e4che dreidimensional. Und jetzt? Wir stehen [&hellip;]<\/p>\n","protected":false},"author":1,"featured_media":766,"comment_status":"open","ping_status":"open","sticky":false,"template":"","format":"standard","meta":{"_acf_changed":false,"_yoast_wpseo_focuskw":"Buchtipp","_yoast_wpseo_metadesc":"Buchtipp: Anne M. Sch\u00fcller neuestes Buch befasst sich mit dem Thema Kommunikation in Zeiten der digitalen Transformation.","articlekey":"","footnotes":""},"categories":[28],"tags":[334,335,339],"class_list":["post-764","post","type-post","status-publish","format-standard","has-post-thumbnail","hentry","category-management","tag-management","tag-management-und-unternehmensfuehrung","tag-marketing"],"acf":[],"yoast_head":"<!-- This site is optimized with the Yoast SEO plugin v27.4 - https:\/\/yoast.com\/product\/yoast-seo-wordpress\/ -->\n<title>Buchtipp: Touch. Point. Sieg. - Organisator<\/title>\n<meta name=\"description\" content=\"Buchtipp: Anne M. Sch\u00fcller neuestes Buch befasst sich mit dem Thema Kommunikation in Zeiten der digitalen Transformation.\" \/>\n<meta name=\"robots\" content=\"index, follow, max-snippet:-1, max-image-preview:large, max-video-preview:-1\" \/>\n<link rel=\"canonical\" href=\"https:\/\/www.organisator.ch\/fr\/gestion-2\/2016-06-17\/buchtipp-touch-point-sieg\/\" \/>\n<meta property=\"og:locale\" content=\"fr_FR\" \/>\n<meta property=\"og:type\" content=\"article\" \/>\n<meta property=\"og:title\" content=\"Buchtipp: Touch. Point. Sieg.\" \/>\n<meta property=\"og:description\" content=\"Anne M. Sch\u00fcller ist Managementdenker, Keynote-Speaker, Bestsellerautorin und Businesscoach. Die Diplom-Betriebswirtin gilt als Europas f\u00fchrende Expertin f\u00fcr Touchpoint Management, Kundenloyalit\u00e4t und Empfehlungsmarketing. Sie z\u00e4hlt zu den gefragtesten Referenten im deutschsprachigen Raum und ist Gastdozentin an mehreren Hochschulen. Ihr neuestes Buch befasst sich mit dem Thema Kommunikation in Zeiten der digitalen Transformation.\" \/>\n<meta property=\"og:url\" content=\"https:\/\/www.organisator.ch\/fr\/gestion-2\/2016-06-17\/buchtipp-touch-point-sieg\/\" \/>\n<meta property=\"og:site_name\" content=\"Organisator\" \/>\n<meta property=\"article:publisher\" content=\"https:\/\/www.facebook.com\/OrganisatorFachmagazin\" \/>\n<meta property=\"article:published_time\" content=\"2016-06-17T14:43:53+00:00\" \/>\n<meta name=\"author\" content=\"admin\" \/>\n<meta name=\"twitter:card\" content=\"summary_large_image\" \/>\n<meta name=\"twitter:image\" content=\"https:\/\/www.organisator.ch\/wp-content\/uploads\/2016\/12\/Buchtipp-Touch.-Point.-Sieg.-organisator.jpg\" \/>\n<script type=\"application\/ld+json\" class=\"yoast-schema-graph\">{\"@context\":\"https:\\\/\\\/schema.org\",\"@graph\":[{\"@type\":\"Article\",\"@id\":\"https:\\\/\\\/www.organisator.ch\\\/management\\\/2016-06-17\\\/buchtipp-touch-point-sieg\\\/#article\",\"isPartOf\":{\"@id\":\"https:\\\/\\\/www.organisator.ch\\\/management\\\/2016-06-17\\\/buchtipp-touch-point-sieg\\\/\"},\"author\":{\"name\":\"admin\",\"@id\":\"https:\\\/\\\/www.organisator.ch\\\/#\\\/schema\\\/person\\\/aa2bace6c5c5aad60102004a50c4eb1c\"},\"headline\":\"Buchtipp: Touch. Point. Sieg.\",\"datePublished\":\"2016-06-17T14:43:53+00:00\",\"mainEntityOfPage\":{\"@id\":\"https:\\\/\\\/www.organisator.ch\\\/management\\\/2016-06-17\\\/buchtipp-touch-point-sieg\\\/\"},\"wordCount\":424,\"commentCount\":0,\"publisher\":{\"@id\":\"https:\\\/\\\/www.organisator.ch\\\/#organization\"},\"image\":{\"@id\":\"https:\\\/\\\/www.organisator.ch\\\/management\\\/2016-06-17\\\/buchtipp-touch-point-sieg\\\/#primaryimage\"},\"thumbnailUrl\":\"https:\\\/\\\/www.organisator.ch\\\/wp-content\\\/uploads\\\/2016\\\/12\\\/Buchtipp-Touch.-Point.-Sieg.-organisator.jpg\",\"keywords\":[\"Management\",\"Management und Unternehmensf\u00fchrung\",\"Marketing\"],\"articleSection\":[\"MANAGEMENT\"],\"inLanguage\":\"fr-FR\"},{\"@type\":\"WebPage\",\"@id\":\"https:\\\/\\\/www.organisator.ch\\\/management\\\/2016-06-17\\\/buchtipp-touch-point-sieg\\\/\",\"url\":\"https:\\\/\\\/www.organisator.ch\\\/management\\\/2016-06-17\\\/buchtipp-touch-point-sieg\\\/\",\"name\":\"Buchtipp: Touch. Point. Sieg. - Organisator\",\"isPartOf\":{\"@id\":\"https:\\\/\\\/www.organisator.ch\\\/#website\"},\"primaryImageOfPage\":{\"@id\":\"https:\\\/\\\/www.organisator.ch\\\/management\\\/2016-06-17\\\/buchtipp-touch-point-sieg\\\/#primaryimage\"},\"image\":{\"@id\":\"https:\\\/\\\/www.organisator.ch\\\/management\\\/2016-06-17\\\/buchtipp-touch-point-sieg\\\/#primaryimage\"},\"thumbnailUrl\":\"https:\\\/\\\/www.organisator.ch\\\/wp-content\\\/uploads\\\/2016\\\/12\\\/Buchtipp-Touch.-Point.-Sieg.-organisator.jpg\",\"datePublished\":\"2016-06-17T14:43:53+00:00\",\"description\":\"Buchtipp: Anne M. Sch\u00fcller neuestes Buch befasst sich mit dem Thema Kommunikation in Zeiten der digitalen Transformation.\",\"breadcrumb\":{\"@id\":\"https:\\\/\\\/www.organisator.ch\\\/management\\\/2016-06-17\\\/buchtipp-touch-point-sieg\\\/#breadcrumb\"},\"inLanguage\":\"fr-FR\",\"potentialAction\":[{\"@type\":\"ReadAction\",\"target\":[\"https:\\\/\\\/www.organisator.ch\\\/management\\\/2016-06-17\\\/buchtipp-touch-point-sieg\\\/\"]}]},{\"@type\":\"ImageObject\",\"inLanguage\":\"fr-FR\",\"@id\":\"https:\\\/\\\/www.organisator.ch\\\/management\\\/2016-06-17\\\/buchtipp-touch-point-sieg\\\/#primaryimage\",\"url\":\"https:\\\/\\\/www.organisator.ch\\\/wp-content\\\/uploads\\\/2016\\\/12\\\/Buchtipp-Touch.-Point.-Sieg.-organisator.jpg\",\"contentUrl\":\"https:\\\/\\\/www.organisator.ch\\\/wp-content\\\/uploads\\\/2016\\\/12\\\/Buchtipp-Touch.-Point.-Sieg.-organisator.jpg\",\"width\":1180,\"height\":1616,\"caption\":\"Das neueste Buch von Anne M. Sch\u00fcller: Touch. Point. Sieg. Kommunikation in Zeiten der digitalen Transformation.\"},{\"@type\":\"BreadcrumbList\",\"@id\":\"https:\\\/\\\/www.organisator.ch\\\/management\\\/2016-06-17\\\/buchtipp-touch-point-sieg\\\/#breadcrumb\",\"itemListElement\":[{\"@type\":\"ListItem\",\"position\":1,\"name\":\"Home\",\"item\":\"https:\\\/\\\/www.organisator.ch\\\/\"},{\"@type\":\"ListItem\",\"position\":2,\"name\":\"Buchtipp: Touch. Point. Sieg.\"}]},{\"@type\":\"WebSite\",\"@id\":\"https:\\\/\\\/www.organisator.ch\\\/#website\",\"url\":\"https:\\\/\\\/www.organisator.ch\\\/\",\"name\":\"Organisator\",\"description\":\"Kompetent. Praxisnah. Der ORGANISATOR bereitet in 10 Ausgaben pro Jahr die wesentlichen Themen f\u00fcr F\u00fchrungskr\u00e4fte von KMU auf.\",\"publisher\":{\"@id\":\"https:\\\/\\\/www.organisator.ch\\\/#organization\"},\"potentialAction\":[{\"@type\":\"SearchAction\",\"target\":{\"@type\":\"EntryPoint\",\"urlTemplate\":\"https:\\\/\\\/www.organisator.ch\\\/?s={search_term_string}\"},\"query-input\":{\"@type\":\"PropertyValueSpecification\",\"valueRequired\":true,\"valueName\":\"search_term_string\"}}],\"inLanguage\":\"fr-FR\"},{\"@type\":\"Organization\",\"@id\":\"https:\\\/\\\/www.organisator.ch\\\/#organization\",\"name\":\"Organisator\",\"url\":\"https:\\\/\\\/www.organisator.ch\\\/\",\"logo\":{\"@type\":\"ImageObject\",\"inLanguage\":\"fr-FR\",\"@id\":\"https:\\\/\\\/www.organisator.ch\\\/#\\\/schema\\\/logo\\\/image\\\/\",\"url\":\"https:\\\/\\\/www.organisator.ch\\\/wp-content\\\/uploads\\\/2022\\\/01\\\/Logo_Organisator_Website.png\",\"contentUrl\":\"https:\\\/\\\/www.organisator.ch\\\/wp-content\\\/uploads\\\/2022\\\/01\\\/Logo_Organisator_Website.png\",\"width\":800,\"height\":77,\"caption\":\"Organisator\"},\"image\":{\"@id\":\"https:\\\/\\\/www.organisator.ch\\\/#\\\/schema\\\/logo\\\/image\\\/\"},\"sameAs\":[\"https:\\\/\\\/www.facebook.com\\\/OrganisatorFachmagazin\",\"https:\\\/\\\/www.linkedin.com\\\/showcase\\\/organisator-das-magazin-fr-kmu\",\"https:\\\/\\\/www.xing.com\\\/news\\\/pages\\\/organisator-ch-695\",\"https:\\\/\\\/www.youtube.com\\\/channel\\\/UCGP2Sq0iWaZwT3BdIAQFYpw\"]},{\"@type\":\"Person\",\"@id\":\"https:\\\/\\\/www.organisator.ch\\\/#\\\/schema\\\/person\\\/aa2bace6c5c5aad60102004a50c4eb1c\",\"name\":\"admin\",\"image\":{\"@type\":\"ImageObject\",\"inLanguage\":\"fr-FR\",\"@id\":\"https:\\\/\\\/secure.gravatar.com\\\/avatar\\\/ae2f4d718e6c49043e314ce431e7e645d646302a24a5ef5a8bc8e3f5a032e319?s=96&d=mm&r=g\",\"url\":\"https:\\\/\\\/secure.gravatar.com\\\/avatar\\\/ae2f4d718e6c49043e314ce431e7e645d646302a24a5ef5a8bc8e3f5a032e319?s=96&d=mm&r=g\",\"contentUrl\":\"https:\\\/\\\/secure.gravatar.com\\\/avatar\\\/ae2f4d718e6c49043e314ce431e7e645d646302a24a5ef5a8bc8e3f5a032e319?s=96&d=mm&r=g\",\"caption\":\"admin\"},\"sameAs\":[\"https:\\\/\\\/www.organisator.ch\"],\"url\":\"https:\\\/\\\/www.organisator.ch\\\/fr\\\/author\\\/admin\\\/\"}]}<\/script>\n<!-- \/ Yoast SEO plugin. -->","yoast_head_json":{"title":"Conseil de lecture : Touch. Point. Victoire. - Organisateur","description":"Suggestion de livre : le dernier livre d'Anne M. Sch\u00fcller traite du th\u00e8me de la communication \u00e0 l'\u00e9poque de la transformation num\u00e9rique.","robots":{"index":"index","follow":"follow","max-snippet":"max-snippet:-1","max-image-preview":"max-image-preview:large","max-video-preview":"max-video-preview:-1"},"canonical":"https:\/\/www.organisator.ch\/fr\/gestion-2\/2016-06-17\/buchtipp-touch-point-sieg\/","og_locale":"fr_FR","og_type":"article","og_title":"Buchtipp: Touch. Point. Sieg.","og_description":"Anne M. Sch\u00fcller ist Managementdenker, Keynote-Speaker, Bestsellerautorin und Businesscoach. Die Diplom-Betriebswirtin gilt als Europas f\u00fchrende Expertin f\u00fcr Touchpoint Management, Kundenloyalit\u00e4t und Empfehlungsmarketing. Sie z\u00e4hlt zu den gefragtesten Referenten im deutschsprachigen Raum und ist Gastdozentin an mehreren Hochschulen. Ihr neuestes Buch befasst sich mit dem Thema Kommunikation in Zeiten der digitalen Transformation.","og_url":"https:\/\/www.organisator.ch\/fr\/gestion-2\/2016-06-17\/buchtipp-touch-point-sieg\/","og_site_name":"Organisator","article_publisher":"https:\/\/www.facebook.com\/OrganisatorFachmagazin","article_published_time":"2016-06-17T14:43:53+00:00","author":"admin","twitter_card":"summary_large_image","twitter_image":"https:\/\/www.organisator.ch\/wp-content\/uploads\/2016\/12\/Buchtipp-Touch.-Point.-Sieg.-organisator.jpg","schema":{"@context":"https:\/\/schema.org","@graph":[{"@type":"Article","@id":"https:\/\/www.organisator.ch\/management\/2016-06-17\/buchtipp-touch-point-sieg\/#article","isPartOf":{"@id":"https:\/\/www.organisator.ch\/management\/2016-06-17\/buchtipp-touch-point-sieg\/"},"author":{"name":"admin","@id":"https:\/\/www.organisator.ch\/#\/schema\/person\/aa2bace6c5c5aad60102004a50c4eb1c"},"headline":"Buchtipp: Touch. Point. Sieg.","datePublished":"2016-06-17T14:43:53+00:00","mainEntityOfPage":{"@id":"https:\/\/www.organisator.ch\/management\/2016-06-17\/buchtipp-touch-point-sieg\/"},"wordCount":424,"commentCount":0,"publisher":{"@id":"https:\/\/www.organisator.ch\/#organization"},"image":{"@id":"https:\/\/www.organisator.ch\/management\/2016-06-17\/buchtipp-touch-point-sieg\/#primaryimage"},"thumbnailUrl":"https:\/\/www.organisator.ch\/wp-content\/uploads\/2016\/12\/Buchtipp-Touch.-Point.-Sieg.-organisator.jpg","keywords":["Management","Management und Unternehmensf\u00fchrung","Marketing"],"articleSection":["MANAGEMENT"],"inLanguage":"fr-FR"},{"@type":"WebPage","@id":"https:\/\/www.organisator.ch\/management\/2016-06-17\/buchtipp-touch-point-sieg\/","url":"https:\/\/www.organisator.ch\/management\/2016-06-17\/buchtipp-touch-point-sieg\/","name":"Conseil de lecture : Touch. Point. Victoire. - Organisateur","isPartOf":{"@id":"https:\/\/www.organisator.ch\/#website"},"primaryImageOfPage":{"@id":"https:\/\/www.organisator.ch\/management\/2016-06-17\/buchtipp-touch-point-sieg\/#primaryimage"},"image":{"@id":"https:\/\/www.organisator.ch\/management\/2016-06-17\/buchtipp-touch-point-sieg\/#primaryimage"},"thumbnailUrl":"https:\/\/www.organisator.ch\/wp-content\/uploads\/2016\/12\/Buchtipp-Touch.-Point.-Sieg.-organisator.jpg","datePublished":"2016-06-17T14:43:53+00:00","description":"Suggestion de livre : le dernier livre d'Anne M. Sch\u00fcller traite du th\u00e8me de la communication \u00e0 l'\u00e9poque de la transformation num\u00e9rique.","breadcrumb":{"@id":"https:\/\/www.organisator.ch\/management\/2016-06-17\/buchtipp-touch-point-sieg\/#breadcrumb"},"inLanguage":"fr-FR","potentialAction":[{"@type":"ReadAction","target":["https:\/\/www.organisator.ch\/management\/2016-06-17\/buchtipp-touch-point-sieg\/"]}]},{"@type":"ImageObject","inLanguage":"fr-FR","@id":"https:\/\/www.organisator.ch\/management\/2016-06-17\/buchtipp-touch-point-sieg\/#primaryimage","url":"https:\/\/www.organisator.ch\/wp-content\/uploads\/2016\/12\/Buchtipp-Touch.-Point.-Sieg.-organisator.jpg","contentUrl":"https:\/\/www.organisator.ch\/wp-content\/uploads\/2016\/12\/Buchtipp-Touch.-Point.-Sieg.-organisator.jpg","width":1180,"height":1616,"caption":"Das neueste Buch von Anne M. Sch\u00fcller: Touch. Point. Sieg. Kommunikation in Zeiten der digitalen Transformation."},{"@type":"BreadcrumbList","@id":"https:\/\/www.organisator.ch\/management\/2016-06-17\/buchtipp-touch-point-sieg\/#breadcrumb","itemListElement":[{"@type":"ListItem","position":1,"name":"Home","item":"https:\/\/www.organisator.ch\/"},{"@type":"ListItem","position":2,"name":"Buchtipp: Touch. Point. Sieg."}]},{"@type":"WebSite","@id":"https:\/\/www.organisator.ch\/#website","url":"https:\/\/www.organisator.ch\/","name":"Organisateur","description":"Comp\u00e9tence et comp\u00e9tence. Proches de la pratique. L'ORGANISATEUR pr\u00e9pare 10 num\u00e9ros par an sur les th\u00e8mes essentiels pour les dirigeants de PME.","publisher":{"@id":"https:\/\/www.organisator.ch\/#organization"},"potentialAction":[{"@type":"SearchAction","target":{"@type":"EntryPoint","urlTemplate":"https:\/\/www.organisator.ch\/?s={search_term_string}"},"query-input":{"@type":"PropertyValueSpecification","valueRequired":true,"valueName":"search_term_string"}}],"inLanguage":"fr-FR"},{"@type":"Organization","@id":"https:\/\/www.organisator.ch\/#organization","name":"Organisateur","url":"https:\/\/www.organisator.ch\/","logo":{"@type":"ImageObject","inLanguage":"fr-FR","@id":"https:\/\/www.organisator.ch\/#\/schema\/logo\/image\/","url":"https:\/\/www.organisator.ch\/wp-content\/uploads\/2022\/01\/Logo_Organisator_Website.png","contentUrl":"https:\/\/www.organisator.ch\/wp-content\/uploads\/2022\/01\/Logo_Organisator_Website.png","width":800,"height":77,"caption":"Organisator"},"image":{"@id":"https:\/\/www.organisator.ch\/#\/schema\/logo\/image\/"},"sameAs":["https:\/\/www.facebook.com\/OrganisatorFachmagazin","https:\/\/www.linkedin.com\/showcase\/organisator-das-magazin-fr-kmu","https:\/\/www.xing.com\/news\/pages\/organisator-ch-695","https:\/\/www.youtube.com\/channel\/UCGP2Sq0iWaZwT3BdIAQFYpw"]},{"@type":"Person","@id":"https:\/\/www.organisator.ch\/#\/schema\/person\/aa2bace6c5c5aad60102004a50c4eb1c","name":"admin","image":{"@type":"ImageObject","inLanguage":"fr-FR","@id":"https:\/\/secure.gravatar.com\/avatar\/ae2f4d718e6c49043e314ce431e7e645d646302a24a5ef5a8bc8e3f5a032e319?s=96&d=mm&r=g","url":"https:\/\/secure.gravatar.com\/avatar\/ae2f4d718e6c49043e314ce431e7e645d646302a24a5ef5a8bc8e3f5a032e319?s=96&d=mm&r=g","contentUrl":"https:\/\/secure.gravatar.com\/avatar\/ae2f4d718e6c49043e314ce431e7e645d646302a24a5ef5a8bc8e3f5a032e319?s=96&d=mm&r=g","caption":"admin"},"sameAs":["https:\/\/www.organisator.ch"],"url":"https:\/\/www.organisator.ch\/fr\/author\/admin\/"}]}},"_links":{"self":[{"href":"https:\/\/www.organisator.ch\/fr\/wp-json\/wp\/v2\/posts\/764","targetHints":{"allow":["GET"]}}],"collection":[{"href":"https:\/\/www.organisator.ch\/fr\/wp-json\/wp\/v2\/posts"}],"about":[{"href":"https:\/\/www.organisator.ch\/fr\/wp-json\/wp\/v2\/types\/post"}],"author":[{"embeddable":true,"href":"https:\/\/www.organisator.ch\/fr\/wp-json\/wp\/v2\/users\/1"}],"replies":[{"embeddable":true,"href":"https:\/\/www.organisator.ch\/fr\/wp-json\/wp\/v2\/comments?post=764"}],"version-history":[{"count":0,"href":"https:\/\/www.organisator.ch\/fr\/wp-json\/wp\/v2\/posts\/764\/revisions"}],"wp:featuredmedia":[{"embeddable":true,"href":"https:\/\/www.organisator.ch\/fr\/wp-json\/wp\/v2\/media\/766"}],"wp:attachment":[{"href":"https:\/\/www.organisator.ch\/fr\/wp-json\/wp\/v2\/media?parent=764"}],"wp:term":[{"taxonomy":"category","embeddable":true,"href":"https:\/\/www.organisator.ch\/fr\/wp-json\/wp\/v2\/categories?post=764"},{"taxonomy":"post_tag","embeddable":true,"href":"https:\/\/www.organisator.ch\/fr\/wp-json\/wp\/v2\/tags?post=764"}],"curies":[{"name":"wp","href":"https:\/\/api.w.org\/{rel}","templated":true}]}}