{"id":7641,"date":"2021-02-09T15:20:50","date_gmt":"2021-02-09T14:20:50","guid":{"rendered":"https:\/\/www.organisator.ch\/?p=7641"},"modified":"2021-02-09T15:20:50","modified_gmt":"2021-02-09T14:20:50","slug":"gewerbeverband-fordert-ende-des-lockdowns","status":"publish","type":"post","link":"https:\/\/www.organisator.ch\/fr\/allgemein\/2021-02-09\/gewerbeverband-fordert-ende-des-lockdowns\/","title":{"rendered":"L'Union des arts et m\u00e9tiers demande la fin du lockdown"},"content":{"rendered":"<figure id=\"attachment_7643\" aria-describedby=\"caption-attachment-7643\" style=\"width: 680px\" class=\"wp-caption alignnone\"><img loading=\"lazy\" decoding=\"async\" class=\"size-medium wp-image-7643\" src=\"https:\/\/www.organisator.ch\/wp-content\/uploads\/2021\/02\/Gewerbeverband-fordert-Ende-des-Lockdowns_Organisator.jpg\" alt=\"\" width=\"680\" height=\"617\" srcset=\"https:\/\/www.organisator.ch\/wp-content\/uploads\/2021\/02\/Gewerbeverband-fordert-Ende-des-Lockdowns_Organisator.jpg 680w, https:\/\/www.organisator.ch\/wp-content\/uploads\/2021\/02\/Gewerbeverband-fordert-Ende-des-Lockdowns_Organisator-13x12.jpg 13w, https:\/\/www.organisator.ch\/wp-content\/uploads\/2021\/02\/Gewerbeverband-fordert-Ende-des-Lockdowns_Organisator-193x175.jpg 193w, https:\/\/www.organisator.ch\/wp-content\/uploads\/2021\/02\/Gewerbeverband-fordert-Ende-des-Lockdowns_Organisator-386x350.jpg 386w, https:\/\/www.organisator.ch\/wp-content\/uploads\/2021\/02\/Gewerbeverband-fordert-Ende-des-Lockdowns_Organisator-300x272.jpg 300w\" sizes=\"auto, (max-width: 680px) 100vw, 680px\" \/><figcaption id=\"caption-attachment-7643\" class=\"wp-caption-text\">Finis les restaurants et les magasins ferm\u00e9s : l'Union suisse des arts et m\u00e9tiers demande la fin du lockdown et le retour \u00e0 des mesures bas\u00e9es sur l'\u00e9vidence. (Image : Unsplash.com)<\/figcaption><\/figure>\n<p>Hans-Ulrich Bigler, directeur de la <a href=\"https:\/\/www.sgv-usam.ch\/\">Union suisse des arts et m\u00e9tiers usam<\/a>Il n'enjolive rien : \"La situation est sombre et nous avons besoin de toute urgence d'une perspective\". L'incompr\u00e9hension face aux mesures prises jusqu'\u00e0 pr\u00e9sent pour lutter contre la pand\u00e9mie augmente. On s'oriente trop vers les pires sc\u00e9narios possibles, le lockdown actuel repose sur de fausses preuves et il y a trop d'alarmisme en g\u00e9n\u00e9ral, comme l'a d\u00e9clar\u00e9 Bigler lors d'une conf\u00e9rence de presse le 9 f\u00e9vrier 2021. La demande adress\u00e9e au Conseil f\u00e9d\u00e9ral est donc claire : il doit rapidement \"retrouver le chemin de la proportionnalit\u00e9\". Cela implique une fin du lockdown le 1er mars 2021, associ\u00e9e \u00e0 des mesures d'accompagnement cons\u00e9quentes telles que le d\u00e9pistage g\u00e9n\u00e9ralis\u00e9, la protection des groupes de population particuli\u00e8rement menac\u00e9s, l'acc\u00e9l\u00e9ration des campagnes de vaccination et la mise en \u0153uvre de concepts de protection dans les entreprises.<\/p>\n<h2><strong>La strat\u00e9gie du lockdown a \u00e9chou\u00e9<\/strong><\/h2>\n<p>Fabio Regazzi, conseiller national et pr\u00e9sident de l'usam, a d\u00e9clar\u00e9 aux m\u00e9dias que l'ouverture \u00e0 partir du 1er mars permettrait \u00e0 l'\u00e9conomie de fonctionner \u00e0 nouveau. Les gros d\u00e9g\u00e2ts du lockdown pourraient ainsi \u00eatre endigu\u00e9s. Avec la logique de la protection cibl\u00e9e et les mesures qui y sont li\u00e9es - vaccinations, tests et contact tracing - la libert\u00e9 \u00e9conomique peut \u00e0 nouveau \u00eatre garantie et les \u00e9changes sociaux peuvent se normaliser progressivement. Ce qui est important, c'est que l'\u00e9conomie dispose de concepts de protection qui comprennent des mesures d'hygi\u00e8ne et de distance. \"Ces concepts sont appliqu\u00e9s sur tout le territoire et ont fait leurs preuves, comme le prouvent les chiffres de l'OFSP sur les lieux de contamination\", a d\u00e9clar\u00e9 Regazzi. A la fin de son expos\u00e9, le pr\u00e9sident de l'usam a cit\u00e9 des entrepreneurs de PME qui t\u00e9moignent de leurs grandes difficult\u00e9s d'existence. Ainsi, un g\u00e9rant d'h\u00f4tel de 36 ans de Suisse romande lui a calcul\u00e9 qu'il lui faudrait plusieurs ann\u00e9es pour se r\u00e9tablir sur le plan professionnel et priv\u00e9. Ou encore un commer\u00e7ant d'articles de sport du Tessin qui lui a dit que sur 40 collaborateurs, seuls cinq \u00e9taient encore au travail - tous des membres de la famille du propri\u00e9taire. La seule chose que cette entreprise est autoris\u00e9e \u00e0 proposer actuellement, ce sont des services de ski et de v\u00e9lo. Le vice-pr\u00e9sident de l'usam Andr\u00e9 Berdoz fait lui aussi \u00e9tat de voix \"entre profonde d\u00e9sillusion et espoirs d\u00e9\u00e7us\". La fermeture de secteurs \"non vitaux\" a de graves cons\u00e9quences pour les entreprises concern\u00e9es, qui doivent vivre avec le sentiment qu'on leur d\u00e9nie leur droit \u00e0 l'existence \u00e9conomique. Dans la premi\u00e8re phase de la pand\u00e9mie, lorsqu'il s'agissait de se pr\u00e9parer \u00e0 la fin du lockdown, qui a pr\u00e9valu de mi-mars \u00e0 mi-avril de l'ann\u00e9e derni\u00e8re, les entreprises \u00e9taient extraordinairement disciplin\u00e9es. L'ambiance est d\u00e9sormais diff\u00e9rente. <a href=\"https:\/\/www.organisator.ch\/lockdown-und-kein-ende-stimmen-aus-den-kmu\/\">C'est ce que montrent de nombreuses voix de PME<\/a>.<\/p>\n<h2><strong>Fin du lockdown ou \"mettons-nous au travail<\/strong><\/h2>\n<p>Fabio Regazzi qualifie \u00e9galement la strat\u00e9gie actuelle de lockdown d'\u00e9chec. \"Les PME ont besoin d'une perspective. Pas de hic et de nunc et d'enchev\u00eatrement de mesures incompr\u00e9hensibles. Nous avons besoin d'une strat\u00e9gie de sortie fiable\". Tomas Prenosil de Handelsverband.swiss a critiqu\u00e9 l'effet n\u00e9gatif de la fermeture du commerce stationnaire sur les gens. L'effet de restreindre la mobilit\u00e9 en fermant les magasins n'est pas visible, critique-t-il. Il s'agit donc d'apprendre \u00e0 vivre avec Covid. Werner Scherrer, pr\u00e9sident de l'association des PME et des artisans du canton de Zurich et lui-m\u00eame entrepreneur, demande : \"Laissez-nous travailler\". Car pour de nombreuses PME, il est maintenant minuit moins cinq, attendre n'est plus une option et le d\u00e9sespoir et le m\u00e9contentement augmentent. Il existe pourtant des solutions pour permettre une vie \u00e9conomique plus ou moins normale m\u00eame dans les conditions de Covid, par exemple en assouplissant au maximum les heures d'ouverture des magasins ou par le shopping priv\u00e9 : les clients viennent faire leurs achats dans le magasin sur rendez-vous. Scherrer n'est pas du tout favorable \u00e0 l'obligation de travailler \u00e0 domicile : celle-ci n'a rien apport\u00e9, si ce n'est des contr\u00f4les co\u00fbteux et vexatoires. \"Cette obligation doit donc \u00eatre supprim\u00e9e imm\u00e9diatement\", demande Scherrer. \"Les entreprises auront ainsi une plus grande marge de man\u0153uvre. La responsabilit\u00e9 individuelle et un travail de persuasion cr\u00e9dible apportent plus que des prescriptions \u00e9tatiques chez des citoyennes et des citoyens responsables\".<\/p>\n<h2><strong>Assembler \"intelligemment\" des \u00e9l\u00e9ments \u00e9prouv\u00e9s<\/strong><\/h2>\n<p>En demandant la fin du lockdown, l'usam exprime la \"fatigue de Corona\" croissante dans l'\u00e9conomie et la soci\u00e9t\u00e9. La question reste toutefois de savoir si une ouverture trop pr\u00e9coce ne risque pas de provoquer une nouvelle vague en raison de l'augmentation des mutations. Il n'y a pas de r\u00e9ponse concluante \u00e0 cette question, si ce n'est, comme le dit Tomas Prenosil : \"Nous devons vivre avec le fait que Covid restera \u00e0 moyen terme. Nous ne pouvons pas nous permettre un lockdown \u00e0 moyen terme. Si la situation actuelle perdure, la base de notre coh\u00e9sion sociale s'\u00e9rodera. Nous devons donc d\u00e9velopper des strat\u00e9gies pour continuer \u00e0 \u00e9changer et, bien entendu, \u00e0 nous prot\u00e9ger. Cela passe par une bonne strat\u00e9gie de vaccination, par le tra\u00e7age des contacts, par des tests, par la rupture des pics dans les transports et par des concepts de protection. La bonne nouvelle, c'est que tous ces \u00e9l\u00e9ments sont d\u00e9j\u00e0 l\u00e0. Il ne nous reste plus qu'\u00e0 les assembler intelligemment. C'est pr\u00e9cis\u00e9ment ce que nous attendons et exigeons du gouvernement\".<\/p>\n<blockquote>\n<h2><strong>Les revendications de l'usam<\/strong><\/h2>\n<p>Dans l'int\u00e9r\u00eat des PME suisses, la plus grande organisation fa\u00eeti\u00e8re de l'\u00e9conomie suisse s'engage pour des conditions-cadres \u00e9conomiques et politiques optimales ainsi que pour un environnement favorable aux entreprises. C'est dans ce contexte que l'usam demande, dans une prise de position<\/p>\n<ul>\n<li>L'\u00e9laboration d'indicateurs fiables avec des valeurs limites objectives et constantes, qui servent de base \u00e0 une politique bas\u00e9e sur des preuves ;<\/li>\n<li>l'ouverture de tous les secteurs \u00e9conomiques \u00e0 partir du 1er mars 2021, avec un retour \u00e0 une logique de protection cibl\u00e9e, soutenue par des tests et des concepts de protection cibl\u00e9s ;<\/li>\n<li>Le renforcement du programme de vaccination avec des indications contraignantes sur sa mise en \u0153uvre ;<\/li>\n<li>l'interruption des cha\u00eenes d'infection gr\u00e2ce \u00e0 un tra\u00e7age cibl\u00e9 des contacts ;<\/li>\n<li>la mise en \u0153uvre de mesures d'accompagnement telles que la suppression de l'obligation de travailler \u00e0 domicile, les ouvertures partielles et les assouplissements d'ici au 1er mars 2021 ;<\/li>\n<li>La suppression des lacunes dans le r\u00e9gime des cas de rigueur ainsi que sa mise en \u0153uvre rapide ;<\/li>\n<li>un coup de pouce \u00e0 la num\u00e9risation dans l'administration f\u00e9d\u00e9rale et dans le secteur de la sant\u00e9 ; car nombre de ces exigences peuvent \u00eatre mises en \u0153uvre de mani\u00e8re simple et peu co\u00fbteuse par voie num\u00e9rique<\/li>\n<\/ul>\n<p><em>Plus d'informations : <a href=\"https:\/\/www.sgv-usam.ch\/\">https:\/\/www.sgv-usam.ch\/<\/a><\/em><\/p><\/blockquote>","protected":false},"excerpt":{"rendered":"<p>Hans-Ulrich Bigler, Gesch\u00e4ftsf\u00fchrer des Schweizerischen Gewerbeverbands sgv, besch\u00f6nigt nichts: \u00abDie Lage ist d\u00fcster und wir ben\u00f6tigen dringend eine Perspektive.\u00bb Das Unverst\u00e4ndnis gegen\u00fcber den bisher getroffenen Massnahmen zur Pandemie-Bek\u00e4mpfung nehme zu. Man richte sich zu stark nach den schlimmstm\u00f6glichen Szenarien, der aktuelle Lockdown beruhe auf falscher Evidenz und allgemein herrsche zu viel Alarmismus, wie Bigler anl\u00e4sslich [&hellip;]<\/p>\n","protected":false},"author":4,"featured_media":7643,"comment_status":"closed","ping_status":"closed","sticky":false,"template":"","format":"standard","meta":{"_acf_changed":false,"_yoast_wpseo_focuskw":"Ende des Lockdowns","_yoast_wpseo_metadesc":"Der sgv fordert ein Ende des Lockdowns per 1. M\u00e4rz 2021. Die Dachorganisation der Schweizer KMU erachtet die bisherige Pandemie-Strategie als gescheitert.","articlekey":"","footnotes":""},"categories":[1],"tags":[132,492,531],"class_list":["post-7641","post","type-post","status-publish","format-standard","has-post-thumbnail","hentry","category-allgemein","tag-coronavirus","tag-unternehmen","tag-wirtschaftspolitik"],"acf":[],"yoast_head":"<!-- This site is optimized with the Yoast SEO plugin v27.4 - https:\/\/yoast.com\/product\/yoast-seo-wordpress\/ -->\n<title>Gewerbeverband fordert Ende des Lockdowns - Organisator<\/title>\n<meta name=\"description\" content=\"Der sgv fordert ein Ende des Lockdowns per 1. M\u00e4rz 2021. Die Dachorganisation der Schweizer KMU erachtet die bisherige Pandemie-Strategie als gescheitert.\" \/>\n<meta name=\"robots\" content=\"index, follow, max-snippet:-1, max-image-preview:large, max-video-preview:-1\" \/>\n<link rel=\"canonical\" href=\"https:\/\/www.organisator.ch\/fr\/general\/2021-02-09\/gewerbeverband-fordert-ende-des-lockdowns\/\" \/>\n<meta property=\"og:locale\" content=\"fr_FR\" \/>\n<meta property=\"og:type\" content=\"article\" \/>\n<meta property=\"og:title\" content=\"Gewerbeverband fordert Ende des Lockdowns\" \/>\n<meta property=\"og:description\" content=\"Der sgv fordert ein Ende des Lockdowns per 1. M\u00e4rz 2021. Die Dachorganisation der Schweizer KMU erachtet die bisherige Pandemie-Strategie als gescheitert.\" \/>\n<meta property=\"og:url\" content=\"https:\/\/www.organisator.ch\/fr\/general\/2021-02-09\/gewerbeverband-fordert-ende-des-lockdowns\/\" \/>\n<meta property=\"og:site_name\" content=\"Organisator\" \/>\n<meta property=\"article:publisher\" content=\"https:\/\/www.facebook.com\/OrganisatorFachmagazin\" \/>\n<meta property=\"article:published_time\" content=\"2021-02-09T14:20:50+00:00\" \/>\n<meta property=\"og:image\" content=\"https:\/\/www.organisator.ch\/wp-content\/uploads\/2021\/02\/Gewerbeverband-fordert-Ende-des-Lockdowns_Organisator.jpg\" \/>\n\t<meta property=\"og:image:width\" content=\"680\" \/>\n\t<meta property=\"og:image:height\" content=\"617\" \/>\n\t<meta property=\"og:image:type\" content=\"image\/jpeg\" \/>\n<meta name=\"author\" content=\"thomas.berner\" \/>\n<meta name=\"twitter:card\" content=\"summary_large_image\" \/>\n<meta name=\"twitter:title\" content=\"#Gewerbeverband fordert Ende des Lockdowns\" \/>\n<meta name=\"twitter:description\" content=\"Der #sgv fordert ein Ende des #Lockdowns per 1. M\u00e4rz 2021. Die Dachorganisation der Schweizer KMU erachtet die bisherige #Pandemie-Strategie als gescheitert.\" \/>\n<meta name=\"twitter:image\" content=\"https:\/\/www.organisator.ch\/wp-content\/uploads\/2021\/02\/Gewerbeverband-fordert-Ende-des-Lockdowns_Organisator.jpg\" \/>\n<script type=\"application\/ld+json\" class=\"yoast-schema-graph\">{\"@context\":\"https:\\\/\\\/schema.org\",\"@graph\":[{\"@type\":\"Article\",\"@id\":\"https:\\\/\\\/www.organisator.ch\\\/en\\\/general\\\/2021-02-09\\\/gewerbeverband-fordert-ende-des-lockdowns\\\/#article\",\"isPartOf\":{\"@id\":\"https:\\\/\\\/www.organisator.ch\\\/en\\\/general\\\/2021-02-09\\\/gewerbeverband-fordert-ende-des-lockdowns\\\/\"},\"author\":{\"name\":\"thomas.berner\",\"@id\":\"https:\\\/\\\/www.organisator.ch\\\/#\\\/schema\\\/person\\\/6f650f90b2842cd4c0cc334b4e36f67e\"},\"headline\":\"Gewerbeverband fordert Ende des Lockdowns\",\"datePublished\":\"2021-02-09T14:20:50+00:00\",\"mainEntityOfPage\":{\"@id\":\"https:\\\/\\\/www.organisator.ch\\\/en\\\/general\\\/2021-02-09\\\/gewerbeverband-fordert-ende-des-lockdowns\\\/\"},\"wordCount\":995,\"publisher\":{\"@id\":\"https:\\\/\\\/www.organisator.ch\\\/#organization\"},\"image\":{\"@id\":\"https:\\\/\\\/www.organisator.ch\\\/en\\\/general\\\/2021-02-09\\\/gewerbeverband-fordert-ende-des-lockdowns\\\/#primaryimage\"},\"thumbnailUrl\":\"https:\\\/\\\/www.organisator.ch\\\/wp-content\\\/uploads\\\/2021\\\/02\\\/Gewerbeverband-fordert-Ende-des-Lockdowns_Organisator.jpg\",\"keywords\":[\"Coronavirus\",\"Unternehmen\",\"Wirtschaftspolitik\"],\"articleSection\":[\"Allgemein\"],\"inLanguage\":\"fr-FR\"},{\"@type\":\"WebPage\",\"@id\":\"https:\\\/\\\/www.organisator.ch\\\/en\\\/general\\\/2021-02-09\\\/gewerbeverband-fordert-ende-des-lockdowns\\\/\",\"url\":\"https:\\\/\\\/www.organisator.ch\\\/en\\\/general\\\/2021-02-09\\\/gewerbeverband-fordert-ende-des-lockdowns\\\/\",\"name\":\"Gewerbeverband fordert Ende des Lockdowns - Organisator\",\"isPartOf\":{\"@id\":\"https:\\\/\\\/www.organisator.ch\\\/#website\"},\"primaryImageOfPage\":{\"@id\":\"https:\\\/\\\/www.organisator.ch\\\/en\\\/general\\\/2021-02-09\\\/gewerbeverband-fordert-ende-des-lockdowns\\\/#primaryimage\"},\"image\":{\"@id\":\"https:\\\/\\\/www.organisator.ch\\\/en\\\/general\\\/2021-02-09\\\/gewerbeverband-fordert-ende-des-lockdowns\\\/#primaryimage\"},\"thumbnailUrl\":\"https:\\\/\\\/www.organisator.ch\\\/wp-content\\\/uploads\\\/2021\\\/02\\\/Gewerbeverband-fordert-Ende-des-Lockdowns_Organisator.jpg\",\"datePublished\":\"2021-02-09T14:20:50+00:00\",\"description\":\"Der sgv fordert ein Ende des Lockdowns per 1. M\u00e4rz 2021. Die Dachorganisation der Schweizer KMU erachtet die bisherige Pandemie-Strategie als gescheitert.\",\"breadcrumb\":{\"@id\":\"https:\\\/\\\/www.organisator.ch\\\/en\\\/general\\\/2021-02-09\\\/gewerbeverband-fordert-ende-des-lockdowns\\\/#breadcrumb\"},\"inLanguage\":\"fr-FR\",\"potentialAction\":[{\"@type\":\"ReadAction\",\"target\":[\"https:\\\/\\\/www.organisator.ch\\\/en\\\/general\\\/2021-02-09\\\/gewerbeverband-fordert-ende-des-lockdowns\\\/\"]}]},{\"@type\":\"ImageObject\",\"inLanguage\":\"fr-FR\",\"@id\":\"https:\\\/\\\/www.organisator.ch\\\/en\\\/general\\\/2021-02-09\\\/gewerbeverband-fordert-ende-des-lockdowns\\\/#primaryimage\",\"url\":\"https:\\\/\\\/www.organisator.ch\\\/wp-content\\\/uploads\\\/2021\\\/02\\\/Gewerbeverband-fordert-Ende-des-Lockdowns_Organisator.jpg\",\"contentUrl\":\"https:\\\/\\\/www.organisator.ch\\\/wp-content\\\/uploads\\\/2021\\\/02\\\/Gewerbeverband-fordert-Ende-des-Lockdowns_Organisator.jpg\",\"width\":680,\"height\":617,\"caption\":\"Schluss mit geschlossenen Restaurants und L\u00e4den: Der Schweizerische Gewerbeverband fordert ein Ende des Lockdowns und eine R\u00fcckkehr zu evidenz-basierten Massnahmen. (Bild: Unsplash.com)\"},{\"@type\":\"BreadcrumbList\",\"@id\":\"https:\\\/\\\/www.organisator.ch\\\/en\\\/general\\\/2021-02-09\\\/gewerbeverband-fordert-ende-des-lockdowns\\\/#breadcrumb\",\"itemListElement\":[{\"@type\":\"ListItem\",\"position\":1,\"name\":\"Home\",\"item\":\"https:\\\/\\\/www.organisator.ch\\\/\"},{\"@type\":\"ListItem\",\"position\":2,\"name\":\"Gewerbeverband fordert Ende des Lockdowns\"}]},{\"@type\":\"WebSite\",\"@id\":\"https:\\\/\\\/www.organisator.ch\\\/#website\",\"url\":\"https:\\\/\\\/www.organisator.ch\\\/\",\"name\":\"Organisator\",\"description\":\"Kompetent. Praxisnah. Der ORGANISATOR bereitet in 10 Ausgaben pro Jahr die wesentlichen Themen f\u00fcr F\u00fchrungskr\u00e4fte von KMU auf.\",\"publisher\":{\"@id\":\"https:\\\/\\\/www.organisator.ch\\\/#organization\"},\"potentialAction\":[{\"@type\":\"SearchAction\",\"target\":{\"@type\":\"EntryPoint\",\"urlTemplate\":\"https:\\\/\\\/www.organisator.ch\\\/?s={search_term_string}\"},\"query-input\":{\"@type\":\"PropertyValueSpecification\",\"valueRequired\":true,\"valueName\":\"search_term_string\"}}],\"inLanguage\":\"fr-FR\"},{\"@type\":\"Organization\",\"@id\":\"https:\\\/\\\/www.organisator.ch\\\/#organization\",\"name\":\"Organisator\",\"url\":\"https:\\\/\\\/www.organisator.ch\\\/\",\"logo\":{\"@type\":\"ImageObject\",\"inLanguage\":\"fr-FR\",\"@id\":\"https:\\\/\\\/www.organisator.ch\\\/#\\\/schema\\\/logo\\\/image\\\/\",\"url\":\"https:\\\/\\\/www.organisator.ch\\\/wp-content\\\/uploads\\\/2022\\\/01\\\/Logo_Organisator_Website.png\",\"contentUrl\":\"https:\\\/\\\/www.organisator.ch\\\/wp-content\\\/uploads\\\/2022\\\/01\\\/Logo_Organisator_Website.png\",\"width\":800,\"height\":77,\"caption\":\"Organisator\"},\"image\":{\"@id\":\"https:\\\/\\\/www.organisator.ch\\\/#\\\/schema\\\/logo\\\/image\\\/\"},\"sameAs\":[\"https:\\\/\\\/www.facebook.com\\\/OrganisatorFachmagazin\",\"https:\\\/\\\/www.linkedin.com\\\/showcase\\\/organisator-das-magazin-fr-kmu\",\"https:\\\/\\\/www.xing.com\\\/news\\\/pages\\\/organisator-ch-695\",\"https:\\\/\\\/www.youtube.com\\\/channel\\\/UCGP2Sq0iWaZwT3BdIAQFYpw\"]},{\"@type\":\"Person\",\"@id\":\"https:\\\/\\\/www.organisator.ch\\\/#\\\/schema\\\/person\\\/6f650f90b2842cd4c0cc334b4e36f67e\",\"name\":\"thomas.berner\",\"image\":{\"@type\":\"ImageObject\",\"inLanguage\":\"fr-FR\",\"@id\":\"https:\\\/\\\/secure.gravatar.com\\\/avatar\\\/ac5001d2a36cb6c6cd3e50789007ffca834b477b74a2144564522e944eabff61?s=96&d=mm&r=g\",\"url\":\"https:\\\/\\\/secure.gravatar.com\\\/avatar\\\/ac5001d2a36cb6c6cd3e50789007ffca834b477b74a2144564522e944eabff61?s=96&d=mm&r=g\",\"contentUrl\":\"https:\\\/\\\/secure.gravatar.com\\\/avatar\\\/ac5001d2a36cb6c6cd3e50789007ffca834b477b74a2144564522e944eabff61?s=96&d=mm&r=g\",\"caption\":\"thomas.berner\"},\"url\":\"https:\\\/\\\/www.organisator.ch\\\/fr\\\/author\\\/thomas-berner\\\/\"}]}<\/script>\n<!-- \/ Yoast SEO plugin. -->","yoast_head_json":{"title":"L'Union des arts et m\u00e9tiers demande la fin du lockdown - Organisateur","description":"L'usam demande la fin du lockdown au 1er mars 2021. L'organisation fa\u00eeti\u00e8re des PME suisses estime que la strat\u00e9gie actuelle de lutte contre la pand\u00e9mie a \u00e9chou\u00e9.","robots":{"index":"index","follow":"follow","max-snippet":"max-snippet:-1","max-image-preview":"max-image-preview:large","max-video-preview":"max-video-preview:-1"},"canonical":"https:\/\/www.organisator.ch\/fr\/general\/2021-02-09\/gewerbeverband-fordert-ende-des-lockdowns\/","og_locale":"fr_FR","og_type":"article","og_title":"Gewerbeverband fordert Ende des Lockdowns","og_description":"Der sgv fordert ein Ende des Lockdowns per 1. M\u00e4rz 2021. Die Dachorganisation der Schweizer KMU erachtet die bisherige Pandemie-Strategie als gescheitert.","og_url":"https:\/\/www.organisator.ch\/fr\/general\/2021-02-09\/gewerbeverband-fordert-ende-des-lockdowns\/","og_site_name":"Organisator","article_publisher":"https:\/\/www.facebook.com\/OrganisatorFachmagazin","article_published_time":"2021-02-09T14:20:50+00:00","og_image":[{"width":680,"height":617,"url":"https:\/\/www.organisator.ch\/wp-content\/uploads\/2021\/02\/Gewerbeverband-fordert-Ende-des-Lockdowns_Organisator.jpg","type":"image\/jpeg"}],"author":"thomas.berner","twitter_card":"summary_large_image","twitter_title":"#Gewerbeverband fordert Ende des Lockdowns","twitter_description":"Der #sgv fordert ein Ende des #Lockdowns per 1. M\u00e4rz 2021. Die Dachorganisation der Schweizer KMU erachtet die bisherige #Pandemie-Strategie als gescheitert.","twitter_image":"https:\/\/www.organisator.ch\/wp-content\/uploads\/2021\/02\/Gewerbeverband-fordert-Ende-des-Lockdowns_Organisator.jpg","schema":{"@context":"https:\/\/schema.org","@graph":[{"@type":"Article","@id":"https:\/\/www.organisator.ch\/en\/general\/2021-02-09\/gewerbeverband-fordert-ende-des-lockdowns\/#article","isPartOf":{"@id":"https:\/\/www.organisator.ch\/en\/general\/2021-02-09\/gewerbeverband-fordert-ende-des-lockdowns\/"},"author":{"name":"thomas.berner","@id":"https:\/\/www.organisator.ch\/#\/schema\/person\/6f650f90b2842cd4c0cc334b4e36f67e"},"headline":"Gewerbeverband fordert Ende des Lockdowns","datePublished":"2021-02-09T14:20:50+00:00","mainEntityOfPage":{"@id":"https:\/\/www.organisator.ch\/en\/general\/2021-02-09\/gewerbeverband-fordert-ende-des-lockdowns\/"},"wordCount":995,"publisher":{"@id":"https:\/\/www.organisator.ch\/#organization"},"image":{"@id":"https:\/\/www.organisator.ch\/en\/general\/2021-02-09\/gewerbeverband-fordert-ende-des-lockdowns\/#primaryimage"},"thumbnailUrl":"https:\/\/www.organisator.ch\/wp-content\/uploads\/2021\/02\/Gewerbeverband-fordert-Ende-des-Lockdowns_Organisator.jpg","keywords":["Coronavirus","Unternehmen","Wirtschaftspolitik"],"articleSection":["Allgemein"],"inLanguage":"fr-FR"},{"@type":"WebPage","@id":"https:\/\/www.organisator.ch\/en\/general\/2021-02-09\/gewerbeverband-fordert-ende-des-lockdowns\/","url":"https:\/\/www.organisator.ch\/en\/general\/2021-02-09\/gewerbeverband-fordert-ende-des-lockdowns\/","name":"L'Union des arts et m\u00e9tiers demande la fin du lockdown - Organisateur","isPartOf":{"@id":"https:\/\/www.organisator.ch\/#website"},"primaryImageOfPage":{"@id":"https:\/\/www.organisator.ch\/en\/general\/2021-02-09\/gewerbeverband-fordert-ende-des-lockdowns\/#primaryimage"},"image":{"@id":"https:\/\/www.organisator.ch\/en\/general\/2021-02-09\/gewerbeverband-fordert-ende-des-lockdowns\/#primaryimage"},"thumbnailUrl":"https:\/\/www.organisator.ch\/wp-content\/uploads\/2021\/02\/Gewerbeverband-fordert-Ende-des-Lockdowns_Organisator.jpg","datePublished":"2021-02-09T14:20:50+00:00","description":"L'usam demande la fin du lockdown au 1er mars 2021. L'organisation fa\u00eeti\u00e8re des PME suisses estime que la strat\u00e9gie actuelle de lutte contre la pand\u00e9mie a \u00e9chou\u00e9.","breadcrumb":{"@id":"https:\/\/www.organisator.ch\/en\/general\/2021-02-09\/gewerbeverband-fordert-ende-des-lockdowns\/#breadcrumb"},"inLanguage":"fr-FR","potentialAction":[{"@type":"ReadAction","target":["https:\/\/www.organisator.ch\/en\/general\/2021-02-09\/gewerbeverband-fordert-ende-des-lockdowns\/"]}]},{"@type":"ImageObject","inLanguage":"fr-FR","@id":"https:\/\/www.organisator.ch\/en\/general\/2021-02-09\/gewerbeverband-fordert-ende-des-lockdowns\/#primaryimage","url":"https:\/\/www.organisator.ch\/wp-content\/uploads\/2021\/02\/Gewerbeverband-fordert-Ende-des-Lockdowns_Organisator.jpg","contentUrl":"https:\/\/www.organisator.ch\/wp-content\/uploads\/2021\/02\/Gewerbeverband-fordert-Ende-des-Lockdowns_Organisator.jpg","width":680,"height":617,"caption":"Schluss mit geschlossenen Restaurants und L\u00e4den: Der Schweizerische Gewerbeverband fordert ein Ende des Lockdowns und eine R\u00fcckkehr zu evidenz-basierten Massnahmen. (Bild: Unsplash.com)"},{"@type":"BreadcrumbList","@id":"https:\/\/www.organisator.ch\/en\/general\/2021-02-09\/gewerbeverband-fordert-ende-des-lockdowns\/#breadcrumb","itemListElement":[{"@type":"ListItem","position":1,"name":"Home","item":"https:\/\/www.organisator.ch\/"},{"@type":"ListItem","position":2,"name":"Gewerbeverband fordert Ende des Lockdowns"}]},{"@type":"WebSite","@id":"https:\/\/www.organisator.ch\/#website","url":"https:\/\/www.organisator.ch\/","name":"Organisateur","description":"Comp\u00e9tence et comp\u00e9tence. Proches de la pratique. L'ORGANISATEUR pr\u00e9pare 10 num\u00e9ros par an sur les th\u00e8mes essentiels pour les dirigeants de PME.","publisher":{"@id":"https:\/\/www.organisator.ch\/#organization"},"potentialAction":[{"@type":"SearchAction","target":{"@type":"EntryPoint","urlTemplate":"https:\/\/www.organisator.ch\/?s={search_term_string}"},"query-input":{"@type":"PropertyValueSpecification","valueRequired":true,"valueName":"search_term_string"}}],"inLanguage":"fr-FR"},{"@type":"Organization","@id":"https:\/\/www.organisator.ch\/#organization","name":"Organisateur","url":"https:\/\/www.organisator.ch\/","logo":{"@type":"ImageObject","inLanguage":"fr-FR","@id":"https:\/\/www.organisator.ch\/#\/schema\/logo\/image\/","url":"https:\/\/www.organisator.ch\/wp-content\/uploads\/2022\/01\/Logo_Organisator_Website.png","contentUrl":"https:\/\/www.organisator.ch\/wp-content\/uploads\/2022\/01\/Logo_Organisator_Website.png","width":800,"height":77,"caption":"Organisator"},"image":{"@id":"https:\/\/www.organisator.ch\/#\/schema\/logo\/image\/"},"sameAs":["https:\/\/www.facebook.com\/OrganisatorFachmagazin","https:\/\/www.linkedin.com\/showcase\/organisator-das-magazin-fr-kmu","https:\/\/www.xing.com\/news\/pages\/organisator-ch-695","https:\/\/www.youtube.com\/channel\/UCGP2Sq0iWaZwT3BdIAQFYpw"]},{"@type":"Person","@id":"https:\/\/www.organisator.ch\/#\/schema\/person\/6f650f90b2842cd4c0cc334b4e36f67e","name":"thomas.berner","image":{"@type":"ImageObject","inLanguage":"fr-FR","@id":"https:\/\/secure.gravatar.com\/avatar\/ac5001d2a36cb6c6cd3e50789007ffca834b477b74a2144564522e944eabff61?s=96&d=mm&r=g","url":"https:\/\/secure.gravatar.com\/avatar\/ac5001d2a36cb6c6cd3e50789007ffca834b477b74a2144564522e944eabff61?s=96&d=mm&r=g","contentUrl":"https:\/\/secure.gravatar.com\/avatar\/ac5001d2a36cb6c6cd3e50789007ffca834b477b74a2144564522e944eabff61?s=96&d=mm&r=g","caption":"thomas.berner"},"url":"https:\/\/www.organisator.ch\/fr\/author\/thomas-berner\/"}]}},"_links":{"self":[{"href":"https:\/\/www.organisator.ch\/fr\/wp-json\/wp\/v2\/posts\/7641","targetHints":{"allow":["GET"]}}],"collection":[{"href":"https:\/\/www.organisator.ch\/fr\/wp-json\/wp\/v2\/posts"}],"about":[{"href":"https:\/\/www.organisator.ch\/fr\/wp-json\/wp\/v2\/types\/post"}],"author":[{"embeddable":true,"href":"https:\/\/www.organisator.ch\/fr\/wp-json\/wp\/v2\/users\/4"}],"replies":[{"embeddable":true,"href":"https:\/\/www.organisator.ch\/fr\/wp-json\/wp\/v2\/comments?post=7641"}],"version-history":[{"count":0,"href":"https:\/\/www.organisator.ch\/fr\/wp-json\/wp\/v2\/posts\/7641\/revisions"}],"wp:featuredmedia":[{"embeddable":true,"href":"https:\/\/www.organisator.ch\/fr\/wp-json\/wp\/v2\/media\/7643"}],"wp:attachment":[{"href":"https:\/\/www.organisator.ch\/fr\/wp-json\/wp\/v2\/media?parent=7641"}],"wp:term":[{"taxonomy":"category","embeddable":true,"href":"https:\/\/www.organisator.ch\/fr\/wp-json\/wp\/v2\/categories?post=7641"},{"taxonomy":"post_tag","embeddable":true,"href":"https:\/\/www.organisator.ch\/fr\/wp-json\/wp\/v2\/tags?post=7641"}],"curies":[{"name":"wp","href":"https:\/\/api.w.org\/{rel}","templated":true}]}}