{"id":7685,"date":"2021-02-18T17:02:55","date_gmt":"2021-02-18T16:02:55","guid":{"rendered":"https:\/\/www.organisator.ch\/?p=7685"},"modified":"2021-02-18T17:02:55","modified_gmt":"2021-02-18T16:02:55","slug":"kmu-mem-benoetigen-weiterhin-durchhaltewillen","status":"publish","type":"post","link":"https:\/\/www.organisator.ch\/fr\/management\/2021-02-18\/kmu-mem-benoetigen-weiterhin-durchhaltewillen\/","title":{"rendered":"Les PME-MEM doivent continuer \u00e0 faire preuve de pers\u00e9v\u00e9rance"},"content":{"rendered":"<figure id=\"attachment_7686\" aria-describedby=\"caption-attachment-7686\" style=\"width: 680px\" class=\"wp-caption alignnone\"><img loading=\"lazy\" decoding=\"async\" class=\"size-medium wp-image-7686\" src=\"https:\/\/www.organisator.ch\/wp-content\/uploads\/2021\/02\/KMU-MEM-benoetigen-weiterhin-Durchhaltewillen_Organisator.jpg\" alt=\"\" width=\"680\" height=\"448\" srcset=\"https:\/\/www.organisator.ch\/wp-content\/uploads\/2021\/02\/KMU-MEM-benoetigen-weiterhin-Durchhaltewillen_Organisator.jpg 680w, https:\/\/www.organisator.ch\/wp-content\/uploads\/2021\/02\/KMU-MEM-benoetigen-weiterhin-Durchhaltewillen_Organisator-16x12.jpg 16w, https:\/\/www.organisator.ch\/wp-content\/uploads\/2021\/02\/KMU-MEM-benoetigen-weiterhin-Durchhaltewillen_Organisator-266x175.jpg 266w, https:\/\/www.organisator.ch\/wp-content\/uploads\/2021\/02\/KMU-MEM-benoetigen-weiterhin-Durchhaltewillen_Organisator-531x350.jpg 531w, https:\/\/www.organisator.ch\/wp-content\/uploads\/2021\/02\/KMU-MEM-benoetigen-weiterhin-Durchhaltewillen_Organisator-300x198.jpg 300w\" sizes=\"auto, (max-width: 680px) 100vw, 680px\" \/><figcaption id=\"caption-attachment-7686\" class=\"wp-caption-text\">Les PME-MEM continuent de souffrir de ces conditions \u00e9conomiques. (Graphique : Swissmechanic)<\/figcaption><\/figure>\n<p>La r\u00e9cession de Corona a d\u00e9sormais pris des proportions historiques. C'est ce que montre l'enqu\u00eate men\u00e9e en janvier aupr\u00e8s de quelque 300 entreprises membres de Swissmechanic. Pour la sixi\u00e8me fois cons\u00e9cutive, et donc depuis 1\u00bd ans d\u00e9j\u00e0, l'indice trimestriel du climat des affaires pour les PME-MEM est dans le rouge. Du c\u00f4t\u00e9 de l'offre, la branche MEM souffre davantage de l'absent\u00e9isme dans la deuxi\u00e8me vague (29 pour cent) que dans la premi\u00e8re (25 pour cent des entreprises). Cela n'est pas \u00e9tonnant, car le nombre de cas d\u00e9passe de plusieurs fois celui du d\u00e9but de l'ann\u00e9e 2020. Le taux d'utilisation des capacit\u00e9s reste bas, bien qu'il ait l\u00e9g\u00e8rement augment\u00e9 depuis le dernier trimestre.<\/p>\n<h2><strong>PME-MEM : \"Des d\u00e9cisions difficiles et difficiles \u00e0 prendre\".<\/strong><\/h2>\n<p>Environ deux entreprises sur trois ont annonc\u00e9 le ch\u00f4mage partiel. Les entreprises MEM s'attendent \u00e0 ce que le ch\u00f4mage partiel effectif atteigne 26 pour cent au premier trimestre 2021. 62 pour cent ont d\u00e9cr\u00e9t\u00e9 un gel des embauches. Une PME sur quatre pr\u00e9voit de licencier. \"Ces chiffres montrent que nos entreprises membres doivent prendre des d\u00e9cisions difficiles et s\u00e9v\u00e8res pour pouvoir survivre dans cette crise\", d\u00e9clare le directeur de Swissmechanic J\u00fcrg Marti. Selon lui, il est malheureusement encore trop t\u00f4t pour lever l'alerte. \"La branche MEM est loin d'\u00eatre tir\u00e9e d'affaire, les PME-MEM doivent tenir bon et ont besoin de beaucoup de souffle\".<\/p>\n<h2><strong>Les mesures d'aide restent n\u00e9cessaires<\/strong><\/h2>\n<p>Les mesures d'aide d'urgence, telles que l'extension et la simplification du ch\u00f4mage partiel, les cr\u00e9dits de transition et la r\u00e9glementation des cas de rigueur, ont \u00e9t\u00e9 tr\u00e8s importantes pour garantir la place industrielle suisse dans la premi\u00e8re phase de la crise. \"La situation reste tendue, c'est pourquoi le paquet d'aides \u00e9voqu\u00e9 est toujours absolument n\u00e9cessaire, doit \u00eatre prolong\u00e9 et appliqu\u00e9 de mani\u00e8re plus diff\u00e9renci\u00e9e aux diff\u00e9rentes branches\", explique Marti. Swissmechanic demande donc que les ind\u00e9pendants et les personnes ayant une position similaire \u00e0 celle d'un employeur puissent \u00e9galement b\u00e9n\u00e9ficier d'indemnit\u00e9s de ch\u00f4mage partiel. Comme l'indemnit\u00e9 en cas de r\u00e9duction de l'horaire de travail est une assurance, toutes les personnes qui cotisent \u00e0 cette assurance doivent pouvoir en b\u00e9n\u00e9ficier en cas de crise.<\/p>\n<h2><strong>Perspectives mod\u00e9r\u00e9ment optimistes<\/strong><\/h2>\n<p>Le secteur MEM se trouve encore au milieu de la crise et l'incertitude reste grande. Il est difficile de pr\u00e9voir l'\u00e9volution de la pand\u00e9mie, notamment en raison des mutations. BAK Economics part toutefois du principe que la Suisse et ses principaux d\u00e9bouch\u00e9s ma\u00eetriseront de plus en plus la pand\u00e9mie gr\u00e2ce aux vaccinations de l'\u00e9t\u00e9. \"Avec la baisse de l'incertitude et la reprise conjoncturelle mondiale, nous nous attendons \u00e0 ce que la demande de produits de l'industrie MEM suisse b\u00e9n\u00e9ficie \u00e0 nouveau d'impulsions sensibles au cours du second semestre\", explique Michael Grass de BAK Economics.<\/p>\n<p><em>Source : <a href=\"http:\/\/www.swissmechanic.ch\">Swissmechanic<\/a><\/em><\/p>","protected":false},"excerpt":{"rendered":"<p>Die Corona-Rezession hat inzwischen historische Ausmasse angenommen. Das zeigt die im Januar bei rund 300 Swissmechanic Mitgliedsunternehmen durchgef\u00fchrte Befragung. Zum sechsten Mal in Folge und damit bereits seit 1\u00bd Jahren liegt der quartalsweise erhobene Gesch\u00e4ftsklima-Index f\u00fcr die KMU-MEM im Minus. Auf der Angebotsseite leidet die MEM-Branche in der zweiten Welle st\u00e4rker unter dem Ausfall von [&hellip;]<\/p>\n","protected":false},"author":4,"featured_media":7686,"comment_status":"closed","ping_status":"closed","sticky":false,"template":"","format":"standard","meta":{"_acf_changed":false,"_yoast_wpseo_focuskw":"KMU-MEM","_yoast_wpseo_metadesc":"Der Swissmechanic Wirtschaftsbarometer vom Februar 2021 zeigt, dass die Situation der KMU-MEM nach wie vor schwierig ist.","articlekey":"","footnotes":""},"categories":[28],"tags":[310,492,508,531],"class_list":["post-7685","post","type-post","status-publish","format-standard","has-post-thumbnail","hentry","category-management","tag-konjunktur","tag-unternehmen","tag-vermischtes","tag-wirtschaftspolitik"],"acf":[],"yoast_head":"<!-- This site is optimized with the Yoast SEO plugin v27.4 - https:\/\/yoast.com\/product\/yoast-seo-wordpress\/ -->\n<title>KMU-MEM ben\u00f6tigen weiterhin Durchhaltewillen - Organisator<\/title>\n<meta name=\"description\" content=\"Der Swissmechanic Wirtschaftsbarometer vom Februar 2021 zeigt, dass die Situation der KMU-MEM nach wie vor schwierig ist.\" \/>\n<meta name=\"robots\" content=\"index, follow, max-snippet:-1, max-image-preview:large, max-video-preview:-1\" \/>\n<link rel=\"canonical\" href=\"https:\/\/www.organisator.ch\/fr\/gestion-2\/2021-02-18\/kmu-mem-benoetigen-weiterhin-durchhaltewillen\/\" \/>\n<meta property=\"og:locale\" content=\"fr_FR\" \/>\n<meta property=\"og:type\" content=\"article\" \/>\n<meta property=\"og:title\" content=\"KMU-MEM ben\u00f6tigen weiterhin Durchhaltewillen\" \/>\n<meta property=\"og:description\" content=\"Der Swissmechanic Wirtschaftsbarometer vom Februar 2021 zeigt, dass die Situation der KMU-MEM nach wie vor schwierig ist.\" \/>\n<meta property=\"og:url\" content=\"https:\/\/www.organisator.ch\/fr\/gestion-2\/2021-02-18\/kmu-mem-benoetigen-weiterhin-durchhaltewillen\/\" \/>\n<meta property=\"og:site_name\" content=\"Organisator\" \/>\n<meta property=\"article:publisher\" content=\"https:\/\/www.facebook.com\/OrganisatorFachmagazin\" \/>\n<meta property=\"article:published_time\" content=\"2021-02-18T16:02:55+00:00\" \/>\n<meta property=\"og:image\" content=\"https:\/\/www.organisator.ch\/wp-content\/uploads\/2021\/02\/KMU-MEM-benoetigen-weiterhin-Durchhaltewillen_Organisator.jpg\" \/>\n\t<meta property=\"og:image:width\" content=\"680\" \/>\n\t<meta property=\"og:image:height\" content=\"448\" \/>\n\t<meta property=\"og:image:type\" content=\"image\/jpeg\" \/>\n<meta name=\"author\" content=\"thomas.berner\" \/>\n<meta name=\"twitter:card\" content=\"summary_large_image\" \/>\n<meta name=\"twitter:title\" content=\"#KMU-MEM ben\u00f6tigen weiterhin #Durchhaltewillen\" \/>\n<meta name=\"twitter:description\" content=\"Der #Swissmechanic #Wirtschaftsbarometer vom Februar 2021 zeigt, dass die Situation der #KMU-MEM nach wie vor schwierig ist.\" \/>\n<meta name=\"twitter:image\" content=\"https:\/\/www.organisator.ch\/wp-content\/uploads\/2021\/02\/KMU-MEM-benoetigen-weiterhin-Durchhaltewillen_Organisator.jpg\" \/>\n<script type=\"application\/ld+json\" class=\"yoast-schema-graph\">{\"@context\":\"https:\\\/\\\/schema.org\",\"@graph\":[{\"@type\":\"Article\",\"@id\":\"https:\\\/\\\/www.organisator.ch\\\/management\\\/2021-02-18\\\/kmu-mem-benoetigen-weiterhin-durchhaltewillen\\\/#article\",\"isPartOf\":{\"@id\":\"https:\\\/\\\/www.organisator.ch\\\/management\\\/2021-02-18\\\/kmu-mem-benoetigen-weiterhin-durchhaltewillen\\\/\"},\"author\":{\"name\":\"thomas.berner\",\"@id\":\"https:\\\/\\\/www.organisator.ch\\\/#\\\/schema\\\/person\\\/6f650f90b2842cd4c0cc334b4e36f67e\"},\"headline\":\"KMU-MEM ben\u00f6tigen weiterhin Durchhaltewillen\",\"datePublished\":\"2021-02-18T16:02:55+00:00\",\"mainEntityOfPage\":{\"@id\":\"https:\\\/\\\/www.organisator.ch\\\/management\\\/2021-02-18\\\/kmu-mem-benoetigen-weiterhin-durchhaltewillen\\\/\"},\"wordCount\":417,\"publisher\":{\"@id\":\"https:\\\/\\\/www.organisator.ch\\\/#organization\"},\"image\":{\"@id\":\"https:\\\/\\\/www.organisator.ch\\\/management\\\/2021-02-18\\\/kmu-mem-benoetigen-weiterhin-durchhaltewillen\\\/#primaryimage\"},\"thumbnailUrl\":\"https:\\\/\\\/www.organisator.ch\\\/wp-content\\\/uploads\\\/2021\\\/02\\\/KMU-MEM-benoetigen-weiterhin-Durchhaltewillen_Organisator.jpg\",\"keywords\":[\"Konjunktur\",\"Unternehmen\",\"Vermischtes\",\"Wirtschaftspolitik\"],\"articleSection\":[\"MANAGEMENT\"],\"inLanguage\":\"fr-FR\"},{\"@type\":\"WebPage\",\"@id\":\"https:\\\/\\\/www.organisator.ch\\\/management\\\/2021-02-18\\\/kmu-mem-benoetigen-weiterhin-durchhaltewillen\\\/\",\"url\":\"https:\\\/\\\/www.organisator.ch\\\/management\\\/2021-02-18\\\/kmu-mem-benoetigen-weiterhin-durchhaltewillen\\\/\",\"name\":\"KMU-MEM ben\u00f6tigen weiterhin Durchhaltewillen - Organisator\",\"isPartOf\":{\"@id\":\"https:\\\/\\\/www.organisator.ch\\\/#website\"},\"primaryImageOfPage\":{\"@id\":\"https:\\\/\\\/www.organisator.ch\\\/management\\\/2021-02-18\\\/kmu-mem-benoetigen-weiterhin-durchhaltewillen\\\/#primaryimage\"},\"image\":{\"@id\":\"https:\\\/\\\/www.organisator.ch\\\/management\\\/2021-02-18\\\/kmu-mem-benoetigen-weiterhin-durchhaltewillen\\\/#primaryimage\"},\"thumbnailUrl\":\"https:\\\/\\\/www.organisator.ch\\\/wp-content\\\/uploads\\\/2021\\\/02\\\/KMU-MEM-benoetigen-weiterhin-Durchhaltewillen_Organisator.jpg\",\"datePublished\":\"2021-02-18T16:02:55+00:00\",\"description\":\"Der Swissmechanic Wirtschaftsbarometer vom Februar 2021 zeigt, dass die Situation der KMU-MEM nach wie vor schwierig ist.\",\"breadcrumb\":{\"@id\":\"https:\\\/\\\/www.organisator.ch\\\/management\\\/2021-02-18\\\/kmu-mem-benoetigen-weiterhin-durchhaltewillen\\\/#breadcrumb\"},\"inLanguage\":\"fr-FR\",\"potentialAction\":[{\"@type\":\"ReadAction\",\"target\":[\"https:\\\/\\\/www.organisator.ch\\\/management\\\/2021-02-18\\\/kmu-mem-benoetigen-weiterhin-durchhaltewillen\\\/\"]}]},{\"@type\":\"ImageObject\",\"inLanguage\":\"fr-FR\",\"@id\":\"https:\\\/\\\/www.organisator.ch\\\/management\\\/2021-02-18\\\/kmu-mem-benoetigen-weiterhin-durchhaltewillen\\\/#primaryimage\",\"url\":\"https:\\\/\\\/www.organisator.ch\\\/wp-content\\\/uploads\\\/2021\\\/02\\\/KMU-MEM-benoetigen-weiterhin-Durchhaltewillen_Organisator.jpg\",\"contentUrl\":\"https:\\\/\\\/www.organisator.ch\\\/wp-content\\\/uploads\\\/2021\\\/02\\\/KMU-MEM-benoetigen-weiterhin-Durchhaltewillen_Organisator.jpg\",\"width\":680,\"height\":448,\"caption\":\"Unter diesen wirtschaftlichen Rahmenbedingungen leiden die KMU-MEM weiter. (Grafik: Swissmechanic)\"},{\"@type\":\"BreadcrumbList\",\"@id\":\"https:\\\/\\\/www.organisator.ch\\\/management\\\/2021-02-18\\\/kmu-mem-benoetigen-weiterhin-durchhaltewillen\\\/#breadcrumb\",\"itemListElement\":[{\"@type\":\"ListItem\",\"position\":1,\"name\":\"Home\",\"item\":\"https:\\\/\\\/www.organisator.ch\\\/\"},{\"@type\":\"ListItem\",\"position\":2,\"name\":\"KMU-MEM ben\u00f6tigen weiterhin Durchhaltewillen\"}]},{\"@type\":\"WebSite\",\"@id\":\"https:\\\/\\\/www.organisator.ch\\\/#website\",\"url\":\"https:\\\/\\\/www.organisator.ch\\\/\",\"name\":\"Organisator\",\"description\":\"Kompetent. Praxisnah. Der ORGANISATOR bereitet in 10 Ausgaben pro Jahr die wesentlichen Themen f\u00fcr F\u00fchrungskr\u00e4fte von KMU auf.\",\"publisher\":{\"@id\":\"https:\\\/\\\/www.organisator.ch\\\/#organization\"},\"potentialAction\":[{\"@type\":\"SearchAction\",\"target\":{\"@type\":\"EntryPoint\",\"urlTemplate\":\"https:\\\/\\\/www.organisator.ch\\\/?s={search_term_string}\"},\"query-input\":{\"@type\":\"PropertyValueSpecification\",\"valueRequired\":true,\"valueName\":\"search_term_string\"}}],\"inLanguage\":\"fr-FR\"},{\"@type\":\"Organization\",\"@id\":\"https:\\\/\\\/www.organisator.ch\\\/#organization\",\"name\":\"Organisator\",\"url\":\"https:\\\/\\\/www.organisator.ch\\\/\",\"logo\":{\"@type\":\"ImageObject\",\"inLanguage\":\"fr-FR\",\"@id\":\"https:\\\/\\\/www.organisator.ch\\\/#\\\/schema\\\/logo\\\/image\\\/\",\"url\":\"https:\\\/\\\/www.organisator.ch\\\/wp-content\\\/uploads\\\/2022\\\/01\\\/Logo_Organisator_Website.png\",\"contentUrl\":\"https:\\\/\\\/www.organisator.ch\\\/wp-content\\\/uploads\\\/2022\\\/01\\\/Logo_Organisator_Website.png\",\"width\":800,\"height\":77,\"caption\":\"Organisator\"},\"image\":{\"@id\":\"https:\\\/\\\/www.organisator.ch\\\/#\\\/schema\\\/logo\\\/image\\\/\"},\"sameAs\":[\"https:\\\/\\\/www.facebook.com\\\/OrganisatorFachmagazin\",\"https:\\\/\\\/www.linkedin.com\\\/showcase\\\/organisator-das-magazin-fr-kmu\",\"https:\\\/\\\/www.xing.com\\\/news\\\/pages\\\/organisator-ch-695\",\"https:\\\/\\\/www.youtube.com\\\/channel\\\/UCGP2Sq0iWaZwT3BdIAQFYpw\"]},{\"@type\":\"Person\",\"@id\":\"https:\\\/\\\/www.organisator.ch\\\/#\\\/schema\\\/person\\\/6f650f90b2842cd4c0cc334b4e36f67e\",\"name\":\"thomas.berner\",\"image\":{\"@type\":\"ImageObject\",\"inLanguage\":\"fr-FR\",\"@id\":\"https:\\\/\\\/secure.gravatar.com\\\/avatar\\\/ac5001d2a36cb6c6cd3e50789007ffca834b477b74a2144564522e944eabff61?s=96&d=mm&r=g\",\"url\":\"https:\\\/\\\/secure.gravatar.com\\\/avatar\\\/ac5001d2a36cb6c6cd3e50789007ffca834b477b74a2144564522e944eabff61?s=96&d=mm&r=g\",\"contentUrl\":\"https:\\\/\\\/secure.gravatar.com\\\/avatar\\\/ac5001d2a36cb6c6cd3e50789007ffca834b477b74a2144564522e944eabff61?s=96&d=mm&r=g\",\"caption\":\"thomas.berner\"},\"url\":\"https:\\\/\\\/www.organisator.ch\\\/fr\\\/author\\\/thomas-berner\\\/\"}]}<\/script>\n<!-- \/ Yoast SEO plugin. -->","yoast_head_json":{"title":"Les PME-MEM doivent continuer \u00e0 faire preuve de pers\u00e9v\u00e9rance - Organisateur","description":"Le barom\u00e8tre \u00e9conomique Swissmechanic de f\u00e9vrier 2021 montre que la situation des PME-MEM reste difficile.","robots":{"index":"index","follow":"follow","max-snippet":"max-snippet:-1","max-image-preview":"max-image-preview:large","max-video-preview":"max-video-preview:-1"},"canonical":"https:\/\/www.organisator.ch\/fr\/gestion-2\/2021-02-18\/kmu-mem-benoetigen-weiterhin-durchhaltewillen\/","og_locale":"fr_FR","og_type":"article","og_title":"KMU-MEM ben\u00f6tigen weiterhin Durchhaltewillen","og_description":"Der Swissmechanic Wirtschaftsbarometer vom Februar 2021 zeigt, dass die Situation der KMU-MEM nach wie vor schwierig ist.","og_url":"https:\/\/www.organisator.ch\/fr\/gestion-2\/2021-02-18\/kmu-mem-benoetigen-weiterhin-durchhaltewillen\/","og_site_name":"Organisator","article_publisher":"https:\/\/www.facebook.com\/OrganisatorFachmagazin","article_published_time":"2021-02-18T16:02:55+00:00","og_image":[{"width":680,"height":448,"url":"https:\/\/www.organisator.ch\/wp-content\/uploads\/2021\/02\/KMU-MEM-benoetigen-weiterhin-Durchhaltewillen_Organisator.jpg","type":"image\/jpeg"}],"author":"thomas.berner","twitter_card":"summary_large_image","twitter_title":"#KMU-MEM ben\u00f6tigen weiterhin #Durchhaltewillen","twitter_description":"Der #Swissmechanic #Wirtschaftsbarometer vom Februar 2021 zeigt, dass die Situation der #KMU-MEM nach wie vor schwierig ist.","twitter_image":"https:\/\/www.organisator.ch\/wp-content\/uploads\/2021\/02\/KMU-MEM-benoetigen-weiterhin-Durchhaltewillen_Organisator.jpg","schema":{"@context":"https:\/\/schema.org","@graph":[{"@type":"Article","@id":"https:\/\/www.organisator.ch\/management\/2021-02-18\/kmu-mem-benoetigen-weiterhin-durchhaltewillen\/#article","isPartOf":{"@id":"https:\/\/www.organisator.ch\/management\/2021-02-18\/kmu-mem-benoetigen-weiterhin-durchhaltewillen\/"},"author":{"name":"thomas.berner","@id":"https:\/\/www.organisator.ch\/#\/schema\/person\/6f650f90b2842cd4c0cc334b4e36f67e"},"headline":"KMU-MEM ben\u00f6tigen weiterhin Durchhaltewillen","datePublished":"2021-02-18T16:02:55+00:00","mainEntityOfPage":{"@id":"https:\/\/www.organisator.ch\/management\/2021-02-18\/kmu-mem-benoetigen-weiterhin-durchhaltewillen\/"},"wordCount":417,"publisher":{"@id":"https:\/\/www.organisator.ch\/#organization"},"image":{"@id":"https:\/\/www.organisator.ch\/management\/2021-02-18\/kmu-mem-benoetigen-weiterhin-durchhaltewillen\/#primaryimage"},"thumbnailUrl":"https:\/\/www.organisator.ch\/wp-content\/uploads\/2021\/02\/KMU-MEM-benoetigen-weiterhin-Durchhaltewillen_Organisator.jpg","keywords":["Konjunktur","Unternehmen","Vermischtes","Wirtschaftspolitik"],"articleSection":["MANAGEMENT"],"inLanguage":"fr-FR"},{"@type":"WebPage","@id":"https:\/\/www.organisator.ch\/management\/2021-02-18\/kmu-mem-benoetigen-weiterhin-durchhaltewillen\/","url":"https:\/\/www.organisator.ch\/management\/2021-02-18\/kmu-mem-benoetigen-weiterhin-durchhaltewillen\/","name":"Les PME-MEM doivent continuer \u00e0 faire preuve de pers\u00e9v\u00e9rance - Organisateur","isPartOf":{"@id":"https:\/\/www.organisator.ch\/#website"},"primaryImageOfPage":{"@id":"https:\/\/www.organisator.ch\/management\/2021-02-18\/kmu-mem-benoetigen-weiterhin-durchhaltewillen\/#primaryimage"},"image":{"@id":"https:\/\/www.organisator.ch\/management\/2021-02-18\/kmu-mem-benoetigen-weiterhin-durchhaltewillen\/#primaryimage"},"thumbnailUrl":"https:\/\/www.organisator.ch\/wp-content\/uploads\/2021\/02\/KMU-MEM-benoetigen-weiterhin-Durchhaltewillen_Organisator.jpg","datePublished":"2021-02-18T16:02:55+00:00","description":"Le barom\u00e8tre \u00e9conomique Swissmechanic de f\u00e9vrier 2021 montre que la situation des PME-MEM reste difficile.","breadcrumb":{"@id":"https:\/\/www.organisator.ch\/management\/2021-02-18\/kmu-mem-benoetigen-weiterhin-durchhaltewillen\/#breadcrumb"},"inLanguage":"fr-FR","potentialAction":[{"@type":"ReadAction","target":["https:\/\/www.organisator.ch\/management\/2021-02-18\/kmu-mem-benoetigen-weiterhin-durchhaltewillen\/"]}]},{"@type":"ImageObject","inLanguage":"fr-FR","@id":"https:\/\/www.organisator.ch\/management\/2021-02-18\/kmu-mem-benoetigen-weiterhin-durchhaltewillen\/#primaryimage","url":"https:\/\/www.organisator.ch\/wp-content\/uploads\/2021\/02\/KMU-MEM-benoetigen-weiterhin-Durchhaltewillen_Organisator.jpg","contentUrl":"https:\/\/www.organisator.ch\/wp-content\/uploads\/2021\/02\/KMU-MEM-benoetigen-weiterhin-Durchhaltewillen_Organisator.jpg","width":680,"height":448,"caption":"Unter diesen wirtschaftlichen Rahmenbedingungen leiden die KMU-MEM weiter. (Grafik: Swissmechanic)"},{"@type":"BreadcrumbList","@id":"https:\/\/www.organisator.ch\/management\/2021-02-18\/kmu-mem-benoetigen-weiterhin-durchhaltewillen\/#breadcrumb","itemListElement":[{"@type":"ListItem","position":1,"name":"Home","item":"https:\/\/www.organisator.ch\/"},{"@type":"ListItem","position":2,"name":"KMU-MEM ben\u00f6tigen weiterhin Durchhaltewillen"}]},{"@type":"WebSite","@id":"https:\/\/www.organisator.ch\/#website","url":"https:\/\/www.organisator.ch\/","name":"Organisateur","description":"Comp\u00e9tence et comp\u00e9tence. Proches de la pratique. L'ORGANISATEUR pr\u00e9pare 10 num\u00e9ros par an sur les th\u00e8mes essentiels pour les dirigeants de PME.","publisher":{"@id":"https:\/\/www.organisator.ch\/#organization"},"potentialAction":[{"@type":"SearchAction","target":{"@type":"EntryPoint","urlTemplate":"https:\/\/www.organisator.ch\/?s={search_term_string}"},"query-input":{"@type":"PropertyValueSpecification","valueRequired":true,"valueName":"search_term_string"}}],"inLanguage":"fr-FR"},{"@type":"Organization","@id":"https:\/\/www.organisator.ch\/#organization","name":"Organisateur","url":"https:\/\/www.organisator.ch\/","logo":{"@type":"ImageObject","inLanguage":"fr-FR","@id":"https:\/\/www.organisator.ch\/#\/schema\/logo\/image\/","url":"https:\/\/www.organisator.ch\/wp-content\/uploads\/2022\/01\/Logo_Organisator_Website.png","contentUrl":"https:\/\/www.organisator.ch\/wp-content\/uploads\/2022\/01\/Logo_Organisator_Website.png","width":800,"height":77,"caption":"Organisator"},"image":{"@id":"https:\/\/www.organisator.ch\/#\/schema\/logo\/image\/"},"sameAs":["https:\/\/www.facebook.com\/OrganisatorFachmagazin","https:\/\/www.linkedin.com\/showcase\/organisator-das-magazin-fr-kmu","https:\/\/www.xing.com\/news\/pages\/organisator-ch-695","https:\/\/www.youtube.com\/channel\/UCGP2Sq0iWaZwT3BdIAQFYpw"]},{"@type":"Person","@id":"https:\/\/www.organisator.ch\/#\/schema\/person\/6f650f90b2842cd4c0cc334b4e36f67e","name":"thomas.berner","image":{"@type":"ImageObject","inLanguage":"fr-FR","@id":"https:\/\/secure.gravatar.com\/avatar\/ac5001d2a36cb6c6cd3e50789007ffca834b477b74a2144564522e944eabff61?s=96&d=mm&r=g","url":"https:\/\/secure.gravatar.com\/avatar\/ac5001d2a36cb6c6cd3e50789007ffca834b477b74a2144564522e944eabff61?s=96&d=mm&r=g","contentUrl":"https:\/\/secure.gravatar.com\/avatar\/ac5001d2a36cb6c6cd3e50789007ffca834b477b74a2144564522e944eabff61?s=96&d=mm&r=g","caption":"thomas.berner"},"url":"https:\/\/www.organisator.ch\/fr\/author\/thomas-berner\/"}]}},"_links":{"self":[{"href":"https:\/\/www.organisator.ch\/fr\/wp-json\/wp\/v2\/posts\/7685","targetHints":{"allow":["GET"]}}],"collection":[{"href":"https:\/\/www.organisator.ch\/fr\/wp-json\/wp\/v2\/posts"}],"about":[{"href":"https:\/\/www.organisator.ch\/fr\/wp-json\/wp\/v2\/types\/post"}],"author":[{"embeddable":true,"href":"https:\/\/www.organisator.ch\/fr\/wp-json\/wp\/v2\/users\/4"}],"replies":[{"embeddable":true,"href":"https:\/\/www.organisator.ch\/fr\/wp-json\/wp\/v2\/comments?post=7685"}],"version-history":[{"count":0,"href":"https:\/\/www.organisator.ch\/fr\/wp-json\/wp\/v2\/posts\/7685\/revisions"}],"wp:featuredmedia":[{"embeddable":true,"href":"https:\/\/www.organisator.ch\/fr\/wp-json\/wp\/v2\/media\/7686"}],"wp:attachment":[{"href":"https:\/\/www.organisator.ch\/fr\/wp-json\/wp\/v2\/media?parent=7685"}],"wp:term":[{"taxonomy":"category","embeddable":true,"href":"https:\/\/www.organisator.ch\/fr\/wp-json\/wp\/v2\/categories?post=7685"},{"taxonomy":"post_tag","embeddable":true,"href":"https:\/\/www.organisator.ch\/fr\/wp-json\/wp\/v2\/tags?post=7685"}],"curies":[{"name":"wp","href":"https:\/\/api.w.org\/{rel}","templated":true}]}}