{"id":7689,"date":"2021-02-19T07:55:18","date_gmt":"2021-02-19T06:55:18","guid":{"rendered":"https:\/\/www.organisator.ch\/?p=7689"},"modified":"2021-02-19T07:55:18","modified_gmt":"2021-02-19T06:55:18","slug":"das-new-normal-in-familienunternehmen-teil-3-paradigmenwechsel","status":"publish","type":"post","link":"https:\/\/www.organisator.ch\/fr\/management\/2021-02-19\/das-new-normal-in-familienunternehmen-teil-3-paradigmenwechsel\/","title":{"rendered":"La \"nouvelle norme\" dans les entreprises familiales, partie 3 : changement de paradigme"},"content":{"rendered":"<figure id=\"attachment_7690\" aria-describedby=\"caption-attachment-7690\" style=\"width: 680px\" class=\"wp-caption alignnone\"><img loading=\"lazy\" decoding=\"async\" class=\"size-medium wp-image-7690\" src=\"https:\/\/www.organisator.ch\/wp-content\/uploads\/2021\/02\/Das-New-Normal-in-Familienunternehmen-Teil-3-Paradigmenwechsel_Organisator.jpg\" alt=\"\" width=\"680\" height=\"453\" srcset=\"https:\/\/www.organisator.ch\/wp-content\/uploads\/2021\/02\/Das-New-Normal-in-Familienunternehmen-Teil-3-Paradigmenwechsel_Organisator.jpg 680w, https:\/\/www.organisator.ch\/wp-content\/uploads\/2021\/02\/Das-New-Normal-in-Familienunternehmen-Teil-3-Paradigmenwechsel_Organisator-16x12.jpg 16w, https:\/\/www.organisator.ch\/wp-content\/uploads\/2021\/02\/Das-New-Normal-in-Familienunternehmen-Teil-3-Paradigmenwechsel_Organisator-263x175.jpg 263w, https:\/\/www.organisator.ch\/wp-content\/uploads\/2021\/02\/Das-New-Normal-in-Familienunternehmen-Teil-3-Paradigmenwechsel_Organisator-525x350.jpg 525w, https:\/\/www.organisator.ch\/wp-content\/uploads\/2021\/02\/Das-New-Normal-in-Familienunternehmen-Teil-3-Paradigmenwechsel_Organisator-300x200.jpg 300w\" sizes=\"auto, (max-width: 680px) 100vw, 680px\" \/><figcaption id=\"caption-attachment-7690\" class=\"wp-caption-text\">Une nouvelle normalit\u00e9 suppose un changement de paradigme : \"Sortir du mode crise-survie - entrer dans le mode cr\u00e9ation d'avenir\". (Image : Pixabay.com)<\/figcaption><\/figure>\n<p>Le prochain point \u00e0 l'ordre du jour de notre <a href=\"https:\/\/www.organisator.ch\/virtual-reality-ist-salonfaehig-und-durchdringt-alles-new-normal-in-familienunternehmen-in-2022\/\">R\u00e9union du conseil de surveillance \u00e0 l'\u00e9t\u00e9 2022<\/a> le changement de paradigme que nous souhaitons voir s'op\u00e9rer dans le comportement de l'\u00e9quipe et en particulier de nos cadres d'ici le d\u00e9but de l'ann\u00e9e 2022 est \u00e0 l'ordre du jour : \"Sortir du mode crise-survie pour entrer dans le mode cr\u00e9ation d'avenir\".<\/p>\n<h2><strong>Comp\u00e9tences cl\u00e9s et innovations<\/strong><\/h2>\n<p>Je suis toujours fascin\u00e9 aujourd'hui par la rapidit\u00e9 et la coh\u00e9rence avec lesquelles nous sommes pass\u00e9s en mode d'urgence en mars 2020. Mais je suis encore plus \u00e9tonn\u00e9 de voir \u00e0 quel point le chemin pour revenir \u00e0 un travail au-del\u00e0 du mode de crise ad hoc est long et sem\u00e9 d'emb\u00fbches. Nous constatons en permanence que les routines, les standards, les r\u00e8gles et autres normes n'ont plus de sens ou ne sont plus praticables.<\/p>\n<p>Au cours des 12 derniers mois, nous avons pass\u00e9 au crible nos comp\u00e9tences cl\u00e9s \u00e9prouv\u00e9es dans notre \"Corporate Innovation Lab\", cr\u00e9\u00e9 \u00e0 l'\u00e9t\u00e9 2020. Je ne pensais pas que nous serions parvenus rapidement \u00e0 un nombre impressionnant de nouvelles id\u00e9es de mod\u00e8les commerciaux en nous appuyant sur nos points forts. Une premi\u00e8re id\u00e9e prometteuse a d\u00e9j\u00e0 \u00e9t\u00e9 concr\u00e9tis\u00e9e et se trouve maintenant en phase pilote. C'est fantastique de voir \u00e0 quel point nos collaborateurs collaborent ici de mani\u00e8re constructive et naturelle avec notre client principal, dans des \u00e9quipes mixtes, au-del\u00e0 des fronti\u00e8res organisationnelles et des fuseaux horaires !<\/p>\n<h2><strong>Changer de paradigme avec des rituels et des id\u00e9es<\/strong><\/h2>\n<p>Nous voulions \u00e9galement souligner notre changement de paradigme par de nouveaux rituels, routines et symboles conformes au social-distancing, que nous avons introduits petit \u00e0 petit dans notre organisation. Les appels \u00e0 chaque d\u00e9but d'\u00e9quipe de production sont toujours aussi tabous que la plupart des salons, congr\u00e8s et grands \u00e9v\u00e9nements auxquels nous aurions automatiquement particip\u00e9 auparavant. Aujourd'hui, la journ\u00e9e commence chez nous par des petits-d\u00e9jeuners d'\u00e9quipe virtuels. Et m\u00eame dans la production, tous nos collaborateurs utilisent d\u00e9sormais volontiers leur smartphone personnel pour rester en contact.<\/p>\n<p>Nous avons introduit une bourse virtuelle pour les id\u00e9es d'am\u00e9lioration, ouverte \u00e0 tous les collaborateurs. Dans l'espace virtuel d'id\u00e9es, les approches d'am\u00e9lioration et les pens\u00e9es peuvent \u00eatre post\u00e9es, visit\u00e9es, expliqu\u00e9es et enrichies. Les post-its ne sont pas l'avenir de la gestion de l'innovation ! Nous avons d\u00e9j\u00e0 \u00e9t\u00e9 surpris \u00e0 plusieurs reprises par la mani\u00e8re constructive et productive dont on travaille au d\u00e9veloppement des id\u00e9es dans l'espace virtuel. Nous appr\u00e9cions notamment le fait que la hi\u00e9rarchie joue un r\u00f4le plut\u00f4t secondaire. Ce qui compte, c'est la meilleure id\u00e9e. Peu importe qui l'a propos\u00e9e.<\/p>\n<h2><strong>Distance g\u00e9ographique et confiance du client<\/strong><\/h2>\n<p>J'appr\u00e9cie particuli\u00e8rement le fait d'\u00eatre de plus en plus souvent invit\u00e9 \u00e0 la pause-caf\u00e9 virtuelle par d'autres cadres et collaborateurs, y compris d'autres sites et pays. Nous y discutons de plus en plus de sujets \"en passant\" comme autrefois \u00e0 la machine \u00e0 caf\u00e9.<\/p>\n<p>Mais nous devons encore mieux comprendre comment nous pouvons assurer et d\u00e9velopper durablement nos relations avec les clients sans \u00eatre pr\u00e9sents sur place. Des ateliers de design thinking virtuels, des visites virtuelles de l'usine avec le client, des essais de produits simultan\u00e9s chez le client et le fournisseur avec un accompagnement virtuel ne sont que quelques exemples de nos efforts pour maintenir une grande proximit\u00e9 avec le client malgr\u00e9 une grande distance g\u00e9ographique.<\/p>\n<p>Nous apprenons en permanence \u00e0 \u00e9tablir une confiance virtuelle et \u00e0 l'entretenir. Et nous avons aussi appris \u00e0 appr\u00e9cier un grand avantage de la virtualisation : les rendez-vous peuvent \u00eatre fix\u00e9s beaucoup plus rapidement, sans frais de d\u00e9placement ; les participants sont nettement plus disponibles.<\/p>\n<p>Les investissements dans l'infrastructure n\u00e9cessaire ainsi que dans les comp\u00e9tences de notre \u00e9quipe nous semblent toujours nettement plus judicieux que de faire \u00e0 nouveau grandir les agences de voyages d'affaires et les entreprises d'aviation. C'est dans ce contexte que nous avons discut\u00e9 longuement et intens\u00e9ment de la mani\u00e8re dont nous allions g\u00e9rer \u00e0 moyen terme les cons\u00e9quences \u00e9conomiques de la crise. Nous avons \u00e9galement examin\u00e9 de tr\u00e8s pr\u00e8s si nous avions r\u00e9affect\u00e9 intelligemment nos budgets voyages, salons et \u00e9v\u00e9nements en septembre dernier, dans l'int\u00e9r\u00eat de nos relations avec nos clients. Pour l'instant, nous les maintenons au niveau \"New Normal\".<\/p>\n<h2><strong>Employeurs et am\u00e9liorations<\/strong><\/h2>\n<p>Je suis un peu frustr\u00e9 par le fait que nous discutons depuis plus de six mois des adaptations de nos processus pour les collaborateurs - et par la difficult\u00e9 que nous avons \u00e0 valider et \u00e0 mettre en \u0153uvre les vastes mesures d'am\u00e9lioration. Pourtant, nous avons probablement plus modifi\u00e9 nos mod\u00e8les d'horaires et de lieux de travail dans la production et l'administration au cours des 12 derniers mois que pendant les 12 ann\u00e9es pr\u00e9c\u00e9dentes.<\/p>\n<p>C'est justement en recrutant de nouveaux sp\u00e9cialistes et cadres que nous remarquons qu'en tant que \"champion cach\u00e9\" typique de la province, nous devenons de plus en plus performants pour r\u00e9duire notre d\u00e9savantage g\u00e9ographique par rapport aux r\u00e9gions m\u00e9tropolitaines. Notre attractivit\u00e9 en tant qu'employeur \u00e9volue de mani\u00e8re tr\u00e8s positive !<\/p>\n<p>Comme d'ailleurs la collaboration interdisciplinaire, que nous avons toujours eu du mal \u00e0 mettre en place jusqu'\u00e0 pr\u00e9sent. Nous avons enfin pu laisser derri\u00e8re nous la pens\u00e9e en silo surann\u00e9e d'autrefois. L'esprit d'\u00e9quipe dont nous avons longtemps parl\u00e9 semble enfin faire partie de notre travail quotidien. Cela fait longtemps que nous n'avons plus eu \u00e0 subir les jeux politiques ou les luttes de pouvoir entre les diff\u00e9rents d\u00e9partements.<\/p>\n<h2><strong>Culture de leadership et donn\u00e9es <\/strong><\/h2>\n<p>L'introduction de \"micro-feedbacks\", que nous avions d\u00e9j\u00e0 introduits trois mois apr\u00e8s le d\u00e9but du shutdown Corona, \u00e0 la fin de chaque conf\u00e9rence en ligne ou de chaque t\u00e9l\u00e9conf\u00e9rence, y a certainement contribu\u00e9. Depuis, nous utilisons syst\u00e9matiquement la base de donn\u00e9es qui en r\u00e9sulte pour pr\u00e9parer nos entretiens personnels en tant que cadres. L'\u00e9volution de la qualit\u00e9 et de la profondeur de la direction au cours des derniers mois est remarquable.<\/p>\n<p>N\u00e9anmoins, l'utilisation efficace des donn\u00e9es d'\u00e9valuation et surtout le traitement empathique de la transparence des performances qui en r\u00e9sulte repr\u00e9sentent actuellement encore l'un des plus grands d\u00e9fis pour nos cadres. C'est pourquoi, d'ici la fin de l'ann\u00e9e, tous devraient \u00e9galement avoir suivi leur programme de coaching individuel.<\/p>\n<p>Mais les choses avancent : nos cadres ont de plus en plus int\u00e9gr\u00e9 le fait qu'ils doivent toujours agir de mani\u00e8re consciente et d\u00e9termin\u00e9e en tant qu'ambassadeurs actifs et gardiens de notre base de valeurs. Ils sont de plus en plus nombreux \u00e0 relayer dans leurs \u00e9quipes les discussions anim\u00e9es des r\u00e9unions de cadres et sont tr\u00e8s engag\u00e9s \u00e0 apporter leur contribution au bien-\u00eatre de l'entreprise dans son ensemble - et \u00e0 \"inciter\" leurs collaborateurs \u00e0 le faire.<\/p>\n<p><em>(suite \u00e0 venir)<\/em><\/p>\n<p><a href=\"https:\/\/www.organisator.ch\/virtual-reality-ist-salonfaehig-und-durchdringt-alles-new-normal-in-familienunternehmen-in-2022\/\"><em>Cliquez ici pour acc\u00e9der \u00e0 la partie 1<\/em><\/a><\/p>\n<p><a href=\"https:\/\/www.organisator.ch\/das-new-normal-in-familienunternehmen-teil-2-krise-als-chance\/\"><em>Cliquez ici pour acc\u00e9der \u00e0 la deuxi\u00e8me partie<\/em><\/a><\/p>\n<p><a href=\"https:\/\/www.organisator.ch\/das-new-normal-in-familienunternehmen-teil-4-widerstandsfaehigkeit\/\"><em>Cliquez ici pour acc\u00e9der \u00e0 la partie 4<\/em><\/a><\/p>\n<p><a href=\"https:\/\/www.organisator.ch\/das-new-normal-in-familienunternehmen-teil-5-drive-und-spirit\/\"><em>Cliquez ici pour acc\u00e9der \u00e0 la partie 5<\/em><\/a><\/p>\n<p>&nbsp;<\/p>\n<p><strong><em>Auteurs :<\/em><\/strong><\/p>\n<p><strong><img loading=\"lazy\" decoding=\"async\" class=\"alignnone size-full wp-image-7562\" src=\"https:\/\/www.organisator.ch\/wp-content\/uploads\/2021\/01\/Christian-Schiede_Organisator.jpg\" alt=\"\" width=\"340\" height=\"421\" srcset=\"https:\/\/www.organisator.ch\/wp-content\/uploads\/2021\/01\/Christian-Schiede_Organisator.jpg 340w, https:\/\/www.organisator.ch\/wp-content\/uploads\/2021\/01\/Christian-Schiede_Organisator-10x12.jpg 10w, https:\/\/www.organisator.ch\/wp-content\/uploads\/2021\/01\/Christian-Schiede_Organisator-141x175.jpg 141w, https:\/\/www.organisator.ch\/wp-content\/uploads\/2021\/01\/Christian-Schiede_Organisator-283x350.jpg 283w, https:\/\/www.organisator.ch\/wp-content\/uploads\/2021\/01\/Christian-Schiede_Organisator-300x371.jpg 300w\" sizes=\"auto, (max-width: 340px) 100vw, 340px\" \/><\/strong><\/p>\n<p><strong>Christian Schiede\u00a0<\/strong>conseille et accompagne depuis 2003 les familles d'entrepreneurs et les entreprises familiales afin de renforcer la coh\u00e9sion, d'augmenter la comp\u00e9titivit\u00e9 et de garantir les valeurs. Contact :\u00a0<a href=\"http:\/\/www.schiede.com\/\">www.schiede.com<\/a>;\u00a0<a href=\"mailto:schiede@shpadvisors.com\">schiede@shpadvisors.com<\/a><\/p>\n<p><img loading=\"lazy\" decoding=\"async\" class=\"alignnone size-full wp-image-7564\" src=\"https:\/\/www.organisator.ch\/wp-content\/uploads\/2021\/01\/Bastian-Schneider_Organisator.jpg\" sizes=\"auto, (max-width: 340px) 100vw, 340px\" srcset=\"https:\/\/www.organisator.ch\/wp-content\/uploads\/2021\/01\/Bastian-Schneider_Organisator.jpg 340w, https:\/\/www.organisator.ch\/wp-content\/uploads\/2021\/01\/Bastian-Schneider_Organisator.jpg 220w\" alt=\"\" width=\"340\" height=\"340\" \/><\/p>\n<p><strong>Bastian Schneider\u00a0<\/strong>aide depuis 2000 les entrepreneurs et les \u00e9quipes de direction \u00e0 renforcer leurs marques de l'int\u00e9rieur et, dans cette perspective, \u00e0 conduire leurs organisations et leurs entreprises vers l'avenir. Dans plus de 30 secteurs. En Allemagne, en Autriche et en Suisse. Contact :\u00a0<a href=\"http:\/\/www.brandleadership.ch\/\">www.brandleadership.ch<\/a>;\u00a0<a href=\"mailto:bastian.schneider@brandleadership.ch\">bastian.schneider@brandleadership.ch<\/a><\/p>","protected":false},"excerpt":{"rendered":"<p>Als n\u00e4chster Agenda-Punkt unserer Aufsichtsratssitzung im Sommer 2022 steht der Paradigmenwechsel an, den wir im Verhalten der Mannschaft und insbesondere unserer F\u00fchrungskr\u00e4fte bis Anfang 2022 vollzogen sehen wollen: \u00abRaus aus dem Krisen-\u00dcberlebens-Modus \u2013 rein in den Zukunft-Gestalten-Modus.\u00bb Kernkompetenzen und Innovationen Es fasziniert mich heute immer noch, wie schnell und konsequent wir im M\u00e4rz 2020 in [&hellip;]<\/p>\n","protected":false},"author":4,"featured_media":7690,"comment_status":"closed","ping_status":"closed","sticky":false,"template":"","format":"standard","meta":{"_acf_changed":false,"_yoast_wpseo_focuskw":"Paradigmenwechsel","_yoast_wpseo_metadesc":"Wie ver\u00e4ndert die Corona-Pandemie unsere Unternehmens- und Arbeitswelt? N\u00f6tig sind Paradigmenwechsel, wie die Autoren im dritten Teil unserer Serie zeigen.","articlekey":"","footnotes":""},"categories":[28],"tags":[156,320,335,508],"class_list":["post-7689","post","type-post","status-publish","format-standard","has-post-thumbnail","hentry","category-management","tag-digitalisierung","tag-leadership","tag-management-und-unternehmensfuehrung","tag-vermischtes"],"acf":[],"yoast_head":"<!-- This site is optimized with the Yoast SEO plugin v27.5 - https:\/\/yoast.com\/product\/yoast-seo-wordpress\/ -->\n<title>Das \u00abNew Normal\u00bb in Familienunternehmen, Teil 3: Paradigmenwechsel - Organisator<\/title>\n<meta name=\"description\" content=\"Wie ver\u00e4ndert die Corona-Pandemie unsere Unternehmens- und Arbeitswelt? N\u00f6tig sind Paradigmenwechsel, wie die Autoren im dritten Teil unserer Serie zeigen.\" \/>\n<meta name=\"robots\" content=\"index, follow, max-snippet:-1, max-image-preview:large, max-video-preview:-1\" \/>\n<link rel=\"canonical\" href=\"https:\/\/www.organisator.ch\/fr\/gestion-2\/2021-02-19\/das-new-normal-in-familienunternehmen-teil-3-paradigmenwechsel\/\" \/>\n<meta property=\"og:locale\" content=\"fr_FR\" \/>\n<meta property=\"og:type\" content=\"article\" \/>\n<meta property=\"og:title\" content=\"Das \u00abNew Normal\u00bb in Familienunternehmen, Teil 3: Paradigmenwechsel\" \/>\n<meta property=\"og:description\" content=\"Wie ver\u00e4ndert die Corona-Pandemie unsere Unternehmens- und Arbeitswelt? N\u00f6tig sind Paradigmenwechsel, wie die Autoren im dritten Teil unserer Serie zeigen.\" \/>\n<meta property=\"og:url\" content=\"https:\/\/www.organisator.ch\/fr\/gestion-2\/2021-02-19\/das-new-normal-in-familienunternehmen-teil-3-paradigmenwechsel\/\" \/>\n<meta property=\"og:site_name\" content=\"Organisator\" \/>\n<meta property=\"article:publisher\" content=\"https:\/\/www.facebook.com\/OrganisatorFachmagazin\" \/>\n<meta property=\"article:published_time\" content=\"2021-02-19T06:55:18+00:00\" \/>\n<meta property=\"og:image\" content=\"https:\/\/www.organisator.ch\/wp-content\/uploads\/2021\/02\/Das-New-Normal-in-Familienunternehmen-Teil-3-Paradigmenwechsel_Organisator.jpg\" \/>\n\t<meta property=\"og:image:width\" content=\"680\" \/>\n\t<meta property=\"og:image:height\" content=\"453\" \/>\n\t<meta property=\"og:image:type\" content=\"image\/jpeg\" \/>\n<meta name=\"author\" content=\"thomas.berner\" \/>\n<meta name=\"twitter:card\" content=\"summary_large_image\" \/>\n<meta name=\"twitter:title\" content=\"Das \u00abNew Normal\u00bb in #Familienunternehmen, Teil 3: #Paradigmenwechsel\" \/>\n<meta name=\"twitter:description\" content=\"Wie ver\u00e4ndert die #Corona-Pandemie unsere Unternehmens- und Arbeitswelt? N\u00f6tig sind #Paradigmenwechsel, wie die Autoren im dritten Teil unserer Serie zeigen.\" \/>\n<meta name=\"twitter:image\" content=\"https:\/\/www.organisator.ch\/wp-content\/uploads\/2021\/02\/Das-New-Normal-in-Familienunternehmen-Teil-3-Paradigmenwechsel_Organisator.jpg\" \/>\n<script type=\"application\/ld+json\" class=\"yoast-schema-graph\">{\"@context\":\"https:\\\/\\\/schema.org\",\"@graph\":[{\"@type\":\"Article\",\"@id\":\"https:\\\/\\\/www.organisator.ch\\\/management\\\/2021-02-19\\\/das-new-normal-in-familienunternehmen-teil-3-paradigmenwechsel\\\/#article\",\"isPartOf\":{\"@id\":\"https:\\\/\\\/www.organisator.ch\\\/management\\\/2021-02-19\\\/das-new-normal-in-familienunternehmen-teil-3-paradigmenwechsel\\\/\"},\"author\":{\"name\":\"thomas.berner\",\"@id\":\"https:\\\/\\\/www.organisator.ch\\\/#\\\/schema\\\/person\\\/6f650f90b2842cd4c0cc334b4e36f67e\"},\"headline\":\"Das \u00abNew Normal\u00bb in Familienunternehmen, Teil 3: Paradigmenwechsel\",\"datePublished\":\"2021-02-19T06:55:18+00:00\",\"mainEntityOfPage\":{\"@id\":\"https:\\\/\\\/www.organisator.ch\\\/management\\\/2021-02-19\\\/das-new-normal-in-familienunternehmen-teil-3-paradigmenwechsel\\\/\"},\"wordCount\":1100,\"publisher\":{\"@id\":\"https:\\\/\\\/www.organisator.ch\\\/#organization\"},\"image\":{\"@id\":\"https:\\\/\\\/www.organisator.ch\\\/management\\\/2021-02-19\\\/das-new-normal-in-familienunternehmen-teil-3-paradigmenwechsel\\\/#primaryimage\"},\"thumbnailUrl\":\"https:\\\/\\\/www.organisator.ch\\\/wp-content\\\/uploads\\\/2021\\\/02\\\/Das-New-Normal-in-Familienunternehmen-Teil-3-Paradigmenwechsel_Organisator.jpg\",\"keywords\":[\"Digitalisierung\",\"Leadership\",\"Management und Unternehmensf\u00fchrung\",\"Vermischtes\"],\"articleSection\":[\"MANAGEMENT\"],\"inLanguage\":\"fr-FR\"},{\"@type\":\"WebPage\",\"@id\":\"https:\\\/\\\/www.organisator.ch\\\/management\\\/2021-02-19\\\/das-new-normal-in-familienunternehmen-teil-3-paradigmenwechsel\\\/\",\"url\":\"https:\\\/\\\/www.organisator.ch\\\/management\\\/2021-02-19\\\/das-new-normal-in-familienunternehmen-teil-3-paradigmenwechsel\\\/\",\"name\":\"Das \u00abNew Normal\u00bb in Familienunternehmen, Teil 3: Paradigmenwechsel - Organisator\",\"isPartOf\":{\"@id\":\"https:\\\/\\\/www.organisator.ch\\\/#website\"},\"primaryImageOfPage\":{\"@id\":\"https:\\\/\\\/www.organisator.ch\\\/management\\\/2021-02-19\\\/das-new-normal-in-familienunternehmen-teil-3-paradigmenwechsel\\\/#primaryimage\"},\"image\":{\"@id\":\"https:\\\/\\\/www.organisator.ch\\\/management\\\/2021-02-19\\\/das-new-normal-in-familienunternehmen-teil-3-paradigmenwechsel\\\/#primaryimage\"},\"thumbnailUrl\":\"https:\\\/\\\/www.organisator.ch\\\/wp-content\\\/uploads\\\/2021\\\/02\\\/Das-New-Normal-in-Familienunternehmen-Teil-3-Paradigmenwechsel_Organisator.jpg\",\"datePublished\":\"2021-02-19T06:55:18+00:00\",\"description\":\"Wie ver\u00e4ndert die Corona-Pandemie unsere Unternehmens- und Arbeitswelt? N\u00f6tig sind Paradigmenwechsel, wie die Autoren im dritten Teil unserer Serie zeigen.\",\"breadcrumb\":{\"@id\":\"https:\\\/\\\/www.organisator.ch\\\/management\\\/2021-02-19\\\/das-new-normal-in-familienunternehmen-teil-3-paradigmenwechsel\\\/#breadcrumb\"},\"inLanguage\":\"fr-FR\",\"potentialAction\":[{\"@type\":\"ReadAction\",\"target\":[\"https:\\\/\\\/www.organisator.ch\\\/management\\\/2021-02-19\\\/das-new-normal-in-familienunternehmen-teil-3-paradigmenwechsel\\\/\"]}]},{\"@type\":\"ImageObject\",\"inLanguage\":\"fr-FR\",\"@id\":\"https:\\\/\\\/www.organisator.ch\\\/management\\\/2021-02-19\\\/das-new-normal-in-familienunternehmen-teil-3-paradigmenwechsel\\\/#primaryimage\",\"url\":\"https:\\\/\\\/www.organisator.ch\\\/wp-content\\\/uploads\\\/2021\\\/02\\\/Das-New-Normal-in-Familienunternehmen-Teil-3-Paradigmenwechsel_Organisator.jpg\",\"contentUrl\":\"https:\\\/\\\/www.organisator.ch\\\/wp-content\\\/uploads\\\/2021\\\/02\\\/Das-New-Normal-in-Familienunternehmen-Teil-3-Paradigmenwechsel_Organisator.jpg\",\"width\":680,\"height\":453,\"caption\":\"Neue Normalit\u00e4t setzt einen Paradigmenwechsel voraus: \u00abRaus aus dem Krisen-\u00dcberlebens-Modus \u2013 rein in den Zukunft-Gestalten-Modus.\u00bb. (Bild: Pixabay.com)\"},{\"@type\":\"BreadcrumbList\",\"@id\":\"https:\\\/\\\/www.organisator.ch\\\/management\\\/2021-02-19\\\/das-new-normal-in-familienunternehmen-teil-3-paradigmenwechsel\\\/#breadcrumb\",\"itemListElement\":[{\"@type\":\"ListItem\",\"position\":1,\"name\":\"Home\",\"item\":\"https:\\\/\\\/www.organisator.ch\\\/\"},{\"@type\":\"ListItem\",\"position\":2,\"name\":\"Das \u00abNew Normal\u00bb in Familienunternehmen, Teil 3: Paradigmenwechsel\"}]},{\"@type\":\"WebSite\",\"@id\":\"https:\\\/\\\/www.organisator.ch\\\/#website\",\"url\":\"https:\\\/\\\/www.organisator.ch\\\/\",\"name\":\"Organisator\",\"description\":\"Kompetent. Praxisnah. Der ORGANISATOR bereitet in 10 Ausgaben pro Jahr die wesentlichen Themen f\u00fcr F\u00fchrungskr\u00e4fte von KMU auf.\",\"publisher\":{\"@id\":\"https:\\\/\\\/www.organisator.ch\\\/#organization\"},\"potentialAction\":[{\"@type\":\"SearchAction\",\"target\":{\"@type\":\"EntryPoint\",\"urlTemplate\":\"https:\\\/\\\/www.organisator.ch\\\/?s={search_term_string}\"},\"query-input\":{\"@type\":\"PropertyValueSpecification\",\"valueRequired\":true,\"valueName\":\"search_term_string\"}}],\"inLanguage\":\"fr-FR\"},{\"@type\":\"Organization\",\"@id\":\"https:\\\/\\\/www.organisator.ch\\\/#organization\",\"name\":\"Organisator\",\"url\":\"https:\\\/\\\/www.organisator.ch\\\/\",\"logo\":{\"@type\":\"ImageObject\",\"inLanguage\":\"fr-FR\",\"@id\":\"https:\\\/\\\/www.organisator.ch\\\/#\\\/schema\\\/logo\\\/image\\\/\",\"url\":\"https:\\\/\\\/www.organisator.ch\\\/wp-content\\\/uploads\\\/2022\\\/01\\\/Logo_Organisator_Website.png\",\"contentUrl\":\"https:\\\/\\\/www.organisator.ch\\\/wp-content\\\/uploads\\\/2022\\\/01\\\/Logo_Organisator_Website.png\",\"width\":800,\"height\":77,\"caption\":\"Organisator\"},\"image\":{\"@id\":\"https:\\\/\\\/www.organisator.ch\\\/#\\\/schema\\\/logo\\\/image\\\/\"},\"sameAs\":[\"https:\\\/\\\/www.facebook.com\\\/OrganisatorFachmagazin\",\"https:\\\/\\\/www.linkedin.com\\\/showcase\\\/organisator-das-magazin-fr-kmu\",\"https:\\\/\\\/www.xing.com\\\/news\\\/pages\\\/organisator-ch-695\",\"https:\\\/\\\/www.youtube.com\\\/channel\\\/UCGP2Sq0iWaZwT3BdIAQFYpw\"]},{\"@type\":\"Person\",\"@id\":\"https:\\\/\\\/www.organisator.ch\\\/#\\\/schema\\\/person\\\/6f650f90b2842cd4c0cc334b4e36f67e\",\"name\":\"thomas.berner\",\"image\":{\"@type\":\"ImageObject\",\"inLanguage\":\"fr-FR\",\"@id\":\"https:\\\/\\\/secure.gravatar.com\\\/avatar\\\/ac5001d2a36cb6c6cd3e50789007ffca834b477b74a2144564522e944eabff61?s=96&d=mm&r=g\",\"url\":\"https:\\\/\\\/secure.gravatar.com\\\/avatar\\\/ac5001d2a36cb6c6cd3e50789007ffca834b477b74a2144564522e944eabff61?s=96&d=mm&r=g\",\"contentUrl\":\"https:\\\/\\\/secure.gravatar.com\\\/avatar\\\/ac5001d2a36cb6c6cd3e50789007ffca834b477b74a2144564522e944eabff61?s=96&d=mm&r=g\",\"caption\":\"thomas.berner\"},\"url\":\"https:\\\/\\\/www.organisator.ch\\\/fr\\\/author\\\/thomas-berner\\\/\"}]}<\/script>\n<!-- \/ Yoast SEO plugin. -->","yoast_head_json":{"title":"La \"nouvelle norme\" dans les entreprises familiales, partie 3 : changement de paradigme - organisateur","description":"Comment la pand\u00e9mie de Corona change-t-elle notre monde de l'entreprise et du travail ? Des changements de paradigmes sont n\u00e9cessaires, comme le montrent les auteurs dans la troisi\u00e8me partie de notre s\u00e9rie.","robots":{"index":"index","follow":"follow","max-snippet":"max-snippet:-1","max-image-preview":"max-image-preview:large","max-video-preview":"max-video-preview:-1"},"canonical":"https:\/\/www.organisator.ch\/fr\/gestion-2\/2021-02-19\/das-new-normal-in-familienunternehmen-teil-3-paradigmenwechsel\/","og_locale":"fr_FR","og_type":"article","og_title":"Das \u00abNew Normal\u00bb in Familienunternehmen, Teil 3: Paradigmenwechsel","og_description":"Wie ver\u00e4ndert die Corona-Pandemie unsere Unternehmens- und Arbeitswelt? N\u00f6tig sind Paradigmenwechsel, wie die Autoren im dritten Teil unserer Serie zeigen.","og_url":"https:\/\/www.organisator.ch\/fr\/gestion-2\/2021-02-19\/das-new-normal-in-familienunternehmen-teil-3-paradigmenwechsel\/","og_site_name":"Organisator","article_publisher":"https:\/\/www.facebook.com\/OrganisatorFachmagazin","article_published_time":"2021-02-19T06:55:18+00:00","og_image":[{"width":680,"height":453,"url":"https:\/\/www.organisator.ch\/wp-content\/uploads\/2021\/02\/Das-New-Normal-in-Familienunternehmen-Teil-3-Paradigmenwechsel_Organisator.jpg","type":"image\/jpeg"}],"author":"thomas.berner","twitter_card":"summary_large_image","twitter_title":"Das \u00abNew Normal\u00bb in #Familienunternehmen, Teil 3: #Paradigmenwechsel","twitter_description":"Wie ver\u00e4ndert die #Corona-Pandemie unsere Unternehmens- und Arbeitswelt? N\u00f6tig sind #Paradigmenwechsel, wie die Autoren im dritten Teil unserer Serie zeigen.","twitter_image":"https:\/\/www.organisator.ch\/wp-content\/uploads\/2021\/02\/Das-New-Normal-in-Familienunternehmen-Teil-3-Paradigmenwechsel_Organisator.jpg","schema":{"@context":"https:\/\/schema.org","@graph":[{"@type":"Article","@id":"https:\/\/www.organisator.ch\/management\/2021-02-19\/das-new-normal-in-familienunternehmen-teil-3-paradigmenwechsel\/#article","isPartOf":{"@id":"https:\/\/www.organisator.ch\/management\/2021-02-19\/das-new-normal-in-familienunternehmen-teil-3-paradigmenwechsel\/"},"author":{"name":"thomas.berner","@id":"https:\/\/www.organisator.ch\/#\/schema\/person\/6f650f90b2842cd4c0cc334b4e36f67e"},"headline":"Das \u00abNew Normal\u00bb in Familienunternehmen, Teil 3: Paradigmenwechsel","datePublished":"2021-02-19T06:55:18+00:00","mainEntityOfPage":{"@id":"https:\/\/www.organisator.ch\/management\/2021-02-19\/das-new-normal-in-familienunternehmen-teil-3-paradigmenwechsel\/"},"wordCount":1100,"publisher":{"@id":"https:\/\/www.organisator.ch\/#organization"},"image":{"@id":"https:\/\/www.organisator.ch\/management\/2021-02-19\/das-new-normal-in-familienunternehmen-teil-3-paradigmenwechsel\/#primaryimage"},"thumbnailUrl":"https:\/\/www.organisator.ch\/wp-content\/uploads\/2021\/02\/Das-New-Normal-in-Familienunternehmen-Teil-3-Paradigmenwechsel_Organisator.jpg","keywords":["Digitalisierung","Leadership","Management und Unternehmensf\u00fchrung","Vermischtes"],"articleSection":["MANAGEMENT"],"inLanguage":"fr-FR"},{"@type":"WebPage","@id":"https:\/\/www.organisator.ch\/management\/2021-02-19\/das-new-normal-in-familienunternehmen-teil-3-paradigmenwechsel\/","url":"https:\/\/www.organisator.ch\/management\/2021-02-19\/das-new-normal-in-familienunternehmen-teil-3-paradigmenwechsel\/","name":"La \"nouvelle norme\" dans les entreprises familiales, partie 3 : changement de paradigme - organisateur","isPartOf":{"@id":"https:\/\/www.organisator.ch\/#website"},"primaryImageOfPage":{"@id":"https:\/\/www.organisator.ch\/management\/2021-02-19\/das-new-normal-in-familienunternehmen-teil-3-paradigmenwechsel\/#primaryimage"},"image":{"@id":"https:\/\/www.organisator.ch\/management\/2021-02-19\/das-new-normal-in-familienunternehmen-teil-3-paradigmenwechsel\/#primaryimage"},"thumbnailUrl":"https:\/\/www.organisator.ch\/wp-content\/uploads\/2021\/02\/Das-New-Normal-in-Familienunternehmen-Teil-3-Paradigmenwechsel_Organisator.jpg","datePublished":"2021-02-19T06:55:18+00:00","description":"Comment la pand\u00e9mie de Corona change-t-elle notre monde de l'entreprise et du travail ? Des changements de paradigmes sont n\u00e9cessaires, comme le montrent les auteurs dans la troisi\u00e8me partie de notre s\u00e9rie.","breadcrumb":{"@id":"https:\/\/www.organisator.ch\/management\/2021-02-19\/das-new-normal-in-familienunternehmen-teil-3-paradigmenwechsel\/#breadcrumb"},"inLanguage":"fr-FR","potentialAction":[{"@type":"ReadAction","target":["https:\/\/www.organisator.ch\/management\/2021-02-19\/das-new-normal-in-familienunternehmen-teil-3-paradigmenwechsel\/"]}]},{"@type":"ImageObject","inLanguage":"fr-FR","@id":"https:\/\/www.organisator.ch\/management\/2021-02-19\/das-new-normal-in-familienunternehmen-teil-3-paradigmenwechsel\/#primaryimage","url":"https:\/\/www.organisator.ch\/wp-content\/uploads\/2021\/02\/Das-New-Normal-in-Familienunternehmen-Teil-3-Paradigmenwechsel_Organisator.jpg","contentUrl":"https:\/\/www.organisator.ch\/wp-content\/uploads\/2021\/02\/Das-New-Normal-in-Familienunternehmen-Teil-3-Paradigmenwechsel_Organisator.jpg","width":680,"height":453,"caption":"Neue Normalit\u00e4t setzt einen Paradigmenwechsel voraus: \u00abRaus aus dem Krisen-\u00dcberlebens-Modus \u2013 rein in den Zukunft-Gestalten-Modus.\u00bb. (Bild: Pixabay.com)"},{"@type":"BreadcrumbList","@id":"https:\/\/www.organisator.ch\/management\/2021-02-19\/das-new-normal-in-familienunternehmen-teil-3-paradigmenwechsel\/#breadcrumb","itemListElement":[{"@type":"ListItem","position":1,"name":"Home","item":"https:\/\/www.organisator.ch\/"},{"@type":"ListItem","position":2,"name":"Das \u00abNew Normal\u00bb in Familienunternehmen, Teil 3: Paradigmenwechsel"}]},{"@type":"WebSite","@id":"https:\/\/www.organisator.ch\/#website","url":"https:\/\/www.organisator.ch\/","name":"Organisateur","description":"Comp\u00e9tence et comp\u00e9tence. Proches de la pratique. L'ORGANISATEUR pr\u00e9pare 10 num\u00e9ros par an sur les th\u00e8mes essentiels pour les dirigeants de PME.","publisher":{"@id":"https:\/\/www.organisator.ch\/#organization"},"potentialAction":[{"@type":"SearchAction","target":{"@type":"EntryPoint","urlTemplate":"https:\/\/www.organisator.ch\/?s={search_term_string}"},"query-input":{"@type":"PropertyValueSpecification","valueRequired":true,"valueName":"search_term_string"}}],"inLanguage":"fr-FR"},{"@type":"Organization","@id":"https:\/\/www.organisator.ch\/#organization","name":"Organisateur","url":"https:\/\/www.organisator.ch\/","logo":{"@type":"ImageObject","inLanguage":"fr-FR","@id":"https:\/\/www.organisator.ch\/#\/schema\/logo\/image\/","url":"https:\/\/www.organisator.ch\/wp-content\/uploads\/2022\/01\/Logo_Organisator_Website.png","contentUrl":"https:\/\/www.organisator.ch\/wp-content\/uploads\/2022\/01\/Logo_Organisator_Website.png","width":800,"height":77,"caption":"Organisator"},"image":{"@id":"https:\/\/www.organisator.ch\/#\/schema\/logo\/image\/"},"sameAs":["https:\/\/www.facebook.com\/OrganisatorFachmagazin","https:\/\/www.linkedin.com\/showcase\/organisator-das-magazin-fr-kmu","https:\/\/www.xing.com\/news\/pages\/organisator-ch-695","https:\/\/www.youtube.com\/channel\/UCGP2Sq0iWaZwT3BdIAQFYpw"]},{"@type":"Person","@id":"https:\/\/www.organisator.ch\/#\/schema\/person\/6f650f90b2842cd4c0cc334b4e36f67e","name":"thomas.berner","image":{"@type":"ImageObject","inLanguage":"fr-FR","@id":"https:\/\/secure.gravatar.com\/avatar\/ac5001d2a36cb6c6cd3e50789007ffca834b477b74a2144564522e944eabff61?s=96&d=mm&r=g","url":"https:\/\/secure.gravatar.com\/avatar\/ac5001d2a36cb6c6cd3e50789007ffca834b477b74a2144564522e944eabff61?s=96&d=mm&r=g","contentUrl":"https:\/\/secure.gravatar.com\/avatar\/ac5001d2a36cb6c6cd3e50789007ffca834b477b74a2144564522e944eabff61?s=96&d=mm&r=g","caption":"thomas.berner"},"url":"https:\/\/www.organisator.ch\/fr\/author\/thomas-berner\/"}]}},"_links":{"self":[{"href":"https:\/\/www.organisator.ch\/fr\/wp-json\/wp\/v2\/posts\/7689","targetHints":{"allow":["GET"]}}],"collection":[{"href":"https:\/\/www.organisator.ch\/fr\/wp-json\/wp\/v2\/posts"}],"about":[{"href":"https:\/\/www.organisator.ch\/fr\/wp-json\/wp\/v2\/types\/post"}],"author":[{"embeddable":true,"href":"https:\/\/www.organisator.ch\/fr\/wp-json\/wp\/v2\/users\/4"}],"replies":[{"embeddable":true,"href":"https:\/\/www.organisator.ch\/fr\/wp-json\/wp\/v2\/comments?post=7689"}],"version-history":[{"count":0,"href":"https:\/\/www.organisator.ch\/fr\/wp-json\/wp\/v2\/posts\/7689\/revisions"}],"wp:featuredmedia":[{"embeddable":true,"href":"https:\/\/www.organisator.ch\/fr\/wp-json\/wp\/v2\/media\/7690"}],"wp:attachment":[{"href":"https:\/\/www.organisator.ch\/fr\/wp-json\/wp\/v2\/media?parent=7689"}],"wp:term":[{"taxonomy":"category","embeddable":true,"href":"https:\/\/www.organisator.ch\/fr\/wp-json\/wp\/v2\/categories?post=7689"},{"taxonomy":"post_tag","embeddable":true,"href":"https:\/\/www.organisator.ch\/fr\/wp-json\/wp\/v2\/tags?post=7689"}],"curies":[{"name":"wp","href":"https:\/\/api.w.org\/{rel}","templated":true}]}}