{"id":7699,"date":"2021-03-04T08:37:46","date_gmt":"2021-03-04T07:37:46","guid":{"rendered":"https:\/\/www.organisator.ch\/?p=7699"},"modified":"2021-03-04T08:37:46","modified_gmt":"2021-03-04T07:37:46","slug":"das-new-normal-in-familienunternehmen-teil-5-drive-und-spirit","status":"publish","type":"post","link":"https:\/\/www.organisator.ch\/fr\/management\/2021-03-04\/das-new-normal-in-familienunternehmen-teil-5-drive-und-spirit\/","title":{"rendered":"Le \"New Normal\" dans les entreprises familiales, partie 5 : Drive et Spirit"},"content":{"rendered":"<figure id=\"attachment_7700\" aria-describedby=\"caption-attachment-7700\" style=\"width: 680px\" class=\"wp-caption alignnone\"><img loading=\"lazy\" decoding=\"async\" class=\"size-medium wp-image-7700\" src=\"https:\/\/www.organisator.ch\/wp-content\/uploads\/2021\/02\/Das-New-Normal-in-Familienunternehmen-Teil-5-Drive-und-Spirit_Organisator.jpg\" alt=\"\" width=\"680\" height=\"453\" srcset=\"https:\/\/www.organisator.ch\/wp-content\/uploads\/2021\/02\/Das-New-Normal-in-Familienunternehmen-Teil-5-Drive-und-Spirit_Organisator.jpg 680w, https:\/\/www.organisator.ch\/wp-content\/uploads\/2021\/02\/Das-New-Normal-in-Familienunternehmen-Teil-5-Drive-und-Spirit_Organisator-16x12.jpg 16w, https:\/\/www.organisator.ch\/wp-content\/uploads\/2021\/02\/Das-New-Normal-in-Familienunternehmen-Teil-5-Drive-und-Spirit_Organisator-263x175.jpg 263w, https:\/\/www.organisator.ch\/wp-content\/uploads\/2021\/02\/Das-New-Normal-in-Familienunternehmen-Teil-5-Drive-und-Spirit_Organisator-525x350.jpg 525w, https:\/\/www.organisator.ch\/wp-content\/uploads\/2021\/02\/Das-New-Normal-in-Familienunternehmen-Teil-5-Drive-und-Spirit_Organisator-300x200.jpg 300w\" sizes=\"auto, (max-width: 680px) 100vw, 680px\" \/><figcaption id=\"caption-attachment-7700\" class=\"wp-caption-text\">Continuer vers un avenir durable avec Drive et Spirit : les \"activit\u00e9s Corona\" doivent \u00eatre pr\u00e9par\u00e9es en interne comme \"mod\u00e8les de r\u00f4le\". (Image : Pixabay.com)<\/figcaption><\/figure>\n<p>Comment la pand\u00e9mie de Corona change-t-elle notre monde de l'entreprise et du travail ? Nous cherchons les premi\u00e8res r\u00e9ponses dans un \"pronostic \u00e0 rebours\". Voici la cinqui\u00e8me partie sur le sujet : une entreprise familiale cr\u00e9dible r\u00e9siste durablement \u00e0 la crise.<\/p>\n<h2>Traverser la crise avec Drive et Spirit<\/h2>\n<p>Nous avons \u00e9t\u00e9 enthousiasm\u00e9s par l'agilit\u00e9 et le courage dont a fait preuve, en mars 2020, l'entreprise familiale plut\u00f4t terre \u00e0 terre Trigema de Burladingen en Allemagne, sous la direction du patriarche Wolfgang Grupp, en transformant en tr\u00e8s peu de temps sa production textile de T-shirts en masques pour le visage. Comment J\u00e4germeister a fait don d'alcool pour la fabrication de d\u00e9sinfectants. Comment Hansgrohe a envoy\u00e9 des camions de douche entiers pour les sans-abri dans les grandes agglom\u00e9rations. Et comment l'entreprise familiale new-yorkaise D'Addario a transform\u00e9 le film clair de ses peaux de tambour EVANS pour batteurs en masques de protection faciale m\u00e9dicaux - et a utilis\u00e9 en quelques jours seulement ses forces originales pour cr\u00e9er, \u00e0 c\u00f4t\u00e9 de son activit\u00e9 d'accessoires de musique, une toute nouvelle activit\u00e9 pour les besoins m\u00e9dicaux.<\/p>\n<p>Je me demande combien de b\u00e9n\u00e9fices la famille Grupp, propri\u00e9taire de Trigema, a pu r\u00e9aliser entre-temps gr\u00e2ce \u00e0 la nouvelle activit\u00e9 de masques pour le visage. Je pense qu'il sera consid\u00e9rable - surtout parce que le commerce des masques est toujours en forte croissance. Aujourd'hui, \u00e0 l'\u00e9t\u00e9 2022, les masques faciaux sont des accessoires de mode \u00e0 la mode et font partie int\u00e9grante du paysage quotidien. Nous nous sommes tous habitu\u00e9s \u00e0 eux. Ils existent dans les couleurs, les motifs et les formes les plus divers. Nombreux sont ceux - surtout les jeunes - qui les utilisent pour exprimer leur personnalit\u00e9.<\/p>\n<h2><strong>Le bon nom en t\u00eate<\/strong><\/h2>\n<p>Sous la pression de la crise de Corona, nous avons, comme beaucoup d'autres entreprises familiales, pris beaucoup plus de responsabilit\u00e9s sociales et fait preuve de capacit\u00e9s d'improvisation insoup\u00e7onn\u00e9es. Et r\u00e9trospectivement, nous nous en sommes tr\u00e8s bien sortis !<\/p>\n<p>Nous ne voulons pas perdre ce dynamisme et cet esprit d'entreprise ax\u00e9s sur l'ici et maintenant, mais con\u00e7us pour durer. Nous voulons le conserver durablement au sein de nos collaborateurs, de nos cadres et de nos comit\u00e9s. Si possible, nous pouvons m\u00eame le d\u00e9velopper, par exemple en faisant de nos activit\u00e9s Corona des \"mod\u00e8les de r\u00f4le\" en interne et en les transposant \u00e0 d'autres domaines d'action au sein de notre entreprise.<\/p>\n<p>Dans ce contexte, nous nous sommes frott\u00e9s les yeux avec \u00e9tonnement \u00e0 la mani\u00e8re maladroite et insensible \u00e0 l'\u00e9tat d'esprit de l'opinion publique dont le grand groupe Adidas a tent\u00e9 en avril 2020 de se soustraire au paiement de son loyer - ce qui lui a valu une incroyable \"shitstorm\". Et comment, malgr\u00e9 cet exemple de mise en garde, d'autres entreprises ont continu\u00e9 \u00e0 faire parler d'elles de mani\u00e8re n\u00e9gative au cours de l'ann\u00e9e en tant que \"profiteurs de crise\" et ont vu leur r\u00e9putation bien ternie. C'est incroyable comme il est facile d'affaiblir sa bonne r\u00e9putation en prenant de mauvaises d\u00e9cisions. Et comme cela se r\u00e9percute ensuite massivement sur les chiffres de l'entreprise.<\/p>\n<p>Pour nous, il \u00e9tait clair d\u00e8s le d\u00e9but de la crise de Corona que si la sensibilit\u00e9 et l'attention du public augmentaient, nous devions surveiller notre marque - comprise comme notre \"pr\u00e9jug\u00e9 positif\" sur le march\u00e9 - avec des yeux d'Argus. En temps de crise, toute d\u00e9cision d'entreprise peut rapidement se transformer en un \"gauchissement de la marque\" et briser une partie sensible du capital de confiance que nous consid\u00e9rons comme indispensable et d\u00e9cisif pour la p\u00e9rennit\u00e9 de notre entreprise familiale.<\/p>\n<h2><strong>Poser le mod\u00e8le d'entreprise de mani\u00e8re durable<\/strong><\/h2>\n<p>Heureusement, nous avons pu montrer de mani\u00e8re cr\u00e9dible, par des actions \u00e9nergiques, qu'en tant qu'entreprise familiale, la responsabilit\u00e9 sociale envers la communaut\u00e9 est importante pour nous.<\/p>\n<p>Le fait que nous ayons toujours con\u00e7u notre mod\u00e8le d'entreprise de mani\u00e8re propre, transparente et durable nous a certainement aid\u00e9s. Bas\u00e9 sur des valeurs v\u00e9cues. Et orient\u00e9s vers la cr\u00e9ation honn\u00eate d'une valeur ajout\u00e9e substantielle pour nos clients, nos collaborateurs, l'environnement et nous-m\u00eames en tant que propri\u00e9taires. Il n'existe pas dans notre maison de dysfonctionnements syst\u00e9matiques dont nous pourrions craindre qu'ils soient un jour r\u00e9v\u00e9l\u00e9s au grand public. Nous sommes prot\u00e9g\u00e9s au mieux d'une soudaine \"fonte de l'image de marque\" provoqu\u00e9e par la crise, comme cela s'est produit en juin 2020 pour le producteur de viande allemand T\u00f6nnies de G\u00fctersloh.<\/p>\n<p>Il \u00e9tait impossible de pr\u00e9voir et d'envisager que notre culture de gestion conservatrice et ax\u00e9e sur la durabilit\u00e9 nous permette aujourd'hui de profiter consid\u00e9rablement de notre image de marque en tant qu'employeur et que nous ayons pu recruter ces derniers mois de nouveaux collaborateurs prometteurs avec un \"\u00e9tat d'esprit\" progressiste. Mais c'est un bel effet secondaire qui nous conforte dans notre volont\u00e9 de rester fid\u00e8les \u00e0 nos valeurs et de poursuivre notre chemin de mani\u00e8re cons\u00e9quente.<\/p>\n<p><a href=\"https:\/\/www.organisator.ch\/virtual-reality-ist-salonfaehig-und-durchdringt-alles-new-normal-in-familienunternehmen-in-2022\/\"><em>Cliquez ici pour acc\u00e9der \u00e0 la partie 1<\/em><\/a><\/p>\n<p><a href=\"https:\/\/www.organisator.ch\/das-new-normal-in-familienunternehmen-teil-2-krise-als-chance\/\"><em>Cliquez ici pour acc\u00e9der \u00e0 la deuxi\u00e8me partie<\/em><\/a><\/p>\n<p><a href=\"https:\/\/www.organisator.ch\/das-new-normal-in-familienunternehmen-teil-3-paradigmenwechsel\/\"><em>Cliquez ici pour acc\u00e9der \u00e0 la partie 3<\/em><\/a><\/p>\n<p><a href=\"https:\/\/www.organisator.ch\/das-new-normal-in-familienunternehmen-teil-4-widerstandsfaehigkeit\/\"><em>Cliquez ici pour acc\u00e9der \u00e0 la partie 4<\/em><\/a><\/p>\n<p>&nbsp;<\/p>\n<p><strong><em>Auteurs :<\/em><\/strong><\/p>\n<p><strong><img loading=\"lazy\" decoding=\"async\" class=\"alignnone size-full wp-image-7562\" src=\"https:\/\/www.organisator.ch\/wp-content\/uploads\/2021\/01\/Christian-Schiede_Organisator.jpg\" alt=\"\" width=\"340\" height=\"421\" srcset=\"https:\/\/www.organisator.ch\/wp-content\/uploads\/2021\/01\/Christian-Schiede_Organisator.jpg 340w, https:\/\/www.organisator.ch\/wp-content\/uploads\/2021\/01\/Christian-Schiede_Organisator-10x12.jpg 10w, https:\/\/www.organisator.ch\/wp-content\/uploads\/2021\/01\/Christian-Schiede_Organisator-141x175.jpg 141w, https:\/\/www.organisator.ch\/wp-content\/uploads\/2021\/01\/Christian-Schiede_Organisator-283x350.jpg 283w, https:\/\/www.organisator.ch\/wp-content\/uploads\/2021\/01\/Christian-Schiede_Organisator-300x371.jpg 300w\" sizes=\"auto, (max-width: 340px) 100vw, 340px\" \/><\/strong><\/p>\n<p><strong>Christian Schiede\u00a0<\/strong>conseille et accompagne depuis 2003 les familles d'entrepreneurs et les entreprises familiales afin de renforcer la coh\u00e9sion, d'augmenter la comp\u00e9titivit\u00e9 et de garantir les valeurs. Contact :\u00a0<a href=\"http:\/\/www.schiede.com\/\">www.schiede.com<\/a>;\u00a0<a href=\"mailto:schiede@shpadvisors.com\">schiede@shpadvisors.com<\/a><\/p>\n<p><img loading=\"lazy\" decoding=\"async\" class=\"alignnone size-full wp-image-7564\" src=\"https:\/\/www.organisator.ch\/wp-content\/uploads\/2021\/01\/Bastian-Schneider_Organisator.jpg\" sizes=\"auto, (max-width: 340px) 100vw, 340px\" srcset=\"https:\/\/www.organisator.ch\/wp-content\/uploads\/2021\/01\/Bastian-Schneider_Organisator.jpg 340w, https:\/\/www.organisator.ch\/wp-content\/uploads\/2021\/01\/Bastian-Schneider_Organisator.jpg 220w\" alt=\"\" width=\"340\" height=\"340\" \/><\/p>\n<p><strong>Bastian Schneider\u00a0<\/strong>aide depuis 2000 les entrepreneurs et les \u00e9quipes de direction \u00e0 renforcer leurs marques de l'int\u00e9rieur et, dans cette perspective, \u00e0 conduire leurs organisations et leurs entreprises vers l'avenir. Dans plus de 30 secteurs. En Allemagne, en Autriche et en Suisse. Contact :\u00a0<a href=\"http:\/\/www.brandleadership.ch\/\">www.brandleadership.ch<\/a>;\u00a0<a href=\"mailto:bastian.schneider@brandleadership.ch\">bastian.schneider@brandleadership.ch<\/a><\/p>","protected":false},"excerpt":{"rendered":"<p>Wie ver\u00e4ndert die Corona-Pandemie unsere Unternehmens- und Arbeitswelt? In einer \u00abR\u00fcckw\u00e4rts-Prognose\u00bb suchen wir erste Antworten. Hier Teil 5 zum Thema: Glaubw\u00fcrdiges Familienunternehmen ist nachhaltig krisenresistent. Mit Drive und Spirit durch die Krise Wir waren begeistert, wie agil und mutig im M\u00e4rz 2020 das eher bodenst\u00e4ndige Familienunternehmen Trigema aus Burladingen in Deutschland unter F\u00fchrung des Patriarchen [&hellip;]<\/p>\n","protected":false},"author":4,"featured_media":7700,"comment_status":"closed","ping_status":"closed","sticky":false,"template":"","format":"standard","meta":{"_acf_changed":false,"_yoast_wpseo_focuskw":"Drive und Spirit","_yoast_wpseo_metadesc":"\"New Normal\" in Familienunternehmen, Teil 5: Die Autoren zeigen, wie der in der Krise gezeigte Drive und Spirit f\u00fcr die Zukunft bewahrt werden kann.","articlekey":"","footnotes":""},"categories":[28],"tags":[320,335,363],"class_list":["post-7699","post","type-post","status-publish","format-standard","has-post-thumbnail","hentry","category-management","tag-leadership","tag-management-und-unternehmensfuehrung","tag-new-work"],"acf":[],"yoast_head":"<!-- This site is optimized with the Yoast SEO plugin v27.5 - https:\/\/yoast.com\/product\/yoast-seo-wordpress\/ -->\n<title>Das \u00abNew Normal\u00bb in Familienunternehmen, Teil 5: Drive und Spirit - Organisator<\/title>\n<meta name=\"description\" content=\"&quot;New Normal&quot; in Familienunternehmen, Teil 5: Die Autoren zeigen, wie der in der Krise gezeigte Drive und Spirit f\u00fcr die Zukunft bewahrt werden kann.\" \/>\n<meta name=\"robots\" content=\"index, follow, max-snippet:-1, max-image-preview:large, max-video-preview:-1\" \/>\n<link rel=\"canonical\" href=\"https:\/\/www.organisator.ch\/fr\/gestion-2\/2021-03-04\/das-new-normal-in-familienunternehmen-teil-5-drive-und-spirit\/\" \/>\n<meta property=\"og:locale\" content=\"fr_FR\" \/>\n<meta property=\"og:type\" content=\"article\" \/>\n<meta property=\"og:title\" content=\"Das \u00abNew Normal\u00bb in Familienunternehmen, Teil 5: Drive und Spirit\" \/>\n<meta property=\"og:description\" content=\"&quot;New Normal&quot; in Familienunternehmen, Teil 5: Die Autoren zeigen, wie der in der Krise gezeigte Drive und Spirit f\u00fcr die Zukunft bewahrt werden kann.\" \/>\n<meta property=\"og:url\" content=\"https:\/\/www.organisator.ch\/fr\/gestion-2\/2021-03-04\/das-new-normal-in-familienunternehmen-teil-5-drive-und-spirit\/\" \/>\n<meta property=\"og:site_name\" content=\"Organisator\" \/>\n<meta property=\"article:publisher\" content=\"https:\/\/www.facebook.com\/OrganisatorFachmagazin\" \/>\n<meta property=\"article:published_time\" content=\"2021-03-04T07:37:46+00:00\" \/>\n<meta property=\"og:image\" content=\"https:\/\/www.organisator.ch\/wp-content\/uploads\/2021\/02\/Das-New-Normal-in-Familienunternehmen-Teil-5-Drive-und-Spirit_Organisator.jpg\" \/>\n\t<meta property=\"og:image:width\" content=\"680\" \/>\n\t<meta property=\"og:image:height\" content=\"453\" \/>\n\t<meta property=\"og:image:type\" content=\"image\/jpeg\" \/>\n<meta name=\"author\" content=\"thomas.berner\" \/>\n<meta name=\"twitter:card\" content=\"summary_large_image\" \/>\n<meta name=\"twitter:title\" content=\"Das \u00abNew Normal\u00bb in #Familienunternehmen, Teil 5: Drive und Spirit\" \/>\n<meta name=\"twitter:description\" content=\"&quot;New Normal&quot; in #Familienunternehmen, Teil 5: Die Autoren zeigen, wie der in der Krise gezeigte #Drive und #Spirit f\u00fcr die Zukunft bewahrt werden kann.\" \/>\n<meta name=\"twitter:image\" content=\"https:\/\/www.organisator.ch\/wp-content\/uploads\/2021\/02\/Das-New-Normal-in-Familienunternehmen-Teil-5-Drive-und-Spirit_Organisator.jpg\" \/>\n<script type=\"application\/ld+json\" class=\"yoast-schema-graph\">{\"@context\":\"https:\\\/\\\/schema.org\",\"@graph\":[{\"@type\":\"Article\",\"@id\":\"https:\\\/\\\/www.organisator.ch\\\/management\\\/2021-03-04\\\/das-new-normal-in-familienunternehmen-teil-5-drive-und-spirit\\\/#article\",\"isPartOf\":{\"@id\":\"https:\\\/\\\/www.organisator.ch\\\/management\\\/2021-03-04\\\/das-new-normal-in-familienunternehmen-teil-5-drive-und-spirit\\\/\"},\"author\":{\"name\":\"thomas.berner\",\"@id\":\"https:\\\/\\\/www.organisator.ch\\\/#\\\/schema\\\/person\\\/6f650f90b2842cd4c0cc334b4e36f67e\"},\"headline\":\"Das \u00abNew Normal\u00bb in Familienunternehmen, Teil 5: Drive und Spirit\",\"datePublished\":\"2021-03-04T07:37:46+00:00\",\"mainEntityOfPage\":{\"@id\":\"https:\\\/\\\/www.organisator.ch\\\/management\\\/2021-03-04\\\/das-new-normal-in-familienunternehmen-teil-5-drive-und-spirit\\\/\"},\"wordCount\":846,\"publisher\":{\"@id\":\"https:\\\/\\\/www.organisator.ch\\\/#organization\"},\"image\":{\"@id\":\"https:\\\/\\\/www.organisator.ch\\\/management\\\/2021-03-04\\\/das-new-normal-in-familienunternehmen-teil-5-drive-und-spirit\\\/#primaryimage\"},\"thumbnailUrl\":\"https:\\\/\\\/www.organisator.ch\\\/wp-content\\\/uploads\\\/2021\\\/02\\\/Das-New-Normal-in-Familienunternehmen-Teil-5-Drive-und-Spirit_Organisator.jpg\",\"keywords\":[\"Leadership\",\"Management und Unternehmensf\u00fchrung\",\"New Work\"],\"articleSection\":[\"MANAGEMENT\"],\"inLanguage\":\"fr-FR\"},{\"@type\":\"WebPage\",\"@id\":\"https:\\\/\\\/www.organisator.ch\\\/management\\\/2021-03-04\\\/das-new-normal-in-familienunternehmen-teil-5-drive-und-spirit\\\/\",\"url\":\"https:\\\/\\\/www.organisator.ch\\\/management\\\/2021-03-04\\\/das-new-normal-in-familienunternehmen-teil-5-drive-und-spirit\\\/\",\"name\":\"Das \u00abNew Normal\u00bb in Familienunternehmen, Teil 5: Drive und Spirit - Organisator\",\"isPartOf\":{\"@id\":\"https:\\\/\\\/www.organisator.ch\\\/#website\"},\"primaryImageOfPage\":{\"@id\":\"https:\\\/\\\/www.organisator.ch\\\/management\\\/2021-03-04\\\/das-new-normal-in-familienunternehmen-teil-5-drive-und-spirit\\\/#primaryimage\"},\"image\":{\"@id\":\"https:\\\/\\\/www.organisator.ch\\\/management\\\/2021-03-04\\\/das-new-normal-in-familienunternehmen-teil-5-drive-und-spirit\\\/#primaryimage\"},\"thumbnailUrl\":\"https:\\\/\\\/www.organisator.ch\\\/wp-content\\\/uploads\\\/2021\\\/02\\\/Das-New-Normal-in-Familienunternehmen-Teil-5-Drive-und-Spirit_Organisator.jpg\",\"datePublished\":\"2021-03-04T07:37:46+00:00\",\"description\":\"\\\"New Normal\\\" in Familienunternehmen, Teil 5: Die Autoren zeigen, wie der in der Krise gezeigte Drive und Spirit f\u00fcr die Zukunft bewahrt werden kann.\",\"breadcrumb\":{\"@id\":\"https:\\\/\\\/www.organisator.ch\\\/management\\\/2021-03-04\\\/das-new-normal-in-familienunternehmen-teil-5-drive-und-spirit\\\/#breadcrumb\"},\"inLanguage\":\"fr-FR\",\"potentialAction\":[{\"@type\":\"ReadAction\",\"target\":[\"https:\\\/\\\/www.organisator.ch\\\/management\\\/2021-03-04\\\/das-new-normal-in-familienunternehmen-teil-5-drive-und-spirit\\\/\"]}]},{\"@type\":\"ImageObject\",\"inLanguage\":\"fr-FR\",\"@id\":\"https:\\\/\\\/www.organisator.ch\\\/management\\\/2021-03-04\\\/das-new-normal-in-familienunternehmen-teil-5-drive-und-spirit\\\/#primaryimage\",\"url\":\"https:\\\/\\\/www.organisator.ch\\\/wp-content\\\/uploads\\\/2021\\\/02\\\/Das-New-Normal-in-Familienunternehmen-Teil-5-Drive-und-Spirit_Organisator.jpg\",\"contentUrl\":\"https:\\\/\\\/www.organisator.ch\\\/wp-content\\\/uploads\\\/2021\\\/02\\\/Das-New-Normal-in-Familienunternehmen-Teil-5-Drive-und-Spirit_Organisator.jpg\",\"width\":680,\"height\":453,\"caption\":\"Mit Drive und Spirit weiter in eine nachhaltige Zukunft: \\\"Corona-Aktivit\u00e4ten\\\" sollen intern als \\\"Rollenvorbilder\\\" aufbereitet werden. (Bild: Pixabay.com)\"},{\"@type\":\"BreadcrumbList\",\"@id\":\"https:\\\/\\\/www.organisator.ch\\\/management\\\/2021-03-04\\\/das-new-normal-in-familienunternehmen-teil-5-drive-und-spirit\\\/#breadcrumb\",\"itemListElement\":[{\"@type\":\"ListItem\",\"position\":1,\"name\":\"Home\",\"item\":\"https:\\\/\\\/www.organisator.ch\\\/\"},{\"@type\":\"ListItem\",\"position\":2,\"name\":\"Das \u00abNew Normal\u00bb in Familienunternehmen, Teil 5: Drive und Spirit\"}]},{\"@type\":\"WebSite\",\"@id\":\"https:\\\/\\\/www.organisator.ch\\\/#website\",\"url\":\"https:\\\/\\\/www.organisator.ch\\\/\",\"name\":\"Organisator\",\"description\":\"Kompetent. Praxisnah. Der ORGANISATOR bereitet in 10 Ausgaben pro Jahr die wesentlichen Themen f\u00fcr F\u00fchrungskr\u00e4fte von KMU auf.\",\"publisher\":{\"@id\":\"https:\\\/\\\/www.organisator.ch\\\/#organization\"},\"potentialAction\":[{\"@type\":\"SearchAction\",\"target\":{\"@type\":\"EntryPoint\",\"urlTemplate\":\"https:\\\/\\\/www.organisator.ch\\\/?s={search_term_string}\"},\"query-input\":{\"@type\":\"PropertyValueSpecification\",\"valueRequired\":true,\"valueName\":\"search_term_string\"}}],\"inLanguage\":\"fr-FR\"},{\"@type\":\"Organization\",\"@id\":\"https:\\\/\\\/www.organisator.ch\\\/#organization\",\"name\":\"Organisator\",\"url\":\"https:\\\/\\\/www.organisator.ch\\\/\",\"logo\":{\"@type\":\"ImageObject\",\"inLanguage\":\"fr-FR\",\"@id\":\"https:\\\/\\\/www.organisator.ch\\\/#\\\/schema\\\/logo\\\/image\\\/\",\"url\":\"https:\\\/\\\/www.organisator.ch\\\/wp-content\\\/uploads\\\/2022\\\/01\\\/Logo_Organisator_Website.png\",\"contentUrl\":\"https:\\\/\\\/www.organisator.ch\\\/wp-content\\\/uploads\\\/2022\\\/01\\\/Logo_Organisator_Website.png\",\"width\":800,\"height\":77,\"caption\":\"Organisator\"},\"image\":{\"@id\":\"https:\\\/\\\/www.organisator.ch\\\/#\\\/schema\\\/logo\\\/image\\\/\"},\"sameAs\":[\"https:\\\/\\\/www.facebook.com\\\/OrganisatorFachmagazin\",\"https:\\\/\\\/www.linkedin.com\\\/showcase\\\/organisator-das-magazin-fr-kmu\",\"https:\\\/\\\/www.xing.com\\\/news\\\/pages\\\/organisator-ch-695\",\"https:\\\/\\\/www.youtube.com\\\/channel\\\/UCGP2Sq0iWaZwT3BdIAQFYpw\"]},{\"@type\":\"Person\",\"@id\":\"https:\\\/\\\/www.organisator.ch\\\/#\\\/schema\\\/person\\\/6f650f90b2842cd4c0cc334b4e36f67e\",\"name\":\"thomas.berner\",\"image\":{\"@type\":\"ImageObject\",\"inLanguage\":\"fr-FR\",\"@id\":\"https:\\\/\\\/secure.gravatar.com\\\/avatar\\\/ac5001d2a36cb6c6cd3e50789007ffca834b477b74a2144564522e944eabff61?s=96&d=mm&r=g\",\"url\":\"https:\\\/\\\/secure.gravatar.com\\\/avatar\\\/ac5001d2a36cb6c6cd3e50789007ffca834b477b74a2144564522e944eabff61?s=96&d=mm&r=g\",\"contentUrl\":\"https:\\\/\\\/secure.gravatar.com\\\/avatar\\\/ac5001d2a36cb6c6cd3e50789007ffca834b477b74a2144564522e944eabff61?s=96&d=mm&r=g\",\"caption\":\"thomas.berner\"},\"url\":\"https:\\\/\\\/www.organisator.ch\\\/fr\\\/author\\\/thomas-berner\\\/\"}]}<\/script>\n<!-- \/ Yoast SEO plugin. -->","yoast_head_json":{"title":"Le \"New Normal\" dans les entreprises familiales, partie 5 : Drive et Spirit - Organisateur","description":"\"New Normal\" dans les entreprises familiales, partie 5 : les auteurs montrent comment pr\u00e9server pour l'avenir le drive et l'esprit d\u00e9montr\u00e9s pendant la crise.","robots":{"index":"index","follow":"follow","max-snippet":"max-snippet:-1","max-image-preview":"max-image-preview:large","max-video-preview":"max-video-preview:-1"},"canonical":"https:\/\/www.organisator.ch\/fr\/gestion-2\/2021-03-04\/das-new-normal-in-familienunternehmen-teil-5-drive-und-spirit\/","og_locale":"fr_FR","og_type":"article","og_title":"Das \u00abNew Normal\u00bb in Familienunternehmen, Teil 5: Drive und Spirit","og_description":"\"New Normal\" in Familienunternehmen, Teil 5: Die Autoren zeigen, wie der in der Krise gezeigte Drive und Spirit f\u00fcr die Zukunft bewahrt werden kann.","og_url":"https:\/\/www.organisator.ch\/fr\/gestion-2\/2021-03-04\/das-new-normal-in-familienunternehmen-teil-5-drive-und-spirit\/","og_site_name":"Organisator","article_publisher":"https:\/\/www.facebook.com\/OrganisatorFachmagazin","article_published_time":"2021-03-04T07:37:46+00:00","og_image":[{"width":680,"height":453,"url":"https:\/\/www.organisator.ch\/wp-content\/uploads\/2021\/02\/Das-New-Normal-in-Familienunternehmen-Teil-5-Drive-und-Spirit_Organisator.jpg","type":"image\/jpeg"}],"author":"thomas.berner","twitter_card":"summary_large_image","twitter_title":"Das \u00abNew Normal\u00bb in #Familienunternehmen, Teil 5: Drive und Spirit","twitter_description":"\"New Normal\" in #Familienunternehmen, Teil 5: Die Autoren zeigen, wie der in der Krise gezeigte #Drive und #Spirit f\u00fcr die Zukunft bewahrt werden kann.","twitter_image":"https:\/\/www.organisator.ch\/wp-content\/uploads\/2021\/02\/Das-New-Normal-in-Familienunternehmen-Teil-5-Drive-und-Spirit_Organisator.jpg","schema":{"@context":"https:\/\/schema.org","@graph":[{"@type":"Article","@id":"https:\/\/www.organisator.ch\/management\/2021-03-04\/das-new-normal-in-familienunternehmen-teil-5-drive-und-spirit\/#article","isPartOf":{"@id":"https:\/\/www.organisator.ch\/management\/2021-03-04\/das-new-normal-in-familienunternehmen-teil-5-drive-und-spirit\/"},"author":{"name":"thomas.berner","@id":"https:\/\/www.organisator.ch\/#\/schema\/person\/6f650f90b2842cd4c0cc334b4e36f67e"},"headline":"Das \u00abNew Normal\u00bb in Familienunternehmen, Teil 5: Drive und Spirit","datePublished":"2021-03-04T07:37:46+00:00","mainEntityOfPage":{"@id":"https:\/\/www.organisator.ch\/management\/2021-03-04\/das-new-normal-in-familienunternehmen-teil-5-drive-und-spirit\/"},"wordCount":846,"publisher":{"@id":"https:\/\/www.organisator.ch\/#organization"},"image":{"@id":"https:\/\/www.organisator.ch\/management\/2021-03-04\/das-new-normal-in-familienunternehmen-teil-5-drive-und-spirit\/#primaryimage"},"thumbnailUrl":"https:\/\/www.organisator.ch\/wp-content\/uploads\/2021\/02\/Das-New-Normal-in-Familienunternehmen-Teil-5-Drive-und-Spirit_Organisator.jpg","keywords":["Leadership","Management und Unternehmensf\u00fchrung","New Work"],"articleSection":["MANAGEMENT"],"inLanguage":"fr-FR"},{"@type":"WebPage","@id":"https:\/\/www.organisator.ch\/management\/2021-03-04\/das-new-normal-in-familienunternehmen-teil-5-drive-und-spirit\/","url":"https:\/\/www.organisator.ch\/management\/2021-03-04\/das-new-normal-in-familienunternehmen-teil-5-drive-und-spirit\/","name":"Le \"New Normal\" dans les entreprises familiales, partie 5 : Drive et Spirit - Organisateur","isPartOf":{"@id":"https:\/\/www.organisator.ch\/#website"},"primaryImageOfPage":{"@id":"https:\/\/www.organisator.ch\/management\/2021-03-04\/das-new-normal-in-familienunternehmen-teil-5-drive-und-spirit\/#primaryimage"},"image":{"@id":"https:\/\/www.organisator.ch\/management\/2021-03-04\/das-new-normal-in-familienunternehmen-teil-5-drive-und-spirit\/#primaryimage"},"thumbnailUrl":"https:\/\/www.organisator.ch\/wp-content\/uploads\/2021\/02\/Das-New-Normal-in-Familienunternehmen-Teil-5-Drive-und-Spirit_Organisator.jpg","datePublished":"2021-03-04T07:37:46+00:00","description":"\"New Normal\" dans les entreprises familiales, partie 5 : les auteurs montrent comment pr\u00e9server pour l'avenir le drive et l'esprit d\u00e9montr\u00e9s pendant la crise.","breadcrumb":{"@id":"https:\/\/www.organisator.ch\/management\/2021-03-04\/das-new-normal-in-familienunternehmen-teil-5-drive-und-spirit\/#breadcrumb"},"inLanguage":"fr-FR","potentialAction":[{"@type":"ReadAction","target":["https:\/\/www.organisator.ch\/management\/2021-03-04\/das-new-normal-in-familienunternehmen-teil-5-drive-und-spirit\/"]}]},{"@type":"ImageObject","inLanguage":"fr-FR","@id":"https:\/\/www.organisator.ch\/management\/2021-03-04\/das-new-normal-in-familienunternehmen-teil-5-drive-und-spirit\/#primaryimage","url":"https:\/\/www.organisator.ch\/wp-content\/uploads\/2021\/02\/Das-New-Normal-in-Familienunternehmen-Teil-5-Drive-und-Spirit_Organisator.jpg","contentUrl":"https:\/\/www.organisator.ch\/wp-content\/uploads\/2021\/02\/Das-New-Normal-in-Familienunternehmen-Teil-5-Drive-und-Spirit_Organisator.jpg","width":680,"height":453,"caption":"Mit Drive und Spirit weiter in eine nachhaltige Zukunft: \"Corona-Aktivit\u00e4ten\" sollen intern als \"Rollenvorbilder\" aufbereitet werden. (Bild: Pixabay.com)"},{"@type":"BreadcrumbList","@id":"https:\/\/www.organisator.ch\/management\/2021-03-04\/das-new-normal-in-familienunternehmen-teil-5-drive-und-spirit\/#breadcrumb","itemListElement":[{"@type":"ListItem","position":1,"name":"Home","item":"https:\/\/www.organisator.ch\/"},{"@type":"ListItem","position":2,"name":"Das \u00abNew Normal\u00bb in Familienunternehmen, Teil 5: Drive und Spirit"}]},{"@type":"WebSite","@id":"https:\/\/www.organisator.ch\/#website","url":"https:\/\/www.organisator.ch\/","name":"Organisateur","description":"Comp\u00e9tence et comp\u00e9tence. Proches de la pratique. L'ORGANISATEUR pr\u00e9pare 10 num\u00e9ros par an sur les th\u00e8mes essentiels pour les dirigeants de PME.","publisher":{"@id":"https:\/\/www.organisator.ch\/#organization"},"potentialAction":[{"@type":"SearchAction","target":{"@type":"EntryPoint","urlTemplate":"https:\/\/www.organisator.ch\/?s={search_term_string}"},"query-input":{"@type":"PropertyValueSpecification","valueRequired":true,"valueName":"search_term_string"}}],"inLanguage":"fr-FR"},{"@type":"Organization","@id":"https:\/\/www.organisator.ch\/#organization","name":"Organisateur","url":"https:\/\/www.organisator.ch\/","logo":{"@type":"ImageObject","inLanguage":"fr-FR","@id":"https:\/\/www.organisator.ch\/#\/schema\/logo\/image\/","url":"https:\/\/www.organisator.ch\/wp-content\/uploads\/2022\/01\/Logo_Organisator_Website.png","contentUrl":"https:\/\/www.organisator.ch\/wp-content\/uploads\/2022\/01\/Logo_Organisator_Website.png","width":800,"height":77,"caption":"Organisator"},"image":{"@id":"https:\/\/www.organisator.ch\/#\/schema\/logo\/image\/"},"sameAs":["https:\/\/www.facebook.com\/OrganisatorFachmagazin","https:\/\/www.linkedin.com\/showcase\/organisator-das-magazin-fr-kmu","https:\/\/www.xing.com\/news\/pages\/organisator-ch-695","https:\/\/www.youtube.com\/channel\/UCGP2Sq0iWaZwT3BdIAQFYpw"]},{"@type":"Person","@id":"https:\/\/www.organisator.ch\/#\/schema\/person\/6f650f90b2842cd4c0cc334b4e36f67e","name":"thomas.berner","image":{"@type":"ImageObject","inLanguage":"fr-FR","@id":"https:\/\/secure.gravatar.com\/avatar\/ac5001d2a36cb6c6cd3e50789007ffca834b477b74a2144564522e944eabff61?s=96&d=mm&r=g","url":"https:\/\/secure.gravatar.com\/avatar\/ac5001d2a36cb6c6cd3e50789007ffca834b477b74a2144564522e944eabff61?s=96&d=mm&r=g","contentUrl":"https:\/\/secure.gravatar.com\/avatar\/ac5001d2a36cb6c6cd3e50789007ffca834b477b74a2144564522e944eabff61?s=96&d=mm&r=g","caption":"thomas.berner"},"url":"https:\/\/www.organisator.ch\/fr\/author\/thomas-berner\/"}]}},"_links":{"self":[{"href":"https:\/\/www.organisator.ch\/fr\/wp-json\/wp\/v2\/posts\/7699","targetHints":{"allow":["GET"]}}],"collection":[{"href":"https:\/\/www.organisator.ch\/fr\/wp-json\/wp\/v2\/posts"}],"about":[{"href":"https:\/\/www.organisator.ch\/fr\/wp-json\/wp\/v2\/types\/post"}],"author":[{"embeddable":true,"href":"https:\/\/www.organisator.ch\/fr\/wp-json\/wp\/v2\/users\/4"}],"replies":[{"embeddable":true,"href":"https:\/\/www.organisator.ch\/fr\/wp-json\/wp\/v2\/comments?post=7699"}],"version-history":[{"count":0,"href":"https:\/\/www.organisator.ch\/fr\/wp-json\/wp\/v2\/posts\/7699\/revisions"}],"wp:featuredmedia":[{"embeddable":true,"href":"https:\/\/www.organisator.ch\/fr\/wp-json\/wp\/v2\/media\/7700"}],"wp:attachment":[{"href":"https:\/\/www.organisator.ch\/fr\/wp-json\/wp\/v2\/media?parent=7699"}],"wp:term":[{"taxonomy":"category","embeddable":true,"href":"https:\/\/www.organisator.ch\/fr\/wp-json\/wp\/v2\/categories?post=7699"},{"taxonomy":"post_tag","embeddable":true,"href":"https:\/\/www.organisator.ch\/fr\/wp-json\/wp\/v2\/tags?post=7699"}],"curies":[{"name":"wp","href":"https:\/\/api.w.org\/{rel}","templated":true}]}}