{"id":771,"date":"2017-02-24T14:00:16","date_gmt":"2017-02-24T13:00:16","guid":{"rendered":"https:\/\/www.umweltperspektiven.ch\/?p=771"},"modified":"2022-02-09T11:10:12","modified_gmt":"2022-02-09T10:10:12","slug":"umwelt-jobboerse-expandiert-in-die-westschweiz","status":"publish","type":"post","link":"https:\/\/www.organisator.ch\/fr\/sustainability\/2017-02-24\/umwelt-jobboerse-expandiert-in-die-westschweiz\/","title":{"rendered":"La bourse de l'emploi pour l'environnement s'\u00e9tend \u00e0 la Suisse romande"},"content":{"rendered":"<figure id=\"attachment_772\" aria-describedby=\"caption-attachment-772\" style=\"width: 680px\" class=\"wp-caption alignnone\"><img loading=\"lazy\" decoding=\"async\" class=\"size-medium wp-image-772\" src=\"\/\/www.umweltperspektiven.ch\/wp-content\/uploads\/2017\/02\/Depositphotos_5099988_l-2015.jpg\" alt=\"\" width=\"680\" height=\"453\" srcset=\"https:\/\/www.organisator.ch\/wp-content\/uploads\/2017\/02\/Depositphotos_5099988_l-2015.jpg 2000w, https:\/\/www.organisator.ch\/wp-content\/uploads\/2017\/02\/Depositphotos_5099988_l-2015-680x453.jpg 680w, https:\/\/www.organisator.ch\/wp-content\/uploads\/2017\/02\/Depositphotos_5099988_l-2015-1024x682.jpg 1024w, https:\/\/www.organisator.ch\/wp-content\/uploads\/2017\/02\/Depositphotos_5099988_l-2015-768x512.jpg 768w, https:\/\/www.organisator.ch\/wp-content\/uploads\/2017\/02\/Depositphotos_5099988_l-2015-1536x1024.jpg 1536w, https:\/\/www.organisator.ch\/wp-content\/uploads\/2017\/02\/Depositphotos_5099988_l-2015-18x12.jpg 18w, https:\/\/www.organisator.ch\/wp-content\/uploads\/2017\/02\/Depositphotos_5099988_l-2015-263x175.jpg 263w, https:\/\/www.organisator.ch\/wp-content\/uploads\/2017\/02\/Depositphotos_5099988_l-2015-525x350.jpg 525w, https:\/\/www.organisator.ch\/wp-content\/uploads\/2017\/02\/Depositphotos_5099988_l-2015-1200x800.jpg 1200w, https:\/\/www.organisator.ch\/wp-content\/uploads\/2017\/02\/Depositphotos_5099988_l-2015-920x613.jpg 920w, https:\/\/www.organisator.ch\/wp-content\/uploads\/2017\/02\/Depositphotos_5099988_l-2015-1400x933.jpg 1400w, https:\/\/www.organisator.ch\/wp-content\/uploads\/2017\/02\/Depositphotos_5099988_l-2015-300x200.jpg 300w\" sizes=\"auto, (max-width: 680px) 100vw, 680px\" \/><figcaption id=\"caption-attachment-772\" class=\"wp-caption-text\">Emplois dans le secteur de l'environnement et des cleantech : d\u00e8s maintenant, le portail est \u00e9galement disponible en fran\u00e7ais.<\/figcaption><\/figure>\n<p>Le secteur de l'environnement a le vent en poupe : la bourse de l'emploi environnemental <a href=\"\/\/www.umweltprofis.ch\/de\/\">Professionnels de l'environnement.ch <\/a>a d\u00e9j\u00e0 enregistr\u00e9 plus de 100 000 vues au cours du premier semestre suivant son lancement.<\/p>\n<p>Ueli Bernhard, directeur de l'OrTra Environnement, r\u00e9seau des m\u00e9tiers de l'environnement et des cleantech, se r\u00e9jouit du succ\u00e8s du projet : \"De plus en plus de personnes sont \u00e0 la recherche d'une activit\u00e9 durable qui a du sens. Parall\u00e8lement, les branches de l'environnement et des cleantech souffrent d'une p\u00e9nurie de main-d'\u0153uvre qualifi\u00e9e. En tant que passerelle entre les employeurs et les employ\u00e9s du secteur de l'environnement, notre bourse de l'emploi r\u00e9pond \u00e0 ces \u00e9volutions\".<\/p>\n<p>La version francophone du portail est maintenant lanc\u00e9e : sur\u00a0<a href=\"\/\/ecoprofessions-emplois.ch\/\">ecoprofessions-emplois.ch<\/a>\u00a0les jeunes, les personnes qui changent d'orientation professionnelle et les sp\u00e9cialistes trouvent tous les emplois pertinents dans les branches de l'environnement et des cleantech. Gr\u00e2ce \u00e0 la recherche s\u00e9mantique effectu\u00e9e par un partenaire informatique du projet, les r\u00e9sultats de la recherche sont plus pr\u00e9cis et plus pertinents que ceux des moteurs de recherche d'emploi traditionnels. Elle repose sur une ontologie qui int\u00e8gre des connaissances d'experts accumul\u00e9es au fil des d\u00e9cennies. Elle est d\u00e9velopp\u00e9e en permanence.<\/p>\n<p><strong>Tous les emplois environnementaux sont couverts <\/strong><br \/>\nDe la recycleuse \u00e0 la technicienne en assainissement en passant par le sp\u00e9cialiste de la nature et de l'environnement, toutes les professions pertinentes des branches de l'environnement et des cleantech sont couvertes.  Actuellement, plus de 400 offres d'emploi sont disponibles sur la plate-forme. Elles sont r\u00e9parties dans les cat\u00e9gories \"Recyclage et gestion des d\u00e9chets\", \"Approvisionnement en eau et assainissement\", \"Protection de l'environnement et ing\u00e9nierie environnementale\", \"Protection de la nature et du paysage\" et \"Efficacit\u00e9 \u00e9nerg\u00e9tique et \u00e9nergies renouvelables\".<\/p>","protected":false},"excerpt":{"rendered":"<p>Die Umweltbranche liegt im Trend: Die Umwelt-Jobb\u00f6rse Umweltprofis.ch verzeichnete im ersten Halbjahr nach seiner Lancierung bereits \u00fcber 100&#8217;000 Aufrufe. Ueli Bernhard, Gesch\u00e4ftsf\u00fchrer der OdA Umwelt, Netzwerk der Umwelt- und Cleantechberufe, zeigt sich erfreut \u00fcber den Erfolg des Projekts: \u201eImmer mehr Menschen suchen nach einer sinnstiftenden, nachhaltigen T\u00e4tigkeit. Gleichzeitig leiden die Umwelt- und Cleantechbranchen unter einem [&hellip;]<\/p>\n","protected":false},"author":1,"featured_media":772,"comment_status":"open","ping_status":"open","sticky":false,"template":"","format":"standard","meta":{"_acf_changed":false,"_yoast_wpseo_focuskw":"Umwelt-Jobb\u00f6rse","_yoast_wpseo_metadesc":"Umweltberufe im Trend: Nach einem erfolgreichen Start lanciert OdA Umwelt eine franz\u00f6sischsprachige Version ihrer Umwelt-Jobb\u00f6rse.","articlekey":"","footnotes":""},"categories":[580],"tags":[919,1464,2351,2373],"class_list":["post-771","post","type-post","status-publish","format-standard","has-post-thumbnail","hentry","category-sustainability","tag-cleantech","tag-jobboerse","tag-umwelt","tag-umweltprofis"],"acf":[],"yoast_head":"<!-- This site is optimized with the Yoast SEO plugin v27.4 - https:\/\/yoast.com\/product\/yoast-seo-wordpress\/ -->\n<title>Umwelt-Jobb\u00f6rse expandiert in die Westschweiz - Organisator<\/title>\n<meta name=\"description\" content=\"Umweltberufe im Trend: Nach einem erfolgreichen Start lanciert OdA Umwelt eine franz\u00f6sischsprachige Version ihrer Umwelt-Jobb\u00f6rse.\" \/>\n<meta name=\"robots\" content=\"index, follow, max-snippet:-1, max-image-preview:large, max-video-preview:-1\" \/>\n<link rel=\"canonical\" href=\"https:\/\/www.organisator.ch\/fr\/sustainability\/2017-02-24\/umwelt-jobboerse-expandiert-in-die-westschweiz\/\" \/>\n<meta property=\"og:locale\" content=\"fr_FR\" \/>\n<meta property=\"og:type\" content=\"article\" \/>\n<meta property=\"og:title\" content=\"Umwelt-Jobb\u00f6rse expandiert in die Westschweiz - Organisator\" \/>\n<meta property=\"og:description\" content=\"Umweltberufe im Trend: Nach einem erfolgreichen Start lanciert OdA Umwelt eine franz\u00f6sischsprachige Version ihrer Umwelt-Jobb\u00f6rse.\" \/>\n<meta property=\"og:url\" content=\"https:\/\/www.organisator.ch\/fr\/sustainability\/2017-02-24\/umwelt-jobboerse-expandiert-in-die-westschweiz\/\" \/>\n<meta property=\"og:site_name\" content=\"Organisator\" \/>\n<meta property=\"article:publisher\" content=\"https:\/\/www.facebook.com\/OrganisatorFachmagazin\" \/>\n<meta property=\"article:published_time\" content=\"2017-02-24T13:00:16+00:00\" \/>\n<meta property=\"article:modified_time\" content=\"2022-02-09T10:10:12+00:00\" \/>\n<meta property=\"og:image\" content=\"https:\/\/www.organisator.ch\/wp-content\/uploads\/2017\/02\/Depositphotos_5099988_l-2015.jpg\" \/>\n\t<meta property=\"og:image:width\" content=\"2000\" \/>\n\t<meta property=\"og:image:height\" content=\"1333\" \/>\n\t<meta property=\"og:image:type\" content=\"image\/jpeg\" \/>\n<meta name=\"author\" content=\"admin\" \/>\n<meta name=\"twitter:card\" content=\"summary_large_image\" \/>\n<script type=\"application\/ld+json\" class=\"yoast-schema-graph\">{\"@context\":\"https:\\\/\\\/schema.org\",\"@graph\":[{\"@type\":\"Article\",\"@id\":\"https:\\\/\\\/www.organisator.ch\\\/sustainability\\\/2017-02-24\\\/umwelt-jobboerse-expandiert-in-die-westschweiz\\\/#article\",\"isPartOf\":{\"@id\":\"https:\\\/\\\/www.organisator.ch\\\/sustainability\\\/2017-02-24\\\/umwelt-jobboerse-expandiert-in-die-westschweiz\\\/\"},\"author\":{\"name\":\"admin\",\"@id\":\"https:\\\/\\\/www.organisator.ch\\\/#\\\/schema\\\/person\\\/aa2bace6c5c5aad60102004a50c4eb1c\"},\"headline\":\"Umwelt-Jobb\u00f6rse expandiert in die Westschweiz\",\"datePublished\":\"2017-02-24T13:00:16+00:00\",\"dateModified\":\"2022-02-09T10:10:12+00:00\",\"mainEntityOfPage\":{\"@id\":\"https:\\\/\\\/www.organisator.ch\\\/sustainability\\\/2017-02-24\\\/umwelt-jobboerse-expandiert-in-die-westschweiz\\\/\"},\"wordCount\":223,\"commentCount\":0,\"publisher\":{\"@id\":\"https:\\\/\\\/www.organisator.ch\\\/#organization\"},\"image\":{\"@id\":\"https:\\\/\\\/www.organisator.ch\\\/sustainability\\\/2017-02-24\\\/umwelt-jobboerse-expandiert-in-die-westschweiz\\\/#primaryimage\"},\"thumbnailUrl\":\"https:\\\/\\\/www.organisator.ch\\\/wp-content\\\/uploads\\\/2017\\\/02\\\/Depositphotos_5099988_l-2015.jpg\",\"keywords\":[\"Cleantech\",\"Jobb\u00f6rse\",\"Umwelt\",\"umweltprofis\"],\"articleSection\":[\"SUSTAINABILITY\"],\"inLanguage\":\"fr-FR\"},{\"@type\":\"WebPage\",\"@id\":\"https:\\\/\\\/www.organisator.ch\\\/sustainability\\\/2017-02-24\\\/umwelt-jobboerse-expandiert-in-die-westschweiz\\\/\",\"url\":\"https:\\\/\\\/www.organisator.ch\\\/sustainability\\\/2017-02-24\\\/umwelt-jobboerse-expandiert-in-die-westschweiz\\\/\",\"name\":\"Umwelt-Jobb\u00f6rse expandiert in die Westschweiz - Organisator\",\"isPartOf\":{\"@id\":\"https:\\\/\\\/www.organisator.ch\\\/#website\"},\"primaryImageOfPage\":{\"@id\":\"https:\\\/\\\/www.organisator.ch\\\/sustainability\\\/2017-02-24\\\/umwelt-jobboerse-expandiert-in-die-westschweiz\\\/#primaryimage\"},\"image\":{\"@id\":\"https:\\\/\\\/www.organisator.ch\\\/sustainability\\\/2017-02-24\\\/umwelt-jobboerse-expandiert-in-die-westschweiz\\\/#primaryimage\"},\"thumbnailUrl\":\"https:\\\/\\\/www.organisator.ch\\\/wp-content\\\/uploads\\\/2017\\\/02\\\/Depositphotos_5099988_l-2015.jpg\",\"datePublished\":\"2017-02-24T13:00:16+00:00\",\"dateModified\":\"2022-02-09T10:10:12+00:00\",\"description\":\"Umweltberufe im Trend: Nach einem erfolgreichen Start lanciert OdA Umwelt eine franz\u00f6sischsprachige Version ihrer Umwelt-Jobb\u00f6rse.\",\"breadcrumb\":{\"@id\":\"https:\\\/\\\/www.organisator.ch\\\/sustainability\\\/2017-02-24\\\/umwelt-jobboerse-expandiert-in-die-westschweiz\\\/#breadcrumb\"},\"inLanguage\":\"fr-FR\",\"potentialAction\":[{\"@type\":\"ReadAction\",\"target\":[\"https:\\\/\\\/www.organisator.ch\\\/sustainability\\\/2017-02-24\\\/umwelt-jobboerse-expandiert-in-die-westschweiz\\\/\"]}]},{\"@type\":\"ImageObject\",\"inLanguage\":\"fr-FR\",\"@id\":\"https:\\\/\\\/www.organisator.ch\\\/sustainability\\\/2017-02-24\\\/umwelt-jobboerse-expandiert-in-die-westschweiz\\\/#primaryimage\",\"url\":\"https:\\\/\\\/www.organisator.ch\\\/wp-content\\\/uploads\\\/2017\\\/02\\\/Depositphotos_5099988_l-2015.jpg\",\"contentUrl\":\"https:\\\/\\\/www.organisator.ch\\\/wp-content\\\/uploads\\\/2017\\\/02\\\/Depositphotos_5099988_l-2015.jpg\",\"width\":2000,\"height\":1333,\"caption\":\"Jobs in der Umwelt- und Cleantechbranche: Ab ist das Portal auch auf Franz\u00f6sisch aufgeschaltet.\"},{\"@type\":\"BreadcrumbList\",\"@id\":\"https:\\\/\\\/www.organisator.ch\\\/sustainability\\\/2017-02-24\\\/umwelt-jobboerse-expandiert-in-die-westschweiz\\\/#breadcrumb\",\"itemListElement\":[{\"@type\":\"ListItem\",\"position\":1,\"name\":\"Home\",\"item\":\"https:\\\/\\\/www.organisator.ch\\\/\"},{\"@type\":\"ListItem\",\"position\":2,\"name\":\"Umwelt-Jobb\u00f6rse expandiert in die Westschweiz\"}]},{\"@type\":\"WebSite\",\"@id\":\"https:\\\/\\\/www.organisator.ch\\\/#website\",\"url\":\"https:\\\/\\\/www.organisator.ch\\\/\",\"name\":\"Organisator\",\"description\":\"Kompetent. Praxisnah. Der ORGANISATOR bereitet in 10 Ausgaben pro Jahr die wesentlichen Themen f\u00fcr F\u00fchrungskr\u00e4fte von KMU auf.\",\"publisher\":{\"@id\":\"https:\\\/\\\/www.organisator.ch\\\/#organization\"},\"potentialAction\":[{\"@type\":\"SearchAction\",\"target\":{\"@type\":\"EntryPoint\",\"urlTemplate\":\"https:\\\/\\\/www.organisator.ch\\\/?s={search_term_string}\"},\"query-input\":{\"@type\":\"PropertyValueSpecification\",\"valueRequired\":true,\"valueName\":\"search_term_string\"}}],\"inLanguage\":\"fr-FR\"},{\"@type\":\"Organization\",\"@id\":\"https:\\\/\\\/www.organisator.ch\\\/#organization\",\"name\":\"Organisator\",\"url\":\"https:\\\/\\\/www.organisator.ch\\\/\",\"logo\":{\"@type\":\"ImageObject\",\"inLanguage\":\"fr-FR\",\"@id\":\"https:\\\/\\\/www.organisator.ch\\\/#\\\/schema\\\/logo\\\/image\\\/\",\"url\":\"https:\\\/\\\/www.organisator.ch\\\/wp-content\\\/uploads\\\/2022\\\/01\\\/Logo_Organisator_Website.png\",\"contentUrl\":\"https:\\\/\\\/www.organisator.ch\\\/wp-content\\\/uploads\\\/2022\\\/01\\\/Logo_Organisator_Website.png\",\"width\":800,\"height\":77,\"caption\":\"Organisator\"},\"image\":{\"@id\":\"https:\\\/\\\/www.organisator.ch\\\/#\\\/schema\\\/logo\\\/image\\\/\"},\"sameAs\":[\"https:\\\/\\\/www.facebook.com\\\/OrganisatorFachmagazin\",\"https:\\\/\\\/www.linkedin.com\\\/showcase\\\/organisator-das-magazin-fr-kmu\",\"https:\\\/\\\/www.xing.com\\\/news\\\/pages\\\/organisator-ch-695\",\"https:\\\/\\\/www.youtube.com\\\/channel\\\/UCGP2Sq0iWaZwT3BdIAQFYpw\"]},{\"@type\":\"Person\",\"@id\":\"https:\\\/\\\/www.organisator.ch\\\/#\\\/schema\\\/person\\\/aa2bace6c5c5aad60102004a50c4eb1c\",\"name\":\"admin\",\"image\":{\"@type\":\"ImageObject\",\"inLanguage\":\"fr-FR\",\"@id\":\"https:\\\/\\\/secure.gravatar.com\\\/avatar\\\/ae2f4d718e6c49043e314ce431e7e645d646302a24a5ef5a8bc8e3f5a032e319?s=96&d=mm&r=g\",\"url\":\"https:\\\/\\\/secure.gravatar.com\\\/avatar\\\/ae2f4d718e6c49043e314ce431e7e645d646302a24a5ef5a8bc8e3f5a032e319?s=96&d=mm&r=g\",\"contentUrl\":\"https:\\\/\\\/secure.gravatar.com\\\/avatar\\\/ae2f4d718e6c49043e314ce431e7e645d646302a24a5ef5a8bc8e3f5a032e319?s=96&d=mm&r=g\",\"caption\":\"admin\"},\"sameAs\":[\"https:\\\/\\\/www.organisator.ch\"],\"url\":\"https:\\\/\\\/www.organisator.ch\\\/fr\\\/author\\\/admin\\\/\"}]}<\/script>\n<!-- \/ Yoast SEO plugin. -->","yoast_head_json":{"title":"La bourse de l'emploi pour l'environnement s'\u00e9tend \u00e0 la Suisse romande - Organisateur","description":"Les m\u00e9tiers de l'environnement ont le vent en poupe : apr\u00e8s un lancement r\u00e9ussi, OrTra Environnement lance une version francophone de sa bourse aux emplois dans l'environnement.","robots":{"index":"index","follow":"follow","max-snippet":"max-snippet:-1","max-image-preview":"max-image-preview:large","max-video-preview":"max-video-preview:-1"},"canonical":"https:\/\/www.organisator.ch\/fr\/sustainability\/2017-02-24\/umwelt-jobboerse-expandiert-in-die-westschweiz\/","og_locale":"fr_FR","og_type":"article","og_title":"Umwelt-Jobb\u00f6rse expandiert in die Westschweiz - Organisator","og_description":"Umweltberufe im Trend: Nach einem erfolgreichen Start lanciert OdA Umwelt eine franz\u00f6sischsprachige Version ihrer Umwelt-Jobb\u00f6rse.","og_url":"https:\/\/www.organisator.ch\/fr\/sustainability\/2017-02-24\/umwelt-jobboerse-expandiert-in-die-westschweiz\/","og_site_name":"Organisator","article_publisher":"https:\/\/www.facebook.com\/OrganisatorFachmagazin","article_published_time":"2017-02-24T13:00:16+00:00","article_modified_time":"2022-02-09T10:10:12+00:00","og_image":[{"width":2000,"height":1333,"url":"https:\/\/www.organisator.ch\/wp-content\/uploads\/2017\/02\/Depositphotos_5099988_l-2015.jpg","type":"image\/jpeg"}],"author":"admin","twitter_card":"summary_large_image","schema":{"@context":"https:\/\/schema.org","@graph":[{"@type":"Article","@id":"https:\/\/www.organisator.ch\/sustainability\/2017-02-24\/umwelt-jobboerse-expandiert-in-die-westschweiz\/#article","isPartOf":{"@id":"https:\/\/www.organisator.ch\/sustainability\/2017-02-24\/umwelt-jobboerse-expandiert-in-die-westschweiz\/"},"author":{"name":"admin","@id":"https:\/\/www.organisator.ch\/#\/schema\/person\/aa2bace6c5c5aad60102004a50c4eb1c"},"headline":"Umwelt-Jobb\u00f6rse expandiert in die Westschweiz","datePublished":"2017-02-24T13:00:16+00:00","dateModified":"2022-02-09T10:10:12+00:00","mainEntityOfPage":{"@id":"https:\/\/www.organisator.ch\/sustainability\/2017-02-24\/umwelt-jobboerse-expandiert-in-die-westschweiz\/"},"wordCount":223,"commentCount":0,"publisher":{"@id":"https:\/\/www.organisator.ch\/#organization"},"image":{"@id":"https:\/\/www.organisator.ch\/sustainability\/2017-02-24\/umwelt-jobboerse-expandiert-in-die-westschweiz\/#primaryimage"},"thumbnailUrl":"https:\/\/www.organisator.ch\/wp-content\/uploads\/2017\/02\/Depositphotos_5099988_l-2015.jpg","keywords":["Cleantech","Jobb\u00f6rse","Umwelt","umweltprofis"],"articleSection":["SUSTAINABILITY"],"inLanguage":"fr-FR"},{"@type":"WebPage","@id":"https:\/\/www.organisator.ch\/sustainability\/2017-02-24\/umwelt-jobboerse-expandiert-in-die-westschweiz\/","url":"https:\/\/www.organisator.ch\/sustainability\/2017-02-24\/umwelt-jobboerse-expandiert-in-die-westschweiz\/","name":"La bourse de l'emploi pour l'environnement s'\u00e9tend \u00e0 la Suisse romande - Organisateur","isPartOf":{"@id":"https:\/\/www.organisator.ch\/#website"},"primaryImageOfPage":{"@id":"https:\/\/www.organisator.ch\/sustainability\/2017-02-24\/umwelt-jobboerse-expandiert-in-die-westschweiz\/#primaryimage"},"image":{"@id":"https:\/\/www.organisator.ch\/sustainability\/2017-02-24\/umwelt-jobboerse-expandiert-in-die-westschweiz\/#primaryimage"},"thumbnailUrl":"https:\/\/www.organisator.ch\/wp-content\/uploads\/2017\/02\/Depositphotos_5099988_l-2015.jpg","datePublished":"2017-02-24T13:00:16+00:00","dateModified":"2022-02-09T10:10:12+00:00","description":"Les m\u00e9tiers de l'environnement ont le vent en poupe : apr\u00e8s un lancement r\u00e9ussi, OrTra Environnement lance une version francophone de sa bourse aux emplois dans l'environnement.","breadcrumb":{"@id":"https:\/\/www.organisator.ch\/sustainability\/2017-02-24\/umwelt-jobboerse-expandiert-in-die-westschweiz\/#breadcrumb"},"inLanguage":"fr-FR","potentialAction":[{"@type":"ReadAction","target":["https:\/\/www.organisator.ch\/sustainability\/2017-02-24\/umwelt-jobboerse-expandiert-in-die-westschweiz\/"]}]},{"@type":"ImageObject","inLanguage":"fr-FR","@id":"https:\/\/www.organisator.ch\/sustainability\/2017-02-24\/umwelt-jobboerse-expandiert-in-die-westschweiz\/#primaryimage","url":"https:\/\/www.organisator.ch\/wp-content\/uploads\/2017\/02\/Depositphotos_5099988_l-2015.jpg","contentUrl":"https:\/\/www.organisator.ch\/wp-content\/uploads\/2017\/02\/Depositphotos_5099988_l-2015.jpg","width":2000,"height":1333,"caption":"Jobs in der Umwelt- und Cleantechbranche: Ab ist das Portal auch auf Franz\u00f6sisch aufgeschaltet."},{"@type":"BreadcrumbList","@id":"https:\/\/www.organisator.ch\/sustainability\/2017-02-24\/umwelt-jobboerse-expandiert-in-die-westschweiz\/#breadcrumb","itemListElement":[{"@type":"ListItem","position":1,"name":"Home","item":"https:\/\/www.organisator.ch\/"},{"@type":"ListItem","position":2,"name":"Umwelt-Jobb\u00f6rse expandiert in die Westschweiz"}]},{"@type":"WebSite","@id":"https:\/\/www.organisator.ch\/#website","url":"https:\/\/www.organisator.ch\/","name":"Organisateur","description":"Comp\u00e9tence et comp\u00e9tence. Proches de la pratique. L'ORGANISATEUR pr\u00e9pare 10 num\u00e9ros par an sur les th\u00e8mes essentiels pour les dirigeants de PME.","publisher":{"@id":"https:\/\/www.organisator.ch\/#organization"},"potentialAction":[{"@type":"SearchAction","target":{"@type":"EntryPoint","urlTemplate":"https:\/\/www.organisator.ch\/?s={search_term_string}"},"query-input":{"@type":"PropertyValueSpecification","valueRequired":true,"valueName":"search_term_string"}}],"inLanguage":"fr-FR"},{"@type":"Organization","@id":"https:\/\/www.organisator.ch\/#organization","name":"Organisateur","url":"https:\/\/www.organisator.ch\/","logo":{"@type":"ImageObject","inLanguage":"fr-FR","@id":"https:\/\/www.organisator.ch\/#\/schema\/logo\/image\/","url":"https:\/\/www.organisator.ch\/wp-content\/uploads\/2022\/01\/Logo_Organisator_Website.png","contentUrl":"https:\/\/www.organisator.ch\/wp-content\/uploads\/2022\/01\/Logo_Organisator_Website.png","width":800,"height":77,"caption":"Organisator"},"image":{"@id":"https:\/\/www.organisator.ch\/#\/schema\/logo\/image\/"},"sameAs":["https:\/\/www.facebook.com\/OrganisatorFachmagazin","https:\/\/www.linkedin.com\/showcase\/organisator-das-magazin-fr-kmu","https:\/\/www.xing.com\/news\/pages\/organisator-ch-695","https:\/\/www.youtube.com\/channel\/UCGP2Sq0iWaZwT3BdIAQFYpw"]},{"@type":"Person","@id":"https:\/\/www.organisator.ch\/#\/schema\/person\/aa2bace6c5c5aad60102004a50c4eb1c","name":"admin","image":{"@type":"ImageObject","inLanguage":"fr-FR","@id":"https:\/\/secure.gravatar.com\/avatar\/ae2f4d718e6c49043e314ce431e7e645d646302a24a5ef5a8bc8e3f5a032e319?s=96&d=mm&r=g","url":"https:\/\/secure.gravatar.com\/avatar\/ae2f4d718e6c49043e314ce431e7e645d646302a24a5ef5a8bc8e3f5a032e319?s=96&d=mm&r=g","contentUrl":"https:\/\/secure.gravatar.com\/avatar\/ae2f4d718e6c49043e314ce431e7e645d646302a24a5ef5a8bc8e3f5a032e319?s=96&d=mm&r=g","caption":"admin"},"sameAs":["https:\/\/www.organisator.ch"],"url":"https:\/\/www.organisator.ch\/fr\/author\/admin\/"}]}},"_links":{"self":[{"href":"https:\/\/www.organisator.ch\/fr\/wp-json\/wp\/v2\/posts\/771","targetHints":{"allow":["GET"]}}],"collection":[{"href":"https:\/\/www.organisator.ch\/fr\/wp-json\/wp\/v2\/posts"}],"about":[{"href":"https:\/\/www.organisator.ch\/fr\/wp-json\/wp\/v2\/types\/post"}],"author":[{"embeddable":true,"href":"https:\/\/www.organisator.ch\/fr\/wp-json\/wp\/v2\/users\/1"}],"replies":[{"embeddable":true,"href":"https:\/\/www.organisator.ch\/fr\/wp-json\/wp\/v2\/comments?post=771"}],"version-history":[{"count":1,"href":"https:\/\/www.organisator.ch\/fr\/wp-json\/wp\/v2\/posts\/771\/revisions"}],"predecessor-version":[{"id":10947,"href":"https:\/\/www.organisator.ch\/fr\/wp-json\/wp\/v2\/posts\/771\/revisions\/10947"}],"wp:featuredmedia":[{"embeddable":true,"href":"https:\/\/www.organisator.ch\/fr\/wp-json\/wp\/v2\/media\/772"}],"wp:attachment":[{"href":"https:\/\/www.organisator.ch\/fr\/wp-json\/wp\/v2\/media?parent=771"}],"wp:term":[{"taxonomy":"category","embeddable":true,"href":"https:\/\/www.organisator.ch\/fr\/wp-json\/wp\/v2\/categories?post=771"},{"taxonomy":"post_tag","embeddable":true,"href":"https:\/\/www.organisator.ch\/fr\/wp-json\/wp\/v2\/tags?post=771"}],"curies":[{"name":"wp","href":"https:\/\/api.w.org\/{rel}","templated":true}]}}