{"id":7737,"date":"2021-03-02T08:20:44","date_gmt":"2021-03-02T07:20:44","guid":{"rendered":"https:\/\/www.organisator.ch\/?p=7737"},"modified":"2021-03-02T08:20:44","modified_gmt":"2021-03-02T07:20:44","slug":"valiant-und-die-vaudoise-arbeiten-in-sachen-hypotheken-zusammen","status":"publish","type":"post","link":"https:\/\/www.organisator.ch\/fr\/management\/finanzen_recht\/2021-03-02\/valiant-und-die-vaudoise-arbeiten-in-sachen-hypotheken-zusammen\/","title":{"rendered":"Valiant et la Vaudoise collaborent en mati\u00e8re d'hypoth\u00e8ques"},"content":{"rendered":"<p><img loading=\"lazy\" decoding=\"async\" class=\"alignnone size-medium wp-image-7738\" src=\"https:\/\/www.organisator.ch\/wp-content\/uploads\/2021\/03\/Valiant-und-die-Vaudoise-arbeiten-in-Sachen-Hypotheken-zusammen_Organisator.jpg\" alt=\"\" width=\"680\" height=\"272\" srcset=\"https:\/\/www.organisator.ch\/wp-content\/uploads\/2021\/03\/Valiant-und-die-Vaudoise-arbeiten-in-Sachen-Hypotheken-zusammen_Organisator.jpg 680w, https:\/\/www.organisator.ch\/wp-content\/uploads\/2021\/03\/Valiant-und-die-Vaudoise-arbeiten-in-Sachen-Hypotheken-zusammen_Organisator-16x6.jpg 16w, https:\/\/www.organisator.ch\/wp-content\/uploads\/2021\/03\/Valiant-und-die-Vaudoise-arbeiten-in-Sachen-Hypotheken-zusammen_Organisator-375x150.jpg 375w, https:\/\/www.organisator.ch\/wp-content\/uploads\/2021\/03\/Valiant-und-die-Vaudoise-arbeiten-in-Sachen-Hypotheken-zusammen_Organisator-300x120.jpg 300w\" sizes=\"auto, (max-width: 680px) 100vw, 680px\" \/><\/p>\n<p>La banque Valiant et l'assurance Vaudoise ont lanc\u00e9 le 2 mars 2021 une collaboration dans le domaine hypoth\u00e9caire. L'assureur Vaudoise continue de conseiller ses clients sur les questions relatives au financement d'objets d'habitation et souhaite r\u00e9pondre encore mieux aux attentes de ses clients dans le domaine hypoth\u00e9caire, comme l'indique un communiqu\u00e9 de presse correspondant. A l'avenir, l'assurance transmettra les financements complexes directement au prestataire de services financiers Valiant et \u00e0 ses sp\u00e9cialistes. Selon les deux entreprises, cela doit permettre d'am\u00e9liorer l'exp\u00e9rience client. Cela devrait \u00e9galement bien fonctionner sur le plan culturel : En raison de leur taille, de leur culture d'entreprise et de leur situation g\u00e9ographique, les deux prestataires de services se compl\u00e8tent bien, poursuit le communiqu\u00e9. La promesse est donc celle d'un partenariat solide au service de la satisfaction des clients.<\/p>\n<h2>Valiant et la Vaudoise : Offre compl\u00e9mentaire<\/h2>\n<p>La Vaudoise - qui fait partie des dix plus grands assureurs priv\u00e9s de Suisse et qui a \u00e9t\u00e9 fond\u00e9e en 1895 - compl\u00e8te par cette collaboration sa propre offre hypoth\u00e9caire d\u00e9j\u00e0 existante. Les PME et les clients priv\u00e9s b\u00e9n\u00e9ficient d\u00e9sormais d'un choix plus large pour le financement hypoth\u00e9caire de leurs entreprises et de leurs projets. \"La collaboration avec Valiant nous offre la chance de proposer \u00e0 nos clients des solutions hypoth\u00e9caires compl\u00e8tes\", d\u00e9clare Jean-Daniel Laffely, CEO de la Vaudoise Assurances et chef de 1650 collaborateurs, dont 100 apprentis et personnes en formation. L'assurance a des racines coop\u00e9ratives et reverse \u00e0 chaque fois une partie de ses b\u00e9n\u00e9fices \u00e0 ses clients sous forme de remboursements de primes. En 2020, cela repr\u00e9sentait 34 millions de francs.<\/p>\n<h2>Une collaboration qui promet un plus grand volume d'affaires<\/h2>\n<p>D'autre part, Valiant gagne un nouveau partenariat et peut augmenter son volume d'affaires gr\u00e2ce aux capacit\u00e9s de distribution bien d\u00e9velopp\u00e9es de la Vaudoise. \"Je me r\u00e9jouis de la collaboration avec la Vaudoise, qui convient tr\u00e8s bien \u00e0 Valiant\", d\u00e9clare Ewald Burgener, CEO de Valiant. \"Le fait que la Vaudoise et Valiant exploitent des synergies nous ouvre des options de d\u00e9veloppement suppl\u00e9mentaires\".<\/p>\n<p>Le prestataire de services financiers ind\u00e9pendant Valiant s'occupe de ses clients exclusivement en Suisse et est ancr\u00e9 localement sur 97 sites dans 13 cantons. Le total du bilan s'\u00e9l\u00e8ve \u00e0 33,2 milliards de francs. La banque emploie plus de 1000 collaborateurs, dont 80 apprentis.<\/p>\n<p><em>Source et informations compl\u00e9mentaires : <a href=\"http:\/\/www.valiant.ch\">Valiant<\/a> \/ <a href=\"http:\/\/www.vaudoise.ch\">Vaudoise<\/a><\/em><\/p>","protected":false},"excerpt":{"rendered":"<p>Die Bank Valiant und die Versicherung Vaudoise haben am 2. M\u00e4rz 2021 eine Zusammenarbeit im Hypothekarbereich lanciert. Der Versicherer Vaudoise ber\u00e4t ihre Kundinnen und Kunden weiterhin in Fragen rund um die Finanzierung von Wohnobjekten und m\u00f6chte die Erwartungen ihrer Kunden im Hypothekarbereich noch besser erf\u00fcllen, wie es in einer entsprechenden Medienmitteilung heisst. Komplexere Finanzierungen vermittelt [&hellip;]<\/p>\n","protected":false},"author":4,"featured_media":7738,"comment_status":"closed","ping_status":"closed","sticky":false,"template":"","format":"standard","meta":{"_acf_changed":false,"_yoast_wpseo_focuskw":"Valiant und die Vaudoise","_yoast_wpseo_metadesc":"Wie Valiant und die Vaudoise gemeinsam mitteilen, wollen die beiden Unternehmen insk\u00fcnftig im Hypothekengesch\u00e4ft zusammenarbeiten.","articlekey":"","footnotes":""},"categories":[24],"tags":[203,492,508],"class_list":["post-7737","post","type-post","status-publish","format-standard","has-post-thumbnail","hentry","category-finanzen_recht","tag-finanzierung","tag-unternehmen","tag-vermischtes"],"acf":[],"yoast_head":"<!-- This site is optimized with the Yoast SEO plugin v27.5 - https:\/\/yoast.com\/product\/yoast-seo-wordpress\/ -->\n<title>Valiant und die Vaudoise arbeiten in Sachen Hypotheken zusammen - Organisator<\/title>\n<meta name=\"description\" content=\"Wie Valiant und die Vaudoise gemeinsam mitteilen, wollen die beiden Unternehmen insk\u00fcnftig im Hypothekengesch\u00e4ft zusammenarbeiten.\" \/>\n<meta name=\"robots\" content=\"index, follow, max-snippet:-1, max-image-preview:large, max-video-preview:-1\" \/>\n<link rel=\"canonical\" href=\"https:\/\/www.organisator.ch\/fr\/gestion-2\/finanzen_recht\/2021-03-02\/valiant-und-die-vaudoise-arbeiten-in-sachen-hypotheken-zusammen\/\" \/>\n<meta property=\"og:locale\" content=\"fr_FR\" \/>\n<meta property=\"og:type\" content=\"article\" \/>\n<meta property=\"og:title\" content=\"Valiant und die Vaudoise arbeiten in Sachen Hypotheken zusammen\" \/>\n<meta property=\"og:description\" content=\"Wie Valiant und die Vaudoise gemeinsam mitteilen, wollen die beiden Unternehmen insk\u00fcnftig im Hypothekengesch\u00e4ft zusammenarbeiten.\" \/>\n<meta property=\"og:url\" content=\"https:\/\/www.organisator.ch\/fr\/gestion-2\/finanzen_recht\/2021-03-02\/valiant-und-die-vaudoise-arbeiten-in-sachen-hypotheken-zusammen\/\" \/>\n<meta property=\"og:site_name\" content=\"Organisator\" \/>\n<meta property=\"article:publisher\" content=\"https:\/\/www.facebook.com\/OrganisatorFachmagazin\" \/>\n<meta property=\"article:published_time\" content=\"2021-03-02T07:20:44+00:00\" \/>\n<meta property=\"og:image\" content=\"https:\/\/www.organisator.ch\/wp-content\/uploads\/2021\/03\/Valiant-und-die-Vaudoise-arbeiten-in-Sachen-Hypotheken-zusammen_Organisator.jpg\" \/>\n\t<meta property=\"og:image:width\" content=\"680\" \/>\n\t<meta property=\"og:image:height\" content=\"272\" \/>\n\t<meta property=\"og:image:type\" content=\"image\/jpeg\" \/>\n<meta name=\"author\" content=\"thomas.berner\" \/>\n<meta name=\"twitter:card\" content=\"summary_large_image\" \/>\n<meta name=\"twitter:title\" content=\"#Valiant und die #Vaudoise arbeiten in Sachen #Hypotheken zusammen\" \/>\n<meta name=\"twitter:description\" content=\"Wie #Valiant und die #Vaudoise gemeinsam mitteilen, wollen die beiden Unternehmen insk\u00fcnftig im #Hypothekengesch\u00e4ft zusammenarbeiten.\" \/>\n<meta name=\"twitter:image\" content=\"https:\/\/www.organisator.ch\/wp-content\/uploads\/2021\/03\/Valiant-und-die-Vaudoise-arbeiten-in-Sachen-Hypotheken-zusammen_Organisator.jpg\" \/>\n<script type=\"application\/ld+json\" class=\"yoast-schema-graph\">{\"@context\":\"https:\\\/\\\/schema.org\",\"@graph\":[{\"@type\":\"Article\",\"@id\":\"https:\\\/\\\/www.organisator.ch\\\/management\\\/finanzen_recht\\\/2021-03-02\\\/valiant-und-die-vaudoise-arbeiten-in-sachen-hypotheken-zusammen\\\/#article\",\"isPartOf\":{\"@id\":\"https:\\\/\\\/www.organisator.ch\\\/management\\\/finanzen_recht\\\/2021-03-02\\\/valiant-und-die-vaudoise-arbeiten-in-sachen-hypotheken-zusammen\\\/\"},\"author\":{\"name\":\"thomas.berner\",\"@id\":\"https:\\\/\\\/www.organisator.ch\\\/#\\\/schema\\\/person\\\/6f650f90b2842cd4c0cc334b4e36f67e\"},\"headline\":\"Valiant und die Vaudoise arbeiten in Sachen Hypotheken zusammen\",\"datePublished\":\"2021-03-02T07:20:44+00:00\",\"mainEntityOfPage\":{\"@id\":\"https:\\\/\\\/www.organisator.ch\\\/management\\\/finanzen_recht\\\/2021-03-02\\\/valiant-und-die-vaudoise-arbeiten-in-sachen-hypotheken-zusammen\\\/\"},\"wordCount\":349,\"publisher\":{\"@id\":\"https:\\\/\\\/www.organisator.ch\\\/#organization\"},\"image\":{\"@id\":\"https:\\\/\\\/www.organisator.ch\\\/management\\\/finanzen_recht\\\/2021-03-02\\\/valiant-und-die-vaudoise-arbeiten-in-sachen-hypotheken-zusammen\\\/#primaryimage\"},\"thumbnailUrl\":\"https:\\\/\\\/www.organisator.ch\\\/wp-content\\\/uploads\\\/2021\\\/03\\\/Valiant-und-die-Vaudoise-arbeiten-in-Sachen-Hypotheken-zusammen_Organisator.jpg\",\"keywords\":[\"Finanzierung\",\"Unternehmen\",\"Vermischtes\"],\"articleSection\":[\"FINANZEN\\\/RECHT\"],\"inLanguage\":\"fr-FR\"},{\"@type\":\"WebPage\",\"@id\":\"https:\\\/\\\/www.organisator.ch\\\/management\\\/finanzen_recht\\\/2021-03-02\\\/valiant-und-die-vaudoise-arbeiten-in-sachen-hypotheken-zusammen\\\/\",\"url\":\"https:\\\/\\\/www.organisator.ch\\\/management\\\/finanzen_recht\\\/2021-03-02\\\/valiant-und-die-vaudoise-arbeiten-in-sachen-hypotheken-zusammen\\\/\",\"name\":\"Valiant und die Vaudoise arbeiten in Sachen Hypotheken zusammen - Organisator\",\"isPartOf\":{\"@id\":\"https:\\\/\\\/www.organisator.ch\\\/#website\"},\"primaryImageOfPage\":{\"@id\":\"https:\\\/\\\/www.organisator.ch\\\/management\\\/finanzen_recht\\\/2021-03-02\\\/valiant-und-die-vaudoise-arbeiten-in-sachen-hypotheken-zusammen\\\/#primaryimage\"},\"image\":{\"@id\":\"https:\\\/\\\/www.organisator.ch\\\/management\\\/finanzen_recht\\\/2021-03-02\\\/valiant-und-die-vaudoise-arbeiten-in-sachen-hypotheken-zusammen\\\/#primaryimage\"},\"thumbnailUrl\":\"https:\\\/\\\/www.organisator.ch\\\/wp-content\\\/uploads\\\/2021\\\/03\\\/Valiant-und-die-Vaudoise-arbeiten-in-Sachen-Hypotheken-zusammen_Organisator.jpg\",\"datePublished\":\"2021-03-02T07:20:44+00:00\",\"description\":\"Wie Valiant und die Vaudoise gemeinsam mitteilen, wollen die beiden Unternehmen insk\u00fcnftig im Hypothekengesch\u00e4ft zusammenarbeiten.\",\"breadcrumb\":{\"@id\":\"https:\\\/\\\/www.organisator.ch\\\/management\\\/finanzen_recht\\\/2021-03-02\\\/valiant-und-die-vaudoise-arbeiten-in-sachen-hypotheken-zusammen\\\/#breadcrumb\"},\"inLanguage\":\"fr-FR\",\"potentialAction\":[{\"@type\":\"ReadAction\",\"target\":[\"https:\\\/\\\/www.organisator.ch\\\/management\\\/finanzen_recht\\\/2021-03-02\\\/valiant-und-die-vaudoise-arbeiten-in-sachen-hypotheken-zusammen\\\/\"]}]},{\"@type\":\"ImageObject\",\"inLanguage\":\"fr-FR\",\"@id\":\"https:\\\/\\\/www.organisator.ch\\\/management\\\/finanzen_recht\\\/2021-03-02\\\/valiant-und-die-vaudoise-arbeiten-in-sachen-hypotheken-zusammen\\\/#primaryimage\",\"url\":\"https:\\\/\\\/www.organisator.ch\\\/wp-content\\\/uploads\\\/2021\\\/03\\\/Valiant-und-die-Vaudoise-arbeiten-in-Sachen-Hypotheken-zusammen_Organisator.jpg\",\"contentUrl\":\"https:\\\/\\\/www.organisator.ch\\\/wp-content\\\/uploads\\\/2021\\\/03\\\/Valiant-und-die-Vaudoise-arbeiten-in-Sachen-Hypotheken-zusammen_Organisator.jpg\",\"width\":680,\"height\":272},{\"@type\":\"BreadcrumbList\",\"@id\":\"https:\\\/\\\/www.organisator.ch\\\/management\\\/finanzen_recht\\\/2021-03-02\\\/valiant-und-die-vaudoise-arbeiten-in-sachen-hypotheken-zusammen\\\/#breadcrumb\",\"itemListElement\":[{\"@type\":\"ListItem\",\"position\":1,\"name\":\"Home\",\"item\":\"https:\\\/\\\/www.organisator.ch\\\/\"},{\"@type\":\"ListItem\",\"position\":2,\"name\":\"Valiant und die Vaudoise arbeiten in Sachen Hypotheken zusammen\"}]},{\"@type\":\"WebSite\",\"@id\":\"https:\\\/\\\/www.organisator.ch\\\/#website\",\"url\":\"https:\\\/\\\/www.organisator.ch\\\/\",\"name\":\"Organisator\",\"description\":\"Kompetent. Praxisnah. Der ORGANISATOR bereitet in 10 Ausgaben pro Jahr die wesentlichen Themen f\u00fcr F\u00fchrungskr\u00e4fte von KMU auf.\",\"publisher\":{\"@id\":\"https:\\\/\\\/www.organisator.ch\\\/#organization\"},\"potentialAction\":[{\"@type\":\"SearchAction\",\"target\":{\"@type\":\"EntryPoint\",\"urlTemplate\":\"https:\\\/\\\/www.organisator.ch\\\/?s={search_term_string}\"},\"query-input\":{\"@type\":\"PropertyValueSpecification\",\"valueRequired\":true,\"valueName\":\"search_term_string\"}}],\"inLanguage\":\"fr-FR\"},{\"@type\":\"Organization\",\"@id\":\"https:\\\/\\\/www.organisator.ch\\\/#organization\",\"name\":\"Organisator\",\"url\":\"https:\\\/\\\/www.organisator.ch\\\/\",\"logo\":{\"@type\":\"ImageObject\",\"inLanguage\":\"fr-FR\",\"@id\":\"https:\\\/\\\/www.organisator.ch\\\/#\\\/schema\\\/logo\\\/image\\\/\",\"url\":\"https:\\\/\\\/www.organisator.ch\\\/wp-content\\\/uploads\\\/2022\\\/01\\\/Logo_Organisator_Website.png\",\"contentUrl\":\"https:\\\/\\\/www.organisator.ch\\\/wp-content\\\/uploads\\\/2022\\\/01\\\/Logo_Organisator_Website.png\",\"width\":800,\"height\":77,\"caption\":\"Organisator\"},\"image\":{\"@id\":\"https:\\\/\\\/www.organisator.ch\\\/#\\\/schema\\\/logo\\\/image\\\/\"},\"sameAs\":[\"https:\\\/\\\/www.facebook.com\\\/OrganisatorFachmagazin\",\"https:\\\/\\\/www.linkedin.com\\\/showcase\\\/organisator-das-magazin-fr-kmu\",\"https:\\\/\\\/www.xing.com\\\/news\\\/pages\\\/organisator-ch-695\",\"https:\\\/\\\/www.youtube.com\\\/channel\\\/UCGP2Sq0iWaZwT3BdIAQFYpw\"]},{\"@type\":\"Person\",\"@id\":\"https:\\\/\\\/www.organisator.ch\\\/#\\\/schema\\\/person\\\/6f650f90b2842cd4c0cc334b4e36f67e\",\"name\":\"thomas.berner\",\"image\":{\"@type\":\"ImageObject\",\"inLanguage\":\"fr-FR\",\"@id\":\"https:\\\/\\\/secure.gravatar.com\\\/avatar\\\/ac5001d2a36cb6c6cd3e50789007ffca834b477b74a2144564522e944eabff61?s=96&d=mm&r=g\",\"url\":\"https:\\\/\\\/secure.gravatar.com\\\/avatar\\\/ac5001d2a36cb6c6cd3e50789007ffca834b477b74a2144564522e944eabff61?s=96&d=mm&r=g\",\"contentUrl\":\"https:\\\/\\\/secure.gravatar.com\\\/avatar\\\/ac5001d2a36cb6c6cd3e50789007ffca834b477b74a2144564522e944eabff61?s=96&d=mm&r=g\",\"caption\":\"thomas.berner\"},\"url\":\"https:\\\/\\\/www.organisator.ch\\\/fr\\\/author\\\/thomas-berner\\\/\"}]}<\/script>\n<!-- \/ Yoast SEO plugin. -->","yoast_head_json":{"title":"Valiant et la Vaudoise collaborent en mati\u00e8re d'hypoth\u00e8ques - Organisateur","description":"Comme Valiant et la Vaudoise l'ont communiqu\u00e9 conjointement, les deux entreprises entendent collaborer \u00e0 l'avenir dans le domaine des hypoth\u00e8ques.","robots":{"index":"index","follow":"follow","max-snippet":"max-snippet:-1","max-image-preview":"max-image-preview:large","max-video-preview":"max-video-preview:-1"},"canonical":"https:\/\/www.organisator.ch\/fr\/gestion-2\/finanzen_recht\/2021-03-02\/valiant-und-die-vaudoise-arbeiten-in-sachen-hypotheken-zusammen\/","og_locale":"fr_FR","og_type":"article","og_title":"Valiant und die Vaudoise arbeiten in Sachen Hypotheken zusammen","og_description":"Wie Valiant und die Vaudoise gemeinsam mitteilen, wollen die beiden Unternehmen insk\u00fcnftig im Hypothekengesch\u00e4ft zusammenarbeiten.","og_url":"https:\/\/www.organisator.ch\/fr\/gestion-2\/finanzen_recht\/2021-03-02\/valiant-und-die-vaudoise-arbeiten-in-sachen-hypotheken-zusammen\/","og_site_name":"Organisator","article_publisher":"https:\/\/www.facebook.com\/OrganisatorFachmagazin","article_published_time":"2021-03-02T07:20:44+00:00","og_image":[{"width":680,"height":272,"url":"https:\/\/www.organisator.ch\/wp-content\/uploads\/2021\/03\/Valiant-und-die-Vaudoise-arbeiten-in-Sachen-Hypotheken-zusammen_Organisator.jpg","type":"image\/jpeg"}],"author":"thomas.berner","twitter_card":"summary_large_image","twitter_title":"#Valiant und die #Vaudoise arbeiten in Sachen #Hypotheken zusammen","twitter_description":"Wie #Valiant und die #Vaudoise gemeinsam mitteilen, wollen die beiden Unternehmen insk\u00fcnftig im #Hypothekengesch\u00e4ft zusammenarbeiten.","twitter_image":"https:\/\/www.organisator.ch\/wp-content\/uploads\/2021\/03\/Valiant-und-die-Vaudoise-arbeiten-in-Sachen-Hypotheken-zusammen_Organisator.jpg","schema":{"@context":"https:\/\/schema.org","@graph":[{"@type":"Article","@id":"https:\/\/www.organisator.ch\/management\/finanzen_recht\/2021-03-02\/valiant-und-die-vaudoise-arbeiten-in-sachen-hypotheken-zusammen\/#article","isPartOf":{"@id":"https:\/\/www.organisator.ch\/management\/finanzen_recht\/2021-03-02\/valiant-und-die-vaudoise-arbeiten-in-sachen-hypotheken-zusammen\/"},"author":{"name":"thomas.berner","@id":"https:\/\/www.organisator.ch\/#\/schema\/person\/6f650f90b2842cd4c0cc334b4e36f67e"},"headline":"Valiant und die Vaudoise arbeiten in Sachen Hypotheken zusammen","datePublished":"2021-03-02T07:20:44+00:00","mainEntityOfPage":{"@id":"https:\/\/www.organisator.ch\/management\/finanzen_recht\/2021-03-02\/valiant-und-die-vaudoise-arbeiten-in-sachen-hypotheken-zusammen\/"},"wordCount":349,"publisher":{"@id":"https:\/\/www.organisator.ch\/#organization"},"image":{"@id":"https:\/\/www.organisator.ch\/management\/finanzen_recht\/2021-03-02\/valiant-und-die-vaudoise-arbeiten-in-sachen-hypotheken-zusammen\/#primaryimage"},"thumbnailUrl":"https:\/\/www.organisator.ch\/wp-content\/uploads\/2021\/03\/Valiant-und-die-Vaudoise-arbeiten-in-Sachen-Hypotheken-zusammen_Organisator.jpg","keywords":["Finanzierung","Unternehmen","Vermischtes"],"articleSection":["FINANZEN\/RECHT"],"inLanguage":"fr-FR"},{"@type":"WebPage","@id":"https:\/\/www.organisator.ch\/management\/finanzen_recht\/2021-03-02\/valiant-und-die-vaudoise-arbeiten-in-sachen-hypotheken-zusammen\/","url":"https:\/\/www.organisator.ch\/management\/finanzen_recht\/2021-03-02\/valiant-und-die-vaudoise-arbeiten-in-sachen-hypotheken-zusammen\/","name":"Valiant et la Vaudoise collaborent en mati\u00e8re d'hypoth\u00e8ques - Organisateur","isPartOf":{"@id":"https:\/\/www.organisator.ch\/#website"},"primaryImageOfPage":{"@id":"https:\/\/www.organisator.ch\/management\/finanzen_recht\/2021-03-02\/valiant-und-die-vaudoise-arbeiten-in-sachen-hypotheken-zusammen\/#primaryimage"},"image":{"@id":"https:\/\/www.organisator.ch\/management\/finanzen_recht\/2021-03-02\/valiant-und-die-vaudoise-arbeiten-in-sachen-hypotheken-zusammen\/#primaryimage"},"thumbnailUrl":"https:\/\/www.organisator.ch\/wp-content\/uploads\/2021\/03\/Valiant-und-die-Vaudoise-arbeiten-in-Sachen-Hypotheken-zusammen_Organisator.jpg","datePublished":"2021-03-02T07:20:44+00:00","description":"Comme Valiant et la Vaudoise l'ont communiqu\u00e9 conjointement, les deux entreprises entendent collaborer \u00e0 l'avenir dans le domaine des hypoth\u00e8ques.","breadcrumb":{"@id":"https:\/\/www.organisator.ch\/management\/finanzen_recht\/2021-03-02\/valiant-und-die-vaudoise-arbeiten-in-sachen-hypotheken-zusammen\/#breadcrumb"},"inLanguage":"fr-FR","potentialAction":[{"@type":"ReadAction","target":["https:\/\/www.organisator.ch\/management\/finanzen_recht\/2021-03-02\/valiant-und-die-vaudoise-arbeiten-in-sachen-hypotheken-zusammen\/"]}]},{"@type":"ImageObject","inLanguage":"fr-FR","@id":"https:\/\/www.organisator.ch\/management\/finanzen_recht\/2021-03-02\/valiant-und-die-vaudoise-arbeiten-in-sachen-hypotheken-zusammen\/#primaryimage","url":"https:\/\/www.organisator.ch\/wp-content\/uploads\/2021\/03\/Valiant-und-die-Vaudoise-arbeiten-in-Sachen-Hypotheken-zusammen_Organisator.jpg","contentUrl":"https:\/\/www.organisator.ch\/wp-content\/uploads\/2021\/03\/Valiant-und-die-Vaudoise-arbeiten-in-Sachen-Hypotheken-zusammen_Organisator.jpg","width":680,"height":272},{"@type":"BreadcrumbList","@id":"https:\/\/www.organisator.ch\/management\/finanzen_recht\/2021-03-02\/valiant-und-die-vaudoise-arbeiten-in-sachen-hypotheken-zusammen\/#breadcrumb","itemListElement":[{"@type":"ListItem","position":1,"name":"Home","item":"https:\/\/www.organisator.ch\/"},{"@type":"ListItem","position":2,"name":"Valiant und die Vaudoise arbeiten in Sachen Hypotheken zusammen"}]},{"@type":"WebSite","@id":"https:\/\/www.organisator.ch\/#website","url":"https:\/\/www.organisator.ch\/","name":"Organisateur","description":"Comp\u00e9tence et comp\u00e9tence. Proches de la pratique. L'ORGANISATEUR pr\u00e9pare 10 num\u00e9ros par an sur les th\u00e8mes essentiels pour les dirigeants de PME.","publisher":{"@id":"https:\/\/www.organisator.ch\/#organization"},"potentialAction":[{"@type":"SearchAction","target":{"@type":"EntryPoint","urlTemplate":"https:\/\/www.organisator.ch\/?s={search_term_string}"},"query-input":{"@type":"PropertyValueSpecification","valueRequired":true,"valueName":"search_term_string"}}],"inLanguage":"fr-FR"},{"@type":"Organization","@id":"https:\/\/www.organisator.ch\/#organization","name":"Organisateur","url":"https:\/\/www.organisator.ch\/","logo":{"@type":"ImageObject","inLanguage":"fr-FR","@id":"https:\/\/www.organisator.ch\/#\/schema\/logo\/image\/","url":"https:\/\/www.organisator.ch\/wp-content\/uploads\/2022\/01\/Logo_Organisator_Website.png","contentUrl":"https:\/\/www.organisator.ch\/wp-content\/uploads\/2022\/01\/Logo_Organisator_Website.png","width":800,"height":77,"caption":"Organisator"},"image":{"@id":"https:\/\/www.organisator.ch\/#\/schema\/logo\/image\/"},"sameAs":["https:\/\/www.facebook.com\/OrganisatorFachmagazin","https:\/\/www.linkedin.com\/showcase\/organisator-das-magazin-fr-kmu","https:\/\/www.xing.com\/news\/pages\/organisator-ch-695","https:\/\/www.youtube.com\/channel\/UCGP2Sq0iWaZwT3BdIAQFYpw"]},{"@type":"Person","@id":"https:\/\/www.organisator.ch\/#\/schema\/person\/6f650f90b2842cd4c0cc334b4e36f67e","name":"thomas.berner","image":{"@type":"ImageObject","inLanguage":"fr-FR","@id":"https:\/\/secure.gravatar.com\/avatar\/ac5001d2a36cb6c6cd3e50789007ffca834b477b74a2144564522e944eabff61?s=96&d=mm&r=g","url":"https:\/\/secure.gravatar.com\/avatar\/ac5001d2a36cb6c6cd3e50789007ffca834b477b74a2144564522e944eabff61?s=96&d=mm&r=g","contentUrl":"https:\/\/secure.gravatar.com\/avatar\/ac5001d2a36cb6c6cd3e50789007ffca834b477b74a2144564522e944eabff61?s=96&d=mm&r=g","caption":"thomas.berner"},"url":"https:\/\/www.organisator.ch\/fr\/author\/thomas-berner\/"}]}},"_links":{"self":[{"href":"https:\/\/www.organisator.ch\/fr\/wp-json\/wp\/v2\/posts\/7737","targetHints":{"allow":["GET"]}}],"collection":[{"href":"https:\/\/www.organisator.ch\/fr\/wp-json\/wp\/v2\/posts"}],"about":[{"href":"https:\/\/www.organisator.ch\/fr\/wp-json\/wp\/v2\/types\/post"}],"author":[{"embeddable":true,"href":"https:\/\/www.organisator.ch\/fr\/wp-json\/wp\/v2\/users\/4"}],"replies":[{"embeddable":true,"href":"https:\/\/www.organisator.ch\/fr\/wp-json\/wp\/v2\/comments?post=7737"}],"version-history":[{"count":0,"href":"https:\/\/www.organisator.ch\/fr\/wp-json\/wp\/v2\/posts\/7737\/revisions"}],"wp:featuredmedia":[{"embeddable":true,"href":"https:\/\/www.organisator.ch\/fr\/wp-json\/wp\/v2\/media\/7738"}],"wp:attachment":[{"href":"https:\/\/www.organisator.ch\/fr\/wp-json\/wp\/v2\/media?parent=7737"}],"wp:term":[{"taxonomy":"category","embeddable":true,"href":"https:\/\/www.organisator.ch\/fr\/wp-json\/wp\/v2\/categories?post=7737"},{"taxonomy":"post_tag","embeddable":true,"href":"https:\/\/www.organisator.ch\/fr\/wp-json\/wp\/v2\/tags?post=7737"}],"curies":[{"name":"wp","href":"https:\/\/api.w.org\/{rel}","templated":true}]}}