{"id":7761,"date":"2021-03-05T07:38:17","date_gmt":"2021-03-05T06:38:17","guid":{"rendered":"https:\/\/www.organisator.ch\/?p=7761"},"modified":"2021-03-05T07:38:17","modified_gmt":"2021-03-05T06:38:17","slug":"rivella-ist-bester-arbeitgeber-der-schweiz","status":"publish","type":"post","link":"https:\/\/www.organisator.ch\/fr\/human-resources\/hrm\/2021-03-05\/rivella-ist-bester-arbeitgeber-der-schweiz\/","title":{"rendered":"Rivella est le meilleur employeur de Suisse"},"content":{"rendered":"<figure id=\"attachment_7762\" aria-describedby=\"caption-attachment-7762\" style=\"width: 680px\" class=\"wp-caption alignnone\"><img loading=\"lazy\" decoding=\"async\" class=\"size-medium wp-image-7762\" src=\"https:\/\/www.organisator.ch\/wp-content\/uploads\/2021\/03\/Rivella-ist-bester-Arbeitgeber-der-Schweiz_Organisator.jpg\" alt=\"\" width=\"680\" height=\"453\" srcset=\"https:\/\/www.organisator.ch\/wp-content\/uploads\/2021\/03\/Rivella-ist-bester-Arbeitgeber-der-Schweiz_Organisator.jpg 680w, https:\/\/www.organisator.ch\/wp-content\/uploads\/2021\/03\/Rivella-ist-bester-Arbeitgeber-der-Schweiz_Organisator-16x12.jpg 16w, https:\/\/www.organisator.ch\/wp-content\/uploads\/2021\/03\/Rivella-ist-bester-Arbeitgeber-der-Schweiz_Organisator-263x175.jpg 263w, https:\/\/www.organisator.ch\/wp-content\/uploads\/2021\/03\/Rivella-ist-bester-Arbeitgeber-der-Schweiz_Organisator-525x350.jpg 525w, https:\/\/www.organisator.ch\/wp-content\/uploads\/2021\/03\/Rivella-ist-bester-Arbeitgeber-der-Schweiz_Organisator-300x200.jpg 300w\" sizes=\"auto, (max-width: 680px) 100vw, 680px\" \/><figcaption id=\"caption-attachment-7762\" class=\"wp-caption-text\">Selon un sondage r\u00e9alis\u00e9 par la Handelszeitung et \"Le Temps\", Rivella SA est le meilleur employeur de Suisse. (PPR\/Rivella)<\/figcaption><\/figure>\n<p>Chaque ann\u00e9e, l'entreprise internationale d'\u00e9tudes de march\u00e9 Statista \u00e9tablit, en collaboration avec la Handelszeitung et Le Temps, le classement des meilleurs employeurs de Suisse. Dans le cadre de cette \u00e9tude de grande envergure, des milliers d'employ\u00e9s ont \u00e9t\u00e9 interrog\u00e9s entre mai et juin 2020. Avec les votes sur les deux portails m\u00e9diatiques, plus de 200'000 \u00e9valuations ont \u00e9t\u00e9 re\u00e7ues. Le fabricant de boissons Rivella s'est hiss\u00e9 au premier rang de la liste des 250 meilleurs employeurs de Suisse, rel\u00e9guant le fabricant d'ascenseurs Schindler et le Groupe suisse des parapl\u00e9giques aux places d'honneur.<\/p>\n<h2>Une communication ouverte en p\u00e9riode de d\u00e9fis<\/h2>\n<p>A Rothrist, si\u00e8ge de l'entreprise familiale suisse, la joie est immense. \"Le fait que nos collaborateurs et les employ\u00e9s d'autres entreprises du secteur des biens de consommation nous attribuent d'aussi bonnes notes nous montre que nous avons fait certaines choses correctement ces derni\u00e8res ann\u00e9es et aussi pendant Corona\", d\u00e9clare avec conviction Markus Krienb\u00fchl, responsable RH de Rivella. En raison du lockdown et de la fermeture de la gastronomie et de l'annulation d'innombrables manifestations qui en ont r\u00e9sult\u00e9, Rivella a d\u00e9j\u00e0 d\u00fb annoncer quelques semaines de ch\u00f4mage partiel au printemps. Krienb\u00fchl est convaincu que les collaborateurs ont beaucoup appr\u00e9ci\u00e9, entre autres, la communication ouverte, transparente et r\u00e9guli\u00e8re.<\/p>\n<h2>Renforcement de la marque employeur en interne et en externe<\/h2>\n<p>Dans le cadre de l'enqu\u00eate, Rivella a obtenu des r\u00e9sultats sup\u00e9rieurs \u00e0 la moyenne dans les domaines \"r\u00e9mun\u00e9ration\", \"relations humaines\" et \"conditions et \u00e9quipement\", selon le communiqu\u00e9. Markus Krienb\u00fchl est convaincu que personne ne se rend \u00e0 Rothrist uniquement pour le salaire : \"Nous payons les salaires habituels dans la branche. C'est plut\u00f4t le paquet global qui fait la diff\u00e9rence\", explique le chef des RH. Ces derni\u00e8res ann\u00e9es, Rivella a fait de nombreux efforts pour se positionner encore mieux en tant qu'employeur et pour renforcer sa marque employeur en interne et en externe, poursuit le communiqu\u00e9. Cela a permis de dynamiser l'entreprise en tant qu'employeur, de renforcer le lien \u00e9motionnel des collaborateurs et de soutenir le changement culturel. La culture de direction et d'entreprise a \u00e9t\u00e9 d\u00e9velopp\u00e9e de mani\u00e8re cibl\u00e9e sur la base de la confiance, de l'estime et du respect. \"Tout cela dans le but de pouvoir offrir, en tant qu'employeur, des conditions de travail attrayantes et modernes\", r\u00e9sume Markus Krienb\u00fchl.<\/p>\n<h2>Rester le meilleur employeur de Suisse<\/h2>\n<p>Le grand d\u00e9fi sera d\u00e9sormais d'\u00eatre un employeur attractif pour les g\u00e9n\u00e9rations futures d'employ\u00e9s. Pour y parvenir, Rivella SA dit investir beaucoup dans ses collaborateurs, dans de nouvelles formes de travail et dans une culture du NOUS v\u00e9cue au quotidien.<\/p>\n<p><em>Source : <a href=\"http:\/\/www.rivella-group.com\">Rivella SA<\/a><\/em><\/p>","protected":false},"excerpt":{"rendered":"<p>J\u00e4hrlich ermittelt das internationale Markforschungsunternehmen Statista zusammen mit der Handelszeitung und Le Temps die besten Arbeitgeber der Schweiz. In der grossangelegten Studie wurden zwischen Mai und Juni 2020 tausende Arbeitnehmende befragt. Zusammen mit den Votings auf den beiden Medienportalen\u00a0 gingen \u00fcber 200&#8217;000 Bewertungen ein. Die Getr\u00e4nkeherstellerin Rivella hat es auf Rang 1 der Liste der [&hellip;]<\/p>\n","protected":false},"author":4,"featured_media":7762,"comment_status":"closed","ping_status":"closed","sticky":false,"template":"","format":"standard","meta":{"_acf_changed":false,"_yoast_wpseo_focuskw":"Bester Arbeitgeber der Schweiz","_yoast_wpseo_metadesc":"Einer repr\u00e4sentativen Umfrage im Auftrag der \u00abHandelszeitung\u00bb und \u00abLe Temps\u00bb zufolge ist Rivella bester Arbeitgeber der Schweiz.","articlekey":"","footnotes":""},"categories":[26],"tags":[254,335,487,492],"class_list":["post-7761","post","type-post","status-publish","format-standard","has-post-thumbnail","hentry","category-hrm","tag-hrm","tag-management-und-unternehmensfuehrung","tag-umfrage","tag-unternehmen"],"acf":[],"yoast_head":"<!-- This site is optimized with the Yoast SEO plugin v27.5 - https:\/\/yoast.com\/product\/yoast-seo-wordpress\/ -->\n<title>Rivella ist bester Arbeitgeber der Schweiz - Organisator<\/title>\n<meta name=\"description\" content=\"Einer repr\u00e4sentativen Umfrage im Auftrag der \u00abHandelszeitung\u00bb und \u00abLe Temps\u00bb zufolge ist Rivella bester Arbeitgeber der Schweiz.\" \/>\n<meta name=\"robots\" content=\"index, follow, max-snippet:-1, max-image-preview:large, max-video-preview:-1\" \/>\n<link rel=\"canonical\" href=\"https:\/\/www.organisator.ch\/fr\/ressources-humaines\/hrm\/2021-03-05\/rivella-ist-bester-arbeitgeber-der-schweiz\/\" \/>\n<meta property=\"og:locale\" content=\"fr_FR\" \/>\n<meta property=\"og:type\" content=\"article\" \/>\n<meta property=\"og:title\" content=\"Rivella ist bester Arbeitgeber der Schweiz\" \/>\n<meta property=\"og:description\" content=\"Einer repr\u00e4sentativen Umfrage im Auftrag der \u00abHandelszeitung\u00bb und \u00abLe Temps\u00bb zufolge ist Rivella bester Arbeitgeber der Schweiz.\" \/>\n<meta property=\"og:url\" content=\"https:\/\/www.organisator.ch\/fr\/ressources-humaines\/hrm\/2021-03-05\/rivella-ist-bester-arbeitgeber-der-schweiz\/\" \/>\n<meta property=\"og:site_name\" content=\"Organisator\" \/>\n<meta property=\"article:publisher\" content=\"https:\/\/www.facebook.com\/OrganisatorFachmagazin\" \/>\n<meta property=\"article:published_time\" content=\"2021-03-05T06:38:17+00:00\" \/>\n<meta property=\"og:image\" content=\"https:\/\/www.organisator.ch\/wp-content\/uploads\/2021\/03\/Rivella-ist-bester-Arbeitgeber-der-Schweiz_Organisator.jpg\" \/>\n\t<meta property=\"og:image:width\" content=\"680\" \/>\n\t<meta property=\"og:image:height\" content=\"453\" \/>\n\t<meta property=\"og:image:type\" content=\"image\/jpeg\" \/>\n<meta name=\"author\" content=\"thomas.berner\" \/>\n<meta name=\"twitter:card\" content=\"summary_large_image\" \/>\n<meta name=\"twitter:title\" content=\"#Rivella ist bester #Arbeitgeber der Schweiz\" \/>\n<meta name=\"twitter:description\" content=\"Einer repr\u00e4sentativen Umfrage im Auftrag der \u00abHandelszeitung\u00bb und \u00abLe Temps\u00bb zufolge ist #Rivella bester Arbeitgeber der Schweiz.\" \/>\n<meta name=\"twitter:image\" content=\"https:\/\/www.organisator.ch\/wp-content\/uploads\/2021\/03\/Rivella-ist-bester-Arbeitgeber-der-Schweiz_Organisator.jpg\" \/>\n<script type=\"application\/ld+json\" class=\"yoast-schema-graph\">{\"@context\":\"https:\\\/\\\/schema.org\",\"@graph\":[{\"@type\":\"Article\",\"@id\":\"https:\\\/\\\/www.organisator.ch\\\/human-resources\\\/hrm\\\/2021-03-05\\\/rivella-ist-bester-arbeitgeber-der-schweiz\\\/#article\",\"isPartOf\":{\"@id\":\"https:\\\/\\\/www.organisator.ch\\\/human-resources\\\/hrm\\\/2021-03-05\\\/rivella-ist-bester-arbeitgeber-der-schweiz\\\/\"},\"author\":{\"name\":\"thomas.berner\",\"@id\":\"https:\\\/\\\/www.organisator.ch\\\/#\\\/schema\\\/person\\\/6f650f90b2842cd4c0cc334b4e36f67e\"},\"headline\":\"Rivella ist bester Arbeitgeber der Schweiz\",\"datePublished\":\"2021-03-05T06:38:17+00:00\",\"mainEntityOfPage\":{\"@id\":\"https:\\\/\\\/www.organisator.ch\\\/human-resources\\\/hrm\\\/2021-03-05\\\/rivella-ist-bester-arbeitgeber-der-schweiz\\\/\"},\"wordCount\":415,\"publisher\":{\"@id\":\"https:\\\/\\\/www.organisator.ch\\\/#organization\"},\"image\":{\"@id\":\"https:\\\/\\\/www.organisator.ch\\\/human-resources\\\/hrm\\\/2021-03-05\\\/rivella-ist-bester-arbeitgeber-der-schweiz\\\/#primaryimage\"},\"thumbnailUrl\":\"https:\\\/\\\/www.organisator.ch\\\/wp-content\\\/uploads\\\/2021\\\/03\\\/Rivella-ist-bester-Arbeitgeber-der-Schweiz_Organisator.jpg\",\"keywords\":[\"HRM\",\"Management und Unternehmensf\u00fchrung\",\"Umfrage\",\"Unternehmen\"],\"articleSection\":[\"HRM\"],\"inLanguage\":\"fr-FR\"},{\"@type\":\"WebPage\",\"@id\":\"https:\\\/\\\/www.organisator.ch\\\/human-resources\\\/hrm\\\/2021-03-05\\\/rivella-ist-bester-arbeitgeber-der-schweiz\\\/\",\"url\":\"https:\\\/\\\/www.organisator.ch\\\/human-resources\\\/hrm\\\/2021-03-05\\\/rivella-ist-bester-arbeitgeber-der-schweiz\\\/\",\"name\":\"Rivella ist bester Arbeitgeber der Schweiz - Organisator\",\"isPartOf\":{\"@id\":\"https:\\\/\\\/www.organisator.ch\\\/#website\"},\"primaryImageOfPage\":{\"@id\":\"https:\\\/\\\/www.organisator.ch\\\/human-resources\\\/hrm\\\/2021-03-05\\\/rivella-ist-bester-arbeitgeber-der-schweiz\\\/#primaryimage\"},\"image\":{\"@id\":\"https:\\\/\\\/www.organisator.ch\\\/human-resources\\\/hrm\\\/2021-03-05\\\/rivella-ist-bester-arbeitgeber-der-schweiz\\\/#primaryimage\"},\"thumbnailUrl\":\"https:\\\/\\\/www.organisator.ch\\\/wp-content\\\/uploads\\\/2021\\\/03\\\/Rivella-ist-bester-Arbeitgeber-der-Schweiz_Organisator.jpg\",\"datePublished\":\"2021-03-05T06:38:17+00:00\",\"description\":\"Einer repr\u00e4sentativen Umfrage im Auftrag der \u00abHandelszeitung\u00bb und \u00abLe Temps\u00bb zufolge ist Rivella bester Arbeitgeber der Schweiz.\",\"breadcrumb\":{\"@id\":\"https:\\\/\\\/www.organisator.ch\\\/human-resources\\\/hrm\\\/2021-03-05\\\/rivella-ist-bester-arbeitgeber-der-schweiz\\\/#breadcrumb\"},\"inLanguage\":\"fr-FR\",\"potentialAction\":[{\"@type\":\"ReadAction\",\"target\":[\"https:\\\/\\\/www.organisator.ch\\\/human-resources\\\/hrm\\\/2021-03-05\\\/rivella-ist-bester-arbeitgeber-der-schweiz\\\/\"]}]},{\"@type\":\"ImageObject\",\"inLanguage\":\"fr-FR\",\"@id\":\"https:\\\/\\\/www.organisator.ch\\\/human-resources\\\/hrm\\\/2021-03-05\\\/rivella-ist-bester-arbeitgeber-der-schweiz\\\/#primaryimage\",\"url\":\"https:\\\/\\\/www.organisator.ch\\\/wp-content\\\/uploads\\\/2021\\\/03\\\/Rivella-ist-bester-Arbeitgeber-der-Schweiz_Organisator.jpg\",\"contentUrl\":\"https:\\\/\\\/www.organisator.ch\\\/wp-content\\\/uploads\\\/2021\\\/03\\\/Rivella-ist-bester-Arbeitgeber-der-Schweiz_Organisator.jpg\",\"width\":680,\"height\":453,\"caption\":\"Gem\u00e4ss einer Befragung der Handelszeitung und \\\"Le Temps\\\" ist die Rivella AG bester Arbeitgeber der Schweiz. (PPR\\\/Rivella)\"},{\"@type\":\"BreadcrumbList\",\"@id\":\"https:\\\/\\\/www.organisator.ch\\\/human-resources\\\/hrm\\\/2021-03-05\\\/rivella-ist-bester-arbeitgeber-der-schweiz\\\/#breadcrumb\",\"itemListElement\":[{\"@type\":\"ListItem\",\"position\":1,\"name\":\"Home\",\"item\":\"https:\\\/\\\/www.organisator.ch\\\/\"},{\"@type\":\"ListItem\",\"position\":2,\"name\":\"Rivella ist bester Arbeitgeber der Schweiz\"}]},{\"@type\":\"WebSite\",\"@id\":\"https:\\\/\\\/www.organisator.ch\\\/#website\",\"url\":\"https:\\\/\\\/www.organisator.ch\\\/\",\"name\":\"Organisator\",\"description\":\"Kompetent. Praxisnah. Der ORGANISATOR bereitet in 10 Ausgaben pro Jahr die wesentlichen Themen f\u00fcr F\u00fchrungskr\u00e4fte von KMU auf.\",\"publisher\":{\"@id\":\"https:\\\/\\\/www.organisator.ch\\\/#organization\"},\"potentialAction\":[{\"@type\":\"SearchAction\",\"target\":{\"@type\":\"EntryPoint\",\"urlTemplate\":\"https:\\\/\\\/www.organisator.ch\\\/?s={search_term_string}\"},\"query-input\":{\"@type\":\"PropertyValueSpecification\",\"valueRequired\":true,\"valueName\":\"search_term_string\"}}],\"inLanguage\":\"fr-FR\"},{\"@type\":\"Organization\",\"@id\":\"https:\\\/\\\/www.organisator.ch\\\/#organization\",\"name\":\"Organisator\",\"url\":\"https:\\\/\\\/www.organisator.ch\\\/\",\"logo\":{\"@type\":\"ImageObject\",\"inLanguage\":\"fr-FR\",\"@id\":\"https:\\\/\\\/www.organisator.ch\\\/#\\\/schema\\\/logo\\\/image\\\/\",\"url\":\"https:\\\/\\\/www.organisator.ch\\\/wp-content\\\/uploads\\\/2022\\\/01\\\/Logo_Organisator_Website.png\",\"contentUrl\":\"https:\\\/\\\/www.organisator.ch\\\/wp-content\\\/uploads\\\/2022\\\/01\\\/Logo_Organisator_Website.png\",\"width\":800,\"height\":77,\"caption\":\"Organisator\"},\"image\":{\"@id\":\"https:\\\/\\\/www.organisator.ch\\\/#\\\/schema\\\/logo\\\/image\\\/\"},\"sameAs\":[\"https:\\\/\\\/www.facebook.com\\\/OrganisatorFachmagazin\",\"https:\\\/\\\/www.linkedin.com\\\/showcase\\\/organisator-das-magazin-fr-kmu\",\"https:\\\/\\\/www.xing.com\\\/news\\\/pages\\\/organisator-ch-695\",\"https:\\\/\\\/www.youtube.com\\\/channel\\\/UCGP2Sq0iWaZwT3BdIAQFYpw\"]},{\"@type\":\"Person\",\"@id\":\"https:\\\/\\\/www.organisator.ch\\\/#\\\/schema\\\/person\\\/6f650f90b2842cd4c0cc334b4e36f67e\",\"name\":\"thomas.berner\",\"image\":{\"@type\":\"ImageObject\",\"inLanguage\":\"fr-FR\",\"@id\":\"https:\\\/\\\/secure.gravatar.com\\\/avatar\\\/ac5001d2a36cb6c6cd3e50789007ffca834b477b74a2144564522e944eabff61?s=96&d=mm&r=g\",\"url\":\"https:\\\/\\\/secure.gravatar.com\\\/avatar\\\/ac5001d2a36cb6c6cd3e50789007ffca834b477b74a2144564522e944eabff61?s=96&d=mm&r=g\",\"contentUrl\":\"https:\\\/\\\/secure.gravatar.com\\\/avatar\\\/ac5001d2a36cb6c6cd3e50789007ffca834b477b74a2144564522e944eabff61?s=96&d=mm&r=g\",\"caption\":\"thomas.berner\"},\"url\":\"https:\\\/\\\/www.organisator.ch\\\/fr\\\/author\\\/thomas-berner\\\/\"}]}<\/script>\n<!-- \/ Yoast SEO plugin. -->","yoast_head_json":{"title":"Rivella est le meilleur employeur de Suisse - Organisateur","description":"Selon un sondage repr\u00e9sentatif command\u00e9 par la \"Handelszeitung\" et \"Le Temps\", Rivella est le meilleur employeur de Suisse.","robots":{"index":"index","follow":"follow","max-snippet":"max-snippet:-1","max-image-preview":"max-image-preview:large","max-video-preview":"max-video-preview:-1"},"canonical":"https:\/\/www.organisator.ch\/fr\/ressources-humaines\/hrm\/2021-03-05\/rivella-ist-bester-arbeitgeber-der-schweiz\/","og_locale":"fr_FR","og_type":"article","og_title":"Rivella ist bester Arbeitgeber der Schweiz","og_description":"Einer repr\u00e4sentativen Umfrage im Auftrag der \u00abHandelszeitung\u00bb und \u00abLe Temps\u00bb zufolge ist Rivella bester Arbeitgeber der Schweiz.","og_url":"https:\/\/www.organisator.ch\/fr\/ressources-humaines\/hrm\/2021-03-05\/rivella-ist-bester-arbeitgeber-der-schweiz\/","og_site_name":"Organisator","article_publisher":"https:\/\/www.facebook.com\/OrganisatorFachmagazin","article_published_time":"2021-03-05T06:38:17+00:00","og_image":[{"width":680,"height":453,"url":"https:\/\/www.organisator.ch\/wp-content\/uploads\/2021\/03\/Rivella-ist-bester-Arbeitgeber-der-Schweiz_Organisator.jpg","type":"image\/jpeg"}],"author":"thomas.berner","twitter_card":"summary_large_image","twitter_title":"#Rivella ist bester #Arbeitgeber der Schweiz","twitter_description":"Einer repr\u00e4sentativen Umfrage im Auftrag der \u00abHandelszeitung\u00bb und \u00abLe Temps\u00bb zufolge ist #Rivella bester Arbeitgeber der Schweiz.","twitter_image":"https:\/\/www.organisator.ch\/wp-content\/uploads\/2021\/03\/Rivella-ist-bester-Arbeitgeber-der-Schweiz_Organisator.jpg","schema":{"@context":"https:\/\/schema.org","@graph":[{"@type":"Article","@id":"https:\/\/www.organisator.ch\/human-resources\/hrm\/2021-03-05\/rivella-ist-bester-arbeitgeber-der-schweiz\/#article","isPartOf":{"@id":"https:\/\/www.organisator.ch\/human-resources\/hrm\/2021-03-05\/rivella-ist-bester-arbeitgeber-der-schweiz\/"},"author":{"name":"thomas.berner","@id":"https:\/\/www.organisator.ch\/#\/schema\/person\/6f650f90b2842cd4c0cc334b4e36f67e"},"headline":"Rivella ist bester Arbeitgeber der Schweiz","datePublished":"2021-03-05T06:38:17+00:00","mainEntityOfPage":{"@id":"https:\/\/www.organisator.ch\/human-resources\/hrm\/2021-03-05\/rivella-ist-bester-arbeitgeber-der-schweiz\/"},"wordCount":415,"publisher":{"@id":"https:\/\/www.organisator.ch\/#organization"},"image":{"@id":"https:\/\/www.organisator.ch\/human-resources\/hrm\/2021-03-05\/rivella-ist-bester-arbeitgeber-der-schweiz\/#primaryimage"},"thumbnailUrl":"https:\/\/www.organisator.ch\/wp-content\/uploads\/2021\/03\/Rivella-ist-bester-Arbeitgeber-der-Schweiz_Organisator.jpg","keywords":["HRM","Management und Unternehmensf\u00fchrung","Umfrage","Unternehmen"],"articleSection":["HRM"],"inLanguage":"fr-FR"},{"@type":"WebPage","@id":"https:\/\/www.organisator.ch\/human-resources\/hrm\/2021-03-05\/rivella-ist-bester-arbeitgeber-der-schweiz\/","url":"https:\/\/www.organisator.ch\/human-resources\/hrm\/2021-03-05\/rivella-ist-bester-arbeitgeber-der-schweiz\/","name":"Rivella est le meilleur employeur de Suisse - Organisateur","isPartOf":{"@id":"https:\/\/www.organisator.ch\/#website"},"primaryImageOfPage":{"@id":"https:\/\/www.organisator.ch\/human-resources\/hrm\/2021-03-05\/rivella-ist-bester-arbeitgeber-der-schweiz\/#primaryimage"},"image":{"@id":"https:\/\/www.organisator.ch\/human-resources\/hrm\/2021-03-05\/rivella-ist-bester-arbeitgeber-der-schweiz\/#primaryimage"},"thumbnailUrl":"https:\/\/www.organisator.ch\/wp-content\/uploads\/2021\/03\/Rivella-ist-bester-Arbeitgeber-der-Schweiz_Organisator.jpg","datePublished":"2021-03-05T06:38:17+00:00","description":"Selon un sondage repr\u00e9sentatif command\u00e9 par la \"Handelszeitung\" et \"Le Temps\", Rivella est le meilleur employeur de Suisse.","breadcrumb":{"@id":"https:\/\/www.organisator.ch\/human-resources\/hrm\/2021-03-05\/rivella-ist-bester-arbeitgeber-der-schweiz\/#breadcrumb"},"inLanguage":"fr-FR","potentialAction":[{"@type":"ReadAction","target":["https:\/\/www.organisator.ch\/human-resources\/hrm\/2021-03-05\/rivella-ist-bester-arbeitgeber-der-schweiz\/"]}]},{"@type":"ImageObject","inLanguage":"fr-FR","@id":"https:\/\/www.organisator.ch\/human-resources\/hrm\/2021-03-05\/rivella-ist-bester-arbeitgeber-der-schweiz\/#primaryimage","url":"https:\/\/www.organisator.ch\/wp-content\/uploads\/2021\/03\/Rivella-ist-bester-Arbeitgeber-der-Schweiz_Organisator.jpg","contentUrl":"https:\/\/www.organisator.ch\/wp-content\/uploads\/2021\/03\/Rivella-ist-bester-Arbeitgeber-der-Schweiz_Organisator.jpg","width":680,"height":453,"caption":"Gem\u00e4ss einer Befragung der Handelszeitung und \"Le Temps\" ist die Rivella AG bester Arbeitgeber der Schweiz. (PPR\/Rivella)"},{"@type":"BreadcrumbList","@id":"https:\/\/www.organisator.ch\/human-resources\/hrm\/2021-03-05\/rivella-ist-bester-arbeitgeber-der-schweiz\/#breadcrumb","itemListElement":[{"@type":"ListItem","position":1,"name":"Home","item":"https:\/\/www.organisator.ch\/"},{"@type":"ListItem","position":2,"name":"Rivella ist bester Arbeitgeber der Schweiz"}]},{"@type":"WebSite","@id":"https:\/\/www.organisator.ch\/#website","url":"https:\/\/www.organisator.ch\/","name":"Organisateur","description":"Comp\u00e9tence et comp\u00e9tence. Proches de la pratique. L'ORGANISATEUR pr\u00e9pare 10 num\u00e9ros par an sur les th\u00e8mes essentiels pour les dirigeants de PME.","publisher":{"@id":"https:\/\/www.organisator.ch\/#organization"},"potentialAction":[{"@type":"SearchAction","target":{"@type":"EntryPoint","urlTemplate":"https:\/\/www.organisator.ch\/?s={search_term_string}"},"query-input":{"@type":"PropertyValueSpecification","valueRequired":true,"valueName":"search_term_string"}}],"inLanguage":"fr-FR"},{"@type":"Organization","@id":"https:\/\/www.organisator.ch\/#organization","name":"Organisateur","url":"https:\/\/www.organisator.ch\/","logo":{"@type":"ImageObject","inLanguage":"fr-FR","@id":"https:\/\/www.organisator.ch\/#\/schema\/logo\/image\/","url":"https:\/\/www.organisator.ch\/wp-content\/uploads\/2022\/01\/Logo_Organisator_Website.png","contentUrl":"https:\/\/www.organisator.ch\/wp-content\/uploads\/2022\/01\/Logo_Organisator_Website.png","width":800,"height":77,"caption":"Organisator"},"image":{"@id":"https:\/\/www.organisator.ch\/#\/schema\/logo\/image\/"},"sameAs":["https:\/\/www.facebook.com\/OrganisatorFachmagazin","https:\/\/www.linkedin.com\/showcase\/organisator-das-magazin-fr-kmu","https:\/\/www.xing.com\/news\/pages\/organisator-ch-695","https:\/\/www.youtube.com\/channel\/UCGP2Sq0iWaZwT3BdIAQFYpw"]},{"@type":"Person","@id":"https:\/\/www.organisator.ch\/#\/schema\/person\/6f650f90b2842cd4c0cc334b4e36f67e","name":"thomas.berner","image":{"@type":"ImageObject","inLanguage":"fr-FR","@id":"https:\/\/secure.gravatar.com\/avatar\/ac5001d2a36cb6c6cd3e50789007ffca834b477b74a2144564522e944eabff61?s=96&d=mm&r=g","url":"https:\/\/secure.gravatar.com\/avatar\/ac5001d2a36cb6c6cd3e50789007ffca834b477b74a2144564522e944eabff61?s=96&d=mm&r=g","contentUrl":"https:\/\/secure.gravatar.com\/avatar\/ac5001d2a36cb6c6cd3e50789007ffca834b477b74a2144564522e944eabff61?s=96&d=mm&r=g","caption":"thomas.berner"},"url":"https:\/\/www.organisator.ch\/fr\/author\/thomas-berner\/"}]}},"_links":{"self":[{"href":"https:\/\/www.organisator.ch\/fr\/wp-json\/wp\/v2\/posts\/7761","targetHints":{"allow":["GET"]}}],"collection":[{"href":"https:\/\/www.organisator.ch\/fr\/wp-json\/wp\/v2\/posts"}],"about":[{"href":"https:\/\/www.organisator.ch\/fr\/wp-json\/wp\/v2\/types\/post"}],"author":[{"embeddable":true,"href":"https:\/\/www.organisator.ch\/fr\/wp-json\/wp\/v2\/users\/4"}],"replies":[{"embeddable":true,"href":"https:\/\/www.organisator.ch\/fr\/wp-json\/wp\/v2\/comments?post=7761"}],"version-history":[{"count":0,"href":"https:\/\/www.organisator.ch\/fr\/wp-json\/wp\/v2\/posts\/7761\/revisions"}],"wp:featuredmedia":[{"embeddable":true,"href":"https:\/\/www.organisator.ch\/fr\/wp-json\/wp\/v2\/media\/7762"}],"wp:attachment":[{"href":"https:\/\/www.organisator.ch\/fr\/wp-json\/wp\/v2\/media?parent=7761"}],"wp:term":[{"taxonomy":"category","embeddable":true,"href":"https:\/\/www.organisator.ch\/fr\/wp-json\/wp\/v2\/categories?post=7761"},{"taxonomy":"post_tag","embeddable":true,"href":"https:\/\/www.organisator.ch\/fr\/wp-json\/wp\/v2\/tags?post=7761"}],"curies":[{"name":"wp","href":"https:\/\/api.w.org\/{rel}","templated":true}]}}