{"id":7769,"date":"2021-03-08T11:37:18","date_gmt":"2021-03-08T10:37:18","guid":{"rendered":"https:\/\/www.organisator.ch\/?p=7769"},"modified":"2021-03-08T11:37:18","modified_gmt":"2021-03-08T10:37:18","slug":"veranstaltungsbranche-umsatz-mehr-als-halbiert-wegen-corona","status":"publish","type":"post","link":"https:\/\/www.organisator.ch\/fr\/allgemein\/2021-03-08\/veranstaltungsbranche-umsatz-mehr-als-halbiert-wegen-corona\/","title":{"rendered":"Secteur \u00e9v\u00e9nementiel : chiffre d'affaires r\u00e9duit de plus de moiti\u00e9 \u00e0 cause de Corona"},"content":{"rendered":"<figure id=\"attachment_7770\" aria-describedby=\"caption-attachment-7770\" style=\"width: 680px\" class=\"wp-caption alignnone\"><img loading=\"lazy\" decoding=\"async\" class=\"size-medium wp-image-7770\" src=\"https:\/\/www.organisator.ch\/wp-content\/uploads\/2021\/03\/Veranstaltungsbranche-Umsatz-mehr-als-halbiert-wegen-Corona-1_Organisator.jpg\" alt=\"\" width=\"680\" height=\"429\" srcset=\"https:\/\/www.organisator.ch\/wp-content\/uploads\/2021\/03\/Veranstaltungsbranche-Umsatz-mehr-als-halbiert-wegen-Corona-1_Organisator.jpg 680w, https:\/\/www.organisator.ch\/wp-content\/uploads\/2021\/03\/Veranstaltungsbranche-Umsatz-mehr-als-halbiert-wegen-Corona-1_Organisator-16x10.jpg 16w, https:\/\/www.organisator.ch\/wp-content\/uploads\/2021\/03\/Veranstaltungsbranche-Umsatz-mehr-als-halbiert-wegen-Corona-1_Organisator-277x175.jpg 277w, https:\/\/www.organisator.ch\/wp-content\/uploads\/2021\/03\/Veranstaltungsbranche-Umsatz-mehr-als-halbiert-wegen-Corona-1_Organisator-555x350.jpg 555w, https:\/\/www.organisator.ch\/wp-content\/uploads\/2021\/03\/Veranstaltungsbranche-Umsatz-mehr-als-halbiert-wegen-Corona-1_Organisator-300x189.jpg 300w\" sizes=\"auto, (max-width: 680px) 100vw, 680px\" \/><figcaption id=\"caption-attachment-7770\" class=\"wp-caption-text\">Des si\u00e8ges vides partout : \u00e0 cause de Covid-19, l'ann\u00e9e 2020 est devenue une \"annus horribilis\" pour le secteur de l'\u00e9v\u00e9nementiel. (Image : Expo Event)<\/figcaption><\/figure>\n<p>L'association professionnelle Swiss LiveCom Association Expo Event a men\u00e9 une enqu\u00eate aupr\u00e8s de ses membres en collaboration avec les associations partenaires svtb et Tectum. Les associations souhaitaient ainsi se donner \u00e0 elles-m\u00eames et aux autorit\u00e9s un aper\u00e7u repr\u00e9sentatif de la situation. Les propri\u00e9taires et les cadres de 153 entreprises ont ainsi fourni des renseignements contraignants sur les chiffres d'affaires, la situation des collaborateurs, les perspectives de projets, l'obtention de mesures d'aide et de nombreux autres th\u00e8mes pertinents.<\/p>\n<h2>Le secteur de l'\u00e9v\u00e9nementiel perd une grande partie de sa valeur ajout\u00e9e brute<\/h2>\n<p>Les chiffres parlent d'eux-m\u00eames : selon l'enqu\u00eate, en cette ann\u00e9e de crise 2020, ce sont plus de 17 000 projets qui ont \u00e9t\u00e9 annul\u00e9s dans le secteur de l'\u00e9v\u00e9nementiel. Il en r\u00e9sulte une chute du chiffre d'affaires de 57%, ce qui correspond \u00e0 3,19 mrd. CHF. Environ 4'460 emplois ont \u00e9t\u00e9 perdus en 2020. R\u00e9parties sur l'ensemble du secteur de l'\u00e9v\u00e9nementiel, plusieurs entreprises ont cess\u00e9 leur activit\u00e9 ou se sont compl\u00e8tement r\u00e9orient\u00e9es. La disparition des salons, \u00e9v\u00e9nements et congr\u00e8s entra\u00eene un trou de 10 milliards de CHF dans la valeur ajout\u00e9e brute.<\/p>\n<figure id=\"attachment_7771\" aria-describedby=\"caption-attachment-7771\" style=\"width: 680px\" class=\"wp-caption alignnone\"><img loading=\"lazy\" decoding=\"async\" class=\"size-medium wp-image-7771\" src=\"https:\/\/www.organisator.ch\/wp-content\/uploads\/2021\/03\/Veranstaltungsbranche-Umsatz-mehr-als-halbiert-wegen-Corona-2_Organisator.jpg\" alt=\"\" width=\"680\" height=\"394\" srcset=\"https:\/\/www.organisator.ch\/wp-content\/uploads\/2021\/03\/Veranstaltungsbranche-Umsatz-mehr-als-halbiert-wegen-Corona-2_Organisator.jpg 680w, https:\/\/www.organisator.ch\/wp-content\/uploads\/2021\/03\/Veranstaltungsbranche-Umsatz-mehr-als-halbiert-wegen-Corona-2_Organisator-16x9.jpg 16w, https:\/\/www.organisator.ch\/wp-content\/uploads\/2021\/03\/Veranstaltungsbranche-Umsatz-mehr-als-halbiert-wegen-Corona-2_Organisator-302x175.jpg 302w, https:\/\/www.organisator.ch\/wp-content\/uploads\/2021\/03\/Veranstaltungsbranche-Umsatz-mehr-als-halbiert-wegen-Corona-2_Organisator-604x350.jpg 604w, https:\/\/www.organisator.ch\/wp-content\/uploads\/2021\/03\/Veranstaltungsbranche-Umsatz-mehr-als-halbiert-wegen-Corona-2_Organisator-300x174.jpg 300w\" sizes=\"auto, (max-width: 680px) 100vw, 680px\" \/><figcaption id=\"caption-attachment-7771\" class=\"wp-caption-text\">R\u00e9ponses des participants \u00e0 l'enqu\u00eate \u00e0 la question : Comment jugez-vous la marche des affaires de votre entreprise en moyenne pour les ann\u00e9es 2019 et 2020 ? Et quel est votre pronostic pour l'ann\u00e9e 2021 ? 0 = mauvais \/ 10 = tr\u00e8s bon (graphique : Expo Event)<\/figcaption><\/figure>\n<h2>D'autres annulations menacent<\/h2>\n<p>Tous les r\u00e9sultats de l'enqu\u00eate montreraient \u00e0 quel point la survie de la plupart des entreprises du secteur de l'\u00e9v\u00e9nementiel d\u00e9pend de l'inscription dans la loi Covid 19 d'un dispositif de protection contre les annulations dues \u00e0 la maladie de Corona, comme l'indique le communiqu\u00e9 de presse des associations participantes. Car m\u00eame avec la fin de la pand\u00e9mie, la fin de l'\u00e9tat d'urgence est loin d'\u00eatre en vue pour de nombreuses entreprises. Plus de 70% des participants \u00e0 l'enqu\u00eate ont par exemple demand\u00e9 un cr\u00e9dit Covid-19, dont le remboursement prendra encore des ann\u00e9es. De plus, les donneurs d'ordre potentiels ne peuvent et ne veulent pas non plus donner de garantie sur les activit\u00e9s futures, ce qui prolongera certainement l'incertitude de planification qui r\u00e8gne depuis un an jusqu'en 2022.<\/p>\n<h2>Un \u00e9cran de protection est demand\u00e9<\/h2>\n<p>Compte tenu de la situation \u00e9pid\u00e9miologique actuelle et de l'actuel plan de vaccination suisse, les associations sectorielles estiment que de nombreuses annulations auront encore lieu en 2021 et 2022. Des milliers d'emplois restent donc en jeu si un bouclier n'est pas mis en place pour y rem\u00e9dier.<\/p>\n<p><em>Source : <a href=\"http:\/\/www.expo-event.ch\">\u00c9v\u00e9nement Expo<\/a><\/em><\/p>","protected":false},"excerpt":{"rendered":"<p>Der Branchenverband Swiss LiveCom Association Expo Event hat in Zusammenarbeit mit den Partnerverb\u00e4nden svtb und Tectum unter seinen Mitgliedern eine Umfrage durchgef\u00fchrt. Damit wollten die Verb\u00e4nde sich selbst und den Beh\u00f6rden einen repr\u00e4sentativen \u00dcberblick der Lage verschaffen. Dabei haben die Gesch\u00e4ftsinhaberinnen\/-inhaber und leitende Angestellte von 153 Unternehmen verbindliche Ausk\u00fcnfte gegeben, und zwar zu Umsatzzahlen, zur [&hellip;]<\/p>\n","protected":false},"author":4,"featured_media":7770,"comment_status":"closed","ping_status":"closed","sticky":false,"template":"","format":"standard","meta":{"_acf_changed":false,"_yoast_wpseo_focuskw":"Veranstaltungsbranche","_yoast_wpseo_metadesc":"Ein Jahr, nachdem Covid-19 auch in der Schweiz das Leben auf den Kopf gestellt hat, steht die hiesige Event- und Veranstaltungsbranche am Abgrund.","articlekey":"","footnotes":""},"categories":[1],"tags":[90,132,502,503],"class_list":["post-7769","post","type-post","status-publish","format-standard","has-post-thumbnail","hentry","category-allgemein","tag-branchen","tag-coronavirus","tag-veranstaltungen","tag-verbaende"],"acf":[],"yoast_head":"<!-- This site is optimized with the Yoast SEO plugin v27.4 - https:\/\/yoast.com\/product\/yoast-seo-wordpress\/ -->\n<title>Veranstaltungsbranche: Umsatz mehr als halbiert wegen Corona - Organisator<\/title>\n<meta name=\"description\" content=\"Ein Jahr, nachdem Covid-19 auch in der Schweiz das Leben auf den Kopf gestellt hat, steht die hiesige Event- und Veranstaltungsbranche am Abgrund.\" \/>\n<meta name=\"robots\" content=\"index, follow, max-snippet:-1, max-image-preview:large, max-video-preview:-1\" \/>\n<link rel=\"canonical\" href=\"https:\/\/www.organisator.ch\/fr\/general\/2021-03-08\/veranstaltungsbranche-umsatz-mehr-als-halbiert-wegen-corona\/\" \/>\n<meta property=\"og:locale\" content=\"fr_FR\" \/>\n<meta property=\"og:type\" content=\"article\" \/>\n<meta property=\"og:title\" content=\"Veranstaltungsbranche: Umsatz mehr als halbiert wegen Corona\" \/>\n<meta property=\"og:description\" content=\"Ein Jahr, nachdem Covid-19 auch in der Schweiz das Leben auf den Kopf gestellt hat, steht die hiesige Event- und Veranstaltungsbranche am Abgrund.\" \/>\n<meta property=\"og:url\" content=\"https:\/\/www.organisator.ch\/fr\/general\/2021-03-08\/veranstaltungsbranche-umsatz-mehr-als-halbiert-wegen-corona\/\" \/>\n<meta property=\"og:site_name\" content=\"Organisator\" \/>\n<meta property=\"article:publisher\" content=\"https:\/\/www.facebook.com\/OrganisatorFachmagazin\" \/>\n<meta property=\"article:published_time\" content=\"2021-03-08T10:37:18+00:00\" \/>\n<meta property=\"og:image\" content=\"https:\/\/www.organisator.ch\/wp-content\/uploads\/2021\/03\/Veranstaltungsbranche-Umsatz-mehr-als-halbiert-wegen-Corona-1_Organisator.jpg\" \/>\n\t<meta property=\"og:image:width\" content=\"680\" \/>\n\t<meta property=\"og:image:height\" content=\"429\" \/>\n\t<meta property=\"og:image:type\" content=\"image\/jpeg\" \/>\n<meta name=\"author\" content=\"thomas.berner\" \/>\n<meta name=\"twitter:card\" content=\"summary_large_image\" \/>\n<meta name=\"twitter:title\" content=\"#Veranstaltungsbranche: Umsatz mehr als halbiert wegen Corona\" \/>\n<meta name=\"twitter:description\" content=\"Ein Jahr, nachdem #Covid-19 auch in der Schweiz das Leben auf den Kopf gestellt hat, steht die hiesige #Event- und #Veranstaltungsbranche am Abgrund.\" \/>\n<meta name=\"twitter:image\" content=\"https:\/\/www.organisator.ch\/wp-content\/uploads\/2021\/03\/Veranstaltungsbranche-Umsatz-mehr-als-halbiert-wegen-Corona-1_Organisator.jpg\" \/>\n<script type=\"application\/ld+json\" class=\"yoast-schema-graph\">{\"@context\":\"https:\\\/\\\/schema.org\",\"@graph\":[{\"@type\":\"Article\",\"@id\":\"https:\\\/\\\/www.organisator.ch\\\/en\\\/general\\\/2021-03-08\\\/veranstaltungsbranche-umsatz-mehr-als-halbiert-wegen-corona\\\/#article\",\"isPartOf\":{\"@id\":\"https:\\\/\\\/www.organisator.ch\\\/en\\\/general\\\/2021-03-08\\\/veranstaltungsbranche-umsatz-mehr-als-halbiert-wegen-corona\\\/\"},\"author\":{\"name\":\"thomas.berner\",\"@id\":\"https:\\\/\\\/www.organisator.ch\\\/#\\\/schema\\\/person\\\/6f650f90b2842cd4c0cc334b4e36f67e\"},\"headline\":\"Veranstaltungsbranche: Umsatz mehr als halbiert wegen Corona\",\"datePublished\":\"2021-03-08T10:37:18+00:00\",\"mainEntityOfPage\":{\"@id\":\"https:\\\/\\\/www.organisator.ch\\\/en\\\/general\\\/2021-03-08\\\/veranstaltungsbranche-umsatz-mehr-als-halbiert-wegen-corona\\\/\"},\"wordCount\":392,\"publisher\":{\"@id\":\"https:\\\/\\\/www.organisator.ch\\\/#organization\"},\"image\":{\"@id\":\"https:\\\/\\\/www.organisator.ch\\\/en\\\/general\\\/2021-03-08\\\/veranstaltungsbranche-umsatz-mehr-als-halbiert-wegen-corona\\\/#primaryimage\"},\"thumbnailUrl\":\"https:\\\/\\\/www.organisator.ch\\\/wp-content\\\/uploads\\\/2021\\\/03\\\/Veranstaltungsbranche-Umsatz-mehr-als-halbiert-wegen-Corona-1_Organisator.jpg\",\"keywords\":[\"Branchen\",\"Coronavirus\",\"Veranstaltungen\",\"Verb\u00e4nde\"],\"articleSection\":[\"Allgemein\"],\"inLanguage\":\"fr-FR\"},{\"@type\":\"WebPage\",\"@id\":\"https:\\\/\\\/www.organisator.ch\\\/en\\\/general\\\/2021-03-08\\\/veranstaltungsbranche-umsatz-mehr-als-halbiert-wegen-corona\\\/\",\"url\":\"https:\\\/\\\/www.organisator.ch\\\/en\\\/general\\\/2021-03-08\\\/veranstaltungsbranche-umsatz-mehr-als-halbiert-wegen-corona\\\/\",\"name\":\"Veranstaltungsbranche: Umsatz mehr als halbiert wegen Corona - Organisator\",\"isPartOf\":{\"@id\":\"https:\\\/\\\/www.organisator.ch\\\/#website\"},\"primaryImageOfPage\":{\"@id\":\"https:\\\/\\\/www.organisator.ch\\\/en\\\/general\\\/2021-03-08\\\/veranstaltungsbranche-umsatz-mehr-als-halbiert-wegen-corona\\\/#primaryimage\"},\"image\":{\"@id\":\"https:\\\/\\\/www.organisator.ch\\\/en\\\/general\\\/2021-03-08\\\/veranstaltungsbranche-umsatz-mehr-als-halbiert-wegen-corona\\\/#primaryimage\"},\"thumbnailUrl\":\"https:\\\/\\\/www.organisator.ch\\\/wp-content\\\/uploads\\\/2021\\\/03\\\/Veranstaltungsbranche-Umsatz-mehr-als-halbiert-wegen-Corona-1_Organisator.jpg\",\"datePublished\":\"2021-03-08T10:37:18+00:00\",\"description\":\"Ein Jahr, nachdem Covid-19 auch in der Schweiz das Leben auf den Kopf gestellt hat, steht die hiesige Event- und Veranstaltungsbranche am Abgrund.\",\"breadcrumb\":{\"@id\":\"https:\\\/\\\/www.organisator.ch\\\/en\\\/general\\\/2021-03-08\\\/veranstaltungsbranche-umsatz-mehr-als-halbiert-wegen-corona\\\/#breadcrumb\"},\"inLanguage\":\"fr-FR\",\"potentialAction\":[{\"@type\":\"ReadAction\",\"target\":[\"https:\\\/\\\/www.organisator.ch\\\/en\\\/general\\\/2021-03-08\\\/veranstaltungsbranche-umsatz-mehr-als-halbiert-wegen-corona\\\/\"]}]},{\"@type\":\"ImageObject\",\"inLanguage\":\"fr-FR\",\"@id\":\"https:\\\/\\\/www.organisator.ch\\\/en\\\/general\\\/2021-03-08\\\/veranstaltungsbranche-umsatz-mehr-als-halbiert-wegen-corona\\\/#primaryimage\",\"url\":\"https:\\\/\\\/www.organisator.ch\\\/wp-content\\\/uploads\\\/2021\\\/03\\\/Veranstaltungsbranche-Umsatz-mehr-als-halbiert-wegen-Corona-1_Organisator.jpg\",\"contentUrl\":\"https:\\\/\\\/www.organisator.ch\\\/wp-content\\\/uploads\\\/2021\\\/03\\\/Veranstaltungsbranche-Umsatz-mehr-als-halbiert-wegen-Corona-1_Organisator.jpg\",\"width\":680,\"height\":429,\"caption\":\"Leere Sitze allenthalben: Wegen Covid-19 wurde das Jahr 2020 f\u00fcr die Veranstaltungsbranche zu einem \\\"annus horibilis\\\". (Bild: Expo Event)\"},{\"@type\":\"BreadcrumbList\",\"@id\":\"https:\\\/\\\/www.organisator.ch\\\/en\\\/general\\\/2021-03-08\\\/veranstaltungsbranche-umsatz-mehr-als-halbiert-wegen-corona\\\/#breadcrumb\",\"itemListElement\":[{\"@type\":\"ListItem\",\"position\":1,\"name\":\"Home\",\"item\":\"https:\\\/\\\/www.organisator.ch\\\/\"},{\"@type\":\"ListItem\",\"position\":2,\"name\":\"Veranstaltungsbranche: Umsatz mehr als halbiert wegen Corona\"}]},{\"@type\":\"WebSite\",\"@id\":\"https:\\\/\\\/www.organisator.ch\\\/#website\",\"url\":\"https:\\\/\\\/www.organisator.ch\\\/\",\"name\":\"Organisator\",\"description\":\"Kompetent. Praxisnah. Der ORGANISATOR bereitet in 10 Ausgaben pro Jahr die wesentlichen Themen f\u00fcr F\u00fchrungskr\u00e4fte von KMU auf.\",\"publisher\":{\"@id\":\"https:\\\/\\\/www.organisator.ch\\\/#organization\"},\"potentialAction\":[{\"@type\":\"SearchAction\",\"target\":{\"@type\":\"EntryPoint\",\"urlTemplate\":\"https:\\\/\\\/www.organisator.ch\\\/?s={search_term_string}\"},\"query-input\":{\"@type\":\"PropertyValueSpecification\",\"valueRequired\":true,\"valueName\":\"search_term_string\"}}],\"inLanguage\":\"fr-FR\"},{\"@type\":\"Organization\",\"@id\":\"https:\\\/\\\/www.organisator.ch\\\/#organization\",\"name\":\"Organisator\",\"url\":\"https:\\\/\\\/www.organisator.ch\\\/\",\"logo\":{\"@type\":\"ImageObject\",\"inLanguage\":\"fr-FR\",\"@id\":\"https:\\\/\\\/www.organisator.ch\\\/#\\\/schema\\\/logo\\\/image\\\/\",\"url\":\"https:\\\/\\\/www.organisator.ch\\\/wp-content\\\/uploads\\\/2022\\\/01\\\/Logo_Organisator_Website.png\",\"contentUrl\":\"https:\\\/\\\/www.organisator.ch\\\/wp-content\\\/uploads\\\/2022\\\/01\\\/Logo_Organisator_Website.png\",\"width\":800,\"height\":77,\"caption\":\"Organisator\"},\"image\":{\"@id\":\"https:\\\/\\\/www.organisator.ch\\\/#\\\/schema\\\/logo\\\/image\\\/\"},\"sameAs\":[\"https:\\\/\\\/www.facebook.com\\\/OrganisatorFachmagazin\",\"https:\\\/\\\/www.linkedin.com\\\/showcase\\\/organisator-das-magazin-fr-kmu\",\"https:\\\/\\\/www.xing.com\\\/news\\\/pages\\\/organisator-ch-695\",\"https:\\\/\\\/www.youtube.com\\\/channel\\\/UCGP2Sq0iWaZwT3BdIAQFYpw\"]},{\"@type\":\"Person\",\"@id\":\"https:\\\/\\\/www.organisator.ch\\\/#\\\/schema\\\/person\\\/6f650f90b2842cd4c0cc334b4e36f67e\",\"name\":\"thomas.berner\",\"image\":{\"@type\":\"ImageObject\",\"inLanguage\":\"fr-FR\",\"@id\":\"https:\\\/\\\/secure.gravatar.com\\\/avatar\\\/ac5001d2a36cb6c6cd3e50789007ffca834b477b74a2144564522e944eabff61?s=96&d=mm&r=g\",\"url\":\"https:\\\/\\\/secure.gravatar.com\\\/avatar\\\/ac5001d2a36cb6c6cd3e50789007ffca834b477b74a2144564522e944eabff61?s=96&d=mm&r=g\",\"contentUrl\":\"https:\\\/\\\/secure.gravatar.com\\\/avatar\\\/ac5001d2a36cb6c6cd3e50789007ffca834b477b74a2144564522e944eabff61?s=96&d=mm&r=g\",\"caption\":\"thomas.berner\"},\"url\":\"https:\\\/\\\/www.organisator.ch\\\/fr\\\/author\\\/thomas-berner\\\/\"}]}<\/script>\n<!-- \/ Yoast SEO plugin. -->","yoast_head_json":{"title":"\u00c9v\u00e9nementiel : chiffre d'affaires r\u00e9duit de plus de moiti\u00e9 \u00e0 cause de Corona - Organisateur","description":"Un an apr\u00e8s que Covid-19 a \u00e9galement boulevers\u00e9 la vie en Suisse, le secteur de l'\u00e9v\u00e9nementiel et des manifestations de notre pays est au bord du gouffre.","robots":{"index":"index","follow":"follow","max-snippet":"max-snippet:-1","max-image-preview":"max-image-preview:large","max-video-preview":"max-video-preview:-1"},"canonical":"https:\/\/www.organisator.ch\/fr\/general\/2021-03-08\/veranstaltungsbranche-umsatz-mehr-als-halbiert-wegen-corona\/","og_locale":"fr_FR","og_type":"article","og_title":"Veranstaltungsbranche: Umsatz mehr als halbiert wegen Corona","og_description":"Ein Jahr, nachdem Covid-19 auch in der Schweiz das Leben auf den Kopf gestellt hat, steht die hiesige Event- und Veranstaltungsbranche am Abgrund.","og_url":"https:\/\/www.organisator.ch\/fr\/general\/2021-03-08\/veranstaltungsbranche-umsatz-mehr-als-halbiert-wegen-corona\/","og_site_name":"Organisator","article_publisher":"https:\/\/www.facebook.com\/OrganisatorFachmagazin","article_published_time":"2021-03-08T10:37:18+00:00","og_image":[{"width":680,"height":429,"url":"https:\/\/www.organisator.ch\/wp-content\/uploads\/2021\/03\/Veranstaltungsbranche-Umsatz-mehr-als-halbiert-wegen-Corona-1_Organisator.jpg","type":"image\/jpeg"}],"author":"thomas.berner","twitter_card":"summary_large_image","twitter_title":"#Veranstaltungsbranche: Umsatz mehr als halbiert wegen Corona","twitter_description":"Ein Jahr, nachdem #Covid-19 auch in der Schweiz das Leben auf den Kopf gestellt hat, steht die hiesige #Event- und #Veranstaltungsbranche am Abgrund.","twitter_image":"https:\/\/www.organisator.ch\/wp-content\/uploads\/2021\/03\/Veranstaltungsbranche-Umsatz-mehr-als-halbiert-wegen-Corona-1_Organisator.jpg","schema":{"@context":"https:\/\/schema.org","@graph":[{"@type":"Article","@id":"https:\/\/www.organisator.ch\/en\/general\/2021-03-08\/veranstaltungsbranche-umsatz-mehr-als-halbiert-wegen-corona\/#article","isPartOf":{"@id":"https:\/\/www.organisator.ch\/en\/general\/2021-03-08\/veranstaltungsbranche-umsatz-mehr-als-halbiert-wegen-corona\/"},"author":{"name":"thomas.berner","@id":"https:\/\/www.organisator.ch\/#\/schema\/person\/6f650f90b2842cd4c0cc334b4e36f67e"},"headline":"Veranstaltungsbranche: Umsatz mehr als halbiert wegen Corona","datePublished":"2021-03-08T10:37:18+00:00","mainEntityOfPage":{"@id":"https:\/\/www.organisator.ch\/en\/general\/2021-03-08\/veranstaltungsbranche-umsatz-mehr-als-halbiert-wegen-corona\/"},"wordCount":392,"publisher":{"@id":"https:\/\/www.organisator.ch\/#organization"},"image":{"@id":"https:\/\/www.organisator.ch\/en\/general\/2021-03-08\/veranstaltungsbranche-umsatz-mehr-als-halbiert-wegen-corona\/#primaryimage"},"thumbnailUrl":"https:\/\/www.organisator.ch\/wp-content\/uploads\/2021\/03\/Veranstaltungsbranche-Umsatz-mehr-als-halbiert-wegen-Corona-1_Organisator.jpg","keywords":["Branchen","Coronavirus","Veranstaltungen","Verb\u00e4nde"],"articleSection":["Allgemein"],"inLanguage":"fr-FR"},{"@type":"WebPage","@id":"https:\/\/www.organisator.ch\/en\/general\/2021-03-08\/veranstaltungsbranche-umsatz-mehr-als-halbiert-wegen-corona\/","url":"https:\/\/www.organisator.ch\/en\/general\/2021-03-08\/veranstaltungsbranche-umsatz-mehr-als-halbiert-wegen-corona\/","name":"\u00c9v\u00e9nementiel : chiffre d'affaires r\u00e9duit de plus de moiti\u00e9 \u00e0 cause de Corona - Organisateur","isPartOf":{"@id":"https:\/\/www.organisator.ch\/#website"},"primaryImageOfPage":{"@id":"https:\/\/www.organisator.ch\/en\/general\/2021-03-08\/veranstaltungsbranche-umsatz-mehr-als-halbiert-wegen-corona\/#primaryimage"},"image":{"@id":"https:\/\/www.organisator.ch\/en\/general\/2021-03-08\/veranstaltungsbranche-umsatz-mehr-als-halbiert-wegen-corona\/#primaryimage"},"thumbnailUrl":"https:\/\/www.organisator.ch\/wp-content\/uploads\/2021\/03\/Veranstaltungsbranche-Umsatz-mehr-als-halbiert-wegen-Corona-1_Organisator.jpg","datePublished":"2021-03-08T10:37:18+00:00","description":"Un an apr\u00e8s que Covid-19 a \u00e9galement boulevers\u00e9 la vie en Suisse, le secteur de l'\u00e9v\u00e9nementiel et des manifestations de notre pays est au bord du gouffre.","breadcrumb":{"@id":"https:\/\/www.organisator.ch\/en\/general\/2021-03-08\/veranstaltungsbranche-umsatz-mehr-als-halbiert-wegen-corona\/#breadcrumb"},"inLanguage":"fr-FR","potentialAction":[{"@type":"ReadAction","target":["https:\/\/www.organisator.ch\/en\/general\/2021-03-08\/veranstaltungsbranche-umsatz-mehr-als-halbiert-wegen-corona\/"]}]},{"@type":"ImageObject","inLanguage":"fr-FR","@id":"https:\/\/www.organisator.ch\/en\/general\/2021-03-08\/veranstaltungsbranche-umsatz-mehr-als-halbiert-wegen-corona\/#primaryimage","url":"https:\/\/www.organisator.ch\/wp-content\/uploads\/2021\/03\/Veranstaltungsbranche-Umsatz-mehr-als-halbiert-wegen-Corona-1_Organisator.jpg","contentUrl":"https:\/\/www.organisator.ch\/wp-content\/uploads\/2021\/03\/Veranstaltungsbranche-Umsatz-mehr-als-halbiert-wegen-Corona-1_Organisator.jpg","width":680,"height":429,"caption":"Leere Sitze allenthalben: Wegen Covid-19 wurde das Jahr 2020 f\u00fcr die Veranstaltungsbranche zu einem \"annus horibilis\". (Bild: Expo Event)"},{"@type":"BreadcrumbList","@id":"https:\/\/www.organisator.ch\/en\/general\/2021-03-08\/veranstaltungsbranche-umsatz-mehr-als-halbiert-wegen-corona\/#breadcrumb","itemListElement":[{"@type":"ListItem","position":1,"name":"Home","item":"https:\/\/www.organisator.ch\/"},{"@type":"ListItem","position":2,"name":"Veranstaltungsbranche: Umsatz mehr als halbiert wegen Corona"}]},{"@type":"WebSite","@id":"https:\/\/www.organisator.ch\/#website","url":"https:\/\/www.organisator.ch\/","name":"Organisateur","description":"Comp\u00e9tence et comp\u00e9tence. Proches de la pratique. L'ORGANISATEUR pr\u00e9pare 10 num\u00e9ros par an sur les th\u00e8mes essentiels pour les dirigeants de PME.","publisher":{"@id":"https:\/\/www.organisator.ch\/#organization"},"potentialAction":[{"@type":"SearchAction","target":{"@type":"EntryPoint","urlTemplate":"https:\/\/www.organisator.ch\/?s={search_term_string}"},"query-input":{"@type":"PropertyValueSpecification","valueRequired":true,"valueName":"search_term_string"}}],"inLanguage":"fr-FR"},{"@type":"Organization","@id":"https:\/\/www.organisator.ch\/#organization","name":"Organisateur","url":"https:\/\/www.organisator.ch\/","logo":{"@type":"ImageObject","inLanguage":"fr-FR","@id":"https:\/\/www.organisator.ch\/#\/schema\/logo\/image\/","url":"https:\/\/www.organisator.ch\/wp-content\/uploads\/2022\/01\/Logo_Organisator_Website.png","contentUrl":"https:\/\/www.organisator.ch\/wp-content\/uploads\/2022\/01\/Logo_Organisator_Website.png","width":800,"height":77,"caption":"Organisator"},"image":{"@id":"https:\/\/www.organisator.ch\/#\/schema\/logo\/image\/"},"sameAs":["https:\/\/www.facebook.com\/OrganisatorFachmagazin","https:\/\/www.linkedin.com\/showcase\/organisator-das-magazin-fr-kmu","https:\/\/www.xing.com\/news\/pages\/organisator-ch-695","https:\/\/www.youtube.com\/channel\/UCGP2Sq0iWaZwT3BdIAQFYpw"]},{"@type":"Person","@id":"https:\/\/www.organisator.ch\/#\/schema\/person\/6f650f90b2842cd4c0cc334b4e36f67e","name":"thomas.berner","image":{"@type":"ImageObject","inLanguage":"fr-FR","@id":"https:\/\/secure.gravatar.com\/avatar\/ac5001d2a36cb6c6cd3e50789007ffca834b477b74a2144564522e944eabff61?s=96&d=mm&r=g","url":"https:\/\/secure.gravatar.com\/avatar\/ac5001d2a36cb6c6cd3e50789007ffca834b477b74a2144564522e944eabff61?s=96&d=mm&r=g","contentUrl":"https:\/\/secure.gravatar.com\/avatar\/ac5001d2a36cb6c6cd3e50789007ffca834b477b74a2144564522e944eabff61?s=96&d=mm&r=g","caption":"thomas.berner"},"url":"https:\/\/www.organisator.ch\/fr\/author\/thomas-berner\/"}]}},"_links":{"self":[{"href":"https:\/\/www.organisator.ch\/fr\/wp-json\/wp\/v2\/posts\/7769","targetHints":{"allow":["GET"]}}],"collection":[{"href":"https:\/\/www.organisator.ch\/fr\/wp-json\/wp\/v2\/posts"}],"about":[{"href":"https:\/\/www.organisator.ch\/fr\/wp-json\/wp\/v2\/types\/post"}],"author":[{"embeddable":true,"href":"https:\/\/www.organisator.ch\/fr\/wp-json\/wp\/v2\/users\/4"}],"replies":[{"embeddable":true,"href":"https:\/\/www.organisator.ch\/fr\/wp-json\/wp\/v2\/comments?post=7769"}],"version-history":[{"count":0,"href":"https:\/\/www.organisator.ch\/fr\/wp-json\/wp\/v2\/posts\/7769\/revisions"}],"wp:featuredmedia":[{"embeddable":true,"href":"https:\/\/www.organisator.ch\/fr\/wp-json\/wp\/v2\/media\/7770"}],"wp:attachment":[{"href":"https:\/\/www.organisator.ch\/fr\/wp-json\/wp\/v2\/media?parent=7769"}],"wp:term":[{"taxonomy":"category","embeddable":true,"href":"https:\/\/www.organisator.ch\/fr\/wp-json\/wp\/v2\/categories?post=7769"},{"taxonomy":"post_tag","embeddable":true,"href":"https:\/\/www.organisator.ch\/fr\/wp-json\/wp\/v2\/tags?post=7769"}],"curies":[{"name":"wp","href":"https:\/\/api.w.org\/{rel}","templated":true}]}}