{"id":7791,"date":"2021-03-11T11:16:06","date_gmt":"2021-03-11T10:16:06","guid":{"rendered":"https:\/\/www.organisator.ch\/?p=7791"},"modified":"2021-03-11T11:16:06","modified_gmt":"2021-03-11T10:16:06","slug":"franken-abwertung-ende-des-sicheren-hafens","status":"publish","type":"post","link":"https:\/\/www.organisator.ch\/fr\/management\/finanzen_recht\/2021-03-11\/franken-abwertung-ende-des-sicheren-hafens\/","title":{"rendered":"D\u00e9valuation du franc : fin du \"havre de paix\" ?"},"content":{"rendered":"<figure id=\"attachment_7792\" aria-describedby=\"caption-attachment-7792\" style=\"width: 680px\" class=\"wp-caption alignnone\"><img loading=\"lazy\" decoding=\"async\" class=\"size-medium wp-image-7792\" src=\"https:\/\/www.organisator.ch\/wp-content\/uploads\/2021\/03\/Franken-Abwertung-Ende-des-sicheren-Hafens_Organisator.jpg\" alt=\"\" width=\"680\" height=\"427\" srcset=\"https:\/\/www.organisator.ch\/wp-content\/uploads\/2021\/03\/Franken-Abwertung-Ende-des-sicheren-Hafens_Organisator.jpg 680w, https:\/\/www.organisator.ch\/wp-content\/uploads\/2021\/03\/Franken-Abwertung-Ende-des-sicheren-Hafens_Organisator-16x10.jpg 16w, https:\/\/www.organisator.ch\/wp-content\/uploads\/2021\/03\/Franken-Abwertung-Ende-des-sicheren-Hafens_Organisator-279x175.jpg 279w, https:\/\/www.organisator.ch\/wp-content\/uploads\/2021\/03\/Franken-Abwertung-Ende-des-sicheren-Hafens_Organisator-557x350.jpg 557w, https:\/\/www.organisator.ch\/wp-content\/uploads\/2021\/03\/Franken-Abwertung-Ende-des-sicheren-Hafens_Organisator-300x188.jpg 300w\" sizes=\"auto, (max-width: 680px) 100vw, 680px\" \/><figcaption id=\"caption-attachment-7792\" class=\"wp-caption-text\">La d\u00e9valuation du franc peut avoir des effets positifs. Les entreprises peuvent profiter des fluctuations mon\u00e9taires. (Image : pixabay.com)<\/figcaption><\/figure>\n<p>Les changements d'humeur des march\u00e9s mondiaux continueront d'influencer les taux de change en 2021. Les entreprises actives \u00e0 l'\u00e9tranger, en particulier, ne devraient pas n\u00e9gliger les fluctuations mon\u00e9taires, car les co\u00fbts grimpent rapidement en cas de couverture insuffisante. L'entreprise de fintech Ebury, dont le si\u00e8ge est \u00e0 Zurich, aide ses clients \u00e0 se prot\u00e9ger de mani\u00e8re optimale contre les pertes de change et occupe \u00e0 nouveau la premi\u00e8re place du classement Bloomberg des meilleurs pr\u00e9visionnistes pour le taux de change euro\/dollar am\u00e9ricain au quatri\u00e8me trimestre 2020 gr\u00e2ce \u00e0 ses pr\u00e9visions de cours exactes.<\/p>\n<h2>D\u00e9valuation du franc et autres perspectives<\/h2>\n<p>Depuis quelque temps, on observe une d\u00e9pr\u00e9ciation du franc. Ceci apr\u00e8s que le franc suisse ait \u00e9t\u00e9 \u00e0 la hauteur de sa r\u00e9putation de \"valeur refuge\" lors de l'\u00e9tat d'urgence de l'ann\u00e9e derni\u00e8re autour de COVID-19. Fabio Comminot, Head of Dealing chez Ebury, nous r\u00e9v\u00e8le comment le franc suisse va \u00e9voluer cette ann\u00e9e et quelle sera la position de la Banque nationale suisse (BNS).<\/p>\n<p><em>La stabilit\u00e9 \u00e9conomique et politique de la Suisse fait du franc suisse un placement tr\u00e8s pris\u00e9 au niveau international. Cela se manifeste-t-il \u00e9galement dans la situation incertaine actuelle due \u00e0 la pand\u00e9mie de Corona ?<br \/>\n<\/em>Fabio Comminot : Les devises consid\u00e9r\u00e9es comme des valeurs refuges en temps de crise sont celles qui ont le plus profit\u00e9 de l'incertitude ambiante apr\u00e8s l'apparition du coronavirus au premier trimestre 2020. En particulier au d\u00e9but de la crise, le franc suisse a fortement augment\u00e9 et s'est appr\u00e9ci\u00e9 par rapport \u00e0 l'euro et au dollar am\u00e9ricain. Et ce, malgr\u00e9 une forte intervention de la Banque nationale suisse (BNS) pour freiner l'appr\u00e9ciation du franc suisse. Lorsque la situation politique s'est quelque peu normalis\u00e9e apr\u00e8s le premier lockdown en mars, la paire de devises EUR\/CHF se trouvait \u00e0 son plus bas niveau en mai. En effet, plus l'incertitude est faible, moins les investisseurs du monde entier cherchent \u00e0 se prot\u00e9ger dans la monnaie suisse.<\/p>\n<p><em>La tendance \u00e0 la baisse du franc suisse s'est encore acc\u00e9l\u00e9r\u00e9e en novembre 2020, et ce malgr\u00e9 des taux d'infection toujours \u00e9lev\u00e9s. Pourquoi la situation \u00e9conomique incertaine persistante n'a-t-elle pas conduit ici \u00e0 une nouvelle appr\u00e9ciation du franc ?<br \/>\n<\/em>Fabio Comminot : Les conditions \u00e9conomiques r\u00e9elles sont toujours importantes pour l'\u00e9volution des taux de change. Toutefois, ce n'est pas tant l'\u00e9tat r\u00e9el d'une \u00e9conomie nationale qui est d\u00e9terminant que les attentes des acteurs du march\u00e9. Ainsi, apr\u00e8s le r\u00e9sultat des \u00e9lections am\u00e9ricaines et les nouvelles concernant les progr\u00e8s r\u00e9alis\u00e9s dans le d\u00e9veloppement de plusieurs vaccins, le franc suisse a visiblement perdu de son attrait, car de nombreux investisseurs ont fait preuve d'un optimisme prudent et ont donc \u00e9t\u00e9 plus enclins \u00e0 prendre des risques.<\/p>\n<p><em>Incertitude et espoir ont \u00e9galement marqu\u00e9 notre d\u00e9but d'ann\u00e9e 2021. Comment le franc suisse va-t-il \u00e9voluer cette ann\u00e9e ?<br \/>\n<\/em>Fabio Comminot : Comme le gouvernement suisse a \u00e9t\u00e9 plut\u00f4t indulgent en comparaison internationale en ce qui concerne les mesures d'endiguement des pand\u00e9mies, nous nous attendons \u00e0 ce que l'\u00e9conomie suisse profite moins que d'autres pays de l'assouplissement des mesures Corona en 2021. Le franc suisse continuera donc \u00e0 se d\u00e9pr\u00e9cier progressivement par rapport \u00e0 l'euro. Le retour \u00e0 un niveau plus \"normal\" de l'activit\u00e9 \u00e9conomique mondiale devrait encore r\u00e9duire l'attrait des \"placements s\u00fbrs\".<\/p>\n<p><em>Comme nous l'avons mentionn\u00e9 pr\u00e9c\u00e9demment, la Banque nationale suisse (BNS) est fortement intervenue lors des phases pr\u00e9c\u00e9dentes de la crise de Corona pour tenter d'affaiblir le franc. Quelle sera la strat\u00e9gie de la BNS en 2021 ?<br \/>\n<\/em>Fabio Comminot : Rien qu'au cours du premier semestre de l'ann\u00e9e derni\u00e8re, on estime que la BNS a d\u00e9pens\u00e9 90 milliards de francs pour affaiblir la monnaie nationale. En effet, la forte d\u00e9pendance de la Suisse vis-\u00e0-vis des exportations signifie qu'une monnaie forte constitue un probl\u00e8me pour la Banque nationale. Ainsi, emp\u00eacher une forte appr\u00e9ciation du franc reste le principal instrument politique de la BNS. Chez Ebury, nous sommes donc d'avis que la BNS continuera d'intervenir sur le march\u00e9 des devises et d'emp\u00eacher une appr\u00e9ciation notable du franc. En outre, la vision optimiste des vaccinations et de l'\u00e9conomie mondiale fait que les interventions seront, selon nous, de moins en moins n\u00e9cessaires, car les investisseurs privil\u00e9gieront plut\u00f4t les devises \u00e0 haut risque. Nous nous attendons \u00e0 ce que le franc continue de se d\u00e9pr\u00e9cier par rapport \u00e0 l'euro jusqu'\u00e0 fin 2021.<\/p>\n<h2>Soutien d'experts<\/h2>\n<p>Pour les entreprises suisses, il peut \u00eatre difficile d'\u00e9tablir un budget \u00e0 l'avance pour l'ann\u00e9e \u00e0 venir si les taux de change changent entre le moment o\u00f9 elles \u00e9mettent ou re\u00e7oivent une facture et sa date d'\u00e9ch\u00e9ance. Les experts en solutions de risque, comme ceux d'Ebury, peuvent aider les entreprises \u00e0 \u00e9laborer un plan de gestion des risques adapt\u00e9 aux objectifs commerciaux de chaque client, de sorte que les fluctuations futures des devises ne les affectent pas. De mani\u00e8re g\u00e9n\u00e9rale, la d\u00e9pr\u00e9ciation du franc suisse aide l'\u00e9conomie d'exportation suisse.<\/p>\n<p><em>Plus d'informations : <a href=\"http:\/\/www.ebury.ch\">Ebury<\/a><\/em><\/p>","protected":false},"excerpt":{"rendered":"<p>Stimmungsumschw\u00fcnge der globalen M\u00e4rkte werden auch 2021 die W\u00e4hrungskurse beeinflussen. Insbesondere Unternehmen, die im Ausland t\u00e4tig sind, sollten W\u00e4hrungsschwankungen nicht ausser Acht lassen, da bei mangelnder Absicherung die Kosten rasch in die H\u00f6he schnellen. Das Fintech-Unternehmen Ebury mit Sitz in Z\u00fcrich unterst\u00fctzt seine Kunden dabei, sich optimal gegen W\u00e4hrungsverluste abzusichern und belegt bei Bloomberg aufgrund [&hellip;]<\/p>\n","protected":false},"author":4,"featured_media":7792,"comment_status":"closed","ping_status":"closed","sticky":false,"template":"","format":"standard","meta":{"_acf_changed":false,"_yoast_wpseo_focuskw":"Franken-Abwertung","_yoast_wpseo_metadesc":"Was bedeutet die Franken-Abwertung f\u00fcr das angelaufene Jahr? Fabio Comminot von Ebury, sagt, welche Zukunft er f\u00fcr den Schweizer Franken sieht.","articlekey":"","footnotes":""},"categories":[24],"tags":[202,203,517,531],"class_list":["post-7791","post","type-post","status-publish","format-standard","has-post-thumbnail","hentry","category-finanzen_recht","tag-finanzenrecht","tag-finanzierung","tag-waehrung","tag-wirtschaftspolitik"],"acf":[],"yoast_head":"<!-- This site is optimized with the Yoast SEO plugin v27.5 - https:\/\/yoast.com\/product\/yoast-seo-wordpress\/ -->\n<title>Franken-Abwertung: Ende des &quot;sicheren Hafens&quot;? - Organisator<\/title>\n<meta name=\"description\" content=\"Was bedeutet die Franken-Abwertung f\u00fcr das angelaufene Jahr? Fabio Comminot von Ebury, sagt, welche Zukunft er f\u00fcr den Schweizer Franken sieht.\" \/>\n<meta name=\"robots\" content=\"index, follow, max-snippet:-1, max-image-preview:large, max-video-preview:-1\" \/>\n<link rel=\"canonical\" href=\"https:\/\/www.organisator.ch\/fr\/gestion-2\/finanzen_recht\/2021-03-11\/franken-abwertung-ende-des-sicheren-hafens\/\" \/>\n<meta property=\"og:locale\" content=\"fr_FR\" \/>\n<meta property=\"og:type\" content=\"article\" \/>\n<meta property=\"og:title\" content=\"Franken-Abwertung: Ende des &quot;sicheren Hafens&quot;?\" \/>\n<meta property=\"og:description\" content=\"Was bedeutet die Franken-Abwertung f\u00fcr das angelaufene Jahr? Fabio Comminot von Ebury, sagt, welche Zukunft er f\u00fcr den Schweizer Franken sieht.\" \/>\n<meta property=\"og:url\" content=\"https:\/\/www.organisator.ch\/fr\/gestion-2\/finanzen_recht\/2021-03-11\/franken-abwertung-ende-des-sicheren-hafens\/\" \/>\n<meta property=\"og:site_name\" content=\"Organisator\" \/>\n<meta property=\"article:publisher\" content=\"https:\/\/www.facebook.com\/OrganisatorFachmagazin\" \/>\n<meta property=\"article:published_time\" content=\"2021-03-11T10:16:06+00:00\" \/>\n<meta property=\"og:image\" content=\"https:\/\/www.organisator.ch\/wp-content\/uploads\/2021\/03\/Franken-Abwertung-Ende-des-sicheren-Hafens_Organisator.jpg\" \/>\n\t<meta property=\"og:image:width\" content=\"680\" \/>\n\t<meta property=\"og:image:height\" content=\"427\" \/>\n\t<meta property=\"og:image:type\" content=\"image\/jpeg\" \/>\n<meta name=\"author\" content=\"thomas.berner\" \/>\n<meta name=\"twitter:card\" content=\"summary_large_image\" \/>\n<meta name=\"twitter:title\" content=\"#Franken-Abwertung: Ende des &quot;sicheren Hafens&quot;?\" \/>\n<meta name=\"twitter:description\" content=\"Was bedeutet die #Franken-Abwertung f\u00fcr das angelaufene Jahr? Fabio Comminot von #Ebury, sagt, welche Zukunft er f\u00fcr den Schweizer Franken sieht.\" \/>\n<meta name=\"twitter:image\" content=\"https:\/\/www.organisator.ch\/wp-content\/uploads\/2021\/03\/Franken-Abwertung-Ende-des-sicheren-Hafens_Organisator.jpg\" \/>\n<script type=\"application\/ld+json\" class=\"yoast-schema-graph\">{\"@context\":\"https:\\\/\\\/schema.org\",\"@graph\":[{\"@type\":\"Article\",\"@id\":\"https:\\\/\\\/www.organisator.ch\\\/management\\\/finanzen_recht\\\/2021-03-11\\\/franken-abwertung-ende-des-sicheren-hafens\\\/#article\",\"isPartOf\":{\"@id\":\"https:\\\/\\\/www.organisator.ch\\\/management\\\/finanzen_recht\\\/2021-03-11\\\/franken-abwertung-ende-des-sicheren-hafens\\\/\"},\"author\":{\"name\":\"thomas.berner\",\"@id\":\"https:\\\/\\\/www.organisator.ch\\\/#\\\/schema\\\/person\\\/6f650f90b2842cd4c0cc334b4e36f67e\"},\"headline\":\"Franken-Abwertung: Ende des &#8222;sicheren Hafens&#8220;?\",\"datePublished\":\"2021-03-11T10:16:06+00:00\",\"mainEntityOfPage\":{\"@id\":\"https:\\\/\\\/www.organisator.ch\\\/management\\\/finanzen_recht\\\/2021-03-11\\\/franken-abwertung-ende-des-sicheren-hafens\\\/\"},\"wordCount\":753,\"publisher\":{\"@id\":\"https:\\\/\\\/www.organisator.ch\\\/#organization\"},\"image\":{\"@id\":\"https:\\\/\\\/www.organisator.ch\\\/management\\\/finanzen_recht\\\/2021-03-11\\\/franken-abwertung-ende-des-sicheren-hafens\\\/#primaryimage\"},\"thumbnailUrl\":\"https:\\\/\\\/www.organisator.ch\\\/wp-content\\\/uploads\\\/2021\\\/03\\\/Franken-Abwertung-Ende-des-sicheren-Hafens_Organisator.jpg\",\"keywords\":[\"Finanzen\\\/Recht\",\"Finanzierung\",\"W\u00e4hrung\",\"Wirtschaftspolitik\"],\"articleSection\":[\"FINANZEN\\\/RECHT\"],\"inLanguage\":\"fr-FR\"},{\"@type\":\"WebPage\",\"@id\":\"https:\\\/\\\/www.organisator.ch\\\/management\\\/finanzen_recht\\\/2021-03-11\\\/franken-abwertung-ende-des-sicheren-hafens\\\/\",\"url\":\"https:\\\/\\\/www.organisator.ch\\\/management\\\/finanzen_recht\\\/2021-03-11\\\/franken-abwertung-ende-des-sicheren-hafens\\\/\",\"name\":\"Franken-Abwertung: Ende des \\\"sicheren Hafens\\\"? - Organisator\",\"isPartOf\":{\"@id\":\"https:\\\/\\\/www.organisator.ch\\\/#website\"},\"primaryImageOfPage\":{\"@id\":\"https:\\\/\\\/www.organisator.ch\\\/management\\\/finanzen_recht\\\/2021-03-11\\\/franken-abwertung-ende-des-sicheren-hafens\\\/#primaryimage\"},\"image\":{\"@id\":\"https:\\\/\\\/www.organisator.ch\\\/management\\\/finanzen_recht\\\/2021-03-11\\\/franken-abwertung-ende-des-sicheren-hafens\\\/#primaryimage\"},\"thumbnailUrl\":\"https:\\\/\\\/www.organisator.ch\\\/wp-content\\\/uploads\\\/2021\\\/03\\\/Franken-Abwertung-Ende-des-sicheren-Hafens_Organisator.jpg\",\"datePublished\":\"2021-03-11T10:16:06+00:00\",\"description\":\"Was bedeutet die Franken-Abwertung f\u00fcr das angelaufene Jahr? Fabio Comminot von Ebury, sagt, welche Zukunft er f\u00fcr den Schweizer Franken sieht.\",\"breadcrumb\":{\"@id\":\"https:\\\/\\\/www.organisator.ch\\\/management\\\/finanzen_recht\\\/2021-03-11\\\/franken-abwertung-ende-des-sicheren-hafens\\\/#breadcrumb\"},\"inLanguage\":\"fr-FR\",\"potentialAction\":[{\"@type\":\"ReadAction\",\"target\":[\"https:\\\/\\\/www.organisator.ch\\\/management\\\/finanzen_recht\\\/2021-03-11\\\/franken-abwertung-ende-des-sicheren-hafens\\\/\"]}]},{\"@type\":\"ImageObject\",\"inLanguage\":\"fr-FR\",\"@id\":\"https:\\\/\\\/www.organisator.ch\\\/management\\\/finanzen_recht\\\/2021-03-11\\\/franken-abwertung-ende-des-sicheren-hafens\\\/#primaryimage\",\"url\":\"https:\\\/\\\/www.organisator.ch\\\/wp-content\\\/uploads\\\/2021\\\/03\\\/Franken-Abwertung-Ende-des-sicheren-Hafens_Organisator.jpg\",\"contentUrl\":\"https:\\\/\\\/www.organisator.ch\\\/wp-content\\\/uploads\\\/2021\\\/03\\\/Franken-Abwertung-Ende-des-sicheren-Hafens_Organisator.jpg\",\"width\":680,\"height\":427,\"caption\":\"Die Franken-Abwertung kann sich positiv auswirken. Firmen k\u00f6nnen von W\u00e4hrungsschwankungen profitieren. (Bild: pixabay.com)\"},{\"@type\":\"BreadcrumbList\",\"@id\":\"https:\\\/\\\/www.organisator.ch\\\/management\\\/finanzen_recht\\\/2021-03-11\\\/franken-abwertung-ende-des-sicheren-hafens\\\/#breadcrumb\",\"itemListElement\":[{\"@type\":\"ListItem\",\"position\":1,\"name\":\"Home\",\"item\":\"https:\\\/\\\/www.organisator.ch\\\/\"},{\"@type\":\"ListItem\",\"position\":2,\"name\":\"Franken-Abwertung: Ende des &#8222;sicheren Hafens&#8220;?\"}]},{\"@type\":\"WebSite\",\"@id\":\"https:\\\/\\\/www.organisator.ch\\\/#website\",\"url\":\"https:\\\/\\\/www.organisator.ch\\\/\",\"name\":\"Organisator\",\"description\":\"Kompetent. Praxisnah. Der ORGANISATOR bereitet in 10 Ausgaben pro Jahr die wesentlichen Themen f\u00fcr F\u00fchrungskr\u00e4fte von KMU auf.\",\"publisher\":{\"@id\":\"https:\\\/\\\/www.organisator.ch\\\/#organization\"},\"potentialAction\":[{\"@type\":\"SearchAction\",\"target\":{\"@type\":\"EntryPoint\",\"urlTemplate\":\"https:\\\/\\\/www.organisator.ch\\\/?s={search_term_string}\"},\"query-input\":{\"@type\":\"PropertyValueSpecification\",\"valueRequired\":true,\"valueName\":\"search_term_string\"}}],\"inLanguage\":\"fr-FR\"},{\"@type\":\"Organization\",\"@id\":\"https:\\\/\\\/www.organisator.ch\\\/#organization\",\"name\":\"Organisator\",\"url\":\"https:\\\/\\\/www.organisator.ch\\\/\",\"logo\":{\"@type\":\"ImageObject\",\"inLanguage\":\"fr-FR\",\"@id\":\"https:\\\/\\\/www.organisator.ch\\\/#\\\/schema\\\/logo\\\/image\\\/\",\"url\":\"https:\\\/\\\/www.organisator.ch\\\/wp-content\\\/uploads\\\/2022\\\/01\\\/Logo_Organisator_Website.png\",\"contentUrl\":\"https:\\\/\\\/www.organisator.ch\\\/wp-content\\\/uploads\\\/2022\\\/01\\\/Logo_Organisator_Website.png\",\"width\":800,\"height\":77,\"caption\":\"Organisator\"},\"image\":{\"@id\":\"https:\\\/\\\/www.organisator.ch\\\/#\\\/schema\\\/logo\\\/image\\\/\"},\"sameAs\":[\"https:\\\/\\\/www.facebook.com\\\/OrganisatorFachmagazin\",\"https:\\\/\\\/www.linkedin.com\\\/showcase\\\/organisator-das-magazin-fr-kmu\",\"https:\\\/\\\/www.xing.com\\\/news\\\/pages\\\/organisator-ch-695\",\"https:\\\/\\\/www.youtube.com\\\/channel\\\/UCGP2Sq0iWaZwT3BdIAQFYpw\"]},{\"@type\":\"Person\",\"@id\":\"https:\\\/\\\/www.organisator.ch\\\/#\\\/schema\\\/person\\\/6f650f90b2842cd4c0cc334b4e36f67e\",\"name\":\"thomas.berner\",\"image\":{\"@type\":\"ImageObject\",\"inLanguage\":\"fr-FR\",\"@id\":\"https:\\\/\\\/secure.gravatar.com\\\/avatar\\\/ac5001d2a36cb6c6cd3e50789007ffca834b477b74a2144564522e944eabff61?s=96&d=mm&r=g\",\"url\":\"https:\\\/\\\/secure.gravatar.com\\\/avatar\\\/ac5001d2a36cb6c6cd3e50789007ffca834b477b74a2144564522e944eabff61?s=96&d=mm&r=g\",\"contentUrl\":\"https:\\\/\\\/secure.gravatar.com\\\/avatar\\\/ac5001d2a36cb6c6cd3e50789007ffca834b477b74a2144564522e944eabff61?s=96&d=mm&r=g\",\"caption\":\"thomas.berner\"},\"url\":\"https:\\\/\\\/www.organisator.ch\\\/fr\\\/author\\\/thomas-berner\\\/\"}]}<\/script>\n<!-- \/ Yoast SEO plugin. -->","yoast_head_json":{"title":"D\u00e9valuation du franc : fin du \"havre de paix\" ? - Organisateur","description":"Que signifie la d\u00e9valuation du franc suisse pour l'ann\u00e9e en cours ? Fabio Comminot, d'Ebury, nous dit quel avenir il voit pour le franc suisse.","robots":{"index":"index","follow":"follow","max-snippet":"max-snippet:-1","max-image-preview":"max-image-preview:large","max-video-preview":"max-video-preview:-1"},"canonical":"https:\/\/www.organisator.ch\/fr\/gestion-2\/finanzen_recht\/2021-03-11\/franken-abwertung-ende-des-sicheren-hafens\/","og_locale":"fr_FR","og_type":"article","og_title":"Franken-Abwertung: Ende des \"sicheren Hafens\"?","og_description":"Was bedeutet die Franken-Abwertung f\u00fcr das angelaufene Jahr? Fabio Comminot von Ebury, sagt, welche Zukunft er f\u00fcr den Schweizer Franken sieht.","og_url":"https:\/\/www.organisator.ch\/fr\/gestion-2\/finanzen_recht\/2021-03-11\/franken-abwertung-ende-des-sicheren-hafens\/","og_site_name":"Organisator","article_publisher":"https:\/\/www.facebook.com\/OrganisatorFachmagazin","article_published_time":"2021-03-11T10:16:06+00:00","og_image":[{"width":680,"height":427,"url":"https:\/\/www.organisator.ch\/wp-content\/uploads\/2021\/03\/Franken-Abwertung-Ende-des-sicheren-Hafens_Organisator.jpg","type":"image\/jpeg"}],"author":"thomas.berner","twitter_card":"summary_large_image","twitter_title":"#Franken-Abwertung: Ende des \"sicheren Hafens\"?","twitter_description":"Was bedeutet die #Franken-Abwertung f\u00fcr das angelaufene Jahr? Fabio Comminot von #Ebury, sagt, welche Zukunft er f\u00fcr den Schweizer Franken sieht.","twitter_image":"https:\/\/www.organisator.ch\/wp-content\/uploads\/2021\/03\/Franken-Abwertung-Ende-des-sicheren-Hafens_Organisator.jpg","schema":{"@context":"https:\/\/schema.org","@graph":[{"@type":"Article","@id":"https:\/\/www.organisator.ch\/management\/finanzen_recht\/2021-03-11\/franken-abwertung-ende-des-sicheren-hafens\/#article","isPartOf":{"@id":"https:\/\/www.organisator.ch\/management\/finanzen_recht\/2021-03-11\/franken-abwertung-ende-des-sicheren-hafens\/"},"author":{"name":"thomas.berner","@id":"https:\/\/www.organisator.ch\/#\/schema\/person\/6f650f90b2842cd4c0cc334b4e36f67e"},"headline":"Franken-Abwertung: Ende des &#8222;sicheren Hafens&#8220;?","datePublished":"2021-03-11T10:16:06+00:00","mainEntityOfPage":{"@id":"https:\/\/www.organisator.ch\/management\/finanzen_recht\/2021-03-11\/franken-abwertung-ende-des-sicheren-hafens\/"},"wordCount":753,"publisher":{"@id":"https:\/\/www.organisator.ch\/#organization"},"image":{"@id":"https:\/\/www.organisator.ch\/management\/finanzen_recht\/2021-03-11\/franken-abwertung-ende-des-sicheren-hafens\/#primaryimage"},"thumbnailUrl":"https:\/\/www.organisator.ch\/wp-content\/uploads\/2021\/03\/Franken-Abwertung-Ende-des-sicheren-Hafens_Organisator.jpg","keywords":["Finanzen\/Recht","Finanzierung","W\u00e4hrung","Wirtschaftspolitik"],"articleSection":["FINANZEN\/RECHT"],"inLanguage":"fr-FR"},{"@type":"WebPage","@id":"https:\/\/www.organisator.ch\/management\/finanzen_recht\/2021-03-11\/franken-abwertung-ende-des-sicheren-hafens\/","url":"https:\/\/www.organisator.ch\/management\/finanzen_recht\/2021-03-11\/franken-abwertung-ende-des-sicheren-hafens\/","name":"D\u00e9valuation du franc : fin du \"havre de paix\" ? - Organisateur","isPartOf":{"@id":"https:\/\/www.organisator.ch\/#website"},"primaryImageOfPage":{"@id":"https:\/\/www.organisator.ch\/management\/finanzen_recht\/2021-03-11\/franken-abwertung-ende-des-sicheren-hafens\/#primaryimage"},"image":{"@id":"https:\/\/www.organisator.ch\/management\/finanzen_recht\/2021-03-11\/franken-abwertung-ende-des-sicheren-hafens\/#primaryimage"},"thumbnailUrl":"https:\/\/www.organisator.ch\/wp-content\/uploads\/2021\/03\/Franken-Abwertung-Ende-des-sicheren-Hafens_Organisator.jpg","datePublished":"2021-03-11T10:16:06+00:00","description":"Que signifie la d\u00e9valuation du franc suisse pour l'ann\u00e9e en cours ? Fabio Comminot, d'Ebury, nous dit quel avenir il voit pour le franc suisse.","breadcrumb":{"@id":"https:\/\/www.organisator.ch\/management\/finanzen_recht\/2021-03-11\/franken-abwertung-ende-des-sicheren-hafens\/#breadcrumb"},"inLanguage":"fr-FR","potentialAction":[{"@type":"ReadAction","target":["https:\/\/www.organisator.ch\/management\/finanzen_recht\/2021-03-11\/franken-abwertung-ende-des-sicheren-hafens\/"]}]},{"@type":"ImageObject","inLanguage":"fr-FR","@id":"https:\/\/www.organisator.ch\/management\/finanzen_recht\/2021-03-11\/franken-abwertung-ende-des-sicheren-hafens\/#primaryimage","url":"https:\/\/www.organisator.ch\/wp-content\/uploads\/2021\/03\/Franken-Abwertung-Ende-des-sicheren-Hafens_Organisator.jpg","contentUrl":"https:\/\/www.organisator.ch\/wp-content\/uploads\/2021\/03\/Franken-Abwertung-Ende-des-sicheren-Hafens_Organisator.jpg","width":680,"height":427,"caption":"Die Franken-Abwertung kann sich positiv auswirken. Firmen k\u00f6nnen von W\u00e4hrungsschwankungen profitieren. (Bild: pixabay.com)"},{"@type":"BreadcrumbList","@id":"https:\/\/www.organisator.ch\/management\/finanzen_recht\/2021-03-11\/franken-abwertung-ende-des-sicheren-hafens\/#breadcrumb","itemListElement":[{"@type":"ListItem","position":1,"name":"Home","item":"https:\/\/www.organisator.ch\/"},{"@type":"ListItem","position":2,"name":"Franken-Abwertung: Ende des &#8222;sicheren Hafens&#8220;?"}]},{"@type":"WebSite","@id":"https:\/\/www.organisator.ch\/#website","url":"https:\/\/www.organisator.ch\/","name":"Organisateur","description":"Comp\u00e9tence et comp\u00e9tence. Proches de la pratique. L'ORGANISATEUR pr\u00e9pare 10 num\u00e9ros par an sur les th\u00e8mes essentiels pour les dirigeants de PME.","publisher":{"@id":"https:\/\/www.organisator.ch\/#organization"},"potentialAction":[{"@type":"SearchAction","target":{"@type":"EntryPoint","urlTemplate":"https:\/\/www.organisator.ch\/?s={search_term_string}"},"query-input":{"@type":"PropertyValueSpecification","valueRequired":true,"valueName":"search_term_string"}}],"inLanguage":"fr-FR"},{"@type":"Organization","@id":"https:\/\/www.organisator.ch\/#organization","name":"Organisateur","url":"https:\/\/www.organisator.ch\/","logo":{"@type":"ImageObject","inLanguage":"fr-FR","@id":"https:\/\/www.organisator.ch\/#\/schema\/logo\/image\/","url":"https:\/\/www.organisator.ch\/wp-content\/uploads\/2022\/01\/Logo_Organisator_Website.png","contentUrl":"https:\/\/www.organisator.ch\/wp-content\/uploads\/2022\/01\/Logo_Organisator_Website.png","width":800,"height":77,"caption":"Organisator"},"image":{"@id":"https:\/\/www.organisator.ch\/#\/schema\/logo\/image\/"},"sameAs":["https:\/\/www.facebook.com\/OrganisatorFachmagazin","https:\/\/www.linkedin.com\/showcase\/organisator-das-magazin-fr-kmu","https:\/\/www.xing.com\/news\/pages\/organisator-ch-695","https:\/\/www.youtube.com\/channel\/UCGP2Sq0iWaZwT3BdIAQFYpw"]},{"@type":"Person","@id":"https:\/\/www.organisator.ch\/#\/schema\/person\/6f650f90b2842cd4c0cc334b4e36f67e","name":"thomas.berner","image":{"@type":"ImageObject","inLanguage":"fr-FR","@id":"https:\/\/secure.gravatar.com\/avatar\/ac5001d2a36cb6c6cd3e50789007ffca834b477b74a2144564522e944eabff61?s=96&d=mm&r=g","url":"https:\/\/secure.gravatar.com\/avatar\/ac5001d2a36cb6c6cd3e50789007ffca834b477b74a2144564522e944eabff61?s=96&d=mm&r=g","contentUrl":"https:\/\/secure.gravatar.com\/avatar\/ac5001d2a36cb6c6cd3e50789007ffca834b477b74a2144564522e944eabff61?s=96&d=mm&r=g","caption":"thomas.berner"},"url":"https:\/\/www.organisator.ch\/fr\/author\/thomas-berner\/"}]}},"_links":{"self":[{"href":"https:\/\/www.organisator.ch\/fr\/wp-json\/wp\/v2\/posts\/7791","targetHints":{"allow":["GET"]}}],"collection":[{"href":"https:\/\/www.organisator.ch\/fr\/wp-json\/wp\/v2\/posts"}],"about":[{"href":"https:\/\/www.organisator.ch\/fr\/wp-json\/wp\/v2\/types\/post"}],"author":[{"embeddable":true,"href":"https:\/\/www.organisator.ch\/fr\/wp-json\/wp\/v2\/users\/4"}],"replies":[{"embeddable":true,"href":"https:\/\/www.organisator.ch\/fr\/wp-json\/wp\/v2\/comments?post=7791"}],"version-history":[{"count":0,"href":"https:\/\/www.organisator.ch\/fr\/wp-json\/wp\/v2\/posts\/7791\/revisions"}],"wp:featuredmedia":[{"embeddable":true,"href":"https:\/\/www.organisator.ch\/fr\/wp-json\/wp\/v2\/media\/7792"}],"wp:attachment":[{"href":"https:\/\/www.organisator.ch\/fr\/wp-json\/wp\/v2\/media?parent=7791"}],"wp:term":[{"taxonomy":"category","embeddable":true,"href":"https:\/\/www.organisator.ch\/fr\/wp-json\/wp\/v2\/categories?post=7791"},{"taxonomy":"post_tag","embeddable":true,"href":"https:\/\/www.organisator.ch\/fr\/wp-json\/wp\/v2\/tags?post=7791"}],"curies":[{"name":"wp","href":"https:\/\/api.w.org\/{rel}","templated":true}]}}