{"id":7800,"date":"2021-03-16T08:27:26","date_gmt":"2021-03-16T07:27:26","guid":{"rendered":"https:\/\/www.organisator.ch\/?p=7800"},"modified":"2021-03-16T08:27:26","modified_gmt":"2021-03-16T07:27:26","slug":"smart-working-in-der-schweiz-neun-erkenntnisse-nach-einem-jahr-pandemie","status":"publish","type":"post","link":"https:\/\/www.organisator.ch\/fr\/human-resources\/hrm\/2021-03-16\/smart-working-in-der-schweiz-neun-erkenntnisse-nach-einem-jahr-pandemie\/","title":{"rendered":"Smart Working en Suisse : neuf enseignements apr\u00e8s un an de pand\u00e9mie"},"content":{"rendered":"<figure id=\"attachment_7801\" aria-describedby=\"caption-attachment-7801\" style=\"width: 680px\" class=\"wp-caption alignnone\"><img loading=\"lazy\" decoding=\"async\" class=\"size-medium wp-image-7801\" src=\"https:\/\/www.organisator.ch\/wp-content\/uploads\/2021\/03\/Smart-Working-in-der-Schweiz-Neun-Erkenntnisse-nach-einem-Jahr-Pandemie_Organisator.jpg\" alt=\"\" width=\"680\" height=\"454\" srcset=\"https:\/\/www.organisator.ch\/wp-content\/uploads\/2021\/03\/Smart-Working-in-der-Schweiz-Neun-Erkenntnisse-nach-einem-Jahr-Pandemie_Organisator.jpg 680w, https:\/\/www.organisator.ch\/wp-content\/uploads\/2021\/03\/Smart-Working-in-der-Schweiz-Neun-Erkenntnisse-nach-einem-Jahr-Pandemie_Organisator-16x12.jpg 16w, https:\/\/www.organisator.ch\/wp-content\/uploads\/2021\/03\/Smart-Working-in-der-Schweiz-Neun-Erkenntnisse-nach-einem-Jahr-Pandemie_Organisator-262x175.jpg 262w, https:\/\/www.organisator.ch\/wp-content\/uploads\/2021\/03\/Smart-Working-in-der-Schweiz-Neun-Erkenntnisse-nach-einem-Jahr-Pandemie_Organisator-524x350.jpg 524w, https:\/\/www.organisator.ch\/wp-content\/uploads\/2021\/03\/Smart-Working-in-der-Schweiz-Neun-Erkenntnisse-nach-einem-Jahr-Pandemie_Organisator-300x200.jpg 300w\" sizes=\"auto, (max-width: 680px) 100vw, 680px\" \/><figcaption id=\"caption-attachment-7801\" class=\"wp-caption-text\">Apr\u00e8s une ann\u00e9e de pand\u00e9mie, tout le monde parle de smart working : mais on ne travaillera pas plus \"intelligemment\" \u00e0 l'avenir avec le seul home office. (Image : Unsplash.com)<\/figcaption><\/figure>\n<p>Entre d\u00e9cembre 2020 et f\u00e9vrier 2021, le prestataire de services d'outplacement von Rundstedt a men\u00e9 une grande \u00e9tude sur le th\u00e8me du smart working en Suisse, sous la direction du professeur Andrea Martone (directeur de la recherche et des \u00e9tudes chez von Rundstedt). Une grande enqu\u00eate a \u00e9galement \u00e9t\u00e9 lanc\u00e9e \u00e0 cette occasion.<\/p>\n<h2>La pand\u00e9mie, moteur des formes modernes de travail ?<\/h2>\n<p>L'\u00e9tude et l'enqu\u00eate ont pour objectif d'examiner les exp\u00e9riences et les effets du travail \u00e0 domicile sur la culture du travail ainsi que sur les structures et les processus de l'entreprise, un an apr\u00e8s la proclamation du premier lockdown avec obligation de travailler \u00e0 domicile pour de nombreux salari\u00e9s. Le pas forc\u00e9 vers le home office en Suisse conduit-il enfin \u00e0 la nouvelle culture du travail telle qu'elle est proph\u00e9tis\u00e9e depuis longtemps par Work 4.0 et Future Work ? Sommes-nous en train de nous diriger vers le smart working, ou faisons-nous simplement du t\u00e9l\u00e9travail \u00e0 domicile ? Les entreprises suisses saisissent-elles cette opportunit\u00e9 de passer en principe et durablement \u00e0 une culture du travail avec une plus grande flexibilit\u00e9 et autonomie dans le choix de l'espace, du temps et des moyens de travail ? Le choc de la pand\u00e9mie entra\u00eene-t-il finalement un changement de culture dans les entreprises suisses ? Quelles sont les premi\u00e8res exp\u00e9riences de smart working ? Le smart working conduit-il vraiment \u00e0 plus de productivit\u00e9, d'efficacit\u00e9, de qualit\u00e9 et \u00e0 de meilleurs r\u00e9sultats ? Les entreprises suisses sont-elles conscientes qu'il faut plus que du home office et du t\u00e9l\u00e9travail pour y parvenir ?<\/p>\n<h2>Smart Working : 9 conclusions<\/h2>\n<p>534 responsables RH et dirigeants d'entreprises de diff\u00e9rents secteurs, r\u00e9gions linguistiques et tailles d'entreprises ont particip\u00e9 \u00e0 l'enqu\u00eate. Neuf enseignements peuvent \u00eatre tir\u00e9s des r\u00e9ponses :<\/p>\n<ol>\n<li><strong>Surtout le t\u00e9l\u00e9travail, mais pratiquement pas le smart working :<\/strong> La grande majorit\u00e9 des entreprises interrog\u00e9es n'ont pas introduit le smart working, mais le t\u00e9l\u00e9travail. Elles travaillent toujours dans les m\u00eames structures, processus et m\u00e9thodes et ont simplement transf\u00e9r\u00e9 \u00e0 un endroit \u00e9loign\u00e9 (dans le home office) les m\u00eames processus de travail qui se d\u00e9roulaient auparavant au bureau. Aux yeux des auteurs de l'\u00e9tude, de nombreuses entreprises passent ainsi \u00e0 c\u00f4t\u00e9 d'une grande opportunit\u00e9.<\/li>\n<li><strong>Covid, acc\u00e9l\u00e9rateur involontaire du smart working :<\/strong> Pour 77,4% des entreprises, Covid a \u00e9t\u00e9 la principale raison de la pratique du home office et du smart working. Jusqu'\u00e0 pr\u00e9sent, la plupart des entreprises ne sont pas pass\u00e9es volontairement au travail \u00e0 distance. Le smart working n'est donc actuellement pas un choix, mais une pure n\u00e9cessit\u00e9. Cela explique aussi que les formes de travail modernes ne sont pas encore vraiment ancr\u00e9es dans les entreprises et la culture.<\/li>\n<li><strong>Trop de travail \u00e0 distance :<\/strong> Les experts consid\u00e8rent que le temps de travail \u00e0 distance optimal et sain est de 2 jours par semaine. Selon Covid, plus de 60% de toutes les entreprises en Suisse ont d\u00e9pass\u00e9 ce seuil. 46% des entreprises ont m\u00eame envoy\u00e9 leurs collaborateurs au bureau \u00e0 domicile pendant 60-100%, et ce l'ann\u00e9e derni\u00e8re, avant l'obligation de travailler \u00e0 domicile. Selon l'\u00e9tude, ce n'est pas une mesure saine et c'est alarmant. Les cons\u00e9quences possibles sont la d\u00e9motivation, les probl\u00e8mes de coordination, la baisse de la qualit\u00e9 des relations et la mise en danger de l'\u00e9quilibre entre vie professionnelle et vie priv\u00e9e.<\/li>\n<li><strong>Effet positif sur l'efficacit\u00e9 et la qualit\u00e9 :<\/strong> On craint souvent que la difficult\u00e9 \u00e0 diriger et \u00e0 coordonner ainsi que le comportement opportuniste des collaborateurs aient des r\u00e9percussions n\u00e9gatives sur la productivit\u00e9 et l'efficacit\u00e9. C'est le contraire qui est vrai, constate l'\u00e9tude : plus de 75% ne voient pas de perte d'efficacit\u00e9. Environ 37% voient m\u00eame une nette augmentation de la productivit\u00e9. Le tableau est similaire en ce qui concerne la qualit\u00e9. Environ 80% ne constatent aucune baisse de la qualit\u00e9, et 22% pensent m\u00eame observer une augmentation de la qualit\u00e9.<\/li>\n<li><strong>Influence n\u00e9gative sur la motivation de l'\u00e9quipe et des collaborateurs : <\/strong>Sans surprise, la motivation des \u00e9quipes et des collaborateurs semble souffrir du smart working. La qualit\u00e9 de la collaboration n'a certes pas chang\u00e9. Mais environ un tiers des entreprises font \u00e9tat d'une diminution de la collaboration et du travail d'\u00e9quipe. 69% des entreprises constatent une d\u00e9t\u00e9rioration des relations sociales entre les collaborateurs. Et pr\u00e8s de la moiti\u00e9 des entreprises observent que l'identification des collaborateurs \u00e0 l'entreprise s'est d\u00e9t\u00e9rior\u00e9e. Dans ce contexte, les entreprises feraient bien de lancer des mesures cibl\u00e9es pour impliquer et fid\u00e9liser les personnes cl\u00e9s.<\/li>\n<li><strong>Les plus jeunes avec une plus grande volont\u00e9 ; les plus \u00e2g\u00e9s avec plus de capacit\u00e9s : <\/strong>Il n'est pas \u00e9tonnant que les jeunes collaborateurs soient plus rapidement et plus facilement pr\u00eats \u00e0 passer au smart working et \u00e0 accepter plus de flexibilit\u00e9 et d'autonomie. Ils sont \u00e9galement plus habitu\u00e9s \u00e0 la communication virtuelle que leurs a\u00een\u00e9s. Mais si l'on consid\u00e8re la capacit\u00e9 \u00e0 pratiquer le smart working, ce sont plut\u00f4t les collaborateurs plus \u00e2g\u00e9s qui, gr\u00e2ce \u00e0 leur exp\u00e9rience dans la vie professionnelle et dans les organisations, poss\u00e8dent les meilleures conditions que les jeunes. Le smart working n\u00e9cessite une bonne compr\u00e9hension du contexte organisationnel. Il ne faut pas sous-estimer cet aspect lors de l'introduction du smart working chez les jeunes collaborateurs. La volont\u00e9 et la capacit\u00e9 sont ici tr\u00e8s diff\u00e9rentes.<\/li>\n<li><strong>Le smart working reste d'actualit\u00e9 :<\/strong> Bien que le smart working et le travail \u00e0 distance aient \u00e9t\u00e9 introduits plus ou moins involontairement par Covid dans la plupart des entreprises, seuls 6% des entreprises pensent que cette nouvelle forme de travail va dispara\u00eetre. L'\u00e9crasante majorit\u00e9 de 69% pense que le smart working restera durablement en place en tant que mod\u00e8le et culture de travail, mais que son intensit\u00e9 et son ampleur diminueront l\u00e9g\u00e8rement et qu'il se stabilisera donc dans une saine moyenne. D'autres 15% pensent m\u00eame que cette forme modifi\u00e9e de travail va encore s'accro\u00eetre, se r\u00e9pandre et s'intensifier.<\/li>\n<li><strong>Trop peu de soutien pour les collaborateurs :<\/strong> Ce changement de culture de travail et de mod\u00e8le de collaboration n'est pas facile pour de nombreux collaborateurs. Cependant, dans la plupart des entreprises, le soutien des employeurs se limite en premier lieu \u00e0 la mise \u00e0 disposition de moyens et d'infrastructures technologiques (ordinateur portable, imprimante, licences). En ce qui concerne le soutien financier plus large (par ex. infrastructures de bureau et environnement de travail en home office), la plupart des employeurs sont tr\u00e8s r\u00e9ticents. Ils en font \u00e9galement trop peu en ce qui concerne le soutien personnel et individuel (formation 40%, coaching 19%). Ce n'est que pour la flexibilisation du temps de travail qu'une majorit\u00e9 d'employeurs (76%) tendent la main.<\/li>\n<li><strong>Les opinions au sein de la direction sont tr\u00e8s divergentes : <\/strong>Le management n'est d\u00e9finitivement pas d'accord sur la question de savoir si le smart working est un succ\u00e8s, s'il est souhaitable, durable et utile. Plusieurs param\u00e8tres indiquent un d\u00e9saccord. Ainsi, la moiti\u00e9 des managers pense que le smart working entra\u00eene plus de confusion et de manque de clart\u00e9 dans l'environnement de travail, l'autre moiti\u00e9 ne le pense pas. La m\u00eame moiti\u00e9 des managers estime que le smart working entra\u00eene une perte de contr\u00f4le sur les collaborateurs, tandis que l'autre moiti\u00e9 ne partage pas cet avis. L'\u00e9tude fait \u00e9galement \u00e9tat d'une conclusion int\u00e9ressante concernant le doute des managers : plus de la moiti\u00e9 d'entre eux pensent que les cadres et les managers ont plus de mal que les collaborateurs \u00e0 passer au smart working. Ces chiffres montrent qu'une grande partie des cadres se sentent confront\u00e9s \u00e0 un dilemme.<\/li>\n<\/ol>\n<h2>Strat\u00e9gies pour l'avenir<\/h2>\n<p>Les conclusions de l'\u00e9tude ont \u00e9t\u00e9 rassembl\u00e9es par von Rundstedt dans un livre blanc. Des strat\u00e9gies pour l'avenir y sont \u00e9galement esquiss\u00e9es. Car il est ind\u00e9niable qu'apr\u00e8s la pand\u00e9mie, le monde du travail ne sera plus le m\u00eame qu'auparavant. Des changements sont donc n\u00e9cessaires \u00e0 diff\u00e9rents niveaux : Au niveau de la direction, de la mesure des indicateurs de productivit\u00e9, des structures d'entreprise, de la formation et de la mobilit\u00e9 du travail. Par exemple, la direction devra se concentrer davantage sur le niveau relationnel et moins sur les processus. Les indicateurs de performance cl\u00e9s (KPI) seront remplac\u00e9s par des objectifs de r\u00e9sultats cl\u00e9s (OKR) comme crit\u00e8res de mesure. Les structures d'entreprise devront devenir plus flexibles et se baser sur des \u00e9quipes plut\u00f4t que sur des hi\u00e9rarchies. Cela signifie plus d'autonomie pour les collaborateurs, qui doivent \u00eatre form\u00e9s diff\u00e9remment. Le d\u00e9veloppement du personnel rev\u00eat une importance accrue et devrait entra\u00eener une augmentation de la demande de services correspondants.<\/p>\n<p><em>Source : <a href=\"http:\/\/www.rundstedt.ch\">von Rundstedt<\/a><\/em><\/p>","protected":false},"excerpt":{"rendered":"<p>Der Outplacement-Dienstleister von Rundstedt hat zwischen Dezember 2020 und Februar 2021 unter der Leitung von Prof. Dr. Andrea Martone (Director Research &amp; Studies bei von Rundstedt) eine grosse Studie zum Thema Smart Working in der Schweiz durchgef\u00fchrt. Dabei wurde auch eine grosse Umfrage lanciert. Pandemie als Treiber f\u00fcr moderne Arbeitsformen? Studie und Umfrage verfolgen das [&hellip;]<\/p>\n","protected":false},"author":4,"featured_media":7801,"comment_status":"closed","ping_status":"closed","sticky":false,"template":"","format":"standard","meta":{"_acf_changed":false,"_yoast_wpseo_focuskw":"Smart Working","_yoast_wpseo_metadesc":"Viele Unternehmen m\u00fcssen wegen der Pandemie ihre Mitarbeitenden von zu Hause aus besch\u00e4ftigen. Ist das der Durchbruch f\u00fcr Smart Working?","articlekey":"","footnotes":""},"categories":[26],"tags":[51,254,335,459,537],"class_list":["post-7800","post","type-post","status-publish","format-standard","has-post-thumbnail","hentry","category-hrm","tag-arbeitsplatzgestaltung","tag-hrm","tag-management-und-unternehmensfuehrung","tag-studie","tag-work-smart"],"acf":[],"yoast_head":"<!-- This site is optimized with the Yoast SEO plugin v27.4 - https:\/\/yoast.com\/product\/yoast-seo-wordpress\/ -->\n<title>Smart Working in der Schweiz: Neun Erkenntnisse nach einem Jahr Pandemie - Organisator<\/title>\n<meta name=\"description\" content=\"Viele Unternehmen m\u00fcssen wegen der Pandemie ihre Mitarbeitenden von zu Hause aus besch\u00e4ftigen. Ist das der Durchbruch f\u00fcr Smart Working?\" \/>\n<meta name=\"robots\" content=\"index, follow, max-snippet:-1, max-image-preview:large, max-video-preview:-1\" \/>\n<link rel=\"canonical\" href=\"https:\/\/www.organisator.ch\/fr\/ressources-humaines\/hrm\/2021-03-16\/smart-working-in-der-schweiz-neun-erkenntnisse-nach-einem-jahr-pandemie\/\" \/>\n<meta property=\"og:locale\" content=\"fr_FR\" \/>\n<meta property=\"og:type\" content=\"article\" \/>\n<meta property=\"og:title\" content=\"Smart Working in der Schweiz: Neun Erkenntnisse nach einem Jahr Pandemie\" \/>\n<meta property=\"og:description\" content=\"Viele Unternehmen m\u00fcssen wegen der Pandemie ihre Mitarbeitenden von zu Hause aus besch\u00e4ftigen. Ist das der Durchbruch f\u00fcr Smart Working?\" \/>\n<meta property=\"og:url\" content=\"https:\/\/www.organisator.ch\/fr\/ressources-humaines\/hrm\/2021-03-16\/smart-working-in-der-schweiz-neun-erkenntnisse-nach-einem-jahr-pandemie\/\" \/>\n<meta property=\"og:site_name\" content=\"Organisator\" \/>\n<meta property=\"article:publisher\" content=\"https:\/\/www.facebook.com\/OrganisatorFachmagazin\" \/>\n<meta property=\"article:published_time\" content=\"2021-03-16T07:27:26+00:00\" \/>\n<meta property=\"og:image\" content=\"https:\/\/www.organisator.ch\/wp-content\/uploads\/2021\/03\/Smart-Working-in-der-Schweiz-Neun-Erkenntnisse-nach-einem-Jahr-Pandemie_Organisator.jpg\" \/>\n\t<meta property=\"og:image:width\" content=\"680\" \/>\n\t<meta property=\"og:image:height\" content=\"454\" \/>\n\t<meta property=\"og:image:type\" content=\"image\/jpeg\" \/>\n<meta name=\"author\" content=\"thomas.berner\" \/>\n<meta name=\"twitter:card\" content=\"summary_large_image\" \/>\n<meta name=\"twitter:title\" content=\"Smart #Working in der Schweiz: Neun Erkenntnisse nach einem Jahr #Pandemie\" \/>\n<meta name=\"twitter:description\" content=\"Viele Unternehmen m\u00fcssen wegen der Pandemie ihre Mitarbeitenden von zu Hause aus besch\u00e4ftigen. Ist das der Durchbruch f\u00fcr #SmartWorking?\" \/>\n<meta name=\"twitter:image\" content=\"https:\/\/www.organisator.ch\/wp-content\/uploads\/2021\/03\/Smart-Working-in-der-Schweiz-Neun-Erkenntnisse-nach-einem-Jahr-Pandemie_Organisator.jpg\" \/>\n<script type=\"application\/ld+json\" class=\"yoast-schema-graph\">{\"@context\":\"https:\\\/\\\/schema.org\",\"@graph\":[{\"@type\":\"Article\",\"@id\":\"https:\\\/\\\/www.organisator.ch\\\/human-resources\\\/hrm\\\/2021-03-16\\\/smart-working-in-der-schweiz-neun-erkenntnisse-nach-einem-jahr-pandemie\\\/#article\",\"isPartOf\":{\"@id\":\"https:\\\/\\\/www.organisator.ch\\\/human-resources\\\/hrm\\\/2021-03-16\\\/smart-working-in-der-schweiz-neun-erkenntnisse-nach-einem-jahr-pandemie\\\/\"},\"author\":{\"name\":\"thomas.berner\",\"@id\":\"https:\\\/\\\/www.organisator.ch\\\/#\\\/schema\\\/person\\\/6f650f90b2842cd4c0cc334b4e36f67e\"},\"headline\":\"Smart Working in der Schweiz: Neun Erkenntnisse nach einem Jahr Pandemie\",\"datePublished\":\"2021-03-16T07:27:26+00:00\",\"mainEntityOfPage\":{\"@id\":\"https:\\\/\\\/www.organisator.ch\\\/human-resources\\\/hrm\\\/2021-03-16\\\/smart-working-in-der-schweiz-neun-erkenntnisse-nach-einem-jahr-pandemie\\\/\"},\"wordCount\":1232,\"publisher\":{\"@id\":\"https:\\\/\\\/www.organisator.ch\\\/#organization\"},\"image\":{\"@id\":\"https:\\\/\\\/www.organisator.ch\\\/human-resources\\\/hrm\\\/2021-03-16\\\/smart-working-in-der-schweiz-neun-erkenntnisse-nach-einem-jahr-pandemie\\\/#primaryimage\"},\"thumbnailUrl\":\"https:\\\/\\\/www.organisator.ch\\\/wp-content\\\/uploads\\\/2021\\\/03\\\/Smart-Working-in-der-Schweiz-Neun-Erkenntnisse-nach-einem-Jahr-Pandemie_Organisator.jpg\",\"keywords\":[\"Arbeitsplatzgestaltung\",\"HRM\",\"Management und Unternehmensf\u00fchrung\",\"Studie\",\"Work Smart\"],\"articleSection\":[\"HRM\"],\"inLanguage\":\"fr-FR\"},{\"@type\":\"WebPage\",\"@id\":\"https:\\\/\\\/www.organisator.ch\\\/human-resources\\\/hrm\\\/2021-03-16\\\/smart-working-in-der-schweiz-neun-erkenntnisse-nach-einem-jahr-pandemie\\\/\",\"url\":\"https:\\\/\\\/www.organisator.ch\\\/human-resources\\\/hrm\\\/2021-03-16\\\/smart-working-in-der-schweiz-neun-erkenntnisse-nach-einem-jahr-pandemie\\\/\",\"name\":\"Smart Working in der Schweiz: Neun Erkenntnisse nach einem Jahr Pandemie - Organisator\",\"isPartOf\":{\"@id\":\"https:\\\/\\\/www.organisator.ch\\\/#website\"},\"primaryImageOfPage\":{\"@id\":\"https:\\\/\\\/www.organisator.ch\\\/human-resources\\\/hrm\\\/2021-03-16\\\/smart-working-in-der-schweiz-neun-erkenntnisse-nach-einem-jahr-pandemie\\\/#primaryimage\"},\"image\":{\"@id\":\"https:\\\/\\\/www.organisator.ch\\\/human-resources\\\/hrm\\\/2021-03-16\\\/smart-working-in-der-schweiz-neun-erkenntnisse-nach-einem-jahr-pandemie\\\/#primaryimage\"},\"thumbnailUrl\":\"https:\\\/\\\/www.organisator.ch\\\/wp-content\\\/uploads\\\/2021\\\/03\\\/Smart-Working-in-der-Schweiz-Neun-Erkenntnisse-nach-einem-Jahr-Pandemie_Organisator.jpg\",\"datePublished\":\"2021-03-16T07:27:26+00:00\",\"description\":\"Viele Unternehmen m\u00fcssen wegen der Pandemie ihre Mitarbeitenden von zu Hause aus besch\u00e4ftigen. Ist das der Durchbruch f\u00fcr Smart Working?\",\"breadcrumb\":{\"@id\":\"https:\\\/\\\/www.organisator.ch\\\/human-resources\\\/hrm\\\/2021-03-16\\\/smart-working-in-der-schweiz-neun-erkenntnisse-nach-einem-jahr-pandemie\\\/#breadcrumb\"},\"inLanguage\":\"fr-FR\",\"potentialAction\":[{\"@type\":\"ReadAction\",\"target\":[\"https:\\\/\\\/www.organisator.ch\\\/human-resources\\\/hrm\\\/2021-03-16\\\/smart-working-in-der-schweiz-neun-erkenntnisse-nach-einem-jahr-pandemie\\\/\"]}]},{\"@type\":\"ImageObject\",\"inLanguage\":\"fr-FR\",\"@id\":\"https:\\\/\\\/www.organisator.ch\\\/human-resources\\\/hrm\\\/2021-03-16\\\/smart-working-in-der-schweiz-neun-erkenntnisse-nach-einem-jahr-pandemie\\\/#primaryimage\",\"url\":\"https:\\\/\\\/www.organisator.ch\\\/wp-content\\\/uploads\\\/2021\\\/03\\\/Smart-Working-in-der-Schweiz-Neun-Erkenntnisse-nach-einem-Jahr-Pandemie_Organisator.jpg\",\"contentUrl\":\"https:\\\/\\\/www.organisator.ch\\\/wp-content\\\/uploads\\\/2021\\\/03\\\/Smart-Working-in-der-Schweiz-Neun-Erkenntnisse-nach-einem-Jahr-Pandemie_Organisator.jpg\",\"width\":680,\"height\":454,\"caption\":\"Nach einem Jahr Pandemie spricht alles von Smart Working: Doch mit Homeoffice allein wird man in Zukunft nicht \\\"smarter\\\" arbeiten. (Bild: Unsplash.com)\"},{\"@type\":\"BreadcrumbList\",\"@id\":\"https:\\\/\\\/www.organisator.ch\\\/human-resources\\\/hrm\\\/2021-03-16\\\/smart-working-in-der-schweiz-neun-erkenntnisse-nach-einem-jahr-pandemie\\\/#breadcrumb\",\"itemListElement\":[{\"@type\":\"ListItem\",\"position\":1,\"name\":\"Home\",\"item\":\"https:\\\/\\\/www.organisator.ch\\\/\"},{\"@type\":\"ListItem\",\"position\":2,\"name\":\"Smart Working in der Schweiz: Neun Erkenntnisse nach einem Jahr Pandemie\"}]},{\"@type\":\"WebSite\",\"@id\":\"https:\\\/\\\/www.organisator.ch\\\/#website\",\"url\":\"https:\\\/\\\/www.organisator.ch\\\/\",\"name\":\"Organisator\",\"description\":\"Kompetent. Praxisnah. Der ORGANISATOR bereitet in 10 Ausgaben pro Jahr die wesentlichen Themen f\u00fcr F\u00fchrungskr\u00e4fte von KMU auf.\",\"publisher\":{\"@id\":\"https:\\\/\\\/www.organisator.ch\\\/#organization\"},\"potentialAction\":[{\"@type\":\"SearchAction\",\"target\":{\"@type\":\"EntryPoint\",\"urlTemplate\":\"https:\\\/\\\/www.organisator.ch\\\/?s={search_term_string}\"},\"query-input\":{\"@type\":\"PropertyValueSpecification\",\"valueRequired\":true,\"valueName\":\"search_term_string\"}}],\"inLanguage\":\"fr-FR\"},{\"@type\":\"Organization\",\"@id\":\"https:\\\/\\\/www.organisator.ch\\\/#organization\",\"name\":\"Organisator\",\"url\":\"https:\\\/\\\/www.organisator.ch\\\/\",\"logo\":{\"@type\":\"ImageObject\",\"inLanguage\":\"fr-FR\",\"@id\":\"https:\\\/\\\/www.organisator.ch\\\/#\\\/schema\\\/logo\\\/image\\\/\",\"url\":\"https:\\\/\\\/www.organisator.ch\\\/wp-content\\\/uploads\\\/2022\\\/01\\\/Logo_Organisator_Website.png\",\"contentUrl\":\"https:\\\/\\\/www.organisator.ch\\\/wp-content\\\/uploads\\\/2022\\\/01\\\/Logo_Organisator_Website.png\",\"width\":800,\"height\":77,\"caption\":\"Organisator\"},\"image\":{\"@id\":\"https:\\\/\\\/www.organisator.ch\\\/#\\\/schema\\\/logo\\\/image\\\/\"},\"sameAs\":[\"https:\\\/\\\/www.facebook.com\\\/OrganisatorFachmagazin\",\"https:\\\/\\\/www.linkedin.com\\\/showcase\\\/organisator-das-magazin-fr-kmu\",\"https:\\\/\\\/www.xing.com\\\/news\\\/pages\\\/organisator-ch-695\",\"https:\\\/\\\/www.youtube.com\\\/channel\\\/UCGP2Sq0iWaZwT3BdIAQFYpw\"]},{\"@type\":\"Person\",\"@id\":\"https:\\\/\\\/www.organisator.ch\\\/#\\\/schema\\\/person\\\/6f650f90b2842cd4c0cc334b4e36f67e\",\"name\":\"thomas.berner\",\"image\":{\"@type\":\"ImageObject\",\"inLanguage\":\"fr-FR\",\"@id\":\"https:\\\/\\\/secure.gravatar.com\\\/avatar\\\/ac5001d2a36cb6c6cd3e50789007ffca834b477b74a2144564522e944eabff61?s=96&d=mm&r=g\",\"url\":\"https:\\\/\\\/secure.gravatar.com\\\/avatar\\\/ac5001d2a36cb6c6cd3e50789007ffca834b477b74a2144564522e944eabff61?s=96&d=mm&r=g\",\"contentUrl\":\"https:\\\/\\\/secure.gravatar.com\\\/avatar\\\/ac5001d2a36cb6c6cd3e50789007ffca834b477b74a2144564522e944eabff61?s=96&d=mm&r=g\",\"caption\":\"thomas.berner\"},\"url\":\"https:\\\/\\\/www.organisator.ch\\\/fr\\\/author\\\/thomas-berner\\\/\"}]}<\/script>\n<!-- \/ Yoast SEO plugin. -->","yoast_head_json":{"title":"Smart Working en Suisse : neuf enseignements apr\u00e8s un an de pand\u00e9mie - Organisateur","description":"De nombreuses entreprises doivent employer leurs collaborateurs \u00e0 domicile en raison de la pand\u00e9mie. Est-ce la perc\u00e9e du smart working ?","robots":{"index":"index","follow":"follow","max-snippet":"max-snippet:-1","max-image-preview":"max-image-preview:large","max-video-preview":"max-video-preview:-1"},"canonical":"https:\/\/www.organisator.ch\/fr\/ressources-humaines\/hrm\/2021-03-16\/smart-working-in-der-schweiz-neun-erkenntnisse-nach-einem-jahr-pandemie\/","og_locale":"fr_FR","og_type":"article","og_title":"Smart Working in der Schweiz: Neun Erkenntnisse nach einem Jahr Pandemie","og_description":"Viele Unternehmen m\u00fcssen wegen der Pandemie ihre Mitarbeitenden von zu Hause aus besch\u00e4ftigen. Ist das der Durchbruch f\u00fcr Smart Working?","og_url":"https:\/\/www.organisator.ch\/fr\/ressources-humaines\/hrm\/2021-03-16\/smart-working-in-der-schweiz-neun-erkenntnisse-nach-einem-jahr-pandemie\/","og_site_name":"Organisator","article_publisher":"https:\/\/www.facebook.com\/OrganisatorFachmagazin","article_published_time":"2021-03-16T07:27:26+00:00","og_image":[{"width":680,"height":454,"url":"https:\/\/www.organisator.ch\/wp-content\/uploads\/2021\/03\/Smart-Working-in-der-Schweiz-Neun-Erkenntnisse-nach-einem-Jahr-Pandemie_Organisator.jpg","type":"image\/jpeg"}],"author":"thomas.berner","twitter_card":"summary_large_image","twitter_title":"Smart #Working in der Schweiz: Neun Erkenntnisse nach einem Jahr #Pandemie","twitter_description":"Viele Unternehmen m\u00fcssen wegen der Pandemie ihre Mitarbeitenden von zu Hause aus besch\u00e4ftigen. Ist das der Durchbruch f\u00fcr #SmartWorking?","twitter_image":"https:\/\/www.organisator.ch\/wp-content\/uploads\/2021\/03\/Smart-Working-in-der-Schweiz-Neun-Erkenntnisse-nach-einem-Jahr-Pandemie_Organisator.jpg","schema":{"@context":"https:\/\/schema.org","@graph":[{"@type":"Article","@id":"https:\/\/www.organisator.ch\/human-resources\/hrm\/2021-03-16\/smart-working-in-der-schweiz-neun-erkenntnisse-nach-einem-jahr-pandemie\/#article","isPartOf":{"@id":"https:\/\/www.organisator.ch\/human-resources\/hrm\/2021-03-16\/smart-working-in-der-schweiz-neun-erkenntnisse-nach-einem-jahr-pandemie\/"},"author":{"name":"thomas.berner","@id":"https:\/\/www.organisator.ch\/#\/schema\/person\/6f650f90b2842cd4c0cc334b4e36f67e"},"headline":"Smart Working in der Schweiz: Neun Erkenntnisse nach einem Jahr Pandemie","datePublished":"2021-03-16T07:27:26+00:00","mainEntityOfPage":{"@id":"https:\/\/www.organisator.ch\/human-resources\/hrm\/2021-03-16\/smart-working-in-der-schweiz-neun-erkenntnisse-nach-einem-jahr-pandemie\/"},"wordCount":1232,"publisher":{"@id":"https:\/\/www.organisator.ch\/#organization"},"image":{"@id":"https:\/\/www.organisator.ch\/human-resources\/hrm\/2021-03-16\/smart-working-in-der-schweiz-neun-erkenntnisse-nach-einem-jahr-pandemie\/#primaryimage"},"thumbnailUrl":"https:\/\/www.organisator.ch\/wp-content\/uploads\/2021\/03\/Smart-Working-in-der-Schweiz-Neun-Erkenntnisse-nach-einem-Jahr-Pandemie_Organisator.jpg","keywords":["Arbeitsplatzgestaltung","HRM","Management und Unternehmensf\u00fchrung","Studie","Work Smart"],"articleSection":["HRM"],"inLanguage":"fr-FR"},{"@type":"WebPage","@id":"https:\/\/www.organisator.ch\/human-resources\/hrm\/2021-03-16\/smart-working-in-der-schweiz-neun-erkenntnisse-nach-einem-jahr-pandemie\/","url":"https:\/\/www.organisator.ch\/human-resources\/hrm\/2021-03-16\/smart-working-in-der-schweiz-neun-erkenntnisse-nach-einem-jahr-pandemie\/","name":"Smart Working en Suisse : neuf enseignements apr\u00e8s un an de pand\u00e9mie - Organisateur","isPartOf":{"@id":"https:\/\/www.organisator.ch\/#website"},"primaryImageOfPage":{"@id":"https:\/\/www.organisator.ch\/human-resources\/hrm\/2021-03-16\/smart-working-in-der-schweiz-neun-erkenntnisse-nach-einem-jahr-pandemie\/#primaryimage"},"image":{"@id":"https:\/\/www.organisator.ch\/human-resources\/hrm\/2021-03-16\/smart-working-in-der-schweiz-neun-erkenntnisse-nach-einem-jahr-pandemie\/#primaryimage"},"thumbnailUrl":"https:\/\/www.organisator.ch\/wp-content\/uploads\/2021\/03\/Smart-Working-in-der-Schweiz-Neun-Erkenntnisse-nach-einem-Jahr-Pandemie_Organisator.jpg","datePublished":"2021-03-16T07:27:26+00:00","description":"De nombreuses entreprises doivent employer leurs collaborateurs \u00e0 domicile en raison de la pand\u00e9mie. Est-ce la perc\u00e9e du smart working ?","breadcrumb":{"@id":"https:\/\/www.organisator.ch\/human-resources\/hrm\/2021-03-16\/smart-working-in-der-schweiz-neun-erkenntnisse-nach-einem-jahr-pandemie\/#breadcrumb"},"inLanguage":"fr-FR","potentialAction":[{"@type":"ReadAction","target":["https:\/\/www.organisator.ch\/human-resources\/hrm\/2021-03-16\/smart-working-in-der-schweiz-neun-erkenntnisse-nach-einem-jahr-pandemie\/"]}]},{"@type":"ImageObject","inLanguage":"fr-FR","@id":"https:\/\/www.organisator.ch\/human-resources\/hrm\/2021-03-16\/smart-working-in-der-schweiz-neun-erkenntnisse-nach-einem-jahr-pandemie\/#primaryimage","url":"https:\/\/www.organisator.ch\/wp-content\/uploads\/2021\/03\/Smart-Working-in-der-Schweiz-Neun-Erkenntnisse-nach-einem-Jahr-Pandemie_Organisator.jpg","contentUrl":"https:\/\/www.organisator.ch\/wp-content\/uploads\/2021\/03\/Smart-Working-in-der-Schweiz-Neun-Erkenntnisse-nach-einem-Jahr-Pandemie_Organisator.jpg","width":680,"height":454,"caption":"Nach einem Jahr Pandemie spricht alles von Smart Working: Doch mit Homeoffice allein wird man in Zukunft nicht \"smarter\" arbeiten. (Bild: Unsplash.com)"},{"@type":"BreadcrumbList","@id":"https:\/\/www.organisator.ch\/human-resources\/hrm\/2021-03-16\/smart-working-in-der-schweiz-neun-erkenntnisse-nach-einem-jahr-pandemie\/#breadcrumb","itemListElement":[{"@type":"ListItem","position":1,"name":"Home","item":"https:\/\/www.organisator.ch\/"},{"@type":"ListItem","position":2,"name":"Smart Working in der Schweiz: Neun Erkenntnisse nach einem Jahr Pandemie"}]},{"@type":"WebSite","@id":"https:\/\/www.organisator.ch\/#website","url":"https:\/\/www.organisator.ch\/","name":"Organisateur","description":"Comp\u00e9tence et comp\u00e9tence. Proches de la pratique. L'ORGANISATEUR pr\u00e9pare 10 num\u00e9ros par an sur les th\u00e8mes essentiels pour les dirigeants de PME.","publisher":{"@id":"https:\/\/www.organisator.ch\/#organization"},"potentialAction":[{"@type":"SearchAction","target":{"@type":"EntryPoint","urlTemplate":"https:\/\/www.organisator.ch\/?s={search_term_string}"},"query-input":{"@type":"PropertyValueSpecification","valueRequired":true,"valueName":"search_term_string"}}],"inLanguage":"fr-FR"},{"@type":"Organization","@id":"https:\/\/www.organisator.ch\/#organization","name":"Organisateur","url":"https:\/\/www.organisator.ch\/","logo":{"@type":"ImageObject","inLanguage":"fr-FR","@id":"https:\/\/www.organisator.ch\/#\/schema\/logo\/image\/","url":"https:\/\/www.organisator.ch\/wp-content\/uploads\/2022\/01\/Logo_Organisator_Website.png","contentUrl":"https:\/\/www.organisator.ch\/wp-content\/uploads\/2022\/01\/Logo_Organisator_Website.png","width":800,"height":77,"caption":"Organisator"},"image":{"@id":"https:\/\/www.organisator.ch\/#\/schema\/logo\/image\/"},"sameAs":["https:\/\/www.facebook.com\/OrganisatorFachmagazin","https:\/\/www.linkedin.com\/showcase\/organisator-das-magazin-fr-kmu","https:\/\/www.xing.com\/news\/pages\/organisator-ch-695","https:\/\/www.youtube.com\/channel\/UCGP2Sq0iWaZwT3BdIAQFYpw"]},{"@type":"Person","@id":"https:\/\/www.organisator.ch\/#\/schema\/person\/6f650f90b2842cd4c0cc334b4e36f67e","name":"thomas.berner","image":{"@type":"ImageObject","inLanguage":"fr-FR","@id":"https:\/\/secure.gravatar.com\/avatar\/ac5001d2a36cb6c6cd3e50789007ffca834b477b74a2144564522e944eabff61?s=96&d=mm&r=g","url":"https:\/\/secure.gravatar.com\/avatar\/ac5001d2a36cb6c6cd3e50789007ffca834b477b74a2144564522e944eabff61?s=96&d=mm&r=g","contentUrl":"https:\/\/secure.gravatar.com\/avatar\/ac5001d2a36cb6c6cd3e50789007ffca834b477b74a2144564522e944eabff61?s=96&d=mm&r=g","caption":"thomas.berner"},"url":"https:\/\/www.organisator.ch\/fr\/author\/thomas-berner\/"}]}},"_links":{"self":[{"href":"https:\/\/www.organisator.ch\/fr\/wp-json\/wp\/v2\/posts\/7800","targetHints":{"allow":["GET"]}}],"collection":[{"href":"https:\/\/www.organisator.ch\/fr\/wp-json\/wp\/v2\/posts"}],"about":[{"href":"https:\/\/www.organisator.ch\/fr\/wp-json\/wp\/v2\/types\/post"}],"author":[{"embeddable":true,"href":"https:\/\/www.organisator.ch\/fr\/wp-json\/wp\/v2\/users\/4"}],"replies":[{"embeddable":true,"href":"https:\/\/www.organisator.ch\/fr\/wp-json\/wp\/v2\/comments?post=7800"}],"version-history":[{"count":0,"href":"https:\/\/www.organisator.ch\/fr\/wp-json\/wp\/v2\/posts\/7800\/revisions"}],"wp:featuredmedia":[{"embeddable":true,"href":"https:\/\/www.organisator.ch\/fr\/wp-json\/wp\/v2\/media\/7801"}],"wp:attachment":[{"href":"https:\/\/www.organisator.ch\/fr\/wp-json\/wp\/v2\/media?parent=7800"}],"wp:term":[{"taxonomy":"category","embeddable":true,"href":"https:\/\/www.organisator.ch\/fr\/wp-json\/wp\/v2\/categories?post=7800"},{"taxonomy":"post_tag","embeddable":true,"href":"https:\/\/www.organisator.ch\/fr\/wp-json\/wp\/v2\/tags?post=7800"}],"curies":[{"name":"wp","href":"https:\/\/api.w.org\/{rel}","templated":true}]}}