{"id":7803,"date":"2021-03-16T09:36:49","date_gmt":"2021-03-16T08:36:49","guid":{"rendered":"https:\/\/www.organisator.ch\/?p=7803"},"modified":"2021-03-16T09:36:49","modified_gmt":"2021-03-16T08:36:49","slug":"weniger-berufsunfaelle-wegen-corona","status":"publish","type":"post","link":"https:\/\/www.organisator.ch\/fr\/human-resources\/fit_im_job\/2021-03-16\/weniger-berufsunfaelle-wegen-corona\/","title":{"rendered":"Moins d'accidents du travail \u00e0 cause de Corona"},"content":{"rendered":"<div class=\"row row-centered\">\n<div class=\"col-sm-8 col-sm-push-2\">\n<div class=\"m-text-image m-text-image--textonly\" data-anchor=\"text-1\">\n<div class=\"m-rich\">\n<figure id=\"attachment_7806\" aria-describedby=\"caption-attachment-7806\" style=\"width: 680px\" class=\"wp-caption alignnone\"><img loading=\"lazy\" decoding=\"async\" class=\"size-medium wp-image-7806\" src=\"https:\/\/www.organisator.ch\/wp-content\/uploads\/2021\/03\/Weniger-Berufsunfaelle-wegen-Corona-1_Organisator.jpg\" alt=\"\" width=\"680\" height=\"414\" srcset=\"https:\/\/www.organisator.ch\/wp-content\/uploads\/2021\/03\/Weniger-Berufsunfaelle-wegen-Corona-1_Organisator.jpg 680w, https:\/\/www.organisator.ch\/wp-content\/uploads\/2021\/03\/Weniger-Berufsunfaelle-wegen-Corona-1_Organisator-16x10.jpg 16w, https:\/\/www.organisator.ch\/wp-content\/uploads\/2021\/03\/Weniger-Berufsunfaelle-wegen-Corona-1_Organisator-287x175.jpg 287w, https:\/\/www.organisator.ch\/wp-content\/uploads\/2021\/03\/Weniger-Berufsunfaelle-wegen-Corona-1_Organisator-575x350.jpg 575w, https:\/\/www.organisator.ch\/wp-content\/uploads\/2021\/03\/Weniger-Berufsunfaelle-wegen-Corona-1_Organisator-300x183.jpg 300w\" sizes=\"auto, (max-width: 680px) 100vw, 680px\" \/><figcaption id=\"caption-attachment-7806\" class=\"wp-caption-text\">Les accidents professionnels d\u00e9clar\u00e9s \u00e0 la Suva ont diminu\u00e9 en 2020 en raison des mesures prises contre la pand\u00e9mie. Sur la photo : un h\u00e9licopt\u00e8re de la Rega lors d'une d\u00e9monstration de sauvetage de la Croix-Rouge suisse. (KEYSTONE\/Alexandra Wey)<\/figcaption><\/figure>\n<p>L'ann\u00e9e 2020, ann\u00e9e de pand\u00e9mie, a des r\u00e9percussions sur le nombre d'accidents : L'ann\u00e9e derni\u00e8re, les assur\u00e9s ont d\u00e9clar\u00e9 environ 430 000 accidents \u00e0 la Suva, soit 10,0 pour cent de moins que l'ann\u00e9e pr\u00e9c\u00e9dente. Le nombre d'accidents professionnels a diminu\u00e9 de 9,8 pour cent et le nombre d'accidents de loisirs a m\u00eame baiss\u00e9 de 10,9 pour cent. En revanche, le nombre d'accidents chez les personnes inscrites comme ch\u00f4meurs a augment\u00e9 de 4,9 pour cent. Cela s'explique principalement par l'augmentation du nombre de ch\u00f4meurs pendant la pand\u00e9mie de Corona.<\/p>\n<\/div>\n<\/div>\n<\/div>\n<\/div>\n<div class=\"row row-centered\">\n<div class=\"col-sm-8 col-sm-push-2\">\n<div class=\"m-text-image m-text-image--textonly\" data-anchor=\"titel\">\n<div class=\"m-rich\">\n<p><em>Cas enregistr\u00e9s aupr\u00e8s de la Suva dans le cadre de l'assurance-accidents obligatoire :<\/em><\/p>\n<\/div>\n<\/div>\n<div class=\"a-table\" data-t-name=\"Table\" data-t-id=\"10\">\n<table class=\"a-table__table js-a-table__table\" style=\"width: 79.9197%;\">\n<thead class=\"a-table__head\">\n<tr class=\"a-table__row\">\n<th class=\"a-table__th\" style=\"width: 59.7995%;\"><\/th>\n<th class=\"a-table__th\" style=\"width: 14.3143%;\"><strong>2020<\/strong><\/th>\n<th class=\"a-table__th\" style=\"width: 13.3222%;\"><strong>2019<\/strong><\/th>\n<th class=\"a-table__th\" style=\"width: 11.182%;\"><strong>Diff\u00e9rence<\/strong><\/th>\n<\/tr>\n<\/thead>\n<tbody>\n<tr class=\"a-table__row\">\n<td class=\"a-table__td\" style=\"width: 59.7995%;\"><strong>Total accidents et maladies professionnelles<\/strong><\/td>\n<td class=\"a-table__td\" style=\"width: 14.3143%;\"><strong>430\u00a0286<\/strong><\/td>\n<td class=\"a-table__td\" style=\"width: 13.3222%;\"><strong>478\u00a0094<\/strong><\/td>\n<td class=\"a-table__td\" style=\"width: 11.182%;\"><strong>\u2013 10,0 %<\/strong><\/td>\n<\/tr>\n<tr class=\"a-table__row\">\n<td class=\"a-table__td\" style=\"width: 59.7995%;\">dont accidents et maladies professionnels<\/td>\n<td class=\"a-table__td\" style=\"width: 14.3143%;\">165\u00a0609<\/td>\n<td class=\"a-table__td\" style=\"width: 13.3222%;\">183 690<\/td>\n<td class=\"a-table__td\" style=\"width: 11.182%;\">\u2013 9,8 %<\/td>\n<\/tr>\n<tr class=\"a-table__row\">\n<td class=\"a-table__td\" style=\"width: 59.7995%;\">dont accidents non professionnels<\/td>\n<td class=\"a-table__td\" style=\"width: 14.3143%;\">248 415<\/td>\n<td class=\"a-table__td\" style=\"width: 13.3222%;\">278 924<\/td>\n<td class=\"a-table__td\" style=\"width: 11.182%;\">\u2013 10,9 %<\/td>\n<\/tr>\n<tr class=\"a-table__row\">\n<td class=\"a-table__td\" style=\"width: 59.7995%;\">dont accidents et maladies professionnelles dans l'assurance accidents des ch\u00f4meurs<\/td>\n<td class=\"a-table__td\" style=\"width: 14.3143%;\">16\u00a0244<\/td>\n<td class=\"a-table__td\" style=\"width: 13.3222%;\">15\u00a0480<\/td>\n<td class=\"a-table__td\" style=\"width: 11.182%;\">+\u00a04,9 %<\/td>\n<\/tr>\n<\/tbody>\n<\/table>\n<\/div>\n<\/div>\n<\/div>\n<div class=\"row row-centered\">\n<div class=\"col-sm-8 col-sm-push-2\">\n<div class=\"m-text-image m-text-image--textonly\" data-anchor=\"text-2\">\n<div class=\"m-rich\">\n<h4><\/h4>\n<\/div>\n<\/div>\n<p>&nbsp;<\/p>\n<div class=\"m-text-image m-text-image--textonly\" data-anchor=\"text-2\">\n<div class=\"m-rich\">\n<h2>Le lockdown du printemps a r\u00e9duit le nombre d'accidents<\/h2>\n<p>Le nombre d'accidents a fortement diminu\u00e9, en particulier pendant le lockdown \u00e0 partir de la mi-mars 2020. Par moments, la Suva a enregistr\u00e9 presque deux fois moins d'accidents que l'ann\u00e9e pr\u00e9c\u00e9dente. Avec la fin de la premi\u00e8re vague de pand\u00e9mie, le nombre d'accidents est remont\u00e9 en de nombreux endroits au niveau de l'ann\u00e9e pr\u00e9c\u00e9dente entre juillet et septembre 2020. La deuxi\u00e8me vague a ensuite entra\u00een\u00e9 un nouveau recul des accidents d\u00e9clar\u00e9s \u00e0 partir d'octobre 2020. Jusqu'\u00e0 la fin de l'ann\u00e9e, le nombre d'accidents est rest\u00e9 nettement inf\u00e9rieur \u00e0 celui de l'ann\u00e9e pr\u00e9c\u00e9dente.<\/p>\n<h2>Moins de travail - moins d'accidents du travail<\/h2>\n<p>En ce qui concerne les accidents professionnels, la Suva constate que toutes les branches assur\u00e9es aupr\u00e8s d'elle n'ont pas \u00e9t\u00e9 touch\u00e9es de la m\u00eame mani\u00e8re par les mesures ordonn\u00e9es. En de nombreux endroits, le travail a pu \u00eatre poursuivi de mani\u00e8re satisfaisante malgr\u00e9 les restrictions. Dans d'autres secteurs, le travail a \u00e9t\u00e9 fortement r\u00e9duit, ce qui a entra\u00een\u00e9 un fort recul des accidents professionnels. C'est le secteur de l'aviation qui a enregistr\u00e9 le plus fort recul des accidents professionnels (- 54 pour cent).<\/p>\n<figure id=\"attachment_7807\" aria-describedby=\"caption-attachment-7807\" style=\"width: 680px\" class=\"wp-caption alignnone\"><img loading=\"lazy\" decoding=\"async\" class=\"size-medium wp-image-7807\" src=\"https:\/\/www.organisator.ch\/wp-content\/uploads\/2021\/03\/Weniger-Berufsunfaelle-wegen-Corona-2_Organisator.jpg\" alt=\"\" width=\"680\" height=\"456\" srcset=\"https:\/\/www.organisator.ch\/wp-content\/uploads\/2021\/03\/Weniger-Berufsunfaelle-wegen-Corona-2_Organisator.jpg 680w, https:\/\/www.organisator.ch\/wp-content\/uploads\/2021\/03\/Weniger-Berufsunfaelle-wegen-Corona-2_Organisator-16x12.jpg 16w, https:\/\/www.organisator.ch\/wp-content\/uploads\/2021\/03\/Weniger-Berufsunfaelle-wegen-Corona-2_Organisator-261x175.jpg 261w, https:\/\/www.organisator.ch\/wp-content\/uploads\/2021\/03\/Weniger-Berufsunfaelle-wegen-Corona-2_Organisator-522x350.jpg 522w, https:\/\/www.organisator.ch\/wp-content\/uploads\/2021\/03\/Weniger-Berufsunfaelle-wegen-Corona-2_Organisator-300x201.jpg 300w\" sizes=\"auto, (max-width: 680px) 100vw, 680px\" \/><figcaption id=\"caption-attachment-7807\" class=\"wp-caption-text\">C'est surtout le lockdown du printemps 2020 qui a entra\u00een\u00e9 une baisse sensible du nombre d'accidents. (Graphique : Suva)<\/figcaption><\/figure>\n<h2>Activit\u00e9s de loisirs limit\u00e9es<\/h2>\n<p>L'\u00e9volution des accidents de loisirs est similaire \u00e0 celle des accidents professionnels. En mars 2020, les domaines skiables ont ferm\u00e9, ce qui a entra\u00een\u00e9 une fin pr\u00e9coce de la saison de ski et une disparition soudaine des accidents de ski (- 22 %). L'arr\u00eat de la pratique du football pendant une longue p\u00e9riode a \u00e9galement entra\u00een\u00e9 un net recul des accidents de football sur l'ensemble de l'ann\u00e9e par rapport \u00e0 l'ann\u00e9e pr\u00e9c\u00e9dente (- 37 %). La situation est similaire pour les autres sports de balle (- 32 %) et le hockey sur glace (- 42 %).<\/p>\n<h2>Forte augmentation des accidents de v\u00e9lo<\/h2>\n<p>Cependant, certaines activit\u00e9s de loisirs ont \u00e9t\u00e9 pratiqu\u00e9es en plus grand nombre pendant la pand\u00e9mie et ont entra\u00een\u00e9 davantage d'accidents. Faire du v\u00e9lo \u00e9tait possible sans restriction et a \u00e9t\u00e9 favoris\u00e9 par un temps souvent beau d\u00e8s avril 2020. Une cons\u00e9quence : les accidents de v\u00e9lo ont augment\u00e9 de 21 pour cent par rapport \u00e0 l'ann\u00e9e pr\u00e9c\u00e9dente. Environ la moiti\u00e9 de cette augmentation pourrait \u00eatre due \u00e0 un besoin accru de bouger. Les accidents de loisirs ont \u00e9galement augment\u00e9 lors de travaux de jardinage (+ 15 pour cent) et de bricolage (+ 9 pour cent).<\/p>\n<h2>Les co\u00fbts ont moins diminu\u00e9 que les accidents du travail<\/h2>\n<p>La Suva est une assurance sociale et n'a donc pas de but lucratif. Les exc\u00e9dents financiers profitent toujours aux assur\u00e9s sous la forme de primes plus basses. Le recul des accidents pendant la pand\u00e9mie de Corona devrait entra\u00eener des exc\u00e9dents dans de nombreuses branches pour l'exercice comptable 2020. Les assur\u00e9s peuvent donc esp\u00e9rer des primes plus basses en 2022.<\/p>\n<p class=\"Botschaft\">Les premi\u00e8res analyses de la Suva montrent toutefois que les frais m\u00e9dicaux et les indemnit\u00e9s journali\u00e8res des accidents survenus en 2020 ont moins diminu\u00e9 que le nombre d'accidents. Il n'est pas encore possible de donner des indications sur les co\u00fbts des rentes, car les rentes ne sont g\u00e9n\u00e9ralement accord\u00e9es qu'environ trois \u00e0 cinq ans apr\u00e8s l'accident. \"Le fait que les frais m\u00e9dicaux et les indemnit\u00e9s journali\u00e8res aient moins diminu\u00e9 que le nombre de cas signifie en m\u00eame temps une augmentation des co\u00fbts moyens par cas\", explique Peter Andermatt, statisticien \u00e0 la Suva. \"Les statistiques ne permettent pas encore de d\u00e9terminer clairement la cause de cette augmentation. Mais il semble que les principaux facteurs d\u00e9terminants soient un recul plus marqu\u00e9 des cas l\u00e9gers, comme les accidents de sport de balle, et une augmentation de la dur\u00e9e de perception des indemnit\u00e9s journali\u00e8res par cas\".<\/p>\n<p><em>Source : <a href=\"http:\/\/www.suva.ch\">Suva<\/a><\/em><\/p>\n<\/div>\n<\/div>\n<\/div>\n<\/div>","protected":false},"excerpt":{"rendered":"<p>Das Pandemie-Jahr 2020 wirkt sich auf die Unfallzahlen aus: Letztes Jahr meldeten die Versicherten der Suva rund 430 000 Unf\u00e4lle, 10,0 Prozent weniger als im Vorjahr. Die Zahl der Berufsunf\u00e4lle nahm um 9,8 Prozent ab und die Zahl der Freizeitunf\u00e4lle sogar um 10,9 Prozent. Die Zahl der Unf\u00e4lle bei den als arbeitslos gemeldeten Personen hat [&hellip;]<\/p>\n","protected":false},"author":4,"featured_media":7806,"comment_status":"closed","ping_status":"closed","sticky":false,"template":"","format":"standard","meta":{"_acf_changed":false,"_yoast_wpseo_focuskw":"Berufsunf\u00e4lle","_yoast_wpseo_metadesc":"Die neuesten Unfallzahlen der Suva zeigen es deutlich: Weil weniger gearbeitet wurde, gingen die Berufsunf\u00e4lle zur\u00fcck. Auch Freizeitunf\u00e4lle gab es weniger.","articlekey":"","footnotes":""},"categories":[25],"tags":[54,77,208,511],"class_list":["post-7803","post","type-post","status-publish","format-standard","has-post-thumbnail","hentry","category-fit_im_job","tag-arbeitsunfaelle","tag-betriebliches-gesundheitsmanagement","tag-fit-im-job","tag-versicherungen"],"acf":[],"yoast_head":"<!-- This site is optimized with the Yoast SEO plugin v27.4 - https:\/\/yoast.com\/product\/yoast-seo-wordpress\/ -->\n<title>Weniger Berufsunf\u00e4lle wegen Corona - Organisator<\/title>\n<meta name=\"description\" content=\"Die neuesten Unfallzahlen der Suva zeigen es deutlich: Weil weniger gearbeitet wurde, gingen die Berufsunf\u00e4lle zur\u00fcck. Auch Freizeitunf\u00e4lle gab es weniger.\" \/>\n<meta name=\"robots\" content=\"index, follow, max-snippet:-1, max-image-preview:large, max-video-preview:-1\" \/>\n<link rel=\"canonical\" href=\"https:\/\/www.organisator.ch\/fr\/ressources-humaines\/fit_im_job\/2021-03-16\/weniger-berufsunfaelle-wegen-corona\/\" \/>\n<meta property=\"og:locale\" content=\"fr_FR\" \/>\n<meta property=\"og:type\" content=\"article\" \/>\n<meta property=\"og:title\" content=\"Weniger Berufsunf\u00e4lle wegen Corona\" \/>\n<meta property=\"og:description\" content=\"Die neuesten Unfallzahlen der Suva zeigen es deutlich: Weil weniger gearbeitet wurde, gingen die Berufsunf\u00e4lle zur\u00fcck. Auch Freizeitunf\u00e4lle gab es weniger.\" \/>\n<meta property=\"og:url\" content=\"https:\/\/www.organisator.ch\/fr\/ressources-humaines\/fit_im_job\/2021-03-16\/weniger-berufsunfaelle-wegen-corona\/\" \/>\n<meta property=\"og:site_name\" content=\"Organisator\" \/>\n<meta property=\"article:publisher\" content=\"https:\/\/www.facebook.com\/OrganisatorFachmagazin\" \/>\n<meta property=\"article:published_time\" content=\"2021-03-16T08:36:49+00:00\" \/>\n<meta property=\"og:image\" content=\"https:\/\/www.organisator.ch\/wp-content\/uploads\/2021\/03\/Weniger-Berufsunfaelle-wegen-Corona-1_Organisator.jpg\" \/>\n\t<meta property=\"og:image:width\" content=\"680\" \/>\n\t<meta property=\"og:image:height\" content=\"414\" \/>\n\t<meta property=\"og:image:type\" content=\"image\/jpeg\" \/>\n<meta name=\"author\" content=\"thomas.berner\" \/>\n<meta name=\"twitter:card\" content=\"summary_large_image\" \/>\n<meta name=\"twitter:title\" content=\"Weniger #Berufsunf\u00e4lle wegen #Corona\" \/>\n<meta name=\"twitter:description\" content=\"Die neuesten #Unfallzahlen der #Suva zeigen es deutlich: Weil weniger gearbeitet wurde, gingen die #Berufsunf\u00e4lle zur\u00fcck. Auch #Freizeitunf\u00e4lle gab es weniger.\" \/>\n<meta name=\"twitter:image\" content=\"https:\/\/www.organisator.ch\/wp-content\/uploads\/2021\/03\/Weniger-Berufsunfaelle-wegen-Corona-1_Organisator.jpg\" \/>\n<script type=\"application\/ld+json\" class=\"yoast-schema-graph\">{\"@context\":\"https:\\\/\\\/schema.org\",\"@graph\":[{\"@type\":\"Article\",\"@id\":\"https:\\\/\\\/www.organisator.ch\\\/human-resources\\\/fit_im_job\\\/2021-03-16\\\/weniger-berufsunfaelle-wegen-corona\\\/#article\",\"isPartOf\":{\"@id\":\"https:\\\/\\\/www.organisator.ch\\\/human-resources\\\/fit_im_job\\\/2021-03-16\\\/weniger-berufsunfaelle-wegen-corona\\\/\"},\"author\":{\"name\":\"thomas.berner\",\"@id\":\"https:\\\/\\\/www.organisator.ch\\\/#\\\/schema\\\/person\\\/6f650f90b2842cd4c0cc334b4e36f67e\"},\"headline\":\"Weniger Berufsunf\u00e4lle wegen Corona\",\"datePublished\":\"2021-03-16T08:36:49+00:00\",\"mainEntityOfPage\":{\"@id\":\"https:\\\/\\\/www.organisator.ch\\\/human-resources\\\/fit_im_job\\\/2021-03-16\\\/weniger-berufsunfaelle-wegen-corona\\\/\"},\"wordCount\":715,\"publisher\":{\"@id\":\"https:\\\/\\\/www.organisator.ch\\\/#organization\"},\"image\":{\"@id\":\"https:\\\/\\\/www.organisator.ch\\\/human-resources\\\/fit_im_job\\\/2021-03-16\\\/weniger-berufsunfaelle-wegen-corona\\\/#primaryimage\"},\"thumbnailUrl\":\"https:\\\/\\\/www.organisator.ch\\\/wp-content\\\/uploads\\\/2021\\\/03\\\/Weniger-Berufsunfaelle-wegen-Corona-1_Organisator.jpg\",\"keywords\":[\"Arbeitsunf\u00e4lle\",\"Betriebliches Gesundheitsmanagement\",\"Fit im Job\",\"Versicherungen\"],\"articleSection\":[\"FIT IM JOB\"],\"inLanguage\":\"fr-FR\"},{\"@type\":\"WebPage\",\"@id\":\"https:\\\/\\\/www.organisator.ch\\\/human-resources\\\/fit_im_job\\\/2021-03-16\\\/weniger-berufsunfaelle-wegen-corona\\\/\",\"url\":\"https:\\\/\\\/www.organisator.ch\\\/human-resources\\\/fit_im_job\\\/2021-03-16\\\/weniger-berufsunfaelle-wegen-corona\\\/\",\"name\":\"Weniger Berufsunf\u00e4lle wegen Corona - Organisator\",\"isPartOf\":{\"@id\":\"https:\\\/\\\/www.organisator.ch\\\/#website\"},\"primaryImageOfPage\":{\"@id\":\"https:\\\/\\\/www.organisator.ch\\\/human-resources\\\/fit_im_job\\\/2021-03-16\\\/weniger-berufsunfaelle-wegen-corona\\\/#primaryimage\"},\"image\":{\"@id\":\"https:\\\/\\\/www.organisator.ch\\\/human-resources\\\/fit_im_job\\\/2021-03-16\\\/weniger-berufsunfaelle-wegen-corona\\\/#primaryimage\"},\"thumbnailUrl\":\"https:\\\/\\\/www.organisator.ch\\\/wp-content\\\/uploads\\\/2021\\\/03\\\/Weniger-Berufsunfaelle-wegen-Corona-1_Organisator.jpg\",\"datePublished\":\"2021-03-16T08:36:49+00:00\",\"description\":\"Die neuesten Unfallzahlen der Suva zeigen es deutlich: Weil weniger gearbeitet wurde, gingen die Berufsunf\u00e4lle zur\u00fcck. Auch Freizeitunf\u00e4lle gab es weniger.\",\"breadcrumb\":{\"@id\":\"https:\\\/\\\/www.organisator.ch\\\/human-resources\\\/fit_im_job\\\/2021-03-16\\\/weniger-berufsunfaelle-wegen-corona\\\/#breadcrumb\"},\"inLanguage\":\"fr-FR\",\"potentialAction\":[{\"@type\":\"ReadAction\",\"target\":[\"https:\\\/\\\/www.organisator.ch\\\/human-resources\\\/fit_im_job\\\/2021-03-16\\\/weniger-berufsunfaelle-wegen-corona\\\/\"]}]},{\"@type\":\"ImageObject\",\"inLanguage\":\"fr-FR\",\"@id\":\"https:\\\/\\\/www.organisator.ch\\\/human-resources\\\/fit_im_job\\\/2021-03-16\\\/weniger-berufsunfaelle-wegen-corona\\\/#primaryimage\",\"url\":\"https:\\\/\\\/www.organisator.ch\\\/wp-content\\\/uploads\\\/2021\\\/03\\\/Weniger-Berufsunfaelle-wegen-Corona-1_Organisator.jpg\",\"contentUrl\":\"https:\\\/\\\/www.organisator.ch\\\/wp-content\\\/uploads\\\/2021\\\/03\\\/Weniger-Berufsunfaelle-wegen-Corona-1_Organisator.jpg\",\"width\":680,\"height\":414,\"caption\":\"Die der Suva gemeldeten Berufsunf\u00e4lle gingen 2020 infolge der Pandemiemassnahmen zur\u00fcck. Im Bild: Ein Helikopter der Rega bei der Rettungsvorf\u00fchrung des Schweizerischen Roten Kreuzes, SRK, anlaesslich des 150 Jahre Jubilaeum am Montag, 1. August 2016, in Brunnen. (KEYSTONE\\\/Alexandra Wey)\"},{\"@type\":\"BreadcrumbList\",\"@id\":\"https:\\\/\\\/www.organisator.ch\\\/human-resources\\\/fit_im_job\\\/2021-03-16\\\/weniger-berufsunfaelle-wegen-corona\\\/#breadcrumb\",\"itemListElement\":[{\"@type\":\"ListItem\",\"position\":1,\"name\":\"Home\",\"item\":\"https:\\\/\\\/www.organisator.ch\\\/\"},{\"@type\":\"ListItem\",\"position\":2,\"name\":\"Weniger Berufsunf\u00e4lle wegen Corona\"}]},{\"@type\":\"WebSite\",\"@id\":\"https:\\\/\\\/www.organisator.ch\\\/#website\",\"url\":\"https:\\\/\\\/www.organisator.ch\\\/\",\"name\":\"Organisator\",\"description\":\"Kompetent. Praxisnah. Der ORGANISATOR bereitet in 10 Ausgaben pro Jahr die wesentlichen Themen f\u00fcr F\u00fchrungskr\u00e4fte von KMU auf.\",\"publisher\":{\"@id\":\"https:\\\/\\\/www.organisator.ch\\\/#organization\"},\"potentialAction\":[{\"@type\":\"SearchAction\",\"target\":{\"@type\":\"EntryPoint\",\"urlTemplate\":\"https:\\\/\\\/www.organisator.ch\\\/?s={search_term_string}\"},\"query-input\":{\"@type\":\"PropertyValueSpecification\",\"valueRequired\":true,\"valueName\":\"search_term_string\"}}],\"inLanguage\":\"fr-FR\"},{\"@type\":\"Organization\",\"@id\":\"https:\\\/\\\/www.organisator.ch\\\/#organization\",\"name\":\"Organisator\",\"url\":\"https:\\\/\\\/www.organisator.ch\\\/\",\"logo\":{\"@type\":\"ImageObject\",\"inLanguage\":\"fr-FR\",\"@id\":\"https:\\\/\\\/www.organisator.ch\\\/#\\\/schema\\\/logo\\\/image\\\/\",\"url\":\"https:\\\/\\\/www.organisator.ch\\\/wp-content\\\/uploads\\\/2022\\\/01\\\/Logo_Organisator_Website.png\",\"contentUrl\":\"https:\\\/\\\/www.organisator.ch\\\/wp-content\\\/uploads\\\/2022\\\/01\\\/Logo_Organisator_Website.png\",\"width\":800,\"height\":77,\"caption\":\"Organisator\"},\"image\":{\"@id\":\"https:\\\/\\\/www.organisator.ch\\\/#\\\/schema\\\/logo\\\/image\\\/\"},\"sameAs\":[\"https:\\\/\\\/www.facebook.com\\\/OrganisatorFachmagazin\",\"https:\\\/\\\/www.linkedin.com\\\/showcase\\\/organisator-das-magazin-fr-kmu\",\"https:\\\/\\\/www.xing.com\\\/news\\\/pages\\\/organisator-ch-695\",\"https:\\\/\\\/www.youtube.com\\\/channel\\\/UCGP2Sq0iWaZwT3BdIAQFYpw\"]},{\"@type\":\"Person\",\"@id\":\"https:\\\/\\\/www.organisator.ch\\\/#\\\/schema\\\/person\\\/6f650f90b2842cd4c0cc334b4e36f67e\",\"name\":\"thomas.berner\",\"image\":{\"@type\":\"ImageObject\",\"inLanguage\":\"fr-FR\",\"@id\":\"https:\\\/\\\/secure.gravatar.com\\\/avatar\\\/ac5001d2a36cb6c6cd3e50789007ffca834b477b74a2144564522e944eabff61?s=96&d=mm&r=g\",\"url\":\"https:\\\/\\\/secure.gravatar.com\\\/avatar\\\/ac5001d2a36cb6c6cd3e50789007ffca834b477b74a2144564522e944eabff61?s=96&d=mm&r=g\",\"contentUrl\":\"https:\\\/\\\/secure.gravatar.com\\\/avatar\\\/ac5001d2a36cb6c6cd3e50789007ffca834b477b74a2144564522e944eabff61?s=96&d=mm&r=g\",\"caption\":\"thomas.berner\"},\"url\":\"https:\\\/\\\/www.organisator.ch\\\/fr\\\/author\\\/thomas-berner\\\/\"}]}<\/script>\n<!-- \/ Yoast SEO plugin. -->","yoast_head_json":{"title":"Moins d'accidents du travail gr\u00e2ce \u00e0 Corona - Organisateur","description":"Les derniers chiffres de la Suva en mati\u00e8re d'accidents le montrent clairement : comme on a moins travaill\u00e9, les accidents professionnels ont diminu\u00e9. Les accidents de loisirs sont \u00e9galement moins nombreux.","robots":{"index":"index","follow":"follow","max-snippet":"max-snippet:-1","max-image-preview":"max-image-preview:large","max-video-preview":"max-video-preview:-1"},"canonical":"https:\/\/www.organisator.ch\/fr\/ressources-humaines\/fit_im_job\/2021-03-16\/weniger-berufsunfaelle-wegen-corona\/","og_locale":"fr_FR","og_type":"article","og_title":"Weniger Berufsunf\u00e4lle wegen Corona","og_description":"Die neuesten Unfallzahlen der Suva zeigen es deutlich: Weil weniger gearbeitet wurde, gingen die Berufsunf\u00e4lle zur\u00fcck. Auch Freizeitunf\u00e4lle gab es weniger.","og_url":"https:\/\/www.organisator.ch\/fr\/ressources-humaines\/fit_im_job\/2021-03-16\/weniger-berufsunfaelle-wegen-corona\/","og_site_name":"Organisator","article_publisher":"https:\/\/www.facebook.com\/OrganisatorFachmagazin","article_published_time":"2021-03-16T08:36:49+00:00","og_image":[{"width":680,"height":414,"url":"https:\/\/www.organisator.ch\/wp-content\/uploads\/2021\/03\/Weniger-Berufsunfaelle-wegen-Corona-1_Organisator.jpg","type":"image\/jpeg"}],"author":"thomas.berner","twitter_card":"summary_large_image","twitter_title":"Weniger #Berufsunf\u00e4lle wegen #Corona","twitter_description":"Die neuesten #Unfallzahlen der #Suva zeigen es deutlich: Weil weniger gearbeitet wurde, gingen die #Berufsunf\u00e4lle zur\u00fcck. Auch #Freizeitunf\u00e4lle gab es weniger.","twitter_image":"https:\/\/www.organisator.ch\/wp-content\/uploads\/2021\/03\/Weniger-Berufsunfaelle-wegen-Corona-1_Organisator.jpg","schema":{"@context":"https:\/\/schema.org","@graph":[{"@type":"Article","@id":"https:\/\/www.organisator.ch\/human-resources\/fit_im_job\/2021-03-16\/weniger-berufsunfaelle-wegen-corona\/#article","isPartOf":{"@id":"https:\/\/www.organisator.ch\/human-resources\/fit_im_job\/2021-03-16\/weniger-berufsunfaelle-wegen-corona\/"},"author":{"name":"thomas.berner","@id":"https:\/\/www.organisator.ch\/#\/schema\/person\/6f650f90b2842cd4c0cc334b4e36f67e"},"headline":"Weniger Berufsunf\u00e4lle wegen Corona","datePublished":"2021-03-16T08:36:49+00:00","mainEntityOfPage":{"@id":"https:\/\/www.organisator.ch\/human-resources\/fit_im_job\/2021-03-16\/weniger-berufsunfaelle-wegen-corona\/"},"wordCount":715,"publisher":{"@id":"https:\/\/www.organisator.ch\/#organization"},"image":{"@id":"https:\/\/www.organisator.ch\/human-resources\/fit_im_job\/2021-03-16\/weniger-berufsunfaelle-wegen-corona\/#primaryimage"},"thumbnailUrl":"https:\/\/www.organisator.ch\/wp-content\/uploads\/2021\/03\/Weniger-Berufsunfaelle-wegen-Corona-1_Organisator.jpg","keywords":["Arbeitsunf\u00e4lle","Betriebliches Gesundheitsmanagement","Fit im Job","Versicherungen"],"articleSection":["FIT IM JOB"],"inLanguage":"fr-FR"},{"@type":"WebPage","@id":"https:\/\/www.organisator.ch\/human-resources\/fit_im_job\/2021-03-16\/weniger-berufsunfaelle-wegen-corona\/","url":"https:\/\/www.organisator.ch\/human-resources\/fit_im_job\/2021-03-16\/weniger-berufsunfaelle-wegen-corona\/","name":"Moins d'accidents du travail gr\u00e2ce \u00e0 Corona - Organisateur","isPartOf":{"@id":"https:\/\/www.organisator.ch\/#website"},"primaryImageOfPage":{"@id":"https:\/\/www.organisator.ch\/human-resources\/fit_im_job\/2021-03-16\/weniger-berufsunfaelle-wegen-corona\/#primaryimage"},"image":{"@id":"https:\/\/www.organisator.ch\/human-resources\/fit_im_job\/2021-03-16\/weniger-berufsunfaelle-wegen-corona\/#primaryimage"},"thumbnailUrl":"https:\/\/www.organisator.ch\/wp-content\/uploads\/2021\/03\/Weniger-Berufsunfaelle-wegen-Corona-1_Organisator.jpg","datePublished":"2021-03-16T08:36:49+00:00","description":"Les derniers chiffres de la Suva en mati\u00e8re d'accidents le montrent clairement : comme on a moins travaill\u00e9, les accidents professionnels ont diminu\u00e9. Les accidents de loisirs sont \u00e9galement moins nombreux.","breadcrumb":{"@id":"https:\/\/www.organisator.ch\/human-resources\/fit_im_job\/2021-03-16\/weniger-berufsunfaelle-wegen-corona\/#breadcrumb"},"inLanguage":"fr-FR","potentialAction":[{"@type":"ReadAction","target":["https:\/\/www.organisator.ch\/human-resources\/fit_im_job\/2021-03-16\/weniger-berufsunfaelle-wegen-corona\/"]}]},{"@type":"ImageObject","inLanguage":"fr-FR","@id":"https:\/\/www.organisator.ch\/human-resources\/fit_im_job\/2021-03-16\/weniger-berufsunfaelle-wegen-corona\/#primaryimage","url":"https:\/\/www.organisator.ch\/wp-content\/uploads\/2021\/03\/Weniger-Berufsunfaelle-wegen-Corona-1_Organisator.jpg","contentUrl":"https:\/\/www.organisator.ch\/wp-content\/uploads\/2021\/03\/Weniger-Berufsunfaelle-wegen-Corona-1_Organisator.jpg","width":680,"height":414,"caption":"Die der Suva gemeldeten Berufsunf\u00e4lle gingen 2020 infolge der Pandemiemassnahmen zur\u00fcck. Im Bild: Ein Helikopter der Rega bei der Rettungsvorf\u00fchrung des Schweizerischen Roten Kreuzes, SRK, anlaesslich des 150 Jahre Jubilaeum am Montag, 1. August 2016, in Brunnen. (KEYSTONE\/Alexandra Wey)"},{"@type":"BreadcrumbList","@id":"https:\/\/www.organisator.ch\/human-resources\/fit_im_job\/2021-03-16\/weniger-berufsunfaelle-wegen-corona\/#breadcrumb","itemListElement":[{"@type":"ListItem","position":1,"name":"Home","item":"https:\/\/www.organisator.ch\/"},{"@type":"ListItem","position":2,"name":"Weniger Berufsunf\u00e4lle wegen Corona"}]},{"@type":"WebSite","@id":"https:\/\/www.organisator.ch\/#website","url":"https:\/\/www.organisator.ch\/","name":"Organisateur","description":"Comp\u00e9tence et comp\u00e9tence. Proches de la pratique. L'ORGANISATEUR pr\u00e9pare 10 num\u00e9ros par an sur les th\u00e8mes essentiels pour les dirigeants de PME.","publisher":{"@id":"https:\/\/www.organisator.ch\/#organization"},"potentialAction":[{"@type":"SearchAction","target":{"@type":"EntryPoint","urlTemplate":"https:\/\/www.organisator.ch\/?s={search_term_string}"},"query-input":{"@type":"PropertyValueSpecification","valueRequired":true,"valueName":"search_term_string"}}],"inLanguage":"fr-FR"},{"@type":"Organization","@id":"https:\/\/www.organisator.ch\/#organization","name":"Organisateur","url":"https:\/\/www.organisator.ch\/","logo":{"@type":"ImageObject","inLanguage":"fr-FR","@id":"https:\/\/www.organisator.ch\/#\/schema\/logo\/image\/","url":"https:\/\/www.organisator.ch\/wp-content\/uploads\/2022\/01\/Logo_Organisator_Website.png","contentUrl":"https:\/\/www.organisator.ch\/wp-content\/uploads\/2022\/01\/Logo_Organisator_Website.png","width":800,"height":77,"caption":"Organisator"},"image":{"@id":"https:\/\/www.organisator.ch\/#\/schema\/logo\/image\/"},"sameAs":["https:\/\/www.facebook.com\/OrganisatorFachmagazin","https:\/\/www.linkedin.com\/showcase\/organisator-das-magazin-fr-kmu","https:\/\/www.xing.com\/news\/pages\/organisator-ch-695","https:\/\/www.youtube.com\/channel\/UCGP2Sq0iWaZwT3BdIAQFYpw"]},{"@type":"Person","@id":"https:\/\/www.organisator.ch\/#\/schema\/person\/6f650f90b2842cd4c0cc334b4e36f67e","name":"thomas.berner","image":{"@type":"ImageObject","inLanguage":"fr-FR","@id":"https:\/\/secure.gravatar.com\/avatar\/ac5001d2a36cb6c6cd3e50789007ffca834b477b74a2144564522e944eabff61?s=96&d=mm&r=g","url":"https:\/\/secure.gravatar.com\/avatar\/ac5001d2a36cb6c6cd3e50789007ffca834b477b74a2144564522e944eabff61?s=96&d=mm&r=g","contentUrl":"https:\/\/secure.gravatar.com\/avatar\/ac5001d2a36cb6c6cd3e50789007ffca834b477b74a2144564522e944eabff61?s=96&d=mm&r=g","caption":"thomas.berner"},"url":"https:\/\/www.organisator.ch\/fr\/author\/thomas-berner\/"}]}},"_links":{"self":[{"href":"https:\/\/www.organisator.ch\/fr\/wp-json\/wp\/v2\/posts\/7803","targetHints":{"allow":["GET"]}}],"collection":[{"href":"https:\/\/www.organisator.ch\/fr\/wp-json\/wp\/v2\/posts"}],"about":[{"href":"https:\/\/www.organisator.ch\/fr\/wp-json\/wp\/v2\/types\/post"}],"author":[{"embeddable":true,"href":"https:\/\/www.organisator.ch\/fr\/wp-json\/wp\/v2\/users\/4"}],"replies":[{"embeddable":true,"href":"https:\/\/www.organisator.ch\/fr\/wp-json\/wp\/v2\/comments?post=7803"}],"version-history":[{"count":0,"href":"https:\/\/www.organisator.ch\/fr\/wp-json\/wp\/v2\/posts\/7803\/revisions"}],"wp:featuredmedia":[{"embeddable":true,"href":"https:\/\/www.organisator.ch\/fr\/wp-json\/wp\/v2\/media\/7806"}],"wp:attachment":[{"href":"https:\/\/www.organisator.ch\/fr\/wp-json\/wp\/v2\/media?parent=7803"}],"wp:term":[{"taxonomy":"category","embeddable":true,"href":"https:\/\/www.organisator.ch\/fr\/wp-json\/wp\/v2\/categories?post=7803"},{"taxonomy":"post_tag","embeddable":true,"href":"https:\/\/www.organisator.ch\/fr\/wp-json\/wp\/v2\/tags?post=7803"}],"curies":[{"name":"wp","href":"https:\/\/api.w.org\/{rel}","templated":true}]}}