{"id":7827,"date":"2021-03-19T14:43:51","date_gmt":"2021-03-19T13:43:51","guid":{"rendered":"https:\/\/www.organisator.ch\/?p=7827"},"modified":"2021-03-19T14:43:51","modified_gmt":"2021-03-19T13:43:51","slug":"unternehmerinnen-in-einer-digitalen-welt-chancen-und-herausforderungen","status":"publish","type":"post","link":"https:\/\/www.organisator.ch\/fr\/management\/2021-03-19\/unternehmerinnen-in-einer-digitalen-welt-chancen-und-herausforderungen\/","title":{"rendered":"Les femmes entrepreneurs dans un monde num\u00e9rique : opportunit\u00e9s et d\u00e9fis"},"content":{"rendered":"<figure id=\"attachment_7828\" aria-describedby=\"caption-attachment-7828\" style=\"width: 680px\" class=\"wp-caption alignnone\"><img loading=\"lazy\" decoding=\"async\" class=\"size-medium wp-image-7828\" src=\"https:\/\/www.organisator.ch\/wp-content\/uploads\/2021\/03\/Unternehmerinnen-in-einer-digitalen-Welt-Chancen-und-Herausforderungen_Organisator.jpg\" alt=\"\" width=\"680\" height=\"453\" srcset=\"https:\/\/www.organisator.ch\/wp-content\/uploads\/2021\/03\/Unternehmerinnen-in-einer-digitalen-Welt-Chancen-und-Herausforderungen_Organisator.jpg 680w, https:\/\/www.organisator.ch\/wp-content\/uploads\/2021\/03\/Unternehmerinnen-in-einer-digitalen-Welt-Chancen-und-Herausforderungen_Organisator-16x12.jpg 16w, https:\/\/www.organisator.ch\/wp-content\/uploads\/2021\/03\/Unternehmerinnen-in-einer-digitalen-Welt-Chancen-und-Herausforderungen_Organisator-263x175.jpg 263w, https:\/\/www.organisator.ch\/wp-content\/uploads\/2021\/03\/Unternehmerinnen-in-einer-digitalen-Welt-Chancen-und-Herausforderungen_Organisator-525x350.jpg 525w, https:\/\/www.organisator.ch\/wp-content\/uploads\/2021\/03\/Unternehmerinnen-in-einer-digitalen-Welt-Chancen-und-Herausforderungen_Organisator-300x200.jpg 300w\" sizes=\"auto, (max-width: 680px) 100vw, 680px\" \/><figcaption id=\"caption-attachment-7828\" class=\"wp-caption-text\">Dynamique, jolie : les jeunes femmes entrepreneurs sont encore souvent \"victimes\" de clich\u00e9s. (Image : Unsplash.com)<\/figcaption><\/figure>\n<p>Les femmes qui se mettent \u00e0 leur compte avec un mod\u00e8le d'entreprise num\u00e9rique ne le font pas en premier lieu pour pouvoir travailler de mani\u00e8re flexible en termes de temps et de lieu. Mais elles utilisent et appr\u00e9cient \u00e9norm\u00e9ment ces avantages, car la diversit\u00e9 des possibilit\u00e9s ainsi que le degr\u00e9 \u00e9lev\u00e9 d'autod\u00e9termination permettent aux femmes entrepreneurs de concilier de mani\u00e8re cr\u00e9ative leurs ambitions avec leur projet de vie personnel.<\/p>\n<h2>Les femmes entrepreneurs veulent faire quelque chose de sens\u00e9<\/h2>\n<p>Parmi les raisons qui poussent les femmes \u00e0 se mettre \u00e0 leur compte, beaucoup \u00e9voquent la libert\u00e9 et le sens qu'elles donnent \u00e0 leur propre entreprise. Et qui les motivent aussi \u00e0 pers\u00e9v\u00e9rer lorsque les d\u00e9fis deviennent plus importants. Ainsi, toutes les femmes interrog\u00e9es \u00e9taient d'accord<br \/>\nsont unanimes : le pas vers l'ind\u00e9pendance en a valu la peine. C'est ce qui ressort de l'\u00e9tude \"Digital Female Founders\", r\u00e9alis\u00e9e par une \u00e9quipe de recherche interdisciplinaire des d\u00e9partements \u00c9conomie, Travail social et Technique &amp; Architecture de la Haute \u00e9cole de Lucerne. Les chercheurs ont analys\u00e9 les motivations, les caract\u00e9ristiques et les comp\u00e9tences des Digital Female Founders, ainsi que le parcours de leur entreprise, de l'id\u00e9e \u00e0 la cr\u00e9ation jusqu'\u00e0 aujourd'hui. Ils voulaient \u00e9galement savoir quels d\u00e9fis ils avaient rencontr\u00e9s, quelles offres d'encouragement et de soutien ils avaient utilis\u00e9es et lesquelles ils auraient souhait\u00e9 en plus.<\/p>\n<h2>Le financement reste toujours un sujet de pr\u00e9occupation<\/h2>\n<p>La question du financement a pr\u00e9occup\u00e9 les fondatrices de mani\u00e8re continue, mais \u00e0 des degr\u00e9s divers. M\u00eame si certaines privil\u00e9gient l'autofinancement, elles abordent \u00e9galement le financement externe de mani\u00e8re proactive en cas de besoin. La combinaison d'une action prudente et consciente des risques avec le courage n\u00e9cessaire au bon moment s'est av\u00e9r\u00e9e durable et fructueuse dans les start-ups \u00e9tudi\u00e9es.<\/p>\n<p>Outre ces conclusions positives, le projet de recherche met \u00e9galement en lumi\u00e8re des aspects critiques concernant les questions de financement et d'investissement : les femmes sont encore souvent confront\u00e9es \u00e0 des st\u00e9r\u00e9otypes de genre et \u00e0 des in\u00e9galit\u00e9s structurelles. Elles sont ainsi nettement d\u00e9savantag\u00e9es dans l'obtention de capitaux d'investissement, comme le montre clairement la recherche internationale. Avec un autre projet \"Funding Female Founders\", la Haute \u00e9cole de Lucerne d\u00e9veloppe donc des mesures qui facilitent l'acc\u00e8s des fondatrices au capital d'investissement. Pour leur \u00e9tude qualitative, les chercheurs ont interrog\u00e9 dix fondatrices et analys\u00e9 les interviews \u00e0 la lumi\u00e8re de la litt\u00e9rature de recherche internationale. Lors de la s\u00e9lection, l'objectif central \u00e9tait de repr\u00e9senter un large \u00e9ventail de Digital Female Founders en Suisse. Ainsi, les entrepreneuses individuelles \u00e9taient repr\u00e9sent\u00e9es au m\u00eame titre que les fondatrices de start-ups de haute technologie employant plus de dix personnes et d'entreprises actives au niveau mondial ; les tr\u00e8s jeunes entreprises tout comme celles qui sont d\u00e9j\u00e0 sur le march\u00e9 depuis plus de douze ans.<\/p>\n<h2>S\u00e9rie d'\u00e9v\u00e9nements mensuels<\/h2>\n<p>L'enqu\u00eate a montr\u00e9 que les Digital Female Founders appr\u00e9cieraient l'\u00e9change d'exp\u00e9riences avec des femmes qui ont des projets similaires et souhaiteraient \u00e9galement que des mod\u00e8les inspirants soient visibles. C'est ainsi que le projet de recherche a donn\u00e9 naissance \u00e0 une s\u00e9rie d'\u00e9v\u00e9nements mensuels qui d\u00e9buteront le 25 mars, les Female Founders Luncheons.<\/p>\n<p>Le projet Digital Female Founders a \u00e9t\u00e9 financ\u00e9 par le cluster th\u00e9matique interdisciplinaire \"Transformation num\u00e9rique du monde du travail\" de la Haute \u00e9cole de Lucerne et par Smart-Up, le programme de promotion des start-ups propre \u00e0 la Haute \u00e9cole.<\/p>\n<p><em>Source : <a href=\"http:\/\/www.hslu.ch\">Haute \u00e9cole de Lucerne<\/a>. Plus d'informations : <a href=\"http:\/\/www.fundingfemalefounders.ch\">www.fundingfemalefounders.ch<\/a>. Dans l'\u00e9dition imprim\u00e9e 3\/2021 d'ORGANISATOR, un article sp\u00e9cialis\u00e9 aborde en d\u00e9tail le th\u00e8me des \"Female Founders\". Le num\u00e9ro est <a href=\"https:\/\/www.organisator.ch\/abo-bestellung\/\">disponible ici<\/a>.\u00a0<\/em><\/p>","protected":false},"excerpt":{"rendered":"<p>Frauen, die sich mit einem digitalen Gesch\u00e4ftsmodell selbstst\u00e4ndig machen, tun dies nicht prim\u00e4r, um zeitlich und \u00f6rtlich flexibel arbeiten zu k\u00f6nnen. Doch nutzen und sch\u00e4tzen sie diese Vorteile enorm, denn durch die Vielfalt an M\u00f6glichkeiten sowie den hohen Grad an Selbstbestimmung k\u00f6nnen die Unternehmerinnen ihre Ambitionen kreativ mit ihrem pers\u00f6nlichen Lebensentwurf in Einklang bringen. Unternehmerinnen [&hellip;]<\/p>\n","protected":false},"author":4,"featured_media":7828,"comment_status":"closed","ping_status":"closed","sticky":false,"template":"","format":"standard","meta":{"_acf_changed":false,"_yoast_wpseo_focuskw":"Unternehmerinnen","_yoast_wpseo_metadesc":"Ein Forschungsteam der Hochschule Luzern hat die M\u00f6glichkeiten untersucht, die sich f\u00fcr Unternehmerinnen durch die Digitalisierung er\u00f6ffnen.","articlekey":"","footnotes":""},"categories":[28],"tags":[156,335,459,533],"class_list":["post-7827","post","type-post","status-publish","format-standard","has-post-thumbnail","hentry","category-management","tag-digitalisierung","tag-management-und-unternehmensfuehrung","tag-studie","tag-wissenschaft"],"acf":[],"yoast_head":"<!-- This site is optimized with the Yoast SEO plugin v27.4 - https:\/\/yoast.com\/product\/yoast-seo-wordpress\/ -->\n<title>Unternehmerinnen in einer digitalen Welt: Chancen und Herausforderungen - Organisator<\/title>\n<meta name=\"description\" content=\"Ein Forschungsteam der Hochschule Luzern hat die M\u00f6glichkeiten untersucht, die sich f\u00fcr Unternehmerinnen durch die Digitalisierung er\u00f6ffnen.\" \/>\n<meta name=\"robots\" content=\"index, follow, max-snippet:-1, max-image-preview:large, max-video-preview:-1\" \/>\n<link rel=\"canonical\" href=\"https:\/\/www.organisator.ch\/fr\/gestion-2\/2021-03-19\/unternehmerinnen-in-einer-digitalen-welt-chancen-und-herausforderungen\/\" \/>\n<meta property=\"og:locale\" content=\"fr_FR\" \/>\n<meta property=\"og:type\" content=\"article\" \/>\n<meta property=\"og:title\" content=\"Unternehmerinnen in einer digitalen Welt: Chancen und Herausforderungen\" \/>\n<meta property=\"og:description\" content=\"Ein Forschungsteam der Hochschule Luzern hat die M\u00f6glichkeiten untersucht, die sich f\u00fcr Unternehmerinnen durch die Digitalisierung er\u00f6ffnen.\" \/>\n<meta property=\"og:url\" content=\"https:\/\/www.organisator.ch\/fr\/gestion-2\/2021-03-19\/unternehmerinnen-in-einer-digitalen-welt-chancen-und-herausforderungen\/\" \/>\n<meta property=\"og:site_name\" content=\"Organisator\" \/>\n<meta property=\"article:publisher\" content=\"https:\/\/www.facebook.com\/OrganisatorFachmagazin\" \/>\n<meta property=\"article:published_time\" content=\"2021-03-19T13:43:51+00:00\" \/>\n<meta property=\"og:image\" content=\"https:\/\/www.organisator.ch\/wp-content\/uploads\/2021\/03\/Unternehmerinnen-in-einer-digitalen-Welt-Chancen-und-Herausforderungen_Organisator.jpg\" \/>\n\t<meta property=\"og:image:width\" content=\"680\" \/>\n\t<meta property=\"og:image:height\" content=\"453\" \/>\n\t<meta property=\"og:image:type\" content=\"image\/jpeg\" \/>\n<meta name=\"author\" content=\"thomas.berner\" \/>\n<meta name=\"twitter:card\" content=\"summary_large_image\" \/>\n<meta name=\"twitter:title\" content=\"#Unternehmerinnen in einer digitalen Welt: Chancen und Herausforderungen\" \/>\n<meta name=\"twitter:description\" content=\"Ein #Forschungsteam der Hochschule Luzern hat die M\u00f6glichkeiten untersucht, die sich f\u00fcr #Unternehmerinnen durch die #Digitalisierung er\u00f6ffnen.\" \/>\n<meta name=\"twitter:image\" content=\"https:\/\/www.organisator.ch\/wp-content\/uploads\/2021\/03\/Unternehmerinnen-in-einer-digitalen-Welt-Chancen-und-Herausforderungen_Organisator.jpg\" \/>\n<script type=\"application\/ld+json\" class=\"yoast-schema-graph\">{\"@context\":\"https:\\\/\\\/schema.org\",\"@graph\":[{\"@type\":\"Article\",\"@id\":\"https:\\\/\\\/www.organisator.ch\\\/management\\\/2021-03-19\\\/unternehmerinnen-in-einer-digitalen-welt-chancen-und-herausforderungen\\\/#article\",\"isPartOf\":{\"@id\":\"https:\\\/\\\/www.organisator.ch\\\/management\\\/2021-03-19\\\/unternehmerinnen-in-einer-digitalen-welt-chancen-und-herausforderungen\\\/\"},\"author\":{\"name\":\"thomas.berner\",\"@id\":\"https:\\\/\\\/www.organisator.ch\\\/#\\\/schema\\\/person\\\/6f650f90b2842cd4c0cc334b4e36f67e\"},\"headline\":\"Unternehmerinnen in einer digitalen Welt: Chancen und Herausforderungen\",\"datePublished\":\"2021-03-19T13:43:51+00:00\",\"mainEntityOfPage\":{\"@id\":\"https:\\\/\\\/www.organisator.ch\\\/management\\\/2021-03-19\\\/unternehmerinnen-in-einer-digitalen-welt-chancen-und-herausforderungen\\\/\"},\"wordCount\":542,\"publisher\":{\"@id\":\"https:\\\/\\\/www.organisator.ch\\\/#organization\"},\"image\":{\"@id\":\"https:\\\/\\\/www.organisator.ch\\\/management\\\/2021-03-19\\\/unternehmerinnen-in-einer-digitalen-welt-chancen-und-herausforderungen\\\/#primaryimage\"},\"thumbnailUrl\":\"https:\\\/\\\/www.organisator.ch\\\/wp-content\\\/uploads\\\/2021\\\/03\\\/Unternehmerinnen-in-einer-digitalen-Welt-Chancen-und-Herausforderungen_Organisator.jpg\",\"keywords\":[\"Digitalisierung\",\"Management und Unternehmensf\u00fchrung\",\"Studie\",\"Wissenschaft\"],\"articleSection\":[\"MANAGEMENT\"],\"inLanguage\":\"fr-FR\"},{\"@type\":\"WebPage\",\"@id\":\"https:\\\/\\\/www.organisator.ch\\\/management\\\/2021-03-19\\\/unternehmerinnen-in-einer-digitalen-welt-chancen-und-herausforderungen\\\/\",\"url\":\"https:\\\/\\\/www.organisator.ch\\\/management\\\/2021-03-19\\\/unternehmerinnen-in-einer-digitalen-welt-chancen-und-herausforderungen\\\/\",\"name\":\"Unternehmerinnen in einer digitalen Welt: Chancen und Herausforderungen - Organisator\",\"isPartOf\":{\"@id\":\"https:\\\/\\\/www.organisator.ch\\\/#website\"},\"primaryImageOfPage\":{\"@id\":\"https:\\\/\\\/www.organisator.ch\\\/management\\\/2021-03-19\\\/unternehmerinnen-in-einer-digitalen-welt-chancen-und-herausforderungen\\\/#primaryimage\"},\"image\":{\"@id\":\"https:\\\/\\\/www.organisator.ch\\\/management\\\/2021-03-19\\\/unternehmerinnen-in-einer-digitalen-welt-chancen-und-herausforderungen\\\/#primaryimage\"},\"thumbnailUrl\":\"https:\\\/\\\/www.organisator.ch\\\/wp-content\\\/uploads\\\/2021\\\/03\\\/Unternehmerinnen-in-einer-digitalen-Welt-Chancen-und-Herausforderungen_Organisator.jpg\",\"datePublished\":\"2021-03-19T13:43:51+00:00\",\"description\":\"Ein Forschungsteam der Hochschule Luzern hat die M\u00f6glichkeiten untersucht, die sich f\u00fcr Unternehmerinnen durch die Digitalisierung er\u00f6ffnen.\",\"breadcrumb\":{\"@id\":\"https:\\\/\\\/www.organisator.ch\\\/management\\\/2021-03-19\\\/unternehmerinnen-in-einer-digitalen-welt-chancen-und-herausforderungen\\\/#breadcrumb\"},\"inLanguage\":\"fr-FR\",\"potentialAction\":[{\"@type\":\"ReadAction\",\"target\":[\"https:\\\/\\\/www.organisator.ch\\\/management\\\/2021-03-19\\\/unternehmerinnen-in-einer-digitalen-welt-chancen-und-herausforderungen\\\/\"]}]},{\"@type\":\"ImageObject\",\"inLanguage\":\"fr-FR\",\"@id\":\"https:\\\/\\\/www.organisator.ch\\\/management\\\/2021-03-19\\\/unternehmerinnen-in-einer-digitalen-welt-chancen-und-herausforderungen\\\/#primaryimage\",\"url\":\"https:\\\/\\\/www.organisator.ch\\\/wp-content\\\/uploads\\\/2021\\\/03\\\/Unternehmerinnen-in-einer-digitalen-Welt-Chancen-und-Herausforderungen_Organisator.jpg\",\"contentUrl\":\"https:\\\/\\\/www.organisator.ch\\\/wp-content\\\/uploads\\\/2021\\\/03\\\/Unternehmerinnen-in-einer-digitalen-Welt-Chancen-und-Herausforderungen_Organisator.jpg\",\"width\":680,\"height\":453,\"caption\":\"Dynamisch, h\u00fcbsch: Junge Unternehmerinnen sind immer noch h\u00e4ufig \\\"Opfer\\\" von Klischeevorstellungen. (Bild: Unsplash.com)\"},{\"@type\":\"BreadcrumbList\",\"@id\":\"https:\\\/\\\/www.organisator.ch\\\/management\\\/2021-03-19\\\/unternehmerinnen-in-einer-digitalen-welt-chancen-und-herausforderungen\\\/#breadcrumb\",\"itemListElement\":[{\"@type\":\"ListItem\",\"position\":1,\"name\":\"Home\",\"item\":\"https:\\\/\\\/www.organisator.ch\\\/\"},{\"@type\":\"ListItem\",\"position\":2,\"name\":\"Unternehmerinnen in einer digitalen Welt: Chancen und Herausforderungen\"}]},{\"@type\":\"WebSite\",\"@id\":\"https:\\\/\\\/www.organisator.ch\\\/#website\",\"url\":\"https:\\\/\\\/www.organisator.ch\\\/\",\"name\":\"Organisator\",\"description\":\"Kompetent. Praxisnah. Der ORGANISATOR bereitet in 10 Ausgaben pro Jahr die wesentlichen Themen f\u00fcr F\u00fchrungskr\u00e4fte von KMU auf.\",\"publisher\":{\"@id\":\"https:\\\/\\\/www.organisator.ch\\\/#organization\"},\"potentialAction\":[{\"@type\":\"SearchAction\",\"target\":{\"@type\":\"EntryPoint\",\"urlTemplate\":\"https:\\\/\\\/www.organisator.ch\\\/?s={search_term_string}\"},\"query-input\":{\"@type\":\"PropertyValueSpecification\",\"valueRequired\":true,\"valueName\":\"search_term_string\"}}],\"inLanguage\":\"fr-FR\"},{\"@type\":\"Organization\",\"@id\":\"https:\\\/\\\/www.organisator.ch\\\/#organization\",\"name\":\"Organisator\",\"url\":\"https:\\\/\\\/www.organisator.ch\\\/\",\"logo\":{\"@type\":\"ImageObject\",\"inLanguage\":\"fr-FR\",\"@id\":\"https:\\\/\\\/www.organisator.ch\\\/#\\\/schema\\\/logo\\\/image\\\/\",\"url\":\"https:\\\/\\\/www.organisator.ch\\\/wp-content\\\/uploads\\\/2022\\\/01\\\/Logo_Organisator_Website.png\",\"contentUrl\":\"https:\\\/\\\/www.organisator.ch\\\/wp-content\\\/uploads\\\/2022\\\/01\\\/Logo_Organisator_Website.png\",\"width\":800,\"height\":77,\"caption\":\"Organisator\"},\"image\":{\"@id\":\"https:\\\/\\\/www.organisator.ch\\\/#\\\/schema\\\/logo\\\/image\\\/\"},\"sameAs\":[\"https:\\\/\\\/www.facebook.com\\\/OrganisatorFachmagazin\",\"https:\\\/\\\/www.linkedin.com\\\/showcase\\\/organisator-das-magazin-fr-kmu\",\"https:\\\/\\\/www.xing.com\\\/news\\\/pages\\\/organisator-ch-695\",\"https:\\\/\\\/www.youtube.com\\\/channel\\\/UCGP2Sq0iWaZwT3BdIAQFYpw\"]},{\"@type\":\"Person\",\"@id\":\"https:\\\/\\\/www.organisator.ch\\\/#\\\/schema\\\/person\\\/6f650f90b2842cd4c0cc334b4e36f67e\",\"name\":\"thomas.berner\",\"image\":{\"@type\":\"ImageObject\",\"inLanguage\":\"fr-FR\",\"@id\":\"https:\\\/\\\/secure.gravatar.com\\\/avatar\\\/ac5001d2a36cb6c6cd3e50789007ffca834b477b74a2144564522e944eabff61?s=96&d=mm&r=g\",\"url\":\"https:\\\/\\\/secure.gravatar.com\\\/avatar\\\/ac5001d2a36cb6c6cd3e50789007ffca834b477b74a2144564522e944eabff61?s=96&d=mm&r=g\",\"contentUrl\":\"https:\\\/\\\/secure.gravatar.com\\\/avatar\\\/ac5001d2a36cb6c6cd3e50789007ffca834b477b74a2144564522e944eabff61?s=96&d=mm&r=g\",\"caption\":\"thomas.berner\"},\"url\":\"https:\\\/\\\/www.organisator.ch\\\/fr\\\/author\\\/thomas-berner\\\/\"}]}<\/script>\n<!-- \/ Yoast SEO plugin. -->","yoast_head_json":{"title":"Les femmes entrepreneurs dans un monde num\u00e9rique : opportunit\u00e9s et d\u00e9fis - Organisateur","description":"Une \u00e9quipe de recherche de la Haute \u00e9cole de Lucerne a \u00e9tudi\u00e9 les possibilit\u00e9s offertes aux femmes entrepreneurs par la num\u00e9risation.","robots":{"index":"index","follow":"follow","max-snippet":"max-snippet:-1","max-image-preview":"max-image-preview:large","max-video-preview":"max-video-preview:-1"},"canonical":"https:\/\/www.organisator.ch\/fr\/gestion-2\/2021-03-19\/unternehmerinnen-in-einer-digitalen-welt-chancen-und-herausforderungen\/","og_locale":"fr_FR","og_type":"article","og_title":"Unternehmerinnen in einer digitalen Welt: Chancen und Herausforderungen","og_description":"Ein Forschungsteam der Hochschule Luzern hat die M\u00f6glichkeiten untersucht, die sich f\u00fcr Unternehmerinnen durch die Digitalisierung er\u00f6ffnen.","og_url":"https:\/\/www.organisator.ch\/fr\/gestion-2\/2021-03-19\/unternehmerinnen-in-einer-digitalen-welt-chancen-und-herausforderungen\/","og_site_name":"Organisator","article_publisher":"https:\/\/www.facebook.com\/OrganisatorFachmagazin","article_published_time":"2021-03-19T13:43:51+00:00","og_image":[{"width":680,"height":453,"url":"https:\/\/www.organisator.ch\/wp-content\/uploads\/2021\/03\/Unternehmerinnen-in-einer-digitalen-Welt-Chancen-und-Herausforderungen_Organisator.jpg","type":"image\/jpeg"}],"author":"thomas.berner","twitter_card":"summary_large_image","twitter_title":"#Unternehmerinnen in einer digitalen Welt: Chancen und Herausforderungen","twitter_description":"Ein #Forschungsteam der Hochschule Luzern hat die M\u00f6glichkeiten untersucht, die sich f\u00fcr #Unternehmerinnen durch die #Digitalisierung er\u00f6ffnen.","twitter_image":"https:\/\/www.organisator.ch\/wp-content\/uploads\/2021\/03\/Unternehmerinnen-in-einer-digitalen-Welt-Chancen-und-Herausforderungen_Organisator.jpg","schema":{"@context":"https:\/\/schema.org","@graph":[{"@type":"Article","@id":"https:\/\/www.organisator.ch\/management\/2021-03-19\/unternehmerinnen-in-einer-digitalen-welt-chancen-und-herausforderungen\/#article","isPartOf":{"@id":"https:\/\/www.organisator.ch\/management\/2021-03-19\/unternehmerinnen-in-einer-digitalen-welt-chancen-und-herausforderungen\/"},"author":{"name":"thomas.berner","@id":"https:\/\/www.organisator.ch\/#\/schema\/person\/6f650f90b2842cd4c0cc334b4e36f67e"},"headline":"Unternehmerinnen in einer digitalen Welt: Chancen und Herausforderungen","datePublished":"2021-03-19T13:43:51+00:00","mainEntityOfPage":{"@id":"https:\/\/www.organisator.ch\/management\/2021-03-19\/unternehmerinnen-in-einer-digitalen-welt-chancen-und-herausforderungen\/"},"wordCount":542,"publisher":{"@id":"https:\/\/www.organisator.ch\/#organization"},"image":{"@id":"https:\/\/www.organisator.ch\/management\/2021-03-19\/unternehmerinnen-in-einer-digitalen-welt-chancen-und-herausforderungen\/#primaryimage"},"thumbnailUrl":"https:\/\/www.organisator.ch\/wp-content\/uploads\/2021\/03\/Unternehmerinnen-in-einer-digitalen-Welt-Chancen-und-Herausforderungen_Organisator.jpg","keywords":["Digitalisierung","Management und Unternehmensf\u00fchrung","Studie","Wissenschaft"],"articleSection":["MANAGEMENT"],"inLanguage":"fr-FR"},{"@type":"WebPage","@id":"https:\/\/www.organisator.ch\/management\/2021-03-19\/unternehmerinnen-in-einer-digitalen-welt-chancen-und-herausforderungen\/","url":"https:\/\/www.organisator.ch\/management\/2021-03-19\/unternehmerinnen-in-einer-digitalen-welt-chancen-und-herausforderungen\/","name":"Les femmes entrepreneurs dans un monde num\u00e9rique : opportunit\u00e9s et d\u00e9fis - Organisateur","isPartOf":{"@id":"https:\/\/www.organisator.ch\/#website"},"primaryImageOfPage":{"@id":"https:\/\/www.organisator.ch\/management\/2021-03-19\/unternehmerinnen-in-einer-digitalen-welt-chancen-und-herausforderungen\/#primaryimage"},"image":{"@id":"https:\/\/www.organisator.ch\/management\/2021-03-19\/unternehmerinnen-in-einer-digitalen-welt-chancen-und-herausforderungen\/#primaryimage"},"thumbnailUrl":"https:\/\/www.organisator.ch\/wp-content\/uploads\/2021\/03\/Unternehmerinnen-in-einer-digitalen-Welt-Chancen-und-Herausforderungen_Organisator.jpg","datePublished":"2021-03-19T13:43:51+00:00","description":"Une \u00e9quipe de recherche de la Haute \u00e9cole de Lucerne a \u00e9tudi\u00e9 les possibilit\u00e9s offertes aux femmes entrepreneurs par la num\u00e9risation.","breadcrumb":{"@id":"https:\/\/www.organisator.ch\/management\/2021-03-19\/unternehmerinnen-in-einer-digitalen-welt-chancen-und-herausforderungen\/#breadcrumb"},"inLanguage":"fr-FR","potentialAction":[{"@type":"ReadAction","target":["https:\/\/www.organisator.ch\/management\/2021-03-19\/unternehmerinnen-in-einer-digitalen-welt-chancen-und-herausforderungen\/"]}]},{"@type":"ImageObject","inLanguage":"fr-FR","@id":"https:\/\/www.organisator.ch\/management\/2021-03-19\/unternehmerinnen-in-einer-digitalen-welt-chancen-und-herausforderungen\/#primaryimage","url":"https:\/\/www.organisator.ch\/wp-content\/uploads\/2021\/03\/Unternehmerinnen-in-einer-digitalen-Welt-Chancen-und-Herausforderungen_Organisator.jpg","contentUrl":"https:\/\/www.organisator.ch\/wp-content\/uploads\/2021\/03\/Unternehmerinnen-in-einer-digitalen-Welt-Chancen-und-Herausforderungen_Organisator.jpg","width":680,"height":453,"caption":"Dynamisch, h\u00fcbsch: Junge Unternehmerinnen sind immer noch h\u00e4ufig \"Opfer\" von Klischeevorstellungen. (Bild: Unsplash.com)"},{"@type":"BreadcrumbList","@id":"https:\/\/www.organisator.ch\/management\/2021-03-19\/unternehmerinnen-in-einer-digitalen-welt-chancen-und-herausforderungen\/#breadcrumb","itemListElement":[{"@type":"ListItem","position":1,"name":"Home","item":"https:\/\/www.organisator.ch\/"},{"@type":"ListItem","position":2,"name":"Unternehmerinnen in einer digitalen Welt: Chancen und Herausforderungen"}]},{"@type":"WebSite","@id":"https:\/\/www.organisator.ch\/#website","url":"https:\/\/www.organisator.ch\/","name":"Organisateur","description":"Comp\u00e9tence et comp\u00e9tence. Proches de la pratique. L'ORGANISATEUR pr\u00e9pare 10 num\u00e9ros par an sur les th\u00e8mes essentiels pour les dirigeants de PME.","publisher":{"@id":"https:\/\/www.organisator.ch\/#organization"},"potentialAction":[{"@type":"SearchAction","target":{"@type":"EntryPoint","urlTemplate":"https:\/\/www.organisator.ch\/?s={search_term_string}"},"query-input":{"@type":"PropertyValueSpecification","valueRequired":true,"valueName":"search_term_string"}}],"inLanguage":"fr-FR"},{"@type":"Organization","@id":"https:\/\/www.organisator.ch\/#organization","name":"Organisateur","url":"https:\/\/www.organisator.ch\/","logo":{"@type":"ImageObject","inLanguage":"fr-FR","@id":"https:\/\/www.organisator.ch\/#\/schema\/logo\/image\/","url":"https:\/\/www.organisator.ch\/wp-content\/uploads\/2022\/01\/Logo_Organisator_Website.png","contentUrl":"https:\/\/www.organisator.ch\/wp-content\/uploads\/2022\/01\/Logo_Organisator_Website.png","width":800,"height":77,"caption":"Organisator"},"image":{"@id":"https:\/\/www.organisator.ch\/#\/schema\/logo\/image\/"},"sameAs":["https:\/\/www.facebook.com\/OrganisatorFachmagazin","https:\/\/www.linkedin.com\/showcase\/organisator-das-magazin-fr-kmu","https:\/\/www.xing.com\/news\/pages\/organisator-ch-695","https:\/\/www.youtube.com\/channel\/UCGP2Sq0iWaZwT3BdIAQFYpw"]},{"@type":"Person","@id":"https:\/\/www.organisator.ch\/#\/schema\/person\/6f650f90b2842cd4c0cc334b4e36f67e","name":"thomas.berner","image":{"@type":"ImageObject","inLanguage":"fr-FR","@id":"https:\/\/secure.gravatar.com\/avatar\/ac5001d2a36cb6c6cd3e50789007ffca834b477b74a2144564522e944eabff61?s=96&d=mm&r=g","url":"https:\/\/secure.gravatar.com\/avatar\/ac5001d2a36cb6c6cd3e50789007ffca834b477b74a2144564522e944eabff61?s=96&d=mm&r=g","contentUrl":"https:\/\/secure.gravatar.com\/avatar\/ac5001d2a36cb6c6cd3e50789007ffca834b477b74a2144564522e944eabff61?s=96&d=mm&r=g","caption":"thomas.berner"},"url":"https:\/\/www.organisator.ch\/fr\/author\/thomas-berner\/"}]}},"_links":{"self":[{"href":"https:\/\/www.organisator.ch\/fr\/wp-json\/wp\/v2\/posts\/7827","targetHints":{"allow":["GET"]}}],"collection":[{"href":"https:\/\/www.organisator.ch\/fr\/wp-json\/wp\/v2\/posts"}],"about":[{"href":"https:\/\/www.organisator.ch\/fr\/wp-json\/wp\/v2\/types\/post"}],"author":[{"embeddable":true,"href":"https:\/\/www.organisator.ch\/fr\/wp-json\/wp\/v2\/users\/4"}],"replies":[{"embeddable":true,"href":"https:\/\/www.organisator.ch\/fr\/wp-json\/wp\/v2\/comments?post=7827"}],"version-history":[{"count":0,"href":"https:\/\/www.organisator.ch\/fr\/wp-json\/wp\/v2\/posts\/7827\/revisions"}],"wp:featuredmedia":[{"embeddable":true,"href":"https:\/\/www.organisator.ch\/fr\/wp-json\/wp\/v2\/media\/7828"}],"wp:attachment":[{"href":"https:\/\/www.organisator.ch\/fr\/wp-json\/wp\/v2\/media?parent=7827"}],"wp:term":[{"taxonomy":"category","embeddable":true,"href":"https:\/\/www.organisator.ch\/fr\/wp-json\/wp\/v2\/categories?post=7827"},{"taxonomy":"post_tag","embeddable":true,"href":"https:\/\/www.organisator.ch\/fr\/wp-json\/wp\/v2\/tags?post=7827"}],"curies":[{"name":"wp","href":"https:\/\/api.w.org\/{rel}","templated":true}]}}