{"id":7830,"date":"2021-03-22T13:38:21","date_gmt":"2021-03-22T12:38:21","guid":{"rendered":"https:\/\/www.organisator.ch\/?p=7830"},"modified":"2021-03-22T13:38:21","modified_gmt":"2021-03-22T12:38:21","slug":"immobilienbranche-kein-digitalisierungsschub-wegen-corona","status":"publish","type":"post","link":"https:\/\/www.organisator.ch\/fr\/management\/2021-03-22\/immobilienbranche-kein-digitalisierungsschub-wegen-corona\/","title":{"rendered":"Secteur immobilier : pas de pouss\u00e9e de num\u00e9risation \u00e0 cause de Corona"},"content":{"rendered":"<div id=\"c2612\" class=\"text-block--fullwidth\">\n<div class=\"richtext\">\n<div>\n<figure id=\"attachment_7831\" aria-describedby=\"caption-attachment-7831\" style=\"width: 680px\" class=\"wp-caption alignnone\"><img loading=\"lazy\" decoding=\"async\" class=\"size-medium wp-image-7831\" src=\"https:\/\/www.organisator.ch\/wp-content\/uploads\/2021\/03\/Immobilienbranche-Kein-Digitalisierungsschub-wegen-Corona-1_Organisator.jpg\" alt=\"\" width=\"680\" height=\"409\" srcset=\"https:\/\/www.organisator.ch\/wp-content\/uploads\/2021\/03\/Immobilienbranche-Kein-Digitalisierungsschub-wegen-Corona-1_Organisator.jpg 680w, https:\/\/www.organisator.ch\/wp-content\/uploads\/2021\/03\/Immobilienbranche-Kein-Digitalisierungsschub-wegen-Corona-1_Organisator-16x10.jpg 16w, https:\/\/www.organisator.ch\/wp-content\/uploads\/2021\/03\/Immobilienbranche-Kein-Digitalisierungsschub-wegen-Corona-1_Organisator-291x175.jpg 291w, https:\/\/www.organisator.ch\/wp-content\/uploads\/2021\/03\/Immobilienbranche-Kein-Digitalisierungsschub-wegen-Corona-1_Organisator-582x350.jpg 582w, https:\/\/www.organisator.ch\/wp-content\/uploads\/2021\/03\/Immobilienbranche-Kein-Digitalisierungsschub-wegen-Corona-1_Organisator-300x180.jpg 300w\" sizes=\"auto, (max-width: 680px) 100vw, 680px\" \/><figcaption id=\"caption-attachment-7831\" class=\"wp-caption-text\">Etudier des plans de construction analogiques : une pouss\u00e9e de num\u00e9risation d\u00e9clench\u00e9e par Corona n'est pas encore visible dans le secteur immobilier. (Image : Pixabay.com)<\/figcaption><\/figure>\n<p>Environ 250 cadres et experts immobiliers de Suisse et d'Allemagne ont particip\u00e9 \u00e0 l'\u00e9tude Digital Real Estate 2021. Les participants ont certes jug\u00e9 leur propre maturit\u00e9 en mati\u00e8re de num\u00e9risation l\u00e9g\u00e8rement meilleure que l'ann\u00e9e pr\u00e9c\u00e9dente, mais la continuit\u00e9 num\u00e9rique des processus dans le secteur immobilier reste une vision, selon la conclusion de l'enqu\u00eate. L'\u00e9tude mesure dans quelle mesure les entreprises immobili\u00e8res se pr\u00e9occupent de la num\u00e9risation et dans quelle mesure elles ont d\u00e9j\u00e0 pris et mis en \u0153uvre des mesures. Le calcul se base sur 25 indicateurs r\u00e9partis en cinq clusters et douze domaines technologiques. Sur une \u00e9chelle de 1 \u00e0 10, la maturit\u00e9 actuelle de la num\u00e9risation est \u00e9valu\u00e9e \u00e0 4,2 sur l'ensemble du march\u00e9, ce qui correspond \u00e0 une augmentation de 0,3 point. Les diff\u00e9rences entre les indices pour la Suisse et l'Allemagne se sont \u00e0 nouveau accentu\u00e9es cette ann\u00e9e avec 4,1 et 4,6. L'\u00e9tude Digital Real Estate a \u00e9t\u00e9 r\u00e9alis\u00e9e pour la troisi\u00e8me fois.<\/p>\n<\/div>\n<h2>Plus de num\u00e9risation dans le Facility Management, moins chez les propri\u00e9taires et les investisseurs<\/h2>\n<div>\n<p class=\"bodytext\">\"La l\u00e9g\u00e8re augmentation de l'indice s'explique notamment par le fait que le degr\u00e9 de num\u00e9risation est plus homog\u00e8ne entre les diff\u00e9rents r\u00f4les. L'ann\u00e9e derni\u00e8re, les gestionnaires et les prestataires de services FM ont particuli\u00e8rement progress\u00e9 en termes de num\u00e9risation. Des solutions telles que les portails de locataires, l'introduction de dossiers de locataires num\u00e9riques, l'automatisation du processus de location, mais aussi de nouvelles possibilit\u00e9s dans l'exploitation des b\u00e2timents ont certainement contribu\u00e9 \u00e0 cette am\u00e9lioration. Les propri\u00e9taires et les investisseurs sont les moins avanc\u00e9s dans la num\u00e9risation - leur indice de num\u00e9risation est m\u00eame l\u00e9g\u00e8rement inf\u00e9rieur \u00e0 celui de 2020\", estime le Dr Joachim Baldegger, directeur de l'\u00e9tude et responsable du Service Unit Future Lab au sein de l'entreprise de conseil pom+, qui a r\u00e9alis\u00e9 l'\u00e9tude en collaboration avec Bauen digital Schweiz\/buildingSMART Switzerland.<\/p>\n<figure id=\"attachment_7832\" aria-describedby=\"caption-attachment-7832\" style=\"width: 680px\" class=\"wp-caption alignnone\"><img loading=\"lazy\" decoding=\"async\" class=\"wp-image-7832 size-medium\" src=\"https:\/\/www.organisator.ch\/wp-content\/uploads\/2021\/03\/Immobilienbranche-Kein-Digitalisierungsschub-wegen-Corona-2_Organisator.jpg\" alt=\"\" width=\"680\" height=\"220\" srcset=\"https:\/\/www.organisator.ch\/wp-content\/uploads\/2021\/03\/Immobilienbranche-Kein-Digitalisierungsschub-wegen-Corona-2_Organisator.jpg 680w, https:\/\/www.organisator.ch\/wp-content\/uploads\/2021\/03\/Immobilienbranche-Kein-Digitalisierungsschub-wegen-Corona-2_Organisator-16x5.jpg 16w, https:\/\/www.organisator.ch\/wp-content\/uploads\/2021\/03\/Immobilienbranche-Kein-Digitalisierungsschub-wegen-Corona-2_Organisator-375x121.jpg 375w, https:\/\/www.organisator.ch\/wp-content\/uploads\/2021\/03\/Immobilienbranche-Kein-Digitalisierungsschub-wegen-Corona-2_Organisator-300x97.jpg 300w\" sizes=\"auto, (max-width: 680px) 100vw, 680px\" \/><figcaption id=\"caption-attachment-7832\" class=\"wp-caption-text\">(source : pom+)<\/figcaption><\/figure>\n<\/div>\n<div><\/div>\n<div>En ce qui concerne les investissements dans l'innovation et la num\u00e9risation, le tableau est tr\u00e8s h\u00e9t\u00e9rog\u00e8ne. De nombreuses entreprises y consacrent entre 1% et 5% de leur chiffre d'affaires annuel (43%). Environ un quart des personnes interrog\u00e9es (24%) investissent plus de 5% du chiffre d'affaires. Les propri\u00e9taires et les investisseurs se trouvent ici en queue de peloton, ce qui pourrait \u00eatre l'une des raisons de la baisse de l'indice.<\/div>\n<h2>L'accent de la num\u00e9risation dans le secteur immobilier se d\u00e9place<\/h2>\n<div>\n<p class=\"bodytext\">La situation exceptionnelle autour de la pand\u00e9mie de Corona a des r\u00e9percussions sur la num\u00e9risation du secteur de la construction et de l'immobilier. Ainsi, les investissements dans l'automatisation des processus internes et dans les projets de num\u00e9risation ont \u00e9t\u00e9 r\u00e9alis\u00e9s avec plus de retenue. En cons\u00e9quence, les technologies num\u00e9riques sont moins utilis\u00e9es - seules les plateformes et les portails font exception.<\/p>\n<\/div>\n<div>\"L'accent de la num\u00e9risation s'est d\u00e9plac\u00e9 l'ann\u00e9e derni\u00e8re. Au lieu d'optimiser les processus internes, les relations avec les clients ont \u00e9t\u00e9 soign\u00e9es et am\u00e9lior\u00e9es\", explique Baldegger. Cette \u00e9volution est compr\u00e9hensible compte tenu de l'incertitude \u00e9conomique, mais le secteur doit veiller \u00e0 ne pas perdre encore plus le contact num\u00e9rique. Baldegger ajoute : \"Les changements qui se dessinent dans le domaine des nouveaux mod\u00e8les de travail et la transformation et le r\u00e9am\u00e9nagement des espaces de bureau qui en d\u00e9coulent rec\u00e8lent de grandes opportunit\u00e9s pour des solutions num\u00e9riques innovantes. Il faut esp\u00e9rer que cette \u00e9volution ne concerne pas seulement la collaboration, mais qu'elle d\u00e9clenche un changement profond vers une utilisation transparente et d\u00e9mocratis\u00e9e des donn\u00e9es\".<\/div>\n<div>\n<h2>\"La continuit\u00e9 num\u00e9rique des processus ? Pas du tout !\"<\/h2>\n<p class=\"bodytext\">Cette ann\u00e9e, l'enqu\u00eate s'est concentr\u00e9e sur la mod\u00e9lisation des informations du b\u00e2timent (BIM). 63% des personnes interrog\u00e9es consid\u00e8rent l'application du BIM comme pertinente pour leur entreprise, le BIM \u00e9tant actuellement surtout consid\u00e9r\u00e9 comme important pour la planification et la construction de b\u00e2timents. \"La valeur ajout\u00e9e du BIM ne peut toutefois \u00eatre r\u00e9alis\u00e9e que sur l'ensemble du cycle de vie\", estime Alar Jost, co-auteur et vice-pr\u00e9sident de buildingSMART Switzerland. Les r\u00e9sultats de l'enqu\u00eate indiquent que l'importance de la continuit\u00e9 des processus num\u00e9riques et de l'automatisation n'est pas encore pleinement comprise et que la voie de solution pour \u00e9tablir le BIM comme base d'un mod\u00e8le de donn\u00e9es continu du b\u00e2timent (Digital Twin) sur le march\u00e9 n'est pas encore claire.<\/p>\n<p class=\"bodytext\">\"Nous devons maintenant travailler sur la culture, l'int\u00e9gration dans la cha\u00eene de valeur et le niveau de connaissances. Les prochaines \u00e9tapes sont donc claires : nous sommes appel\u00e9s \u00e0 d\u00e9velopper des normes de donn\u00e9es continues et des technologies ouvertes que les parties prenantes peuvent utiliser de mani\u00e8re transversale\", explique Jost, expert BIM qui dirige l'unit\u00e9 de service correspondante chez pom+.<\/p>\n<\/div>\n<\/div>\n<\/div>\n<article id=\"c2613\" class=\"text-block--fullwidth\">\n<p class=\"text\">Source et informations compl\u00e9mentaires : <a href=\"http:\/\/www.pom.ch\">pom+Consulting AG<\/a> et <a href=\"https:\/\/bauen-digital.ch\/de\/\">Construire en num\u00e9rique Suisse\/buildingSMART Switzerland<\/a><\/p>\n<\/article>","protected":false},"excerpt":{"rendered":"<p>Rund 250 F\u00fchrungskr\u00e4fte und Immobilienexperten aus der Schweiz und Deutschland haben sich an der Digital Real Estate Studie 2021 beteiligt. Die Teilnehmenden beurteilten ihre eigene Digitalisierungsreife zwar leicht besser als im Vorjahr, doch bleibt die digitale Prozessdurchg\u00e4ngigkeit in der Immobilienbranche weiterhin eine Vision, so das Fazit der Untersuchung. Die Studie misst, in welchem Ausmass sich [&hellip;]<\/p>\n","protected":false},"author":4,"featured_media":7831,"comment_status":"closed","ping_status":"closed","sticky":false,"template":"","format":"standard","meta":{"_acf_changed":false,"_yoast_wpseo_focuskw":"Immobilienbranche","_yoast_wpseo_metadesc":"In vielen Branchen wird von einem corona-bedingten Digitalisierungsschub gesprochen. Die Bau- und Immobilienbranche hingegen hinkt da noch hinterher.","articlekey":"","footnotes":""},"categories":[28],"tags":[71,90,156,263,459],"class_list":["post-7830","post","type-post","status-publish","format-standard","has-post-thumbnail","hentry","category-management","tag-baubranche","tag-branchen","tag-digitalisierung","tag-immobilien","tag-studie"],"acf":[],"yoast_head":"<!-- This site is optimized with the Yoast SEO plugin v27.5 - https:\/\/yoast.com\/product\/yoast-seo-wordpress\/ -->\n<title>Immobilienbranche: Kein Digitalisierungsschub wegen Corona - Organisator<\/title>\n<meta name=\"description\" content=\"In vielen Branchen wird von einem corona-bedingten Digitalisierungsschub gesprochen. Die Bau- und Immobilienbranche hingegen hinkt da noch hinterher.\" \/>\n<meta name=\"robots\" content=\"index, follow, max-snippet:-1, max-image-preview:large, max-video-preview:-1\" \/>\n<link rel=\"canonical\" href=\"https:\/\/www.organisator.ch\/fr\/gestion-2\/2021-03-22\/immobilienbranche-kein-digitalisierungsschub-wegen-corona\/\" \/>\n<meta property=\"og:locale\" content=\"fr_FR\" \/>\n<meta property=\"og:type\" content=\"article\" \/>\n<meta property=\"og:title\" content=\"Immobilienbranche: Kein Digitalisierungsschub wegen Corona\" \/>\n<meta property=\"og:description\" content=\"In vielen Branchen wird von einem corona-bedingten Digitalisierungsschub gesprochen. Die Bau- und Immobilienbranche hingegen hinkt da noch hinterher.\" \/>\n<meta property=\"og:url\" content=\"https:\/\/www.organisator.ch\/fr\/gestion-2\/2021-03-22\/immobilienbranche-kein-digitalisierungsschub-wegen-corona\/\" \/>\n<meta property=\"og:site_name\" content=\"Organisator\" \/>\n<meta property=\"article:publisher\" content=\"https:\/\/www.facebook.com\/OrganisatorFachmagazin\" \/>\n<meta property=\"article:published_time\" content=\"2021-03-22T12:38:21+00:00\" \/>\n<meta property=\"og:image\" content=\"https:\/\/www.organisator.ch\/wp-content\/uploads\/2021\/03\/Immobilienbranche-Kein-Digitalisierungsschub-wegen-Corona-1_Organisator.jpg\" \/>\n\t<meta property=\"og:image:width\" content=\"680\" \/>\n\t<meta property=\"og:image:height\" content=\"409\" \/>\n\t<meta property=\"og:image:type\" content=\"image\/jpeg\" \/>\n<meta name=\"author\" content=\"thomas.berner\" \/>\n<meta name=\"twitter:card\" content=\"summary_large_image\" \/>\n<meta name=\"twitter:title\" content=\"#Immobilienbranche: Kein #Digitalisierungsschub wegen Corona\" \/>\n<meta name=\"twitter:description\" content=\"In vielen Branchen wird von einem corona-bedingten #Digitalisierungsschub gesprochen. Die Bau- und #Immobilienbranche hingegen hinkt da noch hinterher.\" \/>\n<meta name=\"twitter:image\" content=\"https:\/\/www.organisator.ch\/wp-content\/uploads\/2021\/03\/Immobilienbranche-Kein-Digitalisierungsschub-wegen-Corona-1_Organisator.jpg\" \/>\n<script type=\"application\/ld+json\" class=\"yoast-schema-graph\">{\"@context\":\"https:\\\/\\\/schema.org\",\"@graph\":[{\"@type\":\"Article\",\"@id\":\"https:\\\/\\\/www.organisator.ch\\\/management\\\/2021-03-22\\\/immobilienbranche-kein-digitalisierungsschub-wegen-corona\\\/#article\",\"isPartOf\":{\"@id\":\"https:\\\/\\\/www.organisator.ch\\\/management\\\/2021-03-22\\\/immobilienbranche-kein-digitalisierungsschub-wegen-corona\\\/\"},\"author\":{\"name\":\"thomas.berner\",\"@id\":\"https:\\\/\\\/www.organisator.ch\\\/#\\\/schema\\\/person\\\/6f650f90b2842cd4c0cc334b4e36f67e\"},\"headline\":\"Immobilienbranche: Kein Digitalisierungsschub wegen Corona\",\"datePublished\":\"2021-03-22T12:38:21+00:00\",\"mainEntityOfPage\":{\"@id\":\"https:\\\/\\\/www.organisator.ch\\\/management\\\/2021-03-22\\\/immobilienbranche-kein-digitalisierungsschub-wegen-corona\\\/\"},\"wordCount\":695,\"publisher\":{\"@id\":\"https:\\\/\\\/www.organisator.ch\\\/#organization\"},\"image\":{\"@id\":\"https:\\\/\\\/www.organisator.ch\\\/management\\\/2021-03-22\\\/immobilienbranche-kein-digitalisierungsschub-wegen-corona\\\/#primaryimage\"},\"thumbnailUrl\":\"https:\\\/\\\/www.organisator.ch\\\/wp-content\\\/uploads\\\/2021\\\/03\\\/Immobilienbranche-Kein-Digitalisierungsschub-wegen-Corona-1_Organisator.jpg\",\"keywords\":[\"Baubranche\",\"Branchen\",\"Digitalisierung\",\"Immobilien\",\"Studie\"],\"articleSection\":[\"MANAGEMENT\"],\"inLanguage\":\"fr-FR\"},{\"@type\":\"WebPage\",\"@id\":\"https:\\\/\\\/www.organisator.ch\\\/management\\\/2021-03-22\\\/immobilienbranche-kein-digitalisierungsschub-wegen-corona\\\/\",\"url\":\"https:\\\/\\\/www.organisator.ch\\\/management\\\/2021-03-22\\\/immobilienbranche-kein-digitalisierungsschub-wegen-corona\\\/\",\"name\":\"Immobilienbranche: Kein Digitalisierungsschub wegen Corona - Organisator\",\"isPartOf\":{\"@id\":\"https:\\\/\\\/www.organisator.ch\\\/#website\"},\"primaryImageOfPage\":{\"@id\":\"https:\\\/\\\/www.organisator.ch\\\/management\\\/2021-03-22\\\/immobilienbranche-kein-digitalisierungsschub-wegen-corona\\\/#primaryimage\"},\"image\":{\"@id\":\"https:\\\/\\\/www.organisator.ch\\\/management\\\/2021-03-22\\\/immobilienbranche-kein-digitalisierungsschub-wegen-corona\\\/#primaryimage\"},\"thumbnailUrl\":\"https:\\\/\\\/www.organisator.ch\\\/wp-content\\\/uploads\\\/2021\\\/03\\\/Immobilienbranche-Kein-Digitalisierungsschub-wegen-Corona-1_Organisator.jpg\",\"datePublished\":\"2021-03-22T12:38:21+00:00\",\"description\":\"In vielen Branchen wird von einem corona-bedingten Digitalisierungsschub gesprochen. Die Bau- und Immobilienbranche hingegen hinkt da noch hinterher.\",\"breadcrumb\":{\"@id\":\"https:\\\/\\\/www.organisator.ch\\\/management\\\/2021-03-22\\\/immobilienbranche-kein-digitalisierungsschub-wegen-corona\\\/#breadcrumb\"},\"inLanguage\":\"fr-FR\",\"potentialAction\":[{\"@type\":\"ReadAction\",\"target\":[\"https:\\\/\\\/www.organisator.ch\\\/management\\\/2021-03-22\\\/immobilienbranche-kein-digitalisierungsschub-wegen-corona\\\/\"]}]},{\"@type\":\"ImageObject\",\"inLanguage\":\"fr-FR\",\"@id\":\"https:\\\/\\\/www.organisator.ch\\\/management\\\/2021-03-22\\\/immobilienbranche-kein-digitalisierungsschub-wegen-corona\\\/#primaryimage\",\"url\":\"https:\\\/\\\/www.organisator.ch\\\/wp-content\\\/uploads\\\/2021\\\/03\\\/Immobilienbranche-Kein-Digitalisierungsschub-wegen-Corona-1_Organisator.jpg\",\"contentUrl\":\"https:\\\/\\\/www.organisator.ch\\\/wp-content\\\/uploads\\\/2021\\\/03\\\/Immobilienbranche-Kein-Digitalisierungsschub-wegen-Corona-1_Organisator.jpg\",\"width\":680,\"height\":409,\"caption\":\"Studieren analoger Baupl\u00e4ne: Ein durch Corona ausgel\u00f6ster Digitalisierungsschub ist in der Immobilienbranche bisher nicht zu erkennen. (Bild: Pixabay.com)\"},{\"@type\":\"BreadcrumbList\",\"@id\":\"https:\\\/\\\/www.organisator.ch\\\/management\\\/2021-03-22\\\/immobilienbranche-kein-digitalisierungsschub-wegen-corona\\\/#breadcrumb\",\"itemListElement\":[{\"@type\":\"ListItem\",\"position\":1,\"name\":\"Home\",\"item\":\"https:\\\/\\\/www.organisator.ch\\\/\"},{\"@type\":\"ListItem\",\"position\":2,\"name\":\"Immobilienbranche: Kein Digitalisierungsschub wegen Corona\"}]},{\"@type\":\"WebSite\",\"@id\":\"https:\\\/\\\/www.organisator.ch\\\/#website\",\"url\":\"https:\\\/\\\/www.organisator.ch\\\/\",\"name\":\"Organisator\",\"description\":\"Kompetent. Praxisnah. Der ORGANISATOR bereitet in 10 Ausgaben pro Jahr die wesentlichen Themen f\u00fcr F\u00fchrungskr\u00e4fte von KMU auf.\",\"publisher\":{\"@id\":\"https:\\\/\\\/www.organisator.ch\\\/#organization\"},\"potentialAction\":[{\"@type\":\"SearchAction\",\"target\":{\"@type\":\"EntryPoint\",\"urlTemplate\":\"https:\\\/\\\/www.organisator.ch\\\/?s={search_term_string}\"},\"query-input\":{\"@type\":\"PropertyValueSpecification\",\"valueRequired\":true,\"valueName\":\"search_term_string\"}}],\"inLanguage\":\"fr-FR\"},{\"@type\":\"Organization\",\"@id\":\"https:\\\/\\\/www.organisator.ch\\\/#organization\",\"name\":\"Organisator\",\"url\":\"https:\\\/\\\/www.organisator.ch\\\/\",\"logo\":{\"@type\":\"ImageObject\",\"inLanguage\":\"fr-FR\",\"@id\":\"https:\\\/\\\/www.organisator.ch\\\/#\\\/schema\\\/logo\\\/image\\\/\",\"url\":\"https:\\\/\\\/www.organisator.ch\\\/wp-content\\\/uploads\\\/2022\\\/01\\\/Logo_Organisator_Website.png\",\"contentUrl\":\"https:\\\/\\\/www.organisator.ch\\\/wp-content\\\/uploads\\\/2022\\\/01\\\/Logo_Organisator_Website.png\",\"width\":800,\"height\":77,\"caption\":\"Organisator\"},\"image\":{\"@id\":\"https:\\\/\\\/www.organisator.ch\\\/#\\\/schema\\\/logo\\\/image\\\/\"},\"sameAs\":[\"https:\\\/\\\/www.facebook.com\\\/OrganisatorFachmagazin\",\"https:\\\/\\\/www.linkedin.com\\\/showcase\\\/organisator-das-magazin-fr-kmu\",\"https:\\\/\\\/www.xing.com\\\/news\\\/pages\\\/organisator-ch-695\",\"https:\\\/\\\/www.youtube.com\\\/channel\\\/UCGP2Sq0iWaZwT3BdIAQFYpw\"]},{\"@type\":\"Person\",\"@id\":\"https:\\\/\\\/www.organisator.ch\\\/#\\\/schema\\\/person\\\/6f650f90b2842cd4c0cc334b4e36f67e\",\"name\":\"thomas.berner\",\"image\":{\"@type\":\"ImageObject\",\"inLanguage\":\"fr-FR\",\"@id\":\"https:\\\/\\\/secure.gravatar.com\\\/avatar\\\/ac5001d2a36cb6c6cd3e50789007ffca834b477b74a2144564522e944eabff61?s=96&d=mm&r=g\",\"url\":\"https:\\\/\\\/secure.gravatar.com\\\/avatar\\\/ac5001d2a36cb6c6cd3e50789007ffca834b477b74a2144564522e944eabff61?s=96&d=mm&r=g\",\"contentUrl\":\"https:\\\/\\\/secure.gravatar.com\\\/avatar\\\/ac5001d2a36cb6c6cd3e50789007ffca834b477b74a2144564522e944eabff61?s=96&d=mm&r=g\",\"caption\":\"thomas.berner\"},\"url\":\"https:\\\/\\\/www.organisator.ch\\\/fr\\\/author\\\/thomas-berner\\\/\"}]}<\/script>\n<!-- \/ Yoast SEO plugin. -->","yoast_head_json":{"title":"Secteur immobilier : pas de pouss\u00e9e de num\u00e9risation \u00e0 cause de Corona - Organisateur","description":"Dans de nombreux secteurs, on parle d'une pouss\u00e9e de num\u00e9risation due \u00e0 la Corona. En revanche, le secteur de la construction et de l'immobilier est encore \u00e0 la tra\u00eene.","robots":{"index":"index","follow":"follow","max-snippet":"max-snippet:-1","max-image-preview":"max-image-preview:large","max-video-preview":"max-video-preview:-1"},"canonical":"https:\/\/www.organisator.ch\/fr\/gestion-2\/2021-03-22\/immobilienbranche-kein-digitalisierungsschub-wegen-corona\/","og_locale":"fr_FR","og_type":"article","og_title":"Immobilienbranche: Kein Digitalisierungsschub wegen Corona","og_description":"In vielen Branchen wird von einem corona-bedingten Digitalisierungsschub gesprochen. Die Bau- und Immobilienbranche hingegen hinkt da noch hinterher.","og_url":"https:\/\/www.organisator.ch\/fr\/gestion-2\/2021-03-22\/immobilienbranche-kein-digitalisierungsschub-wegen-corona\/","og_site_name":"Organisator","article_publisher":"https:\/\/www.facebook.com\/OrganisatorFachmagazin","article_published_time":"2021-03-22T12:38:21+00:00","og_image":[{"width":680,"height":409,"url":"https:\/\/www.organisator.ch\/wp-content\/uploads\/2021\/03\/Immobilienbranche-Kein-Digitalisierungsschub-wegen-Corona-1_Organisator.jpg","type":"image\/jpeg"}],"author":"thomas.berner","twitter_card":"summary_large_image","twitter_title":"#Immobilienbranche: Kein #Digitalisierungsschub wegen Corona","twitter_description":"In vielen Branchen wird von einem corona-bedingten #Digitalisierungsschub gesprochen. Die Bau- und #Immobilienbranche hingegen hinkt da noch hinterher.","twitter_image":"https:\/\/www.organisator.ch\/wp-content\/uploads\/2021\/03\/Immobilienbranche-Kein-Digitalisierungsschub-wegen-Corona-1_Organisator.jpg","schema":{"@context":"https:\/\/schema.org","@graph":[{"@type":"Article","@id":"https:\/\/www.organisator.ch\/management\/2021-03-22\/immobilienbranche-kein-digitalisierungsschub-wegen-corona\/#article","isPartOf":{"@id":"https:\/\/www.organisator.ch\/management\/2021-03-22\/immobilienbranche-kein-digitalisierungsschub-wegen-corona\/"},"author":{"name":"thomas.berner","@id":"https:\/\/www.organisator.ch\/#\/schema\/person\/6f650f90b2842cd4c0cc334b4e36f67e"},"headline":"Immobilienbranche: Kein Digitalisierungsschub wegen Corona","datePublished":"2021-03-22T12:38:21+00:00","mainEntityOfPage":{"@id":"https:\/\/www.organisator.ch\/management\/2021-03-22\/immobilienbranche-kein-digitalisierungsschub-wegen-corona\/"},"wordCount":695,"publisher":{"@id":"https:\/\/www.organisator.ch\/#organization"},"image":{"@id":"https:\/\/www.organisator.ch\/management\/2021-03-22\/immobilienbranche-kein-digitalisierungsschub-wegen-corona\/#primaryimage"},"thumbnailUrl":"https:\/\/www.organisator.ch\/wp-content\/uploads\/2021\/03\/Immobilienbranche-Kein-Digitalisierungsschub-wegen-Corona-1_Organisator.jpg","keywords":["Baubranche","Branchen","Digitalisierung","Immobilien","Studie"],"articleSection":["MANAGEMENT"],"inLanguage":"fr-FR"},{"@type":"WebPage","@id":"https:\/\/www.organisator.ch\/management\/2021-03-22\/immobilienbranche-kein-digitalisierungsschub-wegen-corona\/","url":"https:\/\/www.organisator.ch\/management\/2021-03-22\/immobilienbranche-kein-digitalisierungsschub-wegen-corona\/","name":"Secteur immobilier : pas de pouss\u00e9e de num\u00e9risation \u00e0 cause de Corona - Organisateur","isPartOf":{"@id":"https:\/\/www.organisator.ch\/#website"},"primaryImageOfPage":{"@id":"https:\/\/www.organisator.ch\/management\/2021-03-22\/immobilienbranche-kein-digitalisierungsschub-wegen-corona\/#primaryimage"},"image":{"@id":"https:\/\/www.organisator.ch\/management\/2021-03-22\/immobilienbranche-kein-digitalisierungsschub-wegen-corona\/#primaryimage"},"thumbnailUrl":"https:\/\/www.organisator.ch\/wp-content\/uploads\/2021\/03\/Immobilienbranche-Kein-Digitalisierungsschub-wegen-Corona-1_Organisator.jpg","datePublished":"2021-03-22T12:38:21+00:00","description":"Dans de nombreux secteurs, on parle d'une pouss\u00e9e de num\u00e9risation due \u00e0 la Corona. En revanche, le secteur de la construction et de l'immobilier est encore \u00e0 la tra\u00eene.","breadcrumb":{"@id":"https:\/\/www.organisator.ch\/management\/2021-03-22\/immobilienbranche-kein-digitalisierungsschub-wegen-corona\/#breadcrumb"},"inLanguage":"fr-FR","potentialAction":[{"@type":"ReadAction","target":["https:\/\/www.organisator.ch\/management\/2021-03-22\/immobilienbranche-kein-digitalisierungsschub-wegen-corona\/"]}]},{"@type":"ImageObject","inLanguage":"fr-FR","@id":"https:\/\/www.organisator.ch\/management\/2021-03-22\/immobilienbranche-kein-digitalisierungsschub-wegen-corona\/#primaryimage","url":"https:\/\/www.organisator.ch\/wp-content\/uploads\/2021\/03\/Immobilienbranche-Kein-Digitalisierungsschub-wegen-Corona-1_Organisator.jpg","contentUrl":"https:\/\/www.organisator.ch\/wp-content\/uploads\/2021\/03\/Immobilienbranche-Kein-Digitalisierungsschub-wegen-Corona-1_Organisator.jpg","width":680,"height":409,"caption":"Studieren analoger Baupl\u00e4ne: Ein durch Corona ausgel\u00f6ster Digitalisierungsschub ist in der Immobilienbranche bisher nicht zu erkennen. (Bild: Pixabay.com)"},{"@type":"BreadcrumbList","@id":"https:\/\/www.organisator.ch\/management\/2021-03-22\/immobilienbranche-kein-digitalisierungsschub-wegen-corona\/#breadcrumb","itemListElement":[{"@type":"ListItem","position":1,"name":"Home","item":"https:\/\/www.organisator.ch\/"},{"@type":"ListItem","position":2,"name":"Immobilienbranche: Kein Digitalisierungsschub wegen Corona"}]},{"@type":"WebSite","@id":"https:\/\/www.organisator.ch\/#website","url":"https:\/\/www.organisator.ch\/","name":"Organisateur","description":"Comp\u00e9tence et comp\u00e9tence. Proches de la pratique. L'ORGANISATEUR pr\u00e9pare 10 num\u00e9ros par an sur les th\u00e8mes essentiels pour les dirigeants de PME.","publisher":{"@id":"https:\/\/www.organisator.ch\/#organization"},"potentialAction":[{"@type":"SearchAction","target":{"@type":"EntryPoint","urlTemplate":"https:\/\/www.organisator.ch\/?s={search_term_string}"},"query-input":{"@type":"PropertyValueSpecification","valueRequired":true,"valueName":"search_term_string"}}],"inLanguage":"fr-FR"},{"@type":"Organization","@id":"https:\/\/www.organisator.ch\/#organization","name":"Organisateur","url":"https:\/\/www.organisator.ch\/","logo":{"@type":"ImageObject","inLanguage":"fr-FR","@id":"https:\/\/www.organisator.ch\/#\/schema\/logo\/image\/","url":"https:\/\/www.organisator.ch\/wp-content\/uploads\/2022\/01\/Logo_Organisator_Website.png","contentUrl":"https:\/\/www.organisator.ch\/wp-content\/uploads\/2022\/01\/Logo_Organisator_Website.png","width":800,"height":77,"caption":"Organisator"},"image":{"@id":"https:\/\/www.organisator.ch\/#\/schema\/logo\/image\/"},"sameAs":["https:\/\/www.facebook.com\/OrganisatorFachmagazin","https:\/\/www.linkedin.com\/showcase\/organisator-das-magazin-fr-kmu","https:\/\/www.xing.com\/news\/pages\/organisator-ch-695","https:\/\/www.youtube.com\/channel\/UCGP2Sq0iWaZwT3BdIAQFYpw"]},{"@type":"Person","@id":"https:\/\/www.organisator.ch\/#\/schema\/person\/6f650f90b2842cd4c0cc334b4e36f67e","name":"thomas.berner","image":{"@type":"ImageObject","inLanguage":"fr-FR","@id":"https:\/\/secure.gravatar.com\/avatar\/ac5001d2a36cb6c6cd3e50789007ffca834b477b74a2144564522e944eabff61?s=96&d=mm&r=g","url":"https:\/\/secure.gravatar.com\/avatar\/ac5001d2a36cb6c6cd3e50789007ffca834b477b74a2144564522e944eabff61?s=96&d=mm&r=g","contentUrl":"https:\/\/secure.gravatar.com\/avatar\/ac5001d2a36cb6c6cd3e50789007ffca834b477b74a2144564522e944eabff61?s=96&d=mm&r=g","caption":"thomas.berner"},"url":"https:\/\/www.organisator.ch\/fr\/author\/thomas-berner\/"}]}},"_links":{"self":[{"href":"https:\/\/www.organisator.ch\/fr\/wp-json\/wp\/v2\/posts\/7830","targetHints":{"allow":["GET"]}}],"collection":[{"href":"https:\/\/www.organisator.ch\/fr\/wp-json\/wp\/v2\/posts"}],"about":[{"href":"https:\/\/www.organisator.ch\/fr\/wp-json\/wp\/v2\/types\/post"}],"author":[{"embeddable":true,"href":"https:\/\/www.organisator.ch\/fr\/wp-json\/wp\/v2\/users\/4"}],"replies":[{"embeddable":true,"href":"https:\/\/www.organisator.ch\/fr\/wp-json\/wp\/v2\/comments?post=7830"}],"version-history":[{"count":0,"href":"https:\/\/www.organisator.ch\/fr\/wp-json\/wp\/v2\/posts\/7830\/revisions"}],"wp:featuredmedia":[{"embeddable":true,"href":"https:\/\/www.organisator.ch\/fr\/wp-json\/wp\/v2\/media\/7831"}],"wp:attachment":[{"href":"https:\/\/www.organisator.ch\/fr\/wp-json\/wp\/v2\/media?parent=7830"}],"wp:term":[{"taxonomy":"category","embeddable":true,"href":"https:\/\/www.organisator.ch\/fr\/wp-json\/wp\/v2\/categories?post=7830"},{"taxonomy":"post_tag","embeddable":true,"href":"https:\/\/www.organisator.ch\/fr\/wp-json\/wp\/v2\/tags?post=7830"}],"curies":[{"name":"wp","href":"https:\/\/api.w.org\/{rel}","templated":true}]}}