{"id":7850,"date":"2021-03-25T08:14:56","date_gmt":"2021-03-25T07:14:56","guid":{"rendered":"https:\/\/www.organisator.ch\/?p=7850"},"modified":"2021-03-25T08:14:56","modified_gmt":"2021-03-25T07:14:56","slug":"huawei-setzt-auf-frauen-tandem-im-b2b-geschaeft","status":"publish","type":"post","link":"https:\/\/www.organisator.ch\/fr\/management\/2021-03-25\/huawei-setzt-auf-frauen-tandem-im-b2b-geschaeft\/","title":{"rendered":"Huawei mise sur un tandem de femmes dans le secteur B2B"},"content":{"rendered":"<figure id=\"attachment_7851\" aria-describedby=\"caption-attachment-7851\" style=\"width: 680px\" class=\"wp-caption alignnone\"><img loading=\"lazy\" decoding=\"async\" class=\"size-medium wp-image-7851\" src=\"https:\/\/www.organisator.ch\/wp-content\/uploads\/2021\/03\/Huawei-setzt-auf-Frauen-Tandem-im-B2B-Geschaeft_Organisator.jpg\" alt=\"\" width=\"680\" height=\"318\" srcset=\"https:\/\/www.organisator.ch\/wp-content\/uploads\/2021\/03\/Huawei-setzt-auf-Frauen-Tandem-im-B2B-Geschaeft_Organisator.jpg 680w, https:\/\/www.organisator.ch\/wp-content\/uploads\/2021\/03\/Huawei-setzt-auf-Frauen-Tandem-im-B2B-Geschaeft_Organisator-16x7.jpg 16w, https:\/\/www.organisator.ch\/wp-content\/uploads\/2021\/03\/Huawei-setzt-auf-Frauen-Tandem-im-B2B-Geschaeft_Organisator-375x175.jpg 375w, https:\/\/www.organisator.ch\/wp-content\/uploads\/2021\/03\/Huawei-setzt-auf-Frauen-Tandem-im-B2B-Geschaeft_Organisator-300x140.jpg 300w\" sizes=\"auto, (max-width: 680px) 100vw, 680px\" \/><figcaption id=\"caption-attachment-7851\" class=\"wp-caption-text\">Laurence Pasquier Dessigny (\u00e0 gauche) et Lisa Stinner sont d\u00e9sormais responsables chez Huawei du segment de la client\u00e8le commerciale en Suisse romande et en Suisse al\u00e9manique. (Image : zVg \/ Huawei)<\/figcaption><\/figure>\n<p>L'entreprise chinoise de t\u00e9l\u00e9communications Huawei mise sur une double force f\u00e9minine : d'une part, Lisa Stinner devient Account Manager pour les secteurs de la fabrication, du commerce de d\u00e9tail et des transports en Suisse al\u00e9manique. D'autre part, l'entreprise nomme Laurence Pasquier Dessingy Territory Manager en Suisse romande pour les branches Manufacturing, Financial Services et Universit\u00e9s. Ces deux dames ont pour mission, dans leur r\u00e9gion respective, de d\u00e9velopper les activit\u00e9s de Huawei dans le domaine de l'entreprise, d'entretenir et de d\u00e9velopper les relations avec les clients existants et nouveaux et de faire progresser l'\u00e9cosyst\u00e8me de partenaires de Huawei en Suisse, comme l'indique un communiqu\u00e9 de presse correspondant.vC'est surtout en Suisse romande que Huawei veut augmenter sa part de march\u00e9 aupr\u00e8s des grands clients. Dans toute la Suisse, la technologie de Huawei doit cr\u00e9er une plus-value pour les entreprises suisses, augmenter le degr\u00e9 de num\u00e9risation et contribuer ainsi \u00e0 ce que la Suisse reste hautement comp\u00e9titive dans les secteurs cibles mentionn\u00e9s.<\/p>\n<h2>Des femmes avec des qualifications de haut niveau<\/h2>\n<p>Lisa Stinner et Laurence Pasquier Dessingy apportent toutes deux de nombreuses ann\u00e9es d'exp\u00e9rience professionnelle dans des entreprises informatiques de renom et une expertise dans le conseil et la gestion de projets ainsi que dans la vente et le key account management. Apr\u00e8s avoir obtenu un bachelor \u00e0 l'Universit\u00e9 des sciences appliqu\u00e9es de Bielefeld avec un m\u00e9moire sur le positionnement diff\u00e9renciateur de la concurrence dans l'environnement du cloud, Lisa Stinner a suivi un CAS Customer Management \u00e0 la HWZ Zurich. Elle est entr\u00e9e chez T-Systems et est rest\u00e9e fid\u00e8le au prestataire de services ICT pendant plus de 8 ans dans diff\u00e9rents pays et dans diff\u00e9rentes fonctions en contact avec la client\u00e8le, la derni\u00e8re en date \u00e9tant un r\u00f4le de New Business Sales pour des clients de taille moyenne en Suisse.<\/p>\n<p>Avec des noms comme Hewlett-Packard, Microsoft, Avanade ou SAGlobal Switzerland, les \u00e9tapes professionnelles de Laurence Pasquier Dessingy se lisent comme un \"Who's who\" de l'industrie des TIC. Dipl\u00f4m\u00e9e de l'Universit\u00e9 de Gen\u00e8ve avec des \u00e9tudes de biologie et un master en Business &amp; Administration, elle a en tout plus de 15 ans d'exp\u00e9rience dans la gestion des ventes, la gestion des comptes et le d\u00e9veloppement commercial. Elle a une connaissance approfondie, en particulier des secteurs de la fabrication et de la vente au d\u00e9tail, et est experte dans le d\u00e9veloppement de partenariats et d'initiatives communes de go-to-market pour les nouvelles affaires.<\/p>\n<h2>Huawei a des objectifs commerciaux ambitieux<\/h2>\n<p>Roland von Arx, Vice President Enterprise Business Group Switzerland, salue les deux nouvelles venues : \"Nous avons des objectifs commerciaux tr\u00e8s ambitieux en Suisse, o\u00f9 nous voulons cro\u00eetre avec succ\u00e8s ann\u00e9e apr\u00e8s ann\u00e9e avec notre Enterprise Business Group et acc\u00e9l\u00e9rer encore cette croissance. Nos deux nouvelles coll\u00e8gues ont prouv\u00e9 au cours de leurs carri\u00e8res qu'elles savent enthousiasmer les clients, s'engager et prendre des initiatives pour stimuler de nouvelles affaires. Outre nos solutions fiables, robustes et fonctionnellement excellentes et nos services appr\u00e9ci\u00e9s sur le march\u00e9, ce sont surtout nos collaborateurs et leur orientation client qui rendent notre succ\u00e8s possible. Je suis tr\u00e8s heureux que nous puissions continuer \u00e0 d\u00e9velopper notre diversit\u00e9, d\u00e9j\u00e0 v\u00e9cue avec succ\u00e8s et tr\u00e8s appr\u00e9ci\u00e9e des clients\".<\/p>\n<p><a href=\"https:\/\/www.huawei.com\/ch-en\/\"><em>Source et informations compl\u00e9mentaires<\/em><\/a><\/p>","protected":false},"excerpt":{"rendered":"<p>Das chinesische Telekommunikationsunternehmen Huawei setzt auf zweifache Frauenpower: Zum einen wird Lisa Stinner Account Manager f\u00fcr die Fertigungs-, Retail- und Transportbranchen in der deutschsprachigen Schweiz. Zum anderen beruft das Unternehmen Laurence Pasquier Dessingy zum Territory Manager in der Suisse Romande f\u00fcr die Branchen Manufacturing, Financial Services und Hochschulen. Beide Damen haben in ihrer jeweiligen Region [&hellip;]<\/p>\n","protected":false},"author":4,"featured_media":7851,"comment_status":"closed","ping_status":"closed","sticky":false,"template":"","format":"standard","meta":{"_acf_changed":false,"_yoast_wpseo_focuskw":"Huawei","_yoast_wpseo_metadesc":"Mit Lisa Stinner und Laurence Pasquier Dessingy holt sich Huawei f\u00fcr sein Gesch\u00e4ftskundensegment zwei hoch qualifizierte Frauen an Bord.","articlekey":"","footnotes":""},"categories":[28],"tags":[335,381,479],"class_list":["post-7850","post","type-post","status-publish","format-standard","has-post-thumbnail","hentry","category-management","tag-management-und-unternehmensfuehrung","tag-personalia","tag-telekommunikation"],"acf":[],"yoast_head":"<!-- This site is optimized with the Yoast SEO plugin v27.5 - https:\/\/yoast.com\/product\/yoast-seo-wordpress\/ -->\n<title>Huawei setzt auf Frauen-Tandem im B2B-Gesch\u00e4ft - Organisator<\/title>\n<meta name=\"description\" content=\"Mit Lisa Stinner und Laurence Pasquier Dessingy holt sich Huawei f\u00fcr sein Gesch\u00e4ftskundensegment zwei hoch qualifizierte Frauen an Bord.\" \/>\n<meta name=\"robots\" content=\"index, follow, max-snippet:-1, max-image-preview:large, max-video-preview:-1\" \/>\n<link rel=\"canonical\" href=\"https:\/\/www.organisator.ch\/fr\/gestion-2\/2021-03-25\/huawei-setzt-auf-frauen-tandem-im-b2b-geschaeft\/\" \/>\n<meta property=\"og:locale\" content=\"fr_FR\" \/>\n<meta property=\"og:type\" content=\"article\" \/>\n<meta property=\"og:title\" content=\"Huawei setzt auf Frauen-Tandem im B2B-Gesch\u00e4ft\" \/>\n<meta property=\"og:description\" content=\"Mit Lisa Stinner und Laurence Pasquier Dessingy holt sich Huawei f\u00fcr sein Gesch\u00e4ftskundensegment zwei hoch qualifizierte Frauen an Bord.\" \/>\n<meta property=\"og:url\" content=\"https:\/\/www.organisator.ch\/fr\/gestion-2\/2021-03-25\/huawei-setzt-auf-frauen-tandem-im-b2b-geschaeft\/\" \/>\n<meta property=\"og:site_name\" content=\"Organisator\" \/>\n<meta property=\"article:publisher\" content=\"https:\/\/www.facebook.com\/OrganisatorFachmagazin\" \/>\n<meta property=\"article:published_time\" content=\"2021-03-25T07:14:56+00:00\" \/>\n<meta property=\"og:image\" content=\"https:\/\/www.organisator.ch\/wp-content\/uploads\/2021\/03\/Huawei-setzt-auf-Frauen-Tandem-im-B2B-Geschaeft_Organisator.jpg\" \/>\n\t<meta property=\"og:image:width\" content=\"680\" \/>\n\t<meta property=\"og:image:height\" content=\"318\" \/>\n\t<meta property=\"og:image:type\" content=\"image\/jpeg\" \/>\n<meta name=\"author\" content=\"thomas.berner\" \/>\n<meta name=\"twitter:card\" content=\"summary_large_image\" \/>\n<meta name=\"twitter:title\" content=\"#Huawei setzt auf #Frauen-Tandem im B2B-Gesch\u00e4ft\" \/>\n<meta name=\"twitter:description\" content=\"Mit Lisa Stinner und Laurence Pasquier Dessingy holt sich #Huawei f\u00fcr sein Gesch\u00e4ftskundensegment zwei hoch qualifizierte Frauen an Bord.\" \/>\n<meta name=\"twitter:image\" content=\"https:\/\/www.organisator.ch\/wp-content\/uploads\/2021\/03\/Huawei-setzt-auf-Frauen-Tandem-im-B2B-Geschaeft_Organisator.jpg\" \/>\n<script type=\"application\/ld+json\" class=\"yoast-schema-graph\">{\"@context\":\"https:\\\/\\\/schema.org\",\"@graph\":[{\"@type\":\"Article\",\"@id\":\"https:\\\/\\\/www.organisator.ch\\\/management\\\/2021-03-25\\\/huawei-setzt-auf-frauen-tandem-im-b2b-geschaeft\\\/#article\",\"isPartOf\":{\"@id\":\"https:\\\/\\\/www.organisator.ch\\\/management\\\/2021-03-25\\\/huawei-setzt-auf-frauen-tandem-im-b2b-geschaeft\\\/\"},\"author\":{\"name\":\"thomas.berner\",\"@id\":\"https:\\\/\\\/www.organisator.ch\\\/#\\\/schema\\\/person\\\/6f650f90b2842cd4c0cc334b4e36f67e\"},\"headline\":\"Huawei setzt auf Frauen-Tandem im B2B-Gesch\u00e4ft\",\"datePublished\":\"2021-03-25T07:14:56+00:00\",\"mainEntityOfPage\":{\"@id\":\"https:\\\/\\\/www.organisator.ch\\\/management\\\/2021-03-25\\\/huawei-setzt-auf-frauen-tandem-im-b2b-geschaeft\\\/\"},\"wordCount\":484,\"publisher\":{\"@id\":\"https:\\\/\\\/www.organisator.ch\\\/#organization\"},\"image\":{\"@id\":\"https:\\\/\\\/www.organisator.ch\\\/management\\\/2021-03-25\\\/huawei-setzt-auf-frauen-tandem-im-b2b-geschaeft\\\/#primaryimage\"},\"thumbnailUrl\":\"https:\\\/\\\/www.organisator.ch\\\/wp-content\\\/uploads\\\/2021\\\/03\\\/Huawei-setzt-auf-Frauen-Tandem-im-B2B-Geschaeft_Organisator.jpg\",\"keywords\":[\"Management und Unternehmensf\u00fchrung\",\"Personalia\",\"Telekommunikation\"],\"articleSection\":[\"MANAGEMENT\"],\"inLanguage\":\"fr-FR\"},{\"@type\":\"WebPage\",\"@id\":\"https:\\\/\\\/www.organisator.ch\\\/management\\\/2021-03-25\\\/huawei-setzt-auf-frauen-tandem-im-b2b-geschaeft\\\/\",\"url\":\"https:\\\/\\\/www.organisator.ch\\\/management\\\/2021-03-25\\\/huawei-setzt-auf-frauen-tandem-im-b2b-geschaeft\\\/\",\"name\":\"Huawei setzt auf Frauen-Tandem im B2B-Gesch\u00e4ft - Organisator\",\"isPartOf\":{\"@id\":\"https:\\\/\\\/www.organisator.ch\\\/#website\"},\"primaryImageOfPage\":{\"@id\":\"https:\\\/\\\/www.organisator.ch\\\/management\\\/2021-03-25\\\/huawei-setzt-auf-frauen-tandem-im-b2b-geschaeft\\\/#primaryimage\"},\"image\":{\"@id\":\"https:\\\/\\\/www.organisator.ch\\\/management\\\/2021-03-25\\\/huawei-setzt-auf-frauen-tandem-im-b2b-geschaeft\\\/#primaryimage\"},\"thumbnailUrl\":\"https:\\\/\\\/www.organisator.ch\\\/wp-content\\\/uploads\\\/2021\\\/03\\\/Huawei-setzt-auf-Frauen-Tandem-im-B2B-Geschaeft_Organisator.jpg\",\"datePublished\":\"2021-03-25T07:14:56+00:00\",\"description\":\"Mit Lisa Stinner und Laurence Pasquier Dessingy holt sich Huawei f\u00fcr sein Gesch\u00e4ftskundensegment zwei hoch qualifizierte Frauen an Bord.\",\"breadcrumb\":{\"@id\":\"https:\\\/\\\/www.organisator.ch\\\/management\\\/2021-03-25\\\/huawei-setzt-auf-frauen-tandem-im-b2b-geschaeft\\\/#breadcrumb\"},\"inLanguage\":\"fr-FR\",\"potentialAction\":[{\"@type\":\"ReadAction\",\"target\":[\"https:\\\/\\\/www.organisator.ch\\\/management\\\/2021-03-25\\\/huawei-setzt-auf-frauen-tandem-im-b2b-geschaeft\\\/\"]}]},{\"@type\":\"ImageObject\",\"inLanguage\":\"fr-FR\",\"@id\":\"https:\\\/\\\/www.organisator.ch\\\/management\\\/2021-03-25\\\/huawei-setzt-auf-frauen-tandem-im-b2b-geschaeft\\\/#primaryimage\",\"url\":\"https:\\\/\\\/www.organisator.ch\\\/wp-content\\\/uploads\\\/2021\\\/03\\\/Huawei-setzt-auf-Frauen-Tandem-im-B2B-Geschaeft_Organisator.jpg\",\"contentUrl\":\"https:\\\/\\\/www.organisator.ch\\\/wp-content\\\/uploads\\\/2021\\\/03\\\/Huawei-setzt-auf-Frauen-Tandem-im-B2B-Geschaeft_Organisator.jpg\",\"width\":680,\"height\":318,\"caption\":\"Laurence Pasquier Dessigny (links) und Lisa Stinner sind bei Huawei neu f\u00fcr das Gesch\u00e4ftskundensegment in der Romandie und der Deutschschweiz verantwortlich. (Bild: zVg \\\/ Huawei)\"},{\"@type\":\"BreadcrumbList\",\"@id\":\"https:\\\/\\\/www.organisator.ch\\\/management\\\/2021-03-25\\\/huawei-setzt-auf-frauen-tandem-im-b2b-geschaeft\\\/#breadcrumb\",\"itemListElement\":[{\"@type\":\"ListItem\",\"position\":1,\"name\":\"Home\",\"item\":\"https:\\\/\\\/www.organisator.ch\\\/\"},{\"@type\":\"ListItem\",\"position\":2,\"name\":\"Huawei setzt auf Frauen-Tandem im B2B-Gesch\u00e4ft\"}]},{\"@type\":\"WebSite\",\"@id\":\"https:\\\/\\\/www.organisator.ch\\\/#website\",\"url\":\"https:\\\/\\\/www.organisator.ch\\\/\",\"name\":\"Organisator\",\"description\":\"Kompetent. Praxisnah. Der ORGANISATOR bereitet in 10 Ausgaben pro Jahr die wesentlichen Themen f\u00fcr F\u00fchrungskr\u00e4fte von KMU auf.\",\"publisher\":{\"@id\":\"https:\\\/\\\/www.organisator.ch\\\/#organization\"},\"potentialAction\":[{\"@type\":\"SearchAction\",\"target\":{\"@type\":\"EntryPoint\",\"urlTemplate\":\"https:\\\/\\\/www.organisator.ch\\\/?s={search_term_string}\"},\"query-input\":{\"@type\":\"PropertyValueSpecification\",\"valueRequired\":true,\"valueName\":\"search_term_string\"}}],\"inLanguage\":\"fr-FR\"},{\"@type\":\"Organization\",\"@id\":\"https:\\\/\\\/www.organisator.ch\\\/#organization\",\"name\":\"Organisator\",\"url\":\"https:\\\/\\\/www.organisator.ch\\\/\",\"logo\":{\"@type\":\"ImageObject\",\"inLanguage\":\"fr-FR\",\"@id\":\"https:\\\/\\\/www.organisator.ch\\\/#\\\/schema\\\/logo\\\/image\\\/\",\"url\":\"https:\\\/\\\/www.organisator.ch\\\/wp-content\\\/uploads\\\/2022\\\/01\\\/Logo_Organisator_Website.png\",\"contentUrl\":\"https:\\\/\\\/www.organisator.ch\\\/wp-content\\\/uploads\\\/2022\\\/01\\\/Logo_Organisator_Website.png\",\"width\":800,\"height\":77,\"caption\":\"Organisator\"},\"image\":{\"@id\":\"https:\\\/\\\/www.organisator.ch\\\/#\\\/schema\\\/logo\\\/image\\\/\"},\"sameAs\":[\"https:\\\/\\\/www.facebook.com\\\/OrganisatorFachmagazin\",\"https:\\\/\\\/www.linkedin.com\\\/showcase\\\/organisator-das-magazin-fr-kmu\",\"https:\\\/\\\/www.xing.com\\\/news\\\/pages\\\/organisator-ch-695\",\"https:\\\/\\\/www.youtube.com\\\/channel\\\/UCGP2Sq0iWaZwT3BdIAQFYpw\"]},{\"@type\":\"Person\",\"@id\":\"https:\\\/\\\/www.organisator.ch\\\/#\\\/schema\\\/person\\\/6f650f90b2842cd4c0cc334b4e36f67e\",\"name\":\"thomas.berner\",\"image\":{\"@type\":\"ImageObject\",\"inLanguage\":\"fr-FR\",\"@id\":\"https:\\\/\\\/secure.gravatar.com\\\/avatar\\\/ac5001d2a36cb6c6cd3e50789007ffca834b477b74a2144564522e944eabff61?s=96&d=mm&r=g\",\"url\":\"https:\\\/\\\/secure.gravatar.com\\\/avatar\\\/ac5001d2a36cb6c6cd3e50789007ffca834b477b74a2144564522e944eabff61?s=96&d=mm&r=g\",\"contentUrl\":\"https:\\\/\\\/secure.gravatar.com\\\/avatar\\\/ac5001d2a36cb6c6cd3e50789007ffca834b477b74a2144564522e944eabff61?s=96&d=mm&r=g\",\"caption\":\"thomas.berner\"},\"url\":\"https:\\\/\\\/www.organisator.ch\\\/fr\\\/author\\\/thomas-berner\\\/\"}]}<\/script>\n<!-- \/ Yoast SEO plugin. -->","yoast_head_json":{"title":"Huawei mise sur le tandem f\u00e9minin dans le commerce B2B - Organisateur","description":"Avec Lisa Stinner et Laurence Pasquier Dessingy, Huawei fait monter \u00e0 bord deux femmes hautement qualifi\u00e9es pour son segment de client\u00e8le commerciale.","robots":{"index":"index","follow":"follow","max-snippet":"max-snippet:-1","max-image-preview":"max-image-preview:large","max-video-preview":"max-video-preview:-1"},"canonical":"https:\/\/www.organisator.ch\/fr\/gestion-2\/2021-03-25\/huawei-setzt-auf-frauen-tandem-im-b2b-geschaeft\/","og_locale":"fr_FR","og_type":"article","og_title":"Huawei setzt auf Frauen-Tandem im B2B-Gesch\u00e4ft","og_description":"Mit Lisa Stinner und Laurence Pasquier Dessingy holt sich Huawei f\u00fcr sein Gesch\u00e4ftskundensegment zwei hoch qualifizierte Frauen an Bord.","og_url":"https:\/\/www.organisator.ch\/fr\/gestion-2\/2021-03-25\/huawei-setzt-auf-frauen-tandem-im-b2b-geschaeft\/","og_site_name":"Organisator","article_publisher":"https:\/\/www.facebook.com\/OrganisatorFachmagazin","article_published_time":"2021-03-25T07:14:56+00:00","og_image":[{"width":680,"height":318,"url":"https:\/\/www.organisator.ch\/wp-content\/uploads\/2021\/03\/Huawei-setzt-auf-Frauen-Tandem-im-B2B-Geschaeft_Organisator.jpg","type":"image\/jpeg"}],"author":"thomas.berner","twitter_card":"summary_large_image","twitter_title":"#Huawei setzt auf #Frauen-Tandem im B2B-Gesch\u00e4ft","twitter_description":"Mit Lisa Stinner und Laurence Pasquier Dessingy holt sich #Huawei f\u00fcr sein Gesch\u00e4ftskundensegment zwei hoch qualifizierte Frauen an Bord.","twitter_image":"https:\/\/www.organisator.ch\/wp-content\/uploads\/2021\/03\/Huawei-setzt-auf-Frauen-Tandem-im-B2B-Geschaeft_Organisator.jpg","schema":{"@context":"https:\/\/schema.org","@graph":[{"@type":"Article","@id":"https:\/\/www.organisator.ch\/management\/2021-03-25\/huawei-setzt-auf-frauen-tandem-im-b2b-geschaeft\/#article","isPartOf":{"@id":"https:\/\/www.organisator.ch\/management\/2021-03-25\/huawei-setzt-auf-frauen-tandem-im-b2b-geschaeft\/"},"author":{"name":"thomas.berner","@id":"https:\/\/www.organisator.ch\/#\/schema\/person\/6f650f90b2842cd4c0cc334b4e36f67e"},"headline":"Huawei setzt auf Frauen-Tandem im B2B-Gesch\u00e4ft","datePublished":"2021-03-25T07:14:56+00:00","mainEntityOfPage":{"@id":"https:\/\/www.organisator.ch\/management\/2021-03-25\/huawei-setzt-auf-frauen-tandem-im-b2b-geschaeft\/"},"wordCount":484,"publisher":{"@id":"https:\/\/www.organisator.ch\/#organization"},"image":{"@id":"https:\/\/www.organisator.ch\/management\/2021-03-25\/huawei-setzt-auf-frauen-tandem-im-b2b-geschaeft\/#primaryimage"},"thumbnailUrl":"https:\/\/www.organisator.ch\/wp-content\/uploads\/2021\/03\/Huawei-setzt-auf-Frauen-Tandem-im-B2B-Geschaeft_Organisator.jpg","keywords":["Management und Unternehmensf\u00fchrung","Personalia","Telekommunikation"],"articleSection":["MANAGEMENT"],"inLanguage":"fr-FR"},{"@type":"WebPage","@id":"https:\/\/www.organisator.ch\/management\/2021-03-25\/huawei-setzt-auf-frauen-tandem-im-b2b-geschaeft\/","url":"https:\/\/www.organisator.ch\/management\/2021-03-25\/huawei-setzt-auf-frauen-tandem-im-b2b-geschaeft\/","name":"Huawei mise sur le tandem f\u00e9minin dans le commerce B2B - Organisateur","isPartOf":{"@id":"https:\/\/www.organisator.ch\/#website"},"primaryImageOfPage":{"@id":"https:\/\/www.organisator.ch\/management\/2021-03-25\/huawei-setzt-auf-frauen-tandem-im-b2b-geschaeft\/#primaryimage"},"image":{"@id":"https:\/\/www.organisator.ch\/management\/2021-03-25\/huawei-setzt-auf-frauen-tandem-im-b2b-geschaeft\/#primaryimage"},"thumbnailUrl":"https:\/\/www.organisator.ch\/wp-content\/uploads\/2021\/03\/Huawei-setzt-auf-Frauen-Tandem-im-B2B-Geschaeft_Organisator.jpg","datePublished":"2021-03-25T07:14:56+00:00","description":"Avec Lisa Stinner et Laurence Pasquier Dessingy, Huawei fait monter \u00e0 bord deux femmes hautement qualifi\u00e9es pour son segment de client\u00e8le commerciale.","breadcrumb":{"@id":"https:\/\/www.organisator.ch\/management\/2021-03-25\/huawei-setzt-auf-frauen-tandem-im-b2b-geschaeft\/#breadcrumb"},"inLanguage":"fr-FR","potentialAction":[{"@type":"ReadAction","target":["https:\/\/www.organisator.ch\/management\/2021-03-25\/huawei-setzt-auf-frauen-tandem-im-b2b-geschaeft\/"]}]},{"@type":"ImageObject","inLanguage":"fr-FR","@id":"https:\/\/www.organisator.ch\/management\/2021-03-25\/huawei-setzt-auf-frauen-tandem-im-b2b-geschaeft\/#primaryimage","url":"https:\/\/www.organisator.ch\/wp-content\/uploads\/2021\/03\/Huawei-setzt-auf-Frauen-Tandem-im-B2B-Geschaeft_Organisator.jpg","contentUrl":"https:\/\/www.organisator.ch\/wp-content\/uploads\/2021\/03\/Huawei-setzt-auf-Frauen-Tandem-im-B2B-Geschaeft_Organisator.jpg","width":680,"height":318,"caption":"Laurence Pasquier Dessigny (links) und Lisa Stinner sind bei Huawei neu f\u00fcr das Gesch\u00e4ftskundensegment in der Romandie und der Deutschschweiz verantwortlich. (Bild: zVg \/ Huawei)"},{"@type":"BreadcrumbList","@id":"https:\/\/www.organisator.ch\/management\/2021-03-25\/huawei-setzt-auf-frauen-tandem-im-b2b-geschaeft\/#breadcrumb","itemListElement":[{"@type":"ListItem","position":1,"name":"Home","item":"https:\/\/www.organisator.ch\/"},{"@type":"ListItem","position":2,"name":"Huawei setzt auf Frauen-Tandem im B2B-Gesch\u00e4ft"}]},{"@type":"WebSite","@id":"https:\/\/www.organisator.ch\/#website","url":"https:\/\/www.organisator.ch\/","name":"Organisateur","description":"Comp\u00e9tence et comp\u00e9tence. Proches de la pratique. L'ORGANISATEUR pr\u00e9pare 10 num\u00e9ros par an sur les th\u00e8mes essentiels pour les dirigeants de PME.","publisher":{"@id":"https:\/\/www.organisator.ch\/#organization"},"potentialAction":[{"@type":"SearchAction","target":{"@type":"EntryPoint","urlTemplate":"https:\/\/www.organisator.ch\/?s={search_term_string}"},"query-input":{"@type":"PropertyValueSpecification","valueRequired":true,"valueName":"search_term_string"}}],"inLanguage":"fr-FR"},{"@type":"Organization","@id":"https:\/\/www.organisator.ch\/#organization","name":"Organisateur","url":"https:\/\/www.organisator.ch\/","logo":{"@type":"ImageObject","inLanguage":"fr-FR","@id":"https:\/\/www.organisator.ch\/#\/schema\/logo\/image\/","url":"https:\/\/www.organisator.ch\/wp-content\/uploads\/2022\/01\/Logo_Organisator_Website.png","contentUrl":"https:\/\/www.organisator.ch\/wp-content\/uploads\/2022\/01\/Logo_Organisator_Website.png","width":800,"height":77,"caption":"Organisator"},"image":{"@id":"https:\/\/www.organisator.ch\/#\/schema\/logo\/image\/"},"sameAs":["https:\/\/www.facebook.com\/OrganisatorFachmagazin","https:\/\/www.linkedin.com\/showcase\/organisator-das-magazin-fr-kmu","https:\/\/www.xing.com\/news\/pages\/organisator-ch-695","https:\/\/www.youtube.com\/channel\/UCGP2Sq0iWaZwT3BdIAQFYpw"]},{"@type":"Person","@id":"https:\/\/www.organisator.ch\/#\/schema\/person\/6f650f90b2842cd4c0cc334b4e36f67e","name":"thomas.berner","image":{"@type":"ImageObject","inLanguage":"fr-FR","@id":"https:\/\/secure.gravatar.com\/avatar\/ac5001d2a36cb6c6cd3e50789007ffca834b477b74a2144564522e944eabff61?s=96&d=mm&r=g","url":"https:\/\/secure.gravatar.com\/avatar\/ac5001d2a36cb6c6cd3e50789007ffca834b477b74a2144564522e944eabff61?s=96&d=mm&r=g","contentUrl":"https:\/\/secure.gravatar.com\/avatar\/ac5001d2a36cb6c6cd3e50789007ffca834b477b74a2144564522e944eabff61?s=96&d=mm&r=g","caption":"thomas.berner"},"url":"https:\/\/www.organisator.ch\/fr\/author\/thomas-berner\/"}]}},"_links":{"self":[{"href":"https:\/\/www.organisator.ch\/fr\/wp-json\/wp\/v2\/posts\/7850","targetHints":{"allow":["GET"]}}],"collection":[{"href":"https:\/\/www.organisator.ch\/fr\/wp-json\/wp\/v2\/posts"}],"about":[{"href":"https:\/\/www.organisator.ch\/fr\/wp-json\/wp\/v2\/types\/post"}],"author":[{"embeddable":true,"href":"https:\/\/www.organisator.ch\/fr\/wp-json\/wp\/v2\/users\/4"}],"replies":[{"embeddable":true,"href":"https:\/\/www.organisator.ch\/fr\/wp-json\/wp\/v2\/comments?post=7850"}],"version-history":[{"count":0,"href":"https:\/\/www.organisator.ch\/fr\/wp-json\/wp\/v2\/posts\/7850\/revisions"}],"wp:featuredmedia":[{"embeddable":true,"href":"https:\/\/www.organisator.ch\/fr\/wp-json\/wp\/v2\/media\/7851"}],"wp:attachment":[{"href":"https:\/\/www.organisator.ch\/fr\/wp-json\/wp\/v2\/media?parent=7850"}],"wp:term":[{"taxonomy":"category","embeddable":true,"href":"https:\/\/www.organisator.ch\/fr\/wp-json\/wp\/v2\/categories?post=7850"},{"taxonomy":"post_tag","embeddable":true,"href":"https:\/\/www.organisator.ch\/fr\/wp-json\/wp\/v2\/tags?post=7850"}],"curies":[{"name":"wp","href":"https:\/\/api.w.org\/{rel}","templated":true}]}}