{"id":7858,"date":"2021-03-25T16:48:50","date_gmt":"2021-03-25T15:48:50","guid":{"rendered":"https:\/\/www.organisator.ch\/?p=7858"},"modified":"2021-03-25T16:48:50","modified_gmt":"2021-03-25T15:48:50","slug":"zweistellige-umsatzsteigerung-bei-abacus-research-ag","status":"publish","type":"post","link":"https:\/\/www.organisator.ch\/fr\/management\/it\/2021-03-25\/zweistellige-umsatzsteigerung-bei-abacus-research-ag\/","title":{"rendered":"Augmentation \u00e0 deux chiffres du chiffre d'affaires d'Abacus Research AG"},"content":{"rendered":"<figure id=\"attachment_7859\" aria-describedby=\"caption-attachment-7859\" style=\"width: 680px\" class=\"wp-caption alignnone\"><img loading=\"lazy\" decoding=\"async\" class=\"size-medium wp-image-7859\" src=\"https:\/\/www.organisator.ch\/wp-content\/uploads\/2021\/03\/Zweistellige-Umsatzsteigerung-bei-Abacus-Research-AG_Organisator.jpg\" alt=\"\" width=\"680\" height=\"453\" srcset=\"https:\/\/www.organisator.ch\/wp-content\/uploads\/2021\/03\/Zweistellige-Umsatzsteigerung-bei-Abacus-Research-AG_Organisator.jpg 680w, https:\/\/www.organisator.ch\/wp-content\/uploads\/2021\/03\/Zweistellige-Umsatzsteigerung-bei-Abacus-Research-AG_Organisator-16x12.jpg 16w, https:\/\/www.organisator.ch\/wp-content\/uploads\/2021\/03\/Zweistellige-Umsatzsteigerung-bei-Abacus-Research-AG_Organisator-263x175.jpg 263w, https:\/\/www.organisator.ch\/wp-content\/uploads\/2021\/03\/Zweistellige-Umsatzsteigerung-bei-Abacus-Research-AG_Organisator-525x350.jpg 525w, https:\/\/www.organisator.ch\/wp-content\/uploads\/2021\/03\/Zweistellige-Umsatzsteigerung-bei-Abacus-Research-AG_Organisator-300x200.jpg 300w\" sizes=\"auto, (max-width: 680px) 100vw, 680px\" \/><figcaption id=\"caption-attachment-7859\" class=\"wp-caption-text\">Le directeur d'Abacus, Claudio Hintermann, peut \u00e0 nouveau se r\u00e9jouir d'une augmentation \u00e0 deux chiffres de son chiffre d'affaires. (Image : zVg \/ Abacus Research AG)<\/figcaption><\/figure>\n<p>Avec une nouvelle augmentation \u00e0 deux chiffres de son chiffre d'affaires, Abacus confirme sa position de leader en tant qu'\u00e9diteur de logiciels de gestion pour les PME et l'administration publique pour l'ann\u00e9e 2020. Les activit\u00e9s traditionnelles de licence, qui consistent \u00e0 acheter un logiciel, sont rest\u00e9es \u00e0 un niveau \u00e9lev\u00e9 et constant, avec plus de 2'400 modules de programme vendus et 460 entreprises qui ont opt\u00e9 pour Abacus Business Software, selon l'entreprise. \u00c0 titre de comparaison, il y avait 2'200 modules de programme et 450 entreprises en 2019. Gr\u00e2ce aux d\u00e9veloppements innovants, les abonnements pour l'utilisation \u00e0 partir du cloud ont rencontr\u00e9 une forte demande. Avec 3'100 abonnements suppl\u00e9mentaires jusqu'\u00e0 la fin de l'ann\u00e9e, cette solution compte d\u00e9j\u00e0 plus de 13'800 utilisateurs qui utilisent 24'000 abonnements au programme pour divers domaines d'application.<\/p>\n<h2>Les fonctions de libre-service sont bien accept\u00e9es<\/h2>\n<p>Les fonctions en libre-service ont \u00e9galement \u00e9t\u00e9 tr\u00e8s bien accueillies, avec 60 000 abonnements suppl\u00e9mentaires, ce qui correspond \u00e0 une augmentation de 50 %. Elles sont adapt\u00e9es aux besoins des membres de l'entreprise et permettent d'adapter soi-m\u00eame les donn\u00e9es de base comme par exemple l'adresse, les coordonn\u00e9es bancaires, de consulter les d\u00e9comptes de salaire ou de saisir les justificatifs de frais, les heures de travail, les absences et les prestations, ind\u00e9pendamment du lieu, \u00e0 l'aide de smartphones, de tablettes et d'ordinateurs. Fin 2020, 180 000 utilisateurs avaient recours \u00e0 ces fonctions du logiciel Abacus.<\/p>\n<h2>L'augmentation du chiffre d'affaires permet le remboursement volontaire des indemnit\u00e9s de ch\u00f4mage partiel<\/h2>\n<p>Claudio Hintermann, CEO d'Abacus, est donc plus que satisfait de la marche des affaires de l'ann\u00e9e derni\u00e8re : \"Contre toute attente, nous avons termin\u00e9 l'ann\u00e9e avec un succ\u00e8s extr\u00eame, malgr\u00e9 un contexte \u00e9conomique difficile d\u00fb \u00e0 la pand\u00e9mie qui s\u00e9vit. C'est pourquoi nous avons d\u00e9cid\u00e9 de rembourser volontairement \u00e0 l'\u00c9tat toutes les indemnit\u00e9s de ch\u00f4mage partiel per\u00e7ues, soit plus de 1,3 million de francs. De m\u00eame, aucune r\u00e9duction de salaire n'a \u00e9t\u00e9 effectu\u00e9e en raison des heures de travail interrompues. Le ch\u00f4mage partiel chez Abacus a dur\u00e9 de mai \u00e0 ao\u00fbt et s'est appliqu\u00e9 \u00e0 pratiquement tous les collaborateurs, \u00e0 quelques exceptions pr\u00e8s. Un grand merci \u00e0 nos partenaires de distribution qui, malgr\u00e9 la p\u00e9riode difficile de Corona, ont influenc\u00e9 de mani\u00e8re d\u00e9terminante le tr\u00e8s bon r\u00e9sultat\".<\/p>\n<h2>Des distributeurs qui r\u00e9ussissent<\/h2>\n<p>En 2020, le plus grand distributeur d'Abacus en termes de chiffre d'affaires total a \u00e9t\u00e9, comme en 2019, le <a href=\"https:\/\/www.organisator.ch\/digitalisierung-der-baubranche-vorantreiben-axept-investiert-in-smino\/\">Logiciel de gestion Axept<\/a>suivi par BDO et OBT. Le partenaire OBT, qui a re\u00e7u le prix de l'innovation, s'est av\u00e9r\u00e9 \u00eatre le fournisseur le plus performant d'abonnements logiciels pour l'utilisation mobile du logiciel Abacus et l'utilisation du logiciel ERP avec des abonnements en libre-service pour les employ\u00e9s. En outre, l'ann\u00e9e derni\u00e8re, le nombre d'employ\u00e9s d'Abacus a augment\u00e9 de 37 personnes pour atteindre 439. L'ensemble du groupe, y compris les filiales de Bienne, Thalwil et Allemagne, comptait 556 collaborateurs \u00e0 la fin de l'ann\u00e9e.<\/p>\n<p><em>Source et informations compl\u00e9mentaires : <a href=\"http:\/\/www.abacus.ch\">Abacus Research SA<\/a><\/em><\/p>","protected":false},"excerpt":{"rendered":"<p>Mit einer erneuten zweistelligen Umsatzsteigerung best\u00e4tigt Abacus seine f\u00fchrende Position als Hersteller von Business Software f\u00fcr KMU und die \u00d6ffentliche Verwaltung auch im Jahr 2020. Das traditionelle Lizenzgesch\u00e4ft, bei dem eine Software gekauft wird, ist mit \u00fcber 2&#8217;400 verkauften Programmmodulen und 460 Unternehmen, die sich f\u00fcr Abacus Business Software entschieden haben, weiterhin auf konstant hohem [&hellip;]<\/p>\n","protected":false},"author":4,"featured_media":7859,"comment_status":"closed","ping_status":"closed","sticky":false,"template":"","format":"standard","meta":{"_acf_changed":false,"_yoast_wpseo_focuskw":"Umsatzsteigerung","_yoast_wpseo_metadesc":"Zum f\u00fcnften Mal in Folge hat das Ostschweizer Softwareunternehmen Abacus Research AG eine zweistellige Umsatzsteigerung realisiert.","articlekey":"","footnotes":""},"categories":[27],"tags":[286,288,492],"class_list":["post-7858","post","type-post","status-publish","format-standard","has-post-thumbnail","hentry","category-it","tag-it","tag-it-business-software","tag-unternehmen"],"acf":[],"yoast_head":"<!-- This site is optimized with the Yoast SEO plugin v27.4 - https:\/\/yoast.com\/product\/yoast-seo-wordpress\/ -->\n<title>Zweistellige Umsatzsteigerung bei Abacus Research AG - Organisator<\/title>\n<meta name=\"description\" content=\"Zum f\u00fcnften Mal in Folge hat das Ostschweizer Softwareunternehmen Abacus Research AG eine zweistellige Umsatzsteigerung realisiert.\" \/>\n<meta name=\"robots\" content=\"index, follow, max-snippet:-1, max-image-preview:large, max-video-preview:-1\" \/>\n<link rel=\"canonical\" href=\"https:\/\/www.organisator.ch\/fr\/gestion-2\/it\/2021-03-25\/zweistellige-umsatzsteigerung-bei-abacus-research-ag\/\" \/>\n<meta property=\"og:locale\" content=\"fr_FR\" \/>\n<meta property=\"og:type\" content=\"article\" \/>\n<meta property=\"og:title\" content=\"Zweistellige Umsatzsteigerung bei Abacus Research AG\" \/>\n<meta property=\"og:description\" content=\"Zum f\u00fcnften Mal in Folge hat das Ostschweizer Softwareunternehmen Abacus Research AG eine zweistellige Umsatzsteigerung realisiert.\" \/>\n<meta property=\"og:url\" content=\"https:\/\/www.organisator.ch\/fr\/gestion-2\/it\/2021-03-25\/zweistellige-umsatzsteigerung-bei-abacus-research-ag\/\" \/>\n<meta property=\"og:site_name\" content=\"Organisator\" \/>\n<meta property=\"article:publisher\" content=\"https:\/\/www.facebook.com\/OrganisatorFachmagazin\" \/>\n<meta property=\"article:published_time\" content=\"2021-03-25T15:48:50+00:00\" \/>\n<meta property=\"og:image\" content=\"https:\/\/www.organisator.ch\/wp-content\/uploads\/2021\/03\/Zweistellige-Umsatzsteigerung-bei-Abacus-Research-AG_Organisator.jpg\" \/>\n\t<meta property=\"og:image:width\" content=\"680\" \/>\n\t<meta property=\"og:image:height\" content=\"453\" \/>\n\t<meta property=\"og:image:type\" content=\"image\/jpeg\" \/>\n<meta name=\"author\" content=\"thomas.berner\" \/>\n<meta name=\"twitter:card\" content=\"summary_large_image\" \/>\n<meta name=\"twitter:title\" content=\"Zweistellige #Umsatzsteigerung bei #Abacus Research AG\" \/>\n<meta name=\"twitter:description\" content=\"Zum f\u00fcnften Mal in Folge hat das Ostschweizer Softwareunternehmen #Abacus Research AG eine zweistellige #Umsatzsteigerung realisiert.\" \/>\n<meta name=\"twitter:image\" content=\"https:\/\/www.organisator.ch\/wp-content\/uploads\/2021\/03\/Zweistellige-Umsatzsteigerung-bei-Abacus-Research-AG_Organisator.jpg\" \/>\n<script type=\"application\/ld+json\" class=\"yoast-schema-graph\">{\"@context\":\"https:\\\/\\\/schema.org\",\"@graph\":[{\"@type\":\"Article\",\"@id\":\"https:\\\/\\\/www.organisator.ch\\\/management\\\/it\\\/2021-03-25\\\/zweistellige-umsatzsteigerung-bei-abacus-research-ag\\\/#article\",\"isPartOf\":{\"@id\":\"https:\\\/\\\/www.organisator.ch\\\/management\\\/it\\\/2021-03-25\\\/zweistellige-umsatzsteigerung-bei-abacus-research-ag\\\/\"},\"author\":{\"name\":\"thomas.berner\",\"@id\":\"https:\\\/\\\/www.organisator.ch\\\/#\\\/schema\\\/person\\\/6f650f90b2842cd4c0cc334b4e36f67e\"},\"headline\":\"Zweistellige Umsatzsteigerung bei Abacus Research AG\",\"datePublished\":\"2021-03-25T15:48:50+00:00\",\"mainEntityOfPage\":{\"@id\":\"https:\\\/\\\/www.organisator.ch\\\/management\\\/it\\\/2021-03-25\\\/zweistellige-umsatzsteigerung-bei-abacus-research-ag\\\/\"},\"wordCount\":422,\"publisher\":{\"@id\":\"https:\\\/\\\/www.organisator.ch\\\/#organization\"},\"image\":{\"@id\":\"https:\\\/\\\/www.organisator.ch\\\/management\\\/it\\\/2021-03-25\\\/zweistellige-umsatzsteigerung-bei-abacus-research-ag\\\/#primaryimage\"},\"thumbnailUrl\":\"https:\\\/\\\/www.organisator.ch\\\/wp-content\\\/uploads\\\/2021\\\/03\\\/Zweistellige-Umsatzsteigerung-bei-Abacus-Research-AG_Organisator.jpg\",\"keywords\":[\"IT\",\"IT &amp; Business Software\",\"Unternehmen\"],\"articleSection\":[\"IT\"],\"inLanguage\":\"fr-FR\"},{\"@type\":\"WebPage\",\"@id\":\"https:\\\/\\\/www.organisator.ch\\\/management\\\/it\\\/2021-03-25\\\/zweistellige-umsatzsteigerung-bei-abacus-research-ag\\\/\",\"url\":\"https:\\\/\\\/www.organisator.ch\\\/management\\\/it\\\/2021-03-25\\\/zweistellige-umsatzsteigerung-bei-abacus-research-ag\\\/\",\"name\":\"Zweistellige Umsatzsteigerung bei Abacus Research AG - Organisator\",\"isPartOf\":{\"@id\":\"https:\\\/\\\/www.organisator.ch\\\/#website\"},\"primaryImageOfPage\":{\"@id\":\"https:\\\/\\\/www.organisator.ch\\\/management\\\/it\\\/2021-03-25\\\/zweistellige-umsatzsteigerung-bei-abacus-research-ag\\\/#primaryimage\"},\"image\":{\"@id\":\"https:\\\/\\\/www.organisator.ch\\\/management\\\/it\\\/2021-03-25\\\/zweistellige-umsatzsteigerung-bei-abacus-research-ag\\\/#primaryimage\"},\"thumbnailUrl\":\"https:\\\/\\\/www.organisator.ch\\\/wp-content\\\/uploads\\\/2021\\\/03\\\/Zweistellige-Umsatzsteigerung-bei-Abacus-Research-AG_Organisator.jpg\",\"datePublished\":\"2021-03-25T15:48:50+00:00\",\"description\":\"Zum f\u00fcnften Mal in Folge hat das Ostschweizer Softwareunternehmen Abacus Research AG eine zweistellige Umsatzsteigerung realisiert.\",\"breadcrumb\":{\"@id\":\"https:\\\/\\\/www.organisator.ch\\\/management\\\/it\\\/2021-03-25\\\/zweistellige-umsatzsteigerung-bei-abacus-research-ag\\\/#breadcrumb\"},\"inLanguage\":\"fr-FR\",\"potentialAction\":[{\"@type\":\"ReadAction\",\"target\":[\"https:\\\/\\\/www.organisator.ch\\\/management\\\/it\\\/2021-03-25\\\/zweistellige-umsatzsteigerung-bei-abacus-research-ag\\\/\"]}]},{\"@type\":\"ImageObject\",\"inLanguage\":\"fr-FR\",\"@id\":\"https:\\\/\\\/www.organisator.ch\\\/management\\\/it\\\/2021-03-25\\\/zweistellige-umsatzsteigerung-bei-abacus-research-ag\\\/#primaryimage\",\"url\":\"https:\\\/\\\/www.organisator.ch\\\/wp-content\\\/uploads\\\/2021\\\/03\\\/Zweistellige-Umsatzsteigerung-bei-Abacus-Research-AG_Organisator.jpg\",\"contentUrl\":\"https:\\\/\\\/www.organisator.ch\\\/wp-content\\\/uploads\\\/2021\\\/03\\\/Zweistellige-Umsatzsteigerung-bei-Abacus-Research-AG_Organisator.jpg\",\"width\":680,\"height\":453,\"caption\":\"Darf sich erneut \u00fcber eine zweistellige Umsatzsteigerung freuen: Abacus-Chef Claudio Hintermann. (Bild: zVg \\\/ Abacus Research AG)\"},{\"@type\":\"BreadcrumbList\",\"@id\":\"https:\\\/\\\/www.organisator.ch\\\/management\\\/it\\\/2021-03-25\\\/zweistellige-umsatzsteigerung-bei-abacus-research-ag\\\/#breadcrumb\",\"itemListElement\":[{\"@type\":\"ListItem\",\"position\":1,\"name\":\"Home\",\"item\":\"https:\\\/\\\/www.organisator.ch\\\/\"},{\"@type\":\"ListItem\",\"position\":2,\"name\":\"Zweistellige Umsatzsteigerung bei Abacus Research AG\"}]},{\"@type\":\"WebSite\",\"@id\":\"https:\\\/\\\/www.organisator.ch\\\/#website\",\"url\":\"https:\\\/\\\/www.organisator.ch\\\/\",\"name\":\"Organisator\",\"description\":\"Kompetent. Praxisnah. Der ORGANISATOR bereitet in 10 Ausgaben pro Jahr die wesentlichen Themen f\u00fcr F\u00fchrungskr\u00e4fte von KMU auf.\",\"publisher\":{\"@id\":\"https:\\\/\\\/www.organisator.ch\\\/#organization\"},\"potentialAction\":[{\"@type\":\"SearchAction\",\"target\":{\"@type\":\"EntryPoint\",\"urlTemplate\":\"https:\\\/\\\/www.organisator.ch\\\/?s={search_term_string}\"},\"query-input\":{\"@type\":\"PropertyValueSpecification\",\"valueRequired\":true,\"valueName\":\"search_term_string\"}}],\"inLanguage\":\"fr-FR\"},{\"@type\":\"Organization\",\"@id\":\"https:\\\/\\\/www.organisator.ch\\\/#organization\",\"name\":\"Organisator\",\"url\":\"https:\\\/\\\/www.organisator.ch\\\/\",\"logo\":{\"@type\":\"ImageObject\",\"inLanguage\":\"fr-FR\",\"@id\":\"https:\\\/\\\/www.organisator.ch\\\/#\\\/schema\\\/logo\\\/image\\\/\",\"url\":\"https:\\\/\\\/www.organisator.ch\\\/wp-content\\\/uploads\\\/2022\\\/01\\\/Logo_Organisator_Website.png\",\"contentUrl\":\"https:\\\/\\\/www.organisator.ch\\\/wp-content\\\/uploads\\\/2022\\\/01\\\/Logo_Organisator_Website.png\",\"width\":800,\"height\":77,\"caption\":\"Organisator\"},\"image\":{\"@id\":\"https:\\\/\\\/www.organisator.ch\\\/#\\\/schema\\\/logo\\\/image\\\/\"},\"sameAs\":[\"https:\\\/\\\/www.facebook.com\\\/OrganisatorFachmagazin\",\"https:\\\/\\\/www.linkedin.com\\\/showcase\\\/organisator-das-magazin-fr-kmu\",\"https:\\\/\\\/www.xing.com\\\/news\\\/pages\\\/organisator-ch-695\",\"https:\\\/\\\/www.youtube.com\\\/channel\\\/UCGP2Sq0iWaZwT3BdIAQFYpw\"]},{\"@type\":\"Person\",\"@id\":\"https:\\\/\\\/www.organisator.ch\\\/#\\\/schema\\\/person\\\/6f650f90b2842cd4c0cc334b4e36f67e\",\"name\":\"thomas.berner\",\"image\":{\"@type\":\"ImageObject\",\"inLanguage\":\"fr-FR\",\"@id\":\"https:\\\/\\\/secure.gravatar.com\\\/avatar\\\/ac5001d2a36cb6c6cd3e50789007ffca834b477b74a2144564522e944eabff61?s=96&d=mm&r=g\",\"url\":\"https:\\\/\\\/secure.gravatar.com\\\/avatar\\\/ac5001d2a36cb6c6cd3e50789007ffca834b477b74a2144564522e944eabff61?s=96&d=mm&r=g\",\"contentUrl\":\"https:\\\/\\\/secure.gravatar.com\\\/avatar\\\/ac5001d2a36cb6c6cd3e50789007ffca834b477b74a2144564522e944eabff61?s=96&d=mm&r=g\",\"caption\":\"thomas.berner\"},\"url\":\"https:\\\/\\\/www.organisator.ch\\\/fr\\\/author\\\/thomas-berner\\\/\"}]}<\/script>\n<!-- \/ Yoast SEO plugin. -->","yoast_head_json":{"title":"Augmentation \u00e0 deux chiffres du chiffre d'affaires d'Abacus Research AG - Organisateur","description":"Pour la cinqui\u00e8me fois cons\u00e9cutive, l'entreprise de logiciels de Suisse orientale Abacus Research SA a r\u00e9alis\u00e9 une augmentation \u00e0 deux chiffres de son chiffre d'affaires.","robots":{"index":"index","follow":"follow","max-snippet":"max-snippet:-1","max-image-preview":"max-image-preview:large","max-video-preview":"max-video-preview:-1"},"canonical":"https:\/\/www.organisator.ch\/fr\/gestion-2\/it\/2021-03-25\/zweistellige-umsatzsteigerung-bei-abacus-research-ag\/","og_locale":"fr_FR","og_type":"article","og_title":"Zweistellige Umsatzsteigerung bei Abacus Research AG","og_description":"Zum f\u00fcnften Mal in Folge hat das Ostschweizer Softwareunternehmen Abacus Research AG eine zweistellige Umsatzsteigerung realisiert.","og_url":"https:\/\/www.organisator.ch\/fr\/gestion-2\/it\/2021-03-25\/zweistellige-umsatzsteigerung-bei-abacus-research-ag\/","og_site_name":"Organisator","article_publisher":"https:\/\/www.facebook.com\/OrganisatorFachmagazin","article_published_time":"2021-03-25T15:48:50+00:00","og_image":[{"width":680,"height":453,"url":"https:\/\/www.organisator.ch\/wp-content\/uploads\/2021\/03\/Zweistellige-Umsatzsteigerung-bei-Abacus-Research-AG_Organisator.jpg","type":"image\/jpeg"}],"author":"thomas.berner","twitter_card":"summary_large_image","twitter_title":"Zweistellige #Umsatzsteigerung bei #Abacus Research AG","twitter_description":"Zum f\u00fcnften Mal in Folge hat das Ostschweizer Softwareunternehmen #Abacus Research AG eine zweistellige #Umsatzsteigerung realisiert.","twitter_image":"https:\/\/www.organisator.ch\/wp-content\/uploads\/2021\/03\/Zweistellige-Umsatzsteigerung-bei-Abacus-Research-AG_Organisator.jpg","schema":{"@context":"https:\/\/schema.org","@graph":[{"@type":"Article","@id":"https:\/\/www.organisator.ch\/management\/it\/2021-03-25\/zweistellige-umsatzsteigerung-bei-abacus-research-ag\/#article","isPartOf":{"@id":"https:\/\/www.organisator.ch\/management\/it\/2021-03-25\/zweistellige-umsatzsteigerung-bei-abacus-research-ag\/"},"author":{"name":"thomas.berner","@id":"https:\/\/www.organisator.ch\/#\/schema\/person\/6f650f90b2842cd4c0cc334b4e36f67e"},"headline":"Zweistellige Umsatzsteigerung bei Abacus Research AG","datePublished":"2021-03-25T15:48:50+00:00","mainEntityOfPage":{"@id":"https:\/\/www.organisator.ch\/management\/it\/2021-03-25\/zweistellige-umsatzsteigerung-bei-abacus-research-ag\/"},"wordCount":422,"publisher":{"@id":"https:\/\/www.organisator.ch\/#organization"},"image":{"@id":"https:\/\/www.organisator.ch\/management\/it\/2021-03-25\/zweistellige-umsatzsteigerung-bei-abacus-research-ag\/#primaryimage"},"thumbnailUrl":"https:\/\/www.organisator.ch\/wp-content\/uploads\/2021\/03\/Zweistellige-Umsatzsteigerung-bei-Abacus-Research-AG_Organisator.jpg","keywords":["IT","IT &amp; Business Software","Unternehmen"],"articleSection":["IT"],"inLanguage":"fr-FR"},{"@type":"WebPage","@id":"https:\/\/www.organisator.ch\/management\/it\/2021-03-25\/zweistellige-umsatzsteigerung-bei-abacus-research-ag\/","url":"https:\/\/www.organisator.ch\/management\/it\/2021-03-25\/zweistellige-umsatzsteigerung-bei-abacus-research-ag\/","name":"Augmentation \u00e0 deux chiffres du chiffre d'affaires d'Abacus Research AG - Organisateur","isPartOf":{"@id":"https:\/\/www.organisator.ch\/#website"},"primaryImageOfPage":{"@id":"https:\/\/www.organisator.ch\/management\/it\/2021-03-25\/zweistellige-umsatzsteigerung-bei-abacus-research-ag\/#primaryimage"},"image":{"@id":"https:\/\/www.organisator.ch\/management\/it\/2021-03-25\/zweistellige-umsatzsteigerung-bei-abacus-research-ag\/#primaryimage"},"thumbnailUrl":"https:\/\/www.organisator.ch\/wp-content\/uploads\/2021\/03\/Zweistellige-Umsatzsteigerung-bei-Abacus-Research-AG_Organisator.jpg","datePublished":"2021-03-25T15:48:50+00:00","description":"Pour la cinqui\u00e8me fois cons\u00e9cutive, l'entreprise de logiciels de Suisse orientale Abacus Research SA a r\u00e9alis\u00e9 une augmentation \u00e0 deux chiffres de son chiffre d'affaires.","breadcrumb":{"@id":"https:\/\/www.organisator.ch\/management\/it\/2021-03-25\/zweistellige-umsatzsteigerung-bei-abacus-research-ag\/#breadcrumb"},"inLanguage":"fr-FR","potentialAction":[{"@type":"ReadAction","target":["https:\/\/www.organisator.ch\/management\/it\/2021-03-25\/zweistellige-umsatzsteigerung-bei-abacus-research-ag\/"]}]},{"@type":"ImageObject","inLanguage":"fr-FR","@id":"https:\/\/www.organisator.ch\/management\/it\/2021-03-25\/zweistellige-umsatzsteigerung-bei-abacus-research-ag\/#primaryimage","url":"https:\/\/www.organisator.ch\/wp-content\/uploads\/2021\/03\/Zweistellige-Umsatzsteigerung-bei-Abacus-Research-AG_Organisator.jpg","contentUrl":"https:\/\/www.organisator.ch\/wp-content\/uploads\/2021\/03\/Zweistellige-Umsatzsteigerung-bei-Abacus-Research-AG_Organisator.jpg","width":680,"height":453,"caption":"Darf sich erneut \u00fcber eine zweistellige Umsatzsteigerung freuen: Abacus-Chef Claudio Hintermann. (Bild: zVg \/ Abacus Research AG)"},{"@type":"BreadcrumbList","@id":"https:\/\/www.organisator.ch\/management\/it\/2021-03-25\/zweistellige-umsatzsteigerung-bei-abacus-research-ag\/#breadcrumb","itemListElement":[{"@type":"ListItem","position":1,"name":"Home","item":"https:\/\/www.organisator.ch\/"},{"@type":"ListItem","position":2,"name":"Zweistellige Umsatzsteigerung bei Abacus Research AG"}]},{"@type":"WebSite","@id":"https:\/\/www.organisator.ch\/#website","url":"https:\/\/www.organisator.ch\/","name":"Organisateur","description":"Comp\u00e9tence et comp\u00e9tence. Proches de la pratique. L'ORGANISATEUR pr\u00e9pare 10 num\u00e9ros par an sur les th\u00e8mes essentiels pour les dirigeants de PME.","publisher":{"@id":"https:\/\/www.organisator.ch\/#organization"},"potentialAction":[{"@type":"SearchAction","target":{"@type":"EntryPoint","urlTemplate":"https:\/\/www.organisator.ch\/?s={search_term_string}"},"query-input":{"@type":"PropertyValueSpecification","valueRequired":true,"valueName":"search_term_string"}}],"inLanguage":"fr-FR"},{"@type":"Organization","@id":"https:\/\/www.organisator.ch\/#organization","name":"Organisateur","url":"https:\/\/www.organisator.ch\/","logo":{"@type":"ImageObject","inLanguage":"fr-FR","@id":"https:\/\/www.organisator.ch\/#\/schema\/logo\/image\/","url":"https:\/\/www.organisator.ch\/wp-content\/uploads\/2022\/01\/Logo_Organisator_Website.png","contentUrl":"https:\/\/www.organisator.ch\/wp-content\/uploads\/2022\/01\/Logo_Organisator_Website.png","width":800,"height":77,"caption":"Organisator"},"image":{"@id":"https:\/\/www.organisator.ch\/#\/schema\/logo\/image\/"},"sameAs":["https:\/\/www.facebook.com\/OrganisatorFachmagazin","https:\/\/www.linkedin.com\/showcase\/organisator-das-magazin-fr-kmu","https:\/\/www.xing.com\/news\/pages\/organisator-ch-695","https:\/\/www.youtube.com\/channel\/UCGP2Sq0iWaZwT3BdIAQFYpw"]},{"@type":"Person","@id":"https:\/\/www.organisator.ch\/#\/schema\/person\/6f650f90b2842cd4c0cc334b4e36f67e","name":"thomas.berner","image":{"@type":"ImageObject","inLanguage":"fr-FR","@id":"https:\/\/secure.gravatar.com\/avatar\/ac5001d2a36cb6c6cd3e50789007ffca834b477b74a2144564522e944eabff61?s=96&d=mm&r=g","url":"https:\/\/secure.gravatar.com\/avatar\/ac5001d2a36cb6c6cd3e50789007ffca834b477b74a2144564522e944eabff61?s=96&d=mm&r=g","contentUrl":"https:\/\/secure.gravatar.com\/avatar\/ac5001d2a36cb6c6cd3e50789007ffca834b477b74a2144564522e944eabff61?s=96&d=mm&r=g","caption":"thomas.berner"},"url":"https:\/\/www.organisator.ch\/fr\/author\/thomas-berner\/"}]}},"_links":{"self":[{"href":"https:\/\/www.organisator.ch\/fr\/wp-json\/wp\/v2\/posts\/7858","targetHints":{"allow":["GET"]}}],"collection":[{"href":"https:\/\/www.organisator.ch\/fr\/wp-json\/wp\/v2\/posts"}],"about":[{"href":"https:\/\/www.organisator.ch\/fr\/wp-json\/wp\/v2\/types\/post"}],"author":[{"embeddable":true,"href":"https:\/\/www.organisator.ch\/fr\/wp-json\/wp\/v2\/users\/4"}],"replies":[{"embeddable":true,"href":"https:\/\/www.organisator.ch\/fr\/wp-json\/wp\/v2\/comments?post=7858"}],"version-history":[{"count":0,"href":"https:\/\/www.organisator.ch\/fr\/wp-json\/wp\/v2\/posts\/7858\/revisions"}],"wp:featuredmedia":[{"embeddable":true,"href":"https:\/\/www.organisator.ch\/fr\/wp-json\/wp\/v2\/media\/7859"}],"wp:attachment":[{"href":"https:\/\/www.organisator.ch\/fr\/wp-json\/wp\/v2\/media?parent=7858"}],"wp:term":[{"taxonomy":"category","embeddable":true,"href":"https:\/\/www.organisator.ch\/fr\/wp-json\/wp\/v2\/categories?post=7858"},{"taxonomy":"post_tag","embeddable":true,"href":"https:\/\/www.organisator.ch\/fr\/wp-json\/wp\/v2\/tags?post=7858"}],"curies":[{"name":"wp","href":"https:\/\/api.w.org\/{rel}","templated":true}]}}