{"id":7862,"date":"2021-03-26T07:54:29","date_gmt":"2021-03-26T06:54:29","guid":{"rendered":"https:\/\/www.organisator.ch\/?p=7862"},"modified":"2021-03-26T07:54:29","modified_gmt":"2021-03-26T06:54:29","slug":"zurueck-ins-buero-aber-nicht-mehr-so-oft-wie-vor-der-pandemie","status":"publish","type":"post","link":"https:\/\/www.organisator.ch\/fr\/management\/2021-03-26\/zurueck-ins-buero-aber-nicht-mehr-so-oft-wie-vor-der-pandemie\/","title":{"rendered":"Retour au bureau - mais pas aussi souvent qu'avant la pand\u00e9mie"},"content":{"rendered":"<figure id=\"attachment_7865\" aria-describedby=\"caption-attachment-7865\" style=\"width: 680px\" class=\"wp-caption alignnone\"><img loading=\"lazy\" decoding=\"async\" class=\"size-medium wp-image-7865\" src=\"https:\/\/www.organisator.ch\/wp-content\/uploads\/2021\/03\/Zurueck-ins-Buero-aber-nicht-mehr-so-oft-wie-vor-der-Pandemie-1_Organisator.jpg\" alt=\"\" width=\"680\" height=\"363\" srcset=\"https:\/\/www.organisator.ch\/wp-content\/uploads\/2021\/03\/Zurueck-ins-Buero-aber-nicht-mehr-so-oft-wie-vor-der-Pandemie-1_Organisator.jpg 680w, https:\/\/www.organisator.ch\/wp-content\/uploads\/2021\/03\/Zurueck-ins-Buero-aber-nicht-mehr-so-oft-wie-vor-der-Pandemie-1_Organisator-16x9.jpg 16w, https:\/\/www.organisator.ch\/wp-content\/uploads\/2021\/03\/Zurueck-ins-Buero-aber-nicht-mehr-so-oft-wie-vor-der-Pandemie-1_Organisator-328x175.jpg 328w, https:\/\/www.organisator.ch\/wp-content\/uploads\/2021\/03\/Zurueck-ins-Buero-aber-nicht-mehr-so-oft-wie-vor-der-Pandemie-1_Organisator-656x350.jpg 656w, https:\/\/www.organisator.ch\/wp-content\/uploads\/2021\/03\/Zurueck-ins-Buero-aber-nicht-mehr-so-oft-wie-vor-der-Pandemie-1_Organisator-300x160.jpg 300w\" sizes=\"auto, (max-width: 680px) 100vw, 680px\" \/><figcaption id=\"caption-attachment-7865\" class=\"wp-caption-text\">Lieu de nostalgie ? Selon un sondage repr\u00e9sentatif, de nombreux actifs souhaitent retourner au bureau apr\u00e8s la pand\u00e9mie - m\u00eame si ce n'est plus tous les jours. (Image : Unsplash.com)<\/figcaption><\/figure>\n<p>Depuis l'apparition de la pand\u00e9mie il y a un an, le th\u00e8me du home office est sur toutes les l\u00e8vres. En f\u00e9vrier 2021, 52% des personnes actives en Suisse travaillaient enti\u00e8rement ou partiellement en home office - <a href=\"https:\/\/www2.deloitte.com\/ch\/how-covid-19-contributes-to-a-long-term-boost-in-remote-working-mm\" target=\"_blank\" rel=\"noopener noreferrer\">pendant le lockdown il y a un an, c'\u00e9tait 50 pour cent<\/a>. Pour 36 pour cent, le travail \u00e0 domicile n'est en principe pas possible. C'est ce que montre un sondage repr\u00e9sentatif r\u00e9alis\u00e9 entre le 12 et le 23 f\u00e9vrier par le cabinet d'audit et de conseil Deloitte aupr\u00e8s d'environ 2000 personnes en \u00e2ge de travailler vivant en Suisse.<\/p>\n<h2>Retour au bureau : oui, mais pas tous les jours<\/h2>\n<p>Parmi les employ\u00e9s de bureau, une grande majorit\u00e9 (88%) ne souhaite plus passer chaque jour de travail au bureau \u00e0 l'avenir, selon l'enqu\u00eate Deloitte (voir graphique 1). Pr\u00e8s des deux tiers (62 %) des personnes interrog\u00e9es souhaitent continuer \u00e0 travailler \u00e0 domicile certains jours de la semaine apr\u00e8s la pand\u00e9mie. Vingt-six pour cent se prononcent m\u00eame en faveur d'un retour complet au bureau \u00e0 domicile. Il n'en reste pas moins que 12 % d'entre eux souhaitent retourner compl\u00e8tement au bureau.<\/p>\n<figure id=\"attachment_7863\" aria-describedby=\"caption-attachment-7863\" style=\"width: 680px\" class=\"wp-caption alignnone\"><img loading=\"lazy\" decoding=\"async\" class=\"wp-image-7863 size-medium\" src=\"https:\/\/www.organisator.ch\/wp-content\/uploads\/2021\/03\/Zurueck-ins-Buero-aber-nicht-mehr-so-oft-wie-vor-der-Pandemie-2_Organisator.jpg\" alt=\"\" width=\"680\" height=\"275\" srcset=\"https:\/\/www.organisator.ch\/wp-content\/uploads\/2021\/03\/Zurueck-ins-Buero-aber-nicht-mehr-so-oft-wie-vor-der-Pandemie-2_Organisator.jpg 680w, https:\/\/www.organisator.ch\/wp-content\/uploads\/2021\/03\/Zurueck-ins-Buero-aber-nicht-mehr-so-oft-wie-vor-der-Pandemie-2_Organisator-16x6.jpg 16w, https:\/\/www.organisator.ch\/wp-content\/uploads\/2021\/03\/Zurueck-ins-Buero-aber-nicht-mehr-so-oft-wie-vor-der-Pandemie-2_Organisator-375x152.jpg 375w, https:\/\/www.organisator.ch\/wp-content\/uploads\/2021\/03\/Zurueck-ins-Buero-aber-nicht-mehr-so-oft-wie-vor-der-Pandemie-2_Organisator-300x121.jpg 300w\" sizes=\"auto, (max-width: 680px) 100vw, 680px\" \/><figcaption id=\"caption-attachment-7863\" class=\"wp-caption-text\">(Graphique : Deloitte)<\/figcaption><\/figure>\n<p>\"Les douze derniers mois ont montr\u00e9 que le travail \u00e0 distance fonctionne tr\u00e8s bien pour de nombreuses personnes. Le fait que si peu d'entre eux souhaitent retourner compl\u00e8tement au bureau apr\u00e8s la pand\u00e9mie le confirme clairement\", d\u00e9clare Reto Savoia, CEO de Deloitte Suisse. \"Pour le travail de demain, une nette majorit\u00e9 souhaite un m\u00e9lange appropri\u00e9 de travail \u00e0 distance et de pr\u00e9sence au bureau et veut profiter des avantages des deux mod\u00e8les de travail. Les entreprises ne peuvent et ne doivent pas se fermer \u00e0 ce besoin. La tendance au travail \u00e0 distance entra\u00eene en outre d'importants changements \u00e9conomiques et sociaux et aura par exemple une influence sur les transports publics, le march\u00e9 immobilier ou la gastronomie et le commerce de d\u00e9tail. Parall\u00e8lement, des mod\u00e8les de travail \u00e0 distance flexibles et attrayants offrent de nouvelles opportunit\u00e9s aux entreprises et \u00e0 leur personnel. Que ce soit dans l'\u00e9largissement du rayon de recrutement ou dans l'\u00e9tablissement de nouveaux mod\u00e8les familiaux\".<\/p>\n<h2>Diff\u00e9rences entre les g\u00e9n\u00e9rations<\/h2>\n<p>Lorsqu'il s'agit de pr\u00e9f\u00e9rences individuelles, il existe \u00e9galement des diff\u00e9rences entre les g\u00e9n\u00e9rations : Chez les moins de 30 ans, seuls 9 pour cent veulent retourner compl\u00e8tement au bureau, chez les plus de 50 ans, ce sont 16 pour cent qui ne veulent plus travailler \u00e0 domicile. De l'autre c\u00f4t\u00e9 du spectre, le tableau est similaire : 31 pour cent des jeunes souhaitent continuer \u00e0 travailler compl\u00e8tement \u00e0 la maison apr\u00e8s la pand\u00e9mie, contre 22 pour cent seulement des plus de 50 ans.<\/p>\n<p>\"Les jeunes g\u00e9n\u00e9rations veulent plus de flexibilit\u00e9 dans leur travail\", explique Veronica Melian, Human Capital Leader chez Deloitte Suisse. \"Attirer de jeunes talents est et reste un d\u00e9fi majeur pour de nombreuses entreprises. Il est important que les employeurs comprennent les pr\u00e9f\u00e9rences et les m\u00e9thodes de travail de leurs jeunes collaborateurs et qu'ils les int\u00e8grent de mani\u00e8re cibl\u00e9e et productive dans leur entreprise. Les entreprises doivent \u00e9laborer et communiquer de mani\u00e8re cibl\u00e9e des mod\u00e8les de travail flexibles afin d'attirer les jeunes talents du monde entier dont elles ont un besoin urgent, qui sont flexibles sur le plan g\u00e9ographique et qui recherchent d\u00e9lib\u00e9r\u00e9ment un environnement de travail moderne et tourn\u00e9 vers l'avenir. Il s'agit l\u00e0 d'un d\u00e9fi strat\u00e9gique majeur pour de nombreuses entreprises, compte tenu de la p\u00e9nurie de main-d'\u0153uvre qualifi\u00e9e qui s'aggrave\".<\/p>\n<h2>Plus productif en t\u00e9l\u00e9travail ?<\/h2>\n<p>Pr\u00e8s de la moiti\u00e9 des personnes interrog\u00e9es (47%) ont l'impression d'\u00eatre plus productives en travaillant \u00e0 domicile qu'avec leurs coll\u00e8gues au bureau. Seuls 16% pensent qu'ils sont moins productifs \u00e0 la maison, tandis que pour 37%, la productivit\u00e9 est rest\u00e9e la m\u00eame. Si l'on compare ces chiffres \u00e0 la <a href=\"https:\/\/www2.deloitte.com\/ch\/how-covid-19-contributes-to-a-long-term-boost-in-remote-working-mm\" target=\"_blank\" rel=\"noopener noreferrer\">Enqu\u00eate Deloitte r\u00e9alis\u00e9e pendant le lockdown de l'ann\u00e9e derni\u00e8re<\/a>La productivit\u00e9 s'est am\u00e9lior\u00e9e avec le temps (voir graphique 2).<\/p>\n<figure id=\"attachment_7864\" aria-describedby=\"caption-attachment-7864\" style=\"width: 680px\" class=\"wp-caption alignnone\"><img loading=\"lazy\" decoding=\"async\" class=\"wp-image-7864 size-medium\" src=\"https:\/\/www.organisator.ch\/wp-content\/uploads\/2021\/03\/Zurueck-ins-Buero-aber-nicht-mehr-so-oft-wie-vor-der-Pandemie-3_Organisator.jpg\" alt=\"\" width=\"680\" height=\"460\" srcset=\"https:\/\/www.organisator.ch\/wp-content\/uploads\/2021\/03\/Zurueck-ins-Buero-aber-nicht-mehr-so-oft-wie-vor-der-Pandemie-3_Organisator.jpg 680w, https:\/\/www.organisator.ch\/wp-content\/uploads\/2021\/03\/Zurueck-ins-Buero-aber-nicht-mehr-so-oft-wie-vor-der-Pandemie-3_Organisator-16x12.jpg 16w, https:\/\/www.organisator.ch\/wp-content\/uploads\/2021\/03\/Zurueck-ins-Buero-aber-nicht-mehr-so-oft-wie-vor-der-Pandemie-3_Organisator-259x175.jpg 259w, https:\/\/www.organisator.ch\/wp-content\/uploads\/2021\/03\/Zurueck-ins-Buero-aber-nicht-mehr-so-oft-wie-vor-der-Pandemie-3_Organisator-517x350.jpg 517w, https:\/\/www.organisator.ch\/wp-content\/uploads\/2021\/03\/Zurueck-ins-Buero-aber-nicht-mehr-so-oft-wie-vor-der-Pandemie-3_Organisator-300x203.jpg 300w\" sizes=\"auto, (max-width: 680px) 100vw, 680px\" \/><figcaption id=\"caption-attachment-7864\" class=\"wp-caption-text\">(Graphique : Deloitte)<\/figcaption><\/figure>\n<p>\"Le fait que la productivit\u00e9 per\u00e7ue par les collaborateurs ait augment\u00e9 par rapport \u00e0 l'ann\u00e9e pr\u00e9c\u00e9dente pourrait s'expliquer d'une part par le fait que les \u00e9coles sont rest\u00e9es ouvertes et que de nombreux parents n'ont plus eu \u00e0 s'occuper eux-m\u00eames de la garde des enfants\", explique Veronica Melian. \"En outre, les collaborateurs comme les entreprises \u00e9taient techniquement mieux pr\u00e9par\u00e9s que lors du premier lockdown et plus habitu\u00e9s \u00e0 utiliser les outils num\u00e9riques\".<\/p>\n<h2>L'\u00e9change personnel fait d\u00e9faut<\/h2>\n<p>Le home-office comporte cependant aussi ses pi\u00e8ges. Outre les probl\u00e8mes de place (20%) et le manque d'infrastructure (22%), c'est surtout le manque d'\u00e9changes personnels qui repr\u00e9sente le plus grand d\u00e9fi pour bon nombre des personnes interrog\u00e9es (44%). \"L'\u00e9change personnel conscient continue de jouer un r\u00f4le important pour beaucoup, y compris pour la culture d'entreprise\", explique Reto Savoia. \"On vient au bureau pour \u00e9changer, cr\u00e9er des id\u00e9es ensemble - des aspects essentiels de l'innovation n\u00e9cessitent une interaction personnelle et se r\u00e9alisent le mieux sur place. C'est donc l\u00e0 que se trouvent de grandes chances pour les entreprises de r\u00e9unir le besoin de contacts personnels avec les clients et les coll\u00e8gues ainsi que l'utilisation cibl\u00e9e de la num\u00e9risation en un paquet global attractif qui correspond le mieux aux besoins des collaborateurs\".<\/p>\n<p>\"Les entreprises doivent se pr\u00e9parer \u00e0 l'apr\u00e8s-verrouillage en trouvant un bon \u00e9quilibre entre le travail \u00e0 distance et la pr\u00e9sence au bureau\", poursuit Savoia. \"J'imagine que les employ\u00e9s travaillent d'une part consciemment et de mani\u00e8re concentr\u00e9e \u00e0 la maison. D'autre part, s'il s'agit des aspects collaboratifs et cr\u00e9atifs du travail, un bureau moderne a plus de sens. Les entreprises doivent cr\u00e9er en cons\u00e9quence de nouveaux espaces et des 'espaces de collaboration' qui permettent aux collaborateurs de trouver l'inspiration, les incitent \u00e0 \u00e9changer des id\u00e9es et les aident \u00e0 d\u00e9velopper de nouvelles strat\u00e9gies\".<\/p>\n<p><em>Source : <a href=\"http:\/\/www.deloitte.ch\">Deloitte<\/a><\/em><\/p>","protected":false},"excerpt":{"rendered":"<p>Seit dem Ausbruch der Pandemie vor einem Jahr ist das Thema Homeoffice in aller Munde. Im Februar 2021 arbeiteten 52 Prozent der Erwerbst\u00e4tigen in der Schweiz ganz oder teilweise im Home-Office \u2013 w\u00e4hrend des Lockdowns vor einem Jahr waren es 50 Prozent. F\u00fcr 36 Prozent ist die Arbeit von zu Hause aus prinzipiell nicht m\u00f6glich. [&hellip;]<\/p>\n","protected":false},"author":4,"featured_media":7865,"comment_status":"closed","ping_status":"closed","sticky":false,"template":"","format":"standard","meta":{"_acf_changed":false,"_yoast_wpseo_focuskw":"Zur\u00fcck ins B\u00fcro","_yoast_wpseo_metadesc":"Nicht wenige wollen zur\u00fcck ins B\u00fcro, sobald es die Situation wieder zul\u00e4sst - wenn auch nicht jeden Tag. Dies zeigt eine repr\u00e4sentative Studie von Deloitte.","articlekey":"","footnotes":""},"categories":[28],"tags":[51,251,254,335,459],"class_list":["post-7862","post","type-post","status-publish","format-standard","has-post-thumbnail","hentry","category-management","tag-arbeitsplatzgestaltung","tag-homeoffice","tag-hrm","tag-management-und-unternehmensfuehrung","tag-studie"],"acf":[],"yoast_head":"<!-- This site is optimized with the Yoast SEO plugin v27.4 - https:\/\/yoast.com\/product\/yoast-seo-wordpress\/ -->\n<title>Zur\u00fcck ins B\u00fcro - aber nicht mehr so oft wie vor der Pandemie - Organisator<\/title>\n<meta name=\"description\" content=\"Nicht wenige wollen zur\u00fcck ins B\u00fcro, sobald es die Situation wieder zul\u00e4sst - wenn auch nicht jeden Tag. Dies zeigt eine repr\u00e4sentative Studie von Deloitte.\" \/>\n<meta name=\"robots\" content=\"index, follow, max-snippet:-1, max-image-preview:large, max-video-preview:-1\" \/>\n<link rel=\"canonical\" href=\"https:\/\/www.organisator.ch\/fr\/gestion-2\/2021-03-26\/zurueck-ins-buero-aber-nicht-mehr-so-oft-wie-vor-der-pandemie\/\" \/>\n<meta property=\"og:locale\" content=\"fr_FR\" \/>\n<meta property=\"og:type\" content=\"article\" \/>\n<meta property=\"og:title\" content=\"Zur\u00fcck ins B\u00fcro - aber nicht mehr so oft wie vor der Pandemie\" \/>\n<meta property=\"og:description\" content=\"Nicht wenige wollen zur\u00fcck ins B\u00fcro, sobald es die Situation wieder zul\u00e4sst - wenn auch nicht jeden Tag. Dies zeigt eine repr\u00e4sentative Studie von Deloitte.\" \/>\n<meta property=\"og:url\" content=\"https:\/\/www.organisator.ch\/fr\/gestion-2\/2021-03-26\/zurueck-ins-buero-aber-nicht-mehr-so-oft-wie-vor-der-pandemie\/\" \/>\n<meta property=\"og:site_name\" content=\"Organisator\" \/>\n<meta property=\"article:publisher\" content=\"https:\/\/www.facebook.com\/OrganisatorFachmagazin\" \/>\n<meta property=\"article:published_time\" content=\"2021-03-26T06:54:29+00:00\" \/>\n<meta property=\"og:image\" content=\"https:\/\/www.organisator.ch\/wp-content\/uploads\/2021\/03\/Zurueck-ins-Buero-aber-nicht-mehr-so-oft-wie-vor-der-Pandemie-1_Organisator.jpg\" \/>\n\t<meta property=\"og:image:width\" content=\"680\" \/>\n\t<meta property=\"og:image:height\" content=\"363\" \/>\n\t<meta property=\"og:image:type\" content=\"image\/jpeg\" \/>\n<meta name=\"author\" content=\"thomas.berner\" \/>\n<meta name=\"twitter:card\" content=\"summary_large_image\" \/>\n<meta name=\"twitter:title\" content=\"#Zur\u00fcckinsB\u00fcro - aber nicht mehr so oft wie vor der #Pandemie\" \/>\n<meta name=\"twitter:description\" content=\"Nicht wenige wollen #zur\u00fcckinsB\u00fcro, sobald es die Situation wieder zul\u00e4sst - wenn auch nicht jeden Tag. Dies zeigt eine repr\u00e4sentative Studie von #Deloitte.\" \/>\n<meta name=\"twitter:image\" content=\"https:\/\/www.organisator.ch\/wp-content\/uploads\/2021\/03\/Zurueck-ins-Buero-aber-nicht-mehr-so-oft-wie-vor-der-Pandemie-1_Organisator.jpg\" \/>\n<script type=\"application\/ld+json\" class=\"yoast-schema-graph\">{\"@context\":\"https:\\\/\\\/schema.org\",\"@graph\":[{\"@type\":\"Article\",\"@id\":\"https:\\\/\\\/www.organisator.ch\\\/management\\\/2021-03-26\\\/zurueck-ins-buero-aber-nicht-mehr-so-oft-wie-vor-der-pandemie\\\/#article\",\"isPartOf\":{\"@id\":\"https:\\\/\\\/www.organisator.ch\\\/management\\\/2021-03-26\\\/zurueck-ins-buero-aber-nicht-mehr-so-oft-wie-vor-der-pandemie\\\/\"},\"author\":{\"name\":\"thomas.berner\",\"@id\":\"https:\\\/\\\/www.organisator.ch\\\/#\\\/schema\\\/person\\\/6f650f90b2842cd4c0cc334b4e36f67e\"},\"headline\":\"Zur\u00fcck ins B\u00fcro &#8211; aber nicht mehr so oft wie vor der Pandemie\",\"datePublished\":\"2021-03-26T06:54:29+00:00\",\"mainEntityOfPage\":{\"@id\":\"https:\\\/\\\/www.organisator.ch\\\/management\\\/2021-03-26\\\/zurueck-ins-buero-aber-nicht-mehr-so-oft-wie-vor-der-pandemie\\\/\"},\"wordCount\":929,\"publisher\":{\"@id\":\"https:\\\/\\\/www.organisator.ch\\\/#organization\"},\"image\":{\"@id\":\"https:\\\/\\\/www.organisator.ch\\\/management\\\/2021-03-26\\\/zurueck-ins-buero-aber-nicht-mehr-so-oft-wie-vor-der-pandemie\\\/#primaryimage\"},\"thumbnailUrl\":\"https:\\\/\\\/www.organisator.ch\\\/wp-content\\\/uploads\\\/2021\\\/03\\\/Zurueck-ins-Buero-aber-nicht-mehr-so-oft-wie-vor-der-Pandemie-1_Organisator.jpg\",\"keywords\":[\"Arbeitsplatzgestaltung\",\"Homeoffice\",\"HRM\",\"Management und Unternehmensf\u00fchrung\",\"Studie\"],\"articleSection\":[\"MANAGEMENT\"],\"inLanguage\":\"fr-FR\"},{\"@type\":\"WebPage\",\"@id\":\"https:\\\/\\\/www.organisator.ch\\\/management\\\/2021-03-26\\\/zurueck-ins-buero-aber-nicht-mehr-so-oft-wie-vor-der-pandemie\\\/\",\"url\":\"https:\\\/\\\/www.organisator.ch\\\/management\\\/2021-03-26\\\/zurueck-ins-buero-aber-nicht-mehr-so-oft-wie-vor-der-pandemie\\\/\",\"name\":\"Zur\u00fcck ins B\u00fcro - aber nicht mehr so oft wie vor der Pandemie - Organisator\",\"isPartOf\":{\"@id\":\"https:\\\/\\\/www.organisator.ch\\\/#website\"},\"primaryImageOfPage\":{\"@id\":\"https:\\\/\\\/www.organisator.ch\\\/management\\\/2021-03-26\\\/zurueck-ins-buero-aber-nicht-mehr-so-oft-wie-vor-der-pandemie\\\/#primaryimage\"},\"image\":{\"@id\":\"https:\\\/\\\/www.organisator.ch\\\/management\\\/2021-03-26\\\/zurueck-ins-buero-aber-nicht-mehr-so-oft-wie-vor-der-pandemie\\\/#primaryimage\"},\"thumbnailUrl\":\"https:\\\/\\\/www.organisator.ch\\\/wp-content\\\/uploads\\\/2021\\\/03\\\/Zurueck-ins-Buero-aber-nicht-mehr-so-oft-wie-vor-der-Pandemie-1_Organisator.jpg\",\"datePublished\":\"2021-03-26T06:54:29+00:00\",\"description\":\"Nicht wenige wollen zur\u00fcck ins B\u00fcro, sobald es die Situation wieder zul\u00e4sst - wenn auch nicht jeden Tag. Dies zeigt eine repr\u00e4sentative Studie von Deloitte.\",\"breadcrumb\":{\"@id\":\"https:\\\/\\\/www.organisator.ch\\\/management\\\/2021-03-26\\\/zurueck-ins-buero-aber-nicht-mehr-so-oft-wie-vor-der-pandemie\\\/#breadcrumb\"},\"inLanguage\":\"fr-FR\",\"potentialAction\":[{\"@type\":\"ReadAction\",\"target\":[\"https:\\\/\\\/www.organisator.ch\\\/management\\\/2021-03-26\\\/zurueck-ins-buero-aber-nicht-mehr-so-oft-wie-vor-der-pandemie\\\/\"]}]},{\"@type\":\"ImageObject\",\"inLanguage\":\"fr-FR\",\"@id\":\"https:\\\/\\\/www.organisator.ch\\\/management\\\/2021-03-26\\\/zurueck-ins-buero-aber-nicht-mehr-so-oft-wie-vor-der-pandemie\\\/#primaryimage\",\"url\":\"https:\\\/\\\/www.organisator.ch\\\/wp-content\\\/uploads\\\/2021\\\/03\\\/Zurueck-ins-Buero-aber-nicht-mehr-so-oft-wie-vor-der-Pandemie-1_Organisator.jpg\",\"contentUrl\":\"https:\\\/\\\/www.organisator.ch\\\/wp-content\\\/uploads\\\/2021\\\/03\\\/Zurueck-ins-Buero-aber-nicht-mehr-so-oft-wie-vor-der-Pandemie-1_Organisator.jpg\",\"width\":680,\"height\":363,\"caption\":\"Sehnsuchtsort? Gem\u00e4ss einer repr\u00e4sentativen Umfrage will eine Mehrheit der Erwerbst\u00e4tigen nach der Pandemie zur\u00fcck ins B\u00fcro - wenn auch nicht mehr t\u00e4glich. (Bild: Unsplash.com)\"},{\"@type\":\"BreadcrumbList\",\"@id\":\"https:\\\/\\\/www.organisator.ch\\\/management\\\/2021-03-26\\\/zurueck-ins-buero-aber-nicht-mehr-so-oft-wie-vor-der-pandemie\\\/#breadcrumb\",\"itemListElement\":[{\"@type\":\"ListItem\",\"position\":1,\"name\":\"Home\",\"item\":\"https:\\\/\\\/www.organisator.ch\\\/\"},{\"@type\":\"ListItem\",\"position\":2,\"name\":\"Zur\u00fcck ins B\u00fcro &#8211; aber nicht mehr so oft wie vor der Pandemie\"}]},{\"@type\":\"WebSite\",\"@id\":\"https:\\\/\\\/www.organisator.ch\\\/#website\",\"url\":\"https:\\\/\\\/www.organisator.ch\\\/\",\"name\":\"Organisator\",\"description\":\"Kompetent. Praxisnah. Der ORGANISATOR bereitet in 10 Ausgaben pro Jahr die wesentlichen Themen f\u00fcr F\u00fchrungskr\u00e4fte von KMU auf.\",\"publisher\":{\"@id\":\"https:\\\/\\\/www.organisator.ch\\\/#organization\"},\"potentialAction\":[{\"@type\":\"SearchAction\",\"target\":{\"@type\":\"EntryPoint\",\"urlTemplate\":\"https:\\\/\\\/www.organisator.ch\\\/?s={search_term_string}\"},\"query-input\":{\"@type\":\"PropertyValueSpecification\",\"valueRequired\":true,\"valueName\":\"search_term_string\"}}],\"inLanguage\":\"fr-FR\"},{\"@type\":\"Organization\",\"@id\":\"https:\\\/\\\/www.organisator.ch\\\/#organization\",\"name\":\"Organisator\",\"url\":\"https:\\\/\\\/www.organisator.ch\\\/\",\"logo\":{\"@type\":\"ImageObject\",\"inLanguage\":\"fr-FR\",\"@id\":\"https:\\\/\\\/www.organisator.ch\\\/#\\\/schema\\\/logo\\\/image\\\/\",\"url\":\"https:\\\/\\\/www.organisator.ch\\\/wp-content\\\/uploads\\\/2022\\\/01\\\/Logo_Organisator_Website.png\",\"contentUrl\":\"https:\\\/\\\/www.organisator.ch\\\/wp-content\\\/uploads\\\/2022\\\/01\\\/Logo_Organisator_Website.png\",\"width\":800,\"height\":77,\"caption\":\"Organisator\"},\"image\":{\"@id\":\"https:\\\/\\\/www.organisator.ch\\\/#\\\/schema\\\/logo\\\/image\\\/\"},\"sameAs\":[\"https:\\\/\\\/www.facebook.com\\\/OrganisatorFachmagazin\",\"https:\\\/\\\/www.linkedin.com\\\/showcase\\\/organisator-das-magazin-fr-kmu\",\"https:\\\/\\\/www.xing.com\\\/news\\\/pages\\\/organisator-ch-695\",\"https:\\\/\\\/www.youtube.com\\\/channel\\\/UCGP2Sq0iWaZwT3BdIAQFYpw\"]},{\"@type\":\"Person\",\"@id\":\"https:\\\/\\\/www.organisator.ch\\\/#\\\/schema\\\/person\\\/6f650f90b2842cd4c0cc334b4e36f67e\",\"name\":\"thomas.berner\",\"image\":{\"@type\":\"ImageObject\",\"inLanguage\":\"fr-FR\",\"@id\":\"https:\\\/\\\/secure.gravatar.com\\\/avatar\\\/ac5001d2a36cb6c6cd3e50789007ffca834b477b74a2144564522e944eabff61?s=96&d=mm&r=g\",\"url\":\"https:\\\/\\\/secure.gravatar.com\\\/avatar\\\/ac5001d2a36cb6c6cd3e50789007ffca834b477b74a2144564522e944eabff61?s=96&d=mm&r=g\",\"contentUrl\":\"https:\\\/\\\/secure.gravatar.com\\\/avatar\\\/ac5001d2a36cb6c6cd3e50789007ffca834b477b74a2144564522e944eabff61?s=96&d=mm&r=g\",\"caption\":\"thomas.berner\"},\"url\":\"https:\\\/\\\/www.organisator.ch\\\/fr\\\/author\\\/thomas-berner\\\/\"}]}<\/script>\n<!-- \/ Yoast SEO plugin. -->","yoast_head_json":{"title":"Retour au bureau - mais pas aussi souvent qu'avant la pand\u00e9mie - Organisateur","description":"Ils sont nombreux \u00e0 vouloir retourner au bureau d\u00e8s que la situation le permet \u00e0 nouveau - m\u00eame si ce n'est pas tous les jours. C'est ce que montre une \u00e9tude repr\u00e9sentative de Deloitte.","robots":{"index":"index","follow":"follow","max-snippet":"max-snippet:-1","max-image-preview":"max-image-preview:large","max-video-preview":"max-video-preview:-1"},"canonical":"https:\/\/www.organisator.ch\/fr\/gestion-2\/2021-03-26\/zurueck-ins-buero-aber-nicht-mehr-so-oft-wie-vor-der-pandemie\/","og_locale":"fr_FR","og_type":"article","og_title":"Zur\u00fcck ins B\u00fcro - aber nicht mehr so oft wie vor der Pandemie","og_description":"Nicht wenige wollen zur\u00fcck ins B\u00fcro, sobald es die Situation wieder zul\u00e4sst - wenn auch nicht jeden Tag. Dies zeigt eine repr\u00e4sentative Studie von Deloitte.","og_url":"https:\/\/www.organisator.ch\/fr\/gestion-2\/2021-03-26\/zurueck-ins-buero-aber-nicht-mehr-so-oft-wie-vor-der-pandemie\/","og_site_name":"Organisator","article_publisher":"https:\/\/www.facebook.com\/OrganisatorFachmagazin","article_published_time":"2021-03-26T06:54:29+00:00","og_image":[{"width":680,"height":363,"url":"https:\/\/www.organisator.ch\/wp-content\/uploads\/2021\/03\/Zurueck-ins-Buero-aber-nicht-mehr-so-oft-wie-vor-der-Pandemie-1_Organisator.jpg","type":"image\/jpeg"}],"author":"thomas.berner","twitter_card":"summary_large_image","twitter_title":"#Zur\u00fcckinsB\u00fcro - aber nicht mehr so oft wie vor der #Pandemie","twitter_description":"Nicht wenige wollen #zur\u00fcckinsB\u00fcro, sobald es die Situation wieder zul\u00e4sst - wenn auch nicht jeden Tag. Dies zeigt eine repr\u00e4sentative Studie von #Deloitte.","twitter_image":"https:\/\/www.organisator.ch\/wp-content\/uploads\/2021\/03\/Zurueck-ins-Buero-aber-nicht-mehr-so-oft-wie-vor-der-Pandemie-1_Organisator.jpg","schema":{"@context":"https:\/\/schema.org","@graph":[{"@type":"Article","@id":"https:\/\/www.organisator.ch\/management\/2021-03-26\/zurueck-ins-buero-aber-nicht-mehr-so-oft-wie-vor-der-pandemie\/#article","isPartOf":{"@id":"https:\/\/www.organisator.ch\/management\/2021-03-26\/zurueck-ins-buero-aber-nicht-mehr-so-oft-wie-vor-der-pandemie\/"},"author":{"name":"thomas.berner","@id":"https:\/\/www.organisator.ch\/#\/schema\/person\/6f650f90b2842cd4c0cc334b4e36f67e"},"headline":"Zur\u00fcck ins B\u00fcro &#8211; aber nicht mehr so oft wie vor der Pandemie","datePublished":"2021-03-26T06:54:29+00:00","mainEntityOfPage":{"@id":"https:\/\/www.organisator.ch\/management\/2021-03-26\/zurueck-ins-buero-aber-nicht-mehr-so-oft-wie-vor-der-pandemie\/"},"wordCount":929,"publisher":{"@id":"https:\/\/www.organisator.ch\/#organization"},"image":{"@id":"https:\/\/www.organisator.ch\/management\/2021-03-26\/zurueck-ins-buero-aber-nicht-mehr-so-oft-wie-vor-der-pandemie\/#primaryimage"},"thumbnailUrl":"https:\/\/www.organisator.ch\/wp-content\/uploads\/2021\/03\/Zurueck-ins-Buero-aber-nicht-mehr-so-oft-wie-vor-der-Pandemie-1_Organisator.jpg","keywords":["Arbeitsplatzgestaltung","Homeoffice","HRM","Management und Unternehmensf\u00fchrung","Studie"],"articleSection":["MANAGEMENT"],"inLanguage":"fr-FR"},{"@type":"WebPage","@id":"https:\/\/www.organisator.ch\/management\/2021-03-26\/zurueck-ins-buero-aber-nicht-mehr-so-oft-wie-vor-der-pandemie\/","url":"https:\/\/www.organisator.ch\/management\/2021-03-26\/zurueck-ins-buero-aber-nicht-mehr-so-oft-wie-vor-der-pandemie\/","name":"Retour au bureau - mais pas aussi souvent qu'avant la pand\u00e9mie - Organisateur","isPartOf":{"@id":"https:\/\/www.organisator.ch\/#website"},"primaryImageOfPage":{"@id":"https:\/\/www.organisator.ch\/management\/2021-03-26\/zurueck-ins-buero-aber-nicht-mehr-so-oft-wie-vor-der-pandemie\/#primaryimage"},"image":{"@id":"https:\/\/www.organisator.ch\/management\/2021-03-26\/zurueck-ins-buero-aber-nicht-mehr-so-oft-wie-vor-der-pandemie\/#primaryimage"},"thumbnailUrl":"https:\/\/www.organisator.ch\/wp-content\/uploads\/2021\/03\/Zurueck-ins-Buero-aber-nicht-mehr-so-oft-wie-vor-der-Pandemie-1_Organisator.jpg","datePublished":"2021-03-26T06:54:29+00:00","description":"Ils sont nombreux \u00e0 vouloir retourner au bureau d\u00e8s que la situation le permet \u00e0 nouveau - m\u00eame si ce n'est pas tous les jours. C'est ce que montre une \u00e9tude repr\u00e9sentative de Deloitte.","breadcrumb":{"@id":"https:\/\/www.organisator.ch\/management\/2021-03-26\/zurueck-ins-buero-aber-nicht-mehr-so-oft-wie-vor-der-pandemie\/#breadcrumb"},"inLanguage":"fr-FR","potentialAction":[{"@type":"ReadAction","target":["https:\/\/www.organisator.ch\/management\/2021-03-26\/zurueck-ins-buero-aber-nicht-mehr-so-oft-wie-vor-der-pandemie\/"]}]},{"@type":"ImageObject","inLanguage":"fr-FR","@id":"https:\/\/www.organisator.ch\/management\/2021-03-26\/zurueck-ins-buero-aber-nicht-mehr-so-oft-wie-vor-der-pandemie\/#primaryimage","url":"https:\/\/www.organisator.ch\/wp-content\/uploads\/2021\/03\/Zurueck-ins-Buero-aber-nicht-mehr-so-oft-wie-vor-der-Pandemie-1_Organisator.jpg","contentUrl":"https:\/\/www.organisator.ch\/wp-content\/uploads\/2021\/03\/Zurueck-ins-Buero-aber-nicht-mehr-so-oft-wie-vor-der-Pandemie-1_Organisator.jpg","width":680,"height":363,"caption":"Sehnsuchtsort? Gem\u00e4ss einer repr\u00e4sentativen Umfrage will eine Mehrheit der Erwerbst\u00e4tigen nach der Pandemie zur\u00fcck ins B\u00fcro - wenn auch nicht mehr t\u00e4glich. (Bild: Unsplash.com)"},{"@type":"BreadcrumbList","@id":"https:\/\/www.organisator.ch\/management\/2021-03-26\/zurueck-ins-buero-aber-nicht-mehr-so-oft-wie-vor-der-pandemie\/#breadcrumb","itemListElement":[{"@type":"ListItem","position":1,"name":"Home","item":"https:\/\/www.organisator.ch\/"},{"@type":"ListItem","position":2,"name":"Zur\u00fcck ins B\u00fcro &#8211; aber nicht mehr so oft wie vor der Pandemie"}]},{"@type":"WebSite","@id":"https:\/\/www.organisator.ch\/#website","url":"https:\/\/www.organisator.ch\/","name":"Organisateur","description":"Comp\u00e9tence et comp\u00e9tence. Proches de la pratique. L'ORGANISATEUR pr\u00e9pare 10 num\u00e9ros par an sur les th\u00e8mes essentiels pour les dirigeants de PME.","publisher":{"@id":"https:\/\/www.organisator.ch\/#organization"},"potentialAction":[{"@type":"SearchAction","target":{"@type":"EntryPoint","urlTemplate":"https:\/\/www.organisator.ch\/?s={search_term_string}"},"query-input":{"@type":"PropertyValueSpecification","valueRequired":true,"valueName":"search_term_string"}}],"inLanguage":"fr-FR"},{"@type":"Organization","@id":"https:\/\/www.organisator.ch\/#organization","name":"Organisateur","url":"https:\/\/www.organisator.ch\/","logo":{"@type":"ImageObject","inLanguage":"fr-FR","@id":"https:\/\/www.organisator.ch\/#\/schema\/logo\/image\/","url":"https:\/\/www.organisator.ch\/wp-content\/uploads\/2022\/01\/Logo_Organisator_Website.png","contentUrl":"https:\/\/www.organisator.ch\/wp-content\/uploads\/2022\/01\/Logo_Organisator_Website.png","width":800,"height":77,"caption":"Organisator"},"image":{"@id":"https:\/\/www.organisator.ch\/#\/schema\/logo\/image\/"},"sameAs":["https:\/\/www.facebook.com\/OrganisatorFachmagazin","https:\/\/www.linkedin.com\/showcase\/organisator-das-magazin-fr-kmu","https:\/\/www.xing.com\/news\/pages\/organisator-ch-695","https:\/\/www.youtube.com\/channel\/UCGP2Sq0iWaZwT3BdIAQFYpw"]},{"@type":"Person","@id":"https:\/\/www.organisator.ch\/#\/schema\/person\/6f650f90b2842cd4c0cc334b4e36f67e","name":"thomas.berner","image":{"@type":"ImageObject","inLanguage":"fr-FR","@id":"https:\/\/secure.gravatar.com\/avatar\/ac5001d2a36cb6c6cd3e50789007ffca834b477b74a2144564522e944eabff61?s=96&d=mm&r=g","url":"https:\/\/secure.gravatar.com\/avatar\/ac5001d2a36cb6c6cd3e50789007ffca834b477b74a2144564522e944eabff61?s=96&d=mm&r=g","contentUrl":"https:\/\/secure.gravatar.com\/avatar\/ac5001d2a36cb6c6cd3e50789007ffca834b477b74a2144564522e944eabff61?s=96&d=mm&r=g","caption":"thomas.berner"},"url":"https:\/\/www.organisator.ch\/fr\/author\/thomas-berner\/"}]}},"_links":{"self":[{"href":"https:\/\/www.organisator.ch\/fr\/wp-json\/wp\/v2\/posts\/7862","targetHints":{"allow":["GET"]}}],"collection":[{"href":"https:\/\/www.organisator.ch\/fr\/wp-json\/wp\/v2\/posts"}],"about":[{"href":"https:\/\/www.organisator.ch\/fr\/wp-json\/wp\/v2\/types\/post"}],"author":[{"embeddable":true,"href":"https:\/\/www.organisator.ch\/fr\/wp-json\/wp\/v2\/users\/4"}],"replies":[{"embeddable":true,"href":"https:\/\/www.organisator.ch\/fr\/wp-json\/wp\/v2\/comments?post=7862"}],"version-history":[{"count":0,"href":"https:\/\/www.organisator.ch\/fr\/wp-json\/wp\/v2\/posts\/7862\/revisions"}],"wp:featuredmedia":[{"embeddable":true,"href":"https:\/\/www.organisator.ch\/fr\/wp-json\/wp\/v2\/media\/7865"}],"wp:attachment":[{"href":"https:\/\/www.organisator.ch\/fr\/wp-json\/wp\/v2\/media?parent=7862"}],"wp:term":[{"taxonomy":"category","embeddable":true,"href":"https:\/\/www.organisator.ch\/fr\/wp-json\/wp\/v2\/categories?post=7862"},{"taxonomy":"post_tag","embeddable":true,"href":"https:\/\/www.organisator.ch\/fr\/wp-json\/wp\/v2\/tags?post=7862"}],"curies":[{"name":"wp","href":"https:\/\/api.w.org\/{rel}","templated":true}]}}