{"id":7876,"date":"2021-03-31T16:34:49","date_gmt":"2021-03-31T14:34:49","guid":{"rendered":"https:\/\/www.organisator.ch\/?p=7876"},"modified":"2021-03-31T16:34:49","modified_gmt":"2021-03-31T14:34:49","slug":"post-corona-arbeitswelt-schweizer-coworking-spaces-sind-bereit","status":"publish","type":"post","link":"https:\/\/www.organisator.ch\/fr\/allgemein\/2021-03-31\/post-corona-arbeitswelt-schweizer-coworking-spaces-sind-bereit\/","title":{"rendered":"Monde du travail post-Corona : les espaces de coworking suisses sont pr\u00eats"},"content":{"rendered":"<figure id=\"attachment_7878\" aria-describedby=\"caption-attachment-7878\" style=\"width: 680px\" class=\"wp-caption alignnone\"><img loading=\"lazy\" decoding=\"async\" class=\"size-medium wp-image-7878\" src=\"https:\/\/www.organisator.ch\/wp-content\/uploads\/2021\/03\/Post-Corona-Arbeitswelt-Schweizer-Coworking-Spaces-sind-bereit-1_Organisator.jpg\" alt=\"\" width=\"680\" height=\"430\" srcset=\"https:\/\/www.organisator.ch\/wp-content\/uploads\/2021\/03\/Post-Corona-Arbeitswelt-Schweizer-Coworking-Spaces-sind-bereit-1_Organisator.jpg 680w, https:\/\/www.organisator.ch\/wp-content\/uploads\/2021\/03\/Post-Corona-Arbeitswelt-Schweizer-Coworking-Spaces-sind-bereit-1_Organisator-16x10.jpg 16w, https:\/\/www.organisator.ch\/wp-content\/uploads\/2021\/03\/Post-Corona-Arbeitswelt-Schweizer-Coworking-Spaces-sind-bereit-1_Organisator-277x175.jpg 277w, https:\/\/www.organisator.ch\/wp-content\/uploads\/2021\/03\/Post-Corona-Arbeitswelt-Schweizer-Coworking-Spaces-sind-bereit-1_Organisator-553x350.jpg 553w, https:\/\/www.organisator.ch\/wp-content\/uploads\/2021\/03\/Post-Corona-Arbeitswelt-Schweizer-Coworking-Spaces-sind-bereit-1_Organisator-300x190.jpg 300w\" sizes=\"auto, (max-width: 680px) 100vw, 680px\" \/><figcaption id=\"caption-attachment-7878\" class=\"wp-caption-text\">Des postes de travail vides \u00e0 cause de la pand\u00e9mie... Mais pour le monde du travail post-Corona, les espaces de coworking suisses se sentent arm\u00e9s. (Image : Pixabay.com)<\/figcaption><\/figure>\n<p>Le 11 mars, l'assembl\u00e9e g\u00e9n\u00e9rale de l'association Coworking Switzerland a eu lieu - pour la premi\u00e8re fois de mani\u00e8re virtuelle. L'\u00e9tat actuel du coworking en Suisse et les effets de la pand\u00e9mie ont \u00e9galement \u00e9t\u00e9 discut\u00e9s lors de cette assembl\u00e9e.<\/p>\n<h2>La pand\u00e9mie touchera aussi les espaces de coworking en 2020<\/h2>\n<p>Au d\u00e9but de l'ann\u00e9e 2020, les gros titres indiquaient encore que le coworking \u00e9tait pass\u00e9 d'un ph\u00e9nom\u00e8ne marginal \u00e0 un march\u00e9 en pleine croissance. Cette \u00e9volution a toutefois \u00e9t\u00e9 largement frein\u00e9e par la pand\u00e9mie, bien que les diff\u00e9rentes mesures prises pour lutter contre la pand\u00e9mie n'aient jamais conduit \u00e0 la fermeture forc\u00e9e d'espaces de coworking. Au printemps 2020, la plupart des espaces de coworking \u00e9taient n\u00e9anmoins contraints \u00e0 l'inactivit\u00e9, tant en ce qui concerne la location des postes de travail que des salles de conf\u00e9rence et de r\u00e9union. Apr\u00e8s la lev\u00e9e des restrictions durant l'\u00e9t\u00e9, une reprise a \u00e9t\u00e9 observ\u00e9e. De nouveaux clients sont arriv\u00e9s, int\u00e9ress\u00e9s par des postes de travail individuels dans l'open space ou m\u00eame par des bureaux priv\u00e9s.<\/p>\n<figure id=\"attachment_7877\" aria-describedby=\"caption-attachment-7877\" style=\"width: 680px\" class=\"wp-caption alignnone\"><img loading=\"lazy\" decoding=\"async\" class=\"wp-image-7877 size-medium\" src=\"https:\/\/www.organisator.ch\/wp-content\/uploads\/2021\/03\/Post-Corona-Arbeitswelt-Schweizer-Coworking-Spaces-sind-bereit-2_Organisator.jpg\" alt=\"\" width=\"680\" height=\"409\" srcset=\"https:\/\/www.organisator.ch\/wp-content\/uploads\/2021\/03\/Post-Corona-Arbeitswelt-Schweizer-Coworking-Spaces-sind-bereit-2_Organisator.jpg 680w, https:\/\/www.organisator.ch\/wp-content\/uploads\/2021\/03\/Post-Corona-Arbeitswelt-Schweizer-Coworking-Spaces-sind-bereit-2_Organisator-16x10.jpg 16w, https:\/\/www.organisator.ch\/wp-content\/uploads\/2021\/03\/Post-Corona-Arbeitswelt-Schweizer-Coworking-Spaces-sind-bereit-2_Organisator-291x175.jpg 291w, https:\/\/www.organisator.ch\/wp-content\/uploads\/2021\/03\/Post-Corona-Arbeitswelt-Schweizer-Coworking-Spaces-sind-bereit-2_Organisator-582x350.jpg 582w, https:\/\/www.organisator.ch\/wp-content\/uploads\/2021\/03\/Post-Corona-Arbeitswelt-Schweizer-Coworking-Spaces-sind-bereit-2_Organisator-300x180.jpg 300w\" sizes=\"auto, (max-width: 680px) 100vw, 680px\" \/><figcaption id=\"caption-attachment-7877\" class=\"wp-caption-text\">\u00c9volution des espaces de coworking suisses \u00e0 l'\u00e9t\u00e9 2020<\/figcaption><\/figure>\n<p>Cette reprise a toutefois \u00e9t\u00e9 interrompue en octobre 2020 et, compte tenu des restrictions et de l'obligation de travailler \u00e0 domicile, la situation ne s'est pas vraiment am\u00e9lior\u00e9e depuis. 2020 a donc \u00e9t\u00e9 une ann\u00e9e difficile, comme pour de nombreux autres secteurs. Dans une enqu\u00eate, 56% des membres de l'association ont signal\u00e9 une perte de revenus. Les espaces qui d\u00e9pendent de la location de salles de r\u00e9union et de conf\u00e9rence ont \u00e9t\u00e9 plus durement touch\u00e9s que les autres. Ces pertes de revenus ont \u00e9t\u00e9 partiellement compens\u00e9es dans plus de 40% des cas par le ch\u00f4mage partiel, les aides Covid-19 et les r\u00e9ductions de loyer de la part des propri\u00e9taires.<\/p>\n<p>En 2020, un autre d\u00e9fi pour les espaces de coworking a \u00e9t\u00e9 de maintenir en vie une communaut\u00e9 existante - l'id\u00e9e m\u00eame du coworking - malgr\u00e9 les restrictions de contact. L'ing\u00e9niosit\u00e9 \u00e9tait de mise et diverses actions ont \u00e9t\u00e9 propos\u00e9es aux membres de la communaut\u00e9 concern\u00e9e. Ces actions, au cours desquelles les contacts sociaux, si importants pour l'\u00eatre humain, \u00e9taient encore pr\u00e9sents, ont contribu\u00e9 \u00e0 la bonne sant\u00e9 psychique des coworkers.<\/p>\n<h2>Le changement durable du monde du travail va renforcer le coworking<\/h2>\n<p>La pand\u00e9mie Covid19 a boulevers\u00e9 les habitudes de travail dans notre pays et un nombre croissant de travailleurs ont d\u00e9couvert, avec plus ou moins de plaisir, le travail \u00e0 domicile. Le gain de temps sur les trajets domicile-travail gr\u00e2ce au home office permet d'am\u00e9liorer la qualit\u00e9 de vie. Il reste n\u00e9anmoins difficile de s\u00e9parer vie priv\u00e9e et vie professionnelle, surtout lorsque les conditions de travail \u00e0 la maison ne sont pas id\u00e9ales. Cette exp\u00e9rience marquera le monde du travail pour l'avenir : Selon <a href=\"https:\/\/www.organisator.ch\/zurueck-ins-buero-aber-nicht-mehr-so-oft-wie-vor-der-pandemie\/\">d'une \u00e9tude publi\u00e9e la semaine derni\u00e8re<\/a> de Deloitte, seuls 12% des salari\u00e9s souhaitent retourner \u00e0 temps plein au bureau \"normal\" une fois la pand\u00e9mie termin\u00e9e. 62% souhaitent plus de flexibilit\u00e9 et veulent r\u00e9partir leur temps de travail entre le bureau et le home office. Toutefois, le terme de bureau \u00e0 domicile est trop r\u00e9ducteur : pr\u00e8s de la moiti\u00e9 (46%) des personnes interrog\u00e9es n'utilisent pas seulement leur propre domicile comme bureau \u00e0 domicile, mais travaillent aussi par exemple dans des appartements de vacances, chez des amis, dans la famille ou dans un espace de coworking. Pour 44% des personnes interrog\u00e9es, le manque d'\u00e9changes personnels au travail est l'un des plus grands d\u00e9fis du home office. C'est pr\u00e9cis\u00e9ment sur cet aspect que les espaces de coworking marquent des points en tant qu'alternative au bureau \u00e0 domicile. La proximit\u00e9 du lieu de r\u00e9sidence est \u00e9galement un argument important : avec plus de 150 espaces de coworking dans toute la Suisse, l'association Coworking Switzerland constitue une offre couvrant l'ensemble du territoire.<\/p>\n<h2>Les espaces de coworking veulent profiter de l'\u00e9lan pour le monde du travail post-Corona<\/h2>\n<p>La majorit\u00e9 des acteurs suisses du coworking sont convaincus que la situation qu'ils viennent de vivre a acc\u00e9l\u00e9r\u00e9 le changement de paradigme au niveau professionnel et que les espaces de coworking en profiteront \u00e0 moyen terme. L'association Coworking Switzerland r\u00e9agit elle aussi \u00e0 la chance qui s'offre d\u00e9sormais d'ancrer plus largement le coworking. Elle a produit un clip compact qui montre les avantages du coworking comme alternative au travail \u00e0 domicile : La proximit\u00e9 du domicile, la s\u00e9paration de la vie priv\u00e9e et de la vie professionnelle, des bureaux ergonomiques, des contacts sociaux. La campagne avec la vid\u00e9o disponible en cinq langues d\u00e9butera dans les prochains jours.<\/p>\n<p>L'ann\u00e9e derni\u00e8re a chang\u00e9 la fa\u00e7on de travailler de la plupart des employ\u00e9s de bureau. Les espaces de coworking, pr\u00e9sents dans tout le pays - et de plus en plus dans les r\u00e9gions rurales - vont jouer un r\u00f4le dans le monde du travail post-Corona. Ils permettent \u00e0 chacun de travailler pr\u00e8s de chez soi, dans un environnement professionnel, tout en conservant les contacts sociaux si importants pour notre sant\u00e9 mentale.<\/p>\n<p><em>Source : <a href=\"http:\/\/www.coworking.ch\">www.coworking.ch<\/a><\/em><\/p>","protected":false},"excerpt":{"rendered":"<p>Am 11. M\u00e4rz fand die Generalversammlung des Verbands Coworking Switzerland statt \u2013 erstmals virtuell. Anl\u00e4sslich der Versammlung wurden auch der aktuelle Stand von Coworking in der Schweiz und die Auswirkungen der Pandemie diskutiert. Die Pandemie trifft 2020 auch die Coworking Spaces Anfang 2020 lautete die Schlagzeile noch, dass sich das Coworking von einem Randph\u00e4nomen hin [&hellip;]<\/p>\n","protected":false},"author":4,"featured_media":7878,"comment_status":"closed","ping_status":"closed","sticky":false,"template":"","format":"standard","meta":{"_acf_changed":false,"_yoast_wpseo_focuskw":"Post-Corona Arbeitswelt","_yoast_wpseo_metadesc":"F\u00fcr die Post-Corona Arbeitswelt ist der Verband Coworking Switzerland positiv: Viele Besch\u00e4ftigte wollen nicht einfach zur\u00fcck ins \u00abnormale\u00bb B\u00fcro.","articlekey":"","footnotes":""},"categories":[1],"tags":[51,135,363,503],"class_list":["post-7876","post","type-post","status-publish","format-standard","has-post-thumbnail","hentry","category-allgemein","tag-arbeitsplatzgestaltung","tag-coworking","tag-new-work","tag-verbaende"],"acf":[],"yoast_head":"<!-- This site is optimized with the Yoast SEO plugin v27.4 - https:\/\/yoast.com\/product\/yoast-seo-wordpress\/ -->\n<title>Post-Corona Arbeitswelt: Schweizer Coworking Spaces sind bereit - Organisator<\/title>\n<meta name=\"description\" content=\"F\u00fcr die Post-Corona Arbeitswelt ist der Verband Coworking Switzerland positiv: Viele Besch\u00e4ftigte wollen nicht einfach zur\u00fcck ins \u00abnormale\u00bb B\u00fcro.\" \/>\n<meta name=\"robots\" content=\"index, follow, max-snippet:-1, max-image-preview:large, max-video-preview:-1\" \/>\n<link rel=\"canonical\" href=\"https:\/\/www.organisator.ch\/fr\/general\/2021-03-31\/post-corona-arbeitswelt-schweizer-coworking-spaces-sind-bereit\/\" \/>\n<meta property=\"og:locale\" content=\"fr_FR\" \/>\n<meta property=\"og:type\" content=\"article\" \/>\n<meta property=\"og:title\" content=\"Post-Corona Arbeitswelt: Schweizer Coworking Spaces sind bereit\" \/>\n<meta property=\"og:description\" content=\"F\u00fcr die Post-Corona Arbeitswelt ist der Verband Coworking Switzerland positiv: Viele Besch\u00e4ftigte wollen nicht einfach zur\u00fcck ins \u00abnormale\u00bb B\u00fcro.\" \/>\n<meta property=\"og:url\" content=\"https:\/\/www.organisator.ch\/fr\/general\/2021-03-31\/post-corona-arbeitswelt-schweizer-coworking-spaces-sind-bereit\/\" \/>\n<meta property=\"og:site_name\" content=\"Organisator\" \/>\n<meta property=\"article:publisher\" content=\"https:\/\/www.facebook.com\/OrganisatorFachmagazin\" \/>\n<meta property=\"article:published_time\" content=\"2021-03-31T14:34:49+00:00\" \/>\n<meta property=\"og:image\" content=\"https:\/\/www.organisator.ch\/wp-content\/uploads\/2021\/03\/Post-Corona-Arbeitswelt-Schweizer-Coworking-Spaces-sind-bereit-1_Organisator.jpg\" \/>\n\t<meta property=\"og:image:width\" content=\"680\" \/>\n\t<meta property=\"og:image:height\" content=\"430\" \/>\n\t<meta property=\"og:image:type\" content=\"image\/jpeg\" \/>\n<meta name=\"author\" content=\"thomas.berner\" \/>\n<meta name=\"twitter:card\" content=\"summary_large_image\" \/>\n<meta name=\"twitter:title\" content=\"#Post-Corona Arbeitswelt: Schweizer #Coworking Spaces sind bereit\" \/>\n<meta name=\"twitter:description\" content=\"F\u00fcr die #Post-Corona Arbeitswelt ist der Verband #Coworking Switzerland positiv: Viele Besch\u00e4ftigte wollen nicht einfach zur\u00fcck ins \u00abnormale\u00bb B\u00fcro.\" \/>\n<meta name=\"twitter:image\" content=\"https:\/\/www.organisator.ch\/wp-content\/uploads\/2021\/03\/Post-Corona-Arbeitswelt-Schweizer-Coworking-Spaces-sind-bereit-1_Organisator.jpg\" \/>\n<script type=\"application\/ld+json\" class=\"yoast-schema-graph\">{\"@context\":\"https:\\\/\\\/schema.org\",\"@graph\":[{\"@type\":\"Article\",\"@id\":\"https:\\\/\\\/www.organisator.ch\\\/en\\\/general\\\/2021-03-31\\\/post-corona-arbeitswelt-schweizer-coworking-spaces-sind-bereit\\\/#article\",\"isPartOf\":{\"@id\":\"https:\\\/\\\/www.organisator.ch\\\/en\\\/general\\\/2021-03-31\\\/post-corona-arbeitswelt-schweizer-coworking-spaces-sind-bereit\\\/\"},\"author\":{\"name\":\"thomas.berner\",\"@id\":\"https:\\\/\\\/www.organisator.ch\\\/#\\\/schema\\\/person\\\/6f650f90b2842cd4c0cc334b4e36f67e\"},\"headline\":\"Post-Corona Arbeitswelt: Schweizer Coworking Spaces sind bereit\",\"datePublished\":\"2021-03-31T14:34:49+00:00\",\"mainEntityOfPage\":{\"@id\":\"https:\\\/\\\/www.organisator.ch\\\/en\\\/general\\\/2021-03-31\\\/post-corona-arbeitswelt-schweizer-coworking-spaces-sind-bereit\\\/\"},\"wordCount\":771,\"publisher\":{\"@id\":\"https:\\\/\\\/www.organisator.ch\\\/#organization\"},\"image\":{\"@id\":\"https:\\\/\\\/www.organisator.ch\\\/en\\\/general\\\/2021-03-31\\\/post-corona-arbeitswelt-schweizer-coworking-spaces-sind-bereit\\\/#primaryimage\"},\"thumbnailUrl\":\"https:\\\/\\\/www.organisator.ch\\\/wp-content\\\/uploads\\\/2021\\\/03\\\/Post-Corona-Arbeitswelt-Schweizer-Coworking-Spaces-sind-bereit-1_Organisator.jpg\",\"keywords\":[\"Arbeitsplatzgestaltung\",\"Coworking\",\"New Work\",\"Verb\u00e4nde\"],\"articleSection\":[\"Allgemein\"],\"inLanguage\":\"fr-FR\"},{\"@type\":\"WebPage\",\"@id\":\"https:\\\/\\\/www.organisator.ch\\\/en\\\/general\\\/2021-03-31\\\/post-corona-arbeitswelt-schweizer-coworking-spaces-sind-bereit\\\/\",\"url\":\"https:\\\/\\\/www.organisator.ch\\\/en\\\/general\\\/2021-03-31\\\/post-corona-arbeitswelt-schweizer-coworking-spaces-sind-bereit\\\/\",\"name\":\"Post-Corona Arbeitswelt: Schweizer Coworking Spaces sind bereit - Organisator\",\"isPartOf\":{\"@id\":\"https:\\\/\\\/www.organisator.ch\\\/#website\"},\"primaryImageOfPage\":{\"@id\":\"https:\\\/\\\/www.organisator.ch\\\/en\\\/general\\\/2021-03-31\\\/post-corona-arbeitswelt-schweizer-coworking-spaces-sind-bereit\\\/#primaryimage\"},\"image\":{\"@id\":\"https:\\\/\\\/www.organisator.ch\\\/en\\\/general\\\/2021-03-31\\\/post-corona-arbeitswelt-schweizer-coworking-spaces-sind-bereit\\\/#primaryimage\"},\"thumbnailUrl\":\"https:\\\/\\\/www.organisator.ch\\\/wp-content\\\/uploads\\\/2021\\\/03\\\/Post-Corona-Arbeitswelt-Schweizer-Coworking-Spaces-sind-bereit-1_Organisator.jpg\",\"datePublished\":\"2021-03-31T14:34:49+00:00\",\"description\":\"F\u00fcr die Post-Corona Arbeitswelt ist der Verband Coworking Switzerland positiv: Viele Besch\u00e4ftigte wollen nicht einfach zur\u00fcck ins \u00abnormale\u00bb B\u00fcro.\",\"breadcrumb\":{\"@id\":\"https:\\\/\\\/www.organisator.ch\\\/en\\\/general\\\/2021-03-31\\\/post-corona-arbeitswelt-schweizer-coworking-spaces-sind-bereit\\\/#breadcrumb\"},\"inLanguage\":\"fr-FR\",\"potentialAction\":[{\"@type\":\"ReadAction\",\"target\":[\"https:\\\/\\\/www.organisator.ch\\\/en\\\/general\\\/2021-03-31\\\/post-corona-arbeitswelt-schweizer-coworking-spaces-sind-bereit\\\/\"]}]},{\"@type\":\"ImageObject\",\"inLanguage\":\"fr-FR\",\"@id\":\"https:\\\/\\\/www.organisator.ch\\\/en\\\/general\\\/2021-03-31\\\/post-corona-arbeitswelt-schweizer-coworking-spaces-sind-bereit\\\/#primaryimage\",\"url\":\"https:\\\/\\\/www.organisator.ch\\\/wp-content\\\/uploads\\\/2021\\\/03\\\/Post-Corona-Arbeitswelt-Schweizer-Coworking-Spaces-sind-bereit-1_Organisator.jpg\",\"contentUrl\":\"https:\\\/\\\/www.organisator.ch\\\/wp-content\\\/uploads\\\/2021\\\/03\\\/Post-Corona-Arbeitswelt-Schweizer-Coworking-Spaces-sind-bereit-1_Organisator.jpg\",\"width\":680,\"height\":430,\"caption\":\"Leere Coworking Spaces wegen der Pandemie... Aber f\u00fcr die Post-Corona Arbeitswelt sehen sich die Schweizer Coworking Spaces ger\u00fcstet. (Bild: Pixabay.com)\"},{\"@type\":\"BreadcrumbList\",\"@id\":\"https:\\\/\\\/www.organisator.ch\\\/en\\\/general\\\/2021-03-31\\\/post-corona-arbeitswelt-schweizer-coworking-spaces-sind-bereit\\\/#breadcrumb\",\"itemListElement\":[{\"@type\":\"ListItem\",\"position\":1,\"name\":\"Home\",\"item\":\"https:\\\/\\\/www.organisator.ch\\\/\"},{\"@type\":\"ListItem\",\"position\":2,\"name\":\"Post-Corona Arbeitswelt: Schweizer Coworking Spaces sind bereit\"}]},{\"@type\":\"WebSite\",\"@id\":\"https:\\\/\\\/www.organisator.ch\\\/#website\",\"url\":\"https:\\\/\\\/www.organisator.ch\\\/\",\"name\":\"Organisator\",\"description\":\"Kompetent. Praxisnah. Der ORGANISATOR bereitet in 10 Ausgaben pro Jahr die wesentlichen Themen f\u00fcr F\u00fchrungskr\u00e4fte von KMU auf.\",\"publisher\":{\"@id\":\"https:\\\/\\\/www.organisator.ch\\\/#organization\"},\"potentialAction\":[{\"@type\":\"SearchAction\",\"target\":{\"@type\":\"EntryPoint\",\"urlTemplate\":\"https:\\\/\\\/www.organisator.ch\\\/?s={search_term_string}\"},\"query-input\":{\"@type\":\"PropertyValueSpecification\",\"valueRequired\":true,\"valueName\":\"search_term_string\"}}],\"inLanguage\":\"fr-FR\"},{\"@type\":\"Organization\",\"@id\":\"https:\\\/\\\/www.organisator.ch\\\/#organization\",\"name\":\"Organisator\",\"url\":\"https:\\\/\\\/www.organisator.ch\\\/\",\"logo\":{\"@type\":\"ImageObject\",\"inLanguage\":\"fr-FR\",\"@id\":\"https:\\\/\\\/www.organisator.ch\\\/#\\\/schema\\\/logo\\\/image\\\/\",\"url\":\"https:\\\/\\\/www.organisator.ch\\\/wp-content\\\/uploads\\\/2022\\\/01\\\/Logo_Organisator_Website.png\",\"contentUrl\":\"https:\\\/\\\/www.organisator.ch\\\/wp-content\\\/uploads\\\/2022\\\/01\\\/Logo_Organisator_Website.png\",\"width\":800,\"height\":77,\"caption\":\"Organisator\"},\"image\":{\"@id\":\"https:\\\/\\\/www.organisator.ch\\\/#\\\/schema\\\/logo\\\/image\\\/\"},\"sameAs\":[\"https:\\\/\\\/www.facebook.com\\\/OrganisatorFachmagazin\",\"https:\\\/\\\/www.linkedin.com\\\/showcase\\\/organisator-das-magazin-fr-kmu\",\"https:\\\/\\\/www.xing.com\\\/news\\\/pages\\\/organisator-ch-695\",\"https:\\\/\\\/www.youtube.com\\\/channel\\\/UCGP2Sq0iWaZwT3BdIAQFYpw\"]},{\"@type\":\"Person\",\"@id\":\"https:\\\/\\\/www.organisator.ch\\\/#\\\/schema\\\/person\\\/6f650f90b2842cd4c0cc334b4e36f67e\",\"name\":\"thomas.berner\",\"image\":{\"@type\":\"ImageObject\",\"inLanguage\":\"fr-FR\",\"@id\":\"https:\\\/\\\/secure.gravatar.com\\\/avatar\\\/ac5001d2a36cb6c6cd3e50789007ffca834b477b74a2144564522e944eabff61?s=96&d=mm&r=g\",\"url\":\"https:\\\/\\\/secure.gravatar.com\\\/avatar\\\/ac5001d2a36cb6c6cd3e50789007ffca834b477b74a2144564522e944eabff61?s=96&d=mm&r=g\",\"contentUrl\":\"https:\\\/\\\/secure.gravatar.com\\\/avatar\\\/ac5001d2a36cb6c6cd3e50789007ffca834b477b74a2144564522e944eabff61?s=96&d=mm&r=g\",\"caption\":\"thomas.berner\"},\"url\":\"https:\\\/\\\/www.organisator.ch\\\/fr\\\/author\\\/thomas-berner\\\/\"}]}<\/script>\n<!-- \/ Yoast SEO plugin. -->","yoast_head_json":{"title":"Monde du travail post-Corona : les espaces de coworking suisses sont pr\u00eats - Organisateur","description":"Pour le monde du travail post-Corona, l'association Coworking Switzerland est positive : de nombreux employ\u00e9s ne veulent pas simplement retourner au bureau \"normal\".","robots":{"index":"index","follow":"follow","max-snippet":"max-snippet:-1","max-image-preview":"max-image-preview:large","max-video-preview":"max-video-preview:-1"},"canonical":"https:\/\/www.organisator.ch\/fr\/general\/2021-03-31\/post-corona-arbeitswelt-schweizer-coworking-spaces-sind-bereit\/","og_locale":"fr_FR","og_type":"article","og_title":"Post-Corona Arbeitswelt: Schweizer Coworking Spaces sind bereit","og_description":"F\u00fcr die Post-Corona Arbeitswelt ist der Verband Coworking Switzerland positiv: Viele Besch\u00e4ftigte wollen nicht einfach zur\u00fcck ins \u00abnormale\u00bb B\u00fcro.","og_url":"https:\/\/www.organisator.ch\/fr\/general\/2021-03-31\/post-corona-arbeitswelt-schweizer-coworking-spaces-sind-bereit\/","og_site_name":"Organisator","article_publisher":"https:\/\/www.facebook.com\/OrganisatorFachmagazin","article_published_time":"2021-03-31T14:34:49+00:00","og_image":[{"width":680,"height":430,"url":"https:\/\/www.organisator.ch\/wp-content\/uploads\/2021\/03\/Post-Corona-Arbeitswelt-Schweizer-Coworking-Spaces-sind-bereit-1_Organisator.jpg","type":"image\/jpeg"}],"author":"thomas.berner","twitter_card":"summary_large_image","twitter_title":"#Post-Corona Arbeitswelt: Schweizer #Coworking Spaces sind bereit","twitter_description":"F\u00fcr die #Post-Corona Arbeitswelt ist der Verband #Coworking Switzerland positiv: Viele Besch\u00e4ftigte wollen nicht einfach zur\u00fcck ins \u00abnormale\u00bb B\u00fcro.","twitter_image":"https:\/\/www.organisator.ch\/wp-content\/uploads\/2021\/03\/Post-Corona-Arbeitswelt-Schweizer-Coworking-Spaces-sind-bereit-1_Organisator.jpg","schema":{"@context":"https:\/\/schema.org","@graph":[{"@type":"Article","@id":"https:\/\/www.organisator.ch\/en\/general\/2021-03-31\/post-corona-arbeitswelt-schweizer-coworking-spaces-sind-bereit\/#article","isPartOf":{"@id":"https:\/\/www.organisator.ch\/en\/general\/2021-03-31\/post-corona-arbeitswelt-schweizer-coworking-spaces-sind-bereit\/"},"author":{"name":"thomas.berner","@id":"https:\/\/www.organisator.ch\/#\/schema\/person\/6f650f90b2842cd4c0cc334b4e36f67e"},"headline":"Post-Corona Arbeitswelt: Schweizer Coworking Spaces sind bereit","datePublished":"2021-03-31T14:34:49+00:00","mainEntityOfPage":{"@id":"https:\/\/www.organisator.ch\/en\/general\/2021-03-31\/post-corona-arbeitswelt-schweizer-coworking-spaces-sind-bereit\/"},"wordCount":771,"publisher":{"@id":"https:\/\/www.organisator.ch\/#organization"},"image":{"@id":"https:\/\/www.organisator.ch\/en\/general\/2021-03-31\/post-corona-arbeitswelt-schweizer-coworking-spaces-sind-bereit\/#primaryimage"},"thumbnailUrl":"https:\/\/www.organisator.ch\/wp-content\/uploads\/2021\/03\/Post-Corona-Arbeitswelt-Schweizer-Coworking-Spaces-sind-bereit-1_Organisator.jpg","keywords":["Arbeitsplatzgestaltung","Coworking","New Work","Verb\u00e4nde"],"articleSection":["Allgemein"],"inLanguage":"fr-FR"},{"@type":"WebPage","@id":"https:\/\/www.organisator.ch\/en\/general\/2021-03-31\/post-corona-arbeitswelt-schweizer-coworking-spaces-sind-bereit\/","url":"https:\/\/www.organisator.ch\/en\/general\/2021-03-31\/post-corona-arbeitswelt-schweizer-coworking-spaces-sind-bereit\/","name":"Monde du travail post-Corona : les espaces de coworking suisses sont pr\u00eats - Organisateur","isPartOf":{"@id":"https:\/\/www.organisator.ch\/#website"},"primaryImageOfPage":{"@id":"https:\/\/www.organisator.ch\/en\/general\/2021-03-31\/post-corona-arbeitswelt-schweizer-coworking-spaces-sind-bereit\/#primaryimage"},"image":{"@id":"https:\/\/www.organisator.ch\/en\/general\/2021-03-31\/post-corona-arbeitswelt-schweizer-coworking-spaces-sind-bereit\/#primaryimage"},"thumbnailUrl":"https:\/\/www.organisator.ch\/wp-content\/uploads\/2021\/03\/Post-Corona-Arbeitswelt-Schweizer-Coworking-Spaces-sind-bereit-1_Organisator.jpg","datePublished":"2021-03-31T14:34:49+00:00","description":"Pour le monde du travail post-Corona, l'association Coworking Switzerland est positive : de nombreux employ\u00e9s ne veulent pas simplement retourner au bureau \"normal\".","breadcrumb":{"@id":"https:\/\/www.organisator.ch\/en\/general\/2021-03-31\/post-corona-arbeitswelt-schweizer-coworking-spaces-sind-bereit\/#breadcrumb"},"inLanguage":"fr-FR","potentialAction":[{"@type":"ReadAction","target":["https:\/\/www.organisator.ch\/en\/general\/2021-03-31\/post-corona-arbeitswelt-schweizer-coworking-spaces-sind-bereit\/"]}]},{"@type":"ImageObject","inLanguage":"fr-FR","@id":"https:\/\/www.organisator.ch\/en\/general\/2021-03-31\/post-corona-arbeitswelt-schweizer-coworking-spaces-sind-bereit\/#primaryimage","url":"https:\/\/www.organisator.ch\/wp-content\/uploads\/2021\/03\/Post-Corona-Arbeitswelt-Schweizer-Coworking-Spaces-sind-bereit-1_Organisator.jpg","contentUrl":"https:\/\/www.organisator.ch\/wp-content\/uploads\/2021\/03\/Post-Corona-Arbeitswelt-Schweizer-Coworking-Spaces-sind-bereit-1_Organisator.jpg","width":680,"height":430,"caption":"Leere Coworking Spaces wegen der Pandemie... Aber f\u00fcr die Post-Corona Arbeitswelt sehen sich die Schweizer Coworking Spaces ger\u00fcstet. (Bild: Pixabay.com)"},{"@type":"BreadcrumbList","@id":"https:\/\/www.organisator.ch\/en\/general\/2021-03-31\/post-corona-arbeitswelt-schweizer-coworking-spaces-sind-bereit\/#breadcrumb","itemListElement":[{"@type":"ListItem","position":1,"name":"Home","item":"https:\/\/www.organisator.ch\/"},{"@type":"ListItem","position":2,"name":"Post-Corona Arbeitswelt: Schweizer Coworking Spaces sind bereit"}]},{"@type":"WebSite","@id":"https:\/\/www.organisator.ch\/#website","url":"https:\/\/www.organisator.ch\/","name":"Organisateur","description":"Comp\u00e9tence et comp\u00e9tence. Proches de la pratique. L'ORGANISATEUR pr\u00e9pare 10 num\u00e9ros par an sur les th\u00e8mes essentiels pour les dirigeants de PME.","publisher":{"@id":"https:\/\/www.organisator.ch\/#organization"},"potentialAction":[{"@type":"SearchAction","target":{"@type":"EntryPoint","urlTemplate":"https:\/\/www.organisator.ch\/?s={search_term_string}"},"query-input":{"@type":"PropertyValueSpecification","valueRequired":true,"valueName":"search_term_string"}}],"inLanguage":"fr-FR"},{"@type":"Organization","@id":"https:\/\/www.organisator.ch\/#organization","name":"Organisateur","url":"https:\/\/www.organisator.ch\/","logo":{"@type":"ImageObject","inLanguage":"fr-FR","@id":"https:\/\/www.organisator.ch\/#\/schema\/logo\/image\/","url":"https:\/\/www.organisator.ch\/wp-content\/uploads\/2022\/01\/Logo_Organisator_Website.png","contentUrl":"https:\/\/www.organisator.ch\/wp-content\/uploads\/2022\/01\/Logo_Organisator_Website.png","width":800,"height":77,"caption":"Organisator"},"image":{"@id":"https:\/\/www.organisator.ch\/#\/schema\/logo\/image\/"},"sameAs":["https:\/\/www.facebook.com\/OrganisatorFachmagazin","https:\/\/www.linkedin.com\/showcase\/organisator-das-magazin-fr-kmu","https:\/\/www.xing.com\/news\/pages\/organisator-ch-695","https:\/\/www.youtube.com\/channel\/UCGP2Sq0iWaZwT3BdIAQFYpw"]},{"@type":"Person","@id":"https:\/\/www.organisator.ch\/#\/schema\/person\/6f650f90b2842cd4c0cc334b4e36f67e","name":"thomas.berner","image":{"@type":"ImageObject","inLanguage":"fr-FR","@id":"https:\/\/secure.gravatar.com\/avatar\/ac5001d2a36cb6c6cd3e50789007ffca834b477b74a2144564522e944eabff61?s=96&d=mm&r=g","url":"https:\/\/secure.gravatar.com\/avatar\/ac5001d2a36cb6c6cd3e50789007ffca834b477b74a2144564522e944eabff61?s=96&d=mm&r=g","contentUrl":"https:\/\/secure.gravatar.com\/avatar\/ac5001d2a36cb6c6cd3e50789007ffca834b477b74a2144564522e944eabff61?s=96&d=mm&r=g","caption":"thomas.berner"},"url":"https:\/\/www.organisator.ch\/fr\/author\/thomas-berner\/"}]}},"_links":{"self":[{"href":"https:\/\/www.organisator.ch\/fr\/wp-json\/wp\/v2\/posts\/7876","targetHints":{"allow":["GET"]}}],"collection":[{"href":"https:\/\/www.organisator.ch\/fr\/wp-json\/wp\/v2\/posts"}],"about":[{"href":"https:\/\/www.organisator.ch\/fr\/wp-json\/wp\/v2\/types\/post"}],"author":[{"embeddable":true,"href":"https:\/\/www.organisator.ch\/fr\/wp-json\/wp\/v2\/users\/4"}],"replies":[{"embeddable":true,"href":"https:\/\/www.organisator.ch\/fr\/wp-json\/wp\/v2\/comments?post=7876"}],"version-history":[{"count":0,"href":"https:\/\/www.organisator.ch\/fr\/wp-json\/wp\/v2\/posts\/7876\/revisions"}],"wp:featuredmedia":[{"embeddable":true,"href":"https:\/\/www.organisator.ch\/fr\/wp-json\/wp\/v2\/media\/7878"}],"wp:attachment":[{"href":"https:\/\/www.organisator.ch\/fr\/wp-json\/wp\/v2\/media?parent=7876"}],"wp:term":[{"taxonomy":"category","embeddable":true,"href":"https:\/\/www.organisator.ch\/fr\/wp-json\/wp\/v2\/categories?post=7876"},{"taxonomy":"post_tag","embeddable":true,"href":"https:\/\/www.organisator.ch\/fr\/wp-json\/wp\/v2\/tags?post=7876"}],"curies":[{"name":"wp","href":"https:\/\/api.w.org\/{rel}","templated":true}]}}