{"id":7881,"date":"2021-04-06T08:27:56","date_gmt":"2021-04-06T06:27:56","guid":{"rendered":"https:\/\/www.organisator.ch\/?p=7881"},"modified":"2021-04-06T08:27:56","modified_gmt":"2021-04-06T06:27:56","slug":"rudolf-p-winzenried-verstaerkt-das-team-der-continuum-ag","status":"publish","type":"post","link":"https:\/\/www.organisator.ch\/fr\/management\/2021-04-06\/rudolf-p-winzenried-verstaerkt-das-team-der-continuum-ag\/","title":{"rendered":"Rudolf P. Winzenried renforce l'\u00e9quipe de Continuum AG"},"content":{"rendered":"<figure id=\"attachment_7882\" aria-describedby=\"caption-attachment-7882\" style=\"width: 680px\" class=\"wp-caption alignnone\"><img loading=\"lazy\" decoding=\"async\" class=\"size-medium wp-image-7882\" src=\"https:\/\/www.organisator.ch\/wp-content\/uploads\/2021\/04\/Continuum-AG-verstaerkt-ihr-Team_Organisator.jpg\" alt=\"\" width=\"680\" height=\"539\" srcset=\"https:\/\/www.organisator.ch\/wp-content\/uploads\/2021\/04\/Continuum-AG-verstaerkt-ihr-Team_Organisator.jpg 680w, https:\/\/www.organisator.ch\/wp-content\/uploads\/2021\/04\/Continuum-AG-verstaerkt-ihr-Team_Organisator-16x12.jpg 16w, https:\/\/www.organisator.ch\/wp-content\/uploads\/2021\/04\/Continuum-AG-verstaerkt-ihr-Team_Organisator-221x175.jpg 221w, https:\/\/www.organisator.ch\/wp-content\/uploads\/2021\/04\/Continuum-AG-verstaerkt-ihr-Team_Organisator-442x350.jpg 442w, https:\/\/www.organisator.ch\/wp-content\/uploads\/2021\/04\/Continuum-AG-verstaerkt-ihr-Team_Organisator-300x238.jpg 300w\" sizes=\"auto, (max-width: 680px) 100vw, 680px\" \/><figcaption id=\"caption-attachment-7882\" class=\"wp-caption-text\">Rudolf P. Winzenried renforce Continuum AG dans la r\u00e9gion du Mittelland (photo pd).<\/figcaption><\/figure>\n<p>Depuis plus de 18 ans, Continuum AG conseille et soutient les moyennes et grandes entreprises dans leur d\u00e9veloppement \u00e0 long terme et aide les familles \u00e0 r\u00e9soudre leurs d\u00e9fis dans le processus de succession. Outre Zurich et Staufen b. Lenzburg, l'entreprise existe depuis 2003 \u00e0 Saint-Gall avec le partenaire Rolf Brunner, le Senior Manager Dr. Stefan Schneider et le partenaire associ\u00e9 Matt Moser.<\/p>\n<h2>Renforcement de Continuum AG dans le Mittelland<\/h2>\n<p>\u00c0 partir d'avril 2021, Rudolf P. Winzenried rejoindra l'\u00e9quipe en tant que partenaire associ\u00e9 suppl\u00e9mentaire et \u00e9tendra le r\u00e9seau dans la r\u00e9gion du Mittelland. Rudolf P. Winzenried poss\u00e8de une vaste exp\u00e9rience dans le domaine de la gouvernance d'entreprise, du d\u00e9veloppement strat\u00e9gique et de la structuration d'entreprises familiales.<\/p>\n<p>Rolf Brunner, qui, en tant qu'associ\u00e9, accompagne depuis huit ans les entreprises dans leurs processus de d\u00e9veloppement et de succession, se r\u00e9jouit de ce renfort : \"Le large champ de comp\u00e9tences dont dispose d\u00e9j\u00e0 Continuum AG est compl\u00e9t\u00e9 de mani\u00e8re tout \u00e0 fait id\u00e9ale par l'arriv\u00e9e de Rudolf P. Winzenried\".<\/p>\n<h2><strong>Rudolf P. Winzenried : Une grande exp\u00e9rience de l'entrepreneuriat familial<\/strong><\/h2>\n<p>En tant qu'avocat, titulaire d'un Bachelor of Business Administration, d'un Advanced Management Programme SKU et d'un Certified Board Member, Rudolf P. Winzenried dispose de 30 ans d'exp\u00e9rience au niveau du conseil d'administration et de la direction dans des entreprises familiales suisses actives au niveau international dans les domaines de l'industrie, des biens de consommation, du commerce, de l'immobilier et de la gastronomie. Ses domaines de pr\u00e9dilection sont le d\u00e9veloppement strat\u00e9gique, la structuration d'entreprises et de transactions, la mod\u00e9ration et la recherche de solutions dans des situations d'int\u00e9r\u00eats complexes et leur organisation juridique ainsi que la gouvernance d'entreprise. Il exerce des mandats de pr\u00e9sident ou de membre de conseils d'administration et de fondations.<\/p>\n<p><a href=\"http:\/\/www.continuum.ch\"><em>Source et informations compl\u00e9mentaires<\/em><\/a><\/p>","protected":false},"excerpt":{"rendered":"<p>Die Continuum AG ber\u00e4t und unterstu\u0308tzt seit mehr als 18 Jahren mittlere und gr\u00f6ssere Unternehmen in ihrer langfristigen Weiterentwicklung und hilft Familien bei der L\u00f6sung ihrer Herausforderungen im Nachfolgeprozess. Nebst Zu\u0308rich und Staufen b. Lenzburg besteht das Unternehmen seit 2003 in St.Gallen mit Partner Rolf Brunner, Senior Manager Dr. Stefan Schneider und Associate Partner Matt [&hellip;]<\/p>\n","protected":false},"author":4,"featured_media":7882,"comment_status":"closed","ping_status":"closed","sticky":false,"template":"","format":"standard","meta":{"_acf_changed":false,"_yoast_wpseo_focuskw":"Winzenried","_yoast_wpseo_metadesc":"Rudolf P. Winzenried erg\u00e4nzt als Berater die Continuum AG im Mittelland. Das Unternehmen mit Sitz in St.Gallen ist spezialisiert auf Nachfolgeprozesse.","articlekey":"","footnotes":""},"categories":[28],"tags":[128,207,335,381],"class_list":["post-7881","post","type-post","status-publish","format-standard","has-post-thumbnail","hentry","category-management","tag-consulting","tag-firmennachfolge","tag-management-und-unternehmensfuehrung","tag-personalia"],"acf":[],"yoast_head":"<!-- This site is optimized with the Yoast SEO plugin v27.4 - https:\/\/yoast.com\/product\/yoast-seo-wordpress\/ -->\n<title>Rudolf P. Winzenried verst\u00e4rkt das Team der Continuum AG - Organisator<\/title>\n<meta name=\"description\" content=\"Rudolf P. Winzenried erg\u00e4nzt als Berater die Continuum AG im Mittelland. Das Unternehmen mit Sitz in St.Gallen ist spezialisiert auf Nachfolgeprozesse.\" \/>\n<meta name=\"robots\" content=\"index, follow, max-snippet:-1, max-image-preview:large, max-video-preview:-1\" \/>\n<link rel=\"canonical\" href=\"https:\/\/www.organisator.ch\/fr\/gestion-2\/2021-04-06\/rudolf-p-winzenried-verstaerkt-das-team-der-continuum-ag\/\" \/>\n<meta property=\"og:locale\" content=\"fr_FR\" \/>\n<meta property=\"og:type\" content=\"article\" \/>\n<meta property=\"og:title\" content=\"Rudolf P. Winzenried verst\u00e4rkt das Team der Continuum AG\" \/>\n<meta property=\"og:description\" content=\"Rudolf P. Winzenried erg\u00e4nzt als Berater die Continuum AG im Mittelland. Das Unternehmen mit Sitz in St.Gallen ist spezialisiert auf Nachfolgeprozesse.\" \/>\n<meta property=\"og:url\" content=\"https:\/\/www.organisator.ch\/fr\/gestion-2\/2021-04-06\/rudolf-p-winzenried-verstaerkt-das-team-der-continuum-ag\/\" \/>\n<meta property=\"og:site_name\" content=\"Organisator\" \/>\n<meta property=\"article:publisher\" content=\"https:\/\/www.facebook.com\/OrganisatorFachmagazin\" \/>\n<meta property=\"article:published_time\" content=\"2021-04-06T06:27:56+00:00\" \/>\n<meta property=\"og:image\" content=\"https:\/\/www.organisator.ch\/wp-content\/uploads\/2021\/04\/Continuum-AG-verstaerkt-ihr-Team_Organisator.jpg\" \/>\n\t<meta property=\"og:image:width\" content=\"680\" \/>\n\t<meta property=\"og:image:height\" content=\"539\" \/>\n\t<meta property=\"og:image:type\" content=\"image\/jpeg\" \/>\n<meta name=\"author\" content=\"thomas.berner\" \/>\n<meta name=\"twitter:card\" content=\"summary_large_image\" \/>\n<meta name=\"twitter:title\" content=\"Rudolf P. #Winzenried verst\u00e4rkt das Team der #Continuum AG\" \/>\n<meta name=\"twitter:description\" content=\"Rudolf P. #Winzenried erg\u00e4nzt als Berater die #Continuum AG im #Mittelland. Das Unternehmen mit Sitz in St.Gallen ist spezialisiert auf Nachfolgeprozesse.\" \/>\n<meta name=\"twitter:image\" content=\"https:\/\/www.organisator.ch\/wp-content\/uploads\/2021\/04\/Continuum-AG-verstaerkt-ihr-Team_Organisator.jpg\" \/>\n<script type=\"application\/ld+json\" class=\"yoast-schema-graph\">{\"@context\":\"https:\\\/\\\/schema.org\",\"@graph\":[{\"@type\":\"Article\",\"@id\":\"https:\\\/\\\/www.organisator.ch\\\/management\\\/2021-04-06\\\/rudolf-p-winzenried-verstaerkt-das-team-der-continuum-ag\\\/#article\",\"isPartOf\":{\"@id\":\"https:\\\/\\\/www.organisator.ch\\\/management\\\/2021-04-06\\\/rudolf-p-winzenried-verstaerkt-das-team-der-continuum-ag\\\/\"},\"author\":{\"name\":\"thomas.berner\",\"@id\":\"https:\\\/\\\/www.organisator.ch\\\/#\\\/schema\\\/person\\\/6f650f90b2842cd4c0cc334b4e36f67e\"},\"headline\":\"Rudolf P. Winzenried verst\u00e4rkt das Team der Continuum AG\",\"datePublished\":\"2021-04-06T06:27:56+00:00\",\"mainEntityOfPage\":{\"@id\":\"https:\\\/\\\/www.organisator.ch\\\/management\\\/2021-04-06\\\/rudolf-p-winzenried-verstaerkt-das-team-der-continuum-ag\\\/\"},\"wordCount\":280,\"publisher\":{\"@id\":\"https:\\\/\\\/www.organisator.ch\\\/#organization\"},\"image\":{\"@id\":\"https:\\\/\\\/www.organisator.ch\\\/management\\\/2021-04-06\\\/rudolf-p-winzenried-verstaerkt-das-team-der-continuum-ag\\\/#primaryimage\"},\"thumbnailUrl\":\"https:\\\/\\\/www.organisator.ch\\\/wp-content\\\/uploads\\\/2021\\\/04\\\/Continuum-AG-verstaerkt-ihr-Team_Organisator.jpg\",\"keywords\":[\"Consulting\",\"Firmennachfolge\",\"Management und Unternehmensf\u00fchrung\",\"Personalia\"],\"articleSection\":[\"MANAGEMENT\"],\"inLanguage\":\"fr-FR\"},{\"@type\":\"WebPage\",\"@id\":\"https:\\\/\\\/www.organisator.ch\\\/management\\\/2021-04-06\\\/rudolf-p-winzenried-verstaerkt-das-team-der-continuum-ag\\\/\",\"url\":\"https:\\\/\\\/www.organisator.ch\\\/management\\\/2021-04-06\\\/rudolf-p-winzenried-verstaerkt-das-team-der-continuum-ag\\\/\",\"name\":\"Rudolf P. Winzenried verst\u00e4rkt das Team der Continuum AG - Organisator\",\"isPartOf\":{\"@id\":\"https:\\\/\\\/www.organisator.ch\\\/#website\"},\"primaryImageOfPage\":{\"@id\":\"https:\\\/\\\/www.organisator.ch\\\/management\\\/2021-04-06\\\/rudolf-p-winzenried-verstaerkt-das-team-der-continuum-ag\\\/#primaryimage\"},\"image\":{\"@id\":\"https:\\\/\\\/www.organisator.ch\\\/management\\\/2021-04-06\\\/rudolf-p-winzenried-verstaerkt-das-team-der-continuum-ag\\\/#primaryimage\"},\"thumbnailUrl\":\"https:\\\/\\\/www.organisator.ch\\\/wp-content\\\/uploads\\\/2021\\\/04\\\/Continuum-AG-verstaerkt-ihr-Team_Organisator.jpg\",\"datePublished\":\"2021-04-06T06:27:56+00:00\",\"description\":\"Rudolf P. Winzenried erg\u00e4nzt als Berater die Continuum AG im Mittelland. Das Unternehmen mit Sitz in St.Gallen ist spezialisiert auf Nachfolgeprozesse.\",\"breadcrumb\":{\"@id\":\"https:\\\/\\\/www.organisator.ch\\\/management\\\/2021-04-06\\\/rudolf-p-winzenried-verstaerkt-das-team-der-continuum-ag\\\/#breadcrumb\"},\"inLanguage\":\"fr-FR\",\"potentialAction\":[{\"@type\":\"ReadAction\",\"target\":[\"https:\\\/\\\/www.organisator.ch\\\/management\\\/2021-04-06\\\/rudolf-p-winzenried-verstaerkt-das-team-der-continuum-ag\\\/\"]}]},{\"@type\":\"ImageObject\",\"inLanguage\":\"fr-FR\",\"@id\":\"https:\\\/\\\/www.organisator.ch\\\/management\\\/2021-04-06\\\/rudolf-p-winzenried-verstaerkt-das-team-der-continuum-ag\\\/#primaryimage\",\"url\":\"https:\\\/\\\/www.organisator.ch\\\/wp-content\\\/uploads\\\/2021\\\/04\\\/Continuum-AG-verstaerkt-ihr-Team_Organisator.jpg\",\"contentUrl\":\"https:\\\/\\\/www.organisator.ch\\\/wp-content\\\/uploads\\\/2021\\\/04\\\/Continuum-AG-verstaerkt-ihr-Team_Organisator.jpg\",\"width\":680,\"height\":539,\"caption\":\"Rudolf P. Winzenried verst\u00e4rkt die Continuum AG in der Region Mittelland (Foto pd).\"},{\"@type\":\"BreadcrumbList\",\"@id\":\"https:\\\/\\\/www.organisator.ch\\\/management\\\/2021-04-06\\\/rudolf-p-winzenried-verstaerkt-das-team-der-continuum-ag\\\/#breadcrumb\",\"itemListElement\":[{\"@type\":\"ListItem\",\"position\":1,\"name\":\"Home\",\"item\":\"https:\\\/\\\/www.organisator.ch\\\/\"},{\"@type\":\"ListItem\",\"position\":2,\"name\":\"Rudolf P. Winzenried verst\u00e4rkt das Team der Continuum AG\"}]},{\"@type\":\"WebSite\",\"@id\":\"https:\\\/\\\/www.organisator.ch\\\/#website\",\"url\":\"https:\\\/\\\/www.organisator.ch\\\/\",\"name\":\"Organisator\",\"description\":\"Kompetent. Praxisnah. Der ORGANISATOR bereitet in 10 Ausgaben pro Jahr die wesentlichen Themen f\u00fcr F\u00fchrungskr\u00e4fte von KMU auf.\",\"publisher\":{\"@id\":\"https:\\\/\\\/www.organisator.ch\\\/#organization\"},\"potentialAction\":[{\"@type\":\"SearchAction\",\"target\":{\"@type\":\"EntryPoint\",\"urlTemplate\":\"https:\\\/\\\/www.organisator.ch\\\/?s={search_term_string}\"},\"query-input\":{\"@type\":\"PropertyValueSpecification\",\"valueRequired\":true,\"valueName\":\"search_term_string\"}}],\"inLanguage\":\"fr-FR\"},{\"@type\":\"Organization\",\"@id\":\"https:\\\/\\\/www.organisator.ch\\\/#organization\",\"name\":\"Organisator\",\"url\":\"https:\\\/\\\/www.organisator.ch\\\/\",\"logo\":{\"@type\":\"ImageObject\",\"inLanguage\":\"fr-FR\",\"@id\":\"https:\\\/\\\/www.organisator.ch\\\/#\\\/schema\\\/logo\\\/image\\\/\",\"url\":\"https:\\\/\\\/www.organisator.ch\\\/wp-content\\\/uploads\\\/2022\\\/01\\\/Logo_Organisator_Website.png\",\"contentUrl\":\"https:\\\/\\\/www.organisator.ch\\\/wp-content\\\/uploads\\\/2022\\\/01\\\/Logo_Organisator_Website.png\",\"width\":800,\"height\":77,\"caption\":\"Organisator\"},\"image\":{\"@id\":\"https:\\\/\\\/www.organisator.ch\\\/#\\\/schema\\\/logo\\\/image\\\/\"},\"sameAs\":[\"https:\\\/\\\/www.facebook.com\\\/OrganisatorFachmagazin\",\"https:\\\/\\\/www.linkedin.com\\\/showcase\\\/organisator-das-magazin-fr-kmu\",\"https:\\\/\\\/www.xing.com\\\/news\\\/pages\\\/organisator-ch-695\",\"https:\\\/\\\/www.youtube.com\\\/channel\\\/UCGP2Sq0iWaZwT3BdIAQFYpw\"]},{\"@type\":\"Person\",\"@id\":\"https:\\\/\\\/www.organisator.ch\\\/#\\\/schema\\\/person\\\/6f650f90b2842cd4c0cc334b4e36f67e\",\"name\":\"thomas.berner\",\"image\":{\"@type\":\"ImageObject\",\"inLanguage\":\"fr-FR\",\"@id\":\"https:\\\/\\\/secure.gravatar.com\\\/avatar\\\/ac5001d2a36cb6c6cd3e50789007ffca834b477b74a2144564522e944eabff61?s=96&d=mm&r=g\",\"url\":\"https:\\\/\\\/secure.gravatar.com\\\/avatar\\\/ac5001d2a36cb6c6cd3e50789007ffca834b477b74a2144564522e944eabff61?s=96&d=mm&r=g\",\"contentUrl\":\"https:\\\/\\\/secure.gravatar.com\\\/avatar\\\/ac5001d2a36cb6c6cd3e50789007ffca834b477b74a2144564522e944eabff61?s=96&d=mm&r=g\",\"caption\":\"thomas.berner\"},\"url\":\"https:\\\/\\\/www.organisator.ch\\\/fr\\\/author\\\/thomas-berner\\\/\"}]}<\/script>\n<!-- \/ Yoast SEO plugin. -->","yoast_head_json":{"title":"Rudolf P. Winzenried renforce l'\u00e9quipe de Continuum AG - Organisateur","description":"Rudolf P. Winzenried compl\u00e8te en tant que conseiller la soci\u00e9t\u00e9 Continuum AG sur le Plateau suisse. L'entreprise, dont le si\u00e8ge est \u00e0 Saint-Gall, est sp\u00e9cialis\u00e9e dans les processus de succession.","robots":{"index":"index","follow":"follow","max-snippet":"max-snippet:-1","max-image-preview":"max-image-preview:large","max-video-preview":"max-video-preview:-1"},"canonical":"https:\/\/www.organisator.ch\/fr\/gestion-2\/2021-04-06\/rudolf-p-winzenried-verstaerkt-das-team-der-continuum-ag\/","og_locale":"fr_FR","og_type":"article","og_title":"Rudolf P. Winzenried verst\u00e4rkt das Team der Continuum AG","og_description":"Rudolf P. Winzenried erg\u00e4nzt als Berater die Continuum AG im Mittelland. Das Unternehmen mit Sitz in St.Gallen ist spezialisiert auf Nachfolgeprozesse.","og_url":"https:\/\/www.organisator.ch\/fr\/gestion-2\/2021-04-06\/rudolf-p-winzenried-verstaerkt-das-team-der-continuum-ag\/","og_site_name":"Organisator","article_publisher":"https:\/\/www.facebook.com\/OrganisatorFachmagazin","article_published_time":"2021-04-06T06:27:56+00:00","og_image":[{"width":680,"height":539,"url":"https:\/\/www.organisator.ch\/wp-content\/uploads\/2021\/04\/Continuum-AG-verstaerkt-ihr-Team_Organisator.jpg","type":"image\/jpeg"}],"author":"thomas.berner","twitter_card":"summary_large_image","twitter_title":"Rudolf P. #Winzenried verst\u00e4rkt das Team der #Continuum AG","twitter_description":"Rudolf P. #Winzenried erg\u00e4nzt als Berater die #Continuum AG im #Mittelland. Das Unternehmen mit Sitz in St.Gallen ist spezialisiert auf Nachfolgeprozesse.","twitter_image":"https:\/\/www.organisator.ch\/wp-content\/uploads\/2021\/04\/Continuum-AG-verstaerkt-ihr-Team_Organisator.jpg","schema":{"@context":"https:\/\/schema.org","@graph":[{"@type":"Article","@id":"https:\/\/www.organisator.ch\/management\/2021-04-06\/rudolf-p-winzenried-verstaerkt-das-team-der-continuum-ag\/#article","isPartOf":{"@id":"https:\/\/www.organisator.ch\/management\/2021-04-06\/rudolf-p-winzenried-verstaerkt-das-team-der-continuum-ag\/"},"author":{"name":"thomas.berner","@id":"https:\/\/www.organisator.ch\/#\/schema\/person\/6f650f90b2842cd4c0cc334b4e36f67e"},"headline":"Rudolf P. Winzenried verst\u00e4rkt das Team der Continuum AG","datePublished":"2021-04-06T06:27:56+00:00","mainEntityOfPage":{"@id":"https:\/\/www.organisator.ch\/management\/2021-04-06\/rudolf-p-winzenried-verstaerkt-das-team-der-continuum-ag\/"},"wordCount":280,"publisher":{"@id":"https:\/\/www.organisator.ch\/#organization"},"image":{"@id":"https:\/\/www.organisator.ch\/management\/2021-04-06\/rudolf-p-winzenried-verstaerkt-das-team-der-continuum-ag\/#primaryimage"},"thumbnailUrl":"https:\/\/www.organisator.ch\/wp-content\/uploads\/2021\/04\/Continuum-AG-verstaerkt-ihr-Team_Organisator.jpg","keywords":["Consulting","Firmennachfolge","Management und Unternehmensf\u00fchrung","Personalia"],"articleSection":["MANAGEMENT"],"inLanguage":"fr-FR"},{"@type":"WebPage","@id":"https:\/\/www.organisator.ch\/management\/2021-04-06\/rudolf-p-winzenried-verstaerkt-das-team-der-continuum-ag\/","url":"https:\/\/www.organisator.ch\/management\/2021-04-06\/rudolf-p-winzenried-verstaerkt-das-team-der-continuum-ag\/","name":"Rudolf P. Winzenried renforce l'\u00e9quipe de Continuum AG - Organisateur","isPartOf":{"@id":"https:\/\/www.organisator.ch\/#website"},"primaryImageOfPage":{"@id":"https:\/\/www.organisator.ch\/management\/2021-04-06\/rudolf-p-winzenried-verstaerkt-das-team-der-continuum-ag\/#primaryimage"},"image":{"@id":"https:\/\/www.organisator.ch\/management\/2021-04-06\/rudolf-p-winzenried-verstaerkt-das-team-der-continuum-ag\/#primaryimage"},"thumbnailUrl":"https:\/\/www.organisator.ch\/wp-content\/uploads\/2021\/04\/Continuum-AG-verstaerkt-ihr-Team_Organisator.jpg","datePublished":"2021-04-06T06:27:56+00:00","description":"Rudolf P. Winzenried compl\u00e8te en tant que conseiller la soci\u00e9t\u00e9 Continuum AG sur le Plateau suisse. L'entreprise, dont le si\u00e8ge est \u00e0 Saint-Gall, est sp\u00e9cialis\u00e9e dans les processus de succession.","breadcrumb":{"@id":"https:\/\/www.organisator.ch\/management\/2021-04-06\/rudolf-p-winzenried-verstaerkt-das-team-der-continuum-ag\/#breadcrumb"},"inLanguage":"fr-FR","potentialAction":[{"@type":"ReadAction","target":["https:\/\/www.organisator.ch\/management\/2021-04-06\/rudolf-p-winzenried-verstaerkt-das-team-der-continuum-ag\/"]}]},{"@type":"ImageObject","inLanguage":"fr-FR","@id":"https:\/\/www.organisator.ch\/management\/2021-04-06\/rudolf-p-winzenried-verstaerkt-das-team-der-continuum-ag\/#primaryimage","url":"https:\/\/www.organisator.ch\/wp-content\/uploads\/2021\/04\/Continuum-AG-verstaerkt-ihr-Team_Organisator.jpg","contentUrl":"https:\/\/www.organisator.ch\/wp-content\/uploads\/2021\/04\/Continuum-AG-verstaerkt-ihr-Team_Organisator.jpg","width":680,"height":539,"caption":"Rudolf P. Winzenried verst\u00e4rkt die Continuum AG in der Region Mittelland (Foto pd)."},{"@type":"BreadcrumbList","@id":"https:\/\/www.organisator.ch\/management\/2021-04-06\/rudolf-p-winzenried-verstaerkt-das-team-der-continuum-ag\/#breadcrumb","itemListElement":[{"@type":"ListItem","position":1,"name":"Home","item":"https:\/\/www.organisator.ch\/"},{"@type":"ListItem","position":2,"name":"Rudolf P. Winzenried verst\u00e4rkt das Team der Continuum AG"}]},{"@type":"WebSite","@id":"https:\/\/www.organisator.ch\/#website","url":"https:\/\/www.organisator.ch\/","name":"Organisateur","description":"Comp\u00e9tence et comp\u00e9tence. Proches de la pratique. L'ORGANISATEUR pr\u00e9pare 10 num\u00e9ros par an sur les th\u00e8mes essentiels pour les dirigeants de PME.","publisher":{"@id":"https:\/\/www.organisator.ch\/#organization"},"potentialAction":[{"@type":"SearchAction","target":{"@type":"EntryPoint","urlTemplate":"https:\/\/www.organisator.ch\/?s={search_term_string}"},"query-input":{"@type":"PropertyValueSpecification","valueRequired":true,"valueName":"search_term_string"}}],"inLanguage":"fr-FR"},{"@type":"Organization","@id":"https:\/\/www.organisator.ch\/#organization","name":"Organisateur","url":"https:\/\/www.organisator.ch\/","logo":{"@type":"ImageObject","inLanguage":"fr-FR","@id":"https:\/\/www.organisator.ch\/#\/schema\/logo\/image\/","url":"https:\/\/www.organisator.ch\/wp-content\/uploads\/2022\/01\/Logo_Organisator_Website.png","contentUrl":"https:\/\/www.organisator.ch\/wp-content\/uploads\/2022\/01\/Logo_Organisator_Website.png","width":800,"height":77,"caption":"Organisator"},"image":{"@id":"https:\/\/www.organisator.ch\/#\/schema\/logo\/image\/"},"sameAs":["https:\/\/www.facebook.com\/OrganisatorFachmagazin","https:\/\/www.linkedin.com\/showcase\/organisator-das-magazin-fr-kmu","https:\/\/www.xing.com\/news\/pages\/organisator-ch-695","https:\/\/www.youtube.com\/channel\/UCGP2Sq0iWaZwT3BdIAQFYpw"]},{"@type":"Person","@id":"https:\/\/www.organisator.ch\/#\/schema\/person\/6f650f90b2842cd4c0cc334b4e36f67e","name":"thomas.berner","image":{"@type":"ImageObject","inLanguage":"fr-FR","@id":"https:\/\/secure.gravatar.com\/avatar\/ac5001d2a36cb6c6cd3e50789007ffca834b477b74a2144564522e944eabff61?s=96&d=mm&r=g","url":"https:\/\/secure.gravatar.com\/avatar\/ac5001d2a36cb6c6cd3e50789007ffca834b477b74a2144564522e944eabff61?s=96&d=mm&r=g","contentUrl":"https:\/\/secure.gravatar.com\/avatar\/ac5001d2a36cb6c6cd3e50789007ffca834b477b74a2144564522e944eabff61?s=96&d=mm&r=g","caption":"thomas.berner"},"url":"https:\/\/www.organisator.ch\/fr\/author\/thomas-berner\/"}]}},"_links":{"self":[{"href":"https:\/\/www.organisator.ch\/fr\/wp-json\/wp\/v2\/posts\/7881","targetHints":{"allow":["GET"]}}],"collection":[{"href":"https:\/\/www.organisator.ch\/fr\/wp-json\/wp\/v2\/posts"}],"about":[{"href":"https:\/\/www.organisator.ch\/fr\/wp-json\/wp\/v2\/types\/post"}],"author":[{"embeddable":true,"href":"https:\/\/www.organisator.ch\/fr\/wp-json\/wp\/v2\/users\/4"}],"replies":[{"embeddable":true,"href":"https:\/\/www.organisator.ch\/fr\/wp-json\/wp\/v2\/comments?post=7881"}],"version-history":[{"count":0,"href":"https:\/\/www.organisator.ch\/fr\/wp-json\/wp\/v2\/posts\/7881\/revisions"}],"wp:featuredmedia":[{"embeddable":true,"href":"https:\/\/www.organisator.ch\/fr\/wp-json\/wp\/v2\/media\/7882"}],"wp:attachment":[{"href":"https:\/\/www.organisator.ch\/fr\/wp-json\/wp\/v2\/media?parent=7881"}],"wp:term":[{"taxonomy":"category","embeddable":true,"href":"https:\/\/www.organisator.ch\/fr\/wp-json\/wp\/v2\/categories?post=7881"},{"taxonomy":"post_tag","embeddable":true,"href":"https:\/\/www.organisator.ch\/fr\/wp-json\/wp\/v2\/tags?post=7881"}],"curies":[{"name":"wp","href":"https:\/\/api.w.org\/{rel}","templated":true}]}}