{"id":7885,"date":"2021-04-06T13:17:29","date_gmt":"2021-04-06T11:17:29","guid":{"rendered":"https:\/\/www.organisator.ch\/?p=7885"},"modified":"2021-04-06T13:17:29","modified_gmt":"2021-04-06T11:17:29","slug":"infoniqa-uebernimmt-sage-schweiz-ag","status":"publish","type":"post","link":"https:\/\/www.organisator.ch\/fr\/management\/it\/2021-04-06\/infoniqa-uebernimmt-sage-schweiz-ag\/","title":{"rendered":"Infoniqa acquiert Sage Suisse SA"},"content":{"rendered":"<figure id=\"attachment_7887\" aria-describedby=\"caption-attachment-7887\" style=\"width: 680px\" class=\"wp-caption alignnone\"><img loading=\"lazy\" decoding=\"async\" class=\"size-medium wp-image-7887\" src=\"https:\/\/www.organisator.ch\/wp-content\/uploads\/2021\/04\/Infoniqa-uebernimmt-Sage-Schweiz-AG_Organisator.jpg\" alt=\"\" width=\"680\" height=\"453\" srcset=\"https:\/\/www.organisator.ch\/wp-content\/uploads\/2021\/04\/Infoniqa-uebernimmt-Sage-Schweiz-AG_Organisator.jpg 680w, https:\/\/www.organisator.ch\/wp-content\/uploads\/2021\/04\/Infoniqa-uebernimmt-Sage-Schweiz-AG_Organisator-16x12.jpg 16w, https:\/\/www.organisator.ch\/wp-content\/uploads\/2021\/04\/Infoniqa-uebernimmt-Sage-Schweiz-AG_Organisator-263x175.jpg 263w, https:\/\/www.organisator.ch\/wp-content\/uploads\/2021\/04\/Infoniqa-uebernimmt-Sage-Schweiz-AG_Organisator-525x350.jpg 525w, https:\/\/www.organisator.ch\/wp-content\/uploads\/2021\/04\/Infoniqa-uebernimmt-Sage-Schweiz-AG_Organisator-300x200.jpg 300w\" sizes=\"auto, (max-width: 680px) 100vw, 680px\" \/><figcaption id=\"caption-attachment-7887\" class=\"wp-caption-text\">Sage Suisse SA, sous la direction de Thomas Hersche, a un nouveau propri\u00e9taire avec Infoniqa. (Image : PD \/ Sage Suisse SA)<\/figcaption><\/figure>\n<p>La maison m\u00e8re britannique Sage a fait savoir le 20 novembre 2020 qu'elle avait l'intention de vendre Sage Suisse SA. L'acheteur a d\u00e9sormais \u00e9t\u00e9 trouv\u00e9 : La soci\u00e9t\u00e9 Infoniqa GmbH, bas\u00e9e \u00e0 Wels en Autriche, va reprendre l'entreprise.<\/p>\n<h2>Infoniqa voit des \"potentiels de synergie int\u00e9ressants\".<\/h2>\n<p>Gr\u00e2ce \u00e0 l'acquisition de Sage Schweiz AG, le chiffre d'affaires du groupe Infoniqa va presque doubler pour atteindre un total de 60 millions d'euros par an et le nombre d'employ\u00e9s va passer \u00e0 410 au total. L'acquisition renforce notamment le positionnement dans le segment strat\u00e9giquement important des petites et moyennes entreprises. Le portefeuille de produits sera compl\u00e9t\u00e9 par des solutions ERP, des logiciels de gestion financi\u00e8re ainsi que des solutions Payroll et HCM sp\u00e9cialis\u00e9es dans les exigences suisses. En raison de la grande compatibilit\u00e9 des produits, il en r\u00e9sulte des potentiels de synergie int\u00e9ressants.<\/p>\n<p>\"Nous sommes tr\u00e8s heureux d'annoncer notre prochaine acquisition avec le soutien de nos propri\u00e9taires Warburg Pincus Global Growth et Elvaston Capital. Avec l'acquisition de Sage Suisse SA, nous poursuivons r\u00e9solument notre strat\u00e9gie de croissance et continuons \u00e0 faire avancer l'expansion internationale du groupe Infoniqa. Ensemble avec Sage Suisse SA, leader et ayant fait ses preuves, nous pourrons investir de mani\u00e8re encore plus cons\u00e9quente dans le d\u00e9veloppement des produits ainsi que dans un excellent service client pour tous les clients et partenaires suisses\", r\u00e9sume L\u00e9on Vergnes, directeur g\u00e9n\u00e9ral d'Infoniqa.<\/p>\n<h2>D\u00e9veloppement des produits existants assur\u00e9<\/h2>\n<p>L'achat comprend les produits Sage Start, Sage 50 Extra et Sage 200 Extra, qui continueront \u00e0 \u00eatre d\u00e9velopp\u00e9s en continu et g\u00e9r\u00e9s localement par des collaborateurs exp\u00e9riment\u00e9s, selon le communiqu\u00e9. \"L'acquisition de Sage Suisse SA par Infoniqa est une grande opportunit\u00e9 pour nos collaborateurs, nos clients et nos partenaires. En tant que partie du groupe Infoniqa avec un investisseur fort en arri\u00e8re-plan, cette \u00e9tape nous offre de fortes perspectives d'avenir et la possibilit\u00e9 de continuer \u00e0 offrir la meilleure qualit\u00e9 de logiciel et une satisfaction maximale des clients en tant que partie d'un fournisseur de solutions fortement orient\u00e9 vers la croissance dans la r\u00e9gion DACH. Au cours des 30 derni\u00e8res ann\u00e9es, Infoniqa a d\u00e9montr\u00e9 que son excellent service et sa forte orientation client enthousiasmaient \u00e0 la fois ses clients et ses partenaires\", ajoute Thomas Hersche, directeur g\u00e9n\u00e9ral de Sage Schweiz AG.<\/p>\n<p>Apr\u00e8s l'achat de Haveldata GmbH fin 2019 et de StoneData GmbH d\u00e9but 2020, l'acquisition de Sage Schweiz AG repr\u00e9sente une nouvelle \u00e9tape dans la strat\u00e9gie de croissance d'Infoniqa.<\/p>\n<p><a href=\"http:\/\/www.infoniqa.com\"><em>Source et informations compl\u00e9mentaires<\/em><\/a><\/p>","protected":false},"excerpt":{"rendered":"<p>Das britische Mutterhaus Sage hat am 20. November 2020 mitgeteilt, dass es den Verkauf von Sage Schweiz AG beabsichtigt. Nun ist der K\u00e4ufer gefunden: Die Infoniqa GmbH aus dem \u00f6sterreichischen Wels wird das Unternehmen \u00fcbernehmen. Infoniqa sieht &#8222;attraktive Synergiepotenziale&#8220; Durch die \u00dcbernahme der Sage Schweiz AG wird sich der Umsatz der Infoniqa Gruppe auf insgesamt [&hellip;]<\/p>\n","protected":false},"author":4,"featured_media":7887,"comment_status":"closed","ping_status":"closed","sticky":false,"template":"","format":"standard","meta":{"_acf_changed":false,"_yoast_wpseo_focuskw":"Infoniqa","_yoast_wpseo_metadesc":"Der im \u00f6sterreichischen Wels beheimatete Software-Hersteller Infoniqa gibt die \u00dcbernahme des Schweizer Gesch\u00e4fts der Sage Gruppe bekannt.","articlekey":"","footnotes":""},"categories":[27],"tags":[35,288,492],"class_list":["post-7885","post","type-post","status-publish","format-standard","has-post-thumbnail","hentry","category-it","tag-akquisition","tag-it-business-software","tag-unternehmen"],"acf":[],"yoast_head":"<!-- This site is optimized with the Yoast SEO plugin v27.5 - https:\/\/yoast.com\/product\/yoast-seo-wordpress\/ -->\n<title>Infoniqa \u00fcbernimmt Sage Schweiz AG - Organisator<\/title>\n<meta name=\"description\" content=\"Der im \u00f6sterreichischen Wels beheimatete Software-Hersteller Infoniqa gibt die \u00dcbernahme des Schweizer Gesch\u00e4fts der Sage Gruppe bekannt.\" \/>\n<meta name=\"robots\" content=\"index, follow, max-snippet:-1, max-image-preview:large, max-video-preview:-1\" \/>\n<link rel=\"canonical\" href=\"https:\/\/www.organisator.ch\/fr\/gestion-2\/it\/2021-04-06\/infoniqa-uebernimmt-sage-schweiz-ag\/\" \/>\n<meta property=\"og:locale\" content=\"fr_FR\" \/>\n<meta property=\"og:type\" content=\"article\" \/>\n<meta property=\"og:title\" content=\"Infoniqa \u00fcbernimmt Sage Schweiz AG\" \/>\n<meta property=\"og:description\" content=\"Der im \u00f6sterreichischen Wels beheimatete Software-Hersteller Infoniqa gibt die \u00dcbernahme des Schweizer Gesch\u00e4fts der Sage Gruppe bekannt.\" \/>\n<meta property=\"og:url\" content=\"https:\/\/www.organisator.ch\/fr\/gestion-2\/it\/2021-04-06\/infoniqa-uebernimmt-sage-schweiz-ag\/\" \/>\n<meta property=\"og:site_name\" content=\"Organisator\" \/>\n<meta property=\"article:publisher\" content=\"https:\/\/www.facebook.com\/OrganisatorFachmagazin\" \/>\n<meta property=\"article:published_time\" content=\"2021-04-06T11:17:29+00:00\" \/>\n<meta property=\"og:image\" content=\"https:\/\/www.organisator.ch\/wp-content\/uploads\/2021\/04\/Infoniqa-uebernimmt-Sage-Schweiz-AG_Organisator.jpg\" \/>\n\t<meta property=\"og:image:width\" content=\"680\" \/>\n\t<meta property=\"og:image:height\" content=\"453\" \/>\n\t<meta property=\"og:image:type\" content=\"image\/jpeg\" \/>\n<meta name=\"author\" content=\"thomas.berner\" \/>\n<meta name=\"twitter:card\" content=\"summary_large_image\" \/>\n<meta name=\"twitter:title\" content=\"#Infoniqa \u00fcbernimmt #Sage Schweiz AG\" \/>\n<meta name=\"twitter:description\" content=\"Der im \u00f6sterreichischen Wels beheimatete Software-Hersteller #Infoniqa gibt die \u00dcbernahme des Schweizer Gesch\u00e4fts der #Sage Gruppe bekannt.\" \/>\n<meta name=\"twitter:image\" content=\"https:\/\/www.organisator.ch\/wp-content\/uploads\/2021\/04\/Infoniqa-uebernimmt-Sage-Schweiz-AG_Organisator.jpg\" \/>\n<script type=\"application\/ld+json\" class=\"yoast-schema-graph\">{\"@context\":\"https:\\\/\\\/schema.org\",\"@graph\":[{\"@type\":\"Article\",\"@id\":\"https:\\\/\\\/www.organisator.ch\\\/management\\\/it\\\/2021-04-06\\\/infoniqa-uebernimmt-sage-schweiz-ag\\\/#article\",\"isPartOf\":{\"@id\":\"https:\\\/\\\/www.organisator.ch\\\/management\\\/it\\\/2021-04-06\\\/infoniqa-uebernimmt-sage-schweiz-ag\\\/\"},\"author\":{\"name\":\"thomas.berner\",\"@id\":\"https:\\\/\\\/www.organisator.ch\\\/#\\\/schema\\\/person\\\/6f650f90b2842cd4c0cc334b4e36f67e\"},\"headline\":\"Infoniqa \u00fcbernimmt Sage Schweiz AG\",\"datePublished\":\"2021-04-06T11:17:29+00:00\",\"mainEntityOfPage\":{\"@id\":\"https:\\\/\\\/www.organisator.ch\\\/management\\\/it\\\/2021-04-06\\\/infoniqa-uebernimmt-sage-schweiz-ag\\\/\"},\"wordCount\":394,\"publisher\":{\"@id\":\"https:\\\/\\\/www.organisator.ch\\\/#organization\"},\"image\":{\"@id\":\"https:\\\/\\\/www.organisator.ch\\\/management\\\/it\\\/2021-04-06\\\/infoniqa-uebernimmt-sage-schweiz-ag\\\/#primaryimage\"},\"thumbnailUrl\":\"https:\\\/\\\/www.organisator.ch\\\/wp-content\\\/uploads\\\/2021\\\/04\\\/Infoniqa-uebernimmt-Sage-Schweiz-AG_Organisator.jpg\",\"keywords\":[\"Akquisition\",\"IT &amp; Business Software\",\"Unternehmen\"],\"articleSection\":[\"IT\"],\"inLanguage\":\"fr-FR\"},{\"@type\":\"WebPage\",\"@id\":\"https:\\\/\\\/www.organisator.ch\\\/management\\\/it\\\/2021-04-06\\\/infoniqa-uebernimmt-sage-schweiz-ag\\\/\",\"url\":\"https:\\\/\\\/www.organisator.ch\\\/management\\\/it\\\/2021-04-06\\\/infoniqa-uebernimmt-sage-schweiz-ag\\\/\",\"name\":\"Infoniqa \u00fcbernimmt Sage Schweiz AG - Organisator\",\"isPartOf\":{\"@id\":\"https:\\\/\\\/www.organisator.ch\\\/#website\"},\"primaryImageOfPage\":{\"@id\":\"https:\\\/\\\/www.organisator.ch\\\/management\\\/it\\\/2021-04-06\\\/infoniqa-uebernimmt-sage-schweiz-ag\\\/#primaryimage\"},\"image\":{\"@id\":\"https:\\\/\\\/www.organisator.ch\\\/management\\\/it\\\/2021-04-06\\\/infoniqa-uebernimmt-sage-schweiz-ag\\\/#primaryimage\"},\"thumbnailUrl\":\"https:\\\/\\\/www.organisator.ch\\\/wp-content\\\/uploads\\\/2021\\\/04\\\/Infoniqa-uebernimmt-Sage-Schweiz-AG_Organisator.jpg\",\"datePublished\":\"2021-04-06T11:17:29+00:00\",\"description\":\"Der im \u00f6sterreichischen Wels beheimatete Software-Hersteller Infoniqa gibt die \u00dcbernahme des Schweizer Gesch\u00e4fts der Sage Gruppe bekannt.\",\"breadcrumb\":{\"@id\":\"https:\\\/\\\/www.organisator.ch\\\/management\\\/it\\\/2021-04-06\\\/infoniqa-uebernimmt-sage-schweiz-ag\\\/#breadcrumb\"},\"inLanguage\":\"fr-FR\",\"potentialAction\":[{\"@type\":\"ReadAction\",\"target\":[\"https:\\\/\\\/www.organisator.ch\\\/management\\\/it\\\/2021-04-06\\\/infoniqa-uebernimmt-sage-schweiz-ag\\\/\"]}]},{\"@type\":\"ImageObject\",\"inLanguage\":\"fr-FR\",\"@id\":\"https:\\\/\\\/www.organisator.ch\\\/management\\\/it\\\/2021-04-06\\\/infoniqa-uebernimmt-sage-schweiz-ag\\\/#primaryimage\",\"url\":\"https:\\\/\\\/www.organisator.ch\\\/wp-content\\\/uploads\\\/2021\\\/04\\\/Infoniqa-uebernimmt-Sage-Schweiz-AG_Organisator.jpg\",\"contentUrl\":\"https:\\\/\\\/www.organisator.ch\\\/wp-content\\\/uploads\\\/2021\\\/04\\\/Infoniqa-uebernimmt-Sage-Schweiz-AG_Organisator.jpg\",\"width\":680,\"height\":453,\"caption\":\"Sage Schweiz AG unter der F\u00fchrung von Thomas Hersche erhalten mit Infoniqa eine neue Besitzerin. (Bild: PD \\\/ Sage Schweiz AG)\"},{\"@type\":\"BreadcrumbList\",\"@id\":\"https:\\\/\\\/www.organisator.ch\\\/management\\\/it\\\/2021-04-06\\\/infoniqa-uebernimmt-sage-schweiz-ag\\\/#breadcrumb\",\"itemListElement\":[{\"@type\":\"ListItem\",\"position\":1,\"name\":\"Home\",\"item\":\"https:\\\/\\\/www.organisator.ch\\\/\"},{\"@type\":\"ListItem\",\"position\":2,\"name\":\"Infoniqa \u00fcbernimmt Sage Schweiz AG\"}]},{\"@type\":\"WebSite\",\"@id\":\"https:\\\/\\\/www.organisator.ch\\\/#website\",\"url\":\"https:\\\/\\\/www.organisator.ch\\\/\",\"name\":\"Organisator\",\"description\":\"Kompetent. Praxisnah. Der ORGANISATOR bereitet in 10 Ausgaben pro Jahr die wesentlichen Themen f\u00fcr F\u00fchrungskr\u00e4fte von KMU auf.\",\"publisher\":{\"@id\":\"https:\\\/\\\/www.organisator.ch\\\/#organization\"},\"potentialAction\":[{\"@type\":\"SearchAction\",\"target\":{\"@type\":\"EntryPoint\",\"urlTemplate\":\"https:\\\/\\\/www.organisator.ch\\\/?s={search_term_string}\"},\"query-input\":{\"@type\":\"PropertyValueSpecification\",\"valueRequired\":true,\"valueName\":\"search_term_string\"}}],\"inLanguage\":\"fr-FR\"},{\"@type\":\"Organization\",\"@id\":\"https:\\\/\\\/www.organisator.ch\\\/#organization\",\"name\":\"Organisator\",\"url\":\"https:\\\/\\\/www.organisator.ch\\\/\",\"logo\":{\"@type\":\"ImageObject\",\"inLanguage\":\"fr-FR\",\"@id\":\"https:\\\/\\\/www.organisator.ch\\\/#\\\/schema\\\/logo\\\/image\\\/\",\"url\":\"https:\\\/\\\/www.organisator.ch\\\/wp-content\\\/uploads\\\/2022\\\/01\\\/Logo_Organisator_Website.png\",\"contentUrl\":\"https:\\\/\\\/www.organisator.ch\\\/wp-content\\\/uploads\\\/2022\\\/01\\\/Logo_Organisator_Website.png\",\"width\":800,\"height\":77,\"caption\":\"Organisator\"},\"image\":{\"@id\":\"https:\\\/\\\/www.organisator.ch\\\/#\\\/schema\\\/logo\\\/image\\\/\"},\"sameAs\":[\"https:\\\/\\\/www.facebook.com\\\/OrganisatorFachmagazin\",\"https:\\\/\\\/www.linkedin.com\\\/showcase\\\/organisator-das-magazin-fr-kmu\",\"https:\\\/\\\/www.xing.com\\\/news\\\/pages\\\/organisator-ch-695\",\"https:\\\/\\\/www.youtube.com\\\/channel\\\/UCGP2Sq0iWaZwT3BdIAQFYpw\"]},{\"@type\":\"Person\",\"@id\":\"https:\\\/\\\/www.organisator.ch\\\/#\\\/schema\\\/person\\\/6f650f90b2842cd4c0cc334b4e36f67e\",\"name\":\"thomas.berner\",\"image\":{\"@type\":\"ImageObject\",\"inLanguage\":\"fr-FR\",\"@id\":\"https:\\\/\\\/secure.gravatar.com\\\/avatar\\\/ac5001d2a36cb6c6cd3e50789007ffca834b477b74a2144564522e944eabff61?s=96&d=mm&r=g\",\"url\":\"https:\\\/\\\/secure.gravatar.com\\\/avatar\\\/ac5001d2a36cb6c6cd3e50789007ffca834b477b74a2144564522e944eabff61?s=96&d=mm&r=g\",\"contentUrl\":\"https:\\\/\\\/secure.gravatar.com\\\/avatar\\\/ac5001d2a36cb6c6cd3e50789007ffca834b477b74a2144564522e944eabff61?s=96&d=mm&r=g\",\"caption\":\"thomas.berner\"},\"url\":\"https:\\\/\\\/www.organisator.ch\\\/fr\\\/author\\\/thomas-berner\\\/\"}]}<\/script>\n<!-- \/ Yoast SEO plugin. -->","yoast_head_json":{"title":"Infoniqa rach\u00e8te Sage Suisse SA - Organisateur","description":"L'\u00e9diteur de logiciels Infoniqa, bas\u00e9 \u00e0 Wels en Autriche, annonce l'acquisition des activit\u00e9s suisses du groupe Sage.","robots":{"index":"index","follow":"follow","max-snippet":"max-snippet:-1","max-image-preview":"max-image-preview:large","max-video-preview":"max-video-preview:-1"},"canonical":"https:\/\/www.organisator.ch\/fr\/gestion-2\/it\/2021-04-06\/infoniqa-uebernimmt-sage-schweiz-ag\/","og_locale":"fr_FR","og_type":"article","og_title":"Infoniqa \u00fcbernimmt Sage Schweiz AG","og_description":"Der im \u00f6sterreichischen Wels beheimatete Software-Hersteller Infoniqa gibt die \u00dcbernahme des Schweizer Gesch\u00e4fts der Sage Gruppe bekannt.","og_url":"https:\/\/www.organisator.ch\/fr\/gestion-2\/it\/2021-04-06\/infoniqa-uebernimmt-sage-schweiz-ag\/","og_site_name":"Organisator","article_publisher":"https:\/\/www.facebook.com\/OrganisatorFachmagazin","article_published_time":"2021-04-06T11:17:29+00:00","og_image":[{"width":680,"height":453,"url":"https:\/\/www.organisator.ch\/wp-content\/uploads\/2021\/04\/Infoniqa-uebernimmt-Sage-Schweiz-AG_Organisator.jpg","type":"image\/jpeg"}],"author":"thomas.berner","twitter_card":"summary_large_image","twitter_title":"#Infoniqa \u00fcbernimmt #Sage Schweiz AG","twitter_description":"Der im \u00f6sterreichischen Wels beheimatete Software-Hersteller #Infoniqa gibt die \u00dcbernahme des Schweizer Gesch\u00e4fts der #Sage Gruppe bekannt.","twitter_image":"https:\/\/www.organisator.ch\/wp-content\/uploads\/2021\/04\/Infoniqa-uebernimmt-Sage-Schweiz-AG_Organisator.jpg","schema":{"@context":"https:\/\/schema.org","@graph":[{"@type":"Article","@id":"https:\/\/www.organisator.ch\/management\/it\/2021-04-06\/infoniqa-uebernimmt-sage-schweiz-ag\/#article","isPartOf":{"@id":"https:\/\/www.organisator.ch\/management\/it\/2021-04-06\/infoniqa-uebernimmt-sage-schweiz-ag\/"},"author":{"name":"thomas.berner","@id":"https:\/\/www.organisator.ch\/#\/schema\/person\/6f650f90b2842cd4c0cc334b4e36f67e"},"headline":"Infoniqa \u00fcbernimmt Sage Schweiz AG","datePublished":"2021-04-06T11:17:29+00:00","mainEntityOfPage":{"@id":"https:\/\/www.organisator.ch\/management\/it\/2021-04-06\/infoniqa-uebernimmt-sage-schweiz-ag\/"},"wordCount":394,"publisher":{"@id":"https:\/\/www.organisator.ch\/#organization"},"image":{"@id":"https:\/\/www.organisator.ch\/management\/it\/2021-04-06\/infoniqa-uebernimmt-sage-schweiz-ag\/#primaryimage"},"thumbnailUrl":"https:\/\/www.organisator.ch\/wp-content\/uploads\/2021\/04\/Infoniqa-uebernimmt-Sage-Schweiz-AG_Organisator.jpg","keywords":["Akquisition","IT &amp; Business Software","Unternehmen"],"articleSection":["IT"],"inLanguage":"fr-FR"},{"@type":"WebPage","@id":"https:\/\/www.organisator.ch\/management\/it\/2021-04-06\/infoniqa-uebernimmt-sage-schweiz-ag\/","url":"https:\/\/www.organisator.ch\/management\/it\/2021-04-06\/infoniqa-uebernimmt-sage-schweiz-ag\/","name":"Infoniqa rach\u00e8te Sage Suisse SA - Organisateur","isPartOf":{"@id":"https:\/\/www.organisator.ch\/#website"},"primaryImageOfPage":{"@id":"https:\/\/www.organisator.ch\/management\/it\/2021-04-06\/infoniqa-uebernimmt-sage-schweiz-ag\/#primaryimage"},"image":{"@id":"https:\/\/www.organisator.ch\/management\/it\/2021-04-06\/infoniqa-uebernimmt-sage-schweiz-ag\/#primaryimage"},"thumbnailUrl":"https:\/\/www.organisator.ch\/wp-content\/uploads\/2021\/04\/Infoniqa-uebernimmt-Sage-Schweiz-AG_Organisator.jpg","datePublished":"2021-04-06T11:17:29+00:00","description":"L'\u00e9diteur de logiciels Infoniqa, bas\u00e9 \u00e0 Wels en Autriche, annonce l'acquisition des activit\u00e9s suisses du groupe Sage.","breadcrumb":{"@id":"https:\/\/www.organisator.ch\/management\/it\/2021-04-06\/infoniqa-uebernimmt-sage-schweiz-ag\/#breadcrumb"},"inLanguage":"fr-FR","potentialAction":[{"@type":"ReadAction","target":["https:\/\/www.organisator.ch\/management\/it\/2021-04-06\/infoniqa-uebernimmt-sage-schweiz-ag\/"]}]},{"@type":"ImageObject","inLanguage":"fr-FR","@id":"https:\/\/www.organisator.ch\/management\/it\/2021-04-06\/infoniqa-uebernimmt-sage-schweiz-ag\/#primaryimage","url":"https:\/\/www.organisator.ch\/wp-content\/uploads\/2021\/04\/Infoniqa-uebernimmt-Sage-Schweiz-AG_Organisator.jpg","contentUrl":"https:\/\/www.organisator.ch\/wp-content\/uploads\/2021\/04\/Infoniqa-uebernimmt-Sage-Schweiz-AG_Organisator.jpg","width":680,"height":453,"caption":"Sage Schweiz AG unter der F\u00fchrung von Thomas Hersche erhalten mit Infoniqa eine neue Besitzerin. (Bild: PD \/ Sage Schweiz AG)"},{"@type":"BreadcrumbList","@id":"https:\/\/www.organisator.ch\/management\/it\/2021-04-06\/infoniqa-uebernimmt-sage-schweiz-ag\/#breadcrumb","itemListElement":[{"@type":"ListItem","position":1,"name":"Home","item":"https:\/\/www.organisator.ch\/"},{"@type":"ListItem","position":2,"name":"Infoniqa \u00fcbernimmt Sage Schweiz AG"}]},{"@type":"WebSite","@id":"https:\/\/www.organisator.ch\/#website","url":"https:\/\/www.organisator.ch\/","name":"Organisateur","description":"Comp\u00e9tence et comp\u00e9tence. Proches de la pratique. L'ORGANISATEUR pr\u00e9pare 10 num\u00e9ros par an sur les th\u00e8mes essentiels pour les dirigeants de PME.","publisher":{"@id":"https:\/\/www.organisator.ch\/#organization"},"potentialAction":[{"@type":"SearchAction","target":{"@type":"EntryPoint","urlTemplate":"https:\/\/www.organisator.ch\/?s={search_term_string}"},"query-input":{"@type":"PropertyValueSpecification","valueRequired":true,"valueName":"search_term_string"}}],"inLanguage":"fr-FR"},{"@type":"Organization","@id":"https:\/\/www.organisator.ch\/#organization","name":"Organisateur","url":"https:\/\/www.organisator.ch\/","logo":{"@type":"ImageObject","inLanguage":"fr-FR","@id":"https:\/\/www.organisator.ch\/#\/schema\/logo\/image\/","url":"https:\/\/www.organisator.ch\/wp-content\/uploads\/2022\/01\/Logo_Organisator_Website.png","contentUrl":"https:\/\/www.organisator.ch\/wp-content\/uploads\/2022\/01\/Logo_Organisator_Website.png","width":800,"height":77,"caption":"Organisator"},"image":{"@id":"https:\/\/www.organisator.ch\/#\/schema\/logo\/image\/"},"sameAs":["https:\/\/www.facebook.com\/OrganisatorFachmagazin","https:\/\/www.linkedin.com\/showcase\/organisator-das-magazin-fr-kmu","https:\/\/www.xing.com\/news\/pages\/organisator-ch-695","https:\/\/www.youtube.com\/channel\/UCGP2Sq0iWaZwT3BdIAQFYpw"]},{"@type":"Person","@id":"https:\/\/www.organisator.ch\/#\/schema\/person\/6f650f90b2842cd4c0cc334b4e36f67e","name":"thomas.berner","image":{"@type":"ImageObject","inLanguage":"fr-FR","@id":"https:\/\/secure.gravatar.com\/avatar\/ac5001d2a36cb6c6cd3e50789007ffca834b477b74a2144564522e944eabff61?s=96&d=mm&r=g","url":"https:\/\/secure.gravatar.com\/avatar\/ac5001d2a36cb6c6cd3e50789007ffca834b477b74a2144564522e944eabff61?s=96&d=mm&r=g","contentUrl":"https:\/\/secure.gravatar.com\/avatar\/ac5001d2a36cb6c6cd3e50789007ffca834b477b74a2144564522e944eabff61?s=96&d=mm&r=g","caption":"thomas.berner"},"url":"https:\/\/www.organisator.ch\/fr\/author\/thomas-berner\/"}]}},"_links":{"self":[{"href":"https:\/\/www.organisator.ch\/fr\/wp-json\/wp\/v2\/posts\/7885","targetHints":{"allow":["GET"]}}],"collection":[{"href":"https:\/\/www.organisator.ch\/fr\/wp-json\/wp\/v2\/posts"}],"about":[{"href":"https:\/\/www.organisator.ch\/fr\/wp-json\/wp\/v2\/types\/post"}],"author":[{"embeddable":true,"href":"https:\/\/www.organisator.ch\/fr\/wp-json\/wp\/v2\/users\/4"}],"replies":[{"embeddable":true,"href":"https:\/\/www.organisator.ch\/fr\/wp-json\/wp\/v2\/comments?post=7885"}],"version-history":[{"count":0,"href":"https:\/\/www.organisator.ch\/fr\/wp-json\/wp\/v2\/posts\/7885\/revisions"}],"wp:featuredmedia":[{"embeddable":true,"href":"https:\/\/www.organisator.ch\/fr\/wp-json\/wp\/v2\/media\/7887"}],"wp:attachment":[{"href":"https:\/\/www.organisator.ch\/fr\/wp-json\/wp\/v2\/media?parent=7885"}],"wp:term":[{"taxonomy":"category","embeddable":true,"href":"https:\/\/www.organisator.ch\/fr\/wp-json\/wp\/v2\/categories?post=7885"},{"taxonomy":"post_tag","embeddable":true,"href":"https:\/\/www.organisator.ch\/fr\/wp-json\/wp\/v2\/tags?post=7885"}],"curies":[{"name":"wp","href":"https:\/\/api.w.org\/{rel}","templated":true}]}}